{"id":52763,"date":"2025-04-15T18:10:12","date_gmt":"2025-04-15T16:10:12","guid":{"rendered":"https:\/\/www.laguiadepamplona.com\/actualidad\/?p=52763"},"modified":"2025-04-15T18:10:12","modified_gmt":"2025-04-15T16:10:12","slug":"vuelve-una-nueva-edicion-de-kantu-eta-hitza-con-seis-conciertos-gratuitos-en-la-plaza-virgen-de-la-o-que-se-celebraran-entre-el-15-de-mayo-y-el-19-de-junio","status":"publish","type":"post","link":"https:\/\/www.laguiadepamplona.com\/actualidad\/vuelve-una-nueva-edicion-de-kantu-eta-hitza-con-seis-conciertos-gratuitos-en-la-plaza-virgen-de-la-o-que-se-celebraran-entre-el-15-de-mayo-y-el-19-de-junio\/","title":{"rendered":"Vuelve una nueva edici\u00f3n de \u2018Kantu eta hitza\u2019, con seis conciertos gratuitos en la plaza Virgen de la O, que se celebrar\u00e1n entre el 15 de mayo y el 19 de junio"},"content":{"rendered":"<h2>Jon Maia ser\u00e1 el encargado de inaugurar el ciclo, el pr\u00f3ximo 24 de abril, con un concierto en Baluarte<\/h2>\n<p><!--more--><\/p>\n<p>El Ayuntamiento de Pamplona ha organizado una nueva edici\u00f3n del ciclo de conciertos de peque\u00f1o formato en euskera \u2018Kantu eta hitza\u2019. Como en a\u00f1os anteriores, se llevar\u00e1n a cabo seis conciertos, todos ellos en la plaza Virgen de la O, de forma gratuita, que se desarrollar\u00e1n entre el 15 de mayo y el 19 de junio. No obstante, en esta ocasi\u00f3n, el artista Jon Maia realizar\u00e1 un concierto especial de apertura, el pr\u00f3ximo 24 de abril, en Baluarte.<\/p>\n<p>La concejala delegada de Cultura, Fiestas, Educaci\u00f3n y Deporte, Maider Beloki Unzu, ha dado esta ma\u00f1ana los detalles de esta propuesta musical del Ayuntamiento de Pamplona, en la que participar\u00e1n artistas como Anari, Frikun, Ziztada eta Rlantz, Hiuzz, Mirua y Xendra, adem\u00e1s del propio Jon Maia. En la presentaci\u00f3n ha estado acompa\u00f1ada por Niko Perret y Xabi Leon, cantante y teclado de Frikun, respectivamente.<\/p>\n<p>Salvo el concierto de apertura de Jon Maia, que se celebrar\u00e1 en Baluarte y cuya entrada tiene un coste de 15 euros, el resto tendr\u00e1n la plaza Virgen de la O como escenario. Solo en caso de la que climatolog\u00eda no lo permita, los conciertos se trasladar\u00e1n al Patio de los Gigantes, en la calle Descalzos, 72. En ese caso, el aforo ser\u00eda limitado, pero las entradas ser\u00e1n gratuitas y podr\u00e1n recogerse una hora antes del comienzo de los conciertos, a raz\u00f3n de dos entradas por persona.<\/p>\n<p>El primer concierto del ciclo se celebrar\u00e1 el 15 de mayo y correr\u00e1 a cargo de Ziztada &amp; Rlantz. El evento coincide con la primera jornada de la iniciativa Euskaraldia. Por ello, se ha considerado oportuno coordinar ambas programaciones, integrando la propuesta de Taupa Mugimendua para dar la bienvenida al Euskaraldia con el presente ciclo de conciertos. Esta coordinaci\u00f3n permite una programaci\u00f3n continuada a lo largo de la tarde, reforzando la actividad cultural en euskera. Adem\u00e1s, esta decisi\u00f3n responde al compromiso del \u00c1rea de Cultura, Fiestas, Educaci\u00f3n y Deporte con la promoci\u00f3n de la actividad cultural en lengua vasca, en sinton\u00eda con el objetivo de Euskaraldia de fomentar su uso.<\/p>\n<p>La propuesta musical de Ziztada &amp; Rlantz pasa por el reggae dub. Creado en el a\u00f1o 2017, el grupo est\u00e1 formado por Ziztada (Bilbao) voz, Rlantz (Amurrio) productor de bases y dub maker, y Komad\u00fc (Sarria), saxofonista y melodista. Entre todos, crean musica propia y se basan en letras alternativas y reivindicativas, que han dado forma a tres discos: Egun Hotzak (2018), Azken Argiak (2020), y el \u00faltimo, KSMS (2021). Este a\u00f1o 2025 han publicado el \u00e1lbum Ipar Haizea.<\/p>\n<p>El 22 de mayo coger\u00e1 el relevo Anari, una de las voces m\u00e1s personales del panorama musical vasco, desde que en 1997 public\u00f3 el primer disco que lleva su nombre. Actualmente, junto a su potente banda, trabaja en la gira de presentaci\u00f3n de su \u00faltimo disco, Giza zarata (Tristuraren industria, 2024). Producido en colaboraci\u00f3n con Joaqu\u00edn Pascual y grabado en el estudio de Paco Loco, ha sido uno de los mejores discos de este a\u00f1o seg\u00fan la revista Rock de Lux, entre otros.<\/p>\n<p>Por su parte, Frikun cerrar\u00e1 el mes de mayo con una actuaci\u00f3n el d\u00eda 29. El grupo lo componen cuatro m\u00fasicos vascos y un grupo afro-rock inspirado en gran medida en la m\u00fasica el\u00e9ctrica del Oeste de \u00c1frica, pero que han creado una identidad musical propia. Su \u00faltimo disco autoproducido, Ezerezko Herria, publicado en 2022, incluye composiciones originales que fusionan melodias fascinantes y ondas r\u00edtmicas, as\u00ed como letras en euskera que van de la cr\u00edtica social a la reflexi\u00f3n global y a la introspecci\u00f3n.<\/p>\n<p><strong>Hiuzz, Mirua y Xendra, en el mes de junio<\/strong><\/p>\n<p>En el ecuador del ciclo musical, junio acoger\u00e1 tres conciertos m\u00e1s. Se trata de la propuesta musical de Hiuzz, que actuar\u00e1 el 5 de junio. Este tr\u00edo, fundado en 2021, apuesta por crear canciones alrededor del pop\/rock, con melod\u00edas luminosas y sonidos sucios. Recientemente, han publicado su primer trabajo extenso, Esperoan.<\/p>\n<p>El 12 de junio ser\u00e1 el turno de Mirua, una joven banda guipuzcoana formada en 2019. Su victoria en 2021 del Premio Harrobia, en el concurso de maquetas de la emisora vasca Gaztea, marc\u00f3 el comienzo de su creciente trayectoria. En 2022, lanz\u00f3 su EP, que fusion\u00f3 pop cl\u00e1sico, electr\u00f3nica e indie experimental, con sencillos como Egunak uzten ez didanetan, Txin Txin y Eskurik Gabe. En 2023, continuaron explorando la electr\u00f3nica con Goizean Oskorri y su colaboraci\u00f3n con Malakias en Goiz Hiltzen Dira Ametsak. En 2024, present\u00f3 Mugaz Gaindi, el primer adelanto de su pr\u00f3ximo \u00e1lbum, marcando una nueva etapa creativa para el tr\u00edo, fusionando sonidos tradicionales con electr\u00f3nica experimental y siendo un manifiesto de su evoluci\u00f3n art\u00edstica. A comienzos de 2025 publicaron Salda Badago, segundo adelanto de su esperado primer LP.<\/p>\n<p>El cierre del ciclo correr\u00e1 a cargo de Xendra, un grupo de Huarte, formado por seis j\u00f3venes que se dedican a componer m\u00fasica y a tocar juntos en el d\u00eda a d\u00eda. El grupo, formado por Leire Diges Izco (voz y guitarra), Iratxo Gorostiza Etxeberria (guitarra y voz), Leire Gorostiza Etxeberria (viol\u00edn), Iker Andueza Gil (bajo), Laida Beltzunegi Landa (teclado) e Ion Galbete Labiano (bater\u00eda y coros), propone canciones en euskera que abordan temas universales. En julio de 2024 grabaron su primer disco llamado \u00abBihia\u00bb, en el estudio SIMA, con la ayuda de Ibai Osinaga.<\/p>\n<p><strong>Concierto de apertura de Jon Maia<\/strong><\/p>\n<p>El concierto de Jon Maia el pr\u00f3ximo 24 de abril ser\u00e1 el proleg\u00f3meno del ciclo \u2018Kantu eta hitza\u2019. Bajo el t\u00edtulo \u2018Kantu bat gara\u2019, Maia retoma en este concierto su antolog\u00eda de canciones de sus \u00faltimos 30 a\u00f1os, si bien predominan las nuevas canciones y algunas versiones. Para ello ha contado con la ayuda de colaboradores de alto nivel como Itziar Itu\u00f1o, Olaia Intziarte, Maddalen Arzallus y Luis Pastor. Pero si hay que destacar una, es la participaci\u00f3n del cantautor cubano Silvio Rodr\u00edguez, cantando en euskera la canci\u00f3n Nostalgia.<\/p>\n<p>Jon Maia se centra en este trabajo en la identidad y la transmisi\u00f3n, punto de partida de sus \u00faltimos a\u00f1os, abordando estos temas a trav\u00e9s de la belleza y las emociones. Las actuaciones del bertsolari zumaiarra van m\u00e1s all\u00e1 de la estructura habitual de un concierto con proyecciones, colaboraciones especiales, improvisaci\u00f3n y muchas sorpresas. Maia vuelve con sus m\u00fasicos habituales, todos ellos muy conocidos: Gorka Hermosa (acorde\u00f3n), Pello Ramirez (chelo), Nacho Soto (piano y sintetizador) y Nerea Quincoces (percusi\u00f3n y voz).<\/p>\n<p>&nbsp;<\/p>\n<h2>Kantu eta Hitza 2025<\/h2>\n<ul>\n<li><strong>Concierto de apertura del ciclo. Baluarte. A las 19.30 horas.<\/strong>\n<ul>\n<li>24 de abril, a las 19.30 horas: Jon Maia \u2018Kantu berri bat gara\u2019<\/li>\n<li>Entrada: 15 euros. 15 euros. Las entradas se retirar\u00e1n en taquilla o a trav\u00e9s de la p\u00e1gina web de Baluarte (<a href=\"http:\/\/www.baluarte.com\" target=\"_blank\" rel=\"noopener\">baluarte.com<\/a>).<\/li>\n<\/ul>\n<\/li>\n<li><strong>Conciertos en la Plaza de la O. A las 20 horas <\/strong>(en caso de lluvia, el concierto se traslada al Patio de los Gigantes de la calle Descalzos, 72)\n<ul>\n<li>15 de mayo: Ziztada eta Rlantz<\/li>\n<li>22 de mayo: Anari<\/li>\n<li>29 de mayo: Frikun<\/li>\n<li>5 de junio: Hiuzz<\/li>\n<li>12 de junio: Mirua<\/li>\n<li>19 de junio: Xendra<\/li>\n<li>Las entradas ser\u00e1n gratuitas y se recoger\u00e1n en el mismo lugar, una hora antes del comienzo de los conciertos. Cada persona podr\u00e1 retirar hasta dos entradas.<\/li>\n<\/ul>\n<\/li>\n<\/ul>\n","protected":false},"excerpt":{"rendered":"<p>Jon Maia ser\u00e1 el encargado de inaugurar el ciclo, el pr\u00f3ximo 24 de abril, con un concierto en Baluarte<\/p>\n","protected":false},"author":1,"featured_media":52764,"comment_status":"open","ping_status":"closed","sticky":false,"template":"","format":"standard","meta":{"footnotes":""},"categories":[2],"tags":[],"class_list":["post-52763","post","type-post","status-publish","format-standard","has-post-thumbnail","hentry","category-ayuntamiento-pamplona"],"yoast_head":"<!-- This site is optimized with the Yoast SEO plugin v27.3 - https:\/\/yoast.com\/product\/yoast-seo-wordpress\/ -->\n<title>Vuelve una nueva edici\u00f3n de \u2018Kantu eta hitza\u2019, con seis conciertos gratuitos en la plaza Virgen de la O, que se celebrar\u00e1n entre el 15 de mayo y el 19 de junio<\/title>\n<meta name=\"description\" content=\"Jon Maia ser\u00e1 el encargado de inaugurar el ciclo, el pr\u00f3ximo 24 de abril, con un concierto en Baluarte\" \/>\n<meta name=\"robots\" content=\"index, follow, max-snippet:-1, max-image-preview:large, max-video-preview:-1\" \/>\n<link rel=\"canonical\" href=\"https:\/\/www.laguiadepamplona.com\/actualidad\/vuelve-una-nueva-edicion-de-kantu-eta-hitza-con-seis-conciertos-gratuitos-en-la-plaza-virgen-de-la-o-que-se-celebraran-entre-el-15-de-mayo-y-el-19-de-junio\/\" \/>\n<meta property=\"og:locale\" content=\"es_ES\" \/>\n<meta property=\"og:type\" content=\"article\" \/>\n<meta property=\"og:title\" content=\"Vuelve una nueva edici\u00f3n de \u2018Kantu eta hitza\u2019, con seis conciertos gratuitos en la plaza Virgen de la O, que se celebrar\u00e1n entre el 15 de mayo y el 19 de junio\" \/>\n<meta property=\"og:description\" content=\"Jon Maia ser\u00e1 el encargado de inaugurar el ciclo, el pr\u00f3ximo 24 de abril, con un concierto en Baluarte\" \/>\n<meta property=\"og:url\" content=\"https:\/\/www.laguiadepamplona.com\/actualidad\/vuelve-una-nueva-edicion-de-kantu-eta-hitza-con-seis-conciertos-gratuitos-en-la-plaza-virgen-de-la-o-que-se-celebraran-entre-el-15-de-mayo-y-el-19-de-junio\/\" \/>\n<meta property=\"og:site_name\" content=\"La Gu\u00eda de Pamplona\" \/>\n<meta property=\"article:publisher\" content=\"https:\/\/www.facebook.com\/laguiadepamplonacom-133175176762273\/?ref=hl\" \/>\n<meta property=\"article:published_time\" content=\"2025-04-15T16:10:12+00:00\" \/>\n<meta property=\"og:image\" content=\"https:\/\/www.laguiadepamplona.com\/actualidad\/wp-content\/uploads\/2025\/04\/kantuetahitzaweb3.webp\" \/>\n\t<meta property=\"og:image:width\" content=\"1000\" \/>\n\t<meta property=\"og:image:height\" content=\"667\" \/>\n\t<meta property=\"og:image:type\" content=\"image\/webp\" \/>\n<meta name=\"author\" content=\"La Gu\u00eda de Pamplona\" \/>\n<meta name=\"twitter:card\" content=\"summary_large_image\" \/>\n<meta name=\"twitter:creator\" content=\"@LaGuiadPamplona\" \/>\n<meta name=\"twitter:site\" content=\"@LaGuiadPamplona\" \/>\n<meta name=\"twitter:label1\" content=\"Escrito por\" \/>\n\t<meta name=\"twitter:data1\" content=\"La Gu\u00eda de Pamplona\" \/>\n\t<meta name=\"twitter:label2\" content=\"Tiempo de lectura\" \/>\n\t<meta name=\"twitter:data2\" content=\"6 minutos\" \/>\n<script type=\"application\/ld+json\" class=\"yoast-schema-graph\">{\"@context\":\"https:\\\/\\\/schema.org\",\"@graph\":[{\"@type\":\"Article\",\"@id\":\"https:\\\/\\\/www.laguiadepamplona.com\\\/actualidad\\\/vuelve-una-nueva-edicion-de-kantu-eta-hitza-con-seis-conciertos-gratuitos-en-la-plaza-virgen-de-la-o-que-se-celebraran-entre-el-15-de-mayo-y-el-19-de-junio\\\/#article\",\"isPartOf\":{\"@id\":\"https:\\\/\\\/www.laguiadepamplona.com\\\/actualidad\\\/vuelve-una-nueva-edicion-de-kantu-eta-hitza-con-seis-conciertos-gratuitos-en-la-plaza-virgen-de-la-o-que-se-celebraran-entre-el-15-de-mayo-y-el-19-de-junio\\\/\"},\"author\":{\"name\":\"La Gu\u00eda de Pamplona\",\"@id\":\"https:\\\/\\\/www.laguiadepamplona.com\\\/actualidad\\\/#\\\/schema\\\/person\\\/efe887376f0213d4657c93adc50b1fdb\"},\"headline\":\"Vuelve una nueva edici\u00f3n de \u2018Kantu eta hitza\u2019, con seis conciertos gratuitos en la plaza Virgen de la O, que se celebrar\u00e1n entre el 15 de mayo y el 19 de junio\",\"datePublished\":\"2025-04-15T16:10:12+00:00\",\"mainEntityOfPage\":{\"@id\":\"https:\\\/\\\/www.laguiadepamplona.com\\\/actualidad\\\/vuelve-una-nueva-edicion-de-kantu-eta-hitza-con-seis-conciertos-gratuitos-en-la-plaza-virgen-de-la-o-que-se-celebraran-entre-el-15-de-mayo-y-el-19-de-junio\\\/\"},\"wordCount\":1273,\"commentCount\":0,\"publisher\":{\"@id\":\"https:\\\/\\\/www.laguiadepamplona.com\\\/actualidad\\\/#organization\"},\"image\":{\"@id\":\"https:\\\/\\\/www.laguiadepamplona.com\\\/actualidad\\\/vuelve-una-nueva-edicion-de-kantu-eta-hitza-con-seis-conciertos-gratuitos-en-la-plaza-virgen-de-la-o-que-se-celebraran-entre-el-15-de-mayo-y-el-19-de-junio\\\/#primaryimage\"},\"thumbnailUrl\":\"https:\\\/\\\/www.laguiadepamplona.com\\\/actualidad\\\/wp-content\\\/uploads\\\/2025\\\/04\\\/kantuetahitzaweb3.webp\",\"articleSection\":[\"Ayto Pamplona\"],\"inLanguage\":\"es\",\"potentialAction\":[{\"@type\":\"CommentAction\",\"name\":\"Comment\",\"target\":[\"https:\\\/\\\/www.laguiadepamplona.com\\\/actualidad\\\/vuelve-una-nueva-edicion-de-kantu-eta-hitza-con-seis-conciertos-gratuitos-en-la-plaza-virgen-de-la-o-que-se-celebraran-entre-el-15-de-mayo-y-el-19-de-junio\\\/#respond\"]}]},{\"@type\":\"WebPage\",\"@id\":\"https:\\\/\\\/www.laguiadepamplona.com\\\/actualidad\\\/vuelve-una-nueva-edicion-de-kantu-eta-hitza-con-seis-conciertos-gratuitos-en-la-plaza-virgen-de-la-o-que-se-celebraran-entre-el-15-de-mayo-y-el-19-de-junio\\\/\",\"url\":\"https:\\\/\\\/www.laguiadepamplona.com\\\/actualidad\\\/vuelve-una-nueva-edicion-de-kantu-eta-hitza-con-seis-conciertos-gratuitos-en-la-plaza-virgen-de-la-o-que-se-celebraran-entre-el-15-de-mayo-y-el-19-de-junio\\\/\",\"name\":\"Vuelve una nueva edici\u00f3n de \u2018Kantu eta hitza\u2019, con seis conciertos gratuitos en la plaza Virgen de la O, que se celebrar\u00e1n entre el 15 de mayo y el 19 de junio\",\"isPartOf\":{\"@id\":\"https:\\\/\\\/www.laguiadepamplona.com\\\/actualidad\\\/#website\"},\"primaryImageOfPage\":{\"@id\":\"https:\\\/\\\/www.laguiadepamplona.com\\\/actualidad\\\/vuelve-una-nueva-edicion-de-kantu-eta-hitza-con-seis-conciertos-gratuitos-en-la-plaza-virgen-de-la-o-que-se-celebraran-entre-el-15-de-mayo-y-el-19-de-junio\\\/#primaryimage\"},\"image\":{\"@id\":\"https:\\\/\\\/www.laguiadepamplona.com\\\/actualidad\\\/vuelve-una-nueva-edicion-de-kantu-eta-hitza-con-seis-conciertos-gratuitos-en-la-plaza-virgen-de-la-o-que-se-celebraran-entre-el-15-de-mayo-y-el-19-de-junio\\\/#primaryimage\"},\"thumbnailUrl\":\"https:\\\/\\\/www.laguiadepamplona.com\\\/actualidad\\\/wp-content\\\/uploads\\\/2025\\\/04\\\/kantuetahitzaweb3.webp\",\"datePublished\":\"2025-04-15T16:10:12+00:00\",\"description\":\"Jon Maia ser\u00e1 el encargado de inaugurar el ciclo, el pr\u00f3ximo 24 de abril, con un concierto en Baluarte\",\"breadcrumb\":{\"@id\":\"https:\\\/\\\/www.laguiadepamplona.com\\\/actualidad\\\/vuelve-una-nueva-edicion-de-kantu-eta-hitza-con-seis-conciertos-gratuitos-en-la-plaza-virgen-de-la-o-que-se-celebraran-entre-el-15-de-mayo-y-el-19-de-junio\\\/#breadcrumb\"},\"inLanguage\":\"es\",\"potentialAction\":[{\"@type\":\"ReadAction\",\"target\":[\"https:\\\/\\\/www.laguiadepamplona.com\\\/actualidad\\\/vuelve-una-nueva-edicion-de-kantu-eta-hitza-con-seis-conciertos-gratuitos-en-la-plaza-virgen-de-la-o-que-se-celebraran-entre-el-15-de-mayo-y-el-19-de-junio\\\/\"]}]},{\"@type\":\"ImageObject\",\"inLanguage\":\"es\",\"@id\":\"https:\\\/\\\/www.laguiadepamplona.com\\\/actualidad\\\/vuelve-una-nueva-edicion-de-kantu-eta-hitza-con-seis-conciertos-gratuitos-en-la-plaza-virgen-de-la-o-que-se-celebraran-entre-el-15-de-mayo-y-el-19-de-junio\\\/#primaryimage\",\"url\":\"https:\\\/\\\/www.laguiadepamplona.com\\\/actualidad\\\/wp-content\\\/uploads\\\/2025\\\/04\\\/kantuetahitzaweb3.webp\",\"contentUrl\":\"https:\\\/\\\/www.laguiadepamplona.com\\\/actualidad\\\/wp-content\\\/uploads\\\/2025\\\/04\\\/kantuetahitzaweb3.webp\",\"width\":1000,\"height\":667,\"caption\":\"kantu eta hitza\"},{\"@type\":\"BreadcrumbList\",\"@id\":\"https:\\\/\\\/www.laguiadepamplona.com\\\/actualidad\\\/vuelve-una-nueva-edicion-de-kantu-eta-hitza-con-seis-conciertos-gratuitos-en-la-plaza-virgen-de-la-o-que-se-celebraran-entre-el-15-de-mayo-y-el-19-de-junio\\\/#breadcrumb\",\"itemListElement\":[{\"@type\":\"ListItem\",\"position\":1,\"name\":\"Portada\",\"item\":\"https:\\\/\\\/www.laguiadepamplona.com\\\/actualidad\\\/\"},{\"@type\":\"ListItem\",\"position\":2,\"name\":\"Vuelve una nueva edici\u00f3n de \u2018Kantu eta hitza\u2019, con seis conciertos gratuitos en la plaza Virgen de la O, que se celebrar\u00e1n entre el 15 de mayo y el 19 de junio\"}]},{\"@type\":\"WebSite\",\"@id\":\"https:\\\/\\\/www.laguiadepamplona.com\\\/actualidad\\\/#website\",\"url\":\"https:\\\/\\\/www.laguiadepamplona.com\\\/actualidad\\\/\",\"name\":\"La gu\u00eda de Pamplona\",\"description\":\"Noticias de Pamplona\",\"publisher\":{\"@id\":\"https:\\\/\\\/www.laguiadepamplona.com\\\/actualidad\\\/#organization\"},\"potentialAction\":[{\"@type\":\"SearchAction\",\"target\":{\"@type\":\"EntryPoint\",\"urlTemplate\":\"https:\\\/\\\/www.laguiadepamplona.com\\\/actualidad\\\/?s={search_term_string}\"},\"query-input\":{\"@type\":\"PropertyValueSpecification\",\"valueRequired\":true,\"valueName\":\"search_term_string\"}}],\"inLanguage\":\"es\"},{\"@type\":\"Organization\",\"@id\":\"https:\\\/\\\/www.laguiadepamplona.com\\\/actualidad\\\/#organization\",\"name\":\"La Gu\u00eda de Pamplona \\\/ Noticias\",\"url\":\"https:\\\/\\\/www.laguiadepamplona.com\\\/actualidad\\\/\",\"logo\":{\"@type\":\"ImageObject\",\"inLanguage\":\"es\",\"@id\":\"https:\\\/\\\/www.laguiadepamplona.com\\\/actualidad\\\/#\\\/schema\\\/logo\\\/image\\\/\",\"url\":\"https:\\\/\\\/www.laguiadepamplona.com\\\/actualidad\\\/wp-content\\\/uploads\\\/2018\\\/11\\\/logo-laguiadepamplona18-web1.png\",\"contentUrl\":\"https:\\\/\\\/www.laguiadepamplona.com\\\/actualidad\\\/wp-content\\\/uploads\\\/2018\\\/11\\\/logo-laguiadepamplona18-web1.png\",\"width\":600,\"height\":196,\"caption\":\"La Gu\u00eda de Pamplona \\\/ Noticias\"},\"image\":{\"@id\":\"https:\\\/\\\/www.laguiadepamplona.com\\\/actualidad\\\/#\\\/schema\\\/logo\\\/image\\\/\"},\"sameAs\":[\"https:\\\/\\\/www.facebook.com\\\/laguiadepamplonacom-133175176762273\\\/?ref=hl\",\"https:\\\/\\\/x.com\\\/LaGuiadPamplona\",\"https:\\\/\\\/www.instagram.com\\\/la_guia_de_pamplona\\\/\",\"https:\\\/\\\/www.youtube.com\\\/user\\\/laguiadepamplona\"]},{\"@type\":\"Person\",\"@id\":\"https:\\\/\\\/www.laguiadepamplona.com\\\/actualidad\\\/#\\\/schema\\\/person\\\/efe887376f0213d4657c93adc50b1fdb\",\"name\":\"La Gu\u00eda de Pamplona\",\"image\":{\"@type\":\"ImageObject\",\"inLanguage\":\"es\",\"@id\":\"https:\\\/\\\/secure.gravatar.com\\\/avatar\\\/b6992f131dc8d30ab0dff15446e9d346d9dbd95992de0fef795073f5ea83a81c?s=96&d=mm&r=g\",\"url\":\"https:\\\/\\\/secure.gravatar.com\\\/avatar\\\/b6992f131dc8d30ab0dff15446e9d346d9dbd95992de0fef795073f5ea83a81c?s=96&d=mm&r=g\",\"contentUrl\":\"https:\\\/\\\/secure.gravatar.com\\\/avatar\\\/b6992f131dc8d30ab0dff15446e9d346d9dbd95992de0fef795073f5ea83a81c?s=96&d=mm&r=g\",\"caption\":\"La Gu\u00eda de Pamplona\"}}]}<\/script>\n<!-- \/ Yoast SEO plugin. -->","yoast_head_json":{"title":"Vuelve una nueva edici\u00f3n de \u2018Kantu eta hitza\u2019, con seis conciertos gratuitos en la plaza Virgen de la O, que se celebrar\u00e1n entre el 15 de mayo y el 19 de junio","description":"Jon Maia ser\u00e1 el encargado de inaugurar el ciclo, el pr\u00f3ximo 24 de abril, con un concierto en Baluarte","robots":{"index":"index","follow":"follow","max-snippet":"max-snippet:-1","max-image-preview":"max-image-preview:large","max-video-preview":"max-video-preview:-1"},"canonical":"https:\/\/www.laguiadepamplona.com\/actualidad\/vuelve-una-nueva-edicion-de-kantu-eta-hitza-con-seis-conciertos-gratuitos-en-la-plaza-virgen-de-la-o-que-se-celebraran-entre-el-15-de-mayo-y-el-19-de-junio\/","og_locale":"es_ES","og_type":"article","og_title":"Vuelve una nueva edici\u00f3n de \u2018Kantu eta hitza\u2019, con seis conciertos gratuitos en la plaza Virgen de la O, que se celebrar\u00e1n entre el 15 de mayo y el 19 de junio","og_description":"Jon Maia ser\u00e1 el encargado de inaugurar el ciclo, el pr\u00f3ximo 24 de abril, con un concierto en Baluarte","og_url":"https:\/\/www.laguiadepamplona.com\/actualidad\/vuelve-una-nueva-edicion-de-kantu-eta-hitza-con-seis-conciertos-gratuitos-en-la-plaza-virgen-de-la-o-que-se-celebraran-entre-el-15-de-mayo-y-el-19-de-junio\/","og_site_name":"La Gu\u00eda de Pamplona","article_publisher":"https:\/\/www.facebook.com\/laguiadepamplonacom-133175176762273\/?ref=hl","article_published_time":"2025-04-15T16:10:12+00:00","og_image":[{"width":1000,"height":667,"url":"https:\/\/www.laguiadepamplona.com\/actualidad\/wp-content\/uploads\/2025\/04\/kantuetahitzaweb3.webp","type":"image\/webp"}],"author":"La Gu\u00eda de Pamplona","twitter_card":"summary_large_image","twitter_creator":"@LaGuiadPamplona","twitter_site":"@LaGuiadPamplona","twitter_misc":{"Escrito por":"La Gu\u00eda de Pamplona","Tiempo de lectura":"6 minutos"},"schema":{"@context":"https:\/\/schema.org","@graph":[{"@type":"Article","@id":"https:\/\/www.laguiadepamplona.com\/actualidad\/vuelve-una-nueva-edicion-de-kantu-eta-hitza-con-seis-conciertos-gratuitos-en-la-plaza-virgen-de-la-o-que-se-celebraran-entre-el-15-de-mayo-y-el-19-de-junio\/#article","isPartOf":{"@id":"https:\/\/www.laguiadepamplona.com\/actualidad\/vuelve-una-nueva-edicion-de-kantu-eta-hitza-con-seis-conciertos-gratuitos-en-la-plaza-virgen-de-la-o-que-se-celebraran-entre-el-15-de-mayo-y-el-19-de-junio\/"},"author":{"name":"La Gu\u00eda de Pamplona","@id":"https:\/\/www.laguiadepamplona.com\/actualidad\/#\/schema\/person\/efe887376f0213d4657c93adc50b1fdb"},"headline":"Vuelve una nueva edici\u00f3n de \u2018Kantu eta hitza\u2019, con seis conciertos gratuitos en la plaza Virgen de la O, que se celebrar\u00e1n entre el 15 de mayo y el 19 de junio","datePublished":"2025-04-15T16:10:12+00:00","mainEntityOfPage":{"@id":"https:\/\/www.laguiadepamplona.com\/actualidad\/vuelve-una-nueva-edicion-de-kantu-eta-hitza-con-seis-conciertos-gratuitos-en-la-plaza-virgen-de-la-o-que-se-celebraran-entre-el-15-de-mayo-y-el-19-de-junio\/"},"wordCount":1273,"commentCount":0,"publisher":{"@id":"https:\/\/www.laguiadepamplona.com\/actualidad\/#organization"},"image":{"@id":"https:\/\/www.laguiadepamplona.com\/actualidad\/vuelve-una-nueva-edicion-de-kantu-eta-hitza-con-seis-conciertos-gratuitos-en-la-plaza-virgen-de-la-o-que-se-celebraran-entre-el-15-de-mayo-y-el-19-de-junio\/#primaryimage"},"thumbnailUrl":"https:\/\/www.laguiadepamplona.com\/actualidad\/wp-content\/uploads\/2025\/04\/kantuetahitzaweb3.webp","articleSection":["Ayto Pamplona"],"inLanguage":"es","potentialAction":[{"@type":"CommentAction","name":"Comment","target":["https:\/\/www.laguiadepamplona.com\/actualidad\/vuelve-una-nueva-edicion-de-kantu-eta-hitza-con-seis-conciertos-gratuitos-en-la-plaza-virgen-de-la-o-que-se-celebraran-entre-el-15-de-mayo-y-el-19-de-junio\/#respond"]}]},{"@type":"WebPage","@id":"https:\/\/www.laguiadepamplona.com\/actualidad\/vuelve-una-nueva-edicion-de-kantu-eta-hitza-con-seis-conciertos-gratuitos-en-la-plaza-virgen-de-la-o-que-se-celebraran-entre-el-15-de-mayo-y-el-19-de-junio\/","url":"https:\/\/www.laguiadepamplona.com\/actualidad\/vuelve-una-nueva-edicion-de-kantu-eta-hitza-con-seis-conciertos-gratuitos-en-la-plaza-virgen-de-la-o-que-se-celebraran-entre-el-15-de-mayo-y-el-19-de-junio\/","name":"Vuelve una nueva edici\u00f3n de \u2018Kantu eta hitza\u2019, con seis conciertos gratuitos en la plaza Virgen de la O, que se celebrar\u00e1n entre el 15 de mayo y el 19 de junio","isPartOf":{"@id":"https:\/\/www.laguiadepamplona.com\/actualidad\/#website"},"primaryImageOfPage":{"@id":"https:\/\/www.laguiadepamplona.com\/actualidad\/vuelve-una-nueva-edicion-de-kantu-eta-hitza-con-seis-conciertos-gratuitos-en-la-plaza-virgen-de-la-o-que-se-celebraran-entre-el-15-de-mayo-y-el-19-de-junio\/#primaryimage"},"image":{"@id":"https:\/\/www.laguiadepamplona.com\/actualidad\/vuelve-una-nueva-edicion-de-kantu-eta-hitza-con-seis-conciertos-gratuitos-en-la-plaza-virgen-de-la-o-que-se-celebraran-entre-el-15-de-mayo-y-el-19-de-junio\/#primaryimage"},"thumbnailUrl":"https:\/\/www.laguiadepamplona.com\/actualidad\/wp-content\/uploads\/2025\/04\/kantuetahitzaweb3.webp","datePublished":"2025-04-15T16:10:12+00:00","description":"Jon Maia ser\u00e1 el encargado de inaugurar el ciclo, el pr\u00f3ximo 24 de abril, con un concierto en Baluarte","breadcrumb":{"@id":"https:\/\/www.laguiadepamplona.com\/actualidad\/vuelve-una-nueva-edicion-de-kantu-eta-hitza-con-seis-conciertos-gratuitos-en-la-plaza-virgen-de-la-o-que-se-celebraran-entre-el-15-de-mayo-y-el-19-de-junio\/#breadcrumb"},"inLanguage":"es","potentialAction":[{"@type":"ReadAction","target":["https:\/\/www.laguiadepamplona.com\/actualidad\/vuelve-una-nueva-edicion-de-kantu-eta-hitza-con-seis-conciertos-gratuitos-en-la-plaza-virgen-de-la-o-que-se-celebraran-entre-el-15-de-mayo-y-el-19-de-junio\/"]}]},{"@type":"ImageObject","inLanguage":"es","@id":"https:\/\/www.laguiadepamplona.com\/actualidad\/vuelve-una-nueva-edicion-de-kantu-eta-hitza-con-seis-conciertos-gratuitos-en-la-plaza-virgen-de-la-o-que-se-celebraran-entre-el-15-de-mayo-y-el-19-de-junio\/#primaryimage","url":"https:\/\/www.laguiadepamplona.com\/actualidad\/wp-content\/uploads\/2025\/04\/kantuetahitzaweb3.webp","contentUrl":"https:\/\/www.laguiadepamplona.com\/actualidad\/wp-content\/uploads\/2025\/04\/kantuetahitzaweb3.webp","width":1000,"height":667,"caption":"kantu eta hitza"},{"@type":"BreadcrumbList","@id":"https:\/\/www.laguiadepamplona.com\/actualidad\/vuelve-una-nueva-edicion-de-kantu-eta-hitza-con-seis-conciertos-gratuitos-en-la-plaza-virgen-de-la-o-que-se-celebraran-entre-el-15-de-mayo-y-el-19-de-junio\/#breadcrumb","itemListElement":[{"@type":"ListItem","position":1,"name":"Portada","item":"https:\/\/www.laguiadepamplona.com\/actualidad\/"},{"@type":"ListItem","position":2,"name":"Vuelve una nueva edici\u00f3n de \u2018Kantu eta hitza\u2019, con seis conciertos gratuitos en la plaza Virgen de la O, que se celebrar\u00e1n entre el 15 de mayo y el 19 de junio"}]},{"@type":"WebSite","@id":"https:\/\/www.laguiadepamplona.com\/actualidad\/#website","url":"https:\/\/www.laguiadepamplona.com\/actualidad\/","name":"La gu\u00eda de Pamplona","description":"Noticias de Pamplona","publisher":{"@id":"https:\/\/www.laguiadepamplona.com\/actualidad\/#organization"},"potentialAction":[{"@type":"SearchAction","target":{"@type":"EntryPoint","urlTemplate":"https:\/\/www.laguiadepamplona.com\/actualidad\/?s={search_term_string}"},"query-input":{"@type":"PropertyValueSpecification","valueRequired":true,"valueName":"search_term_string"}}],"inLanguage":"es"},{"@type":"Organization","@id":"https:\/\/www.laguiadepamplona.com\/actualidad\/#organization","name":"La Gu\u00eda de Pamplona \/ Noticias","url":"https:\/\/www.laguiadepamplona.com\/actualidad\/","logo":{"@type":"ImageObject","inLanguage":"es","@id":"https:\/\/www.laguiadepamplona.com\/actualidad\/#\/schema\/logo\/image\/","url":"https:\/\/www.laguiadepamplona.com\/actualidad\/wp-content\/uploads\/2018\/11\/logo-laguiadepamplona18-web1.png","contentUrl":"https:\/\/www.laguiadepamplona.com\/actualidad\/wp-content\/uploads\/2018\/11\/logo-laguiadepamplona18-web1.png","width":600,"height":196,"caption":"La Gu\u00eda de Pamplona \/ Noticias"},"image":{"@id":"https:\/\/www.laguiadepamplona.com\/actualidad\/#\/schema\/logo\/image\/"},"sameAs":["https:\/\/www.facebook.com\/laguiadepamplonacom-133175176762273\/?ref=hl","https:\/\/x.com\/LaGuiadPamplona","https:\/\/www.instagram.com\/la_guia_de_pamplona\/","https:\/\/www.youtube.com\/user\/laguiadepamplona"]},{"@type":"Person","@id":"https:\/\/www.laguiadepamplona.com\/actualidad\/#\/schema\/person\/efe887376f0213d4657c93adc50b1fdb","name":"La Gu\u00eda de Pamplona","image":{"@type":"ImageObject","inLanguage":"es","@id":"https:\/\/secure.gravatar.com\/avatar\/b6992f131dc8d30ab0dff15446e9d346d9dbd95992de0fef795073f5ea83a81c?s=96&d=mm&r=g","url":"https:\/\/secure.gravatar.com\/avatar\/b6992f131dc8d30ab0dff15446e9d346d9dbd95992de0fef795073f5ea83a81c?s=96&d=mm&r=g","contentUrl":"https:\/\/secure.gravatar.com\/avatar\/b6992f131dc8d30ab0dff15446e9d346d9dbd95992de0fef795073f5ea83a81c?s=96&d=mm&r=g","caption":"La Gu\u00eda de Pamplona"}}]}},"post_mailing_queue_ids":[],"_links":{"self":[{"href":"https:\/\/www.laguiadepamplona.com\/actualidad\/wp-json\/wp\/v2\/posts\/52763","targetHints":{"allow":["GET"]}}],"collection":[{"href":"https:\/\/www.laguiadepamplona.com\/actualidad\/wp-json\/wp\/v2\/posts"}],"about":[{"href":"https:\/\/www.laguiadepamplona.com\/actualidad\/wp-json\/wp\/v2\/types\/post"}],"author":[{"embeddable":true,"href":"https:\/\/www.laguiadepamplona.com\/actualidad\/wp-json\/wp\/v2\/users\/1"}],"replies":[{"embeddable":true,"href":"https:\/\/www.laguiadepamplona.com\/actualidad\/wp-json\/wp\/v2\/comments?post=52763"}],"version-history":[{"count":1,"href":"https:\/\/www.laguiadepamplona.com\/actualidad\/wp-json\/wp\/v2\/posts\/52763\/revisions"}],"predecessor-version":[{"id":52765,"href":"https:\/\/www.laguiadepamplona.com\/actualidad\/wp-json\/wp\/v2\/posts\/52763\/revisions\/52765"}],"wp:featuredmedia":[{"embeddable":true,"href":"https:\/\/www.laguiadepamplona.com\/actualidad\/wp-json\/wp\/v2\/media\/52764"}],"wp:attachment":[{"href":"https:\/\/www.laguiadepamplona.com\/actualidad\/wp-json\/wp\/v2\/media?parent=52763"}],"wp:term":[{"taxonomy":"category","embeddable":true,"href":"https:\/\/www.laguiadepamplona.com\/actualidad\/wp-json\/wp\/v2\/categories?post=52763"},{"taxonomy":"post_tag","embeddable":true,"href":"https:\/\/www.laguiadepamplona.com\/actualidad\/wp-json\/wp\/v2\/tags?post=52763"}],"curies":[{"name":"wp","href":"https:\/\/api.w.org\/{rel}","templated":true}]}}