{"id":52760,"date":"2025-04-14T16:28:13","date_gmt":"2025-04-14T14:28:13","guid":{"rendered":"https:\/\/www.laguiadepamplona.com\/actualidad\/?p=52760"},"modified":"2025-04-14T16:28:13","modified_gmt":"2025-04-14T14:28:13","slug":"aprobada-la-convocatoria-de-una-oposicion-para-la-cobertura-de-cuatro-plazas-de-educacion-social","status":"publish","type":"post","link":"https:\/\/www.laguiadepamplona.com\/actualidad\/aprobada-la-convocatoria-de-una-oposicion-para-la-cobertura-de-cuatro-plazas-de-educacion-social\/","title":{"rendered":"Aprobada la convocatoria de una oposici\u00f3n para la cobertura de cuatro plazas de educaci\u00f3n social"},"content":{"rendered":"<h2>Se ha aprobado tambi\u00e9n una convocatoria de oposici\u00f3n de una plaza de personal t\u00e9cnico en prevenci\u00f3n de riesgos laborales<\/h2>\n<p><!--more--><\/p>\n<p>La Junta de Gobierno Local ha aprobado esta ma\u00f1ana dos convocatorias de oposici\u00f3n para la cobertura de cinco plazas en r\u00e9gimen funcionarial. Se trata de una convocatoria para cuatro plazas del puesto de trabajo de educador\/a social y de una plaza para el puesto de trabajo de t\u00e9cnico\/a en prevenci\u00f3n de riesgos laborales. Ambas convocatorias se prev\u00e9n para el \u00faltimo cuatrimestre del a\u00f1o. El plazo de inscripci\u00f3n se iniciar\u00e1 una vez que se las convocatorias se publiquen en el Bolet\u00edn Oficial de Navarra en los pr\u00f3ximos d\u00edas.<\/p>\n<p>Las cuatro plazas de educador\/a social se enmarcan en el nivel retributivo B y se reparten en dos plazas de turno de promoci\u00f3n, una de turno libre y una reservada a personas con discapacidad. Quienes concurran a la convocatoria deber\u00e1n cumplir los requisitos de nacionalidad, edad, capacidad f\u00edsica y ps\u00edquica para el desempe\u00f1o del puesto de trabajo, no hallarse inhabilitadas ni suspendida para el ejercicio de funciones p\u00fablicas y no haber sido separada del servicio de una Administraci\u00f3n P\u00fablica. Asimismo, deben poseer el t\u00edtulo universitario de grado o de diplomatura en Educaci\u00f3n Social, o t\u00edtulo declarado equivalente.<\/p>\n<p>Las personas aspirantes al turno de promoci\u00f3n, adem\u00e1s deber\u00e1n tener la condici\u00f3n de personal fijo perteneciente a cualquiera de las administraciones P\u00fablicas de Navarra y no hallarse en situaci\u00f3n de excedencia voluntaria o forzosa, excepto cuando la persona en situaci\u00f3n de excedencia voluntaria se encuentre prestando servicios en otro puesto de trabajo de car\u00e1cter fijo o temporal en el Ayuntamiento de Pamplona. Deben pertenecer al mismo o inferior nivel de las plazas y tener cinco a\u00f1os de antig\u00fcedad reconocida en las Administraciones P\u00fablicas u ocho en el caso de pertenecer a los cuerpos de Polic\u00eda de Navarra. Para aspirar a la plaza reservada a personas con discapacidad, se deber\u00e1 tener reconocida oficialmente una discapacidad igual o superior el 33%.<\/p>\n<p><strong>Pruebas para la oposici\u00f3n de educador\/a social<\/strong><\/p>\n<p>La oposici\u00f3n constar\u00e1 de dos pruebas. La primera de ellas, de car\u00e1cter te\u00f3rico, consistir\u00e1 en contestar por escrito, durante un m\u00e1ximo de 120 minutos, a un cuestionario de preguntas tipo test con varias alternativas de respuesta para cada pregunta, de las que s\u00f3lo una ser\u00e1 v\u00e1lida, sobre las materias incluidas en el anexo I. La puntuaci\u00f3n m\u00e1xima del ejercicio ser\u00e1 de 60 puntos. Quedar\u00e1n eliminadas las personas aspirantes que no alcancen 30 puntos.<\/p>\n<p>La segunda ser\u00e1 de car\u00e1cter te\u00f3rico-pr\u00e1ctico y consistir\u00e1 en resolver por escrito uno o varios supuestos pr\u00e1cticos planteados por el tribunal, relacionados con las materias contenidas en el temario y sobre los conocimientos necesarios para el desarrollo de las funciones propias del puesto de trabajo. La puntuaci\u00f3n m\u00e1xima del ejercicio ser\u00e1 de 40 puntos y quedar\u00e1n eliminadas las personas aspirantes que no alcancen 20 puntos. La segunda prueba se llevar\u00e1 a cabo por el sistema de plicas.<\/p>\n<p>La oposici\u00f3n dar\u00e1 comienzo a partir del mes de octubre. La tasa a abonar en concepto de derechos de examen y formalizaci\u00f3n de expediente es de 22,40 euros. Se pagar\u00e1 por v\u00eda telem\u00e1tica, en el momento de formalizar la solicitud, a trav\u00e9s de un sistema seguro de pago telem\u00e1tico.<\/p>\n<p><strong>Prevenci\u00f3n de riesgos laborales<\/strong><\/p>\n<p>La plaza de t\u00e9cnico\/a en prevenci\u00f3n de riesgos laborales es una plaza en turno libre y nivel retributivo B. Adem\u00e1s de los habituales requisitos de nacionalidad, edad, capacitaci\u00f3n y habilitaci\u00f3n, se exige estar en posesi\u00f3n del t\u00edtulo de Diplomatura o Grado Universitario, Ingenier\u00eda T\u00e9cnica, Arquitectura T\u00e9cnica o t\u00edtulo declarado equivalente, tener formaci\u00f3n t\u00e9cnica en Prevenci\u00f3n de Riesgos Laborales Nivel Superior, en las tres especialidades, o Master Universitario Oficial en Prevenci\u00f3n de Riesgos Laborales.<\/p>\n<p>La oposici\u00f3n comenzar\u00e1 a partir del mes noviembre. Las tasas por derecho de examen ascienden a 22,40 euros. La plaza que se cubre con esta convocatoria podr\u00e1 verse modificada a tenor del resultado del concurso de traslado de una plaza del puesto de trabajo de T\u00e9cnico\/a de Prevenci\u00f3n de Riesgos Laborales aprobada por el Ayuntamiento de Pamplona el d\u00eda 9 de abril de 2025.<\/p>\n<p>La oposici\u00f3n constar\u00e1 de un ejercicio, que contendr\u00e1 dos pruebas que ser\u00e1n realizadas en d\u00edas diferentes. La primera prueba ser\u00e1 un cuestionario tipo test con un m\u00e1ximo de 100 preguntas sobre las materias contenidas en el temario que figura en el anexo I que se deber\u00e1n responder en 120 minutos. La puntuaci\u00f3n m\u00e1xima de la prueba ser\u00e1 de 40 puntos y quedar\u00e1n eliminadas las personas aspirantes que no alcancen 20 puntos. La segunda prueba, de car\u00e1cter te\u00f3rico-pr\u00e1ctico, consistir\u00e1 en resolver por escrito dos casos pr\u00e1cticos con preguntas a desarrollar que proponga el tribunal, relacionados con la materia incluida en el temario. La puntuaci\u00f3n m\u00e1xima ser\u00e1 de 60 puntos, 50 se corresponden con la parte escrita (25 por cada caso) y 10 puntos a la defensa oral de los casos pr\u00e1cticos.<\/p>\n<p>Se deber\u00e1 aprobar cada caso pr\u00e1ctico y tambi\u00e9n la defensa oral. A esa defensa se convocar\u00e1 a las 30 personas que, habiendo aprobado la parte escrita, hayan obtenido las calificaciones m\u00e1s elevadas en la suma total de las dos pruebas. La defensa oral se llevar\u00e1 a cabo por un tiempo m\u00e1ximo de 10 minutos, pudiendo el tribunal realizar preguntas por espacio de otros 10 minutos.<\/p>\n","protected":false},"excerpt":{"rendered":"<p>Se ha aprobado tambi\u00e9n una convocatoria de oposici\u00f3n de una plaza de personal t\u00e9cnico en prevenci\u00f3n de riesgos laborales<\/p>\n","protected":false},"author":1,"featured_media":52761,"comment_status":"open","ping_status":"closed","sticky":false,"template":"","format":"standard","meta":{"footnotes":""},"categories":[2],"tags":[],"class_list":["post-52760","post","type-post","status-publish","format-standard","has-post-thumbnail","hentry","category-ayuntamiento-pamplona"],"yoast_head":"<!-- This site is optimized with the Yoast SEO plugin v27.3 - https:\/\/yoast.com\/product\/yoast-seo-wordpress\/ -->\n<title>Aprobada la convocatoria de una oposici\u00f3n para la cobertura de cuatro plazas de educaci\u00f3n social<\/title>\n<meta name=\"description\" content=\"Se ha aprobado tambi\u00e9n una convocatoria de oposici\u00f3n de una plaza de personal t\u00e9cnico en prevenci\u00f3n de riesgos laborales\" \/>\n<meta name=\"robots\" content=\"index, follow, max-snippet:-1, max-image-preview:large, max-video-preview:-1\" \/>\n<link rel=\"canonical\" href=\"https:\/\/www.laguiadepamplona.com\/actualidad\/aprobada-la-convocatoria-de-una-oposicion-para-la-cobertura-de-cuatro-plazas-de-educacion-social\/\" \/>\n<meta property=\"og:locale\" content=\"es_ES\" \/>\n<meta property=\"og:type\" content=\"article\" \/>\n<meta property=\"og:title\" content=\"Aprobada la convocatoria de una oposici\u00f3n para la cobertura de cuatro plazas de educaci\u00f3n social\" \/>\n<meta property=\"og:description\" content=\"Se ha aprobado tambi\u00e9n una convocatoria de oposici\u00f3n de una plaza de personal t\u00e9cnico en prevenci\u00f3n de riesgos laborales\" \/>\n<meta property=\"og:url\" content=\"https:\/\/www.laguiadepamplona.com\/actualidad\/aprobada-la-convocatoria-de-una-oposicion-para-la-cobertura-de-cuatro-plazas-de-educacion-social\/\" \/>\n<meta property=\"og:site_name\" content=\"La Gu\u00eda de Pamplona\" \/>\n<meta property=\"article:publisher\" content=\"https:\/\/www.facebook.com\/laguiadepamplonacom-133175176762273\/?ref=hl\" \/>\n<meta property=\"article:published_time\" content=\"2025-04-14T14:28:13+00:00\" \/>\n<meta property=\"og:image\" content=\"https:\/\/www.laguiadepamplona.com\/actualidad\/wp-content\/uploads\/2025\/04\/oposiciones.webp\" \/>\n\t<meta property=\"og:image:width\" content=\"1000\" \/>\n\t<meta property=\"og:image:height\" content=\"663\" \/>\n\t<meta property=\"og:image:type\" content=\"image\/webp\" \/>\n<meta name=\"author\" content=\"La Gu\u00eda de Pamplona\" \/>\n<meta name=\"twitter:card\" content=\"summary_large_image\" \/>\n<meta name=\"twitter:creator\" content=\"@LaGuiadPamplona\" \/>\n<meta name=\"twitter:site\" content=\"@LaGuiadPamplona\" \/>\n<meta name=\"twitter:label1\" content=\"Escrito por\" \/>\n\t<meta name=\"twitter:data1\" content=\"La Gu\u00eda de Pamplona\" \/>\n\t<meta name=\"twitter:label2\" content=\"Tiempo de lectura\" \/>\n\t<meta name=\"twitter:data2\" content=\"4 minutos\" \/>\n<script type=\"application\/ld+json\" class=\"yoast-schema-graph\">{\"@context\":\"https:\\\/\\\/schema.org\",\"@graph\":[{\"@type\":\"Article\",\"@id\":\"https:\\\/\\\/www.laguiadepamplona.com\\\/actualidad\\\/aprobada-la-convocatoria-de-una-oposicion-para-la-cobertura-de-cuatro-plazas-de-educacion-social\\\/#article\",\"isPartOf\":{\"@id\":\"https:\\\/\\\/www.laguiadepamplona.com\\\/actualidad\\\/aprobada-la-convocatoria-de-una-oposicion-para-la-cobertura-de-cuatro-plazas-de-educacion-social\\\/\"},\"author\":{\"name\":\"La Gu\u00eda de Pamplona\",\"@id\":\"https:\\\/\\\/www.laguiadepamplona.com\\\/actualidad\\\/#\\\/schema\\\/person\\\/efe887376f0213d4657c93adc50b1fdb\"},\"headline\":\"Aprobada la convocatoria de una oposici\u00f3n para la cobertura de cuatro plazas de educaci\u00f3n social\",\"datePublished\":\"2025-04-14T14:28:13+00:00\",\"mainEntityOfPage\":{\"@id\":\"https:\\\/\\\/www.laguiadepamplona.com\\\/actualidad\\\/aprobada-la-convocatoria-de-una-oposicion-para-la-cobertura-de-cuatro-plazas-de-educacion-social\\\/\"},\"wordCount\":966,\"commentCount\":0,\"publisher\":{\"@id\":\"https:\\\/\\\/www.laguiadepamplona.com\\\/actualidad\\\/#organization\"},\"image\":{\"@id\":\"https:\\\/\\\/www.laguiadepamplona.com\\\/actualidad\\\/aprobada-la-convocatoria-de-una-oposicion-para-la-cobertura-de-cuatro-plazas-de-educacion-social\\\/#primaryimage\"},\"thumbnailUrl\":\"https:\\\/\\\/www.laguiadepamplona.com\\\/actualidad\\\/wp-content\\\/uploads\\\/2025\\\/04\\\/oposiciones.webp\",\"articleSection\":[\"Ayto Pamplona\"],\"inLanguage\":\"es\",\"potentialAction\":[{\"@type\":\"CommentAction\",\"name\":\"Comment\",\"target\":[\"https:\\\/\\\/www.laguiadepamplona.com\\\/actualidad\\\/aprobada-la-convocatoria-de-una-oposicion-para-la-cobertura-de-cuatro-plazas-de-educacion-social\\\/#respond\"]}]},{\"@type\":\"WebPage\",\"@id\":\"https:\\\/\\\/www.laguiadepamplona.com\\\/actualidad\\\/aprobada-la-convocatoria-de-una-oposicion-para-la-cobertura-de-cuatro-plazas-de-educacion-social\\\/\",\"url\":\"https:\\\/\\\/www.laguiadepamplona.com\\\/actualidad\\\/aprobada-la-convocatoria-de-una-oposicion-para-la-cobertura-de-cuatro-plazas-de-educacion-social\\\/\",\"name\":\"Aprobada la convocatoria de una oposici\u00f3n para la cobertura de cuatro plazas de educaci\u00f3n social\",\"isPartOf\":{\"@id\":\"https:\\\/\\\/www.laguiadepamplona.com\\\/actualidad\\\/#website\"},\"primaryImageOfPage\":{\"@id\":\"https:\\\/\\\/www.laguiadepamplona.com\\\/actualidad\\\/aprobada-la-convocatoria-de-una-oposicion-para-la-cobertura-de-cuatro-plazas-de-educacion-social\\\/#primaryimage\"},\"image\":{\"@id\":\"https:\\\/\\\/www.laguiadepamplona.com\\\/actualidad\\\/aprobada-la-convocatoria-de-una-oposicion-para-la-cobertura-de-cuatro-plazas-de-educacion-social\\\/#primaryimage\"},\"thumbnailUrl\":\"https:\\\/\\\/www.laguiadepamplona.com\\\/actualidad\\\/wp-content\\\/uploads\\\/2025\\\/04\\\/oposiciones.webp\",\"datePublished\":\"2025-04-14T14:28:13+00:00\",\"description\":\"Se ha aprobado tambi\u00e9n una convocatoria de oposici\u00f3n de una plaza de personal t\u00e9cnico en prevenci\u00f3n de riesgos laborales\",\"breadcrumb\":{\"@id\":\"https:\\\/\\\/www.laguiadepamplona.com\\\/actualidad\\\/aprobada-la-convocatoria-de-una-oposicion-para-la-cobertura-de-cuatro-plazas-de-educacion-social\\\/#breadcrumb\"},\"inLanguage\":\"es\",\"potentialAction\":[{\"@type\":\"ReadAction\",\"target\":[\"https:\\\/\\\/www.laguiadepamplona.com\\\/actualidad\\\/aprobada-la-convocatoria-de-una-oposicion-para-la-cobertura-de-cuatro-plazas-de-educacion-social\\\/\"]}]},{\"@type\":\"ImageObject\",\"inLanguage\":\"es\",\"@id\":\"https:\\\/\\\/www.laguiadepamplona.com\\\/actualidad\\\/aprobada-la-convocatoria-de-una-oposicion-para-la-cobertura-de-cuatro-plazas-de-educacion-social\\\/#primaryimage\",\"url\":\"https:\\\/\\\/www.laguiadepamplona.com\\\/actualidad\\\/wp-content\\\/uploads\\\/2025\\\/04\\\/oposiciones.webp\",\"contentUrl\":\"https:\\\/\\\/www.laguiadepamplona.com\\\/actualidad\\\/wp-content\\\/uploads\\\/2025\\\/04\\\/oposiciones.webp\",\"width\":1000,\"height\":663,\"caption\":\"oposici\u00f3n\"},{\"@type\":\"BreadcrumbList\",\"@id\":\"https:\\\/\\\/www.laguiadepamplona.com\\\/actualidad\\\/aprobada-la-convocatoria-de-una-oposicion-para-la-cobertura-de-cuatro-plazas-de-educacion-social\\\/#breadcrumb\",\"itemListElement\":[{\"@type\":\"ListItem\",\"position\":1,\"name\":\"Portada\",\"item\":\"https:\\\/\\\/www.laguiadepamplona.com\\\/actualidad\\\/\"},{\"@type\":\"ListItem\",\"position\":2,\"name\":\"Aprobada la convocatoria de una oposici\u00f3n para la cobertura de cuatro plazas de educaci\u00f3n social\"}]},{\"@type\":\"WebSite\",\"@id\":\"https:\\\/\\\/www.laguiadepamplona.com\\\/actualidad\\\/#website\",\"url\":\"https:\\\/\\\/www.laguiadepamplona.com\\\/actualidad\\\/\",\"name\":\"La gu\u00eda de Pamplona\",\"description\":\"Noticias de Pamplona\",\"publisher\":{\"@id\":\"https:\\\/\\\/www.laguiadepamplona.com\\\/actualidad\\\/#organization\"},\"potentialAction\":[{\"@type\":\"SearchAction\",\"target\":{\"@type\":\"EntryPoint\",\"urlTemplate\":\"https:\\\/\\\/www.laguiadepamplona.com\\\/actualidad\\\/?s={search_term_string}\"},\"query-input\":{\"@type\":\"PropertyValueSpecification\",\"valueRequired\":true,\"valueName\":\"search_term_string\"}}],\"inLanguage\":\"es\"},{\"@type\":\"Organization\",\"@id\":\"https:\\\/\\\/www.laguiadepamplona.com\\\/actualidad\\\/#organization\",\"name\":\"La Gu\u00eda de Pamplona \\\/ Noticias\",\"url\":\"https:\\\/\\\/www.laguiadepamplona.com\\\/actualidad\\\/\",\"logo\":{\"@type\":\"ImageObject\",\"inLanguage\":\"es\",\"@id\":\"https:\\\/\\\/www.laguiadepamplona.com\\\/actualidad\\\/#\\\/schema\\\/logo\\\/image\\\/\",\"url\":\"https:\\\/\\\/www.laguiadepamplona.com\\\/actualidad\\\/wp-content\\\/uploads\\\/2018\\\/11\\\/logo-laguiadepamplona18-web1.png\",\"contentUrl\":\"https:\\\/\\\/www.laguiadepamplona.com\\\/actualidad\\\/wp-content\\\/uploads\\\/2018\\\/11\\\/logo-laguiadepamplona18-web1.png\",\"width\":600,\"height\":196,\"caption\":\"La Gu\u00eda de Pamplona \\\/ Noticias\"},\"image\":{\"@id\":\"https:\\\/\\\/www.laguiadepamplona.com\\\/actualidad\\\/#\\\/schema\\\/logo\\\/image\\\/\"},\"sameAs\":[\"https:\\\/\\\/www.facebook.com\\\/laguiadepamplonacom-133175176762273\\\/?ref=hl\",\"https:\\\/\\\/x.com\\\/LaGuiadPamplona\",\"https:\\\/\\\/www.instagram.com\\\/la_guia_de_pamplona\\\/\",\"https:\\\/\\\/www.youtube.com\\\/user\\\/laguiadepamplona\"]},{\"@type\":\"Person\",\"@id\":\"https:\\\/\\\/www.laguiadepamplona.com\\\/actualidad\\\/#\\\/schema\\\/person\\\/efe887376f0213d4657c93adc50b1fdb\",\"name\":\"La Gu\u00eda de Pamplona\",\"image\":{\"@type\":\"ImageObject\",\"inLanguage\":\"es\",\"@id\":\"https:\\\/\\\/secure.gravatar.com\\\/avatar\\\/b6992f131dc8d30ab0dff15446e9d346d9dbd95992de0fef795073f5ea83a81c?s=96&d=mm&r=g\",\"url\":\"https:\\\/\\\/secure.gravatar.com\\\/avatar\\\/b6992f131dc8d30ab0dff15446e9d346d9dbd95992de0fef795073f5ea83a81c?s=96&d=mm&r=g\",\"contentUrl\":\"https:\\\/\\\/secure.gravatar.com\\\/avatar\\\/b6992f131dc8d30ab0dff15446e9d346d9dbd95992de0fef795073f5ea83a81c?s=96&d=mm&r=g\",\"caption\":\"La Gu\u00eda de Pamplona\"}}]}<\/script>\n<!-- \/ Yoast SEO plugin. -->","yoast_head_json":{"title":"Aprobada la convocatoria de una oposici\u00f3n para la cobertura de cuatro plazas de educaci\u00f3n social","description":"Se ha aprobado tambi\u00e9n una convocatoria de oposici\u00f3n de una plaza de personal t\u00e9cnico en prevenci\u00f3n de riesgos laborales","robots":{"index":"index","follow":"follow","max-snippet":"max-snippet:-1","max-image-preview":"max-image-preview:large","max-video-preview":"max-video-preview:-1"},"canonical":"https:\/\/www.laguiadepamplona.com\/actualidad\/aprobada-la-convocatoria-de-una-oposicion-para-la-cobertura-de-cuatro-plazas-de-educacion-social\/","og_locale":"es_ES","og_type":"article","og_title":"Aprobada la convocatoria de una oposici\u00f3n para la cobertura de cuatro plazas de educaci\u00f3n social","og_description":"Se ha aprobado tambi\u00e9n una convocatoria de oposici\u00f3n de una plaza de personal t\u00e9cnico en prevenci\u00f3n de riesgos laborales","og_url":"https:\/\/www.laguiadepamplona.com\/actualidad\/aprobada-la-convocatoria-de-una-oposicion-para-la-cobertura-de-cuatro-plazas-de-educacion-social\/","og_site_name":"La Gu\u00eda de Pamplona","article_publisher":"https:\/\/www.facebook.com\/laguiadepamplonacom-133175176762273\/?ref=hl","article_published_time":"2025-04-14T14:28:13+00:00","og_image":[{"width":1000,"height":663,"url":"https:\/\/www.laguiadepamplona.com\/actualidad\/wp-content\/uploads\/2025\/04\/oposiciones.webp","type":"image\/webp"}],"author":"La Gu\u00eda de Pamplona","twitter_card":"summary_large_image","twitter_creator":"@LaGuiadPamplona","twitter_site":"@LaGuiadPamplona","twitter_misc":{"Escrito por":"La Gu\u00eda de Pamplona","Tiempo de lectura":"4 minutos"},"schema":{"@context":"https:\/\/schema.org","@graph":[{"@type":"Article","@id":"https:\/\/www.laguiadepamplona.com\/actualidad\/aprobada-la-convocatoria-de-una-oposicion-para-la-cobertura-de-cuatro-plazas-de-educacion-social\/#article","isPartOf":{"@id":"https:\/\/www.laguiadepamplona.com\/actualidad\/aprobada-la-convocatoria-de-una-oposicion-para-la-cobertura-de-cuatro-plazas-de-educacion-social\/"},"author":{"name":"La Gu\u00eda de Pamplona","@id":"https:\/\/www.laguiadepamplona.com\/actualidad\/#\/schema\/person\/efe887376f0213d4657c93adc50b1fdb"},"headline":"Aprobada la convocatoria de una oposici\u00f3n para la cobertura de cuatro plazas de educaci\u00f3n social","datePublished":"2025-04-14T14:28:13+00:00","mainEntityOfPage":{"@id":"https:\/\/www.laguiadepamplona.com\/actualidad\/aprobada-la-convocatoria-de-una-oposicion-para-la-cobertura-de-cuatro-plazas-de-educacion-social\/"},"wordCount":966,"commentCount":0,"publisher":{"@id":"https:\/\/www.laguiadepamplona.com\/actualidad\/#organization"},"image":{"@id":"https:\/\/www.laguiadepamplona.com\/actualidad\/aprobada-la-convocatoria-de-una-oposicion-para-la-cobertura-de-cuatro-plazas-de-educacion-social\/#primaryimage"},"thumbnailUrl":"https:\/\/www.laguiadepamplona.com\/actualidad\/wp-content\/uploads\/2025\/04\/oposiciones.webp","articleSection":["Ayto Pamplona"],"inLanguage":"es","potentialAction":[{"@type":"CommentAction","name":"Comment","target":["https:\/\/www.laguiadepamplona.com\/actualidad\/aprobada-la-convocatoria-de-una-oposicion-para-la-cobertura-de-cuatro-plazas-de-educacion-social\/#respond"]}]},{"@type":"WebPage","@id":"https:\/\/www.laguiadepamplona.com\/actualidad\/aprobada-la-convocatoria-de-una-oposicion-para-la-cobertura-de-cuatro-plazas-de-educacion-social\/","url":"https:\/\/www.laguiadepamplona.com\/actualidad\/aprobada-la-convocatoria-de-una-oposicion-para-la-cobertura-de-cuatro-plazas-de-educacion-social\/","name":"Aprobada la convocatoria de una oposici\u00f3n para la cobertura de cuatro plazas de educaci\u00f3n social","isPartOf":{"@id":"https:\/\/www.laguiadepamplona.com\/actualidad\/#website"},"primaryImageOfPage":{"@id":"https:\/\/www.laguiadepamplona.com\/actualidad\/aprobada-la-convocatoria-de-una-oposicion-para-la-cobertura-de-cuatro-plazas-de-educacion-social\/#primaryimage"},"image":{"@id":"https:\/\/www.laguiadepamplona.com\/actualidad\/aprobada-la-convocatoria-de-una-oposicion-para-la-cobertura-de-cuatro-plazas-de-educacion-social\/#primaryimage"},"thumbnailUrl":"https:\/\/www.laguiadepamplona.com\/actualidad\/wp-content\/uploads\/2025\/04\/oposiciones.webp","datePublished":"2025-04-14T14:28:13+00:00","description":"Se ha aprobado tambi\u00e9n una convocatoria de oposici\u00f3n de una plaza de personal t\u00e9cnico en prevenci\u00f3n de riesgos laborales","breadcrumb":{"@id":"https:\/\/www.laguiadepamplona.com\/actualidad\/aprobada-la-convocatoria-de-una-oposicion-para-la-cobertura-de-cuatro-plazas-de-educacion-social\/#breadcrumb"},"inLanguage":"es","potentialAction":[{"@type":"ReadAction","target":["https:\/\/www.laguiadepamplona.com\/actualidad\/aprobada-la-convocatoria-de-una-oposicion-para-la-cobertura-de-cuatro-plazas-de-educacion-social\/"]}]},{"@type":"ImageObject","inLanguage":"es","@id":"https:\/\/www.laguiadepamplona.com\/actualidad\/aprobada-la-convocatoria-de-una-oposicion-para-la-cobertura-de-cuatro-plazas-de-educacion-social\/#primaryimage","url":"https:\/\/www.laguiadepamplona.com\/actualidad\/wp-content\/uploads\/2025\/04\/oposiciones.webp","contentUrl":"https:\/\/www.laguiadepamplona.com\/actualidad\/wp-content\/uploads\/2025\/04\/oposiciones.webp","width":1000,"height":663,"caption":"oposici\u00f3n"},{"@type":"BreadcrumbList","@id":"https:\/\/www.laguiadepamplona.com\/actualidad\/aprobada-la-convocatoria-de-una-oposicion-para-la-cobertura-de-cuatro-plazas-de-educacion-social\/#breadcrumb","itemListElement":[{"@type":"ListItem","position":1,"name":"Portada","item":"https:\/\/www.laguiadepamplona.com\/actualidad\/"},{"@type":"ListItem","position":2,"name":"Aprobada la convocatoria de una oposici\u00f3n para la cobertura de cuatro plazas de educaci\u00f3n social"}]},{"@type":"WebSite","@id":"https:\/\/www.laguiadepamplona.com\/actualidad\/#website","url":"https:\/\/www.laguiadepamplona.com\/actualidad\/","name":"La gu\u00eda de Pamplona","description":"Noticias de Pamplona","publisher":{"@id":"https:\/\/www.laguiadepamplona.com\/actualidad\/#organization"},"potentialAction":[{"@type":"SearchAction","target":{"@type":"EntryPoint","urlTemplate":"https:\/\/www.laguiadepamplona.com\/actualidad\/?s={search_term_string}"},"query-input":{"@type":"PropertyValueSpecification","valueRequired":true,"valueName":"search_term_string"}}],"inLanguage":"es"},{"@type":"Organization","@id":"https:\/\/www.laguiadepamplona.com\/actualidad\/#organization","name":"La Gu\u00eda de Pamplona \/ Noticias","url":"https:\/\/www.laguiadepamplona.com\/actualidad\/","logo":{"@type":"ImageObject","inLanguage":"es","@id":"https:\/\/www.laguiadepamplona.com\/actualidad\/#\/schema\/logo\/image\/","url":"https:\/\/www.laguiadepamplona.com\/actualidad\/wp-content\/uploads\/2018\/11\/logo-laguiadepamplona18-web1.png","contentUrl":"https:\/\/www.laguiadepamplona.com\/actualidad\/wp-content\/uploads\/2018\/11\/logo-laguiadepamplona18-web1.png","width":600,"height":196,"caption":"La Gu\u00eda de Pamplona \/ Noticias"},"image":{"@id":"https:\/\/www.laguiadepamplona.com\/actualidad\/#\/schema\/logo\/image\/"},"sameAs":["https:\/\/www.facebook.com\/laguiadepamplonacom-133175176762273\/?ref=hl","https:\/\/x.com\/LaGuiadPamplona","https:\/\/www.instagram.com\/la_guia_de_pamplona\/","https:\/\/www.youtube.com\/user\/laguiadepamplona"]},{"@type":"Person","@id":"https:\/\/www.laguiadepamplona.com\/actualidad\/#\/schema\/person\/efe887376f0213d4657c93adc50b1fdb","name":"La Gu\u00eda de Pamplona","image":{"@type":"ImageObject","inLanguage":"es","@id":"https:\/\/secure.gravatar.com\/avatar\/b6992f131dc8d30ab0dff15446e9d346d9dbd95992de0fef795073f5ea83a81c?s=96&d=mm&r=g","url":"https:\/\/secure.gravatar.com\/avatar\/b6992f131dc8d30ab0dff15446e9d346d9dbd95992de0fef795073f5ea83a81c?s=96&d=mm&r=g","contentUrl":"https:\/\/secure.gravatar.com\/avatar\/b6992f131dc8d30ab0dff15446e9d346d9dbd95992de0fef795073f5ea83a81c?s=96&d=mm&r=g","caption":"La Gu\u00eda de Pamplona"}}]}},"post_mailing_queue_ids":[],"_links":{"self":[{"href":"https:\/\/www.laguiadepamplona.com\/actualidad\/wp-json\/wp\/v2\/posts\/52760","targetHints":{"allow":["GET"]}}],"collection":[{"href":"https:\/\/www.laguiadepamplona.com\/actualidad\/wp-json\/wp\/v2\/posts"}],"about":[{"href":"https:\/\/www.laguiadepamplona.com\/actualidad\/wp-json\/wp\/v2\/types\/post"}],"author":[{"embeddable":true,"href":"https:\/\/www.laguiadepamplona.com\/actualidad\/wp-json\/wp\/v2\/users\/1"}],"replies":[{"embeddable":true,"href":"https:\/\/www.laguiadepamplona.com\/actualidad\/wp-json\/wp\/v2\/comments?post=52760"}],"version-history":[{"count":1,"href":"https:\/\/www.laguiadepamplona.com\/actualidad\/wp-json\/wp\/v2\/posts\/52760\/revisions"}],"predecessor-version":[{"id":52762,"href":"https:\/\/www.laguiadepamplona.com\/actualidad\/wp-json\/wp\/v2\/posts\/52760\/revisions\/52762"}],"wp:featuredmedia":[{"embeddable":true,"href":"https:\/\/www.laguiadepamplona.com\/actualidad\/wp-json\/wp\/v2\/media\/52761"}],"wp:attachment":[{"href":"https:\/\/www.laguiadepamplona.com\/actualidad\/wp-json\/wp\/v2\/media?parent=52760"}],"wp:term":[{"taxonomy":"category","embeddable":true,"href":"https:\/\/www.laguiadepamplona.com\/actualidad\/wp-json\/wp\/v2\/categories?post=52760"},{"taxonomy":"post_tag","embeddable":true,"href":"https:\/\/www.laguiadepamplona.com\/actualidad\/wp-json\/wp\/v2\/tags?post=52760"}],"curies":[{"name":"wp","href":"https:\/\/api.w.org\/{rel}","templated":true}]}}