{"id":52755,"date":"2025-04-14T16:23:15","date_gmt":"2025-04-14T14:23:15","guid":{"rendered":"https:\/\/www.laguiadepamplona.com\/actualidad\/?p=52755"},"modified":"2025-04-14T16:23:15","modified_gmt":"2025-04-14T14:23:15","slug":"el-miercoles-30-de-abril-entran-en-vigor-las-ampliaciones-de-la-zona-azul-en-etxabakoitz-y-entorno-de-la-calle-vergel","status":"publish","type":"post","link":"https:\/\/www.laguiadepamplona.com\/actualidad\/el-miercoles-30-de-abril-entran-en-vigor-las-ampliaciones-de-la-zona-azul-en-etxabakoitz-y-entorno-de-la-calle-vergel\/","title":{"rendered":"El mi\u00e9rcoles 30 de abril entran en vigor las ampliaciones de la zona azul en Etxabakoitz y entorno de la calle Vergel"},"content":{"rendered":"<h2>La Junta de Gobierno Local aprueba la modificaci\u00f3n de la Ordenanza municipal, que introduce cambios para flexibilizar l\u00edmites entre sectores vecinos<\/h2>\n<p><!--more--><\/p>\n<p>El mi\u00e9rcoles 30 de abril entran en vigor las ampliaciones de la zona azul en Etxabakoitz y en el entorno de la calle Vergel. En Etxabakoitz, se incrementan las plazas reguladas en 112, al incorporar al sector 5 las calles San Raimundo, Virgen del Soto y traves\u00eda Concepci\u00f3n Ben\u00edtez 15, incluidas las plazas de aparcamiento en las inmediaciones de la Sociedad Deportiva Cultural Echavacoiz. Por su parte, en el entorno de la calle Vergel se suman las 40 plazas de la bolsa de aparcamientos junto a las instalaciones municipales de Aranzadi, 6 plazas en la calle Vergel 8, junto al acceso al colegio El Red\u00edn, y otras 10 plazas en la trasera del portal 8. Esas 56 plazas se convertir\u00e1n en zona naranja y quedar\u00e1n enmarcadas en el sector 8, aunque podr\u00e1n aparcar tambi\u00e9n sin cargo residentes del sector 1.<\/p>\n<p>La Junta de Gobierno Local ha aprobado en su sesi\u00f3n de hoy la modificaci\u00f3n de la Ordenanza reguladora de las zonas de estacionamiento limitado y restringido y ha fijado su entrada en vigor para el 30 de abril. Junto a estas dos ampliaciones, introduce adem\u00e1s cambios para flexibilizar l\u00edmites entre sectores vecinos. As\u00ed, a partir del mi\u00e9rcoles d\u00eda 30, los residentes del sector 2 podr\u00e1n aparcar tambi\u00e9n con su tarjeta en los tramos de la calle Bergam\u00edn 30 \u2013 52 y de la calle Tajonar 1-4. Ambos tramos pertenecen al sector 3 y cuentan con una ocupaci\u00f3n media del 84% (36% no residentes) en horario de funcionamiento de la zona azul y menor fuera de ese horario. Una medida similar se tom\u00f3 en su d\u00eda para que residentes del sector 2 pudieran aparcamiento en la calle Monte Monjard\u00edn, a pesar de pertenecer al sector 3.<\/p>\n<p>De la misma manera, el lado norte de la calle Arcadio Mar\u00eda Larraona, que linda con el parque de la Vaguada, entre la plaza de Europa y la avenida de Navarra, ser\u00e1 desde este mi\u00e9rcoles tambi\u00e9n zona de aparcamiento para residentes del sector 6. En la actualidad, las 84 plazas que se contabilizan en esa zona se corresponden con el sector 5 y tienen un \u00edndice de ocupaci\u00f3n aproximado del 50%.<\/p>\n<p><strong>Mejoras para los residentes<\/strong><\/p>\n<p>Los cambios aprobados hoy responden al objetivo de mejorar el aparcamiento para los residentes en las cercan\u00edas de sus viviendas. En el caso de Etxabakoitz, se ha comprobado que las 112 nuevas plazas que se a\u00f1aden tienen en la actualidad un \u00edndice de ocupaci\u00f3n del 85% durante el d\u00eda, en su mayor\u00eda de no residentes, y de un 75% por la noche. Se ha detectado, por tanto, una carencia de estacionamiento durante el d\u00eda, debido tambi\u00e9n a la existencia de un aparcamiento disuasorio en las inmediaciones. As\u00ed las cosas, esas 112 plazas ser\u00e1n de color naranja para potenciar de esta forma el aparcamiento de residentes y que no se genere un \u2018efecto frontera\u2019, al ser ahora plazas libres de aparcamiento. Como se prev\u00e9 que la ocupaci\u00f3n torne a ser mayoritaria de residentes ser\u00e1 zona exclusiva de pago con Telpark, sin que se coloquen expendedores de tiques.<\/p>\n<p>En el entorno de la calle Vergel, se ha comprobado que la zona cuenta con un 100% de ocupaci\u00f3n y un 65% de esos veh\u00edculos tienen un estacionamiento permanente, por lo que el movimiento en las plazas es m\u00ednimo. El estudio de la zona ha revelado que un 60% de quienes aparcan all\u00ed son de fuera de Pamplona, un 21% del Casco Antiguo, un 7% de Rochapea y un 12% de otros barrios. Las personas residentes de calle Vergel 6 y 8 se deber\u00e1n sacar la tarjeta del sector 8. Esta medida les favorecer\u00e1 para poder aparcar m\u00e1s cerca de sus viviendas y posibilitar\u00e1 tambi\u00e9n una mayor rotaci\u00f3n para el uso de las instalaciones deportivas de Aranzadi. En esta nueva zona solo se podr\u00e1 pagar mediante la aplicaci\u00f3n Telpark.<\/p>\n","protected":false},"excerpt":{"rendered":"<p>La Junta de Gobierno Local aprueba la modificaci\u00f3n de la Ordenanza municipal, que introduce cambios para flexibilizar l\u00edmites entre sectores vecinos<\/p>\n","protected":false},"author":1,"featured_media":41031,"comment_status":"open","ping_status":"closed","sticky":false,"template":"","format":"standard","meta":{"footnotes":""},"categories":[2],"tags":[],"class_list":["post-52755","post","type-post","status-publish","format-standard","has-post-thumbnail","hentry","category-ayuntamiento-pamplona"],"yoast_head":"<!-- This site is optimized with the Yoast SEO plugin v27.3 - https:\/\/yoast.com\/product\/yoast-seo-wordpress\/ -->\n<title>El mi\u00e9rcoles 30 de abril entran en vigor las ampliaciones de la zona azul en Etxabakoitz y entorno de la calle Vergel<\/title>\n<meta name=\"description\" content=\"La Junta de Gobierno Local aprueba la modificaci\u00f3n de la Ordenanza municipal, que introduce cambios para flexibilizar l\u00edmites entre sectores vecinos\" \/>\n<meta name=\"robots\" content=\"index, follow, max-snippet:-1, max-image-preview:large, max-video-preview:-1\" \/>\n<link rel=\"canonical\" href=\"https:\/\/www.laguiadepamplona.com\/actualidad\/el-miercoles-30-de-abril-entran-en-vigor-las-ampliaciones-de-la-zona-azul-en-etxabakoitz-y-entorno-de-la-calle-vergel\/\" \/>\n<meta property=\"og:locale\" content=\"es_ES\" \/>\n<meta property=\"og:type\" content=\"article\" \/>\n<meta property=\"og:title\" content=\"El mi\u00e9rcoles 30 de abril entran en vigor las ampliaciones de la zona azul en Etxabakoitz y entorno de la calle Vergel\" \/>\n<meta property=\"og:description\" content=\"La Junta de Gobierno Local aprueba la modificaci\u00f3n de la Ordenanza municipal, que introduce cambios para flexibilizar l\u00edmites entre sectores vecinos\" \/>\n<meta property=\"og:url\" content=\"https:\/\/www.laguiadepamplona.com\/actualidad\/el-miercoles-30-de-abril-entran-en-vigor-las-ampliaciones-de-la-zona-azul-en-etxabakoitz-y-entorno-de-la-calle-vergel\/\" \/>\n<meta property=\"og:site_name\" content=\"La Gu\u00eda de Pamplona\" \/>\n<meta property=\"article:publisher\" content=\"https:\/\/www.facebook.com\/laguiadepamplonacom-133175176762273\/?ref=hl\" \/>\n<meta property=\"article:published_time\" content=\"2025-04-14T14:23:15+00:00\" \/>\n<meta property=\"og:image\" content=\"https:\/\/www.laguiadepamplona.com\/actualidad\/wp-content\/uploads\/2022\/06\/zona_azul_plaza_libertad.webp\" \/>\n\t<meta property=\"og:image:width\" content=\"1920\" \/>\n\t<meta property=\"og:image:height\" content=\"1094\" \/>\n\t<meta property=\"og:image:type\" content=\"image\/webp\" \/>\n<meta name=\"author\" content=\"La Gu\u00eda de Pamplona\" \/>\n<meta name=\"twitter:card\" content=\"summary_large_image\" \/>\n<meta name=\"twitter:creator\" content=\"@LaGuiadPamplona\" \/>\n<meta name=\"twitter:site\" content=\"@LaGuiadPamplona\" \/>\n<meta name=\"twitter:label1\" content=\"Escrito por\" \/>\n\t<meta name=\"twitter:data1\" content=\"La Gu\u00eda de Pamplona\" \/>\n\t<meta name=\"twitter:label2\" content=\"Tiempo de lectura\" \/>\n\t<meta name=\"twitter:data2\" content=\"4 minutos\" \/>\n<script type=\"application\/ld+json\" class=\"yoast-schema-graph\">{\"@context\":\"https:\\\/\\\/schema.org\",\"@graph\":[{\"@type\":\"Article\",\"@id\":\"https:\\\/\\\/www.laguiadepamplona.com\\\/actualidad\\\/el-miercoles-30-de-abril-entran-en-vigor-las-ampliaciones-de-la-zona-azul-en-etxabakoitz-y-entorno-de-la-calle-vergel\\\/#article\",\"isPartOf\":{\"@id\":\"https:\\\/\\\/www.laguiadepamplona.com\\\/actualidad\\\/el-miercoles-30-de-abril-entran-en-vigor-las-ampliaciones-de-la-zona-azul-en-etxabakoitz-y-entorno-de-la-calle-vergel\\\/\"},\"author\":{\"name\":\"La Gu\u00eda de Pamplona\",\"@id\":\"https:\\\/\\\/www.laguiadepamplona.com\\\/actualidad\\\/#\\\/schema\\\/person\\\/efe887376f0213d4657c93adc50b1fdb\"},\"headline\":\"El mi\u00e9rcoles 30 de abril entran en vigor las ampliaciones de la zona azul en Etxabakoitz y entorno de la calle Vergel\",\"datePublished\":\"2025-04-14T14:23:15+00:00\",\"mainEntityOfPage\":{\"@id\":\"https:\\\/\\\/www.laguiadepamplona.com\\\/actualidad\\\/el-miercoles-30-de-abril-entran-en-vigor-las-ampliaciones-de-la-zona-azul-en-etxabakoitz-y-entorno-de-la-calle-vergel\\\/\"},\"wordCount\":682,\"commentCount\":0,\"publisher\":{\"@id\":\"https:\\\/\\\/www.laguiadepamplona.com\\\/actualidad\\\/#organization\"},\"image\":{\"@id\":\"https:\\\/\\\/www.laguiadepamplona.com\\\/actualidad\\\/el-miercoles-30-de-abril-entran-en-vigor-las-ampliaciones-de-la-zona-azul-en-etxabakoitz-y-entorno-de-la-calle-vergel\\\/#primaryimage\"},\"thumbnailUrl\":\"https:\\\/\\\/www.laguiadepamplona.com\\\/actualidad\\\/wp-content\\\/uploads\\\/2022\\\/06\\\/zona_azul_plaza_libertad.webp\",\"articleSection\":[\"Ayto Pamplona\"],\"inLanguage\":\"es\",\"potentialAction\":[{\"@type\":\"CommentAction\",\"name\":\"Comment\",\"target\":[\"https:\\\/\\\/www.laguiadepamplona.com\\\/actualidad\\\/el-miercoles-30-de-abril-entran-en-vigor-las-ampliaciones-de-la-zona-azul-en-etxabakoitz-y-entorno-de-la-calle-vergel\\\/#respond\"]}]},{\"@type\":\"WebPage\",\"@id\":\"https:\\\/\\\/www.laguiadepamplona.com\\\/actualidad\\\/el-miercoles-30-de-abril-entran-en-vigor-las-ampliaciones-de-la-zona-azul-en-etxabakoitz-y-entorno-de-la-calle-vergel\\\/\",\"url\":\"https:\\\/\\\/www.laguiadepamplona.com\\\/actualidad\\\/el-miercoles-30-de-abril-entran-en-vigor-las-ampliaciones-de-la-zona-azul-en-etxabakoitz-y-entorno-de-la-calle-vergel\\\/\",\"name\":\"El mi\u00e9rcoles 30 de abril entran en vigor las ampliaciones de la zona azul en Etxabakoitz y entorno de la calle Vergel\",\"isPartOf\":{\"@id\":\"https:\\\/\\\/www.laguiadepamplona.com\\\/actualidad\\\/#website\"},\"primaryImageOfPage\":{\"@id\":\"https:\\\/\\\/www.laguiadepamplona.com\\\/actualidad\\\/el-miercoles-30-de-abril-entran-en-vigor-las-ampliaciones-de-la-zona-azul-en-etxabakoitz-y-entorno-de-la-calle-vergel\\\/#primaryimage\"},\"image\":{\"@id\":\"https:\\\/\\\/www.laguiadepamplona.com\\\/actualidad\\\/el-miercoles-30-de-abril-entran-en-vigor-las-ampliaciones-de-la-zona-azul-en-etxabakoitz-y-entorno-de-la-calle-vergel\\\/#primaryimage\"},\"thumbnailUrl\":\"https:\\\/\\\/www.laguiadepamplona.com\\\/actualidad\\\/wp-content\\\/uploads\\\/2022\\\/06\\\/zona_azul_plaza_libertad.webp\",\"datePublished\":\"2025-04-14T14:23:15+00:00\",\"description\":\"La Junta de Gobierno Local aprueba la modificaci\u00f3n de la Ordenanza municipal, que introduce cambios para flexibilizar l\u00edmites entre sectores vecinos\",\"breadcrumb\":{\"@id\":\"https:\\\/\\\/www.laguiadepamplona.com\\\/actualidad\\\/el-miercoles-30-de-abril-entran-en-vigor-las-ampliaciones-de-la-zona-azul-en-etxabakoitz-y-entorno-de-la-calle-vergel\\\/#breadcrumb\"},\"inLanguage\":\"es\",\"potentialAction\":[{\"@type\":\"ReadAction\",\"target\":[\"https:\\\/\\\/www.laguiadepamplona.com\\\/actualidad\\\/el-miercoles-30-de-abril-entran-en-vigor-las-ampliaciones-de-la-zona-azul-en-etxabakoitz-y-entorno-de-la-calle-vergel\\\/\"]}]},{\"@type\":\"ImageObject\",\"inLanguage\":\"es\",\"@id\":\"https:\\\/\\\/www.laguiadepamplona.com\\\/actualidad\\\/el-miercoles-30-de-abril-entran-en-vigor-las-ampliaciones-de-la-zona-azul-en-etxabakoitz-y-entorno-de-la-calle-vergel\\\/#primaryimage\",\"url\":\"https:\\\/\\\/www.laguiadepamplona.com\\\/actualidad\\\/wp-content\\\/uploads\\\/2022\\\/06\\\/zona_azul_plaza_libertad.webp\",\"contentUrl\":\"https:\\\/\\\/www.laguiadepamplona.com\\\/actualidad\\\/wp-content\\\/uploads\\\/2022\\\/06\\\/zona_azul_plaza_libertad.webp\",\"width\":1920,\"height\":1094,\"caption\":\"zona azul\"},{\"@type\":\"BreadcrumbList\",\"@id\":\"https:\\\/\\\/www.laguiadepamplona.com\\\/actualidad\\\/el-miercoles-30-de-abril-entran-en-vigor-las-ampliaciones-de-la-zona-azul-en-etxabakoitz-y-entorno-de-la-calle-vergel\\\/#breadcrumb\",\"itemListElement\":[{\"@type\":\"ListItem\",\"position\":1,\"name\":\"Portada\",\"item\":\"https:\\\/\\\/www.laguiadepamplona.com\\\/actualidad\\\/\"},{\"@type\":\"ListItem\",\"position\":2,\"name\":\"El mi\u00e9rcoles 30 de abril entran en vigor las ampliaciones de la zona azul en Etxabakoitz y entorno de la calle Vergel\"}]},{\"@type\":\"WebSite\",\"@id\":\"https:\\\/\\\/www.laguiadepamplona.com\\\/actualidad\\\/#website\",\"url\":\"https:\\\/\\\/www.laguiadepamplona.com\\\/actualidad\\\/\",\"name\":\"La gu\u00eda de Pamplona\",\"description\":\"Noticias de Pamplona\",\"publisher\":{\"@id\":\"https:\\\/\\\/www.laguiadepamplona.com\\\/actualidad\\\/#organization\"},\"potentialAction\":[{\"@type\":\"SearchAction\",\"target\":{\"@type\":\"EntryPoint\",\"urlTemplate\":\"https:\\\/\\\/www.laguiadepamplona.com\\\/actualidad\\\/?s={search_term_string}\"},\"query-input\":{\"@type\":\"PropertyValueSpecification\",\"valueRequired\":true,\"valueName\":\"search_term_string\"}}],\"inLanguage\":\"es\"},{\"@type\":\"Organization\",\"@id\":\"https:\\\/\\\/www.laguiadepamplona.com\\\/actualidad\\\/#organization\",\"name\":\"La Gu\u00eda de Pamplona \\\/ Noticias\",\"url\":\"https:\\\/\\\/www.laguiadepamplona.com\\\/actualidad\\\/\",\"logo\":{\"@type\":\"ImageObject\",\"inLanguage\":\"es\",\"@id\":\"https:\\\/\\\/www.laguiadepamplona.com\\\/actualidad\\\/#\\\/schema\\\/logo\\\/image\\\/\",\"url\":\"https:\\\/\\\/www.laguiadepamplona.com\\\/actualidad\\\/wp-content\\\/uploads\\\/2018\\\/11\\\/logo-laguiadepamplona18-web1.png\",\"contentUrl\":\"https:\\\/\\\/www.laguiadepamplona.com\\\/actualidad\\\/wp-content\\\/uploads\\\/2018\\\/11\\\/logo-laguiadepamplona18-web1.png\",\"width\":600,\"height\":196,\"caption\":\"La Gu\u00eda de Pamplona \\\/ Noticias\"},\"image\":{\"@id\":\"https:\\\/\\\/www.laguiadepamplona.com\\\/actualidad\\\/#\\\/schema\\\/logo\\\/image\\\/\"},\"sameAs\":[\"https:\\\/\\\/www.facebook.com\\\/laguiadepamplonacom-133175176762273\\\/?ref=hl\",\"https:\\\/\\\/x.com\\\/LaGuiadPamplona\",\"https:\\\/\\\/www.instagram.com\\\/la_guia_de_pamplona\\\/\",\"https:\\\/\\\/www.youtube.com\\\/user\\\/laguiadepamplona\"]},{\"@type\":\"Person\",\"@id\":\"https:\\\/\\\/www.laguiadepamplona.com\\\/actualidad\\\/#\\\/schema\\\/person\\\/efe887376f0213d4657c93adc50b1fdb\",\"name\":\"La Gu\u00eda de Pamplona\",\"image\":{\"@type\":\"ImageObject\",\"inLanguage\":\"es\",\"@id\":\"https:\\\/\\\/secure.gravatar.com\\\/avatar\\\/b6992f131dc8d30ab0dff15446e9d346d9dbd95992de0fef795073f5ea83a81c?s=96&d=mm&r=g\",\"url\":\"https:\\\/\\\/secure.gravatar.com\\\/avatar\\\/b6992f131dc8d30ab0dff15446e9d346d9dbd95992de0fef795073f5ea83a81c?s=96&d=mm&r=g\",\"contentUrl\":\"https:\\\/\\\/secure.gravatar.com\\\/avatar\\\/b6992f131dc8d30ab0dff15446e9d346d9dbd95992de0fef795073f5ea83a81c?s=96&d=mm&r=g\",\"caption\":\"La Gu\u00eda de Pamplona\"}}]}<\/script>\n<!-- \/ Yoast SEO plugin. -->","yoast_head_json":{"title":"El mi\u00e9rcoles 30 de abril entran en vigor las ampliaciones de la zona azul en Etxabakoitz y entorno de la calle Vergel","description":"La Junta de Gobierno Local aprueba la modificaci\u00f3n de la Ordenanza municipal, que introduce cambios para flexibilizar l\u00edmites entre sectores vecinos","robots":{"index":"index","follow":"follow","max-snippet":"max-snippet:-1","max-image-preview":"max-image-preview:large","max-video-preview":"max-video-preview:-1"},"canonical":"https:\/\/www.laguiadepamplona.com\/actualidad\/el-miercoles-30-de-abril-entran-en-vigor-las-ampliaciones-de-la-zona-azul-en-etxabakoitz-y-entorno-de-la-calle-vergel\/","og_locale":"es_ES","og_type":"article","og_title":"El mi\u00e9rcoles 30 de abril entran en vigor las ampliaciones de la zona azul en Etxabakoitz y entorno de la calle Vergel","og_description":"La Junta de Gobierno Local aprueba la modificaci\u00f3n de la Ordenanza municipal, que introduce cambios para flexibilizar l\u00edmites entre sectores vecinos","og_url":"https:\/\/www.laguiadepamplona.com\/actualidad\/el-miercoles-30-de-abril-entran-en-vigor-las-ampliaciones-de-la-zona-azul-en-etxabakoitz-y-entorno-de-la-calle-vergel\/","og_site_name":"La Gu\u00eda de Pamplona","article_publisher":"https:\/\/www.facebook.com\/laguiadepamplonacom-133175176762273\/?ref=hl","article_published_time":"2025-04-14T14:23:15+00:00","og_image":[{"width":1920,"height":1094,"url":"https:\/\/www.laguiadepamplona.com\/actualidad\/wp-content\/uploads\/2022\/06\/zona_azul_plaza_libertad.webp","type":"image\/webp"}],"author":"La Gu\u00eda de Pamplona","twitter_card":"summary_large_image","twitter_creator":"@LaGuiadPamplona","twitter_site":"@LaGuiadPamplona","twitter_misc":{"Escrito por":"La Gu\u00eda de Pamplona","Tiempo de lectura":"4 minutos"},"schema":{"@context":"https:\/\/schema.org","@graph":[{"@type":"Article","@id":"https:\/\/www.laguiadepamplona.com\/actualidad\/el-miercoles-30-de-abril-entran-en-vigor-las-ampliaciones-de-la-zona-azul-en-etxabakoitz-y-entorno-de-la-calle-vergel\/#article","isPartOf":{"@id":"https:\/\/www.laguiadepamplona.com\/actualidad\/el-miercoles-30-de-abril-entran-en-vigor-las-ampliaciones-de-la-zona-azul-en-etxabakoitz-y-entorno-de-la-calle-vergel\/"},"author":{"name":"La Gu\u00eda de Pamplona","@id":"https:\/\/www.laguiadepamplona.com\/actualidad\/#\/schema\/person\/efe887376f0213d4657c93adc50b1fdb"},"headline":"El mi\u00e9rcoles 30 de abril entran en vigor las ampliaciones de la zona azul en Etxabakoitz y entorno de la calle Vergel","datePublished":"2025-04-14T14:23:15+00:00","mainEntityOfPage":{"@id":"https:\/\/www.laguiadepamplona.com\/actualidad\/el-miercoles-30-de-abril-entran-en-vigor-las-ampliaciones-de-la-zona-azul-en-etxabakoitz-y-entorno-de-la-calle-vergel\/"},"wordCount":682,"commentCount":0,"publisher":{"@id":"https:\/\/www.laguiadepamplona.com\/actualidad\/#organization"},"image":{"@id":"https:\/\/www.laguiadepamplona.com\/actualidad\/el-miercoles-30-de-abril-entran-en-vigor-las-ampliaciones-de-la-zona-azul-en-etxabakoitz-y-entorno-de-la-calle-vergel\/#primaryimage"},"thumbnailUrl":"https:\/\/www.laguiadepamplona.com\/actualidad\/wp-content\/uploads\/2022\/06\/zona_azul_plaza_libertad.webp","articleSection":["Ayto Pamplona"],"inLanguage":"es","potentialAction":[{"@type":"CommentAction","name":"Comment","target":["https:\/\/www.laguiadepamplona.com\/actualidad\/el-miercoles-30-de-abril-entran-en-vigor-las-ampliaciones-de-la-zona-azul-en-etxabakoitz-y-entorno-de-la-calle-vergel\/#respond"]}]},{"@type":"WebPage","@id":"https:\/\/www.laguiadepamplona.com\/actualidad\/el-miercoles-30-de-abril-entran-en-vigor-las-ampliaciones-de-la-zona-azul-en-etxabakoitz-y-entorno-de-la-calle-vergel\/","url":"https:\/\/www.laguiadepamplona.com\/actualidad\/el-miercoles-30-de-abril-entran-en-vigor-las-ampliaciones-de-la-zona-azul-en-etxabakoitz-y-entorno-de-la-calle-vergel\/","name":"El mi\u00e9rcoles 30 de abril entran en vigor las ampliaciones de la zona azul en Etxabakoitz y entorno de la calle Vergel","isPartOf":{"@id":"https:\/\/www.laguiadepamplona.com\/actualidad\/#website"},"primaryImageOfPage":{"@id":"https:\/\/www.laguiadepamplona.com\/actualidad\/el-miercoles-30-de-abril-entran-en-vigor-las-ampliaciones-de-la-zona-azul-en-etxabakoitz-y-entorno-de-la-calle-vergel\/#primaryimage"},"image":{"@id":"https:\/\/www.laguiadepamplona.com\/actualidad\/el-miercoles-30-de-abril-entran-en-vigor-las-ampliaciones-de-la-zona-azul-en-etxabakoitz-y-entorno-de-la-calle-vergel\/#primaryimage"},"thumbnailUrl":"https:\/\/www.laguiadepamplona.com\/actualidad\/wp-content\/uploads\/2022\/06\/zona_azul_plaza_libertad.webp","datePublished":"2025-04-14T14:23:15+00:00","description":"La Junta de Gobierno Local aprueba la modificaci\u00f3n de la Ordenanza municipal, que introduce cambios para flexibilizar l\u00edmites entre sectores vecinos","breadcrumb":{"@id":"https:\/\/www.laguiadepamplona.com\/actualidad\/el-miercoles-30-de-abril-entran-en-vigor-las-ampliaciones-de-la-zona-azul-en-etxabakoitz-y-entorno-de-la-calle-vergel\/#breadcrumb"},"inLanguage":"es","potentialAction":[{"@type":"ReadAction","target":["https:\/\/www.laguiadepamplona.com\/actualidad\/el-miercoles-30-de-abril-entran-en-vigor-las-ampliaciones-de-la-zona-azul-en-etxabakoitz-y-entorno-de-la-calle-vergel\/"]}]},{"@type":"ImageObject","inLanguage":"es","@id":"https:\/\/www.laguiadepamplona.com\/actualidad\/el-miercoles-30-de-abril-entran-en-vigor-las-ampliaciones-de-la-zona-azul-en-etxabakoitz-y-entorno-de-la-calle-vergel\/#primaryimage","url":"https:\/\/www.laguiadepamplona.com\/actualidad\/wp-content\/uploads\/2022\/06\/zona_azul_plaza_libertad.webp","contentUrl":"https:\/\/www.laguiadepamplona.com\/actualidad\/wp-content\/uploads\/2022\/06\/zona_azul_plaza_libertad.webp","width":1920,"height":1094,"caption":"zona azul"},{"@type":"BreadcrumbList","@id":"https:\/\/www.laguiadepamplona.com\/actualidad\/el-miercoles-30-de-abril-entran-en-vigor-las-ampliaciones-de-la-zona-azul-en-etxabakoitz-y-entorno-de-la-calle-vergel\/#breadcrumb","itemListElement":[{"@type":"ListItem","position":1,"name":"Portada","item":"https:\/\/www.laguiadepamplona.com\/actualidad\/"},{"@type":"ListItem","position":2,"name":"El mi\u00e9rcoles 30 de abril entran en vigor las ampliaciones de la zona azul en Etxabakoitz y entorno de la calle Vergel"}]},{"@type":"WebSite","@id":"https:\/\/www.laguiadepamplona.com\/actualidad\/#website","url":"https:\/\/www.laguiadepamplona.com\/actualidad\/","name":"La gu\u00eda de Pamplona","description":"Noticias de Pamplona","publisher":{"@id":"https:\/\/www.laguiadepamplona.com\/actualidad\/#organization"},"potentialAction":[{"@type":"SearchAction","target":{"@type":"EntryPoint","urlTemplate":"https:\/\/www.laguiadepamplona.com\/actualidad\/?s={search_term_string}"},"query-input":{"@type":"PropertyValueSpecification","valueRequired":true,"valueName":"search_term_string"}}],"inLanguage":"es"},{"@type":"Organization","@id":"https:\/\/www.laguiadepamplona.com\/actualidad\/#organization","name":"La Gu\u00eda de Pamplona \/ Noticias","url":"https:\/\/www.laguiadepamplona.com\/actualidad\/","logo":{"@type":"ImageObject","inLanguage":"es","@id":"https:\/\/www.laguiadepamplona.com\/actualidad\/#\/schema\/logo\/image\/","url":"https:\/\/www.laguiadepamplona.com\/actualidad\/wp-content\/uploads\/2018\/11\/logo-laguiadepamplona18-web1.png","contentUrl":"https:\/\/www.laguiadepamplona.com\/actualidad\/wp-content\/uploads\/2018\/11\/logo-laguiadepamplona18-web1.png","width":600,"height":196,"caption":"La Gu\u00eda de Pamplona \/ Noticias"},"image":{"@id":"https:\/\/www.laguiadepamplona.com\/actualidad\/#\/schema\/logo\/image\/"},"sameAs":["https:\/\/www.facebook.com\/laguiadepamplonacom-133175176762273\/?ref=hl","https:\/\/x.com\/LaGuiadPamplona","https:\/\/www.instagram.com\/la_guia_de_pamplona\/","https:\/\/www.youtube.com\/user\/laguiadepamplona"]},{"@type":"Person","@id":"https:\/\/www.laguiadepamplona.com\/actualidad\/#\/schema\/person\/efe887376f0213d4657c93adc50b1fdb","name":"La Gu\u00eda de Pamplona","image":{"@type":"ImageObject","inLanguage":"es","@id":"https:\/\/secure.gravatar.com\/avatar\/b6992f131dc8d30ab0dff15446e9d346d9dbd95992de0fef795073f5ea83a81c?s=96&d=mm&r=g","url":"https:\/\/secure.gravatar.com\/avatar\/b6992f131dc8d30ab0dff15446e9d346d9dbd95992de0fef795073f5ea83a81c?s=96&d=mm&r=g","contentUrl":"https:\/\/secure.gravatar.com\/avatar\/b6992f131dc8d30ab0dff15446e9d346d9dbd95992de0fef795073f5ea83a81c?s=96&d=mm&r=g","caption":"La Gu\u00eda de Pamplona"}}]}},"post_mailing_queue_ids":[],"_links":{"self":[{"href":"https:\/\/www.laguiadepamplona.com\/actualidad\/wp-json\/wp\/v2\/posts\/52755","targetHints":{"allow":["GET"]}}],"collection":[{"href":"https:\/\/www.laguiadepamplona.com\/actualidad\/wp-json\/wp\/v2\/posts"}],"about":[{"href":"https:\/\/www.laguiadepamplona.com\/actualidad\/wp-json\/wp\/v2\/types\/post"}],"author":[{"embeddable":true,"href":"https:\/\/www.laguiadepamplona.com\/actualidad\/wp-json\/wp\/v2\/users\/1"}],"replies":[{"embeddable":true,"href":"https:\/\/www.laguiadepamplona.com\/actualidad\/wp-json\/wp\/v2\/comments?post=52755"}],"version-history":[{"count":1,"href":"https:\/\/www.laguiadepamplona.com\/actualidad\/wp-json\/wp\/v2\/posts\/52755\/revisions"}],"predecessor-version":[{"id":52756,"href":"https:\/\/www.laguiadepamplona.com\/actualidad\/wp-json\/wp\/v2\/posts\/52755\/revisions\/52756"}],"wp:featuredmedia":[{"embeddable":true,"href":"https:\/\/www.laguiadepamplona.com\/actualidad\/wp-json\/wp\/v2\/media\/41031"}],"wp:attachment":[{"href":"https:\/\/www.laguiadepamplona.com\/actualidad\/wp-json\/wp\/v2\/media?parent=52755"}],"wp:term":[{"taxonomy":"category","embeddable":true,"href":"https:\/\/www.laguiadepamplona.com\/actualidad\/wp-json\/wp\/v2\/categories?post=52755"},{"taxonomy":"post_tag","embeddable":true,"href":"https:\/\/www.laguiadepamplona.com\/actualidad\/wp-json\/wp\/v2\/tags?post=52755"}],"curies":[{"name":"wp","href":"https:\/\/api.w.org\/{rel}","templated":true}]}}