{"id":52742,"date":"2025-04-14T15:32:58","date_gmt":"2025-04-14T13:32:58","guid":{"rendered":"https:\/\/www.laguiadepamplona.com\/actualidad\/?p=52742"},"modified":"2025-04-14T15:32:58","modified_gmt":"2025-04-14T13:32:58","slug":"una-jornada-sobre-oportunidades-en-el-comercio-urbano-abre-la-nueva-edicion-del-programa-pamplona-emprende","status":"publish","type":"post","link":"https:\/\/www.laguiadepamplona.com\/actualidad\/una-jornada-sobre-oportunidades-en-el-comercio-urbano-abre-la-nueva-edicion-del-programa-pamplona-emprende\/","title":{"rendered":"Una jornada sobre oportunidades en el comercio urbano abre la nueva edici\u00f3n del programa Pamplona Emprende"},"content":{"rendered":"<h2>Esta iniciativa busca promover el emprendimiento entre la ciudadan\u00eda, mediante un programa de apoyo, formaci\u00f3n y mentor\u00eda<\/h2>\n<p><!--more--><\/p>\n<p>Varias decenas de personas han participado esta ma\u00f1ana en la primera de varias sesiones informativas organizadas dentro del programa Iru\u00f1a Ekintzaile \u2013 Pamplona Emprende, con el que el Ayuntamiento de Pamplona y el Centro Europeo de Empresas e Innovaci\u00f3n de Navarra (CEIN) quieren promover el emprendimiento. En esta nueva edici\u00f3n, bautizada como \u2018Comercio de verdad\u2019, ambas entidades buscan impulsar, fortalecer y revitalizar el comercio de la capital navarra.<\/p>\n<p>Precisamente la jornada informativa celebrada hoy, en el edificio de las Salesas, ha girado sobre las tendencias y oportunidades en comercio urbano. El concejal de Promoci\u00f3n Econ\u00f3mica, Proyecci\u00f3n Europea, Innovaci\u00f3n, Juventud y Cooperaci\u00f3n al Desarrollo del Ayuntamiento de Pamplona, Mikel Armend\u00e1riz Barnechea, ha inaugurado la jornada, en la que han participado, tambi\u00e9n, la consultora Zorraquino de dise\u00f1o estrat\u00e9gico, el escritor y formador en creatividad Mikel Alvira y la especialista en liderazgo Maitena Salinas. En la charla, adem\u00e1s de las tendencias y oportunidades en el comercio, se ha abordado tambi\u00e9n la creatividad como herramienta para destacar en el comercio local y el papel de las peque\u00f1as tiendas. La directora gerente de CEIN, Uxue Itoiz Mari\u00f1elarena, ha sido la encargada de la clausura del evento.<\/p>\n<p>Junto a esta jornada, Ayuntamiento y CEIN organizar\u00e1n varias m\u00e1s en las pr\u00f3ximas semanas en torno a tem\u00e1ticas relacionadas con el comercio, con el objetivo de formar y presentar nuevas perspectivas tanto a quienes quieran emprender como a los comercios consolidados. Son la antesala del programa Iru\u00f1a Ekintzaile \u2013 Pamplona Emprende, para el que todav\u00eda est\u00e1 el plazo de <a href=\"https:\/\/ceinnavarra.typeform.com\/to\/kXyQmNjd?typeform-source=www.cein.es\" target=\"_blank\" rel=\"noopener\">inscripci\u00f3n abierto<\/a>.<\/p>\n<p>El programa est\u00e1 orientado a personas interesadas en emprender en el sector comercial en Pamplona, ya sea con una idea propia o como sucesores de un negocio ya establecido, y tambi\u00e9n a comerciantes que deseen optimizar y mejorar su estrategia de negocio. Iru\u00f1a Ekintzaile \u2013 Pamplona Emprende ofrece un itinerario de emprendimiento especializado en el \u00e1mbito comercial, dise\u00f1ado para acompa\u00f1ar a cada participante en el proceso de creaci\u00f3n de un nuevo negocio, en el fortalecimiento de uno ya existente o en el traspaso de un comercio. Mediante la interacci\u00f3n continua de estos tres perfiles, se analizar\u00e1n experiencias, necesidades y oportunidades, contribuyendo as\u00ed al enriquecimiento y fortalecimiento del ecosistema comercial de Pamplona.<\/p>\n<p>As\u00ed, se desarrollar\u00e1 un ciclo de trabajo de seis semanas de duraci\u00f3n, que se replicar\u00e1 tres veces a lo largo del a\u00f1o, en los meses de mayo, agosto y octubre. Durante esas seis semanas, se desplegar\u00e1 un programa de sesiones te\u00f3ricas y pr\u00e1cticas sobre tendencias, creaci\u00f3n y desarrollo del comercio local, complementado con tutor\u00edas individuales y continuadas para apoyar a las perdonas participantes a lo largo del proceso.<\/p>\n","protected":false},"excerpt":{"rendered":"<p>Esta iniciativa busca promover el emprendimiento entre la ciudadan\u00eda, mediante un programa de apoyo, formaci\u00f3n y mentor\u00eda<\/p>\n","protected":false},"author":1,"featured_media":52743,"comment_status":"open","ping_status":"closed","sticky":false,"template":"","format":"standard","meta":{"footnotes":""},"categories":[2],"tags":[],"class_list":["post-52742","post","type-post","status-publish","format-standard","has-post-thumbnail","hentry","category-ayuntamiento-pamplona"],"yoast_head":"<!-- This site is optimized with the Yoast SEO plugin v27.3 - https:\/\/yoast.com\/product\/yoast-seo-wordpress\/ -->\n<title>Una jornada sobre oportunidades en el comercio urbano abre la nueva edici\u00f3n del programa Pamplona Emprende<\/title>\n<meta name=\"description\" content=\"Esta iniciativa busca promover el emprendimiento entre la ciudadan\u00eda, mediante un programa de apoyo, formaci\u00f3n y mentor\u00eda\" \/>\n<meta name=\"robots\" content=\"index, follow, max-snippet:-1, max-image-preview:large, max-video-preview:-1\" \/>\n<link rel=\"canonical\" href=\"https:\/\/www.laguiadepamplona.com\/actualidad\/una-jornada-sobre-oportunidades-en-el-comercio-urbano-abre-la-nueva-edicion-del-programa-pamplona-emprende\/\" \/>\n<meta property=\"og:locale\" content=\"es_ES\" \/>\n<meta property=\"og:type\" content=\"article\" \/>\n<meta property=\"og:title\" content=\"Una jornada sobre oportunidades en el comercio urbano abre la nueva edici\u00f3n del programa Pamplona Emprende\" \/>\n<meta property=\"og:description\" content=\"Esta iniciativa busca promover el emprendimiento entre la ciudadan\u00eda, mediante un programa de apoyo, formaci\u00f3n y mentor\u00eda\" \/>\n<meta property=\"og:url\" content=\"https:\/\/www.laguiadepamplona.com\/actualidad\/una-jornada-sobre-oportunidades-en-el-comercio-urbano-abre-la-nueva-edicion-del-programa-pamplona-emprende\/\" \/>\n<meta property=\"og:site_name\" content=\"La Gu\u00eda de Pamplona\" \/>\n<meta property=\"article:publisher\" content=\"https:\/\/www.facebook.com\/laguiadepamplonacom-133175176762273\/?ref=hl\" \/>\n<meta property=\"article:published_time\" content=\"2025-04-14T13:32:58+00:00\" \/>\n<meta property=\"og:image\" content=\"https:\/\/www.laguiadepamplona.com\/actualidad\/wp-content\/uploads\/2025\/04\/iniciopamplonaemprendedsc2297_0.webp\" \/>\n\t<meta property=\"og:image:width\" content=\"1000\" \/>\n\t<meta property=\"og:image:height\" content=\"666\" \/>\n\t<meta property=\"og:image:type\" content=\"image\/webp\" \/>\n<meta name=\"author\" content=\"La Gu\u00eda de Pamplona\" \/>\n<meta name=\"twitter:card\" content=\"summary_large_image\" \/>\n<meta name=\"twitter:creator\" content=\"@LaGuiadPamplona\" \/>\n<meta name=\"twitter:site\" content=\"@LaGuiadPamplona\" \/>\n<meta name=\"twitter:label1\" content=\"Escrito por\" \/>\n\t<meta name=\"twitter:data1\" content=\"La Gu\u00eda de Pamplona\" \/>\n\t<meta name=\"twitter:label2\" content=\"Tiempo de lectura\" \/>\n\t<meta name=\"twitter:data2\" content=\"3 minutos\" \/>\n<script type=\"application\/ld+json\" class=\"yoast-schema-graph\">{\"@context\":\"https:\\\/\\\/schema.org\",\"@graph\":[{\"@type\":\"Article\",\"@id\":\"https:\\\/\\\/www.laguiadepamplona.com\\\/actualidad\\\/una-jornada-sobre-oportunidades-en-el-comercio-urbano-abre-la-nueva-edicion-del-programa-pamplona-emprende\\\/#article\",\"isPartOf\":{\"@id\":\"https:\\\/\\\/www.laguiadepamplona.com\\\/actualidad\\\/una-jornada-sobre-oportunidades-en-el-comercio-urbano-abre-la-nueva-edicion-del-programa-pamplona-emprende\\\/\"},\"author\":{\"name\":\"La Gu\u00eda de Pamplona\",\"@id\":\"https:\\\/\\\/www.laguiadepamplona.com\\\/actualidad\\\/#\\\/schema\\\/person\\\/efe887376f0213d4657c93adc50b1fdb\"},\"headline\":\"Una jornada sobre oportunidades en el comercio urbano abre la nueva edici\u00f3n del programa Pamplona Emprende\",\"datePublished\":\"2025-04-14T13:32:58+00:00\",\"mainEntityOfPage\":{\"@id\":\"https:\\\/\\\/www.laguiadepamplona.com\\\/actualidad\\\/una-jornada-sobre-oportunidades-en-el-comercio-urbano-abre-la-nueva-edicion-del-programa-pamplona-emprende\\\/\"},\"wordCount\":502,\"commentCount\":0,\"publisher\":{\"@id\":\"https:\\\/\\\/www.laguiadepamplona.com\\\/actualidad\\\/#organization\"},\"image\":{\"@id\":\"https:\\\/\\\/www.laguiadepamplona.com\\\/actualidad\\\/una-jornada-sobre-oportunidades-en-el-comercio-urbano-abre-la-nueva-edicion-del-programa-pamplona-emprende\\\/#primaryimage\"},\"thumbnailUrl\":\"https:\\\/\\\/www.laguiadepamplona.com\\\/actualidad\\\/wp-content\\\/uploads\\\/2025\\\/04\\\/iniciopamplonaemprendedsc2297_0.webp\",\"articleSection\":[\"Ayto Pamplona\"],\"inLanguage\":\"es\",\"potentialAction\":[{\"@type\":\"CommentAction\",\"name\":\"Comment\",\"target\":[\"https:\\\/\\\/www.laguiadepamplona.com\\\/actualidad\\\/una-jornada-sobre-oportunidades-en-el-comercio-urbano-abre-la-nueva-edicion-del-programa-pamplona-emprende\\\/#respond\"]}]},{\"@type\":\"WebPage\",\"@id\":\"https:\\\/\\\/www.laguiadepamplona.com\\\/actualidad\\\/una-jornada-sobre-oportunidades-en-el-comercio-urbano-abre-la-nueva-edicion-del-programa-pamplona-emprende\\\/\",\"url\":\"https:\\\/\\\/www.laguiadepamplona.com\\\/actualidad\\\/una-jornada-sobre-oportunidades-en-el-comercio-urbano-abre-la-nueva-edicion-del-programa-pamplona-emprende\\\/\",\"name\":\"Una jornada sobre oportunidades en el comercio urbano abre la nueva edici\u00f3n del programa Pamplona Emprende\",\"isPartOf\":{\"@id\":\"https:\\\/\\\/www.laguiadepamplona.com\\\/actualidad\\\/#website\"},\"primaryImageOfPage\":{\"@id\":\"https:\\\/\\\/www.laguiadepamplona.com\\\/actualidad\\\/una-jornada-sobre-oportunidades-en-el-comercio-urbano-abre-la-nueva-edicion-del-programa-pamplona-emprende\\\/#primaryimage\"},\"image\":{\"@id\":\"https:\\\/\\\/www.laguiadepamplona.com\\\/actualidad\\\/una-jornada-sobre-oportunidades-en-el-comercio-urbano-abre-la-nueva-edicion-del-programa-pamplona-emprende\\\/#primaryimage\"},\"thumbnailUrl\":\"https:\\\/\\\/www.laguiadepamplona.com\\\/actualidad\\\/wp-content\\\/uploads\\\/2025\\\/04\\\/iniciopamplonaemprendedsc2297_0.webp\",\"datePublished\":\"2025-04-14T13:32:58+00:00\",\"description\":\"Esta iniciativa busca promover el emprendimiento entre la ciudadan\u00eda, mediante un programa de apoyo, formaci\u00f3n y mentor\u00eda\",\"breadcrumb\":{\"@id\":\"https:\\\/\\\/www.laguiadepamplona.com\\\/actualidad\\\/una-jornada-sobre-oportunidades-en-el-comercio-urbano-abre-la-nueva-edicion-del-programa-pamplona-emprende\\\/#breadcrumb\"},\"inLanguage\":\"es\",\"potentialAction\":[{\"@type\":\"ReadAction\",\"target\":[\"https:\\\/\\\/www.laguiadepamplona.com\\\/actualidad\\\/una-jornada-sobre-oportunidades-en-el-comercio-urbano-abre-la-nueva-edicion-del-programa-pamplona-emprende\\\/\"]}]},{\"@type\":\"ImageObject\",\"inLanguage\":\"es\",\"@id\":\"https:\\\/\\\/www.laguiadepamplona.com\\\/actualidad\\\/una-jornada-sobre-oportunidades-en-el-comercio-urbano-abre-la-nueva-edicion-del-programa-pamplona-emprende\\\/#primaryimage\",\"url\":\"https:\\\/\\\/www.laguiadepamplona.com\\\/actualidad\\\/wp-content\\\/uploads\\\/2025\\\/04\\\/iniciopamplonaemprendedsc2297_0.webp\",\"contentUrl\":\"https:\\\/\\\/www.laguiadepamplona.com\\\/actualidad\\\/wp-content\\\/uploads\\\/2025\\\/04\\\/iniciopamplonaemprendedsc2297_0.webp\",\"width\":1000,\"height\":666,\"caption\":\"inicio pamplona emprende\"},{\"@type\":\"BreadcrumbList\",\"@id\":\"https:\\\/\\\/www.laguiadepamplona.com\\\/actualidad\\\/una-jornada-sobre-oportunidades-en-el-comercio-urbano-abre-la-nueva-edicion-del-programa-pamplona-emprende\\\/#breadcrumb\",\"itemListElement\":[{\"@type\":\"ListItem\",\"position\":1,\"name\":\"Portada\",\"item\":\"https:\\\/\\\/www.laguiadepamplona.com\\\/actualidad\\\/\"},{\"@type\":\"ListItem\",\"position\":2,\"name\":\"Una jornada sobre oportunidades en el comercio urbano abre la nueva edici\u00f3n del programa Pamplona Emprende\"}]},{\"@type\":\"WebSite\",\"@id\":\"https:\\\/\\\/www.laguiadepamplona.com\\\/actualidad\\\/#website\",\"url\":\"https:\\\/\\\/www.laguiadepamplona.com\\\/actualidad\\\/\",\"name\":\"La gu\u00eda de Pamplona\",\"description\":\"Noticias de Pamplona\",\"publisher\":{\"@id\":\"https:\\\/\\\/www.laguiadepamplona.com\\\/actualidad\\\/#organization\"},\"potentialAction\":[{\"@type\":\"SearchAction\",\"target\":{\"@type\":\"EntryPoint\",\"urlTemplate\":\"https:\\\/\\\/www.laguiadepamplona.com\\\/actualidad\\\/?s={search_term_string}\"},\"query-input\":{\"@type\":\"PropertyValueSpecification\",\"valueRequired\":true,\"valueName\":\"search_term_string\"}}],\"inLanguage\":\"es\"},{\"@type\":\"Organization\",\"@id\":\"https:\\\/\\\/www.laguiadepamplona.com\\\/actualidad\\\/#organization\",\"name\":\"La Gu\u00eda de Pamplona \\\/ Noticias\",\"url\":\"https:\\\/\\\/www.laguiadepamplona.com\\\/actualidad\\\/\",\"logo\":{\"@type\":\"ImageObject\",\"inLanguage\":\"es\",\"@id\":\"https:\\\/\\\/www.laguiadepamplona.com\\\/actualidad\\\/#\\\/schema\\\/logo\\\/image\\\/\",\"url\":\"https:\\\/\\\/www.laguiadepamplona.com\\\/actualidad\\\/wp-content\\\/uploads\\\/2018\\\/11\\\/logo-laguiadepamplona18-web1.png\",\"contentUrl\":\"https:\\\/\\\/www.laguiadepamplona.com\\\/actualidad\\\/wp-content\\\/uploads\\\/2018\\\/11\\\/logo-laguiadepamplona18-web1.png\",\"width\":600,\"height\":196,\"caption\":\"La Gu\u00eda de Pamplona \\\/ Noticias\"},\"image\":{\"@id\":\"https:\\\/\\\/www.laguiadepamplona.com\\\/actualidad\\\/#\\\/schema\\\/logo\\\/image\\\/\"},\"sameAs\":[\"https:\\\/\\\/www.facebook.com\\\/laguiadepamplonacom-133175176762273\\\/?ref=hl\",\"https:\\\/\\\/x.com\\\/LaGuiadPamplona\",\"https:\\\/\\\/www.instagram.com\\\/la_guia_de_pamplona\\\/\",\"https:\\\/\\\/www.youtube.com\\\/user\\\/laguiadepamplona\"]},{\"@type\":\"Person\",\"@id\":\"https:\\\/\\\/www.laguiadepamplona.com\\\/actualidad\\\/#\\\/schema\\\/person\\\/efe887376f0213d4657c93adc50b1fdb\",\"name\":\"La Gu\u00eda de Pamplona\",\"image\":{\"@type\":\"ImageObject\",\"inLanguage\":\"es\",\"@id\":\"https:\\\/\\\/secure.gravatar.com\\\/avatar\\\/b6992f131dc8d30ab0dff15446e9d346d9dbd95992de0fef795073f5ea83a81c?s=96&d=mm&r=g\",\"url\":\"https:\\\/\\\/secure.gravatar.com\\\/avatar\\\/b6992f131dc8d30ab0dff15446e9d346d9dbd95992de0fef795073f5ea83a81c?s=96&d=mm&r=g\",\"contentUrl\":\"https:\\\/\\\/secure.gravatar.com\\\/avatar\\\/b6992f131dc8d30ab0dff15446e9d346d9dbd95992de0fef795073f5ea83a81c?s=96&d=mm&r=g\",\"caption\":\"La Gu\u00eda de Pamplona\"}}]}<\/script>\n<!-- \/ Yoast SEO plugin. -->","yoast_head_json":{"title":"Una jornada sobre oportunidades en el comercio urbano abre la nueva edici\u00f3n del programa Pamplona Emprende","description":"Esta iniciativa busca promover el emprendimiento entre la ciudadan\u00eda, mediante un programa de apoyo, formaci\u00f3n y mentor\u00eda","robots":{"index":"index","follow":"follow","max-snippet":"max-snippet:-1","max-image-preview":"max-image-preview:large","max-video-preview":"max-video-preview:-1"},"canonical":"https:\/\/www.laguiadepamplona.com\/actualidad\/una-jornada-sobre-oportunidades-en-el-comercio-urbano-abre-la-nueva-edicion-del-programa-pamplona-emprende\/","og_locale":"es_ES","og_type":"article","og_title":"Una jornada sobre oportunidades en el comercio urbano abre la nueva edici\u00f3n del programa Pamplona Emprende","og_description":"Esta iniciativa busca promover el emprendimiento entre la ciudadan\u00eda, mediante un programa de apoyo, formaci\u00f3n y mentor\u00eda","og_url":"https:\/\/www.laguiadepamplona.com\/actualidad\/una-jornada-sobre-oportunidades-en-el-comercio-urbano-abre-la-nueva-edicion-del-programa-pamplona-emprende\/","og_site_name":"La Gu\u00eda de Pamplona","article_publisher":"https:\/\/www.facebook.com\/laguiadepamplonacom-133175176762273\/?ref=hl","article_published_time":"2025-04-14T13:32:58+00:00","og_image":[{"width":1000,"height":666,"url":"https:\/\/www.laguiadepamplona.com\/actualidad\/wp-content\/uploads\/2025\/04\/iniciopamplonaemprendedsc2297_0.webp","type":"image\/webp"}],"author":"La Gu\u00eda de Pamplona","twitter_card":"summary_large_image","twitter_creator":"@LaGuiadPamplona","twitter_site":"@LaGuiadPamplona","twitter_misc":{"Escrito por":"La Gu\u00eda de Pamplona","Tiempo de lectura":"3 minutos"},"schema":{"@context":"https:\/\/schema.org","@graph":[{"@type":"Article","@id":"https:\/\/www.laguiadepamplona.com\/actualidad\/una-jornada-sobre-oportunidades-en-el-comercio-urbano-abre-la-nueva-edicion-del-programa-pamplona-emprende\/#article","isPartOf":{"@id":"https:\/\/www.laguiadepamplona.com\/actualidad\/una-jornada-sobre-oportunidades-en-el-comercio-urbano-abre-la-nueva-edicion-del-programa-pamplona-emprende\/"},"author":{"name":"La Gu\u00eda de Pamplona","@id":"https:\/\/www.laguiadepamplona.com\/actualidad\/#\/schema\/person\/efe887376f0213d4657c93adc50b1fdb"},"headline":"Una jornada sobre oportunidades en el comercio urbano abre la nueva edici\u00f3n del programa Pamplona Emprende","datePublished":"2025-04-14T13:32:58+00:00","mainEntityOfPage":{"@id":"https:\/\/www.laguiadepamplona.com\/actualidad\/una-jornada-sobre-oportunidades-en-el-comercio-urbano-abre-la-nueva-edicion-del-programa-pamplona-emprende\/"},"wordCount":502,"commentCount":0,"publisher":{"@id":"https:\/\/www.laguiadepamplona.com\/actualidad\/#organization"},"image":{"@id":"https:\/\/www.laguiadepamplona.com\/actualidad\/una-jornada-sobre-oportunidades-en-el-comercio-urbano-abre-la-nueva-edicion-del-programa-pamplona-emprende\/#primaryimage"},"thumbnailUrl":"https:\/\/www.laguiadepamplona.com\/actualidad\/wp-content\/uploads\/2025\/04\/iniciopamplonaemprendedsc2297_0.webp","articleSection":["Ayto Pamplona"],"inLanguage":"es","potentialAction":[{"@type":"CommentAction","name":"Comment","target":["https:\/\/www.laguiadepamplona.com\/actualidad\/una-jornada-sobre-oportunidades-en-el-comercio-urbano-abre-la-nueva-edicion-del-programa-pamplona-emprende\/#respond"]}]},{"@type":"WebPage","@id":"https:\/\/www.laguiadepamplona.com\/actualidad\/una-jornada-sobre-oportunidades-en-el-comercio-urbano-abre-la-nueva-edicion-del-programa-pamplona-emprende\/","url":"https:\/\/www.laguiadepamplona.com\/actualidad\/una-jornada-sobre-oportunidades-en-el-comercio-urbano-abre-la-nueva-edicion-del-programa-pamplona-emprende\/","name":"Una jornada sobre oportunidades en el comercio urbano abre la nueva edici\u00f3n del programa Pamplona Emprende","isPartOf":{"@id":"https:\/\/www.laguiadepamplona.com\/actualidad\/#website"},"primaryImageOfPage":{"@id":"https:\/\/www.laguiadepamplona.com\/actualidad\/una-jornada-sobre-oportunidades-en-el-comercio-urbano-abre-la-nueva-edicion-del-programa-pamplona-emprende\/#primaryimage"},"image":{"@id":"https:\/\/www.laguiadepamplona.com\/actualidad\/una-jornada-sobre-oportunidades-en-el-comercio-urbano-abre-la-nueva-edicion-del-programa-pamplona-emprende\/#primaryimage"},"thumbnailUrl":"https:\/\/www.laguiadepamplona.com\/actualidad\/wp-content\/uploads\/2025\/04\/iniciopamplonaemprendedsc2297_0.webp","datePublished":"2025-04-14T13:32:58+00:00","description":"Esta iniciativa busca promover el emprendimiento entre la ciudadan\u00eda, mediante un programa de apoyo, formaci\u00f3n y mentor\u00eda","breadcrumb":{"@id":"https:\/\/www.laguiadepamplona.com\/actualidad\/una-jornada-sobre-oportunidades-en-el-comercio-urbano-abre-la-nueva-edicion-del-programa-pamplona-emprende\/#breadcrumb"},"inLanguage":"es","potentialAction":[{"@type":"ReadAction","target":["https:\/\/www.laguiadepamplona.com\/actualidad\/una-jornada-sobre-oportunidades-en-el-comercio-urbano-abre-la-nueva-edicion-del-programa-pamplona-emprende\/"]}]},{"@type":"ImageObject","inLanguage":"es","@id":"https:\/\/www.laguiadepamplona.com\/actualidad\/una-jornada-sobre-oportunidades-en-el-comercio-urbano-abre-la-nueva-edicion-del-programa-pamplona-emprende\/#primaryimage","url":"https:\/\/www.laguiadepamplona.com\/actualidad\/wp-content\/uploads\/2025\/04\/iniciopamplonaemprendedsc2297_0.webp","contentUrl":"https:\/\/www.laguiadepamplona.com\/actualidad\/wp-content\/uploads\/2025\/04\/iniciopamplonaemprendedsc2297_0.webp","width":1000,"height":666,"caption":"inicio pamplona emprende"},{"@type":"BreadcrumbList","@id":"https:\/\/www.laguiadepamplona.com\/actualidad\/una-jornada-sobre-oportunidades-en-el-comercio-urbano-abre-la-nueva-edicion-del-programa-pamplona-emprende\/#breadcrumb","itemListElement":[{"@type":"ListItem","position":1,"name":"Portada","item":"https:\/\/www.laguiadepamplona.com\/actualidad\/"},{"@type":"ListItem","position":2,"name":"Una jornada sobre oportunidades en el comercio urbano abre la nueva edici\u00f3n del programa Pamplona Emprende"}]},{"@type":"WebSite","@id":"https:\/\/www.laguiadepamplona.com\/actualidad\/#website","url":"https:\/\/www.laguiadepamplona.com\/actualidad\/","name":"La gu\u00eda de Pamplona","description":"Noticias de Pamplona","publisher":{"@id":"https:\/\/www.laguiadepamplona.com\/actualidad\/#organization"},"potentialAction":[{"@type":"SearchAction","target":{"@type":"EntryPoint","urlTemplate":"https:\/\/www.laguiadepamplona.com\/actualidad\/?s={search_term_string}"},"query-input":{"@type":"PropertyValueSpecification","valueRequired":true,"valueName":"search_term_string"}}],"inLanguage":"es"},{"@type":"Organization","@id":"https:\/\/www.laguiadepamplona.com\/actualidad\/#organization","name":"La Gu\u00eda de Pamplona \/ Noticias","url":"https:\/\/www.laguiadepamplona.com\/actualidad\/","logo":{"@type":"ImageObject","inLanguage":"es","@id":"https:\/\/www.laguiadepamplona.com\/actualidad\/#\/schema\/logo\/image\/","url":"https:\/\/www.laguiadepamplona.com\/actualidad\/wp-content\/uploads\/2018\/11\/logo-laguiadepamplona18-web1.png","contentUrl":"https:\/\/www.laguiadepamplona.com\/actualidad\/wp-content\/uploads\/2018\/11\/logo-laguiadepamplona18-web1.png","width":600,"height":196,"caption":"La Gu\u00eda de Pamplona \/ Noticias"},"image":{"@id":"https:\/\/www.laguiadepamplona.com\/actualidad\/#\/schema\/logo\/image\/"},"sameAs":["https:\/\/www.facebook.com\/laguiadepamplonacom-133175176762273\/?ref=hl","https:\/\/x.com\/LaGuiadPamplona","https:\/\/www.instagram.com\/la_guia_de_pamplona\/","https:\/\/www.youtube.com\/user\/laguiadepamplona"]},{"@type":"Person","@id":"https:\/\/www.laguiadepamplona.com\/actualidad\/#\/schema\/person\/efe887376f0213d4657c93adc50b1fdb","name":"La Gu\u00eda de Pamplona","image":{"@type":"ImageObject","inLanguage":"es","@id":"https:\/\/secure.gravatar.com\/avatar\/b6992f131dc8d30ab0dff15446e9d346d9dbd95992de0fef795073f5ea83a81c?s=96&d=mm&r=g","url":"https:\/\/secure.gravatar.com\/avatar\/b6992f131dc8d30ab0dff15446e9d346d9dbd95992de0fef795073f5ea83a81c?s=96&d=mm&r=g","contentUrl":"https:\/\/secure.gravatar.com\/avatar\/b6992f131dc8d30ab0dff15446e9d346d9dbd95992de0fef795073f5ea83a81c?s=96&d=mm&r=g","caption":"La Gu\u00eda de Pamplona"}}]}},"post_mailing_queue_ids":[],"_links":{"self":[{"href":"https:\/\/www.laguiadepamplona.com\/actualidad\/wp-json\/wp\/v2\/posts\/52742","targetHints":{"allow":["GET"]}}],"collection":[{"href":"https:\/\/www.laguiadepamplona.com\/actualidad\/wp-json\/wp\/v2\/posts"}],"about":[{"href":"https:\/\/www.laguiadepamplona.com\/actualidad\/wp-json\/wp\/v2\/types\/post"}],"author":[{"embeddable":true,"href":"https:\/\/www.laguiadepamplona.com\/actualidad\/wp-json\/wp\/v2\/users\/1"}],"replies":[{"embeddable":true,"href":"https:\/\/www.laguiadepamplona.com\/actualidad\/wp-json\/wp\/v2\/comments?post=52742"}],"version-history":[{"count":1,"href":"https:\/\/www.laguiadepamplona.com\/actualidad\/wp-json\/wp\/v2\/posts\/52742\/revisions"}],"predecessor-version":[{"id":52744,"href":"https:\/\/www.laguiadepamplona.com\/actualidad\/wp-json\/wp\/v2\/posts\/52742\/revisions\/52744"}],"wp:featuredmedia":[{"embeddable":true,"href":"https:\/\/www.laguiadepamplona.com\/actualidad\/wp-json\/wp\/v2\/media\/52743"}],"wp:attachment":[{"href":"https:\/\/www.laguiadepamplona.com\/actualidad\/wp-json\/wp\/v2\/media?parent=52742"}],"wp:term":[{"taxonomy":"category","embeddable":true,"href":"https:\/\/www.laguiadepamplona.com\/actualidad\/wp-json\/wp\/v2\/categories?post=52742"},{"taxonomy":"post_tag","embeddable":true,"href":"https:\/\/www.laguiadepamplona.com\/actualidad\/wp-json\/wp\/v2\/tags?post=52742"}],"curies":[{"name":"wp","href":"https:\/\/api.w.org\/{rel}","templated":true}]}}