{"id":52739,"date":"2025-04-11T17:37:32","date_gmt":"2025-04-11T15:37:32","guid":{"rendered":"https:\/\/www.laguiadepamplona.com\/actualidad\/?p=52739"},"modified":"2025-04-11T17:37:32","modified_gmt":"2025-04-11T15:37:32","slug":"la-calle-irunlarrea-entre-pio-xii-y-la-avenida-de-baranain-quedara-limitada-a-vehiculos-de-emergencia-y-transporte-publico","status":"publish","type":"post","link":"https:\/\/www.laguiadepamplona.com\/actualidad\/la-calle-irunlarrea-entre-pio-xii-y-la-avenida-de-baranain-quedara-limitada-a-vehiculos-de-emergencia-y-transporte-publico\/","title":{"rendered":"La calle Irunlarrea, entre P\u00edo XII y la avenida de Bara\u00f1\u00e1in, quedar\u00e1 limitada a veh\u00edculos de emergencia y transporte p\u00fablico"},"content":{"rendered":"<h2>Tambi\u00e9n se restringe el tr\u00e1fico en la carretera de la Universidad, entre la rotonda de la calle Esqu\u00edroz y la continuaci\u00f3n de Fuente del Hierro<\/h2>\n<p><!--more--><\/p>\n<p>La calle Irunlarrea, en el entorno de la zona hospitalaria, sufrir\u00e1 en las pr\u00f3ximas semanas una reorganizaci\u00f3n del tr\u00e1fico, que limitar\u00e1 el acceso de veh\u00edculos a esta zona. Tan solo podr\u00e1n atravesarla veh\u00edculos de emergencia y de transporte p\u00fablico, de forma que los veh\u00edculos particulares no podr\u00e1n usar esta v\u00eda como conexi\u00f3n entre la avenida P\u00edo XII y la avenida de Bara\u00f1\u00e1in. Se mantiene, eso s\u00ed, el acceso al Hospital Universitario de Navarra, a sus zonas de aparcamiento tanto en superficie como subterr\u00e1neo. Los cambios entrar\u00e1n en funcionamiento en un plazo m\u00e1ximo de ocho semanas.<\/p>\n<p>La medida, que ha sido presentada esta ma\u00f1ana en la Junta de Movilidad, pretende reducir las incidencias en el tr\u00e1fico, ya que se han detectado varias lesiones en este entorno en el \u00faltimo a\u00f1o, la mayor\u00eda leves. No se trata por tanto de un punto negro, pero s\u00ed una v\u00eda de especial atenci\u00f3n. Por ello, el Ayuntamiento de Pamplona ha considerado necesario reordenar el tr\u00e1fico en el tramo de la calle Irunlarrea que atraviesa la zona hospitalaria, entre la rotonda junto a la calle Boticario Vi\u00f1aburu y la avenida de Bara\u00f1\u00e1in. El veh\u00edculo privado tendr\u00e1 prohibido el acceso a este tramo, en ambos sentidos, salvo que sea para estacionar. De hecho, en las pr\u00f3ximas semanas se instalar\u00e1n c\u00e1maras de lectura de matr\u00edcula, de controlar\u00e1n los accesos en ambas direcciones.<\/p>\n<p>De esta forma se garantiza que los veh\u00edculos puedan acceder a la zona de urgencias y dem\u00e1s \u00e1reas sanitarias, como al aparcamiento subterr\u00e1neo junto al antiguo edificio de Virgen del Camino, pero no atravesar la v\u00eda de uno a otro extremo. La rotonda junto a la calle Boticario Vi\u00f1aburu ser\u00e1 la encargada de regular los accesos a las zonas habilitadas y facilitar la salida del Hospital Universitario de Navarra. Los veh\u00edculos que circulen por la avenida de Bara\u00f1\u00e1in, tendr\u00e1n el actual acceso a la zona de aparcamientos de Consultas Externas de Pr\u00edncipe de Viana, pero no podr\u00e1n continuar la marcha hasta la avenida de P\u00edo XII.<\/p>\n<p>La zona quedar\u00e1 debidamente se\u00f1alizada, de forma que quienes accedan con su veh\u00edculo particular sepan las limitaciones y puedan recurrir a otras v\u00edas.<\/p>\n<p><strong>Tambi\u00e9n limitaciones en la Carretera de la Universidad<\/strong><\/p>\n<p>\u00c9sta no es la \u00fanica medida presentada en la Junta de Movilidad, donde se han abordado otras zonas de especial inter\u00e9s para reducir la accidentabilidad. El Consistorio tambi\u00e9n ha acordado restringir, a partir del verano, el tr\u00e1fico en la Carretera de la Universidad, que circula paralela al r\u00edo Sadar, en el Campus de la Universidad de Navarra. En este caso, se prohibir\u00e1 el acceso de veh\u00edculos particulares entre la rotonda con la calle Esqu\u00edroz y la continuaci\u00f3n de la calle Fuente el Hierro. Esa recta quedar\u00e1 limitada por barreras f\u00edsicas, que tan solo permitir\u00e1n el acceso a los distintos aparcamientos habilitados en el campus a los veh\u00edculos autorizados.<\/p>\n<p>S\u00ed permanecer\u00e1 abierta al tr\u00e1fico esta misma v\u00eda, desde Azpilaga\u00f1a hasta la rotonda con la calle Esqu\u00edroz en ese \u00fanico sentido. Junto a estas actuaciones, se llevar\u00e1n a cabo distintas acciones de se\u00f1alizaci\u00f3n del tr\u00e1fico en la avenida de Baja Navarra con la calle Bergam\u00edn (sentido salida de ciudad), avenida de Baja Navarra con Paulino Caballero (sentido Pr\u00edncipe de Viana), y la rotonda de Cuatrovientos con la calle Muelle.<\/p>\n","protected":false},"excerpt":{"rendered":"<p>Tambi\u00e9n se restringe el tr\u00e1fico en la carretera de la Universidad, entre la rotonda de la calle Esqu\u00edroz y la continuaci\u00f3n de Fuente del Hierro<\/p>\n","protected":false},"author":1,"featured_media":52740,"comment_status":"open","ping_status":"closed","sticky":false,"template":"","format":"standard","meta":{"footnotes":""},"categories":[2],"tags":[],"class_list":["post-52739","post","type-post","status-publish","format-standard","has-post-thumbnail","hentry","category-ayuntamiento-pamplona"],"yoast_head":"<!-- This site is optimized with the Yoast SEO plugin v27.3 - https:\/\/yoast.com\/product\/yoast-seo-wordpress\/ -->\n<title>La calle Irunlarrea, entre P\u00edo XII y la avenida de Bara\u00f1\u00e1in, quedar\u00e1 limitada a veh\u00edculos de emergencia y transporte p\u00fablico<\/title>\n<meta name=\"description\" content=\"Tambi\u00e9n se restringe el tr\u00e1fico en la carretera de la Universidad, entre la rotonda de la calle Esqu\u00edroz y la continuaci\u00f3n de Fuente del Hierro\" \/>\n<meta name=\"robots\" content=\"index, follow, max-snippet:-1, max-image-preview:large, max-video-preview:-1\" \/>\n<link rel=\"canonical\" href=\"https:\/\/www.laguiadepamplona.com\/actualidad\/la-calle-irunlarrea-entre-pio-xii-y-la-avenida-de-baranain-quedara-limitada-a-vehiculos-de-emergencia-y-transporte-publico\/\" \/>\n<meta property=\"og:locale\" content=\"es_ES\" \/>\n<meta property=\"og:type\" content=\"article\" \/>\n<meta property=\"og:title\" content=\"La calle Irunlarrea, entre P\u00edo XII y la avenida de Bara\u00f1\u00e1in, quedar\u00e1 limitada a veh\u00edculos de emergencia y transporte p\u00fablico\" \/>\n<meta property=\"og:description\" content=\"Tambi\u00e9n se restringe el tr\u00e1fico en la carretera de la Universidad, entre la rotonda de la calle Esqu\u00edroz y la continuaci\u00f3n de Fuente del Hierro\" \/>\n<meta property=\"og:url\" content=\"https:\/\/www.laguiadepamplona.com\/actualidad\/la-calle-irunlarrea-entre-pio-xii-y-la-avenida-de-baranain-quedara-limitada-a-vehiculos-de-emergencia-y-transporte-publico\/\" \/>\n<meta property=\"og:site_name\" content=\"La Gu\u00eda de Pamplona\" \/>\n<meta property=\"article:publisher\" content=\"https:\/\/www.facebook.com\/laguiadepamplonacom-133175176762273\/?ref=hl\" \/>\n<meta property=\"article:published_time\" content=\"2025-04-11T15:37:32+00:00\" \/>\n<meta property=\"og:image\" content=\"https:\/\/www.laguiadepamplona.com\/actualidad\/wp-content\/uploads\/2025\/04\/movilidad.webp\" \/>\n\t<meta property=\"og:image:width\" content=\"758\" \/>\n\t<meta property=\"og:image:height\" content=\"523\" \/>\n\t<meta property=\"og:image:type\" content=\"image\/webp\" \/>\n<meta name=\"author\" content=\"La Gu\u00eda de Pamplona\" \/>\n<meta name=\"twitter:card\" content=\"summary_large_image\" \/>\n<meta name=\"twitter:creator\" content=\"@LaGuiadPamplona\" \/>\n<meta name=\"twitter:site\" content=\"@LaGuiadPamplona\" \/>\n<meta name=\"twitter:label1\" content=\"Escrito por\" \/>\n\t<meta name=\"twitter:data1\" content=\"La Gu\u00eda de Pamplona\" \/>\n\t<meta name=\"twitter:label2\" content=\"Tiempo de lectura\" \/>\n\t<meta name=\"twitter:data2\" content=\"3 minutos\" \/>\n<script type=\"application\/ld+json\" class=\"yoast-schema-graph\">{\"@context\":\"https:\\\/\\\/schema.org\",\"@graph\":[{\"@type\":\"Article\",\"@id\":\"https:\\\/\\\/www.laguiadepamplona.com\\\/actualidad\\\/la-calle-irunlarrea-entre-pio-xii-y-la-avenida-de-baranain-quedara-limitada-a-vehiculos-de-emergencia-y-transporte-publico\\\/#article\",\"isPartOf\":{\"@id\":\"https:\\\/\\\/www.laguiadepamplona.com\\\/actualidad\\\/la-calle-irunlarrea-entre-pio-xii-y-la-avenida-de-baranain-quedara-limitada-a-vehiculos-de-emergencia-y-transporte-publico\\\/\"},\"author\":{\"name\":\"La Gu\u00eda de Pamplona\",\"@id\":\"https:\\\/\\\/www.laguiadepamplona.com\\\/actualidad\\\/#\\\/schema\\\/person\\\/efe887376f0213d4657c93adc50b1fdb\"},\"headline\":\"La calle Irunlarrea, entre P\u00edo XII y la avenida de Bara\u00f1\u00e1in, quedar\u00e1 limitada a veh\u00edculos de emergencia y transporte p\u00fablico\",\"datePublished\":\"2025-04-11T15:37:32+00:00\",\"mainEntityOfPage\":{\"@id\":\"https:\\\/\\\/www.laguiadepamplona.com\\\/actualidad\\\/la-calle-irunlarrea-entre-pio-xii-y-la-avenida-de-baranain-quedara-limitada-a-vehiculos-de-emergencia-y-transporte-publico\\\/\"},\"wordCount\":657,\"commentCount\":0,\"publisher\":{\"@id\":\"https:\\\/\\\/www.laguiadepamplona.com\\\/actualidad\\\/#organization\"},\"image\":{\"@id\":\"https:\\\/\\\/www.laguiadepamplona.com\\\/actualidad\\\/la-calle-irunlarrea-entre-pio-xii-y-la-avenida-de-baranain-quedara-limitada-a-vehiculos-de-emergencia-y-transporte-publico\\\/#primaryimage\"},\"thumbnailUrl\":\"https:\\\/\\\/www.laguiadepamplona.com\\\/actualidad\\\/wp-content\\\/uploads\\\/2025\\\/04\\\/movilidad.webp\",\"articleSection\":[\"Ayto Pamplona\"],\"inLanguage\":\"es\",\"potentialAction\":[{\"@type\":\"CommentAction\",\"name\":\"Comment\",\"target\":[\"https:\\\/\\\/www.laguiadepamplona.com\\\/actualidad\\\/la-calle-irunlarrea-entre-pio-xii-y-la-avenida-de-baranain-quedara-limitada-a-vehiculos-de-emergencia-y-transporte-publico\\\/#respond\"]}]},{\"@type\":\"WebPage\",\"@id\":\"https:\\\/\\\/www.laguiadepamplona.com\\\/actualidad\\\/la-calle-irunlarrea-entre-pio-xii-y-la-avenida-de-baranain-quedara-limitada-a-vehiculos-de-emergencia-y-transporte-publico\\\/\",\"url\":\"https:\\\/\\\/www.laguiadepamplona.com\\\/actualidad\\\/la-calle-irunlarrea-entre-pio-xii-y-la-avenida-de-baranain-quedara-limitada-a-vehiculos-de-emergencia-y-transporte-publico\\\/\",\"name\":\"La calle Irunlarrea, entre P\u00edo XII y la avenida de Bara\u00f1\u00e1in, quedar\u00e1 limitada a veh\u00edculos de emergencia y transporte p\u00fablico\",\"isPartOf\":{\"@id\":\"https:\\\/\\\/www.laguiadepamplona.com\\\/actualidad\\\/#website\"},\"primaryImageOfPage\":{\"@id\":\"https:\\\/\\\/www.laguiadepamplona.com\\\/actualidad\\\/la-calle-irunlarrea-entre-pio-xii-y-la-avenida-de-baranain-quedara-limitada-a-vehiculos-de-emergencia-y-transporte-publico\\\/#primaryimage\"},\"image\":{\"@id\":\"https:\\\/\\\/www.laguiadepamplona.com\\\/actualidad\\\/la-calle-irunlarrea-entre-pio-xii-y-la-avenida-de-baranain-quedara-limitada-a-vehiculos-de-emergencia-y-transporte-publico\\\/#primaryimage\"},\"thumbnailUrl\":\"https:\\\/\\\/www.laguiadepamplona.com\\\/actualidad\\\/wp-content\\\/uploads\\\/2025\\\/04\\\/movilidad.webp\",\"datePublished\":\"2025-04-11T15:37:32+00:00\",\"description\":\"Tambi\u00e9n se restringe el tr\u00e1fico en la carretera de la Universidad, entre la rotonda de la calle Esqu\u00edroz y la continuaci\u00f3n de Fuente del Hierro\",\"breadcrumb\":{\"@id\":\"https:\\\/\\\/www.laguiadepamplona.com\\\/actualidad\\\/la-calle-irunlarrea-entre-pio-xii-y-la-avenida-de-baranain-quedara-limitada-a-vehiculos-de-emergencia-y-transporte-publico\\\/#breadcrumb\"},\"inLanguage\":\"es\",\"potentialAction\":[{\"@type\":\"ReadAction\",\"target\":[\"https:\\\/\\\/www.laguiadepamplona.com\\\/actualidad\\\/la-calle-irunlarrea-entre-pio-xii-y-la-avenida-de-baranain-quedara-limitada-a-vehiculos-de-emergencia-y-transporte-publico\\\/\"]}]},{\"@type\":\"ImageObject\",\"inLanguage\":\"es\",\"@id\":\"https:\\\/\\\/www.laguiadepamplona.com\\\/actualidad\\\/la-calle-irunlarrea-entre-pio-xii-y-la-avenida-de-baranain-quedara-limitada-a-vehiculos-de-emergencia-y-transporte-publico\\\/#primaryimage\",\"url\":\"https:\\\/\\\/www.laguiadepamplona.com\\\/actualidad\\\/wp-content\\\/uploads\\\/2025\\\/04\\\/movilidad.webp\",\"contentUrl\":\"https:\\\/\\\/www.laguiadepamplona.com\\\/actualidad\\\/wp-content\\\/uploads\\\/2025\\\/04\\\/movilidad.webp\",\"width\":758,\"height\":523,\"caption\":\"movilidad\"},{\"@type\":\"BreadcrumbList\",\"@id\":\"https:\\\/\\\/www.laguiadepamplona.com\\\/actualidad\\\/la-calle-irunlarrea-entre-pio-xii-y-la-avenida-de-baranain-quedara-limitada-a-vehiculos-de-emergencia-y-transporte-publico\\\/#breadcrumb\",\"itemListElement\":[{\"@type\":\"ListItem\",\"position\":1,\"name\":\"Portada\",\"item\":\"https:\\\/\\\/www.laguiadepamplona.com\\\/actualidad\\\/\"},{\"@type\":\"ListItem\",\"position\":2,\"name\":\"La calle Irunlarrea, entre P\u00edo XII y la avenida de Bara\u00f1\u00e1in, quedar\u00e1 limitada a veh\u00edculos de emergencia y transporte p\u00fablico\"}]},{\"@type\":\"WebSite\",\"@id\":\"https:\\\/\\\/www.laguiadepamplona.com\\\/actualidad\\\/#website\",\"url\":\"https:\\\/\\\/www.laguiadepamplona.com\\\/actualidad\\\/\",\"name\":\"La gu\u00eda de Pamplona\",\"description\":\"Noticias de Pamplona\",\"publisher\":{\"@id\":\"https:\\\/\\\/www.laguiadepamplona.com\\\/actualidad\\\/#organization\"},\"potentialAction\":[{\"@type\":\"SearchAction\",\"target\":{\"@type\":\"EntryPoint\",\"urlTemplate\":\"https:\\\/\\\/www.laguiadepamplona.com\\\/actualidad\\\/?s={search_term_string}\"},\"query-input\":{\"@type\":\"PropertyValueSpecification\",\"valueRequired\":true,\"valueName\":\"search_term_string\"}}],\"inLanguage\":\"es\"},{\"@type\":\"Organization\",\"@id\":\"https:\\\/\\\/www.laguiadepamplona.com\\\/actualidad\\\/#organization\",\"name\":\"La Gu\u00eda de Pamplona \\\/ Noticias\",\"url\":\"https:\\\/\\\/www.laguiadepamplona.com\\\/actualidad\\\/\",\"logo\":{\"@type\":\"ImageObject\",\"inLanguage\":\"es\",\"@id\":\"https:\\\/\\\/www.laguiadepamplona.com\\\/actualidad\\\/#\\\/schema\\\/logo\\\/image\\\/\",\"url\":\"https:\\\/\\\/www.laguiadepamplona.com\\\/actualidad\\\/wp-content\\\/uploads\\\/2018\\\/11\\\/logo-laguiadepamplona18-web1.png\",\"contentUrl\":\"https:\\\/\\\/www.laguiadepamplona.com\\\/actualidad\\\/wp-content\\\/uploads\\\/2018\\\/11\\\/logo-laguiadepamplona18-web1.png\",\"width\":600,\"height\":196,\"caption\":\"La Gu\u00eda de Pamplona \\\/ Noticias\"},\"image\":{\"@id\":\"https:\\\/\\\/www.laguiadepamplona.com\\\/actualidad\\\/#\\\/schema\\\/logo\\\/image\\\/\"},\"sameAs\":[\"https:\\\/\\\/www.facebook.com\\\/laguiadepamplonacom-133175176762273\\\/?ref=hl\",\"https:\\\/\\\/x.com\\\/LaGuiadPamplona\",\"https:\\\/\\\/www.instagram.com\\\/la_guia_de_pamplona\\\/\",\"https:\\\/\\\/www.youtube.com\\\/user\\\/laguiadepamplona\"]},{\"@type\":\"Person\",\"@id\":\"https:\\\/\\\/www.laguiadepamplona.com\\\/actualidad\\\/#\\\/schema\\\/person\\\/efe887376f0213d4657c93adc50b1fdb\",\"name\":\"La Gu\u00eda de Pamplona\",\"image\":{\"@type\":\"ImageObject\",\"inLanguage\":\"es\",\"@id\":\"https:\\\/\\\/secure.gravatar.com\\\/avatar\\\/b6992f131dc8d30ab0dff15446e9d346d9dbd95992de0fef795073f5ea83a81c?s=96&d=mm&r=g\",\"url\":\"https:\\\/\\\/secure.gravatar.com\\\/avatar\\\/b6992f131dc8d30ab0dff15446e9d346d9dbd95992de0fef795073f5ea83a81c?s=96&d=mm&r=g\",\"contentUrl\":\"https:\\\/\\\/secure.gravatar.com\\\/avatar\\\/b6992f131dc8d30ab0dff15446e9d346d9dbd95992de0fef795073f5ea83a81c?s=96&d=mm&r=g\",\"caption\":\"La Gu\u00eda de Pamplona\"}}]}<\/script>\n<!-- \/ Yoast SEO plugin. -->","yoast_head_json":{"title":"La calle Irunlarrea, entre P\u00edo XII y la avenida de Bara\u00f1\u00e1in, quedar\u00e1 limitada a veh\u00edculos de emergencia y transporte p\u00fablico","description":"Tambi\u00e9n se restringe el tr\u00e1fico en la carretera de la Universidad, entre la rotonda de la calle Esqu\u00edroz y la continuaci\u00f3n de Fuente del Hierro","robots":{"index":"index","follow":"follow","max-snippet":"max-snippet:-1","max-image-preview":"max-image-preview:large","max-video-preview":"max-video-preview:-1"},"canonical":"https:\/\/www.laguiadepamplona.com\/actualidad\/la-calle-irunlarrea-entre-pio-xii-y-la-avenida-de-baranain-quedara-limitada-a-vehiculos-de-emergencia-y-transporte-publico\/","og_locale":"es_ES","og_type":"article","og_title":"La calle Irunlarrea, entre P\u00edo XII y la avenida de Bara\u00f1\u00e1in, quedar\u00e1 limitada a veh\u00edculos de emergencia y transporte p\u00fablico","og_description":"Tambi\u00e9n se restringe el tr\u00e1fico en la carretera de la Universidad, entre la rotonda de la calle Esqu\u00edroz y la continuaci\u00f3n de Fuente del Hierro","og_url":"https:\/\/www.laguiadepamplona.com\/actualidad\/la-calle-irunlarrea-entre-pio-xii-y-la-avenida-de-baranain-quedara-limitada-a-vehiculos-de-emergencia-y-transporte-publico\/","og_site_name":"La Gu\u00eda de Pamplona","article_publisher":"https:\/\/www.facebook.com\/laguiadepamplonacom-133175176762273\/?ref=hl","article_published_time":"2025-04-11T15:37:32+00:00","og_image":[{"width":758,"height":523,"url":"https:\/\/www.laguiadepamplona.com\/actualidad\/wp-content\/uploads\/2025\/04\/movilidad.webp","type":"image\/webp"}],"author":"La Gu\u00eda de Pamplona","twitter_card":"summary_large_image","twitter_creator":"@LaGuiadPamplona","twitter_site":"@LaGuiadPamplona","twitter_misc":{"Escrito por":"La Gu\u00eda de Pamplona","Tiempo de lectura":"3 minutos"},"schema":{"@context":"https:\/\/schema.org","@graph":[{"@type":"Article","@id":"https:\/\/www.laguiadepamplona.com\/actualidad\/la-calle-irunlarrea-entre-pio-xii-y-la-avenida-de-baranain-quedara-limitada-a-vehiculos-de-emergencia-y-transporte-publico\/#article","isPartOf":{"@id":"https:\/\/www.laguiadepamplona.com\/actualidad\/la-calle-irunlarrea-entre-pio-xii-y-la-avenida-de-baranain-quedara-limitada-a-vehiculos-de-emergencia-y-transporte-publico\/"},"author":{"name":"La Gu\u00eda de Pamplona","@id":"https:\/\/www.laguiadepamplona.com\/actualidad\/#\/schema\/person\/efe887376f0213d4657c93adc50b1fdb"},"headline":"La calle Irunlarrea, entre P\u00edo XII y la avenida de Bara\u00f1\u00e1in, quedar\u00e1 limitada a veh\u00edculos de emergencia y transporte p\u00fablico","datePublished":"2025-04-11T15:37:32+00:00","mainEntityOfPage":{"@id":"https:\/\/www.laguiadepamplona.com\/actualidad\/la-calle-irunlarrea-entre-pio-xii-y-la-avenida-de-baranain-quedara-limitada-a-vehiculos-de-emergencia-y-transporte-publico\/"},"wordCount":657,"commentCount":0,"publisher":{"@id":"https:\/\/www.laguiadepamplona.com\/actualidad\/#organization"},"image":{"@id":"https:\/\/www.laguiadepamplona.com\/actualidad\/la-calle-irunlarrea-entre-pio-xii-y-la-avenida-de-baranain-quedara-limitada-a-vehiculos-de-emergencia-y-transporte-publico\/#primaryimage"},"thumbnailUrl":"https:\/\/www.laguiadepamplona.com\/actualidad\/wp-content\/uploads\/2025\/04\/movilidad.webp","articleSection":["Ayto Pamplona"],"inLanguage":"es","potentialAction":[{"@type":"CommentAction","name":"Comment","target":["https:\/\/www.laguiadepamplona.com\/actualidad\/la-calle-irunlarrea-entre-pio-xii-y-la-avenida-de-baranain-quedara-limitada-a-vehiculos-de-emergencia-y-transporte-publico\/#respond"]}]},{"@type":"WebPage","@id":"https:\/\/www.laguiadepamplona.com\/actualidad\/la-calle-irunlarrea-entre-pio-xii-y-la-avenida-de-baranain-quedara-limitada-a-vehiculos-de-emergencia-y-transporte-publico\/","url":"https:\/\/www.laguiadepamplona.com\/actualidad\/la-calle-irunlarrea-entre-pio-xii-y-la-avenida-de-baranain-quedara-limitada-a-vehiculos-de-emergencia-y-transporte-publico\/","name":"La calle Irunlarrea, entre P\u00edo XII y la avenida de Bara\u00f1\u00e1in, quedar\u00e1 limitada a veh\u00edculos de emergencia y transporte p\u00fablico","isPartOf":{"@id":"https:\/\/www.laguiadepamplona.com\/actualidad\/#website"},"primaryImageOfPage":{"@id":"https:\/\/www.laguiadepamplona.com\/actualidad\/la-calle-irunlarrea-entre-pio-xii-y-la-avenida-de-baranain-quedara-limitada-a-vehiculos-de-emergencia-y-transporte-publico\/#primaryimage"},"image":{"@id":"https:\/\/www.laguiadepamplona.com\/actualidad\/la-calle-irunlarrea-entre-pio-xii-y-la-avenida-de-baranain-quedara-limitada-a-vehiculos-de-emergencia-y-transporte-publico\/#primaryimage"},"thumbnailUrl":"https:\/\/www.laguiadepamplona.com\/actualidad\/wp-content\/uploads\/2025\/04\/movilidad.webp","datePublished":"2025-04-11T15:37:32+00:00","description":"Tambi\u00e9n se restringe el tr\u00e1fico en la carretera de la Universidad, entre la rotonda de la calle Esqu\u00edroz y la continuaci\u00f3n de Fuente del Hierro","breadcrumb":{"@id":"https:\/\/www.laguiadepamplona.com\/actualidad\/la-calle-irunlarrea-entre-pio-xii-y-la-avenida-de-baranain-quedara-limitada-a-vehiculos-de-emergencia-y-transporte-publico\/#breadcrumb"},"inLanguage":"es","potentialAction":[{"@type":"ReadAction","target":["https:\/\/www.laguiadepamplona.com\/actualidad\/la-calle-irunlarrea-entre-pio-xii-y-la-avenida-de-baranain-quedara-limitada-a-vehiculos-de-emergencia-y-transporte-publico\/"]}]},{"@type":"ImageObject","inLanguage":"es","@id":"https:\/\/www.laguiadepamplona.com\/actualidad\/la-calle-irunlarrea-entre-pio-xii-y-la-avenida-de-baranain-quedara-limitada-a-vehiculos-de-emergencia-y-transporte-publico\/#primaryimage","url":"https:\/\/www.laguiadepamplona.com\/actualidad\/wp-content\/uploads\/2025\/04\/movilidad.webp","contentUrl":"https:\/\/www.laguiadepamplona.com\/actualidad\/wp-content\/uploads\/2025\/04\/movilidad.webp","width":758,"height":523,"caption":"movilidad"},{"@type":"BreadcrumbList","@id":"https:\/\/www.laguiadepamplona.com\/actualidad\/la-calle-irunlarrea-entre-pio-xii-y-la-avenida-de-baranain-quedara-limitada-a-vehiculos-de-emergencia-y-transporte-publico\/#breadcrumb","itemListElement":[{"@type":"ListItem","position":1,"name":"Portada","item":"https:\/\/www.laguiadepamplona.com\/actualidad\/"},{"@type":"ListItem","position":2,"name":"La calle Irunlarrea, entre P\u00edo XII y la avenida de Bara\u00f1\u00e1in, quedar\u00e1 limitada a veh\u00edculos de emergencia y transporte p\u00fablico"}]},{"@type":"WebSite","@id":"https:\/\/www.laguiadepamplona.com\/actualidad\/#website","url":"https:\/\/www.laguiadepamplona.com\/actualidad\/","name":"La gu\u00eda de Pamplona","description":"Noticias de Pamplona","publisher":{"@id":"https:\/\/www.laguiadepamplona.com\/actualidad\/#organization"},"potentialAction":[{"@type":"SearchAction","target":{"@type":"EntryPoint","urlTemplate":"https:\/\/www.laguiadepamplona.com\/actualidad\/?s={search_term_string}"},"query-input":{"@type":"PropertyValueSpecification","valueRequired":true,"valueName":"search_term_string"}}],"inLanguage":"es"},{"@type":"Organization","@id":"https:\/\/www.laguiadepamplona.com\/actualidad\/#organization","name":"La Gu\u00eda de Pamplona \/ Noticias","url":"https:\/\/www.laguiadepamplona.com\/actualidad\/","logo":{"@type":"ImageObject","inLanguage":"es","@id":"https:\/\/www.laguiadepamplona.com\/actualidad\/#\/schema\/logo\/image\/","url":"https:\/\/www.laguiadepamplona.com\/actualidad\/wp-content\/uploads\/2018\/11\/logo-laguiadepamplona18-web1.png","contentUrl":"https:\/\/www.laguiadepamplona.com\/actualidad\/wp-content\/uploads\/2018\/11\/logo-laguiadepamplona18-web1.png","width":600,"height":196,"caption":"La Gu\u00eda de Pamplona \/ Noticias"},"image":{"@id":"https:\/\/www.laguiadepamplona.com\/actualidad\/#\/schema\/logo\/image\/"},"sameAs":["https:\/\/www.facebook.com\/laguiadepamplonacom-133175176762273\/?ref=hl","https:\/\/x.com\/LaGuiadPamplona","https:\/\/www.instagram.com\/la_guia_de_pamplona\/","https:\/\/www.youtube.com\/user\/laguiadepamplona"]},{"@type":"Person","@id":"https:\/\/www.laguiadepamplona.com\/actualidad\/#\/schema\/person\/efe887376f0213d4657c93adc50b1fdb","name":"La Gu\u00eda de Pamplona","image":{"@type":"ImageObject","inLanguage":"es","@id":"https:\/\/secure.gravatar.com\/avatar\/b6992f131dc8d30ab0dff15446e9d346d9dbd95992de0fef795073f5ea83a81c?s=96&d=mm&r=g","url":"https:\/\/secure.gravatar.com\/avatar\/b6992f131dc8d30ab0dff15446e9d346d9dbd95992de0fef795073f5ea83a81c?s=96&d=mm&r=g","contentUrl":"https:\/\/secure.gravatar.com\/avatar\/b6992f131dc8d30ab0dff15446e9d346d9dbd95992de0fef795073f5ea83a81c?s=96&d=mm&r=g","caption":"La Gu\u00eda de Pamplona"}}]}},"post_mailing_queue_ids":[],"_links":{"self":[{"href":"https:\/\/www.laguiadepamplona.com\/actualidad\/wp-json\/wp\/v2\/posts\/52739","targetHints":{"allow":["GET"]}}],"collection":[{"href":"https:\/\/www.laguiadepamplona.com\/actualidad\/wp-json\/wp\/v2\/posts"}],"about":[{"href":"https:\/\/www.laguiadepamplona.com\/actualidad\/wp-json\/wp\/v2\/types\/post"}],"author":[{"embeddable":true,"href":"https:\/\/www.laguiadepamplona.com\/actualidad\/wp-json\/wp\/v2\/users\/1"}],"replies":[{"embeddable":true,"href":"https:\/\/www.laguiadepamplona.com\/actualidad\/wp-json\/wp\/v2\/comments?post=52739"}],"version-history":[{"count":1,"href":"https:\/\/www.laguiadepamplona.com\/actualidad\/wp-json\/wp\/v2\/posts\/52739\/revisions"}],"predecessor-version":[{"id":52741,"href":"https:\/\/www.laguiadepamplona.com\/actualidad\/wp-json\/wp\/v2\/posts\/52739\/revisions\/52741"}],"wp:featuredmedia":[{"embeddable":true,"href":"https:\/\/www.laguiadepamplona.com\/actualidad\/wp-json\/wp\/v2\/media\/52740"}],"wp:attachment":[{"href":"https:\/\/www.laguiadepamplona.com\/actualidad\/wp-json\/wp\/v2\/media?parent=52739"}],"wp:term":[{"taxonomy":"category","embeddable":true,"href":"https:\/\/www.laguiadepamplona.com\/actualidad\/wp-json\/wp\/v2\/categories?post=52739"},{"taxonomy":"post_tag","embeddable":true,"href":"https:\/\/www.laguiadepamplona.com\/actualidad\/wp-json\/wp\/v2\/tags?post=52739"}],"curies":[{"name":"wp","href":"https:\/\/api.w.org\/{rel}","templated":true}]}}