{"id":52725,"date":"2025-04-11T17:26:14","date_gmt":"2025-04-11T15:26:14","guid":{"rendered":"https:\/\/www.laguiadepamplona.com\/actualidad\/?p=52725"},"modified":"2025-04-11T17:26:14","modified_gmt":"2025-04-11T15:26:14","slug":"este-lunes-se-abre-la-inscripcion-para-los-talleres-gratuitos-literatura-y-salud-mental-y-mejorar-la-comunicacion-interpersonal-dirigidos-a-mayores-de-65-anos","status":"publish","type":"post","link":"https:\/\/www.laguiadepamplona.com\/actualidad\/este-lunes-se-abre-la-inscripcion-para-los-talleres-gratuitos-literatura-y-salud-mental-y-mejorar-la-comunicacion-interpersonal-dirigidos-a-mayores-de-65-anos\/","title":{"rendered":"Este lunes se abre la inscripci\u00f3n para los talleres gratuitos \u2018Literatura y Salud Mental\u2019 y \u2018Mejorar la comunicaci\u00f3n interpersonal\u2019, dirigidos a mayores de 65 a\u00f1os"},"content":{"rendered":"<h2>Las plazas se cubren por orden de llamada al tel\u00e9fono 010 \u2013 948 420 100 y los talleres se celebran en el mes de mayo en San Jorge y Txantrea<\/h2>\n<p><!--more--><\/p>\n<p>El Ayuntamiento de Pamplona abre este lunes, hasta el 28 de abril, la inscripci\u00f3n para dos talleres gratuitos dirigidos a mayores de 65 a\u00f1os. Las plazas para los talleres, organizados por el \u00c1rea de Igualdad, Acci\u00f3n Comunitaria, Barrios, Participaci\u00f3n Ciudadana y Euskera, junto a Tel\u00e9fono de la Esperanza, se cubren por orden de llamada al tel\u00e9fono 010 \u2013 948 420 100, con prioridad para las personas empadronadas en Pamplona.<\/p>\n<p>Los dos talleres se celebran en el mes de mayo, con cuatro sesiones de dos horas cada uno, en horario de ma\u00f1ana. \u2018Literatura y Salud Mental\u2019 est\u00e1 previsto los viernes 9, 16, 23 y 30 de mayo, de 10.30 a 12.30, en el Centro Comunitario de Karrikagune, sala 3 (calle Doctor Labayen, 17), en el barrio de San Jorge. En este taller se abordar\u00e1 el estado de \u00e1nimo, las relaciones, las p\u00e9rdidas y el miedo a la vejez, a trav\u00e9s de la lectura del libro \u2018Martes con mi viejo profesor\u2019, del autor Mitch Albom. Esta obra ser\u00e1 prestada a las personas asistentes al taller.<\/p>\n<p>El segundo taller, \u2018Mejorar la comunicaci\u00f3n interpersonal\u2019, se celebrar\u00e1 los martes 6, 13, 20 y 27 de mayo, de 10.30 a 12.30, en la sala 4 del centro comunitario de las Salesianas (Calle Cuenca de Pamplona, 24), en Txantrea. El taller trabaja la forma en que cada persona se comunica, c\u00f3mo entender y hacerse entender, qu\u00e9 transmite el lenguaje no verbal y estrategias para mejorar la comunicaci\u00f3n de forma general.<\/p>\n<p>&nbsp;<\/p>\n<h3>Talleres gratuitos del tel\u00e9fono de la esperanza<\/h3>\n<ul>\n<li>Literatura y salud mental\n<ul>\n<li>D\u00edas: 9, 16, 23 y 30 de mayo (viernes)<\/li>\n<li>Horario: 10.30 a 12.30<\/li>\n<li>Lugar: Centro Comunitario de Karrikagune, sala 3 (calle Doctor Labayen, 17). San Jorge<\/li>\n<\/ul>\n<\/li>\n<li>Mejorar la comunicaci\u00f3n interpersonal\n<ul>\n<li>D\u00edas: 6, 13, 20 y 27 de mayo<\/li>\n<li>Horario: 10.30 a 12.30<\/li>\n<li>Lugar: Centro comunitario de las Salesianas (calle Cuenca de Pamplona, 24), sala 4. Txantrea<\/li>\n<\/ul>\n<\/li>\n<\/ul>\n","protected":false},"excerpt":{"rendered":"<p>Las plazas se cubren por orden de llamada al tel\u00e9fono 010 \u2013 948 420 100 y los talleres se celebran en el mes de mayo en San Jorge y Txantrea<\/p>\n","protected":false},"author":1,"featured_media":52726,"comment_status":"open","ping_status":"closed","sticky":false,"template":"","format":"standard","meta":{"footnotes":""},"categories":[2],"tags":[],"class_list":["post-52725","post","type-post","status-publish","format-standard","has-post-thumbnail","hentry","category-ayuntamiento-pamplona"],"yoast_head":"<!-- This site is optimized with the Yoast SEO plugin v27.5 - https:\/\/yoast.com\/product\/yoast-seo-wordpress\/ -->\n<title>Este lunes se abre la inscripci\u00f3n para los talleres gratuitos \u2018Literatura y Salud Mental\u2019 y \u2018Mejorar la comunicaci\u00f3n interpersonal\u2019, dirigidos a mayores de 65 a\u00f1os<\/title>\n<meta name=\"description\" content=\"Las plazas se cubren por orden de llamada al tel\u00e9fono 010 \u2013 948 420 100 y los talleres se celebran en el mes de mayo en San Jorge y Txantrea\" \/>\n<meta name=\"robots\" content=\"index, follow, max-snippet:-1, max-image-preview:large, max-video-preview:-1\" \/>\n<link rel=\"canonical\" href=\"https:\/\/www.laguiadepamplona.com\/actualidad\/este-lunes-se-abre-la-inscripcion-para-los-talleres-gratuitos-literatura-y-salud-mental-y-mejorar-la-comunicacion-interpersonal-dirigidos-a-mayores-de-65-anos\/\" \/>\n<meta property=\"og:locale\" content=\"es_ES\" \/>\n<meta property=\"og:type\" content=\"article\" \/>\n<meta property=\"og:title\" content=\"Este lunes se abre la inscripci\u00f3n para los talleres gratuitos \u2018Literatura y Salud Mental\u2019 y \u2018Mejorar la comunicaci\u00f3n interpersonal\u2019, dirigidos a mayores de 65 a\u00f1os\" \/>\n<meta property=\"og:description\" content=\"Las plazas se cubren por orden de llamada al tel\u00e9fono 010 \u2013 948 420 100 y los talleres se celebran en el mes de mayo en San Jorge y Txantrea\" \/>\n<meta property=\"og:url\" content=\"https:\/\/www.laguiadepamplona.com\/actualidad\/este-lunes-se-abre-la-inscripcion-para-los-talleres-gratuitos-literatura-y-salud-mental-y-mejorar-la-comunicacion-interpersonal-dirigidos-a-mayores-de-65-anos\/\" \/>\n<meta property=\"og:site_name\" content=\"La Gu\u00eda de Pamplona\" \/>\n<meta property=\"article:publisher\" content=\"https:\/\/www.facebook.com\/laguiadepamplonacom-133175176762273\/?ref=hl\" \/>\n<meta property=\"article:published_time\" content=\"2025-04-11T15:26:14+00:00\" \/>\n<meta property=\"og:image\" content=\"https:\/\/www.laguiadepamplona.com\/actualidad\/wp-content\/uploads\/2025\/04\/esperanza.webp\" \/>\n\t<meta property=\"og:image:width\" content=\"1000\" \/>\n\t<meta property=\"og:image:height\" content=\"665\" \/>\n\t<meta property=\"og:image:type\" content=\"image\/webp\" \/>\n<meta name=\"author\" content=\"La Gu\u00eda de Pamplona\" \/>\n<meta name=\"twitter:card\" content=\"summary_large_image\" \/>\n<meta name=\"twitter:creator\" content=\"@LaGuiadPamplona\" \/>\n<meta name=\"twitter:site\" content=\"@LaGuiadPamplona\" \/>\n<meta name=\"twitter:label1\" content=\"Escrito por\" \/>\n\t<meta name=\"twitter:data1\" content=\"La Gu\u00eda de Pamplona\" \/>\n\t<meta name=\"twitter:label2\" content=\"Tiempo de lectura\" \/>\n\t<meta name=\"twitter:data2\" content=\"2 minutos\" \/>\n<script type=\"application\/ld+json\" class=\"yoast-schema-graph\">{\"@context\":\"https:\\\/\\\/schema.org\",\"@graph\":[{\"@type\":\"Article\",\"@id\":\"https:\\\/\\\/www.laguiadepamplona.com\\\/actualidad\\\/este-lunes-se-abre-la-inscripcion-para-los-talleres-gratuitos-literatura-y-salud-mental-y-mejorar-la-comunicacion-interpersonal-dirigidos-a-mayores-de-65-anos\\\/#article\",\"isPartOf\":{\"@id\":\"https:\\\/\\\/www.laguiadepamplona.com\\\/actualidad\\\/este-lunes-se-abre-la-inscripcion-para-los-talleres-gratuitos-literatura-y-salud-mental-y-mejorar-la-comunicacion-interpersonal-dirigidos-a-mayores-de-65-anos\\\/\"},\"author\":{\"name\":\"La Gu\u00eda de Pamplona\",\"@id\":\"https:\\\/\\\/www.laguiadepamplona.com\\\/actualidad\\\/#\\\/schema\\\/person\\\/efe887376f0213d4657c93adc50b1fdb\"},\"headline\":\"Este lunes se abre la inscripci\u00f3n para los talleres gratuitos \u2018Literatura y Salud Mental\u2019 y \u2018Mejorar la comunicaci\u00f3n interpersonal\u2019, dirigidos a mayores de 65 a\u00f1os\",\"datePublished\":\"2025-04-11T15:26:14+00:00\",\"mainEntityOfPage\":{\"@id\":\"https:\\\/\\\/www.laguiadepamplona.com\\\/actualidad\\\/este-lunes-se-abre-la-inscripcion-para-los-talleres-gratuitos-literatura-y-salud-mental-y-mejorar-la-comunicacion-interpersonal-dirigidos-a-mayores-de-65-anos\\\/\"},\"wordCount\":341,\"commentCount\":0,\"publisher\":{\"@id\":\"https:\\\/\\\/www.laguiadepamplona.com\\\/actualidad\\\/#organization\"},\"image\":{\"@id\":\"https:\\\/\\\/www.laguiadepamplona.com\\\/actualidad\\\/este-lunes-se-abre-la-inscripcion-para-los-talleres-gratuitos-literatura-y-salud-mental-y-mejorar-la-comunicacion-interpersonal-dirigidos-a-mayores-de-65-anos\\\/#primaryimage\"},\"thumbnailUrl\":\"https:\\\/\\\/www.laguiadepamplona.com\\\/actualidad\\\/wp-content\\\/uploads\\\/2025\\\/04\\\/esperanza.webp\",\"articleSection\":[\"Ayto Pamplona\"],\"inLanguage\":\"es\",\"potentialAction\":[{\"@type\":\"CommentAction\",\"name\":\"Comment\",\"target\":[\"https:\\\/\\\/www.laguiadepamplona.com\\\/actualidad\\\/este-lunes-se-abre-la-inscripcion-para-los-talleres-gratuitos-literatura-y-salud-mental-y-mejorar-la-comunicacion-interpersonal-dirigidos-a-mayores-de-65-anos\\\/#respond\"]}]},{\"@type\":\"WebPage\",\"@id\":\"https:\\\/\\\/www.laguiadepamplona.com\\\/actualidad\\\/este-lunes-se-abre-la-inscripcion-para-los-talleres-gratuitos-literatura-y-salud-mental-y-mejorar-la-comunicacion-interpersonal-dirigidos-a-mayores-de-65-anos\\\/\",\"url\":\"https:\\\/\\\/www.laguiadepamplona.com\\\/actualidad\\\/este-lunes-se-abre-la-inscripcion-para-los-talleres-gratuitos-literatura-y-salud-mental-y-mejorar-la-comunicacion-interpersonal-dirigidos-a-mayores-de-65-anos\\\/\",\"name\":\"Este lunes se abre la inscripci\u00f3n para los talleres gratuitos \u2018Literatura y Salud Mental\u2019 y \u2018Mejorar la comunicaci\u00f3n interpersonal\u2019, dirigidos a mayores de 65 a\u00f1os\",\"isPartOf\":{\"@id\":\"https:\\\/\\\/www.laguiadepamplona.com\\\/actualidad\\\/#website\"},\"primaryImageOfPage\":{\"@id\":\"https:\\\/\\\/www.laguiadepamplona.com\\\/actualidad\\\/este-lunes-se-abre-la-inscripcion-para-los-talleres-gratuitos-literatura-y-salud-mental-y-mejorar-la-comunicacion-interpersonal-dirigidos-a-mayores-de-65-anos\\\/#primaryimage\"},\"image\":{\"@id\":\"https:\\\/\\\/www.laguiadepamplona.com\\\/actualidad\\\/este-lunes-se-abre-la-inscripcion-para-los-talleres-gratuitos-literatura-y-salud-mental-y-mejorar-la-comunicacion-interpersonal-dirigidos-a-mayores-de-65-anos\\\/#primaryimage\"},\"thumbnailUrl\":\"https:\\\/\\\/www.laguiadepamplona.com\\\/actualidad\\\/wp-content\\\/uploads\\\/2025\\\/04\\\/esperanza.webp\",\"datePublished\":\"2025-04-11T15:26:14+00:00\",\"description\":\"Las plazas se cubren por orden de llamada al tel\u00e9fono 010 \u2013 948 420 100 y los talleres se celebran en el mes de mayo en San Jorge y Txantrea\",\"breadcrumb\":{\"@id\":\"https:\\\/\\\/www.laguiadepamplona.com\\\/actualidad\\\/este-lunes-se-abre-la-inscripcion-para-los-talleres-gratuitos-literatura-y-salud-mental-y-mejorar-la-comunicacion-interpersonal-dirigidos-a-mayores-de-65-anos\\\/#breadcrumb\"},\"inLanguage\":\"es\",\"potentialAction\":[{\"@type\":\"ReadAction\",\"target\":[\"https:\\\/\\\/www.laguiadepamplona.com\\\/actualidad\\\/este-lunes-se-abre-la-inscripcion-para-los-talleres-gratuitos-literatura-y-salud-mental-y-mejorar-la-comunicacion-interpersonal-dirigidos-a-mayores-de-65-anos\\\/\"]}]},{\"@type\":\"ImageObject\",\"inLanguage\":\"es\",\"@id\":\"https:\\\/\\\/www.laguiadepamplona.com\\\/actualidad\\\/este-lunes-se-abre-la-inscripcion-para-los-talleres-gratuitos-literatura-y-salud-mental-y-mejorar-la-comunicacion-interpersonal-dirigidos-a-mayores-de-65-anos\\\/#primaryimage\",\"url\":\"https:\\\/\\\/www.laguiadepamplona.com\\\/actualidad\\\/wp-content\\\/uploads\\\/2025\\\/04\\\/esperanza.webp\",\"contentUrl\":\"https:\\\/\\\/www.laguiadepamplona.com\\\/actualidad\\\/wp-content\\\/uploads\\\/2025\\\/04\\\/esperanza.webp\",\"width\":1000,\"height\":665,\"caption\":\"esperanza\"},{\"@type\":\"BreadcrumbList\",\"@id\":\"https:\\\/\\\/www.laguiadepamplona.com\\\/actualidad\\\/este-lunes-se-abre-la-inscripcion-para-los-talleres-gratuitos-literatura-y-salud-mental-y-mejorar-la-comunicacion-interpersonal-dirigidos-a-mayores-de-65-anos\\\/#breadcrumb\",\"itemListElement\":[{\"@type\":\"ListItem\",\"position\":1,\"name\":\"Portada\",\"item\":\"https:\\\/\\\/www.laguiadepamplona.com\\\/actualidad\\\/\"},{\"@type\":\"ListItem\",\"position\":2,\"name\":\"Este lunes se abre la inscripci\u00f3n para los talleres gratuitos \u2018Literatura y Salud Mental\u2019 y \u2018Mejorar la comunicaci\u00f3n interpersonal\u2019, dirigidos a mayores de 65 a\u00f1os\"}]},{\"@type\":\"WebSite\",\"@id\":\"https:\\\/\\\/www.laguiadepamplona.com\\\/actualidad\\\/#website\",\"url\":\"https:\\\/\\\/www.laguiadepamplona.com\\\/actualidad\\\/\",\"name\":\"La gu\u00eda de Pamplona\",\"description\":\"Noticias de Pamplona\",\"publisher\":{\"@id\":\"https:\\\/\\\/www.laguiadepamplona.com\\\/actualidad\\\/#organization\"},\"potentialAction\":[{\"@type\":\"SearchAction\",\"target\":{\"@type\":\"EntryPoint\",\"urlTemplate\":\"https:\\\/\\\/www.laguiadepamplona.com\\\/actualidad\\\/?s={search_term_string}\"},\"query-input\":{\"@type\":\"PropertyValueSpecification\",\"valueRequired\":true,\"valueName\":\"search_term_string\"}}],\"inLanguage\":\"es\"},{\"@type\":\"Organization\",\"@id\":\"https:\\\/\\\/www.laguiadepamplona.com\\\/actualidad\\\/#organization\",\"name\":\"La Gu\u00eda de Pamplona \\\/ Noticias\",\"url\":\"https:\\\/\\\/www.laguiadepamplona.com\\\/actualidad\\\/\",\"logo\":{\"@type\":\"ImageObject\",\"inLanguage\":\"es\",\"@id\":\"https:\\\/\\\/www.laguiadepamplona.com\\\/actualidad\\\/#\\\/schema\\\/logo\\\/image\\\/\",\"url\":\"https:\\\/\\\/www.laguiadepamplona.com\\\/actualidad\\\/wp-content\\\/uploads\\\/2018\\\/11\\\/logo-laguiadepamplona18-web1.png\",\"contentUrl\":\"https:\\\/\\\/www.laguiadepamplona.com\\\/actualidad\\\/wp-content\\\/uploads\\\/2018\\\/11\\\/logo-laguiadepamplona18-web1.png\",\"width\":600,\"height\":196,\"caption\":\"La Gu\u00eda de Pamplona \\\/ Noticias\"},\"image\":{\"@id\":\"https:\\\/\\\/www.laguiadepamplona.com\\\/actualidad\\\/#\\\/schema\\\/logo\\\/image\\\/\"},\"sameAs\":[\"https:\\\/\\\/www.facebook.com\\\/laguiadepamplonacom-133175176762273\\\/?ref=hl\",\"https:\\\/\\\/x.com\\\/LaGuiadPamplona\",\"https:\\\/\\\/www.instagram.com\\\/la_guia_de_pamplona\\\/\",\"https:\\\/\\\/www.youtube.com\\\/user\\\/laguiadepamplona\"]},{\"@type\":\"Person\",\"@id\":\"https:\\\/\\\/www.laguiadepamplona.com\\\/actualidad\\\/#\\\/schema\\\/person\\\/efe887376f0213d4657c93adc50b1fdb\",\"name\":\"La Gu\u00eda de Pamplona\",\"image\":{\"@type\":\"ImageObject\",\"inLanguage\":\"es\",\"@id\":\"https:\\\/\\\/secure.gravatar.com\\\/avatar\\\/b6992f131dc8d30ab0dff15446e9d346d9dbd95992de0fef795073f5ea83a81c?s=96&d=mm&r=g\",\"url\":\"https:\\\/\\\/secure.gravatar.com\\\/avatar\\\/b6992f131dc8d30ab0dff15446e9d346d9dbd95992de0fef795073f5ea83a81c?s=96&d=mm&r=g\",\"contentUrl\":\"https:\\\/\\\/secure.gravatar.com\\\/avatar\\\/b6992f131dc8d30ab0dff15446e9d346d9dbd95992de0fef795073f5ea83a81c?s=96&d=mm&r=g\",\"caption\":\"La Gu\u00eda de Pamplona\"}}]}<\/script>\n<!-- \/ Yoast SEO plugin. -->","yoast_head_json":{"title":"Este lunes se abre la inscripci\u00f3n para los talleres gratuitos \u2018Literatura y Salud Mental\u2019 y \u2018Mejorar la comunicaci\u00f3n interpersonal\u2019, dirigidos a mayores de 65 a\u00f1os","description":"Las plazas se cubren por orden de llamada al tel\u00e9fono 010 \u2013 948 420 100 y los talleres se celebran en el mes de mayo en San Jorge y Txantrea","robots":{"index":"index","follow":"follow","max-snippet":"max-snippet:-1","max-image-preview":"max-image-preview:large","max-video-preview":"max-video-preview:-1"},"canonical":"https:\/\/www.laguiadepamplona.com\/actualidad\/este-lunes-se-abre-la-inscripcion-para-los-talleres-gratuitos-literatura-y-salud-mental-y-mejorar-la-comunicacion-interpersonal-dirigidos-a-mayores-de-65-anos\/","og_locale":"es_ES","og_type":"article","og_title":"Este lunes se abre la inscripci\u00f3n para los talleres gratuitos \u2018Literatura y Salud Mental\u2019 y \u2018Mejorar la comunicaci\u00f3n interpersonal\u2019, dirigidos a mayores de 65 a\u00f1os","og_description":"Las plazas se cubren por orden de llamada al tel\u00e9fono 010 \u2013 948 420 100 y los talleres se celebran en el mes de mayo en San Jorge y Txantrea","og_url":"https:\/\/www.laguiadepamplona.com\/actualidad\/este-lunes-se-abre-la-inscripcion-para-los-talleres-gratuitos-literatura-y-salud-mental-y-mejorar-la-comunicacion-interpersonal-dirigidos-a-mayores-de-65-anos\/","og_site_name":"La Gu\u00eda de Pamplona","article_publisher":"https:\/\/www.facebook.com\/laguiadepamplonacom-133175176762273\/?ref=hl","article_published_time":"2025-04-11T15:26:14+00:00","og_image":[{"width":1000,"height":665,"url":"https:\/\/www.laguiadepamplona.com\/actualidad\/wp-content\/uploads\/2025\/04\/esperanza.webp","type":"image\/webp"}],"author":"La Gu\u00eda de Pamplona","twitter_card":"summary_large_image","twitter_creator":"@LaGuiadPamplona","twitter_site":"@LaGuiadPamplona","twitter_misc":{"Escrito por":"La Gu\u00eda de Pamplona","Tiempo de lectura":"2 minutos"},"schema":{"@context":"https:\/\/schema.org","@graph":[{"@type":"Article","@id":"https:\/\/www.laguiadepamplona.com\/actualidad\/este-lunes-se-abre-la-inscripcion-para-los-talleres-gratuitos-literatura-y-salud-mental-y-mejorar-la-comunicacion-interpersonal-dirigidos-a-mayores-de-65-anos\/#article","isPartOf":{"@id":"https:\/\/www.laguiadepamplona.com\/actualidad\/este-lunes-se-abre-la-inscripcion-para-los-talleres-gratuitos-literatura-y-salud-mental-y-mejorar-la-comunicacion-interpersonal-dirigidos-a-mayores-de-65-anos\/"},"author":{"name":"La Gu\u00eda de Pamplona","@id":"https:\/\/www.laguiadepamplona.com\/actualidad\/#\/schema\/person\/efe887376f0213d4657c93adc50b1fdb"},"headline":"Este lunes se abre la inscripci\u00f3n para los talleres gratuitos \u2018Literatura y Salud Mental\u2019 y \u2018Mejorar la comunicaci\u00f3n interpersonal\u2019, dirigidos a mayores de 65 a\u00f1os","datePublished":"2025-04-11T15:26:14+00:00","mainEntityOfPage":{"@id":"https:\/\/www.laguiadepamplona.com\/actualidad\/este-lunes-se-abre-la-inscripcion-para-los-talleres-gratuitos-literatura-y-salud-mental-y-mejorar-la-comunicacion-interpersonal-dirigidos-a-mayores-de-65-anos\/"},"wordCount":341,"commentCount":0,"publisher":{"@id":"https:\/\/www.laguiadepamplona.com\/actualidad\/#organization"},"image":{"@id":"https:\/\/www.laguiadepamplona.com\/actualidad\/este-lunes-se-abre-la-inscripcion-para-los-talleres-gratuitos-literatura-y-salud-mental-y-mejorar-la-comunicacion-interpersonal-dirigidos-a-mayores-de-65-anos\/#primaryimage"},"thumbnailUrl":"https:\/\/www.laguiadepamplona.com\/actualidad\/wp-content\/uploads\/2025\/04\/esperanza.webp","articleSection":["Ayto Pamplona"],"inLanguage":"es","potentialAction":[{"@type":"CommentAction","name":"Comment","target":["https:\/\/www.laguiadepamplona.com\/actualidad\/este-lunes-se-abre-la-inscripcion-para-los-talleres-gratuitos-literatura-y-salud-mental-y-mejorar-la-comunicacion-interpersonal-dirigidos-a-mayores-de-65-anos\/#respond"]}]},{"@type":"WebPage","@id":"https:\/\/www.laguiadepamplona.com\/actualidad\/este-lunes-se-abre-la-inscripcion-para-los-talleres-gratuitos-literatura-y-salud-mental-y-mejorar-la-comunicacion-interpersonal-dirigidos-a-mayores-de-65-anos\/","url":"https:\/\/www.laguiadepamplona.com\/actualidad\/este-lunes-se-abre-la-inscripcion-para-los-talleres-gratuitos-literatura-y-salud-mental-y-mejorar-la-comunicacion-interpersonal-dirigidos-a-mayores-de-65-anos\/","name":"Este lunes se abre la inscripci\u00f3n para los talleres gratuitos \u2018Literatura y Salud Mental\u2019 y \u2018Mejorar la comunicaci\u00f3n interpersonal\u2019, dirigidos a mayores de 65 a\u00f1os","isPartOf":{"@id":"https:\/\/www.laguiadepamplona.com\/actualidad\/#website"},"primaryImageOfPage":{"@id":"https:\/\/www.laguiadepamplona.com\/actualidad\/este-lunes-se-abre-la-inscripcion-para-los-talleres-gratuitos-literatura-y-salud-mental-y-mejorar-la-comunicacion-interpersonal-dirigidos-a-mayores-de-65-anos\/#primaryimage"},"image":{"@id":"https:\/\/www.laguiadepamplona.com\/actualidad\/este-lunes-se-abre-la-inscripcion-para-los-talleres-gratuitos-literatura-y-salud-mental-y-mejorar-la-comunicacion-interpersonal-dirigidos-a-mayores-de-65-anos\/#primaryimage"},"thumbnailUrl":"https:\/\/www.laguiadepamplona.com\/actualidad\/wp-content\/uploads\/2025\/04\/esperanza.webp","datePublished":"2025-04-11T15:26:14+00:00","description":"Las plazas se cubren por orden de llamada al tel\u00e9fono 010 \u2013 948 420 100 y los talleres se celebran en el mes de mayo en San Jorge y Txantrea","breadcrumb":{"@id":"https:\/\/www.laguiadepamplona.com\/actualidad\/este-lunes-se-abre-la-inscripcion-para-los-talleres-gratuitos-literatura-y-salud-mental-y-mejorar-la-comunicacion-interpersonal-dirigidos-a-mayores-de-65-anos\/#breadcrumb"},"inLanguage":"es","potentialAction":[{"@type":"ReadAction","target":["https:\/\/www.laguiadepamplona.com\/actualidad\/este-lunes-se-abre-la-inscripcion-para-los-talleres-gratuitos-literatura-y-salud-mental-y-mejorar-la-comunicacion-interpersonal-dirigidos-a-mayores-de-65-anos\/"]}]},{"@type":"ImageObject","inLanguage":"es","@id":"https:\/\/www.laguiadepamplona.com\/actualidad\/este-lunes-se-abre-la-inscripcion-para-los-talleres-gratuitos-literatura-y-salud-mental-y-mejorar-la-comunicacion-interpersonal-dirigidos-a-mayores-de-65-anos\/#primaryimage","url":"https:\/\/www.laguiadepamplona.com\/actualidad\/wp-content\/uploads\/2025\/04\/esperanza.webp","contentUrl":"https:\/\/www.laguiadepamplona.com\/actualidad\/wp-content\/uploads\/2025\/04\/esperanza.webp","width":1000,"height":665,"caption":"esperanza"},{"@type":"BreadcrumbList","@id":"https:\/\/www.laguiadepamplona.com\/actualidad\/este-lunes-se-abre-la-inscripcion-para-los-talleres-gratuitos-literatura-y-salud-mental-y-mejorar-la-comunicacion-interpersonal-dirigidos-a-mayores-de-65-anos\/#breadcrumb","itemListElement":[{"@type":"ListItem","position":1,"name":"Portada","item":"https:\/\/www.laguiadepamplona.com\/actualidad\/"},{"@type":"ListItem","position":2,"name":"Este lunes se abre la inscripci\u00f3n para los talleres gratuitos \u2018Literatura y Salud Mental\u2019 y \u2018Mejorar la comunicaci\u00f3n interpersonal\u2019, dirigidos a mayores de 65 a\u00f1os"}]},{"@type":"WebSite","@id":"https:\/\/www.laguiadepamplona.com\/actualidad\/#website","url":"https:\/\/www.laguiadepamplona.com\/actualidad\/","name":"La gu\u00eda de Pamplona","description":"Noticias de Pamplona","publisher":{"@id":"https:\/\/www.laguiadepamplona.com\/actualidad\/#organization"},"potentialAction":[{"@type":"SearchAction","target":{"@type":"EntryPoint","urlTemplate":"https:\/\/www.laguiadepamplona.com\/actualidad\/?s={search_term_string}"},"query-input":{"@type":"PropertyValueSpecification","valueRequired":true,"valueName":"search_term_string"}}],"inLanguage":"es"},{"@type":"Organization","@id":"https:\/\/www.laguiadepamplona.com\/actualidad\/#organization","name":"La Gu\u00eda de Pamplona \/ Noticias","url":"https:\/\/www.laguiadepamplona.com\/actualidad\/","logo":{"@type":"ImageObject","inLanguage":"es","@id":"https:\/\/www.laguiadepamplona.com\/actualidad\/#\/schema\/logo\/image\/","url":"https:\/\/www.laguiadepamplona.com\/actualidad\/wp-content\/uploads\/2018\/11\/logo-laguiadepamplona18-web1.png","contentUrl":"https:\/\/www.laguiadepamplona.com\/actualidad\/wp-content\/uploads\/2018\/11\/logo-laguiadepamplona18-web1.png","width":600,"height":196,"caption":"La Gu\u00eda de Pamplona \/ Noticias"},"image":{"@id":"https:\/\/www.laguiadepamplona.com\/actualidad\/#\/schema\/logo\/image\/"},"sameAs":["https:\/\/www.facebook.com\/laguiadepamplonacom-133175176762273\/?ref=hl","https:\/\/x.com\/LaGuiadPamplona","https:\/\/www.instagram.com\/la_guia_de_pamplona\/","https:\/\/www.youtube.com\/user\/laguiadepamplona"]},{"@type":"Person","@id":"https:\/\/www.laguiadepamplona.com\/actualidad\/#\/schema\/person\/efe887376f0213d4657c93adc50b1fdb","name":"La Gu\u00eda de Pamplona","image":{"@type":"ImageObject","inLanguage":"es","@id":"https:\/\/secure.gravatar.com\/avatar\/b6992f131dc8d30ab0dff15446e9d346d9dbd95992de0fef795073f5ea83a81c?s=96&d=mm&r=g","url":"https:\/\/secure.gravatar.com\/avatar\/b6992f131dc8d30ab0dff15446e9d346d9dbd95992de0fef795073f5ea83a81c?s=96&d=mm&r=g","contentUrl":"https:\/\/secure.gravatar.com\/avatar\/b6992f131dc8d30ab0dff15446e9d346d9dbd95992de0fef795073f5ea83a81c?s=96&d=mm&r=g","caption":"La Gu\u00eda de Pamplona"}}]}},"post_mailing_queue_ids":[],"_links":{"self":[{"href":"https:\/\/www.laguiadepamplona.com\/actualidad\/wp-json\/wp\/v2\/posts\/52725","targetHints":{"allow":["GET"]}}],"collection":[{"href":"https:\/\/www.laguiadepamplona.com\/actualidad\/wp-json\/wp\/v2\/posts"}],"about":[{"href":"https:\/\/www.laguiadepamplona.com\/actualidad\/wp-json\/wp\/v2\/types\/post"}],"author":[{"embeddable":true,"href":"https:\/\/www.laguiadepamplona.com\/actualidad\/wp-json\/wp\/v2\/users\/1"}],"replies":[{"embeddable":true,"href":"https:\/\/www.laguiadepamplona.com\/actualidad\/wp-json\/wp\/v2\/comments?post=52725"}],"version-history":[{"count":1,"href":"https:\/\/www.laguiadepamplona.com\/actualidad\/wp-json\/wp\/v2\/posts\/52725\/revisions"}],"predecessor-version":[{"id":52727,"href":"https:\/\/www.laguiadepamplona.com\/actualidad\/wp-json\/wp\/v2\/posts\/52725\/revisions\/52727"}],"wp:featuredmedia":[{"embeddable":true,"href":"https:\/\/www.laguiadepamplona.com\/actualidad\/wp-json\/wp\/v2\/media\/52726"}],"wp:attachment":[{"href":"https:\/\/www.laguiadepamplona.com\/actualidad\/wp-json\/wp\/v2\/media?parent=52725"}],"wp:term":[{"taxonomy":"category","embeddable":true,"href":"https:\/\/www.laguiadepamplona.com\/actualidad\/wp-json\/wp\/v2\/categories?post=52725"},{"taxonomy":"post_tag","embeddable":true,"href":"https:\/\/www.laguiadepamplona.com\/actualidad\/wp-json\/wp\/v2\/tags?post=52725"}],"curies":[{"name":"wp","href":"https:\/\/api.w.org\/{rel}","templated":true}]}}