{"id":52711,"date":"2025-04-10T16:31:52","date_gmt":"2025-04-10T14:31:52","guid":{"rendered":"https:\/\/www.laguiadepamplona.com\/actualidad\/?p=52711"},"modified":"2025-04-10T16:31:52","modified_gmt":"2025-04-10T14:31:52","slug":"pamplona-se-une-a-la-iniciativa-euskaraldia-que-se-celebra-del-15-al-25-de-mayo-para-promover-el-uso-del-euskera-en-la-vida-cotidiana","status":"publish","type":"post","link":"https:\/\/www.laguiadepamplona.com\/actualidad\/pamplona-se-une-a-la-iniciativa-euskaraldia-que-se-celebra-del-15-al-25-de-mayo-para-promover-el-uso-del-euskera-en-la-vida-cotidiana\/","title":{"rendered":"Pamplona se une a la iniciativa Euskaraldia, que se celebra del 15 al 25 de mayo, para promover el uso del euskera en la vida cotidiana"},"content":{"rendered":"<h2>El Ayuntamiento de Pamplona suscribe un convenio con Euskaltzaleen Topagunea \u2013 Taupa Euskaltzaleen Mugimendua para el fomento del euskera a trav\u00e9s del cambio de h\u00e1bitos ling\u00fc\u00edsticos<\/h2>\n<p><!--more--><\/p>\n<p>El Ayuntamiento de Pamplona se ha unido al movimiento social Euskaraldia, para fomentar el uso del euskera en la ciudad. El alcalde de Pamplona, Joseba Asiron Saez, y la concejala especial de Participaci\u00f3n Ciudadana y Euskera, Aitziber Campi\u00f3n Ganboa, se han reunido esta ma\u00f1ana con el director de la delegaci\u00f3n navarra de Euskaltzaleen Topagunea \u2013 Taupa Euskaltzaleen Mugimendua, Oskar Zapata Solano, y la coordinadora de Euskaraldia en Navarra, Nora Gonz\u00e1lez Go\u00f1i, para firmar un convenio de colaboraci\u00f3n.<\/p>\n<p>En la reuni\u00f3n se ha tratado la iniciativa en torno al euskera, que celebra este a\u00f1o su cuarta edici\u00f3n, del 15 al 25 de mayo. Euskaraldia impulsa la participaci\u00f3n activa de aquellas personas que saben euskera pero no lo usan habitualmente, anim\u00e1ndolas a hablarlo en m\u00e1s contextos. Asimismo, fomenta que quienes entienden euskera, pero no se sienten seguras para hablarlo, reciban comunicaci\u00f3n en euskera para fortalecer su exposici\u00f3n al idioma. Todo ello se articula a trav\u00e9s de dos figuras clave: Ahobizi, personas que se comprometen a hablar en euskera siempre que sea posible, y Belarriprest, personas que, aunque puedan responder en castellano, expresan su voluntad de que se les hable en euskera.<\/p>\n<p>El Ayuntamiento secunda esta iniciativa a trav\u00e9s de un convenio de colaboraci\u00f3n, por importe de 7.000 euros, que se desarrolla hasta el 25 de mayo. El convenio incluye, de forma espec\u00edfica, que el objeto es la creaci\u00f3n, gesti\u00f3n y dinamizaci\u00f3n de grupos ciudadanos en los barrios de Pamplona para impulsar la participaci\u00f3n y la organizaci\u00f3n de din\u00e1micas, durante los d\u00edas previos a Euskaraldia y los once d\u00edas en que se celebra.<\/p>\n<p>La entidad beneficiaria, Euskaltzaleen Topagunea \u2013 Taupa Euskaltzaleen Mugimendua, se compromete a promover la iniciativa, en medios locales y masivos, y dar publicidad a la financiaci\u00f3n recibida por parte del Ayuntamiento de Pamplona.<\/p>\n","protected":false},"excerpt":{"rendered":"<p>El Ayuntamiento de Pamplona suscribe un convenio con Euskaltzaleen Topagunea \u2013 Taupa Euskaltzaleen Mugimendua para el fomento del euskera a trav\u00e9s del cambio de h\u00e1bitos ling\u00fc\u00edsticos<\/p>\n","protected":false},"author":1,"featured_media":52712,"comment_status":"open","ping_status":"closed","sticky":false,"template":"","format":"standard","meta":{"footnotes":""},"categories":[2],"tags":[],"class_list":["post-52711","post","type-post","status-publish","format-standard","has-post-thumbnail","hentry","category-ayuntamiento-pamplona"],"yoast_head":"<!-- This site is optimized with the Yoast SEO plugin v27.3 - https:\/\/yoast.com\/product\/yoast-seo-wordpress\/ -->\n<title>Pamplona se une a la iniciativa Euskaraldia, que se celebra del 15 al 25 de mayo, para promover el uso del euskera en la vida cotidiana<\/title>\n<meta name=\"description\" content=\"El Ayuntamiento de Pamplona suscribe un convenio con Euskaltzaleen Topagunea \u2013 Taupa Euskaltzaleen Mugimendua para el fomento del euskera\" \/>\n<meta name=\"robots\" content=\"index, follow, max-snippet:-1, max-image-preview:large, max-video-preview:-1\" \/>\n<link rel=\"canonical\" href=\"https:\/\/www.laguiadepamplona.com\/actualidad\/pamplona-se-une-a-la-iniciativa-euskaraldia-que-se-celebra-del-15-al-25-de-mayo-para-promover-el-uso-del-euskera-en-la-vida-cotidiana\/\" \/>\n<meta property=\"og:locale\" content=\"es_ES\" \/>\n<meta property=\"og:type\" content=\"article\" \/>\n<meta property=\"og:title\" content=\"Pamplona se une a la iniciativa Euskaraldia, que se celebra del 15 al 25 de mayo, para promover el uso del euskera en la vida cotidiana\" \/>\n<meta property=\"og:description\" content=\"El Ayuntamiento de Pamplona suscribe un convenio con Euskaltzaleen Topagunea \u2013 Taupa Euskaltzaleen Mugimendua para el fomento del euskera\" \/>\n<meta property=\"og:url\" content=\"https:\/\/www.laguiadepamplona.com\/actualidad\/pamplona-se-une-a-la-iniciativa-euskaraldia-que-se-celebra-del-15-al-25-de-mayo-para-promover-el-uso-del-euskera-en-la-vida-cotidiana\/\" \/>\n<meta property=\"og:site_name\" content=\"La Gu\u00eda de Pamplona\" \/>\n<meta property=\"article:publisher\" content=\"https:\/\/www.facebook.com\/laguiadepamplonacom-133175176762273\/?ref=hl\" \/>\n<meta property=\"article:published_time\" content=\"2025-04-10T14:31:52+00:00\" \/>\n<meta property=\"og:image\" content=\"https:\/\/www.laguiadepamplona.com\/actualidad\/wp-content\/uploads\/2025\/04\/3firmaconvenioconeuskaraldiadsc2034.webp\" \/>\n\t<meta property=\"og:image:width\" content=\"1000\" \/>\n\t<meta property=\"og:image:height\" content=\"666\" \/>\n\t<meta property=\"og:image:type\" content=\"image\/webp\" \/>\n<meta name=\"author\" content=\"La Gu\u00eda de Pamplona\" \/>\n<meta name=\"twitter:card\" content=\"summary_large_image\" \/>\n<meta name=\"twitter:creator\" content=\"@LaGuiadPamplona\" \/>\n<meta name=\"twitter:site\" content=\"@LaGuiadPamplona\" \/>\n<meta name=\"twitter:label1\" content=\"Escrito por\" \/>\n\t<meta name=\"twitter:data1\" content=\"La Gu\u00eda de Pamplona\" \/>\n\t<meta name=\"twitter:label2\" content=\"Tiempo de lectura\" \/>\n\t<meta name=\"twitter:data2\" content=\"2 minutos\" \/>\n<script type=\"application\/ld+json\" class=\"yoast-schema-graph\">{\"@context\":\"https:\\\/\\\/schema.org\",\"@graph\":[{\"@type\":\"Article\",\"@id\":\"https:\\\/\\\/www.laguiadepamplona.com\\\/actualidad\\\/pamplona-se-une-a-la-iniciativa-euskaraldia-que-se-celebra-del-15-al-25-de-mayo-para-promover-el-uso-del-euskera-en-la-vida-cotidiana\\\/#article\",\"isPartOf\":{\"@id\":\"https:\\\/\\\/www.laguiadepamplona.com\\\/actualidad\\\/pamplona-se-une-a-la-iniciativa-euskaraldia-que-se-celebra-del-15-al-25-de-mayo-para-promover-el-uso-del-euskera-en-la-vida-cotidiana\\\/\"},\"author\":{\"name\":\"La Gu\u00eda de Pamplona\",\"@id\":\"https:\\\/\\\/www.laguiadepamplona.com\\\/actualidad\\\/#\\\/schema\\\/person\\\/efe887376f0213d4657c93adc50b1fdb\"},\"headline\":\"Pamplona se une a la iniciativa Euskaraldia, que se celebra del 15 al 25 de mayo, para promover el uso del euskera en la vida cotidiana\",\"datePublished\":\"2025-04-10T14:31:52+00:00\",\"mainEntityOfPage\":{\"@id\":\"https:\\\/\\\/www.laguiadepamplona.com\\\/actualidad\\\/pamplona-se-une-a-la-iniciativa-euskaraldia-que-se-celebra-del-15-al-25-de-mayo-para-promover-el-uso-del-euskera-en-la-vida-cotidiana\\\/\"},\"wordCount\":367,\"commentCount\":0,\"publisher\":{\"@id\":\"https:\\\/\\\/www.laguiadepamplona.com\\\/actualidad\\\/#organization\"},\"image\":{\"@id\":\"https:\\\/\\\/www.laguiadepamplona.com\\\/actualidad\\\/pamplona-se-une-a-la-iniciativa-euskaraldia-que-se-celebra-del-15-al-25-de-mayo-para-promover-el-uso-del-euskera-en-la-vida-cotidiana\\\/#primaryimage\"},\"thumbnailUrl\":\"https:\\\/\\\/www.laguiadepamplona.com\\\/actualidad\\\/wp-content\\\/uploads\\\/2025\\\/04\\\/3firmaconvenioconeuskaraldiadsc2034.webp\",\"articleSection\":[\"Ayto Pamplona\"],\"inLanguage\":\"es\",\"potentialAction\":[{\"@type\":\"CommentAction\",\"name\":\"Comment\",\"target\":[\"https:\\\/\\\/www.laguiadepamplona.com\\\/actualidad\\\/pamplona-se-une-a-la-iniciativa-euskaraldia-que-se-celebra-del-15-al-25-de-mayo-para-promover-el-uso-del-euskera-en-la-vida-cotidiana\\\/#respond\"]}]},{\"@type\":\"WebPage\",\"@id\":\"https:\\\/\\\/www.laguiadepamplona.com\\\/actualidad\\\/pamplona-se-une-a-la-iniciativa-euskaraldia-que-se-celebra-del-15-al-25-de-mayo-para-promover-el-uso-del-euskera-en-la-vida-cotidiana\\\/\",\"url\":\"https:\\\/\\\/www.laguiadepamplona.com\\\/actualidad\\\/pamplona-se-une-a-la-iniciativa-euskaraldia-que-se-celebra-del-15-al-25-de-mayo-para-promover-el-uso-del-euskera-en-la-vida-cotidiana\\\/\",\"name\":\"Pamplona se une a la iniciativa Euskaraldia, que se celebra del 15 al 25 de mayo, para promover el uso del euskera en la vida cotidiana\",\"isPartOf\":{\"@id\":\"https:\\\/\\\/www.laguiadepamplona.com\\\/actualidad\\\/#website\"},\"primaryImageOfPage\":{\"@id\":\"https:\\\/\\\/www.laguiadepamplona.com\\\/actualidad\\\/pamplona-se-une-a-la-iniciativa-euskaraldia-que-se-celebra-del-15-al-25-de-mayo-para-promover-el-uso-del-euskera-en-la-vida-cotidiana\\\/#primaryimage\"},\"image\":{\"@id\":\"https:\\\/\\\/www.laguiadepamplona.com\\\/actualidad\\\/pamplona-se-une-a-la-iniciativa-euskaraldia-que-se-celebra-del-15-al-25-de-mayo-para-promover-el-uso-del-euskera-en-la-vida-cotidiana\\\/#primaryimage\"},\"thumbnailUrl\":\"https:\\\/\\\/www.laguiadepamplona.com\\\/actualidad\\\/wp-content\\\/uploads\\\/2025\\\/04\\\/3firmaconvenioconeuskaraldiadsc2034.webp\",\"datePublished\":\"2025-04-10T14:31:52+00:00\",\"description\":\"El Ayuntamiento de Pamplona suscribe un convenio con Euskaltzaleen Topagunea \u2013 Taupa Euskaltzaleen Mugimendua para el fomento del euskera\",\"breadcrumb\":{\"@id\":\"https:\\\/\\\/www.laguiadepamplona.com\\\/actualidad\\\/pamplona-se-une-a-la-iniciativa-euskaraldia-que-se-celebra-del-15-al-25-de-mayo-para-promover-el-uso-del-euskera-en-la-vida-cotidiana\\\/#breadcrumb\"},\"inLanguage\":\"es\",\"potentialAction\":[{\"@type\":\"ReadAction\",\"target\":[\"https:\\\/\\\/www.laguiadepamplona.com\\\/actualidad\\\/pamplona-se-une-a-la-iniciativa-euskaraldia-que-se-celebra-del-15-al-25-de-mayo-para-promover-el-uso-del-euskera-en-la-vida-cotidiana\\\/\"]}]},{\"@type\":\"ImageObject\",\"inLanguage\":\"es\",\"@id\":\"https:\\\/\\\/www.laguiadepamplona.com\\\/actualidad\\\/pamplona-se-une-a-la-iniciativa-euskaraldia-que-se-celebra-del-15-al-25-de-mayo-para-promover-el-uso-del-euskera-en-la-vida-cotidiana\\\/#primaryimage\",\"url\":\"https:\\\/\\\/www.laguiadepamplona.com\\\/actualidad\\\/wp-content\\\/uploads\\\/2025\\\/04\\\/3firmaconvenioconeuskaraldiadsc2034.webp\",\"contentUrl\":\"https:\\\/\\\/www.laguiadepamplona.com\\\/actualidad\\\/wp-content\\\/uploads\\\/2025\\\/04\\\/3firmaconvenioconeuskaraldiadsc2034.webp\",\"width\":1000,\"height\":666,\"caption\":\"firma convenio con euskaraldia\"},{\"@type\":\"BreadcrumbList\",\"@id\":\"https:\\\/\\\/www.laguiadepamplona.com\\\/actualidad\\\/pamplona-se-une-a-la-iniciativa-euskaraldia-que-se-celebra-del-15-al-25-de-mayo-para-promover-el-uso-del-euskera-en-la-vida-cotidiana\\\/#breadcrumb\",\"itemListElement\":[{\"@type\":\"ListItem\",\"position\":1,\"name\":\"Portada\",\"item\":\"https:\\\/\\\/www.laguiadepamplona.com\\\/actualidad\\\/\"},{\"@type\":\"ListItem\",\"position\":2,\"name\":\"Pamplona se une a la iniciativa Euskaraldia, que se celebra del 15 al 25 de mayo, para promover el uso del euskera en la vida cotidiana\"}]},{\"@type\":\"WebSite\",\"@id\":\"https:\\\/\\\/www.laguiadepamplona.com\\\/actualidad\\\/#website\",\"url\":\"https:\\\/\\\/www.laguiadepamplona.com\\\/actualidad\\\/\",\"name\":\"La gu\u00eda de Pamplona\",\"description\":\"Noticias de Pamplona\",\"publisher\":{\"@id\":\"https:\\\/\\\/www.laguiadepamplona.com\\\/actualidad\\\/#organization\"},\"potentialAction\":[{\"@type\":\"SearchAction\",\"target\":{\"@type\":\"EntryPoint\",\"urlTemplate\":\"https:\\\/\\\/www.laguiadepamplona.com\\\/actualidad\\\/?s={search_term_string}\"},\"query-input\":{\"@type\":\"PropertyValueSpecification\",\"valueRequired\":true,\"valueName\":\"search_term_string\"}}],\"inLanguage\":\"es\"},{\"@type\":\"Organization\",\"@id\":\"https:\\\/\\\/www.laguiadepamplona.com\\\/actualidad\\\/#organization\",\"name\":\"La Gu\u00eda de Pamplona \\\/ Noticias\",\"url\":\"https:\\\/\\\/www.laguiadepamplona.com\\\/actualidad\\\/\",\"logo\":{\"@type\":\"ImageObject\",\"inLanguage\":\"es\",\"@id\":\"https:\\\/\\\/www.laguiadepamplona.com\\\/actualidad\\\/#\\\/schema\\\/logo\\\/image\\\/\",\"url\":\"https:\\\/\\\/www.laguiadepamplona.com\\\/actualidad\\\/wp-content\\\/uploads\\\/2018\\\/11\\\/logo-laguiadepamplona18-web1.png\",\"contentUrl\":\"https:\\\/\\\/www.laguiadepamplona.com\\\/actualidad\\\/wp-content\\\/uploads\\\/2018\\\/11\\\/logo-laguiadepamplona18-web1.png\",\"width\":600,\"height\":196,\"caption\":\"La Gu\u00eda de Pamplona \\\/ Noticias\"},\"image\":{\"@id\":\"https:\\\/\\\/www.laguiadepamplona.com\\\/actualidad\\\/#\\\/schema\\\/logo\\\/image\\\/\"},\"sameAs\":[\"https:\\\/\\\/www.facebook.com\\\/laguiadepamplonacom-133175176762273\\\/?ref=hl\",\"https:\\\/\\\/x.com\\\/LaGuiadPamplona\",\"https:\\\/\\\/www.instagram.com\\\/la_guia_de_pamplona\\\/\",\"https:\\\/\\\/www.youtube.com\\\/user\\\/laguiadepamplona\"]},{\"@type\":\"Person\",\"@id\":\"https:\\\/\\\/www.laguiadepamplona.com\\\/actualidad\\\/#\\\/schema\\\/person\\\/efe887376f0213d4657c93adc50b1fdb\",\"name\":\"La Gu\u00eda de Pamplona\",\"image\":{\"@type\":\"ImageObject\",\"inLanguage\":\"es\",\"@id\":\"https:\\\/\\\/secure.gravatar.com\\\/avatar\\\/b6992f131dc8d30ab0dff15446e9d346d9dbd95992de0fef795073f5ea83a81c?s=96&d=mm&r=g\",\"url\":\"https:\\\/\\\/secure.gravatar.com\\\/avatar\\\/b6992f131dc8d30ab0dff15446e9d346d9dbd95992de0fef795073f5ea83a81c?s=96&d=mm&r=g\",\"contentUrl\":\"https:\\\/\\\/secure.gravatar.com\\\/avatar\\\/b6992f131dc8d30ab0dff15446e9d346d9dbd95992de0fef795073f5ea83a81c?s=96&d=mm&r=g\",\"caption\":\"La Gu\u00eda de Pamplona\"}}]}<\/script>\n<!-- \/ Yoast SEO plugin. -->","yoast_head_json":{"title":"Pamplona se une a la iniciativa Euskaraldia, que se celebra del 15 al 25 de mayo, para promover el uso del euskera en la vida cotidiana","description":"El Ayuntamiento de Pamplona suscribe un convenio con Euskaltzaleen Topagunea \u2013 Taupa Euskaltzaleen Mugimendua para el fomento del euskera","robots":{"index":"index","follow":"follow","max-snippet":"max-snippet:-1","max-image-preview":"max-image-preview:large","max-video-preview":"max-video-preview:-1"},"canonical":"https:\/\/www.laguiadepamplona.com\/actualidad\/pamplona-se-une-a-la-iniciativa-euskaraldia-que-se-celebra-del-15-al-25-de-mayo-para-promover-el-uso-del-euskera-en-la-vida-cotidiana\/","og_locale":"es_ES","og_type":"article","og_title":"Pamplona se une a la iniciativa Euskaraldia, que se celebra del 15 al 25 de mayo, para promover el uso del euskera en la vida cotidiana","og_description":"El Ayuntamiento de Pamplona suscribe un convenio con Euskaltzaleen Topagunea \u2013 Taupa Euskaltzaleen Mugimendua para el fomento del euskera","og_url":"https:\/\/www.laguiadepamplona.com\/actualidad\/pamplona-se-une-a-la-iniciativa-euskaraldia-que-se-celebra-del-15-al-25-de-mayo-para-promover-el-uso-del-euskera-en-la-vida-cotidiana\/","og_site_name":"La Gu\u00eda de Pamplona","article_publisher":"https:\/\/www.facebook.com\/laguiadepamplonacom-133175176762273\/?ref=hl","article_published_time":"2025-04-10T14:31:52+00:00","og_image":[{"width":1000,"height":666,"url":"https:\/\/www.laguiadepamplona.com\/actualidad\/wp-content\/uploads\/2025\/04\/3firmaconvenioconeuskaraldiadsc2034.webp","type":"image\/webp"}],"author":"La Gu\u00eda de Pamplona","twitter_card":"summary_large_image","twitter_creator":"@LaGuiadPamplona","twitter_site":"@LaGuiadPamplona","twitter_misc":{"Escrito por":"La Gu\u00eda de Pamplona","Tiempo de lectura":"2 minutos"},"schema":{"@context":"https:\/\/schema.org","@graph":[{"@type":"Article","@id":"https:\/\/www.laguiadepamplona.com\/actualidad\/pamplona-se-une-a-la-iniciativa-euskaraldia-que-se-celebra-del-15-al-25-de-mayo-para-promover-el-uso-del-euskera-en-la-vida-cotidiana\/#article","isPartOf":{"@id":"https:\/\/www.laguiadepamplona.com\/actualidad\/pamplona-se-une-a-la-iniciativa-euskaraldia-que-se-celebra-del-15-al-25-de-mayo-para-promover-el-uso-del-euskera-en-la-vida-cotidiana\/"},"author":{"name":"La Gu\u00eda de Pamplona","@id":"https:\/\/www.laguiadepamplona.com\/actualidad\/#\/schema\/person\/efe887376f0213d4657c93adc50b1fdb"},"headline":"Pamplona se une a la iniciativa Euskaraldia, que se celebra del 15 al 25 de mayo, para promover el uso del euskera en la vida cotidiana","datePublished":"2025-04-10T14:31:52+00:00","mainEntityOfPage":{"@id":"https:\/\/www.laguiadepamplona.com\/actualidad\/pamplona-se-une-a-la-iniciativa-euskaraldia-que-se-celebra-del-15-al-25-de-mayo-para-promover-el-uso-del-euskera-en-la-vida-cotidiana\/"},"wordCount":367,"commentCount":0,"publisher":{"@id":"https:\/\/www.laguiadepamplona.com\/actualidad\/#organization"},"image":{"@id":"https:\/\/www.laguiadepamplona.com\/actualidad\/pamplona-se-une-a-la-iniciativa-euskaraldia-que-se-celebra-del-15-al-25-de-mayo-para-promover-el-uso-del-euskera-en-la-vida-cotidiana\/#primaryimage"},"thumbnailUrl":"https:\/\/www.laguiadepamplona.com\/actualidad\/wp-content\/uploads\/2025\/04\/3firmaconvenioconeuskaraldiadsc2034.webp","articleSection":["Ayto Pamplona"],"inLanguage":"es","potentialAction":[{"@type":"CommentAction","name":"Comment","target":["https:\/\/www.laguiadepamplona.com\/actualidad\/pamplona-se-une-a-la-iniciativa-euskaraldia-que-se-celebra-del-15-al-25-de-mayo-para-promover-el-uso-del-euskera-en-la-vida-cotidiana\/#respond"]}]},{"@type":"WebPage","@id":"https:\/\/www.laguiadepamplona.com\/actualidad\/pamplona-se-une-a-la-iniciativa-euskaraldia-que-se-celebra-del-15-al-25-de-mayo-para-promover-el-uso-del-euskera-en-la-vida-cotidiana\/","url":"https:\/\/www.laguiadepamplona.com\/actualidad\/pamplona-se-une-a-la-iniciativa-euskaraldia-que-se-celebra-del-15-al-25-de-mayo-para-promover-el-uso-del-euskera-en-la-vida-cotidiana\/","name":"Pamplona se une a la iniciativa Euskaraldia, que se celebra del 15 al 25 de mayo, para promover el uso del euskera en la vida cotidiana","isPartOf":{"@id":"https:\/\/www.laguiadepamplona.com\/actualidad\/#website"},"primaryImageOfPage":{"@id":"https:\/\/www.laguiadepamplona.com\/actualidad\/pamplona-se-une-a-la-iniciativa-euskaraldia-que-se-celebra-del-15-al-25-de-mayo-para-promover-el-uso-del-euskera-en-la-vida-cotidiana\/#primaryimage"},"image":{"@id":"https:\/\/www.laguiadepamplona.com\/actualidad\/pamplona-se-une-a-la-iniciativa-euskaraldia-que-se-celebra-del-15-al-25-de-mayo-para-promover-el-uso-del-euskera-en-la-vida-cotidiana\/#primaryimage"},"thumbnailUrl":"https:\/\/www.laguiadepamplona.com\/actualidad\/wp-content\/uploads\/2025\/04\/3firmaconvenioconeuskaraldiadsc2034.webp","datePublished":"2025-04-10T14:31:52+00:00","description":"El Ayuntamiento de Pamplona suscribe un convenio con Euskaltzaleen Topagunea \u2013 Taupa Euskaltzaleen Mugimendua para el fomento del euskera","breadcrumb":{"@id":"https:\/\/www.laguiadepamplona.com\/actualidad\/pamplona-se-une-a-la-iniciativa-euskaraldia-que-se-celebra-del-15-al-25-de-mayo-para-promover-el-uso-del-euskera-en-la-vida-cotidiana\/#breadcrumb"},"inLanguage":"es","potentialAction":[{"@type":"ReadAction","target":["https:\/\/www.laguiadepamplona.com\/actualidad\/pamplona-se-une-a-la-iniciativa-euskaraldia-que-se-celebra-del-15-al-25-de-mayo-para-promover-el-uso-del-euskera-en-la-vida-cotidiana\/"]}]},{"@type":"ImageObject","inLanguage":"es","@id":"https:\/\/www.laguiadepamplona.com\/actualidad\/pamplona-se-une-a-la-iniciativa-euskaraldia-que-se-celebra-del-15-al-25-de-mayo-para-promover-el-uso-del-euskera-en-la-vida-cotidiana\/#primaryimage","url":"https:\/\/www.laguiadepamplona.com\/actualidad\/wp-content\/uploads\/2025\/04\/3firmaconvenioconeuskaraldiadsc2034.webp","contentUrl":"https:\/\/www.laguiadepamplona.com\/actualidad\/wp-content\/uploads\/2025\/04\/3firmaconvenioconeuskaraldiadsc2034.webp","width":1000,"height":666,"caption":"firma convenio con euskaraldia"},{"@type":"BreadcrumbList","@id":"https:\/\/www.laguiadepamplona.com\/actualidad\/pamplona-se-une-a-la-iniciativa-euskaraldia-que-se-celebra-del-15-al-25-de-mayo-para-promover-el-uso-del-euskera-en-la-vida-cotidiana\/#breadcrumb","itemListElement":[{"@type":"ListItem","position":1,"name":"Portada","item":"https:\/\/www.laguiadepamplona.com\/actualidad\/"},{"@type":"ListItem","position":2,"name":"Pamplona se une a la iniciativa Euskaraldia, que se celebra del 15 al 25 de mayo, para promover el uso del euskera en la vida cotidiana"}]},{"@type":"WebSite","@id":"https:\/\/www.laguiadepamplona.com\/actualidad\/#website","url":"https:\/\/www.laguiadepamplona.com\/actualidad\/","name":"La gu\u00eda de Pamplona","description":"Noticias de Pamplona","publisher":{"@id":"https:\/\/www.laguiadepamplona.com\/actualidad\/#organization"},"potentialAction":[{"@type":"SearchAction","target":{"@type":"EntryPoint","urlTemplate":"https:\/\/www.laguiadepamplona.com\/actualidad\/?s={search_term_string}"},"query-input":{"@type":"PropertyValueSpecification","valueRequired":true,"valueName":"search_term_string"}}],"inLanguage":"es"},{"@type":"Organization","@id":"https:\/\/www.laguiadepamplona.com\/actualidad\/#organization","name":"La Gu\u00eda de Pamplona \/ Noticias","url":"https:\/\/www.laguiadepamplona.com\/actualidad\/","logo":{"@type":"ImageObject","inLanguage":"es","@id":"https:\/\/www.laguiadepamplona.com\/actualidad\/#\/schema\/logo\/image\/","url":"https:\/\/www.laguiadepamplona.com\/actualidad\/wp-content\/uploads\/2018\/11\/logo-laguiadepamplona18-web1.png","contentUrl":"https:\/\/www.laguiadepamplona.com\/actualidad\/wp-content\/uploads\/2018\/11\/logo-laguiadepamplona18-web1.png","width":600,"height":196,"caption":"La Gu\u00eda de Pamplona \/ Noticias"},"image":{"@id":"https:\/\/www.laguiadepamplona.com\/actualidad\/#\/schema\/logo\/image\/"},"sameAs":["https:\/\/www.facebook.com\/laguiadepamplonacom-133175176762273\/?ref=hl","https:\/\/x.com\/LaGuiadPamplona","https:\/\/www.instagram.com\/la_guia_de_pamplona\/","https:\/\/www.youtube.com\/user\/laguiadepamplona"]},{"@type":"Person","@id":"https:\/\/www.laguiadepamplona.com\/actualidad\/#\/schema\/person\/efe887376f0213d4657c93adc50b1fdb","name":"La Gu\u00eda de Pamplona","image":{"@type":"ImageObject","inLanguage":"es","@id":"https:\/\/secure.gravatar.com\/avatar\/b6992f131dc8d30ab0dff15446e9d346d9dbd95992de0fef795073f5ea83a81c?s=96&d=mm&r=g","url":"https:\/\/secure.gravatar.com\/avatar\/b6992f131dc8d30ab0dff15446e9d346d9dbd95992de0fef795073f5ea83a81c?s=96&d=mm&r=g","contentUrl":"https:\/\/secure.gravatar.com\/avatar\/b6992f131dc8d30ab0dff15446e9d346d9dbd95992de0fef795073f5ea83a81c?s=96&d=mm&r=g","caption":"La Gu\u00eda de Pamplona"}}]}},"post_mailing_queue_ids":[],"_links":{"self":[{"href":"https:\/\/www.laguiadepamplona.com\/actualidad\/wp-json\/wp\/v2\/posts\/52711","targetHints":{"allow":["GET"]}}],"collection":[{"href":"https:\/\/www.laguiadepamplona.com\/actualidad\/wp-json\/wp\/v2\/posts"}],"about":[{"href":"https:\/\/www.laguiadepamplona.com\/actualidad\/wp-json\/wp\/v2\/types\/post"}],"author":[{"embeddable":true,"href":"https:\/\/www.laguiadepamplona.com\/actualidad\/wp-json\/wp\/v2\/users\/1"}],"replies":[{"embeddable":true,"href":"https:\/\/www.laguiadepamplona.com\/actualidad\/wp-json\/wp\/v2\/comments?post=52711"}],"version-history":[{"count":1,"href":"https:\/\/www.laguiadepamplona.com\/actualidad\/wp-json\/wp\/v2\/posts\/52711\/revisions"}],"predecessor-version":[{"id":52713,"href":"https:\/\/www.laguiadepamplona.com\/actualidad\/wp-json\/wp\/v2\/posts\/52711\/revisions\/52713"}],"wp:featuredmedia":[{"embeddable":true,"href":"https:\/\/www.laguiadepamplona.com\/actualidad\/wp-json\/wp\/v2\/media\/52712"}],"wp:attachment":[{"href":"https:\/\/www.laguiadepamplona.com\/actualidad\/wp-json\/wp\/v2\/media?parent=52711"}],"wp:term":[{"taxonomy":"category","embeddable":true,"href":"https:\/\/www.laguiadepamplona.com\/actualidad\/wp-json\/wp\/v2\/categories?post=52711"},{"taxonomy":"post_tag","embeddable":true,"href":"https:\/\/www.laguiadepamplona.com\/actualidad\/wp-json\/wp\/v2\/tags?post=52711"}],"curies":[{"name":"wp","href":"https:\/\/api.w.org\/{rel}","templated":true}]}}