{"id":52707,"date":"2025-04-10T16:20:50","date_gmt":"2025-04-10T14:20:50","guid":{"rendered":"https:\/\/www.laguiadepamplona.com\/actualidad\/?p=52707"},"modified":"2025-04-10T16:20:50","modified_gmt":"2025-04-10T14:20:50","slug":"propuesta-de-actividades-organizadas-por-el-ayuntamiento-de-pamplona-del-11-al-14-de-abril-con-plazas-libres","status":"publish","type":"post","link":"https:\/\/www.laguiadepamplona.com\/actualidad\/propuesta-de-actividades-organizadas-por-el-ayuntamiento-de-pamplona-del-11-al-14-de-abril-con-plazas-libres\/","title":{"rendered":"Propuesta de actividades organizadas por el Ayuntamiento de Pamplona del 11 al 14 de abril con plazas libres"},"content":{"rendered":"<p><!--more--><\/p>\n<p><strong>VIERNES 11 DE ABRIL<\/strong><\/p>\n<p><a href=\"https:\/\/www.pamplona.es\/actualidad\/eventos\/cafeteando-quedadas-creativas-pintamos-y-decoramos-abanicos\">Cafeteando. Quedadas creativas. Pintamos y decoramos abanicos. Casa de la Juventud<\/a>, 18.30 horas. Entrada libre, hasta completar el aforo<\/p>\n<p>Viernes de manualidades en la Casa de la Juventud con una tarde dedicada a pintar y decorar abanicos para poder utlizarlos con la llegada del buen tiempo.<\/p>\n<p><a href=\"https:\/\/www.pamplona.es\/actualidad\/eventos\/teatro-se-vende-txandrea-biblioteca-txantrea\">Teatro. \u2018Se vende Txandrea\u2019, con el Grupo de Teatro Auzotegi. Biblioteca P\u00fablica de Txantrea<\/a>, 19 horas. Entrada libre, previa retirada de invitaciones con un m\u00e1ximo de 2 por persona<\/p>\n<p>El taller de teatro Auzotegi presenta su nueva obra en esta ocasi\u00f3n, en clave de humor, donde brinda un homenaje al barrio de la Txantrea dentro de las actividades que se desarrollan durante los meses de marzo y abril para conmemorar el 75 aniversario de la Txantrea.<\/p>\n<p><a href=\"https:\/\/www.pamplona.es\/actualidad\/eventos\/muestra-de-teatro-universitario-teatro-ludovico-20-con-el-grupo-maricastana\">Muestra de Teatro Universitario. Teatro. \u2018Ludovico 2.0\u2019, con el Grupo Maricasta\u00f1a (Campus de Ourense. Universidad de Vigo). Civivox Iturrama<\/a>, 19.30 horas. Entrada: 1 euro, previa inscripci\u00f3n en el 010, la red Civivox o <a href=\"http:\/\/www.pamplonaescultura.es\">www.pamplonaescultura.es<\/a><\/p>\n<p>Una s\u00e1tira social y una propuesta alrededor de la violencia.\u00a0C\u00f3mo mezclar sociopat\u00eda con iron\u00eda, sicopat\u00eda con humor negro, reflexi\u00f3n con diversi\u00f3n o lo punky con Beethoven. Ese es el camino que vamos a recorrer. La po\u00e9tica que debemos encontrar. Una obra controvertida y arriesgada que trataremos de llevar a escena con la perspectiva que da trabajarla 63 a\u00f1os despu\u00e9s de su publicaci\u00f3n.<\/p>\n<p><a href=\"https:\/\/www.pamplona.es\/actualidad\/eventos\/festival-de-musica-sacra-concierto-bruckner-ad-organum-con-la-coral-de-camara-de\">Festival de M\u00fasica Sacra. Concierto. \u2018Bruckner ad organum\u2019, con la Coral de C\u00e1mara de Pamplona. Iglesia de Nuestra Se\u00f1ora del Carmen<\/a>, 20 horas. Entrada libre, hasta completar el aforo<\/p>\n<p>El concierto se articula estableciendo un di\u00e1logo entre algunos ejemplos de obras lit\u00fargicas poco habituales de\u00a0<strong>Bruckner<\/strong>\u00a0para \u00f3rgano, coro y solistas y otros ejemplos de obras de\u00a0<strong>Goller,\u00a0<\/strong>nada habituales, y de clara influencia bruckneriana. De <strong>Anton Bruckner (1824 \u2013 1896),<\/strong>\u00a0queda poca literatura organ\u00edstica y la mayor\u00eda de ella, al margen de alg\u00fan apunte de las extraordinarias improvisaciones que realizaba, son ejercicios o piezas sencillas para ser abordadas con pocos medios, acompa\u00f1ar a la congregaci\u00f3n y, como dec\u00edamos, hacer buen servicio a la liturgia. Esta faceta inspir\u00f3 profundamente a su admirador, el compositor y organista austriaco\u00a0<strong>Vizenz Goller (1873 -1953),<\/strong>\u00a0un menos conocido maestro de capilla que, adem\u00e1s de seguir la estela de\u00a0<strong>Bruckner<\/strong>\u00a0en lo que a m\u00fasica lit\u00fargica se refiere, decidi\u00f3 ponerse a la tarea de adecuar muchas de las obras de\u00a0<strong>Bruckner\u00a0<\/strong>al gran instrumento.<\/p>\n<p>&nbsp;<\/p>\n<p><strong>S\u00c1BADO 12 DE ABRIL<\/strong><\/p>\n<p><a href=\"https:\/\/www.pamplona.es\/actualidad\/eventos\/cuento-y-muchos-mas-munduko-ipuinak-cuentos-del-mundo-civivox-ensanche\">Cuento y muchos m\u00e1s. Munduko ipuinak \/ Cuentos del mundo. Civivox Ensanche, 12 horas (euskera), y Civivox Milagrosa, 18 horas (castellano)<\/a>. Entrada libre, hasta completar el aforo<\/p>\n<p>Viajar por el mundo y escuchar historias. Eso es lo que m\u00e1s le gusta a Marianela. Escuchar y contar, contar y escuchar. Llevar las historias de otros lugares a lugares nuevos, y ayudar a que todo el mundo se entienda mejor, y el mundo sea un lugar m\u00e1s amable y abierto. \u00a1Viajemos juntos con los cuentos! Con Maitane P\u00e9rez. Para p\u00fablico infantil mayor de 3 a\u00f1os, en compa\u00f1\u00eda de una persona adulta.<\/p>\n<p><a href=\"https:\/\/www.pamplona.es\/actualidad\/eventos\/el-legado-de-sarasate-los-cuentos-de-sarasate-cuentos-artisticos-civivox\">El legado de Sarasate. Los cuentos de Sarasate. Cuentos art\u00edsticos. Civivox Condestable<\/a>, 12 horas. Entrada libre, hasta completar al aforo<\/p>\n<p>Sesi\u00f3n de cuentacuentos con historias del violinista y compositor Pablo Sarasate. Con Sergio de Andr\u00e9s. Sesi\u00f3n dirigida a p\u00fablico infantil mayor de 4 a\u00f1os, en compa\u00f1\u00eda de una persona adulta.<\/p>\n<p><a href=\"https:\/\/www.pamplona.es\/actualidad\/eventos\/cine-infantil-y-familiar-proyeccion-cinematografica-guardianes-del-museo\">Cine infantil y familiar. Proyecci\u00f3n cinematogr\u00e1fica. \u2018Guardianes del museo \/ Museoaren zaindariak\u2019, de Vasiliy Rovenskiy. Civivox Jus la Rocha<\/a>, 12 horas (castellano) y 18 horas (euskera). Entrada libre, previa inscripci\u00f3n en el 010, la red Civivox o <a href=\"http:\/\/www.pamplonaescultura.es\">www.pamplonaescultura.es<\/a><\/p>\n<p>Un joven gato llamado Vincent se une a un peque\u00f1o ratoncito llamado Maurice en un intento de escapar de una inundaci\u00f3n en un viejo piano. Un grupo de marineros recoge el instrumento y lo env\u00eda al museo. Aqu\u00ed, Vincent conoce a un escuadr\u00f3n de gatos de \u00e9lite que ha estado protegiendo obras maestras de roedores y otras alima\u00f1as durante a\u00f1os. Vincent sue\u00f1a con encontrar una verdadera familia de gatos, pero no quiere perder a su amigo Maurice, que le salv\u00f3 la vida, por lo que se ve obligado a esconderlo. Pero su amigo tiene una debilidad: roer las obras maestras m\u00e1s famosas. Todo se complica cuando una de las mejores pinturas del mundo, La Gioconda, es llevada al museo.<\/p>\n<p><a href=\"https:\/\/www.pamplona.es\/actualidad\/eventos\/cinetag-proyeccion-cinematografica-desconocidos-de-andrew-haigh-casa-de-la\">#Cinetag. Proyecci\u00f3n cinematogr\u00e1fica. \u2018Desconocidos\u2019, de Andrew Haigh. Casa de la Juventud<\/a>, 18 horas. Entrada libre, hasta completar el aforo<\/p>\n<p>Una noche, en su piso de Londres, Adam tiene un encuentro casual con un misterioso vecino, Harry, que pone patas arriba el ritmo de su vida cotidiana. A medida que va surgiendo una relaci\u00f3n entre ellos, a Adam le preocupan los recuerdos del pasado y regresa a su ciudad natal y al hogar de su infancia. Los tags son drama psicol\u00f3gico, fant\u00e1stico, familia, homosexualidad, soledad, traumas.<\/p>\n<p><a href=\"https:\/\/www.pamplona.es\/actualidad\/eventos\/muestra-de-teatro-universitario-teatro-donde-vas-inocencia-con-el-grupo-de\">Muestra de Teatro Universitario. Teatro. \u2018\u00bfD\u00f3nde vas inocencia?, con el Grupo de Teatro de la UPNA. Civivox Iturrama<\/a>, 19.30 horas. Entrada: 1 euro, previa inscripci\u00f3n en el 010, la red Civivox o <a href=\"http:\/\/www.pamplonaescultura.es\">www.pamplonaescultura.es<\/a><\/p>\n<p>Se\u00f1oras y se\u00f1ores, ni\u00f1os y ni\u00f1as. Han acudido a esta representaci\u00f3n teatral de forma voluntaria para \u2018disfrutar\u2019 de un conjunto de escenas que les mostrar\u00e1n lo pernicioso y perjudicial que es la inocencia. Esta, en sus diferentes variantes, puede producir nostalgia, empat\u00eda, culpabilidad\u2026 Sentimientos que queremos erradicar gracias a la visualizaci\u00f3n de esta obra.<\/p>\n<p><a href=\"https:\/\/www.pamplona.es\/actualidad\/eventos\/festival-de-musica-sacra-concierto-arima-sakra-con-el-coro-landarbaso-iglesia-de\">Festival de M\u00fasica Sacra. Concierto. \u2018Arima Sakra\u2019, con el Coro Landarbaso. Iglesia de Santo Domingo<\/a>, 20 horas. Entrada libre, hasta completar el aforo<\/p>\n<p>\u2018Arima Sakra\u2019, que en euskera y lat\u00edn evoca la idea de un \u2018alma sagrada\u2019, nos invita a recorrer un universo sonoro donde el policoralismo y la emoci\u00f3n son el hilo conductor. Desde la m\u00fasica antigua con obras como Lauda Sion Salvatore, rom\u00e1nticas con Bruckner o Rachmaninov hasta las creaciones contempor\u00e1neas con propuestas de Nystedt o Trota, el programa de este concierto traza un mapa de la evoluci\u00f3n de la polifon\u00eda coral, explorando c\u00f3mo la multiplicidad de voces y espacios ha sido utilizada para amplificar el impacto expresivo de la m\u00fasica. Obras de distintas \u00e9pocas dialogan entre s\u00ed, mostrando c\u00f3mo el arte de la superposici\u00f3n de coros ha servido para crear atm\u00f3sferas de recogimiento, exaltaci\u00f3n y sobrecogimiento.<\/p>\n<p><a href=\"https:\/\/www.pamplona.es\/actualidad\/eventos\/festival-de-las-murallas-danzad-danzad-malditos\">Danzad, danzad, malditos. Espect\u00e1culo de danza. Ciudadela de Pamplona<\/a>, 20 horas. Entrada libre<\/p>\n<p>Sesi\u00f3n especial de\u00a0Danzad, Danzad, Malditos, el festival itinerante de danza y movimiento que se celebra en la\u00a0Ciudadela de Pamplona. El programa acoge tres propuestas esc\u00e9nicas en espacios no convencionales con compa\u00f1\u00edas locales e internacionales. Actuar\u00e1n Heung Won Lee con su \u2018Speechless\u2019, Bente Bulens con \u2018Beyond after\u2019 y Germen Dance Project con \u2018D\u00e2ns\u00e2i\u2019.<\/p>\n<p>&nbsp;<\/p>\n<p><strong>DOMINGO 13 DE ABRIL<\/strong><\/p>\n<p><a href=\"https:\/\/www.pamplona.es\/actualidad\/eventos\/dianas-gaiteros-y-txistularis-municipales-casco-antiguo-y-ensanches\">Dianas. Gaiteros y txistularis municipales. Ensanches y Casco Antiguo<\/a>, desde las 9 horas. Libre participaci\u00f3n<\/p>\n<p>Las tradicionales\u00a0<strong>dianas matinales<\/strong>\u00a0de los domingos, a cargo de los<strong>\u00a0txistularis y gaiteros de Pamplona<\/strong>, vuelven a las calles de la ciudad. Este domingo los gaiteros municipales actuar\u00e1n en los Ensanches y los txistularis recorrer\u00e1n el Casco Antiguo.<\/p>\n<p><a href=\"https:\/\/www.pamplona.es\/actualidad\/eventos\/visita-guiada-exposicion-plasta-de-jaime-remirez-de-ganuza-y-pablo-giobellina\">Visita guiada. Exposici\u00f3n \u2018Plasta\u2019, de Jaime Rem\u00edrez de Ganuza y Pablo Giobellina. Polvor\u00edn de la Ciudadela<\/a>, 12 horas. Libre participaci\u00f3n<\/p>\n<p>Los artistas visuales Jaime Rem\u00edrez de Ganuza Garrido y Pablo Giobellina Caro (PLASTA) realizar\u00e1n un encuentro con el p\u00fablico este domingo. La exposici\u00f3n\u00a0<strong>puede visitarse<\/strong> en el Polvor\u00edn de la Ciudadela hasta el 4 de mayo.<\/p>\n<p><a href=\"https:\/\/www.pamplona.es\/actualidad\/eventos\/el-legado-de-sarasate-concierto-alumnas-de-violin-del-csmn-civivox-condestable\">El legado de Sarasate. Concierto. Alumnas de viol\u00edn del CSMN. Civivox Condestable<\/a>, 12 horas. Entrada libre, hasta completar el aforo<\/p>\n<p>Las alumnas de viol\u00edn Alba Gonz\u00e1lez y Elena Gonz\u00e1lez, de la catedr\u00e1tica Garazi Echeandia del CSMN, ofrecer\u00e1n un concierto, con un variado repertorio, abarcando composiciones para viol\u00edn solo y viol\u00edn con piano de E. Ysa\u00ffe, J. Brahms, E. Grieg, P. I. Tchaikovsky, N. Paganini, A. Igudesmann y P Sarasate.<\/p>\n<p><a href=\"https:\/\/www.pamplona.es\/actualidad\/eventos\/muestra-de-teatro-universitario-teatro-donde-vas-inocencia-con-el-grupo-de\">Muestra de Teatro Universitario. Teatro. \u2018\u00bfD\u00f3nde vas inocencia?, con el Grupo de Teatro de la UPNA. Civivox Iturrama<\/a>, 19.30 horas. Entrada: 1 euro, previa inscripci\u00f3n en el 010, la red Civivox o <a href=\"http:\/\/www.pamplonaescultura.es\">www.pamplonaescultura.es<\/a><\/p>\n<p>Se\u00f1oras y se\u00f1ores, ni\u00f1os y ni\u00f1as. Han acudido a esta representaci\u00f3n teatral de forma voluntaria para \u2018disfrutar\u2019 de un conjunto de escenas que les mostrar\u00e1n lo pernicioso y perjudicial que es la inocencia. Esta, en sus diferentes variantes, puede producir nostalgia, empat\u00eda, culpabilidad\u2026Sentimientos que queremos erradicar gracias a la visualizaci\u00f3n de esta obra.<\/p>\n<p><a href=\"https:\/\/www.pamplona.es\/actualidad\/eventos\/festival-de-musica-sacra-concierto-el-espejo-del-tiempo-con-sinfonietta-de\">Festival de M\u00fasica Sacra. Concierto. \u2018El espejo del tiempo\u2019, con Sinfonietta de Pamplona. Baluarte<\/a>, 19.30 horas. Entrada: 15 euros, en <a href=\"http:\/\/www.baluarte.com\">www.baluarte.com<\/a> y en las taquillas de Baluarte<\/p>\n<p>Concierto con un programa que abarca desde la seriedad y fuerza contrapunt\u00edstica del majestuoso \u2018Adagio y fuga\u2019 de Mozart hasta la profundidad emocional de la conmovedora y bella Chacona de Vitali, para viol\u00edn solista y orquesta. Una obra de gran profundidad, que brilla en su interpretaci\u00f3n para viol\u00edn solista acompa\u00f1ado de orquesta. Sonar\u00e1n tambi\u00e9n dos obras de <em>George Frideric H<\/em>a<em>ndel,<\/em> \u2018M\u00fasica acu\u00e1tica\u2019 y \u2018El triunfo del tiempo y la desilusi\u00f3n\u2019.<\/p>\n<p>&nbsp;<\/p>\n<p><strong>LUNES 14 DE ABRIL<\/strong><\/p>\n<p><a href=\"https:\/\/www.pamplona.es\/actualidad\/eventos\/presentacion-de-libro-morir-dos-veces-de-susana-rodriguez-lezaun-biblioteca\">Presentaci\u00f3n de libro. \u2018Morir dos veces\u2019, de Susana Rodr\u00edguez Lez\u00e1un. Biblioteca P\u00fablica de Txantrea<\/a>, 19 horas. Entrada libre, hasta completar el aforo<\/p>\n<p>La chantreana m\u00e1s celebre presentar\u00e1 en la biblioteca su nuevo libro, donde vuelve con un thriller cargado de adrenalina, poderoso y original, que arrastrar\u00e1 al lector a una aventura peligrosa y excitante. Estar\u00e1 acompa\u00f1ada, una vez m\u00e1s, por Javier Esteban, uno de sus m\u00e1s fieles admiradores.\u00a0 Los dos har\u00e1n pasar un buen rato con su complicidad literaria y su buen humor.<\/p>\n<p><a href=\"https:\/\/www.pamplona.es\/actualidad\/eventos\/festival-de-musica-sacra-concierto-se-alegra-mi-espiritu-con-la-capilla-de\">Festival de M\u00fasica Sacra. Concierto. \u2018Se alegra mi esp\u00edritu\u2026\u2019, con la Capilla de M\u00fasica de la Catedral de Pamplona. Catedral de Santa Mar\u00eda<\/a>, 20 horas. Entrada libre, hasta completar el aforo<\/p>\n<p>El programa musical contrapone a dos m\u00fasicos del Renacimiento. Por un lado, a Giovanni Pierluigi da Palestrina (1525-1594) del que se conmemora el 500 aniversario de su nacimiento. Figura de la Escuela Romana, su polifon\u00eda vocal refinada y de gran perfecci\u00f3n t\u00e9cnica en el estilo contrapunt\u00edstico, ha sido modelo para las generaciones posteriores. Por otro lado, a Miguel Navarro (1563-1627), sin duda el compositor m\u00e1s importante de esta \u00e9poca en Navarra. Sus obras revelan tambi\u00e9n una gran t\u00e9cnica contrapunt\u00edstica. El hilo conductor es Mar\u00eda, a lo largo de los siglos fuente de inspiraci\u00f3n musical.<\/p>\n","protected":false},"excerpt":{"rendered":"","protected":false},"author":1,"featured_media":50736,"comment_status":"open","ping_status":"closed","sticky":false,"template":"","format":"standard","meta":{"footnotes":""},"categories":[2],"tags":[],"class_list":["post-52707","post","type-post","status-publish","format-standard","has-post-thumbnail","hentry","category-ayuntamiento-pamplona"],"yoast_head":"<!-- This site is optimized with the Yoast SEO plugin v27.3 - https:\/\/yoast.com\/product\/yoast-seo-wordpress\/ -->\n<title>Propuesta de actividades organizadas por el Ayuntamiento de Pamplona del 11 al 14 de abril con plazas libres<\/title>\n<meta name=\"robots\" content=\"index, follow, max-snippet:-1, max-image-preview:large, max-video-preview:-1\" \/>\n<link rel=\"canonical\" href=\"https:\/\/www.laguiadepamplona.com\/actualidad\/propuesta-de-actividades-organizadas-por-el-ayuntamiento-de-pamplona-del-11-al-14-de-abril-con-plazas-libres\/\" \/>\n<meta property=\"og:locale\" content=\"es_ES\" \/>\n<meta property=\"og:type\" content=\"article\" \/>\n<meta property=\"og:title\" content=\"Propuesta de actividades organizadas por el Ayuntamiento de Pamplona del 11 al 14 de abril con plazas libres\" \/>\n<meta property=\"og:url\" content=\"https:\/\/www.laguiadepamplona.com\/actualidad\/propuesta-de-actividades-organizadas-por-el-ayuntamiento-de-pamplona-del-11-al-14-de-abril-con-plazas-libres\/\" \/>\n<meta property=\"og:site_name\" content=\"La Gu\u00eda de Pamplona\" \/>\n<meta property=\"article:publisher\" content=\"https:\/\/www.facebook.com\/laguiadepamplonacom-133175176762273\/?ref=hl\" \/>\n<meta property=\"article:published_time\" content=\"2025-04-10T14:20:50+00:00\" \/>\n<meta property=\"og:image\" content=\"https:\/\/www.laguiadepamplona.com\/actualidad\/wp-content\/uploads\/2024\/09\/Fachada-Ayuntamiento_contacto-Comarca_web2.webp\" \/>\n\t<meta property=\"og:image:width\" content=\"1000\" \/>\n\t<meta property=\"og:image:height\" content=\"646\" \/>\n\t<meta property=\"og:image:type\" content=\"image\/webp\" \/>\n<meta name=\"author\" content=\"La Gu\u00eda de Pamplona\" \/>\n<meta name=\"twitter:card\" content=\"summary_large_image\" \/>\n<meta name=\"twitter:creator\" content=\"@LaGuiadPamplona\" \/>\n<meta name=\"twitter:site\" content=\"@LaGuiadPamplona\" \/>\n<meta name=\"twitter:label1\" content=\"Escrito por\" \/>\n\t<meta name=\"twitter:data1\" content=\"La Gu\u00eda de Pamplona\" \/>\n\t<meta name=\"twitter:label2\" content=\"Tiempo de lectura\" \/>\n\t<meta name=\"twitter:data2\" content=\"8 minutos\" \/>\n<script type=\"application\/ld+json\" class=\"yoast-schema-graph\">{\"@context\":\"https:\\\/\\\/schema.org\",\"@graph\":[{\"@type\":\"Article\",\"@id\":\"https:\\\/\\\/www.laguiadepamplona.com\\\/actualidad\\\/propuesta-de-actividades-organizadas-por-el-ayuntamiento-de-pamplona-del-11-al-14-de-abril-con-plazas-libres\\\/#article\",\"isPartOf\":{\"@id\":\"https:\\\/\\\/www.laguiadepamplona.com\\\/actualidad\\\/propuesta-de-actividades-organizadas-por-el-ayuntamiento-de-pamplona-del-11-al-14-de-abril-con-plazas-libres\\\/\"},\"author\":{\"name\":\"La Gu\u00eda de Pamplona\",\"@id\":\"https:\\\/\\\/www.laguiadepamplona.com\\\/actualidad\\\/#\\\/schema\\\/person\\\/efe887376f0213d4657c93adc50b1fdb\"},\"headline\":\"Propuesta de actividades organizadas por el Ayuntamiento de Pamplona del 11 al 14 de abril con plazas libres\",\"datePublished\":\"2025-04-10T14:20:50+00:00\",\"mainEntityOfPage\":{\"@id\":\"https:\\\/\\\/www.laguiadepamplona.com\\\/actualidad\\\/propuesta-de-actividades-organizadas-por-el-ayuntamiento-de-pamplona-del-11-al-14-de-abril-con-plazas-libres\\\/\"},\"wordCount\":1800,\"commentCount\":0,\"publisher\":{\"@id\":\"https:\\\/\\\/www.laguiadepamplona.com\\\/actualidad\\\/#organization\"},\"image\":{\"@id\":\"https:\\\/\\\/www.laguiadepamplona.com\\\/actualidad\\\/propuesta-de-actividades-organizadas-por-el-ayuntamiento-de-pamplona-del-11-al-14-de-abril-con-plazas-libres\\\/#primaryimage\"},\"thumbnailUrl\":\"https:\\\/\\\/www.laguiadepamplona.com\\\/actualidad\\\/wp-content\\\/uploads\\\/2024\\\/09\\\/Fachada-Ayuntamiento_contacto-Comarca_web2.webp\",\"articleSection\":[\"Ayto Pamplona\"],\"inLanguage\":\"es\",\"potentialAction\":[{\"@type\":\"CommentAction\",\"name\":\"Comment\",\"target\":[\"https:\\\/\\\/www.laguiadepamplona.com\\\/actualidad\\\/propuesta-de-actividades-organizadas-por-el-ayuntamiento-de-pamplona-del-11-al-14-de-abril-con-plazas-libres\\\/#respond\"]}]},{\"@type\":\"WebPage\",\"@id\":\"https:\\\/\\\/www.laguiadepamplona.com\\\/actualidad\\\/propuesta-de-actividades-organizadas-por-el-ayuntamiento-de-pamplona-del-11-al-14-de-abril-con-plazas-libres\\\/\",\"url\":\"https:\\\/\\\/www.laguiadepamplona.com\\\/actualidad\\\/propuesta-de-actividades-organizadas-por-el-ayuntamiento-de-pamplona-del-11-al-14-de-abril-con-plazas-libres\\\/\",\"name\":\"Propuesta de actividades organizadas por el Ayuntamiento de Pamplona del 11 al 14 de abril con plazas libres\",\"isPartOf\":{\"@id\":\"https:\\\/\\\/www.laguiadepamplona.com\\\/actualidad\\\/#website\"},\"primaryImageOfPage\":{\"@id\":\"https:\\\/\\\/www.laguiadepamplona.com\\\/actualidad\\\/propuesta-de-actividades-organizadas-por-el-ayuntamiento-de-pamplona-del-11-al-14-de-abril-con-plazas-libres\\\/#primaryimage\"},\"image\":{\"@id\":\"https:\\\/\\\/www.laguiadepamplona.com\\\/actualidad\\\/propuesta-de-actividades-organizadas-por-el-ayuntamiento-de-pamplona-del-11-al-14-de-abril-con-plazas-libres\\\/#primaryimage\"},\"thumbnailUrl\":\"https:\\\/\\\/www.laguiadepamplona.com\\\/actualidad\\\/wp-content\\\/uploads\\\/2024\\\/09\\\/Fachada-Ayuntamiento_contacto-Comarca_web2.webp\",\"datePublished\":\"2025-04-10T14:20:50+00:00\",\"breadcrumb\":{\"@id\":\"https:\\\/\\\/www.laguiadepamplona.com\\\/actualidad\\\/propuesta-de-actividades-organizadas-por-el-ayuntamiento-de-pamplona-del-11-al-14-de-abril-con-plazas-libres\\\/#breadcrumb\"},\"inLanguage\":\"es\",\"potentialAction\":[{\"@type\":\"ReadAction\",\"target\":[\"https:\\\/\\\/www.laguiadepamplona.com\\\/actualidad\\\/propuesta-de-actividades-organizadas-por-el-ayuntamiento-de-pamplona-del-11-al-14-de-abril-con-plazas-libres\\\/\"]}]},{\"@type\":\"ImageObject\",\"inLanguage\":\"es\",\"@id\":\"https:\\\/\\\/www.laguiadepamplona.com\\\/actualidad\\\/propuesta-de-actividades-organizadas-por-el-ayuntamiento-de-pamplona-del-11-al-14-de-abril-con-plazas-libres\\\/#primaryimage\",\"url\":\"https:\\\/\\\/www.laguiadepamplona.com\\\/actualidad\\\/wp-content\\\/uploads\\\/2024\\\/09\\\/Fachada-Ayuntamiento_contacto-Comarca_web2.webp\",\"contentUrl\":\"https:\\\/\\\/www.laguiadepamplona.com\\\/actualidad\\\/wp-content\\\/uploads\\\/2024\\\/09\\\/Fachada-Ayuntamiento_contacto-Comarca_web2.webp\",\"width\":1000,\"height\":646,\"caption\":\"fachada ayuntamiento\"},{\"@type\":\"BreadcrumbList\",\"@id\":\"https:\\\/\\\/www.laguiadepamplona.com\\\/actualidad\\\/propuesta-de-actividades-organizadas-por-el-ayuntamiento-de-pamplona-del-11-al-14-de-abril-con-plazas-libres\\\/#breadcrumb\",\"itemListElement\":[{\"@type\":\"ListItem\",\"position\":1,\"name\":\"Portada\",\"item\":\"https:\\\/\\\/www.laguiadepamplona.com\\\/actualidad\\\/\"},{\"@type\":\"ListItem\",\"position\":2,\"name\":\"Propuesta de actividades organizadas por el Ayuntamiento de Pamplona del 11 al 14 de abril con plazas libres\"}]},{\"@type\":\"WebSite\",\"@id\":\"https:\\\/\\\/www.laguiadepamplona.com\\\/actualidad\\\/#website\",\"url\":\"https:\\\/\\\/www.laguiadepamplona.com\\\/actualidad\\\/\",\"name\":\"La gu\u00eda de Pamplona\",\"description\":\"Noticias de Pamplona\",\"publisher\":{\"@id\":\"https:\\\/\\\/www.laguiadepamplona.com\\\/actualidad\\\/#organization\"},\"potentialAction\":[{\"@type\":\"SearchAction\",\"target\":{\"@type\":\"EntryPoint\",\"urlTemplate\":\"https:\\\/\\\/www.laguiadepamplona.com\\\/actualidad\\\/?s={search_term_string}\"},\"query-input\":{\"@type\":\"PropertyValueSpecification\",\"valueRequired\":true,\"valueName\":\"search_term_string\"}}],\"inLanguage\":\"es\"},{\"@type\":\"Organization\",\"@id\":\"https:\\\/\\\/www.laguiadepamplona.com\\\/actualidad\\\/#organization\",\"name\":\"La Gu\u00eda de Pamplona \\\/ Noticias\",\"url\":\"https:\\\/\\\/www.laguiadepamplona.com\\\/actualidad\\\/\",\"logo\":{\"@type\":\"ImageObject\",\"inLanguage\":\"es\",\"@id\":\"https:\\\/\\\/www.laguiadepamplona.com\\\/actualidad\\\/#\\\/schema\\\/logo\\\/image\\\/\",\"url\":\"https:\\\/\\\/www.laguiadepamplona.com\\\/actualidad\\\/wp-content\\\/uploads\\\/2018\\\/11\\\/logo-laguiadepamplona18-web1.png\",\"contentUrl\":\"https:\\\/\\\/www.laguiadepamplona.com\\\/actualidad\\\/wp-content\\\/uploads\\\/2018\\\/11\\\/logo-laguiadepamplona18-web1.png\",\"width\":600,\"height\":196,\"caption\":\"La Gu\u00eda de Pamplona \\\/ Noticias\"},\"image\":{\"@id\":\"https:\\\/\\\/www.laguiadepamplona.com\\\/actualidad\\\/#\\\/schema\\\/logo\\\/image\\\/\"},\"sameAs\":[\"https:\\\/\\\/www.facebook.com\\\/laguiadepamplonacom-133175176762273\\\/?ref=hl\",\"https:\\\/\\\/x.com\\\/LaGuiadPamplona\",\"https:\\\/\\\/www.instagram.com\\\/la_guia_de_pamplona\\\/\",\"https:\\\/\\\/www.youtube.com\\\/user\\\/laguiadepamplona\"]},{\"@type\":\"Person\",\"@id\":\"https:\\\/\\\/www.laguiadepamplona.com\\\/actualidad\\\/#\\\/schema\\\/person\\\/efe887376f0213d4657c93adc50b1fdb\",\"name\":\"La Gu\u00eda de Pamplona\",\"image\":{\"@type\":\"ImageObject\",\"inLanguage\":\"es\",\"@id\":\"https:\\\/\\\/secure.gravatar.com\\\/avatar\\\/b6992f131dc8d30ab0dff15446e9d346d9dbd95992de0fef795073f5ea83a81c?s=96&d=mm&r=g\",\"url\":\"https:\\\/\\\/secure.gravatar.com\\\/avatar\\\/b6992f131dc8d30ab0dff15446e9d346d9dbd95992de0fef795073f5ea83a81c?s=96&d=mm&r=g\",\"contentUrl\":\"https:\\\/\\\/secure.gravatar.com\\\/avatar\\\/b6992f131dc8d30ab0dff15446e9d346d9dbd95992de0fef795073f5ea83a81c?s=96&d=mm&r=g\",\"caption\":\"La Gu\u00eda de Pamplona\"}}]}<\/script>\n<!-- \/ Yoast SEO plugin. -->","yoast_head_json":{"title":"Propuesta de actividades organizadas por el Ayuntamiento de Pamplona del 11 al 14 de abril con plazas libres","robots":{"index":"index","follow":"follow","max-snippet":"max-snippet:-1","max-image-preview":"max-image-preview:large","max-video-preview":"max-video-preview:-1"},"canonical":"https:\/\/www.laguiadepamplona.com\/actualidad\/propuesta-de-actividades-organizadas-por-el-ayuntamiento-de-pamplona-del-11-al-14-de-abril-con-plazas-libres\/","og_locale":"es_ES","og_type":"article","og_title":"Propuesta de actividades organizadas por el Ayuntamiento de Pamplona del 11 al 14 de abril con plazas libres","og_url":"https:\/\/www.laguiadepamplona.com\/actualidad\/propuesta-de-actividades-organizadas-por-el-ayuntamiento-de-pamplona-del-11-al-14-de-abril-con-plazas-libres\/","og_site_name":"La Gu\u00eda de Pamplona","article_publisher":"https:\/\/www.facebook.com\/laguiadepamplonacom-133175176762273\/?ref=hl","article_published_time":"2025-04-10T14:20:50+00:00","og_image":[{"width":1000,"height":646,"url":"https:\/\/www.laguiadepamplona.com\/actualidad\/wp-content\/uploads\/2024\/09\/Fachada-Ayuntamiento_contacto-Comarca_web2.webp","type":"image\/webp"}],"author":"La Gu\u00eda de Pamplona","twitter_card":"summary_large_image","twitter_creator":"@LaGuiadPamplona","twitter_site":"@LaGuiadPamplona","twitter_misc":{"Escrito por":"La Gu\u00eda de Pamplona","Tiempo de lectura":"8 minutos"},"schema":{"@context":"https:\/\/schema.org","@graph":[{"@type":"Article","@id":"https:\/\/www.laguiadepamplona.com\/actualidad\/propuesta-de-actividades-organizadas-por-el-ayuntamiento-de-pamplona-del-11-al-14-de-abril-con-plazas-libres\/#article","isPartOf":{"@id":"https:\/\/www.laguiadepamplona.com\/actualidad\/propuesta-de-actividades-organizadas-por-el-ayuntamiento-de-pamplona-del-11-al-14-de-abril-con-plazas-libres\/"},"author":{"name":"La Gu\u00eda de Pamplona","@id":"https:\/\/www.laguiadepamplona.com\/actualidad\/#\/schema\/person\/efe887376f0213d4657c93adc50b1fdb"},"headline":"Propuesta de actividades organizadas por el Ayuntamiento de Pamplona del 11 al 14 de abril con plazas libres","datePublished":"2025-04-10T14:20:50+00:00","mainEntityOfPage":{"@id":"https:\/\/www.laguiadepamplona.com\/actualidad\/propuesta-de-actividades-organizadas-por-el-ayuntamiento-de-pamplona-del-11-al-14-de-abril-con-plazas-libres\/"},"wordCount":1800,"commentCount":0,"publisher":{"@id":"https:\/\/www.laguiadepamplona.com\/actualidad\/#organization"},"image":{"@id":"https:\/\/www.laguiadepamplona.com\/actualidad\/propuesta-de-actividades-organizadas-por-el-ayuntamiento-de-pamplona-del-11-al-14-de-abril-con-plazas-libres\/#primaryimage"},"thumbnailUrl":"https:\/\/www.laguiadepamplona.com\/actualidad\/wp-content\/uploads\/2024\/09\/Fachada-Ayuntamiento_contacto-Comarca_web2.webp","articleSection":["Ayto Pamplona"],"inLanguage":"es","potentialAction":[{"@type":"CommentAction","name":"Comment","target":["https:\/\/www.laguiadepamplona.com\/actualidad\/propuesta-de-actividades-organizadas-por-el-ayuntamiento-de-pamplona-del-11-al-14-de-abril-con-plazas-libres\/#respond"]}]},{"@type":"WebPage","@id":"https:\/\/www.laguiadepamplona.com\/actualidad\/propuesta-de-actividades-organizadas-por-el-ayuntamiento-de-pamplona-del-11-al-14-de-abril-con-plazas-libres\/","url":"https:\/\/www.laguiadepamplona.com\/actualidad\/propuesta-de-actividades-organizadas-por-el-ayuntamiento-de-pamplona-del-11-al-14-de-abril-con-plazas-libres\/","name":"Propuesta de actividades organizadas por el Ayuntamiento de Pamplona del 11 al 14 de abril con plazas libres","isPartOf":{"@id":"https:\/\/www.laguiadepamplona.com\/actualidad\/#website"},"primaryImageOfPage":{"@id":"https:\/\/www.laguiadepamplona.com\/actualidad\/propuesta-de-actividades-organizadas-por-el-ayuntamiento-de-pamplona-del-11-al-14-de-abril-con-plazas-libres\/#primaryimage"},"image":{"@id":"https:\/\/www.laguiadepamplona.com\/actualidad\/propuesta-de-actividades-organizadas-por-el-ayuntamiento-de-pamplona-del-11-al-14-de-abril-con-plazas-libres\/#primaryimage"},"thumbnailUrl":"https:\/\/www.laguiadepamplona.com\/actualidad\/wp-content\/uploads\/2024\/09\/Fachada-Ayuntamiento_contacto-Comarca_web2.webp","datePublished":"2025-04-10T14:20:50+00:00","breadcrumb":{"@id":"https:\/\/www.laguiadepamplona.com\/actualidad\/propuesta-de-actividades-organizadas-por-el-ayuntamiento-de-pamplona-del-11-al-14-de-abril-con-plazas-libres\/#breadcrumb"},"inLanguage":"es","potentialAction":[{"@type":"ReadAction","target":["https:\/\/www.laguiadepamplona.com\/actualidad\/propuesta-de-actividades-organizadas-por-el-ayuntamiento-de-pamplona-del-11-al-14-de-abril-con-plazas-libres\/"]}]},{"@type":"ImageObject","inLanguage":"es","@id":"https:\/\/www.laguiadepamplona.com\/actualidad\/propuesta-de-actividades-organizadas-por-el-ayuntamiento-de-pamplona-del-11-al-14-de-abril-con-plazas-libres\/#primaryimage","url":"https:\/\/www.laguiadepamplona.com\/actualidad\/wp-content\/uploads\/2024\/09\/Fachada-Ayuntamiento_contacto-Comarca_web2.webp","contentUrl":"https:\/\/www.laguiadepamplona.com\/actualidad\/wp-content\/uploads\/2024\/09\/Fachada-Ayuntamiento_contacto-Comarca_web2.webp","width":1000,"height":646,"caption":"fachada ayuntamiento"},{"@type":"BreadcrumbList","@id":"https:\/\/www.laguiadepamplona.com\/actualidad\/propuesta-de-actividades-organizadas-por-el-ayuntamiento-de-pamplona-del-11-al-14-de-abril-con-plazas-libres\/#breadcrumb","itemListElement":[{"@type":"ListItem","position":1,"name":"Portada","item":"https:\/\/www.laguiadepamplona.com\/actualidad\/"},{"@type":"ListItem","position":2,"name":"Propuesta de actividades organizadas por el Ayuntamiento de Pamplona del 11 al 14 de abril con plazas libres"}]},{"@type":"WebSite","@id":"https:\/\/www.laguiadepamplona.com\/actualidad\/#website","url":"https:\/\/www.laguiadepamplona.com\/actualidad\/","name":"La gu\u00eda de Pamplona","description":"Noticias de Pamplona","publisher":{"@id":"https:\/\/www.laguiadepamplona.com\/actualidad\/#organization"},"potentialAction":[{"@type":"SearchAction","target":{"@type":"EntryPoint","urlTemplate":"https:\/\/www.laguiadepamplona.com\/actualidad\/?s={search_term_string}"},"query-input":{"@type":"PropertyValueSpecification","valueRequired":true,"valueName":"search_term_string"}}],"inLanguage":"es"},{"@type":"Organization","@id":"https:\/\/www.laguiadepamplona.com\/actualidad\/#organization","name":"La Gu\u00eda de Pamplona \/ Noticias","url":"https:\/\/www.laguiadepamplona.com\/actualidad\/","logo":{"@type":"ImageObject","inLanguage":"es","@id":"https:\/\/www.laguiadepamplona.com\/actualidad\/#\/schema\/logo\/image\/","url":"https:\/\/www.laguiadepamplona.com\/actualidad\/wp-content\/uploads\/2018\/11\/logo-laguiadepamplona18-web1.png","contentUrl":"https:\/\/www.laguiadepamplona.com\/actualidad\/wp-content\/uploads\/2018\/11\/logo-laguiadepamplona18-web1.png","width":600,"height":196,"caption":"La Gu\u00eda de Pamplona \/ Noticias"},"image":{"@id":"https:\/\/www.laguiadepamplona.com\/actualidad\/#\/schema\/logo\/image\/"},"sameAs":["https:\/\/www.facebook.com\/laguiadepamplonacom-133175176762273\/?ref=hl","https:\/\/x.com\/LaGuiadPamplona","https:\/\/www.instagram.com\/la_guia_de_pamplona\/","https:\/\/www.youtube.com\/user\/laguiadepamplona"]},{"@type":"Person","@id":"https:\/\/www.laguiadepamplona.com\/actualidad\/#\/schema\/person\/efe887376f0213d4657c93adc50b1fdb","name":"La Gu\u00eda de Pamplona","image":{"@type":"ImageObject","inLanguage":"es","@id":"https:\/\/secure.gravatar.com\/avatar\/b6992f131dc8d30ab0dff15446e9d346d9dbd95992de0fef795073f5ea83a81c?s=96&d=mm&r=g","url":"https:\/\/secure.gravatar.com\/avatar\/b6992f131dc8d30ab0dff15446e9d346d9dbd95992de0fef795073f5ea83a81c?s=96&d=mm&r=g","contentUrl":"https:\/\/secure.gravatar.com\/avatar\/b6992f131dc8d30ab0dff15446e9d346d9dbd95992de0fef795073f5ea83a81c?s=96&d=mm&r=g","caption":"La Gu\u00eda de Pamplona"}}]}},"post_mailing_queue_ids":[],"_links":{"self":[{"href":"https:\/\/www.laguiadepamplona.com\/actualidad\/wp-json\/wp\/v2\/posts\/52707","targetHints":{"allow":["GET"]}}],"collection":[{"href":"https:\/\/www.laguiadepamplona.com\/actualidad\/wp-json\/wp\/v2\/posts"}],"about":[{"href":"https:\/\/www.laguiadepamplona.com\/actualidad\/wp-json\/wp\/v2\/types\/post"}],"author":[{"embeddable":true,"href":"https:\/\/www.laguiadepamplona.com\/actualidad\/wp-json\/wp\/v2\/users\/1"}],"replies":[{"embeddable":true,"href":"https:\/\/www.laguiadepamplona.com\/actualidad\/wp-json\/wp\/v2\/comments?post=52707"}],"version-history":[{"count":1,"href":"https:\/\/www.laguiadepamplona.com\/actualidad\/wp-json\/wp\/v2\/posts\/52707\/revisions"}],"predecessor-version":[{"id":52708,"href":"https:\/\/www.laguiadepamplona.com\/actualidad\/wp-json\/wp\/v2\/posts\/52707\/revisions\/52708"}],"wp:featuredmedia":[{"embeddable":true,"href":"https:\/\/www.laguiadepamplona.com\/actualidad\/wp-json\/wp\/v2\/media\/50736"}],"wp:attachment":[{"href":"https:\/\/www.laguiadepamplona.com\/actualidad\/wp-json\/wp\/v2\/media?parent=52707"}],"wp:term":[{"taxonomy":"category","embeddable":true,"href":"https:\/\/www.laguiadepamplona.com\/actualidad\/wp-json\/wp\/v2\/categories?post=52707"},{"taxonomy":"post_tag","embeddable":true,"href":"https:\/\/www.laguiadepamplona.com\/actualidad\/wp-json\/wp\/v2\/tags?post=52707"}],"curies":[{"name":"wp","href":"https:\/\/api.w.org\/{rel}","templated":true}]}}