{"id":52701,"date":"2025-04-08T19:33:50","date_gmt":"2025-04-08T17:33:50","guid":{"rendered":"https:\/\/www.laguiadepamplona.com\/actualidad\/?p=52701"},"modified":"2025-04-08T19:33:50","modified_gmt":"2025-04-08T17:33:50","slug":"el-ayuntamiento-de-pamplona-celebra-el-dia-del-pueblo-gitano-con-una-recepcion-a-seis-entidades-que-trabajan-por-la-defensa-de-sus-derechos-y-la-difusion-de-su-cultura","status":"publish","type":"post","link":"https:\/\/www.laguiadepamplona.com\/actualidad\/el-ayuntamiento-de-pamplona-celebra-el-dia-del-pueblo-gitano-con-una-recepcion-a-seis-entidades-que-trabajan-por-la-defensa-de-sus-derechos-y-la-difusion-de-su-cultura\/","title":{"rendered":"El Ayuntamiento de Pamplona celebra el D\u00eda del Pueblo Gitano con una recepci\u00f3n a seis entidades que trabajan por la defensa de sus derechos y la difusi\u00f3n de su cultura"},"content":{"rendered":"<h2>Sendas declaraciones institucionales aprobadas este a\u00f1o en el Consistorio se suman a la conmemoraci\u00f3n del A\u00f1o del Pueblo Gitano en este 2025<\/h2>\n<p><!--more--><\/p>\n<p>El Ayuntamiento de Pamplona ha celebrado esta tarde el D\u00eda del Pueblo Gitano. El alcalde de Pamplona, Joseba Asiron Saez, y miembros de la Corporaci\u00f3n municipal han participado en una recepci\u00f3n institucional en la que se ha reconocido la labor de seis entidades que trabajan por la defensa de los derechos del pueblo gitano y por la difusi\u00f3n de su cultura. Esta recepci\u00f3n se enmarca en las actividades que el Ayuntamiento de Pamplona va a desarrollar para conmemorar durante este 2025 el A\u00f1o del Pueblo Gitano.<\/p>\n<p>La Majar\u00ed, la Fundaci\u00f3n Secretariado Gitano, la Pastoral Gitana Maravillas Echeverr\u00eda, la Casa Sabicas, La Igualdad y la Federaci\u00f3n de Asociaciones Gitanas de Navarra Gaz Kal\u00f3 han recibido sendas reproducciones de la fachada de la Casa Consistorial como obsequio de la recepci\u00f3n y del D\u00eda del Pueblo Gitano. De esta forma, se quiere destacar la contribuci\u00f3n hist\u00f3rica, social, cultural y ling\u00fc\u00edstica del pueblo gitano a nuestra ciudad y visibilizar, reconocer y reafirmar el compromiso del Ayuntamiento de Pamplona con el pueblo gitano.<\/p>\n<p>Las asociaciones, por su parte, han entregado al Ayuntamiento de Pamplona una bandera gitana. Esa entrega la ha hecho de forma simb\u00f3lica Jes\u00fas Jim\u00e9nez, nieto de Camino Jim\u00e9nez, quien entre los a\u00f1os 40 y 70 ayud\u00f3 a muchas familias gitanas a mejorar sus condiciones de vida, siendo una mujer respetada no solo por los vecinos y vecinas, sino tambi\u00e9n por las instituciones p\u00fablicas. Como representante de las asociaciones, Erika Le\u00f3n, ha intervenido para agradecer esta recepci\u00f3n y reivindicar el legado del pueblo gitano. La m\u00fasica no ha faltado en la recepci\u00f3n, con la interpretaci\u00f3n de una versi\u00f3n de \u2018As\u00ed lo siento\u2019, con guitarra y caj\u00f3n flamenco a cargo de Bruno Jim\u00e9nez y Rico Mu\u00f1oz.<\/p>\n<p>Un 8 de abril de 1971 se celebr\u00f3 en Londres el primer Congreso Mundial Gitano, en el que se institucionalizaron la bandera gitana (azul arriba, verde abajo y rueda de 16 radios en el centro) y el himno (\u2018Gelem, Gelem\u2019). En 1990, tambi\u00e9n un 8 de abril, en el cuarto Congreso Mundial, se proclam\u00f3 esa fecha como D\u00eda Internacional del Pueblo Gitano. La fachada de la Casa Consistorial y el quiosco de la Plaza del Castillo se iluminar\u00e1n este martes de azul y verde para conmemorar esta efem\u00e9ride.<\/p>\n<p><strong>Dos declaraciones institucionales por el pueblo gitano<\/strong><\/p>\n<p>El pasado 7 de enero el Gobierno de Espa\u00f1a declar\u00f3 este 2025 como A\u00f1o del Pueblo Gitano para conmemorar el 600 aniversario de su llegada a la Pen\u00ednsula Ib\u00e9rica. Fue un 12 de enero de 1425 cuando el pueblo gitano entr\u00f3 en Espa\u00f1a a trav\u00e9s del reino de Arag\u00f3n, tal y como qued\u00f3 registrado en el salvoconducto otorgado por el rey Alfonso V de Arag\u00f3n. En Navarra, el primer documento de la entrada del pueblo gitano data del 27 de abril de 1435. Fueron recibidos por Blanca de Navarra en el Palacio de Olite como peregrinos del Camino de Santiago.<\/p>\n<p>El 14 de enero la Comisi\u00f3n de Asuntos Ciudadanos del Ayuntamiento de Pamplona se sum\u00f3 a esa conmemoraci\u00f3n con la aprobaci\u00f3n de una declaraci\u00f3n institucional en la que se reconoce \u201cla huella cultural, social y ling\u00fc\u00edstica que el pueblo gitano ha dejado en la sociedad y su contribuci\u00f3n en la construcci\u00f3n de la identidad colectiva del pa\u00eds\u201d. Adem\u00e1s de prever esta recepci\u00f3n del mes de abril, el Ayuntamiento se compromet\u00eda \u201ca programar durante este a\u00f1o 2025 acciones que visibilicen, reconozcan y reafirmen el compromiso de esta instituci\u00f3n con el pueblo gitano\u201d y a aumentar \u201clos esfuerzos para erradicar la discriminaci\u00f3n y el antigitanismo y para promover la plena igualdad del pueblo gitano en todos\u00a0los\u00a0\u00e1mbitos de la ciudad\u201d.<\/p>\n<p>El 18 de marzo la Comisi\u00f3n de Asuntos Ciudadanos del Ayuntamiento de Pamplona aprob\u00f3 una nueva declaraci\u00f3n institucional sobre el desarrollo de actividades para la conmemoraci\u00f3n del A\u00f1o del Pueblo Gitano. Se habla de \u201crealizar charlas, conferencias y actividades educativas, formativas y de concienciaci\u00f3n sobre el A\u00f1o del Pueblo Gitano\u201d, de \u201cdifundir el legado del Pueblo Gitano a trav\u00e9s de distintas exposiciones y otras expresiones art\u00edsticas con alguna exposici\u00f3n en Condestable\u201d y de \u201corganizar la ruta guiada tur\u00edstico-hist\u00f3rica \u201cPamplona-Iru\u00f1a Kali\u201d (\u2026) y ofrecerla a la ciudadan\u00eda de Pamplona a modo de visitas guiadas tur\u00edsticas sobre la historia del pueblo gitano en nuestra ciudad\u201d.<\/p>\n","protected":false},"excerpt":{"rendered":"<p>Sendas declaraciones institucionales aprobadas este a\u00f1o en el Consistorio se suman a la conmemoraci\u00f3n del A\u00f1o del Pueblo Gitano en este 2025<\/p>\n","protected":false},"author":1,"featured_media":52702,"comment_status":"open","ping_status":"closed","sticky":false,"template":"","format":"standard","meta":{"footnotes":""},"categories":[2],"tags":[],"class_list":["post-52701","post","type-post","status-publish","format-standard","has-post-thumbnail","hentry","category-ayuntamiento-pamplona"],"yoast_head":"<!-- This site is optimized with the Yoast SEO plugin v27.3 - https:\/\/yoast.com\/product\/yoast-seo-wordpress\/ -->\n<title>El Ayuntamiento de Pamplona celebra el D\u00eda del Pueblo Gitano con una recepci\u00f3n a seis entidades que trabajan por la defensa de sus derechos y la difusi\u00f3n de su cultura<\/title>\n<meta name=\"description\" content=\"Sendas declaraciones institucionales aprobadas este a\u00f1o en el Consistorio se suman a la conmemoraci\u00f3n del A\u00f1o del Pueblo Gitano en este 2025\" \/>\n<meta name=\"robots\" content=\"index, follow, max-snippet:-1, max-image-preview:large, max-video-preview:-1\" \/>\n<link rel=\"canonical\" href=\"https:\/\/www.laguiadepamplona.com\/actualidad\/el-ayuntamiento-de-pamplona-celebra-el-dia-del-pueblo-gitano-con-una-recepcion-a-seis-entidades-que-trabajan-por-la-defensa-de-sus-derechos-y-la-difusion-de-su-cultura\/\" \/>\n<meta property=\"og:locale\" content=\"es_ES\" \/>\n<meta property=\"og:type\" content=\"article\" \/>\n<meta property=\"og:title\" content=\"El Ayuntamiento de Pamplona celebra el D\u00eda del Pueblo Gitano con una recepci\u00f3n a seis entidades que trabajan por la defensa de sus derechos y la difusi\u00f3n de su cultura\" \/>\n<meta property=\"og:description\" content=\"Sendas declaraciones institucionales aprobadas este a\u00f1o en el Consistorio se suman a la conmemoraci\u00f3n del A\u00f1o del Pueblo Gitano en este 2025\" \/>\n<meta property=\"og:url\" content=\"https:\/\/www.laguiadepamplona.com\/actualidad\/el-ayuntamiento-de-pamplona-celebra-el-dia-del-pueblo-gitano-con-una-recepcion-a-seis-entidades-que-trabajan-por-la-defensa-de-sus-derechos-y-la-difusion-de-su-cultura\/\" \/>\n<meta property=\"og:site_name\" content=\"La Gu\u00eda de Pamplona\" \/>\n<meta property=\"article:publisher\" content=\"https:\/\/www.facebook.com\/laguiadepamplonacom-133175176762273\/?ref=hl\" \/>\n<meta property=\"article:published_time\" content=\"2025-04-08T17:33:50+00:00\" \/>\n<meta property=\"og:image\" content=\"https:\/\/www.laguiadepamplona.com\/actualidad\/wp-content\/uploads\/2025\/04\/recepcionconmotivodeldiadelpueblogitanodscgrupo_0.webp\" \/>\n\t<meta property=\"og:image:width\" content=\"1000\" \/>\n\t<meta property=\"og:image:height\" content=\"666\" \/>\n\t<meta property=\"og:image:type\" content=\"image\/webp\" \/>\n<meta name=\"author\" content=\"La Gu\u00eda de Pamplona\" \/>\n<meta name=\"twitter:card\" content=\"summary_large_image\" \/>\n<meta name=\"twitter:creator\" content=\"@LaGuiadPamplona\" \/>\n<meta name=\"twitter:site\" content=\"@LaGuiadPamplona\" \/>\n<meta name=\"twitter:label1\" content=\"Escrito por\" \/>\n\t<meta name=\"twitter:data1\" content=\"La Gu\u00eda de Pamplona\" \/>\n\t<meta name=\"twitter:label2\" content=\"Tiempo de lectura\" \/>\n\t<meta name=\"twitter:data2\" content=\"4 minutos\" \/>\n<script type=\"application\/ld+json\" class=\"yoast-schema-graph\">{\"@context\":\"https:\\\/\\\/schema.org\",\"@graph\":[{\"@type\":\"Article\",\"@id\":\"https:\\\/\\\/www.laguiadepamplona.com\\\/actualidad\\\/el-ayuntamiento-de-pamplona-celebra-el-dia-del-pueblo-gitano-con-una-recepcion-a-seis-entidades-que-trabajan-por-la-defensa-de-sus-derechos-y-la-difusion-de-su-cultura\\\/#article\",\"isPartOf\":{\"@id\":\"https:\\\/\\\/www.laguiadepamplona.com\\\/actualidad\\\/el-ayuntamiento-de-pamplona-celebra-el-dia-del-pueblo-gitano-con-una-recepcion-a-seis-entidades-que-trabajan-por-la-defensa-de-sus-derechos-y-la-difusion-de-su-cultura\\\/\"},\"author\":{\"name\":\"La Gu\u00eda de Pamplona\",\"@id\":\"https:\\\/\\\/www.laguiadepamplona.com\\\/actualidad\\\/#\\\/schema\\\/person\\\/efe887376f0213d4657c93adc50b1fdb\"},\"headline\":\"El Ayuntamiento de Pamplona celebra el D\u00eda del Pueblo Gitano con una recepci\u00f3n a seis entidades que trabajan por la defensa de sus derechos y la difusi\u00f3n de su cultura\",\"datePublished\":\"2025-04-08T17:33:50+00:00\",\"mainEntityOfPage\":{\"@id\":\"https:\\\/\\\/www.laguiadepamplona.com\\\/actualidad\\\/el-ayuntamiento-de-pamplona-celebra-el-dia-del-pueblo-gitano-con-una-recepcion-a-seis-entidades-que-trabajan-por-la-defensa-de-sus-derechos-y-la-difusion-de-su-cultura\\\/\"},\"wordCount\":807,\"commentCount\":0,\"publisher\":{\"@id\":\"https:\\\/\\\/www.laguiadepamplona.com\\\/actualidad\\\/#organization\"},\"image\":{\"@id\":\"https:\\\/\\\/www.laguiadepamplona.com\\\/actualidad\\\/el-ayuntamiento-de-pamplona-celebra-el-dia-del-pueblo-gitano-con-una-recepcion-a-seis-entidades-que-trabajan-por-la-defensa-de-sus-derechos-y-la-difusion-de-su-cultura\\\/#primaryimage\"},\"thumbnailUrl\":\"https:\\\/\\\/www.laguiadepamplona.com\\\/actualidad\\\/wp-content\\\/uploads\\\/2025\\\/04\\\/recepcionconmotivodeldiadelpueblogitanodscgrupo_0.webp\",\"articleSection\":[\"Ayto Pamplona\"],\"inLanguage\":\"es\",\"potentialAction\":[{\"@type\":\"CommentAction\",\"name\":\"Comment\",\"target\":[\"https:\\\/\\\/www.laguiadepamplona.com\\\/actualidad\\\/el-ayuntamiento-de-pamplona-celebra-el-dia-del-pueblo-gitano-con-una-recepcion-a-seis-entidades-que-trabajan-por-la-defensa-de-sus-derechos-y-la-difusion-de-su-cultura\\\/#respond\"]}]},{\"@type\":\"WebPage\",\"@id\":\"https:\\\/\\\/www.laguiadepamplona.com\\\/actualidad\\\/el-ayuntamiento-de-pamplona-celebra-el-dia-del-pueblo-gitano-con-una-recepcion-a-seis-entidades-que-trabajan-por-la-defensa-de-sus-derechos-y-la-difusion-de-su-cultura\\\/\",\"url\":\"https:\\\/\\\/www.laguiadepamplona.com\\\/actualidad\\\/el-ayuntamiento-de-pamplona-celebra-el-dia-del-pueblo-gitano-con-una-recepcion-a-seis-entidades-que-trabajan-por-la-defensa-de-sus-derechos-y-la-difusion-de-su-cultura\\\/\",\"name\":\"El Ayuntamiento de Pamplona celebra el D\u00eda del Pueblo Gitano con una recepci\u00f3n a seis entidades que trabajan por la defensa de sus derechos y la difusi\u00f3n de su cultura\",\"isPartOf\":{\"@id\":\"https:\\\/\\\/www.laguiadepamplona.com\\\/actualidad\\\/#website\"},\"primaryImageOfPage\":{\"@id\":\"https:\\\/\\\/www.laguiadepamplona.com\\\/actualidad\\\/el-ayuntamiento-de-pamplona-celebra-el-dia-del-pueblo-gitano-con-una-recepcion-a-seis-entidades-que-trabajan-por-la-defensa-de-sus-derechos-y-la-difusion-de-su-cultura\\\/#primaryimage\"},\"image\":{\"@id\":\"https:\\\/\\\/www.laguiadepamplona.com\\\/actualidad\\\/el-ayuntamiento-de-pamplona-celebra-el-dia-del-pueblo-gitano-con-una-recepcion-a-seis-entidades-que-trabajan-por-la-defensa-de-sus-derechos-y-la-difusion-de-su-cultura\\\/#primaryimage\"},\"thumbnailUrl\":\"https:\\\/\\\/www.laguiadepamplona.com\\\/actualidad\\\/wp-content\\\/uploads\\\/2025\\\/04\\\/recepcionconmotivodeldiadelpueblogitanodscgrupo_0.webp\",\"datePublished\":\"2025-04-08T17:33:50+00:00\",\"description\":\"Sendas declaraciones institucionales aprobadas este a\u00f1o en el Consistorio se suman a la conmemoraci\u00f3n del A\u00f1o del Pueblo Gitano en este 2025\",\"breadcrumb\":{\"@id\":\"https:\\\/\\\/www.laguiadepamplona.com\\\/actualidad\\\/el-ayuntamiento-de-pamplona-celebra-el-dia-del-pueblo-gitano-con-una-recepcion-a-seis-entidades-que-trabajan-por-la-defensa-de-sus-derechos-y-la-difusion-de-su-cultura\\\/#breadcrumb\"},\"inLanguage\":\"es\",\"potentialAction\":[{\"@type\":\"ReadAction\",\"target\":[\"https:\\\/\\\/www.laguiadepamplona.com\\\/actualidad\\\/el-ayuntamiento-de-pamplona-celebra-el-dia-del-pueblo-gitano-con-una-recepcion-a-seis-entidades-que-trabajan-por-la-defensa-de-sus-derechos-y-la-difusion-de-su-cultura\\\/\"]}]},{\"@type\":\"ImageObject\",\"inLanguage\":\"es\",\"@id\":\"https:\\\/\\\/www.laguiadepamplona.com\\\/actualidad\\\/el-ayuntamiento-de-pamplona-celebra-el-dia-del-pueblo-gitano-con-una-recepcion-a-seis-entidades-que-trabajan-por-la-defensa-de-sus-derechos-y-la-difusion-de-su-cultura\\\/#primaryimage\",\"url\":\"https:\\\/\\\/www.laguiadepamplona.com\\\/actualidad\\\/wp-content\\\/uploads\\\/2025\\\/04\\\/recepcionconmotivodeldiadelpueblogitanodscgrupo_0.webp\",\"contentUrl\":\"https:\\\/\\\/www.laguiadepamplona.com\\\/actualidad\\\/wp-content\\\/uploads\\\/2025\\\/04\\\/recepcionconmotivodeldiadelpueblogitanodscgrupo_0.webp\",\"width\":1000,\"height\":666,\"caption\":\"recepci\u00f3n con motivo del d\u00eda del pueblo gitano\"},{\"@type\":\"BreadcrumbList\",\"@id\":\"https:\\\/\\\/www.laguiadepamplona.com\\\/actualidad\\\/el-ayuntamiento-de-pamplona-celebra-el-dia-del-pueblo-gitano-con-una-recepcion-a-seis-entidades-que-trabajan-por-la-defensa-de-sus-derechos-y-la-difusion-de-su-cultura\\\/#breadcrumb\",\"itemListElement\":[{\"@type\":\"ListItem\",\"position\":1,\"name\":\"Portada\",\"item\":\"https:\\\/\\\/www.laguiadepamplona.com\\\/actualidad\\\/\"},{\"@type\":\"ListItem\",\"position\":2,\"name\":\"El Ayuntamiento de Pamplona celebra el D\u00eda del Pueblo Gitano con una recepci\u00f3n a seis entidades que trabajan por la defensa de sus derechos y la difusi\u00f3n de su cultura\"}]},{\"@type\":\"WebSite\",\"@id\":\"https:\\\/\\\/www.laguiadepamplona.com\\\/actualidad\\\/#website\",\"url\":\"https:\\\/\\\/www.laguiadepamplona.com\\\/actualidad\\\/\",\"name\":\"La gu\u00eda de Pamplona\",\"description\":\"Noticias de Pamplona\",\"publisher\":{\"@id\":\"https:\\\/\\\/www.laguiadepamplona.com\\\/actualidad\\\/#organization\"},\"potentialAction\":[{\"@type\":\"SearchAction\",\"target\":{\"@type\":\"EntryPoint\",\"urlTemplate\":\"https:\\\/\\\/www.laguiadepamplona.com\\\/actualidad\\\/?s={search_term_string}\"},\"query-input\":{\"@type\":\"PropertyValueSpecification\",\"valueRequired\":true,\"valueName\":\"search_term_string\"}}],\"inLanguage\":\"es\"},{\"@type\":\"Organization\",\"@id\":\"https:\\\/\\\/www.laguiadepamplona.com\\\/actualidad\\\/#organization\",\"name\":\"La Gu\u00eda de Pamplona \\\/ Noticias\",\"url\":\"https:\\\/\\\/www.laguiadepamplona.com\\\/actualidad\\\/\",\"logo\":{\"@type\":\"ImageObject\",\"inLanguage\":\"es\",\"@id\":\"https:\\\/\\\/www.laguiadepamplona.com\\\/actualidad\\\/#\\\/schema\\\/logo\\\/image\\\/\",\"url\":\"https:\\\/\\\/www.laguiadepamplona.com\\\/actualidad\\\/wp-content\\\/uploads\\\/2018\\\/11\\\/logo-laguiadepamplona18-web1.png\",\"contentUrl\":\"https:\\\/\\\/www.laguiadepamplona.com\\\/actualidad\\\/wp-content\\\/uploads\\\/2018\\\/11\\\/logo-laguiadepamplona18-web1.png\",\"width\":600,\"height\":196,\"caption\":\"La Gu\u00eda de Pamplona \\\/ Noticias\"},\"image\":{\"@id\":\"https:\\\/\\\/www.laguiadepamplona.com\\\/actualidad\\\/#\\\/schema\\\/logo\\\/image\\\/\"},\"sameAs\":[\"https:\\\/\\\/www.facebook.com\\\/laguiadepamplonacom-133175176762273\\\/?ref=hl\",\"https:\\\/\\\/x.com\\\/LaGuiadPamplona\",\"https:\\\/\\\/www.instagram.com\\\/la_guia_de_pamplona\\\/\",\"https:\\\/\\\/www.youtube.com\\\/user\\\/laguiadepamplona\"]},{\"@type\":\"Person\",\"@id\":\"https:\\\/\\\/www.laguiadepamplona.com\\\/actualidad\\\/#\\\/schema\\\/person\\\/efe887376f0213d4657c93adc50b1fdb\",\"name\":\"La Gu\u00eda de Pamplona\",\"image\":{\"@type\":\"ImageObject\",\"inLanguage\":\"es\",\"@id\":\"https:\\\/\\\/secure.gravatar.com\\\/avatar\\\/b6992f131dc8d30ab0dff15446e9d346d9dbd95992de0fef795073f5ea83a81c?s=96&d=mm&r=g\",\"url\":\"https:\\\/\\\/secure.gravatar.com\\\/avatar\\\/b6992f131dc8d30ab0dff15446e9d346d9dbd95992de0fef795073f5ea83a81c?s=96&d=mm&r=g\",\"contentUrl\":\"https:\\\/\\\/secure.gravatar.com\\\/avatar\\\/b6992f131dc8d30ab0dff15446e9d346d9dbd95992de0fef795073f5ea83a81c?s=96&d=mm&r=g\",\"caption\":\"La Gu\u00eda de Pamplona\"}}]}<\/script>\n<!-- \/ Yoast SEO plugin. -->","yoast_head_json":{"title":"El Ayuntamiento de Pamplona celebra el D\u00eda del Pueblo Gitano con una recepci\u00f3n a seis entidades que trabajan por la defensa de sus derechos y la difusi\u00f3n de su cultura","description":"Sendas declaraciones institucionales aprobadas este a\u00f1o en el Consistorio se suman a la conmemoraci\u00f3n del A\u00f1o del Pueblo Gitano en este 2025","robots":{"index":"index","follow":"follow","max-snippet":"max-snippet:-1","max-image-preview":"max-image-preview:large","max-video-preview":"max-video-preview:-1"},"canonical":"https:\/\/www.laguiadepamplona.com\/actualidad\/el-ayuntamiento-de-pamplona-celebra-el-dia-del-pueblo-gitano-con-una-recepcion-a-seis-entidades-que-trabajan-por-la-defensa-de-sus-derechos-y-la-difusion-de-su-cultura\/","og_locale":"es_ES","og_type":"article","og_title":"El Ayuntamiento de Pamplona celebra el D\u00eda del Pueblo Gitano con una recepci\u00f3n a seis entidades que trabajan por la defensa de sus derechos y la difusi\u00f3n de su cultura","og_description":"Sendas declaraciones institucionales aprobadas este a\u00f1o en el Consistorio se suman a la conmemoraci\u00f3n del A\u00f1o del Pueblo Gitano en este 2025","og_url":"https:\/\/www.laguiadepamplona.com\/actualidad\/el-ayuntamiento-de-pamplona-celebra-el-dia-del-pueblo-gitano-con-una-recepcion-a-seis-entidades-que-trabajan-por-la-defensa-de-sus-derechos-y-la-difusion-de-su-cultura\/","og_site_name":"La Gu\u00eda de Pamplona","article_publisher":"https:\/\/www.facebook.com\/laguiadepamplonacom-133175176762273\/?ref=hl","article_published_time":"2025-04-08T17:33:50+00:00","og_image":[{"width":1000,"height":666,"url":"https:\/\/www.laguiadepamplona.com\/actualidad\/wp-content\/uploads\/2025\/04\/recepcionconmotivodeldiadelpueblogitanodscgrupo_0.webp","type":"image\/webp"}],"author":"La Gu\u00eda de Pamplona","twitter_card":"summary_large_image","twitter_creator":"@LaGuiadPamplona","twitter_site":"@LaGuiadPamplona","twitter_misc":{"Escrito por":"La Gu\u00eda de Pamplona","Tiempo de lectura":"4 minutos"},"schema":{"@context":"https:\/\/schema.org","@graph":[{"@type":"Article","@id":"https:\/\/www.laguiadepamplona.com\/actualidad\/el-ayuntamiento-de-pamplona-celebra-el-dia-del-pueblo-gitano-con-una-recepcion-a-seis-entidades-que-trabajan-por-la-defensa-de-sus-derechos-y-la-difusion-de-su-cultura\/#article","isPartOf":{"@id":"https:\/\/www.laguiadepamplona.com\/actualidad\/el-ayuntamiento-de-pamplona-celebra-el-dia-del-pueblo-gitano-con-una-recepcion-a-seis-entidades-que-trabajan-por-la-defensa-de-sus-derechos-y-la-difusion-de-su-cultura\/"},"author":{"name":"La Gu\u00eda de Pamplona","@id":"https:\/\/www.laguiadepamplona.com\/actualidad\/#\/schema\/person\/efe887376f0213d4657c93adc50b1fdb"},"headline":"El Ayuntamiento de Pamplona celebra el D\u00eda del Pueblo Gitano con una recepci\u00f3n a seis entidades que trabajan por la defensa de sus derechos y la difusi\u00f3n de su cultura","datePublished":"2025-04-08T17:33:50+00:00","mainEntityOfPage":{"@id":"https:\/\/www.laguiadepamplona.com\/actualidad\/el-ayuntamiento-de-pamplona-celebra-el-dia-del-pueblo-gitano-con-una-recepcion-a-seis-entidades-que-trabajan-por-la-defensa-de-sus-derechos-y-la-difusion-de-su-cultura\/"},"wordCount":807,"commentCount":0,"publisher":{"@id":"https:\/\/www.laguiadepamplona.com\/actualidad\/#organization"},"image":{"@id":"https:\/\/www.laguiadepamplona.com\/actualidad\/el-ayuntamiento-de-pamplona-celebra-el-dia-del-pueblo-gitano-con-una-recepcion-a-seis-entidades-que-trabajan-por-la-defensa-de-sus-derechos-y-la-difusion-de-su-cultura\/#primaryimage"},"thumbnailUrl":"https:\/\/www.laguiadepamplona.com\/actualidad\/wp-content\/uploads\/2025\/04\/recepcionconmotivodeldiadelpueblogitanodscgrupo_0.webp","articleSection":["Ayto Pamplona"],"inLanguage":"es","potentialAction":[{"@type":"CommentAction","name":"Comment","target":["https:\/\/www.laguiadepamplona.com\/actualidad\/el-ayuntamiento-de-pamplona-celebra-el-dia-del-pueblo-gitano-con-una-recepcion-a-seis-entidades-que-trabajan-por-la-defensa-de-sus-derechos-y-la-difusion-de-su-cultura\/#respond"]}]},{"@type":"WebPage","@id":"https:\/\/www.laguiadepamplona.com\/actualidad\/el-ayuntamiento-de-pamplona-celebra-el-dia-del-pueblo-gitano-con-una-recepcion-a-seis-entidades-que-trabajan-por-la-defensa-de-sus-derechos-y-la-difusion-de-su-cultura\/","url":"https:\/\/www.laguiadepamplona.com\/actualidad\/el-ayuntamiento-de-pamplona-celebra-el-dia-del-pueblo-gitano-con-una-recepcion-a-seis-entidades-que-trabajan-por-la-defensa-de-sus-derechos-y-la-difusion-de-su-cultura\/","name":"El Ayuntamiento de Pamplona celebra el D\u00eda del Pueblo Gitano con una recepci\u00f3n a seis entidades que trabajan por la defensa de sus derechos y la difusi\u00f3n de su cultura","isPartOf":{"@id":"https:\/\/www.laguiadepamplona.com\/actualidad\/#website"},"primaryImageOfPage":{"@id":"https:\/\/www.laguiadepamplona.com\/actualidad\/el-ayuntamiento-de-pamplona-celebra-el-dia-del-pueblo-gitano-con-una-recepcion-a-seis-entidades-que-trabajan-por-la-defensa-de-sus-derechos-y-la-difusion-de-su-cultura\/#primaryimage"},"image":{"@id":"https:\/\/www.laguiadepamplona.com\/actualidad\/el-ayuntamiento-de-pamplona-celebra-el-dia-del-pueblo-gitano-con-una-recepcion-a-seis-entidades-que-trabajan-por-la-defensa-de-sus-derechos-y-la-difusion-de-su-cultura\/#primaryimage"},"thumbnailUrl":"https:\/\/www.laguiadepamplona.com\/actualidad\/wp-content\/uploads\/2025\/04\/recepcionconmotivodeldiadelpueblogitanodscgrupo_0.webp","datePublished":"2025-04-08T17:33:50+00:00","description":"Sendas declaraciones institucionales aprobadas este a\u00f1o en el Consistorio se suman a la conmemoraci\u00f3n del A\u00f1o del Pueblo Gitano en este 2025","breadcrumb":{"@id":"https:\/\/www.laguiadepamplona.com\/actualidad\/el-ayuntamiento-de-pamplona-celebra-el-dia-del-pueblo-gitano-con-una-recepcion-a-seis-entidades-que-trabajan-por-la-defensa-de-sus-derechos-y-la-difusion-de-su-cultura\/#breadcrumb"},"inLanguage":"es","potentialAction":[{"@type":"ReadAction","target":["https:\/\/www.laguiadepamplona.com\/actualidad\/el-ayuntamiento-de-pamplona-celebra-el-dia-del-pueblo-gitano-con-una-recepcion-a-seis-entidades-que-trabajan-por-la-defensa-de-sus-derechos-y-la-difusion-de-su-cultura\/"]}]},{"@type":"ImageObject","inLanguage":"es","@id":"https:\/\/www.laguiadepamplona.com\/actualidad\/el-ayuntamiento-de-pamplona-celebra-el-dia-del-pueblo-gitano-con-una-recepcion-a-seis-entidades-que-trabajan-por-la-defensa-de-sus-derechos-y-la-difusion-de-su-cultura\/#primaryimage","url":"https:\/\/www.laguiadepamplona.com\/actualidad\/wp-content\/uploads\/2025\/04\/recepcionconmotivodeldiadelpueblogitanodscgrupo_0.webp","contentUrl":"https:\/\/www.laguiadepamplona.com\/actualidad\/wp-content\/uploads\/2025\/04\/recepcionconmotivodeldiadelpueblogitanodscgrupo_0.webp","width":1000,"height":666,"caption":"recepci\u00f3n con motivo del d\u00eda del pueblo gitano"},{"@type":"BreadcrumbList","@id":"https:\/\/www.laguiadepamplona.com\/actualidad\/el-ayuntamiento-de-pamplona-celebra-el-dia-del-pueblo-gitano-con-una-recepcion-a-seis-entidades-que-trabajan-por-la-defensa-de-sus-derechos-y-la-difusion-de-su-cultura\/#breadcrumb","itemListElement":[{"@type":"ListItem","position":1,"name":"Portada","item":"https:\/\/www.laguiadepamplona.com\/actualidad\/"},{"@type":"ListItem","position":2,"name":"El Ayuntamiento de Pamplona celebra el D\u00eda del Pueblo Gitano con una recepci\u00f3n a seis entidades que trabajan por la defensa de sus derechos y la difusi\u00f3n de su cultura"}]},{"@type":"WebSite","@id":"https:\/\/www.laguiadepamplona.com\/actualidad\/#website","url":"https:\/\/www.laguiadepamplona.com\/actualidad\/","name":"La gu\u00eda de Pamplona","description":"Noticias de Pamplona","publisher":{"@id":"https:\/\/www.laguiadepamplona.com\/actualidad\/#organization"},"potentialAction":[{"@type":"SearchAction","target":{"@type":"EntryPoint","urlTemplate":"https:\/\/www.laguiadepamplona.com\/actualidad\/?s={search_term_string}"},"query-input":{"@type":"PropertyValueSpecification","valueRequired":true,"valueName":"search_term_string"}}],"inLanguage":"es"},{"@type":"Organization","@id":"https:\/\/www.laguiadepamplona.com\/actualidad\/#organization","name":"La Gu\u00eda de Pamplona \/ Noticias","url":"https:\/\/www.laguiadepamplona.com\/actualidad\/","logo":{"@type":"ImageObject","inLanguage":"es","@id":"https:\/\/www.laguiadepamplona.com\/actualidad\/#\/schema\/logo\/image\/","url":"https:\/\/www.laguiadepamplona.com\/actualidad\/wp-content\/uploads\/2018\/11\/logo-laguiadepamplona18-web1.png","contentUrl":"https:\/\/www.laguiadepamplona.com\/actualidad\/wp-content\/uploads\/2018\/11\/logo-laguiadepamplona18-web1.png","width":600,"height":196,"caption":"La Gu\u00eda de Pamplona \/ Noticias"},"image":{"@id":"https:\/\/www.laguiadepamplona.com\/actualidad\/#\/schema\/logo\/image\/"},"sameAs":["https:\/\/www.facebook.com\/laguiadepamplonacom-133175176762273\/?ref=hl","https:\/\/x.com\/LaGuiadPamplona","https:\/\/www.instagram.com\/la_guia_de_pamplona\/","https:\/\/www.youtube.com\/user\/laguiadepamplona"]},{"@type":"Person","@id":"https:\/\/www.laguiadepamplona.com\/actualidad\/#\/schema\/person\/efe887376f0213d4657c93adc50b1fdb","name":"La Gu\u00eda de Pamplona","image":{"@type":"ImageObject","inLanguage":"es","@id":"https:\/\/secure.gravatar.com\/avatar\/b6992f131dc8d30ab0dff15446e9d346d9dbd95992de0fef795073f5ea83a81c?s=96&d=mm&r=g","url":"https:\/\/secure.gravatar.com\/avatar\/b6992f131dc8d30ab0dff15446e9d346d9dbd95992de0fef795073f5ea83a81c?s=96&d=mm&r=g","contentUrl":"https:\/\/secure.gravatar.com\/avatar\/b6992f131dc8d30ab0dff15446e9d346d9dbd95992de0fef795073f5ea83a81c?s=96&d=mm&r=g","caption":"La Gu\u00eda de Pamplona"}}]}},"post_mailing_queue_ids":[],"_links":{"self":[{"href":"https:\/\/www.laguiadepamplona.com\/actualidad\/wp-json\/wp\/v2\/posts\/52701","targetHints":{"allow":["GET"]}}],"collection":[{"href":"https:\/\/www.laguiadepamplona.com\/actualidad\/wp-json\/wp\/v2\/posts"}],"about":[{"href":"https:\/\/www.laguiadepamplona.com\/actualidad\/wp-json\/wp\/v2\/types\/post"}],"author":[{"embeddable":true,"href":"https:\/\/www.laguiadepamplona.com\/actualidad\/wp-json\/wp\/v2\/users\/1"}],"replies":[{"embeddable":true,"href":"https:\/\/www.laguiadepamplona.com\/actualidad\/wp-json\/wp\/v2\/comments?post=52701"}],"version-history":[{"count":1,"href":"https:\/\/www.laguiadepamplona.com\/actualidad\/wp-json\/wp\/v2\/posts\/52701\/revisions"}],"predecessor-version":[{"id":52703,"href":"https:\/\/www.laguiadepamplona.com\/actualidad\/wp-json\/wp\/v2\/posts\/52701\/revisions\/52703"}],"wp:featuredmedia":[{"embeddable":true,"href":"https:\/\/www.laguiadepamplona.com\/actualidad\/wp-json\/wp\/v2\/media\/52702"}],"wp:attachment":[{"href":"https:\/\/www.laguiadepamplona.com\/actualidad\/wp-json\/wp\/v2\/media?parent=52701"}],"wp:term":[{"taxonomy":"category","embeddable":true,"href":"https:\/\/www.laguiadepamplona.com\/actualidad\/wp-json\/wp\/v2\/categories?post=52701"},{"taxonomy":"post_tag","embeddable":true,"href":"https:\/\/www.laguiadepamplona.com\/actualidad\/wp-json\/wp\/v2\/tags?post=52701"}],"curies":[{"name":"wp","href":"https:\/\/api.w.org\/{rel}","templated":true}]}}