{"id":52680,"date":"2025-04-07T19:46:49","date_gmt":"2025-04-07T17:46:49","guid":{"rendered":"https:\/\/www.laguiadepamplona.com\/actualidad\/?p=52680"},"modified":"2025-04-07T19:46:49","modified_gmt":"2025-04-07T17:46:49","slug":"abierta-la-convocatoria-para-que-centros-escolares-de-pamplona-se-sumen-al-proyecto-municipal-accion-contra-el-despilfarro-energetico-el-proximo-curso","status":"publish","type":"post","link":"https:\/\/www.laguiadepamplona.com\/actualidad\/abierta-la-convocatoria-para-que-centros-escolares-de-pamplona-se-sumen-al-proyecto-municipal-accion-contra-el-despilfarro-energetico-el-proximo-curso\/","title":{"rendered":"Abierta la convocatoria para que centros escolares de Pamplona se sumen al proyecto municipal \u2018Acci\u00f3n contra el despilfarro energ\u00e9tico\u2019 el pr\u00f3ximo curso"},"content":{"rendered":"<h2>En esta edici\u00f3n, el CPEIP Ermitaga\u00f1a se ha sumado a otros cuatro centros, que ven\u00edan desarrollando acciones plurianuales<\/h2>\n<p><!--more--><\/p>\n<p>El Ayuntamiento de Pamplona ha abierto una nueva convocatoria p\u00fablica para seleccionar un nuevo centro escolar que se adhiera a la nueva edici\u00f3n del proyecto \u2018Acci\u00f3n contra el despilfarro energ\u00e9tico\u2019 de cara al pr\u00f3ximo curso. A trav\u00e9s de esta iniciativa, el Consistorio busca concienciar a la poblaci\u00f3n infantil en la importancia de adoptar medidas de ahorro energ\u00e9tico en la escuela. El programa incluye material docente y una herramienta digital basada en el juego, adem\u00e1s de aportar una peque\u00f1a financiaci\u00f3n econ\u00f3mica a los centros seleccionados para poner en marcha alguna de las medidas planteadas.<\/p>\n<p>Los centros interesados podr\u00e1n presentar sus candidaturas a trav\u00e9s de <a href=\"mailto:educacionambiental@pamplona.es\">educacionambiental@pamplona.es<\/a> hasta el 16 de abril. La informaci\u00f3n de la convocatoria y su anexo que deben cumplimentar puede consultarse en la <a href=\"https:\/\/educacionambiental.pamplona.es\/wp-content\/uploads\/2025\/03\/Convocatoria_programa-ACD-2025-26.pdf\" target=\"_blank\" rel=\"noopener\">web municipal de Educaci\u00f3n Ambiental<\/a>. Una vez recibidas todas las solicitudes, el Consistorio realizar\u00e1 la selecci\u00f3n. No obstante, adem\u00e1s de los centros educativos que participen y que cuenten con el seguimiento del Servicio de Educaci\u00f3n Ambiental, el programa dispone con una <a href=\"https:\/\/educacionambiental.pamplona.es\/comunidad-educativa\/grupo-de-accion-contra-el-despilfarro-energetico\/\" target=\"_blank\" rel=\"noopener\">herramienta digital<\/a> que permite el uso libre por cualquier colegio que quiera trabajar los contenidos curriculares de la energ\u00eda, el cambio clim\u00e1tico y la transici\u00f3n energ\u00e9tica.<\/p>\n<p>El proyecto \u2018Acci\u00f3n contra el Despilfarro Energ\u00e9tico\u2019 est\u00e1 especialmente dirigido a alumnado de 5\u00ba y 6\u00ba de Educaci\u00f3n Primaria. Mediante el juego, trabajan aquellos aspectos del centro donde pueden producirse mejoras energ\u00e9ticas, desde el apagado de luces al abandonar un aula hasta la instalaci\u00f3n de sensores de movimiento para que se encienda al pasar, la sustituci\u00f3n de luces anal\u00f3gicas a led o la mejorar el aislamiento en ventanas. Es el propio alumnado el que se encarga, en un trabajo conjunto y consensuado, de promover acciones concretas en su colegio que hagan que el consumo energ\u00e9tico sea menor, reduciendo la factura el\u00e9ctrica y, sobre todo, ayudando al medio ambiente.<\/p>\n<p>El proyecto incluye, por un lado, una experiencia curricular, en la que se busca la adquisici\u00f3n de los conocimientos, actitudes y habilidades necesarias para ser capaces de analizar y diagnosticar el origen y el uso de la energ\u00eda en el aula, y proponer acciones en el centro que posibiliten una transici\u00f3n energ\u00e9tica. Por otro lado, el centro educativo seleccionado recibir\u00e1 una dotaci\u00f3n econ\u00f3mica, que facilitar\u00e1 acometer algunas de las medidas de ahorro energ\u00e9tico, que se hayan valorado efectivas por parte del alumnado participante en el centro.<\/p>\n<p><strong>Este curso, cinco centros<\/strong><\/p>\n<p>El programa \u2018Acci\u00f3n contra el despilfarro energ\u00e9tico\u2019 ha trabajado este curso con cinco centros escolares. En concreto, han sido FEC Vedruna y Nuestra Se\u00f1ora del Huerto, que participan por tercer a\u00f1o consecutivo; La Compasi\u00f3n-Escolapios y Patxi Larrainzar, que han continuado en ese segundo a\u00f1o los proyectos iniciados el curso pasado; y CPEIP Ermitaga\u00f1a, que entr\u00f3 nuevo a comienzo de curso.<\/p>\n<p>Despu\u00e9s de todo un curso de trabajo en torno al despilfarro energ\u00e9tico, el alumnado de 5\u00ba de Primaria del CPEIP Ermitaga\u00f1a ha presentado ahora su plan de acci\u00f3n, que se centrar\u00e1 en la mejora del aislamiento t\u00e9rmico de las ventanas de la zona norte del edificio. No en vano, el fr\u00edo en las aulas durante los meses de invierno era una de las mayores quejas de los estudiantes, pese al uso de la calefacci\u00f3n. En un trabajo conjunto entre el centro escolar, el Ayuntamiento de Pamplona y el Gobierno de Navarra, el centro recibir\u00e1 6.000 euros para iniciar ya este verano el cambio de algunas de ellas.<\/p>\n<p>Por su parte, la ikastola IP Patxi Larrainzar est\u00e1 instalando sensores de luz en los pasillos. El colegio La Compasi\u00f3n Escolapios ha decidido cambiar las luminarias y poner luces LED en una de las clases de 5\u00ba curso. El alumnado de FEC Vedruna ha apostado por cambiar las luces de la sala de ordenadores; y el centro Nuestra Se\u00f1ora del Huerto ha continuado con el cambio de sensores de los pasillos. En todos los casos, m\u00e1s all\u00e1 de acciones concretas dirigidas a mejorar el ahorro energ\u00e9tico del centro, se ha trabajado tambi\u00e9n el cambio de h\u00e1bitos por parte del alumnado, del profesorado y del centro.<\/p>\n<p>El Ayuntamiento aporta unos 1.000 euros para que cada centro invierta en alguna de estas propuestas a los centros educativos que participan por primer a\u00f1o y 500 euros a los que est\u00e1n por segundo a\u00f1o. En estas semanas, los cuatro centros participantes est\u00e1n realizando presentaciones de sus Planes de Acci\u00f3n contra el Despilfarro Energ\u00e9tico ante el personal del Servicio de Educaci\u00f3n Ambiental, que gestiona el programa. En esos encuentros, detallan c\u00f3mo van a llevar a cabo las acciones propuestas y reciben un diploma que reconoce su implicaci\u00f3n en la preservaci\u00f3n del medio ambiente.<\/p>\n<p>El programa \u2018Acci\u00f3n contra el despilfarro energ\u00e9tico\u2019 se elabor\u00f3 en el marco del proyecto europeo Stardust, encaminado a aumentar la eficiencia energ\u00e9tica y mejorar la calidad de vida en las ciudades participantes. Dicho proyecto recibi\u00f3 financiaci\u00f3n del programa de investigaci\u00f3n e innovaci\u00f3n HORIZON 2020. Adem\u00e1s, forma parte del compromiso municipal contra el cambio clim\u00e1tico recogido en la Estrategia de Transici\u00f3n Energ\u00e9tica y Cambio Clim\u00e1tico 2030.<\/p>\n","protected":false},"excerpt":{"rendered":"<p>En esta edici\u00f3n, el CPEIP Ermitaga\u00f1a se ha sumado a otros cuatro centros, que ven\u00edan desarrollando acciones plurianuales<\/p>\n","protected":false},"author":1,"featured_media":48503,"comment_status":"open","ping_status":"closed","sticky":false,"template":"","format":"standard","meta":{"footnotes":""},"categories":[2],"tags":[],"class_list":["post-52680","post","type-post","status-publish","format-standard","has-post-thumbnail","hentry","category-ayuntamiento-pamplona"],"yoast_head":"<!-- This site is optimized with the Yoast SEO plugin v27.3 - https:\/\/yoast.com\/product\/yoast-seo-wordpress\/ -->\n<title>Abierta la convocatoria para que centros escolares de Pamplona se sumen al proyecto municipal \u2018Acci\u00f3n contra el despilfarro energ\u00e9tico\u2019 el pr\u00f3ximo curso<\/title>\n<meta name=\"description\" content=\"En esta edici\u00f3n, el CPEIP Ermitaga\u00f1a se ha sumado a otros cuatro centros, que ven\u00edan desarrollando acciones plurianuales\" \/>\n<meta name=\"robots\" content=\"index, follow, max-snippet:-1, max-image-preview:large, max-video-preview:-1\" \/>\n<link rel=\"canonical\" href=\"https:\/\/www.laguiadepamplona.com\/actualidad\/abierta-la-convocatoria-para-que-centros-escolares-de-pamplona-se-sumen-al-proyecto-municipal-accion-contra-el-despilfarro-energetico-el-proximo-curso\/\" \/>\n<meta property=\"og:locale\" content=\"es_ES\" \/>\n<meta property=\"og:type\" content=\"article\" \/>\n<meta property=\"og:title\" content=\"Abierta la convocatoria para que centros escolares de Pamplona se sumen al proyecto municipal \u2018Acci\u00f3n contra el despilfarro energ\u00e9tico\u2019 el pr\u00f3ximo curso\" \/>\n<meta property=\"og:description\" content=\"En esta edici\u00f3n, el CPEIP Ermitaga\u00f1a se ha sumado a otros cuatro centros, que ven\u00edan desarrollando acciones plurianuales\" \/>\n<meta property=\"og:url\" content=\"https:\/\/www.laguiadepamplona.com\/actualidad\/abierta-la-convocatoria-para-que-centros-escolares-de-pamplona-se-sumen-al-proyecto-municipal-accion-contra-el-despilfarro-energetico-el-proximo-curso\/\" \/>\n<meta property=\"og:site_name\" content=\"La Gu\u00eda de Pamplona\" \/>\n<meta property=\"article:publisher\" content=\"https:\/\/www.facebook.com\/laguiadepamplonacom-133175176762273\/?ref=hl\" \/>\n<meta property=\"article:published_time\" content=\"2025-04-07T17:46:49+00:00\" \/>\n<meta property=\"og:image\" content=\"https:\/\/www.laguiadepamplona.com\/actualidad\/wp-content\/uploads\/2024\/01\/ayuntamiento-pamplona.webp\" \/>\n\t<meta property=\"og:image:width\" content=\"1200\" \/>\n\t<meta property=\"og:image:height\" content=\"675\" \/>\n\t<meta property=\"og:image:type\" content=\"image\/webp\" \/>\n<meta name=\"author\" content=\"La Gu\u00eda de Pamplona\" \/>\n<meta name=\"twitter:card\" content=\"summary_large_image\" \/>\n<meta name=\"twitter:creator\" content=\"@LaGuiadPamplona\" \/>\n<meta name=\"twitter:site\" content=\"@LaGuiadPamplona\" \/>\n<meta name=\"twitter:label1\" content=\"Escrito por\" \/>\n\t<meta name=\"twitter:data1\" content=\"La Gu\u00eda de Pamplona\" \/>\n\t<meta name=\"twitter:label2\" content=\"Tiempo de lectura\" \/>\n\t<meta name=\"twitter:data2\" content=\"4 minutos\" \/>\n<script type=\"application\/ld+json\" class=\"yoast-schema-graph\">{\"@context\":\"https:\\\/\\\/schema.org\",\"@graph\":[{\"@type\":\"Article\",\"@id\":\"https:\\\/\\\/www.laguiadepamplona.com\\\/actualidad\\\/abierta-la-convocatoria-para-que-centros-escolares-de-pamplona-se-sumen-al-proyecto-municipal-accion-contra-el-despilfarro-energetico-el-proximo-curso\\\/#article\",\"isPartOf\":{\"@id\":\"https:\\\/\\\/www.laguiadepamplona.com\\\/actualidad\\\/abierta-la-convocatoria-para-que-centros-escolares-de-pamplona-se-sumen-al-proyecto-municipal-accion-contra-el-despilfarro-energetico-el-proximo-curso\\\/\"},\"author\":{\"name\":\"La Gu\u00eda de Pamplona\",\"@id\":\"https:\\\/\\\/www.laguiadepamplona.com\\\/actualidad\\\/#\\\/schema\\\/person\\\/efe887376f0213d4657c93adc50b1fdb\"},\"headline\":\"Abierta la convocatoria para que centros escolares de Pamplona se sumen al proyecto municipal \u2018Acci\u00f3n contra el despilfarro energ\u00e9tico\u2019 el pr\u00f3ximo curso\",\"datePublished\":\"2025-04-07T17:46:49+00:00\",\"mainEntityOfPage\":{\"@id\":\"https:\\\/\\\/www.laguiadepamplona.com\\\/actualidad\\\/abierta-la-convocatoria-para-que-centros-escolares-de-pamplona-se-sumen-al-proyecto-municipal-accion-contra-el-despilfarro-energetico-el-proximo-curso\\\/\"},\"wordCount\":937,\"commentCount\":0,\"publisher\":{\"@id\":\"https:\\\/\\\/www.laguiadepamplona.com\\\/actualidad\\\/#organization\"},\"image\":{\"@id\":\"https:\\\/\\\/www.laguiadepamplona.com\\\/actualidad\\\/abierta-la-convocatoria-para-que-centros-escolares-de-pamplona-se-sumen-al-proyecto-municipal-accion-contra-el-despilfarro-energetico-el-proximo-curso\\\/#primaryimage\"},\"thumbnailUrl\":\"https:\\\/\\\/www.laguiadepamplona.com\\\/actualidad\\\/wp-content\\\/uploads\\\/2024\\\/01\\\/ayuntamiento-pamplona.webp\",\"articleSection\":[\"Ayto Pamplona\"],\"inLanguage\":\"es\",\"potentialAction\":[{\"@type\":\"CommentAction\",\"name\":\"Comment\",\"target\":[\"https:\\\/\\\/www.laguiadepamplona.com\\\/actualidad\\\/abierta-la-convocatoria-para-que-centros-escolares-de-pamplona-se-sumen-al-proyecto-municipal-accion-contra-el-despilfarro-energetico-el-proximo-curso\\\/#respond\"]}]},{\"@type\":\"WebPage\",\"@id\":\"https:\\\/\\\/www.laguiadepamplona.com\\\/actualidad\\\/abierta-la-convocatoria-para-que-centros-escolares-de-pamplona-se-sumen-al-proyecto-municipal-accion-contra-el-despilfarro-energetico-el-proximo-curso\\\/\",\"url\":\"https:\\\/\\\/www.laguiadepamplona.com\\\/actualidad\\\/abierta-la-convocatoria-para-que-centros-escolares-de-pamplona-se-sumen-al-proyecto-municipal-accion-contra-el-despilfarro-energetico-el-proximo-curso\\\/\",\"name\":\"Abierta la convocatoria para que centros escolares de Pamplona se sumen al proyecto municipal \u2018Acci\u00f3n contra el despilfarro energ\u00e9tico\u2019 el pr\u00f3ximo curso\",\"isPartOf\":{\"@id\":\"https:\\\/\\\/www.laguiadepamplona.com\\\/actualidad\\\/#website\"},\"primaryImageOfPage\":{\"@id\":\"https:\\\/\\\/www.laguiadepamplona.com\\\/actualidad\\\/abierta-la-convocatoria-para-que-centros-escolares-de-pamplona-se-sumen-al-proyecto-municipal-accion-contra-el-despilfarro-energetico-el-proximo-curso\\\/#primaryimage\"},\"image\":{\"@id\":\"https:\\\/\\\/www.laguiadepamplona.com\\\/actualidad\\\/abierta-la-convocatoria-para-que-centros-escolares-de-pamplona-se-sumen-al-proyecto-municipal-accion-contra-el-despilfarro-energetico-el-proximo-curso\\\/#primaryimage\"},\"thumbnailUrl\":\"https:\\\/\\\/www.laguiadepamplona.com\\\/actualidad\\\/wp-content\\\/uploads\\\/2024\\\/01\\\/ayuntamiento-pamplona.webp\",\"datePublished\":\"2025-04-07T17:46:49+00:00\",\"description\":\"En esta edici\u00f3n, el CPEIP Ermitaga\u00f1a se ha sumado a otros cuatro centros, que ven\u00edan desarrollando acciones plurianuales\",\"breadcrumb\":{\"@id\":\"https:\\\/\\\/www.laguiadepamplona.com\\\/actualidad\\\/abierta-la-convocatoria-para-que-centros-escolares-de-pamplona-se-sumen-al-proyecto-municipal-accion-contra-el-despilfarro-energetico-el-proximo-curso\\\/#breadcrumb\"},\"inLanguage\":\"es\",\"potentialAction\":[{\"@type\":\"ReadAction\",\"target\":[\"https:\\\/\\\/www.laguiadepamplona.com\\\/actualidad\\\/abierta-la-convocatoria-para-que-centros-escolares-de-pamplona-se-sumen-al-proyecto-municipal-accion-contra-el-despilfarro-energetico-el-proximo-curso\\\/\"]}]},{\"@type\":\"ImageObject\",\"inLanguage\":\"es\",\"@id\":\"https:\\\/\\\/www.laguiadepamplona.com\\\/actualidad\\\/abierta-la-convocatoria-para-que-centros-escolares-de-pamplona-se-sumen-al-proyecto-municipal-accion-contra-el-despilfarro-energetico-el-proximo-curso\\\/#primaryimage\",\"url\":\"https:\\\/\\\/www.laguiadepamplona.com\\\/actualidad\\\/wp-content\\\/uploads\\\/2024\\\/01\\\/ayuntamiento-pamplona.webp\",\"contentUrl\":\"https:\\\/\\\/www.laguiadepamplona.com\\\/actualidad\\\/wp-content\\\/uploads\\\/2024\\\/01\\\/ayuntamiento-pamplona.webp\",\"width\":1200,\"height\":675,\"caption\":\"ayuntamiento pamplona\"},{\"@type\":\"BreadcrumbList\",\"@id\":\"https:\\\/\\\/www.laguiadepamplona.com\\\/actualidad\\\/abierta-la-convocatoria-para-que-centros-escolares-de-pamplona-se-sumen-al-proyecto-municipal-accion-contra-el-despilfarro-energetico-el-proximo-curso\\\/#breadcrumb\",\"itemListElement\":[{\"@type\":\"ListItem\",\"position\":1,\"name\":\"Portada\",\"item\":\"https:\\\/\\\/www.laguiadepamplona.com\\\/actualidad\\\/\"},{\"@type\":\"ListItem\",\"position\":2,\"name\":\"Abierta la convocatoria para que centros escolares de Pamplona se sumen al proyecto municipal \u2018Acci\u00f3n contra el despilfarro energ\u00e9tico\u2019 el pr\u00f3ximo curso\"}]},{\"@type\":\"WebSite\",\"@id\":\"https:\\\/\\\/www.laguiadepamplona.com\\\/actualidad\\\/#website\",\"url\":\"https:\\\/\\\/www.laguiadepamplona.com\\\/actualidad\\\/\",\"name\":\"La gu\u00eda de Pamplona\",\"description\":\"Noticias de Pamplona\",\"publisher\":{\"@id\":\"https:\\\/\\\/www.laguiadepamplona.com\\\/actualidad\\\/#organization\"},\"potentialAction\":[{\"@type\":\"SearchAction\",\"target\":{\"@type\":\"EntryPoint\",\"urlTemplate\":\"https:\\\/\\\/www.laguiadepamplona.com\\\/actualidad\\\/?s={search_term_string}\"},\"query-input\":{\"@type\":\"PropertyValueSpecification\",\"valueRequired\":true,\"valueName\":\"search_term_string\"}}],\"inLanguage\":\"es\"},{\"@type\":\"Organization\",\"@id\":\"https:\\\/\\\/www.laguiadepamplona.com\\\/actualidad\\\/#organization\",\"name\":\"La Gu\u00eda de Pamplona \\\/ Noticias\",\"url\":\"https:\\\/\\\/www.laguiadepamplona.com\\\/actualidad\\\/\",\"logo\":{\"@type\":\"ImageObject\",\"inLanguage\":\"es\",\"@id\":\"https:\\\/\\\/www.laguiadepamplona.com\\\/actualidad\\\/#\\\/schema\\\/logo\\\/image\\\/\",\"url\":\"https:\\\/\\\/www.laguiadepamplona.com\\\/actualidad\\\/wp-content\\\/uploads\\\/2018\\\/11\\\/logo-laguiadepamplona18-web1.png\",\"contentUrl\":\"https:\\\/\\\/www.laguiadepamplona.com\\\/actualidad\\\/wp-content\\\/uploads\\\/2018\\\/11\\\/logo-laguiadepamplona18-web1.png\",\"width\":600,\"height\":196,\"caption\":\"La Gu\u00eda de Pamplona \\\/ Noticias\"},\"image\":{\"@id\":\"https:\\\/\\\/www.laguiadepamplona.com\\\/actualidad\\\/#\\\/schema\\\/logo\\\/image\\\/\"},\"sameAs\":[\"https:\\\/\\\/www.facebook.com\\\/laguiadepamplonacom-133175176762273\\\/?ref=hl\",\"https:\\\/\\\/x.com\\\/LaGuiadPamplona\",\"https:\\\/\\\/www.instagram.com\\\/la_guia_de_pamplona\\\/\",\"https:\\\/\\\/www.youtube.com\\\/user\\\/laguiadepamplona\"]},{\"@type\":\"Person\",\"@id\":\"https:\\\/\\\/www.laguiadepamplona.com\\\/actualidad\\\/#\\\/schema\\\/person\\\/efe887376f0213d4657c93adc50b1fdb\",\"name\":\"La Gu\u00eda de Pamplona\",\"image\":{\"@type\":\"ImageObject\",\"inLanguage\":\"es\",\"@id\":\"https:\\\/\\\/secure.gravatar.com\\\/avatar\\\/b6992f131dc8d30ab0dff15446e9d346d9dbd95992de0fef795073f5ea83a81c?s=96&d=mm&r=g\",\"url\":\"https:\\\/\\\/secure.gravatar.com\\\/avatar\\\/b6992f131dc8d30ab0dff15446e9d346d9dbd95992de0fef795073f5ea83a81c?s=96&d=mm&r=g\",\"contentUrl\":\"https:\\\/\\\/secure.gravatar.com\\\/avatar\\\/b6992f131dc8d30ab0dff15446e9d346d9dbd95992de0fef795073f5ea83a81c?s=96&d=mm&r=g\",\"caption\":\"La Gu\u00eda de Pamplona\"}}]}<\/script>\n<!-- \/ Yoast SEO plugin. -->","yoast_head_json":{"title":"Abierta la convocatoria para que centros escolares de Pamplona se sumen al proyecto municipal \u2018Acci\u00f3n contra el despilfarro energ\u00e9tico\u2019 el pr\u00f3ximo curso","description":"En esta edici\u00f3n, el CPEIP Ermitaga\u00f1a se ha sumado a otros cuatro centros, que ven\u00edan desarrollando acciones plurianuales","robots":{"index":"index","follow":"follow","max-snippet":"max-snippet:-1","max-image-preview":"max-image-preview:large","max-video-preview":"max-video-preview:-1"},"canonical":"https:\/\/www.laguiadepamplona.com\/actualidad\/abierta-la-convocatoria-para-que-centros-escolares-de-pamplona-se-sumen-al-proyecto-municipal-accion-contra-el-despilfarro-energetico-el-proximo-curso\/","og_locale":"es_ES","og_type":"article","og_title":"Abierta la convocatoria para que centros escolares de Pamplona se sumen al proyecto municipal \u2018Acci\u00f3n contra el despilfarro energ\u00e9tico\u2019 el pr\u00f3ximo curso","og_description":"En esta edici\u00f3n, el CPEIP Ermitaga\u00f1a se ha sumado a otros cuatro centros, que ven\u00edan desarrollando acciones plurianuales","og_url":"https:\/\/www.laguiadepamplona.com\/actualidad\/abierta-la-convocatoria-para-que-centros-escolares-de-pamplona-se-sumen-al-proyecto-municipal-accion-contra-el-despilfarro-energetico-el-proximo-curso\/","og_site_name":"La Gu\u00eda de Pamplona","article_publisher":"https:\/\/www.facebook.com\/laguiadepamplonacom-133175176762273\/?ref=hl","article_published_time":"2025-04-07T17:46:49+00:00","og_image":[{"width":1200,"height":675,"url":"https:\/\/www.laguiadepamplona.com\/actualidad\/wp-content\/uploads\/2024\/01\/ayuntamiento-pamplona.webp","type":"image\/webp"}],"author":"La Gu\u00eda de Pamplona","twitter_card":"summary_large_image","twitter_creator":"@LaGuiadPamplona","twitter_site":"@LaGuiadPamplona","twitter_misc":{"Escrito por":"La Gu\u00eda de Pamplona","Tiempo de lectura":"4 minutos"},"schema":{"@context":"https:\/\/schema.org","@graph":[{"@type":"Article","@id":"https:\/\/www.laguiadepamplona.com\/actualidad\/abierta-la-convocatoria-para-que-centros-escolares-de-pamplona-se-sumen-al-proyecto-municipal-accion-contra-el-despilfarro-energetico-el-proximo-curso\/#article","isPartOf":{"@id":"https:\/\/www.laguiadepamplona.com\/actualidad\/abierta-la-convocatoria-para-que-centros-escolares-de-pamplona-se-sumen-al-proyecto-municipal-accion-contra-el-despilfarro-energetico-el-proximo-curso\/"},"author":{"name":"La Gu\u00eda de Pamplona","@id":"https:\/\/www.laguiadepamplona.com\/actualidad\/#\/schema\/person\/efe887376f0213d4657c93adc50b1fdb"},"headline":"Abierta la convocatoria para que centros escolares de Pamplona se sumen al proyecto municipal \u2018Acci\u00f3n contra el despilfarro energ\u00e9tico\u2019 el pr\u00f3ximo curso","datePublished":"2025-04-07T17:46:49+00:00","mainEntityOfPage":{"@id":"https:\/\/www.laguiadepamplona.com\/actualidad\/abierta-la-convocatoria-para-que-centros-escolares-de-pamplona-se-sumen-al-proyecto-municipal-accion-contra-el-despilfarro-energetico-el-proximo-curso\/"},"wordCount":937,"commentCount":0,"publisher":{"@id":"https:\/\/www.laguiadepamplona.com\/actualidad\/#organization"},"image":{"@id":"https:\/\/www.laguiadepamplona.com\/actualidad\/abierta-la-convocatoria-para-que-centros-escolares-de-pamplona-se-sumen-al-proyecto-municipal-accion-contra-el-despilfarro-energetico-el-proximo-curso\/#primaryimage"},"thumbnailUrl":"https:\/\/www.laguiadepamplona.com\/actualidad\/wp-content\/uploads\/2024\/01\/ayuntamiento-pamplona.webp","articleSection":["Ayto Pamplona"],"inLanguage":"es","potentialAction":[{"@type":"CommentAction","name":"Comment","target":["https:\/\/www.laguiadepamplona.com\/actualidad\/abierta-la-convocatoria-para-que-centros-escolares-de-pamplona-se-sumen-al-proyecto-municipal-accion-contra-el-despilfarro-energetico-el-proximo-curso\/#respond"]}]},{"@type":"WebPage","@id":"https:\/\/www.laguiadepamplona.com\/actualidad\/abierta-la-convocatoria-para-que-centros-escolares-de-pamplona-se-sumen-al-proyecto-municipal-accion-contra-el-despilfarro-energetico-el-proximo-curso\/","url":"https:\/\/www.laguiadepamplona.com\/actualidad\/abierta-la-convocatoria-para-que-centros-escolares-de-pamplona-se-sumen-al-proyecto-municipal-accion-contra-el-despilfarro-energetico-el-proximo-curso\/","name":"Abierta la convocatoria para que centros escolares de Pamplona se sumen al proyecto municipal \u2018Acci\u00f3n contra el despilfarro energ\u00e9tico\u2019 el pr\u00f3ximo curso","isPartOf":{"@id":"https:\/\/www.laguiadepamplona.com\/actualidad\/#website"},"primaryImageOfPage":{"@id":"https:\/\/www.laguiadepamplona.com\/actualidad\/abierta-la-convocatoria-para-que-centros-escolares-de-pamplona-se-sumen-al-proyecto-municipal-accion-contra-el-despilfarro-energetico-el-proximo-curso\/#primaryimage"},"image":{"@id":"https:\/\/www.laguiadepamplona.com\/actualidad\/abierta-la-convocatoria-para-que-centros-escolares-de-pamplona-se-sumen-al-proyecto-municipal-accion-contra-el-despilfarro-energetico-el-proximo-curso\/#primaryimage"},"thumbnailUrl":"https:\/\/www.laguiadepamplona.com\/actualidad\/wp-content\/uploads\/2024\/01\/ayuntamiento-pamplona.webp","datePublished":"2025-04-07T17:46:49+00:00","description":"En esta edici\u00f3n, el CPEIP Ermitaga\u00f1a se ha sumado a otros cuatro centros, que ven\u00edan desarrollando acciones plurianuales","breadcrumb":{"@id":"https:\/\/www.laguiadepamplona.com\/actualidad\/abierta-la-convocatoria-para-que-centros-escolares-de-pamplona-se-sumen-al-proyecto-municipal-accion-contra-el-despilfarro-energetico-el-proximo-curso\/#breadcrumb"},"inLanguage":"es","potentialAction":[{"@type":"ReadAction","target":["https:\/\/www.laguiadepamplona.com\/actualidad\/abierta-la-convocatoria-para-que-centros-escolares-de-pamplona-se-sumen-al-proyecto-municipal-accion-contra-el-despilfarro-energetico-el-proximo-curso\/"]}]},{"@type":"ImageObject","inLanguage":"es","@id":"https:\/\/www.laguiadepamplona.com\/actualidad\/abierta-la-convocatoria-para-que-centros-escolares-de-pamplona-se-sumen-al-proyecto-municipal-accion-contra-el-despilfarro-energetico-el-proximo-curso\/#primaryimage","url":"https:\/\/www.laguiadepamplona.com\/actualidad\/wp-content\/uploads\/2024\/01\/ayuntamiento-pamplona.webp","contentUrl":"https:\/\/www.laguiadepamplona.com\/actualidad\/wp-content\/uploads\/2024\/01\/ayuntamiento-pamplona.webp","width":1200,"height":675,"caption":"ayuntamiento pamplona"},{"@type":"BreadcrumbList","@id":"https:\/\/www.laguiadepamplona.com\/actualidad\/abierta-la-convocatoria-para-que-centros-escolares-de-pamplona-se-sumen-al-proyecto-municipal-accion-contra-el-despilfarro-energetico-el-proximo-curso\/#breadcrumb","itemListElement":[{"@type":"ListItem","position":1,"name":"Portada","item":"https:\/\/www.laguiadepamplona.com\/actualidad\/"},{"@type":"ListItem","position":2,"name":"Abierta la convocatoria para que centros escolares de Pamplona se sumen al proyecto municipal \u2018Acci\u00f3n contra el despilfarro energ\u00e9tico\u2019 el pr\u00f3ximo curso"}]},{"@type":"WebSite","@id":"https:\/\/www.laguiadepamplona.com\/actualidad\/#website","url":"https:\/\/www.laguiadepamplona.com\/actualidad\/","name":"La gu\u00eda de Pamplona","description":"Noticias de Pamplona","publisher":{"@id":"https:\/\/www.laguiadepamplona.com\/actualidad\/#organization"},"potentialAction":[{"@type":"SearchAction","target":{"@type":"EntryPoint","urlTemplate":"https:\/\/www.laguiadepamplona.com\/actualidad\/?s={search_term_string}"},"query-input":{"@type":"PropertyValueSpecification","valueRequired":true,"valueName":"search_term_string"}}],"inLanguage":"es"},{"@type":"Organization","@id":"https:\/\/www.laguiadepamplona.com\/actualidad\/#organization","name":"La Gu\u00eda de Pamplona \/ Noticias","url":"https:\/\/www.laguiadepamplona.com\/actualidad\/","logo":{"@type":"ImageObject","inLanguage":"es","@id":"https:\/\/www.laguiadepamplona.com\/actualidad\/#\/schema\/logo\/image\/","url":"https:\/\/www.laguiadepamplona.com\/actualidad\/wp-content\/uploads\/2018\/11\/logo-laguiadepamplona18-web1.png","contentUrl":"https:\/\/www.laguiadepamplona.com\/actualidad\/wp-content\/uploads\/2018\/11\/logo-laguiadepamplona18-web1.png","width":600,"height":196,"caption":"La Gu\u00eda de Pamplona \/ Noticias"},"image":{"@id":"https:\/\/www.laguiadepamplona.com\/actualidad\/#\/schema\/logo\/image\/"},"sameAs":["https:\/\/www.facebook.com\/laguiadepamplonacom-133175176762273\/?ref=hl","https:\/\/x.com\/LaGuiadPamplona","https:\/\/www.instagram.com\/la_guia_de_pamplona\/","https:\/\/www.youtube.com\/user\/laguiadepamplona"]},{"@type":"Person","@id":"https:\/\/www.laguiadepamplona.com\/actualidad\/#\/schema\/person\/efe887376f0213d4657c93adc50b1fdb","name":"La Gu\u00eda de Pamplona","image":{"@type":"ImageObject","inLanguage":"es","@id":"https:\/\/secure.gravatar.com\/avatar\/b6992f131dc8d30ab0dff15446e9d346d9dbd95992de0fef795073f5ea83a81c?s=96&d=mm&r=g","url":"https:\/\/secure.gravatar.com\/avatar\/b6992f131dc8d30ab0dff15446e9d346d9dbd95992de0fef795073f5ea83a81c?s=96&d=mm&r=g","contentUrl":"https:\/\/secure.gravatar.com\/avatar\/b6992f131dc8d30ab0dff15446e9d346d9dbd95992de0fef795073f5ea83a81c?s=96&d=mm&r=g","caption":"La Gu\u00eda de Pamplona"}}]}},"post_mailing_queue_ids":[],"_links":{"self":[{"href":"https:\/\/www.laguiadepamplona.com\/actualidad\/wp-json\/wp\/v2\/posts\/52680","targetHints":{"allow":["GET"]}}],"collection":[{"href":"https:\/\/www.laguiadepamplona.com\/actualidad\/wp-json\/wp\/v2\/posts"}],"about":[{"href":"https:\/\/www.laguiadepamplona.com\/actualidad\/wp-json\/wp\/v2\/types\/post"}],"author":[{"embeddable":true,"href":"https:\/\/www.laguiadepamplona.com\/actualidad\/wp-json\/wp\/v2\/users\/1"}],"replies":[{"embeddable":true,"href":"https:\/\/www.laguiadepamplona.com\/actualidad\/wp-json\/wp\/v2\/comments?post=52680"}],"version-history":[{"count":1,"href":"https:\/\/www.laguiadepamplona.com\/actualidad\/wp-json\/wp\/v2\/posts\/52680\/revisions"}],"predecessor-version":[{"id":52681,"href":"https:\/\/www.laguiadepamplona.com\/actualidad\/wp-json\/wp\/v2\/posts\/52680\/revisions\/52681"}],"wp:featuredmedia":[{"embeddable":true,"href":"https:\/\/www.laguiadepamplona.com\/actualidad\/wp-json\/wp\/v2\/media\/48503"}],"wp:attachment":[{"href":"https:\/\/www.laguiadepamplona.com\/actualidad\/wp-json\/wp\/v2\/media?parent=52680"}],"wp:term":[{"taxonomy":"category","embeddable":true,"href":"https:\/\/www.laguiadepamplona.com\/actualidad\/wp-json\/wp\/v2\/categories?post=52680"},{"taxonomy":"post_tag","embeddable":true,"href":"https:\/\/www.laguiadepamplona.com\/actualidad\/wp-json\/wp\/v2\/tags?post=52680"}],"curies":[{"name":"wp","href":"https:\/\/api.w.org\/{rel}","templated":true}]}}