{"id":52676,"date":"2025-04-07T19:44:08","date_gmt":"2025-04-07T17:44:08","guid":{"rendered":"https:\/\/www.laguiadepamplona.com\/actualidad\/?p=52676"},"modified":"2025-04-07T19:44:08","modified_gmt":"2025-04-07T17:44:08","slug":"pamplona-desde-la-caida-del-imperio-romano-hasta-alzarse-como-capital-de-un-reino-el-dialogo-de-este-miercoles-9-de-abril","status":"publish","type":"post","link":"https:\/\/www.laguiadepamplona.com\/actualidad\/pamplona-desde-la-caida-del-imperio-romano-hasta-alzarse-como-capital-de-un-reino-el-dialogo-de-este-miercoles-9-de-abril\/","title":{"rendered":"Pamplona, desde la ca\u00edda del Imperio Romano hasta alzarse como capital de un reino, el di\u00e1logo de este mi\u00e9rcoles 9 de abril"},"content":{"rendered":"<h2>El Condestable acoge la segunda charla del ciclo \u2018Pamplona, 2100 a\u00f1os de convivencia\u2019, conmemoraci\u00f3n de la fundaci\u00f3n de la ciudad romana<\/h2>\n<p><!--more--><\/p>\n<p>Este mi\u00e9rcoles 9 de abril tendr\u00e1 lugar la segunda sesi\u00f3n del ciclo Di\u00e1logos sobre la historia de Pamplona con el tema \u00abDe la urbe romana a la Pamplona de los Burgos (SS. VI AL XIII)\u00bb. Este ciclo de conversaciones con personas expertas es parte de las actividades de \u2018Pamplona, 2100 a\u00f1os de convivencia\u2019, un programa de actividades de conmemoraci\u00f3n de la fundaci\u00f3n de la ciudad romana.<\/p>\n<p>La cita tendr\u00e1 lugar en el Palacio del Condestable a las 19 horas, y en ella participar\u00e1n el historiador Aitor Pescador Medrano, documentalista de la Sociedad de Ciencias Aranzadi en su secci\u00f3n de Arqueolog\u00eda Hist\u00f3rica, y Josu Narbarte Hernandez, arque\u00f3logo y profesor en la UPV-EHU. La entrada a la sesi\u00f3n ser\u00e1 libre, estar\u00e1 adaptada a lenguaje de signos y, cuando concluya, se podr\u00e1 revisitar a trav\u00e9s de <a href=\"http:\/\/www.pamplona.es\" target=\"_blank\" rel=\"noopener\">www.pamplona.es<\/a> y, mediante res\u00famenes, en las redes sociales municipales.<\/p>\n<p>En la segunda cita del ciclo de di\u00e1logos, los dos especialistas revisar\u00e1n los siglos que median entre la ca\u00edda del Imperio Romano, de la que Pompelo era \u201c<em>civitas stipendiaria<\/em>\u201d y el proceso que llevo a la ciudad a consolidarse como el centro urbano y pol\u00edtico del territorio vasc\u00f3n. Ser\u00e1 el momento de desarrollar un nuevo sistema defensivo en torno a la colina de la Navarrer\u00eda, un espacio estrat\u00e9gico emplazado en altura, con buena visibilidad y, en su base, un r\u00edo que ejerce como obst\u00e1culo natural ante una acometida externa.<\/p>\n<p>Ser\u00e1 a partir del siglo IX, a finales de la Alta Edad Media, cuando la ciudad adquiere un respaldo formal como capital del reino de Pamplona, referencia geogr\u00e1fica y pol\u00edtica de una monarqu\u00eda emergente sustentada en una red nobiliaria. La evoluci\u00f3n urbana alcanz\u00f3 su plenitud en los siglos XII y XIII con asentamientos de personas itinerantes que generaron nuevos burgos ligados al Camino de Santiago. La historia de las relaciones amistosas y conflictivas entre las diferentes partes de una ciudad con reglamentaciones y lealtades diferentes, generar\u00e1 transformaciones sociales que desembocar\u00e1n en un siglo XIII cargado de enfrentamientos.<\/p>\n<p>El Ayuntamiento de Pamplona, bajo el lema \u20182100 a\u00f1os de convivencia\u2019, quiere poner en valor dos efem\u00e9rides: 2.100 a\u00f1os de la fundaci\u00f3n de la urbe romana y el 600 aniversario de la muerte del fundador de la ciudad moderna, el rey Carlos III el Noble. Se busca as\u00ed aunar sus significados dentro de una idea: reconocer la historia de la ciudad como reflejo de una constante convivencia entre sensibilidades, credos e idiomas diferentes.<\/p>\n<p><strong>Los ponentes<\/strong><\/p>\n<p>Aitor Pescador Medrano (Bilbao, Bizkaia, 1970), Licenciado en Filosof\u00eda y Letras (Historia) por la Universidad de Navarra (1995) y becario en el Archivo General de Navarra (1997), ha publicado varias decenas de art\u00edculos y una veintena de libros sobre historia de Navarra, colaborando con distintas instituciones p\u00fablicas y privada. En la actualidad es documentalista de la Sociedad de Ciencias Aranzadi en su secci\u00f3n de Arqueolog\u00eda Hist\u00f3rica y es parte de su equipo de Memoria Hist\u00f3rica.<\/p>\n<p>Pescador es miembro del consejo del Centro de Estudios Arturo Campi\u00f3n (Argentina) y asesor de varias publicaciones cient\u00edficas en ese pa\u00eds. Imparte, adem\u00e1s, clases de historia en diversas asociaciones y ayuntamientos de toda la geograf\u00eda navarra.<\/p>\n<p>Josu Narbarte Hernandez es doctor en Arqueolog\u00eda por la Universidad del Pa\u00eds Vasco \/ Euskal Herriko Unibertsitatea, formaci\u00f3n que ha complementado con distintas estancias en las universidades de Padua, Siena, Pau y Burgos. Forma parte del grupo de investigaci\u00f3n en Patrimonio y Paisajes Culturales, y colabora habitualmente con otros grupos e instituciones. Su actividad investigadora se ha centrado en el estudio de la interacci\u00f3n entre las sociedades locales y su medio ambiente, analizando c\u00f3mo se reflejan en el paisaje (poblamiento, v\u00edas de comunicaci\u00f3n, espacios agrarios, registros sedimentarios, etc.).<\/p>\n<p>Como arque\u00f3logo ha codirigido el reciente proyecto \u2018Baztan: paisaia bizi baten arkeologia \/ arqueolog\u00eda de un paisaje vivo\u2019, y actualmente dirige las excavaciones en el yacimiento arqueol\u00f3gico de Resa (Andosilla).<\/p>\n<p><strong>Tres \u201cdi\u00e1logos\u201d este mes de abril<\/strong><\/p>\n<p>Este mes hay previstas tres sesiones del ciclo Di\u00e1logos sobre la historia de Pamplona. Adem\u00e1s de la charla del mi\u00e9rcoles 9 de abril, el martes 15 la propuesta ser\u00e1 \u00abTiempo de coronaciones y traiciones: la Pamplona de los siglos XIII al XV\u00bb, a cargo de dos historiadores, Mikel Zuza Viniegra y I\u00f1aki Sagredo Garde. El tr\u00e1nsito de Pamplona a trav\u00e9s de Edad Media protagonizar\u00e1 esa cita, en la que los expertos har\u00e1n un recorrido por las estrategias militares, las traiciones y los episodios durante tres siglos, que marcar\u00eda el destino de la ciudad.<\/p>\n<p>Tras la semana de Pascua, el mi\u00e9rcoles 30 de abril, de nuevo dos historiadores tomar\u00e1n la palabra para abordar el contenido \u00abPamplona, de sede de la corte y foco humanista a sede de virreyes\u00bb. \u00c1lvaro Adot Lerga y Peio Monteano Sorbet reflexionar\u00e1n sobre el punto de inflexi\u00f3n que llev\u00f3 a la ciudad, de ser una corte capital del Humanismo, a exponente de enclave militarizado, desde Catalina de Foix a Fernando el Cat\u00f3lico<\/p>\n<p>&nbsp;<\/p>\n<h3><strong>Di\u00e1logos sobre la historia de pamplona. Palacio del Condestable. 19 horas<\/strong><\/h3>\n<p><u>ABRIL<\/u><\/p>\n<p><strong>Mi\u00e9rcoles 9 <\/strong><\/p>\n<ul>\n<li>DI\u00c1LOGO 2. \u00abDe la urbe romana a la Pamplona de los Burgos (SS. VI AL XIII)\u00bb<\/li>\n<li>Aitor Pescador Medrano, historiador<\/li>\n<li>Josu Narbarte Hernandez, Arque\u00f3logo. Profesor en la UPV-EHU<\/li>\n<\/ul>\n<p><strong>Martes 15 <\/strong><\/p>\n<ul>\n<li>DI\u00c1LOGO 3. \u00abTiempo de coronaciones y traiciones: la Pamplona de los siglos XIII al XV\u00bb<\/li>\n<li>Mikel Zuza Viniegra, historiador<\/li>\n<li>I\u00f1aki Sagredo Garde, historiador<\/li>\n<\/ul>\n<p><strong>Mi\u00e9rcoles 30<\/strong><\/p>\n<ul>\n<li>DI\u00c1LOGO 4. \u00abPamplona, de sede de la corte y foco humanista a sede de virreyes\u00bb<\/li>\n<li>\u00c1lvaro Adot Lerga, historiador, profesor en la Universidad Complutense de Madrid (UCM)<\/li>\n<li>Peio Monteano Sorbet, historiador<\/li>\n<\/ul>\n<p>&nbsp;<\/p>\n<ul>\n<li>En todas las sesiones habr\u00e1 <strong>int\u00e9rprete de signos<\/strong> para facilitar la accesibilidad de personas con problemas auditivos<\/li>\n<li>Los di\u00e1logos se <strong>grabar\u00e1n y se subir\u00e1n<\/strong> al canal municipal de YouTube, con acceso directo desde la p\u00e1gina de inicio de <a href=\"http:\/\/www.pamplona.es\" target=\"_blank\" rel=\"noopener\">pamplona.es<\/a>.<\/li>\n<li>Tambi\u00e9n podr\u00e1n verse <strong>res\u00famenes en las redes sociales<\/strong><\/li>\n<\/ul>\n","protected":false},"excerpt":{"rendered":"<p>El Condestable acoge la segunda charla del ciclo \u2018Pamplona, 2100 a\u00f1os de convivencia\u2019, conmemoraci\u00f3n de la fundaci\u00f3n de la ciudad romana<\/p>\n","protected":false},"author":1,"featured_media":52495,"comment_status":"open","ping_status":"closed","sticky":false,"template":"","format":"standard","meta":{"footnotes":""},"categories":[2],"tags":[],"class_list":["post-52676","post","type-post","status-publish","format-standard","has-post-thumbnail","hentry","category-ayuntamiento-pamplona"],"yoast_head":"<!-- This site is optimized with the Yoast SEO plugin v27.5 - https:\/\/yoast.com\/product\/yoast-seo-wordpress\/ -->\n<title>Pamplona, desde la ca\u00edda del Imperio Romano hasta alzarse como capital de un reino, el di\u00e1logo de este mi\u00e9rcoles 9 de abril<\/title>\n<meta name=\"description\" content=\"El Condestable acoge la segunda charla del ciclo \u2018Pamplona, 2100 a\u00f1os de convivencia\u2019, conmemoraci\u00f3n de la fundaci\u00f3n de la ciudad romana\" \/>\n<meta name=\"robots\" content=\"index, follow, max-snippet:-1, max-image-preview:large, max-video-preview:-1\" \/>\n<link rel=\"canonical\" href=\"https:\/\/www.laguiadepamplona.com\/actualidad\/pamplona-desde-la-caida-del-imperio-romano-hasta-alzarse-como-capital-de-un-reino-el-dialogo-de-este-miercoles-9-de-abril\/\" \/>\n<meta property=\"og:locale\" content=\"es_ES\" \/>\n<meta property=\"og:type\" content=\"article\" \/>\n<meta property=\"og:title\" content=\"Pamplona, desde la ca\u00edda del Imperio Romano hasta alzarse como capital de un reino, el di\u00e1logo de este mi\u00e9rcoles 9 de abril\" \/>\n<meta property=\"og:description\" content=\"El Condestable acoge la segunda charla del ciclo \u2018Pamplona, 2100 a\u00f1os de convivencia\u2019, conmemoraci\u00f3n de la fundaci\u00f3n de la ciudad romana\" \/>\n<meta property=\"og:url\" content=\"https:\/\/www.laguiadepamplona.com\/actualidad\/pamplona-desde-la-caida-del-imperio-romano-hasta-alzarse-como-capital-de-un-reino-el-dialogo-de-este-miercoles-9-de-abril\/\" \/>\n<meta property=\"og:site_name\" content=\"La Gu\u00eda de Pamplona\" \/>\n<meta property=\"article:publisher\" content=\"https:\/\/www.facebook.com\/laguiadepamplonacom-133175176762273\/?ref=hl\" \/>\n<meta property=\"article:published_time\" content=\"2025-04-07T17:44:08+00:00\" \/>\n<meta property=\"og:image\" content=\"https:\/\/www.laguiadepamplona.com\/actualidad\/wp-content\/uploads\/2025\/03\/2100-web.webp\" \/>\n\t<meta property=\"og:image:width\" content=\"1000\" \/>\n\t<meta property=\"og:image:height\" content=\"618\" \/>\n\t<meta property=\"og:image:type\" content=\"image\/webp\" \/>\n<meta name=\"author\" content=\"La Gu\u00eda de Pamplona\" \/>\n<meta name=\"twitter:card\" content=\"summary_large_image\" \/>\n<meta name=\"twitter:creator\" content=\"@LaGuiadPamplona\" \/>\n<meta name=\"twitter:site\" content=\"@LaGuiadPamplona\" \/>\n<meta name=\"twitter:label1\" content=\"Escrito por\" \/>\n\t<meta name=\"twitter:data1\" content=\"La Gu\u00eda de Pamplona\" \/>\n\t<meta name=\"twitter:label2\" content=\"Tiempo de lectura\" \/>\n\t<meta name=\"twitter:data2\" content=\"5 minutos\" \/>\n<script type=\"application\/ld+json\" class=\"yoast-schema-graph\">{\"@context\":\"https:\\\/\\\/schema.org\",\"@graph\":[{\"@type\":\"Article\",\"@id\":\"https:\\\/\\\/www.laguiadepamplona.com\\\/actualidad\\\/pamplona-desde-la-caida-del-imperio-romano-hasta-alzarse-como-capital-de-un-reino-el-dialogo-de-este-miercoles-9-de-abril\\\/#article\",\"isPartOf\":{\"@id\":\"https:\\\/\\\/www.laguiadepamplona.com\\\/actualidad\\\/pamplona-desde-la-caida-del-imperio-romano-hasta-alzarse-como-capital-de-un-reino-el-dialogo-de-este-miercoles-9-de-abril\\\/\"},\"author\":{\"name\":\"La Gu\u00eda de Pamplona\",\"@id\":\"https:\\\/\\\/www.laguiadepamplona.com\\\/actualidad\\\/#\\\/schema\\\/person\\\/efe887376f0213d4657c93adc50b1fdb\"},\"headline\":\"Pamplona, desde la ca\u00edda del Imperio Romano hasta alzarse como capital de un reino, el di\u00e1logo de este mi\u00e9rcoles 9 de abril\",\"datePublished\":\"2025-04-07T17:44:08+00:00\",\"mainEntityOfPage\":{\"@id\":\"https:\\\/\\\/www.laguiadepamplona.com\\\/actualidad\\\/pamplona-desde-la-caida-del-imperio-romano-hasta-alzarse-como-capital-de-un-reino-el-dialogo-de-este-miercoles-9-de-abril\\\/\"},\"wordCount\":1066,\"commentCount\":0,\"publisher\":{\"@id\":\"https:\\\/\\\/www.laguiadepamplona.com\\\/actualidad\\\/#organization\"},\"image\":{\"@id\":\"https:\\\/\\\/www.laguiadepamplona.com\\\/actualidad\\\/pamplona-desde-la-caida-del-imperio-romano-hasta-alzarse-como-capital-de-un-reino-el-dialogo-de-este-miercoles-9-de-abril\\\/#primaryimage\"},\"thumbnailUrl\":\"https:\\\/\\\/www.laguiadepamplona.com\\\/actualidad\\\/wp-content\\\/uploads\\\/2025\\\/03\\\/2100-web.webp\",\"articleSection\":[\"Ayto Pamplona\"],\"inLanguage\":\"es\",\"potentialAction\":[{\"@type\":\"CommentAction\",\"name\":\"Comment\",\"target\":[\"https:\\\/\\\/www.laguiadepamplona.com\\\/actualidad\\\/pamplona-desde-la-caida-del-imperio-romano-hasta-alzarse-como-capital-de-un-reino-el-dialogo-de-este-miercoles-9-de-abril\\\/#respond\"]}]},{\"@type\":\"WebPage\",\"@id\":\"https:\\\/\\\/www.laguiadepamplona.com\\\/actualidad\\\/pamplona-desde-la-caida-del-imperio-romano-hasta-alzarse-como-capital-de-un-reino-el-dialogo-de-este-miercoles-9-de-abril\\\/\",\"url\":\"https:\\\/\\\/www.laguiadepamplona.com\\\/actualidad\\\/pamplona-desde-la-caida-del-imperio-romano-hasta-alzarse-como-capital-de-un-reino-el-dialogo-de-este-miercoles-9-de-abril\\\/\",\"name\":\"Pamplona, desde la ca\u00edda del Imperio Romano hasta alzarse como capital de un reino, el di\u00e1logo de este mi\u00e9rcoles 9 de abril\",\"isPartOf\":{\"@id\":\"https:\\\/\\\/www.laguiadepamplona.com\\\/actualidad\\\/#website\"},\"primaryImageOfPage\":{\"@id\":\"https:\\\/\\\/www.laguiadepamplona.com\\\/actualidad\\\/pamplona-desde-la-caida-del-imperio-romano-hasta-alzarse-como-capital-de-un-reino-el-dialogo-de-este-miercoles-9-de-abril\\\/#primaryimage\"},\"image\":{\"@id\":\"https:\\\/\\\/www.laguiadepamplona.com\\\/actualidad\\\/pamplona-desde-la-caida-del-imperio-romano-hasta-alzarse-como-capital-de-un-reino-el-dialogo-de-este-miercoles-9-de-abril\\\/#primaryimage\"},\"thumbnailUrl\":\"https:\\\/\\\/www.laguiadepamplona.com\\\/actualidad\\\/wp-content\\\/uploads\\\/2025\\\/03\\\/2100-web.webp\",\"datePublished\":\"2025-04-07T17:44:08+00:00\",\"description\":\"El Condestable acoge la segunda charla del ciclo \u2018Pamplona, 2100 a\u00f1os de convivencia\u2019, conmemoraci\u00f3n de la fundaci\u00f3n de la ciudad romana\",\"breadcrumb\":{\"@id\":\"https:\\\/\\\/www.laguiadepamplona.com\\\/actualidad\\\/pamplona-desde-la-caida-del-imperio-romano-hasta-alzarse-como-capital-de-un-reino-el-dialogo-de-este-miercoles-9-de-abril\\\/#breadcrumb\"},\"inLanguage\":\"es\",\"potentialAction\":[{\"@type\":\"ReadAction\",\"target\":[\"https:\\\/\\\/www.laguiadepamplona.com\\\/actualidad\\\/pamplona-desde-la-caida-del-imperio-romano-hasta-alzarse-como-capital-de-un-reino-el-dialogo-de-este-miercoles-9-de-abril\\\/\"]}]},{\"@type\":\"ImageObject\",\"inLanguage\":\"es\",\"@id\":\"https:\\\/\\\/www.laguiadepamplona.com\\\/actualidad\\\/pamplona-desde-la-caida-del-imperio-romano-hasta-alzarse-como-capital-de-un-reino-el-dialogo-de-este-miercoles-9-de-abril\\\/#primaryimage\",\"url\":\"https:\\\/\\\/www.laguiadepamplona.com\\\/actualidad\\\/wp-content\\\/uploads\\\/2025\\\/03\\\/2100-web.webp\",\"contentUrl\":\"https:\\\/\\\/www.laguiadepamplona.com\\\/actualidad\\\/wp-content\\\/uploads\\\/2025\\\/03\\\/2100-web.webp\",\"width\":1000,\"height\":618,\"caption\":\"2100 aniversario\"},{\"@type\":\"BreadcrumbList\",\"@id\":\"https:\\\/\\\/www.laguiadepamplona.com\\\/actualidad\\\/pamplona-desde-la-caida-del-imperio-romano-hasta-alzarse-como-capital-de-un-reino-el-dialogo-de-este-miercoles-9-de-abril\\\/#breadcrumb\",\"itemListElement\":[{\"@type\":\"ListItem\",\"position\":1,\"name\":\"Portada\",\"item\":\"https:\\\/\\\/www.laguiadepamplona.com\\\/actualidad\\\/\"},{\"@type\":\"ListItem\",\"position\":2,\"name\":\"Pamplona, desde la ca\u00edda del Imperio Romano hasta alzarse como capital de un reino, el di\u00e1logo de este mi\u00e9rcoles 9 de abril\"}]},{\"@type\":\"WebSite\",\"@id\":\"https:\\\/\\\/www.laguiadepamplona.com\\\/actualidad\\\/#website\",\"url\":\"https:\\\/\\\/www.laguiadepamplona.com\\\/actualidad\\\/\",\"name\":\"La gu\u00eda de Pamplona\",\"description\":\"Noticias de Pamplona\",\"publisher\":{\"@id\":\"https:\\\/\\\/www.laguiadepamplona.com\\\/actualidad\\\/#organization\"},\"potentialAction\":[{\"@type\":\"SearchAction\",\"target\":{\"@type\":\"EntryPoint\",\"urlTemplate\":\"https:\\\/\\\/www.laguiadepamplona.com\\\/actualidad\\\/?s={search_term_string}\"},\"query-input\":{\"@type\":\"PropertyValueSpecification\",\"valueRequired\":true,\"valueName\":\"search_term_string\"}}],\"inLanguage\":\"es\"},{\"@type\":\"Organization\",\"@id\":\"https:\\\/\\\/www.laguiadepamplona.com\\\/actualidad\\\/#organization\",\"name\":\"La Gu\u00eda de Pamplona \\\/ Noticias\",\"url\":\"https:\\\/\\\/www.laguiadepamplona.com\\\/actualidad\\\/\",\"logo\":{\"@type\":\"ImageObject\",\"inLanguage\":\"es\",\"@id\":\"https:\\\/\\\/www.laguiadepamplona.com\\\/actualidad\\\/#\\\/schema\\\/logo\\\/image\\\/\",\"url\":\"https:\\\/\\\/www.laguiadepamplona.com\\\/actualidad\\\/wp-content\\\/uploads\\\/2018\\\/11\\\/logo-laguiadepamplona18-web1.png\",\"contentUrl\":\"https:\\\/\\\/www.laguiadepamplona.com\\\/actualidad\\\/wp-content\\\/uploads\\\/2018\\\/11\\\/logo-laguiadepamplona18-web1.png\",\"width\":600,\"height\":196,\"caption\":\"La Gu\u00eda de Pamplona \\\/ Noticias\"},\"image\":{\"@id\":\"https:\\\/\\\/www.laguiadepamplona.com\\\/actualidad\\\/#\\\/schema\\\/logo\\\/image\\\/\"},\"sameAs\":[\"https:\\\/\\\/www.facebook.com\\\/laguiadepamplonacom-133175176762273\\\/?ref=hl\",\"https:\\\/\\\/x.com\\\/LaGuiadPamplona\",\"https:\\\/\\\/www.instagram.com\\\/la_guia_de_pamplona\\\/\",\"https:\\\/\\\/www.youtube.com\\\/user\\\/laguiadepamplona\"]},{\"@type\":\"Person\",\"@id\":\"https:\\\/\\\/www.laguiadepamplona.com\\\/actualidad\\\/#\\\/schema\\\/person\\\/efe887376f0213d4657c93adc50b1fdb\",\"name\":\"La Gu\u00eda de Pamplona\",\"image\":{\"@type\":\"ImageObject\",\"inLanguage\":\"es\",\"@id\":\"https:\\\/\\\/secure.gravatar.com\\\/avatar\\\/b6992f131dc8d30ab0dff15446e9d346d9dbd95992de0fef795073f5ea83a81c?s=96&d=mm&r=g\",\"url\":\"https:\\\/\\\/secure.gravatar.com\\\/avatar\\\/b6992f131dc8d30ab0dff15446e9d346d9dbd95992de0fef795073f5ea83a81c?s=96&d=mm&r=g\",\"contentUrl\":\"https:\\\/\\\/secure.gravatar.com\\\/avatar\\\/b6992f131dc8d30ab0dff15446e9d346d9dbd95992de0fef795073f5ea83a81c?s=96&d=mm&r=g\",\"caption\":\"La Gu\u00eda de Pamplona\"}}]}<\/script>\n<!-- \/ Yoast SEO plugin. -->","yoast_head_json":{"title":"Pamplona, desde la ca\u00edda del Imperio Romano hasta alzarse como capital de un reino, el di\u00e1logo de este mi\u00e9rcoles 9 de abril","description":"El Condestable acoge la segunda charla del ciclo \u2018Pamplona, 2100 a\u00f1os de convivencia\u2019, conmemoraci\u00f3n de la fundaci\u00f3n de la ciudad romana","robots":{"index":"index","follow":"follow","max-snippet":"max-snippet:-1","max-image-preview":"max-image-preview:large","max-video-preview":"max-video-preview:-1"},"canonical":"https:\/\/www.laguiadepamplona.com\/actualidad\/pamplona-desde-la-caida-del-imperio-romano-hasta-alzarse-como-capital-de-un-reino-el-dialogo-de-este-miercoles-9-de-abril\/","og_locale":"es_ES","og_type":"article","og_title":"Pamplona, desde la ca\u00edda del Imperio Romano hasta alzarse como capital de un reino, el di\u00e1logo de este mi\u00e9rcoles 9 de abril","og_description":"El Condestable acoge la segunda charla del ciclo \u2018Pamplona, 2100 a\u00f1os de convivencia\u2019, conmemoraci\u00f3n de la fundaci\u00f3n de la ciudad romana","og_url":"https:\/\/www.laguiadepamplona.com\/actualidad\/pamplona-desde-la-caida-del-imperio-romano-hasta-alzarse-como-capital-de-un-reino-el-dialogo-de-este-miercoles-9-de-abril\/","og_site_name":"La Gu\u00eda de Pamplona","article_publisher":"https:\/\/www.facebook.com\/laguiadepamplonacom-133175176762273\/?ref=hl","article_published_time":"2025-04-07T17:44:08+00:00","og_image":[{"width":1000,"height":618,"url":"https:\/\/www.laguiadepamplona.com\/actualidad\/wp-content\/uploads\/2025\/03\/2100-web.webp","type":"image\/webp"}],"author":"La Gu\u00eda de Pamplona","twitter_card":"summary_large_image","twitter_creator":"@LaGuiadPamplona","twitter_site":"@LaGuiadPamplona","twitter_misc":{"Escrito por":"La Gu\u00eda de Pamplona","Tiempo de lectura":"5 minutos"},"schema":{"@context":"https:\/\/schema.org","@graph":[{"@type":"Article","@id":"https:\/\/www.laguiadepamplona.com\/actualidad\/pamplona-desde-la-caida-del-imperio-romano-hasta-alzarse-como-capital-de-un-reino-el-dialogo-de-este-miercoles-9-de-abril\/#article","isPartOf":{"@id":"https:\/\/www.laguiadepamplona.com\/actualidad\/pamplona-desde-la-caida-del-imperio-romano-hasta-alzarse-como-capital-de-un-reino-el-dialogo-de-este-miercoles-9-de-abril\/"},"author":{"name":"La Gu\u00eda de Pamplona","@id":"https:\/\/www.laguiadepamplona.com\/actualidad\/#\/schema\/person\/efe887376f0213d4657c93adc50b1fdb"},"headline":"Pamplona, desde la ca\u00edda del Imperio Romano hasta alzarse como capital de un reino, el di\u00e1logo de este mi\u00e9rcoles 9 de abril","datePublished":"2025-04-07T17:44:08+00:00","mainEntityOfPage":{"@id":"https:\/\/www.laguiadepamplona.com\/actualidad\/pamplona-desde-la-caida-del-imperio-romano-hasta-alzarse-como-capital-de-un-reino-el-dialogo-de-este-miercoles-9-de-abril\/"},"wordCount":1066,"commentCount":0,"publisher":{"@id":"https:\/\/www.laguiadepamplona.com\/actualidad\/#organization"},"image":{"@id":"https:\/\/www.laguiadepamplona.com\/actualidad\/pamplona-desde-la-caida-del-imperio-romano-hasta-alzarse-como-capital-de-un-reino-el-dialogo-de-este-miercoles-9-de-abril\/#primaryimage"},"thumbnailUrl":"https:\/\/www.laguiadepamplona.com\/actualidad\/wp-content\/uploads\/2025\/03\/2100-web.webp","articleSection":["Ayto Pamplona"],"inLanguage":"es","potentialAction":[{"@type":"CommentAction","name":"Comment","target":["https:\/\/www.laguiadepamplona.com\/actualidad\/pamplona-desde-la-caida-del-imperio-romano-hasta-alzarse-como-capital-de-un-reino-el-dialogo-de-este-miercoles-9-de-abril\/#respond"]}]},{"@type":"WebPage","@id":"https:\/\/www.laguiadepamplona.com\/actualidad\/pamplona-desde-la-caida-del-imperio-romano-hasta-alzarse-como-capital-de-un-reino-el-dialogo-de-este-miercoles-9-de-abril\/","url":"https:\/\/www.laguiadepamplona.com\/actualidad\/pamplona-desde-la-caida-del-imperio-romano-hasta-alzarse-como-capital-de-un-reino-el-dialogo-de-este-miercoles-9-de-abril\/","name":"Pamplona, desde la ca\u00edda del Imperio Romano hasta alzarse como capital de un reino, el di\u00e1logo de este mi\u00e9rcoles 9 de abril","isPartOf":{"@id":"https:\/\/www.laguiadepamplona.com\/actualidad\/#website"},"primaryImageOfPage":{"@id":"https:\/\/www.laguiadepamplona.com\/actualidad\/pamplona-desde-la-caida-del-imperio-romano-hasta-alzarse-como-capital-de-un-reino-el-dialogo-de-este-miercoles-9-de-abril\/#primaryimage"},"image":{"@id":"https:\/\/www.laguiadepamplona.com\/actualidad\/pamplona-desde-la-caida-del-imperio-romano-hasta-alzarse-como-capital-de-un-reino-el-dialogo-de-este-miercoles-9-de-abril\/#primaryimage"},"thumbnailUrl":"https:\/\/www.laguiadepamplona.com\/actualidad\/wp-content\/uploads\/2025\/03\/2100-web.webp","datePublished":"2025-04-07T17:44:08+00:00","description":"El Condestable acoge la segunda charla del ciclo \u2018Pamplona, 2100 a\u00f1os de convivencia\u2019, conmemoraci\u00f3n de la fundaci\u00f3n de la ciudad romana","breadcrumb":{"@id":"https:\/\/www.laguiadepamplona.com\/actualidad\/pamplona-desde-la-caida-del-imperio-romano-hasta-alzarse-como-capital-de-un-reino-el-dialogo-de-este-miercoles-9-de-abril\/#breadcrumb"},"inLanguage":"es","potentialAction":[{"@type":"ReadAction","target":["https:\/\/www.laguiadepamplona.com\/actualidad\/pamplona-desde-la-caida-del-imperio-romano-hasta-alzarse-como-capital-de-un-reino-el-dialogo-de-este-miercoles-9-de-abril\/"]}]},{"@type":"ImageObject","inLanguage":"es","@id":"https:\/\/www.laguiadepamplona.com\/actualidad\/pamplona-desde-la-caida-del-imperio-romano-hasta-alzarse-como-capital-de-un-reino-el-dialogo-de-este-miercoles-9-de-abril\/#primaryimage","url":"https:\/\/www.laguiadepamplona.com\/actualidad\/wp-content\/uploads\/2025\/03\/2100-web.webp","contentUrl":"https:\/\/www.laguiadepamplona.com\/actualidad\/wp-content\/uploads\/2025\/03\/2100-web.webp","width":1000,"height":618,"caption":"2100 aniversario"},{"@type":"BreadcrumbList","@id":"https:\/\/www.laguiadepamplona.com\/actualidad\/pamplona-desde-la-caida-del-imperio-romano-hasta-alzarse-como-capital-de-un-reino-el-dialogo-de-este-miercoles-9-de-abril\/#breadcrumb","itemListElement":[{"@type":"ListItem","position":1,"name":"Portada","item":"https:\/\/www.laguiadepamplona.com\/actualidad\/"},{"@type":"ListItem","position":2,"name":"Pamplona, desde la ca\u00edda del Imperio Romano hasta alzarse como capital de un reino, el di\u00e1logo de este mi\u00e9rcoles 9 de abril"}]},{"@type":"WebSite","@id":"https:\/\/www.laguiadepamplona.com\/actualidad\/#website","url":"https:\/\/www.laguiadepamplona.com\/actualidad\/","name":"La gu\u00eda de Pamplona","description":"Noticias de Pamplona","publisher":{"@id":"https:\/\/www.laguiadepamplona.com\/actualidad\/#organization"},"potentialAction":[{"@type":"SearchAction","target":{"@type":"EntryPoint","urlTemplate":"https:\/\/www.laguiadepamplona.com\/actualidad\/?s={search_term_string}"},"query-input":{"@type":"PropertyValueSpecification","valueRequired":true,"valueName":"search_term_string"}}],"inLanguage":"es"},{"@type":"Organization","@id":"https:\/\/www.laguiadepamplona.com\/actualidad\/#organization","name":"La Gu\u00eda de Pamplona \/ Noticias","url":"https:\/\/www.laguiadepamplona.com\/actualidad\/","logo":{"@type":"ImageObject","inLanguage":"es","@id":"https:\/\/www.laguiadepamplona.com\/actualidad\/#\/schema\/logo\/image\/","url":"https:\/\/www.laguiadepamplona.com\/actualidad\/wp-content\/uploads\/2018\/11\/logo-laguiadepamplona18-web1.png","contentUrl":"https:\/\/www.laguiadepamplona.com\/actualidad\/wp-content\/uploads\/2018\/11\/logo-laguiadepamplona18-web1.png","width":600,"height":196,"caption":"La Gu\u00eda de Pamplona \/ Noticias"},"image":{"@id":"https:\/\/www.laguiadepamplona.com\/actualidad\/#\/schema\/logo\/image\/"},"sameAs":["https:\/\/www.facebook.com\/laguiadepamplonacom-133175176762273\/?ref=hl","https:\/\/x.com\/LaGuiadPamplona","https:\/\/www.instagram.com\/la_guia_de_pamplona\/","https:\/\/www.youtube.com\/user\/laguiadepamplona"]},{"@type":"Person","@id":"https:\/\/www.laguiadepamplona.com\/actualidad\/#\/schema\/person\/efe887376f0213d4657c93adc50b1fdb","name":"La Gu\u00eda de Pamplona","image":{"@type":"ImageObject","inLanguage":"es","@id":"https:\/\/secure.gravatar.com\/avatar\/b6992f131dc8d30ab0dff15446e9d346d9dbd95992de0fef795073f5ea83a81c?s=96&d=mm&r=g","url":"https:\/\/secure.gravatar.com\/avatar\/b6992f131dc8d30ab0dff15446e9d346d9dbd95992de0fef795073f5ea83a81c?s=96&d=mm&r=g","contentUrl":"https:\/\/secure.gravatar.com\/avatar\/b6992f131dc8d30ab0dff15446e9d346d9dbd95992de0fef795073f5ea83a81c?s=96&d=mm&r=g","caption":"La Gu\u00eda de Pamplona"}}]}},"post_mailing_queue_ids":[],"_links":{"self":[{"href":"https:\/\/www.laguiadepamplona.com\/actualidad\/wp-json\/wp\/v2\/posts\/52676","targetHints":{"allow":["GET"]}}],"collection":[{"href":"https:\/\/www.laguiadepamplona.com\/actualidad\/wp-json\/wp\/v2\/posts"}],"about":[{"href":"https:\/\/www.laguiadepamplona.com\/actualidad\/wp-json\/wp\/v2\/types\/post"}],"author":[{"embeddable":true,"href":"https:\/\/www.laguiadepamplona.com\/actualidad\/wp-json\/wp\/v2\/users\/1"}],"replies":[{"embeddable":true,"href":"https:\/\/www.laguiadepamplona.com\/actualidad\/wp-json\/wp\/v2\/comments?post=52676"}],"version-history":[{"count":1,"href":"https:\/\/www.laguiadepamplona.com\/actualidad\/wp-json\/wp\/v2\/posts\/52676\/revisions"}],"predecessor-version":[{"id":52677,"href":"https:\/\/www.laguiadepamplona.com\/actualidad\/wp-json\/wp\/v2\/posts\/52676\/revisions\/52677"}],"wp:featuredmedia":[{"embeddable":true,"href":"https:\/\/www.laguiadepamplona.com\/actualidad\/wp-json\/wp\/v2\/media\/52495"}],"wp:attachment":[{"href":"https:\/\/www.laguiadepamplona.com\/actualidad\/wp-json\/wp\/v2\/media?parent=52676"}],"wp:term":[{"taxonomy":"category","embeddable":true,"href":"https:\/\/www.laguiadepamplona.com\/actualidad\/wp-json\/wp\/v2\/categories?post=52676"},{"taxonomy":"post_tag","embeddable":true,"href":"https:\/\/www.laguiadepamplona.com\/actualidad\/wp-json\/wp\/v2\/tags?post=52676"}],"curies":[{"name":"wp","href":"https:\/\/api.w.org\/{rel}","templated":true}]}}