{"id":52671,"date":"2025-04-07T19:39:28","date_gmt":"2025-04-07T17:39:28","guid":{"rendered":"https:\/\/www.laguiadepamplona.com\/actualidad\/?p=52671"},"modified":"2025-04-07T19:39:28","modified_gmt":"2025-04-07T17:39:28","slug":"el-ayuntamiento-incrementa-hasta-50-000-euros-las-ayudas-para-facilitar-la-conciliacion-de-la-vida-laboral-y-familiar-de-nucleos-familiares-con-menores-a-su-cargo-de-0-a-12-anos","status":"publish","type":"post","link":"https:\/\/www.laguiadepamplona.com\/actualidad\/el-ayuntamiento-incrementa-hasta-50-000-euros-las-ayudas-para-facilitar-la-conciliacion-de-la-vida-laboral-y-familiar-de-nucleos-familiares-con-menores-a-su-cargo-de-0-a-12-anos\/","title":{"rendered":"El Ayuntamiento incrementa hasta 50.000 euros las ayudas para facilitar la conciliaci\u00f3n de la vida laboral y familiar de n\u00facleos familiares con menores a su cargo de 0 a 12 a\u00f1os"},"content":{"rendered":"<h2>La convocatoria se ampl\u00eda para menores hasta 16 a\u00f1os con discapacidad y para personas con m\u00e1s del 33% de discapacidad que tengan m\u00e1s de 16 a\u00f1os<\/h2>\n<p><!--more--><\/p>\n<p>El Ayuntamiento de Pamplona ha convocado ayudas para facilitar la conciliaci\u00f3n de la vida laboral, social y familiar de n\u00facleos familiares con menores a su cargo de 0 a 12 a\u00f1os, o para familias con miembros que presenten discapacidad igual o superior al 33%. En esta convocatoria, como novedad, se ampl\u00eda el \u00e1mbito a personas con m\u00e1s del 33% de discapacidad que tengan m\u00e1s de 16 a\u00f1os, ya que precisan de programas de conciliaci\u00f3n de manera permanente y no limitada hasta una edad concreta, y se incrementa el l\u00edmite de renta de las familias que pueden acceder hasta los 32.250 euros.<\/p>\n<p>La convocatoria se puede consultar en la <a href=\"https:\/\/sedeelectronica.pamplona.es\/FichaTramite.aspx?id=PL5000051&amp;Idioma=1\" target=\"_blank\" rel=\"noopener\">Sede Electr\u00f3nica del Ayuntamiento de Pamplona<\/a> y en el <a href=\"https:\/\/bon.navarra.es\/es\/anuncio\/-\/texto\/2025\/62\/67\" target=\"_blank\" rel=\"noopener\">Bolet\u00edn Oficial de Navarra n\u00famero 62, del 27 de marzo<\/a>. El plazo de presentaci\u00f3n de solicitudes permanece abierto durante todo el a\u00f1o 2025. La solicitud se puede presentar de manera particular o previo informe social de derivaci\u00f3n de la trabajadora social de referencia considerando la idoneidad de este recurso para la persona solicitante. Podr\u00e1 presentarse a trav\u00e9s de la unidad de barrio, mediante registro.<\/p>\n<p>Las ayudas tienen en cuenta factores como\u00a0 la insuficiencia de plazas en la red de Escuelas Infantiles p\u00fablicas, la posibilidad de atenci\u00f3n en el domicilio, la necesidad de apoyo en los desplazamientos a centros escolares u otros recursos, as\u00ed como la necesidad de hacer uso de otro tipo de servicios de atenci\u00f3n a menores de 0 a 12 a\u00f1os, o en el caso de que presenten alg\u00fan tipo de discapacidad, por incompatibilidad entre los horarios escolares y los horarios laborales o de actividades socio-formativas de sus responsables.<\/p>\n<p><strong>M\u00e1s presupuesto y ampliaci\u00f3n de tramos<\/strong><\/p>\n<p>La convocatoria ha incrementado su presupuesto hasta los 50.000 euros, que se reparten por tramos, en funci\u00f3n de los ingresos anuales y el n\u00famero de miembros del n\u00facleo familiar. Se ha incrementado el importe de los tramos, anteriormente limitado a 22.028 euros, para que m\u00e1s familias puedan beneficiarse de las ayudas. Adem\u00e1s, se ha se ha tenido en cuenta la diversidad de n\u00facleos (monoparentales, numerosas, nucleares) para que esta ayuda de conciliaci\u00f3n sea m\u00e1s equitativa para las familias. El l\u00edmite de ingresos anuales del n\u00facleo familiar parte desde los 11.250 euros hasta los 14.813 euros, en el tramo 1, para un \u00fanico miembro trabajando, que van subiendo hasta los 24.000 m\u00e1ximo del tramo 4. En el caso de dos personas trabajando, el m\u00ednimo es de 11.250 hasta los 32.250 euros como m\u00e1ximo.<\/p>\n<p>Los tramos de subvenci\u00f3n son los siguientes: tramo 1, 90% de subvenci\u00f3n; tramo 2, 70% de subvenci\u00f3n; tramo 3, 40% de subvenci\u00f3n; y tramo 4, 25% de subvenci\u00f3n. Est\u00e1 previsto un aumento del 10% para familias numerosas en los tramos 2, 3 y 4. El porcentaje se aplica sobre el coste del servicio y\/o sobre la cuant\u00eda m\u00e1xima subvencionable. En el caso de los cuidados en domicilio, la cuant\u00eda m\u00e1xima pasa de 400 a 450 euros por mes. Las subvenciones se conceden a medida que se presentan las solicitudes que cumplan los requisitos.<\/p>\n<p>Los gastos subvencionables, para menores de 0 a 3 a\u00f1os, incluyen ayudas para centros infantiles y la atenci\u00f3n de menores en el domicilio. Para menores de 3 a 14 a\u00f1os y\/o si presentan discapacidad igual o mayor del 33%, se contempla la atenci\u00f3n en el domicilio hasta la incorporaci\u00f3n matutina al aula o centro o al colegio o al servicio de conciliaci\u00f3n en periodos vacacionales, aulas de madrugadores; posteriormente, la salida del menor hasta llegar al domicilio; aulas vespertinas y en fines de semana o festivos. En los tres casos, depende del horario laboral de los adultos responsables y la falta de una red de apoyo natural.<\/p>\n<p><strong>Requisitos<\/strong><\/p>\n<p>Para concurrir a esta convocatoria es necesario tener vecindad efectiva y empadronamiento con un m\u00ednimo de 6 meses de antig\u00fcedad en Pamplona, tanto los\/as solicitantes como los\/as beneficiarios\/as, y mientras se perciba la ayuda. Este requisito no se aplica en casos de riesgo o desprotecci\u00f3n, y en los casos de menores procedentes de procesos de reagrupaci\u00f3n familiar, en los que no se contemplar\u00e1 un per\u00edodo m\u00ednimo de empadronamiento para ellos\/as.<\/p>\n<p>Las personas solicitantes deber\u00e1n ser padres\/madres o tutores legales de ni\u00f1os\/as hasta los 12 a\u00f1os inclusive, o personas con discapacidad igual o mayor del 33%, y carecer de medios econ\u00f3micos propios superiores a los establecidos en esta convocatoria, as\u00ed como de apoyo familiar con el que hacer frente a la situaci\u00f3n. La convocatoria recoge que deben realizar una actividad por cuenta propia o ajena que imposibilite la atenci\u00f3n al menor, o participen en programas de formaci\u00f3n para acceso a un trabajo o en itinerarios de incorporaci\u00f3n social.<\/p>\n<p>Se denegar\u00e1n las solicitudes de aquellas familias cuyo patrimonio familiar sea superior a 7.000 euros en capital mobiliario (dep\u00f3sitos en cuenta corriente y a plazo, acciones, fondos de inversi\u00f3n y fondos de pensiones valores mobiliarios, seguros de vida en casos de rescate\u2026) y a 20.000 euros en capital inmobiliario (formado por bienes inmuebles de naturaleza r\u00fastica o urbana). Se excluye la vivienda habitual y anexos, mobiliario de la misma, ajuar dom\u00e9stico y veh\u00edculo de trasporte habitual, todo ello con un l\u00edmite de trescientos mil euros. El Concejal de Acci\u00f3n Social, Txema Maule\u00f3n Echeverr\u00eda, ha destacado que \u201ccon estos cambios en la convocatoria, queremos apoyar a muchas m\u00e1s familias en una cuesti\u00f3n clave como es la conciliaci\u00f3n de la vida personal, laboral y familiar\u201d. \u201cEn las pol\u00edticas de igualdad, la conciliaci\u00f3n en una de las mayores desigualdades que todav\u00eda persisten, por lo que, con estas ayudas, se contribuye a corregir dichas desigualdades\u201d.<\/p>\n","protected":false},"excerpt":{"rendered":"<p>La convocatoria se ampl\u00eda para menores hasta 16 a\u00f1os con discapacidad y para personas con m\u00e1s del 33% de discapacidad que tengan m\u00e1s de 16 a\u00f1os<\/p>\n","protected":false},"author":1,"featured_media":48503,"comment_status":"open","ping_status":"closed","sticky":false,"template":"","format":"standard","meta":{"footnotes":""},"categories":[2],"tags":[],"class_list":["post-52671","post","type-post","status-publish","format-standard","has-post-thumbnail","hentry","category-ayuntamiento-pamplona"],"yoast_head":"<!-- This site is optimized with the Yoast SEO plugin v27.5 - https:\/\/yoast.com\/product\/yoast-seo-wordpress\/ -->\n<title>El Ayuntamiento incrementa hasta 50.000 euros las ayudas para facilitar la conciliaci\u00f3n de la vida laboral y familiar de n\u00facleos familiares con menores a su cargo de 0 a 12 a\u00f1os<\/title>\n<meta name=\"robots\" content=\"index, follow, max-snippet:-1, max-image-preview:large, max-video-preview:-1\" \/>\n<link rel=\"canonical\" href=\"https:\/\/www.laguiadepamplona.com\/actualidad\/el-ayuntamiento-incrementa-hasta-50-000-euros-las-ayudas-para-facilitar-la-conciliacion-de-la-vida-laboral-y-familiar-de-nucleos-familiares-con-menores-a-su-cargo-de-0-a-12-anos\/\" \/>\n<meta property=\"og:locale\" content=\"es_ES\" \/>\n<meta property=\"og:type\" content=\"article\" \/>\n<meta property=\"og:title\" content=\"El Ayuntamiento incrementa hasta 50.000 euros las ayudas para facilitar la conciliaci\u00f3n de la vida laboral y familiar de n\u00facleos familiares con menores a su cargo de 0 a 12 a\u00f1os\" \/>\n<meta property=\"og:description\" content=\"La convocatoria se ampl\u00eda para menores hasta 16 a\u00f1os con discapacidad y para personas con m\u00e1s del 33% de discapacidad que tengan m\u00e1s de 16 a\u00f1os\" \/>\n<meta property=\"og:url\" content=\"https:\/\/www.laguiadepamplona.com\/actualidad\/el-ayuntamiento-incrementa-hasta-50-000-euros-las-ayudas-para-facilitar-la-conciliacion-de-la-vida-laboral-y-familiar-de-nucleos-familiares-con-menores-a-su-cargo-de-0-a-12-anos\/\" \/>\n<meta property=\"og:site_name\" content=\"La Gu\u00eda de Pamplona\" \/>\n<meta property=\"article:publisher\" content=\"https:\/\/www.facebook.com\/laguiadepamplonacom-133175176762273\/?ref=hl\" \/>\n<meta property=\"article:published_time\" content=\"2025-04-07T17:39:28+00:00\" \/>\n<meta property=\"og:image\" content=\"https:\/\/www.laguiadepamplona.com\/actualidad\/wp-content\/uploads\/2024\/01\/ayuntamiento-pamplona.webp\" \/>\n\t<meta property=\"og:image:width\" content=\"1200\" \/>\n\t<meta property=\"og:image:height\" content=\"675\" \/>\n\t<meta property=\"og:image:type\" content=\"image\/webp\" \/>\n<meta name=\"author\" content=\"La Gu\u00eda de Pamplona\" \/>\n<meta name=\"twitter:card\" content=\"summary_large_image\" \/>\n<meta name=\"twitter:creator\" content=\"@LaGuiadPamplona\" \/>\n<meta name=\"twitter:site\" content=\"@LaGuiadPamplona\" \/>\n<meta name=\"twitter:label1\" content=\"Escrito por\" \/>\n\t<meta name=\"twitter:data1\" content=\"La Gu\u00eda de Pamplona\" \/>\n\t<meta name=\"twitter:label2\" content=\"Tiempo de lectura\" \/>\n\t<meta name=\"twitter:data2\" content=\"5 minutos\" \/>\n<script type=\"application\/ld+json\" class=\"yoast-schema-graph\">{\"@context\":\"https:\\\/\\\/schema.org\",\"@graph\":[{\"@type\":\"Article\",\"@id\":\"https:\\\/\\\/www.laguiadepamplona.com\\\/actualidad\\\/el-ayuntamiento-incrementa-hasta-50-000-euros-las-ayudas-para-facilitar-la-conciliacion-de-la-vida-laboral-y-familiar-de-nucleos-familiares-con-menores-a-su-cargo-de-0-a-12-anos\\\/#article\",\"isPartOf\":{\"@id\":\"https:\\\/\\\/www.laguiadepamplona.com\\\/actualidad\\\/el-ayuntamiento-incrementa-hasta-50-000-euros-las-ayudas-para-facilitar-la-conciliacion-de-la-vida-laboral-y-familiar-de-nucleos-familiares-con-menores-a-su-cargo-de-0-a-12-anos\\\/\"},\"author\":{\"name\":\"La Gu\u00eda de Pamplona\",\"@id\":\"https:\\\/\\\/www.laguiadepamplona.com\\\/actualidad\\\/#\\\/schema\\\/person\\\/efe887376f0213d4657c93adc50b1fdb\"},\"headline\":\"El Ayuntamiento incrementa hasta 50.000 euros las ayudas para facilitar la conciliaci\u00f3n de la vida laboral y familiar de n\u00facleos familiares con menores a su cargo de 0 a 12 a\u00f1os\",\"datePublished\":\"2025-04-07T17:39:28+00:00\",\"mainEntityOfPage\":{\"@id\":\"https:\\\/\\\/www.laguiadepamplona.com\\\/actualidad\\\/el-ayuntamiento-incrementa-hasta-50-000-euros-las-ayudas-para-facilitar-la-conciliacion-de-la-vida-laboral-y-familiar-de-nucleos-familiares-con-menores-a-su-cargo-de-0-a-12-anos\\\/\"},\"wordCount\":1019,\"commentCount\":0,\"publisher\":{\"@id\":\"https:\\\/\\\/www.laguiadepamplona.com\\\/actualidad\\\/#organization\"},\"image\":{\"@id\":\"https:\\\/\\\/www.laguiadepamplona.com\\\/actualidad\\\/el-ayuntamiento-incrementa-hasta-50-000-euros-las-ayudas-para-facilitar-la-conciliacion-de-la-vida-laboral-y-familiar-de-nucleos-familiares-con-menores-a-su-cargo-de-0-a-12-anos\\\/#primaryimage\"},\"thumbnailUrl\":\"https:\\\/\\\/www.laguiadepamplona.com\\\/actualidad\\\/wp-content\\\/uploads\\\/2024\\\/01\\\/ayuntamiento-pamplona.webp\",\"articleSection\":[\"Ayto Pamplona\"],\"inLanguage\":\"es\",\"potentialAction\":[{\"@type\":\"CommentAction\",\"name\":\"Comment\",\"target\":[\"https:\\\/\\\/www.laguiadepamplona.com\\\/actualidad\\\/el-ayuntamiento-incrementa-hasta-50-000-euros-las-ayudas-para-facilitar-la-conciliacion-de-la-vida-laboral-y-familiar-de-nucleos-familiares-con-menores-a-su-cargo-de-0-a-12-anos\\\/#respond\"]}]},{\"@type\":\"WebPage\",\"@id\":\"https:\\\/\\\/www.laguiadepamplona.com\\\/actualidad\\\/el-ayuntamiento-incrementa-hasta-50-000-euros-las-ayudas-para-facilitar-la-conciliacion-de-la-vida-laboral-y-familiar-de-nucleos-familiares-con-menores-a-su-cargo-de-0-a-12-anos\\\/\",\"url\":\"https:\\\/\\\/www.laguiadepamplona.com\\\/actualidad\\\/el-ayuntamiento-incrementa-hasta-50-000-euros-las-ayudas-para-facilitar-la-conciliacion-de-la-vida-laboral-y-familiar-de-nucleos-familiares-con-menores-a-su-cargo-de-0-a-12-anos\\\/\",\"name\":\"El Ayuntamiento incrementa hasta 50.000 euros las ayudas para facilitar la conciliaci\u00f3n de la vida laboral y familiar de n\u00facleos familiares con menores a su cargo de 0 a 12 a\u00f1os\",\"isPartOf\":{\"@id\":\"https:\\\/\\\/www.laguiadepamplona.com\\\/actualidad\\\/#website\"},\"primaryImageOfPage\":{\"@id\":\"https:\\\/\\\/www.laguiadepamplona.com\\\/actualidad\\\/el-ayuntamiento-incrementa-hasta-50-000-euros-las-ayudas-para-facilitar-la-conciliacion-de-la-vida-laboral-y-familiar-de-nucleos-familiares-con-menores-a-su-cargo-de-0-a-12-anos\\\/#primaryimage\"},\"image\":{\"@id\":\"https:\\\/\\\/www.laguiadepamplona.com\\\/actualidad\\\/el-ayuntamiento-incrementa-hasta-50-000-euros-las-ayudas-para-facilitar-la-conciliacion-de-la-vida-laboral-y-familiar-de-nucleos-familiares-con-menores-a-su-cargo-de-0-a-12-anos\\\/#primaryimage\"},\"thumbnailUrl\":\"https:\\\/\\\/www.laguiadepamplona.com\\\/actualidad\\\/wp-content\\\/uploads\\\/2024\\\/01\\\/ayuntamiento-pamplona.webp\",\"datePublished\":\"2025-04-07T17:39:28+00:00\",\"breadcrumb\":{\"@id\":\"https:\\\/\\\/www.laguiadepamplona.com\\\/actualidad\\\/el-ayuntamiento-incrementa-hasta-50-000-euros-las-ayudas-para-facilitar-la-conciliacion-de-la-vida-laboral-y-familiar-de-nucleos-familiares-con-menores-a-su-cargo-de-0-a-12-anos\\\/#breadcrumb\"},\"inLanguage\":\"es\",\"potentialAction\":[{\"@type\":\"ReadAction\",\"target\":[\"https:\\\/\\\/www.laguiadepamplona.com\\\/actualidad\\\/el-ayuntamiento-incrementa-hasta-50-000-euros-las-ayudas-para-facilitar-la-conciliacion-de-la-vida-laboral-y-familiar-de-nucleos-familiares-con-menores-a-su-cargo-de-0-a-12-anos\\\/\"]}]},{\"@type\":\"ImageObject\",\"inLanguage\":\"es\",\"@id\":\"https:\\\/\\\/www.laguiadepamplona.com\\\/actualidad\\\/el-ayuntamiento-incrementa-hasta-50-000-euros-las-ayudas-para-facilitar-la-conciliacion-de-la-vida-laboral-y-familiar-de-nucleos-familiares-con-menores-a-su-cargo-de-0-a-12-anos\\\/#primaryimage\",\"url\":\"https:\\\/\\\/www.laguiadepamplona.com\\\/actualidad\\\/wp-content\\\/uploads\\\/2024\\\/01\\\/ayuntamiento-pamplona.webp\",\"contentUrl\":\"https:\\\/\\\/www.laguiadepamplona.com\\\/actualidad\\\/wp-content\\\/uploads\\\/2024\\\/01\\\/ayuntamiento-pamplona.webp\",\"width\":1200,\"height\":675,\"caption\":\"ayuntamiento pamplona\"},{\"@type\":\"BreadcrumbList\",\"@id\":\"https:\\\/\\\/www.laguiadepamplona.com\\\/actualidad\\\/el-ayuntamiento-incrementa-hasta-50-000-euros-las-ayudas-para-facilitar-la-conciliacion-de-la-vida-laboral-y-familiar-de-nucleos-familiares-con-menores-a-su-cargo-de-0-a-12-anos\\\/#breadcrumb\",\"itemListElement\":[{\"@type\":\"ListItem\",\"position\":1,\"name\":\"Portada\",\"item\":\"https:\\\/\\\/www.laguiadepamplona.com\\\/actualidad\\\/\"},{\"@type\":\"ListItem\",\"position\":2,\"name\":\"El Ayuntamiento incrementa hasta 50.000 euros las ayudas para facilitar la conciliaci\u00f3n de la vida laboral y familiar de n\u00facleos familiares con menores a su cargo de 0 a 12 a\u00f1os\"}]},{\"@type\":\"WebSite\",\"@id\":\"https:\\\/\\\/www.laguiadepamplona.com\\\/actualidad\\\/#website\",\"url\":\"https:\\\/\\\/www.laguiadepamplona.com\\\/actualidad\\\/\",\"name\":\"La gu\u00eda de Pamplona\",\"description\":\"Noticias de Pamplona\",\"publisher\":{\"@id\":\"https:\\\/\\\/www.laguiadepamplona.com\\\/actualidad\\\/#organization\"},\"potentialAction\":[{\"@type\":\"SearchAction\",\"target\":{\"@type\":\"EntryPoint\",\"urlTemplate\":\"https:\\\/\\\/www.laguiadepamplona.com\\\/actualidad\\\/?s={search_term_string}\"},\"query-input\":{\"@type\":\"PropertyValueSpecification\",\"valueRequired\":true,\"valueName\":\"search_term_string\"}}],\"inLanguage\":\"es\"},{\"@type\":\"Organization\",\"@id\":\"https:\\\/\\\/www.laguiadepamplona.com\\\/actualidad\\\/#organization\",\"name\":\"La Gu\u00eda de Pamplona \\\/ Noticias\",\"url\":\"https:\\\/\\\/www.laguiadepamplona.com\\\/actualidad\\\/\",\"logo\":{\"@type\":\"ImageObject\",\"inLanguage\":\"es\",\"@id\":\"https:\\\/\\\/www.laguiadepamplona.com\\\/actualidad\\\/#\\\/schema\\\/logo\\\/image\\\/\",\"url\":\"https:\\\/\\\/www.laguiadepamplona.com\\\/actualidad\\\/wp-content\\\/uploads\\\/2018\\\/11\\\/logo-laguiadepamplona18-web1.png\",\"contentUrl\":\"https:\\\/\\\/www.laguiadepamplona.com\\\/actualidad\\\/wp-content\\\/uploads\\\/2018\\\/11\\\/logo-laguiadepamplona18-web1.png\",\"width\":600,\"height\":196,\"caption\":\"La Gu\u00eda de Pamplona \\\/ Noticias\"},\"image\":{\"@id\":\"https:\\\/\\\/www.laguiadepamplona.com\\\/actualidad\\\/#\\\/schema\\\/logo\\\/image\\\/\"},\"sameAs\":[\"https:\\\/\\\/www.facebook.com\\\/laguiadepamplonacom-133175176762273\\\/?ref=hl\",\"https:\\\/\\\/x.com\\\/LaGuiadPamplona\",\"https:\\\/\\\/www.instagram.com\\\/la_guia_de_pamplona\\\/\",\"https:\\\/\\\/www.youtube.com\\\/user\\\/laguiadepamplona\"]},{\"@type\":\"Person\",\"@id\":\"https:\\\/\\\/www.laguiadepamplona.com\\\/actualidad\\\/#\\\/schema\\\/person\\\/efe887376f0213d4657c93adc50b1fdb\",\"name\":\"La Gu\u00eda de Pamplona\",\"image\":{\"@type\":\"ImageObject\",\"inLanguage\":\"es\",\"@id\":\"https:\\\/\\\/secure.gravatar.com\\\/avatar\\\/b6992f131dc8d30ab0dff15446e9d346d9dbd95992de0fef795073f5ea83a81c?s=96&d=mm&r=g\",\"url\":\"https:\\\/\\\/secure.gravatar.com\\\/avatar\\\/b6992f131dc8d30ab0dff15446e9d346d9dbd95992de0fef795073f5ea83a81c?s=96&d=mm&r=g\",\"contentUrl\":\"https:\\\/\\\/secure.gravatar.com\\\/avatar\\\/b6992f131dc8d30ab0dff15446e9d346d9dbd95992de0fef795073f5ea83a81c?s=96&d=mm&r=g\",\"caption\":\"La Gu\u00eda de Pamplona\"}}]}<\/script>\n<!-- \/ Yoast SEO plugin. -->","yoast_head_json":{"title":"El Ayuntamiento incrementa hasta 50.000 euros las ayudas para facilitar la conciliaci\u00f3n de la vida laboral y familiar de n\u00facleos familiares con menores a su cargo de 0 a 12 a\u00f1os","robots":{"index":"index","follow":"follow","max-snippet":"max-snippet:-1","max-image-preview":"max-image-preview:large","max-video-preview":"max-video-preview:-1"},"canonical":"https:\/\/www.laguiadepamplona.com\/actualidad\/el-ayuntamiento-incrementa-hasta-50-000-euros-las-ayudas-para-facilitar-la-conciliacion-de-la-vida-laboral-y-familiar-de-nucleos-familiares-con-menores-a-su-cargo-de-0-a-12-anos\/","og_locale":"es_ES","og_type":"article","og_title":"El Ayuntamiento incrementa hasta 50.000 euros las ayudas para facilitar la conciliaci\u00f3n de la vida laboral y familiar de n\u00facleos familiares con menores a su cargo de 0 a 12 a\u00f1os","og_description":"La convocatoria se ampl\u00eda para menores hasta 16 a\u00f1os con discapacidad y para personas con m\u00e1s del 33% de discapacidad que tengan m\u00e1s de 16 a\u00f1os","og_url":"https:\/\/www.laguiadepamplona.com\/actualidad\/el-ayuntamiento-incrementa-hasta-50-000-euros-las-ayudas-para-facilitar-la-conciliacion-de-la-vida-laboral-y-familiar-de-nucleos-familiares-con-menores-a-su-cargo-de-0-a-12-anos\/","og_site_name":"La Gu\u00eda de Pamplona","article_publisher":"https:\/\/www.facebook.com\/laguiadepamplonacom-133175176762273\/?ref=hl","article_published_time":"2025-04-07T17:39:28+00:00","og_image":[{"width":1200,"height":675,"url":"https:\/\/www.laguiadepamplona.com\/actualidad\/wp-content\/uploads\/2024\/01\/ayuntamiento-pamplona.webp","type":"image\/webp"}],"author":"La Gu\u00eda de Pamplona","twitter_card":"summary_large_image","twitter_creator":"@LaGuiadPamplona","twitter_site":"@LaGuiadPamplona","twitter_misc":{"Escrito por":"La Gu\u00eda de Pamplona","Tiempo de lectura":"5 minutos"},"schema":{"@context":"https:\/\/schema.org","@graph":[{"@type":"Article","@id":"https:\/\/www.laguiadepamplona.com\/actualidad\/el-ayuntamiento-incrementa-hasta-50-000-euros-las-ayudas-para-facilitar-la-conciliacion-de-la-vida-laboral-y-familiar-de-nucleos-familiares-con-menores-a-su-cargo-de-0-a-12-anos\/#article","isPartOf":{"@id":"https:\/\/www.laguiadepamplona.com\/actualidad\/el-ayuntamiento-incrementa-hasta-50-000-euros-las-ayudas-para-facilitar-la-conciliacion-de-la-vida-laboral-y-familiar-de-nucleos-familiares-con-menores-a-su-cargo-de-0-a-12-anos\/"},"author":{"name":"La Gu\u00eda de Pamplona","@id":"https:\/\/www.laguiadepamplona.com\/actualidad\/#\/schema\/person\/efe887376f0213d4657c93adc50b1fdb"},"headline":"El Ayuntamiento incrementa hasta 50.000 euros las ayudas para facilitar la conciliaci\u00f3n de la vida laboral y familiar de n\u00facleos familiares con menores a su cargo de 0 a 12 a\u00f1os","datePublished":"2025-04-07T17:39:28+00:00","mainEntityOfPage":{"@id":"https:\/\/www.laguiadepamplona.com\/actualidad\/el-ayuntamiento-incrementa-hasta-50-000-euros-las-ayudas-para-facilitar-la-conciliacion-de-la-vida-laboral-y-familiar-de-nucleos-familiares-con-menores-a-su-cargo-de-0-a-12-anos\/"},"wordCount":1019,"commentCount":0,"publisher":{"@id":"https:\/\/www.laguiadepamplona.com\/actualidad\/#organization"},"image":{"@id":"https:\/\/www.laguiadepamplona.com\/actualidad\/el-ayuntamiento-incrementa-hasta-50-000-euros-las-ayudas-para-facilitar-la-conciliacion-de-la-vida-laboral-y-familiar-de-nucleos-familiares-con-menores-a-su-cargo-de-0-a-12-anos\/#primaryimage"},"thumbnailUrl":"https:\/\/www.laguiadepamplona.com\/actualidad\/wp-content\/uploads\/2024\/01\/ayuntamiento-pamplona.webp","articleSection":["Ayto Pamplona"],"inLanguage":"es","potentialAction":[{"@type":"CommentAction","name":"Comment","target":["https:\/\/www.laguiadepamplona.com\/actualidad\/el-ayuntamiento-incrementa-hasta-50-000-euros-las-ayudas-para-facilitar-la-conciliacion-de-la-vida-laboral-y-familiar-de-nucleos-familiares-con-menores-a-su-cargo-de-0-a-12-anos\/#respond"]}]},{"@type":"WebPage","@id":"https:\/\/www.laguiadepamplona.com\/actualidad\/el-ayuntamiento-incrementa-hasta-50-000-euros-las-ayudas-para-facilitar-la-conciliacion-de-la-vida-laboral-y-familiar-de-nucleos-familiares-con-menores-a-su-cargo-de-0-a-12-anos\/","url":"https:\/\/www.laguiadepamplona.com\/actualidad\/el-ayuntamiento-incrementa-hasta-50-000-euros-las-ayudas-para-facilitar-la-conciliacion-de-la-vida-laboral-y-familiar-de-nucleos-familiares-con-menores-a-su-cargo-de-0-a-12-anos\/","name":"El Ayuntamiento incrementa hasta 50.000 euros las ayudas para facilitar la conciliaci\u00f3n de la vida laboral y familiar de n\u00facleos familiares con menores a su cargo de 0 a 12 a\u00f1os","isPartOf":{"@id":"https:\/\/www.laguiadepamplona.com\/actualidad\/#website"},"primaryImageOfPage":{"@id":"https:\/\/www.laguiadepamplona.com\/actualidad\/el-ayuntamiento-incrementa-hasta-50-000-euros-las-ayudas-para-facilitar-la-conciliacion-de-la-vida-laboral-y-familiar-de-nucleos-familiares-con-menores-a-su-cargo-de-0-a-12-anos\/#primaryimage"},"image":{"@id":"https:\/\/www.laguiadepamplona.com\/actualidad\/el-ayuntamiento-incrementa-hasta-50-000-euros-las-ayudas-para-facilitar-la-conciliacion-de-la-vida-laboral-y-familiar-de-nucleos-familiares-con-menores-a-su-cargo-de-0-a-12-anos\/#primaryimage"},"thumbnailUrl":"https:\/\/www.laguiadepamplona.com\/actualidad\/wp-content\/uploads\/2024\/01\/ayuntamiento-pamplona.webp","datePublished":"2025-04-07T17:39:28+00:00","breadcrumb":{"@id":"https:\/\/www.laguiadepamplona.com\/actualidad\/el-ayuntamiento-incrementa-hasta-50-000-euros-las-ayudas-para-facilitar-la-conciliacion-de-la-vida-laboral-y-familiar-de-nucleos-familiares-con-menores-a-su-cargo-de-0-a-12-anos\/#breadcrumb"},"inLanguage":"es","potentialAction":[{"@type":"ReadAction","target":["https:\/\/www.laguiadepamplona.com\/actualidad\/el-ayuntamiento-incrementa-hasta-50-000-euros-las-ayudas-para-facilitar-la-conciliacion-de-la-vida-laboral-y-familiar-de-nucleos-familiares-con-menores-a-su-cargo-de-0-a-12-anos\/"]}]},{"@type":"ImageObject","inLanguage":"es","@id":"https:\/\/www.laguiadepamplona.com\/actualidad\/el-ayuntamiento-incrementa-hasta-50-000-euros-las-ayudas-para-facilitar-la-conciliacion-de-la-vida-laboral-y-familiar-de-nucleos-familiares-con-menores-a-su-cargo-de-0-a-12-anos\/#primaryimage","url":"https:\/\/www.laguiadepamplona.com\/actualidad\/wp-content\/uploads\/2024\/01\/ayuntamiento-pamplona.webp","contentUrl":"https:\/\/www.laguiadepamplona.com\/actualidad\/wp-content\/uploads\/2024\/01\/ayuntamiento-pamplona.webp","width":1200,"height":675,"caption":"ayuntamiento pamplona"},{"@type":"BreadcrumbList","@id":"https:\/\/www.laguiadepamplona.com\/actualidad\/el-ayuntamiento-incrementa-hasta-50-000-euros-las-ayudas-para-facilitar-la-conciliacion-de-la-vida-laboral-y-familiar-de-nucleos-familiares-con-menores-a-su-cargo-de-0-a-12-anos\/#breadcrumb","itemListElement":[{"@type":"ListItem","position":1,"name":"Portada","item":"https:\/\/www.laguiadepamplona.com\/actualidad\/"},{"@type":"ListItem","position":2,"name":"El Ayuntamiento incrementa hasta 50.000 euros las ayudas para facilitar la conciliaci\u00f3n de la vida laboral y familiar de n\u00facleos familiares con menores a su cargo de 0 a 12 a\u00f1os"}]},{"@type":"WebSite","@id":"https:\/\/www.laguiadepamplona.com\/actualidad\/#website","url":"https:\/\/www.laguiadepamplona.com\/actualidad\/","name":"La gu\u00eda de Pamplona","description":"Noticias de Pamplona","publisher":{"@id":"https:\/\/www.laguiadepamplona.com\/actualidad\/#organization"},"potentialAction":[{"@type":"SearchAction","target":{"@type":"EntryPoint","urlTemplate":"https:\/\/www.laguiadepamplona.com\/actualidad\/?s={search_term_string}"},"query-input":{"@type":"PropertyValueSpecification","valueRequired":true,"valueName":"search_term_string"}}],"inLanguage":"es"},{"@type":"Organization","@id":"https:\/\/www.laguiadepamplona.com\/actualidad\/#organization","name":"La Gu\u00eda de Pamplona \/ Noticias","url":"https:\/\/www.laguiadepamplona.com\/actualidad\/","logo":{"@type":"ImageObject","inLanguage":"es","@id":"https:\/\/www.laguiadepamplona.com\/actualidad\/#\/schema\/logo\/image\/","url":"https:\/\/www.laguiadepamplona.com\/actualidad\/wp-content\/uploads\/2018\/11\/logo-laguiadepamplona18-web1.png","contentUrl":"https:\/\/www.laguiadepamplona.com\/actualidad\/wp-content\/uploads\/2018\/11\/logo-laguiadepamplona18-web1.png","width":600,"height":196,"caption":"La Gu\u00eda de Pamplona \/ Noticias"},"image":{"@id":"https:\/\/www.laguiadepamplona.com\/actualidad\/#\/schema\/logo\/image\/"},"sameAs":["https:\/\/www.facebook.com\/laguiadepamplonacom-133175176762273\/?ref=hl","https:\/\/x.com\/LaGuiadPamplona","https:\/\/www.instagram.com\/la_guia_de_pamplona\/","https:\/\/www.youtube.com\/user\/laguiadepamplona"]},{"@type":"Person","@id":"https:\/\/www.laguiadepamplona.com\/actualidad\/#\/schema\/person\/efe887376f0213d4657c93adc50b1fdb","name":"La Gu\u00eda de Pamplona","image":{"@type":"ImageObject","inLanguage":"es","@id":"https:\/\/secure.gravatar.com\/avatar\/b6992f131dc8d30ab0dff15446e9d346d9dbd95992de0fef795073f5ea83a81c?s=96&d=mm&r=g","url":"https:\/\/secure.gravatar.com\/avatar\/b6992f131dc8d30ab0dff15446e9d346d9dbd95992de0fef795073f5ea83a81c?s=96&d=mm&r=g","contentUrl":"https:\/\/secure.gravatar.com\/avatar\/b6992f131dc8d30ab0dff15446e9d346d9dbd95992de0fef795073f5ea83a81c?s=96&d=mm&r=g","caption":"La Gu\u00eda de Pamplona"}}]}},"post_mailing_queue_ids":[],"_links":{"self":[{"href":"https:\/\/www.laguiadepamplona.com\/actualidad\/wp-json\/wp\/v2\/posts\/52671","targetHints":{"allow":["GET"]}}],"collection":[{"href":"https:\/\/www.laguiadepamplona.com\/actualidad\/wp-json\/wp\/v2\/posts"}],"about":[{"href":"https:\/\/www.laguiadepamplona.com\/actualidad\/wp-json\/wp\/v2\/types\/post"}],"author":[{"embeddable":true,"href":"https:\/\/www.laguiadepamplona.com\/actualidad\/wp-json\/wp\/v2\/users\/1"}],"replies":[{"embeddable":true,"href":"https:\/\/www.laguiadepamplona.com\/actualidad\/wp-json\/wp\/v2\/comments?post=52671"}],"version-history":[{"count":1,"href":"https:\/\/www.laguiadepamplona.com\/actualidad\/wp-json\/wp\/v2\/posts\/52671\/revisions"}],"predecessor-version":[{"id":52672,"href":"https:\/\/www.laguiadepamplona.com\/actualidad\/wp-json\/wp\/v2\/posts\/52671\/revisions\/52672"}],"wp:featuredmedia":[{"embeddable":true,"href":"https:\/\/www.laguiadepamplona.com\/actualidad\/wp-json\/wp\/v2\/media\/48503"}],"wp:attachment":[{"href":"https:\/\/www.laguiadepamplona.com\/actualidad\/wp-json\/wp\/v2\/media?parent=52671"}],"wp:term":[{"taxonomy":"category","embeddable":true,"href":"https:\/\/www.laguiadepamplona.com\/actualidad\/wp-json\/wp\/v2\/categories?post=52671"},{"taxonomy":"post_tag","embeddable":true,"href":"https:\/\/www.laguiadepamplona.com\/actualidad\/wp-json\/wp\/v2\/tags?post=52671"}],"curies":[{"name":"wp","href":"https:\/\/api.w.org\/{rel}","templated":true}]}}