{"id":52669,"date":"2025-04-07T19:36:07","date_gmt":"2025-04-07T17:36:07","guid":{"rendered":"https:\/\/www.laguiadepamplona.com\/actualidad\/?p=52669"},"modified":"2025-04-07T19:36:07","modified_gmt":"2025-04-07T17:36:07","slug":"12-viviendas-en-san-pedro-fomentaran-el-aprendizaje-los-cuidados-y-la-innovacion-a-traves-de-la-convivencia-entre-personas-con-discapacidad-funcional-y-estudiantes","status":"publish","type":"post","link":"https:\/\/www.laguiadepamplona.com\/actualidad\/12-viviendas-en-san-pedro-fomentaran-el-aprendizaje-los-cuidados-y-la-innovacion-a-traves-de-la-convivencia-entre-personas-con-discapacidad-funcional-y-estudiantes\/","title":{"rendered":"12 viviendas en San Pedro fomentar\u00e1n el aprendizaje, los cuidados y la innovaci\u00f3n a trav\u00e9s de la convivencia entre personas con discapacidad funcional y estudiantes"},"content":{"rendered":"<h2>Los pisos, con tecnolog\u00eda dom\u00f3tica, alojar\u00e1n a 8 alumnos de Ingenier\u00eda y Ciencias Sociales y 16 personas con discapacidad que tratar\u00e1n de mejorar sus vidas potenciando la eficiencia de las viviendas y con apoyo mutuo<\/h2>\n<p><!--more--><\/p>\n<p>El Ayuntamiento de Pamplona destinar\u00e1 los 12 pisos dom\u00f3ticos de las viviendas oPEN Lab de San Pedro (portales 11 y 12) a un proyecto de innovaci\u00f3n social que busca fomentar el trato y la investigaci\u00f3n en torno a personas con diversidad funcional. As\u00ed, 8 de estas viviendas ser\u00e1n destinadas a personas con discapacidad mediante convenio con entidades especializadas (dos personas por piso), mientras los otros 4 ir\u00e1n destinados a estudiantes de la Universidad P\u00fablica de Navarra (UPNA) de ramas como Ciencias Sociales e Ingenier\u00eda. Con esa convivencia se busca fomentar din\u00e1micas de apoyo mutuo y poder estudiar la relaci\u00f3n entre rehabilitaci\u00f3n, accesibilidad y autonom\u00eda personal.<\/p>\n<p>As\u00ed lo ha puesto hoy en valor el concejal delegado de Gobierno Estrat\u00e9gico, Urbanismo, Vivienda y Agenda 2030, Joxe Abaurrea San Juan, quien ha explicado que la idea es que esta convivencia mejore la eficiencia de la vivienda y genere un entorno de aprendizaje y experimentaci\u00f3n social donde se analicen interacciones entre tecnolog\u00eda, confort y bienestar. Por otra parte, tambi\u00e9n ha destacado que la diversidad de perfiles presentes en las viviendas facilitar\u00e1 realizar un an\u00e1lisis clave para evaluar la intervenci\u00f3n y su posible replicaci\u00f3n. Por \u00faltimo, el concejal de Urbanismo y Vivienda tambi\u00e9n ha enmarcado este proyecto dentro del Plan Municipal de Vivienda Asequible puesto que permitir\u00e1 el alojamiento a trav\u00e9s de convenios para el arrendamiento a precios del VPO en alquiler.<\/p>\n<p><strong>Nuevas f\u00f3rmulas de rehabilitaci\u00f3n para los desaf\u00edos clim\u00e1ticos y sociales<\/strong><\/p>\n<p>Previo a esta decisi\u00f3n, el Ayuntamiento ha realizado un trabajo de rehabilitaci\u00f3n integral de las viviendas en la que la principal apuesta ha sido la creaci\u00f3n de terrazas corridas adosadas al edificio, ampliando el espacio habitable y optimizando la calidad ambiental mediante orientaci\u00f3n y protecci\u00f3n solar. Cada vivienda ha sido dise\u00f1ada con flexibilidad y par\u00e1metros de control dom\u00f3ticos. El espacio de estar y un dormitorio est\u00e1n conectados mediante paneles m\u00f3viles, permitiendo modificar la distribuci\u00f3n seg\u00fan necesidades. La vivienda se completa con una habitaci\u00f3n doble, cocina y ba\u00f1o.<\/p>\n<p>La intervenci\u00f3n de rehabilitaci\u00f3n equilibra el preservar el car\u00e1cter original del edificio de los a\u00f1os 40, con su rehabilitaci\u00f3n de los a\u00f1os 90, enfocada con soluciones contempor\u00e1neas. Se han priorizado soluciones industrializadas, integrando elementos prefabricados en las viviendas para optimizar tiempos de ejecuci\u00f3n y reducir residuos.<\/p>\n<p>La envolvente ha sido mejorada con aislamiento t\u00e9rmico de alto rendimiento (panel de vac\u00edo de 2,5 cm), combinada con aerotermia con acumulador y suelo radiante. La alta hermeticidad y ventilaci\u00f3n con recuperador de calor en el n\u00facleo de comunicaci\u00f3n vertical, se suma a la generaci\u00f3n solar fotovoltaica integrada en cubierta. El uso de dom\u00f3tica avanzada permite gestionar iluminaci\u00f3n, calefacci\u00f3n y ventilaci\u00f3n, con sensores que controlan presencia, temperatura, humedad y CO\u2082, asegurando confort t\u00e9rmico con m\u00ednimo consumo energ\u00e9tico. Las terrazas al sur disponen de toldos con sensor solar y anem\u00f3metro, mientras que el sistema de recogida de pluviales mediante SUDS contribuye a la gesti\u00f3n sostenible del agua.<\/p>\n<p>Como segunda l\u00ednea de trabajo municipal de car\u00e1cter social, en oPEN Lab, el Consistorio ha abierto en el barrio una Oficina Verde para dar apoyo a las comunidades energ\u00e9ticas e informar y asesorar a la ciudadan\u00eda. Por tanto, la oficina tambi\u00e9n est\u00e1 vinculada al programa \u2018Horizon 2020 \u2013 convocatoria Green Deal Call &#8211; Edificios eficientes en energ\u00eda y recursos\u2019 de la Comisi\u00f3n Europea, que se centra en desarrollar el Pacto Verde Europeo.<\/p>\n<p><strong>Candidatura a los premios de arquitectura CSCAE<\/strong><\/p>\n<p>Adem\u00e1s, el Ayuntamiento ha presentado el proyecto de rehabilitaci\u00f3n integral de las viviendas oPEN Lab de San Pedro (portales 11 y 12) a los premios de arquitectura de CSCAE, el Consejo Superior de los Colegios de Arquitectos de Espa\u00f1a. Adem\u00e1s del proceso de rehabilitaci\u00f3n, de la tecnolog\u00eda con la que cuentan las viviendas y del uso innovador que se plantea, la candidatura pone en valor su inclusi\u00f3n en la estrategia de hacer de la Rochapea un \u2018Barrio de energ\u00eda positiva\u2019 (PEN), uno de los primeros del pa\u00eds. Abaurrea ha explicado que la actuaci\u00f3n de Pamplona en San Pedro\/Rochapea se ha presentado a la categor\u00eda Premio de Arquitectura Espa\u00f1ola\/ Premio de Urbanismo Espa\u00f1ol en el \u00e1mbito de la rehabilitaci\u00f3n.<\/p>\n<p>Ser\u00e1 el Colegio de Arquitectos Vasco Navarro (COAVN) quien se encargue de la selecci\u00f3n inicial, tras la que intervendr\u00e1 el jurado general que puede otorgar hasta seis premios diferentes. El resultado del proceso se conocer\u00e1 el pr\u00f3ximo mes de junio. Es la primera vez que la ciudad opta a estos galardones que, entre otros criterios, valoran par\u00e1metros de sostenibilidad y de Pacto Verde Europeo.<\/p>\n<p><strong>El proyecto oPEN Lab<\/strong><\/p>\n<p>Pamplona participa en el proyecto europeo oPEN Lab, junto con dos ciudades de B\u00e9lgica y Estonia, Genk y Tartu, respectivamente. En las tres ciudades se trata de encontrar soluciones escalables y replicables en una suerte de \u2018Living Lab\u2019 (espacio de experimentaci\u00f3n en vivo), que fomente la participaci\u00f3n de las personas usuarias en la validaci\u00f3n de soluciones. Uno de los ejes clave es la implementaci\u00f3n de \u2018gemelos digitales\u2019, modelos virtuales que optimizan la eficiencia energ\u00e9tica y permiten dise\u00f1ar estrategias de gesti\u00f3n.<\/p>\n<p>En el desarrollo de las actuaciones de \u2018living lab\u2019 de Pamplona participan y colaboran 5 socios: AH Asociados (liderando), Obenasa, CENER, UPV-EHU y Ayuntamiento de Pamplona que, en conjunto, cuentan para el proyecto con alrededor de 5 millones de euros de financiaci\u00f3n europea. En el \u00e1mbito local el proyecto \u2018Barrio de Energ\u00eda Positiva de Rochapea\u2019 est\u00e1 alineado con los objetivos de la Agenda Urbana Pamplona 2030 y con la Estrategia de Transici\u00f3n Energ\u00e9tica y Cambio Clim\u00e1tico 2030.<\/p>\n","protected":false},"excerpt":{"rendered":"<p>Los pisos, con tecnolog\u00eda dom\u00f3tica, alojar\u00e1n a 8 alumnos de Ingenier\u00eda y Ciencias Sociales y 16 personas con discapacidad que tratar\u00e1n de mejorar sus vidas potenciando la eficiencia de las&#8230;<\/p>\n","protected":false},"author":1,"featured_media":50953,"comment_status":"open","ping_status":"closed","sticky":false,"template":"","format":"standard","meta":{"footnotes":""},"categories":[2],"tags":[],"class_list":["post-52669","post","type-post","status-publish","format-standard","has-post-thumbnail","hentry","category-ayuntamiento-pamplona"],"yoast_head":"<!-- This site is optimized with the Yoast SEO plugin v27.3 - https:\/\/yoast.com\/product\/yoast-seo-wordpress\/ -->\n<title>12 viviendas en San Pedro fomentar\u00e1n el aprendizaje, los cuidados y la innovaci\u00f3n a trav\u00e9s de la convivencia entre personas con discapacidad funcional y estudiantes<\/title>\n<meta name=\"description\" content=\"Los pisos, con tecnolog\u00eda dom\u00f3tica, alojar\u00e1n a 8 alumnos de Ingenier\u00eda y Ciencias Sociales y 16 personas con discapacidad que tratar\u00e1n\" \/>\n<meta name=\"robots\" content=\"index, follow, max-snippet:-1, max-image-preview:large, max-video-preview:-1\" \/>\n<link rel=\"canonical\" href=\"https:\/\/www.laguiadepamplona.com\/actualidad\/12-viviendas-en-san-pedro-fomentaran-el-aprendizaje-los-cuidados-y-la-innovacion-a-traves-de-la-convivencia-entre-personas-con-discapacidad-funcional-y-estudiantes\/\" \/>\n<meta property=\"og:locale\" content=\"es_ES\" \/>\n<meta property=\"og:type\" content=\"article\" \/>\n<meta property=\"og:title\" content=\"12 viviendas en San Pedro fomentar\u00e1n el aprendizaje, los cuidados y la innovaci\u00f3n a trav\u00e9s de la convivencia entre personas con discapacidad funcional y estudiantes\" \/>\n<meta property=\"og:description\" content=\"Los pisos, con tecnolog\u00eda dom\u00f3tica, alojar\u00e1n a 8 alumnos de Ingenier\u00eda y Ciencias Sociales y 16 personas con discapacidad que tratar\u00e1n\" \/>\n<meta property=\"og:url\" content=\"https:\/\/www.laguiadepamplona.com\/actualidad\/12-viviendas-en-san-pedro-fomentaran-el-aprendizaje-los-cuidados-y-la-innovacion-a-traves-de-la-convivencia-entre-personas-con-discapacidad-funcional-y-estudiantes\/\" \/>\n<meta property=\"og:site_name\" content=\"La Gu\u00eda de Pamplona\" \/>\n<meta property=\"article:publisher\" content=\"https:\/\/www.facebook.com\/laguiadepamplonacom-133175176762273\/?ref=hl\" \/>\n<meta property=\"article:published_time\" content=\"2025-04-07T17:36:07+00:00\" \/>\n<meta property=\"og:image\" content=\"https:\/\/www.laguiadepamplona.com\/actualidad\/wp-content\/uploads\/2024\/10\/Viviendas-San-Pedro_web.webp\" \/>\n\t<meta property=\"og:image:width\" content=\"1000\" \/>\n\t<meta property=\"og:image:height\" content=\"666\" \/>\n\t<meta property=\"og:image:type\" content=\"image\/webp\" \/>\n<meta name=\"author\" content=\"La Gu\u00eda de Pamplona\" \/>\n<meta name=\"twitter:card\" content=\"summary_large_image\" \/>\n<meta name=\"twitter:creator\" content=\"@LaGuiadPamplona\" \/>\n<meta name=\"twitter:site\" content=\"@LaGuiadPamplona\" \/>\n<meta name=\"twitter:label1\" content=\"Escrito por\" \/>\n\t<meta name=\"twitter:data1\" content=\"La Gu\u00eda de Pamplona\" \/>\n\t<meta name=\"twitter:label2\" content=\"Tiempo de lectura\" \/>\n\t<meta name=\"twitter:data2\" content=\"5 minutos\" \/>\n<script type=\"application\/ld+json\" class=\"yoast-schema-graph\">{\"@context\":\"https:\\\/\\\/schema.org\",\"@graph\":[{\"@type\":\"Article\",\"@id\":\"https:\\\/\\\/www.laguiadepamplona.com\\\/actualidad\\\/12-viviendas-en-san-pedro-fomentaran-el-aprendizaje-los-cuidados-y-la-innovacion-a-traves-de-la-convivencia-entre-personas-con-discapacidad-funcional-y-estudiantes\\\/#article\",\"isPartOf\":{\"@id\":\"https:\\\/\\\/www.laguiadepamplona.com\\\/actualidad\\\/12-viviendas-en-san-pedro-fomentaran-el-aprendizaje-los-cuidados-y-la-innovacion-a-traves-de-la-convivencia-entre-personas-con-discapacidad-funcional-y-estudiantes\\\/\"},\"author\":{\"name\":\"La Gu\u00eda de Pamplona\",\"@id\":\"https:\\\/\\\/www.laguiadepamplona.com\\\/actualidad\\\/#\\\/schema\\\/person\\\/efe887376f0213d4657c93adc50b1fdb\"},\"headline\":\"12 viviendas en San Pedro fomentar\u00e1n el aprendizaje, los cuidados y la innovaci\u00f3n a trav\u00e9s de la convivencia entre personas con discapacidad funcional y estudiantes\",\"datePublished\":\"2025-04-07T17:36:07+00:00\",\"mainEntityOfPage\":{\"@id\":\"https:\\\/\\\/www.laguiadepamplona.com\\\/actualidad\\\/12-viviendas-en-san-pedro-fomentaran-el-aprendizaje-los-cuidados-y-la-innovacion-a-traves-de-la-convivencia-entre-personas-con-discapacidad-funcional-y-estudiantes\\\/\"},\"wordCount\":1045,\"commentCount\":0,\"publisher\":{\"@id\":\"https:\\\/\\\/www.laguiadepamplona.com\\\/actualidad\\\/#organization\"},\"image\":{\"@id\":\"https:\\\/\\\/www.laguiadepamplona.com\\\/actualidad\\\/12-viviendas-en-san-pedro-fomentaran-el-aprendizaje-los-cuidados-y-la-innovacion-a-traves-de-la-convivencia-entre-personas-con-discapacidad-funcional-y-estudiantes\\\/#primaryimage\"},\"thumbnailUrl\":\"https:\\\/\\\/www.laguiadepamplona.com\\\/actualidad\\\/wp-content\\\/uploads\\\/2024\\\/10\\\/Viviendas-San-Pedro_web.webp\",\"articleSection\":[\"Ayto Pamplona\"],\"inLanguage\":\"es\",\"potentialAction\":[{\"@type\":\"CommentAction\",\"name\":\"Comment\",\"target\":[\"https:\\\/\\\/www.laguiadepamplona.com\\\/actualidad\\\/12-viviendas-en-san-pedro-fomentaran-el-aprendizaje-los-cuidados-y-la-innovacion-a-traves-de-la-convivencia-entre-personas-con-discapacidad-funcional-y-estudiantes\\\/#respond\"]}]},{\"@type\":\"WebPage\",\"@id\":\"https:\\\/\\\/www.laguiadepamplona.com\\\/actualidad\\\/12-viviendas-en-san-pedro-fomentaran-el-aprendizaje-los-cuidados-y-la-innovacion-a-traves-de-la-convivencia-entre-personas-con-discapacidad-funcional-y-estudiantes\\\/\",\"url\":\"https:\\\/\\\/www.laguiadepamplona.com\\\/actualidad\\\/12-viviendas-en-san-pedro-fomentaran-el-aprendizaje-los-cuidados-y-la-innovacion-a-traves-de-la-convivencia-entre-personas-con-discapacidad-funcional-y-estudiantes\\\/\",\"name\":\"12 viviendas en San Pedro fomentar\u00e1n el aprendizaje, los cuidados y la innovaci\u00f3n a trav\u00e9s de la convivencia entre personas con discapacidad funcional y estudiantes\",\"isPartOf\":{\"@id\":\"https:\\\/\\\/www.laguiadepamplona.com\\\/actualidad\\\/#website\"},\"primaryImageOfPage\":{\"@id\":\"https:\\\/\\\/www.laguiadepamplona.com\\\/actualidad\\\/12-viviendas-en-san-pedro-fomentaran-el-aprendizaje-los-cuidados-y-la-innovacion-a-traves-de-la-convivencia-entre-personas-con-discapacidad-funcional-y-estudiantes\\\/#primaryimage\"},\"image\":{\"@id\":\"https:\\\/\\\/www.laguiadepamplona.com\\\/actualidad\\\/12-viviendas-en-san-pedro-fomentaran-el-aprendizaje-los-cuidados-y-la-innovacion-a-traves-de-la-convivencia-entre-personas-con-discapacidad-funcional-y-estudiantes\\\/#primaryimage\"},\"thumbnailUrl\":\"https:\\\/\\\/www.laguiadepamplona.com\\\/actualidad\\\/wp-content\\\/uploads\\\/2024\\\/10\\\/Viviendas-San-Pedro_web.webp\",\"datePublished\":\"2025-04-07T17:36:07+00:00\",\"description\":\"Los pisos, con tecnolog\u00eda dom\u00f3tica, alojar\u00e1n a 8 alumnos de Ingenier\u00eda y Ciencias Sociales y 16 personas con discapacidad que tratar\u00e1n\",\"breadcrumb\":{\"@id\":\"https:\\\/\\\/www.laguiadepamplona.com\\\/actualidad\\\/12-viviendas-en-san-pedro-fomentaran-el-aprendizaje-los-cuidados-y-la-innovacion-a-traves-de-la-convivencia-entre-personas-con-discapacidad-funcional-y-estudiantes\\\/#breadcrumb\"},\"inLanguage\":\"es\",\"potentialAction\":[{\"@type\":\"ReadAction\",\"target\":[\"https:\\\/\\\/www.laguiadepamplona.com\\\/actualidad\\\/12-viviendas-en-san-pedro-fomentaran-el-aprendizaje-los-cuidados-y-la-innovacion-a-traves-de-la-convivencia-entre-personas-con-discapacidad-funcional-y-estudiantes\\\/\"]}]},{\"@type\":\"ImageObject\",\"inLanguage\":\"es\",\"@id\":\"https:\\\/\\\/www.laguiadepamplona.com\\\/actualidad\\\/12-viviendas-en-san-pedro-fomentaran-el-aprendizaje-los-cuidados-y-la-innovacion-a-traves-de-la-convivencia-entre-personas-con-discapacidad-funcional-y-estudiantes\\\/#primaryimage\",\"url\":\"https:\\\/\\\/www.laguiadepamplona.com\\\/actualidad\\\/wp-content\\\/uploads\\\/2024\\\/10\\\/Viviendas-San-Pedro_web.webp\",\"contentUrl\":\"https:\\\/\\\/www.laguiadepamplona.com\\\/actualidad\\\/wp-content\\\/uploads\\\/2024\\\/10\\\/Viviendas-San-Pedro_web.webp\",\"width\":1000,\"height\":666,\"caption\":\"Viviendas San Pedro\"},{\"@type\":\"BreadcrumbList\",\"@id\":\"https:\\\/\\\/www.laguiadepamplona.com\\\/actualidad\\\/12-viviendas-en-san-pedro-fomentaran-el-aprendizaje-los-cuidados-y-la-innovacion-a-traves-de-la-convivencia-entre-personas-con-discapacidad-funcional-y-estudiantes\\\/#breadcrumb\",\"itemListElement\":[{\"@type\":\"ListItem\",\"position\":1,\"name\":\"Portada\",\"item\":\"https:\\\/\\\/www.laguiadepamplona.com\\\/actualidad\\\/\"},{\"@type\":\"ListItem\",\"position\":2,\"name\":\"12 viviendas en San Pedro fomentar\u00e1n el aprendizaje, los cuidados y la innovaci\u00f3n a trav\u00e9s de la convivencia entre personas con discapacidad funcional y estudiantes\"}]},{\"@type\":\"WebSite\",\"@id\":\"https:\\\/\\\/www.laguiadepamplona.com\\\/actualidad\\\/#website\",\"url\":\"https:\\\/\\\/www.laguiadepamplona.com\\\/actualidad\\\/\",\"name\":\"La gu\u00eda de Pamplona\",\"description\":\"Noticias de Pamplona\",\"publisher\":{\"@id\":\"https:\\\/\\\/www.laguiadepamplona.com\\\/actualidad\\\/#organization\"},\"potentialAction\":[{\"@type\":\"SearchAction\",\"target\":{\"@type\":\"EntryPoint\",\"urlTemplate\":\"https:\\\/\\\/www.laguiadepamplona.com\\\/actualidad\\\/?s={search_term_string}\"},\"query-input\":{\"@type\":\"PropertyValueSpecification\",\"valueRequired\":true,\"valueName\":\"search_term_string\"}}],\"inLanguage\":\"es\"},{\"@type\":\"Organization\",\"@id\":\"https:\\\/\\\/www.laguiadepamplona.com\\\/actualidad\\\/#organization\",\"name\":\"La Gu\u00eda de Pamplona \\\/ Noticias\",\"url\":\"https:\\\/\\\/www.laguiadepamplona.com\\\/actualidad\\\/\",\"logo\":{\"@type\":\"ImageObject\",\"inLanguage\":\"es\",\"@id\":\"https:\\\/\\\/www.laguiadepamplona.com\\\/actualidad\\\/#\\\/schema\\\/logo\\\/image\\\/\",\"url\":\"https:\\\/\\\/www.laguiadepamplona.com\\\/actualidad\\\/wp-content\\\/uploads\\\/2018\\\/11\\\/logo-laguiadepamplona18-web1.png\",\"contentUrl\":\"https:\\\/\\\/www.laguiadepamplona.com\\\/actualidad\\\/wp-content\\\/uploads\\\/2018\\\/11\\\/logo-laguiadepamplona18-web1.png\",\"width\":600,\"height\":196,\"caption\":\"La Gu\u00eda de Pamplona \\\/ Noticias\"},\"image\":{\"@id\":\"https:\\\/\\\/www.laguiadepamplona.com\\\/actualidad\\\/#\\\/schema\\\/logo\\\/image\\\/\"},\"sameAs\":[\"https:\\\/\\\/www.facebook.com\\\/laguiadepamplonacom-133175176762273\\\/?ref=hl\",\"https:\\\/\\\/x.com\\\/LaGuiadPamplona\",\"https:\\\/\\\/www.instagram.com\\\/la_guia_de_pamplona\\\/\",\"https:\\\/\\\/www.youtube.com\\\/user\\\/laguiadepamplona\"]},{\"@type\":\"Person\",\"@id\":\"https:\\\/\\\/www.laguiadepamplona.com\\\/actualidad\\\/#\\\/schema\\\/person\\\/efe887376f0213d4657c93adc50b1fdb\",\"name\":\"La Gu\u00eda de Pamplona\",\"image\":{\"@type\":\"ImageObject\",\"inLanguage\":\"es\",\"@id\":\"https:\\\/\\\/secure.gravatar.com\\\/avatar\\\/b6992f131dc8d30ab0dff15446e9d346d9dbd95992de0fef795073f5ea83a81c?s=96&d=mm&r=g\",\"url\":\"https:\\\/\\\/secure.gravatar.com\\\/avatar\\\/b6992f131dc8d30ab0dff15446e9d346d9dbd95992de0fef795073f5ea83a81c?s=96&d=mm&r=g\",\"contentUrl\":\"https:\\\/\\\/secure.gravatar.com\\\/avatar\\\/b6992f131dc8d30ab0dff15446e9d346d9dbd95992de0fef795073f5ea83a81c?s=96&d=mm&r=g\",\"caption\":\"La Gu\u00eda de Pamplona\"}}]}<\/script>\n<!-- \/ Yoast SEO plugin. -->","yoast_head_json":{"title":"12 viviendas en San Pedro fomentar\u00e1n el aprendizaje, los cuidados y la innovaci\u00f3n a trav\u00e9s de la convivencia entre personas con discapacidad funcional y estudiantes","description":"Los pisos, con tecnolog\u00eda dom\u00f3tica, alojar\u00e1n a 8 alumnos de Ingenier\u00eda y Ciencias Sociales y 16 personas con discapacidad que tratar\u00e1n","robots":{"index":"index","follow":"follow","max-snippet":"max-snippet:-1","max-image-preview":"max-image-preview:large","max-video-preview":"max-video-preview:-1"},"canonical":"https:\/\/www.laguiadepamplona.com\/actualidad\/12-viviendas-en-san-pedro-fomentaran-el-aprendizaje-los-cuidados-y-la-innovacion-a-traves-de-la-convivencia-entre-personas-con-discapacidad-funcional-y-estudiantes\/","og_locale":"es_ES","og_type":"article","og_title":"12 viviendas en San Pedro fomentar\u00e1n el aprendizaje, los cuidados y la innovaci\u00f3n a trav\u00e9s de la convivencia entre personas con discapacidad funcional y estudiantes","og_description":"Los pisos, con tecnolog\u00eda dom\u00f3tica, alojar\u00e1n a 8 alumnos de Ingenier\u00eda y Ciencias Sociales y 16 personas con discapacidad que tratar\u00e1n","og_url":"https:\/\/www.laguiadepamplona.com\/actualidad\/12-viviendas-en-san-pedro-fomentaran-el-aprendizaje-los-cuidados-y-la-innovacion-a-traves-de-la-convivencia-entre-personas-con-discapacidad-funcional-y-estudiantes\/","og_site_name":"La Gu\u00eda de Pamplona","article_publisher":"https:\/\/www.facebook.com\/laguiadepamplonacom-133175176762273\/?ref=hl","article_published_time":"2025-04-07T17:36:07+00:00","og_image":[{"width":1000,"height":666,"url":"https:\/\/www.laguiadepamplona.com\/actualidad\/wp-content\/uploads\/2024\/10\/Viviendas-San-Pedro_web.webp","type":"image\/webp"}],"author":"La Gu\u00eda de Pamplona","twitter_card":"summary_large_image","twitter_creator":"@LaGuiadPamplona","twitter_site":"@LaGuiadPamplona","twitter_misc":{"Escrito por":"La Gu\u00eda de Pamplona","Tiempo de lectura":"5 minutos"},"schema":{"@context":"https:\/\/schema.org","@graph":[{"@type":"Article","@id":"https:\/\/www.laguiadepamplona.com\/actualidad\/12-viviendas-en-san-pedro-fomentaran-el-aprendizaje-los-cuidados-y-la-innovacion-a-traves-de-la-convivencia-entre-personas-con-discapacidad-funcional-y-estudiantes\/#article","isPartOf":{"@id":"https:\/\/www.laguiadepamplona.com\/actualidad\/12-viviendas-en-san-pedro-fomentaran-el-aprendizaje-los-cuidados-y-la-innovacion-a-traves-de-la-convivencia-entre-personas-con-discapacidad-funcional-y-estudiantes\/"},"author":{"name":"La Gu\u00eda de Pamplona","@id":"https:\/\/www.laguiadepamplona.com\/actualidad\/#\/schema\/person\/efe887376f0213d4657c93adc50b1fdb"},"headline":"12 viviendas en San Pedro fomentar\u00e1n el aprendizaje, los cuidados y la innovaci\u00f3n a trav\u00e9s de la convivencia entre personas con discapacidad funcional y estudiantes","datePublished":"2025-04-07T17:36:07+00:00","mainEntityOfPage":{"@id":"https:\/\/www.laguiadepamplona.com\/actualidad\/12-viviendas-en-san-pedro-fomentaran-el-aprendizaje-los-cuidados-y-la-innovacion-a-traves-de-la-convivencia-entre-personas-con-discapacidad-funcional-y-estudiantes\/"},"wordCount":1045,"commentCount":0,"publisher":{"@id":"https:\/\/www.laguiadepamplona.com\/actualidad\/#organization"},"image":{"@id":"https:\/\/www.laguiadepamplona.com\/actualidad\/12-viviendas-en-san-pedro-fomentaran-el-aprendizaje-los-cuidados-y-la-innovacion-a-traves-de-la-convivencia-entre-personas-con-discapacidad-funcional-y-estudiantes\/#primaryimage"},"thumbnailUrl":"https:\/\/www.laguiadepamplona.com\/actualidad\/wp-content\/uploads\/2024\/10\/Viviendas-San-Pedro_web.webp","articleSection":["Ayto Pamplona"],"inLanguage":"es","potentialAction":[{"@type":"CommentAction","name":"Comment","target":["https:\/\/www.laguiadepamplona.com\/actualidad\/12-viviendas-en-san-pedro-fomentaran-el-aprendizaje-los-cuidados-y-la-innovacion-a-traves-de-la-convivencia-entre-personas-con-discapacidad-funcional-y-estudiantes\/#respond"]}]},{"@type":"WebPage","@id":"https:\/\/www.laguiadepamplona.com\/actualidad\/12-viviendas-en-san-pedro-fomentaran-el-aprendizaje-los-cuidados-y-la-innovacion-a-traves-de-la-convivencia-entre-personas-con-discapacidad-funcional-y-estudiantes\/","url":"https:\/\/www.laguiadepamplona.com\/actualidad\/12-viviendas-en-san-pedro-fomentaran-el-aprendizaje-los-cuidados-y-la-innovacion-a-traves-de-la-convivencia-entre-personas-con-discapacidad-funcional-y-estudiantes\/","name":"12 viviendas en San Pedro fomentar\u00e1n el aprendizaje, los cuidados y la innovaci\u00f3n a trav\u00e9s de la convivencia entre personas con discapacidad funcional y estudiantes","isPartOf":{"@id":"https:\/\/www.laguiadepamplona.com\/actualidad\/#website"},"primaryImageOfPage":{"@id":"https:\/\/www.laguiadepamplona.com\/actualidad\/12-viviendas-en-san-pedro-fomentaran-el-aprendizaje-los-cuidados-y-la-innovacion-a-traves-de-la-convivencia-entre-personas-con-discapacidad-funcional-y-estudiantes\/#primaryimage"},"image":{"@id":"https:\/\/www.laguiadepamplona.com\/actualidad\/12-viviendas-en-san-pedro-fomentaran-el-aprendizaje-los-cuidados-y-la-innovacion-a-traves-de-la-convivencia-entre-personas-con-discapacidad-funcional-y-estudiantes\/#primaryimage"},"thumbnailUrl":"https:\/\/www.laguiadepamplona.com\/actualidad\/wp-content\/uploads\/2024\/10\/Viviendas-San-Pedro_web.webp","datePublished":"2025-04-07T17:36:07+00:00","description":"Los pisos, con tecnolog\u00eda dom\u00f3tica, alojar\u00e1n a 8 alumnos de Ingenier\u00eda y Ciencias Sociales y 16 personas con discapacidad que tratar\u00e1n","breadcrumb":{"@id":"https:\/\/www.laguiadepamplona.com\/actualidad\/12-viviendas-en-san-pedro-fomentaran-el-aprendizaje-los-cuidados-y-la-innovacion-a-traves-de-la-convivencia-entre-personas-con-discapacidad-funcional-y-estudiantes\/#breadcrumb"},"inLanguage":"es","potentialAction":[{"@type":"ReadAction","target":["https:\/\/www.laguiadepamplona.com\/actualidad\/12-viviendas-en-san-pedro-fomentaran-el-aprendizaje-los-cuidados-y-la-innovacion-a-traves-de-la-convivencia-entre-personas-con-discapacidad-funcional-y-estudiantes\/"]}]},{"@type":"ImageObject","inLanguage":"es","@id":"https:\/\/www.laguiadepamplona.com\/actualidad\/12-viviendas-en-san-pedro-fomentaran-el-aprendizaje-los-cuidados-y-la-innovacion-a-traves-de-la-convivencia-entre-personas-con-discapacidad-funcional-y-estudiantes\/#primaryimage","url":"https:\/\/www.laguiadepamplona.com\/actualidad\/wp-content\/uploads\/2024\/10\/Viviendas-San-Pedro_web.webp","contentUrl":"https:\/\/www.laguiadepamplona.com\/actualidad\/wp-content\/uploads\/2024\/10\/Viviendas-San-Pedro_web.webp","width":1000,"height":666,"caption":"Viviendas San Pedro"},{"@type":"BreadcrumbList","@id":"https:\/\/www.laguiadepamplona.com\/actualidad\/12-viviendas-en-san-pedro-fomentaran-el-aprendizaje-los-cuidados-y-la-innovacion-a-traves-de-la-convivencia-entre-personas-con-discapacidad-funcional-y-estudiantes\/#breadcrumb","itemListElement":[{"@type":"ListItem","position":1,"name":"Portada","item":"https:\/\/www.laguiadepamplona.com\/actualidad\/"},{"@type":"ListItem","position":2,"name":"12 viviendas en San Pedro fomentar\u00e1n el aprendizaje, los cuidados y la innovaci\u00f3n a trav\u00e9s de la convivencia entre personas con discapacidad funcional y estudiantes"}]},{"@type":"WebSite","@id":"https:\/\/www.laguiadepamplona.com\/actualidad\/#website","url":"https:\/\/www.laguiadepamplona.com\/actualidad\/","name":"La gu\u00eda de Pamplona","description":"Noticias de Pamplona","publisher":{"@id":"https:\/\/www.laguiadepamplona.com\/actualidad\/#organization"},"potentialAction":[{"@type":"SearchAction","target":{"@type":"EntryPoint","urlTemplate":"https:\/\/www.laguiadepamplona.com\/actualidad\/?s={search_term_string}"},"query-input":{"@type":"PropertyValueSpecification","valueRequired":true,"valueName":"search_term_string"}}],"inLanguage":"es"},{"@type":"Organization","@id":"https:\/\/www.laguiadepamplona.com\/actualidad\/#organization","name":"La Gu\u00eda de Pamplona \/ Noticias","url":"https:\/\/www.laguiadepamplona.com\/actualidad\/","logo":{"@type":"ImageObject","inLanguage":"es","@id":"https:\/\/www.laguiadepamplona.com\/actualidad\/#\/schema\/logo\/image\/","url":"https:\/\/www.laguiadepamplona.com\/actualidad\/wp-content\/uploads\/2018\/11\/logo-laguiadepamplona18-web1.png","contentUrl":"https:\/\/www.laguiadepamplona.com\/actualidad\/wp-content\/uploads\/2018\/11\/logo-laguiadepamplona18-web1.png","width":600,"height":196,"caption":"La Gu\u00eda de Pamplona \/ Noticias"},"image":{"@id":"https:\/\/www.laguiadepamplona.com\/actualidad\/#\/schema\/logo\/image\/"},"sameAs":["https:\/\/www.facebook.com\/laguiadepamplonacom-133175176762273\/?ref=hl","https:\/\/x.com\/LaGuiadPamplona","https:\/\/www.instagram.com\/la_guia_de_pamplona\/","https:\/\/www.youtube.com\/user\/laguiadepamplona"]},{"@type":"Person","@id":"https:\/\/www.laguiadepamplona.com\/actualidad\/#\/schema\/person\/efe887376f0213d4657c93adc50b1fdb","name":"La Gu\u00eda de Pamplona","image":{"@type":"ImageObject","inLanguage":"es","@id":"https:\/\/secure.gravatar.com\/avatar\/b6992f131dc8d30ab0dff15446e9d346d9dbd95992de0fef795073f5ea83a81c?s=96&d=mm&r=g","url":"https:\/\/secure.gravatar.com\/avatar\/b6992f131dc8d30ab0dff15446e9d346d9dbd95992de0fef795073f5ea83a81c?s=96&d=mm&r=g","contentUrl":"https:\/\/secure.gravatar.com\/avatar\/b6992f131dc8d30ab0dff15446e9d346d9dbd95992de0fef795073f5ea83a81c?s=96&d=mm&r=g","caption":"La Gu\u00eda de Pamplona"}}]}},"post_mailing_queue_ids":[],"_links":{"self":[{"href":"https:\/\/www.laguiadepamplona.com\/actualidad\/wp-json\/wp\/v2\/posts\/52669","targetHints":{"allow":["GET"]}}],"collection":[{"href":"https:\/\/www.laguiadepamplona.com\/actualidad\/wp-json\/wp\/v2\/posts"}],"about":[{"href":"https:\/\/www.laguiadepamplona.com\/actualidad\/wp-json\/wp\/v2\/types\/post"}],"author":[{"embeddable":true,"href":"https:\/\/www.laguiadepamplona.com\/actualidad\/wp-json\/wp\/v2\/users\/1"}],"replies":[{"embeddable":true,"href":"https:\/\/www.laguiadepamplona.com\/actualidad\/wp-json\/wp\/v2\/comments?post=52669"}],"version-history":[{"count":1,"href":"https:\/\/www.laguiadepamplona.com\/actualidad\/wp-json\/wp\/v2\/posts\/52669\/revisions"}],"predecessor-version":[{"id":52670,"href":"https:\/\/www.laguiadepamplona.com\/actualidad\/wp-json\/wp\/v2\/posts\/52669\/revisions\/52670"}],"wp:featuredmedia":[{"embeddable":true,"href":"https:\/\/www.laguiadepamplona.com\/actualidad\/wp-json\/wp\/v2\/media\/50953"}],"wp:attachment":[{"href":"https:\/\/www.laguiadepamplona.com\/actualidad\/wp-json\/wp\/v2\/media?parent=52669"}],"wp:term":[{"taxonomy":"category","embeddable":true,"href":"https:\/\/www.laguiadepamplona.com\/actualidad\/wp-json\/wp\/v2\/categories?post=52669"},{"taxonomy":"post_tag","embeddable":true,"href":"https:\/\/www.laguiadepamplona.com\/actualidad\/wp-json\/wp\/v2\/tags?post=52669"}],"curies":[{"name":"wp","href":"https:\/\/api.w.org\/{rel}","templated":true}]}}