{"id":52649,"date":"2025-04-04T17:09:43","date_gmt":"2025-04-04T15:09:43","guid":{"rendered":"https:\/\/www.laguiadepamplona.com\/actualidad\/?p=52649"},"modified":"2025-04-04T17:09:43","modified_gmt":"2025-04-04T15:09:43","slug":"ayuntamiento-de-pamplona-y-cein-lanzan-una-nueva-edicion-de-iruna-ekintzaile-pamplona-emprende-enfocada-en-el-sector-comercial","status":"publish","type":"post","link":"https:\/\/www.laguiadepamplona.com\/actualidad\/ayuntamiento-de-pamplona-y-cein-lanzan-una-nueva-edicion-de-iruna-ekintzaile-pamplona-emprende-enfocada-en-el-sector-comercial\/","title":{"rendered":"Ayuntamiento de Pamplona y CEIN lanzan una nueva edici\u00f3n de Iru\u00f1a Ekintzaile \u2013 Pamplona Emprende, enfocada en el sector comercial"},"content":{"rendered":"<h2>El programa apoya el desarrollo de nuevas ideas de negocio en el \u00e1mbito comercial, el fortalecimiento de comercios en marcha y el traspaso de establecimientos comerciales<\/h2>\n<p><!--more--><\/p>\n<p>El Ayuntamiento de Pamplona, en colaboraci\u00f3n con la sociedad p\u00fablica Centro Europeo de Empresas e Innovaci\u00f3n de Navarra (CEIN), ha lanzado una nueva edici\u00f3n del programa Iru\u00f1a Ekintzaile \u2013 Pamplona Emprende, que este a\u00f1o va a poner el foco en el impulso y fortalecimiento del comercio de la capital navarra. La iniciativa se dirige a personas interesadas en emprender, y a comerciantes que quieran optimizar su negocio o buscar relevo.<\/p>\n<p>El programa lo han presentado en rueda de prensa el concejal delegado de Promoci\u00f3n Econ\u00f3mica, Proyecci\u00f3n Europea, Innovaci\u00f3n, Juventud y Cooperaci\u00f3n al Desarrollo del Ayuntamiento de Pamplona, Mikel Armend\u00e1riz Barnechea, y la directora gerente de CEIN, Uxue Itoiz Mari\u00f1elarena. Toda la informaci\u00f3n se puede consultar en la p\u00e1gina web del <a href=\"https:\/\/www.cein.es\/PamplonaEmprende\" target=\"_blank\" rel=\"noopener\">programa Iru\u00f1a Ekintzaile \u2013 Pamplona Emprende<\/a>.<\/p>\n<p>Iru\u00f1a Ekintzaile \u2013 Pamplona Emprende est\u00e1 orientado, por un lado, a personas interesadas en emprender en el sector comercial en Pamplona, ya sea con una idea propia o como sucesores de un negocio ya establecido. As\u00ed mismo, est\u00e1 dirigido a comerciantes que deseen optimizar y mejorar su estrategia de negocio, as\u00ed como a aquellos que buscan traspasar su establecimiento.<\/p>\n<p>Dentro de este contexto, se celebrar\u00e1n diversas jornadas en torno a tem\u00e1ticas relacionadas con el comercio, con el objetivo de formar y presentar nuevas perspectivas tanto a quienes quieran emprender como a los comercios consolidados. La primera de estas charlas se celebrar\u00e1 el lunes 14 de abril en las Salesas, a las 11.00 horas. En esta jornada, se presentar\u00e1n las tendencias y oportunidades que existen en el comercio urbano, se abordar\u00e1 la importancia del liderazgo en la figura del comerciante y se explorar\u00e1 c\u00f3mo las tendencias pueden puede materializarse en la realidad comercial de la ciudad a trav\u00e9s de la creatividad.<\/p>\n<p><strong>Itinerario especializado en comercio<\/strong><\/p>\n<p>Con un enfoque participativo y colaborativo, Iru\u00f1a Ekintzaile \u2013 Pamplona Emprende ofrece un itinerario de emprendimiento especializado en el \u00e1mbito comercial, dise\u00f1ado para acompa\u00f1ar a cada participante en el proceso de creaci\u00f3n de un nuevo negocio, en el fortalecimiento de uno ya existente o en el traspaso de un comercio. Mediante la interacci\u00f3n continua de estos tres perfiles, se analizar\u00e1n experiencias, necesidades y oportunidades, contribuyendo as\u00ed al enriquecimiento y fortalecimiento del ecosistema comercial de Pamplona.<\/p>\n<p>As\u00ed, se desarrollar\u00e1 un ciclo de trabajo de seis semanas de duraci\u00f3n, que se replicar\u00e1 tres veces a lo largo del a\u00f1o, en los meses de mayo, agosto y octubre. Durante esas seis semanas, se desplegar\u00e1 un programa de sesiones te\u00f3ricas y pr\u00e1cticas sobre tendencias, creaci\u00f3n y desarrollo del comercio local, complementado con tutor\u00edas individuales y continuadas para apoyar a las perdonas participantes a lo largo del proceso.<\/p>\n<p>Otra de las principales novedades del programa es que cuenta con la colaboraci\u00f3n de todas las asociaciones de comerciantes de la ciudad. Es decir, la Asociaci\u00f3n Casco Antiguo de Pamplona; la Asociaci\u00f3n de comerciantes de Iturrama; la Asociaci\u00f3n de comerciantes de la Zona de Mart\u00edn Azpilcueta; Asociaci\u00f3n de comerciantes de San Juan, Ermitaga\u00f1a y Mendebaldea; Asociaci\u00f3n de comerciantes de Sanduzelai; Asociaci\u00f3n de comercientes de Navarra-Nafarroako merkatari elkartea; Asociaci\u00f3n de empresarios del comercio, hosteler\u00eda y servicios de Ensanche, Lezkairu y Ripagaina Pamplona; Txantreako merkatari elkartea-Asociaci\u00f3n de comerciantes de la Txantrea; y la Asociaci\u00f3n de comercio y hosteler\u00eda La Rotxa.<\/p>\n<p>Las plazas para participar en Iru\u00f1a Ekintzaile \u2013 Pamplona Emprende son limitadas y la presentaci\u00f3n de candidaturas deben realizarse a trav\u00e9s del formulario disponible en la web de CEIN, <a href=\"https:\/\/www.cein.es\/PamplonaEmprende\" target=\"_blank\" rel=\"noopener\">https:\/\/www.cein.es\/PamplonaEmprende<\/a>. Tambi\u00e9n est\u00e1n disponibles la direcci\u00f3n de correo electr\u00f3nico <a href=\"mailto:comercio@cein.es\">comercio@cein.es<\/a> y el tel\u00e9fono 848 430 030.<\/p>\n<p>&nbsp;<\/p>\n<h3>Un itinerario de seis semanas tres veces al a\u00f1o (mayo, agosto y octubre)<\/h3>\n<ul>\n<li>Contextualizaci\u00f3n del comercio en Pamplona\n<ul>\n<li>Puesta en com\u00fan y an\u00e1lisis de los desaf\u00edos del sector<\/li>\n<\/ul>\n<\/li>\n<li>Tendencias en comercio\n<ul>\n<li>Identificaci\u00f3n de tendencias adapt\u00e1ndolas a Pamplona<\/li>\n<\/ul>\n<\/li>\n<li>Co-creaci\u00f3n de estrategias\n<ul>\n<li>Dise\u00f1o de estrategias comerciales innovadoras<\/li>\n<\/ul>\n<\/li>\n<li>Dise\u00f1o y propuesta del plan de acci\u00f3n personalizado\n<ul>\n<li>Puesta en com\u00fan y an\u00e1lisis de los desaf\u00edos del sector<\/li>\n<\/ul>\n<\/li>\n<li>Ejecuci\u00f3n del plan de acci\u00f3n\n<ul>\n<li>Modelo de negocio: dise\u00f1o y fortalecimiento, tutor\u00edas individualizadas y acompa\u00f1amiento en el traspaso de negocios<\/li>\n<\/ul>\n<\/li>\n<li>An\u00e1lisis de resultados\n<ul>\n<li>Puesta en com\u00fan de los resultados obtenidos del taller y de su implantaci\u00f3n en los distintos comercios<\/li>\n<\/ul>\n<\/li>\n<\/ul>\n","protected":false},"excerpt":{"rendered":"<p>El programa apoya el desarrollo de nuevas ideas de negocio en el \u00e1mbito comercial, el fortalecimiento de comercios en marcha y el traspaso de establecimientos comerciales<\/p>\n","protected":false},"author":1,"featured_media":52650,"comment_status":"open","ping_status":"closed","sticky":false,"template":"","format":"standard","meta":{"footnotes":""},"categories":[2],"tags":[],"class_list":["post-52649","post","type-post","status-publish","format-standard","has-post-thumbnail","hentry","category-ayuntamiento-pamplona"],"yoast_head":"<!-- This site is optimized with the Yoast SEO plugin v27.3 - https:\/\/yoast.com\/product\/yoast-seo-wordpress\/ -->\n<title>Ayuntamiento de Pamplona y CEIN lanzan una nueva edici\u00f3n de Iru\u00f1a Ekintzaile \u2013 Pamplona Emprende, enfocada en el sector comercial<\/title>\n<meta name=\"description\" content=\"El programa apoya el desarrollo de nuevas ideas de negocio en el \u00e1mbito comercial, el fortalecimiento de comercios en marcha y el traspaso de establecimientos comerciales\" \/>\n<meta name=\"robots\" content=\"index, follow, max-snippet:-1, max-image-preview:large, max-video-preview:-1\" \/>\n<link rel=\"canonical\" href=\"https:\/\/www.laguiadepamplona.com\/actualidad\/ayuntamiento-de-pamplona-y-cein-lanzan-una-nueva-edicion-de-iruna-ekintzaile-pamplona-emprende-enfocada-en-el-sector-comercial\/\" \/>\n<meta property=\"og:locale\" content=\"es_ES\" \/>\n<meta property=\"og:type\" content=\"article\" \/>\n<meta property=\"og:title\" content=\"Ayuntamiento de Pamplona y CEIN lanzan una nueva edici\u00f3n de Iru\u00f1a Ekintzaile \u2013 Pamplona Emprende, enfocada en el sector comercial\" \/>\n<meta property=\"og:description\" content=\"El programa apoya el desarrollo de nuevas ideas de negocio en el \u00e1mbito comercial, el fortalecimiento de comercios en marcha y el traspaso de establecimientos comerciales\" \/>\n<meta property=\"og:url\" content=\"https:\/\/www.laguiadepamplona.com\/actualidad\/ayuntamiento-de-pamplona-y-cein-lanzan-una-nueva-edicion-de-iruna-ekintzaile-pamplona-emprende-enfocada-en-el-sector-comercial\/\" \/>\n<meta property=\"og:site_name\" content=\"La Gu\u00eda de Pamplona\" \/>\n<meta property=\"article:publisher\" content=\"https:\/\/www.facebook.com\/laguiadepamplonacom-133175176762273\/?ref=hl\" \/>\n<meta property=\"article:published_time\" content=\"2025-04-04T15:09:43+00:00\" \/>\n<meta property=\"og:image\" content=\"https:\/\/www.laguiadepamplona.com\/actualidad\/wp-content\/uploads\/2025\/04\/pamplonaemprende1copia.webp\" \/>\n\t<meta property=\"og:image:width\" content=\"1000\" \/>\n\t<meta property=\"og:image:height\" content=\"667\" \/>\n\t<meta property=\"og:image:type\" content=\"image\/webp\" \/>\n<meta name=\"author\" content=\"La Gu\u00eda de Pamplona\" \/>\n<meta name=\"twitter:card\" content=\"summary_large_image\" \/>\n<meta name=\"twitter:creator\" content=\"@LaGuiadPamplona\" \/>\n<meta name=\"twitter:site\" content=\"@LaGuiadPamplona\" \/>\n<meta name=\"twitter:label1\" content=\"Escrito por\" \/>\n\t<meta name=\"twitter:data1\" content=\"La Gu\u00eda de Pamplona\" \/>\n\t<meta name=\"twitter:label2\" content=\"Tiempo de lectura\" \/>\n\t<meta name=\"twitter:data2\" content=\"4 minutos\" \/>\n<script type=\"application\/ld+json\" class=\"yoast-schema-graph\">{\"@context\":\"https:\\\/\\\/schema.org\",\"@graph\":[{\"@type\":\"Article\",\"@id\":\"https:\\\/\\\/www.laguiadepamplona.com\\\/actualidad\\\/ayuntamiento-de-pamplona-y-cein-lanzan-una-nueva-edicion-de-iruna-ekintzaile-pamplona-emprende-enfocada-en-el-sector-comercial\\\/#article\",\"isPartOf\":{\"@id\":\"https:\\\/\\\/www.laguiadepamplona.com\\\/actualidad\\\/ayuntamiento-de-pamplona-y-cein-lanzan-una-nueva-edicion-de-iruna-ekintzaile-pamplona-emprende-enfocada-en-el-sector-comercial\\\/\"},\"author\":{\"name\":\"La Gu\u00eda de Pamplona\",\"@id\":\"https:\\\/\\\/www.laguiadepamplona.com\\\/actualidad\\\/#\\\/schema\\\/person\\\/efe887376f0213d4657c93adc50b1fdb\"},\"headline\":\"Ayuntamiento de Pamplona y CEIN lanzan una nueva edici\u00f3n de Iru\u00f1a Ekintzaile \u2013 Pamplona Emprende, enfocada en el sector comercial\",\"datePublished\":\"2025-04-04T15:09:43+00:00\",\"mainEntityOfPage\":{\"@id\":\"https:\\\/\\\/www.laguiadepamplona.com\\\/actualidad\\\/ayuntamiento-de-pamplona-y-cein-lanzan-una-nueva-edicion-de-iruna-ekintzaile-pamplona-emprende-enfocada-en-el-sector-comercial\\\/\"},\"wordCount\":801,\"commentCount\":0,\"publisher\":{\"@id\":\"https:\\\/\\\/www.laguiadepamplona.com\\\/actualidad\\\/#organization\"},\"image\":{\"@id\":\"https:\\\/\\\/www.laguiadepamplona.com\\\/actualidad\\\/ayuntamiento-de-pamplona-y-cein-lanzan-una-nueva-edicion-de-iruna-ekintzaile-pamplona-emprende-enfocada-en-el-sector-comercial\\\/#primaryimage\"},\"thumbnailUrl\":\"https:\\\/\\\/www.laguiadepamplona.com\\\/actualidad\\\/wp-content\\\/uploads\\\/2025\\\/04\\\/pamplonaemprende1copia.webp\",\"articleSection\":[\"Ayto Pamplona\"],\"inLanguage\":\"es\",\"potentialAction\":[{\"@type\":\"CommentAction\",\"name\":\"Comment\",\"target\":[\"https:\\\/\\\/www.laguiadepamplona.com\\\/actualidad\\\/ayuntamiento-de-pamplona-y-cein-lanzan-una-nueva-edicion-de-iruna-ekintzaile-pamplona-emprende-enfocada-en-el-sector-comercial\\\/#respond\"]}]},{\"@type\":\"WebPage\",\"@id\":\"https:\\\/\\\/www.laguiadepamplona.com\\\/actualidad\\\/ayuntamiento-de-pamplona-y-cein-lanzan-una-nueva-edicion-de-iruna-ekintzaile-pamplona-emprende-enfocada-en-el-sector-comercial\\\/\",\"url\":\"https:\\\/\\\/www.laguiadepamplona.com\\\/actualidad\\\/ayuntamiento-de-pamplona-y-cein-lanzan-una-nueva-edicion-de-iruna-ekintzaile-pamplona-emprende-enfocada-en-el-sector-comercial\\\/\",\"name\":\"Ayuntamiento de Pamplona y CEIN lanzan una nueva edici\u00f3n de Iru\u00f1a Ekintzaile \u2013 Pamplona Emprende, enfocada en el sector comercial\",\"isPartOf\":{\"@id\":\"https:\\\/\\\/www.laguiadepamplona.com\\\/actualidad\\\/#website\"},\"primaryImageOfPage\":{\"@id\":\"https:\\\/\\\/www.laguiadepamplona.com\\\/actualidad\\\/ayuntamiento-de-pamplona-y-cein-lanzan-una-nueva-edicion-de-iruna-ekintzaile-pamplona-emprende-enfocada-en-el-sector-comercial\\\/#primaryimage\"},\"image\":{\"@id\":\"https:\\\/\\\/www.laguiadepamplona.com\\\/actualidad\\\/ayuntamiento-de-pamplona-y-cein-lanzan-una-nueva-edicion-de-iruna-ekintzaile-pamplona-emprende-enfocada-en-el-sector-comercial\\\/#primaryimage\"},\"thumbnailUrl\":\"https:\\\/\\\/www.laguiadepamplona.com\\\/actualidad\\\/wp-content\\\/uploads\\\/2025\\\/04\\\/pamplonaemprende1copia.webp\",\"datePublished\":\"2025-04-04T15:09:43+00:00\",\"description\":\"El programa apoya el desarrollo de nuevas ideas de negocio en el \u00e1mbito comercial, el fortalecimiento de comercios en marcha y el traspaso de establecimientos comerciales\",\"breadcrumb\":{\"@id\":\"https:\\\/\\\/www.laguiadepamplona.com\\\/actualidad\\\/ayuntamiento-de-pamplona-y-cein-lanzan-una-nueva-edicion-de-iruna-ekintzaile-pamplona-emprende-enfocada-en-el-sector-comercial\\\/#breadcrumb\"},\"inLanguage\":\"es\",\"potentialAction\":[{\"@type\":\"ReadAction\",\"target\":[\"https:\\\/\\\/www.laguiadepamplona.com\\\/actualidad\\\/ayuntamiento-de-pamplona-y-cein-lanzan-una-nueva-edicion-de-iruna-ekintzaile-pamplona-emprende-enfocada-en-el-sector-comercial\\\/\"]}]},{\"@type\":\"ImageObject\",\"inLanguage\":\"es\",\"@id\":\"https:\\\/\\\/www.laguiadepamplona.com\\\/actualidad\\\/ayuntamiento-de-pamplona-y-cein-lanzan-una-nueva-edicion-de-iruna-ekintzaile-pamplona-emprende-enfocada-en-el-sector-comercial\\\/#primaryimage\",\"url\":\"https:\\\/\\\/www.laguiadepamplona.com\\\/actualidad\\\/wp-content\\\/uploads\\\/2025\\\/04\\\/pamplonaemprende1copia.webp\",\"contentUrl\":\"https:\\\/\\\/www.laguiadepamplona.com\\\/actualidad\\\/wp-content\\\/uploads\\\/2025\\\/04\\\/pamplonaemprende1copia.webp\",\"width\":1000,\"height\":667,\"caption\":\"pamplona emprende\"},{\"@type\":\"BreadcrumbList\",\"@id\":\"https:\\\/\\\/www.laguiadepamplona.com\\\/actualidad\\\/ayuntamiento-de-pamplona-y-cein-lanzan-una-nueva-edicion-de-iruna-ekintzaile-pamplona-emprende-enfocada-en-el-sector-comercial\\\/#breadcrumb\",\"itemListElement\":[{\"@type\":\"ListItem\",\"position\":1,\"name\":\"Portada\",\"item\":\"https:\\\/\\\/www.laguiadepamplona.com\\\/actualidad\\\/\"},{\"@type\":\"ListItem\",\"position\":2,\"name\":\"Ayuntamiento de Pamplona y CEIN lanzan una nueva edici\u00f3n de Iru\u00f1a Ekintzaile \u2013 Pamplona Emprende, enfocada en el sector comercial\"}]},{\"@type\":\"WebSite\",\"@id\":\"https:\\\/\\\/www.laguiadepamplona.com\\\/actualidad\\\/#website\",\"url\":\"https:\\\/\\\/www.laguiadepamplona.com\\\/actualidad\\\/\",\"name\":\"La gu\u00eda de Pamplona\",\"description\":\"Noticias de Pamplona\",\"publisher\":{\"@id\":\"https:\\\/\\\/www.laguiadepamplona.com\\\/actualidad\\\/#organization\"},\"potentialAction\":[{\"@type\":\"SearchAction\",\"target\":{\"@type\":\"EntryPoint\",\"urlTemplate\":\"https:\\\/\\\/www.laguiadepamplona.com\\\/actualidad\\\/?s={search_term_string}\"},\"query-input\":{\"@type\":\"PropertyValueSpecification\",\"valueRequired\":true,\"valueName\":\"search_term_string\"}}],\"inLanguage\":\"es\"},{\"@type\":\"Organization\",\"@id\":\"https:\\\/\\\/www.laguiadepamplona.com\\\/actualidad\\\/#organization\",\"name\":\"La Gu\u00eda de Pamplona \\\/ Noticias\",\"url\":\"https:\\\/\\\/www.laguiadepamplona.com\\\/actualidad\\\/\",\"logo\":{\"@type\":\"ImageObject\",\"inLanguage\":\"es\",\"@id\":\"https:\\\/\\\/www.laguiadepamplona.com\\\/actualidad\\\/#\\\/schema\\\/logo\\\/image\\\/\",\"url\":\"https:\\\/\\\/www.laguiadepamplona.com\\\/actualidad\\\/wp-content\\\/uploads\\\/2018\\\/11\\\/logo-laguiadepamplona18-web1.png\",\"contentUrl\":\"https:\\\/\\\/www.laguiadepamplona.com\\\/actualidad\\\/wp-content\\\/uploads\\\/2018\\\/11\\\/logo-laguiadepamplona18-web1.png\",\"width\":600,\"height\":196,\"caption\":\"La Gu\u00eda de Pamplona \\\/ Noticias\"},\"image\":{\"@id\":\"https:\\\/\\\/www.laguiadepamplona.com\\\/actualidad\\\/#\\\/schema\\\/logo\\\/image\\\/\"},\"sameAs\":[\"https:\\\/\\\/www.facebook.com\\\/laguiadepamplonacom-133175176762273\\\/?ref=hl\",\"https:\\\/\\\/x.com\\\/LaGuiadPamplona\",\"https:\\\/\\\/www.instagram.com\\\/la_guia_de_pamplona\\\/\",\"https:\\\/\\\/www.youtube.com\\\/user\\\/laguiadepamplona\"]},{\"@type\":\"Person\",\"@id\":\"https:\\\/\\\/www.laguiadepamplona.com\\\/actualidad\\\/#\\\/schema\\\/person\\\/efe887376f0213d4657c93adc50b1fdb\",\"name\":\"La Gu\u00eda de Pamplona\",\"image\":{\"@type\":\"ImageObject\",\"inLanguage\":\"es\",\"@id\":\"https:\\\/\\\/secure.gravatar.com\\\/avatar\\\/b6992f131dc8d30ab0dff15446e9d346d9dbd95992de0fef795073f5ea83a81c?s=96&d=mm&r=g\",\"url\":\"https:\\\/\\\/secure.gravatar.com\\\/avatar\\\/b6992f131dc8d30ab0dff15446e9d346d9dbd95992de0fef795073f5ea83a81c?s=96&d=mm&r=g\",\"contentUrl\":\"https:\\\/\\\/secure.gravatar.com\\\/avatar\\\/b6992f131dc8d30ab0dff15446e9d346d9dbd95992de0fef795073f5ea83a81c?s=96&d=mm&r=g\",\"caption\":\"La Gu\u00eda de Pamplona\"}}]}<\/script>\n<!-- \/ Yoast SEO plugin. -->","yoast_head_json":{"title":"Ayuntamiento de Pamplona y CEIN lanzan una nueva edici\u00f3n de Iru\u00f1a Ekintzaile \u2013 Pamplona Emprende, enfocada en el sector comercial","description":"El programa apoya el desarrollo de nuevas ideas de negocio en el \u00e1mbito comercial, el fortalecimiento de comercios en marcha y el traspaso de establecimientos comerciales","robots":{"index":"index","follow":"follow","max-snippet":"max-snippet:-1","max-image-preview":"max-image-preview:large","max-video-preview":"max-video-preview:-1"},"canonical":"https:\/\/www.laguiadepamplona.com\/actualidad\/ayuntamiento-de-pamplona-y-cein-lanzan-una-nueva-edicion-de-iruna-ekintzaile-pamplona-emprende-enfocada-en-el-sector-comercial\/","og_locale":"es_ES","og_type":"article","og_title":"Ayuntamiento de Pamplona y CEIN lanzan una nueva edici\u00f3n de Iru\u00f1a Ekintzaile \u2013 Pamplona Emprende, enfocada en el sector comercial","og_description":"El programa apoya el desarrollo de nuevas ideas de negocio en el \u00e1mbito comercial, el fortalecimiento de comercios en marcha y el traspaso de establecimientos comerciales","og_url":"https:\/\/www.laguiadepamplona.com\/actualidad\/ayuntamiento-de-pamplona-y-cein-lanzan-una-nueva-edicion-de-iruna-ekintzaile-pamplona-emprende-enfocada-en-el-sector-comercial\/","og_site_name":"La Gu\u00eda de Pamplona","article_publisher":"https:\/\/www.facebook.com\/laguiadepamplonacom-133175176762273\/?ref=hl","article_published_time":"2025-04-04T15:09:43+00:00","og_image":[{"width":1000,"height":667,"url":"https:\/\/www.laguiadepamplona.com\/actualidad\/wp-content\/uploads\/2025\/04\/pamplonaemprende1copia.webp","type":"image\/webp"}],"author":"La Gu\u00eda de Pamplona","twitter_card":"summary_large_image","twitter_creator":"@LaGuiadPamplona","twitter_site":"@LaGuiadPamplona","twitter_misc":{"Escrito por":"La Gu\u00eda de Pamplona","Tiempo de lectura":"4 minutos"},"schema":{"@context":"https:\/\/schema.org","@graph":[{"@type":"Article","@id":"https:\/\/www.laguiadepamplona.com\/actualidad\/ayuntamiento-de-pamplona-y-cein-lanzan-una-nueva-edicion-de-iruna-ekintzaile-pamplona-emprende-enfocada-en-el-sector-comercial\/#article","isPartOf":{"@id":"https:\/\/www.laguiadepamplona.com\/actualidad\/ayuntamiento-de-pamplona-y-cein-lanzan-una-nueva-edicion-de-iruna-ekintzaile-pamplona-emprende-enfocada-en-el-sector-comercial\/"},"author":{"name":"La Gu\u00eda de Pamplona","@id":"https:\/\/www.laguiadepamplona.com\/actualidad\/#\/schema\/person\/efe887376f0213d4657c93adc50b1fdb"},"headline":"Ayuntamiento de Pamplona y CEIN lanzan una nueva edici\u00f3n de Iru\u00f1a Ekintzaile \u2013 Pamplona Emprende, enfocada en el sector comercial","datePublished":"2025-04-04T15:09:43+00:00","mainEntityOfPage":{"@id":"https:\/\/www.laguiadepamplona.com\/actualidad\/ayuntamiento-de-pamplona-y-cein-lanzan-una-nueva-edicion-de-iruna-ekintzaile-pamplona-emprende-enfocada-en-el-sector-comercial\/"},"wordCount":801,"commentCount":0,"publisher":{"@id":"https:\/\/www.laguiadepamplona.com\/actualidad\/#organization"},"image":{"@id":"https:\/\/www.laguiadepamplona.com\/actualidad\/ayuntamiento-de-pamplona-y-cein-lanzan-una-nueva-edicion-de-iruna-ekintzaile-pamplona-emprende-enfocada-en-el-sector-comercial\/#primaryimage"},"thumbnailUrl":"https:\/\/www.laguiadepamplona.com\/actualidad\/wp-content\/uploads\/2025\/04\/pamplonaemprende1copia.webp","articleSection":["Ayto Pamplona"],"inLanguage":"es","potentialAction":[{"@type":"CommentAction","name":"Comment","target":["https:\/\/www.laguiadepamplona.com\/actualidad\/ayuntamiento-de-pamplona-y-cein-lanzan-una-nueva-edicion-de-iruna-ekintzaile-pamplona-emprende-enfocada-en-el-sector-comercial\/#respond"]}]},{"@type":"WebPage","@id":"https:\/\/www.laguiadepamplona.com\/actualidad\/ayuntamiento-de-pamplona-y-cein-lanzan-una-nueva-edicion-de-iruna-ekintzaile-pamplona-emprende-enfocada-en-el-sector-comercial\/","url":"https:\/\/www.laguiadepamplona.com\/actualidad\/ayuntamiento-de-pamplona-y-cein-lanzan-una-nueva-edicion-de-iruna-ekintzaile-pamplona-emprende-enfocada-en-el-sector-comercial\/","name":"Ayuntamiento de Pamplona y CEIN lanzan una nueva edici\u00f3n de Iru\u00f1a Ekintzaile \u2013 Pamplona Emprende, enfocada en el sector comercial","isPartOf":{"@id":"https:\/\/www.laguiadepamplona.com\/actualidad\/#website"},"primaryImageOfPage":{"@id":"https:\/\/www.laguiadepamplona.com\/actualidad\/ayuntamiento-de-pamplona-y-cein-lanzan-una-nueva-edicion-de-iruna-ekintzaile-pamplona-emprende-enfocada-en-el-sector-comercial\/#primaryimage"},"image":{"@id":"https:\/\/www.laguiadepamplona.com\/actualidad\/ayuntamiento-de-pamplona-y-cein-lanzan-una-nueva-edicion-de-iruna-ekintzaile-pamplona-emprende-enfocada-en-el-sector-comercial\/#primaryimage"},"thumbnailUrl":"https:\/\/www.laguiadepamplona.com\/actualidad\/wp-content\/uploads\/2025\/04\/pamplonaemprende1copia.webp","datePublished":"2025-04-04T15:09:43+00:00","description":"El programa apoya el desarrollo de nuevas ideas de negocio en el \u00e1mbito comercial, el fortalecimiento de comercios en marcha y el traspaso de establecimientos comerciales","breadcrumb":{"@id":"https:\/\/www.laguiadepamplona.com\/actualidad\/ayuntamiento-de-pamplona-y-cein-lanzan-una-nueva-edicion-de-iruna-ekintzaile-pamplona-emprende-enfocada-en-el-sector-comercial\/#breadcrumb"},"inLanguage":"es","potentialAction":[{"@type":"ReadAction","target":["https:\/\/www.laguiadepamplona.com\/actualidad\/ayuntamiento-de-pamplona-y-cein-lanzan-una-nueva-edicion-de-iruna-ekintzaile-pamplona-emprende-enfocada-en-el-sector-comercial\/"]}]},{"@type":"ImageObject","inLanguage":"es","@id":"https:\/\/www.laguiadepamplona.com\/actualidad\/ayuntamiento-de-pamplona-y-cein-lanzan-una-nueva-edicion-de-iruna-ekintzaile-pamplona-emprende-enfocada-en-el-sector-comercial\/#primaryimage","url":"https:\/\/www.laguiadepamplona.com\/actualidad\/wp-content\/uploads\/2025\/04\/pamplonaemprende1copia.webp","contentUrl":"https:\/\/www.laguiadepamplona.com\/actualidad\/wp-content\/uploads\/2025\/04\/pamplonaemprende1copia.webp","width":1000,"height":667,"caption":"pamplona emprende"},{"@type":"BreadcrumbList","@id":"https:\/\/www.laguiadepamplona.com\/actualidad\/ayuntamiento-de-pamplona-y-cein-lanzan-una-nueva-edicion-de-iruna-ekintzaile-pamplona-emprende-enfocada-en-el-sector-comercial\/#breadcrumb","itemListElement":[{"@type":"ListItem","position":1,"name":"Portada","item":"https:\/\/www.laguiadepamplona.com\/actualidad\/"},{"@type":"ListItem","position":2,"name":"Ayuntamiento de Pamplona y CEIN lanzan una nueva edici\u00f3n de Iru\u00f1a Ekintzaile \u2013 Pamplona Emprende, enfocada en el sector comercial"}]},{"@type":"WebSite","@id":"https:\/\/www.laguiadepamplona.com\/actualidad\/#website","url":"https:\/\/www.laguiadepamplona.com\/actualidad\/","name":"La gu\u00eda de Pamplona","description":"Noticias de Pamplona","publisher":{"@id":"https:\/\/www.laguiadepamplona.com\/actualidad\/#organization"},"potentialAction":[{"@type":"SearchAction","target":{"@type":"EntryPoint","urlTemplate":"https:\/\/www.laguiadepamplona.com\/actualidad\/?s={search_term_string}"},"query-input":{"@type":"PropertyValueSpecification","valueRequired":true,"valueName":"search_term_string"}}],"inLanguage":"es"},{"@type":"Organization","@id":"https:\/\/www.laguiadepamplona.com\/actualidad\/#organization","name":"La Gu\u00eda de Pamplona \/ Noticias","url":"https:\/\/www.laguiadepamplona.com\/actualidad\/","logo":{"@type":"ImageObject","inLanguage":"es","@id":"https:\/\/www.laguiadepamplona.com\/actualidad\/#\/schema\/logo\/image\/","url":"https:\/\/www.laguiadepamplona.com\/actualidad\/wp-content\/uploads\/2018\/11\/logo-laguiadepamplona18-web1.png","contentUrl":"https:\/\/www.laguiadepamplona.com\/actualidad\/wp-content\/uploads\/2018\/11\/logo-laguiadepamplona18-web1.png","width":600,"height":196,"caption":"La Gu\u00eda de Pamplona \/ Noticias"},"image":{"@id":"https:\/\/www.laguiadepamplona.com\/actualidad\/#\/schema\/logo\/image\/"},"sameAs":["https:\/\/www.facebook.com\/laguiadepamplonacom-133175176762273\/?ref=hl","https:\/\/x.com\/LaGuiadPamplona","https:\/\/www.instagram.com\/la_guia_de_pamplona\/","https:\/\/www.youtube.com\/user\/laguiadepamplona"]},{"@type":"Person","@id":"https:\/\/www.laguiadepamplona.com\/actualidad\/#\/schema\/person\/efe887376f0213d4657c93adc50b1fdb","name":"La Gu\u00eda de Pamplona","image":{"@type":"ImageObject","inLanguage":"es","@id":"https:\/\/secure.gravatar.com\/avatar\/b6992f131dc8d30ab0dff15446e9d346d9dbd95992de0fef795073f5ea83a81c?s=96&d=mm&r=g","url":"https:\/\/secure.gravatar.com\/avatar\/b6992f131dc8d30ab0dff15446e9d346d9dbd95992de0fef795073f5ea83a81c?s=96&d=mm&r=g","contentUrl":"https:\/\/secure.gravatar.com\/avatar\/b6992f131dc8d30ab0dff15446e9d346d9dbd95992de0fef795073f5ea83a81c?s=96&d=mm&r=g","caption":"La Gu\u00eda de Pamplona"}}]}},"post_mailing_queue_ids":[],"_links":{"self":[{"href":"https:\/\/www.laguiadepamplona.com\/actualidad\/wp-json\/wp\/v2\/posts\/52649","targetHints":{"allow":["GET"]}}],"collection":[{"href":"https:\/\/www.laguiadepamplona.com\/actualidad\/wp-json\/wp\/v2\/posts"}],"about":[{"href":"https:\/\/www.laguiadepamplona.com\/actualidad\/wp-json\/wp\/v2\/types\/post"}],"author":[{"embeddable":true,"href":"https:\/\/www.laguiadepamplona.com\/actualidad\/wp-json\/wp\/v2\/users\/1"}],"replies":[{"embeddable":true,"href":"https:\/\/www.laguiadepamplona.com\/actualidad\/wp-json\/wp\/v2\/comments?post=52649"}],"version-history":[{"count":1,"href":"https:\/\/www.laguiadepamplona.com\/actualidad\/wp-json\/wp\/v2\/posts\/52649\/revisions"}],"predecessor-version":[{"id":52651,"href":"https:\/\/www.laguiadepamplona.com\/actualidad\/wp-json\/wp\/v2\/posts\/52649\/revisions\/52651"}],"wp:featuredmedia":[{"embeddable":true,"href":"https:\/\/www.laguiadepamplona.com\/actualidad\/wp-json\/wp\/v2\/media\/52650"}],"wp:attachment":[{"href":"https:\/\/www.laguiadepamplona.com\/actualidad\/wp-json\/wp\/v2\/media?parent=52649"}],"wp:term":[{"taxonomy":"category","embeddable":true,"href":"https:\/\/www.laguiadepamplona.com\/actualidad\/wp-json\/wp\/v2\/categories?post=52649"},{"taxonomy":"post_tag","embeddable":true,"href":"https:\/\/www.laguiadepamplona.com\/actualidad\/wp-json\/wp\/v2\/tags?post=52649"}],"curies":[{"name":"wp","href":"https:\/\/api.w.org\/{rel}","templated":true}]}}