{"id":52635,"date":"2025-04-03T12:56:34","date_gmt":"2025-04-03T10:56:34","guid":{"rendered":"https:\/\/www.laguiadepamplona.com\/actualidad\/?p=52635"},"modified":"2025-04-03T12:56:34","modified_gmt":"2025-04-03T10:56:34","slug":"la-diversidad-es-la-clave-de-la-exposicion-artea-oinez-2025-arte-mas-alla-de-la-vista-integrada-por-obra-de-90-creadores","status":"publish","type":"post","link":"https:\/\/www.laguiadepamplona.com\/actualidad\/la-diversidad-es-la-clave-de-la-exposicion-artea-oinez-2025-arte-mas-alla-de-la-vista-integrada-por-obra-de-90-creadores\/","title":{"rendered":"La diversidad es la clave de la exposici\u00f3n Artea Oinez 2025, \u2018Arte m\u00e1s all\u00e1 de la vista\u2019, integrada por obra de 90 creadores"},"content":{"rendered":"<h2>La edici\u00f3n de este a\u00f1o reconoce al artista navarro Pello Azketa Menaia, en homenaje al trabajo de autores con discapacidad visual, como Idoia D\u00edaz C\u00e1mara y Javier Ruiz del Castillo, tambi\u00e9n presentes en la muestra<\/h2>\n<p><!--more--><\/p>\n<p>El Palacio del Condestable acoge desde este jueves y hasta el 1 de junio la exposici\u00f3n colectiva \u2018Arte m\u00e1s all\u00e1 de la vista\u2019, con la participaci\u00f3n de 90 creadores y comisariada por Rakel Suescun Eguaras. La muestra de Artea Oinez 2025, vinculada a la celebraci\u00f3n del Nafarroa Oinez el 19 de octubre en Villava, de la mano de Paz de Ziganda Ikastola, supone una oportunidad de acercamiento a las vanguardias art\u00edsticas desde una perspectiva multidisciplinar.<\/p>\n<p>La muestra quiere poner en valor de manera espec\u00edfica a artistas con discapacidad visual, como Idoia D\u00edaz C\u00e1mara, Javier Ruiz del Castillo y, especialmente, Pello Azketa Menaia, tres creadores navarros presentes en el Museo Tiflol\u00f3gico de la ONCE en Madrid y que exponen obra en Artea Oinez. As\u00ed lo han presentado esta ma\u00f1ana la concejala de Cultura, Fiestas, Educaci\u00f3n y Deporte, Maider Beloki Unzu; el director de la Federaci\u00f3n Navarra de Ikastolas y comisario de la exposici\u00f3n, Josu Reparaz Leiza; y el director de Paz de Ziganda Ikastola, organizadora del Nafarroa Oinez 2025, I\u00f1aki Erroz.<\/p>\n<p>La exposici\u00f3n, que ocupa las salas 1 y 2 de la primera planta de Condestable, condensa una amalgama vibrante de inquietudes y reflexiones, un di\u00e1logo de universos visuales de distintas generaciones que celebran la diversidad como principio esencial. Los temas, actuales, abarcan el cuerpo humano, la construcci\u00f3n social del paisaje, pr\u00e1cticas de archivo, memoria pol\u00edtica, fotomontajes o el apropiacionismo, entre otros.<\/p>\n<p>La riqueza de la muestra radica en la convivencia en un mismo espacio de propuestas muy diversas, ancladas en la sociedad del siglo XXI, con la inclusi\u00f3n, la tolerancia, la radicalidad y el feminismo como reafirmaci\u00f3n del presente y apuesta de futuro. La difusi\u00f3n de la creaci\u00f3n art\u00edstica se promueve a trav\u00e9s de programas educativos, talleres y la elaboraci\u00f3n de una gu\u00eda divulgativa, con el objetivo de fomentar la creatividad y la autoexpresi\u00f3n, para mejorar la convivencia y el respeto.<\/p>\n<p><strong>Diversidad funcional<\/strong><\/p>\n<p>\u2018Arte m\u00e1s all\u00e1 de la vista\u2019 pone el \u00e9nfasis en las dificultades que sufren las personas creadoras con limitaciones visuales. La muestra intenta saldar, de alguna manera, la deuda pendiente con los y las artistas que sufren baja visi\u00f3n o ceguera, y mantienen contra viento y marea su fuerza expresiva, produciendo arte con sus manos, con sus cuerpos, con sus mentes\u2026 Su trabajo y su empe\u00f1o en ofrecer a la sociedad propuestas desde \u201cotro\u201d punto de vista resulta admirable, como testimonia la obra de los navarros Idoia D\u00edaz C\u00e1mara, Javier Ruiz del Castillo y, de manera especial, Pello Azketa Menaia, participante en todas las exposiciones de Artea Oinez.<\/p>\n<p>Pello Azketa Menaia (1948), diagnosticado con una enfermedad degenerativa en la infancia, ingres\u00f3 en 1968 en la Escuela de Artes y Oficios, donde se inici\u00f3 como pintor, con el apoyo incondicional de su familia y a la ayuda de profesorado adelantado a su tiempo: J.M. Ascunce, I. Baquedano y J. Beunza. En los a\u00f1os 70, tiempo en que se vive la reacci\u00f3n social por la dictadura, comienza a exponer, y se integra en la denominada Escuela de Pamplona, movimiento con aires de libertad que emerge del letargo art\u00edstico y cultural de la \u00e9poca.<\/p>\n<p>En 1973, el creador navarro dispone de un estudio propio, donde sigue el consejo de sus profesores de la Escuela, pintando hasta la extenuaci\u00f3n. Es el tiempo de sus famosas obras de construcci\u00f3n, que expresan los nuevos l\u00edmites de la ciudad, paisajes con figura abiertos a la reflexi\u00f3n, al silencio, y tambi\u00e9n al humor. Su obra se centra en lo t\u00e1ctil, con atenci\u00f3n al volumen y construcciones tridimensionales.<\/p>\n<p>&nbsp;<\/p>\n<h3>Artea Oinez 2025. Del 3 de abril al 1 de junio<\/h3>\n<p>&nbsp;<\/p>\n<ul>\n<li>Palacio del Condestable\n<ul>\n<li>Xabier Agirre<\/li>\n<li>Elena Aitzkoa<\/li>\n<li>Faustino Aizkorbe<\/li>\n<li>Juan Aizpitarte<\/li>\n<li>Greta Alfaro<\/li>\n<li>Jos\u00e9 Ram\u00f3n Anda<\/li>\n<li>Marta Aramendia<\/li>\n<li>Ibon Aranberri<\/li>\n<li>Pello Azketa<\/li>\n<li>Txomin Badiola<\/li>\n<li>Nadia Barkate<\/li>\n<li>Baroja Collet<\/li>\n<li>Nestor Basterretxea<\/li>\n<li>Argi\u00f1e Berastegi<\/li>\n<li>Clemente Bernad<\/li>\n<li>Carlos C\u00e1novas<\/li>\n<li>Jorge Cardarelli<\/li>\n<li>Concha Cilveti<\/li>\n<li>Jos\u00e9 Miguel Corral<\/li>\n<li>June Crespo<\/li>\n<li>Josette Dacosta<\/li>\n<li>Bingen de Pedro<\/li>\n<li>Xabier de Zerio<\/li>\n<li>Naia del Castillo<\/li>\n<li>Idoia D\u00edaz<\/li>\n<li>Ferm\u00edn D\u00edez de Ulzurrun<\/li>\n<li>Miren Doiz<\/li>\n<li>Mikel Eskauriaza<\/li>\n<li>Celia Eslava<\/li>\n<li>Oier Etxeberria<\/li>\n<li>Andoni Euba<\/li>\n<li>Jon Mikel Euba<\/li>\n<li>Leopoldo Ferr\u00e1n<\/li>\n<li>Txaro Fontalba<\/li>\n<li>I\u00f1aki Garmendia<\/li>\n<li>\u00c1ngel Garraza<\/li>\n<li>Kepa Garraza<\/li>\n<li>Asunci\u00f3n Goikoetxea<\/li>\n<li>Patrik Grijalvo<\/li>\n<li>Mari Puri Herrero<\/li>\n<li>Reyes Ibarrondo<\/li>\n<li>Juan Jes\u00fas Ilund\u00e1in<\/li>\n<li>Mintxo Ilund\u00e1in<\/li>\n<li>Zaloa Ipi\u00f1a<\/li>\n<li>Pello Irazu<\/li>\n<li>Carlos Irijalba<\/li>\n<li>Oier Iruretagoiena<\/li>\n<li>Miriam Isasi<\/li>\n<li>Koldobika Jauregi<\/li>\n<li>Mar\u00eda Jauregui Ponte<\/li>\n<li>Ferm\u00edn Jim\u00e9nez Landa<\/li>\n<li>Mar\u00eda Jim\u00e9nez Moreno<\/li>\n<li>Vicente Larrea<\/li>\n<li>Abigail Lazkoz<\/li>\n<li>Mikel Lertxundi<\/li>\n<li>Elba Mart\u00ednez<\/li>\n<li>Asier Mendizabal<\/li>\n<li>Juan Mieg<\/li>\n<li>Amaia Molinet<\/li>\n<li>Idoia Mont\u00f3n<\/li>\n<li>\u00c1ngela Moreno<\/li>\n<li>Hasier Moreno<\/li>\n<li>Xabier Morr\u00e1s<\/li>\n<li>Rafael Mun\u00e1rriz<\/li>\n<li>Manu Muniategiandikoetxea<\/li>\n<li>Itziar Okariz<\/li>\n<li>F\u00e9lix Ortega<\/li>\n<li>Eugenio Ortiz<\/li>\n<li>Fernando Pagola<\/li>\n<li>Oaia Peruarena<\/li>\n<li>Txuspo Poyo<\/li>\n<li>Sergio Prego<\/li>\n<li>Mari Jose Recalde<\/li>\n<li>Mabi Revuelta<\/li>\n<li>Ana Ria\u00f1o<\/li>\n<li>Koko Rico<\/li>\n<li>David Rodr\u00edguez Caballero<\/li>\n<li>Patxi Ruiz del Castillo<\/li>\n<li>Teresa Sabat\u00e9<\/li>\n<li>Ixone S\u00e1daba<\/li>\n<li>Xabier Salaberria<\/li>\n<li>Dora Salazar<\/li>\n<li>Helena Santano Cid<\/li>\n<li>Mertxe Sueskun<\/li>\n<li>Juan Sukilbide<\/li>\n<li>Susana Talayero<\/li>\n<li>H\u00e9ctor Urra<\/li>\n<li>Azucena Vieites<\/li>\n<li>Bego\u00f1a Zubero<\/li>\n<li>Jose Luis Zumeta<\/li>\n<\/ul>\n<\/li>\n<\/ul>\n","protected":false},"excerpt":{"rendered":"<p>La edici\u00f3n de este a\u00f1o reconoce al artista navarro Pello Azketa Menaia, en homenaje al trabajo de autores con discapacidad visual, como Idoia D\u00edaz C\u00e1mara y Javier Ruiz del Castillo,&#8230;<\/p>\n","protected":false},"author":1,"featured_media":17390,"comment_status":"open","ping_status":"closed","sticky":false,"template":"","format":"standard","meta":{"footnotes":""},"categories":[2],"tags":[],"class_list":["post-52635","post","type-post","status-publish","format-standard","has-post-thumbnail","hentry","category-ayuntamiento-pamplona"],"yoast_head":"<!-- This site is optimized with the Yoast SEO plugin v27.3 - https:\/\/yoast.com\/product\/yoast-seo-wordpress\/ -->\n<title>La diversidad es la clave de la exposici\u00f3n Artea Oinez 2025, \u2018Arte m\u00e1s all\u00e1 de la vista\u2019, integrada por obra de 90 creadores<\/title>\n<meta name=\"description\" content=\"La edici\u00f3n de este a\u00f1o reconoce al artista navarro Pello Azketa Menaia, en homenaje al trabajo de autores con discapacidad visual\" \/>\n<meta name=\"robots\" content=\"index, follow, max-snippet:-1, max-image-preview:large, max-video-preview:-1\" \/>\n<link rel=\"canonical\" href=\"https:\/\/www.laguiadepamplona.com\/actualidad\/la-diversidad-es-la-clave-de-la-exposicion-artea-oinez-2025-arte-mas-alla-de-la-vista-integrada-por-obra-de-90-creadores\/\" \/>\n<meta property=\"og:locale\" content=\"es_ES\" \/>\n<meta property=\"og:type\" content=\"article\" \/>\n<meta property=\"og:title\" content=\"La diversidad es la clave de la exposici\u00f3n Artea Oinez 2025, \u2018Arte m\u00e1s all\u00e1 de la vista\u2019, integrada por obra de 90 creadores\" \/>\n<meta property=\"og:description\" content=\"La edici\u00f3n de este a\u00f1o reconoce al artista navarro Pello Azketa Menaia, en homenaje al trabajo de autores con discapacidad visual\" \/>\n<meta property=\"og:url\" content=\"https:\/\/www.laguiadepamplona.com\/actualidad\/la-diversidad-es-la-clave-de-la-exposicion-artea-oinez-2025-arte-mas-alla-de-la-vista-integrada-por-obra-de-90-creadores\/\" \/>\n<meta property=\"og:site_name\" content=\"La Gu\u00eda de Pamplona\" \/>\n<meta property=\"article:publisher\" content=\"https:\/\/www.facebook.com\/laguiadepamplonacom-133175176762273\/?ref=hl\" \/>\n<meta property=\"article:published_time\" content=\"2025-04-03T10:56:34+00:00\" \/>\n<meta property=\"og:image\" content=\"https:\/\/www.laguiadepamplona.com\/actualidad\/wp-content\/uploads\/2018\/05\/palacio-condestable.jpg\" \/>\n\t<meta property=\"og:image:width\" content=\"950\" \/>\n\t<meta property=\"og:image:height\" content=\"634\" \/>\n\t<meta property=\"og:image:type\" content=\"image\/jpeg\" \/>\n<meta name=\"author\" content=\"La Gu\u00eda de Pamplona\" \/>\n<meta name=\"twitter:card\" content=\"summary_large_image\" \/>\n<meta name=\"twitter:creator\" content=\"@LaGuiadPamplona\" \/>\n<meta name=\"twitter:site\" content=\"@LaGuiadPamplona\" \/>\n<meta name=\"twitter:label1\" content=\"Escrito por\" \/>\n\t<meta name=\"twitter:data1\" content=\"La Gu\u00eda de Pamplona\" \/>\n\t<meta name=\"twitter:label2\" content=\"Tiempo de lectura\" \/>\n\t<meta name=\"twitter:data2\" content=\"4 minutos\" \/>\n<script type=\"application\/ld+json\" class=\"yoast-schema-graph\">{\"@context\":\"https:\\\/\\\/schema.org\",\"@graph\":[{\"@type\":\"Article\",\"@id\":\"https:\\\/\\\/www.laguiadepamplona.com\\\/actualidad\\\/la-diversidad-es-la-clave-de-la-exposicion-artea-oinez-2025-arte-mas-alla-de-la-vista-integrada-por-obra-de-90-creadores\\\/#article\",\"isPartOf\":{\"@id\":\"https:\\\/\\\/www.laguiadepamplona.com\\\/actualidad\\\/la-diversidad-es-la-clave-de-la-exposicion-artea-oinez-2025-arte-mas-alla-de-la-vista-integrada-por-obra-de-90-creadores\\\/\"},\"author\":{\"name\":\"La Gu\u00eda de Pamplona\",\"@id\":\"https:\\\/\\\/www.laguiadepamplona.com\\\/actualidad\\\/#\\\/schema\\\/person\\\/efe887376f0213d4657c93adc50b1fdb\"},\"headline\":\"La diversidad es la clave de la exposici\u00f3n Artea Oinez 2025, \u2018Arte m\u00e1s all\u00e1 de la vista\u2019, integrada por obra de 90 creadores\",\"datePublished\":\"2025-04-03T10:56:34+00:00\",\"mainEntityOfPage\":{\"@id\":\"https:\\\/\\\/www.laguiadepamplona.com\\\/actualidad\\\/la-diversidad-es-la-clave-de-la-exposicion-artea-oinez-2025-arte-mas-alla-de-la-vista-integrada-por-obra-de-90-creadores\\\/\"},\"wordCount\":918,\"commentCount\":0,\"publisher\":{\"@id\":\"https:\\\/\\\/www.laguiadepamplona.com\\\/actualidad\\\/#organization\"},\"image\":{\"@id\":\"https:\\\/\\\/www.laguiadepamplona.com\\\/actualidad\\\/la-diversidad-es-la-clave-de-la-exposicion-artea-oinez-2025-arte-mas-alla-de-la-vista-integrada-por-obra-de-90-creadores\\\/#primaryimage\"},\"thumbnailUrl\":\"https:\\\/\\\/www.laguiadepamplona.com\\\/actualidad\\\/wp-content\\\/uploads\\\/2018\\\/05\\\/palacio-condestable.jpg\",\"articleSection\":[\"Ayto Pamplona\"],\"inLanguage\":\"es\",\"potentialAction\":[{\"@type\":\"CommentAction\",\"name\":\"Comment\",\"target\":[\"https:\\\/\\\/www.laguiadepamplona.com\\\/actualidad\\\/la-diversidad-es-la-clave-de-la-exposicion-artea-oinez-2025-arte-mas-alla-de-la-vista-integrada-por-obra-de-90-creadores\\\/#respond\"]}]},{\"@type\":\"WebPage\",\"@id\":\"https:\\\/\\\/www.laguiadepamplona.com\\\/actualidad\\\/la-diversidad-es-la-clave-de-la-exposicion-artea-oinez-2025-arte-mas-alla-de-la-vista-integrada-por-obra-de-90-creadores\\\/\",\"url\":\"https:\\\/\\\/www.laguiadepamplona.com\\\/actualidad\\\/la-diversidad-es-la-clave-de-la-exposicion-artea-oinez-2025-arte-mas-alla-de-la-vista-integrada-por-obra-de-90-creadores\\\/\",\"name\":\"La diversidad es la clave de la exposici\u00f3n Artea Oinez 2025, \u2018Arte m\u00e1s all\u00e1 de la vista\u2019, integrada por obra de 90 creadores\",\"isPartOf\":{\"@id\":\"https:\\\/\\\/www.laguiadepamplona.com\\\/actualidad\\\/#website\"},\"primaryImageOfPage\":{\"@id\":\"https:\\\/\\\/www.laguiadepamplona.com\\\/actualidad\\\/la-diversidad-es-la-clave-de-la-exposicion-artea-oinez-2025-arte-mas-alla-de-la-vista-integrada-por-obra-de-90-creadores\\\/#primaryimage\"},\"image\":{\"@id\":\"https:\\\/\\\/www.laguiadepamplona.com\\\/actualidad\\\/la-diversidad-es-la-clave-de-la-exposicion-artea-oinez-2025-arte-mas-alla-de-la-vista-integrada-por-obra-de-90-creadores\\\/#primaryimage\"},\"thumbnailUrl\":\"https:\\\/\\\/www.laguiadepamplona.com\\\/actualidad\\\/wp-content\\\/uploads\\\/2018\\\/05\\\/palacio-condestable.jpg\",\"datePublished\":\"2025-04-03T10:56:34+00:00\",\"description\":\"La edici\u00f3n de este a\u00f1o reconoce al artista navarro Pello Azketa Menaia, en homenaje al trabajo de autores con discapacidad visual\",\"breadcrumb\":{\"@id\":\"https:\\\/\\\/www.laguiadepamplona.com\\\/actualidad\\\/la-diversidad-es-la-clave-de-la-exposicion-artea-oinez-2025-arte-mas-alla-de-la-vista-integrada-por-obra-de-90-creadores\\\/#breadcrumb\"},\"inLanguage\":\"es\",\"potentialAction\":[{\"@type\":\"ReadAction\",\"target\":[\"https:\\\/\\\/www.laguiadepamplona.com\\\/actualidad\\\/la-diversidad-es-la-clave-de-la-exposicion-artea-oinez-2025-arte-mas-alla-de-la-vista-integrada-por-obra-de-90-creadores\\\/\"]}]},{\"@type\":\"ImageObject\",\"inLanguage\":\"es\",\"@id\":\"https:\\\/\\\/www.laguiadepamplona.com\\\/actualidad\\\/la-diversidad-es-la-clave-de-la-exposicion-artea-oinez-2025-arte-mas-alla-de-la-vista-integrada-por-obra-de-90-creadores\\\/#primaryimage\",\"url\":\"https:\\\/\\\/www.laguiadepamplona.com\\\/actualidad\\\/wp-content\\\/uploads\\\/2018\\\/05\\\/palacio-condestable.jpg\",\"contentUrl\":\"https:\\\/\\\/www.laguiadepamplona.com\\\/actualidad\\\/wp-content\\\/uploads\\\/2018\\\/05\\\/palacio-condestable.jpg\",\"width\":950,\"height\":634,\"caption\":\"civivox condestable\"},{\"@type\":\"BreadcrumbList\",\"@id\":\"https:\\\/\\\/www.laguiadepamplona.com\\\/actualidad\\\/la-diversidad-es-la-clave-de-la-exposicion-artea-oinez-2025-arte-mas-alla-de-la-vista-integrada-por-obra-de-90-creadores\\\/#breadcrumb\",\"itemListElement\":[{\"@type\":\"ListItem\",\"position\":1,\"name\":\"Portada\",\"item\":\"https:\\\/\\\/www.laguiadepamplona.com\\\/actualidad\\\/\"},{\"@type\":\"ListItem\",\"position\":2,\"name\":\"La diversidad es la clave de la exposici\u00f3n Artea Oinez 2025, \u2018Arte m\u00e1s all\u00e1 de la vista\u2019, integrada por obra de 90 creadores\"}]},{\"@type\":\"WebSite\",\"@id\":\"https:\\\/\\\/www.laguiadepamplona.com\\\/actualidad\\\/#website\",\"url\":\"https:\\\/\\\/www.laguiadepamplona.com\\\/actualidad\\\/\",\"name\":\"La gu\u00eda de Pamplona\",\"description\":\"Noticias de Pamplona\",\"publisher\":{\"@id\":\"https:\\\/\\\/www.laguiadepamplona.com\\\/actualidad\\\/#organization\"},\"potentialAction\":[{\"@type\":\"SearchAction\",\"target\":{\"@type\":\"EntryPoint\",\"urlTemplate\":\"https:\\\/\\\/www.laguiadepamplona.com\\\/actualidad\\\/?s={search_term_string}\"},\"query-input\":{\"@type\":\"PropertyValueSpecification\",\"valueRequired\":true,\"valueName\":\"search_term_string\"}}],\"inLanguage\":\"es\"},{\"@type\":\"Organization\",\"@id\":\"https:\\\/\\\/www.laguiadepamplona.com\\\/actualidad\\\/#organization\",\"name\":\"La Gu\u00eda de Pamplona \\\/ Noticias\",\"url\":\"https:\\\/\\\/www.laguiadepamplona.com\\\/actualidad\\\/\",\"logo\":{\"@type\":\"ImageObject\",\"inLanguage\":\"es\",\"@id\":\"https:\\\/\\\/www.laguiadepamplona.com\\\/actualidad\\\/#\\\/schema\\\/logo\\\/image\\\/\",\"url\":\"https:\\\/\\\/www.laguiadepamplona.com\\\/actualidad\\\/wp-content\\\/uploads\\\/2018\\\/11\\\/logo-laguiadepamplona18-web1.png\",\"contentUrl\":\"https:\\\/\\\/www.laguiadepamplona.com\\\/actualidad\\\/wp-content\\\/uploads\\\/2018\\\/11\\\/logo-laguiadepamplona18-web1.png\",\"width\":600,\"height\":196,\"caption\":\"La Gu\u00eda de Pamplona \\\/ Noticias\"},\"image\":{\"@id\":\"https:\\\/\\\/www.laguiadepamplona.com\\\/actualidad\\\/#\\\/schema\\\/logo\\\/image\\\/\"},\"sameAs\":[\"https:\\\/\\\/www.facebook.com\\\/laguiadepamplonacom-133175176762273\\\/?ref=hl\",\"https:\\\/\\\/x.com\\\/LaGuiadPamplona\",\"https:\\\/\\\/www.instagram.com\\\/la_guia_de_pamplona\\\/\",\"https:\\\/\\\/www.youtube.com\\\/user\\\/laguiadepamplona\"]},{\"@type\":\"Person\",\"@id\":\"https:\\\/\\\/www.laguiadepamplona.com\\\/actualidad\\\/#\\\/schema\\\/person\\\/efe887376f0213d4657c93adc50b1fdb\",\"name\":\"La Gu\u00eda de Pamplona\",\"image\":{\"@type\":\"ImageObject\",\"inLanguage\":\"es\",\"@id\":\"https:\\\/\\\/secure.gravatar.com\\\/avatar\\\/b6992f131dc8d30ab0dff15446e9d346d9dbd95992de0fef795073f5ea83a81c?s=96&d=mm&r=g\",\"url\":\"https:\\\/\\\/secure.gravatar.com\\\/avatar\\\/b6992f131dc8d30ab0dff15446e9d346d9dbd95992de0fef795073f5ea83a81c?s=96&d=mm&r=g\",\"contentUrl\":\"https:\\\/\\\/secure.gravatar.com\\\/avatar\\\/b6992f131dc8d30ab0dff15446e9d346d9dbd95992de0fef795073f5ea83a81c?s=96&d=mm&r=g\",\"caption\":\"La Gu\u00eda de Pamplona\"}}]}<\/script>\n<!-- \/ Yoast SEO plugin. -->","yoast_head_json":{"title":"La diversidad es la clave de la exposici\u00f3n Artea Oinez 2025, \u2018Arte m\u00e1s all\u00e1 de la vista\u2019, integrada por obra de 90 creadores","description":"La edici\u00f3n de este a\u00f1o reconoce al artista navarro Pello Azketa Menaia, en homenaje al trabajo de autores con discapacidad visual","robots":{"index":"index","follow":"follow","max-snippet":"max-snippet:-1","max-image-preview":"max-image-preview:large","max-video-preview":"max-video-preview:-1"},"canonical":"https:\/\/www.laguiadepamplona.com\/actualidad\/la-diversidad-es-la-clave-de-la-exposicion-artea-oinez-2025-arte-mas-alla-de-la-vista-integrada-por-obra-de-90-creadores\/","og_locale":"es_ES","og_type":"article","og_title":"La diversidad es la clave de la exposici\u00f3n Artea Oinez 2025, \u2018Arte m\u00e1s all\u00e1 de la vista\u2019, integrada por obra de 90 creadores","og_description":"La edici\u00f3n de este a\u00f1o reconoce al artista navarro Pello Azketa Menaia, en homenaje al trabajo de autores con discapacidad visual","og_url":"https:\/\/www.laguiadepamplona.com\/actualidad\/la-diversidad-es-la-clave-de-la-exposicion-artea-oinez-2025-arte-mas-alla-de-la-vista-integrada-por-obra-de-90-creadores\/","og_site_name":"La Gu\u00eda de Pamplona","article_publisher":"https:\/\/www.facebook.com\/laguiadepamplonacom-133175176762273\/?ref=hl","article_published_time":"2025-04-03T10:56:34+00:00","og_image":[{"width":950,"height":634,"url":"https:\/\/www.laguiadepamplona.com\/actualidad\/wp-content\/uploads\/2018\/05\/palacio-condestable.jpg","type":"image\/jpeg"}],"author":"La Gu\u00eda de Pamplona","twitter_card":"summary_large_image","twitter_creator":"@LaGuiadPamplona","twitter_site":"@LaGuiadPamplona","twitter_misc":{"Escrito por":"La Gu\u00eda de Pamplona","Tiempo de lectura":"4 minutos"},"schema":{"@context":"https:\/\/schema.org","@graph":[{"@type":"Article","@id":"https:\/\/www.laguiadepamplona.com\/actualidad\/la-diversidad-es-la-clave-de-la-exposicion-artea-oinez-2025-arte-mas-alla-de-la-vista-integrada-por-obra-de-90-creadores\/#article","isPartOf":{"@id":"https:\/\/www.laguiadepamplona.com\/actualidad\/la-diversidad-es-la-clave-de-la-exposicion-artea-oinez-2025-arte-mas-alla-de-la-vista-integrada-por-obra-de-90-creadores\/"},"author":{"name":"La Gu\u00eda de Pamplona","@id":"https:\/\/www.laguiadepamplona.com\/actualidad\/#\/schema\/person\/efe887376f0213d4657c93adc50b1fdb"},"headline":"La diversidad es la clave de la exposici\u00f3n Artea Oinez 2025, \u2018Arte m\u00e1s all\u00e1 de la vista\u2019, integrada por obra de 90 creadores","datePublished":"2025-04-03T10:56:34+00:00","mainEntityOfPage":{"@id":"https:\/\/www.laguiadepamplona.com\/actualidad\/la-diversidad-es-la-clave-de-la-exposicion-artea-oinez-2025-arte-mas-alla-de-la-vista-integrada-por-obra-de-90-creadores\/"},"wordCount":918,"commentCount":0,"publisher":{"@id":"https:\/\/www.laguiadepamplona.com\/actualidad\/#organization"},"image":{"@id":"https:\/\/www.laguiadepamplona.com\/actualidad\/la-diversidad-es-la-clave-de-la-exposicion-artea-oinez-2025-arte-mas-alla-de-la-vista-integrada-por-obra-de-90-creadores\/#primaryimage"},"thumbnailUrl":"https:\/\/www.laguiadepamplona.com\/actualidad\/wp-content\/uploads\/2018\/05\/palacio-condestable.jpg","articleSection":["Ayto Pamplona"],"inLanguage":"es","potentialAction":[{"@type":"CommentAction","name":"Comment","target":["https:\/\/www.laguiadepamplona.com\/actualidad\/la-diversidad-es-la-clave-de-la-exposicion-artea-oinez-2025-arte-mas-alla-de-la-vista-integrada-por-obra-de-90-creadores\/#respond"]}]},{"@type":"WebPage","@id":"https:\/\/www.laguiadepamplona.com\/actualidad\/la-diversidad-es-la-clave-de-la-exposicion-artea-oinez-2025-arte-mas-alla-de-la-vista-integrada-por-obra-de-90-creadores\/","url":"https:\/\/www.laguiadepamplona.com\/actualidad\/la-diversidad-es-la-clave-de-la-exposicion-artea-oinez-2025-arte-mas-alla-de-la-vista-integrada-por-obra-de-90-creadores\/","name":"La diversidad es la clave de la exposici\u00f3n Artea Oinez 2025, \u2018Arte m\u00e1s all\u00e1 de la vista\u2019, integrada por obra de 90 creadores","isPartOf":{"@id":"https:\/\/www.laguiadepamplona.com\/actualidad\/#website"},"primaryImageOfPage":{"@id":"https:\/\/www.laguiadepamplona.com\/actualidad\/la-diversidad-es-la-clave-de-la-exposicion-artea-oinez-2025-arte-mas-alla-de-la-vista-integrada-por-obra-de-90-creadores\/#primaryimage"},"image":{"@id":"https:\/\/www.laguiadepamplona.com\/actualidad\/la-diversidad-es-la-clave-de-la-exposicion-artea-oinez-2025-arte-mas-alla-de-la-vista-integrada-por-obra-de-90-creadores\/#primaryimage"},"thumbnailUrl":"https:\/\/www.laguiadepamplona.com\/actualidad\/wp-content\/uploads\/2018\/05\/palacio-condestable.jpg","datePublished":"2025-04-03T10:56:34+00:00","description":"La edici\u00f3n de este a\u00f1o reconoce al artista navarro Pello Azketa Menaia, en homenaje al trabajo de autores con discapacidad visual","breadcrumb":{"@id":"https:\/\/www.laguiadepamplona.com\/actualidad\/la-diversidad-es-la-clave-de-la-exposicion-artea-oinez-2025-arte-mas-alla-de-la-vista-integrada-por-obra-de-90-creadores\/#breadcrumb"},"inLanguage":"es","potentialAction":[{"@type":"ReadAction","target":["https:\/\/www.laguiadepamplona.com\/actualidad\/la-diversidad-es-la-clave-de-la-exposicion-artea-oinez-2025-arte-mas-alla-de-la-vista-integrada-por-obra-de-90-creadores\/"]}]},{"@type":"ImageObject","inLanguage":"es","@id":"https:\/\/www.laguiadepamplona.com\/actualidad\/la-diversidad-es-la-clave-de-la-exposicion-artea-oinez-2025-arte-mas-alla-de-la-vista-integrada-por-obra-de-90-creadores\/#primaryimage","url":"https:\/\/www.laguiadepamplona.com\/actualidad\/wp-content\/uploads\/2018\/05\/palacio-condestable.jpg","contentUrl":"https:\/\/www.laguiadepamplona.com\/actualidad\/wp-content\/uploads\/2018\/05\/palacio-condestable.jpg","width":950,"height":634,"caption":"civivox condestable"},{"@type":"BreadcrumbList","@id":"https:\/\/www.laguiadepamplona.com\/actualidad\/la-diversidad-es-la-clave-de-la-exposicion-artea-oinez-2025-arte-mas-alla-de-la-vista-integrada-por-obra-de-90-creadores\/#breadcrumb","itemListElement":[{"@type":"ListItem","position":1,"name":"Portada","item":"https:\/\/www.laguiadepamplona.com\/actualidad\/"},{"@type":"ListItem","position":2,"name":"La diversidad es la clave de la exposici\u00f3n Artea Oinez 2025, \u2018Arte m\u00e1s all\u00e1 de la vista\u2019, integrada por obra de 90 creadores"}]},{"@type":"WebSite","@id":"https:\/\/www.laguiadepamplona.com\/actualidad\/#website","url":"https:\/\/www.laguiadepamplona.com\/actualidad\/","name":"La gu\u00eda de Pamplona","description":"Noticias de Pamplona","publisher":{"@id":"https:\/\/www.laguiadepamplona.com\/actualidad\/#organization"},"potentialAction":[{"@type":"SearchAction","target":{"@type":"EntryPoint","urlTemplate":"https:\/\/www.laguiadepamplona.com\/actualidad\/?s={search_term_string}"},"query-input":{"@type":"PropertyValueSpecification","valueRequired":true,"valueName":"search_term_string"}}],"inLanguage":"es"},{"@type":"Organization","@id":"https:\/\/www.laguiadepamplona.com\/actualidad\/#organization","name":"La Gu\u00eda de Pamplona \/ Noticias","url":"https:\/\/www.laguiadepamplona.com\/actualidad\/","logo":{"@type":"ImageObject","inLanguage":"es","@id":"https:\/\/www.laguiadepamplona.com\/actualidad\/#\/schema\/logo\/image\/","url":"https:\/\/www.laguiadepamplona.com\/actualidad\/wp-content\/uploads\/2018\/11\/logo-laguiadepamplona18-web1.png","contentUrl":"https:\/\/www.laguiadepamplona.com\/actualidad\/wp-content\/uploads\/2018\/11\/logo-laguiadepamplona18-web1.png","width":600,"height":196,"caption":"La Gu\u00eda de Pamplona \/ Noticias"},"image":{"@id":"https:\/\/www.laguiadepamplona.com\/actualidad\/#\/schema\/logo\/image\/"},"sameAs":["https:\/\/www.facebook.com\/laguiadepamplonacom-133175176762273\/?ref=hl","https:\/\/x.com\/LaGuiadPamplona","https:\/\/www.instagram.com\/la_guia_de_pamplona\/","https:\/\/www.youtube.com\/user\/laguiadepamplona"]},{"@type":"Person","@id":"https:\/\/www.laguiadepamplona.com\/actualidad\/#\/schema\/person\/efe887376f0213d4657c93adc50b1fdb","name":"La Gu\u00eda de Pamplona","image":{"@type":"ImageObject","inLanguage":"es","@id":"https:\/\/secure.gravatar.com\/avatar\/b6992f131dc8d30ab0dff15446e9d346d9dbd95992de0fef795073f5ea83a81c?s=96&d=mm&r=g","url":"https:\/\/secure.gravatar.com\/avatar\/b6992f131dc8d30ab0dff15446e9d346d9dbd95992de0fef795073f5ea83a81c?s=96&d=mm&r=g","contentUrl":"https:\/\/secure.gravatar.com\/avatar\/b6992f131dc8d30ab0dff15446e9d346d9dbd95992de0fef795073f5ea83a81c?s=96&d=mm&r=g","caption":"La Gu\u00eda de Pamplona"}}]}},"post_mailing_queue_ids":[],"_links":{"self":[{"href":"https:\/\/www.laguiadepamplona.com\/actualidad\/wp-json\/wp\/v2\/posts\/52635","targetHints":{"allow":["GET"]}}],"collection":[{"href":"https:\/\/www.laguiadepamplona.com\/actualidad\/wp-json\/wp\/v2\/posts"}],"about":[{"href":"https:\/\/www.laguiadepamplona.com\/actualidad\/wp-json\/wp\/v2\/types\/post"}],"author":[{"embeddable":true,"href":"https:\/\/www.laguiadepamplona.com\/actualidad\/wp-json\/wp\/v2\/users\/1"}],"replies":[{"embeddable":true,"href":"https:\/\/www.laguiadepamplona.com\/actualidad\/wp-json\/wp\/v2\/comments?post=52635"}],"version-history":[{"count":1,"href":"https:\/\/www.laguiadepamplona.com\/actualidad\/wp-json\/wp\/v2\/posts\/52635\/revisions"}],"predecessor-version":[{"id":52636,"href":"https:\/\/www.laguiadepamplona.com\/actualidad\/wp-json\/wp\/v2\/posts\/52635\/revisions\/52636"}],"wp:featuredmedia":[{"embeddable":true,"href":"https:\/\/www.laguiadepamplona.com\/actualidad\/wp-json\/wp\/v2\/media\/17390"}],"wp:attachment":[{"href":"https:\/\/www.laguiadepamplona.com\/actualidad\/wp-json\/wp\/v2\/media?parent=52635"}],"wp:term":[{"taxonomy":"category","embeddable":true,"href":"https:\/\/www.laguiadepamplona.com\/actualidad\/wp-json\/wp\/v2\/categories?post=52635"},{"taxonomy":"post_tag","embeddable":true,"href":"https:\/\/www.laguiadepamplona.com\/actualidad\/wp-json\/wp\/v2\/tags?post=52635"}],"curies":[{"name":"wp","href":"https:\/\/api.w.org\/{rel}","templated":true}]}}