{"id":52629,"date":"2025-04-02T16:28:03","date_gmt":"2025-04-02T14:28:03","guid":{"rendered":"https:\/\/www.laguiadepamplona.com\/actualidad\/?p=52629"},"modified":"2025-04-02T16:58:57","modified_gmt":"2025-04-02T14:58:57","slug":"el-jueves-10-de-abril-se-celebra-el-foro-de-barrio-de-buztintxuri-que-culmina-una-semana-con-diferentes-actividades-sociales-y-culturales","status":"publish","type":"post","link":"https:\/\/www.laguiadepamplona.com\/actualidad\/el-jueves-10-de-abril-se-celebra-el-foro-de-barrio-de-buztintxuri-que-culmina-una-semana-con-diferentes-actividades-sociales-y-culturales\/","title":{"rendered":"El jueves 10 de abril se celebra el Foro de Barrio de Buztintxuri, que culmina una semana con diferentes actividades sociales y culturales"},"content":{"rendered":"<h2>El plazo para presentar aportaciones, consultas y sugerencias est\u00e1 ya abierto en la web <a href=\"https:\/\/decide.pamplona.es\/assemblies\/FBBuztintxuri?locale=es\" target=\"_blank\" rel=\"noopener\">Decide Pamplona<\/a> y en <a href=\"mailto:foros@pamplona.es\">foros@pamplona.es<\/a><\/h2>\n<p><!--more--><\/p>\n<p>El CPEIP Buztintxuri acoger\u00e1 el pr\u00f3ximo jueves 10 de abril, a las 18.30 horas, un nuevo Foro de Barrio. Vecinos, vecinas y tejido asociativo est\u00e1n invitados a participar en la sesi\u00f3n del Foro de Barrio de Buztintxuri, que contar\u00e1 con la presencia del concejal de barrio, Borja Izagirre Larra\u00f1aga, adem\u00e1s de personal t\u00e9cnico municipal. Los foros se pueden seguir en directo en <a href=\"https:\/\/www.youtube.com\/channel\/UCzDUWuosgg5y3PeE7PT_IWw\" target=\"_blank\" rel=\"noopener\">el canal de YouTube \u2018Participa Pamplona\u2019<\/a>.<\/p>\n<p>Como es habitual en cada Foro de Barrio, el Ayuntamiento de Pamplona ha abierto un plazo de presentaci\u00f3n de aportaciones, consultas y sugerencias hasta el lunes 7 de abril, como medio para poder tambi\u00e9n participar. Esas sugerencias se pueden realizar de forma telem\u00e1tica en la web <a href=\"https:\/\/decide.pamplona.es\/assemblies\/FBBuztintxuri?locale=es\" target=\"_blank\" rel=\"noopener\">Decide Pamplona<\/a> o a trav\u00e9s del correo electr\u00f3nico <a href=\"mailto:foros@pamplona.es\">foros@pamplona.es<\/a>. Las consultas remitidas podr\u00e1n comentarse durante el foro. Para m\u00e1s informaci\u00f3n se puede contactar Zentro Espacio Colaborativo en el tel\u00e9fono 948 420 266.<\/p>\n<p>El objetivo de los Foros de Barrio es facilitar la\u00a0comunicaci\u00f3n directa entre la ciudadan\u00eda y el Ayuntamiento de Pamplona.\u00a0Se crean espacios de encuentro donde recibir informaci\u00f3n de primera mano desde el Ayuntamiento y el tejido social sobre las problem\u00e1ticas del barrio y las medidas adoptadas para abordarlas. Tambi\u00e9n se conciben como espacios donde presentar propuestas para el barrio y para los proyectos que se presenten, espacios de debate y di\u00e1logo con otras personas para la\u00a0construcci\u00f3n colectiva de soluciones.<\/p>\n<p><strong>Exposici\u00f3n, paseo por el barrio, teatro y Foro Txiki<\/strong><\/p>\n<p>Desde el lunes 7 hasta el s\u00e1bado 12, se podr\u00e1 visitar en el nuevo polideportivo municipal de Buztintxuri la exposici\u00f3n itinerante sobre Marca Pamplona y diferentes iniciativas municipales que busca visibilizar la actividad municipal y sus retos futuros. El martes habr\u00e1 un paseo por el barrio que partir\u00e1 a las 18 horas de la Escuela Infantil Buztintxuri y en el que se conocer\u00e1 el trabajo realizado por entidades y colectivos del barrio como la Asociaci\u00f3n Lurbizi &#8211; Tierra Viva, la APYMA Buztinkolore o la Asociaci\u00f3n de Familias Guratxuri. El paseo est\u00e1 abierto a la participaci\u00f3n de vecinas y vecinos que quieran compartir una hora y media de visita por Buztintxuri.<\/p>\n<p>La actividad cultural de este foro tendr\u00e1 lugar el mi\u00e9rcoles 9 de abril, a las 19 horas, en el Centro Comunitario Buztingune. La compa\u00f1\u00eda Butaca 78 representar\u00e1 la comedia \u2018El florido pensil\u2019, basada en el texto de Andr\u00e9s Sope\u00f1a Monsalve. Por \u00faltimo, el jueves 10 de abril, a partir de las 17 horas, se celebrar\u00e1 en el CPEIP Buztintxuri, de forma previa al Foro de Barrio, el Foro Txiki, abierto a la participaci\u00f3n de ni\u00f1os y ni\u00f1as de 3 a 12 a\u00f1os para que puedan expresar su visi\u00f3n, experiencia y propuestas sobre el barrio desde su punto de vista.<\/p>\n<h3>Foro de Barrio de Buztintxuri<\/h3>\n<ul>\n<li>Del 7 al 12 de abril\n<ul>\n<li><strong>Exposici\u00f3n itinerante<\/strong>. Marca Pamplona e iniciativas municipales. En el polideportivo de Buztintxuri<\/li>\n<\/ul>\n<\/li>\n<li>Martes 8 de abril\n<ul>\n<li><strong>Paseo de barrio<\/strong>. Escuela Infantil Buztintxuri, Asociaci\u00f3n Tierra Viva, APYMA Buztinkolore y Asociaci\u00f3n de Familias Guratxuri. Desde las 18 horas<\/li>\n<\/ul>\n<\/li>\n<li>Mi\u00e9rcoles 9 de abril\n<ul>\n<li><strong>Actividad cultural<\/strong>. Teatro. \u2018El florido pensil\u2019, con Butaca 78. Centro Comunitario Buztingune, 19 horas<\/li>\n<\/ul>\n<\/li>\n<li>Jueves 10 de abril\n<ul>\n<li><strong>Foro de Barrio<\/strong>. A las 18.30 horas. CPEIP Buztintxuri<\/li>\n<li><strong>Foro Txiki<\/strong>. A las 17 horas. CPEIP Buztintxuri<\/li>\n<\/ul>\n<\/li>\n<\/ul>\n","protected":false},"excerpt":{"rendered":"<p>El plazo para presentar aportaciones, consultas y sugerencias est\u00e1 ya abierto en la web Decide Pamplona y en foros@pamplona.es<\/p>\n","protected":false},"author":1,"featured_media":52634,"comment_status":"open","ping_status":"closed","sticky":false,"template":"","format":"standard","meta":{"footnotes":""},"categories":[2],"tags":[],"class_list":["post-52629","post","type-post","status-publish","format-standard","has-post-thumbnail","hentry","category-ayuntamiento-pamplona"],"yoast_head":"<!-- This site is optimized with the Yoast SEO plugin v27.3 - https:\/\/yoast.com\/product\/yoast-seo-wordpress\/ -->\n<title>El jueves 10 de abril se celebra el Foro de Barrio de Buztintxuri, que culmina una semana con diferentes actividades sociales y culturales<\/title>\n<meta name=\"description\" content=\"El plazo para presentar aportaciones, consultas y sugerencias est\u00e1 ya abierto en la web Decide Pamplona y en foros@pamplona.es\" \/>\n<meta name=\"robots\" content=\"index, follow, max-snippet:-1, max-image-preview:large, max-video-preview:-1\" \/>\n<link rel=\"canonical\" href=\"https:\/\/www.laguiadepamplona.com\/actualidad\/el-jueves-10-de-abril-se-celebra-el-foro-de-barrio-de-buztintxuri-que-culmina-una-semana-con-diferentes-actividades-sociales-y-culturales\/\" \/>\n<meta property=\"og:locale\" content=\"es_ES\" \/>\n<meta property=\"og:type\" content=\"article\" \/>\n<meta property=\"og:title\" content=\"El jueves 10 de abril se celebra el Foro de Barrio de Buztintxuri, que culmina una semana con diferentes actividades sociales y culturales\" \/>\n<meta property=\"og:description\" content=\"El plazo para presentar aportaciones, consultas y sugerencias est\u00e1 ya abierto en la web Decide Pamplona y en foros@pamplona.es\" \/>\n<meta property=\"og:url\" content=\"https:\/\/www.laguiadepamplona.com\/actualidad\/el-jueves-10-de-abril-se-celebra-el-foro-de-barrio-de-buztintxuri-que-culmina-una-semana-con-diferentes-actividades-sociales-y-culturales\/\" \/>\n<meta property=\"og:site_name\" content=\"La Gu\u00eda de Pamplona\" \/>\n<meta property=\"article:publisher\" content=\"https:\/\/www.facebook.com\/laguiadepamplonacom-133175176762273\/?ref=hl\" \/>\n<meta property=\"article:published_time\" content=\"2025-04-02T14:28:03+00:00\" \/>\n<meta property=\"article:modified_time\" content=\"2025-04-02T14:58:57+00:00\" \/>\n<meta property=\"og:image\" content=\"https:\/\/www.laguiadepamplona.com\/actualidad\/wp-content\/uploads\/2025\/04\/foro-barrio-buztintxuri_web.webp\" \/>\n\t<meta property=\"og:image:width\" content=\"843\" \/>\n\t<meta property=\"og:image:height\" content=\"1012\" \/>\n\t<meta property=\"og:image:type\" content=\"image\/webp\" \/>\n<meta name=\"author\" content=\"La Gu\u00eda de Pamplona\" \/>\n<meta name=\"twitter:card\" content=\"summary_large_image\" \/>\n<meta name=\"twitter:creator\" content=\"@LaGuiadPamplona\" \/>\n<meta name=\"twitter:site\" content=\"@LaGuiadPamplona\" \/>\n<meta name=\"twitter:label1\" content=\"Escrito por\" \/>\n\t<meta name=\"twitter:data1\" content=\"La Gu\u00eda de Pamplona\" \/>\n\t<meta name=\"twitter:label2\" content=\"Tiempo de lectura\" \/>\n\t<meta name=\"twitter:data2\" content=\"3 minutos\" \/>\n<script type=\"application\/ld+json\" class=\"yoast-schema-graph\">{\"@context\":\"https:\\\/\\\/schema.org\",\"@graph\":[{\"@type\":\"Article\",\"@id\":\"https:\\\/\\\/www.laguiadepamplona.com\\\/actualidad\\\/el-jueves-10-de-abril-se-celebra-el-foro-de-barrio-de-buztintxuri-que-culmina-una-semana-con-diferentes-actividades-sociales-y-culturales\\\/#article\",\"isPartOf\":{\"@id\":\"https:\\\/\\\/www.laguiadepamplona.com\\\/actualidad\\\/el-jueves-10-de-abril-se-celebra-el-foro-de-barrio-de-buztintxuri-que-culmina-una-semana-con-diferentes-actividades-sociales-y-culturales\\\/\"},\"author\":{\"name\":\"La Gu\u00eda de Pamplona\",\"@id\":\"https:\\\/\\\/www.laguiadepamplona.com\\\/actualidad\\\/#\\\/schema\\\/person\\\/efe887376f0213d4657c93adc50b1fdb\"},\"headline\":\"El jueves 10 de abril se celebra el Foro de Barrio de Buztintxuri, que culmina una semana con diferentes actividades sociales y culturales\",\"datePublished\":\"2025-04-02T14:28:03+00:00\",\"dateModified\":\"2025-04-02T14:58:57+00:00\",\"mainEntityOfPage\":{\"@id\":\"https:\\\/\\\/www.laguiadepamplona.com\\\/actualidad\\\/el-jueves-10-de-abril-se-celebra-el-foro-de-barrio-de-buztintxuri-que-culmina-una-semana-con-diferentes-actividades-sociales-y-culturales\\\/\"},\"wordCount\":591,\"commentCount\":0,\"publisher\":{\"@id\":\"https:\\\/\\\/www.laguiadepamplona.com\\\/actualidad\\\/#organization\"},\"image\":{\"@id\":\"https:\\\/\\\/www.laguiadepamplona.com\\\/actualidad\\\/el-jueves-10-de-abril-se-celebra-el-foro-de-barrio-de-buztintxuri-que-culmina-una-semana-con-diferentes-actividades-sociales-y-culturales\\\/#primaryimage\"},\"thumbnailUrl\":\"https:\\\/\\\/www.laguiadepamplona.com\\\/actualidad\\\/wp-content\\\/uploads\\\/2025\\\/04\\\/foro-barrio-buztintxuri_web.webp\",\"articleSection\":[\"Ayto Pamplona\"],\"inLanguage\":\"es\",\"potentialAction\":[{\"@type\":\"CommentAction\",\"name\":\"Comment\",\"target\":[\"https:\\\/\\\/www.laguiadepamplona.com\\\/actualidad\\\/el-jueves-10-de-abril-se-celebra-el-foro-de-barrio-de-buztintxuri-que-culmina-una-semana-con-diferentes-actividades-sociales-y-culturales\\\/#respond\"]}]},{\"@type\":\"WebPage\",\"@id\":\"https:\\\/\\\/www.laguiadepamplona.com\\\/actualidad\\\/el-jueves-10-de-abril-se-celebra-el-foro-de-barrio-de-buztintxuri-que-culmina-una-semana-con-diferentes-actividades-sociales-y-culturales\\\/\",\"url\":\"https:\\\/\\\/www.laguiadepamplona.com\\\/actualidad\\\/el-jueves-10-de-abril-se-celebra-el-foro-de-barrio-de-buztintxuri-que-culmina-una-semana-con-diferentes-actividades-sociales-y-culturales\\\/\",\"name\":\"El jueves 10 de abril se celebra el Foro de Barrio de Buztintxuri, que culmina una semana con diferentes actividades sociales y culturales\",\"isPartOf\":{\"@id\":\"https:\\\/\\\/www.laguiadepamplona.com\\\/actualidad\\\/#website\"},\"primaryImageOfPage\":{\"@id\":\"https:\\\/\\\/www.laguiadepamplona.com\\\/actualidad\\\/el-jueves-10-de-abril-se-celebra-el-foro-de-barrio-de-buztintxuri-que-culmina-una-semana-con-diferentes-actividades-sociales-y-culturales\\\/#primaryimage\"},\"image\":{\"@id\":\"https:\\\/\\\/www.laguiadepamplona.com\\\/actualidad\\\/el-jueves-10-de-abril-se-celebra-el-foro-de-barrio-de-buztintxuri-que-culmina-una-semana-con-diferentes-actividades-sociales-y-culturales\\\/#primaryimage\"},\"thumbnailUrl\":\"https:\\\/\\\/www.laguiadepamplona.com\\\/actualidad\\\/wp-content\\\/uploads\\\/2025\\\/04\\\/foro-barrio-buztintxuri_web.webp\",\"datePublished\":\"2025-04-02T14:28:03+00:00\",\"dateModified\":\"2025-04-02T14:58:57+00:00\",\"description\":\"El plazo para presentar aportaciones, consultas y sugerencias est\u00e1 ya abierto en la web Decide Pamplona y en foros@pamplona.es\",\"breadcrumb\":{\"@id\":\"https:\\\/\\\/www.laguiadepamplona.com\\\/actualidad\\\/el-jueves-10-de-abril-se-celebra-el-foro-de-barrio-de-buztintxuri-que-culmina-una-semana-con-diferentes-actividades-sociales-y-culturales\\\/#breadcrumb\"},\"inLanguage\":\"es\",\"potentialAction\":[{\"@type\":\"ReadAction\",\"target\":[\"https:\\\/\\\/www.laguiadepamplona.com\\\/actualidad\\\/el-jueves-10-de-abril-se-celebra-el-foro-de-barrio-de-buztintxuri-que-culmina-una-semana-con-diferentes-actividades-sociales-y-culturales\\\/\"]}]},{\"@type\":\"ImageObject\",\"inLanguage\":\"es\",\"@id\":\"https:\\\/\\\/www.laguiadepamplona.com\\\/actualidad\\\/el-jueves-10-de-abril-se-celebra-el-foro-de-barrio-de-buztintxuri-que-culmina-una-semana-con-diferentes-actividades-sociales-y-culturales\\\/#primaryimage\",\"url\":\"https:\\\/\\\/www.laguiadepamplona.com\\\/actualidad\\\/wp-content\\\/uploads\\\/2025\\\/04\\\/foro-barrio-buztintxuri_web.webp\",\"contentUrl\":\"https:\\\/\\\/www.laguiadepamplona.com\\\/actualidad\\\/wp-content\\\/uploads\\\/2025\\\/04\\\/foro-barrio-buztintxuri_web.webp\",\"width\":843,\"height\":1012,\"caption\":\"foro barrio buztintxuri\"},{\"@type\":\"BreadcrumbList\",\"@id\":\"https:\\\/\\\/www.laguiadepamplona.com\\\/actualidad\\\/el-jueves-10-de-abril-se-celebra-el-foro-de-barrio-de-buztintxuri-que-culmina-una-semana-con-diferentes-actividades-sociales-y-culturales\\\/#breadcrumb\",\"itemListElement\":[{\"@type\":\"ListItem\",\"position\":1,\"name\":\"Portada\",\"item\":\"https:\\\/\\\/www.laguiadepamplona.com\\\/actualidad\\\/\"},{\"@type\":\"ListItem\",\"position\":2,\"name\":\"El jueves 10 de abril se celebra el Foro de Barrio de Buztintxuri, que culmina una semana con diferentes actividades sociales y culturales\"}]},{\"@type\":\"WebSite\",\"@id\":\"https:\\\/\\\/www.laguiadepamplona.com\\\/actualidad\\\/#website\",\"url\":\"https:\\\/\\\/www.laguiadepamplona.com\\\/actualidad\\\/\",\"name\":\"La gu\u00eda de Pamplona\",\"description\":\"Noticias de Pamplona\",\"publisher\":{\"@id\":\"https:\\\/\\\/www.laguiadepamplona.com\\\/actualidad\\\/#organization\"},\"potentialAction\":[{\"@type\":\"SearchAction\",\"target\":{\"@type\":\"EntryPoint\",\"urlTemplate\":\"https:\\\/\\\/www.laguiadepamplona.com\\\/actualidad\\\/?s={search_term_string}\"},\"query-input\":{\"@type\":\"PropertyValueSpecification\",\"valueRequired\":true,\"valueName\":\"search_term_string\"}}],\"inLanguage\":\"es\"},{\"@type\":\"Organization\",\"@id\":\"https:\\\/\\\/www.laguiadepamplona.com\\\/actualidad\\\/#organization\",\"name\":\"La Gu\u00eda de Pamplona \\\/ Noticias\",\"url\":\"https:\\\/\\\/www.laguiadepamplona.com\\\/actualidad\\\/\",\"logo\":{\"@type\":\"ImageObject\",\"inLanguage\":\"es\",\"@id\":\"https:\\\/\\\/www.laguiadepamplona.com\\\/actualidad\\\/#\\\/schema\\\/logo\\\/image\\\/\",\"url\":\"https:\\\/\\\/www.laguiadepamplona.com\\\/actualidad\\\/wp-content\\\/uploads\\\/2018\\\/11\\\/logo-laguiadepamplona18-web1.png\",\"contentUrl\":\"https:\\\/\\\/www.laguiadepamplona.com\\\/actualidad\\\/wp-content\\\/uploads\\\/2018\\\/11\\\/logo-laguiadepamplona18-web1.png\",\"width\":600,\"height\":196,\"caption\":\"La Gu\u00eda de Pamplona \\\/ Noticias\"},\"image\":{\"@id\":\"https:\\\/\\\/www.laguiadepamplona.com\\\/actualidad\\\/#\\\/schema\\\/logo\\\/image\\\/\"},\"sameAs\":[\"https:\\\/\\\/www.facebook.com\\\/laguiadepamplonacom-133175176762273\\\/?ref=hl\",\"https:\\\/\\\/x.com\\\/LaGuiadPamplona\",\"https:\\\/\\\/www.instagram.com\\\/la_guia_de_pamplona\\\/\",\"https:\\\/\\\/www.youtube.com\\\/user\\\/laguiadepamplona\"]},{\"@type\":\"Person\",\"@id\":\"https:\\\/\\\/www.laguiadepamplona.com\\\/actualidad\\\/#\\\/schema\\\/person\\\/efe887376f0213d4657c93adc50b1fdb\",\"name\":\"La Gu\u00eda de Pamplona\",\"image\":{\"@type\":\"ImageObject\",\"inLanguage\":\"es\",\"@id\":\"https:\\\/\\\/secure.gravatar.com\\\/avatar\\\/b6992f131dc8d30ab0dff15446e9d346d9dbd95992de0fef795073f5ea83a81c?s=96&d=mm&r=g\",\"url\":\"https:\\\/\\\/secure.gravatar.com\\\/avatar\\\/b6992f131dc8d30ab0dff15446e9d346d9dbd95992de0fef795073f5ea83a81c?s=96&d=mm&r=g\",\"contentUrl\":\"https:\\\/\\\/secure.gravatar.com\\\/avatar\\\/b6992f131dc8d30ab0dff15446e9d346d9dbd95992de0fef795073f5ea83a81c?s=96&d=mm&r=g\",\"caption\":\"La Gu\u00eda de Pamplona\"}}]}<\/script>\n<!-- \/ Yoast SEO plugin. -->","yoast_head_json":{"title":"El jueves 10 de abril se celebra el Foro de Barrio de Buztintxuri, que culmina una semana con diferentes actividades sociales y culturales","description":"El plazo para presentar aportaciones, consultas y sugerencias est\u00e1 ya abierto en la web Decide Pamplona y en foros@pamplona.es","robots":{"index":"index","follow":"follow","max-snippet":"max-snippet:-1","max-image-preview":"max-image-preview:large","max-video-preview":"max-video-preview:-1"},"canonical":"https:\/\/www.laguiadepamplona.com\/actualidad\/el-jueves-10-de-abril-se-celebra-el-foro-de-barrio-de-buztintxuri-que-culmina-una-semana-con-diferentes-actividades-sociales-y-culturales\/","og_locale":"es_ES","og_type":"article","og_title":"El jueves 10 de abril se celebra el Foro de Barrio de Buztintxuri, que culmina una semana con diferentes actividades sociales y culturales","og_description":"El plazo para presentar aportaciones, consultas y sugerencias est\u00e1 ya abierto en la web Decide Pamplona y en foros@pamplona.es","og_url":"https:\/\/www.laguiadepamplona.com\/actualidad\/el-jueves-10-de-abril-se-celebra-el-foro-de-barrio-de-buztintxuri-que-culmina-una-semana-con-diferentes-actividades-sociales-y-culturales\/","og_site_name":"La Gu\u00eda de Pamplona","article_publisher":"https:\/\/www.facebook.com\/laguiadepamplonacom-133175176762273\/?ref=hl","article_published_time":"2025-04-02T14:28:03+00:00","article_modified_time":"2025-04-02T14:58:57+00:00","og_image":[{"width":843,"height":1012,"url":"https:\/\/www.laguiadepamplona.com\/actualidad\/wp-content\/uploads\/2025\/04\/foro-barrio-buztintxuri_web.webp","type":"image\/webp"}],"author":"La Gu\u00eda de Pamplona","twitter_card":"summary_large_image","twitter_creator":"@LaGuiadPamplona","twitter_site":"@LaGuiadPamplona","twitter_misc":{"Escrito por":"La Gu\u00eda de Pamplona","Tiempo de lectura":"3 minutos"},"schema":{"@context":"https:\/\/schema.org","@graph":[{"@type":"Article","@id":"https:\/\/www.laguiadepamplona.com\/actualidad\/el-jueves-10-de-abril-se-celebra-el-foro-de-barrio-de-buztintxuri-que-culmina-una-semana-con-diferentes-actividades-sociales-y-culturales\/#article","isPartOf":{"@id":"https:\/\/www.laguiadepamplona.com\/actualidad\/el-jueves-10-de-abril-se-celebra-el-foro-de-barrio-de-buztintxuri-que-culmina-una-semana-con-diferentes-actividades-sociales-y-culturales\/"},"author":{"name":"La Gu\u00eda de Pamplona","@id":"https:\/\/www.laguiadepamplona.com\/actualidad\/#\/schema\/person\/efe887376f0213d4657c93adc50b1fdb"},"headline":"El jueves 10 de abril se celebra el Foro de Barrio de Buztintxuri, que culmina una semana con diferentes actividades sociales y culturales","datePublished":"2025-04-02T14:28:03+00:00","dateModified":"2025-04-02T14:58:57+00:00","mainEntityOfPage":{"@id":"https:\/\/www.laguiadepamplona.com\/actualidad\/el-jueves-10-de-abril-se-celebra-el-foro-de-barrio-de-buztintxuri-que-culmina-una-semana-con-diferentes-actividades-sociales-y-culturales\/"},"wordCount":591,"commentCount":0,"publisher":{"@id":"https:\/\/www.laguiadepamplona.com\/actualidad\/#organization"},"image":{"@id":"https:\/\/www.laguiadepamplona.com\/actualidad\/el-jueves-10-de-abril-se-celebra-el-foro-de-barrio-de-buztintxuri-que-culmina-una-semana-con-diferentes-actividades-sociales-y-culturales\/#primaryimage"},"thumbnailUrl":"https:\/\/www.laguiadepamplona.com\/actualidad\/wp-content\/uploads\/2025\/04\/foro-barrio-buztintxuri_web.webp","articleSection":["Ayto Pamplona"],"inLanguage":"es","potentialAction":[{"@type":"CommentAction","name":"Comment","target":["https:\/\/www.laguiadepamplona.com\/actualidad\/el-jueves-10-de-abril-se-celebra-el-foro-de-barrio-de-buztintxuri-que-culmina-una-semana-con-diferentes-actividades-sociales-y-culturales\/#respond"]}]},{"@type":"WebPage","@id":"https:\/\/www.laguiadepamplona.com\/actualidad\/el-jueves-10-de-abril-se-celebra-el-foro-de-barrio-de-buztintxuri-que-culmina-una-semana-con-diferentes-actividades-sociales-y-culturales\/","url":"https:\/\/www.laguiadepamplona.com\/actualidad\/el-jueves-10-de-abril-se-celebra-el-foro-de-barrio-de-buztintxuri-que-culmina-una-semana-con-diferentes-actividades-sociales-y-culturales\/","name":"El jueves 10 de abril se celebra el Foro de Barrio de Buztintxuri, que culmina una semana con diferentes actividades sociales y culturales","isPartOf":{"@id":"https:\/\/www.laguiadepamplona.com\/actualidad\/#website"},"primaryImageOfPage":{"@id":"https:\/\/www.laguiadepamplona.com\/actualidad\/el-jueves-10-de-abril-se-celebra-el-foro-de-barrio-de-buztintxuri-que-culmina-una-semana-con-diferentes-actividades-sociales-y-culturales\/#primaryimage"},"image":{"@id":"https:\/\/www.laguiadepamplona.com\/actualidad\/el-jueves-10-de-abril-se-celebra-el-foro-de-barrio-de-buztintxuri-que-culmina-una-semana-con-diferentes-actividades-sociales-y-culturales\/#primaryimage"},"thumbnailUrl":"https:\/\/www.laguiadepamplona.com\/actualidad\/wp-content\/uploads\/2025\/04\/foro-barrio-buztintxuri_web.webp","datePublished":"2025-04-02T14:28:03+00:00","dateModified":"2025-04-02T14:58:57+00:00","description":"El plazo para presentar aportaciones, consultas y sugerencias est\u00e1 ya abierto en la web Decide Pamplona y en foros@pamplona.es","breadcrumb":{"@id":"https:\/\/www.laguiadepamplona.com\/actualidad\/el-jueves-10-de-abril-se-celebra-el-foro-de-barrio-de-buztintxuri-que-culmina-una-semana-con-diferentes-actividades-sociales-y-culturales\/#breadcrumb"},"inLanguage":"es","potentialAction":[{"@type":"ReadAction","target":["https:\/\/www.laguiadepamplona.com\/actualidad\/el-jueves-10-de-abril-se-celebra-el-foro-de-barrio-de-buztintxuri-que-culmina-una-semana-con-diferentes-actividades-sociales-y-culturales\/"]}]},{"@type":"ImageObject","inLanguage":"es","@id":"https:\/\/www.laguiadepamplona.com\/actualidad\/el-jueves-10-de-abril-se-celebra-el-foro-de-barrio-de-buztintxuri-que-culmina-una-semana-con-diferentes-actividades-sociales-y-culturales\/#primaryimage","url":"https:\/\/www.laguiadepamplona.com\/actualidad\/wp-content\/uploads\/2025\/04\/foro-barrio-buztintxuri_web.webp","contentUrl":"https:\/\/www.laguiadepamplona.com\/actualidad\/wp-content\/uploads\/2025\/04\/foro-barrio-buztintxuri_web.webp","width":843,"height":1012,"caption":"foro barrio buztintxuri"},{"@type":"BreadcrumbList","@id":"https:\/\/www.laguiadepamplona.com\/actualidad\/el-jueves-10-de-abril-se-celebra-el-foro-de-barrio-de-buztintxuri-que-culmina-una-semana-con-diferentes-actividades-sociales-y-culturales\/#breadcrumb","itemListElement":[{"@type":"ListItem","position":1,"name":"Portada","item":"https:\/\/www.laguiadepamplona.com\/actualidad\/"},{"@type":"ListItem","position":2,"name":"El jueves 10 de abril se celebra el Foro de Barrio de Buztintxuri, que culmina una semana con diferentes actividades sociales y culturales"}]},{"@type":"WebSite","@id":"https:\/\/www.laguiadepamplona.com\/actualidad\/#website","url":"https:\/\/www.laguiadepamplona.com\/actualidad\/","name":"La gu\u00eda de Pamplona","description":"Noticias de Pamplona","publisher":{"@id":"https:\/\/www.laguiadepamplona.com\/actualidad\/#organization"},"potentialAction":[{"@type":"SearchAction","target":{"@type":"EntryPoint","urlTemplate":"https:\/\/www.laguiadepamplona.com\/actualidad\/?s={search_term_string}"},"query-input":{"@type":"PropertyValueSpecification","valueRequired":true,"valueName":"search_term_string"}}],"inLanguage":"es"},{"@type":"Organization","@id":"https:\/\/www.laguiadepamplona.com\/actualidad\/#organization","name":"La Gu\u00eda de Pamplona \/ Noticias","url":"https:\/\/www.laguiadepamplona.com\/actualidad\/","logo":{"@type":"ImageObject","inLanguage":"es","@id":"https:\/\/www.laguiadepamplona.com\/actualidad\/#\/schema\/logo\/image\/","url":"https:\/\/www.laguiadepamplona.com\/actualidad\/wp-content\/uploads\/2018\/11\/logo-laguiadepamplona18-web1.png","contentUrl":"https:\/\/www.laguiadepamplona.com\/actualidad\/wp-content\/uploads\/2018\/11\/logo-laguiadepamplona18-web1.png","width":600,"height":196,"caption":"La Gu\u00eda de Pamplona \/ Noticias"},"image":{"@id":"https:\/\/www.laguiadepamplona.com\/actualidad\/#\/schema\/logo\/image\/"},"sameAs":["https:\/\/www.facebook.com\/laguiadepamplonacom-133175176762273\/?ref=hl","https:\/\/x.com\/LaGuiadPamplona","https:\/\/www.instagram.com\/la_guia_de_pamplona\/","https:\/\/www.youtube.com\/user\/laguiadepamplona"]},{"@type":"Person","@id":"https:\/\/www.laguiadepamplona.com\/actualidad\/#\/schema\/person\/efe887376f0213d4657c93adc50b1fdb","name":"La Gu\u00eda de Pamplona","image":{"@type":"ImageObject","inLanguage":"es","@id":"https:\/\/secure.gravatar.com\/avatar\/b6992f131dc8d30ab0dff15446e9d346d9dbd95992de0fef795073f5ea83a81c?s=96&d=mm&r=g","url":"https:\/\/secure.gravatar.com\/avatar\/b6992f131dc8d30ab0dff15446e9d346d9dbd95992de0fef795073f5ea83a81c?s=96&d=mm&r=g","contentUrl":"https:\/\/secure.gravatar.com\/avatar\/b6992f131dc8d30ab0dff15446e9d346d9dbd95992de0fef795073f5ea83a81c?s=96&d=mm&r=g","caption":"La Gu\u00eda de Pamplona"}}]}},"post_mailing_queue_ids":[],"_links":{"self":[{"href":"https:\/\/www.laguiadepamplona.com\/actualidad\/wp-json\/wp\/v2\/posts\/52629","targetHints":{"allow":["GET"]}}],"collection":[{"href":"https:\/\/www.laguiadepamplona.com\/actualidad\/wp-json\/wp\/v2\/posts"}],"about":[{"href":"https:\/\/www.laguiadepamplona.com\/actualidad\/wp-json\/wp\/v2\/types\/post"}],"author":[{"embeddable":true,"href":"https:\/\/www.laguiadepamplona.com\/actualidad\/wp-json\/wp\/v2\/users\/1"}],"replies":[{"embeddable":true,"href":"https:\/\/www.laguiadepamplona.com\/actualidad\/wp-json\/wp\/v2\/comments?post=52629"}],"version-history":[{"count":1,"href":"https:\/\/www.laguiadepamplona.com\/actualidad\/wp-json\/wp\/v2\/posts\/52629\/revisions"}],"predecessor-version":[{"id":52630,"href":"https:\/\/www.laguiadepamplona.com\/actualidad\/wp-json\/wp\/v2\/posts\/52629\/revisions\/52630"}],"wp:featuredmedia":[{"embeddable":true,"href":"https:\/\/www.laguiadepamplona.com\/actualidad\/wp-json\/wp\/v2\/media\/52634"}],"wp:attachment":[{"href":"https:\/\/www.laguiadepamplona.com\/actualidad\/wp-json\/wp\/v2\/media?parent=52629"}],"wp:term":[{"taxonomy":"category","embeddable":true,"href":"https:\/\/www.laguiadepamplona.com\/actualidad\/wp-json\/wp\/v2\/categories?post=52629"},{"taxonomy":"post_tag","embeddable":true,"href":"https:\/\/www.laguiadepamplona.com\/actualidad\/wp-json\/wp\/v2\/tags?post=52629"}],"curies":[{"name":"wp","href":"https:\/\/api.w.org\/{rel}","templated":true}]}}