{"id":52624,"date":"2025-04-02T16:22:14","date_gmt":"2025-04-02T14:22:14","guid":{"rendered":"https:\/\/www.laguiadepamplona.com\/actualidad\/?p=52624"},"modified":"2025-04-02T16:22:14","modified_gmt":"2025-04-02T14:22:14","slug":"la-mesa-de-la-juventud-del-ayuntamiento-de-pamplona-un-foro-de-reflexion-y-propuesta-cuya-composicion-se-mantendra-hasta-2027","status":"publish","type":"post","link":"https:\/\/www.laguiadepamplona.com\/actualidad\/la-mesa-de-la-juventud-del-ayuntamiento-de-pamplona-un-foro-de-reflexion-y-propuesta-cuya-composicion-se-mantendra-hasta-2027\/","title":{"rendered":"La Mesa de la Juventud del Ayuntamiento de Pamplona, un foro de reflexi\u00f3n y propuesta cuya composici\u00f3n se mantendr\u00e1 hasta 2027"},"content":{"rendered":"<p><!--more--><\/p>\n<p><strong><u>Esta tarde, a las 18 horas, se re\u00fane la Mesa de la Juventud en la Casa de la Juventud<\/u><\/strong>, un \u00f3rgano de reflexi\u00f3n conjunta, an\u00e1lisis y propuesta para diferentes agentes y entidades que conforman el sector juvenil de la ciudad, que se constituy\u00f3 el pasado 20 de noviembre. La sesi\u00f3n estar\u00e1 presidida por el concejal delegado de Juventud, <strong>Mikel Armend\u00e1riz Barnechea<\/strong> con un orden del d\u00eda en el que destaca el trabajo sobre la propuesta de Plan Operativo 2025 que establecer\u00e1 las acciones a tomar a cabo en este \u00e1mbito, dentro del III Plan Pamplona Joven.<\/p>\n<p>Asimismo, la Mesa aprobar\u00e1 la incorporaci\u00f3n de personas en sustituci\u00f3n de bajas o por el acceso de nuevos colectivos, como la entrada de una vocal vinculada al \u00e1mbito de la igualdad entre mujeres y hombres; tambi\u00e9n se solicitar\u00e1n aportaciones para revistar el reglamento que ordena la propia Mesa para actualizarlo, ya que es una reglamentaci\u00f3n que se aprob\u00f3 en 2019. En la reuni\u00f3n se informar\u00e1, adem\u00e1s, del desarrollo de programas de Juventud como las subvenciones al emprendimiento juvenil, el programa de actividades de verano Chancletas, la programaci\u00f3n prevista en la Casa de la Juventud, Ruta Inti y Euskarabentura, as\u00ed como la Cumbre Juvenil Antirrumores.<\/p>\n<p>En la sesi\u00f3n de esta tarde se ratificar\u00e1 la composici\u00f3n de la Comisi\u00f3n Permanente, un \u00f3rgano que es potestativo y que cuya constituci\u00f3n se propuso en la anterior reuni\u00f3n de la Mesa. Esta legislatura formar\u00e1 parte de este \u00f3rgano, adem\u00e1s de personal t\u00e9cnico y pol\u00edtico de \u00e1rea municipal, personas designadas como representantes del Colegio Mayor Larraona, Ciudadan\u00eda Activa, representaci\u00f3n estudiantil de la Universidad P\u00fablica de Navarra (UPNA) y Nuevas Generaciones del partido Popular (PP).<\/p>\n<p>La Mesa de la Juventud tiene representantes de m\u00e1s de 30 organizaciones juveniles y portavoces del Instituto Navarro de la Juventud. Como \u00f3rgano naci\u00f3 en 2001 encuadrado en la administraci\u00f3n municipal y se encarga de canalizar la implicaci\u00f3n de los j\u00f3venes en actuaciones municipales en materia de Juventud.<\/p>\n<p>El III Plan Pamplona Joven es el marco conceptual del Ayuntamiento de Pamplona en lo relativo a la juventud de la ciudad. Tiene como misi\u00f3n principal promover la autonom\u00eda de j\u00f3venes y construir una ciudad en la que las personas j\u00f3venes cuenten en el d\u00eda a d\u00eda y participen de forma activa y recoge m\u00e1s de un centenar de acciones agrupadas en cinco ejes fundamentales. As\u00ed, el plan aborda aspectos relacionados con la juventud emancipada, la juventud comprometida, la juventud participativa, la juventud activa y la juventud sostenible.<\/p>\n","protected":false},"excerpt":{"rendered":"","protected":false},"author":1,"featured_media":42742,"comment_status":"open","ping_status":"closed","sticky":false,"template":"","format":"standard","meta":{"footnotes":""},"categories":[2],"tags":[],"class_list":["post-52624","post","type-post","status-publish","format-standard","has-post-thumbnail","hentry","category-ayuntamiento-pamplona"],"yoast_head":"<!-- This site is optimized with the Yoast SEO plugin v27.5 - https:\/\/yoast.com\/product\/yoast-seo-wordpress\/ -->\n<title>La Mesa de la Juventud del Ayuntamiento de Pamplona, un foro de reflexi\u00f3n y propuesta cuya composici\u00f3n se mantendr\u00e1 hasta 2027<\/title>\n<meta name=\"robots\" content=\"index, follow, max-snippet:-1, max-image-preview:large, max-video-preview:-1\" \/>\n<link rel=\"canonical\" href=\"https:\/\/www.laguiadepamplona.com\/actualidad\/la-mesa-de-la-juventud-del-ayuntamiento-de-pamplona-un-foro-de-reflexion-y-propuesta-cuya-composicion-se-mantendra-hasta-2027\/\" \/>\n<meta property=\"og:locale\" content=\"es_ES\" \/>\n<meta property=\"og:type\" content=\"article\" \/>\n<meta property=\"og:title\" content=\"La Mesa de la Juventud del Ayuntamiento de Pamplona, un foro de reflexi\u00f3n y propuesta cuya composici\u00f3n se mantendr\u00e1 hasta 2027\" \/>\n<meta property=\"og:url\" content=\"https:\/\/www.laguiadepamplona.com\/actualidad\/la-mesa-de-la-juventud-del-ayuntamiento-de-pamplona-un-foro-de-reflexion-y-propuesta-cuya-composicion-se-mantendra-hasta-2027\/\" \/>\n<meta property=\"og:site_name\" content=\"La Gu\u00eda de Pamplona\" \/>\n<meta property=\"article:publisher\" content=\"https:\/\/www.facebook.com\/laguiadepamplonacom-133175176762273\/?ref=hl\" \/>\n<meta property=\"article:published_time\" content=\"2025-04-02T14:22:14+00:00\" \/>\n<meta property=\"og:image\" content=\"https:\/\/www.laguiadepamplona.com\/actualidad\/wp-content\/uploads\/2023\/02\/casa-de-la-juventud-pamplona.webp\" \/>\n\t<meta property=\"og:image:width\" content=\"1920\" \/>\n\t<meta property=\"og:image:height\" content=\"1280\" \/>\n\t<meta property=\"og:image:type\" content=\"image\/webp\" \/>\n<meta name=\"author\" content=\"La Gu\u00eda de Pamplona\" \/>\n<meta name=\"twitter:card\" content=\"summary_large_image\" \/>\n<meta name=\"twitter:creator\" content=\"@LaGuiadPamplona\" \/>\n<meta name=\"twitter:site\" content=\"@LaGuiadPamplona\" \/>\n<meta name=\"twitter:label1\" content=\"Escrito por\" \/>\n\t<meta name=\"twitter:data1\" content=\"La Gu\u00eda de Pamplona\" \/>\n\t<meta name=\"twitter:label2\" content=\"Tiempo de lectura\" \/>\n\t<meta name=\"twitter:data2\" content=\"3 minutos\" \/>\n<script type=\"application\/ld+json\" class=\"yoast-schema-graph\">{\"@context\":\"https:\\\/\\\/schema.org\",\"@graph\":[{\"@type\":\"Article\",\"@id\":\"https:\\\/\\\/www.laguiadepamplona.com\\\/actualidad\\\/la-mesa-de-la-juventud-del-ayuntamiento-de-pamplona-un-foro-de-reflexion-y-propuesta-cuya-composicion-se-mantendra-hasta-2027\\\/#article\",\"isPartOf\":{\"@id\":\"https:\\\/\\\/www.laguiadepamplona.com\\\/actualidad\\\/la-mesa-de-la-juventud-del-ayuntamiento-de-pamplona-un-foro-de-reflexion-y-propuesta-cuya-composicion-se-mantendra-hasta-2027\\\/\"},\"author\":{\"name\":\"La Gu\u00eda de Pamplona\",\"@id\":\"https:\\\/\\\/www.laguiadepamplona.com\\\/actualidad\\\/#\\\/schema\\\/person\\\/efe887376f0213d4657c93adc50b1fdb\"},\"headline\":\"La Mesa de la Juventud del Ayuntamiento de Pamplona, un foro de reflexi\u00f3n y propuesta cuya composici\u00f3n se mantendr\u00e1 hasta 2027\",\"datePublished\":\"2025-04-02T14:22:14+00:00\",\"mainEntityOfPage\":{\"@id\":\"https:\\\/\\\/www.laguiadepamplona.com\\\/actualidad\\\/la-mesa-de-la-juventud-del-ayuntamiento-de-pamplona-un-foro-de-reflexion-y-propuesta-cuya-composicion-se-mantendra-hasta-2027\\\/\"},\"wordCount\":462,\"commentCount\":0,\"publisher\":{\"@id\":\"https:\\\/\\\/www.laguiadepamplona.com\\\/actualidad\\\/#organization\"},\"image\":{\"@id\":\"https:\\\/\\\/www.laguiadepamplona.com\\\/actualidad\\\/la-mesa-de-la-juventud-del-ayuntamiento-de-pamplona-un-foro-de-reflexion-y-propuesta-cuya-composicion-se-mantendra-hasta-2027\\\/#primaryimage\"},\"thumbnailUrl\":\"https:\\\/\\\/www.laguiadepamplona.com\\\/actualidad\\\/wp-content\\\/uploads\\\/2023\\\/02\\\/casa-de-la-juventud-pamplona.webp\",\"articleSection\":[\"Ayto Pamplona\"],\"inLanguage\":\"es\",\"potentialAction\":[{\"@type\":\"CommentAction\",\"name\":\"Comment\",\"target\":[\"https:\\\/\\\/www.laguiadepamplona.com\\\/actualidad\\\/la-mesa-de-la-juventud-del-ayuntamiento-de-pamplona-un-foro-de-reflexion-y-propuesta-cuya-composicion-se-mantendra-hasta-2027\\\/#respond\"]}]},{\"@type\":\"WebPage\",\"@id\":\"https:\\\/\\\/www.laguiadepamplona.com\\\/actualidad\\\/la-mesa-de-la-juventud-del-ayuntamiento-de-pamplona-un-foro-de-reflexion-y-propuesta-cuya-composicion-se-mantendra-hasta-2027\\\/\",\"url\":\"https:\\\/\\\/www.laguiadepamplona.com\\\/actualidad\\\/la-mesa-de-la-juventud-del-ayuntamiento-de-pamplona-un-foro-de-reflexion-y-propuesta-cuya-composicion-se-mantendra-hasta-2027\\\/\",\"name\":\"La Mesa de la Juventud del Ayuntamiento de Pamplona, un foro de reflexi\u00f3n y propuesta cuya composici\u00f3n se mantendr\u00e1 hasta 2027\",\"isPartOf\":{\"@id\":\"https:\\\/\\\/www.laguiadepamplona.com\\\/actualidad\\\/#website\"},\"primaryImageOfPage\":{\"@id\":\"https:\\\/\\\/www.laguiadepamplona.com\\\/actualidad\\\/la-mesa-de-la-juventud-del-ayuntamiento-de-pamplona-un-foro-de-reflexion-y-propuesta-cuya-composicion-se-mantendra-hasta-2027\\\/#primaryimage\"},\"image\":{\"@id\":\"https:\\\/\\\/www.laguiadepamplona.com\\\/actualidad\\\/la-mesa-de-la-juventud-del-ayuntamiento-de-pamplona-un-foro-de-reflexion-y-propuesta-cuya-composicion-se-mantendra-hasta-2027\\\/#primaryimage\"},\"thumbnailUrl\":\"https:\\\/\\\/www.laguiadepamplona.com\\\/actualidad\\\/wp-content\\\/uploads\\\/2023\\\/02\\\/casa-de-la-juventud-pamplona.webp\",\"datePublished\":\"2025-04-02T14:22:14+00:00\",\"breadcrumb\":{\"@id\":\"https:\\\/\\\/www.laguiadepamplona.com\\\/actualidad\\\/la-mesa-de-la-juventud-del-ayuntamiento-de-pamplona-un-foro-de-reflexion-y-propuesta-cuya-composicion-se-mantendra-hasta-2027\\\/#breadcrumb\"},\"inLanguage\":\"es\",\"potentialAction\":[{\"@type\":\"ReadAction\",\"target\":[\"https:\\\/\\\/www.laguiadepamplona.com\\\/actualidad\\\/la-mesa-de-la-juventud-del-ayuntamiento-de-pamplona-un-foro-de-reflexion-y-propuesta-cuya-composicion-se-mantendra-hasta-2027\\\/\"]}]},{\"@type\":\"ImageObject\",\"inLanguage\":\"es\",\"@id\":\"https:\\\/\\\/www.laguiadepamplona.com\\\/actualidad\\\/la-mesa-de-la-juventud-del-ayuntamiento-de-pamplona-un-foro-de-reflexion-y-propuesta-cuya-composicion-se-mantendra-hasta-2027\\\/#primaryimage\",\"url\":\"https:\\\/\\\/www.laguiadepamplona.com\\\/actualidad\\\/wp-content\\\/uploads\\\/2023\\\/02\\\/casa-de-la-juventud-pamplona.webp\",\"contentUrl\":\"https:\\\/\\\/www.laguiadepamplona.com\\\/actualidad\\\/wp-content\\\/uploads\\\/2023\\\/02\\\/casa-de-la-juventud-pamplona.webp\",\"width\":1920,\"height\":1280,\"caption\":\"casa de la juventud\"},{\"@type\":\"BreadcrumbList\",\"@id\":\"https:\\\/\\\/www.laguiadepamplona.com\\\/actualidad\\\/la-mesa-de-la-juventud-del-ayuntamiento-de-pamplona-un-foro-de-reflexion-y-propuesta-cuya-composicion-se-mantendra-hasta-2027\\\/#breadcrumb\",\"itemListElement\":[{\"@type\":\"ListItem\",\"position\":1,\"name\":\"Portada\",\"item\":\"https:\\\/\\\/www.laguiadepamplona.com\\\/actualidad\\\/\"},{\"@type\":\"ListItem\",\"position\":2,\"name\":\"La Mesa de la Juventud del Ayuntamiento de Pamplona, un foro de reflexi\u00f3n y propuesta cuya composici\u00f3n se mantendr\u00e1 hasta 2027\"}]},{\"@type\":\"WebSite\",\"@id\":\"https:\\\/\\\/www.laguiadepamplona.com\\\/actualidad\\\/#website\",\"url\":\"https:\\\/\\\/www.laguiadepamplona.com\\\/actualidad\\\/\",\"name\":\"La gu\u00eda de Pamplona\",\"description\":\"Noticias de Pamplona\",\"publisher\":{\"@id\":\"https:\\\/\\\/www.laguiadepamplona.com\\\/actualidad\\\/#organization\"},\"potentialAction\":[{\"@type\":\"SearchAction\",\"target\":{\"@type\":\"EntryPoint\",\"urlTemplate\":\"https:\\\/\\\/www.laguiadepamplona.com\\\/actualidad\\\/?s={search_term_string}\"},\"query-input\":{\"@type\":\"PropertyValueSpecification\",\"valueRequired\":true,\"valueName\":\"search_term_string\"}}],\"inLanguage\":\"es\"},{\"@type\":\"Organization\",\"@id\":\"https:\\\/\\\/www.laguiadepamplona.com\\\/actualidad\\\/#organization\",\"name\":\"La Gu\u00eda de Pamplona \\\/ Noticias\",\"url\":\"https:\\\/\\\/www.laguiadepamplona.com\\\/actualidad\\\/\",\"logo\":{\"@type\":\"ImageObject\",\"inLanguage\":\"es\",\"@id\":\"https:\\\/\\\/www.laguiadepamplona.com\\\/actualidad\\\/#\\\/schema\\\/logo\\\/image\\\/\",\"url\":\"https:\\\/\\\/www.laguiadepamplona.com\\\/actualidad\\\/wp-content\\\/uploads\\\/2018\\\/11\\\/logo-laguiadepamplona18-web1.png\",\"contentUrl\":\"https:\\\/\\\/www.laguiadepamplona.com\\\/actualidad\\\/wp-content\\\/uploads\\\/2018\\\/11\\\/logo-laguiadepamplona18-web1.png\",\"width\":600,\"height\":196,\"caption\":\"La Gu\u00eda de Pamplona \\\/ Noticias\"},\"image\":{\"@id\":\"https:\\\/\\\/www.laguiadepamplona.com\\\/actualidad\\\/#\\\/schema\\\/logo\\\/image\\\/\"},\"sameAs\":[\"https:\\\/\\\/www.facebook.com\\\/laguiadepamplonacom-133175176762273\\\/?ref=hl\",\"https:\\\/\\\/x.com\\\/LaGuiadPamplona\",\"https:\\\/\\\/www.instagram.com\\\/la_guia_de_pamplona\\\/\",\"https:\\\/\\\/www.youtube.com\\\/user\\\/laguiadepamplona\"]},{\"@type\":\"Person\",\"@id\":\"https:\\\/\\\/www.laguiadepamplona.com\\\/actualidad\\\/#\\\/schema\\\/person\\\/efe887376f0213d4657c93adc50b1fdb\",\"name\":\"La Gu\u00eda de Pamplona\",\"image\":{\"@type\":\"ImageObject\",\"inLanguage\":\"es\",\"@id\":\"https:\\\/\\\/secure.gravatar.com\\\/avatar\\\/b6992f131dc8d30ab0dff15446e9d346d9dbd95992de0fef795073f5ea83a81c?s=96&d=mm&r=g\",\"url\":\"https:\\\/\\\/secure.gravatar.com\\\/avatar\\\/b6992f131dc8d30ab0dff15446e9d346d9dbd95992de0fef795073f5ea83a81c?s=96&d=mm&r=g\",\"contentUrl\":\"https:\\\/\\\/secure.gravatar.com\\\/avatar\\\/b6992f131dc8d30ab0dff15446e9d346d9dbd95992de0fef795073f5ea83a81c?s=96&d=mm&r=g\",\"caption\":\"La Gu\u00eda de Pamplona\"}}]}<\/script>\n<!-- \/ Yoast SEO plugin. -->","yoast_head_json":{"title":"La Mesa de la Juventud del Ayuntamiento de Pamplona, un foro de reflexi\u00f3n y propuesta cuya composici\u00f3n se mantendr\u00e1 hasta 2027","robots":{"index":"index","follow":"follow","max-snippet":"max-snippet:-1","max-image-preview":"max-image-preview:large","max-video-preview":"max-video-preview:-1"},"canonical":"https:\/\/www.laguiadepamplona.com\/actualidad\/la-mesa-de-la-juventud-del-ayuntamiento-de-pamplona-un-foro-de-reflexion-y-propuesta-cuya-composicion-se-mantendra-hasta-2027\/","og_locale":"es_ES","og_type":"article","og_title":"La Mesa de la Juventud del Ayuntamiento de Pamplona, un foro de reflexi\u00f3n y propuesta cuya composici\u00f3n se mantendr\u00e1 hasta 2027","og_url":"https:\/\/www.laguiadepamplona.com\/actualidad\/la-mesa-de-la-juventud-del-ayuntamiento-de-pamplona-un-foro-de-reflexion-y-propuesta-cuya-composicion-se-mantendra-hasta-2027\/","og_site_name":"La Gu\u00eda de Pamplona","article_publisher":"https:\/\/www.facebook.com\/laguiadepamplonacom-133175176762273\/?ref=hl","article_published_time":"2025-04-02T14:22:14+00:00","og_image":[{"width":1920,"height":1280,"url":"https:\/\/www.laguiadepamplona.com\/actualidad\/wp-content\/uploads\/2023\/02\/casa-de-la-juventud-pamplona.webp","type":"image\/webp"}],"author":"La Gu\u00eda de Pamplona","twitter_card":"summary_large_image","twitter_creator":"@LaGuiadPamplona","twitter_site":"@LaGuiadPamplona","twitter_misc":{"Escrito por":"La Gu\u00eda de Pamplona","Tiempo de lectura":"3 minutos"},"schema":{"@context":"https:\/\/schema.org","@graph":[{"@type":"Article","@id":"https:\/\/www.laguiadepamplona.com\/actualidad\/la-mesa-de-la-juventud-del-ayuntamiento-de-pamplona-un-foro-de-reflexion-y-propuesta-cuya-composicion-se-mantendra-hasta-2027\/#article","isPartOf":{"@id":"https:\/\/www.laguiadepamplona.com\/actualidad\/la-mesa-de-la-juventud-del-ayuntamiento-de-pamplona-un-foro-de-reflexion-y-propuesta-cuya-composicion-se-mantendra-hasta-2027\/"},"author":{"name":"La Gu\u00eda de Pamplona","@id":"https:\/\/www.laguiadepamplona.com\/actualidad\/#\/schema\/person\/efe887376f0213d4657c93adc50b1fdb"},"headline":"La Mesa de la Juventud del Ayuntamiento de Pamplona, un foro de reflexi\u00f3n y propuesta cuya composici\u00f3n se mantendr\u00e1 hasta 2027","datePublished":"2025-04-02T14:22:14+00:00","mainEntityOfPage":{"@id":"https:\/\/www.laguiadepamplona.com\/actualidad\/la-mesa-de-la-juventud-del-ayuntamiento-de-pamplona-un-foro-de-reflexion-y-propuesta-cuya-composicion-se-mantendra-hasta-2027\/"},"wordCount":462,"commentCount":0,"publisher":{"@id":"https:\/\/www.laguiadepamplona.com\/actualidad\/#organization"},"image":{"@id":"https:\/\/www.laguiadepamplona.com\/actualidad\/la-mesa-de-la-juventud-del-ayuntamiento-de-pamplona-un-foro-de-reflexion-y-propuesta-cuya-composicion-se-mantendra-hasta-2027\/#primaryimage"},"thumbnailUrl":"https:\/\/www.laguiadepamplona.com\/actualidad\/wp-content\/uploads\/2023\/02\/casa-de-la-juventud-pamplona.webp","articleSection":["Ayto Pamplona"],"inLanguage":"es","potentialAction":[{"@type":"CommentAction","name":"Comment","target":["https:\/\/www.laguiadepamplona.com\/actualidad\/la-mesa-de-la-juventud-del-ayuntamiento-de-pamplona-un-foro-de-reflexion-y-propuesta-cuya-composicion-se-mantendra-hasta-2027\/#respond"]}]},{"@type":"WebPage","@id":"https:\/\/www.laguiadepamplona.com\/actualidad\/la-mesa-de-la-juventud-del-ayuntamiento-de-pamplona-un-foro-de-reflexion-y-propuesta-cuya-composicion-se-mantendra-hasta-2027\/","url":"https:\/\/www.laguiadepamplona.com\/actualidad\/la-mesa-de-la-juventud-del-ayuntamiento-de-pamplona-un-foro-de-reflexion-y-propuesta-cuya-composicion-se-mantendra-hasta-2027\/","name":"La Mesa de la Juventud del Ayuntamiento de Pamplona, un foro de reflexi\u00f3n y propuesta cuya composici\u00f3n se mantendr\u00e1 hasta 2027","isPartOf":{"@id":"https:\/\/www.laguiadepamplona.com\/actualidad\/#website"},"primaryImageOfPage":{"@id":"https:\/\/www.laguiadepamplona.com\/actualidad\/la-mesa-de-la-juventud-del-ayuntamiento-de-pamplona-un-foro-de-reflexion-y-propuesta-cuya-composicion-se-mantendra-hasta-2027\/#primaryimage"},"image":{"@id":"https:\/\/www.laguiadepamplona.com\/actualidad\/la-mesa-de-la-juventud-del-ayuntamiento-de-pamplona-un-foro-de-reflexion-y-propuesta-cuya-composicion-se-mantendra-hasta-2027\/#primaryimage"},"thumbnailUrl":"https:\/\/www.laguiadepamplona.com\/actualidad\/wp-content\/uploads\/2023\/02\/casa-de-la-juventud-pamplona.webp","datePublished":"2025-04-02T14:22:14+00:00","breadcrumb":{"@id":"https:\/\/www.laguiadepamplona.com\/actualidad\/la-mesa-de-la-juventud-del-ayuntamiento-de-pamplona-un-foro-de-reflexion-y-propuesta-cuya-composicion-se-mantendra-hasta-2027\/#breadcrumb"},"inLanguage":"es","potentialAction":[{"@type":"ReadAction","target":["https:\/\/www.laguiadepamplona.com\/actualidad\/la-mesa-de-la-juventud-del-ayuntamiento-de-pamplona-un-foro-de-reflexion-y-propuesta-cuya-composicion-se-mantendra-hasta-2027\/"]}]},{"@type":"ImageObject","inLanguage":"es","@id":"https:\/\/www.laguiadepamplona.com\/actualidad\/la-mesa-de-la-juventud-del-ayuntamiento-de-pamplona-un-foro-de-reflexion-y-propuesta-cuya-composicion-se-mantendra-hasta-2027\/#primaryimage","url":"https:\/\/www.laguiadepamplona.com\/actualidad\/wp-content\/uploads\/2023\/02\/casa-de-la-juventud-pamplona.webp","contentUrl":"https:\/\/www.laguiadepamplona.com\/actualidad\/wp-content\/uploads\/2023\/02\/casa-de-la-juventud-pamplona.webp","width":1920,"height":1280,"caption":"casa de la juventud"},{"@type":"BreadcrumbList","@id":"https:\/\/www.laguiadepamplona.com\/actualidad\/la-mesa-de-la-juventud-del-ayuntamiento-de-pamplona-un-foro-de-reflexion-y-propuesta-cuya-composicion-se-mantendra-hasta-2027\/#breadcrumb","itemListElement":[{"@type":"ListItem","position":1,"name":"Portada","item":"https:\/\/www.laguiadepamplona.com\/actualidad\/"},{"@type":"ListItem","position":2,"name":"La Mesa de la Juventud del Ayuntamiento de Pamplona, un foro de reflexi\u00f3n y propuesta cuya composici\u00f3n se mantendr\u00e1 hasta 2027"}]},{"@type":"WebSite","@id":"https:\/\/www.laguiadepamplona.com\/actualidad\/#website","url":"https:\/\/www.laguiadepamplona.com\/actualidad\/","name":"La gu\u00eda de Pamplona","description":"Noticias de Pamplona","publisher":{"@id":"https:\/\/www.laguiadepamplona.com\/actualidad\/#organization"},"potentialAction":[{"@type":"SearchAction","target":{"@type":"EntryPoint","urlTemplate":"https:\/\/www.laguiadepamplona.com\/actualidad\/?s={search_term_string}"},"query-input":{"@type":"PropertyValueSpecification","valueRequired":true,"valueName":"search_term_string"}}],"inLanguage":"es"},{"@type":"Organization","@id":"https:\/\/www.laguiadepamplona.com\/actualidad\/#organization","name":"La Gu\u00eda de Pamplona \/ Noticias","url":"https:\/\/www.laguiadepamplona.com\/actualidad\/","logo":{"@type":"ImageObject","inLanguage":"es","@id":"https:\/\/www.laguiadepamplona.com\/actualidad\/#\/schema\/logo\/image\/","url":"https:\/\/www.laguiadepamplona.com\/actualidad\/wp-content\/uploads\/2018\/11\/logo-laguiadepamplona18-web1.png","contentUrl":"https:\/\/www.laguiadepamplona.com\/actualidad\/wp-content\/uploads\/2018\/11\/logo-laguiadepamplona18-web1.png","width":600,"height":196,"caption":"La Gu\u00eda de Pamplona \/ Noticias"},"image":{"@id":"https:\/\/www.laguiadepamplona.com\/actualidad\/#\/schema\/logo\/image\/"},"sameAs":["https:\/\/www.facebook.com\/laguiadepamplonacom-133175176762273\/?ref=hl","https:\/\/x.com\/LaGuiadPamplona","https:\/\/www.instagram.com\/la_guia_de_pamplona\/","https:\/\/www.youtube.com\/user\/laguiadepamplona"]},{"@type":"Person","@id":"https:\/\/www.laguiadepamplona.com\/actualidad\/#\/schema\/person\/efe887376f0213d4657c93adc50b1fdb","name":"La Gu\u00eda de Pamplona","image":{"@type":"ImageObject","inLanguage":"es","@id":"https:\/\/secure.gravatar.com\/avatar\/b6992f131dc8d30ab0dff15446e9d346d9dbd95992de0fef795073f5ea83a81c?s=96&d=mm&r=g","url":"https:\/\/secure.gravatar.com\/avatar\/b6992f131dc8d30ab0dff15446e9d346d9dbd95992de0fef795073f5ea83a81c?s=96&d=mm&r=g","contentUrl":"https:\/\/secure.gravatar.com\/avatar\/b6992f131dc8d30ab0dff15446e9d346d9dbd95992de0fef795073f5ea83a81c?s=96&d=mm&r=g","caption":"La Gu\u00eda de Pamplona"}}]}},"post_mailing_queue_ids":[],"_links":{"self":[{"href":"https:\/\/www.laguiadepamplona.com\/actualidad\/wp-json\/wp\/v2\/posts\/52624","targetHints":{"allow":["GET"]}}],"collection":[{"href":"https:\/\/www.laguiadepamplona.com\/actualidad\/wp-json\/wp\/v2\/posts"}],"about":[{"href":"https:\/\/www.laguiadepamplona.com\/actualidad\/wp-json\/wp\/v2\/types\/post"}],"author":[{"embeddable":true,"href":"https:\/\/www.laguiadepamplona.com\/actualidad\/wp-json\/wp\/v2\/users\/1"}],"replies":[{"embeddable":true,"href":"https:\/\/www.laguiadepamplona.com\/actualidad\/wp-json\/wp\/v2\/comments?post=52624"}],"version-history":[{"count":1,"href":"https:\/\/www.laguiadepamplona.com\/actualidad\/wp-json\/wp\/v2\/posts\/52624\/revisions"}],"predecessor-version":[{"id":52625,"href":"https:\/\/www.laguiadepamplona.com\/actualidad\/wp-json\/wp\/v2\/posts\/52624\/revisions\/52625"}],"wp:featuredmedia":[{"embeddable":true,"href":"https:\/\/www.laguiadepamplona.com\/actualidad\/wp-json\/wp\/v2\/media\/42742"}],"wp:attachment":[{"href":"https:\/\/www.laguiadepamplona.com\/actualidad\/wp-json\/wp\/v2\/media?parent=52624"}],"wp:term":[{"taxonomy":"category","embeddable":true,"href":"https:\/\/www.laguiadepamplona.com\/actualidad\/wp-json\/wp\/v2\/categories?post=52624"},{"taxonomy":"post_tag","embeddable":true,"href":"https:\/\/www.laguiadepamplona.com\/actualidad\/wp-json\/wp\/v2\/tags?post=52624"}],"curies":[{"name":"wp","href":"https:\/\/api.w.org\/{rel}","templated":true}]}}