{"id":52618,"date":"2025-04-02T16:18:23","date_gmt":"2025-04-02T14:18:23","guid":{"rendered":"https:\/\/www.laguiadepamplona.com\/actualidad\/?p=52618"},"modified":"2025-04-02T16:18:23","modified_gmt":"2025-04-02T14:18:23","slug":"siete-colegios-publicos-comenzaran-a-abrir-este-fin-de-semana-sus-patios-escolares-al-uso-publico-los-sabados-y-los-dias-festivos","status":"publish","type":"post","link":"https:\/\/www.laguiadepamplona.com\/actualidad\/siete-colegios-publicos-comenzaran-a-abrir-este-fin-de-semana-sus-patios-escolares-al-uso-publico-los-sabados-y-los-dias-festivos\/","title":{"rendered":"Siete colegios p\u00fablicos comenzar\u00e1n a abrir este fin de semana sus patios escolares al uso p\u00fablico los s\u00e1bados y los d\u00edas festivos"},"content":{"rendered":"<h2>Los siete centros est\u00e1n enclavados en Buztintxuri, Segundo Ensanche, Azpilaga\u00f1a, Rochapea, Mendillorri y Ermitaga\u00f1a<\/h2>\n<p><!--more--><\/p>\n<p>El Ayuntamiento de Pamplona comenzar\u00e1 a abrir los patios escolares los fines de semana comenzando este s\u00e1bado 5 de abril. El Consistorio ha decidido empezar por siete centros p\u00fablicos en Buztintxuri, Segundo Ensanche, Azpilaga\u00f1a, Rochapea, Mendillorri y Ermitaga\u00f1a (en este caso solo el patio de Infantil), que mantendr\u00e1 abiertos en diferentes horarios, en algunos de ellos coincidiendo con los d\u00edas que haya actividad en el correspondiente polideportivo. En principio los horarios de los s\u00e1bados abarcar\u00e1n m\u00e1s de 11 horas (de 8.30 a 20 horas) y los domingos se abrir\u00e1, durante las ma\u00f1anas, de 8.30 a 13.45 horas.<\/p>\n<p>Esta iniciativa responde a una demanda vecinal constante en el sentido de contar con espacios adecuados para la actividad deportiva libre y de juego en los diferentes barrios de la ciudad. La propuesta se acomete desde el Ayuntamiento como prueba piloto tras una iniciativa aprobada por unanimidad en comisi\u00f3n el a\u00f1o pasado. Los patios se abrir\u00e1n a toda la ciudadan\u00eda y Polic\u00eda Comunitaria vigilar\u00e1 que en su uso se ejerza la corresponsabilidad en el cuidado del espacio p\u00fablico. El cierre de las instalaciones se realizar\u00e1 tras la supervisi\u00f3n del correcto estado del patio de cara a su apertura durante la semana escolar.<\/p>\n<p>&nbsp;<\/p>\n<h3>Los centros que abren patios<\/h3>\n<ul>\n<li>CP Buztintxuri: s\u00e1bados y domingos que haya actividad en polideportivo<\/li>\n<li>CP Patxi Larrainzar: s\u00e1bados y domingos que haya actividad en polideportivo<\/li>\n<li>CP Azpilaga\u00f1a: s\u00e1bados y domingos que haya actividad en polideportivo<\/li>\n<li>CP Ermitaga\u00f1a: s\u00e1bados y domingos que haya actividad en polideportivo. Se abre la zona del patio de Infantil<\/li>\n<li>CP Elorri-Mendillorri<\/li>\n<li>CP El Lago Mendigoiti (Mendillorri)<\/li>\n<li>CP V\u00e1zquez de Mella (II Ensanche)<\/li>\n<\/ul>\n","protected":false},"excerpt":{"rendered":"<p>Los siete centros est\u00e1n enclavados en Buztintxuri, Segundo Ensanche, Azpilaga\u00f1a, Rochapea, Mendillorri y Ermitaga\u00f1a<\/p>\n","protected":false},"author":1,"featured_media":52619,"comment_status":"open","ping_status":"closed","sticky":false,"template":"","format":"standard","meta":{"footnotes":""},"categories":[2],"tags":[],"class_list":["post-52618","post","type-post","status-publish","format-standard","has-post-thumbnail","hentry","category-ayuntamiento-pamplona"],"yoast_head":"<!-- This site is optimized with the Yoast SEO plugin v27.3 - https:\/\/yoast.com\/product\/yoast-seo-wordpress\/ -->\n<title>Siete colegios p\u00fablicos comenzar\u00e1n a abrir este fin de semana sus patios escolares al uso p\u00fablico los s\u00e1bados y los d\u00edas festivos<\/title>\n<meta name=\"description\" content=\"Los siete centros est\u00e1n enclavados en Buztintxuri, Segundo Ensanche, Azpilaga\u00f1a, Rochapea, Mendillorri y Ermitaga\u00f1a\" \/>\n<meta name=\"robots\" content=\"index, follow, max-snippet:-1, max-image-preview:large, max-video-preview:-1\" \/>\n<link rel=\"canonical\" href=\"https:\/\/www.laguiadepamplona.com\/actualidad\/siete-colegios-publicos-comenzaran-a-abrir-este-fin-de-semana-sus-patios-escolares-al-uso-publico-los-sabados-y-los-dias-festivos\/\" \/>\n<meta property=\"og:locale\" content=\"es_ES\" \/>\n<meta property=\"og:type\" content=\"article\" \/>\n<meta property=\"og:title\" content=\"Siete colegios p\u00fablicos comenzar\u00e1n a abrir este fin de semana sus patios escolares al uso p\u00fablico los s\u00e1bados y los d\u00edas festivos\" \/>\n<meta property=\"og:description\" content=\"Los siete centros est\u00e1n enclavados en Buztintxuri, Segundo Ensanche, Azpilaga\u00f1a, Rochapea, Mendillorri y Ermitaga\u00f1a\" \/>\n<meta property=\"og:url\" content=\"https:\/\/www.laguiadepamplona.com\/actualidad\/siete-colegios-publicos-comenzaran-a-abrir-este-fin-de-semana-sus-patios-escolares-al-uso-publico-los-sabados-y-los-dias-festivos\/\" \/>\n<meta property=\"og:site_name\" content=\"La Gu\u00eda de Pamplona\" \/>\n<meta property=\"article:publisher\" content=\"https:\/\/www.facebook.com\/laguiadepamplonacom-133175176762273\/?ref=hl\" \/>\n<meta property=\"article:published_time\" content=\"2025-04-02T14:18:23+00:00\" \/>\n<meta property=\"og:image\" content=\"https:\/\/www.laguiadepamplona.com\/actualidad\/wp-content\/uploads\/2025\/04\/patio-CP-Ermitagana_web.webp\" \/>\n\t<meta property=\"og:image:width\" content=\"1000\" \/>\n\t<meta property=\"og:image:height\" content=\"667\" \/>\n\t<meta property=\"og:image:type\" content=\"image\/webp\" \/>\n<meta name=\"author\" content=\"La Gu\u00eda de Pamplona\" \/>\n<meta name=\"twitter:card\" content=\"summary_large_image\" \/>\n<meta name=\"twitter:creator\" content=\"@LaGuiadPamplona\" \/>\n<meta name=\"twitter:site\" content=\"@LaGuiadPamplona\" \/>\n<meta name=\"twitter:label1\" content=\"Escrito por\" \/>\n\t<meta name=\"twitter:data1\" content=\"La Gu\u00eda de Pamplona\" \/>\n\t<meta name=\"twitter:label2\" content=\"Tiempo de lectura\" \/>\n\t<meta name=\"twitter:data2\" content=\"2 minutos\" \/>\n<script type=\"application\/ld+json\" class=\"yoast-schema-graph\">{\"@context\":\"https:\\\/\\\/schema.org\",\"@graph\":[{\"@type\":\"Article\",\"@id\":\"https:\\\/\\\/www.laguiadepamplona.com\\\/actualidad\\\/siete-colegios-publicos-comenzaran-a-abrir-este-fin-de-semana-sus-patios-escolares-al-uso-publico-los-sabados-y-los-dias-festivos\\\/#article\",\"isPartOf\":{\"@id\":\"https:\\\/\\\/www.laguiadepamplona.com\\\/actualidad\\\/siete-colegios-publicos-comenzaran-a-abrir-este-fin-de-semana-sus-patios-escolares-al-uso-publico-los-sabados-y-los-dias-festivos\\\/\"},\"author\":{\"name\":\"La Gu\u00eda de Pamplona\",\"@id\":\"https:\\\/\\\/www.laguiadepamplona.com\\\/actualidad\\\/#\\\/schema\\\/person\\\/efe887376f0213d4657c93adc50b1fdb\"},\"headline\":\"Siete colegios p\u00fablicos comenzar\u00e1n a abrir este fin de semana sus patios escolares al uso p\u00fablico los s\u00e1bados y los d\u00edas festivos\",\"datePublished\":\"2025-04-02T14:18:23+00:00\",\"mainEntityOfPage\":{\"@id\":\"https:\\\/\\\/www.laguiadepamplona.com\\\/actualidad\\\/siete-colegios-publicos-comenzaran-a-abrir-este-fin-de-semana-sus-patios-escolares-al-uso-publico-los-sabados-y-los-dias-festivos\\\/\"},\"wordCount\":328,\"commentCount\":0,\"publisher\":{\"@id\":\"https:\\\/\\\/www.laguiadepamplona.com\\\/actualidad\\\/#organization\"},\"image\":{\"@id\":\"https:\\\/\\\/www.laguiadepamplona.com\\\/actualidad\\\/siete-colegios-publicos-comenzaran-a-abrir-este-fin-de-semana-sus-patios-escolares-al-uso-publico-los-sabados-y-los-dias-festivos\\\/#primaryimage\"},\"thumbnailUrl\":\"https:\\\/\\\/www.laguiadepamplona.com\\\/actualidad\\\/wp-content\\\/uploads\\\/2025\\\/04\\\/patio-CP-Ermitagana_web.webp\",\"articleSection\":[\"Ayto Pamplona\"],\"inLanguage\":\"es\",\"potentialAction\":[{\"@type\":\"CommentAction\",\"name\":\"Comment\",\"target\":[\"https:\\\/\\\/www.laguiadepamplona.com\\\/actualidad\\\/siete-colegios-publicos-comenzaran-a-abrir-este-fin-de-semana-sus-patios-escolares-al-uso-publico-los-sabados-y-los-dias-festivos\\\/#respond\"]}]},{\"@type\":\"WebPage\",\"@id\":\"https:\\\/\\\/www.laguiadepamplona.com\\\/actualidad\\\/siete-colegios-publicos-comenzaran-a-abrir-este-fin-de-semana-sus-patios-escolares-al-uso-publico-los-sabados-y-los-dias-festivos\\\/\",\"url\":\"https:\\\/\\\/www.laguiadepamplona.com\\\/actualidad\\\/siete-colegios-publicos-comenzaran-a-abrir-este-fin-de-semana-sus-patios-escolares-al-uso-publico-los-sabados-y-los-dias-festivos\\\/\",\"name\":\"Siete colegios p\u00fablicos comenzar\u00e1n a abrir este fin de semana sus patios escolares al uso p\u00fablico los s\u00e1bados y los d\u00edas festivos\",\"isPartOf\":{\"@id\":\"https:\\\/\\\/www.laguiadepamplona.com\\\/actualidad\\\/#website\"},\"primaryImageOfPage\":{\"@id\":\"https:\\\/\\\/www.laguiadepamplona.com\\\/actualidad\\\/siete-colegios-publicos-comenzaran-a-abrir-este-fin-de-semana-sus-patios-escolares-al-uso-publico-los-sabados-y-los-dias-festivos\\\/#primaryimage\"},\"image\":{\"@id\":\"https:\\\/\\\/www.laguiadepamplona.com\\\/actualidad\\\/siete-colegios-publicos-comenzaran-a-abrir-este-fin-de-semana-sus-patios-escolares-al-uso-publico-los-sabados-y-los-dias-festivos\\\/#primaryimage\"},\"thumbnailUrl\":\"https:\\\/\\\/www.laguiadepamplona.com\\\/actualidad\\\/wp-content\\\/uploads\\\/2025\\\/04\\\/patio-CP-Ermitagana_web.webp\",\"datePublished\":\"2025-04-02T14:18:23+00:00\",\"description\":\"Los siete centros est\u00e1n enclavados en Buztintxuri, Segundo Ensanche, Azpilaga\u00f1a, Rochapea, Mendillorri y Ermitaga\u00f1a\",\"breadcrumb\":{\"@id\":\"https:\\\/\\\/www.laguiadepamplona.com\\\/actualidad\\\/siete-colegios-publicos-comenzaran-a-abrir-este-fin-de-semana-sus-patios-escolares-al-uso-publico-los-sabados-y-los-dias-festivos\\\/#breadcrumb\"},\"inLanguage\":\"es\",\"potentialAction\":[{\"@type\":\"ReadAction\",\"target\":[\"https:\\\/\\\/www.laguiadepamplona.com\\\/actualidad\\\/siete-colegios-publicos-comenzaran-a-abrir-este-fin-de-semana-sus-patios-escolares-al-uso-publico-los-sabados-y-los-dias-festivos\\\/\"]}]},{\"@type\":\"ImageObject\",\"inLanguage\":\"es\",\"@id\":\"https:\\\/\\\/www.laguiadepamplona.com\\\/actualidad\\\/siete-colegios-publicos-comenzaran-a-abrir-este-fin-de-semana-sus-patios-escolares-al-uso-publico-los-sabados-y-los-dias-festivos\\\/#primaryimage\",\"url\":\"https:\\\/\\\/www.laguiadepamplona.com\\\/actualidad\\\/wp-content\\\/uploads\\\/2025\\\/04\\\/patio-CP-Ermitagana_web.webp\",\"contentUrl\":\"https:\\\/\\\/www.laguiadepamplona.com\\\/actualidad\\\/wp-content\\\/uploads\\\/2025\\\/04\\\/patio-CP-Ermitagana_web.webp\",\"width\":1000,\"height\":667,\"caption\":\"patio CP Ermitaga\u00f1a\"},{\"@type\":\"BreadcrumbList\",\"@id\":\"https:\\\/\\\/www.laguiadepamplona.com\\\/actualidad\\\/siete-colegios-publicos-comenzaran-a-abrir-este-fin-de-semana-sus-patios-escolares-al-uso-publico-los-sabados-y-los-dias-festivos\\\/#breadcrumb\",\"itemListElement\":[{\"@type\":\"ListItem\",\"position\":1,\"name\":\"Portada\",\"item\":\"https:\\\/\\\/www.laguiadepamplona.com\\\/actualidad\\\/\"},{\"@type\":\"ListItem\",\"position\":2,\"name\":\"Siete colegios p\u00fablicos comenzar\u00e1n a abrir este fin de semana sus patios escolares al uso p\u00fablico los s\u00e1bados y los d\u00edas festivos\"}]},{\"@type\":\"WebSite\",\"@id\":\"https:\\\/\\\/www.laguiadepamplona.com\\\/actualidad\\\/#website\",\"url\":\"https:\\\/\\\/www.laguiadepamplona.com\\\/actualidad\\\/\",\"name\":\"La gu\u00eda de Pamplona\",\"description\":\"Noticias de Pamplona\",\"publisher\":{\"@id\":\"https:\\\/\\\/www.laguiadepamplona.com\\\/actualidad\\\/#organization\"},\"potentialAction\":[{\"@type\":\"SearchAction\",\"target\":{\"@type\":\"EntryPoint\",\"urlTemplate\":\"https:\\\/\\\/www.laguiadepamplona.com\\\/actualidad\\\/?s={search_term_string}\"},\"query-input\":{\"@type\":\"PropertyValueSpecification\",\"valueRequired\":true,\"valueName\":\"search_term_string\"}}],\"inLanguage\":\"es\"},{\"@type\":\"Organization\",\"@id\":\"https:\\\/\\\/www.laguiadepamplona.com\\\/actualidad\\\/#organization\",\"name\":\"La Gu\u00eda de Pamplona \\\/ Noticias\",\"url\":\"https:\\\/\\\/www.laguiadepamplona.com\\\/actualidad\\\/\",\"logo\":{\"@type\":\"ImageObject\",\"inLanguage\":\"es\",\"@id\":\"https:\\\/\\\/www.laguiadepamplona.com\\\/actualidad\\\/#\\\/schema\\\/logo\\\/image\\\/\",\"url\":\"https:\\\/\\\/www.laguiadepamplona.com\\\/actualidad\\\/wp-content\\\/uploads\\\/2018\\\/11\\\/logo-laguiadepamplona18-web1.png\",\"contentUrl\":\"https:\\\/\\\/www.laguiadepamplona.com\\\/actualidad\\\/wp-content\\\/uploads\\\/2018\\\/11\\\/logo-laguiadepamplona18-web1.png\",\"width\":600,\"height\":196,\"caption\":\"La Gu\u00eda de Pamplona \\\/ Noticias\"},\"image\":{\"@id\":\"https:\\\/\\\/www.laguiadepamplona.com\\\/actualidad\\\/#\\\/schema\\\/logo\\\/image\\\/\"},\"sameAs\":[\"https:\\\/\\\/www.facebook.com\\\/laguiadepamplonacom-133175176762273\\\/?ref=hl\",\"https:\\\/\\\/x.com\\\/LaGuiadPamplona\",\"https:\\\/\\\/www.instagram.com\\\/la_guia_de_pamplona\\\/\",\"https:\\\/\\\/www.youtube.com\\\/user\\\/laguiadepamplona\"]},{\"@type\":\"Person\",\"@id\":\"https:\\\/\\\/www.laguiadepamplona.com\\\/actualidad\\\/#\\\/schema\\\/person\\\/efe887376f0213d4657c93adc50b1fdb\",\"name\":\"La Gu\u00eda de Pamplona\",\"image\":{\"@type\":\"ImageObject\",\"inLanguage\":\"es\",\"@id\":\"https:\\\/\\\/secure.gravatar.com\\\/avatar\\\/b6992f131dc8d30ab0dff15446e9d346d9dbd95992de0fef795073f5ea83a81c?s=96&d=mm&r=g\",\"url\":\"https:\\\/\\\/secure.gravatar.com\\\/avatar\\\/b6992f131dc8d30ab0dff15446e9d346d9dbd95992de0fef795073f5ea83a81c?s=96&d=mm&r=g\",\"contentUrl\":\"https:\\\/\\\/secure.gravatar.com\\\/avatar\\\/b6992f131dc8d30ab0dff15446e9d346d9dbd95992de0fef795073f5ea83a81c?s=96&d=mm&r=g\",\"caption\":\"La Gu\u00eda de Pamplona\"}}]}<\/script>\n<!-- \/ Yoast SEO plugin. -->","yoast_head_json":{"title":"Siete colegios p\u00fablicos comenzar\u00e1n a abrir este fin de semana sus patios escolares al uso p\u00fablico los s\u00e1bados y los d\u00edas festivos","description":"Los siete centros est\u00e1n enclavados en Buztintxuri, Segundo Ensanche, Azpilaga\u00f1a, Rochapea, Mendillorri y Ermitaga\u00f1a","robots":{"index":"index","follow":"follow","max-snippet":"max-snippet:-1","max-image-preview":"max-image-preview:large","max-video-preview":"max-video-preview:-1"},"canonical":"https:\/\/www.laguiadepamplona.com\/actualidad\/siete-colegios-publicos-comenzaran-a-abrir-este-fin-de-semana-sus-patios-escolares-al-uso-publico-los-sabados-y-los-dias-festivos\/","og_locale":"es_ES","og_type":"article","og_title":"Siete colegios p\u00fablicos comenzar\u00e1n a abrir este fin de semana sus patios escolares al uso p\u00fablico los s\u00e1bados y los d\u00edas festivos","og_description":"Los siete centros est\u00e1n enclavados en Buztintxuri, Segundo Ensanche, Azpilaga\u00f1a, Rochapea, Mendillorri y Ermitaga\u00f1a","og_url":"https:\/\/www.laguiadepamplona.com\/actualidad\/siete-colegios-publicos-comenzaran-a-abrir-este-fin-de-semana-sus-patios-escolares-al-uso-publico-los-sabados-y-los-dias-festivos\/","og_site_name":"La Gu\u00eda de Pamplona","article_publisher":"https:\/\/www.facebook.com\/laguiadepamplonacom-133175176762273\/?ref=hl","article_published_time":"2025-04-02T14:18:23+00:00","og_image":[{"width":1000,"height":667,"url":"https:\/\/www.laguiadepamplona.com\/actualidad\/wp-content\/uploads\/2025\/04\/patio-CP-Ermitagana_web.webp","type":"image\/webp"}],"author":"La Gu\u00eda de Pamplona","twitter_card":"summary_large_image","twitter_creator":"@LaGuiadPamplona","twitter_site":"@LaGuiadPamplona","twitter_misc":{"Escrito por":"La Gu\u00eda de Pamplona","Tiempo de lectura":"2 minutos"},"schema":{"@context":"https:\/\/schema.org","@graph":[{"@type":"Article","@id":"https:\/\/www.laguiadepamplona.com\/actualidad\/siete-colegios-publicos-comenzaran-a-abrir-este-fin-de-semana-sus-patios-escolares-al-uso-publico-los-sabados-y-los-dias-festivos\/#article","isPartOf":{"@id":"https:\/\/www.laguiadepamplona.com\/actualidad\/siete-colegios-publicos-comenzaran-a-abrir-este-fin-de-semana-sus-patios-escolares-al-uso-publico-los-sabados-y-los-dias-festivos\/"},"author":{"name":"La Gu\u00eda de Pamplona","@id":"https:\/\/www.laguiadepamplona.com\/actualidad\/#\/schema\/person\/efe887376f0213d4657c93adc50b1fdb"},"headline":"Siete colegios p\u00fablicos comenzar\u00e1n a abrir este fin de semana sus patios escolares al uso p\u00fablico los s\u00e1bados y los d\u00edas festivos","datePublished":"2025-04-02T14:18:23+00:00","mainEntityOfPage":{"@id":"https:\/\/www.laguiadepamplona.com\/actualidad\/siete-colegios-publicos-comenzaran-a-abrir-este-fin-de-semana-sus-patios-escolares-al-uso-publico-los-sabados-y-los-dias-festivos\/"},"wordCount":328,"commentCount":0,"publisher":{"@id":"https:\/\/www.laguiadepamplona.com\/actualidad\/#organization"},"image":{"@id":"https:\/\/www.laguiadepamplona.com\/actualidad\/siete-colegios-publicos-comenzaran-a-abrir-este-fin-de-semana-sus-patios-escolares-al-uso-publico-los-sabados-y-los-dias-festivos\/#primaryimage"},"thumbnailUrl":"https:\/\/www.laguiadepamplona.com\/actualidad\/wp-content\/uploads\/2025\/04\/patio-CP-Ermitagana_web.webp","articleSection":["Ayto Pamplona"],"inLanguage":"es","potentialAction":[{"@type":"CommentAction","name":"Comment","target":["https:\/\/www.laguiadepamplona.com\/actualidad\/siete-colegios-publicos-comenzaran-a-abrir-este-fin-de-semana-sus-patios-escolares-al-uso-publico-los-sabados-y-los-dias-festivos\/#respond"]}]},{"@type":"WebPage","@id":"https:\/\/www.laguiadepamplona.com\/actualidad\/siete-colegios-publicos-comenzaran-a-abrir-este-fin-de-semana-sus-patios-escolares-al-uso-publico-los-sabados-y-los-dias-festivos\/","url":"https:\/\/www.laguiadepamplona.com\/actualidad\/siete-colegios-publicos-comenzaran-a-abrir-este-fin-de-semana-sus-patios-escolares-al-uso-publico-los-sabados-y-los-dias-festivos\/","name":"Siete colegios p\u00fablicos comenzar\u00e1n a abrir este fin de semana sus patios escolares al uso p\u00fablico los s\u00e1bados y los d\u00edas festivos","isPartOf":{"@id":"https:\/\/www.laguiadepamplona.com\/actualidad\/#website"},"primaryImageOfPage":{"@id":"https:\/\/www.laguiadepamplona.com\/actualidad\/siete-colegios-publicos-comenzaran-a-abrir-este-fin-de-semana-sus-patios-escolares-al-uso-publico-los-sabados-y-los-dias-festivos\/#primaryimage"},"image":{"@id":"https:\/\/www.laguiadepamplona.com\/actualidad\/siete-colegios-publicos-comenzaran-a-abrir-este-fin-de-semana-sus-patios-escolares-al-uso-publico-los-sabados-y-los-dias-festivos\/#primaryimage"},"thumbnailUrl":"https:\/\/www.laguiadepamplona.com\/actualidad\/wp-content\/uploads\/2025\/04\/patio-CP-Ermitagana_web.webp","datePublished":"2025-04-02T14:18:23+00:00","description":"Los siete centros est\u00e1n enclavados en Buztintxuri, Segundo Ensanche, Azpilaga\u00f1a, Rochapea, Mendillorri y Ermitaga\u00f1a","breadcrumb":{"@id":"https:\/\/www.laguiadepamplona.com\/actualidad\/siete-colegios-publicos-comenzaran-a-abrir-este-fin-de-semana-sus-patios-escolares-al-uso-publico-los-sabados-y-los-dias-festivos\/#breadcrumb"},"inLanguage":"es","potentialAction":[{"@type":"ReadAction","target":["https:\/\/www.laguiadepamplona.com\/actualidad\/siete-colegios-publicos-comenzaran-a-abrir-este-fin-de-semana-sus-patios-escolares-al-uso-publico-los-sabados-y-los-dias-festivos\/"]}]},{"@type":"ImageObject","inLanguage":"es","@id":"https:\/\/www.laguiadepamplona.com\/actualidad\/siete-colegios-publicos-comenzaran-a-abrir-este-fin-de-semana-sus-patios-escolares-al-uso-publico-los-sabados-y-los-dias-festivos\/#primaryimage","url":"https:\/\/www.laguiadepamplona.com\/actualidad\/wp-content\/uploads\/2025\/04\/patio-CP-Ermitagana_web.webp","contentUrl":"https:\/\/www.laguiadepamplona.com\/actualidad\/wp-content\/uploads\/2025\/04\/patio-CP-Ermitagana_web.webp","width":1000,"height":667,"caption":"patio CP Ermitaga\u00f1a"},{"@type":"BreadcrumbList","@id":"https:\/\/www.laguiadepamplona.com\/actualidad\/siete-colegios-publicos-comenzaran-a-abrir-este-fin-de-semana-sus-patios-escolares-al-uso-publico-los-sabados-y-los-dias-festivos\/#breadcrumb","itemListElement":[{"@type":"ListItem","position":1,"name":"Portada","item":"https:\/\/www.laguiadepamplona.com\/actualidad\/"},{"@type":"ListItem","position":2,"name":"Siete colegios p\u00fablicos comenzar\u00e1n a abrir este fin de semana sus patios escolares al uso p\u00fablico los s\u00e1bados y los d\u00edas festivos"}]},{"@type":"WebSite","@id":"https:\/\/www.laguiadepamplona.com\/actualidad\/#website","url":"https:\/\/www.laguiadepamplona.com\/actualidad\/","name":"La gu\u00eda de Pamplona","description":"Noticias de Pamplona","publisher":{"@id":"https:\/\/www.laguiadepamplona.com\/actualidad\/#organization"},"potentialAction":[{"@type":"SearchAction","target":{"@type":"EntryPoint","urlTemplate":"https:\/\/www.laguiadepamplona.com\/actualidad\/?s={search_term_string}"},"query-input":{"@type":"PropertyValueSpecification","valueRequired":true,"valueName":"search_term_string"}}],"inLanguage":"es"},{"@type":"Organization","@id":"https:\/\/www.laguiadepamplona.com\/actualidad\/#organization","name":"La Gu\u00eda de Pamplona \/ Noticias","url":"https:\/\/www.laguiadepamplona.com\/actualidad\/","logo":{"@type":"ImageObject","inLanguage":"es","@id":"https:\/\/www.laguiadepamplona.com\/actualidad\/#\/schema\/logo\/image\/","url":"https:\/\/www.laguiadepamplona.com\/actualidad\/wp-content\/uploads\/2018\/11\/logo-laguiadepamplona18-web1.png","contentUrl":"https:\/\/www.laguiadepamplona.com\/actualidad\/wp-content\/uploads\/2018\/11\/logo-laguiadepamplona18-web1.png","width":600,"height":196,"caption":"La Gu\u00eda de Pamplona \/ Noticias"},"image":{"@id":"https:\/\/www.laguiadepamplona.com\/actualidad\/#\/schema\/logo\/image\/"},"sameAs":["https:\/\/www.facebook.com\/laguiadepamplonacom-133175176762273\/?ref=hl","https:\/\/x.com\/LaGuiadPamplona","https:\/\/www.instagram.com\/la_guia_de_pamplona\/","https:\/\/www.youtube.com\/user\/laguiadepamplona"]},{"@type":"Person","@id":"https:\/\/www.laguiadepamplona.com\/actualidad\/#\/schema\/person\/efe887376f0213d4657c93adc50b1fdb","name":"La Gu\u00eda de Pamplona","image":{"@type":"ImageObject","inLanguage":"es","@id":"https:\/\/secure.gravatar.com\/avatar\/b6992f131dc8d30ab0dff15446e9d346d9dbd95992de0fef795073f5ea83a81c?s=96&d=mm&r=g","url":"https:\/\/secure.gravatar.com\/avatar\/b6992f131dc8d30ab0dff15446e9d346d9dbd95992de0fef795073f5ea83a81c?s=96&d=mm&r=g","contentUrl":"https:\/\/secure.gravatar.com\/avatar\/b6992f131dc8d30ab0dff15446e9d346d9dbd95992de0fef795073f5ea83a81c?s=96&d=mm&r=g","caption":"La Gu\u00eda de Pamplona"}}]}},"post_mailing_queue_ids":[],"_links":{"self":[{"href":"https:\/\/www.laguiadepamplona.com\/actualidad\/wp-json\/wp\/v2\/posts\/52618","targetHints":{"allow":["GET"]}}],"collection":[{"href":"https:\/\/www.laguiadepamplona.com\/actualidad\/wp-json\/wp\/v2\/posts"}],"about":[{"href":"https:\/\/www.laguiadepamplona.com\/actualidad\/wp-json\/wp\/v2\/types\/post"}],"author":[{"embeddable":true,"href":"https:\/\/www.laguiadepamplona.com\/actualidad\/wp-json\/wp\/v2\/users\/1"}],"replies":[{"embeddable":true,"href":"https:\/\/www.laguiadepamplona.com\/actualidad\/wp-json\/wp\/v2\/comments?post=52618"}],"version-history":[{"count":1,"href":"https:\/\/www.laguiadepamplona.com\/actualidad\/wp-json\/wp\/v2\/posts\/52618\/revisions"}],"predecessor-version":[{"id":52620,"href":"https:\/\/www.laguiadepamplona.com\/actualidad\/wp-json\/wp\/v2\/posts\/52618\/revisions\/52620"}],"wp:featuredmedia":[{"embeddable":true,"href":"https:\/\/www.laguiadepamplona.com\/actualidad\/wp-json\/wp\/v2\/media\/52619"}],"wp:attachment":[{"href":"https:\/\/www.laguiadepamplona.com\/actualidad\/wp-json\/wp\/v2\/media?parent=52618"}],"wp:term":[{"taxonomy":"category","embeddable":true,"href":"https:\/\/www.laguiadepamplona.com\/actualidad\/wp-json\/wp\/v2\/categories?post=52618"},{"taxonomy":"post_tag","embeddable":true,"href":"https:\/\/www.laguiadepamplona.com\/actualidad\/wp-json\/wp\/v2\/tags?post=52618"}],"curies":[{"name":"wp","href":"https:\/\/api.w.org\/{rel}","templated":true}]}}