{"id":52594,"date":"2025-03-31T17:17:14","date_gmt":"2025-03-31T15:17:14","guid":{"rendered":"https:\/\/www.laguiadepamplona.com\/actualidad\/?p=52594"},"modified":"2025-03-31T17:17:14","modified_gmt":"2025-03-31T15:17:14","slug":"el-ayuntamiento-de-pamplona-expropiara-cinco-parcelas-del-entorno-del-molino-de-ilundain-para-renaturalizar-la-zona-y-convertirla-en-una-reserva-fluvial-inundable","status":"publish","type":"post","link":"https:\/\/www.laguiadepamplona.com\/actualidad\/el-ayuntamiento-de-pamplona-expropiara-cinco-parcelas-del-entorno-del-molino-de-ilundain-para-renaturalizar-la-zona-y-convertirla-en-una-reserva-fluvial-inundable\/","title":{"rendered":"El Ayuntamiento de Pamplona expropiar\u00e1 cinco parcelas del entorno del molino de Ilund\u00e1in para renaturalizar la zona y convertirla en una reserva fluvial inundable"},"content":{"rendered":"<h2>Gerencia de Urbanismo conoce este mi\u00e9rcoles el informe de desestimaci\u00f3n de alegaciones, que deber\u00e1 aprobar el Pleno el jueves para iniciar los tr\u00e1mites<\/h2>\n<p><!--more--><\/p>\n<p>El Ayuntamiento de Pamplona sigue dando pasos para convertir el entorno del molino de Ilund\u00e1in en una reserva fluvial inundable. Este mi\u00e9rcoles la Gerencia de Urbanismo conocer\u00e1 el informe de desestimaci\u00f3n de las alegaciones presentadas por las diferentes propiedades de las parcelas afectadas por el proyecto y el jueves el Pleno municipal lo aprobar\u00e1 para que se puedan iniciar los tr\u00e1mites de expropiaci\u00f3n previos al inicio de los trabajos. El Ayuntamiento de Pamplona expropiar\u00e1 cinco parcelas que cuentan con una superficie total de 15.128,65 m<sup>2<\/sup>.<\/p>\n<p>Esas cinco parcelas pertenecen a dos propiedades: cuatro de esas parcelas, con una superficie de 14.565,24 m2 del total, le pertenecen a Promociones OCEC SA, incluida la parcela donde est\u00e1n los restos del molino de Ilund\u00e1in; y la quinta parcela pertenece a cuatro personas y\/o promotoras en diferentes porcentajes. La desestimaci\u00f3n de las alegaciones conlleva la aprobaci\u00f3n definitiva de la relaci\u00f3n de titulares, bienes y derechos afectados por el proyecto de reserva fluvial de molino de Ilund\u00e1in, cuya ocupaci\u00f3n y adquisici\u00f3n se consideran estrictamente necesarias para realizar las obras previstas.<\/p>\n<p>El proyecto del molino de Ilund\u00e1in se enmarca en el proyecto RUNA 2025, que ha obtenido 2,7 millones de euros en la convocatoria de ayudas de la Fundaci\u00f3n Biodiversidad del Ministerio para la Transici\u00f3n Ecol\u00f3gica y el Reto Demogr\u00e1fico (MITECO), en el marco del Plan de Recuperaci\u00f3n, Transformaci\u00f3n y Resiliencia, financiado por la Uni\u00f3n Europea y los fondos Next Generation EU. La redacci\u00f3n del proyecto de reserva fluvial del molino de Ilund\u00e1in y, en su caso, la direcci\u00f3n de obra se adjudic\u00f3 a David Serrano Amatriain, Maier V\u00e9lez Olabarria, Soil Arquitectura del Paisaje S. Coop. Peque\u00f1a, Go\u00f1i &amp; Legarreta SL y Monkaval Soluciones de Ingenier\u00eda SL por un importe de 108.350,78 euros. El Ayuntamiento ha licitado ya las obras por un importe de 1,3 millones de euros.<\/p>\n<p>Estas parcelas forman parte del \u00e1mbito del Plan de Conjunto Pamplona \u2013 Bara\u00f1\u00e1in en tramitaci\u00f3n que prev\u00e9 un nuevo desarrollo residencial y una nueva rotonda en calle Miluze para conectar la futura urbanizaci\u00f3n. El paraje de Elizpea se sit\u00faa entre el molino de Ilund\u00e1in y la calle Miluze, en la orilla izquierda del r\u00edo Arga, en el suroeste de la ciudad. El \u00e1mbito del Plan de Conjunto tiene una superficie total de 63.636,28 m<sup>2<\/sup>, de los que 27.723,60 m<sup>2<\/sup> se encuentran en el t\u00e9rmino municipal de Pamplona y 35.912,68 m<sup>2<\/sup> se corresponden con el t\u00e9rmino municipal de Bara\u00f1\u00e1in.<\/p>\n<p><strong>Recuperaci\u00f3n de la zona y consolidaci\u00f3n de los restos del molino<\/strong><\/p>\n<p>La reserva fluvial del molino de IIund\u00e1in se corresponde con la acci\u00f3n B8 del proyecto RUNA, que plantea la recuperaci\u00f3n del espacio entre el r\u00edo Arga y la ripa de Bara\u00f1\u00e1in, en el \u00faltimo tramo del meandro de Berichitos. Es un terreno actualmente degradado por el uso agr\u00edcola, que gener\u00f3 importantes movimientos de tierra para evitar precisamente su inundaci\u00f3n con las crecidas. Los trabajos licitados prev\u00e9n devolver el espacio a su cota original, convirtiendo esta parcela en terreno inundable, recuper\u00e1ndola para el r\u00edo y sus din\u00e1micas fluviales y potenciando el valor ecosist\u00e9mico del entorno. Se eliminar\u00e1n las escolleras y los rellenos de tierra, y se realizar\u00e1n plantaciones de planta forestal aut\u00f3ctona para regenerar y ampliar el h\u00e1bitat fluvial para el r\u00edo y su fauna.<\/p>\n<p>La intervenci\u00f3n de regeneraci\u00f3n convive con espacios para que la ciudadan\u00eda pueda conocer e interpretar el potencial ecol\u00f3gico de la reserva y su patrimonio arquitect\u00f3nico y disfrutar as\u00ed de este nuevo espacio renaturalizado. Los caminos peatonales se ubicar\u00e1n en la zona perimetral, dejando la zona central para la recuperaci\u00f3n del h\u00e1bitat. Con ese objetivo se reubicar\u00e1n elementos existentes en ese espacio, como troncos y piedras de escollera, para aportar sombra y humedad a la fauna del entorno.<\/p>\n<p>Actualmente quedan en pie parte de los cuatro muros que conformaban el edificio del molino, as\u00ed como un muro de prolongaci\u00f3n de la fachada este. Los trabajos se centrar\u00e1n no tanto en su rehabilitaci\u00f3n como en la conservaci\u00f3n de esos restos para evitar su deterioro. Tambi\u00e9n se quiere integrar y preservar la traza de su canal de abastecimiento, consolidando los muros que tienen inter\u00e9s arquitect\u00f3nico. De esta forma, se consolida el bien patrimonial y se adoptan medidas para favorecer la biodiversidad. Tras las obras de consolidaci\u00f3n, se pretende ubicar tanto en el molino como en las aperturas en el rejuntado del canal cajas nido, que posibiliten la instalaci\u00f3n de colonias de p\u00e1jaros.<\/p>\n","protected":false},"excerpt":{"rendered":"<p>Gerencia de Urbanismo conoce este mi\u00e9rcoles el informe de desestimaci\u00f3n de alegaciones, que deber\u00e1 aprobar el Pleno el jueves para iniciar los tr\u00e1mites<\/p>\n","protected":false},"author":1,"featured_media":52595,"comment_status":"open","ping_status":"closed","sticky":false,"template":"","format":"standard","meta":{"footnotes":""},"categories":[2],"tags":[],"class_list":["post-52594","post","type-post","status-publish","format-standard","has-post-thumbnail","hentry","category-ayuntamiento-pamplona"],"yoast_head":"<!-- This site is optimized with the Yoast SEO plugin v27.3 - https:\/\/yoast.com\/product\/yoast-seo-wordpress\/ -->\n<title>El Ayuntamiento de Pamplona expropiar\u00e1 cinco parcelas del entorno del molino de Ilund\u00e1in para renaturalizar la zona y convertirla en una reserva fluvial inundable<\/title>\n<meta name=\"description\" content=\"Gerencia de Urbanismo conoce este mi\u00e9rcoles el informe de desestimaci\u00f3n de alegaciones, que deber\u00e1 aprobar el Pleno el jueves para iniciar los tr\u00e1mites\" \/>\n<meta name=\"robots\" content=\"index, follow, max-snippet:-1, max-image-preview:large, max-video-preview:-1\" \/>\n<link rel=\"canonical\" href=\"https:\/\/www.laguiadepamplona.com\/actualidad\/el-ayuntamiento-de-pamplona-expropiara-cinco-parcelas-del-entorno-del-molino-de-ilundain-para-renaturalizar-la-zona-y-convertirla-en-una-reserva-fluvial-inundable\/\" \/>\n<meta property=\"og:locale\" content=\"es_ES\" \/>\n<meta property=\"og:type\" content=\"article\" \/>\n<meta property=\"og:title\" content=\"El Ayuntamiento de Pamplona expropiar\u00e1 cinco parcelas del entorno del molino de Ilund\u00e1in para renaturalizar la zona y convertirla en una reserva fluvial inundable\" \/>\n<meta property=\"og:description\" content=\"Gerencia de Urbanismo conoce este mi\u00e9rcoles el informe de desestimaci\u00f3n de alegaciones, que deber\u00e1 aprobar el Pleno el jueves para iniciar los tr\u00e1mites\" \/>\n<meta property=\"og:url\" content=\"https:\/\/www.laguiadepamplona.com\/actualidad\/el-ayuntamiento-de-pamplona-expropiara-cinco-parcelas-del-entorno-del-molino-de-ilundain-para-renaturalizar-la-zona-y-convertirla-en-una-reserva-fluvial-inundable\/\" \/>\n<meta property=\"og:site_name\" content=\"La Gu\u00eda de Pamplona\" \/>\n<meta property=\"article:publisher\" content=\"https:\/\/www.facebook.com\/laguiadepamplonacom-133175176762273\/?ref=hl\" \/>\n<meta property=\"article:published_time\" content=\"2025-03-31T15:17:14+00:00\" \/>\n<meta property=\"og:image\" content=\"https:\/\/www.laguiadepamplona.com\/actualidad\/wp-content\/uploads\/2025\/03\/RUNA-B8_molino_ilundain.webp\" \/>\n\t<meta property=\"og:image:width\" content=\"1000\" \/>\n\t<meta property=\"og:image:height\" content=\"562\" \/>\n\t<meta property=\"og:image:type\" content=\"image\/webp\" \/>\n<meta name=\"author\" content=\"La Gu\u00eda de Pamplona\" \/>\n<meta name=\"twitter:card\" content=\"summary_large_image\" \/>\n<meta name=\"twitter:creator\" content=\"@LaGuiadPamplona\" \/>\n<meta name=\"twitter:site\" content=\"@LaGuiadPamplona\" \/>\n<meta name=\"twitter:label1\" content=\"Escrito por\" \/>\n\t<meta name=\"twitter:data1\" content=\"La Gu\u00eda de Pamplona\" \/>\n\t<meta name=\"twitter:label2\" content=\"Tiempo de lectura\" \/>\n\t<meta name=\"twitter:data2\" content=\"4 minutos\" \/>\n<script type=\"application\/ld+json\" class=\"yoast-schema-graph\">{\"@context\":\"https:\\\/\\\/schema.org\",\"@graph\":[{\"@type\":\"Article\",\"@id\":\"https:\\\/\\\/www.laguiadepamplona.com\\\/actualidad\\\/el-ayuntamiento-de-pamplona-expropiara-cinco-parcelas-del-entorno-del-molino-de-ilundain-para-renaturalizar-la-zona-y-convertirla-en-una-reserva-fluvial-inundable\\\/#article\",\"isPartOf\":{\"@id\":\"https:\\\/\\\/www.laguiadepamplona.com\\\/actualidad\\\/el-ayuntamiento-de-pamplona-expropiara-cinco-parcelas-del-entorno-del-molino-de-ilundain-para-renaturalizar-la-zona-y-convertirla-en-una-reserva-fluvial-inundable\\\/\"},\"author\":{\"name\":\"La Gu\u00eda de Pamplona\",\"@id\":\"https:\\\/\\\/www.laguiadepamplona.com\\\/actualidad\\\/#\\\/schema\\\/person\\\/efe887376f0213d4657c93adc50b1fdb\"},\"headline\":\"El Ayuntamiento de Pamplona expropiar\u00e1 cinco parcelas del entorno del molino de Ilund\u00e1in para renaturalizar la zona y convertirla en una reserva fluvial inundable\",\"datePublished\":\"2025-03-31T15:17:14+00:00\",\"mainEntityOfPage\":{\"@id\":\"https:\\\/\\\/www.laguiadepamplona.com\\\/actualidad\\\/el-ayuntamiento-de-pamplona-expropiara-cinco-parcelas-del-entorno-del-molino-de-ilundain-para-renaturalizar-la-zona-y-convertirla-en-una-reserva-fluvial-inundable\\\/\"},\"wordCount\":841,\"commentCount\":0,\"publisher\":{\"@id\":\"https:\\\/\\\/www.laguiadepamplona.com\\\/actualidad\\\/#organization\"},\"image\":{\"@id\":\"https:\\\/\\\/www.laguiadepamplona.com\\\/actualidad\\\/el-ayuntamiento-de-pamplona-expropiara-cinco-parcelas-del-entorno-del-molino-de-ilundain-para-renaturalizar-la-zona-y-convertirla-en-una-reserva-fluvial-inundable\\\/#primaryimage\"},\"thumbnailUrl\":\"https:\\\/\\\/www.laguiadepamplona.com\\\/actualidad\\\/wp-content\\\/uploads\\\/2025\\\/03\\\/RUNA-B8_molino_ilundain.webp\",\"articleSection\":[\"Ayto Pamplona\"],\"inLanguage\":\"es\",\"potentialAction\":[{\"@type\":\"CommentAction\",\"name\":\"Comment\",\"target\":[\"https:\\\/\\\/www.laguiadepamplona.com\\\/actualidad\\\/el-ayuntamiento-de-pamplona-expropiara-cinco-parcelas-del-entorno-del-molino-de-ilundain-para-renaturalizar-la-zona-y-convertirla-en-una-reserva-fluvial-inundable\\\/#respond\"]}]},{\"@type\":\"WebPage\",\"@id\":\"https:\\\/\\\/www.laguiadepamplona.com\\\/actualidad\\\/el-ayuntamiento-de-pamplona-expropiara-cinco-parcelas-del-entorno-del-molino-de-ilundain-para-renaturalizar-la-zona-y-convertirla-en-una-reserva-fluvial-inundable\\\/\",\"url\":\"https:\\\/\\\/www.laguiadepamplona.com\\\/actualidad\\\/el-ayuntamiento-de-pamplona-expropiara-cinco-parcelas-del-entorno-del-molino-de-ilundain-para-renaturalizar-la-zona-y-convertirla-en-una-reserva-fluvial-inundable\\\/\",\"name\":\"El Ayuntamiento de Pamplona expropiar\u00e1 cinco parcelas del entorno del molino de Ilund\u00e1in para renaturalizar la zona y convertirla en una reserva fluvial inundable\",\"isPartOf\":{\"@id\":\"https:\\\/\\\/www.laguiadepamplona.com\\\/actualidad\\\/#website\"},\"primaryImageOfPage\":{\"@id\":\"https:\\\/\\\/www.laguiadepamplona.com\\\/actualidad\\\/el-ayuntamiento-de-pamplona-expropiara-cinco-parcelas-del-entorno-del-molino-de-ilundain-para-renaturalizar-la-zona-y-convertirla-en-una-reserva-fluvial-inundable\\\/#primaryimage\"},\"image\":{\"@id\":\"https:\\\/\\\/www.laguiadepamplona.com\\\/actualidad\\\/el-ayuntamiento-de-pamplona-expropiara-cinco-parcelas-del-entorno-del-molino-de-ilundain-para-renaturalizar-la-zona-y-convertirla-en-una-reserva-fluvial-inundable\\\/#primaryimage\"},\"thumbnailUrl\":\"https:\\\/\\\/www.laguiadepamplona.com\\\/actualidad\\\/wp-content\\\/uploads\\\/2025\\\/03\\\/RUNA-B8_molino_ilundain.webp\",\"datePublished\":\"2025-03-31T15:17:14+00:00\",\"description\":\"Gerencia de Urbanismo conoce este mi\u00e9rcoles el informe de desestimaci\u00f3n de alegaciones, que deber\u00e1 aprobar el Pleno el jueves para iniciar los tr\u00e1mites\",\"breadcrumb\":{\"@id\":\"https:\\\/\\\/www.laguiadepamplona.com\\\/actualidad\\\/el-ayuntamiento-de-pamplona-expropiara-cinco-parcelas-del-entorno-del-molino-de-ilundain-para-renaturalizar-la-zona-y-convertirla-en-una-reserva-fluvial-inundable\\\/#breadcrumb\"},\"inLanguage\":\"es\",\"potentialAction\":[{\"@type\":\"ReadAction\",\"target\":[\"https:\\\/\\\/www.laguiadepamplona.com\\\/actualidad\\\/el-ayuntamiento-de-pamplona-expropiara-cinco-parcelas-del-entorno-del-molino-de-ilundain-para-renaturalizar-la-zona-y-convertirla-en-una-reserva-fluvial-inundable\\\/\"]}]},{\"@type\":\"ImageObject\",\"inLanguage\":\"es\",\"@id\":\"https:\\\/\\\/www.laguiadepamplona.com\\\/actualidad\\\/el-ayuntamiento-de-pamplona-expropiara-cinco-parcelas-del-entorno-del-molino-de-ilundain-para-renaturalizar-la-zona-y-convertirla-en-una-reserva-fluvial-inundable\\\/#primaryimage\",\"url\":\"https:\\\/\\\/www.laguiadepamplona.com\\\/actualidad\\\/wp-content\\\/uploads\\\/2025\\\/03\\\/RUNA-B8_molino_ilundain.webp\",\"contentUrl\":\"https:\\\/\\\/www.laguiadepamplona.com\\\/actualidad\\\/wp-content\\\/uploads\\\/2025\\\/03\\\/RUNA-B8_molino_ilundain.webp\",\"width\":1000,\"height\":562,\"caption\":\"molino indurain\"},{\"@type\":\"BreadcrumbList\",\"@id\":\"https:\\\/\\\/www.laguiadepamplona.com\\\/actualidad\\\/el-ayuntamiento-de-pamplona-expropiara-cinco-parcelas-del-entorno-del-molino-de-ilundain-para-renaturalizar-la-zona-y-convertirla-en-una-reserva-fluvial-inundable\\\/#breadcrumb\",\"itemListElement\":[{\"@type\":\"ListItem\",\"position\":1,\"name\":\"Portada\",\"item\":\"https:\\\/\\\/www.laguiadepamplona.com\\\/actualidad\\\/\"},{\"@type\":\"ListItem\",\"position\":2,\"name\":\"El Ayuntamiento de Pamplona expropiar\u00e1 cinco parcelas del entorno del molino de Ilund\u00e1in para renaturalizar la zona y convertirla en una reserva fluvial inundable\"}]},{\"@type\":\"WebSite\",\"@id\":\"https:\\\/\\\/www.laguiadepamplona.com\\\/actualidad\\\/#website\",\"url\":\"https:\\\/\\\/www.laguiadepamplona.com\\\/actualidad\\\/\",\"name\":\"La gu\u00eda de Pamplona\",\"description\":\"Noticias de Pamplona\",\"publisher\":{\"@id\":\"https:\\\/\\\/www.laguiadepamplona.com\\\/actualidad\\\/#organization\"},\"potentialAction\":[{\"@type\":\"SearchAction\",\"target\":{\"@type\":\"EntryPoint\",\"urlTemplate\":\"https:\\\/\\\/www.laguiadepamplona.com\\\/actualidad\\\/?s={search_term_string}\"},\"query-input\":{\"@type\":\"PropertyValueSpecification\",\"valueRequired\":true,\"valueName\":\"search_term_string\"}}],\"inLanguage\":\"es\"},{\"@type\":\"Organization\",\"@id\":\"https:\\\/\\\/www.laguiadepamplona.com\\\/actualidad\\\/#organization\",\"name\":\"La Gu\u00eda de Pamplona \\\/ Noticias\",\"url\":\"https:\\\/\\\/www.laguiadepamplona.com\\\/actualidad\\\/\",\"logo\":{\"@type\":\"ImageObject\",\"inLanguage\":\"es\",\"@id\":\"https:\\\/\\\/www.laguiadepamplona.com\\\/actualidad\\\/#\\\/schema\\\/logo\\\/image\\\/\",\"url\":\"https:\\\/\\\/www.laguiadepamplona.com\\\/actualidad\\\/wp-content\\\/uploads\\\/2018\\\/11\\\/logo-laguiadepamplona18-web1.png\",\"contentUrl\":\"https:\\\/\\\/www.laguiadepamplona.com\\\/actualidad\\\/wp-content\\\/uploads\\\/2018\\\/11\\\/logo-laguiadepamplona18-web1.png\",\"width\":600,\"height\":196,\"caption\":\"La Gu\u00eda de Pamplona \\\/ Noticias\"},\"image\":{\"@id\":\"https:\\\/\\\/www.laguiadepamplona.com\\\/actualidad\\\/#\\\/schema\\\/logo\\\/image\\\/\"},\"sameAs\":[\"https:\\\/\\\/www.facebook.com\\\/laguiadepamplonacom-133175176762273\\\/?ref=hl\",\"https:\\\/\\\/x.com\\\/LaGuiadPamplona\",\"https:\\\/\\\/www.instagram.com\\\/la_guia_de_pamplona\\\/\",\"https:\\\/\\\/www.youtube.com\\\/user\\\/laguiadepamplona\"]},{\"@type\":\"Person\",\"@id\":\"https:\\\/\\\/www.laguiadepamplona.com\\\/actualidad\\\/#\\\/schema\\\/person\\\/efe887376f0213d4657c93adc50b1fdb\",\"name\":\"La Gu\u00eda de Pamplona\",\"image\":{\"@type\":\"ImageObject\",\"inLanguage\":\"es\",\"@id\":\"https:\\\/\\\/secure.gravatar.com\\\/avatar\\\/b6992f131dc8d30ab0dff15446e9d346d9dbd95992de0fef795073f5ea83a81c?s=96&d=mm&r=g\",\"url\":\"https:\\\/\\\/secure.gravatar.com\\\/avatar\\\/b6992f131dc8d30ab0dff15446e9d346d9dbd95992de0fef795073f5ea83a81c?s=96&d=mm&r=g\",\"contentUrl\":\"https:\\\/\\\/secure.gravatar.com\\\/avatar\\\/b6992f131dc8d30ab0dff15446e9d346d9dbd95992de0fef795073f5ea83a81c?s=96&d=mm&r=g\",\"caption\":\"La Gu\u00eda de Pamplona\"}}]}<\/script>\n<!-- \/ Yoast SEO plugin. -->","yoast_head_json":{"title":"El Ayuntamiento de Pamplona expropiar\u00e1 cinco parcelas del entorno del molino de Ilund\u00e1in para renaturalizar la zona y convertirla en una reserva fluvial inundable","description":"Gerencia de Urbanismo conoce este mi\u00e9rcoles el informe de desestimaci\u00f3n de alegaciones, que deber\u00e1 aprobar el Pleno el jueves para iniciar los tr\u00e1mites","robots":{"index":"index","follow":"follow","max-snippet":"max-snippet:-1","max-image-preview":"max-image-preview:large","max-video-preview":"max-video-preview:-1"},"canonical":"https:\/\/www.laguiadepamplona.com\/actualidad\/el-ayuntamiento-de-pamplona-expropiara-cinco-parcelas-del-entorno-del-molino-de-ilundain-para-renaturalizar-la-zona-y-convertirla-en-una-reserva-fluvial-inundable\/","og_locale":"es_ES","og_type":"article","og_title":"El Ayuntamiento de Pamplona expropiar\u00e1 cinco parcelas del entorno del molino de Ilund\u00e1in para renaturalizar la zona y convertirla en una reserva fluvial inundable","og_description":"Gerencia de Urbanismo conoce este mi\u00e9rcoles el informe de desestimaci\u00f3n de alegaciones, que deber\u00e1 aprobar el Pleno el jueves para iniciar los tr\u00e1mites","og_url":"https:\/\/www.laguiadepamplona.com\/actualidad\/el-ayuntamiento-de-pamplona-expropiara-cinco-parcelas-del-entorno-del-molino-de-ilundain-para-renaturalizar-la-zona-y-convertirla-en-una-reserva-fluvial-inundable\/","og_site_name":"La Gu\u00eda de Pamplona","article_publisher":"https:\/\/www.facebook.com\/laguiadepamplonacom-133175176762273\/?ref=hl","article_published_time":"2025-03-31T15:17:14+00:00","og_image":[{"width":1000,"height":562,"url":"https:\/\/www.laguiadepamplona.com\/actualidad\/wp-content\/uploads\/2025\/03\/RUNA-B8_molino_ilundain.webp","type":"image\/webp"}],"author":"La Gu\u00eda de Pamplona","twitter_card":"summary_large_image","twitter_creator":"@LaGuiadPamplona","twitter_site":"@LaGuiadPamplona","twitter_misc":{"Escrito por":"La Gu\u00eda de Pamplona","Tiempo de lectura":"4 minutos"},"schema":{"@context":"https:\/\/schema.org","@graph":[{"@type":"Article","@id":"https:\/\/www.laguiadepamplona.com\/actualidad\/el-ayuntamiento-de-pamplona-expropiara-cinco-parcelas-del-entorno-del-molino-de-ilundain-para-renaturalizar-la-zona-y-convertirla-en-una-reserva-fluvial-inundable\/#article","isPartOf":{"@id":"https:\/\/www.laguiadepamplona.com\/actualidad\/el-ayuntamiento-de-pamplona-expropiara-cinco-parcelas-del-entorno-del-molino-de-ilundain-para-renaturalizar-la-zona-y-convertirla-en-una-reserva-fluvial-inundable\/"},"author":{"name":"La Gu\u00eda de Pamplona","@id":"https:\/\/www.laguiadepamplona.com\/actualidad\/#\/schema\/person\/efe887376f0213d4657c93adc50b1fdb"},"headline":"El Ayuntamiento de Pamplona expropiar\u00e1 cinco parcelas del entorno del molino de Ilund\u00e1in para renaturalizar la zona y convertirla en una reserva fluvial inundable","datePublished":"2025-03-31T15:17:14+00:00","mainEntityOfPage":{"@id":"https:\/\/www.laguiadepamplona.com\/actualidad\/el-ayuntamiento-de-pamplona-expropiara-cinco-parcelas-del-entorno-del-molino-de-ilundain-para-renaturalizar-la-zona-y-convertirla-en-una-reserva-fluvial-inundable\/"},"wordCount":841,"commentCount":0,"publisher":{"@id":"https:\/\/www.laguiadepamplona.com\/actualidad\/#organization"},"image":{"@id":"https:\/\/www.laguiadepamplona.com\/actualidad\/el-ayuntamiento-de-pamplona-expropiara-cinco-parcelas-del-entorno-del-molino-de-ilundain-para-renaturalizar-la-zona-y-convertirla-en-una-reserva-fluvial-inundable\/#primaryimage"},"thumbnailUrl":"https:\/\/www.laguiadepamplona.com\/actualidad\/wp-content\/uploads\/2025\/03\/RUNA-B8_molino_ilundain.webp","articleSection":["Ayto Pamplona"],"inLanguage":"es","potentialAction":[{"@type":"CommentAction","name":"Comment","target":["https:\/\/www.laguiadepamplona.com\/actualidad\/el-ayuntamiento-de-pamplona-expropiara-cinco-parcelas-del-entorno-del-molino-de-ilundain-para-renaturalizar-la-zona-y-convertirla-en-una-reserva-fluvial-inundable\/#respond"]}]},{"@type":"WebPage","@id":"https:\/\/www.laguiadepamplona.com\/actualidad\/el-ayuntamiento-de-pamplona-expropiara-cinco-parcelas-del-entorno-del-molino-de-ilundain-para-renaturalizar-la-zona-y-convertirla-en-una-reserva-fluvial-inundable\/","url":"https:\/\/www.laguiadepamplona.com\/actualidad\/el-ayuntamiento-de-pamplona-expropiara-cinco-parcelas-del-entorno-del-molino-de-ilundain-para-renaturalizar-la-zona-y-convertirla-en-una-reserva-fluvial-inundable\/","name":"El Ayuntamiento de Pamplona expropiar\u00e1 cinco parcelas del entorno del molino de Ilund\u00e1in para renaturalizar la zona y convertirla en una reserva fluvial inundable","isPartOf":{"@id":"https:\/\/www.laguiadepamplona.com\/actualidad\/#website"},"primaryImageOfPage":{"@id":"https:\/\/www.laguiadepamplona.com\/actualidad\/el-ayuntamiento-de-pamplona-expropiara-cinco-parcelas-del-entorno-del-molino-de-ilundain-para-renaturalizar-la-zona-y-convertirla-en-una-reserva-fluvial-inundable\/#primaryimage"},"image":{"@id":"https:\/\/www.laguiadepamplona.com\/actualidad\/el-ayuntamiento-de-pamplona-expropiara-cinco-parcelas-del-entorno-del-molino-de-ilundain-para-renaturalizar-la-zona-y-convertirla-en-una-reserva-fluvial-inundable\/#primaryimage"},"thumbnailUrl":"https:\/\/www.laguiadepamplona.com\/actualidad\/wp-content\/uploads\/2025\/03\/RUNA-B8_molino_ilundain.webp","datePublished":"2025-03-31T15:17:14+00:00","description":"Gerencia de Urbanismo conoce este mi\u00e9rcoles el informe de desestimaci\u00f3n de alegaciones, que deber\u00e1 aprobar el Pleno el jueves para iniciar los tr\u00e1mites","breadcrumb":{"@id":"https:\/\/www.laguiadepamplona.com\/actualidad\/el-ayuntamiento-de-pamplona-expropiara-cinco-parcelas-del-entorno-del-molino-de-ilundain-para-renaturalizar-la-zona-y-convertirla-en-una-reserva-fluvial-inundable\/#breadcrumb"},"inLanguage":"es","potentialAction":[{"@type":"ReadAction","target":["https:\/\/www.laguiadepamplona.com\/actualidad\/el-ayuntamiento-de-pamplona-expropiara-cinco-parcelas-del-entorno-del-molino-de-ilundain-para-renaturalizar-la-zona-y-convertirla-en-una-reserva-fluvial-inundable\/"]}]},{"@type":"ImageObject","inLanguage":"es","@id":"https:\/\/www.laguiadepamplona.com\/actualidad\/el-ayuntamiento-de-pamplona-expropiara-cinco-parcelas-del-entorno-del-molino-de-ilundain-para-renaturalizar-la-zona-y-convertirla-en-una-reserva-fluvial-inundable\/#primaryimage","url":"https:\/\/www.laguiadepamplona.com\/actualidad\/wp-content\/uploads\/2025\/03\/RUNA-B8_molino_ilundain.webp","contentUrl":"https:\/\/www.laguiadepamplona.com\/actualidad\/wp-content\/uploads\/2025\/03\/RUNA-B8_molino_ilundain.webp","width":1000,"height":562,"caption":"molino indurain"},{"@type":"BreadcrumbList","@id":"https:\/\/www.laguiadepamplona.com\/actualidad\/el-ayuntamiento-de-pamplona-expropiara-cinco-parcelas-del-entorno-del-molino-de-ilundain-para-renaturalizar-la-zona-y-convertirla-en-una-reserva-fluvial-inundable\/#breadcrumb","itemListElement":[{"@type":"ListItem","position":1,"name":"Portada","item":"https:\/\/www.laguiadepamplona.com\/actualidad\/"},{"@type":"ListItem","position":2,"name":"El Ayuntamiento de Pamplona expropiar\u00e1 cinco parcelas del entorno del molino de Ilund\u00e1in para renaturalizar la zona y convertirla en una reserva fluvial inundable"}]},{"@type":"WebSite","@id":"https:\/\/www.laguiadepamplona.com\/actualidad\/#website","url":"https:\/\/www.laguiadepamplona.com\/actualidad\/","name":"La gu\u00eda de Pamplona","description":"Noticias de Pamplona","publisher":{"@id":"https:\/\/www.laguiadepamplona.com\/actualidad\/#organization"},"potentialAction":[{"@type":"SearchAction","target":{"@type":"EntryPoint","urlTemplate":"https:\/\/www.laguiadepamplona.com\/actualidad\/?s={search_term_string}"},"query-input":{"@type":"PropertyValueSpecification","valueRequired":true,"valueName":"search_term_string"}}],"inLanguage":"es"},{"@type":"Organization","@id":"https:\/\/www.laguiadepamplona.com\/actualidad\/#organization","name":"La Gu\u00eda de Pamplona \/ Noticias","url":"https:\/\/www.laguiadepamplona.com\/actualidad\/","logo":{"@type":"ImageObject","inLanguage":"es","@id":"https:\/\/www.laguiadepamplona.com\/actualidad\/#\/schema\/logo\/image\/","url":"https:\/\/www.laguiadepamplona.com\/actualidad\/wp-content\/uploads\/2018\/11\/logo-laguiadepamplona18-web1.png","contentUrl":"https:\/\/www.laguiadepamplona.com\/actualidad\/wp-content\/uploads\/2018\/11\/logo-laguiadepamplona18-web1.png","width":600,"height":196,"caption":"La Gu\u00eda de Pamplona \/ Noticias"},"image":{"@id":"https:\/\/www.laguiadepamplona.com\/actualidad\/#\/schema\/logo\/image\/"},"sameAs":["https:\/\/www.facebook.com\/laguiadepamplonacom-133175176762273\/?ref=hl","https:\/\/x.com\/LaGuiadPamplona","https:\/\/www.instagram.com\/la_guia_de_pamplona\/","https:\/\/www.youtube.com\/user\/laguiadepamplona"]},{"@type":"Person","@id":"https:\/\/www.laguiadepamplona.com\/actualidad\/#\/schema\/person\/efe887376f0213d4657c93adc50b1fdb","name":"La Gu\u00eda de Pamplona","image":{"@type":"ImageObject","inLanguage":"es","@id":"https:\/\/secure.gravatar.com\/avatar\/b6992f131dc8d30ab0dff15446e9d346d9dbd95992de0fef795073f5ea83a81c?s=96&d=mm&r=g","url":"https:\/\/secure.gravatar.com\/avatar\/b6992f131dc8d30ab0dff15446e9d346d9dbd95992de0fef795073f5ea83a81c?s=96&d=mm&r=g","contentUrl":"https:\/\/secure.gravatar.com\/avatar\/b6992f131dc8d30ab0dff15446e9d346d9dbd95992de0fef795073f5ea83a81c?s=96&d=mm&r=g","caption":"La Gu\u00eda de Pamplona"}}]}},"post_mailing_queue_ids":[],"_links":{"self":[{"href":"https:\/\/www.laguiadepamplona.com\/actualidad\/wp-json\/wp\/v2\/posts\/52594","targetHints":{"allow":["GET"]}}],"collection":[{"href":"https:\/\/www.laguiadepamplona.com\/actualidad\/wp-json\/wp\/v2\/posts"}],"about":[{"href":"https:\/\/www.laguiadepamplona.com\/actualidad\/wp-json\/wp\/v2\/types\/post"}],"author":[{"embeddable":true,"href":"https:\/\/www.laguiadepamplona.com\/actualidad\/wp-json\/wp\/v2\/users\/1"}],"replies":[{"embeddable":true,"href":"https:\/\/www.laguiadepamplona.com\/actualidad\/wp-json\/wp\/v2\/comments?post=52594"}],"version-history":[{"count":1,"href":"https:\/\/www.laguiadepamplona.com\/actualidad\/wp-json\/wp\/v2\/posts\/52594\/revisions"}],"predecessor-version":[{"id":52596,"href":"https:\/\/www.laguiadepamplona.com\/actualidad\/wp-json\/wp\/v2\/posts\/52594\/revisions\/52596"}],"wp:featuredmedia":[{"embeddable":true,"href":"https:\/\/www.laguiadepamplona.com\/actualidad\/wp-json\/wp\/v2\/media\/52595"}],"wp:attachment":[{"href":"https:\/\/www.laguiadepamplona.com\/actualidad\/wp-json\/wp\/v2\/media?parent=52594"}],"wp:term":[{"taxonomy":"category","embeddable":true,"href":"https:\/\/www.laguiadepamplona.com\/actualidad\/wp-json\/wp\/v2\/categories?post=52594"},{"taxonomy":"post_tag","embeddable":true,"href":"https:\/\/www.laguiadepamplona.com\/actualidad\/wp-json\/wp\/v2\/tags?post=52594"}],"curies":[{"name":"wp","href":"https:\/\/api.w.org\/{rel}","templated":true}]}}