{"id":52581,"date":"2025-03-31T17:10:34","date_gmt":"2025-03-31T15:10:34","guid":{"rendered":"https:\/\/www.laguiadepamplona.com\/actualidad\/?p=52581"},"modified":"2025-03-31T17:10:34","modified_gmt":"2025-03-31T15:10:34","slug":"martes-y-miercoles-de-9-30-a-19-horas-permanecera-cerrado-al-trafico-el-tramo-de-pio-xii-entre-sancho-el-fuerte-y-avenida-del-ejercito-por-trabajos-de-asfaltado","status":"publish","type":"post","link":"https:\/\/www.laguiadepamplona.com\/actualidad\/martes-y-miercoles-de-9-30-a-19-horas-permanecera-cerrado-al-trafico-el-tramo-de-pio-xii-entre-sancho-el-fuerte-y-avenida-del-ejercito-por-trabajos-de-asfaltado\/","title":{"rendered":"Martes y mi\u00e9rcoles, de 9.30 a 19 horas, permanecer\u00e1 cerrado al tr\u00e1fico el tramo de P\u00edo XII, entre Sancho el Fuerte y avenida del Ej\u00e9rcito, por trabajos de asfaltado"},"content":{"rendered":"<h2>El jueves se reabrir\u00e1 un carril y habr\u00e1 cortes puntuales; se recomienda circular por las avenidas de Bara\u00f1\u00e1in y Bayona o calles Iturrama y La Rioja<\/h2>\n<p><!--more--><\/p>\n<p>Ma\u00f1ana martes 1 de abril y el mi\u00e9rcoles 2 de abril se cerrar\u00e1 al tr\u00e1fico la avenida de P\u00edo XII, entre Sancho el Fuerte y la avenida del Ej\u00e9rcito, de 9.30 a 19 horas, para ejecutar labores de asfaltado. Estos trabajos culminan la tercera fase de las seis previstas dentro de las obras de ampliaci\u00f3n del corredor sostenible de P\u00edo XII. El jueves 3 de abril se reabrir\u00e1 un carril de circulaci\u00f3n y el viernes 4 de abril la v\u00eda volver\u00e1 a estar operativa en su totalidad.<\/p>\n<p>El pasado jueves se iniciaron los trabajos que han afectado, por el momento, al carril bici y a la banda de servicios. El martes y el mi\u00e9rcoles el asfaltado llega a los dos carriles de circulaci\u00f3n, por lo que se cortar\u00e1 ese tramo. El cruce de P\u00edo XII con Monasterio de Urdax estar\u00e1 tambi\u00e9n totalmente cortado, por lo que \u00fanicamente se podr\u00e1 girar a la derecha, al igual que la intersecci\u00f3n con la calle Vuelta del Castillo. El Ayuntamiento de Pamplona recomienda otras rutas por las avenidas de Bara\u00f1\u00e1in y Bayona y por las calles Iturrama y La Rioja, que eviten acercarse al lugar de las obras.<\/p>\n<p>Las afecciones el martes y el mi\u00e9rcoles llegar\u00e1n tambi\u00e9n a garajes. El acceso al parking de P\u00edo XII 13 se realizar\u00e1 esos dos d\u00edas por un paso abierto por el carril bici; la salida del aparcamiento de Urdax estar\u00e1 abierta con desv\u00edo en la intersecci\u00f3n de P\u00edo XII. Las plazas de carga y descarga en la zona est\u00e1n cerradas desde el jueves y se recomienda utilizar los espacios habilitados en las otras v\u00edas de las inmediaciones. Las paradas de las villavesas estar\u00e1n tambi\u00e9n cerradas y las l\u00edneas L4, L15, L18 y N2 se desviar\u00e1n por recorridos alternativos.<\/p>\n<p>El jueves se reabrir\u00e1 al tr\u00e1fico el carril izquierdo, pero permanecer\u00e1 cerrado el derecho. Los trabajos se centrar\u00e1n en el pintado del carril y se llevar\u00e1n a cabo entre las 9.30 y las 19 horas. Las intersecciones de P\u00edo XII con Monasterio de Urdax y con la Vuelta del Castillo estar\u00e1n abiertos con desv\u00edos puntuales, lo mismo que el acceso al garaje de P\u00edo XII 13 y la salida de los aparcamientos de Urdax. Por la tarde, sobre las 19 horas, se retomar\u00e1n los recorridos y paradas habituales de las l\u00edneas del transporte urbano comarcal.<\/p>\n<p>El Ayuntamiento de Pamplona ha colocado carteles en los portales de la zona afectada y se ha informado en comercios sobre las afecciones y los plazos de las obras. Para consultas o dudas, las personas interesadas pueden contactar con el tel\u00e9fono 010\u2013948 420 100. Las obras de ampliaci\u00f3n del corredor sostenible de P\u00edo XII las est\u00e1 ejecutando la empresa Excavaciones Ferm\u00edn Os\u00e9s SL con un presupuesto de 1,8 millones de euros, de los que 450.000 los aporta el Gobierno de Navarra.<\/p>\n","protected":false},"excerpt":{"rendered":"<p>El jueves se reabrir\u00e1 un carril y habr\u00e1 cortes puntuales; se recomienda circular por las avenidas de Bara\u00f1\u00e1in y Bayona o calles Iturrama y La Rioja<\/p>\n","protected":false},"author":1,"featured_media":52582,"comment_status":"open","ping_status":"closed","sticky":false,"template":"","format":"standard","meta":{"footnotes":""},"categories":[2],"tags":[],"class_list":["post-52581","post","type-post","status-publish","format-standard","has-post-thumbnail","hentry","category-ayuntamiento-pamplona"],"yoast_head":"<!-- This site is optimized with the Yoast SEO plugin v27.5 - https:\/\/yoast.com\/product\/yoast-seo-wordpress\/ -->\n<title>Martes y mi\u00e9rcoles, de 9.30 a 19 horas, permanecer\u00e1 cerrado al tr\u00e1fico el tramo de P\u00edo XII, entre Sancho el Fuerte y avenida del Ej\u00e9rcito, por trabajos de asfaltado<\/title>\n<meta name=\"description\" content=\"El jueves se reabrir\u00e1 un carril y habr\u00e1 cortes puntuales; se recomienda circular por las avenidas de Bara\u00f1\u00e1in y Bayona o calles Iturrama y La Rioja\" \/>\n<meta name=\"robots\" content=\"index, follow, max-snippet:-1, max-image-preview:large, max-video-preview:-1\" \/>\n<link rel=\"canonical\" href=\"https:\/\/www.laguiadepamplona.com\/actualidad\/martes-y-miercoles-de-9-30-a-19-horas-permanecera-cerrado-al-trafico-el-tramo-de-pio-xii-entre-sancho-el-fuerte-y-avenida-del-ejercito-por-trabajos-de-asfaltado\/\" \/>\n<meta property=\"og:locale\" content=\"es_ES\" \/>\n<meta property=\"og:type\" content=\"article\" \/>\n<meta property=\"og:title\" content=\"Martes y mi\u00e9rcoles, de 9.30 a 19 horas, permanecer\u00e1 cerrado al tr\u00e1fico el tramo de P\u00edo XII, entre Sancho el Fuerte y avenida del Ej\u00e9rcito, por trabajos de asfaltado\" \/>\n<meta property=\"og:description\" content=\"El jueves se reabrir\u00e1 un carril y habr\u00e1 cortes puntuales; se recomienda circular por las avenidas de Bara\u00f1\u00e1in y Bayona o calles Iturrama y La Rioja\" \/>\n<meta property=\"og:url\" content=\"https:\/\/www.laguiadepamplona.com\/actualidad\/martes-y-miercoles-de-9-30-a-19-horas-permanecera-cerrado-al-trafico-el-tramo-de-pio-xii-entre-sancho-el-fuerte-y-avenida-del-ejercito-por-trabajos-de-asfaltado\/\" \/>\n<meta property=\"og:site_name\" content=\"La Gu\u00eda de Pamplona\" \/>\n<meta property=\"article:publisher\" content=\"https:\/\/www.facebook.com\/laguiadepamplonacom-133175176762273\/?ref=hl\" \/>\n<meta property=\"article:published_time\" content=\"2025-03-31T15:10:34+00:00\" \/>\n<meta property=\"og:image\" content=\"https:\/\/www.laguiadepamplona.com\/actualidad\/wp-content\/uploads\/2025\/03\/pioxii_web_0.webp\" \/>\n\t<meta property=\"og:image:width\" content=\"787\" \/>\n\t<meta property=\"og:image:height\" content=\"525\" \/>\n\t<meta property=\"og:image:type\" content=\"image\/webp\" \/>\n<meta name=\"author\" content=\"La Gu\u00eda de Pamplona\" \/>\n<meta name=\"twitter:card\" content=\"summary_large_image\" \/>\n<meta name=\"twitter:creator\" content=\"@LaGuiadPamplona\" \/>\n<meta name=\"twitter:site\" content=\"@LaGuiadPamplona\" \/>\n<meta name=\"twitter:label1\" content=\"Escrito por\" \/>\n\t<meta name=\"twitter:data1\" content=\"La Gu\u00eda de Pamplona\" \/>\n\t<meta name=\"twitter:label2\" content=\"Tiempo de lectura\" \/>\n\t<meta name=\"twitter:data2\" content=\"3 minutos\" \/>\n<script type=\"application\/ld+json\" class=\"yoast-schema-graph\">{\"@context\":\"https:\\\/\\\/schema.org\",\"@graph\":[{\"@type\":\"Article\",\"@id\":\"https:\\\/\\\/www.laguiadepamplona.com\\\/actualidad\\\/martes-y-miercoles-de-9-30-a-19-horas-permanecera-cerrado-al-trafico-el-tramo-de-pio-xii-entre-sancho-el-fuerte-y-avenida-del-ejercito-por-trabajos-de-asfaltado\\\/#article\",\"isPartOf\":{\"@id\":\"https:\\\/\\\/www.laguiadepamplona.com\\\/actualidad\\\/martes-y-miercoles-de-9-30-a-19-horas-permanecera-cerrado-al-trafico-el-tramo-de-pio-xii-entre-sancho-el-fuerte-y-avenida-del-ejercito-por-trabajos-de-asfaltado\\\/\"},\"author\":{\"name\":\"La Gu\u00eda de Pamplona\",\"@id\":\"https:\\\/\\\/www.laguiadepamplona.com\\\/actualidad\\\/#\\\/schema\\\/person\\\/efe887376f0213d4657c93adc50b1fdb\"},\"headline\":\"Martes y mi\u00e9rcoles, de 9.30 a 19 horas, permanecer\u00e1 cerrado al tr\u00e1fico el tramo de P\u00edo XII, entre Sancho el Fuerte y avenida del Ej\u00e9rcito, por trabajos de asfaltado\",\"datePublished\":\"2025-03-31T15:10:34+00:00\",\"mainEntityOfPage\":{\"@id\":\"https:\\\/\\\/www.laguiadepamplona.com\\\/actualidad\\\/martes-y-miercoles-de-9-30-a-19-horas-permanecera-cerrado-al-trafico-el-tramo-de-pio-xii-entre-sancho-el-fuerte-y-avenida-del-ejercito-por-trabajos-de-asfaltado\\\/\"},\"wordCount\":552,\"commentCount\":0,\"publisher\":{\"@id\":\"https:\\\/\\\/www.laguiadepamplona.com\\\/actualidad\\\/#organization\"},\"image\":{\"@id\":\"https:\\\/\\\/www.laguiadepamplona.com\\\/actualidad\\\/martes-y-miercoles-de-9-30-a-19-horas-permanecera-cerrado-al-trafico-el-tramo-de-pio-xii-entre-sancho-el-fuerte-y-avenida-del-ejercito-por-trabajos-de-asfaltado\\\/#primaryimage\"},\"thumbnailUrl\":\"https:\\\/\\\/www.laguiadepamplona.com\\\/actualidad\\\/wp-content\\\/uploads\\\/2025\\\/03\\\/pioxii_web_0.webp\",\"articleSection\":[\"Ayto Pamplona\"],\"inLanguage\":\"es\",\"potentialAction\":[{\"@type\":\"CommentAction\",\"name\":\"Comment\",\"target\":[\"https:\\\/\\\/www.laguiadepamplona.com\\\/actualidad\\\/martes-y-miercoles-de-9-30-a-19-horas-permanecera-cerrado-al-trafico-el-tramo-de-pio-xii-entre-sancho-el-fuerte-y-avenida-del-ejercito-por-trabajos-de-asfaltado\\\/#respond\"]}]},{\"@type\":\"WebPage\",\"@id\":\"https:\\\/\\\/www.laguiadepamplona.com\\\/actualidad\\\/martes-y-miercoles-de-9-30-a-19-horas-permanecera-cerrado-al-trafico-el-tramo-de-pio-xii-entre-sancho-el-fuerte-y-avenida-del-ejercito-por-trabajos-de-asfaltado\\\/\",\"url\":\"https:\\\/\\\/www.laguiadepamplona.com\\\/actualidad\\\/martes-y-miercoles-de-9-30-a-19-horas-permanecera-cerrado-al-trafico-el-tramo-de-pio-xii-entre-sancho-el-fuerte-y-avenida-del-ejercito-por-trabajos-de-asfaltado\\\/\",\"name\":\"Martes y mi\u00e9rcoles, de 9.30 a 19 horas, permanecer\u00e1 cerrado al tr\u00e1fico el tramo de P\u00edo XII, entre Sancho el Fuerte y avenida del Ej\u00e9rcito, por trabajos de asfaltado\",\"isPartOf\":{\"@id\":\"https:\\\/\\\/www.laguiadepamplona.com\\\/actualidad\\\/#website\"},\"primaryImageOfPage\":{\"@id\":\"https:\\\/\\\/www.laguiadepamplona.com\\\/actualidad\\\/martes-y-miercoles-de-9-30-a-19-horas-permanecera-cerrado-al-trafico-el-tramo-de-pio-xii-entre-sancho-el-fuerte-y-avenida-del-ejercito-por-trabajos-de-asfaltado\\\/#primaryimage\"},\"image\":{\"@id\":\"https:\\\/\\\/www.laguiadepamplona.com\\\/actualidad\\\/martes-y-miercoles-de-9-30-a-19-horas-permanecera-cerrado-al-trafico-el-tramo-de-pio-xii-entre-sancho-el-fuerte-y-avenida-del-ejercito-por-trabajos-de-asfaltado\\\/#primaryimage\"},\"thumbnailUrl\":\"https:\\\/\\\/www.laguiadepamplona.com\\\/actualidad\\\/wp-content\\\/uploads\\\/2025\\\/03\\\/pioxii_web_0.webp\",\"datePublished\":\"2025-03-31T15:10:34+00:00\",\"description\":\"El jueves se reabrir\u00e1 un carril y habr\u00e1 cortes puntuales; se recomienda circular por las avenidas de Bara\u00f1\u00e1in y Bayona o calles Iturrama y La Rioja\",\"breadcrumb\":{\"@id\":\"https:\\\/\\\/www.laguiadepamplona.com\\\/actualidad\\\/martes-y-miercoles-de-9-30-a-19-horas-permanecera-cerrado-al-trafico-el-tramo-de-pio-xii-entre-sancho-el-fuerte-y-avenida-del-ejercito-por-trabajos-de-asfaltado\\\/#breadcrumb\"},\"inLanguage\":\"es\",\"potentialAction\":[{\"@type\":\"ReadAction\",\"target\":[\"https:\\\/\\\/www.laguiadepamplona.com\\\/actualidad\\\/martes-y-miercoles-de-9-30-a-19-horas-permanecera-cerrado-al-trafico-el-tramo-de-pio-xii-entre-sancho-el-fuerte-y-avenida-del-ejercito-por-trabajos-de-asfaltado\\\/\"]}]},{\"@type\":\"ImageObject\",\"inLanguage\":\"es\",\"@id\":\"https:\\\/\\\/www.laguiadepamplona.com\\\/actualidad\\\/martes-y-miercoles-de-9-30-a-19-horas-permanecera-cerrado-al-trafico-el-tramo-de-pio-xii-entre-sancho-el-fuerte-y-avenida-del-ejercito-por-trabajos-de-asfaltado\\\/#primaryimage\",\"url\":\"https:\\\/\\\/www.laguiadepamplona.com\\\/actualidad\\\/wp-content\\\/uploads\\\/2025\\\/03\\\/pioxii_web_0.webp\",\"contentUrl\":\"https:\\\/\\\/www.laguiadepamplona.com\\\/actualidad\\\/wp-content\\\/uploads\\\/2025\\\/03\\\/pioxii_web_0.webp\",\"width\":787,\"height\":525,\"caption\":\"pio XII\"},{\"@type\":\"BreadcrumbList\",\"@id\":\"https:\\\/\\\/www.laguiadepamplona.com\\\/actualidad\\\/martes-y-miercoles-de-9-30-a-19-horas-permanecera-cerrado-al-trafico-el-tramo-de-pio-xii-entre-sancho-el-fuerte-y-avenida-del-ejercito-por-trabajos-de-asfaltado\\\/#breadcrumb\",\"itemListElement\":[{\"@type\":\"ListItem\",\"position\":1,\"name\":\"Portada\",\"item\":\"https:\\\/\\\/www.laguiadepamplona.com\\\/actualidad\\\/\"},{\"@type\":\"ListItem\",\"position\":2,\"name\":\"Martes y mi\u00e9rcoles, de 9.30 a 19 horas, permanecer\u00e1 cerrado al tr\u00e1fico el tramo de P\u00edo XII, entre Sancho el Fuerte y avenida del Ej\u00e9rcito, por trabajos de asfaltado\"}]},{\"@type\":\"WebSite\",\"@id\":\"https:\\\/\\\/www.laguiadepamplona.com\\\/actualidad\\\/#website\",\"url\":\"https:\\\/\\\/www.laguiadepamplona.com\\\/actualidad\\\/\",\"name\":\"La gu\u00eda de Pamplona\",\"description\":\"Noticias de Pamplona\",\"publisher\":{\"@id\":\"https:\\\/\\\/www.laguiadepamplona.com\\\/actualidad\\\/#organization\"},\"potentialAction\":[{\"@type\":\"SearchAction\",\"target\":{\"@type\":\"EntryPoint\",\"urlTemplate\":\"https:\\\/\\\/www.laguiadepamplona.com\\\/actualidad\\\/?s={search_term_string}\"},\"query-input\":{\"@type\":\"PropertyValueSpecification\",\"valueRequired\":true,\"valueName\":\"search_term_string\"}}],\"inLanguage\":\"es\"},{\"@type\":\"Organization\",\"@id\":\"https:\\\/\\\/www.laguiadepamplona.com\\\/actualidad\\\/#organization\",\"name\":\"La Gu\u00eda de Pamplona \\\/ Noticias\",\"url\":\"https:\\\/\\\/www.laguiadepamplona.com\\\/actualidad\\\/\",\"logo\":{\"@type\":\"ImageObject\",\"inLanguage\":\"es\",\"@id\":\"https:\\\/\\\/www.laguiadepamplona.com\\\/actualidad\\\/#\\\/schema\\\/logo\\\/image\\\/\",\"url\":\"https:\\\/\\\/www.laguiadepamplona.com\\\/actualidad\\\/wp-content\\\/uploads\\\/2018\\\/11\\\/logo-laguiadepamplona18-web1.png\",\"contentUrl\":\"https:\\\/\\\/www.laguiadepamplona.com\\\/actualidad\\\/wp-content\\\/uploads\\\/2018\\\/11\\\/logo-laguiadepamplona18-web1.png\",\"width\":600,\"height\":196,\"caption\":\"La Gu\u00eda de Pamplona \\\/ Noticias\"},\"image\":{\"@id\":\"https:\\\/\\\/www.laguiadepamplona.com\\\/actualidad\\\/#\\\/schema\\\/logo\\\/image\\\/\"},\"sameAs\":[\"https:\\\/\\\/www.facebook.com\\\/laguiadepamplonacom-133175176762273\\\/?ref=hl\",\"https:\\\/\\\/x.com\\\/LaGuiadPamplona\",\"https:\\\/\\\/www.instagram.com\\\/la_guia_de_pamplona\\\/\",\"https:\\\/\\\/www.youtube.com\\\/user\\\/laguiadepamplona\"]},{\"@type\":\"Person\",\"@id\":\"https:\\\/\\\/www.laguiadepamplona.com\\\/actualidad\\\/#\\\/schema\\\/person\\\/efe887376f0213d4657c93adc50b1fdb\",\"name\":\"La Gu\u00eda de Pamplona\",\"image\":{\"@type\":\"ImageObject\",\"inLanguage\":\"es\",\"@id\":\"https:\\\/\\\/secure.gravatar.com\\\/avatar\\\/b6992f131dc8d30ab0dff15446e9d346d9dbd95992de0fef795073f5ea83a81c?s=96&d=mm&r=g\",\"url\":\"https:\\\/\\\/secure.gravatar.com\\\/avatar\\\/b6992f131dc8d30ab0dff15446e9d346d9dbd95992de0fef795073f5ea83a81c?s=96&d=mm&r=g\",\"contentUrl\":\"https:\\\/\\\/secure.gravatar.com\\\/avatar\\\/b6992f131dc8d30ab0dff15446e9d346d9dbd95992de0fef795073f5ea83a81c?s=96&d=mm&r=g\",\"caption\":\"La Gu\u00eda de Pamplona\"}}]}<\/script>\n<!-- \/ Yoast SEO plugin. -->","yoast_head_json":{"title":"Martes y mi\u00e9rcoles, de 9.30 a 19 horas, permanecer\u00e1 cerrado al tr\u00e1fico el tramo de P\u00edo XII, entre Sancho el Fuerte y avenida del Ej\u00e9rcito, por trabajos de asfaltado","description":"El jueves se reabrir\u00e1 un carril y habr\u00e1 cortes puntuales; se recomienda circular por las avenidas de Bara\u00f1\u00e1in y Bayona o calles Iturrama y La Rioja","robots":{"index":"index","follow":"follow","max-snippet":"max-snippet:-1","max-image-preview":"max-image-preview:large","max-video-preview":"max-video-preview:-1"},"canonical":"https:\/\/www.laguiadepamplona.com\/actualidad\/martes-y-miercoles-de-9-30-a-19-horas-permanecera-cerrado-al-trafico-el-tramo-de-pio-xii-entre-sancho-el-fuerte-y-avenida-del-ejercito-por-trabajos-de-asfaltado\/","og_locale":"es_ES","og_type":"article","og_title":"Martes y mi\u00e9rcoles, de 9.30 a 19 horas, permanecer\u00e1 cerrado al tr\u00e1fico el tramo de P\u00edo XII, entre Sancho el Fuerte y avenida del Ej\u00e9rcito, por trabajos de asfaltado","og_description":"El jueves se reabrir\u00e1 un carril y habr\u00e1 cortes puntuales; se recomienda circular por las avenidas de Bara\u00f1\u00e1in y Bayona o calles Iturrama y La Rioja","og_url":"https:\/\/www.laguiadepamplona.com\/actualidad\/martes-y-miercoles-de-9-30-a-19-horas-permanecera-cerrado-al-trafico-el-tramo-de-pio-xii-entre-sancho-el-fuerte-y-avenida-del-ejercito-por-trabajos-de-asfaltado\/","og_site_name":"La Gu\u00eda de Pamplona","article_publisher":"https:\/\/www.facebook.com\/laguiadepamplonacom-133175176762273\/?ref=hl","article_published_time":"2025-03-31T15:10:34+00:00","og_image":[{"width":787,"height":525,"url":"https:\/\/www.laguiadepamplona.com\/actualidad\/wp-content\/uploads\/2025\/03\/pioxii_web_0.webp","type":"image\/webp"}],"author":"La Gu\u00eda de Pamplona","twitter_card":"summary_large_image","twitter_creator":"@LaGuiadPamplona","twitter_site":"@LaGuiadPamplona","twitter_misc":{"Escrito por":"La Gu\u00eda de Pamplona","Tiempo de lectura":"3 minutos"},"schema":{"@context":"https:\/\/schema.org","@graph":[{"@type":"Article","@id":"https:\/\/www.laguiadepamplona.com\/actualidad\/martes-y-miercoles-de-9-30-a-19-horas-permanecera-cerrado-al-trafico-el-tramo-de-pio-xii-entre-sancho-el-fuerte-y-avenida-del-ejercito-por-trabajos-de-asfaltado\/#article","isPartOf":{"@id":"https:\/\/www.laguiadepamplona.com\/actualidad\/martes-y-miercoles-de-9-30-a-19-horas-permanecera-cerrado-al-trafico-el-tramo-de-pio-xii-entre-sancho-el-fuerte-y-avenida-del-ejercito-por-trabajos-de-asfaltado\/"},"author":{"name":"La Gu\u00eda de Pamplona","@id":"https:\/\/www.laguiadepamplona.com\/actualidad\/#\/schema\/person\/efe887376f0213d4657c93adc50b1fdb"},"headline":"Martes y mi\u00e9rcoles, de 9.30 a 19 horas, permanecer\u00e1 cerrado al tr\u00e1fico el tramo de P\u00edo XII, entre Sancho el Fuerte y avenida del Ej\u00e9rcito, por trabajos de asfaltado","datePublished":"2025-03-31T15:10:34+00:00","mainEntityOfPage":{"@id":"https:\/\/www.laguiadepamplona.com\/actualidad\/martes-y-miercoles-de-9-30-a-19-horas-permanecera-cerrado-al-trafico-el-tramo-de-pio-xii-entre-sancho-el-fuerte-y-avenida-del-ejercito-por-trabajos-de-asfaltado\/"},"wordCount":552,"commentCount":0,"publisher":{"@id":"https:\/\/www.laguiadepamplona.com\/actualidad\/#organization"},"image":{"@id":"https:\/\/www.laguiadepamplona.com\/actualidad\/martes-y-miercoles-de-9-30-a-19-horas-permanecera-cerrado-al-trafico-el-tramo-de-pio-xii-entre-sancho-el-fuerte-y-avenida-del-ejercito-por-trabajos-de-asfaltado\/#primaryimage"},"thumbnailUrl":"https:\/\/www.laguiadepamplona.com\/actualidad\/wp-content\/uploads\/2025\/03\/pioxii_web_0.webp","articleSection":["Ayto Pamplona"],"inLanguage":"es","potentialAction":[{"@type":"CommentAction","name":"Comment","target":["https:\/\/www.laguiadepamplona.com\/actualidad\/martes-y-miercoles-de-9-30-a-19-horas-permanecera-cerrado-al-trafico-el-tramo-de-pio-xii-entre-sancho-el-fuerte-y-avenida-del-ejercito-por-trabajos-de-asfaltado\/#respond"]}]},{"@type":"WebPage","@id":"https:\/\/www.laguiadepamplona.com\/actualidad\/martes-y-miercoles-de-9-30-a-19-horas-permanecera-cerrado-al-trafico-el-tramo-de-pio-xii-entre-sancho-el-fuerte-y-avenida-del-ejercito-por-trabajos-de-asfaltado\/","url":"https:\/\/www.laguiadepamplona.com\/actualidad\/martes-y-miercoles-de-9-30-a-19-horas-permanecera-cerrado-al-trafico-el-tramo-de-pio-xii-entre-sancho-el-fuerte-y-avenida-del-ejercito-por-trabajos-de-asfaltado\/","name":"Martes y mi\u00e9rcoles, de 9.30 a 19 horas, permanecer\u00e1 cerrado al tr\u00e1fico el tramo de P\u00edo XII, entre Sancho el Fuerte y avenida del Ej\u00e9rcito, por trabajos de asfaltado","isPartOf":{"@id":"https:\/\/www.laguiadepamplona.com\/actualidad\/#website"},"primaryImageOfPage":{"@id":"https:\/\/www.laguiadepamplona.com\/actualidad\/martes-y-miercoles-de-9-30-a-19-horas-permanecera-cerrado-al-trafico-el-tramo-de-pio-xii-entre-sancho-el-fuerte-y-avenida-del-ejercito-por-trabajos-de-asfaltado\/#primaryimage"},"image":{"@id":"https:\/\/www.laguiadepamplona.com\/actualidad\/martes-y-miercoles-de-9-30-a-19-horas-permanecera-cerrado-al-trafico-el-tramo-de-pio-xii-entre-sancho-el-fuerte-y-avenida-del-ejercito-por-trabajos-de-asfaltado\/#primaryimage"},"thumbnailUrl":"https:\/\/www.laguiadepamplona.com\/actualidad\/wp-content\/uploads\/2025\/03\/pioxii_web_0.webp","datePublished":"2025-03-31T15:10:34+00:00","description":"El jueves se reabrir\u00e1 un carril y habr\u00e1 cortes puntuales; se recomienda circular por las avenidas de Bara\u00f1\u00e1in y Bayona o calles Iturrama y La Rioja","breadcrumb":{"@id":"https:\/\/www.laguiadepamplona.com\/actualidad\/martes-y-miercoles-de-9-30-a-19-horas-permanecera-cerrado-al-trafico-el-tramo-de-pio-xii-entre-sancho-el-fuerte-y-avenida-del-ejercito-por-trabajos-de-asfaltado\/#breadcrumb"},"inLanguage":"es","potentialAction":[{"@type":"ReadAction","target":["https:\/\/www.laguiadepamplona.com\/actualidad\/martes-y-miercoles-de-9-30-a-19-horas-permanecera-cerrado-al-trafico-el-tramo-de-pio-xii-entre-sancho-el-fuerte-y-avenida-del-ejercito-por-trabajos-de-asfaltado\/"]}]},{"@type":"ImageObject","inLanguage":"es","@id":"https:\/\/www.laguiadepamplona.com\/actualidad\/martes-y-miercoles-de-9-30-a-19-horas-permanecera-cerrado-al-trafico-el-tramo-de-pio-xii-entre-sancho-el-fuerte-y-avenida-del-ejercito-por-trabajos-de-asfaltado\/#primaryimage","url":"https:\/\/www.laguiadepamplona.com\/actualidad\/wp-content\/uploads\/2025\/03\/pioxii_web_0.webp","contentUrl":"https:\/\/www.laguiadepamplona.com\/actualidad\/wp-content\/uploads\/2025\/03\/pioxii_web_0.webp","width":787,"height":525,"caption":"pio XII"},{"@type":"BreadcrumbList","@id":"https:\/\/www.laguiadepamplona.com\/actualidad\/martes-y-miercoles-de-9-30-a-19-horas-permanecera-cerrado-al-trafico-el-tramo-de-pio-xii-entre-sancho-el-fuerte-y-avenida-del-ejercito-por-trabajos-de-asfaltado\/#breadcrumb","itemListElement":[{"@type":"ListItem","position":1,"name":"Portada","item":"https:\/\/www.laguiadepamplona.com\/actualidad\/"},{"@type":"ListItem","position":2,"name":"Martes y mi\u00e9rcoles, de 9.30 a 19 horas, permanecer\u00e1 cerrado al tr\u00e1fico el tramo de P\u00edo XII, entre Sancho el Fuerte y avenida del Ej\u00e9rcito, por trabajos de asfaltado"}]},{"@type":"WebSite","@id":"https:\/\/www.laguiadepamplona.com\/actualidad\/#website","url":"https:\/\/www.laguiadepamplona.com\/actualidad\/","name":"La gu\u00eda de Pamplona","description":"Noticias de Pamplona","publisher":{"@id":"https:\/\/www.laguiadepamplona.com\/actualidad\/#organization"},"potentialAction":[{"@type":"SearchAction","target":{"@type":"EntryPoint","urlTemplate":"https:\/\/www.laguiadepamplona.com\/actualidad\/?s={search_term_string}"},"query-input":{"@type":"PropertyValueSpecification","valueRequired":true,"valueName":"search_term_string"}}],"inLanguage":"es"},{"@type":"Organization","@id":"https:\/\/www.laguiadepamplona.com\/actualidad\/#organization","name":"La Gu\u00eda de Pamplona \/ Noticias","url":"https:\/\/www.laguiadepamplona.com\/actualidad\/","logo":{"@type":"ImageObject","inLanguage":"es","@id":"https:\/\/www.laguiadepamplona.com\/actualidad\/#\/schema\/logo\/image\/","url":"https:\/\/www.laguiadepamplona.com\/actualidad\/wp-content\/uploads\/2018\/11\/logo-laguiadepamplona18-web1.png","contentUrl":"https:\/\/www.laguiadepamplona.com\/actualidad\/wp-content\/uploads\/2018\/11\/logo-laguiadepamplona18-web1.png","width":600,"height":196,"caption":"La Gu\u00eda de Pamplona \/ Noticias"},"image":{"@id":"https:\/\/www.laguiadepamplona.com\/actualidad\/#\/schema\/logo\/image\/"},"sameAs":["https:\/\/www.facebook.com\/laguiadepamplonacom-133175176762273\/?ref=hl","https:\/\/x.com\/LaGuiadPamplona","https:\/\/www.instagram.com\/la_guia_de_pamplona\/","https:\/\/www.youtube.com\/user\/laguiadepamplona"]},{"@type":"Person","@id":"https:\/\/www.laguiadepamplona.com\/actualidad\/#\/schema\/person\/efe887376f0213d4657c93adc50b1fdb","name":"La Gu\u00eda de Pamplona","image":{"@type":"ImageObject","inLanguage":"es","@id":"https:\/\/secure.gravatar.com\/avatar\/b6992f131dc8d30ab0dff15446e9d346d9dbd95992de0fef795073f5ea83a81c?s=96&d=mm&r=g","url":"https:\/\/secure.gravatar.com\/avatar\/b6992f131dc8d30ab0dff15446e9d346d9dbd95992de0fef795073f5ea83a81c?s=96&d=mm&r=g","contentUrl":"https:\/\/secure.gravatar.com\/avatar\/b6992f131dc8d30ab0dff15446e9d346d9dbd95992de0fef795073f5ea83a81c?s=96&d=mm&r=g","caption":"La Gu\u00eda de Pamplona"}}]}},"post_mailing_queue_ids":[],"_links":{"self":[{"href":"https:\/\/www.laguiadepamplona.com\/actualidad\/wp-json\/wp\/v2\/posts\/52581","targetHints":{"allow":["GET"]}}],"collection":[{"href":"https:\/\/www.laguiadepamplona.com\/actualidad\/wp-json\/wp\/v2\/posts"}],"about":[{"href":"https:\/\/www.laguiadepamplona.com\/actualidad\/wp-json\/wp\/v2\/types\/post"}],"author":[{"embeddable":true,"href":"https:\/\/www.laguiadepamplona.com\/actualidad\/wp-json\/wp\/v2\/users\/1"}],"replies":[{"embeddable":true,"href":"https:\/\/www.laguiadepamplona.com\/actualidad\/wp-json\/wp\/v2\/comments?post=52581"}],"version-history":[{"count":1,"href":"https:\/\/www.laguiadepamplona.com\/actualidad\/wp-json\/wp\/v2\/posts\/52581\/revisions"}],"predecessor-version":[{"id":52583,"href":"https:\/\/www.laguiadepamplona.com\/actualidad\/wp-json\/wp\/v2\/posts\/52581\/revisions\/52583"}],"wp:featuredmedia":[{"embeddable":true,"href":"https:\/\/www.laguiadepamplona.com\/actualidad\/wp-json\/wp\/v2\/media\/52582"}],"wp:attachment":[{"href":"https:\/\/www.laguiadepamplona.com\/actualidad\/wp-json\/wp\/v2\/media?parent=52581"}],"wp:term":[{"taxonomy":"category","embeddable":true,"href":"https:\/\/www.laguiadepamplona.com\/actualidad\/wp-json\/wp\/v2\/categories?post=52581"},{"taxonomy":"post_tag","embeddable":true,"href":"https:\/\/www.laguiadepamplona.com\/actualidad\/wp-json\/wp\/v2\/tags?post=52581"}],"curies":[{"name":"wp","href":"https:\/\/api.w.org\/{rel}","templated":true}]}}