{"id":52570,"date":"2025-03-28T18:28:30","date_gmt":"2025-03-28T16:28:30","guid":{"rendered":"https:\/\/www.laguiadepamplona.com\/actualidad\/?p=52570"},"modified":"2025-03-28T18:29:26","modified_gmt":"2025-03-28T16:29:26","slug":"la-exposicion-plasta-materializa-de-forma-visual-los-estimulos-y-los-procesos-mentales-que-preceden-a-la-toma-de-decisiones-del-ser-humano","status":"publish","type":"post","link":"https:\/\/www.laguiadepamplona.com\/actualidad\/la-exposicion-plasta-materializa-de-forma-visual-los-estimulos-y-los-procesos-mentales-que-preceden-a-la-toma-de-decisiones-del-ser-humano\/","title":{"rendered":"La exposici\u00f3n \u2018Plasta\u2019 materializa de forma visual los est\u00edmulos y los procesos mentales que preceden a la toma de decisiones del ser humano"},"content":{"rendered":"<h2>El Polvor\u00edn de la Ciudadela acoge, hasta el 4 de mayo esta muestra de los artistas visuales Jaime Rem\u00edrez de Ganuza Garrido y Pablo Giobellina Caro<\/h2>\n<p><!--more--><\/p>\n<p>Ayudados de obras f\u00edsicas y digitales, acompa\u00f1adas de m\u00fasica experimental et\u00e9rea y repetitiva, los artistas visuales Jaime Rem\u00edrez de Ganuza Garrido y Pablo Giobellina Caro quieren llevar al visitante a un momento de reflexi\u00f3n sobre el mundo y la propia identidad. La exposici\u00f3n \u2018Plasta\u2019, que acoge el Polvor\u00edn de la Ciudadela hasta el 4 de mayo, es el escenario elegido para ello. El director del \u00e1rea de Cultura, Fiestas, Educaci\u00f3n y Deporte del Ayuntamiento de Pamplona, \u00cd\u00f1igo G\u00f3mez Egu\u00edluz, ha presentado esta ma\u00f1ana la muestra, en compa\u00f1\u00eda de ambos artistas.<\/p>\n<p>\u2018Plasta\u2019 es, tal y como describen los artistas, un proyecto de investigaci\u00f3n visual, que parte de una sociedad globalizada, cada vez m\u00e1s p\u00fablica y digital. La muestra pretende dar forma a esos procesos mentales que realiza el ser humano de cara a construir su identidad. Es, en realidad, una combinaci\u00f3n de procesos estandarizados y otros aleatorios, como la esencia misma de la persona. Junto a esa fabricaci\u00f3n en serie y en masa propia del capitalismo, la muestra hace hincapi\u00e9 en la necesidad de autodefinirse, de configurar la identidad humana, desde el cambio, la excepci\u00f3n y la aleatoriedad.<\/p>\n<p>Esa mezcla es, de hecho, el objeto de este proyecto, que invita a la autoobservaci\u00f3n, la comparaci\u00f3n y la recepci\u00f3n de est\u00edmulos, como parte del an\u00e1lisis y definici\u00f3n del ser, difuminando la l\u00ednea que delimita la propia identidad con el autoconcepto que se proyecta a la sociedad. Para ello, \u2018Plasta\u2019 se apoya en obras que oscilan entre lo f\u00edsico y lo digital, que exponen estas ideas en un recorrido que abarca la moda, la fotograf\u00eda y las realidades 3D, acompa\u00f1ado por m\u00fasica.<\/p>\n<p>Conscientes de los conflictos internos que se generan por los distintos imputs recibidos, Jaime Rem\u00edrez de Ganuza Garrido y Pablo Giobellina Caro ponen el foco, tambi\u00e9n, en los riesgos de la salud mental y de que las relaciones sociales sean cada vez m\u00e1s complejas, invitando, una vez m\u00e1s, a la reflexi\u00f3n. En esencia, los artistas pretenden, a trav\u00e9s de esta muestra, interpelar al visitante, anim\u00e1ndole a responder a una pregunta crucial: \u00bfCu\u00e1l de las realidades que recibimos tomamos como verdad?<\/p>\n<p>Jaime Rem\u00edrez de Ganuza Garrido, tras formarse en Dise\u00f1o de Moda, y trabajar con la fotograf\u00eda, el videoarte y la escritura durante a\u00f1os, centra su carrera en la producci\u00f3n art\u00edstica de proyectos visuales que parten de investigaciones de car\u00e1cter sociocultural y pol\u00edtico, arraigadas en un territorio. Por otro lado, Pablo Giobellina Caro, graduado en Arquitectura, se desarrolla como artista en el \u00e1mbito digital, gr\u00e1fico y 3D, centr\u00e1ndose en narrativas socioculturales a trav\u00e9s de exploraciones y representaciones arquitect\u00f3nicas y espaciales.<\/p>\n","protected":false},"excerpt":{"rendered":"<p>El Polvor\u00edn de la Ciudadela acoge, hasta el 4 de mayo esta muestra de los artistas visuales Jaime Rem\u00edrez de Ganuza Garrido y Pablo Giobellina Caro<\/p>\n","protected":false},"author":1,"featured_media":52571,"comment_status":"open","ping_status":"closed","sticky":false,"template":"","format":"standard","meta":{"footnotes":""},"categories":[2],"tags":[],"class_list":["post-52570","post","type-post","status-publish","format-standard","has-post-thumbnail","hentry","category-ayuntamiento-pamplona"],"yoast_head":"<!-- This site is optimized with the Yoast SEO plugin v27.3 - https:\/\/yoast.com\/product\/yoast-seo-wordpress\/ -->\n<title>La exposici\u00f3n \u2018Plasta\u2019 materializa de forma visual los est\u00edmulos y los procesos mentales que preceden a la toma de decisiones del ser humano<\/title>\n<meta name=\"description\" content=\"El Polvor\u00edn de la Ciudadela acoge, hasta el 4 de mayo esta muestra de los artistas visuales Jaime Rem\u00edrez de Ganuza Garrido y Pablo Giobellina Caro\" \/>\n<meta name=\"robots\" content=\"index, follow, max-snippet:-1, max-image-preview:large, max-video-preview:-1\" \/>\n<link rel=\"canonical\" href=\"https:\/\/www.laguiadepamplona.com\/actualidad\/la-exposicion-plasta-materializa-de-forma-visual-los-estimulos-y-los-procesos-mentales-que-preceden-a-la-toma-de-decisiones-del-ser-humano\/\" \/>\n<meta property=\"og:locale\" content=\"es_ES\" \/>\n<meta property=\"og:type\" content=\"article\" \/>\n<meta property=\"og:title\" content=\"La exposici\u00f3n \u2018Plasta\u2019 materializa de forma visual los est\u00edmulos y los procesos mentales que preceden a la toma de decisiones del ser humano\" \/>\n<meta property=\"og:description\" content=\"El Polvor\u00edn de la Ciudadela acoge, hasta el 4 de mayo esta muestra de los artistas visuales Jaime Rem\u00edrez de Ganuza Garrido y Pablo Giobellina Caro\" \/>\n<meta property=\"og:url\" content=\"https:\/\/www.laguiadepamplona.com\/actualidad\/la-exposicion-plasta-materializa-de-forma-visual-los-estimulos-y-los-procesos-mentales-que-preceden-a-la-toma-de-decisiones-del-ser-humano\/\" \/>\n<meta property=\"og:site_name\" content=\"La Gu\u00eda de Pamplona\" \/>\n<meta property=\"article:publisher\" content=\"https:\/\/www.facebook.com\/laguiadepamplonacom-133175176762273\/?ref=hl\" \/>\n<meta property=\"article:published_time\" content=\"2025-03-28T16:28:30+00:00\" \/>\n<meta property=\"article:modified_time\" content=\"2025-03-28T16:29:26+00:00\" \/>\n<meta property=\"og:image\" content=\"https:\/\/www.laguiadepamplona.com\/actualidad\/wp-content\/uploads\/2025\/03\/plasta.webp\" \/>\n\t<meta property=\"og:image:width\" content=\"1000\" \/>\n\t<meta property=\"og:image:height\" content=\"462\" \/>\n\t<meta property=\"og:image:type\" content=\"image\/webp\" \/>\n<meta name=\"author\" content=\"La Gu\u00eda de Pamplona\" \/>\n<meta name=\"twitter:card\" content=\"summary_large_image\" \/>\n<meta name=\"twitter:creator\" content=\"@LaGuiadPamplona\" \/>\n<meta name=\"twitter:site\" content=\"@LaGuiadPamplona\" \/>\n<meta name=\"twitter:label1\" content=\"Escrito por\" \/>\n\t<meta name=\"twitter:data1\" content=\"La Gu\u00eda de Pamplona\" \/>\n\t<meta name=\"twitter:label2\" content=\"Tiempo de lectura\" \/>\n\t<meta name=\"twitter:data2\" content=\"3 minutos\" \/>\n<script type=\"application\/ld+json\" class=\"yoast-schema-graph\">{\"@context\":\"https:\\\/\\\/schema.org\",\"@graph\":[{\"@type\":\"Article\",\"@id\":\"https:\\\/\\\/www.laguiadepamplona.com\\\/actualidad\\\/la-exposicion-plasta-materializa-de-forma-visual-los-estimulos-y-los-procesos-mentales-que-preceden-a-la-toma-de-decisiones-del-ser-humano\\\/#article\",\"isPartOf\":{\"@id\":\"https:\\\/\\\/www.laguiadepamplona.com\\\/actualidad\\\/la-exposicion-plasta-materializa-de-forma-visual-los-estimulos-y-los-procesos-mentales-que-preceden-a-la-toma-de-decisiones-del-ser-humano\\\/\"},\"author\":{\"name\":\"La Gu\u00eda de Pamplona\",\"@id\":\"https:\\\/\\\/www.laguiadepamplona.com\\\/actualidad\\\/#\\\/schema\\\/person\\\/efe887376f0213d4657c93adc50b1fdb\"},\"headline\":\"La exposici\u00f3n \u2018Plasta\u2019 materializa de forma visual los est\u00edmulos y los procesos mentales que preceden a la toma de decisiones del ser humano\",\"datePublished\":\"2025-03-28T16:28:30+00:00\",\"dateModified\":\"2025-03-28T16:29:26+00:00\",\"mainEntityOfPage\":{\"@id\":\"https:\\\/\\\/www.laguiadepamplona.com\\\/actualidad\\\/la-exposicion-plasta-materializa-de-forma-visual-los-estimulos-y-los-procesos-mentales-que-preceden-a-la-toma-de-decisiones-del-ser-humano\\\/\"},\"wordCount\":529,\"commentCount\":0,\"publisher\":{\"@id\":\"https:\\\/\\\/www.laguiadepamplona.com\\\/actualidad\\\/#organization\"},\"image\":{\"@id\":\"https:\\\/\\\/www.laguiadepamplona.com\\\/actualidad\\\/la-exposicion-plasta-materializa-de-forma-visual-los-estimulos-y-los-procesos-mentales-que-preceden-a-la-toma-de-decisiones-del-ser-humano\\\/#primaryimage\"},\"thumbnailUrl\":\"https:\\\/\\\/www.laguiadepamplona.com\\\/actualidad\\\/wp-content\\\/uploads\\\/2025\\\/03\\\/plasta.webp\",\"articleSection\":[\"Ayto Pamplona\"],\"inLanguage\":\"es\",\"potentialAction\":[{\"@type\":\"CommentAction\",\"name\":\"Comment\",\"target\":[\"https:\\\/\\\/www.laguiadepamplona.com\\\/actualidad\\\/la-exposicion-plasta-materializa-de-forma-visual-los-estimulos-y-los-procesos-mentales-que-preceden-a-la-toma-de-decisiones-del-ser-humano\\\/#respond\"]}]},{\"@type\":\"WebPage\",\"@id\":\"https:\\\/\\\/www.laguiadepamplona.com\\\/actualidad\\\/la-exposicion-plasta-materializa-de-forma-visual-los-estimulos-y-los-procesos-mentales-que-preceden-a-la-toma-de-decisiones-del-ser-humano\\\/\",\"url\":\"https:\\\/\\\/www.laguiadepamplona.com\\\/actualidad\\\/la-exposicion-plasta-materializa-de-forma-visual-los-estimulos-y-los-procesos-mentales-que-preceden-a-la-toma-de-decisiones-del-ser-humano\\\/\",\"name\":\"La exposici\u00f3n \u2018Plasta\u2019 materializa de forma visual los est\u00edmulos y los procesos mentales que preceden a la toma de decisiones del ser humano\",\"isPartOf\":{\"@id\":\"https:\\\/\\\/www.laguiadepamplona.com\\\/actualidad\\\/#website\"},\"primaryImageOfPage\":{\"@id\":\"https:\\\/\\\/www.laguiadepamplona.com\\\/actualidad\\\/la-exposicion-plasta-materializa-de-forma-visual-los-estimulos-y-los-procesos-mentales-que-preceden-a-la-toma-de-decisiones-del-ser-humano\\\/#primaryimage\"},\"image\":{\"@id\":\"https:\\\/\\\/www.laguiadepamplona.com\\\/actualidad\\\/la-exposicion-plasta-materializa-de-forma-visual-los-estimulos-y-los-procesos-mentales-que-preceden-a-la-toma-de-decisiones-del-ser-humano\\\/#primaryimage\"},\"thumbnailUrl\":\"https:\\\/\\\/www.laguiadepamplona.com\\\/actualidad\\\/wp-content\\\/uploads\\\/2025\\\/03\\\/plasta.webp\",\"datePublished\":\"2025-03-28T16:28:30+00:00\",\"dateModified\":\"2025-03-28T16:29:26+00:00\",\"description\":\"El Polvor\u00edn de la Ciudadela acoge, hasta el 4 de mayo esta muestra de los artistas visuales Jaime Rem\u00edrez de Ganuza Garrido y Pablo Giobellina Caro\",\"breadcrumb\":{\"@id\":\"https:\\\/\\\/www.laguiadepamplona.com\\\/actualidad\\\/la-exposicion-plasta-materializa-de-forma-visual-los-estimulos-y-los-procesos-mentales-que-preceden-a-la-toma-de-decisiones-del-ser-humano\\\/#breadcrumb\"},\"inLanguage\":\"es\",\"potentialAction\":[{\"@type\":\"ReadAction\",\"target\":[\"https:\\\/\\\/www.laguiadepamplona.com\\\/actualidad\\\/la-exposicion-plasta-materializa-de-forma-visual-los-estimulos-y-los-procesos-mentales-que-preceden-a-la-toma-de-decisiones-del-ser-humano\\\/\"]}]},{\"@type\":\"ImageObject\",\"inLanguage\":\"es\",\"@id\":\"https:\\\/\\\/www.laguiadepamplona.com\\\/actualidad\\\/la-exposicion-plasta-materializa-de-forma-visual-los-estimulos-y-los-procesos-mentales-que-preceden-a-la-toma-de-decisiones-del-ser-humano\\\/#primaryimage\",\"url\":\"https:\\\/\\\/www.laguiadepamplona.com\\\/actualidad\\\/wp-content\\\/uploads\\\/2025\\\/03\\\/plasta.webp\",\"contentUrl\":\"https:\\\/\\\/www.laguiadepamplona.com\\\/actualidad\\\/wp-content\\\/uploads\\\/2025\\\/03\\\/plasta.webp\",\"width\":1000,\"height\":462,\"caption\":\"plasta\"},{\"@type\":\"BreadcrumbList\",\"@id\":\"https:\\\/\\\/www.laguiadepamplona.com\\\/actualidad\\\/la-exposicion-plasta-materializa-de-forma-visual-los-estimulos-y-los-procesos-mentales-que-preceden-a-la-toma-de-decisiones-del-ser-humano\\\/#breadcrumb\",\"itemListElement\":[{\"@type\":\"ListItem\",\"position\":1,\"name\":\"Portada\",\"item\":\"https:\\\/\\\/www.laguiadepamplona.com\\\/actualidad\\\/\"},{\"@type\":\"ListItem\",\"position\":2,\"name\":\"La exposici\u00f3n \u2018Plasta\u2019 materializa de forma visual los est\u00edmulos y los procesos mentales que preceden a la toma de decisiones del ser humano\"}]},{\"@type\":\"WebSite\",\"@id\":\"https:\\\/\\\/www.laguiadepamplona.com\\\/actualidad\\\/#website\",\"url\":\"https:\\\/\\\/www.laguiadepamplona.com\\\/actualidad\\\/\",\"name\":\"La gu\u00eda de Pamplona\",\"description\":\"Noticias de Pamplona\",\"publisher\":{\"@id\":\"https:\\\/\\\/www.laguiadepamplona.com\\\/actualidad\\\/#organization\"},\"potentialAction\":[{\"@type\":\"SearchAction\",\"target\":{\"@type\":\"EntryPoint\",\"urlTemplate\":\"https:\\\/\\\/www.laguiadepamplona.com\\\/actualidad\\\/?s={search_term_string}\"},\"query-input\":{\"@type\":\"PropertyValueSpecification\",\"valueRequired\":true,\"valueName\":\"search_term_string\"}}],\"inLanguage\":\"es\"},{\"@type\":\"Organization\",\"@id\":\"https:\\\/\\\/www.laguiadepamplona.com\\\/actualidad\\\/#organization\",\"name\":\"La Gu\u00eda de Pamplona \\\/ Noticias\",\"url\":\"https:\\\/\\\/www.laguiadepamplona.com\\\/actualidad\\\/\",\"logo\":{\"@type\":\"ImageObject\",\"inLanguage\":\"es\",\"@id\":\"https:\\\/\\\/www.laguiadepamplona.com\\\/actualidad\\\/#\\\/schema\\\/logo\\\/image\\\/\",\"url\":\"https:\\\/\\\/www.laguiadepamplona.com\\\/actualidad\\\/wp-content\\\/uploads\\\/2018\\\/11\\\/logo-laguiadepamplona18-web1.png\",\"contentUrl\":\"https:\\\/\\\/www.laguiadepamplona.com\\\/actualidad\\\/wp-content\\\/uploads\\\/2018\\\/11\\\/logo-laguiadepamplona18-web1.png\",\"width\":600,\"height\":196,\"caption\":\"La Gu\u00eda de Pamplona \\\/ Noticias\"},\"image\":{\"@id\":\"https:\\\/\\\/www.laguiadepamplona.com\\\/actualidad\\\/#\\\/schema\\\/logo\\\/image\\\/\"},\"sameAs\":[\"https:\\\/\\\/www.facebook.com\\\/laguiadepamplonacom-133175176762273\\\/?ref=hl\",\"https:\\\/\\\/x.com\\\/LaGuiadPamplona\",\"https:\\\/\\\/www.instagram.com\\\/la_guia_de_pamplona\\\/\",\"https:\\\/\\\/www.youtube.com\\\/user\\\/laguiadepamplona\"]},{\"@type\":\"Person\",\"@id\":\"https:\\\/\\\/www.laguiadepamplona.com\\\/actualidad\\\/#\\\/schema\\\/person\\\/efe887376f0213d4657c93adc50b1fdb\",\"name\":\"La Gu\u00eda de Pamplona\",\"image\":{\"@type\":\"ImageObject\",\"inLanguage\":\"es\",\"@id\":\"https:\\\/\\\/secure.gravatar.com\\\/avatar\\\/b6992f131dc8d30ab0dff15446e9d346d9dbd95992de0fef795073f5ea83a81c?s=96&d=mm&r=g\",\"url\":\"https:\\\/\\\/secure.gravatar.com\\\/avatar\\\/b6992f131dc8d30ab0dff15446e9d346d9dbd95992de0fef795073f5ea83a81c?s=96&d=mm&r=g\",\"contentUrl\":\"https:\\\/\\\/secure.gravatar.com\\\/avatar\\\/b6992f131dc8d30ab0dff15446e9d346d9dbd95992de0fef795073f5ea83a81c?s=96&d=mm&r=g\",\"caption\":\"La Gu\u00eda de Pamplona\"}}]}<\/script>\n<!-- \/ Yoast SEO plugin. -->","yoast_head_json":{"title":"La exposici\u00f3n \u2018Plasta\u2019 materializa de forma visual los est\u00edmulos y los procesos mentales que preceden a la toma de decisiones del ser humano","description":"El Polvor\u00edn de la Ciudadela acoge, hasta el 4 de mayo esta muestra de los artistas visuales Jaime Rem\u00edrez de Ganuza Garrido y Pablo Giobellina Caro","robots":{"index":"index","follow":"follow","max-snippet":"max-snippet:-1","max-image-preview":"max-image-preview:large","max-video-preview":"max-video-preview:-1"},"canonical":"https:\/\/www.laguiadepamplona.com\/actualidad\/la-exposicion-plasta-materializa-de-forma-visual-los-estimulos-y-los-procesos-mentales-que-preceden-a-la-toma-de-decisiones-del-ser-humano\/","og_locale":"es_ES","og_type":"article","og_title":"La exposici\u00f3n \u2018Plasta\u2019 materializa de forma visual los est\u00edmulos y los procesos mentales que preceden a la toma de decisiones del ser humano","og_description":"El Polvor\u00edn de la Ciudadela acoge, hasta el 4 de mayo esta muestra de los artistas visuales Jaime Rem\u00edrez de Ganuza Garrido y Pablo Giobellina Caro","og_url":"https:\/\/www.laguiadepamplona.com\/actualidad\/la-exposicion-plasta-materializa-de-forma-visual-los-estimulos-y-los-procesos-mentales-que-preceden-a-la-toma-de-decisiones-del-ser-humano\/","og_site_name":"La Gu\u00eda de Pamplona","article_publisher":"https:\/\/www.facebook.com\/laguiadepamplonacom-133175176762273\/?ref=hl","article_published_time":"2025-03-28T16:28:30+00:00","article_modified_time":"2025-03-28T16:29:26+00:00","og_image":[{"width":1000,"height":462,"url":"https:\/\/www.laguiadepamplona.com\/actualidad\/wp-content\/uploads\/2025\/03\/plasta.webp","type":"image\/webp"}],"author":"La Gu\u00eda de Pamplona","twitter_card":"summary_large_image","twitter_creator":"@LaGuiadPamplona","twitter_site":"@LaGuiadPamplona","twitter_misc":{"Escrito por":"La Gu\u00eda de Pamplona","Tiempo de lectura":"3 minutos"},"schema":{"@context":"https:\/\/schema.org","@graph":[{"@type":"Article","@id":"https:\/\/www.laguiadepamplona.com\/actualidad\/la-exposicion-plasta-materializa-de-forma-visual-los-estimulos-y-los-procesos-mentales-que-preceden-a-la-toma-de-decisiones-del-ser-humano\/#article","isPartOf":{"@id":"https:\/\/www.laguiadepamplona.com\/actualidad\/la-exposicion-plasta-materializa-de-forma-visual-los-estimulos-y-los-procesos-mentales-que-preceden-a-la-toma-de-decisiones-del-ser-humano\/"},"author":{"name":"La Gu\u00eda de Pamplona","@id":"https:\/\/www.laguiadepamplona.com\/actualidad\/#\/schema\/person\/efe887376f0213d4657c93adc50b1fdb"},"headline":"La exposici\u00f3n \u2018Plasta\u2019 materializa de forma visual los est\u00edmulos y los procesos mentales que preceden a la toma de decisiones del ser humano","datePublished":"2025-03-28T16:28:30+00:00","dateModified":"2025-03-28T16:29:26+00:00","mainEntityOfPage":{"@id":"https:\/\/www.laguiadepamplona.com\/actualidad\/la-exposicion-plasta-materializa-de-forma-visual-los-estimulos-y-los-procesos-mentales-que-preceden-a-la-toma-de-decisiones-del-ser-humano\/"},"wordCount":529,"commentCount":0,"publisher":{"@id":"https:\/\/www.laguiadepamplona.com\/actualidad\/#organization"},"image":{"@id":"https:\/\/www.laguiadepamplona.com\/actualidad\/la-exposicion-plasta-materializa-de-forma-visual-los-estimulos-y-los-procesos-mentales-que-preceden-a-la-toma-de-decisiones-del-ser-humano\/#primaryimage"},"thumbnailUrl":"https:\/\/www.laguiadepamplona.com\/actualidad\/wp-content\/uploads\/2025\/03\/plasta.webp","articleSection":["Ayto Pamplona"],"inLanguage":"es","potentialAction":[{"@type":"CommentAction","name":"Comment","target":["https:\/\/www.laguiadepamplona.com\/actualidad\/la-exposicion-plasta-materializa-de-forma-visual-los-estimulos-y-los-procesos-mentales-que-preceden-a-la-toma-de-decisiones-del-ser-humano\/#respond"]}]},{"@type":"WebPage","@id":"https:\/\/www.laguiadepamplona.com\/actualidad\/la-exposicion-plasta-materializa-de-forma-visual-los-estimulos-y-los-procesos-mentales-que-preceden-a-la-toma-de-decisiones-del-ser-humano\/","url":"https:\/\/www.laguiadepamplona.com\/actualidad\/la-exposicion-plasta-materializa-de-forma-visual-los-estimulos-y-los-procesos-mentales-que-preceden-a-la-toma-de-decisiones-del-ser-humano\/","name":"La exposici\u00f3n \u2018Plasta\u2019 materializa de forma visual los est\u00edmulos y los procesos mentales que preceden a la toma de decisiones del ser humano","isPartOf":{"@id":"https:\/\/www.laguiadepamplona.com\/actualidad\/#website"},"primaryImageOfPage":{"@id":"https:\/\/www.laguiadepamplona.com\/actualidad\/la-exposicion-plasta-materializa-de-forma-visual-los-estimulos-y-los-procesos-mentales-que-preceden-a-la-toma-de-decisiones-del-ser-humano\/#primaryimage"},"image":{"@id":"https:\/\/www.laguiadepamplona.com\/actualidad\/la-exposicion-plasta-materializa-de-forma-visual-los-estimulos-y-los-procesos-mentales-que-preceden-a-la-toma-de-decisiones-del-ser-humano\/#primaryimage"},"thumbnailUrl":"https:\/\/www.laguiadepamplona.com\/actualidad\/wp-content\/uploads\/2025\/03\/plasta.webp","datePublished":"2025-03-28T16:28:30+00:00","dateModified":"2025-03-28T16:29:26+00:00","description":"El Polvor\u00edn de la Ciudadela acoge, hasta el 4 de mayo esta muestra de los artistas visuales Jaime Rem\u00edrez de Ganuza Garrido y Pablo Giobellina Caro","breadcrumb":{"@id":"https:\/\/www.laguiadepamplona.com\/actualidad\/la-exposicion-plasta-materializa-de-forma-visual-los-estimulos-y-los-procesos-mentales-que-preceden-a-la-toma-de-decisiones-del-ser-humano\/#breadcrumb"},"inLanguage":"es","potentialAction":[{"@type":"ReadAction","target":["https:\/\/www.laguiadepamplona.com\/actualidad\/la-exposicion-plasta-materializa-de-forma-visual-los-estimulos-y-los-procesos-mentales-que-preceden-a-la-toma-de-decisiones-del-ser-humano\/"]}]},{"@type":"ImageObject","inLanguage":"es","@id":"https:\/\/www.laguiadepamplona.com\/actualidad\/la-exposicion-plasta-materializa-de-forma-visual-los-estimulos-y-los-procesos-mentales-que-preceden-a-la-toma-de-decisiones-del-ser-humano\/#primaryimage","url":"https:\/\/www.laguiadepamplona.com\/actualidad\/wp-content\/uploads\/2025\/03\/plasta.webp","contentUrl":"https:\/\/www.laguiadepamplona.com\/actualidad\/wp-content\/uploads\/2025\/03\/plasta.webp","width":1000,"height":462,"caption":"plasta"},{"@type":"BreadcrumbList","@id":"https:\/\/www.laguiadepamplona.com\/actualidad\/la-exposicion-plasta-materializa-de-forma-visual-los-estimulos-y-los-procesos-mentales-que-preceden-a-la-toma-de-decisiones-del-ser-humano\/#breadcrumb","itemListElement":[{"@type":"ListItem","position":1,"name":"Portada","item":"https:\/\/www.laguiadepamplona.com\/actualidad\/"},{"@type":"ListItem","position":2,"name":"La exposici\u00f3n \u2018Plasta\u2019 materializa de forma visual los est\u00edmulos y los procesos mentales que preceden a la toma de decisiones del ser humano"}]},{"@type":"WebSite","@id":"https:\/\/www.laguiadepamplona.com\/actualidad\/#website","url":"https:\/\/www.laguiadepamplona.com\/actualidad\/","name":"La gu\u00eda de Pamplona","description":"Noticias de Pamplona","publisher":{"@id":"https:\/\/www.laguiadepamplona.com\/actualidad\/#organization"},"potentialAction":[{"@type":"SearchAction","target":{"@type":"EntryPoint","urlTemplate":"https:\/\/www.laguiadepamplona.com\/actualidad\/?s={search_term_string}"},"query-input":{"@type":"PropertyValueSpecification","valueRequired":true,"valueName":"search_term_string"}}],"inLanguage":"es"},{"@type":"Organization","@id":"https:\/\/www.laguiadepamplona.com\/actualidad\/#organization","name":"La Gu\u00eda de Pamplona \/ Noticias","url":"https:\/\/www.laguiadepamplona.com\/actualidad\/","logo":{"@type":"ImageObject","inLanguage":"es","@id":"https:\/\/www.laguiadepamplona.com\/actualidad\/#\/schema\/logo\/image\/","url":"https:\/\/www.laguiadepamplona.com\/actualidad\/wp-content\/uploads\/2018\/11\/logo-laguiadepamplona18-web1.png","contentUrl":"https:\/\/www.laguiadepamplona.com\/actualidad\/wp-content\/uploads\/2018\/11\/logo-laguiadepamplona18-web1.png","width":600,"height":196,"caption":"La Gu\u00eda de Pamplona \/ Noticias"},"image":{"@id":"https:\/\/www.laguiadepamplona.com\/actualidad\/#\/schema\/logo\/image\/"},"sameAs":["https:\/\/www.facebook.com\/laguiadepamplonacom-133175176762273\/?ref=hl","https:\/\/x.com\/LaGuiadPamplona","https:\/\/www.instagram.com\/la_guia_de_pamplona\/","https:\/\/www.youtube.com\/user\/laguiadepamplona"]},{"@type":"Person","@id":"https:\/\/www.laguiadepamplona.com\/actualidad\/#\/schema\/person\/efe887376f0213d4657c93adc50b1fdb","name":"La Gu\u00eda de Pamplona","image":{"@type":"ImageObject","inLanguage":"es","@id":"https:\/\/secure.gravatar.com\/avatar\/b6992f131dc8d30ab0dff15446e9d346d9dbd95992de0fef795073f5ea83a81c?s=96&d=mm&r=g","url":"https:\/\/secure.gravatar.com\/avatar\/b6992f131dc8d30ab0dff15446e9d346d9dbd95992de0fef795073f5ea83a81c?s=96&d=mm&r=g","contentUrl":"https:\/\/secure.gravatar.com\/avatar\/b6992f131dc8d30ab0dff15446e9d346d9dbd95992de0fef795073f5ea83a81c?s=96&d=mm&r=g","caption":"La Gu\u00eda de Pamplona"}}]}},"post_mailing_queue_ids":[],"_links":{"self":[{"href":"https:\/\/www.laguiadepamplona.com\/actualidad\/wp-json\/wp\/v2\/posts\/52570","targetHints":{"allow":["GET"]}}],"collection":[{"href":"https:\/\/www.laguiadepamplona.com\/actualidad\/wp-json\/wp\/v2\/posts"}],"about":[{"href":"https:\/\/www.laguiadepamplona.com\/actualidad\/wp-json\/wp\/v2\/types\/post"}],"author":[{"embeddable":true,"href":"https:\/\/www.laguiadepamplona.com\/actualidad\/wp-json\/wp\/v2\/users\/1"}],"replies":[{"embeddable":true,"href":"https:\/\/www.laguiadepamplona.com\/actualidad\/wp-json\/wp\/v2\/comments?post=52570"}],"version-history":[{"count":1,"href":"https:\/\/www.laguiadepamplona.com\/actualidad\/wp-json\/wp\/v2\/posts\/52570\/revisions"}],"predecessor-version":[{"id":52572,"href":"https:\/\/www.laguiadepamplona.com\/actualidad\/wp-json\/wp\/v2\/posts\/52570\/revisions\/52572"}],"wp:featuredmedia":[{"embeddable":true,"href":"https:\/\/www.laguiadepamplona.com\/actualidad\/wp-json\/wp\/v2\/media\/52571"}],"wp:attachment":[{"href":"https:\/\/www.laguiadepamplona.com\/actualidad\/wp-json\/wp\/v2\/media?parent=52570"}],"wp:term":[{"taxonomy":"category","embeddable":true,"href":"https:\/\/www.laguiadepamplona.com\/actualidad\/wp-json\/wp\/v2\/categories?post=52570"},{"taxonomy":"post_tag","embeddable":true,"href":"https:\/\/www.laguiadepamplona.com\/actualidad\/wp-json\/wp\/v2\/tags?post=52570"}],"curies":[{"name":"wp","href":"https:\/\/api.w.org\/{rel}","templated":true}]}}