{"id":52543,"date":"2025-03-27T17:52:58","date_gmt":"2025-03-27T15:52:58","guid":{"rendered":"https:\/\/www.laguiadepamplona.com\/actualidad\/?p=52543"},"modified":"2025-03-27T17:52:58","modified_gmt":"2025-03-27T15:52:58","slug":"el-ayuntamiento-de-pamplona-estudia-una-reorganizacion-del-trafico-de-los-aparcamientos-y-de-la-senalizacion-en-el-poligono-de-agustinos","status":"publish","type":"post","link":"https:\/\/www.laguiadepamplona.com\/actualidad\/el-ayuntamiento-de-pamplona-estudia-una-reorganizacion-del-trafico-de-los-aparcamientos-y-de-la-senalizacion-en-el-poligono-de-agustinos\/","title":{"rendered":"El Ayuntamiento de Pamplona estudia una reorganizaci\u00f3n del tr\u00e1fico, de los aparcamientos y de la se\u00f1alizaci\u00f3n en el pol\u00edgono de Agustinos"},"content":{"rendered":"<h2>Se quiere racionalizar el uso de espacios, generar aparcamientos para camiones y evitar malas praxis en accesos a empresas y en estacionamientos<\/h2>\n<p><!--more--><\/p>\n<p>El Ayuntamiento ha iniciado una revisi\u00f3n del tr\u00e1fico, los aparcamientos y la se\u00f1alizaci\u00f3n del pol\u00edgono de Agustinos para reorganizar y racionalizar los espacios de una zona con una alta intensidad de circulaci\u00f3n, sobre todo de camiones. Se est\u00e1 trabajando en diferentes medidas para evitar malas praxis a la hora de los accesos y salidas a las empresas o a la hora de aparcar, para generar nuevos aparcamientos exclusivos de camiones y para implementar actuaciones de calmado de tr\u00e1fico.<\/p>\n<p>La se\u00f1alizaci\u00f3n horizontal en el pol\u00edgono de Agustinos se encuentra en muchos casos borrada, en mal estado o es inexistente. Actualmente, muchos veh\u00edculos estacionan en cualquier parte de las v\u00edas, adem\u00e1s de ver aparcados camiones tanto con cabeza tractora como sin ella, a pesar de la prohibici\u00f3n de estacionamiento en la ciudad de Pamplona. Adem\u00e1s, de las 50 empresas con acceso a sus naves a trav\u00e9s de la acera, solo 18 de ellos cuentan con la correspondiente licencia y vado, mientras que 32 no tienen. Incluso 2 de las 18 empresas que tienen licencia utilizan para esos accesos y salidas otra puerta para la que no tienen autorizaci\u00f3n.<\/p>\n<p>As\u00ed la cosas, el Ayuntamiento de Pamplona va a ponerse en contacto con las empresas del pol\u00edgono de Agustinos que no disponen de vado para comunicarles las medidas que se est\u00e1n estudiando y el plazo de un mes que se va a habilitar para presentar la solicitud de vado.\u00a0 Finalizado el plazo, se consultar\u00e1 el n\u00famero de empresa que han requerido vado y se comenzar\u00e1 la planificaci\u00f3n de los trabajos. A ambos lados de los vados, se reservar\u00e1 un cebreado de tres metros como zona sin estacionamiento para el acceso de veh\u00edculos de gran envergadura a las empresas.<\/p>\n<p>Se estudia permitir el estacionamiento en un \u00fanico lado de la mayor\u00eda de las v\u00edas, que coincidir\u00e1 con el lado en el que est\u00e9n los vados o el mayor n\u00famero de vados. El lado contrario se pintar\u00eda con una l\u00ednea amarilla y se reforzar\u00e1 la se\u00f1alizaci\u00f3n vertical R-307. La calle Soto de Aizo\u00e1in, al tener plazas de aparcamiento, dejar\u00eda de tener dos carriles y pasar\u00eda a ser v\u00eda de 30 km\/h. El tramo entre la rotonda de la trasera del hipermercado Eroski y la rotonda de Makro mantendr\u00e1 los dos carriles por sentido y seguir\u00e1 siendo, en principio, de 50 km\/h. En la zona de estacionamiento en bater\u00eda junto al hipermercado Eroski, se pintar\u00e1 un cebreado cada cinco plazas y se colocar\u00e1n elementos s\u00f3lidos, como jardineras o <em>new jerseys<\/em>, que impidan el estacionamiento de camiones en ese tramo.<\/p>\n<p><strong>Nuevas zonas de aparcamiento para camiones<\/strong><\/p>\n<p>El Ayuntamiento de Pamplona estudia la implantaci\u00f3n de nuevas zonas de aparcamiento exclusivo para camiones en varias v\u00edas del pol\u00edgono. Se valoran como opciones un tramo de la recta hacia la c\u00e1rcel en el que podr\u00edan habilitar diez plazas y la calle D frente a la nave de Correos y en la trasera del hipermercado Eroski, con unos 140 metros de espacio en cada zona, para crear m\u00e1s plazas. Ese vial detr\u00e1s del hipermercado reestructurar\u00eda su secci\u00f3n para generar dos carriles de salida y uno de entrada, en lugar de los dos carriles por sentido actuales.<\/p>\n<p>Otras medidas de regulaci\u00f3n y ordenaci\u00f3n del tr\u00e1fico tratar\u00e1n de evitar el aparcamiento en cruces mediante l\u00edneas amarillas y se\u00f1ales R-307. En la doble rotonda de la calle C se prev\u00e9 generar aparcamientos a los lados, reduciendo as\u00ed el tama\u00f1o de los carriles y calmando el tr\u00e1fico. Por \u00faltimo, se modificar\u00e1 el acceso y salida a la gasolina de Eroski y a Taller Icars, que deber\u00e1n hacerse por la calle E. La gasolinera mantendr\u00e1 su acceso a lo largo de toda la acera y se habilitar\u00e1 un circuito para acceso y salida del taller vallas. Las salidas laterales al fondo de la parcela quedar\u00e1n anuladas.<\/p>\n","protected":false},"excerpt":{"rendered":"<p>Se quiere racionalizar el uso de espacios, generar aparcamientos para camiones y evitar malas praxis en accesos a empresas y en estacionamientos<\/p>\n","protected":false},"author":1,"featured_media":52544,"comment_status":"open","ping_status":"closed","sticky":false,"template":"","format":"standard","meta":{"footnotes":""},"categories":[2],"tags":[],"class_list":["post-52543","post","type-post","status-publish","format-standard","has-post-thumbnail","hentry","category-ayuntamiento-pamplona"],"yoast_head":"<!-- This site is optimized with the Yoast SEO plugin v27.3 - https:\/\/yoast.com\/product\/yoast-seo-wordpress\/ -->\n<title>El Ayuntamiento de Pamplona estudia una reorganizaci\u00f3n del tr\u00e1fico, de los aparcamientos y de la se\u00f1alizaci\u00f3n en el pol\u00edgono de Agustinos<\/title>\n<meta name=\"description\" content=\"Se quiere racionalizar el uso de espacios, generar aparcamientos para camiones y evitar malas praxis en accesos a empresas y en estacionamientos\" \/>\n<meta name=\"robots\" content=\"index, follow, max-snippet:-1, max-image-preview:large, max-video-preview:-1\" \/>\n<link rel=\"canonical\" href=\"https:\/\/www.laguiadepamplona.com\/actualidad\/el-ayuntamiento-de-pamplona-estudia-una-reorganizacion-del-trafico-de-los-aparcamientos-y-de-la-senalizacion-en-el-poligono-de-agustinos\/\" \/>\n<meta property=\"og:locale\" content=\"es_ES\" \/>\n<meta property=\"og:type\" content=\"article\" \/>\n<meta property=\"og:title\" content=\"El Ayuntamiento de Pamplona estudia una reorganizaci\u00f3n del tr\u00e1fico, de los aparcamientos y de la se\u00f1alizaci\u00f3n en el pol\u00edgono de Agustinos\" \/>\n<meta property=\"og:description\" content=\"Se quiere racionalizar el uso de espacios, generar aparcamientos para camiones y evitar malas praxis en accesos a empresas y en estacionamientos\" \/>\n<meta property=\"og:url\" content=\"https:\/\/www.laguiadepamplona.com\/actualidad\/el-ayuntamiento-de-pamplona-estudia-una-reorganizacion-del-trafico-de-los-aparcamientos-y-de-la-senalizacion-en-el-poligono-de-agustinos\/\" \/>\n<meta property=\"og:site_name\" content=\"La Gu\u00eda de Pamplona\" \/>\n<meta property=\"article:publisher\" content=\"https:\/\/www.facebook.com\/laguiadepamplonacom-133175176762273\/?ref=hl\" \/>\n<meta property=\"article:published_time\" content=\"2025-03-27T15:52:58+00:00\" \/>\n<meta property=\"og:image\" content=\"https:\/\/www.laguiadepamplona.com\/actualidad\/wp-content\/uploads\/2025\/03\/proligono-agustinos_web.webp\" \/>\n\t<meta property=\"og:image:width\" content=\"1000\" \/>\n\t<meta property=\"og:image:height\" content=\"667\" \/>\n\t<meta property=\"og:image:type\" content=\"image\/webp\" \/>\n<meta name=\"author\" content=\"La Gu\u00eda de Pamplona\" \/>\n<meta name=\"twitter:card\" content=\"summary_large_image\" \/>\n<meta name=\"twitter:creator\" content=\"@LaGuiadPamplona\" \/>\n<meta name=\"twitter:site\" content=\"@LaGuiadPamplona\" \/>\n<meta name=\"twitter:label1\" content=\"Escrito por\" \/>\n\t<meta name=\"twitter:data1\" content=\"La Gu\u00eda de Pamplona\" \/>\n\t<meta name=\"twitter:label2\" content=\"Tiempo de lectura\" \/>\n\t<meta name=\"twitter:data2\" content=\"4 minutos\" \/>\n<script type=\"application\/ld+json\" class=\"yoast-schema-graph\">{\"@context\":\"https:\\\/\\\/schema.org\",\"@graph\":[{\"@type\":\"Article\",\"@id\":\"https:\\\/\\\/www.laguiadepamplona.com\\\/actualidad\\\/el-ayuntamiento-de-pamplona-estudia-una-reorganizacion-del-trafico-de-los-aparcamientos-y-de-la-senalizacion-en-el-poligono-de-agustinos\\\/#article\",\"isPartOf\":{\"@id\":\"https:\\\/\\\/www.laguiadepamplona.com\\\/actualidad\\\/el-ayuntamiento-de-pamplona-estudia-una-reorganizacion-del-trafico-de-los-aparcamientos-y-de-la-senalizacion-en-el-poligono-de-agustinos\\\/\"},\"author\":{\"name\":\"La Gu\u00eda de Pamplona\",\"@id\":\"https:\\\/\\\/www.laguiadepamplona.com\\\/actualidad\\\/#\\\/schema\\\/person\\\/efe887376f0213d4657c93adc50b1fdb\"},\"headline\":\"El Ayuntamiento de Pamplona estudia una reorganizaci\u00f3n del tr\u00e1fico, de los aparcamientos y de la se\u00f1alizaci\u00f3n en el pol\u00edgono de Agustinos\",\"datePublished\":\"2025-03-27T15:52:58+00:00\",\"mainEntityOfPage\":{\"@id\":\"https:\\\/\\\/www.laguiadepamplona.com\\\/actualidad\\\/el-ayuntamiento-de-pamplona-estudia-una-reorganizacion-del-trafico-de-los-aparcamientos-y-de-la-senalizacion-en-el-poligono-de-agustinos\\\/\"},\"wordCount\":727,\"commentCount\":0,\"publisher\":{\"@id\":\"https:\\\/\\\/www.laguiadepamplona.com\\\/actualidad\\\/#organization\"},\"image\":{\"@id\":\"https:\\\/\\\/www.laguiadepamplona.com\\\/actualidad\\\/el-ayuntamiento-de-pamplona-estudia-una-reorganizacion-del-trafico-de-los-aparcamientos-y-de-la-senalizacion-en-el-poligono-de-agustinos\\\/#primaryimage\"},\"thumbnailUrl\":\"https:\\\/\\\/www.laguiadepamplona.com\\\/actualidad\\\/wp-content\\\/uploads\\\/2025\\\/03\\\/proligono-agustinos_web.webp\",\"articleSection\":[\"Ayto Pamplona\"],\"inLanguage\":\"es\",\"potentialAction\":[{\"@type\":\"CommentAction\",\"name\":\"Comment\",\"target\":[\"https:\\\/\\\/www.laguiadepamplona.com\\\/actualidad\\\/el-ayuntamiento-de-pamplona-estudia-una-reorganizacion-del-trafico-de-los-aparcamientos-y-de-la-senalizacion-en-el-poligono-de-agustinos\\\/#respond\"]}]},{\"@type\":\"WebPage\",\"@id\":\"https:\\\/\\\/www.laguiadepamplona.com\\\/actualidad\\\/el-ayuntamiento-de-pamplona-estudia-una-reorganizacion-del-trafico-de-los-aparcamientos-y-de-la-senalizacion-en-el-poligono-de-agustinos\\\/\",\"url\":\"https:\\\/\\\/www.laguiadepamplona.com\\\/actualidad\\\/el-ayuntamiento-de-pamplona-estudia-una-reorganizacion-del-trafico-de-los-aparcamientos-y-de-la-senalizacion-en-el-poligono-de-agustinos\\\/\",\"name\":\"El Ayuntamiento de Pamplona estudia una reorganizaci\u00f3n del tr\u00e1fico, de los aparcamientos y de la se\u00f1alizaci\u00f3n en el pol\u00edgono de Agustinos\",\"isPartOf\":{\"@id\":\"https:\\\/\\\/www.laguiadepamplona.com\\\/actualidad\\\/#website\"},\"primaryImageOfPage\":{\"@id\":\"https:\\\/\\\/www.laguiadepamplona.com\\\/actualidad\\\/el-ayuntamiento-de-pamplona-estudia-una-reorganizacion-del-trafico-de-los-aparcamientos-y-de-la-senalizacion-en-el-poligono-de-agustinos\\\/#primaryimage\"},\"image\":{\"@id\":\"https:\\\/\\\/www.laguiadepamplona.com\\\/actualidad\\\/el-ayuntamiento-de-pamplona-estudia-una-reorganizacion-del-trafico-de-los-aparcamientos-y-de-la-senalizacion-en-el-poligono-de-agustinos\\\/#primaryimage\"},\"thumbnailUrl\":\"https:\\\/\\\/www.laguiadepamplona.com\\\/actualidad\\\/wp-content\\\/uploads\\\/2025\\\/03\\\/proligono-agustinos_web.webp\",\"datePublished\":\"2025-03-27T15:52:58+00:00\",\"description\":\"Se quiere racionalizar el uso de espacios, generar aparcamientos para camiones y evitar malas praxis en accesos a empresas y en estacionamientos\",\"breadcrumb\":{\"@id\":\"https:\\\/\\\/www.laguiadepamplona.com\\\/actualidad\\\/el-ayuntamiento-de-pamplona-estudia-una-reorganizacion-del-trafico-de-los-aparcamientos-y-de-la-senalizacion-en-el-poligono-de-agustinos\\\/#breadcrumb\"},\"inLanguage\":\"es\",\"potentialAction\":[{\"@type\":\"ReadAction\",\"target\":[\"https:\\\/\\\/www.laguiadepamplona.com\\\/actualidad\\\/el-ayuntamiento-de-pamplona-estudia-una-reorganizacion-del-trafico-de-los-aparcamientos-y-de-la-senalizacion-en-el-poligono-de-agustinos\\\/\"]}]},{\"@type\":\"ImageObject\",\"inLanguage\":\"es\",\"@id\":\"https:\\\/\\\/www.laguiadepamplona.com\\\/actualidad\\\/el-ayuntamiento-de-pamplona-estudia-una-reorganizacion-del-trafico-de-los-aparcamientos-y-de-la-senalizacion-en-el-poligono-de-agustinos\\\/#primaryimage\",\"url\":\"https:\\\/\\\/www.laguiadepamplona.com\\\/actualidad\\\/wp-content\\\/uploads\\\/2025\\\/03\\\/proligono-agustinos_web.webp\",\"contentUrl\":\"https:\\\/\\\/www.laguiadepamplona.com\\\/actualidad\\\/wp-content\\\/uploads\\\/2025\\\/03\\\/proligono-agustinos_web.webp\",\"width\":1000,\"height\":667,\"caption\":\"pol\u00edgono agustinos\"},{\"@type\":\"BreadcrumbList\",\"@id\":\"https:\\\/\\\/www.laguiadepamplona.com\\\/actualidad\\\/el-ayuntamiento-de-pamplona-estudia-una-reorganizacion-del-trafico-de-los-aparcamientos-y-de-la-senalizacion-en-el-poligono-de-agustinos\\\/#breadcrumb\",\"itemListElement\":[{\"@type\":\"ListItem\",\"position\":1,\"name\":\"Portada\",\"item\":\"https:\\\/\\\/www.laguiadepamplona.com\\\/actualidad\\\/\"},{\"@type\":\"ListItem\",\"position\":2,\"name\":\"El Ayuntamiento de Pamplona estudia una reorganizaci\u00f3n del tr\u00e1fico, de los aparcamientos y de la se\u00f1alizaci\u00f3n en el pol\u00edgono de Agustinos\"}]},{\"@type\":\"WebSite\",\"@id\":\"https:\\\/\\\/www.laguiadepamplona.com\\\/actualidad\\\/#website\",\"url\":\"https:\\\/\\\/www.laguiadepamplona.com\\\/actualidad\\\/\",\"name\":\"La gu\u00eda de Pamplona\",\"description\":\"Noticias de Pamplona\",\"publisher\":{\"@id\":\"https:\\\/\\\/www.laguiadepamplona.com\\\/actualidad\\\/#organization\"},\"potentialAction\":[{\"@type\":\"SearchAction\",\"target\":{\"@type\":\"EntryPoint\",\"urlTemplate\":\"https:\\\/\\\/www.laguiadepamplona.com\\\/actualidad\\\/?s={search_term_string}\"},\"query-input\":{\"@type\":\"PropertyValueSpecification\",\"valueRequired\":true,\"valueName\":\"search_term_string\"}}],\"inLanguage\":\"es\"},{\"@type\":\"Organization\",\"@id\":\"https:\\\/\\\/www.laguiadepamplona.com\\\/actualidad\\\/#organization\",\"name\":\"La Gu\u00eda de Pamplona \\\/ Noticias\",\"url\":\"https:\\\/\\\/www.laguiadepamplona.com\\\/actualidad\\\/\",\"logo\":{\"@type\":\"ImageObject\",\"inLanguage\":\"es\",\"@id\":\"https:\\\/\\\/www.laguiadepamplona.com\\\/actualidad\\\/#\\\/schema\\\/logo\\\/image\\\/\",\"url\":\"https:\\\/\\\/www.laguiadepamplona.com\\\/actualidad\\\/wp-content\\\/uploads\\\/2018\\\/11\\\/logo-laguiadepamplona18-web1.png\",\"contentUrl\":\"https:\\\/\\\/www.laguiadepamplona.com\\\/actualidad\\\/wp-content\\\/uploads\\\/2018\\\/11\\\/logo-laguiadepamplona18-web1.png\",\"width\":600,\"height\":196,\"caption\":\"La Gu\u00eda de Pamplona \\\/ Noticias\"},\"image\":{\"@id\":\"https:\\\/\\\/www.laguiadepamplona.com\\\/actualidad\\\/#\\\/schema\\\/logo\\\/image\\\/\"},\"sameAs\":[\"https:\\\/\\\/www.facebook.com\\\/laguiadepamplonacom-133175176762273\\\/?ref=hl\",\"https:\\\/\\\/x.com\\\/LaGuiadPamplona\",\"https:\\\/\\\/www.instagram.com\\\/la_guia_de_pamplona\\\/\",\"https:\\\/\\\/www.youtube.com\\\/user\\\/laguiadepamplona\"]},{\"@type\":\"Person\",\"@id\":\"https:\\\/\\\/www.laguiadepamplona.com\\\/actualidad\\\/#\\\/schema\\\/person\\\/efe887376f0213d4657c93adc50b1fdb\",\"name\":\"La Gu\u00eda de Pamplona\",\"image\":{\"@type\":\"ImageObject\",\"inLanguage\":\"es\",\"@id\":\"https:\\\/\\\/secure.gravatar.com\\\/avatar\\\/b6992f131dc8d30ab0dff15446e9d346d9dbd95992de0fef795073f5ea83a81c?s=96&d=mm&r=g\",\"url\":\"https:\\\/\\\/secure.gravatar.com\\\/avatar\\\/b6992f131dc8d30ab0dff15446e9d346d9dbd95992de0fef795073f5ea83a81c?s=96&d=mm&r=g\",\"contentUrl\":\"https:\\\/\\\/secure.gravatar.com\\\/avatar\\\/b6992f131dc8d30ab0dff15446e9d346d9dbd95992de0fef795073f5ea83a81c?s=96&d=mm&r=g\",\"caption\":\"La Gu\u00eda de Pamplona\"}}]}<\/script>\n<!-- \/ Yoast SEO plugin. -->","yoast_head_json":{"title":"El Ayuntamiento de Pamplona estudia una reorganizaci\u00f3n del tr\u00e1fico, de los aparcamientos y de la se\u00f1alizaci\u00f3n en el pol\u00edgono de Agustinos","description":"Se quiere racionalizar el uso de espacios, generar aparcamientos para camiones y evitar malas praxis en accesos a empresas y en estacionamientos","robots":{"index":"index","follow":"follow","max-snippet":"max-snippet:-1","max-image-preview":"max-image-preview:large","max-video-preview":"max-video-preview:-1"},"canonical":"https:\/\/www.laguiadepamplona.com\/actualidad\/el-ayuntamiento-de-pamplona-estudia-una-reorganizacion-del-trafico-de-los-aparcamientos-y-de-la-senalizacion-en-el-poligono-de-agustinos\/","og_locale":"es_ES","og_type":"article","og_title":"El Ayuntamiento de Pamplona estudia una reorganizaci\u00f3n del tr\u00e1fico, de los aparcamientos y de la se\u00f1alizaci\u00f3n en el pol\u00edgono de Agustinos","og_description":"Se quiere racionalizar el uso de espacios, generar aparcamientos para camiones y evitar malas praxis en accesos a empresas y en estacionamientos","og_url":"https:\/\/www.laguiadepamplona.com\/actualidad\/el-ayuntamiento-de-pamplona-estudia-una-reorganizacion-del-trafico-de-los-aparcamientos-y-de-la-senalizacion-en-el-poligono-de-agustinos\/","og_site_name":"La Gu\u00eda de Pamplona","article_publisher":"https:\/\/www.facebook.com\/laguiadepamplonacom-133175176762273\/?ref=hl","article_published_time":"2025-03-27T15:52:58+00:00","og_image":[{"width":1000,"height":667,"url":"https:\/\/www.laguiadepamplona.com\/actualidad\/wp-content\/uploads\/2025\/03\/proligono-agustinos_web.webp","type":"image\/webp"}],"author":"La Gu\u00eda de Pamplona","twitter_card":"summary_large_image","twitter_creator":"@LaGuiadPamplona","twitter_site":"@LaGuiadPamplona","twitter_misc":{"Escrito por":"La Gu\u00eda de Pamplona","Tiempo de lectura":"4 minutos"},"schema":{"@context":"https:\/\/schema.org","@graph":[{"@type":"Article","@id":"https:\/\/www.laguiadepamplona.com\/actualidad\/el-ayuntamiento-de-pamplona-estudia-una-reorganizacion-del-trafico-de-los-aparcamientos-y-de-la-senalizacion-en-el-poligono-de-agustinos\/#article","isPartOf":{"@id":"https:\/\/www.laguiadepamplona.com\/actualidad\/el-ayuntamiento-de-pamplona-estudia-una-reorganizacion-del-trafico-de-los-aparcamientos-y-de-la-senalizacion-en-el-poligono-de-agustinos\/"},"author":{"name":"La Gu\u00eda de Pamplona","@id":"https:\/\/www.laguiadepamplona.com\/actualidad\/#\/schema\/person\/efe887376f0213d4657c93adc50b1fdb"},"headline":"El Ayuntamiento de Pamplona estudia una reorganizaci\u00f3n del tr\u00e1fico, de los aparcamientos y de la se\u00f1alizaci\u00f3n en el pol\u00edgono de Agustinos","datePublished":"2025-03-27T15:52:58+00:00","mainEntityOfPage":{"@id":"https:\/\/www.laguiadepamplona.com\/actualidad\/el-ayuntamiento-de-pamplona-estudia-una-reorganizacion-del-trafico-de-los-aparcamientos-y-de-la-senalizacion-en-el-poligono-de-agustinos\/"},"wordCount":727,"commentCount":0,"publisher":{"@id":"https:\/\/www.laguiadepamplona.com\/actualidad\/#organization"},"image":{"@id":"https:\/\/www.laguiadepamplona.com\/actualidad\/el-ayuntamiento-de-pamplona-estudia-una-reorganizacion-del-trafico-de-los-aparcamientos-y-de-la-senalizacion-en-el-poligono-de-agustinos\/#primaryimage"},"thumbnailUrl":"https:\/\/www.laguiadepamplona.com\/actualidad\/wp-content\/uploads\/2025\/03\/proligono-agustinos_web.webp","articleSection":["Ayto Pamplona"],"inLanguage":"es","potentialAction":[{"@type":"CommentAction","name":"Comment","target":["https:\/\/www.laguiadepamplona.com\/actualidad\/el-ayuntamiento-de-pamplona-estudia-una-reorganizacion-del-trafico-de-los-aparcamientos-y-de-la-senalizacion-en-el-poligono-de-agustinos\/#respond"]}]},{"@type":"WebPage","@id":"https:\/\/www.laguiadepamplona.com\/actualidad\/el-ayuntamiento-de-pamplona-estudia-una-reorganizacion-del-trafico-de-los-aparcamientos-y-de-la-senalizacion-en-el-poligono-de-agustinos\/","url":"https:\/\/www.laguiadepamplona.com\/actualidad\/el-ayuntamiento-de-pamplona-estudia-una-reorganizacion-del-trafico-de-los-aparcamientos-y-de-la-senalizacion-en-el-poligono-de-agustinos\/","name":"El Ayuntamiento de Pamplona estudia una reorganizaci\u00f3n del tr\u00e1fico, de los aparcamientos y de la se\u00f1alizaci\u00f3n en el pol\u00edgono de Agustinos","isPartOf":{"@id":"https:\/\/www.laguiadepamplona.com\/actualidad\/#website"},"primaryImageOfPage":{"@id":"https:\/\/www.laguiadepamplona.com\/actualidad\/el-ayuntamiento-de-pamplona-estudia-una-reorganizacion-del-trafico-de-los-aparcamientos-y-de-la-senalizacion-en-el-poligono-de-agustinos\/#primaryimage"},"image":{"@id":"https:\/\/www.laguiadepamplona.com\/actualidad\/el-ayuntamiento-de-pamplona-estudia-una-reorganizacion-del-trafico-de-los-aparcamientos-y-de-la-senalizacion-en-el-poligono-de-agustinos\/#primaryimage"},"thumbnailUrl":"https:\/\/www.laguiadepamplona.com\/actualidad\/wp-content\/uploads\/2025\/03\/proligono-agustinos_web.webp","datePublished":"2025-03-27T15:52:58+00:00","description":"Se quiere racionalizar el uso de espacios, generar aparcamientos para camiones y evitar malas praxis en accesos a empresas y en estacionamientos","breadcrumb":{"@id":"https:\/\/www.laguiadepamplona.com\/actualidad\/el-ayuntamiento-de-pamplona-estudia-una-reorganizacion-del-trafico-de-los-aparcamientos-y-de-la-senalizacion-en-el-poligono-de-agustinos\/#breadcrumb"},"inLanguage":"es","potentialAction":[{"@type":"ReadAction","target":["https:\/\/www.laguiadepamplona.com\/actualidad\/el-ayuntamiento-de-pamplona-estudia-una-reorganizacion-del-trafico-de-los-aparcamientos-y-de-la-senalizacion-en-el-poligono-de-agustinos\/"]}]},{"@type":"ImageObject","inLanguage":"es","@id":"https:\/\/www.laguiadepamplona.com\/actualidad\/el-ayuntamiento-de-pamplona-estudia-una-reorganizacion-del-trafico-de-los-aparcamientos-y-de-la-senalizacion-en-el-poligono-de-agustinos\/#primaryimage","url":"https:\/\/www.laguiadepamplona.com\/actualidad\/wp-content\/uploads\/2025\/03\/proligono-agustinos_web.webp","contentUrl":"https:\/\/www.laguiadepamplona.com\/actualidad\/wp-content\/uploads\/2025\/03\/proligono-agustinos_web.webp","width":1000,"height":667,"caption":"pol\u00edgono agustinos"},{"@type":"BreadcrumbList","@id":"https:\/\/www.laguiadepamplona.com\/actualidad\/el-ayuntamiento-de-pamplona-estudia-una-reorganizacion-del-trafico-de-los-aparcamientos-y-de-la-senalizacion-en-el-poligono-de-agustinos\/#breadcrumb","itemListElement":[{"@type":"ListItem","position":1,"name":"Portada","item":"https:\/\/www.laguiadepamplona.com\/actualidad\/"},{"@type":"ListItem","position":2,"name":"El Ayuntamiento de Pamplona estudia una reorganizaci\u00f3n del tr\u00e1fico, de los aparcamientos y de la se\u00f1alizaci\u00f3n en el pol\u00edgono de Agustinos"}]},{"@type":"WebSite","@id":"https:\/\/www.laguiadepamplona.com\/actualidad\/#website","url":"https:\/\/www.laguiadepamplona.com\/actualidad\/","name":"La gu\u00eda de Pamplona","description":"Noticias de Pamplona","publisher":{"@id":"https:\/\/www.laguiadepamplona.com\/actualidad\/#organization"},"potentialAction":[{"@type":"SearchAction","target":{"@type":"EntryPoint","urlTemplate":"https:\/\/www.laguiadepamplona.com\/actualidad\/?s={search_term_string}"},"query-input":{"@type":"PropertyValueSpecification","valueRequired":true,"valueName":"search_term_string"}}],"inLanguage":"es"},{"@type":"Organization","@id":"https:\/\/www.laguiadepamplona.com\/actualidad\/#organization","name":"La Gu\u00eda de Pamplona \/ Noticias","url":"https:\/\/www.laguiadepamplona.com\/actualidad\/","logo":{"@type":"ImageObject","inLanguage":"es","@id":"https:\/\/www.laguiadepamplona.com\/actualidad\/#\/schema\/logo\/image\/","url":"https:\/\/www.laguiadepamplona.com\/actualidad\/wp-content\/uploads\/2018\/11\/logo-laguiadepamplona18-web1.png","contentUrl":"https:\/\/www.laguiadepamplona.com\/actualidad\/wp-content\/uploads\/2018\/11\/logo-laguiadepamplona18-web1.png","width":600,"height":196,"caption":"La Gu\u00eda de Pamplona \/ Noticias"},"image":{"@id":"https:\/\/www.laguiadepamplona.com\/actualidad\/#\/schema\/logo\/image\/"},"sameAs":["https:\/\/www.facebook.com\/laguiadepamplonacom-133175176762273\/?ref=hl","https:\/\/x.com\/LaGuiadPamplona","https:\/\/www.instagram.com\/la_guia_de_pamplona\/","https:\/\/www.youtube.com\/user\/laguiadepamplona"]},{"@type":"Person","@id":"https:\/\/www.laguiadepamplona.com\/actualidad\/#\/schema\/person\/efe887376f0213d4657c93adc50b1fdb","name":"La Gu\u00eda de Pamplona","image":{"@type":"ImageObject","inLanguage":"es","@id":"https:\/\/secure.gravatar.com\/avatar\/b6992f131dc8d30ab0dff15446e9d346d9dbd95992de0fef795073f5ea83a81c?s=96&d=mm&r=g","url":"https:\/\/secure.gravatar.com\/avatar\/b6992f131dc8d30ab0dff15446e9d346d9dbd95992de0fef795073f5ea83a81c?s=96&d=mm&r=g","contentUrl":"https:\/\/secure.gravatar.com\/avatar\/b6992f131dc8d30ab0dff15446e9d346d9dbd95992de0fef795073f5ea83a81c?s=96&d=mm&r=g","caption":"La Gu\u00eda de Pamplona"}}]}},"post_mailing_queue_ids":[],"_links":{"self":[{"href":"https:\/\/www.laguiadepamplona.com\/actualidad\/wp-json\/wp\/v2\/posts\/52543","targetHints":{"allow":["GET"]}}],"collection":[{"href":"https:\/\/www.laguiadepamplona.com\/actualidad\/wp-json\/wp\/v2\/posts"}],"about":[{"href":"https:\/\/www.laguiadepamplona.com\/actualidad\/wp-json\/wp\/v2\/types\/post"}],"author":[{"embeddable":true,"href":"https:\/\/www.laguiadepamplona.com\/actualidad\/wp-json\/wp\/v2\/users\/1"}],"replies":[{"embeddable":true,"href":"https:\/\/www.laguiadepamplona.com\/actualidad\/wp-json\/wp\/v2\/comments?post=52543"}],"version-history":[{"count":1,"href":"https:\/\/www.laguiadepamplona.com\/actualidad\/wp-json\/wp\/v2\/posts\/52543\/revisions"}],"predecessor-version":[{"id":52545,"href":"https:\/\/www.laguiadepamplona.com\/actualidad\/wp-json\/wp\/v2\/posts\/52543\/revisions\/52545"}],"wp:featuredmedia":[{"embeddable":true,"href":"https:\/\/www.laguiadepamplona.com\/actualidad\/wp-json\/wp\/v2\/media\/52544"}],"wp:attachment":[{"href":"https:\/\/www.laguiadepamplona.com\/actualidad\/wp-json\/wp\/v2\/media?parent=52543"}],"wp:term":[{"taxonomy":"category","embeddable":true,"href":"https:\/\/www.laguiadepamplona.com\/actualidad\/wp-json\/wp\/v2\/categories?post=52543"},{"taxonomy":"post_tag","embeddable":true,"href":"https:\/\/www.laguiadepamplona.com\/actualidad\/wp-json\/wp\/v2\/tags?post=52543"}],"curies":[{"name":"wp","href":"https:\/\/api.w.org\/{rel}","templated":true}]}}