{"id":52507,"date":"2025-03-25T17:42:46","date_gmt":"2025-03-25T15:42:46","guid":{"rendered":"https:\/\/www.laguiadepamplona.com\/actualidad\/?p=52507"},"modified":"2025-03-25T17:42:46","modified_gmt":"2025-03-25T15:42:46","slug":"la-plantilla-de-trabajadoras-sociales-del-ayuntamiento-de-pamplona-aumenta-un-69-en-quince-anos-al-pasar-de-52-en-2011-a-88-en-la-actualidad","status":"publish","type":"post","link":"https:\/\/www.laguiadepamplona.com\/actualidad\/la-plantilla-de-trabajadoras-sociales-del-ayuntamiento-de-pamplona-aumenta-un-69-en-quince-anos-al-pasar-de-52-en-2011-a-88-en-la-actualidad\/","title":{"rendered":"La plantilla de trabajadoras sociales del Ayuntamiento de Pamplona aumenta un 69% en quince a\u00f1os, al pasar de 52 en 2011 a 88 en la actualidad"},"content":{"rendered":"<h2>Tambi\u00e9n se ha incrementado en un porcentaje similar el n\u00famero de t\u00e9cnicas de integraci\u00f3n social, que en este tiempo han pasado de 13 a 23<\/h2>\n<p><!--more--><\/p>\n<p>El Ayuntamiento de Pamplona ha reforzado en los \u00faltimos quince a\u00f1os la plantilla del \u00e1rea de Acci\u00f3n Social para atender a la creciente demanda en la atenci\u00f3n, al amparo de los distintos cambios normativos y la puesta en marcha de planes y estrategias de atenci\u00f3n en los servicios sociales. En este sentido, el Consistorio ha aumentado en un 69% las plazas de trabajadoras sociales y en un 76% las de t\u00e9cnicas de integraci\u00f3n social desde 2011, con el fin de atender el incremento de f unciones y tareas que se desempe\u00f1an desde los servicios sociales municipales.<\/p>\n<p>Seg\u00fan el informe elaborado por el \u00e1rea de Acci\u00f3n Social, en 2011, el Ayuntamiento ten\u00eda en plantilla 52 trabajadoras sociales y 13 t\u00e9cnicas de integraci\u00f3n social. En la actualidad, esas cifras ascienden a 88 y 23 plazas respectivamente. El incremento ha sido paulatino y en ambos perfiles. El primer impulso importante se dio en 2016, cuando se incrementaron en 11 las plazas de trabajadoras sociales y en 6 las de t\u00e9cnicas de igualdad. De esa forma, la plantilla pas\u00f3 a estar integrada por 63 trabajadoras sociales y 19 t\u00e9cnicas. Las contrataciones de este \u00faltimo perfil han sido m\u00e1s espaciadas. De hecho, hasta 2020 no se vuelve a incrementar la plantilla (con una plaza m\u00e1s), si bien en 2024 se sumaron tres nuevas t\u00e9cnicas, hasta alcanzar un total de 23 t\u00e9cnicas de integraci\u00f3n en plantilla.<\/p>\n<p>En el caso de las trabajadoras sociales, el refuerzo en la plantilla ha sido m\u00e1s constante. A las once plazas nuevas de 2016, se sumaron seis m\u00e1s en 2017 y 4 nuevas en 2018. Entre 2020 y 2021 se contrataron cuatro m\u00e1s, hasta alcanzar una plantilla total de 77 personas. El mayor esfuerzo de contrataci\u00f3n se ha realizado en 2024, con once nuevas plazas, de forma que en la actualidad suman ya 88 trabajadoras sociales.<\/p>\n<p>Con todo ello, el Consistorio busca mejorar la atenci\u00f3n de los servicios sociales municipales, ofreciendo una atenci\u00f3n m\u00e1s eficaz y personalizada. Las unidades de barrio son, de hecho, la puerta de entrada al sistema de servicios sociales del Ayuntamiento, que incluyen, entre otros, la atenci\u00f3n a menores en situaci\u00f3n de desprotecci\u00f3n y sus familias, la atenci\u00f3n integral a mujeres de Pamplona en situaci\u00f3n de vulnerabilidad, la atenci\u00f3n a personas en situaci\u00f3n de alta exclusi\u00f3n, el Servicio de Atenci\u00f3n a Personas sin Hogar, el comedor municipal On Egin y los programas de empleo social protegido y escuelas taller.<\/p>\n<p>El concejal de Acci\u00f3n Social, Txema Maule\u00f3n Echeverr\u00eda, ha presentado estos datos en la Comisi\u00f3n de Asuntos Ciudadanos, donde ha recalcado que el mayor incremento de plantilla se ha realizado en 2024, siguiendo los compromisos adquiridos sobre el impulso de pol\u00edticas sociales en el Acuerdo Program\u00e1tico de legislatura.<\/p>\n","protected":false},"excerpt":{"rendered":"<p>Tambi\u00e9n se ha incrementado en un porcentaje similar el n\u00famero de t\u00e9cnicas de integraci\u00f3n social, que en este tiempo han pasado de 13 a 23<\/p>\n","protected":false},"author":1,"featured_media":48433,"comment_status":"open","ping_status":"closed","sticky":false,"template":"","format":"standard","meta":{"footnotes":""},"categories":[2],"tags":[],"class_list":["post-52507","post","type-post","status-publish","format-standard","has-post-thumbnail","hentry","category-ayuntamiento-pamplona"],"yoast_head":"<!-- This site is optimized with the Yoast SEO plugin v27.3 - https:\/\/yoast.com\/product\/yoast-seo-wordpress\/ -->\n<title>La plantilla de trabajadoras sociales del Ayuntamiento de Pamplona aumenta un 69% en quince a\u00f1os, al pasar de 52 en 2011 a 88 en la actualidad<\/title>\n<meta name=\"description\" content=\"Tambi\u00e9n se ha incrementado en un porcentaje similar el n\u00famero de t\u00e9cnicas de integraci\u00f3n social, que en este tiempo han pasado de 13 a 23\" \/>\n<meta name=\"robots\" content=\"index, follow, max-snippet:-1, max-image-preview:large, max-video-preview:-1\" \/>\n<link rel=\"canonical\" href=\"https:\/\/www.laguiadepamplona.com\/actualidad\/la-plantilla-de-trabajadoras-sociales-del-ayuntamiento-de-pamplona-aumenta-un-69-en-quince-anos-al-pasar-de-52-en-2011-a-88-en-la-actualidad\/\" \/>\n<meta property=\"og:locale\" content=\"es_ES\" \/>\n<meta property=\"og:type\" content=\"article\" \/>\n<meta property=\"og:title\" content=\"La plantilla de trabajadoras sociales del Ayuntamiento de Pamplona aumenta un 69% en quince a\u00f1os, al pasar de 52 en 2011 a 88 en la actualidad\" \/>\n<meta property=\"og:description\" content=\"Tambi\u00e9n se ha incrementado en un porcentaje similar el n\u00famero de t\u00e9cnicas de integraci\u00f3n social, que en este tiempo han pasado de 13 a 23\" \/>\n<meta property=\"og:url\" content=\"https:\/\/www.laguiadepamplona.com\/actualidad\/la-plantilla-de-trabajadoras-sociales-del-ayuntamiento-de-pamplona-aumenta-un-69-en-quince-anos-al-pasar-de-52-en-2011-a-88-en-la-actualidad\/\" \/>\n<meta property=\"og:site_name\" content=\"La Gu\u00eda de Pamplona\" \/>\n<meta property=\"article:publisher\" content=\"https:\/\/www.facebook.com\/laguiadepamplonacom-133175176762273\/?ref=hl\" \/>\n<meta property=\"article:published_time\" content=\"2025-03-25T15:42:46+00:00\" \/>\n<meta property=\"og:image\" content=\"https:\/\/www.laguiadepamplona.com\/actualidad\/wp-content\/uploads\/2024\/01\/ayuntamiento-pamplona-plaza.webp\" \/>\n\t<meta property=\"og:image:width\" content=\"1200\" \/>\n\t<meta property=\"og:image:height\" content=\"675\" \/>\n\t<meta property=\"og:image:type\" content=\"image\/webp\" \/>\n<meta name=\"author\" content=\"La Gu\u00eda de Pamplona\" \/>\n<meta name=\"twitter:card\" content=\"summary_large_image\" \/>\n<meta name=\"twitter:creator\" content=\"@LaGuiadPamplona\" \/>\n<meta name=\"twitter:site\" content=\"@LaGuiadPamplona\" \/>\n<meta name=\"twitter:label1\" content=\"Escrito por\" \/>\n\t<meta name=\"twitter:data1\" content=\"La Gu\u00eda de Pamplona\" \/>\n\t<meta name=\"twitter:label2\" content=\"Tiempo de lectura\" \/>\n\t<meta name=\"twitter:data2\" content=\"3 minutos\" \/>\n<script type=\"application\/ld+json\" class=\"yoast-schema-graph\">{\"@context\":\"https:\\\/\\\/schema.org\",\"@graph\":[{\"@type\":\"Article\",\"@id\":\"https:\\\/\\\/www.laguiadepamplona.com\\\/actualidad\\\/la-plantilla-de-trabajadoras-sociales-del-ayuntamiento-de-pamplona-aumenta-un-69-en-quince-anos-al-pasar-de-52-en-2011-a-88-en-la-actualidad\\\/#article\",\"isPartOf\":{\"@id\":\"https:\\\/\\\/www.laguiadepamplona.com\\\/actualidad\\\/la-plantilla-de-trabajadoras-sociales-del-ayuntamiento-de-pamplona-aumenta-un-69-en-quince-anos-al-pasar-de-52-en-2011-a-88-en-la-actualidad\\\/\"},\"author\":{\"name\":\"La Gu\u00eda de Pamplona\",\"@id\":\"https:\\\/\\\/www.laguiadepamplona.com\\\/actualidad\\\/#\\\/schema\\\/person\\\/efe887376f0213d4657c93adc50b1fdb\"},\"headline\":\"La plantilla de trabajadoras sociales del Ayuntamiento de Pamplona aumenta un 69% en quince a\u00f1os, al pasar de 52 en 2011 a 88 en la actualidad\",\"datePublished\":\"2025-03-25T15:42:46+00:00\",\"mainEntityOfPage\":{\"@id\":\"https:\\\/\\\/www.laguiadepamplona.com\\\/actualidad\\\/la-plantilla-de-trabajadoras-sociales-del-ayuntamiento-de-pamplona-aumenta-un-69-en-quince-anos-al-pasar-de-52-en-2011-a-88-en-la-actualidad\\\/\"},\"wordCount\":515,\"commentCount\":0,\"publisher\":{\"@id\":\"https:\\\/\\\/www.laguiadepamplona.com\\\/actualidad\\\/#organization\"},\"image\":{\"@id\":\"https:\\\/\\\/www.laguiadepamplona.com\\\/actualidad\\\/la-plantilla-de-trabajadoras-sociales-del-ayuntamiento-de-pamplona-aumenta-un-69-en-quince-anos-al-pasar-de-52-en-2011-a-88-en-la-actualidad\\\/#primaryimage\"},\"thumbnailUrl\":\"https:\\\/\\\/www.laguiadepamplona.com\\\/actualidad\\\/wp-content\\\/uploads\\\/2024\\\/01\\\/ayuntamiento-pamplona-plaza.webp\",\"articleSection\":[\"Ayto Pamplona\"],\"inLanguage\":\"es\",\"potentialAction\":[{\"@type\":\"CommentAction\",\"name\":\"Comment\",\"target\":[\"https:\\\/\\\/www.laguiadepamplona.com\\\/actualidad\\\/la-plantilla-de-trabajadoras-sociales-del-ayuntamiento-de-pamplona-aumenta-un-69-en-quince-anos-al-pasar-de-52-en-2011-a-88-en-la-actualidad\\\/#respond\"]}]},{\"@type\":\"WebPage\",\"@id\":\"https:\\\/\\\/www.laguiadepamplona.com\\\/actualidad\\\/la-plantilla-de-trabajadoras-sociales-del-ayuntamiento-de-pamplona-aumenta-un-69-en-quince-anos-al-pasar-de-52-en-2011-a-88-en-la-actualidad\\\/\",\"url\":\"https:\\\/\\\/www.laguiadepamplona.com\\\/actualidad\\\/la-plantilla-de-trabajadoras-sociales-del-ayuntamiento-de-pamplona-aumenta-un-69-en-quince-anos-al-pasar-de-52-en-2011-a-88-en-la-actualidad\\\/\",\"name\":\"La plantilla de trabajadoras sociales del Ayuntamiento de Pamplona aumenta un 69% en quince a\u00f1os, al pasar de 52 en 2011 a 88 en la actualidad\",\"isPartOf\":{\"@id\":\"https:\\\/\\\/www.laguiadepamplona.com\\\/actualidad\\\/#website\"},\"primaryImageOfPage\":{\"@id\":\"https:\\\/\\\/www.laguiadepamplona.com\\\/actualidad\\\/la-plantilla-de-trabajadoras-sociales-del-ayuntamiento-de-pamplona-aumenta-un-69-en-quince-anos-al-pasar-de-52-en-2011-a-88-en-la-actualidad\\\/#primaryimage\"},\"image\":{\"@id\":\"https:\\\/\\\/www.laguiadepamplona.com\\\/actualidad\\\/la-plantilla-de-trabajadoras-sociales-del-ayuntamiento-de-pamplona-aumenta-un-69-en-quince-anos-al-pasar-de-52-en-2011-a-88-en-la-actualidad\\\/#primaryimage\"},\"thumbnailUrl\":\"https:\\\/\\\/www.laguiadepamplona.com\\\/actualidad\\\/wp-content\\\/uploads\\\/2024\\\/01\\\/ayuntamiento-pamplona-plaza.webp\",\"datePublished\":\"2025-03-25T15:42:46+00:00\",\"description\":\"Tambi\u00e9n se ha incrementado en un porcentaje similar el n\u00famero de t\u00e9cnicas de integraci\u00f3n social, que en este tiempo han pasado de 13 a 23\",\"breadcrumb\":{\"@id\":\"https:\\\/\\\/www.laguiadepamplona.com\\\/actualidad\\\/la-plantilla-de-trabajadoras-sociales-del-ayuntamiento-de-pamplona-aumenta-un-69-en-quince-anos-al-pasar-de-52-en-2011-a-88-en-la-actualidad\\\/#breadcrumb\"},\"inLanguage\":\"es\",\"potentialAction\":[{\"@type\":\"ReadAction\",\"target\":[\"https:\\\/\\\/www.laguiadepamplona.com\\\/actualidad\\\/la-plantilla-de-trabajadoras-sociales-del-ayuntamiento-de-pamplona-aumenta-un-69-en-quince-anos-al-pasar-de-52-en-2011-a-88-en-la-actualidad\\\/\"]}]},{\"@type\":\"ImageObject\",\"inLanguage\":\"es\",\"@id\":\"https:\\\/\\\/www.laguiadepamplona.com\\\/actualidad\\\/la-plantilla-de-trabajadoras-sociales-del-ayuntamiento-de-pamplona-aumenta-un-69-en-quince-anos-al-pasar-de-52-en-2011-a-88-en-la-actualidad\\\/#primaryimage\",\"url\":\"https:\\\/\\\/www.laguiadepamplona.com\\\/actualidad\\\/wp-content\\\/uploads\\\/2024\\\/01\\\/ayuntamiento-pamplona-plaza.webp\",\"contentUrl\":\"https:\\\/\\\/www.laguiadepamplona.com\\\/actualidad\\\/wp-content\\\/uploads\\\/2024\\\/01\\\/ayuntamiento-pamplona-plaza.webp\",\"width\":1200,\"height\":675,\"caption\":\"Ayuntamiento Pamplona\"},{\"@type\":\"BreadcrumbList\",\"@id\":\"https:\\\/\\\/www.laguiadepamplona.com\\\/actualidad\\\/la-plantilla-de-trabajadoras-sociales-del-ayuntamiento-de-pamplona-aumenta-un-69-en-quince-anos-al-pasar-de-52-en-2011-a-88-en-la-actualidad\\\/#breadcrumb\",\"itemListElement\":[{\"@type\":\"ListItem\",\"position\":1,\"name\":\"Portada\",\"item\":\"https:\\\/\\\/www.laguiadepamplona.com\\\/actualidad\\\/\"},{\"@type\":\"ListItem\",\"position\":2,\"name\":\"La plantilla de trabajadoras sociales del Ayuntamiento de Pamplona aumenta un 69% en quince a\u00f1os, al pasar de 52 en 2011 a 88 en la actualidad\"}]},{\"@type\":\"WebSite\",\"@id\":\"https:\\\/\\\/www.laguiadepamplona.com\\\/actualidad\\\/#website\",\"url\":\"https:\\\/\\\/www.laguiadepamplona.com\\\/actualidad\\\/\",\"name\":\"La gu\u00eda de Pamplona\",\"description\":\"Noticias de Pamplona\",\"publisher\":{\"@id\":\"https:\\\/\\\/www.laguiadepamplona.com\\\/actualidad\\\/#organization\"},\"potentialAction\":[{\"@type\":\"SearchAction\",\"target\":{\"@type\":\"EntryPoint\",\"urlTemplate\":\"https:\\\/\\\/www.laguiadepamplona.com\\\/actualidad\\\/?s={search_term_string}\"},\"query-input\":{\"@type\":\"PropertyValueSpecification\",\"valueRequired\":true,\"valueName\":\"search_term_string\"}}],\"inLanguage\":\"es\"},{\"@type\":\"Organization\",\"@id\":\"https:\\\/\\\/www.laguiadepamplona.com\\\/actualidad\\\/#organization\",\"name\":\"La Gu\u00eda de Pamplona \\\/ Noticias\",\"url\":\"https:\\\/\\\/www.laguiadepamplona.com\\\/actualidad\\\/\",\"logo\":{\"@type\":\"ImageObject\",\"inLanguage\":\"es\",\"@id\":\"https:\\\/\\\/www.laguiadepamplona.com\\\/actualidad\\\/#\\\/schema\\\/logo\\\/image\\\/\",\"url\":\"https:\\\/\\\/www.laguiadepamplona.com\\\/actualidad\\\/wp-content\\\/uploads\\\/2018\\\/11\\\/logo-laguiadepamplona18-web1.png\",\"contentUrl\":\"https:\\\/\\\/www.laguiadepamplona.com\\\/actualidad\\\/wp-content\\\/uploads\\\/2018\\\/11\\\/logo-laguiadepamplona18-web1.png\",\"width\":600,\"height\":196,\"caption\":\"La Gu\u00eda de Pamplona \\\/ Noticias\"},\"image\":{\"@id\":\"https:\\\/\\\/www.laguiadepamplona.com\\\/actualidad\\\/#\\\/schema\\\/logo\\\/image\\\/\"},\"sameAs\":[\"https:\\\/\\\/www.facebook.com\\\/laguiadepamplonacom-133175176762273\\\/?ref=hl\",\"https:\\\/\\\/x.com\\\/LaGuiadPamplona\",\"https:\\\/\\\/www.instagram.com\\\/la_guia_de_pamplona\\\/\",\"https:\\\/\\\/www.youtube.com\\\/user\\\/laguiadepamplona\"]},{\"@type\":\"Person\",\"@id\":\"https:\\\/\\\/www.laguiadepamplona.com\\\/actualidad\\\/#\\\/schema\\\/person\\\/efe887376f0213d4657c93adc50b1fdb\",\"name\":\"La Gu\u00eda de Pamplona\",\"image\":{\"@type\":\"ImageObject\",\"inLanguage\":\"es\",\"@id\":\"https:\\\/\\\/secure.gravatar.com\\\/avatar\\\/b6992f131dc8d30ab0dff15446e9d346d9dbd95992de0fef795073f5ea83a81c?s=96&d=mm&r=g\",\"url\":\"https:\\\/\\\/secure.gravatar.com\\\/avatar\\\/b6992f131dc8d30ab0dff15446e9d346d9dbd95992de0fef795073f5ea83a81c?s=96&d=mm&r=g\",\"contentUrl\":\"https:\\\/\\\/secure.gravatar.com\\\/avatar\\\/b6992f131dc8d30ab0dff15446e9d346d9dbd95992de0fef795073f5ea83a81c?s=96&d=mm&r=g\",\"caption\":\"La Gu\u00eda de Pamplona\"}}]}<\/script>\n<!-- \/ Yoast SEO plugin. -->","yoast_head_json":{"title":"La plantilla de trabajadoras sociales del Ayuntamiento de Pamplona aumenta un 69% en quince a\u00f1os, al pasar de 52 en 2011 a 88 en la actualidad","description":"Tambi\u00e9n se ha incrementado en un porcentaje similar el n\u00famero de t\u00e9cnicas de integraci\u00f3n social, que en este tiempo han pasado de 13 a 23","robots":{"index":"index","follow":"follow","max-snippet":"max-snippet:-1","max-image-preview":"max-image-preview:large","max-video-preview":"max-video-preview:-1"},"canonical":"https:\/\/www.laguiadepamplona.com\/actualidad\/la-plantilla-de-trabajadoras-sociales-del-ayuntamiento-de-pamplona-aumenta-un-69-en-quince-anos-al-pasar-de-52-en-2011-a-88-en-la-actualidad\/","og_locale":"es_ES","og_type":"article","og_title":"La plantilla de trabajadoras sociales del Ayuntamiento de Pamplona aumenta un 69% en quince a\u00f1os, al pasar de 52 en 2011 a 88 en la actualidad","og_description":"Tambi\u00e9n se ha incrementado en un porcentaje similar el n\u00famero de t\u00e9cnicas de integraci\u00f3n social, que en este tiempo han pasado de 13 a 23","og_url":"https:\/\/www.laguiadepamplona.com\/actualidad\/la-plantilla-de-trabajadoras-sociales-del-ayuntamiento-de-pamplona-aumenta-un-69-en-quince-anos-al-pasar-de-52-en-2011-a-88-en-la-actualidad\/","og_site_name":"La Gu\u00eda de Pamplona","article_publisher":"https:\/\/www.facebook.com\/laguiadepamplonacom-133175176762273\/?ref=hl","article_published_time":"2025-03-25T15:42:46+00:00","og_image":[{"width":1200,"height":675,"url":"https:\/\/www.laguiadepamplona.com\/actualidad\/wp-content\/uploads\/2024\/01\/ayuntamiento-pamplona-plaza.webp","type":"image\/webp"}],"author":"La Gu\u00eda de Pamplona","twitter_card":"summary_large_image","twitter_creator":"@LaGuiadPamplona","twitter_site":"@LaGuiadPamplona","twitter_misc":{"Escrito por":"La Gu\u00eda de Pamplona","Tiempo de lectura":"3 minutos"},"schema":{"@context":"https:\/\/schema.org","@graph":[{"@type":"Article","@id":"https:\/\/www.laguiadepamplona.com\/actualidad\/la-plantilla-de-trabajadoras-sociales-del-ayuntamiento-de-pamplona-aumenta-un-69-en-quince-anos-al-pasar-de-52-en-2011-a-88-en-la-actualidad\/#article","isPartOf":{"@id":"https:\/\/www.laguiadepamplona.com\/actualidad\/la-plantilla-de-trabajadoras-sociales-del-ayuntamiento-de-pamplona-aumenta-un-69-en-quince-anos-al-pasar-de-52-en-2011-a-88-en-la-actualidad\/"},"author":{"name":"La Gu\u00eda de Pamplona","@id":"https:\/\/www.laguiadepamplona.com\/actualidad\/#\/schema\/person\/efe887376f0213d4657c93adc50b1fdb"},"headline":"La plantilla de trabajadoras sociales del Ayuntamiento de Pamplona aumenta un 69% en quince a\u00f1os, al pasar de 52 en 2011 a 88 en la actualidad","datePublished":"2025-03-25T15:42:46+00:00","mainEntityOfPage":{"@id":"https:\/\/www.laguiadepamplona.com\/actualidad\/la-plantilla-de-trabajadoras-sociales-del-ayuntamiento-de-pamplona-aumenta-un-69-en-quince-anos-al-pasar-de-52-en-2011-a-88-en-la-actualidad\/"},"wordCount":515,"commentCount":0,"publisher":{"@id":"https:\/\/www.laguiadepamplona.com\/actualidad\/#organization"},"image":{"@id":"https:\/\/www.laguiadepamplona.com\/actualidad\/la-plantilla-de-trabajadoras-sociales-del-ayuntamiento-de-pamplona-aumenta-un-69-en-quince-anos-al-pasar-de-52-en-2011-a-88-en-la-actualidad\/#primaryimage"},"thumbnailUrl":"https:\/\/www.laguiadepamplona.com\/actualidad\/wp-content\/uploads\/2024\/01\/ayuntamiento-pamplona-plaza.webp","articleSection":["Ayto Pamplona"],"inLanguage":"es","potentialAction":[{"@type":"CommentAction","name":"Comment","target":["https:\/\/www.laguiadepamplona.com\/actualidad\/la-plantilla-de-trabajadoras-sociales-del-ayuntamiento-de-pamplona-aumenta-un-69-en-quince-anos-al-pasar-de-52-en-2011-a-88-en-la-actualidad\/#respond"]}]},{"@type":"WebPage","@id":"https:\/\/www.laguiadepamplona.com\/actualidad\/la-plantilla-de-trabajadoras-sociales-del-ayuntamiento-de-pamplona-aumenta-un-69-en-quince-anos-al-pasar-de-52-en-2011-a-88-en-la-actualidad\/","url":"https:\/\/www.laguiadepamplona.com\/actualidad\/la-plantilla-de-trabajadoras-sociales-del-ayuntamiento-de-pamplona-aumenta-un-69-en-quince-anos-al-pasar-de-52-en-2011-a-88-en-la-actualidad\/","name":"La plantilla de trabajadoras sociales del Ayuntamiento de Pamplona aumenta un 69% en quince a\u00f1os, al pasar de 52 en 2011 a 88 en la actualidad","isPartOf":{"@id":"https:\/\/www.laguiadepamplona.com\/actualidad\/#website"},"primaryImageOfPage":{"@id":"https:\/\/www.laguiadepamplona.com\/actualidad\/la-plantilla-de-trabajadoras-sociales-del-ayuntamiento-de-pamplona-aumenta-un-69-en-quince-anos-al-pasar-de-52-en-2011-a-88-en-la-actualidad\/#primaryimage"},"image":{"@id":"https:\/\/www.laguiadepamplona.com\/actualidad\/la-plantilla-de-trabajadoras-sociales-del-ayuntamiento-de-pamplona-aumenta-un-69-en-quince-anos-al-pasar-de-52-en-2011-a-88-en-la-actualidad\/#primaryimage"},"thumbnailUrl":"https:\/\/www.laguiadepamplona.com\/actualidad\/wp-content\/uploads\/2024\/01\/ayuntamiento-pamplona-plaza.webp","datePublished":"2025-03-25T15:42:46+00:00","description":"Tambi\u00e9n se ha incrementado en un porcentaje similar el n\u00famero de t\u00e9cnicas de integraci\u00f3n social, que en este tiempo han pasado de 13 a 23","breadcrumb":{"@id":"https:\/\/www.laguiadepamplona.com\/actualidad\/la-plantilla-de-trabajadoras-sociales-del-ayuntamiento-de-pamplona-aumenta-un-69-en-quince-anos-al-pasar-de-52-en-2011-a-88-en-la-actualidad\/#breadcrumb"},"inLanguage":"es","potentialAction":[{"@type":"ReadAction","target":["https:\/\/www.laguiadepamplona.com\/actualidad\/la-plantilla-de-trabajadoras-sociales-del-ayuntamiento-de-pamplona-aumenta-un-69-en-quince-anos-al-pasar-de-52-en-2011-a-88-en-la-actualidad\/"]}]},{"@type":"ImageObject","inLanguage":"es","@id":"https:\/\/www.laguiadepamplona.com\/actualidad\/la-plantilla-de-trabajadoras-sociales-del-ayuntamiento-de-pamplona-aumenta-un-69-en-quince-anos-al-pasar-de-52-en-2011-a-88-en-la-actualidad\/#primaryimage","url":"https:\/\/www.laguiadepamplona.com\/actualidad\/wp-content\/uploads\/2024\/01\/ayuntamiento-pamplona-plaza.webp","contentUrl":"https:\/\/www.laguiadepamplona.com\/actualidad\/wp-content\/uploads\/2024\/01\/ayuntamiento-pamplona-plaza.webp","width":1200,"height":675,"caption":"Ayuntamiento Pamplona"},{"@type":"BreadcrumbList","@id":"https:\/\/www.laguiadepamplona.com\/actualidad\/la-plantilla-de-trabajadoras-sociales-del-ayuntamiento-de-pamplona-aumenta-un-69-en-quince-anos-al-pasar-de-52-en-2011-a-88-en-la-actualidad\/#breadcrumb","itemListElement":[{"@type":"ListItem","position":1,"name":"Portada","item":"https:\/\/www.laguiadepamplona.com\/actualidad\/"},{"@type":"ListItem","position":2,"name":"La plantilla de trabajadoras sociales del Ayuntamiento de Pamplona aumenta un 69% en quince a\u00f1os, al pasar de 52 en 2011 a 88 en la actualidad"}]},{"@type":"WebSite","@id":"https:\/\/www.laguiadepamplona.com\/actualidad\/#website","url":"https:\/\/www.laguiadepamplona.com\/actualidad\/","name":"La gu\u00eda de Pamplona","description":"Noticias de Pamplona","publisher":{"@id":"https:\/\/www.laguiadepamplona.com\/actualidad\/#organization"},"potentialAction":[{"@type":"SearchAction","target":{"@type":"EntryPoint","urlTemplate":"https:\/\/www.laguiadepamplona.com\/actualidad\/?s={search_term_string}"},"query-input":{"@type":"PropertyValueSpecification","valueRequired":true,"valueName":"search_term_string"}}],"inLanguage":"es"},{"@type":"Organization","@id":"https:\/\/www.laguiadepamplona.com\/actualidad\/#organization","name":"La Gu\u00eda de Pamplona \/ Noticias","url":"https:\/\/www.laguiadepamplona.com\/actualidad\/","logo":{"@type":"ImageObject","inLanguage":"es","@id":"https:\/\/www.laguiadepamplona.com\/actualidad\/#\/schema\/logo\/image\/","url":"https:\/\/www.laguiadepamplona.com\/actualidad\/wp-content\/uploads\/2018\/11\/logo-laguiadepamplona18-web1.png","contentUrl":"https:\/\/www.laguiadepamplona.com\/actualidad\/wp-content\/uploads\/2018\/11\/logo-laguiadepamplona18-web1.png","width":600,"height":196,"caption":"La Gu\u00eda de Pamplona \/ Noticias"},"image":{"@id":"https:\/\/www.laguiadepamplona.com\/actualidad\/#\/schema\/logo\/image\/"},"sameAs":["https:\/\/www.facebook.com\/laguiadepamplonacom-133175176762273\/?ref=hl","https:\/\/x.com\/LaGuiadPamplona","https:\/\/www.instagram.com\/la_guia_de_pamplona\/","https:\/\/www.youtube.com\/user\/laguiadepamplona"]},{"@type":"Person","@id":"https:\/\/www.laguiadepamplona.com\/actualidad\/#\/schema\/person\/efe887376f0213d4657c93adc50b1fdb","name":"La Gu\u00eda de Pamplona","image":{"@type":"ImageObject","inLanguage":"es","@id":"https:\/\/secure.gravatar.com\/avatar\/b6992f131dc8d30ab0dff15446e9d346d9dbd95992de0fef795073f5ea83a81c?s=96&d=mm&r=g","url":"https:\/\/secure.gravatar.com\/avatar\/b6992f131dc8d30ab0dff15446e9d346d9dbd95992de0fef795073f5ea83a81c?s=96&d=mm&r=g","contentUrl":"https:\/\/secure.gravatar.com\/avatar\/b6992f131dc8d30ab0dff15446e9d346d9dbd95992de0fef795073f5ea83a81c?s=96&d=mm&r=g","caption":"La Gu\u00eda de Pamplona"}}]}},"post_mailing_queue_ids":[],"_links":{"self":[{"href":"https:\/\/www.laguiadepamplona.com\/actualidad\/wp-json\/wp\/v2\/posts\/52507","targetHints":{"allow":["GET"]}}],"collection":[{"href":"https:\/\/www.laguiadepamplona.com\/actualidad\/wp-json\/wp\/v2\/posts"}],"about":[{"href":"https:\/\/www.laguiadepamplona.com\/actualidad\/wp-json\/wp\/v2\/types\/post"}],"author":[{"embeddable":true,"href":"https:\/\/www.laguiadepamplona.com\/actualidad\/wp-json\/wp\/v2\/users\/1"}],"replies":[{"embeddable":true,"href":"https:\/\/www.laguiadepamplona.com\/actualidad\/wp-json\/wp\/v2\/comments?post=52507"}],"version-history":[{"count":1,"href":"https:\/\/www.laguiadepamplona.com\/actualidad\/wp-json\/wp\/v2\/posts\/52507\/revisions"}],"predecessor-version":[{"id":52508,"href":"https:\/\/www.laguiadepamplona.com\/actualidad\/wp-json\/wp\/v2\/posts\/52507\/revisions\/52508"}],"wp:featuredmedia":[{"embeddable":true,"href":"https:\/\/www.laguiadepamplona.com\/actualidad\/wp-json\/wp\/v2\/media\/48433"}],"wp:attachment":[{"href":"https:\/\/www.laguiadepamplona.com\/actualidad\/wp-json\/wp\/v2\/media?parent=52507"}],"wp:term":[{"taxonomy":"category","embeddable":true,"href":"https:\/\/www.laguiadepamplona.com\/actualidad\/wp-json\/wp\/v2\/categories?post=52507"},{"taxonomy":"post_tag","embeddable":true,"href":"https:\/\/www.laguiadepamplona.com\/actualidad\/wp-json\/wp\/v2\/tags?post=52507"}],"curies":[{"name":"wp","href":"https:\/\/api.w.org\/{rel}","templated":true}]}}