{"id":52504,"date":"2025-03-25T15:06:53","date_gmt":"2025-03-25T13:06:53","guid":{"rendered":"https:\/\/www.laguiadepamplona.com\/actualidad\/?p=52504"},"modified":"2025-03-25T15:06:53","modified_gmt":"2025-03-25T13:06:53","slug":"el-alcalde-de-pamplona-se-reune-con-su-homologa-de-baranain-para-tratar-temas-como-el-psis-de-etxabakoitz","status":"publish","type":"post","link":"https:\/\/www.laguiadepamplona.com\/actualidad\/el-alcalde-de-pamplona-se-reune-con-su-homologa-de-baranain-para-tratar-temas-como-el-psis-de-etxabakoitz\/","title":{"rendered":"El alcalde de Pamplona se re\u00fane con su hom\u00f3loga de Bara\u00f1\u00e1in para tratar temas como el PSIS de Etxabakoitz"},"content":{"rendered":"<h2>Joseba Asiron Saez y Mar\u00eda Lecumberri Bonilla han compartido sus l\u00edneas estrat\u00e9gicas para coordinar futuras actuaciones<\/h2>\n<p><!--more--><\/p>\n<p>El alcalde de Pamplona, Joseba Asiron Saez, se ha reunido esta ma\u00f1ana con la alcaldesa de Bara\u00f1\u00e1in, Mar\u00eda Lecumberri Bonilla, en una reuni\u00f3n protocolaria dentro de la ronda de contactos que el primer edil mantiene con sus hom\u00f3logos de localidades de la comarca. En el encuentro tambi\u00e9n han participado el concejal de Gobierno Estrat\u00e9gico, Urbanismo, Vivienda y Agenda 2030, Joxe Abaurrea San Juan, y la concejala de Urbanismo de Bara\u00f1\u00e1in, F\u00e1tima Sesma Vall\u00e9s.<\/p>\n<p>En la reuni\u00f3n se han abordado temas de inter\u00e9s para los dos municipios, como la definici\u00f3n de los l\u00edmites territoriales, la valoraci\u00f3n del PSIS de Etxabakoitz y los desarrollos para el paraje de Elizpea, en el l\u00edmite de los dos t\u00e9rminos municipales, donde estaba previsto un nuevo parque urbano en el entorno del molino de Ilund\u00e1in y una nueva rotonda en la calle Miluze, adem\u00e1s de un desarrollo residencial.<\/p>\n<p>Las dos entidades han compartido las distintas l\u00edneas de actuaci\u00f3n de sus respectivos consistorios para poder coordinar actuaciones a medio plazo.<\/p>\n","protected":false},"excerpt":{"rendered":"<p>Joseba Asiron Saez y Mar\u00eda Lecumberri Bonilla han compartido sus l\u00edneas estrat\u00e9gicas para coordinar futuras actuaciones<\/p>\n","protected":false},"author":1,"featured_media":52505,"comment_status":"open","ping_status":"closed","sticky":false,"template":"","format":"standard","meta":{"footnotes":""},"categories":[2],"tags":[],"class_list":["post-52504","post","type-post","status-publish","format-standard","has-post-thumbnail","hentry","category-ayuntamiento-pamplona"],"yoast_head":"<!-- This site is optimized with the Yoast SEO plugin v27.3 - https:\/\/yoast.com\/product\/yoast-seo-wordpress\/ -->\n<title>El alcalde de Pamplona se re\u00fane con su hom\u00f3loga de Bara\u00f1\u00e1in para tratar temas como el PSIS de Etxabakoitz<\/title>\n<meta name=\"description\" content=\"Joseba Asiron Saez y Mar\u00eda Lecumberri Bonilla han compartido sus l\u00edneas estrat\u00e9gicas para coordinar futuras actuaciones\" \/>\n<meta name=\"robots\" content=\"index, follow, max-snippet:-1, max-image-preview:large, max-video-preview:-1\" \/>\n<link rel=\"canonical\" href=\"https:\/\/www.laguiadepamplona.com\/actualidad\/el-alcalde-de-pamplona-se-reune-con-su-homologa-de-baranain-para-tratar-temas-como-el-psis-de-etxabakoitz\/\" \/>\n<meta property=\"og:locale\" content=\"es_ES\" \/>\n<meta property=\"og:type\" content=\"article\" \/>\n<meta property=\"og:title\" content=\"El alcalde de Pamplona se re\u00fane con su hom\u00f3loga de Bara\u00f1\u00e1in para tratar temas como el PSIS de Etxabakoitz\" \/>\n<meta property=\"og:description\" content=\"Joseba Asiron Saez y Mar\u00eda Lecumberri Bonilla han compartido sus l\u00edneas estrat\u00e9gicas para coordinar futuras actuaciones\" \/>\n<meta property=\"og:url\" content=\"https:\/\/www.laguiadepamplona.com\/actualidad\/el-alcalde-de-pamplona-se-reune-con-su-homologa-de-baranain-para-tratar-temas-como-el-psis-de-etxabakoitz\/\" \/>\n<meta property=\"og:site_name\" content=\"La Gu\u00eda de Pamplona\" \/>\n<meta property=\"article:publisher\" content=\"https:\/\/www.facebook.com\/laguiadepamplonacom-133175176762273\/?ref=hl\" \/>\n<meta property=\"article:published_time\" content=\"2025-03-25T13:06:53+00:00\" \/>\n<meta property=\"og:image\" content=\"https:\/\/www.laguiadepamplona.com\/actualidad\/wp-content\/uploads\/2025\/03\/reunionalcaldesabaranain1_0.webp\" \/>\n\t<meta property=\"og:image:width\" content=\"1000\" \/>\n\t<meta property=\"og:image:height\" content=\"667\" \/>\n\t<meta property=\"og:image:type\" content=\"image\/webp\" \/>\n<meta name=\"author\" content=\"La Gu\u00eda de Pamplona\" \/>\n<meta name=\"twitter:card\" content=\"summary_large_image\" \/>\n<meta name=\"twitter:creator\" content=\"@LaGuiadPamplona\" \/>\n<meta name=\"twitter:site\" content=\"@LaGuiadPamplona\" \/>\n<meta name=\"twitter:label1\" content=\"Escrito por\" \/>\n\t<meta name=\"twitter:data1\" content=\"La Gu\u00eda de Pamplona\" \/>\n\t<meta name=\"twitter:label2\" content=\"Tiempo de lectura\" \/>\n\t<meta name=\"twitter:data2\" content=\"1 minuto\" \/>\n<script type=\"application\/ld+json\" class=\"yoast-schema-graph\">{\"@context\":\"https:\\\/\\\/schema.org\",\"@graph\":[{\"@type\":\"Article\",\"@id\":\"https:\\\/\\\/www.laguiadepamplona.com\\\/actualidad\\\/el-alcalde-de-pamplona-se-reune-con-su-homologa-de-baranain-para-tratar-temas-como-el-psis-de-etxabakoitz\\\/#article\",\"isPartOf\":{\"@id\":\"https:\\\/\\\/www.laguiadepamplona.com\\\/actualidad\\\/el-alcalde-de-pamplona-se-reune-con-su-homologa-de-baranain-para-tratar-temas-como-el-psis-de-etxabakoitz\\\/\"},\"author\":{\"name\":\"La Gu\u00eda de Pamplona\",\"@id\":\"https:\\\/\\\/www.laguiadepamplona.com\\\/actualidad\\\/#\\\/schema\\\/person\\\/efe887376f0213d4657c93adc50b1fdb\"},\"headline\":\"El alcalde de Pamplona se re\u00fane con su hom\u00f3loga de Bara\u00f1\u00e1in para tratar temas como el PSIS de Etxabakoitz\",\"datePublished\":\"2025-03-25T13:06:53+00:00\",\"mainEntityOfPage\":{\"@id\":\"https:\\\/\\\/www.laguiadepamplona.com\\\/actualidad\\\/el-alcalde-de-pamplona-se-reune-con-su-homologa-de-baranain-para-tratar-temas-como-el-psis-de-etxabakoitz\\\/\"},\"wordCount\":224,\"commentCount\":0,\"publisher\":{\"@id\":\"https:\\\/\\\/www.laguiadepamplona.com\\\/actualidad\\\/#organization\"},\"image\":{\"@id\":\"https:\\\/\\\/www.laguiadepamplona.com\\\/actualidad\\\/el-alcalde-de-pamplona-se-reune-con-su-homologa-de-baranain-para-tratar-temas-como-el-psis-de-etxabakoitz\\\/#primaryimage\"},\"thumbnailUrl\":\"https:\\\/\\\/www.laguiadepamplona.com\\\/actualidad\\\/wp-content\\\/uploads\\\/2025\\\/03\\\/reunionalcaldesabaranain1_0.webp\",\"articleSection\":[\"Ayto Pamplona\"],\"inLanguage\":\"es\",\"potentialAction\":[{\"@type\":\"CommentAction\",\"name\":\"Comment\",\"target\":[\"https:\\\/\\\/www.laguiadepamplona.com\\\/actualidad\\\/el-alcalde-de-pamplona-se-reune-con-su-homologa-de-baranain-para-tratar-temas-como-el-psis-de-etxabakoitz\\\/#respond\"]}]},{\"@type\":\"WebPage\",\"@id\":\"https:\\\/\\\/www.laguiadepamplona.com\\\/actualidad\\\/el-alcalde-de-pamplona-se-reune-con-su-homologa-de-baranain-para-tratar-temas-como-el-psis-de-etxabakoitz\\\/\",\"url\":\"https:\\\/\\\/www.laguiadepamplona.com\\\/actualidad\\\/el-alcalde-de-pamplona-se-reune-con-su-homologa-de-baranain-para-tratar-temas-como-el-psis-de-etxabakoitz\\\/\",\"name\":\"El alcalde de Pamplona se re\u00fane con su hom\u00f3loga de Bara\u00f1\u00e1in para tratar temas como el PSIS de Etxabakoitz\",\"isPartOf\":{\"@id\":\"https:\\\/\\\/www.laguiadepamplona.com\\\/actualidad\\\/#website\"},\"primaryImageOfPage\":{\"@id\":\"https:\\\/\\\/www.laguiadepamplona.com\\\/actualidad\\\/el-alcalde-de-pamplona-se-reune-con-su-homologa-de-baranain-para-tratar-temas-como-el-psis-de-etxabakoitz\\\/#primaryimage\"},\"image\":{\"@id\":\"https:\\\/\\\/www.laguiadepamplona.com\\\/actualidad\\\/el-alcalde-de-pamplona-se-reune-con-su-homologa-de-baranain-para-tratar-temas-como-el-psis-de-etxabakoitz\\\/#primaryimage\"},\"thumbnailUrl\":\"https:\\\/\\\/www.laguiadepamplona.com\\\/actualidad\\\/wp-content\\\/uploads\\\/2025\\\/03\\\/reunionalcaldesabaranain1_0.webp\",\"datePublished\":\"2025-03-25T13:06:53+00:00\",\"description\":\"Joseba Asiron Saez y Mar\u00eda Lecumberri Bonilla han compartido sus l\u00edneas estrat\u00e9gicas para coordinar futuras actuaciones\",\"breadcrumb\":{\"@id\":\"https:\\\/\\\/www.laguiadepamplona.com\\\/actualidad\\\/el-alcalde-de-pamplona-se-reune-con-su-homologa-de-baranain-para-tratar-temas-como-el-psis-de-etxabakoitz\\\/#breadcrumb\"},\"inLanguage\":\"es\",\"potentialAction\":[{\"@type\":\"ReadAction\",\"target\":[\"https:\\\/\\\/www.laguiadepamplona.com\\\/actualidad\\\/el-alcalde-de-pamplona-se-reune-con-su-homologa-de-baranain-para-tratar-temas-como-el-psis-de-etxabakoitz\\\/\"]}]},{\"@type\":\"ImageObject\",\"inLanguage\":\"es\",\"@id\":\"https:\\\/\\\/www.laguiadepamplona.com\\\/actualidad\\\/el-alcalde-de-pamplona-se-reune-con-su-homologa-de-baranain-para-tratar-temas-como-el-psis-de-etxabakoitz\\\/#primaryimage\",\"url\":\"https:\\\/\\\/www.laguiadepamplona.com\\\/actualidad\\\/wp-content\\\/uploads\\\/2025\\\/03\\\/reunionalcaldesabaranain1_0.webp\",\"contentUrl\":\"https:\\\/\\\/www.laguiadepamplona.com\\\/actualidad\\\/wp-content\\\/uploads\\\/2025\\\/03\\\/reunionalcaldesabaranain1_0.webp\",\"width\":1000,\"height\":667,\"caption\":\"reuni\u00f3n alcaldesa bara\u00f1ain\"},{\"@type\":\"BreadcrumbList\",\"@id\":\"https:\\\/\\\/www.laguiadepamplona.com\\\/actualidad\\\/el-alcalde-de-pamplona-se-reune-con-su-homologa-de-baranain-para-tratar-temas-como-el-psis-de-etxabakoitz\\\/#breadcrumb\",\"itemListElement\":[{\"@type\":\"ListItem\",\"position\":1,\"name\":\"Portada\",\"item\":\"https:\\\/\\\/www.laguiadepamplona.com\\\/actualidad\\\/\"},{\"@type\":\"ListItem\",\"position\":2,\"name\":\"El alcalde de Pamplona se re\u00fane con su hom\u00f3loga de Bara\u00f1\u00e1in para tratar temas como el PSIS de Etxabakoitz\"}]},{\"@type\":\"WebSite\",\"@id\":\"https:\\\/\\\/www.laguiadepamplona.com\\\/actualidad\\\/#website\",\"url\":\"https:\\\/\\\/www.laguiadepamplona.com\\\/actualidad\\\/\",\"name\":\"La gu\u00eda de Pamplona\",\"description\":\"Noticias de Pamplona\",\"publisher\":{\"@id\":\"https:\\\/\\\/www.laguiadepamplona.com\\\/actualidad\\\/#organization\"},\"potentialAction\":[{\"@type\":\"SearchAction\",\"target\":{\"@type\":\"EntryPoint\",\"urlTemplate\":\"https:\\\/\\\/www.laguiadepamplona.com\\\/actualidad\\\/?s={search_term_string}\"},\"query-input\":{\"@type\":\"PropertyValueSpecification\",\"valueRequired\":true,\"valueName\":\"search_term_string\"}}],\"inLanguage\":\"es\"},{\"@type\":\"Organization\",\"@id\":\"https:\\\/\\\/www.laguiadepamplona.com\\\/actualidad\\\/#organization\",\"name\":\"La Gu\u00eda de Pamplona \\\/ Noticias\",\"url\":\"https:\\\/\\\/www.laguiadepamplona.com\\\/actualidad\\\/\",\"logo\":{\"@type\":\"ImageObject\",\"inLanguage\":\"es\",\"@id\":\"https:\\\/\\\/www.laguiadepamplona.com\\\/actualidad\\\/#\\\/schema\\\/logo\\\/image\\\/\",\"url\":\"https:\\\/\\\/www.laguiadepamplona.com\\\/actualidad\\\/wp-content\\\/uploads\\\/2018\\\/11\\\/logo-laguiadepamplona18-web1.png\",\"contentUrl\":\"https:\\\/\\\/www.laguiadepamplona.com\\\/actualidad\\\/wp-content\\\/uploads\\\/2018\\\/11\\\/logo-laguiadepamplona18-web1.png\",\"width\":600,\"height\":196,\"caption\":\"La Gu\u00eda de Pamplona \\\/ Noticias\"},\"image\":{\"@id\":\"https:\\\/\\\/www.laguiadepamplona.com\\\/actualidad\\\/#\\\/schema\\\/logo\\\/image\\\/\"},\"sameAs\":[\"https:\\\/\\\/www.facebook.com\\\/laguiadepamplonacom-133175176762273\\\/?ref=hl\",\"https:\\\/\\\/x.com\\\/LaGuiadPamplona\",\"https:\\\/\\\/www.instagram.com\\\/la_guia_de_pamplona\\\/\",\"https:\\\/\\\/www.youtube.com\\\/user\\\/laguiadepamplona\"]},{\"@type\":\"Person\",\"@id\":\"https:\\\/\\\/www.laguiadepamplona.com\\\/actualidad\\\/#\\\/schema\\\/person\\\/efe887376f0213d4657c93adc50b1fdb\",\"name\":\"La Gu\u00eda de Pamplona\",\"image\":{\"@type\":\"ImageObject\",\"inLanguage\":\"es\",\"@id\":\"https:\\\/\\\/secure.gravatar.com\\\/avatar\\\/b6992f131dc8d30ab0dff15446e9d346d9dbd95992de0fef795073f5ea83a81c?s=96&d=mm&r=g\",\"url\":\"https:\\\/\\\/secure.gravatar.com\\\/avatar\\\/b6992f131dc8d30ab0dff15446e9d346d9dbd95992de0fef795073f5ea83a81c?s=96&d=mm&r=g\",\"contentUrl\":\"https:\\\/\\\/secure.gravatar.com\\\/avatar\\\/b6992f131dc8d30ab0dff15446e9d346d9dbd95992de0fef795073f5ea83a81c?s=96&d=mm&r=g\",\"caption\":\"La Gu\u00eda de Pamplona\"}}]}<\/script>\n<!-- \/ Yoast SEO plugin. -->","yoast_head_json":{"title":"El alcalde de Pamplona se re\u00fane con su hom\u00f3loga de Bara\u00f1\u00e1in para tratar temas como el PSIS de Etxabakoitz","description":"Joseba Asiron Saez y Mar\u00eda Lecumberri Bonilla han compartido sus l\u00edneas estrat\u00e9gicas para coordinar futuras actuaciones","robots":{"index":"index","follow":"follow","max-snippet":"max-snippet:-1","max-image-preview":"max-image-preview:large","max-video-preview":"max-video-preview:-1"},"canonical":"https:\/\/www.laguiadepamplona.com\/actualidad\/el-alcalde-de-pamplona-se-reune-con-su-homologa-de-baranain-para-tratar-temas-como-el-psis-de-etxabakoitz\/","og_locale":"es_ES","og_type":"article","og_title":"El alcalde de Pamplona se re\u00fane con su hom\u00f3loga de Bara\u00f1\u00e1in para tratar temas como el PSIS de Etxabakoitz","og_description":"Joseba Asiron Saez y Mar\u00eda Lecumberri Bonilla han compartido sus l\u00edneas estrat\u00e9gicas para coordinar futuras actuaciones","og_url":"https:\/\/www.laguiadepamplona.com\/actualidad\/el-alcalde-de-pamplona-se-reune-con-su-homologa-de-baranain-para-tratar-temas-como-el-psis-de-etxabakoitz\/","og_site_name":"La Gu\u00eda de Pamplona","article_publisher":"https:\/\/www.facebook.com\/laguiadepamplonacom-133175176762273\/?ref=hl","article_published_time":"2025-03-25T13:06:53+00:00","og_image":[{"width":1000,"height":667,"url":"https:\/\/www.laguiadepamplona.com\/actualidad\/wp-content\/uploads\/2025\/03\/reunionalcaldesabaranain1_0.webp","type":"image\/webp"}],"author":"La Gu\u00eda de Pamplona","twitter_card":"summary_large_image","twitter_creator":"@LaGuiadPamplona","twitter_site":"@LaGuiadPamplona","twitter_misc":{"Escrito por":"La Gu\u00eda de Pamplona","Tiempo de lectura":"1 minuto"},"schema":{"@context":"https:\/\/schema.org","@graph":[{"@type":"Article","@id":"https:\/\/www.laguiadepamplona.com\/actualidad\/el-alcalde-de-pamplona-se-reune-con-su-homologa-de-baranain-para-tratar-temas-como-el-psis-de-etxabakoitz\/#article","isPartOf":{"@id":"https:\/\/www.laguiadepamplona.com\/actualidad\/el-alcalde-de-pamplona-se-reune-con-su-homologa-de-baranain-para-tratar-temas-como-el-psis-de-etxabakoitz\/"},"author":{"name":"La Gu\u00eda de Pamplona","@id":"https:\/\/www.laguiadepamplona.com\/actualidad\/#\/schema\/person\/efe887376f0213d4657c93adc50b1fdb"},"headline":"El alcalde de Pamplona se re\u00fane con su hom\u00f3loga de Bara\u00f1\u00e1in para tratar temas como el PSIS de Etxabakoitz","datePublished":"2025-03-25T13:06:53+00:00","mainEntityOfPage":{"@id":"https:\/\/www.laguiadepamplona.com\/actualidad\/el-alcalde-de-pamplona-se-reune-con-su-homologa-de-baranain-para-tratar-temas-como-el-psis-de-etxabakoitz\/"},"wordCount":224,"commentCount":0,"publisher":{"@id":"https:\/\/www.laguiadepamplona.com\/actualidad\/#organization"},"image":{"@id":"https:\/\/www.laguiadepamplona.com\/actualidad\/el-alcalde-de-pamplona-se-reune-con-su-homologa-de-baranain-para-tratar-temas-como-el-psis-de-etxabakoitz\/#primaryimage"},"thumbnailUrl":"https:\/\/www.laguiadepamplona.com\/actualidad\/wp-content\/uploads\/2025\/03\/reunionalcaldesabaranain1_0.webp","articleSection":["Ayto Pamplona"],"inLanguage":"es","potentialAction":[{"@type":"CommentAction","name":"Comment","target":["https:\/\/www.laguiadepamplona.com\/actualidad\/el-alcalde-de-pamplona-se-reune-con-su-homologa-de-baranain-para-tratar-temas-como-el-psis-de-etxabakoitz\/#respond"]}]},{"@type":"WebPage","@id":"https:\/\/www.laguiadepamplona.com\/actualidad\/el-alcalde-de-pamplona-se-reune-con-su-homologa-de-baranain-para-tratar-temas-como-el-psis-de-etxabakoitz\/","url":"https:\/\/www.laguiadepamplona.com\/actualidad\/el-alcalde-de-pamplona-se-reune-con-su-homologa-de-baranain-para-tratar-temas-como-el-psis-de-etxabakoitz\/","name":"El alcalde de Pamplona se re\u00fane con su hom\u00f3loga de Bara\u00f1\u00e1in para tratar temas como el PSIS de Etxabakoitz","isPartOf":{"@id":"https:\/\/www.laguiadepamplona.com\/actualidad\/#website"},"primaryImageOfPage":{"@id":"https:\/\/www.laguiadepamplona.com\/actualidad\/el-alcalde-de-pamplona-se-reune-con-su-homologa-de-baranain-para-tratar-temas-como-el-psis-de-etxabakoitz\/#primaryimage"},"image":{"@id":"https:\/\/www.laguiadepamplona.com\/actualidad\/el-alcalde-de-pamplona-se-reune-con-su-homologa-de-baranain-para-tratar-temas-como-el-psis-de-etxabakoitz\/#primaryimage"},"thumbnailUrl":"https:\/\/www.laguiadepamplona.com\/actualidad\/wp-content\/uploads\/2025\/03\/reunionalcaldesabaranain1_0.webp","datePublished":"2025-03-25T13:06:53+00:00","description":"Joseba Asiron Saez y Mar\u00eda Lecumberri Bonilla han compartido sus l\u00edneas estrat\u00e9gicas para coordinar futuras actuaciones","breadcrumb":{"@id":"https:\/\/www.laguiadepamplona.com\/actualidad\/el-alcalde-de-pamplona-se-reune-con-su-homologa-de-baranain-para-tratar-temas-como-el-psis-de-etxabakoitz\/#breadcrumb"},"inLanguage":"es","potentialAction":[{"@type":"ReadAction","target":["https:\/\/www.laguiadepamplona.com\/actualidad\/el-alcalde-de-pamplona-se-reune-con-su-homologa-de-baranain-para-tratar-temas-como-el-psis-de-etxabakoitz\/"]}]},{"@type":"ImageObject","inLanguage":"es","@id":"https:\/\/www.laguiadepamplona.com\/actualidad\/el-alcalde-de-pamplona-se-reune-con-su-homologa-de-baranain-para-tratar-temas-como-el-psis-de-etxabakoitz\/#primaryimage","url":"https:\/\/www.laguiadepamplona.com\/actualidad\/wp-content\/uploads\/2025\/03\/reunionalcaldesabaranain1_0.webp","contentUrl":"https:\/\/www.laguiadepamplona.com\/actualidad\/wp-content\/uploads\/2025\/03\/reunionalcaldesabaranain1_0.webp","width":1000,"height":667,"caption":"reuni\u00f3n alcaldesa bara\u00f1ain"},{"@type":"BreadcrumbList","@id":"https:\/\/www.laguiadepamplona.com\/actualidad\/el-alcalde-de-pamplona-se-reune-con-su-homologa-de-baranain-para-tratar-temas-como-el-psis-de-etxabakoitz\/#breadcrumb","itemListElement":[{"@type":"ListItem","position":1,"name":"Portada","item":"https:\/\/www.laguiadepamplona.com\/actualidad\/"},{"@type":"ListItem","position":2,"name":"El alcalde de Pamplona se re\u00fane con su hom\u00f3loga de Bara\u00f1\u00e1in para tratar temas como el PSIS de Etxabakoitz"}]},{"@type":"WebSite","@id":"https:\/\/www.laguiadepamplona.com\/actualidad\/#website","url":"https:\/\/www.laguiadepamplona.com\/actualidad\/","name":"La gu\u00eda de Pamplona","description":"Noticias de Pamplona","publisher":{"@id":"https:\/\/www.laguiadepamplona.com\/actualidad\/#organization"},"potentialAction":[{"@type":"SearchAction","target":{"@type":"EntryPoint","urlTemplate":"https:\/\/www.laguiadepamplona.com\/actualidad\/?s={search_term_string}"},"query-input":{"@type":"PropertyValueSpecification","valueRequired":true,"valueName":"search_term_string"}}],"inLanguage":"es"},{"@type":"Organization","@id":"https:\/\/www.laguiadepamplona.com\/actualidad\/#organization","name":"La Gu\u00eda de Pamplona \/ Noticias","url":"https:\/\/www.laguiadepamplona.com\/actualidad\/","logo":{"@type":"ImageObject","inLanguage":"es","@id":"https:\/\/www.laguiadepamplona.com\/actualidad\/#\/schema\/logo\/image\/","url":"https:\/\/www.laguiadepamplona.com\/actualidad\/wp-content\/uploads\/2018\/11\/logo-laguiadepamplona18-web1.png","contentUrl":"https:\/\/www.laguiadepamplona.com\/actualidad\/wp-content\/uploads\/2018\/11\/logo-laguiadepamplona18-web1.png","width":600,"height":196,"caption":"La Gu\u00eda de Pamplona \/ Noticias"},"image":{"@id":"https:\/\/www.laguiadepamplona.com\/actualidad\/#\/schema\/logo\/image\/"},"sameAs":["https:\/\/www.facebook.com\/laguiadepamplonacom-133175176762273\/?ref=hl","https:\/\/x.com\/LaGuiadPamplona","https:\/\/www.instagram.com\/la_guia_de_pamplona\/","https:\/\/www.youtube.com\/user\/laguiadepamplona"]},{"@type":"Person","@id":"https:\/\/www.laguiadepamplona.com\/actualidad\/#\/schema\/person\/efe887376f0213d4657c93adc50b1fdb","name":"La Gu\u00eda de Pamplona","image":{"@type":"ImageObject","inLanguage":"es","@id":"https:\/\/secure.gravatar.com\/avatar\/b6992f131dc8d30ab0dff15446e9d346d9dbd95992de0fef795073f5ea83a81c?s=96&d=mm&r=g","url":"https:\/\/secure.gravatar.com\/avatar\/b6992f131dc8d30ab0dff15446e9d346d9dbd95992de0fef795073f5ea83a81c?s=96&d=mm&r=g","contentUrl":"https:\/\/secure.gravatar.com\/avatar\/b6992f131dc8d30ab0dff15446e9d346d9dbd95992de0fef795073f5ea83a81c?s=96&d=mm&r=g","caption":"La Gu\u00eda de Pamplona"}}]}},"post_mailing_queue_ids":[],"_links":{"self":[{"href":"https:\/\/www.laguiadepamplona.com\/actualidad\/wp-json\/wp\/v2\/posts\/52504","targetHints":{"allow":["GET"]}}],"collection":[{"href":"https:\/\/www.laguiadepamplona.com\/actualidad\/wp-json\/wp\/v2\/posts"}],"about":[{"href":"https:\/\/www.laguiadepamplona.com\/actualidad\/wp-json\/wp\/v2\/types\/post"}],"author":[{"embeddable":true,"href":"https:\/\/www.laguiadepamplona.com\/actualidad\/wp-json\/wp\/v2\/users\/1"}],"replies":[{"embeddable":true,"href":"https:\/\/www.laguiadepamplona.com\/actualidad\/wp-json\/wp\/v2\/comments?post=52504"}],"version-history":[{"count":1,"href":"https:\/\/www.laguiadepamplona.com\/actualidad\/wp-json\/wp\/v2\/posts\/52504\/revisions"}],"predecessor-version":[{"id":52506,"href":"https:\/\/www.laguiadepamplona.com\/actualidad\/wp-json\/wp\/v2\/posts\/52504\/revisions\/52506"}],"wp:featuredmedia":[{"embeddable":true,"href":"https:\/\/www.laguiadepamplona.com\/actualidad\/wp-json\/wp\/v2\/media\/52505"}],"wp:attachment":[{"href":"https:\/\/www.laguiadepamplona.com\/actualidad\/wp-json\/wp\/v2\/media?parent=52504"}],"wp:term":[{"taxonomy":"category","embeddable":true,"href":"https:\/\/www.laguiadepamplona.com\/actualidad\/wp-json\/wp\/v2\/categories?post=52504"},{"taxonomy":"post_tag","embeddable":true,"href":"https:\/\/www.laguiadepamplona.com\/actualidad\/wp-json\/wp\/v2\/tags?post=52504"}],"curies":[{"name":"wp","href":"https:\/\/api.w.org\/{rel}","templated":true}]}}