{"id":52501,"date":"2025-03-25T15:04:42","date_gmt":"2025-03-25T13:04:42","guid":{"rendered":"https:\/\/www.laguiadepamplona.com\/actualidad\/?p=52501"},"modified":"2025-03-25T15:04:42","modified_gmt":"2025-03-25T13:04:42","slug":"convocadas-pruebas-selectivas-para-la-contratacion-temporal-de-profesorado-de-acordeon-para-la-escuela-de-musica-joaquin-maya","status":"publish","type":"post","link":"https:\/\/www.laguiadepamplona.com\/actualidad\/convocadas-pruebas-selectivas-para-la-contratacion-temporal-de-profesorado-de-acordeon-para-la-escuela-de-musica-joaquin-maya\/","title":{"rendered":"Convocadas pruebas selectivas para la contrataci\u00f3n temporal de profesorado de acorde\u00f3n para la Escuela de M\u00fasica Joaqu\u00edn Maya"},"content":{"rendered":"<h2>Las solicitudes se pueden presentar hasta el 31 de marzo, de forma telem\u00e1tica a trav\u00e9s de <a href=\"http:\/\/www.pamplona.es\" target=\"_blank\" rel=\"noopener\">www.pamplona.es<\/a><\/h2>\n<p><!--more--><\/p>\n<p>La Escuela de M\u00fasica Joaqu\u00edn Maya busca profesorado de acorde\u00f3n a trav\u00e9s de la convocatoria de unas pruebas selectivas para la contrataci\u00f3n temporal. El plazo para presentar las solicitudes finaliza el 31 de marzo. La inscripci\u00f3n se debe realizar de forma telem\u00e1tica en <a href=\"http:\/\/www.pamplona.es\" target=\"_blank\" rel=\"noopener\">www.pamplona.es<\/a> y la tasa en concepto de derechos de examen asciende a 11,20 euros. La prueba selectiva prev\u00e9 su celebraci\u00f3n en el mes de abril. Las bases de la convocatoria se pueden consultar en el <a href=\"https:\/\/bon.navarra.es\/es\/anuncio\/-\/texto\/2025\/57\/38\" target=\"_blank\" rel=\"noopener\">Bolet\u00edn Oficial de Navarra n\u00famero 57<\/a> de 20 de marzo y en el apartado de <a href=\"https:\/\/www.pamplona.es\/izapideak-eta-lizitazioak\/ofertas-de-trabajo#anchor0\" target=\"_blank\" rel=\"noopener\">Empleo P\u00fablico<\/a> de la web municipal.<\/p>\n<p>Las personas que quieran concurrir a la convocatoria deber\u00e1n cumplir los requisitos de nacionalidad, edad, capacidad f\u00edsica y ps\u00edquica para el desempe\u00f1o del puesto de trabajo, no deber\u00e1n hallarse inhabilitadas ni suspendidas para el ejercicio de funciones p\u00fablicas y no deben haber sido separadas del servicio de una Administraci\u00f3n P\u00fablica. Asimismo, tendr\u00e1n que poseer como titulaci\u00f3n una Diplomatura o Grado Universitario, Ingenier\u00eda T\u00e9cnica, Arquitectura T\u00e9cnico o equivalente, y T\u00edtulo profesional de Grado Medio en la especialidad de Acorde\u00f3n; o T\u00edtulo de Estudios Superiores en la especialidad de Acorde\u00f3n o, en su caso, el T\u00edtulo de Profesor\/a de Grado Medio en esta especialidad.<\/p>\n<p>La convocatoria consta de una \u00fanica prueba selectiva de car\u00e1ter pr\u00e1ctico, que se celebrar\u00e1 en el mes de abril. La prueba consistir\u00e1 en impartir una sesi\u00f3n a un alumno o alumna de cualquiera de los niveles impartidos en la Escuela de M\u00fasica, con una duraci\u00f3n m\u00e1xima de 15 minutos. Se valorar\u00e1n aspectos como la comunicaci\u00f3n y la relaci\u00f3n con el alumnado; la capacidad de detecci\u00f3n y soluci\u00f3n de problemas en el alumnado; el uso de diferentes recursos y estrategias para la asimilaci\u00f3n de contenidos y la mejora de aspectos t\u00e9cnicos y musicales; el uso del propio instrumento durante el desarrollo de la sesi\u00f3n; la adecuaci\u00f3n, coherencia y secuenciaci\u00f3n, as\u00ed como otros aspectos que el tribunal considere oportunos. La prueba se valorar\u00e1 con una puntuaci\u00f3n m\u00e1xima de 100 puntos y la superar\u00e1n quienes obtengan, al menos, 50 de ellos.<\/p>\n","protected":false},"excerpt":{"rendered":"<p>Las solicitudes se pueden presentar hasta el 31 de marzo, de forma telem\u00e1tica a trav\u00e9s de www.pamplona.es<\/p>\n","protected":false},"author":1,"featured_media":52502,"comment_status":"open","ping_status":"closed","sticky":false,"template":"","format":"standard","meta":{"footnotes":""},"categories":[2],"tags":[],"class_list":["post-52501","post","type-post","status-publish","format-standard","has-post-thumbnail","hentry","category-ayuntamiento-pamplona"],"yoast_head":"<!-- This site is optimized with the Yoast SEO plugin v27.3 - https:\/\/yoast.com\/product\/yoast-seo-wordpress\/ -->\n<title>Convocadas pruebas selectivas para la contrataci\u00f3n temporal de profesorado de acorde\u00f3n para la Escuela de M\u00fasica Joaqu\u00edn Maya<\/title>\n<meta name=\"description\" content=\"Las solicitudes se pueden presentar hasta el 31 de marzo, de forma telem\u00e1tica a trav\u00e9s de www.pamplona.es\" \/>\n<meta name=\"robots\" content=\"index, follow, max-snippet:-1, max-image-preview:large, max-video-preview:-1\" \/>\n<link rel=\"canonical\" href=\"https:\/\/www.laguiadepamplona.com\/actualidad\/convocadas-pruebas-selectivas-para-la-contratacion-temporal-de-profesorado-de-acordeon-para-la-escuela-de-musica-joaquin-maya\/\" \/>\n<meta property=\"og:locale\" content=\"es_ES\" \/>\n<meta property=\"og:type\" content=\"article\" \/>\n<meta property=\"og:title\" content=\"Convocadas pruebas selectivas para la contrataci\u00f3n temporal de profesorado de acorde\u00f3n para la Escuela de M\u00fasica Joaqu\u00edn Maya\" \/>\n<meta property=\"og:description\" content=\"Las solicitudes se pueden presentar hasta el 31 de marzo, de forma telem\u00e1tica a trav\u00e9s de www.pamplona.es\" \/>\n<meta property=\"og:url\" content=\"https:\/\/www.laguiadepamplona.com\/actualidad\/convocadas-pruebas-selectivas-para-la-contratacion-temporal-de-profesorado-de-acordeon-para-la-escuela-de-musica-joaquin-maya\/\" \/>\n<meta property=\"og:site_name\" content=\"La Gu\u00eda de Pamplona\" \/>\n<meta property=\"article:publisher\" content=\"https:\/\/www.facebook.com\/laguiadepamplonacom-133175176762273\/?ref=hl\" \/>\n<meta property=\"article:published_time\" content=\"2025-03-25T13:04:42+00:00\" \/>\n<meta property=\"og:image\" content=\"https:\/\/www.laguiadepamplona.com\/actualidad\/wp-content\/uploads\/2025\/03\/acordeon_Web.webp\" \/>\n\t<meta property=\"og:image:width\" content=\"1000\" \/>\n\t<meta property=\"og:image:height\" content=\"668\" \/>\n\t<meta property=\"og:image:type\" content=\"image\/webp\" \/>\n<meta name=\"author\" content=\"La Gu\u00eda de Pamplona\" \/>\n<meta name=\"twitter:card\" content=\"summary_large_image\" \/>\n<meta name=\"twitter:creator\" content=\"@LaGuiadPamplona\" \/>\n<meta name=\"twitter:site\" content=\"@LaGuiadPamplona\" \/>\n<meta name=\"twitter:label1\" content=\"Escrito por\" \/>\n\t<meta name=\"twitter:data1\" content=\"La Gu\u00eda de Pamplona\" \/>\n\t<meta name=\"twitter:label2\" content=\"Tiempo de lectura\" \/>\n\t<meta name=\"twitter:data2\" content=\"2 minutos\" \/>\n<script type=\"application\/ld+json\" class=\"yoast-schema-graph\">{\"@context\":\"https:\\\/\\\/schema.org\",\"@graph\":[{\"@type\":\"Article\",\"@id\":\"https:\\\/\\\/www.laguiadepamplona.com\\\/actualidad\\\/convocadas-pruebas-selectivas-para-la-contratacion-temporal-de-profesorado-de-acordeon-para-la-escuela-de-musica-joaquin-maya\\\/#article\",\"isPartOf\":{\"@id\":\"https:\\\/\\\/www.laguiadepamplona.com\\\/actualidad\\\/convocadas-pruebas-selectivas-para-la-contratacion-temporal-de-profesorado-de-acordeon-para-la-escuela-de-musica-joaquin-maya\\\/\"},\"author\":{\"name\":\"La Gu\u00eda de Pamplona\",\"@id\":\"https:\\\/\\\/www.laguiadepamplona.com\\\/actualidad\\\/#\\\/schema\\\/person\\\/efe887376f0213d4657c93adc50b1fdb\"},\"headline\":\"Convocadas pruebas selectivas para la contrataci\u00f3n temporal de profesorado de acorde\u00f3n para la Escuela de M\u00fasica Joaqu\u00edn Maya\",\"datePublished\":\"2025-03-25T13:04:42+00:00\",\"mainEntityOfPage\":{\"@id\":\"https:\\\/\\\/www.laguiadepamplona.com\\\/actualidad\\\/convocadas-pruebas-selectivas-para-la-contratacion-temporal-de-profesorado-de-acordeon-para-la-escuela-de-musica-joaquin-maya\\\/\"},\"wordCount\":425,\"commentCount\":0,\"publisher\":{\"@id\":\"https:\\\/\\\/www.laguiadepamplona.com\\\/actualidad\\\/#organization\"},\"image\":{\"@id\":\"https:\\\/\\\/www.laguiadepamplona.com\\\/actualidad\\\/convocadas-pruebas-selectivas-para-la-contratacion-temporal-de-profesorado-de-acordeon-para-la-escuela-de-musica-joaquin-maya\\\/#primaryimage\"},\"thumbnailUrl\":\"https:\\\/\\\/www.laguiadepamplona.com\\\/actualidad\\\/wp-content\\\/uploads\\\/2025\\\/03\\\/acordeon_Web.webp\",\"articleSection\":[\"Ayto Pamplona\"],\"inLanguage\":\"es\",\"potentialAction\":[{\"@type\":\"CommentAction\",\"name\":\"Comment\",\"target\":[\"https:\\\/\\\/www.laguiadepamplona.com\\\/actualidad\\\/convocadas-pruebas-selectivas-para-la-contratacion-temporal-de-profesorado-de-acordeon-para-la-escuela-de-musica-joaquin-maya\\\/#respond\"]}]},{\"@type\":\"WebPage\",\"@id\":\"https:\\\/\\\/www.laguiadepamplona.com\\\/actualidad\\\/convocadas-pruebas-selectivas-para-la-contratacion-temporal-de-profesorado-de-acordeon-para-la-escuela-de-musica-joaquin-maya\\\/\",\"url\":\"https:\\\/\\\/www.laguiadepamplona.com\\\/actualidad\\\/convocadas-pruebas-selectivas-para-la-contratacion-temporal-de-profesorado-de-acordeon-para-la-escuela-de-musica-joaquin-maya\\\/\",\"name\":\"Convocadas pruebas selectivas para la contrataci\u00f3n temporal de profesorado de acorde\u00f3n para la Escuela de M\u00fasica Joaqu\u00edn Maya\",\"isPartOf\":{\"@id\":\"https:\\\/\\\/www.laguiadepamplona.com\\\/actualidad\\\/#website\"},\"primaryImageOfPage\":{\"@id\":\"https:\\\/\\\/www.laguiadepamplona.com\\\/actualidad\\\/convocadas-pruebas-selectivas-para-la-contratacion-temporal-de-profesorado-de-acordeon-para-la-escuela-de-musica-joaquin-maya\\\/#primaryimage\"},\"image\":{\"@id\":\"https:\\\/\\\/www.laguiadepamplona.com\\\/actualidad\\\/convocadas-pruebas-selectivas-para-la-contratacion-temporal-de-profesorado-de-acordeon-para-la-escuela-de-musica-joaquin-maya\\\/#primaryimage\"},\"thumbnailUrl\":\"https:\\\/\\\/www.laguiadepamplona.com\\\/actualidad\\\/wp-content\\\/uploads\\\/2025\\\/03\\\/acordeon_Web.webp\",\"datePublished\":\"2025-03-25T13:04:42+00:00\",\"description\":\"Las solicitudes se pueden presentar hasta el 31 de marzo, de forma telem\u00e1tica a trav\u00e9s de www.pamplona.es\",\"breadcrumb\":{\"@id\":\"https:\\\/\\\/www.laguiadepamplona.com\\\/actualidad\\\/convocadas-pruebas-selectivas-para-la-contratacion-temporal-de-profesorado-de-acordeon-para-la-escuela-de-musica-joaquin-maya\\\/#breadcrumb\"},\"inLanguage\":\"es\",\"potentialAction\":[{\"@type\":\"ReadAction\",\"target\":[\"https:\\\/\\\/www.laguiadepamplona.com\\\/actualidad\\\/convocadas-pruebas-selectivas-para-la-contratacion-temporal-de-profesorado-de-acordeon-para-la-escuela-de-musica-joaquin-maya\\\/\"]}]},{\"@type\":\"ImageObject\",\"inLanguage\":\"es\",\"@id\":\"https:\\\/\\\/www.laguiadepamplona.com\\\/actualidad\\\/convocadas-pruebas-selectivas-para-la-contratacion-temporal-de-profesorado-de-acordeon-para-la-escuela-de-musica-joaquin-maya\\\/#primaryimage\",\"url\":\"https:\\\/\\\/www.laguiadepamplona.com\\\/actualidad\\\/wp-content\\\/uploads\\\/2025\\\/03\\\/acordeon_Web.webp\",\"contentUrl\":\"https:\\\/\\\/www.laguiadepamplona.com\\\/actualidad\\\/wp-content\\\/uploads\\\/2025\\\/03\\\/acordeon_Web.webp\",\"width\":1000,\"height\":668,\"caption\":\"acorde\u00f3n\"},{\"@type\":\"BreadcrumbList\",\"@id\":\"https:\\\/\\\/www.laguiadepamplona.com\\\/actualidad\\\/convocadas-pruebas-selectivas-para-la-contratacion-temporal-de-profesorado-de-acordeon-para-la-escuela-de-musica-joaquin-maya\\\/#breadcrumb\",\"itemListElement\":[{\"@type\":\"ListItem\",\"position\":1,\"name\":\"Portada\",\"item\":\"https:\\\/\\\/www.laguiadepamplona.com\\\/actualidad\\\/\"},{\"@type\":\"ListItem\",\"position\":2,\"name\":\"Convocadas pruebas selectivas para la contrataci\u00f3n temporal de profesorado de acorde\u00f3n para la Escuela de M\u00fasica Joaqu\u00edn Maya\"}]},{\"@type\":\"WebSite\",\"@id\":\"https:\\\/\\\/www.laguiadepamplona.com\\\/actualidad\\\/#website\",\"url\":\"https:\\\/\\\/www.laguiadepamplona.com\\\/actualidad\\\/\",\"name\":\"La gu\u00eda de Pamplona\",\"description\":\"Noticias de Pamplona\",\"publisher\":{\"@id\":\"https:\\\/\\\/www.laguiadepamplona.com\\\/actualidad\\\/#organization\"},\"potentialAction\":[{\"@type\":\"SearchAction\",\"target\":{\"@type\":\"EntryPoint\",\"urlTemplate\":\"https:\\\/\\\/www.laguiadepamplona.com\\\/actualidad\\\/?s={search_term_string}\"},\"query-input\":{\"@type\":\"PropertyValueSpecification\",\"valueRequired\":true,\"valueName\":\"search_term_string\"}}],\"inLanguage\":\"es\"},{\"@type\":\"Organization\",\"@id\":\"https:\\\/\\\/www.laguiadepamplona.com\\\/actualidad\\\/#organization\",\"name\":\"La Gu\u00eda de Pamplona \\\/ Noticias\",\"url\":\"https:\\\/\\\/www.laguiadepamplona.com\\\/actualidad\\\/\",\"logo\":{\"@type\":\"ImageObject\",\"inLanguage\":\"es\",\"@id\":\"https:\\\/\\\/www.laguiadepamplona.com\\\/actualidad\\\/#\\\/schema\\\/logo\\\/image\\\/\",\"url\":\"https:\\\/\\\/www.laguiadepamplona.com\\\/actualidad\\\/wp-content\\\/uploads\\\/2018\\\/11\\\/logo-laguiadepamplona18-web1.png\",\"contentUrl\":\"https:\\\/\\\/www.laguiadepamplona.com\\\/actualidad\\\/wp-content\\\/uploads\\\/2018\\\/11\\\/logo-laguiadepamplona18-web1.png\",\"width\":600,\"height\":196,\"caption\":\"La Gu\u00eda de Pamplona \\\/ Noticias\"},\"image\":{\"@id\":\"https:\\\/\\\/www.laguiadepamplona.com\\\/actualidad\\\/#\\\/schema\\\/logo\\\/image\\\/\"},\"sameAs\":[\"https:\\\/\\\/www.facebook.com\\\/laguiadepamplonacom-133175176762273\\\/?ref=hl\",\"https:\\\/\\\/x.com\\\/LaGuiadPamplona\",\"https:\\\/\\\/www.instagram.com\\\/la_guia_de_pamplona\\\/\",\"https:\\\/\\\/www.youtube.com\\\/user\\\/laguiadepamplona\"]},{\"@type\":\"Person\",\"@id\":\"https:\\\/\\\/www.laguiadepamplona.com\\\/actualidad\\\/#\\\/schema\\\/person\\\/efe887376f0213d4657c93adc50b1fdb\",\"name\":\"La Gu\u00eda de Pamplona\",\"image\":{\"@type\":\"ImageObject\",\"inLanguage\":\"es\",\"@id\":\"https:\\\/\\\/secure.gravatar.com\\\/avatar\\\/b6992f131dc8d30ab0dff15446e9d346d9dbd95992de0fef795073f5ea83a81c?s=96&d=mm&r=g\",\"url\":\"https:\\\/\\\/secure.gravatar.com\\\/avatar\\\/b6992f131dc8d30ab0dff15446e9d346d9dbd95992de0fef795073f5ea83a81c?s=96&d=mm&r=g\",\"contentUrl\":\"https:\\\/\\\/secure.gravatar.com\\\/avatar\\\/b6992f131dc8d30ab0dff15446e9d346d9dbd95992de0fef795073f5ea83a81c?s=96&d=mm&r=g\",\"caption\":\"La Gu\u00eda de Pamplona\"}}]}<\/script>\n<!-- \/ Yoast SEO plugin. -->","yoast_head_json":{"title":"Convocadas pruebas selectivas para la contrataci\u00f3n temporal de profesorado de acorde\u00f3n para la Escuela de M\u00fasica Joaqu\u00edn Maya","description":"Las solicitudes se pueden presentar hasta el 31 de marzo, de forma telem\u00e1tica a trav\u00e9s de www.pamplona.es","robots":{"index":"index","follow":"follow","max-snippet":"max-snippet:-1","max-image-preview":"max-image-preview:large","max-video-preview":"max-video-preview:-1"},"canonical":"https:\/\/www.laguiadepamplona.com\/actualidad\/convocadas-pruebas-selectivas-para-la-contratacion-temporal-de-profesorado-de-acordeon-para-la-escuela-de-musica-joaquin-maya\/","og_locale":"es_ES","og_type":"article","og_title":"Convocadas pruebas selectivas para la contrataci\u00f3n temporal de profesorado de acorde\u00f3n para la Escuela de M\u00fasica Joaqu\u00edn Maya","og_description":"Las solicitudes se pueden presentar hasta el 31 de marzo, de forma telem\u00e1tica a trav\u00e9s de www.pamplona.es","og_url":"https:\/\/www.laguiadepamplona.com\/actualidad\/convocadas-pruebas-selectivas-para-la-contratacion-temporal-de-profesorado-de-acordeon-para-la-escuela-de-musica-joaquin-maya\/","og_site_name":"La Gu\u00eda de Pamplona","article_publisher":"https:\/\/www.facebook.com\/laguiadepamplonacom-133175176762273\/?ref=hl","article_published_time":"2025-03-25T13:04:42+00:00","og_image":[{"width":1000,"height":668,"url":"https:\/\/www.laguiadepamplona.com\/actualidad\/wp-content\/uploads\/2025\/03\/acordeon_Web.webp","type":"image\/webp"}],"author":"La Gu\u00eda de Pamplona","twitter_card":"summary_large_image","twitter_creator":"@LaGuiadPamplona","twitter_site":"@LaGuiadPamplona","twitter_misc":{"Escrito por":"La Gu\u00eda de Pamplona","Tiempo de lectura":"2 minutos"},"schema":{"@context":"https:\/\/schema.org","@graph":[{"@type":"Article","@id":"https:\/\/www.laguiadepamplona.com\/actualidad\/convocadas-pruebas-selectivas-para-la-contratacion-temporal-de-profesorado-de-acordeon-para-la-escuela-de-musica-joaquin-maya\/#article","isPartOf":{"@id":"https:\/\/www.laguiadepamplona.com\/actualidad\/convocadas-pruebas-selectivas-para-la-contratacion-temporal-de-profesorado-de-acordeon-para-la-escuela-de-musica-joaquin-maya\/"},"author":{"name":"La Gu\u00eda de Pamplona","@id":"https:\/\/www.laguiadepamplona.com\/actualidad\/#\/schema\/person\/efe887376f0213d4657c93adc50b1fdb"},"headline":"Convocadas pruebas selectivas para la contrataci\u00f3n temporal de profesorado de acorde\u00f3n para la Escuela de M\u00fasica Joaqu\u00edn Maya","datePublished":"2025-03-25T13:04:42+00:00","mainEntityOfPage":{"@id":"https:\/\/www.laguiadepamplona.com\/actualidad\/convocadas-pruebas-selectivas-para-la-contratacion-temporal-de-profesorado-de-acordeon-para-la-escuela-de-musica-joaquin-maya\/"},"wordCount":425,"commentCount":0,"publisher":{"@id":"https:\/\/www.laguiadepamplona.com\/actualidad\/#organization"},"image":{"@id":"https:\/\/www.laguiadepamplona.com\/actualidad\/convocadas-pruebas-selectivas-para-la-contratacion-temporal-de-profesorado-de-acordeon-para-la-escuela-de-musica-joaquin-maya\/#primaryimage"},"thumbnailUrl":"https:\/\/www.laguiadepamplona.com\/actualidad\/wp-content\/uploads\/2025\/03\/acordeon_Web.webp","articleSection":["Ayto Pamplona"],"inLanguage":"es","potentialAction":[{"@type":"CommentAction","name":"Comment","target":["https:\/\/www.laguiadepamplona.com\/actualidad\/convocadas-pruebas-selectivas-para-la-contratacion-temporal-de-profesorado-de-acordeon-para-la-escuela-de-musica-joaquin-maya\/#respond"]}]},{"@type":"WebPage","@id":"https:\/\/www.laguiadepamplona.com\/actualidad\/convocadas-pruebas-selectivas-para-la-contratacion-temporal-de-profesorado-de-acordeon-para-la-escuela-de-musica-joaquin-maya\/","url":"https:\/\/www.laguiadepamplona.com\/actualidad\/convocadas-pruebas-selectivas-para-la-contratacion-temporal-de-profesorado-de-acordeon-para-la-escuela-de-musica-joaquin-maya\/","name":"Convocadas pruebas selectivas para la contrataci\u00f3n temporal de profesorado de acorde\u00f3n para la Escuela de M\u00fasica Joaqu\u00edn Maya","isPartOf":{"@id":"https:\/\/www.laguiadepamplona.com\/actualidad\/#website"},"primaryImageOfPage":{"@id":"https:\/\/www.laguiadepamplona.com\/actualidad\/convocadas-pruebas-selectivas-para-la-contratacion-temporal-de-profesorado-de-acordeon-para-la-escuela-de-musica-joaquin-maya\/#primaryimage"},"image":{"@id":"https:\/\/www.laguiadepamplona.com\/actualidad\/convocadas-pruebas-selectivas-para-la-contratacion-temporal-de-profesorado-de-acordeon-para-la-escuela-de-musica-joaquin-maya\/#primaryimage"},"thumbnailUrl":"https:\/\/www.laguiadepamplona.com\/actualidad\/wp-content\/uploads\/2025\/03\/acordeon_Web.webp","datePublished":"2025-03-25T13:04:42+00:00","description":"Las solicitudes se pueden presentar hasta el 31 de marzo, de forma telem\u00e1tica a trav\u00e9s de www.pamplona.es","breadcrumb":{"@id":"https:\/\/www.laguiadepamplona.com\/actualidad\/convocadas-pruebas-selectivas-para-la-contratacion-temporal-de-profesorado-de-acordeon-para-la-escuela-de-musica-joaquin-maya\/#breadcrumb"},"inLanguage":"es","potentialAction":[{"@type":"ReadAction","target":["https:\/\/www.laguiadepamplona.com\/actualidad\/convocadas-pruebas-selectivas-para-la-contratacion-temporal-de-profesorado-de-acordeon-para-la-escuela-de-musica-joaquin-maya\/"]}]},{"@type":"ImageObject","inLanguage":"es","@id":"https:\/\/www.laguiadepamplona.com\/actualidad\/convocadas-pruebas-selectivas-para-la-contratacion-temporal-de-profesorado-de-acordeon-para-la-escuela-de-musica-joaquin-maya\/#primaryimage","url":"https:\/\/www.laguiadepamplona.com\/actualidad\/wp-content\/uploads\/2025\/03\/acordeon_Web.webp","contentUrl":"https:\/\/www.laguiadepamplona.com\/actualidad\/wp-content\/uploads\/2025\/03\/acordeon_Web.webp","width":1000,"height":668,"caption":"acorde\u00f3n"},{"@type":"BreadcrumbList","@id":"https:\/\/www.laguiadepamplona.com\/actualidad\/convocadas-pruebas-selectivas-para-la-contratacion-temporal-de-profesorado-de-acordeon-para-la-escuela-de-musica-joaquin-maya\/#breadcrumb","itemListElement":[{"@type":"ListItem","position":1,"name":"Portada","item":"https:\/\/www.laguiadepamplona.com\/actualidad\/"},{"@type":"ListItem","position":2,"name":"Convocadas pruebas selectivas para la contrataci\u00f3n temporal de profesorado de acorde\u00f3n para la Escuela de M\u00fasica Joaqu\u00edn Maya"}]},{"@type":"WebSite","@id":"https:\/\/www.laguiadepamplona.com\/actualidad\/#website","url":"https:\/\/www.laguiadepamplona.com\/actualidad\/","name":"La gu\u00eda de Pamplona","description":"Noticias de Pamplona","publisher":{"@id":"https:\/\/www.laguiadepamplona.com\/actualidad\/#organization"},"potentialAction":[{"@type":"SearchAction","target":{"@type":"EntryPoint","urlTemplate":"https:\/\/www.laguiadepamplona.com\/actualidad\/?s={search_term_string}"},"query-input":{"@type":"PropertyValueSpecification","valueRequired":true,"valueName":"search_term_string"}}],"inLanguage":"es"},{"@type":"Organization","@id":"https:\/\/www.laguiadepamplona.com\/actualidad\/#organization","name":"La Gu\u00eda de Pamplona \/ Noticias","url":"https:\/\/www.laguiadepamplona.com\/actualidad\/","logo":{"@type":"ImageObject","inLanguage":"es","@id":"https:\/\/www.laguiadepamplona.com\/actualidad\/#\/schema\/logo\/image\/","url":"https:\/\/www.laguiadepamplona.com\/actualidad\/wp-content\/uploads\/2018\/11\/logo-laguiadepamplona18-web1.png","contentUrl":"https:\/\/www.laguiadepamplona.com\/actualidad\/wp-content\/uploads\/2018\/11\/logo-laguiadepamplona18-web1.png","width":600,"height":196,"caption":"La Gu\u00eda de Pamplona \/ Noticias"},"image":{"@id":"https:\/\/www.laguiadepamplona.com\/actualidad\/#\/schema\/logo\/image\/"},"sameAs":["https:\/\/www.facebook.com\/laguiadepamplonacom-133175176762273\/?ref=hl","https:\/\/x.com\/LaGuiadPamplona","https:\/\/www.instagram.com\/la_guia_de_pamplona\/","https:\/\/www.youtube.com\/user\/laguiadepamplona"]},{"@type":"Person","@id":"https:\/\/www.laguiadepamplona.com\/actualidad\/#\/schema\/person\/efe887376f0213d4657c93adc50b1fdb","name":"La Gu\u00eda de Pamplona","image":{"@type":"ImageObject","inLanguage":"es","@id":"https:\/\/secure.gravatar.com\/avatar\/b6992f131dc8d30ab0dff15446e9d346d9dbd95992de0fef795073f5ea83a81c?s=96&d=mm&r=g","url":"https:\/\/secure.gravatar.com\/avatar\/b6992f131dc8d30ab0dff15446e9d346d9dbd95992de0fef795073f5ea83a81c?s=96&d=mm&r=g","contentUrl":"https:\/\/secure.gravatar.com\/avatar\/b6992f131dc8d30ab0dff15446e9d346d9dbd95992de0fef795073f5ea83a81c?s=96&d=mm&r=g","caption":"La Gu\u00eda de Pamplona"}}]}},"post_mailing_queue_ids":[],"_links":{"self":[{"href":"https:\/\/www.laguiadepamplona.com\/actualidad\/wp-json\/wp\/v2\/posts\/52501","targetHints":{"allow":["GET"]}}],"collection":[{"href":"https:\/\/www.laguiadepamplona.com\/actualidad\/wp-json\/wp\/v2\/posts"}],"about":[{"href":"https:\/\/www.laguiadepamplona.com\/actualidad\/wp-json\/wp\/v2\/types\/post"}],"author":[{"embeddable":true,"href":"https:\/\/www.laguiadepamplona.com\/actualidad\/wp-json\/wp\/v2\/users\/1"}],"replies":[{"embeddable":true,"href":"https:\/\/www.laguiadepamplona.com\/actualidad\/wp-json\/wp\/v2\/comments?post=52501"}],"version-history":[{"count":1,"href":"https:\/\/www.laguiadepamplona.com\/actualidad\/wp-json\/wp\/v2\/posts\/52501\/revisions"}],"predecessor-version":[{"id":52503,"href":"https:\/\/www.laguiadepamplona.com\/actualidad\/wp-json\/wp\/v2\/posts\/52501\/revisions\/52503"}],"wp:featuredmedia":[{"embeddable":true,"href":"https:\/\/www.laguiadepamplona.com\/actualidad\/wp-json\/wp\/v2\/media\/52502"}],"wp:attachment":[{"href":"https:\/\/www.laguiadepamplona.com\/actualidad\/wp-json\/wp\/v2\/media?parent=52501"}],"wp:term":[{"taxonomy":"category","embeddable":true,"href":"https:\/\/www.laguiadepamplona.com\/actualidad\/wp-json\/wp\/v2\/categories?post=52501"},{"taxonomy":"post_tag","embeddable":true,"href":"https:\/\/www.laguiadepamplona.com\/actualidad\/wp-json\/wp\/v2\/tags?post=52501"}],"curies":[{"name":"wp","href":"https:\/\/api.w.org\/{rel}","templated":true}]}}