{"id":52498,"date":"2025-03-25T15:02:11","date_gmt":"2025-03-25T13:02:11","guid":{"rendered":"https:\/\/www.laguiadepamplona.com\/actualidad\/?p=52498"},"modified":"2025-03-25T19:26:20","modified_gmt":"2025-03-25T17:26:20","slug":"ayuntamiento-de-pamplona-y-fundacion-solera-mantienen-su-colaboracion-en-la-organizacion-y-programacion-de-actividades-para-las-redes-de-mayores","status":"publish","type":"post","link":"https:\/\/www.laguiadepamplona.com\/actualidad\/ayuntamiento-de-pamplona-y-fundacion-solera-mantienen-su-colaboracion-en-la-organizacion-y-programacion-de-actividades-para-las-redes-de-mayores\/","title":{"rendered":"Ayuntamiento de Pamplona y Fundaci\u00f3n Solera mantienen su colaboraci\u00f3n en la organizaci\u00f3n y programaci\u00f3n de actividades para las Redes de Mayores"},"content":{"rendered":"<h2>De esta forma, se complementan las actividades que ofrecen las Redes de Mayores con m\u00e1s propuestas deportivas y sociales de envejecimiento activo<\/h2>\n<p><!--more--><\/p>\n<p>El Ayuntamiento de Pamplona y Fundaci\u00f3n Solera han firmado un convenio que da continuidad a la colaboraci\u00f3n que ambas entidades mantienen en la programaci\u00f3n de actividades de las Redes de Mayores. Fundaci\u00f3n Solera seguir\u00e1 participando en las diferentes Redes de Mayores de la ciudad, ofreciendo actividades especializadas y profesionalizadas de envejecimiento activo, de manera gratuita, a las personas usuarias.<\/p>\n<p>La concejala delegada de Igualdad, Acci\u00f3n Comunitaria, Barrios, Participaci\u00f3n Ciudadana y Euskera, Zaloa Basabe Guti\u00e9rrez, y el secretario de la Fundaci\u00f3n Solera, Borja Macaya R\u00edpodas, han rubricado un acuerdo con el que se complementan y ampl\u00edan las actividades que el Ayuntamiento de Pamplona ya programa para las Redes Mayores. El convenio recoge una serie de actividades deportivas y sociales que Fundaci\u00f3n Solera pone a disposici\u00f3n de las Redes de Mayores para incluir en su programaci\u00f3n mensual. Entre ellas, se incluyen actividades como paseo-pincho, Futboleando, talleres para activar la mente y promocionar la autonom\u00eda, talleres de brecha digital, yoga adaptado o +QBasket. Todas ellas complementar\u00e1n a las actividades propuestas en los diferentes barrios.<\/p>\n<p>Las actividades se ofrecer\u00e1n de manera gratuita. Las inscripciones se har\u00e1n a trav\u00e9s de los medios habituales de las Redes de Mayores y, posteriormente, la confirmaci\u00f3n o cualquier otra comunicaci\u00f3n se llevar\u00e1 a cabo a trav\u00e9s de Fundaci\u00f3n Solera. Podr\u00e1n acudir personas que no han participado nunca, de manera prioritaria, y en caso de que haya lista de espera, personas que ya han participado en alguna ocasi\u00f3n. El n\u00famero m\u00ednimo para que la actividad salga ser\u00e1 del 50% del n\u00famero de plazas ofrecidas por Fundaci\u00f3n Solera. Todas las actividades se har\u00e1n prioritariamente en los centros comunitarios o en espacios municipales cedidos para ello.<\/p>\n<p>Pamplona cuenta en la actualidad con Redes de Mayores en los barrios del Casco Antiguo, Ensanche, Txantrea, Santa Mar\u00eda la Real, Milagrosa, Azpilaga\u00f1a, Iturrama, y Milagrosa. Recientemente, tambi\u00e9n se han incorporado los barrios de Mendillorri y Ermitaga\u00f1a &#8211; Mendebaldea. El objetivo de cara a los pr\u00f3ximos a\u00f1os ser\u00e1 la de tener una Red de Mayores en todos los barrios de la ciudad.<\/p>\n<p>&nbsp;<\/p>\n<h3>Ofertas deportivas y sociales facilitadas en el marco del convenio<\/h3>\n<ul>\n<li><u>Paseo-pincho<\/u>: actividad que une la realizaci\u00f3n de ejercicio f\u00edsico a partir del paseo guiado, con la parte social de una degustaci\u00f3n de pinchos al finalizar. Es una actividad divertida, apta para perfiles diversos de condici\u00f3n f\u00edsica y nivel de habilidad, y muy motivante, con recorridos nuevos cada vez. A lo largo del a\u00f1o se realizar\u00edan diez paseos con el acompa\u00f1amiento de personal t\u00e9cnico y voluntario.<\/li>\n<li><u>Futboleando<\/u>: entrenamientos de f\u00fatbol sala\/f\u00fatbol recreativo, mixtos, adaptados a personas mayores, con la regla imprescindible de que no se puede correr (se jugar\u00eda andando).<\/li>\n<li><u>Talleres activa tu mente y promoci\u00f3n de la autonom\u00eda<\/u>: talleres destinados al trabajo de la memoria y, en general, a la estimulaci\u00f3n cognitiva. Tendr\u00e1n una duraci\u00f3n de un mes.<\/li>\n<li><u>Talleres de brecha digital<\/u>: talleres de un mes de duraci\u00f3n dirigidos a reducir la brecha digital en personas mayores.<\/li>\n<li><u>Yoga adaptado<\/u>: yoga adaptado para personas con movilidad reducida o necesidades f\u00edsicas especiales. Esta actividad tendr\u00e1 un mes de duraci\u00f3n<\/li>\n<li><u>Masterclass de entrenamiento funcional<\/u>: actividad de un d\u00eda de duraci\u00f3n en la que se trabajan diferentes ejercicios de fuerza etc.<\/li>\n<li><u>+QBasket<\/u>: entrenamientos de baloncesto recreativos, mixtos, y adaptados a personas mayores de entre los 60 y 75 a\u00f1os.<\/li>\n<li>Otro tipo de actividad que tenga encaje dentro de las Redes de Mayores.<\/li>\n<\/ul>\n","protected":false},"excerpt":{"rendered":"<p>De esta forma, se complementan las actividades que ofrecen las Redes de Mayores con m\u00e1s propuestas deportivas y sociales de envejecimiento activo<\/p>\n","protected":false},"author":1,"featured_media":52499,"comment_status":"open","ping_status":"closed","sticky":false,"template":"","format":"standard","meta":{"footnotes":""},"categories":[2],"tags":[],"class_list":["post-52498","post","type-post","status-publish","format-standard","has-post-thumbnail","hentry","category-ayuntamiento-pamplona"],"yoast_head":"<!-- This site is optimized with the Yoast SEO plugin v27.3 - https:\/\/yoast.com\/product\/yoast-seo-wordpress\/ -->\n<title>Ayuntamiento de Pamplona y Fundaci\u00f3n Solera mantienen su colaboraci\u00f3n en la organizaci\u00f3n y programaci\u00f3n de actividades para las Redes de Mayores<\/title>\n<meta name=\"robots\" content=\"index, follow, max-snippet:-1, max-image-preview:large, max-video-preview:-1\" \/>\n<link rel=\"canonical\" href=\"https:\/\/www.laguiadepamplona.com\/actualidad\/ayuntamiento-de-pamplona-y-fundacion-solera-mantienen-su-colaboracion-en-la-organizacion-y-programacion-de-actividades-para-las-redes-de-mayores\/\" \/>\n<meta property=\"og:locale\" content=\"es_ES\" \/>\n<meta property=\"og:type\" content=\"article\" \/>\n<meta property=\"og:title\" content=\"Ayuntamiento de Pamplona y Fundaci\u00f3n Solera mantienen su colaboraci\u00f3n en la organizaci\u00f3n y programaci\u00f3n de actividades para las Redes de Mayores\" \/>\n<meta property=\"og:description\" content=\"De esta forma, se complementan las actividades que ofrecen las Redes de Mayores con m\u00e1s propuestas deportivas y sociales de envejecimiento activo\" \/>\n<meta property=\"og:url\" content=\"https:\/\/www.laguiadepamplona.com\/actualidad\/ayuntamiento-de-pamplona-y-fundacion-solera-mantienen-su-colaboracion-en-la-organizacion-y-programacion-de-actividades-para-las-redes-de-mayores\/\" \/>\n<meta property=\"og:site_name\" content=\"La Gu\u00eda de Pamplona\" \/>\n<meta property=\"article:publisher\" content=\"https:\/\/www.facebook.com\/laguiadepamplonacom-133175176762273\/?ref=hl\" \/>\n<meta property=\"article:published_time\" content=\"2025-03-25T13:02:11+00:00\" \/>\n<meta property=\"article:modified_time\" content=\"2025-03-25T17:26:20+00:00\" \/>\n<meta property=\"og:image\" content=\"https:\/\/www.laguiadepamplona.com\/actualidad\/wp-content\/uploads\/2025\/03\/firmaconvenioconsolera1_0.webp\" \/>\n\t<meta property=\"og:image:width\" content=\"1000\" \/>\n\t<meta property=\"og:image:height\" content=\"667\" \/>\n\t<meta property=\"og:image:type\" content=\"image\/webp\" \/>\n<meta name=\"author\" content=\"La Gu\u00eda de Pamplona\" \/>\n<meta name=\"twitter:card\" content=\"summary_large_image\" \/>\n<meta name=\"twitter:creator\" content=\"@LaGuiadPamplona\" \/>\n<meta name=\"twitter:site\" content=\"@LaGuiadPamplona\" \/>\n<meta name=\"twitter:label1\" content=\"Escrito por\" \/>\n\t<meta name=\"twitter:data1\" content=\"La Gu\u00eda de Pamplona\" \/>\n\t<meta name=\"twitter:label2\" content=\"Tiempo de lectura\" \/>\n\t<meta name=\"twitter:data2\" content=\"3 minutos\" \/>\n<script type=\"application\/ld+json\" class=\"yoast-schema-graph\">{\"@context\":\"https:\\\/\\\/schema.org\",\"@graph\":[{\"@type\":\"Article\",\"@id\":\"https:\\\/\\\/www.laguiadepamplona.com\\\/actualidad\\\/ayuntamiento-de-pamplona-y-fundacion-solera-mantienen-su-colaboracion-en-la-organizacion-y-programacion-de-actividades-para-las-redes-de-mayores\\\/#article\",\"isPartOf\":{\"@id\":\"https:\\\/\\\/www.laguiadepamplona.com\\\/actualidad\\\/ayuntamiento-de-pamplona-y-fundacion-solera-mantienen-su-colaboracion-en-la-organizacion-y-programacion-de-actividades-para-las-redes-de-mayores\\\/\"},\"author\":{\"name\":\"La Gu\u00eda de Pamplona\",\"@id\":\"https:\\\/\\\/www.laguiadepamplona.com\\\/actualidad\\\/#\\\/schema\\\/person\\\/efe887376f0213d4657c93adc50b1fdb\"},\"headline\":\"Ayuntamiento de Pamplona y Fundaci\u00f3n Solera mantienen su colaboraci\u00f3n en la organizaci\u00f3n y programaci\u00f3n de actividades para las Redes de Mayores\",\"datePublished\":\"2025-03-25T13:02:11+00:00\",\"dateModified\":\"2025-03-25T17:26:20+00:00\",\"mainEntityOfPage\":{\"@id\":\"https:\\\/\\\/www.laguiadepamplona.com\\\/actualidad\\\/ayuntamiento-de-pamplona-y-fundacion-solera-mantienen-su-colaboracion-en-la-organizacion-y-programacion-de-actividades-para-las-redes-de-mayores\\\/\"},\"wordCount\":659,\"commentCount\":0,\"publisher\":{\"@id\":\"https:\\\/\\\/www.laguiadepamplona.com\\\/actualidad\\\/#organization\"},\"image\":{\"@id\":\"https:\\\/\\\/www.laguiadepamplona.com\\\/actualidad\\\/ayuntamiento-de-pamplona-y-fundacion-solera-mantienen-su-colaboracion-en-la-organizacion-y-programacion-de-actividades-para-las-redes-de-mayores\\\/#primaryimage\"},\"thumbnailUrl\":\"https:\\\/\\\/www.laguiadepamplona.com\\\/actualidad\\\/wp-content\\\/uploads\\\/2025\\\/03\\\/firmaconvenioconsolera1_0.webp\",\"articleSection\":[\"Ayto Pamplona\"],\"inLanguage\":\"es\",\"potentialAction\":[{\"@type\":\"CommentAction\",\"name\":\"Comment\",\"target\":[\"https:\\\/\\\/www.laguiadepamplona.com\\\/actualidad\\\/ayuntamiento-de-pamplona-y-fundacion-solera-mantienen-su-colaboracion-en-la-organizacion-y-programacion-de-actividades-para-las-redes-de-mayores\\\/#respond\"]}]},{\"@type\":\"WebPage\",\"@id\":\"https:\\\/\\\/www.laguiadepamplona.com\\\/actualidad\\\/ayuntamiento-de-pamplona-y-fundacion-solera-mantienen-su-colaboracion-en-la-organizacion-y-programacion-de-actividades-para-las-redes-de-mayores\\\/\",\"url\":\"https:\\\/\\\/www.laguiadepamplona.com\\\/actualidad\\\/ayuntamiento-de-pamplona-y-fundacion-solera-mantienen-su-colaboracion-en-la-organizacion-y-programacion-de-actividades-para-las-redes-de-mayores\\\/\",\"name\":\"Ayuntamiento de Pamplona y Fundaci\u00f3n Solera mantienen su colaboraci\u00f3n en la organizaci\u00f3n y programaci\u00f3n de actividades para las Redes de Mayores\",\"isPartOf\":{\"@id\":\"https:\\\/\\\/www.laguiadepamplona.com\\\/actualidad\\\/#website\"},\"primaryImageOfPage\":{\"@id\":\"https:\\\/\\\/www.laguiadepamplona.com\\\/actualidad\\\/ayuntamiento-de-pamplona-y-fundacion-solera-mantienen-su-colaboracion-en-la-organizacion-y-programacion-de-actividades-para-las-redes-de-mayores\\\/#primaryimage\"},\"image\":{\"@id\":\"https:\\\/\\\/www.laguiadepamplona.com\\\/actualidad\\\/ayuntamiento-de-pamplona-y-fundacion-solera-mantienen-su-colaboracion-en-la-organizacion-y-programacion-de-actividades-para-las-redes-de-mayores\\\/#primaryimage\"},\"thumbnailUrl\":\"https:\\\/\\\/www.laguiadepamplona.com\\\/actualidad\\\/wp-content\\\/uploads\\\/2025\\\/03\\\/firmaconvenioconsolera1_0.webp\",\"datePublished\":\"2025-03-25T13:02:11+00:00\",\"dateModified\":\"2025-03-25T17:26:20+00:00\",\"breadcrumb\":{\"@id\":\"https:\\\/\\\/www.laguiadepamplona.com\\\/actualidad\\\/ayuntamiento-de-pamplona-y-fundacion-solera-mantienen-su-colaboracion-en-la-organizacion-y-programacion-de-actividades-para-las-redes-de-mayores\\\/#breadcrumb\"},\"inLanguage\":\"es\",\"potentialAction\":[{\"@type\":\"ReadAction\",\"target\":[\"https:\\\/\\\/www.laguiadepamplona.com\\\/actualidad\\\/ayuntamiento-de-pamplona-y-fundacion-solera-mantienen-su-colaboracion-en-la-organizacion-y-programacion-de-actividades-para-las-redes-de-mayores\\\/\"]}]},{\"@type\":\"ImageObject\",\"inLanguage\":\"es\",\"@id\":\"https:\\\/\\\/www.laguiadepamplona.com\\\/actualidad\\\/ayuntamiento-de-pamplona-y-fundacion-solera-mantienen-su-colaboracion-en-la-organizacion-y-programacion-de-actividades-para-las-redes-de-mayores\\\/#primaryimage\",\"url\":\"https:\\\/\\\/www.laguiadepamplona.com\\\/actualidad\\\/wp-content\\\/uploads\\\/2025\\\/03\\\/firmaconvenioconsolera1_0.webp\",\"contentUrl\":\"https:\\\/\\\/www.laguiadepamplona.com\\\/actualidad\\\/wp-content\\\/uploads\\\/2025\\\/03\\\/firmaconvenioconsolera1_0.webp\",\"width\":1000,\"height\":667,\"caption\":\"firma convenio con solera\"},{\"@type\":\"BreadcrumbList\",\"@id\":\"https:\\\/\\\/www.laguiadepamplona.com\\\/actualidad\\\/ayuntamiento-de-pamplona-y-fundacion-solera-mantienen-su-colaboracion-en-la-organizacion-y-programacion-de-actividades-para-las-redes-de-mayores\\\/#breadcrumb\",\"itemListElement\":[{\"@type\":\"ListItem\",\"position\":1,\"name\":\"Portada\",\"item\":\"https:\\\/\\\/www.laguiadepamplona.com\\\/actualidad\\\/\"},{\"@type\":\"ListItem\",\"position\":2,\"name\":\"Ayuntamiento de Pamplona y Fundaci\u00f3n Solera mantienen su colaboraci\u00f3n en la organizaci\u00f3n y programaci\u00f3n de actividades para las Redes de Mayores\"}]},{\"@type\":\"WebSite\",\"@id\":\"https:\\\/\\\/www.laguiadepamplona.com\\\/actualidad\\\/#website\",\"url\":\"https:\\\/\\\/www.laguiadepamplona.com\\\/actualidad\\\/\",\"name\":\"La gu\u00eda de Pamplona\",\"description\":\"Noticias de Pamplona\",\"publisher\":{\"@id\":\"https:\\\/\\\/www.laguiadepamplona.com\\\/actualidad\\\/#organization\"},\"potentialAction\":[{\"@type\":\"SearchAction\",\"target\":{\"@type\":\"EntryPoint\",\"urlTemplate\":\"https:\\\/\\\/www.laguiadepamplona.com\\\/actualidad\\\/?s={search_term_string}\"},\"query-input\":{\"@type\":\"PropertyValueSpecification\",\"valueRequired\":true,\"valueName\":\"search_term_string\"}}],\"inLanguage\":\"es\"},{\"@type\":\"Organization\",\"@id\":\"https:\\\/\\\/www.laguiadepamplona.com\\\/actualidad\\\/#organization\",\"name\":\"La Gu\u00eda de Pamplona \\\/ Noticias\",\"url\":\"https:\\\/\\\/www.laguiadepamplona.com\\\/actualidad\\\/\",\"logo\":{\"@type\":\"ImageObject\",\"inLanguage\":\"es\",\"@id\":\"https:\\\/\\\/www.laguiadepamplona.com\\\/actualidad\\\/#\\\/schema\\\/logo\\\/image\\\/\",\"url\":\"https:\\\/\\\/www.laguiadepamplona.com\\\/actualidad\\\/wp-content\\\/uploads\\\/2018\\\/11\\\/logo-laguiadepamplona18-web1.png\",\"contentUrl\":\"https:\\\/\\\/www.laguiadepamplona.com\\\/actualidad\\\/wp-content\\\/uploads\\\/2018\\\/11\\\/logo-laguiadepamplona18-web1.png\",\"width\":600,\"height\":196,\"caption\":\"La Gu\u00eda de Pamplona \\\/ Noticias\"},\"image\":{\"@id\":\"https:\\\/\\\/www.laguiadepamplona.com\\\/actualidad\\\/#\\\/schema\\\/logo\\\/image\\\/\"},\"sameAs\":[\"https:\\\/\\\/www.facebook.com\\\/laguiadepamplonacom-133175176762273\\\/?ref=hl\",\"https:\\\/\\\/x.com\\\/LaGuiadPamplona\",\"https:\\\/\\\/www.instagram.com\\\/la_guia_de_pamplona\\\/\",\"https:\\\/\\\/www.youtube.com\\\/user\\\/laguiadepamplona\"]},{\"@type\":\"Person\",\"@id\":\"https:\\\/\\\/www.laguiadepamplona.com\\\/actualidad\\\/#\\\/schema\\\/person\\\/efe887376f0213d4657c93adc50b1fdb\",\"name\":\"La Gu\u00eda de Pamplona\",\"image\":{\"@type\":\"ImageObject\",\"inLanguage\":\"es\",\"@id\":\"https:\\\/\\\/secure.gravatar.com\\\/avatar\\\/b6992f131dc8d30ab0dff15446e9d346d9dbd95992de0fef795073f5ea83a81c?s=96&d=mm&r=g\",\"url\":\"https:\\\/\\\/secure.gravatar.com\\\/avatar\\\/b6992f131dc8d30ab0dff15446e9d346d9dbd95992de0fef795073f5ea83a81c?s=96&d=mm&r=g\",\"contentUrl\":\"https:\\\/\\\/secure.gravatar.com\\\/avatar\\\/b6992f131dc8d30ab0dff15446e9d346d9dbd95992de0fef795073f5ea83a81c?s=96&d=mm&r=g\",\"caption\":\"La Gu\u00eda de Pamplona\"}}]}<\/script>\n<!-- \/ Yoast SEO plugin. -->","yoast_head_json":{"title":"Ayuntamiento de Pamplona y Fundaci\u00f3n Solera mantienen su colaboraci\u00f3n en la organizaci\u00f3n y programaci\u00f3n de actividades para las Redes de Mayores","robots":{"index":"index","follow":"follow","max-snippet":"max-snippet:-1","max-image-preview":"max-image-preview:large","max-video-preview":"max-video-preview:-1"},"canonical":"https:\/\/www.laguiadepamplona.com\/actualidad\/ayuntamiento-de-pamplona-y-fundacion-solera-mantienen-su-colaboracion-en-la-organizacion-y-programacion-de-actividades-para-las-redes-de-mayores\/","og_locale":"es_ES","og_type":"article","og_title":"Ayuntamiento de Pamplona y Fundaci\u00f3n Solera mantienen su colaboraci\u00f3n en la organizaci\u00f3n y programaci\u00f3n de actividades para las Redes de Mayores","og_description":"De esta forma, se complementan las actividades que ofrecen las Redes de Mayores con m\u00e1s propuestas deportivas y sociales de envejecimiento activo","og_url":"https:\/\/www.laguiadepamplona.com\/actualidad\/ayuntamiento-de-pamplona-y-fundacion-solera-mantienen-su-colaboracion-en-la-organizacion-y-programacion-de-actividades-para-las-redes-de-mayores\/","og_site_name":"La Gu\u00eda de Pamplona","article_publisher":"https:\/\/www.facebook.com\/laguiadepamplonacom-133175176762273\/?ref=hl","article_published_time":"2025-03-25T13:02:11+00:00","article_modified_time":"2025-03-25T17:26:20+00:00","og_image":[{"width":1000,"height":667,"url":"https:\/\/www.laguiadepamplona.com\/actualidad\/wp-content\/uploads\/2025\/03\/firmaconvenioconsolera1_0.webp","type":"image\/webp"}],"author":"La Gu\u00eda de Pamplona","twitter_card":"summary_large_image","twitter_creator":"@LaGuiadPamplona","twitter_site":"@LaGuiadPamplona","twitter_misc":{"Escrito por":"La Gu\u00eda de Pamplona","Tiempo de lectura":"3 minutos"},"schema":{"@context":"https:\/\/schema.org","@graph":[{"@type":"Article","@id":"https:\/\/www.laguiadepamplona.com\/actualidad\/ayuntamiento-de-pamplona-y-fundacion-solera-mantienen-su-colaboracion-en-la-organizacion-y-programacion-de-actividades-para-las-redes-de-mayores\/#article","isPartOf":{"@id":"https:\/\/www.laguiadepamplona.com\/actualidad\/ayuntamiento-de-pamplona-y-fundacion-solera-mantienen-su-colaboracion-en-la-organizacion-y-programacion-de-actividades-para-las-redes-de-mayores\/"},"author":{"name":"La Gu\u00eda de Pamplona","@id":"https:\/\/www.laguiadepamplona.com\/actualidad\/#\/schema\/person\/efe887376f0213d4657c93adc50b1fdb"},"headline":"Ayuntamiento de Pamplona y Fundaci\u00f3n Solera mantienen su colaboraci\u00f3n en la organizaci\u00f3n y programaci\u00f3n de actividades para las Redes de Mayores","datePublished":"2025-03-25T13:02:11+00:00","dateModified":"2025-03-25T17:26:20+00:00","mainEntityOfPage":{"@id":"https:\/\/www.laguiadepamplona.com\/actualidad\/ayuntamiento-de-pamplona-y-fundacion-solera-mantienen-su-colaboracion-en-la-organizacion-y-programacion-de-actividades-para-las-redes-de-mayores\/"},"wordCount":659,"commentCount":0,"publisher":{"@id":"https:\/\/www.laguiadepamplona.com\/actualidad\/#organization"},"image":{"@id":"https:\/\/www.laguiadepamplona.com\/actualidad\/ayuntamiento-de-pamplona-y-fundacion-solera-mantienen-su-colaboracion-en-la-organizacion-y-programacion-de-actividades-para-las-redes-de-mayores\/#primaryimage"},"thumbnailUrl":"https:\/\/www.laguiadepamplona.com\/actualidad\/wp-content\/uploads\/2025\/03\/firmaconvenioconsolera1_0.webp","articleSection":["Ayto Pamplona"],"inLanguage":"es","potentialAction":[{"@type":"CommentAction","name":"Comment","target":["https:\/\/www.laguiadepamplona.com\/actualidad\/ayuntamiento-de-pamplona-y-fundacion-solera-mantienen-su-colaboracion-en-la-organizacion-y-programacion-de-actividades-para-las-redes-de-mayores\/#respond"]}]},{"@type":"WebPage","@id":"https:\/\/www.laguiadepamplona.com\/actualidad\/ayuntamiento-de-pamplona-y-fundacion-solera-mantienen-su-colaboracion-en-la-organizacion-y-programacion-de-actividades-para-las-redes-de-mayores\/","url":"https:\/\/www.laguiadepamplona.com\/actualidad\/ayuntamiento-de-pamplona-y-fundacion-solera-mantienen-su-colaboracion-en-la-organizacion-y-programacion-de-actividades-para-las-redes-de-mayores\/","name":"Ayuntamiento de Pamplona y Fundaci\u00f3n Solera mantienen su colaboraci\u00f3n en la organizaci\u00f3n y programaci\u00f3n de actividades para las Redes de Mayores","isPartOf":{"@id":"https:\/\/www.laguiadepamplona.com\/actualidad\/#website"},"primaryImageOfPage":{"@id":"https:\/\/www.laguiadepamplona.com\/actualidad\/ayuntamiento-de-pamplona-y-fundacion-solera-mantienen-su-colaboracion-en-la-organizacion-y-programacion-de-actividades-para-las-redes-de-mayores\/#primaryimage"},"image":{"@id":"https:\/\/www.laguiadepamplona.com\/actualidad\/ayuntamiento-de-pamplona-y-fundacion-solera-mantienen-su-colaboracion-en-la-organizacion-y-programacion-de-actividades-para-las-redes-de-mayores\/#primaryimage"},"thumbnailUrl":"https:\/\/www.laguiadepamplona.com\/actualidad\/wp-content\/uploads\/2025\/03\/firmaconvenioconsolera1_0.webp","datePublished":"2025-03-25T13:02:11+00:00","dateModified":"2025-03-25T17:26:20+00:00","breadcrumb":{"@id":"https:\/\/www.laguiadepamplona.com\/actualidad\/ayuntamiento-de-pamplona-y-fundacion-solera-mantienen-su-colaboracion-en-la-organizacion-y-programacion-de-actividades-para-las-redes-de-mayores\/#breadcrumb"},"inLanguage":"es","potentialAction":[{"@type":"ReadAction","target":["https:\/\/www.laguiadepamplona.com\/actualidad\/ayuntamiento-de-pamplona-y-fundacion-solera-mantienen-su-colaboracion-en-la-organizacion-y-programacion-de-actividades-para-las-redes-de-mayores\/"]}]},{"@type":"ImageObject","inLanguage":"es","@id":"https:\/\/www.laguiadepamplona.com\/actualidad\/ayuntamiento-de-pamplona-y-fundacion-solera-mantienen-su-colaboracion-en-la-organizacion-y-programacion-de-actividades-para-las-redes-de-mayores\/#primaryimage","url":"https:\/\/www.laguiadepamplona.com\/actualidad\/wp-content\/uploads\/2025\/03\/firmaconvenioconsolera1_0.webp","contentUrl":"https:\/\/www.laguiadepamplona.com\/actualidad\/wp-content\/uploads\/2025\/03\/firmaconvenioconsolera1_0.webp","width":1000,"height":667,"caption":"firma convenio con solera"},{"@type":"BreadcrumbList","@id":"https:\/\/www.laguiadepamplona.com\/actualidad\/ayuntamiento-de-pamplona-y-fundacion-solera-mantienen-su-colaboracion-en-la-organizacion-y-programacion-de-actividades-para-las-redes-de-mayores\/#breadcrumb","itemListElement":[{"@type":"ListItem","position":1,"name":"Portada","item":"https:\/\/www.laguiadepamplona.com\/actualidad\/"},{"@type":"ListItem","position":2,"name":"Ayuntamiento de Pamplona y Fundaci\u00f3n Solera mantienen su colaboraci\u00f3n en la organizaci\u00f3n y programaci\u00f3n de actividades para las Redes de Mayores"}]},{"@type":"WebSite","@id":"https:\/\/www.laguiadepamplona.com\/actualidad\/#website","url":"https:\/\/www.laguiadepamplona.com\/actualidad\/","name":"La gu\u00eda de Pamplona","description":"Noticias de Pamplona","publisher":{"@id":"https:\/\/www.laguiadepamplona.com\/actualidad\/#organization"},"potentialAction":[{"@type":"SearchAction","target":{"@type":"EntryPoint","urlTemplate":"https:\/\/www.laguiadepamplona.com\/actualidad\/?s={search_term_string}"},"query-input":{"@type":"PropertyValueSpecification","valueRequired":true,"valueName":"search_term_string"}}],"inLanguage":"es"},{"@type":"Organization","@id":"https:\/\/www.laguiadepamplona.com\/actualidad\/#organization","name":"La Gu\u00eda de Pamplona \/ Noticias","url":"https:\/\/www.laguiadepamplona.com\/actualidad\/","logo":{"@type":"ImageObject","inLanguage":"es","@id":"https:\/\/www.laguiadepamplona.com\/actualidad\/#\/schema\/logo\/image\/","url":"https:\/\/www.laguiadepamplona.com\/actualidad\/wp-content\/uploads\/2018\/11\/logo-laguiadepamplona18-web1.png","contentUrl":"https:\/\/www.laguiadepamplona.com\/actualidad\/wp-content\/uploads\/2018\/11\/logo-laguiadepamplona18-web1.png","width":600,"height":196,"caption":"La Gu\u00eda de Pamplona \/ Noticias"},"image":{"@id":"https:\/\/www.laguiadepamplona.com\/actualidad\/#\/schema\/logo\/image\/"},"sameAs":["https:\/\/www.facebook.com\/laguiadepamplonacom-133175176762273\/?ref=hl","https:\/\/x.com\/LaGuiadPamplona","https:\/\/www.instagram.com\/la_guia_de_pamplona\/","https:\/\/www.youtube.com\/user\/laguiadepamplona"]},{"@type":"Person","@id":"https:\/\/www.laguiadepamplona.com\/actualidad\/#\/schema\/person\/efe887376f0213d4657c93adc50b1fdb","name":"La Gu\u00eda de Pamplona","image":{"@type":"ImageObject","inLanguage":"es","@id":"https:\/\/secure.gravatar.com\/avatar\/b6992f131dc8d30ab0dff15446e9d346d9dbd95992de0fef795073f5ea83a81c?s=96&d=mm&r=g","url":"https:\/\/secure.gravatar.com\/avatar\/b6992f131dc8d30ab0dff15446e9d346d9dbd95992de0fef795073f5ea83a81c?s=96&d=mm&r=g","contentUrl":"https:\/\/secure.gravatar.com\/avatar\/b6992f131dc8d30ab0dff15446e9d346d9dbd95992de0fef795073f5ea83a81c?s=96&d=mm&r=g","caption":"La Gu\u00eda de Pamplona"}}]}},"post_mailing_queue_ids":[],"_links":{"self":[{"href":"https:\/\/www.laguiadepamplona.com\/actualidad\/wp-json\/wp\/v2\/posts\/52498","targetHints":{"allow":["GET"]}}],"collection":[{"href":"https:\/\/www.laguiadepamplona.com\/actualidad\/wp-json\/wp\/v2\/posts"}],"about":[{"href":"https:\/\/www.laguiadepamplona.com\/actualidad\/wp-json\/wp\/v2\/types\/post"}],"author":[{"embeddable":true,"href":"https:\/\/www.laguiadepamplona.com\/actualidad\/wp-json\/wp\/v2\/users\/1"}],"replies":[{"embeddable":true,"href":"https:\/\/www.laguiadepamplona.com\/actualidad\/wp-json\/wp\/v2\/comments?post=52498"}],"version-history":[{"count":2,"href":"https:\/\/www.laguiadepamplona.com\/actualidad\/wp-json\/wp\/v2\/posts\/52498\/revisions"}],"predecessor-version":[{"id":52511,"href":"https:\/\/www.laguiadepamplona.com\/actualidad\/wp-json\/wp\/v2\/posts\/52498\/revisions\/52511"}],"wp:featuredmedia":[{"embeddable":true,"href":"https:\/\/www.laguiadepamplona.com\/actualidad\/wp-json\/wp\/v2\/media\/52499"}],"wp:attachment":[{"href":"https:\/\/www.laguiadepamplona.com\/actualidad\/wp-json\/wp\/v2\/media?parent=52498"}],"wp:term":[{"taxonomy":"category","embeddable":true,"href":"https:\/\/www.laguiadepamplona.com\/actualidad\/wp-json\/wp\/v2\/categories?post=52498"},{"taxonomy":"post_tag","embeddable":true,"href":"https:\/\/www.laguiadepamplona.com\/actualidad\/wp-json\/wp\/v2\/tags?post=52498"}],"curies":[{"name":"wp","href":"https:\/\/api.w.org\/{rel}","templated":true}]}}