{"id":52490,"date":"2025-03-24T17:56:20","date_gmt":"2025-03-24T15:56:20","guid":{"rendered":"https:\/\/www.laguiadepamplona.com\/actualidad\/?p=52490"},"modified":"2025-03-24T17:59:44","modified_gmt":"2025-03-24T15:59:44","slug":"comienzan-los-actos-del-2-100-aniversario-de-la-fundacion-romana-de-la-ciudad-con-la-inauguracion-esta-semana-de-los-dialogos-sobre-la-historia-de-pamplona","status":"publish","type":"post","link":"https:\/\/www.laguiadepamplona.com\/actualidad\/comienzan-los-actos-del-2-100-aniversario-de-la-fundacion-romana-de-la-ciudad-con-la-inauguracion-esta-semana-de-los-dialogos-sobre-la-historia-de-pamplona\/","title":{"rendered":"Comienzan los actos del 2.100 aniversario de la fundaci\u00f3n romana de la ciudad con la inauguraci\u00f3n, esta semana, de los Di\u00e1logos sobre la historia de Pamplona"},"content":{"rendered":"<h2>Las sesiones se desarrollar\u00e1n entre el 26 de marzo y el 20 de mayo, con entrada libre y lenguaje de signos, y se podr\u00e1n ver a posteriori en <a href=\"http:\/\/www.pamplona.es\">www.pamplona.es<\/a><\/h2>\n<p><!--more--><\/p>\n<p>Comienzan este mi\u00e9rcoles las actividades previstas por el Ayuntamiento de Pamplona para conmemorar la fundaci\u00f3n romana de la ciudad hace 2.100 a\u00f1os. De marzo de 2025 al primer semestre de 2026 se desarrollar\u00e1n actividades culturales, etnogr\u00e1ficas, did\u00e1cticas y cient\u00edficas para p\u00fablicos diversos y, para abrir el programa se ha elegido un ciclo de siete \u2018Di\u00e1logos sobre la historia de Pamplona\u2019.<\/p>\n<p>Los encuentros revisar\u00e1n de forma comentada, desde el primitivo poblado vasc\u00f3n, al castro militar y el asentamiento romano; recrear\u00e1n tambi\u00e9n la g\u00e9nesis del Reino de Pamplona, el trascurso de la Edad Media en la ciudad y los burgos, hasta el nacimiento de la ciudad moderna. Tambi\u00e9n habr\u00e1 espacio para llegar hasta la modernidad, analizando asimismo el papel de las mujeres en la historia de la ciudad y la evoluci\u00f3n y los retos del euskera en el devenir hist\u00f3rico de Pamplona.<\/p>\n<p>Estas sesiones conversacionales con personas expertas se desarrollar\u00e1n desde el 26 de marzo hasta el 20 de mayo en el Palacio del Condestable, con una metodolog\u00eda en la que dos personas especialistas conversar\u00e1n sobre los temas propuestos, e interactuar\u00e1n con el p\u00fablico, con la ayuda de moderadores. A lo largo de los encuentros, se ir\u00e1 guiando al p\u00fablico por un viaje por la historia de Pamplona. En todas las sesiones participar\u00e1n int\u00e9rpretes de signos, para que la actividad sea accesible a personas con diversidad auditiva. Adem\u00e1s, todas las conversaciones se grabar\u00e1n y se subir\u00e1n en <a href=\"http:\/\/www.pamplona.es\" target=\"_blank\" rel=\"noopener\">www.pamplona.es<\/a> y podr\u00e1n verse res\u00famenes en las redes sociales municipales.<\/p>\n<p>Todas las sesiones comenzar\u00e1n a las 19 horas y la entrada a estas citas ser\u00e1 libre. La primera sesi\u00f3n, el di\u00e1logo que inaugurar\u00e1 el ciclo \u2018El mundo vasc\u00f3n y la romanizaci\u00f3n\u2019, tendr\u00e1 lugar el mi\u00e9rcoles 26 de marzo a cargo de los arque\u00f3logos y profesores de la Universidad P\u00fablica de Navarra, Javier Armendariz Martija, y de la Universidad de Pa\u00eds Vasco (UPV-EHU), Jokin Lanz Betelu. El programa completo \u2018Pompelo, 2.100 a\u00f1os de convivencia\u2019 busca poner en valor la historia de la ciudad y sus dos momentos fundacionales (la ciudad romana y la moderna), incidiendo en una de sus se\u00f1as de identidad: la capacidad de convivir. Hasta el primer semestre de 2026 las actividades buscar\u00e1n tambi\u00e9n proyectar hacia el futuro y hacia el exterior Pamplona, su marca, y su relato.<\/p>\n<p><strong>El panel de personas expertas<\/strong><\/p>\n<p>A lo largo de tres meses se ir\u00e1n dado cita personas que se dedican a este campo desde la Historia y la Arqueolog\u00eda, la Ling\u00fc\u00edstica y la Traducci\u00f3n, como personal investigador o docente, o desde el trabajo profesional en entidades p\u00fablicas o privadas. Estos expertos y expertas desempe\u00f1an, adem\u00e1s, funciones en diferentes entidades como el Museo y Yacimiento Arqueol\u00f3gico de Las Eretas, la Sociedad de Ciencias Aranzadi, la red de Bibliotecas P\u00fablicas de Navarra, el Archivo Real y General de Navarra, el Fondo Documental de memoria Hist\u00f3rica, el grupo de investigaci\u00f3n de historia de mujeres IPES_Elkartea, el Museo Oiasso (Ir\u00fan). Tambi\u00e9n en medios de comunicaci\u00f3n como Ze berri, Diario de Noticias o las revistas Trabajos de Arqueolog\u00eda de Navarra, Linguae Vasconum o Pr\u00edncipe de Viana. Son, adem\u00e1s, firmantes de investigaciones, art\u00edculos y publicaciones de diversos formatos.<\/p>\n<p>Desde el punto de vista acad\u00e9mico, son historiadores Aitor Pescador Medrano; Mikel Zuza Viniegra; I\u00f1aki Sagredo Garde; Peio Monteano Sorbet y Ana D\u00edez de Ure Eraul. Ese mismo perfil, pero incluyendo docencia universitaria en la Universidad P\u00fablica de Navarra (UPNA) es el que tienen Jokin Lanz Betelu, Amaia Nausia Pimoulier y Gemma Pi\u00e9rola Narvarte y \u00c1lvaro Adot Lerga, en este caso docente en la Universidad Complutense de Madrid (UCM). Arque\u00f3logos y profesores en la UPNA y la UPV- EHU, respectivamente, son Javier Armendariz Martija y Josu Narbarte Hernandez.<\/p>\n<p>En el perfil vinculado a la arquitectura y el urbanismo en el programa est\u00e1n Bixente Taberna Irazoki, y Mar\u00eda Urmeneta Fern\u00e1ndez y completan el panel de personas expertas y, adem\u00e1s, en el ciclo participar\u00e1n Enrike D\u00edez de Ulzurrun Sagal\u00e0, periodista y traductor y Ekaitz Santazilia Salvador, fil\u00f3logo y profesor en la UPNA.<\/p>\n<p>&nbsp;<\/p>\n<h3>Di\u00e1logos sobre la historia de pamplona. Palacio del Condestable. 19 horas<\/h3>\n<p><u>MARZO<\/u><\/p>\n<p><strong>Mi\u00e9rcoles 26<\/strong><\/p>\n<ul>\n<li>ACTO INAUGURAL<\/li>\n<li>Di\u00e1logo 1. \u00abEl mundo vasc\u00f3n y la romanizaci\u00f3n\u00bb<\/li>\n<li>Jokin Lanz Betelu, historiador, profesor en la UPNA<\/li>\n<li>Javier Armendariz Martija, arque\u00f3logo, profesor en la UPNA.<\/li>\n<\/ul>\n<p><u>ABRIL<\/u><\/p>\n<p><strong>Mi\u00e9rcoles 9 <\/strong><\/p>\n<ul>\n<li>DI\u00c1LOGO 2. \u00abDe la urbe romana a la Pamplona de los Burgos (SS. VI AL XIII)\u00bb<\/li>\n<li>Aitor Pescador Medrano, historiador<\/li>\n<li>Josu Narbarte Hernandez, Arque\u00f3logo. Profesor en la UPV-EHU<\/li>\n<\/ul>\n<p><strong>Martes 15 <\/strong><\/p>\n<ul>\n<li>DI\u00c1LOGO 3. \u00abTiempo de coronaciones y traiciones: la Pamplona de los siglos XIII al XV\u00bb<\/li>\n<li>Mikel Zuza Viniegra, historiador<\/li>\n<li>I\u00f1aki Sagredo Garde, historiador<\/li>\n<\/ul>\n<p><strong>Mi\u00e9rcoles 30<\/strong><\/p>\n<ul>\n<li>DI\u00c1LOGO 4. \u00abPamplona, de sede de la corte y foco humanista a sede de virreyes\u00bb<\/li>\n<li>\u00c1lvaro Adot Lerga, historiador, profesor en la Universidad Complutense de Madrid<\/li>\n<li>Peio Monteano Sorbet, historiador<\/li>\n<\/ul>\n<p><u>MAYO<\/u><\/p>\n<p><strong>Martes 6 de mayo<\/strong><\/p>\n<ul>\n<li>DI\u00c1LOGO 5. \u00abPamplona, la ciudad de las mujeres\u00bb.<\/li>\n<li>Amaia Nausia Pimoulier, historiadora, profesora en la UPNA<\/li>\n<li>Gemma Pi\u00e9rola Narvarte, historiadora, profesora en la UPNA<\/li>\n<li>Ana D\u00edez de Ure Eraul, historiadora<\/li>\n<\/ul>\n<p><strong>Martes 13<\/strong><\/p>\n<ul>\n<li>DI\u00c1LOGO 6: \u00abLa Pamplona de los ensanches\u00bb.<\/li>\n<li>Bixente Taberna Irazoki, arquitecto y urbanista<\/li>\n<li>Mar\u00eda Urmeneta Fern\u00e1ndez, arquitecta y urbanista<\/li>\n<\/ul>\n<p><strong>Martes 20<\/strong><\/p>\n<ul>\n<li>DI\u00c1LOGO 7: \u00abEuskara Iru\u00f1eko historian\u00bb.<\/li>\n<li>Enrike D\u00edez de Ulzurrun Sagal\u00e0, periodista y traductor<\/li>\n<li>Ekaitz Santazilia Salvador, fil\u00f3logo, profesor en la UPNA<\/li>\n<\/ul>\n","protected":false},"excerpt":{"rendered":"<p>Las sesiones se desarrollar\u00e1n entre el 26 de marzo y el 20 de mayo, con entrada libre y lenguaje de signos, y se podr\u00e1n ver a posteriori en www.pamplona.es<\/p>\n","protected":false},"author":1,"featured_media":52495,"comment_status":"open","ping_status":"closed","sticky":false,"template":"","format":"standard","meta":{"footnotes":""},"categories":[2],"tags":[],"class_list":["post-52490","post","type-post","status-publish","format-standard","has-post-thumbnail","hentry","category-ayuntamiento-pamplona"],"yoast_head":"<!-- This site is optimized with the Yoast SEO plugin v27.3 - https:\/\/yoast.com\/product\/yoast-seo-wordpress\/ -->\n<title>Comienzan los actos del 2.100 aniversario de la fundaci\u00f3n romana de la ciudad con la inauguraci\u00f3n, esta semana, de los Di\u00e1logos sobre la historia de Pamplona<\/title>\n<meta name=\"description\" content=\"Las sesiones se desarrollar\u00e1n entre el 26 de marzo y el 20 de mayo, con entrada libre y lenguaje de signos, y se podr\u00e1n ver a posteriori en www.pamplona.es\" \/>\n<meta name=\"robots\" content=\"index, follow, max-snippet:-1, max-image-preview:large, max-video-preview:-1\" \/>\n<link rel=\"canonical\" href=\"https:\/\/www.laguiadepamplona.com\/actualidad\/comienzan-los-actos-del-2-100-aniversario-de-la-fundacion-romana-de-la-ciudad-con-la-inauguracion-esta-semana-de-los-dialogos-sobre-la-historia-de-pamplona\/\" \/>\n<meta property=\"og:locale\" content=\"es_ES\" \/>\n<meta property=\"og:type\" content=\"article\" \/>\n<meta property=\"og:title\" content=\"Comienzan los actos del 2.100 aniversario de la fundaci\u00f3n romana de la ciudad con la inauguraci\u00f3n, esta semana, de los Di\u00e1logos sobre la historia de Pamplona\" \/>\n<meta property=\"og:description\" content=\"Las sesiones se desarrollar\u00e1n entre el 26 de marzo y el 20 de mayo, con entrada libre y lenguaje de signos, y se podr\u00e1n ver a posteriori en www.pamplona.es\" \/>\n<meta property=\"og:url\" content=\"https:\/\/www.laguiadepamplona.com\/actualidad\/comienzan-los-actos-del-2-100-aniversario-de-la-fundacion-romana-de-la-ciudad-con-la-inauguracion-esta-semana-de-los-dialogos-sobre-la-historia-de-pamplona\/\" \/>\n<meta property=\"og:site_name\" content=\"La Gu\u00eda de Pamplona\" \/>\n<meta property=\"article:publisher\" content=\"https:\/\/www.facebook.com\/laguiadepamplonacom-133175176762273\/?ref=hl\" \/>\n<meta property=\"article:published_time\" content=\"2025-03-24T15:56:20+00:00\" \/>\n<meta property=\"article:modified_time\" content=\"2025-03-24T15:59:44+00:00\" \/>\n<meta property=\"og:image\" content=\"https:\/\/www.laguiadepamplona.com\/actualidad\/wp-content\/uploads\/2025\/03\/2100-web.webp\" \/>\n\t<meta property=\"og:image:width\" content=\"1000\" \/>\n\t<meta property=\"og:image:height\" content=\"618\" \/>\n\t<meta property=\"og:image:type\" content=\"image\/webp\" \/>\n<meta name=\"author\" content=\"La Gu\u00eda de Pamplona\" \/>\n<meta name=\"twitter:card\" content=\"summary_large_image\" \/>\n<meta name=\"twitter:creator\" content=\"@LaGuiadPamplona\" \/>\n<meta name=\"twitter:site\" content=\"@LaGuiadPamplona\" \/>\n<meta name=\"twitter:label1\" content=\"Escrito por\" \/>\n\t<meta name=\"twitter:data1\" content=\"La Gu\u00eda de Pamplona\" \/>\n\t<meta name=\"twitter:label2\" content=\"Tiempo de lectura\" \/>\n\t<meta name=\"twitter:data2\" content=\"5 minutos\" \/>\n<script type=\"application\/ld+json\" class=\"yoast-schema-graph\">{\"@context\":\"https:\\\/\\\/schema.org\",\"@graph\":[{\"@type\":\"Article\",\"@id\":\"https:\\\/\\\/www.laguiadepamplona.com\\\/actualidad\\\/comienzan-los-actos-del-2-100-aniversario-de-la-fundacion-romana-de-la-ciudad-con-la-inauguracion-esta-semana-de-los-dialogos-sobre-la-historia-de-pamplona\\\/#article\",\"isPartOf\":{\"@id\":\"https:\\\/\\\/www.laguiadepamplona.com\\\/actualidad\\\/comienzan-los-actos-del-2-100-aniversario-de-la-fundacion-romana-de-la-ciudad-con-la-inauguracion-esta-semana-de-los-dialogos-sobre-la-historia-de-pamplona\\\/\"},\"author\":{\"name\":\"La Gu\u00eda de Pamplona\",\"@id\":\"https:\\\/\\\/www.laguiadepamplona.com\\\/actualidad\\\/#\\\/schema\\\/person\\\/efe887376f0213d4657c93adc50b1fdb\"},\"headline\":\"Comienzan los actos del 2.100 aniversario de la fundaci\u00f3n romana de la ciudad con la inauguraci\u00f3n, esta semana, de los Di\u00e1logos sobre la historia de Pamplona\",\"datePublished\":\"2025-03-24T15:56:20+00:00\",\"dateModified\":\"2025-03-24T15:59:44+00:00\",\"mainEntityOfPage\":{\"@id\":\"https:\\\/\\\/www.laguiadepamplona.com\\\/actualidad\\\/comienzan-los-actos-del-2-100-aniversario-de-la-fundacion-romana-de-la-ciudad-con-la-inauguracion-esta-semana-de-los-dialogos-sobre-la-historia-de-pamplona\\\/\"},\"wordCount\":998,\"commentCount\":0,\"publisher\":{\"@id\":\"https:\\\/\\\/www.laguiadepamplona.com\\\/actualidad\\\/#organization\"},\"image\":{\"@id\":\"https:\\\/\\\/www.laguiadepamplona.com\\\/actualidad\\\/comienzan-los-actos-del-2-100-aniversario-de-la-fundacion-romana-de-la-ciudad-con-la-inauguracion-esta-semana-de-los-dialogos-sobre-la-historia-de-pamplona\\\/#primaryimage\"},\"thumbnailUrl\":\"https:\\\/\\\/www.laguiadepamplona.com\\\/actualidad\\\/wp-content\\\/uploads\\\/2025\\\/03\\\/2100-web.webp\",\"articleSection\":[\"Ayto Pamplona\"],\"inLanguage\":\"es\",\"potentialAction\":[{\"@type\":\"CommentAction\",\"name\":\"Comment\",\"target\":[\"https:\\\/\\\/www.laguiadepamplona.com\\\/actualidad\\\/comienzan-los-actos-del-2-100-aniversario-de-la-fundacion-romana-de-la-ciudad-con-la-inauguracion-esta-semana-de-los-dialogos-sobre-la-historia-de-pamplona\\\/#respond\"]}]},{\"@type\":\"WebPage\",\"@id\":\"https:\\\/\\\/www.laguiadepamplona.com\\\/actualidad\\\/comienzan-los-actos-del-2-100-aniversario-de-la-fundacion-romana-de-la-ciudad-con-la-inauguracion-esta-semana-de-los-dialogos-sobre-la-historia-de-pamplona\\\/\",\"url\":\"https:\\\/\\\/www.laguiadepamplona.com\\\/actualidad\\\/comienzan-los-actos-del-2-100-aniversario-de-la-fundacion-romana-de-la-ciudad-con-la-inauguracion-esta-semana-de-los-dialogos-sobre-la-historia-de-pamplona\\\/\",\"name\":\"Comienzan los actos del 2.100 aniversario de la fundaci\u00f3n romana de la ciudad con la inauguraci\u00f3n, esta semana, de los Di\u00e1logos sobre la historia de Pamplona\",\"isPartOf\":{\"@id\":\"https:\\\/\\\/www.laguiadepamplona.com\\\/actualidad\\\/#website\"},\"primaryImageOfPage\":{\"@id\":\"https:\\\/\\\/www.laguiadepamplona.com\\\/actualidad\\\/comienzan-los-actos-del-2-100-aniversario-de-la-fundacion-romana-de-la-ciudad-con-la-inauguracion-esta-semana-de-los-dialogos-sobre-la-historia-de-pamplona\\\/#primaryimage\"},\"image\":{\"@id\":\"https:\\\/\\\/www.laguiadepamplona.com\\\/actualidad\\\/comienzan-los-actos-del-2-100-aniversario-de-la-fundacion-romana-de-la-ciudad-con-la-inauguracion-esta-semana-de-los-dialogos-sobre-la-historia-de-pamplona\\\/#primaryimage\"},\"thumbnailUrl\":\"https:\\\/\\\/www.laguiadepamplona.com\\\/actualidad\\\/wp-content\\\/uploads\\\/2025\\\/03\\\/2100-web.webp\",\"datePublished\":\"2025-03-24T15:56:20+00:00\",\"dateModified\":\"2025-03-24T15:59:44+00:00\",\"description\":\"Las sesiones se desarrollar\u00e1n entre el 26 de marzo y el 20 de mayo, con entrada libre y lenguaje de signos, y se podr\u00e1n ver a posteriori en www.pamplona.es\",\"breadcrumb\":{\"@id\":\"https:\\\/\\\/www.laguiadepamplona.com\\\/actualidad\\\/comienzan-los-actos-del-2-100-aniversario-de-la-fundacion-romana-de-la-ciudad-con-la-inauguracion-esta-semana-de-los-dialogos-sobre-la-historia-de-pamplona\\\/#breadcrumb\"},\"inLanguage\":\"es\",\"potentialAction\":[{\"@type\":\"ReadAction\",\"target\":[\"https:\\\/\\\/www.laguiadepamplona.com\\\/actualidad\\\/comienzan-los-actos-del-2-100-aniversario-de-la-fundacion-romana-de-la-ciudad-con-la-inauguracion-esta-semana-de-los-dialogos-sobre-la-historia-de-pamplona\\\/\"]}]},{\"@type\":\"ImageObject\",\"inLanguage\":\"es\",\"@id\":\"https:\\\/\\\/www.laguiadepamplona.com\\\/actualidad\\\/comienzan-los-actos-del-2-100-aniversario-de-la-fundacion-romana-de-la-ciudad-con-la-inauguracion-esta-semana-de-los-dialogos-sobre-la-historia-de-pamplona\\\/#primaryimage\",\"url\":\"https:\\\/\\\/www.laguiadepamplona.com\\\/actualidad\\\/wp-content\\\/uploads\\\/2025\\\/03\\\/2100-web.webp\",\"contentUrl\":\"https:\\\/\\\/www.laguiadepamplona.com\\\/actualidad\\\/wp-content\\\/uploads\\\/2025\\\/03\\\/2100-web.webp\",\"width\":1000,\"height\":618,\"caption\":\"2100 aniversario\"},{\"@type\":\"BreadcrumbList\",\"@id\":\"https:\\\/\\\/www.laguiadepamplona.com\\\/actualidad\\\/comienzan-los-actos-del-2-100-aniversario-de-la-fundacion-romana-de-la-ciudad-con-la-inauguracion-esta-semana-de-los-dialogos-sobre-la-historia-de-pamplona\\\/#breadcrumb\",\"itemListElement\":[{\"@type\":\"ListItem\",\"position\":1,\"name\":\"Portada\",\"item\":\"https:\\\/\\\/www.laguiadepamplona.com\\\/actualidad\\\/\"},{\"@type\":\"ListItem\",\"position\":2,\"name\":\"Comienzan los actos del 2.100 aniversario de la fundaci\u00f3n romana de la ciudad con la inauguraci\u00f3n, esta semana, de los Di\u00e1logos sobre la historia de Pamplona\"}]},{\"@type\":\"WebSite\",\"@id\":\"https:\\\/\\\/www.laguiadepamplona.com\\\/actualidad\\\/#website\",\"url\":\"https:\\\/\\\/www.laguiadepamplona.com\\\/actualidad\\\/\",\"name\":\"La gu\u00eda de Pamplona\",\"description\":\"Noticias de Pamplona\",\"publisher\":{\"@id\":\"https:\\\/\\\/www.laguiadepamplona.com\\\/actualidad\\\/#organization\"},\"potentialAction\":[{\"@type\":\"SearchAction\",\"target\":{\"@type\":\"EntryPoint\",\"urlTemplate\":\"https:\\\/\\\/www.laguiadepamplona.com\\\/actualidad\\\/?s={search_term_string}\"},\"query-input\":{\"@type\":\"PropertyValueSpecification\",\"valueRequired\":true,\"valueName\":\"search_term_string\"}}],\"inLanguage\":\"es\"},{\"@type\":\"Organization\",\"@id\":\"https:\\\/\\\/www.laguiadepamplona.com\\\/actualidad\\\/#organization\",\"name\":\"La Gu\u00eda de Pamplona \\\/ Noticias\",\"url\":\"https:\\\/\\\/www.laguiadepamplona.com\\\/actualidad\\\/\",\"logo\":{\"@type\":\"ImageObject\",\"inLanguage\":\"es\",\"@id\":\"https:\\\/\\\/www.laguiadepamplona.com\\\/actualidad\\\/#\\\/schema\\\/logo\\\/image\\\/\",\"url\":\"https:\\\/\\\/www.laguiadepamplona.com\\\/actualidad\\\/wp-content\\\/uploads\\\/2018\\\/11\\\/logo-laguiadepamplona18-web1.png\",\"contentUrl\":\"https:\\\/\\\/www.laguiadepamplona.com\\\/actualidad\\\/wp-content\\\/uploads\\\/2018\\\/11\\\/logo-laguiadepamplona18-web1.png\",\"width\":600,\"height\":196,\"caption\":\"La Gu\u00eda de Pamplona \\\/ Noticias\"},\"image\":{\"@id\":\"https:\\\/\\\/www.laguiadepamplona.com\\\/actualidad\\\/#\\\/schema\\\/logo\\\/image\\\/\"},\"sameAs\":[\"https:\\\/\\\/www.facebook.com\\\/laguiadepamplonacom-133175176762273\\\/?ref=hl\",\"https:\\\/\\\/x.com\\\/LaGuiadPamplona\",\"https:\\\/\\\/www.instagram.com\\\/la_guia_de_pamplona\\\/\",\"https:\\\/\\\/www.youtube.com\\\/user\\\/laguiadepamplona\"]},{\"@type\":\"Person\",\"@id\":\"https:\\\/\\\/www.laguiadepamplona.com\\\/actualidad\\\/#\\\/schema\\\/person\\\/efe887376f0213d4657c93adc50b1fdb\",\"name\":\"La Gu\u00eda de Pamplona\",\"image\":{\"@type\":\"ImageObject\",\"inLanguage\":\"es\",\"@id\":\"https:\\\/\\\/secure.gravatar.com\\\/avatar\\\/b6992f131dc8d30ab0dff15446e9d346d9dbd95992de0fef795073f5ea83a81c?s=96&d=mm&r=g\",\"url\":\"https:\\\/\\\/secure.gravatar.com\\\/avatar\\\/b6992f131dc8d30ab0dff15446e9d346d9dbd95992de0fef795073f5ea83a81c?s=96&d=mm&r=g\",\"contentUrl\":\"https:\\\/\\\/secure.gravatar.com\\\/avatar\\\/b6992f131dc8d30ab0dff15446e9d346d9dbd95992de0fef795073f5ea83a81c?s=96&d=mm&r=g\",\"caption\":\"La Gu\u00eda de Pamplona\"}}]}<\/script>\n<!-- \/ Yoast SEO plugin. -->","yoast_head_json":{"title":"Comienzan los actos del 2.100 aniversario de la fundaci\u00f3n romana de la ciudad con la inauguraci\u00f3n, esta semana, de los Di\u00e1logos sobre la historia de Pamplona","description":"Las sesiones se desarrollar\u00e1n entre el 26 de marzo y el 20 de mayo, con entrada libre y lenguaje de signos, y se podr\u00e1n ver a posteriori en www.pamplona.es","robots":{"index":"index","follow":"follow","max-snippet":"max-snippet:-1","max-image-preview":"max-image-preview:large","max-video-preview":"max-video-preview:-1"},"canonical":"https:\/\/www.laguiadepamplona.com\/actualidad\/comienzan-los-actos-del-2-100-aniversario-de-la-fundacion-romana-de-la-ciudad-con-la-inauguracion-esta-semana-de-los-dialogos-sobre-la-historia-de-pamplona\/","og_locale":"es_ES","og_type":"article","og_title":"Comienzan los actos del 2.100 aniversario de la fundaci\u00f3n romana de la ciudad con la inauguraci\u00f3n, esta semana, de los Di\u00e1logos sobre la historia de Pamplona","og_description":"Las sesiones se desarrollar\u00e1n entre el 26 de marzo y el 20 de mayo, con entrada libre y lenguaje de signos, y se podr\u00e1n ver a posteriori en www.pamplona.es","og_url":"https:\/\/www.laguiadepamplona.com\/actualidad\/comienzan-los-actos-del-2-100-aniversario-de-la-fundacion-romana-de-la-ciudad-con-la-inauguracion-esta-semana-de-los-dialogos-sobre-la-historia-de-pamplona\/","og_site_name":"La Gu\u00eda de Pamplona","article_publisher":"https:\/\/www.facebook.com\/laguiadepamplonacom-133175176762273\/?ref=hl","article_published_time":"2025-03-24T15:56:20+00:00","article_modified_time":"2025-03-24T15:59:44+00:00","og_image":[{"width":1000,"height":618,"url":"https:\/\/www.laguiadepamplona.com\/actualidad\/wp-content\/uploads\/2025\/03\/2100-web.webp","type":"image\/webp"}],"author":"La Gu\u00eda de Pamplona","twitter_card":"summary_large_image","twitter_creator":"@LaGuiadPamplona","twitter_site":"@LaGuiadPamplona","twitter_misc":{"Escrito por":"La Gu\u00eda de Pamplona","Tiempo de lectura":"5 minutos"},"schema":{"@context":"https:\/\/schema.org","@graph":[{"@type":"Article","@id":"https:\/\/www.laguiadepamplona.com\/actualidad\/comienzan-los-actos-del-2-100-aniversario-de-la-fundacion-romana-de-la-ciudad-con-la-inauguracion-esta-semana-de-los-dialogos-sobre-la-historia-de-pamplona\/#article","isPartOf":{"@id":"https:\/\/www.laguiadepamplona.com\/actualidad\/comienzan-los-actos-del-2-100-aniversario-de-la-fundacion-romana-de-la-ciudad-con-la-inauguracion-esta-semana-de-los-dialogos-sobre-la-historia-de-pamplona\/"},"author":{"name":"La Gu\u00eda de Pamplona","@id":"https:\/\/www.laguiadepamplona.com\/actualidad\/#\/schema\/person\/efe887376f0213d4657c93adc50b1fdb"},"headline":"Comienzan los actos del 2.100 aniversario de la fundaci\u00f3n romana de la ciudad con la inauguraci\u00f3n, esta semana, de los Di\u00e1logos sobre la historia de Pamplona","datePublished":"2025-03-24T15:56:20+00:00","dateModified":"2025-03-24T15:59:44+00:00","mainEntityOfPage":{"@id":"https:\/\/www.laguiadepamplona.com\/actualidad\/comienzan-los-actos-del-2-100-aniversario-de-la-fundacion-romana-de-la-ciudad-con-la-inauguracion-esta-semana-de-los-dialogos-sobre-la-historia-de-pamplona\/"},"wordCount":998,"commentCount":0,"publisher":{"@id":"https:\/\/www.laguiadepamplona.com\/actualidad\/#organization"},"image":{"@id":"https:\/\/www.laguiadepamplona.com\/actualidad\/comienzan-los-actos-del-2-100-aniversario-de-la-fundacion-romana-de-la-ciudad-con-la-inauguracion-esta-semana-de-los-dialogos-sobre-la-historia-de-pamplona\/#primaryimage"},"thumbnailUrl":"https:\/\/www.laguiadepamplona.com\/actualidad\/wp-content\/uploads\/2025\/03\/2100-web.webp","articleSection":["Ayto Pamplona"],"inLanguage":"es","potentialAction":[{"@type":"CommentAction","name":"Comment","target":["https:\/\/www.laguiadepamplona.com\/actualidad\/comienzan-los-actos-del-2-100-aniversario-de-la-fundacion-romana-de-la-ciudad-con-la-inauguracion-esta-semana-de-los-dialogos-sobre-la-historia-de-pamplona\/#respond"]}]},{"@type":"WebPage","@id":"https:\/\/www.laguiadepamplona.com\/actualidad\/comienzan-los-actos-del-2-100-aniversario-de-la-fundacion-romana-de-la-ciudad-con-la-inauguracion-esta-semana-de-los-dialogos-sobre-la-historia-de-pamplona\/","url":"https:\/\/www.laguiadepamplona.com\/actualidad\/comienzan-los-actos-del-2-100-aniversario-de-la-fundacion-romana-de-la-ciudad-con-la-inauguracion-esta-semana-de-los-dialogos-sobre-la-historia-de-pamplona\/","name":"Comienzan los actos del 2.100 aniversario de la fundaci\u00f3n romana de la ciudad con la inauguraci\u00f3n, esta semana, de los Di\u00e1logos sobre la historia de Pamplona","isPartOf":{"@id":"https:\/\/www.laguiadepamplona.com\/actualidad\/#website"},"primaryImageOfPage":{"@id":"https:\/\/www.laguiadepamplona.com\/actualidad\/comienzan-los-actos-del-2-100-aniversario-de-la-fundacion-romana-de-la-ciudad-con-la-inauguracion-esta-semana-de-los-dialogos-sobre-la-historia-de-pamplona\/#primaryimage"},"image":{"@id":"https:\/\/www.laguiadepamplona.com\/actualidad\/comienzan-los-actos-del-2-100-aniversario-de-la-fundacion-romana-de-la-ciudad-con-la-inauguracion-esta-semana-de-los-dialogos-sobre-la-historia-de-pamplona\/#primaryimage"},"thumbnailUrl":"https:\/\/www.laguiadepamplona.com\/actualidad\/wp-content\/uploads\/2025\/03\/2100-web.webp","datePublished":"2025-03-24T15:56:20+00:00","dateModified":"2025-03-24T15:59:44+00:00","description":"Las sesiones se desarrollar\u00e1n entre el 26 de marzo y el 20 de mayo, con entrada libre y lenguaje de signos, y se podr\u00e1n ver a posteriori en www.pamplona.es","breadcrumb":{"@id":"https:\/\/www.laguiadepamplona.com\/actualidad\/comienzan-los-actos-del-2-100-aniversario-de-la-fundacion-romana-de-la-ciudad-con-la-inauguracion-esta-semana-de-los-dialogos-sobre-la-historia-de-pamplona\/#breadcrumb"},"inLanguage":"es","potentialAction":[{"@type":"ReadAction","target":["https:\/\/www.laguiadepamplona.com\/actualidad\/comienzan-los-actos-del-2-100-aniversario-de-la-fundacion-romana-de-la-ciudad-con-la-inauguracion-esta-semana-de-los-dialogos-sobre-la-historia-de-pamplona\/"]}]},{"@type":"ImageObject","inLanguage":"es","@id":"https:\/\/www.laguiadepamplona.com\/actualidad\/comienzan-los-actos-del-2-100-aniversario-de-la-fundacion-romana-de-la-ciudad-con-la-inauguracion-esta-semana-de-los-dialogos-sobre-la-historia-de-pamplona\/#primaryimage","url":"https:\/\/www.laguiadepamplona.com\/actualidad\/wp-content\/uploads\/2025\/03\/2100-web.webp","contentUrl":"https:\/\/www.laguiadepamplona.com\/actualidad\/wp-content\/uploads\/2025\/03\/2100-web.webp","width":1000,"height":618,"caption":"2100 aniversario"},{"@type":"BreadcrumbList","@id":"https:\/\/www.laguiadepamplona.com\/actualidad\/comienzan-los-actos-del-2-100-aniversario-de-la-fundacion-romana-de-la-ciudad-con-la-inauguracion-esta-semana-de-los-dialogos-sobre-la-historia-de-pamplona\/#breadcrumb","itemListElement":[{"@type":"ListItem","position":1,"name":"Portada","item":"https:\/\/www.laguiadepamplona.com\/actualidad\/"},{"@type":"ListItem","position":2,"name":"Comienzan los actos del 2.100 aniversario de la fundaci\u00f3n romana de la ciudad con la inauguraci\u00f3n, esta semana, de los Di\u00e1logos sobre la historia de Pamplona"}]},{"@type":"WebSite","@id":"https:\/\/www.laguiadepamplona.com\/actualidad\/#website","url":"https:\/\/www.laguiadepamplona.com\/actualidad\/","name":"La gu\u00eda de Pamplona","description":"Noticias de Pamplona","publisher":{"@id":"https:\/\/www.laguiadepamplona.com\/actualidad\/#organization"},"potentialAction":[{"@type":"SearchAction","target":{"@type":"EntryPoint","urlTemplate":"https:\/\/www.laguiadepamplona.com\/actualidad\/?s={search_term_string}"},"query-input":{"@type":"PropertyValueSpecification","valueRequired":true,"valueName":"search_term_string"}}],"inLanguage":"es"},{"@type":"Organization","@id":"https:\/\/www.laguiadepamplona.com\/actualidad\/#organization","name":"La Gu\u00eda de Pamplona \/ Noticias","url":"https:\/\/www.laguiadepamplona.com\/actualidad\/","logo":{"@type":"ImageObject","inLanguage":"es","@id":"https:\/\/www.laguiadepamplona.com\/actualidad\/#\/schema\/logo\/image\/","url":"https:\/\/www.laguiadepamplona.com\/actualidad\/wp-content\/uploads\/2018\/11\/logo-laguiadepamplona18-web1.png","contentUrl":"https:\/\/www.laguiadepamplona.com\/actualidad\/wp-content\/uploads\/2018\/11\/logo-laguiadepamplona18-web1.png","width":600,"height":196,"caption":"La Gu\u00eda de Pamplona \/ Noticias"},"image":{"@id":"https:\/\/www.laguiadepamplona.com\/actualidad\/#\/schema\/logo\/image\/"},"sameAs":["https:\/\/www.facebook.com\/laguiadepamplonacom-133175176762273\/?ref=hl","https:\/\/x.com\/LaGuiadPamplona","https:\/\/www.instagram.com\/la_guia_de_pamplona\/","https:\/\/www.youtube.com\/user\/laguiadepamplona"]},{"@type":"Person","@id":"https:\/\/www.laguiadepamplona.com\/actualidad\/#\/schema\/person\/efe887376f0213d4657c93adc50b1fdb","name":"La Gu\u00eda de Pamplona","image":{"@type":"ImageObject","inLanguage":"es","@id":"https:\/\/secure.gravatar.com\/avatar\/b6992f131dc8d30ab0dff15446e9d346d9dbd95992de0fef795073f5ea83a81c?s=96&d=mm&r=g","url":"https:\/\/secure.gravatar.com\/avatar\/b6992f131dc8d30ab0dff15446e9d346d9dbd95992de0fef795073f5ea83a81c?s=96&d=mm&r=g","contentUrl":"https:\/\/secure.gravatar.com\/avatar\/b6992f131dc8d30ab0dff15446e9d346d9dbd95992de0fef795073f5ea83a81c?s=96&d=mm&r=g","caption":"La Gu\u00eda de Pamplona"}}]}},"post_mailing_queue_ids":[],"_links":{"self":[{"href":"https:\/\/www.laguiadepamplona.com\/actualidad\/wp-json\/wp\/v2\/posts\/52490","targetHints":{"allow":["GET"]}}],"collection":[{"href":"https:\/\/www.laguiadepamplona.com\/actualidad\/wp-json\/wp\/v2\/posts"}],"about":[{"href":"https:\/\/www.laguiadepamplona.com\/actualidad\/wp-json\/wp\/v2\/types\/post"}],"author":[{"embeddable":true,"href":"https:\/\/www.laguiadepamplona.com\/actualidad\/wp-json\/wp\/v2\/users\/1"}],"replies":[{"embeddable":true,"href":"https:\/\/www.laguiadepamplona.com\/actualidad\/wp-json\/wp\/v2\/comments?post=52490"}],"version-history":[{"count":1,"href":"https:\/\/www.laguiadepamplona.com\/actualidad\/wp-json\/wp\/v2\/posts\/52490\/revisions"}],"predecessor-version":[{"id":52491,"href":"https:\/\/www.laguiadepamplona.com\/actualidad\/wp-json\/wp\/v2\/posts\/52490\/revisions\/52491"}],"wp:featuredmedia":[{"embeddable":true,"href":"https:\/\/www.laguiadepamplona.com\/actualidad\/wp-json\/wp\/v2\/media\/52495"}],"wp:attachment":[{"href":"https:\/\/www.laguiadepamplona.com\/actualidad\/wp-json\/wp\/v2\/media?parent=52490"}],"wp:term":[{"taxonomy":"category","embeddable":true,"href":"https:\/\/www.laguiadepamplona.com\/actualidad\/wp-json\/wp\/v2\/categories?post=52490"},{"taxonomy":"post_tag","embeddable":true,"href":"https:\/\/www.laguiadepamplona.com\/actualidad\/wp-json\/wp\/v2\/tags?post=52490"}],"curies":[{"name":"wp","href":"https:\/\/api.w.org\/{rel}","templated":true}]}}