{"id":52449,"date":"2025-03-20T19:05:28","date_gmt":"2025-03-20T17:05:28","guid":{"rendered":"https:\/\/www.laguiadepamplona.com\/actualidad\/?p=52449"},"modified":"2025-03-20T19:05:28","modified_gmt":"2025-03-20T17:05:28","slug":"el-ayuntamiento-de-pamplona-abre-el-proximo-lunes-inscripciones-para-un-taller-de-resolucion-de-cubo-de-rubik-que-tendra-lugar-el-viernes-28-de-marzo","status":"publish","type":"post","link":"https:\/\/www.laguiadepamplona.com\/actualidad\/el-ayuntamiento-de-pamplona-abre-el-proximo-lunes-inscripciones-para-un-taller-de-resolucion-de-cubo-de-rubik-que-tendra-lugar-el-viernes-28-de-marzo\/","title":{"rendered":"El Ayuntamiento de Pamplona abre el pr\u00f3ximo lunes inscripciones para un taller de resoluci\u00f3n de cubo de Rubik que tendr\u00e1 lugar el viernes 28 de marzo"},"content":{"rendered":"<h2>Lo impartir\u00e1n los organizadores del IX Campeonato Open Iru\u00f1a que se desarrollar\u00e1 29 y 30 de marzo en la Casa de la Juventud<\/h2>\n<p><!--more--><\/p>\n<p>Este pr\u00f3ximo lunes se abre el plazo de inscripci\u00f3n para el taller gratuito de iniciaci\u00f3n al cubo de Rubik que preceder\u00e1 al IX Campeonato Open Iru\u00f1a, previsto para el fin de semana del 29 y 30 de marzo. Dirigido a j\u00f3venes de 12 a 30 a\u00f1os la propuesta se desarrollar\u00e1 el viernes 28 de marzo, de 17.30 a 19.30 horas, y cuenta con 20 plazas. A quienes participen se les dar\u00e1 como obsequio un cubo de Rubik.<\/p>\n<p>En la actividad, los mejores \u2018cuberos\u2019 de Espa\u00f1a ense\u00f1ar\u00e1n a quienes se apunten, a modo de gu\u00eda pr\u00e1ctica, a armar el cubo de manera f\u00e1cil y sencilla, adem\u00e1s de contextualizara el dise\u00f1o, mecanismo y evoluci\u00f3n del rompecabezas dise\u00f1ado por Erno Rubik. Dentro del taller habr\u00e1 una exhibici\u00f3n, por lo que podr\u00e1n verse m\u00e1s de cerca las resoluciones del puzzle en algunas modalidades de un campeonato que se caracteriza por su velocidad. El taller acabar\u00e1 con la proyecci\u00f3n de im\u00e1genes de r\u00e9cords mundiales.<\/p>\n<p>La inscripci\u00f3n al taller ser\u00e1 gratuita y podr\u00e1 hacerse presencialmente en la Casa de la Juventud (calle Sang\u00fcesa, 30) o en el tel\u00e9fono 948233512 a partir del 24 de marzo. Se registrar\u00e1n las peticiones en orden de llegada. Toda la jornada ser\u00e1 impartida a cargo de Julen Sim\u00f3n y Alejandro Nicolay, organizadores del IX edici\u00f3n del Iru\u00f1a Open.<\/p>\n<p>64 personas de tres pa\u00edses diferentes competir\u00e1n el 29 y 30 de marzo en la Casa de la Juventud en el IX Iru\u00f1a Open de cubo de Rubik. Se disputar\u00e1n pruebas en 8 de las modalidades oficiales reconocidas por la asociaci\u00f3n mundial del cubo (WCA). Esta edici\u00f3n del campeonato de speedcubing es la que ha suscitado una mayor participaci\u00f3n femenina, un 17%. Habr\u00e1 varias rondas en cada categor\u00eda y se podr\u00e1 asistir como p\u00fablico.<\/p>\n<p>&nbsp;<\/p>\n<h3>In\u00edciate en el cubo de Rubik. Viernes, 28 de marzo de 17.30 a 19.30 horas<\/h3>\n<p>Programa:<\/p>\n<ul>\n<li>30 a 18 horas. Descubre la fascinante historia y los secretos del Cubo de Rubik.<\/li>\n<li>18 a 19 horas. Aprende la gu\u00eda pr\u00e1ctica para resolver el cubo paso a paso.<\/li>\n<li>19 a 19.30 horas. \u201cExhibici\u00f3n de Cuberos de \u00c9lite\u00bb: As\u00f3mbrate con las demostraciones en vivo de los mejores expertos del pa\u00eds.<\/li>\n<li>Toda la jornada estar\u00e1 impartida a cargo de Julen Sim\u00f3n y Alejandro Nicolay: organizadores del IX edici\u00f3n del Iru\u00f1a Open.<\/li>\n<li>Inscripci\u00f3n gratuita en la Casa de la Juventud de Pamplona, o a trav\u00e9s del tel\u00e9fono 948233512.<\/li>\n<li>Plazas limitadas: 20 personas. A los participantes se les dar\u00e1 como obsequio un cubo de Rubik.<\/li>\n<\/ul>\n","protected":false},"excerpt":{"rendered":"<p>Lo impartir\u00e1n los organizadores del IX Campeonato Open Iru\u00f1a que se desarrollar\u00e1 29 y 30 de marzo en la Casa de la Juventud<\/p>\n","protected":false},"author":1,"featured_media":52450,"comment_status":"open","ping_status":"closed","sticky":false,"template":"","format":"standard","meta":{"footnotes":""},"categories":[2],"tags":[],"class_list":["post-52449","post","type-post","status-publish","format-standard","has-post-thumbnail","hentry","category-ayuntamiento-pamplona"],"yoast_head":"<!-- This site is optimized with the Yoast SEO plugin v27.3 - https:\/\/yoast.com\/product\/yoast-seo-wordpress\/ -->\n<title>El Ayuntamiento de Pamplona abre el pr\u00f3ximo lunes inscripciones para un taller de resoluci\u00f3n de cubo de Rubik que tendr\u00e1 lugar el viernes 28 de marzo<\/title>\n<meta name=\"description\" content=\"Lo impartir\u00e1n los organizadores del IX Campeonato Open Iru\u00f1a que se desarrollar\u00e1 29 y 30 de marzo en la Casa de la Juventud\" \/>\n<meta name=\"robots\" content=\"index, follow, max-snippet:-1, max-image-preview:large, max-video-preview:-1\" \/>\n<link rel=\"canonical\" href=\"https:\/\/www.laguiadepamplona.com\/actualidad\/el-ayuntamiento-de-pamplona-abre-el-proximo-lunes-inscripciones-para-un-taller-de-resolucion-de-cubo-de-rubik-que-tendra-lugar-el-viernes-28-de-marzo\/\" \/>\n<meta property=\"og:locale\" content=\"es_ES\" \/>\n<meta property=\"og:type\" content=\"article\" \/>\n<meta property=\"og:title\" content=\"El Ayuntamiento de Pamplona abre el pr\u00f3ximo lunes inscripciones para un taller de resoluci\u00f3n de cubo de Rubik que tendr\u00e1 lugar el viernes 28 de marzo\" \/>\n<meta property=\"og:description\" content=\"Lo impartir\u00e1n los organizadores del IX Campeonato Open Iru\u00f1a que se desarrollar\u00e1 29 y 30 de marzo en la Casa de la Juventud\" \/>\n<meta property=\"og:url\" content=\"https:\/\/www.laguiadepamplona.com\/actualidad\/el-ayuntamiento-de-pamplona-abre-el-proximo-lunes-inscripciones-para-un-taller-de-resolucion-de-cubo-de-rubik-que-tendra-lugar-el-viernes-28-de-marzo\/\" \/>\n<meta property=\"og:site_name\" content=\"La Gu\u00eda de Pamplona\" \/>\n<meta property=\"article:publisher\" content=\"https:\/\/www.facebook.com\/laguiadepamplonacom-133175176762273\/?ref=hl\" \/>\n<meta property=\"article:published_time\" content=\"2025-03-20T17:05:28+00:00\" \/>\n<meta property=\"og:image\" content=\"https:\/\/www.laguiadepamplona.com\/actualidad\/wp-content\/uploads\/2025\/03\/Rubik-web.webp\" \/>\n\t<meta property=\"og:image:width\" content=\"1000\" \/>\n\t<meta property=\"og:image:height\" content=\"667\" \/>\n\t<meta property=\"og:image:type\" content=\"image\/webp\" \/>\n<meta name=\"author\" content=\"La Gu\u00eda de Pamplona\" \/>\n<meta name=\"twitter:card\" content=\"summary_large_image\" \/>\n<meta name=\"twitter:creator\" content=\"@LaGuiadPamplona\" \/>\n<meta name=\"twitter:site\" content=\"@LaGuiadPamplona\" \/>\n<meta name=\"twitter:label1\" content=\"Escrito por\" \/>\n\t<meta name=\"twitter:data1\" content=\"La Gu\u00eda de Pamplona\" \/>\n\t<meta name=\"twitter:label2\" content=\"Tiempo de lectura\" \/>\n\t<meta name=\"twitter:data2\" content=\"2 minutos\" \/>\n<script type=\"application\/ld+json\" class=\"yoast-schema-graph\">{\"@context\":\"https:\\\/\\\/schema.org\",\"@graph\":[{\"@type\":\"Article\",\"@id\":\"https:\\\/\\\/www.laguiadepamplona.com\\\/actualidad\\\/el-ayuntamiento-de-pamplona-abre-el-proximo-lunes-inscripciones-para-un-taller-de-resolucion-de-cubo-de-rubik-que-tendra-lugar-el-viernes-28-de-marzo\\\/#article\",\"isPartOf\":{\"@id\":\"https:\\\/\\\/www.laguiadepamplona.com\\\/actualidad\\\/el-ayuntamiento-de-pamplona-abre-el-proximo-lunes-inscripciones-para-un-taller-de-resolucion-de-cubo-de-rubik-que-tendra-lugar-el-viernes-28-de-marzo\\\/\"},\"author\":{\"name\":\"La Gu\u00eda de Pamplona\",\"@id\":\"https:\\\/\\\/www.laguiadepamplona.com\\\/actualidad\\\/#\\\/schema\\\/person\\\/efe887376f0213d4657c93adc50b1fdb\"},\"headline\":\"El Ayuntamiento de Pamplona abre el pr\u00f3ximo lunes inscripciones para un taller de resoluci\u00f3n de cubo de Rubik que tendr\u00e1 lugar el viernes 28 de marzo\",\"datePublished\":\"2025-03-20T17:05:28+00:00\",\"mainEntityOfPage\":{\"@id\":\"https:\\\/\\\/www.laguiadepamplona.com\\\/actualidad\\\/el-ayuntamiento-de-pamplona-abre-el-proximo-lunes-inscripciones-para-un-taller-de-resolucion-de-cubo-de-rubik-que-tendra-lugar-el-viernes-28-de-marzo\\\/\"},\"wordCount\":484,\"commentCount\":0,\"publisher\":{\"@id\":\"https:\\\/\\\/www.laguiadepamplona.com\\\/actualidad\\\/#organization\"},\"image\":{\"@id\":\"https:\\\/\\\/www.laguiadepamplona.com\\\/actualidad\\\/el-ayuntamiento-de-pamplona-abre-el-proximo-lunes-inscripciones-para-un-taller-de-resolucion-de-cubo-de-rubik-que-tendra-lugar-el-viernes-28-de-marzo\\\/#primaryimage\"},\"thumbnailUrl\":\"https:\\\/\\\/www.laguiadepamplona.com\\\/actualidad\\\/wp-content\\\/uploads\\\/2025\\\/03\\\/Rubik-web.webp\",\"articleSection\":[\"Ayto Pamplona\"],\"inLanguage\":\"es\",\"potentialAction\":[{\"@type\":\"CommentAction\",\"name\":\"Comment\",\"target\":[\"https:\\\/\\\/www.laguiadepamplona.com\\\/actualidad\\\/el-ayuntamiento-de-pamplona-abre-el-proximo-lunes-inscripciones-para-un-taller-de-resolucion-de-cubo-de-rubik-que-tendra-lugar-el-viernes-28-de-marzo\\\/#respond\"]}]},{\"@type\":\"WebPage\",\"@id\":\"https:\\\/\\\/www.laguiadepamplona.com\\\/actualidad\\\/el-ayuntamiento-de-pamplona-abre-el-proximo-lunes-inscripciones-para-un-taller-de-resolucion-de-cubo-de-rubik-que-tendra-lugar-el-viernes-28-de-marzo\\\/\",\"url\":\"https:\\\/\\\/www.laguiadepamplona.com\\\/actualidad\\\/el-ayuntamiento-de-pamplona-abre-el-proximo-lunes-inscripciones-para-un-taller-de-resolucion-de-cubo-de-rubik-que-tendra-lugar-el-viernes-28-de-marzo\\\/\",\"name\":\"El Ayuntamiento de Pamplona abre el pr\u00f3ximo lunes inscripciones para un taller de resoluci\u00f3n de cubo de Rubik que tendr\u00e1 lugar el viernes 28 de marzo\",\"isPartOf\":{\"@id\":\"https:\\\/\\\/www.laguiadepamplona.com\\\/actualidad\\\/#website\"},\"primaryImageOfPage\":{\"@id\":\"https:\\\/\\\/www.laguiadepamplona.com\\\/actualidad\\\/el-ayuntamiento-de-pamplona-abre-el-proximo-lunes-inscripciones-para-un-taller-de-resolucion-de-cubo-de-rubik-que-tendra-lugar-el-viernes-28-de-marzo\\\/#primaryimage\"},\"image\":{\"@id\":\"https:\\\/\\\/www.laguiadepamplona.com\\\/actualidad\\\/el-ayuntamiento-de-pamplona-abre-el-proximo-lunes-inscripciones-para-un-taller-de-resolucion-de-cubo-de-rubik-que-tendra-lugar-el-viernes-28-de-marzo\\\/#primaryimage\"},\"thumbnailUrl\":\"https:\\\/\\\/www.laguiadepamplona.com\\\/actualidad\\\/wp-content\\\/uploads\\\/2025\\\/03\\\/Rubik-web.webp\",\"datePublished\":\"2025-03-20T17:05:28+00:00\",\"description\":\"Lo impartir\u00e1n los organizadores del IX Campeonato Open Iru\u00f1a que se desarrollar\u00e1 29 y 30 de marzo en la Casa de la Juventud\",\"breadcrumb\":{\"@id\":\"https:\\\/\\\/www.laguiadepamplona.com\\\/actualidad\\\/el-ayuntamiento-de-pamplona-abre-el-proximo-lunes-inscripciones-para-un-taller-de-resolucion-de-cubo-de-rubik-que-tendra-lugar-el-viernes-28-de-marzo\\\/#breadcrumb\"},\"inLanguage\":\"es\",\"potentialAction\":[{\"@type\":\"ReadAction\",\"target\":[\"https:\\\/\\\/www.laguiadepamplona.com\\\/actualidad\\\/el-ayuntamiento-de-pamplona-abre-el-proximo-lunes-inscripciones-para-un-taller-de-resolucion-de-cubo-de-rubik-que-tendra-lugar-el-viernes-28-de-marzo\\\/\"]}]},{\"@type\":\"ImageObject\",\"inLanguage\":\"es\",\"@id\":\"https:\\\/\\\/www.laguiadepamplona.com\\\/actualidad\\\/el-ayuntamiento-de-pamplona-abre-el-proximo-lunes-inscripciones-para-un-taller-de-resolucion-de-cubo-de-rubik-que-tendra-lugar-el-viernes-28-de-marzo\\\/#primaryimage\",\"url\":\"https:\\\/\\\/www.laguiadepamplona.com\\\/actualidad\\\/wp-content\\\/uploads\\\/2025\\\/03\\\/Rubik-web.webp\",\"contentUrl\":\"https:\\\/\\\/www.laguiadepamplona.com\\\/actualidad\\\/wp-content\\\/uploads\\\/2025\\\/03\\\/Rubik-web.webp\",\"width\":1000,\"height\":667,\"caption\":\"campeonato Rubik Pamplona\"},{\"@type\":\"BreadcrumbList\",\"@id\":\"https:\\\/\\\/www.laguiadepamplona.com\\\/actualidad\\\/el-ayuntamiento-de-pamplona-abre-el-proximo-lunes-inscripciones-para-un-taller-de-resolucion-de-cubo-de-rubik-que-tendra-lugar-el-viernes-28-de-marzo\\\/#breadcrumb\",\"itemListElement\":[{\"@type\":\"ListItem\",\"position\":1,\"name\":\"Portada\",\"item\":\"https:\\\/\\\/www.laguiadepamplona.com\\\/actualidad\\\/\"},{\"@type\":\"ListItem\",\"position\":2,\"name\":\"El Ayuntamiento de Pamplona abre el pr\u00f3ximo lunes inscripciones para un taller de resoluci\u00f3n de cubo de Rubik que tendr\u00e1 lugar el viernes 28 de marzo\"}]},{\"@type\":\"WebSite\",\"@id\":\"https:\\\/\\\/www.laguiadepamplona.com\\\/actualidad\\\/#website\",\"url\":\"https:\\\/\\\/www.laguiadepamplona.com\\\/actualidad\\\/\",\"name\":\"La gu\u00eda de Pamplona\",\"description\":\"Noticias de Pamplona\",\"publisher\":{\"@id\":\"https:\\\/\\\/www.laguiadepamplona.com\\\/actualidad\\\/#organization\"},\"potentialAction\":[{\"@type\":\"SearchAction\",\"target\":{\"@type\":\"EntryPoint\",\"urlTemplate\":\"https:\\\/\\\/www.laguiadepamplona.com\\\/actualidad\\\/?s={search_term_string}\"},\"query-input\":{\"@type\":\"PropertyValueSpecification\",\"valueRequired\":true,\"valueName\":\"search_term_string\"}}],\"inLanguage\":\"es\"},{\"@type\":\"Organization\",\"@id\":\"https:\\\/\\\/www.laguiadepamplona.com\\\/actualidad\\\/#organization\",\"name\":\"La Gu\u00eda de Pamplona \\\/ Noticias\",\"url\":\"https:\\\/\\\/www.laguiadepamplona.com\\\/actualidad\\\/\",\"logo\":{\"@type\":\"ImageObject\",\"inLanguage\":\"es\",\"@id\":\"https:\\\/\\\/www.laguiadepamplona.com\\\/actualidad\\\/#\\\/schema\\\/logo\\\/image\\\/\",\"url\":\"https:\\\/\\\/www.laguiadepamplona.com\\\/actualidad\\\/wp-content\\\/uploads\\\/2018\\\/11\\\/logo-laguiadepamplona18-web1.png\",\"contentUrl\":\"https:\\\/\\\/www.laguiadepamplona.com\\\/actualidad\\\/wp-content\\\/uploads\\\/2018\\\/11\\\/logo-laguiadepamplona18-web1.png\",\"width\":600,\"height\":196,\"caption\":\"La Gu\u00eda de Pamplona \\\/ Noticias\"},\"image\":{\"@id\":\"https:\\\/\\\/www.laguiadepamplona.com\\\/actualidad\\\/#\\\/schema\\\/logo\\\/image\\\/\"},\"sameAs\":[\"https:\\\/\\\/www.facebook.com\\\/laguiadepamplonacom-133175176762273\\\/?ref=hl\",\"https:\\\/\\\/x.com\\\/LaGuiadPamplona\",\"https:\\\/\\\/www.instagram.com\\\/la_guia_de_pamplona\\\/\",\"https:\\\/\\\/www.youtube.com\\\/user\\\/laguiadepamplona\"]},{\"@type\":\"Person\",\"@id\":\"https:\\\/\\\/www.laguiadepamplona.com\\\/actualidad\\\/#\\\/schema\\\/person\\\/efe887376f0213d4657c93adc50b1fdb\",\"name\":\"La Gu\u00eda de Pamplona\",\"image\":{\"@type\":\"ImageObject\",\"inLanguage\":\"es\",\"@id\":\"https:\\\/\\\/secure.gravatar.com\\\/avatar\\\/b6992f131dc8d30ab0dff15446e9d346d9dbd95992de0fef795073f5ea83a81c?s=96&d=mm&r=g\",\"url\":\"https:\\\/\\\/secure.gravatar.com\\\/avatar\\\/b6992f131dc8d30ab0dff15446e9d346d9dbd95992de0fef795073f5ea83a81c?s=96&d=mm&r=g\",\"contentUrl\":\"https:\\\/\\\/secure.gravatar.com\\\/avatar\\\/b6992f131dc8d30ab0dff15446e9d346d9dbd95992de0fef795073f5ea83a81c?s=96&d=mm&r=g\",\"caption\":\"La Gu\u00eda de Pamplona\"}}]}<\/script>\n<!-- \/ Yoast SEO plugin. -->","yoast_head_json":{"title":"El Ayuntamiento de Pamplona abre el pr\u00f3ximo lunes inscripciones para un taller de resoluci\u00f3n de cubo de Rubik que tendr\u00e1 lugar el viernes 28 de marzo","description":"Lo impartir\u00e1n los organizadores del IX Campeonato Open Iru\u00f1a que se desarrollar\u00e1 29 y 30 de marzo en la Casa de la Juventud","robots":{"index":"index","follow":"follow","max-snippet":"max-snippet:-1","max-image-preview":"max-image-preview:large","max-video-preview":"max-video-preview:-1"},"canonical":"https:\/\/www.laguiadepamplona.com\/actualidad\/el-ayuntamiento-de-pamplona-abre-el-proximo-lunes-inscripciones-para-un-taller-de-resolucion-de-cubo-de-rubik-que-tendra-lugar-el-viernes-28-de-marzo\/","og_locale":"es_ES","og_type":"article","og_title":"El Ayuntamiento de Pamplona abre el pr\u00f3ximo lunes inscripciones para un taller de resoluci\u00f3n de cubo de Rubik que tendr\u00e1 lugar el viernes 28 de marzo","og_description":"Lo impartir\u00e1n los organizadores del IX Campeonato Open Iru\u00f1a que se desarrollar\u00e1 29 y 30 de marzo en la Casa de la Juventud","og_url":"https:\/\/www.laguiadepamplona.com\/actualidad\/el-ayuntamiento-de-pamplona-abre-el-proximo-lunes-inscripciones-para-un-taller-de-resolucion-de-cubo-de-rubik-que-tendra-lugar-el-viernes-28-de-marzo\/","og_site_name":"La Gu\u00eda de Pamplona","article_publisher":"https:\/\/www.facebook.com\/laguiadepamplonacom-133175176762273\/?ref=hl","article_published_time":"2025-03-20T17:05:28+00:00","og_image":[{"width":1000,"height":667,"url":"https:\/\/www.laguiadepamplona.com\/actualidad\/wp-content\/uploads\/2025\/03\/Rubik-web.webp","type":"image\/webp"}],"author":"La Gu\u00eda de Pamplona","twitter_card":"summary_large_image","twitter_creator":"@LaGuiadPamplona","twitter_site":"@LaGuiadPamplona","twitter_misc":{"Escrito por":"La Gu\u00eda de Pamplona","Tiempo de lectura":"2 minutos"},"schema":{"@context":"https:\/\/schema.org","@graph":[{"@type":"Article","@id":"https:\/\/www.laguiadepamplona.com\/actualidad\/el-ayuntamiento-de-pamplona-abre-el-proximo-lunes-inscripciones-para-un-taller-de-resolucion-de-cubo-de-rubik-que-tendra-lugar-el-viernes-28-de-marzo\/#article","isPartOf":{"@id":"https:\/\/www.laguiadepamplona.com\/actualidad\/el-ayuntamiento-de-pamplona-abre-el-proximo-lunes-inscripciones-para-un-taller-de-resolucion-de-cubo-de-rubik-que-tendra-lugar-el-viernes-28-de-marzo\/"},"author":{"name":"La Gu\u00eda de Pamplona","@id":"https:\/\/www.laguiadepamplona.com\/actualidad\/#\/schema\/person\/efe887376f0213d4657c93adc50b1fdb"},"headline":"El Ayuntamiento de Pamplona abre el pr\u00f3ximo lunes inscripciones para un taller de resoluci\u00f3n de cubo de Rubik que tendr\u00e1 lugar el viernes 28 de marzo","datePublished":"2025-03-20T17:05:28+00:00","mainEntityOfPage":{"@id":"https:\/\/www.laguiadepamplona.com\/actualidad\/el-ayuntamiento-de-pamplona-abre-el-proximo-lunes-inscripciones-para-un-taller-de-resolucion-de-cubo-de-rubik-que-tendra-lugar-el-viernes-28-de-marzo\/"},"wordCount":484,"commentCount":0,"publisher":{"@id":"https:\/\/www.laguiadepamplona.com\/actualidad\/#organization"},"image":{"@id":"https:\/\/www.laguiadepamplona.com\/actualidad\/el-ayuntamiento-de-pamplona-abre-el-proximo-lunes-inscripciones-para-un-taller-de-resolucion-de-cubo-de-rubik-que-tendra-lugar-el-viernes-28-de-marzo\/#primaryimage"},"thumbnailUrl":"https:\/\/www.laguiadepamplona.com\/actualidad\/wp-content\/uploads\/2025\/03\/Rubik-web.webp","articleSection":["Ayto Pamplona"],"inLanguage":"es","potentialAction":[{"@type":"CommentAction","name":"Comment","target":["https:\/\/www.laguiadepamplona.com\/actualidad\/el-ayuntamiento-de-pamplona-abre-el-proximo-lunes-inscripciones-para-un-taller-de-resolucion-de-cubo-de-rubik-que-tendra-lugar-el-viernes-28-de-marzo\/#respond"]}]},{"@type":"WebPage","@id":"https:\/\/www.laguiadepamplona.com\/actualidad\/el-ayuntamiento-de-pamplona-abre-el-proximo-lunes-inscripciones-para-un-taller-de-resolucion-de-cubo-de-rubik-que-tendra-lugar-el-viernes-28-de-marzo\/","url":"https:\/\/www.laguiadepamplona.com\/actualidad\/el-ayuntamiento-de-pamplona-abre-el-proximo-lunes-inscripciones-para-un-taller-de-resolucion-de-cubo-de-rubik-que-tendra-lugar-el-viernes-28-de-marzo\/","name":"El Ayuntamiento de Pamplona abre el pr\u00f3ximo lunes inscripciones para un taller de resoluci\u00f3n de cubo de Rubik que tendr\u00e1 lugar el viernes 28 de marzo","isPartOf":{"@id":"https:\/\/www.laguiadepamplona.com\/actualidad\/#website"},"primaryImageOfPage":{"@id":"https:\/\/www.laguiadepamplona.com\/actualidad\/el-ayuntamiento-de-pamplona-abre-el-proximo-lunes-inscripciones-para-un-taller-de-resolucion-de-cubo-de-rubik-que-tendra-lugar-el-viernes-28-de-marzo\/#primaryimage"},"image":{"@id":"https:\/\/www.laguiadepamplona.com\/actualidad\/el-ayuntamiento-de-pamplona-abre-el-proximo-lunes-inscripciones-para-un-taller-de-resolucion-de-cubo-de-rubik-que-tendra-lugar-el-viernes-28-de-marzo\/#primaryimage"},"thumbnailUrl":"https:\/\/www.laguiadepamplona.com\/actualidad\/wp-content\/uploads\/2025\/03\/Rubik-web.webp","datePublished":"2025-03-20T17:05:28+00:00","description":"Lo impartir\u00e1n los organizadores del IX Campeonato Open Iru\u00f1a que se desarrollar\u00e1 29 y 30 de marzo en la Casa de la Juventud","breadcrumb":{"@id":"https:\/\/www.laguiadepamplona.com\/actualidad\/el-ayuntamiento-de-pamplona-abre-el-proximo-lunes-inscripciones-para-un-taller-de-resolucion-de-cubo-de-rubik-que-tendra-lugar-el-viernes-28-de-marzo\/#breadcrumb"},"inLanguage":"es","potentialAction":[{"@type":"ReadAction","target":["https:\/\/www.laguiadepamplona.com\/actualidad\/el-ayuntamiento-de-pamplona-abre-el-proximo-lunes-inscripciones-para-un-taller-de-resolucion-de-cubo-de-rubik-que-tendra-lugar-el-viernes-28-de-marzo\/"]}]},{"@type":"ImageObject","inLanguage":"es","@id":"https:\/\/www.laguiadepamplona.com\/actualidad\/el-ayuntamiento-de-pamplona-abre-el-proximo-lunes-inscripciones-para-un-taller-de-resolucion-de-cubo-de-rubik-que-tendra-lugar-el-viernes-28-de-marzo\/#primaryimage","url":"https:\/\/www.laguiadepamplona.com\/actualidad\/wp-content\/uploads\/2025\/03\/Rubik-web.webp","contentUrl":"https:\/\/www.laguiadepamplona.com\/actualidad\/wp-content\/uploads\/2025\/03\/Rubik-web.webp","width":1000,"height":667,"caption":"campeonato Rubik Pamplona"},{"@type":"BreadcrumbList","@id":"https:\/\/www.laguiadepamplona.com\/actualidad\/el-ayuntamiento-de-pamplona-abre-el-proximo-lunes-inscripciones-para-un-taller-de-resolucion-de-cubo-de-rubik-que-tendra-lugar-el-viernes-28-de-marzo\/#breadcrumb","itemListElement":[{"@type":"ListItem","position":1,"name":"Portada","item":"https:\/\/www.laguiadepamplona.com\/actualidad\/"},{"@type":"ListItem","position":2,"name":"El Ayuntamiento de Pamplona abre el pr\u00f3ximo lunes inscripciones para un taller de resoluci\u00f3n de cubo de Rubik que tendr\u00e1 lugar el viernes 28 de marzo"}]},{"@type":"WebSite","@id":"https:\/\/www.laguiadepamplona.com\/actualidad\/#website","url":"https:\/\/www.laguiadepamplona.com\/actualidad\/","name":"La gu\u00eda de Pamplona","description":"Noticias de Pamplona","publisher":{"@id":"https:\/\/www.laguiadepamplona.com\/actualidad\/#organization"},"potentialAction":[{"@type":"SearchAction","target":{"@type":"EntryPoint","urlTemplate":"https:\/\/www.laguiadepamplona.com\/actualidad\/?s={search_term_string}"},"query-input":{"@type":"PropertyValueSpecification","valueRequired":true,"valueName":"search_term_string"}}],"inLanguage":"es"},{"@type":"Organization","@id":"https:\/\/www.laguiadepamplona.com\/actualidad\/#organization","name":"La Gu\u00eda de Pamplona \/ Noticias","url":"https:\/\/www.laguiadepamplona.com\/actualidad\/","logo":{"@type":"ImageObject","inLanguage":"es","@id":"https:\/\/www.laguiadepamplona.com\/actualidad\/#\/schema\/logo\/image\/","url":"https:\/\/www.laguiadepamplona.com\/actualidad\/wp-content\/uploads\/2018\/11\/logo-laguiadepamplona18-web1.png","contentUrl":"https:\/\/www.laguiadepamplona.com\/actualidad\/wp-content\/uploads\/2018\/11\/logo-laguiadepamplona18-web1.png","width":600,"height":196,"caption":"La Gu\u00eda de Pamplona \/ Noticias"},"image":{"@id":"https:\/\/www.laguiadepamplona.com\/actualidad\/#\/schema\/logo\/image\/"},"sameAs":["https:\/\/www.facebook.com\/laguiadepamplonacom-133175176762273\/?ref=hl","https:\/\/x.com\/LaGuiadPamplona","https:\/\/www.instagram.com\/la_guia_de_pamplona\/","https:\/\/www.youtube.com\/user\/laguiadepamplona"]},{"@type":"Person","@id":"https:\/\/www.laguiadepamplona.com\/actualidad\/#\/schema\/person\/efe887376f0213d4657c93adc50b1fdb","name":"La Gu\u00eda de Pamplona","image":{"@type":"ImageObject","inLanguage":"es","@id":"https:\/\/secure.gravatar.com\/avatar\/b6992f131dc8d30ab0dff15446e9d346d9dbd95992de0fef795073f5ea83a81c?s=96&d=mm&r=g","url":"https:\/\/secure.gravatar.com\/avatar\/b6992f131dc8d30ab0dff15446e9d346d9dbd95992de0fef795073f5ea83a81c?s=96&d=mm&r=g","contentUrl":"https:\/\/secure.gravatar.com\/avatar\/b6992f131dc8d30ab0dff15446e9d346d9dbd95992de0fef795073f5ea83a81c?s=96&d=mm&r=g","caption":"La Gu\u00eda de Pamplona"}}]}},"post_mailing_queue_ids":[],"_links":{"self":[{"href":"https:\/\/www.laguiadepamplona.com\/actualidad\/wp-json\/wp\/v2\/posts\/52449","targetHints":{"allow":["GET"]}}],"collection":[{"href":"https:\/\/www.laguiadepamplona.com\/actualidad\/wp-json\/wp\/v2\/posts"}],"about":[{"href":"https:\/\/www.laguiadepamplona.com\/actualidad\/wp-json\/wp\/v2\/types\/post"}],"author":[{"embeddable":true,"href":"https:\/\/www.laguiadepamplona.com\/actualidad\/wp-json\/wp\/v2\/users\/1"}],"replies":[{"embeddable":true,"href":"https:\/\/www.laguiadepamplona.com\/actualidad\/wp-json\/wp\/v2\/comments?post=52449"}],"version-history":[{"count":1,"href":"https:\/\/www.laguiadepamplona.com\/actualidad\/wp-json\/wp\/v2\/posts\/52449\/revisions"}],"predecessor-version":[{"id":52451,"href":"https:\/\/www.laguiadepamplona.com\/actualidad\/wp-json\/wp\/v2\/posts\/52449\/revisions\/52451"}],"wp:featuredmedia":[{"embeddable":true,"href":"https:\/\/www.laguiadepamplona.com\/actualidad\/wp-json\/wp\/v2\/media\/52450"}],"wp:attachment":[{"href":"https:\/\/www.laguiadepamplona.com\/actualidad\/wp-json\/wp\/v2\/media?parent=52449"}],"wp:term":[{"taxonomy":"category","embeddable":true,"href":"https:\/\/www.laguiadepamplona.com\/actualidad\/wp-json\/wp\/v2\/categories?post=52449"},{"taxonomy":"post_tag","embeddable":true,"href":"https:\/\/www.laguiadepamplona.com\/actualidad\/wp-json\/wp\/v2\/tags?post=52449"}],"curies":[{"name":"wp","href":"https:\/\/api.w.org\/{rel}","templated":true}]}}