{"id":52447,"date":"2025-03-20T19:02:57","date_gmt":"2025-03-20T17:02:57","guid":{"rendered":"https:\/\/www.laguiadepamplona.com\/actualidad\/?p=52447"},"modified":"2025-03-20T19:02:57","modified_gmt":"2025-03-20T17:02:57","slug":"la-fachada-de-la-casa-consistorial-y-el-quiosco-de-la-plaza-del-castillo-se-iluminan-este-viernes-en-azul-y-amarillo-por-el-dia-mundial-del-sindrome-de-down","status":"publish","type":"post","link":"https:\/\/www.laguiadepamplona.com\/actualidad\/la-fachada-de-la-casa-consistorial-y-el-quiosco-de-la-plaza-del-castillo-se-iluminan-este-viernes-en-azul-y-amarillo-por-el-dia-mundial-del-sindrome-de-down\/","title":{"rendered":"La fachada de la Casa Consistorial y el quiosco de la Plaza del Castillo se iluminan este viernes en azul y amarillo por el D\u00eda Mundial del S\u00edndrome de Down"},"content":{"rendered":"<p><!--more--><\/p>\n<p>La fachada de la Casa Consistorial y el quiosco de la Plaza del Castillo se iluminan este viernes en los colores azul y amarillo por la celebraci\u00f3n del D\u00eda Mundial del S\u00edndrome de Down. La jornada reivindica la igualdad de oportunidades para todas las personas, con el lema \u201cnos decidimos\u201d, inspirado en la Convenci\u00f3n de las Naciones Unidas sobre los Derechos de las Personas con Discapacidad y su enfoque sobre el derecho de participaci\u00f3n.<\/p>\n<p>Esta jornada tiene lugar el d\u00eda 21, para simbolizar la alteraci\u00f3n cromos\u00f3mica que origina el S\u00edndrome de Down, el cromosoma extra en el par 21, conocido como Trisom\u00eda 21. Esta peculiaridad gen\u00e9tica afecta al desarrollo psicomotor y puede producir malformaciones, d\u00e9ficit cognitivo y problemas cardiacos. No se conoce la causa espec\u00edfica de esta condici\u00f3n, que presenta caracter\u00edsticas f\u00edsicas distintas y distintos grados de discapacidad intelectual. La inclusi\u00f3n educativa y laboral de las personas con S\u00edndrome de Down es clave para su desarrollo y calidad de vida.<\/p>\n<p>La Asociaci\u00f3n S\u00edndrome de Down Navarra ha preparado un programa de actividades, este viernes, de 17.30 a 19.30 horas, en la zona de El Bosquecillo, con el lema #IGUALESBERDINAK. Habr\u00e1 actividades infantiles como pintacaras, hinchables, actuaci\u00f3n de payas@s y el espacio Makusi de EITB, m\u00fasica con el grupo de txalaparta y danzas de la Asociaci\u00f3n junto a Ardantzeta Taldea de Noain, la presencia de los gigantes de la Asociaci\u00f3n Umetxea Sanzudelai y Sanduako Gaiteroak. El fin de fiesta es un concierto de Motxila 21 en la Plaza del Ayuntamiento, a las 19.30 horas, con la fachada iluminada en los colores corporativos.<\/p>\n<p>&nbsp;<\/p>\n<h3>Iluminaci\u00f3n de la fachada y del quiosco<\/h3>\n<ul>\n<li>Viernes 21 de marzo: D\u00eda Mundial del S\u00edndrome de Down\n<ul>\n<li>Fachada iluminada en colores azul y amarillo<\/li>\n<\/ul>\n<\/li>\n<\/ul>\n","protected":false},"excerpt":{"rendered":"","protected":false},"author":1,"featured_media":40806,"comment_status":"open","ping_status":"closed","sticky":false,"template":"","format":"standard","meta":{"footnotes":""},"categories":[2],"tags":[],"class_list":["post-52447","post","type-post","status-publish","format-standard","has-post-thumbnail","hentry","category-ayuntamiento-pamplona"],"yoast_head":"<!-- This site is optimized with the Yoast SEO plugin v27.3 - https:\/\/yoast.com\/product\/yoast-seo-wordpress\/ -->\n<title>La fachada de la Casa Consistorial y el quiosco de la Plaza del Castillo se iluminan este viernes en azul y amarillo por el D\u00eda Mundial del S\u00edndrome de Down<\/title>\n<meta name=\"description\" content=\"Esta jornada tiene lugar el d\u00eda 21, para simbolizar la alteraci\u00f3n cromos\u00f3mica que origina el S\u00edndrome de Down, el cromosoma extra en el par 21\" \/>\n<meta name=\"robots\" content=\"index, follow, max-snippet:-1, max-image-preview:large, max-video-preview:-1\" \/>\n<link rel=\"canonical\" href=\"https:\/\/www.laguiadepamplona.com\/actualidad\/la-fachada-de-la-casa-consistorial-y-el-quiosco-de-la-plaza-del-castillo-se-iluminan-este-viernes-en-azul-y-amarillo-por-el-dia-mundial-del-sindrome-de-down\/\" \/>\n<meta property=\"og:locale\" content=\"es_ES\" \/>\n<meta property=\"og:type\" content=\"article\" \/>\n<meta property=\"og:title\" content=\"La fachada de la Casa Consistorial y el quiosco de la Plaza del Castillo se iluminan este viernes en azul y amarillo por el D\u00eda Mundial del S\u00edndrome de Down\" \/>\n<meta property=\"og:description\" content=\"Esta jornada tiene lugar el d\u00eda 21, para simbolizar la alteraci\u00f3n cromos\u00f3mica que origina el S\u00edndrome de Down, el cromosoma extra en el par 21\" \/>\n<meta property=\"og:url\" content=\"https:\/\/www.laguiadepamplona.com\/actualidad\/la-fachada-de-la-casa-consistorial-y-el-quiosco-de-la-plaza-del-castillo-se-iluminan-este-viernes-en-azul-y-amarillo-por-el-dia-mundial-del-sindrome-de-down\/\" \/>\n<meta property=\"og:site_name\" content=\"La Gu\u00eda de Pamplona\" \/>\n<meta property=\"article:publisher\" content=\"https:\/\/www.facebook.com\/laguiadepamplonacom-133175176762273\/?ref=hl\" \/>\n<meta property=\"article:published_time\" content=\"2025-03-20T17:02:57+00:00\" \/>\n<meta property=\"og:image\" content=\"https:\/\/www.laguiadepamplona.com\/actualidad\/wp-content\/uploads\/2022\/06\/aytoazul_JGV8938_2.webp\" \/>\n\t<meta property=\"og:image:width\" content=\"1920\" \/>\n\t<meta property=\"og:image:height\" content=\"1280\" \/>\n\t<meta property=\"og:image:type\" content=\"image\/webp\" \/>\n<meta name=\"author\" content=\"La Gu\u00eda de Pamplona\" \/>\n<meta name=\"twitter:card\" content=\"summary_large_image\" \/>\n<meta name=\"twitter:creator\" content=\"@LaGuiadPamplona\" \/>\n<meta name=\"twitter:site\" content=\"@LaGuiadPamplona\" \/>\n<meta name=\"twitter:label1\" content=\"Escrito por\" \/>\n\t<meta name=\"twitter:data1\" content=\"La Gu\u00eda de Pamplona\" \/>\n\t<meta name=\"twitter:label2\" content=\"Tiempo de lectura\" \/>\n\t<meta name=\"twitter:data2\" content=\"2 minutos\" \/>\n<script type=\"application\/ld+json\" class=\"yoast-schema-graph\">{\"@context\":\"https:\\\/\\\/schema.org\",\"@graph\":[{\"@type\":\"Article\",\"@id\":\"https:\\\/\\\/www.laguiadepamplona.com\\\/actualidad\\\/la-fachada-de-la-casa-consistorial-y-el-quiosco-de-la-plaza-del-castillo-se-iluminan-este-viernes-en-azul-y-amarillo-por-el-dia-mundial-del-sindrome-de-down\\\/#article\",\"isPartOf\":{\"@id\":\"https:\\\/\\\/www.laguiadepamplona.com\\\/actualidad\\\/la-fachada-de-la-casa-consistorial-y-el-quiosco-de-la-plaza-del-castillo-se-iluminan-este-viernes-en-azul-y-amarillo-por-el-dia-mundial-del-sindrome-de-down\\\/\"},\"author\":{\"name\":\"La Gu\u00eda de Pamplona\",\"@id\":\"https:\\\/\\\/www.laguiadepamplona.com\\\/actualidad\\\/#\\\/schema\\\/person\\\/efe887376f0213d4657c93adc50b1fdb\"},\"headline\":\"La fachada de la Casa Consistorial y el quiosco de la Plaza del Castillo se iluminan este viernes en azul y amarillo por el D\u00eda Mundial del S\u00edndrome de Down\",\"datePublished\":\"2025-03-20T17:02:57+00:00\",\"mainEntityOfPage\":{\"@id\":\"https:\\\/\\\/www.laguiadepamplona.com\\\/actualidad\\\/la-fachada-de-la-casa-consistorial-y-el-quiosco-de-la-plaza-del-castillo-se-iluminan-este-viernes-en-azul-y-amarillo-por-el-dia-mundial-del-sindrome-de-down\\\/\"},\"wordCount\":338,\"commentCount\":0,\"publisher\":{\"@id\":\"https:\\\/\\\/www.laguiadepamplona.com\\\/actualidad\\\/#organization\"},\"image\":{\"@id\":\"https:\\\/\\\/www.laguiadepamplona.com\\\/actualidad\\\/la-fachada-de-la-casa-consistorial-y-el-quiosco-de-la-plaza-del-castillo-se-iluminan-este-viernes-en-azul-y-amarillo-por-el-dia-mundial-del-sindrome-de-down\\\/#primaryimage\"},\"thumbnailUrl\":\"https:\\\/\\\/www.laguiadepamplona.com\\\/actualidad\\\/wp-content\\\/uploads\\\/2022\\\/06\\\/aytoazul_JGV8938_2.webp\",\"articleSection\":[\"Ayto Pamplona\"],\"inLanguage\":\"es\",\"potentialAction\":[{\"@type\":\"CommentAction\",\"name\":\"Comment\",\"target\":[\"https:\\\/\\\/www.laguiadepamplona.com\\\/actualidad\\\/la-fachada-de-la-casa-consistorial-y-el-quiosco-de-la-plaza-del-castillo-se-iluminan-este-viernes-en-azul-y-amarillo-por-el-dia-mundial-del-sindrome-de-down\\\/#respond\"]}]},{\"@type\":\"WebPage\",\"@id\":\"https:\\\/\\\/www.laguiadepamplona.com\\\/actualidad\\\/la-fachada-de-la-casa-consistorial-y-el-quiosco-de-la-plaza-del-castillo-se-iluminan-este-viernes-en-azul-y-amarillo-por-el-dia-mundial-del-sindrome-de-down\\\/\",\"url\":\"https:\\\/\\\/www.laguiadepamplona.com\\\/actualidad\\\/la-fachada-de-la-casa-consistorial-y-el-quiosco-de-la-plaza-del-castillo-se-iluminan-este-viernes-en-azul-y-amarillo-por-el-dia-mundial-del-sindrome-de-down\\\/\",\"name\":\"La fachada de la Casa Consistorial y el quiosco de la Plaza del Castillo se iluminan este viernes en azul y amarillo por el D\u00eda Mundial del S\u00edndrome de Down\",\"isPartOf\":{\"@id\":\"https:\\\/\\\/www.laguiadepamplona.com\\\/actualidad\\\/#website\"},\"primaryImageOfPage\":{\"@id\":\"https:\\\/\\\/www.laguiadepamplona.com\\\/actualidad\\\/la-fachada-de-la-casa-consistorial-y-el-quiosco-de-la-plaza-del-castillo-se-iluminan-este-viernes-en-azul-y-amarillo-por-el-dia-mundial-del-sindrome-de-down\\\/#primaryimage\"},\"image\":{\"@id\":\"https:\\\/\\\/www.laguiadepamplona.com\\\/actualidad\\\/la-fachada-de-la-casa-consistorial-y-el-quiosco-de-la-plaza-del-castillo-se-iluminan-este-viernes-en-azul-y-amarillo-por-el-dia-mundial-del-sindrome-de-down\\\/#primaryimage\"},\"thumbnailUrl\":\"https:\\\/\\\/www.laguiadepamplona.com\\\/actualidad\\\/wp-content\\\/uploads\\\/2022\\\/06\\\/aytoazul_JGV8938_2.webp\",\"datePublished\":\"2025-03-20T17:02:57+00:00\",\"description\":\"Esta jornada tiene lugar el d\u00eda 21, para simbolizar la alteraci\u00f3n cromos\u00f3mica que origina el S\u00edndrome de Down, el cromosoma extra en el par 21\",\"breadcrumb\":{\"@id\":\"https:\\\/\\\/www.laguiadepamplona.com\\\/actualidad\\\/la-fachada-de-la-casa-consistorial-y-el-quiosco-de-la-plaza-del-castillo-se-iluminan-este-viernes-en-azul-y-amarillo-por-el-dia-mundial-del-sindrome-de-down\\\/#breadcrumb\"},\"inLanguage\":\"es\",\"potentialAction\":[{\"@type\":\"ReadAction\",\"target\":[\"https:\\\/\\\/www.laguiadepamplona.com\\\/actualidad\\\/la-fachada-de-la-casa-consistorial-y-el-quiosco-de-la-plaza-del-castillo-se-iluminan-este-viernes-en-azul-y-amarillo-por-el-dia-mundial-del-sindrome-de-down\\\/\"]}]},{\"@type\":\"ImageObject\",\"inLanguage\":\"es\",\"@id\":\"https:\\\/\\\/www.laguiadepamplona.com\\\/actualidad\\\/la-fachada-de-la-casa-consistorial-y-el-quiosco-de-la-plaza-del-castillo-se-iluminan-este-viernes-en-azul-y-amarillo-por-el-dia-mundial-del-sindrome-de-down\\\/#primaryimage\",\"url\":\"https:\\\/\\\/www.laguiadepamplona.com\\\/actualidad\\\/wp-content\\\/uploads\\\/2022\\\/06\\\/aytoazul_JGV8938_2.webp\",\"contentUrl\":\"https:\\\/\\\/www.laguiadepamplona.com\\\/actualidad\\\/wp-content\\\/uploads\\\/2022\\\/06\\\/aytoazul_JGV8938_2.webp\",\"width\":1920,\"height\":1280},{\"@type\":\"BreadcrumbList\",\"@id\":\"https:\\\/\\\/www.laguiadepamplona.com\\\/actualidad\\\/la-fachada-de-la-casa-consistorial-y-el-quiosco-de-la-plaza-del-castillo-se-iluminan-este-viernes-en-azul-y-amarillo-por-el-dia-mundial-del-sindrome-de-down\\\/#breadcrumb\",\"itemListElement\":[{\"@type\":\"ListItem\",\"position\":1,\"name\":\"Portada\",\"item\":\"https:\\\/\\\/www.laguiadepamplona.com\\\/actualidad\\\/\"},{\"@type\":\"ListItem\",\"position\":2,\"name\":\"La fachada de la Casa Consistorial y el quiosco de la Plaza del Castillo se iluminan este viernes en azul y amarillo por el D\u00eda Mundial del S\u00edndrome de Down\"}]},{\"@type\":\"WebSite\",\"@id\":\"https:\\\/\\\/www.laguiadepamplona.com\\\/actualidad\\\/#website\",\"url\":\"https:\\\/\\\/www.laguiadepamplona.com\\\/actualidad\\\/\",\"name\":\"La gu\u00eda de Pamplona\",\"description\":\"Noticias de Pamplona\",\"publisher\":{\"@id\":\"https:\\\/\\\/www.laguiadepamplona.com\\\/actualidad\\\/#organization\"},\"potentialAction\":[{\"@type\":\"SearchAction\",\"target\":{\"@type\":\"EntryPoint\",\"urlTemplate\":\"https:\\\/\\\/www.laguiadepamplona.com\\\/actualidad\\\/?s={search_term_string}\"},\"query-input\":{\"@type\":\"PropertyValueSpecification\",\"valueRequired\":true,\"valueName\":\"search_term_string\"}}],\"inLanguage\":\"es\"},{\"@type\":\"Organization\",\"@id\":\"https:\\\/\\\/www.laguiadepamplona.com\\\/actualidad\\\/#organization\",\"name\":\"La Gu\u00eda de Pamplona \\\/ Noticias\",\"url\":\"https:\\\/\\\/www.laguiadepamplona.com\\\/actualidad\\\/\",\"logo\":{\"@type\":\"ImageObject\",\"inLanguage\":\"es\",\"@id\":\"https:\\\/\\\/www.laguiadepamplona.com\\\/actualidad\\\/#\\\/schema\\\/logo\\\/image\\\/\",\"url\":\"https:\\\/\\\/www.laguiadepamplona.com\\\/actualidad\\\/wp-content\\\/uploads\\\/2018\\\/11\\\/logo-laguiadepamplona18-web1.png\",\"contentUrl\":\"https:\\\/\\\/www.laguiadepamplona.com\\\/actualidad\\\/wp-content\\\/uploads\\\/2018\\\/11\\\/logo-laguiadepamplona18-web1.png\",\"width\":600,\"height\":196,\"caption\":\"La Gu\u00eda de Pamplona \\\/ Noticias\"},\"image\":{\"@id\":\"https:\\\/\\\/www.laguiadepamplona.com\\\/actualidad\\\/#\\\/schema\\\/logo\\\/image\\\/\"},\"sameAs\":[\"https:\\\/\\\/www.facebook.com\\\/laguiadepamplonacom-133175176762273\\\/?ref=hl\",\"https:\\\/\\\/x.com\\\/LaGuiadPamplona\",\"https:\\\/\\\/www.instagram.com\\\/la_guia_de_pamplona\\\/\",\"https:\\\/\\\/www.youtube.com\\\/user\\\/laguiadepamplona\"]},{\"@type\":\"Person\",\"@id\":\"https:\\\/\\\/www.laguiadepamplona.com\\\/actualidad\\\/#\\\/schema\\\/person\\\/efe887376f0213d4657c93adc50b1fdb\",\"name\":\"La Gu\u00eda de Pamplona\",\"image\":{\"@type\":\"ImageObject\",\"inLanguage\":\"es\",\"@id\":\"https:\\\/\\\/secure.gravatar.com\\\/avatar\\\/b6992f131dc8d30ab0dff15446e9d346d9dbd95992de0fef795073f5ea83a81c?s=96&d=mm&r=g\",\"url\":\"https:\\\/\\\/secure.gravatar.com\\\/avatar\\\/b6992f131dc8d30ab0dff15446e9d346d9dbd95992de0fef795073f5ea83a81c?s=96&d=mm&r=g\",\"contentUrl\":\"https:\\\/\\\/secure.gravatar.com\\\/avatar\\\/b6992f131dc8d30ab0dff15446e9d346d9dbd95992de0fef795073f5ea83a81c?s=96&d=mm&r=g\",\"caption\":\"La Gu\u00eda de Pamplona\"}}]}<\/script>\n<!-- \/ Yoast SEO plugin. -->","yoast_head_json":{"title":"La fachada de la Casa Consistorial y el quiosco de la Plaza del Castillo se iluminan este viernes en azul y amarillo por el D\u00eda Mundial del S\u00edndrome de Down","description":"Esta jornada tiene lugar el d\u00eda 21, para simbolizar la alteraci\u00f3n cromos\u00f3mica que origina el S\u00edndrome de Down, el cromosoma extra en el par 21","robots":{"index":"index","follow":"follow","max-snippet":"max-snippet:-1","max-image-preview":"max-image-preview:large","max-video-preview":"max-video-preview:-1"},"canonical":"https:\/\/www.laguiadepamplona.com\/actualidad\/la-fachada-de-la-casa-consistorial-y-el-quiosco-de-la-plaza-del-castillo-se-iluminan-este-viernes-en-azul-y-amarillo-por-el-dia-mundial-del-sindrome-de-down\/","og_locale":"es_ES","og_type":"article","og_title":"La fachada de la Casa Consistorial y el quiosco de la Plaza del Castillo se iluminan este viernes en azul y amarillo por el D\u00eda Mundial del S\u00edndrome de Down","og_description":"Esta jornada tiene lugar el d\u00eda 21, para simbolizar la alteraci\u00f3n cromos\u00f3mica que origina el S\u00edndrome de Down, el cromosoma extra en el par 21","og_url":"https:\/\/www.laguiadepamplona.com\/actualidad\/la-fachada-de-la-casa-consistorial-y-el-quiosco-de-la-plaza-del-castillo-se-iluminan-este-viernes-en-azul-y-amarillo-por-el-dia-mundial-del-sindrome-de-down\/","og_site_name":"La Gu\u00eda de Pamplona","article_publisher":"https:\/\/www.facebook.com\/laguiadepamplonacom-133175176762273\/?ref=hl","article_published_time":"2025-03-20T17:02:57+00:00","og_image":[{"width":1920,"height":1280,"url":"https:\/\/www.laguiadepamplona.com\/actualidad\/wp-content\/uploads\/2022\/06\/aytoazul_JGV8938_2.webp","type":"image\/webp"}],"author":"La Gu\u00eda de Pamplona","twitter_card":"summary_large_image","twitter_creator":"@LaGuiadPamplona","twitter_site":"@LaGuiadPamplona","twitter_misc":{"Escrito por":"La Gu\u00eda de Pamplona","Tiempo de lectura":"2 minutos"},"schema":{"@context":"https:\/\/schema.org","@graph":[{"@type":"Article","@id":"https:\/\/www.laguiadepamplona.com\/actualidad\/la-fachada-de-la-casa-consistorial-y-el-quiosco-de-la-plaza-del-castillo-se-iluminan-este-viernes-en-azul-y-amarillo-por-el-dia-mundial-del-sindrome-de-down\/#article","isPartOf":{"@id":"https:\/\/www.laguiadepamplona.com\/actualidad\/la-fachada-de-la-casa-consistorial-y-el-quiosco-de-la-plaza-del-castillo-se-iluminan-este-viernes-en-azul-y-amarillo-por-el-dia-mundial-del-sindrome-de-down\/"},"author":{"name":"La Gu\u00eda de Pamplona","@id":"https:\/\/www.laguiadepamplona.com\/actualidad\/#\/schema\/person\/efe887376f0213d4657c93adc50b1fdb"},"headline":"La fachada de la Casa Consistorial y el quiosco de la Plaza del Castillo se iluminan este viernes en azul y amarillo por el D\u00eda Mundial del S\u00edndrome de Down","datePublished":"2025-03-20T17:02:57+00:00","mainEntityOfPage":{"@id":"https:\/\/www.laguiadepamplona.com\/actualidad\/la-fachada-de-la-casa-consistorial-y-el-quiosco-de-la-plaza-del-castillo-se-iluminan-este-viernes-en-azul-y-amarillo-por-el-dia-mundial-del-sindrome-de-down\/"},"wordCount":338,"commentCount":0,"publisher":{"@id":"https:\/\/www.laguiadepamplona.com\/actualidad\/#organization"},"image":{"@id":"https:\/\/www.laguiadepamplona.com\/actualidad\/la-fachada-de-la-casa-consistorial-y-el-quiosco-de-la-plaza-del-castillo-se-iluminan-este-viernes-en-azul-y-amarillo-por-el-dia-mundial-del-sindrome-de-down\/#primaryimage"},"thumbnailUrl":"https:\/\/www.laguiadepamplona.com\/actualidad\/wp-content\/uploads\/2022\/06\/aytoazul_JGV8938_2.webp","articleSection":["Ayto Pamplona"],"inLanguage":"es","potentialAction":[{"@type":"CommentAction","name":"Comment","target":["https:\/\/www.laguiadepamplona.com\/actualidad\/la-fachada-de-la-casa-consistorial-y-el-quiosco-de-la-plaza-del-castillo-se-iluminan-este-viernes-en-azul-y-amarillo-por-el-dia-mundial-del-sindrome-de-down\/#respond"]}]},{"@type":"WebPage","@id":"https:\/\/www.laguiadepamplona.com\/actualidad\/la-fachada-de-la-casa-consistorial-y-el-quiosco-de-la-plaza-del-castillo-se-iluminan-este-viernes-en-azul-y-amarillo-por-el-dia-mundial-del-sindrome-de-down\/","url":"https:\/\/www.laguiadepamplona.com\/actualidad\/la-fachada-de-la-casa-consistorial-y-el-quiosco-de-la-plaza-del-castillo-se-iluminan-este-viernes-en-azul-y-amarillo-por-el-dia-mundial-del-sindrome-de-down\/","name":"La fachada de la Casa Consistorial y el quiosco de la Plaza del Castillo se iluminan este viernes en azul y amarillo por el D\u00eda Mundial del S\u00edndrome de Down","isPartOf":{"@id":"https:\/\/www.laguiadepamplona.com\/actualidad\/#website"},"primaryImageOfPage":{"@id":"https:\/\/www.laguiadepamplona.com\/actualidad\/la-fachada-de-la-casa-consistorial-y-el-quiosco-de-la-plaza-del-castillo-se-iluminan-este-viernes-en-azul-y-amarillo-por-el-dia-mundial-del-sindrome-de-down\/#primaryimage"},"image":{"@id":"https:\/\/www.laguiadepamplona.com\/actualidad\/la-fachada-de-la-casa-consistorial-y-el-quiosco-de-la-plaza-del-castillo-se-iluminan-este-viernes-en-azul-y-amarillo-por-el-dia-mundial-del-sindrome-de-down\/#primaryimage"},"thumbnailUrl":"https:\/\/www.laguiadepamplona.com\/actualidad\/wp-content\/uploads\/2022\/06\/aytoazul_JGV8938_2.webp","datePublished":"2025-03-20T17:02:57+00:00","description":"Esta jornada tiene lugar el d\u00eda 21, para simbolizar la alteraci\u00f3n cromos\u00f3mica que origina el S\u00edndrome de Down, el cromosoma extra en el par 21","breadcrumb":{"@id":"https:\/\/www.laguiadepamplona.com\/actualidad\/la-fachada-de-la-casa-consistorial-y-el-quiosco-de-la-plaza-del-castillo-se-iluminan-este-viernes-en-azul-y-amarillo-por-el-dia-mundial-del-sindrome-de-down\/#breadcrumb"},"inLanguage":"es","potentialAction":[{"@type":"ReadAction","target":["https:\/\/www.laguiadepamplona.com\/actualidad\/la-fachada-de-la-casa-consistorial-y-el-quiosco-de-la-plaza-del-castillo-se-iluminan-este-viernes-en-azul-y-amarillo-por-el-dia-mundial-del-sindrome-de-down\/"]}]},{"@type":"ImageObject","inLanguage":"es","@id":"https:\/\/www.laguiadepamplona.com\/actualidad\/la-fachada-de-la-casa-consistorial-y-el-quiosco-de-la-plaza-del-castillo-se-iluminan-este-viernes-en-azul-y-amarillo-por-el-dia-mundial-del-sindrome-de-down\/#primaryimage","url":"https:\/\/www.laguiadepamplona.com\/actualidad\/wp-content\/uploads\/2022\/06\/aytoazul_JGV8938_2.webp","contentUrl":"https:\/\/www.laguiadepamplona.com\/actualidad\/wp-content\/uploads\/2022\/06\/aytoazul_JGV8938_2.webp","width":1920,"height":1280},{"@type":"BreadcrumbList","@id":"https:\/\/www.laguiadepamplona.com\/actualidad\/la-fachada-de-la-casa-consistorial-y-el-quiosco-de-la-plaza-del-castillo-se-iluminan-este-viernes-en-azul-y-amarillo-por-el-dia-mundial-del-sindrome-de-down\/#breadcrumb","itemListElement":[{"@type":"ListItem","position":1,"name":"Portada","item":"https:\/\/www.laguiadepamplona.com\/actualidad\/"},{"@type":"ListItem","position":2,"name":"La fachada de la Casa Consistorial y el quiosco de la Plaza del Castillo se iluminan este viernes en azul y amarillo por el D\u00eda Mundial del S\u00edndrome de Down"}]},{"@type":"WebSite","@id":"https:\/\/www.laguiadepamplona.com\/actualidad\/#website","url":"https:\/\/www.laguiadepamplona.com\/actualidad\/","name":"La gu\u00eda de Pamplona","description":"Noticias de Pamplona","publisher":{"@id":"https:\/\/www.laguiadepamplona.com\/actualidad\/#organization"},"potentialAction":[{"@type":"SearchAction","target":{"@type":"EntryPoint","urlTemplate":"https:\/\/www.laguiadepamplona.com\/actualidad\/?s={search_term_string}"},"query-input":{"@type":"PropertyValueSpecification","valueRequired":true,"valueName":"search_term_string"}}],"inLanguage":"es"},{"@type":"Organization","@id":"https:\/\/www.laguiadepamplona.com\/actualidad\/#organization","name":"La Gu\u00eda de Pamplona \/ Noticias","url":"https:\/\/www.laguiadepamplona.com\/actualidad\/","logo":{"@type":"ImageObject","inLanguage":"es","@id":"https:\/\/www.laguiadepamplona.com\/actualidad\/#\/schema\/logo\/image\/","url":"https:\/\/www.laguiadepamplona.com\/actualidad\/wp-content\/uploads\/2018\/11\/logo-laguiadepamplona18-web1.png","contentUrl":"https:\/\/www.laguiadepamplona.com\/actualidad\/wp-content\/uploads\/2018\/11\/logo-laguiadepamplona18-web1.png","width":600,"height":196,"caption":"La Gu\u00eda de Pamplona \/ Noticias"},"image":{"@id":"https:\/\/www.laguiadepamplona.com\/actualidad\/#\/schema\/logo\/image\/"},"sameAs":["https:\/\/www.facebook.com\/laguiadepamplonacom-133175176762273\/?ref=hl","https:\/\/x.com\/LaGuiadPamplona","https:\/\/www.instagram.com\/la_guia_de_pamplona\/","https:\/\/www.youtube.com\/user\/laguiadepamplona"]},{"@type":"Person","@id":"https:\/\/www.laguiadepamplona.com\/actualidad\/#\/schema\/person\/efe887376f0213d4657c93adc50b1fdb","name":"La Gu\u00eda de Pamplona","image":{"@type":"ImageObject","inLanguage":"es","@id":"https:\/\/secure.gravatar.com\/avatar\/b6992f131dc8d30ab0dff15446e9d346d9dbd95992de0fef795073f5ea83a81c?s=96&d=mm&r=g","url":"https:\/\/secure.gravatar.com\/avatar\/b6992f131dc8d30ab0dff15446e9d346d9dbd95992de0fef795073f5ea83a81c?s=96&d=mm&r=g","contentUrl":"https:\/\/secure.gravatar.com\/avatar\/b6992f131dc8d30ab0dff15446e9d346d9dbd95992de0fef795073f5ea83a81c?s=96&d=mm&r=g","caption":"La Gu\u00eda de Pamplona"}}]}},"post_mailing_queue_ids":[],"_links":{"self":[{"href":"https:\/\/www.laguiadepamplona.com\/actualidad\/wp-json\/wp\/v2\/posts\/52447","targetHints":{"allow":["GET"]}}],"collection":[{"href":"https:\/\/www.laguiadepamplona.com\/actualidad\/wp-json\/wp\/v2\/posts"}],"about":[{"href":"https:\/\/www.laguiadepamplona.com\/actualidad\/wp-json\/wp\/v2\/types\/post"}],"author":[{"embeddable":true,"href":"https:\/\/www.laguiadepamplona.com\/actualidad\/wp-json\/wp\/v2\/users\/1"}],"replies":[{"embeddable":true,"href":"https:\/\/www.laguiadepamplona.com\/actualidad\/wp-json\/wp\/v2\/comments?post=52447"}],"version-history":[{"count":1,"href":"https:\/\/www.laguiadepamplona.com\/actualidad\/wp-json\/wp\/v2\/posts\/52447\/revisions"}],"predecessor-version":[{"id":52448,"href":"https:\/\/www.laguiadepamplona.com\/actualidad\/wp-json\/wp\/v2\/posts\/52447\/revisions\/52448"}],"wp:featuredmedia":[{"embeddable":true,"href":"https:\/\/www.laguiadepamplona.com\/actualidad\/wp-json\/wp\/v2\/media\/40806"}],"wp:attachment":[{"href":"https:\/\/www.laguiadepamplona.com\/actualidad\/wp-json\/wp\/v2\/media?parent=52447"}],"wp:term":[{"taxonomy":"category","embeddable":true,"href":"https:\/\/www.laguiadepamplona.com\/actualidad\/wp-json\/wp\/v2\/categories?post=52447"},{"taxonomy":"post_tag","embeddable":true,"href":"https:\/\/www.laguiadepamplona.com\/actualidad\/wp-json\/wp\/v2\/tags?post=52447"}],"curies":[{"name":"wp","href":"https:\/\/api.w.org\/{rel}","templated":true}]}}