{"id":52444,"date":"2025-03-20T19:00:10","date_gmt":"2025-03-20T17:00:10","guid":{"rendered":"https:\/\/www.laguiadepamplona.com\/actualidad\/?p=52444"},"modified":"2025-03-20T19:00:10","modified_gmt":"2025-03-20T17:00:10","slug":"el-certamen-literario-infantil-del-ayuntamiento-de-pamplona-premiara-los-mejores-cuentos-y-comics-realizados-por-ninos-y-ninas-de-entre-6-y-14-anos","status":"publish","type":"post","link":"https:\/\/www.laguiadepamplona.com\/actualidad\/el-certamen-literario-infantil-del-ayuntamiento-de-pamplona-premiara-los-mejores-cuentos-y-comics-realizados-por-ninos-y-ninas-de-entre-6-y-14-anos\/","title":{"rendered":"El Certamen Literario Infantil del Ayuntamiento de Pamplona premiar\u00e1 los mejores cuentos y c\u00f3mics realizados por ni\u00f1os y ni\u00f1as de entre 6 y 14 a\u00f1os"},"content":{"rendered":"<h2>Se establecen varias categor\u00edas, tanto en castellano como en euskera, desde primero de Infantil hasta segundo de Secundaria<\/h2>\n<p><!--more--><\/p>\n<p>El Ayuntamiento de Pamplona ha convocado una nueva edici\u00f3n del Certamen Literario Infantil, con el objetivo de premiar la creatividad e imaginaci\u00f3n de ni\u00f1os y ni\u00f1as de entre 6 y 14 a\u00f1os. El certamen, dirigido a alumnado de Primaria y primer ciclo de Secundaria, prev\u00e9 una modalidad de cuentos y otra de c\u00f3mic, tanto en castellano como en euskera. Con un presupuesto total de 8.400 euros para premios, se otorgar\u00e1n galardones en distintas categor\u00edas, agrupadas por cursos acad\u00e9micos.<\/p>\n<p>Para poder optar a este certamen, es requisito estar empadronado en Pamplona o acudir a un centro educativo de la ciudad. Cada persona podr\u00e1 presentar un \u00fanico trabajo por modalidad. Los trabajos podr\u00e1n ser individuales o colectivos, realizados por escolares de un mismo centro educativo. Eso s\u00ed, las obras deber\u00e1n ser originales, de tema libre, y no podr\u00e1n incitar ni reproducir actitudes violentas, discriminatorias, xen\u00f3fobas, sexistas o que atenten contra la dignidad de las personas y los derechos humanos.<\/p>\n<p>En la modalidad de cuento, se han establecido cuatro categor\u00edas, en funci\u00f3n de la edad de las personas participantes. As\u00ed, el alumnado de 1\u00ba y 2\u00ba de Primaria deber\u00e1 presentar trabajos con una extensi\u00f3n m\u00e1xima de dos folios, por una sola cara. En el caso de estudiantes de 3\u00ba y 4\u00ba, la extensi\u00f3n se ampl\u00eda a tres folios; y para los de 5\u00ba y 6\u00ba pasa a ser de cuatro folios. En el caso de alumnado de 1\u00ba y 2\u00ba de Secundaria, la extensi\u00f3n m\u00e1xima no podr\u00e1 superar los seis folios. En todos los casos, esa extensi\u00f3n incluye tambi\u00e9n posibles ilustraciones.<\/p>\n<p>La modalidad de c\u00f3mic, por su parte, est\u00e1 dirigida a estudiantes de 5\u00ba y 6\u00ba de Primaria y 1\u00ba y 2\u00ba de Secundaria. En el caso del alumnado de Primaria, se ha establecido como requisito que la obra presentada tenga, como m\u00e1ximo, tres folios de extensi\u00f3n por una sola cara, en formato DIN A-4 o tama\u00f1o proporcional, pero en ella se excluir\u00e1 la portada. Para estudiantes de Secundaria, la extensi\u00f3n se ampl\u00eda a cuatro folios.<\/p>\n<p><strong>Firmadas con pseud\u00f3nimo<\/strong><\/p>\n<p>Una misma persona podr\u00e1 presentarse a las dos categor\u00edas, tanto en castellano como en euskera, siempre que se trate de obras distintas. De hecho, no se puede presentar el mismo trabajo traducido. Las obras deber\u00e1n remitirse al \u00e1rea de Cultura, Fiestas, Educaci\u00f3n y Deporte del Ayuntamiento de Pamplona, ubicada en la calle Descalzos 72, hasta el 25 de abril. Cada trabajo se presentar\u00e1 en un sobre sin identificaci\u00f3n alguna, dejando constancia en el mismo sobre de la modalidad de trabajo, la categor\u00eda, el idioma, el t\u00edtulo de la obra y el pseud\u00f3nimo del autor o grupo.<\/p>\n<p>En el interior de este sobre, adem\u00e1s del trabajo, deber\u00e1 introducirse un segundo sobre cerrado, en el que se pondr\u00e1, por fuera, el pseud\u00f3nimo. Dentro deber\u00e1n figurar los datos personales del autor (nombre, apellidos, direcci\u00f3n, tel\u00e9fono, curso y colegio al que pertenece).<\/p>\n<p>Un jurado adjudicar\u00e1 tres premios por cada categor\u00eda, atendiendo a criterios como la presentaci\u00f3n y la ortograf\u00eda, la coherencia y la estructura de la historia, la riqueza l\u00e9xica, la originalidad, la creatividad y otros aspectos literarios y extraliterarios. El primero consistir\u00e1 en un lote de material escolar por importe de 200 euros para el autor o autora y otros 250 euros para el centro escolar, siempre que est\u00e9 ubicado en Pamplona. El segundo premio ser\u00e1 un lote de material escolar por importe de 150 euros y el tercero, un lote por valor de 100 euros. Tambi\u00e9n podr\u00e1 concederse un acc\u00e9sit por categor\u00eda, si bien \u00e9ste no recibir\u00e1 premio monetario.<\/p>\n<p>Las obras ganadoras se quedar\u00e1n en posesi\u00f3n del Ayuntamiento de Pamplona, que podr\u00e1 reproducirlas y distribuirlas si considera oportuno.<\/p>\n<p>&nbsp;<\/p>\n<h3>Certamen Literario Infantil 2025<\/h3>\n<ul>\n<li><strong>Plazo de presentaci\u00f3n<\/strong>: hasta el 25 de abril.<\/li>\n<li><strong>Requisitos<\/strong>:\n<ul>\n<li>Edad de 6 a 14 a\u00f1os (alumnado de Educaci\u00f3n Primaria y Primer Ciclo de Educaci\u00f3n Secundaria) empadronados en Pamplona o cuyo centro de estudios se encuentre en Pamplona.<\/li>\n<li>Las obras deber\u00e1n ser de tema libre, originales, no traducidos. El mismo trabajo no se podr\u00e1 presentar a ambos idiomas.<\/li>\n<\/ul>\n<\/li>\n<li><strong>Modalidad de cuento<\/strong> (en castellano y en euskera):\n<ul>\n<li>Categor\u00eda A: Primer y segundo curso de Educaci\u00f3n Primaria. Extensi\u00f3n m\u00e1xima 2 folios.<\/li>\n<li>Categor\u00eda B: Tercer y cuarto curso de Educaci\u00f3n Primaria. Extensi\u00f3n m\u00e1xima 3 folios.<\/li>\n<li>Categor\u00eda C: Quinto y sexto curso de Educaci\u00f3n Primaria. Extensi\u00f3n m\u00e1xima 4 folios.<\/li>\n<li>Categor\u00eda D: Primer y segundo curso de Educaci\u00f3n Secundaria Obligatoria. Extensi\u00f3n m\u00e1xima 6 folios.<\/li>\n<\/ul>\n<\/li>\n<li><strong>Modalidad de c\u00f3mic<\/strong> (en castellano y en euskera):\n<ul>\n<li>Categor\u00eda A: Quinto y sexto curso de Educaci\u00f3n Primaria. Extensi\u00f3n m\u00e1xima 3 folios, excluida la portada.<\/li>\n<li>Categor\u00eda B: Primer y segundo curso de Educaci\u00f3n Secundaria Obligatoria. Extensi\u00f3n m\u00e1xima 4 folios, excluida la portada.<\/li>\n<\/ul>\n<\/li>\n<li><strong>Premios<\/strong> (para cada categor\u00eda, modalidad e idioma):\n<ul>\n<li>Primer premio: lote de material escolar por importe de 200 euros para el autor o autora que haya presentado el trabajo ganador y lote de material escolar por importe de 250 euros para el colegio en que est\u00e9 matriculada la persona participante (es est\u00e1 ubicado en Pamplona).<\/li>\n<li>Segundo premio: lote de material escolar para el autor o autora por importe de 150 euros.<\/li>\n<li>Tercer premio: lote de material escolar para el autor o autora por importe de 100 euros.<\/li>\n<\/ul>\n<\/li>\n<\/ul>\n","protected":false},"excerpt":{"rendered":"<p>Se establecen varias categor\u00edas, tanto en castellano como en euskera, desde primero de Infantil hasta segundo de Secundaria<\/p>\n","protected":false},"author":1,"featured_media":52445,"comment_status":"open","ping_status":"closed","sticky":false,"template":"","format":"standard","meta":{"footnotes":""},"categories":[2],"tags":[],"class_list":["post-52444","post","type-post","status-publish","format-standard","has-post-thumbnail","hentry","category-ayuntamiento-pamplona"],"yoast_head":"<!-- This site is optimized with the Yoast SEO plugin v27.3 - https:\/\/yoast.com\/product\/yoast-seo-wordpress\/ -->\n<title>El Certamen Literario Infantil del Ayuntamiento de Pamplona premiar\u00e1 los mejores cuentos y c\u00f3mics realizados por ni\u00f1os y ni\u00f1as de entre 6 y 14 a\u00f1os<\/title>\n<meta name=\"description\" content=\"Se establecen varias categor\u00edas, tanto en castellano como en euskera, desde primero de Infantil hasta segundo de Secundaria\" \/>\n<meta name=\"robots\" content=\"index, follow, max-snippet:-1, max-image-preview:large, max-video-preview:-1\" \/>\n<link rel=\"canonical\" href=\"https:\/\/www.laguiadepamplona.com\/actualidad\/el-certamen-literario-infantil-del-ayuntamiento-de-pamplona-premiara-los-mejores-cuentos-y-comics-realizados-por-ninos-y-ninas-de-entre-6-y-14-anos\/\" \/>\n<meta property=\"og:locale\" content=\"es_ES\" \/>\n<meta property=\"og:type\" content=\"article\" \/>\n<meta property=\"og:title\" content=\"El Certamen Literario Infantil del Ayuntamiento de Pamplona premiar\u00e1 los mejores cuentos y c\u00f3mics realizados por ni\u00f1os y ni\u00f1as de entre 6 y 14 a\u00f1os\" \/>\n<meta property=\"og:description\" content=\"Se establecen varias categor\u00edas, tanto en castellano como en euskera, desde primero de Infantil hasta segundo de Secundaria\" \/>\n<meta property=\"og:url\" content=\"https:\/\/www.laguiadepamplona.com\/actualidad\/el-certamen-literario-infantil-del-ayuntamiento-de-pamplona-premiara-los-mejores-cuentos-y-comics-realizados-por-ninos-y-ninas-de-entre-6-y-14-anos\/\" \/>\n<meta property=\"og:site_name\" content=\"La Gu\u00eda de Pamplona\" \/>\n<meta property=\"article:publisher\" content=\"https:\/\/www.facebook.com\/laguiadepamplonacom-133175176762273\/?ref=hl\" \/>\n<meta property=\"article:published_time\" content=\"2025-03-20T17:00:10+00:00\" \/>\n<meta property=\"og:image\" content=\"https:\/\/www.laguiadepamplona.com\/actualidad\/wp-content\/uploads\/2025\/03\/certamen_web.webp\" \/>\n\t<meta property=\"og:image:width\" content=\"1000\" \/>\n\t<meta property=\"og:image:height\" content=\"667\" \/>\n\t<meta property=\"og:image:type\" content=\"image\/webp\" \/>\n<meta name=\"author\" content=\"La Gu\u00eda de Pamplona\" \/>\n<meta name=\"twitter:card\" content=\"summary_large_image\" \/>\n<meta name=\"twitter:creator\" content=\"@LaGuiadPamplona\" \/>\n<meta name=\"twitter:site\" content=\"@LaGuiadPamplona\" \/>\n<meta name=\"twitter:label1\" content=\"Escrito por\" \/>\n\t<meta name=\"twitter:data1\" content=\"La Gu\u00eda de Pamplona\" \/>\n\t<meta name=\"twitter:label2\" content=\"Tiempo de lectura\" \/>\n\t<meta name=\"twitter:data2\" content=\"4 minutos\" \/>\n<script type=\"application\/ld+json\" class=\"yoast-schema-graph\">{\"@context\":\"https:\\\/\\\/schema.org\",\"@graph\":[{\"@type\":\"Article\",\"@id\":\"https:\\\/\\\/www.laguiadepamplona.com\\\/actualidad\\\/el-certamen-literario-infantil-del-ayuntamiento-de-pamplona-premiara-los-mejores-cuentos-y-comics-realizados-por-ninos-y-ninas-de-entre-6-y-14-anos\\\/#article\",\"isPartOf\":{\"@id\":\"https:\\\/\\\/www.laguiadepamplona.com\\\/actualidad\\\/el-certamen-literario-infantil-del-ayuntamiento-de-pamplona-premiara-los-mejores-cuentos-y-comics-realizados-por-ninos-y-ninas-de-entre-6-y-14-anos\\\/\"},\"author\":{\"name\":\"La Gu\u00eda de Pamplona\",\"@id\":\"https:\\\/\\\/www.laguiadepamplona.com\\\/actualidad\\\/#\\\/schema\\\/person\\\/efe887376f0213d4657c93adc50b1fdb\"},\"headline\":\"El Certamen Literario Infantil del Ayuntamiento de Pamplona premiar\u00e1 los mejores cuentos y c\u00f3mics realizados por ni\u00f1os y ni\u00f1as de entre 6 y 14 a\u00f1os\",\"datePublished\":\"2025-03-20T17:00:10+00:00\",\"mainEntityOfPage\":{\"@id\":\"https:\\\/\\\/www.laguiadepamplona.com\\\/actualidad\\\/el-certamen-literario-infantil-del-ayuntamiento-de-pamplona-premiara-los-mejores-cuentos-y-comics-realizados-por-ninos-y-ninas-de-entre-6-y-14-anos\\\/\"},\"wordCount\":945,\"commentCount\":0,\"publisher\":{\"@id\":\"https:\\\/\\\/www.laguiadepamplona.com\\\/actualidad\\\/#organization\"},\"image\":{\"@id\":\"https:\\\/\\\/www.laguiadepamplona.com\\\/actualidad\\\/el-certamen-literario-infantil-del-ayuntamiento-de-pamplona-premiara-los-mejores-cuentos-y-comics-realizados-por-ninos-y-ninas-de-entre-6-y-14-anos\\\/#primaryimage\"},\"thumbnailUrl\":\"https:\\\/\\\/www.laguiadepamplona.com\\\/actualidad\\\/wp-content\\\/uploads\\\/2025\\\/03\\\/certamen_web.webp\",\"articleSection\":[\"Ayto Pamplona\"],\"inLanguage\":\"es\",\"potentialAction\":[{\"@type\":\"CommentAction\",\"name\":\"Comment\",\"target\":[\"https:\\\/\\\/www.laguiadepamplona.com\\\/actualidad\\\/el-certamen-literario-infantil-del-ayuntamiento-de-pamplona-premiara-los-mejores-cuentos-y-comics-realizados-por-ninos-y-ninas-de-entre-6-y-14-anos\\\/#respond\"]}]},{\"@type\":\"WebPage\",\"@id\":\"https:\\\/\\\/www.laguiadepamplona.com\\\/actualidad\\\/el-certamen-literario-infantil-del-ayuntamiento-de-pamplona-premiara-los-mejores-cuentos-y-comics-realizados-por-ninos-y-ninas-de-entre-6-y-14-anos\\\/\",\"url\":\"https:\\\/\\\/www.laguiadepamplona.com\\\/actualidad\\\/el-certamen-literario-infantil-del-ayuntamiento-de-pamplona-premiara-los-mejores-cuentos-y-comics-realizados-por-ninos-y-ninas-de-entre-6-y-14-anos\\\/\",\"name\":\"El Certamen Literario Infantil del Ayuntamiento de Pamplona premiar\u00e1 los mejores cuentos y c\u00f3mics realizados por ni\u00f1os y ni\u00f1as de entre 6 y 14 a\u00f1os\",\"isPartOf\":{\"@id\":\"https:\\\/\\\/www.laguiadepamplona.com\\\/actualidad\\\/#website\"},\"primaryImageOfPage\":{\"@id\":\"https:\\\/\\\/www.laguiadepamplona.com\\\/actualidad\\\/el-certamen-literario-infantil-del-ayuntamiento-de-pamplona-premiara-los-mejores-cuentos-y-comics-realizados-por-ninos-y-ninas-de-entre-6-y-14-anos\\\/#primaryimage\"},\"image\":{\"@id\":\"https:\\\/\\\/www.laguiadepamplona.com\\\/actualidad\\\/el-certamen-literario-infantil-del-ayuntamiento-de-pamplona-premiara-los-mejores-cuentos-y-comics-realizados-por-ninos-y-ninas-de-entre-6-y-14-anos\\\/#primaryimage\"},\"thumbnailUrl\":\"https:\\\/\\\/www.laguiadepamplona.com\\\/actualidad\\\/wp-content\\\/uploads\\\/2025\\\/03\\\/certamen_web.webp\",\"datePublished\":\"2025-03-20T17:00:10+00:00\",\"description\":\"Se establecen varias categor\u00edas, tanto en castellano como en euskera, desde primero de Infantil hasta segundo de Secundaria\",\"breadcrumb\":{\"@id\":\"https:\\\/\\\/www.laguiadepamplona.com\\\/actualidad\\\/el-certamen-literario-infantil-del-ayuntamiento-de-pamplona-premiara-los-mejores-cuentos-y-comics-realizados-por-ninos-y-ninas-de-entre-6-y-14-anos\\\/#breadcrumb\"},\"inLanguage\":\"es\",\"potentialAction\":[{\"@type\":\"ReadAction\",\"target\":[\"https:\\\/\\\/www.laguiadepamplona.com\\\/actualidad\\\/el-certamen-literario-infantil-del-ayuntamiento-de-pamplona-premiara-los-mejores-cuentos-y-comics-realizados-por-ninos-y-ninas-de-entre-6-y-14-anos\\\/\"]}]},{\"@type\":\"ImageObject\",\"inLanguage\":\"es\",\"@id\":\"https:\\\/\\\/www.laguiadepamplona.com\\\/actualidad\\\/el-certamen-literario-infantil-del-ayuntamiento-de-pamplona-premiara-los-mejores-cuentos-y-comics-realizados-por-ninos-y-ninas-de-entre-6-y-14-anos\\\/#primaryimage\",\"url\":\"https:\\\/\\\/www.laguiadepamplona.com\\\/actualidad\\\/wp-content\\\/uploads\\\/2025\\\/03\\\/certamen_web.webp\",\"contentUrl\":\"https:\\\/\\\/www.laguiadepamplona.com\\\/actualidad\\\/wp-content\\\/uploads\\\/2025\\\/03\\\/certamen_web.webp\",\"width\":1000,\"height\":667,\"caption\":\"certamen literario\"},{\"@type\":\"BreadcrumbList\",\"@id\":\"https:\\\/\\\/www.laguiadepamplona.com\\\/actualidad\\\/el-certamen-literario-infantil-del-ayuntamiento-de-pamplona-premiara-los-mejores-cuentos-y-comics-realizados-por-ninos-y-ninas-de-entre-6-y-14-anos\\\/#breadcrumb\",\"itemListElement\":[{\"@type\":\"ListItem\",\"position\":1,\"name\":\"Portada\",\"item\":\"https:\\\/\\\/www.laguiadepamplona.com\\\/actualidad\\\/\"},{\"@type\":\"ListItem\",\"position\":2,\"name\":\"El Certamen Literario Infantil del Ayuntamiento de Pamplona premiar\u00e1 los mejores cuentos y c\u00f3mics realizados por ni\u00f1os y ni\u00f1as de entre 6 y 14 a\u00f1os\"}]},{\"@type\":\"WebSite\",\"@id\":\"https:\\\/\\\/www.laguiadepamplona.com\\\/actualidad\\\/#website\",\"url\":\"https:\\\/\\\/www.laguiadepamplona.com\\\/actualidad\\\/\",\"name\":\"La gu\u00eda de Pamplona\",\"description\":\"Noticias de Pamplona\",\"publisher\":{\"@id\":\"https:\\\/\\\/www.laguiadepamplona.com\\\/actualidad\\\/#organization\"},\"potentialAction\":[{\"@type\":\"SearchAction\",\"target\":{\"@type\":\"EntryPoint\",\"urlTemplate\":\"https:\\\/\\\/www.laguiadepamplona.com\\\/actualidad\\\/?s={search_term_string}\"},\"query-input\":{\"@type\":\"PropertyValueSpecification\",\"valueRequired\":true,\"valueName\":\"search_term_string\"}}],\"inLanguage\":\"es\"},{\"@type\":\"Organization\",\"@id\":\"https:\\\/\\\/www.laguiadepamplona.com\\\/actualidad\\\/#organization\",\"name\":\"La Gu\u00eda de Pamplona \\\/ Noticias\",\"url\":\"https:\\\/\\\/www.laguiadepamplona.com\\\/actualidad\\\/\",\"logo\":{\"@type\":\"ImageObject\",\"inLanguage\":\"es\",\"@id\":\"https:\\\/\\\/www.laguiadepamplona.com\\\/actualidad\\\/#\\\/schema\\\/logo\\\/image\\\/\",\"url\":\"https:\\\/\\\/www.laguiadepamplona.com\\\/actualidad\\\/wp-content\\\/uploads\\\/2018\\\/11\\\/logo-laguiadepamplona18-web1.png\",\"contentUrl\":\"https:\\\/\\\/www.laguiadepamplona.com\\\/actualidad\\\/wp-content\\\/uploads\\\/2018\\\/11\\\/logo-laguiadepamplona18-web1.png\",\"width\":600,\"height\":196,\"caption\":\"La Gu\u00eda de Pamplona \\\/ Noticias\"},\"image\":{\"@id\":\"https:\\\/\\\/www.laguiadepamplona.com\\\/actualidad\\\/#\\\/schema\\\/logo\\\/image\\\/\"},\"sameAs\":[\"https:\\\/\\\/www.facebook.com\\\/laguiadepamplonacom-133175176762273\\\/?ref=hl\",\"https:\\\/\\\/x.com\\\/LaGuiadPamplona\",\"https:\\\/\\\/www.instagram.com\\\/la_guia_de_pamplona\\\/\",\"https:\\\/\\\/www.youtube.com\\\/user\\\/laguiadepamplona\"]},{\"@type\":\"Person\",\"@id\":\"https:\\\/\\\/www.laguiadepamplona.com\\\/actualidad\\\/#\\\/schema\\\/person\\\/efe887376f0213d4657c93adc50b1fdb\",\"name\":\"La Gu\u00eda de Pamplona\",\"image\":{\"@type\":\"ImageObject\",\"inLanguage\":\"es\",\"@id\":\"https:\\\/\\\/secure.gravatar.com\\\/avatar\\\/b6992f131dc8d30ab0dff15446e9d346d9dbd95992de0fef795073f5ea83a81c?s=96&d=mm&r=g\",\"url\":\"https:\\\/\\\/secure.gravatar.com\\\/avatar\\\/b6992f131dc8d30ab0dff15446e9d346d9dbd95992de0fef795073f5ea83a81c?s=96&d=mm&r=g\",\"contentUrl\":\"https:\\\/\\\/secure.gravatar.com\\\/avatar\\\/b6992f131dc8d30ab0dff15446e9d346d9dbd95992de0fef795073f5ea83a81c?s=96&d=mm&r=g\",\"caption\":\"La Gu\u00eda de Pamplona\"}}]}<\/script>\n<!-- \/ Yoast SEO plugin. -->","yoast_head_json":{"title":"El Certamen Literario Infantil del Ayuntamiento de Pamplona premiar\u00e1 los mejores cuentos y c\u00f3mics realizados por ni\u00f1os y ni\u00f1as de entre 6 y 14 a\u00f1os","description":"Se establecen varias categor\u00edas, tanto en castellano como en euskera, desde primero de Infantil hasta segundo de Secundaria","robots":{"index":"index","follow":"follow","max-snippet":"max-snippet:-1","max-image-preview":"max-image-preview:large","max-video-preview":"max-video-preview:-1"},"canonical":"https:\/\/www.laguiadepamplona.com\/actualidad\/el-certamen-literario-infantil-del-ayuntamiento-de-pamplona-premiara-los-mejores-cuentos-y-comics-realizados-por-ninos-y-ninas-de-entre-6-y-14-anos\/","og_locale":"es_ES","og_type":"article","og_title":"El Certamen Literario Infantil del Ayuntamiento de Pamplona premiar\u00e1 los mejores cuentos y c\u00f3mics realizados por ni\u00f1os y ni\u00f1as de entre 6 y 14 a\u00f1os","og_description":"Se establecen varias categor\u00edas, tanto en castellano como en euskera, desde primero de Infantil hasta segundo de Secundaria","og_url":"https:\/\/www.laguiadepamplona.com\/actualidad\/el-certamen-literario-infantil-del-ayuntamiento-de-pamplona-premiara-los-mejores-cuentos-y-comics-realizados-por-ninos-y-ninas-de-entre-6-y-14-anos\/","og_site_name":"La Gu\u00eda de Pamplona","article_publisher":"https:\/\/www.facebook.com\/laguiadepamplonacom-133175176762273\/?ref=hl","article_published_time":"2025-03-20T17:00:10+00:00","og_image":[{"width":1000,"height":667,"url":"https:\/\/www.laguiadepamplona.com\/actualidad\/wp-content\/uploads\/2025\/03\/certamen_web.webp","type":"image\/webp"}],"author":"La Gu\u00eda de Pamplona","twitter_card":"summary_large_image","twitter_creator":"@LaGuiadPamplona","twitter_site":"@LaGuiadPamplona","twitter_misc":{"Escrito por":"La Gu\u00eda de Pamplona","Tiempo de lectura":"4 minutos"},"schema":{"@context":"https:\/\/schema.org","@graph":[{"@type":"Article","@id":"https:\/\/www.laguiadepamplona.com\/actualidad\/el-certamen-literario-infantil-del-ayuntamiento-de-pamplona-premiara-los-mejores-cuentos-y-comics-realizados-por-ninos-y-ninas-de-entre-6-y-14-anos\/#article","isPartOf":{"@id":"https:\/\/www.laguiadepamplona.com\/actualidad\/el-certamen-literario-infantil-del-ayuntamiento-de-pamplona-premiara-los-mejores-cuentos-y-comics-realizados-por-ninos-y-ninas-de-entre-6-y-14-anos\/"},"author":{"name":"La Gu\u00eda de Pamplona","@id":"https:\/\/www.laguiadepamplona.com\/actualidad\/#\/schema\/person\/efe887376f0213d4657c93adc50b1fdb"},"headline":"El Certamen Literario Infantil del Ayuntamiento de Pamplona premiar\u00e1 los mejores cuentos y c\u00f3mics realizados por ni\u00f1os y ni\u00f1as de entre 6 y 14 a\u00f1os","datePublished":"2025-03-20T17:00:10+00:00","mainEntityOfPage":{"@id":"https:\/\/www.laguiadepamplona.com\/actualidad\/el-certamen-literario-infantil-del-ayuntamiento-de-pamplona-premiara-los-mejores-cuentos-y-comics-realizados-por-ninos-y-ninas-de-entre-6-y-14-anos\/"},"wordCount":945,"commentCount":0,"publisher":{"@id":"https:\/\/www.laguiadepamplona.com\/actualidad\/#organization"},"image":{"@id":"https:\/\/www.laguiadepamplona.com\/actualidad\/el-certamen-literario-infantil-del-ayuntamiento-de-pamplona-premiara-los-mejores-cuentos-y-comics-realizados-por-ninos-y-ninas-de-entre-6-y-14-anos\/#primaryimage"},"thumbnailUrl":"https:\/\/www.laguiadepamplona.com\/actualidad\/wp-content\/uploads\/2025\/03\/certamen_web.webp","articleSection":["Ayto Pamplona"],"inLanguage":"es","potentialAction":[{"@type":"CommentAction","name":"Comment","target":["https:\/\/www.laguiadepamplona.com\/actualidad\/el-certamen-literario-infantil-del-ayuntamiento-de-pamplona-premiara-los-mejores-cuentos-y-comics-realizados-por-ninos-y-ninas-de-entre-6-y-14-anos\/#respond"]}]},{"@type":"WebPage","@id":"https:\/\/www.laguiadepamplona.com\/actualidad\/el-certamen-literario-infantil-del-ayuntamiento-de-pamplona-premiara-los-mejores-cuentos-y-comics-realizados-por-ninos-y-ninas-de-entre-6-y-14-anos\/","url":"https:\/\/www.laguiadepamplona.com\/actualidad\/el-certamen-literario-infantil-del-ayuntamiento-de-pamplona-premiara-los-mejores-cuentos-y-comics-realizados-por-ninos-y-ninas-de-entre-6-y-14-anos\/","name":"El Certamen Literario Infantil del Ayuntamiento de Pamplona premiar\u00e1 los mejores cuentos y c\u00f3mics realizados por ni\u00f1os y ni\u00f1as de entre 6 y 14 a\u00f1os","isPartOf":{"@id":"https:\/\/www.laguiadepamplona.com\/actualidad\/#website"},"primaryImageOfPage":{"@id":"https:\/\/www.laguiadepamplona.com\/actualidad\/el-certamen-literario-infantil-del-ayuntamiento-de-pamplona-premiara-los-mejores-cuentos-y-comics-realizados-por-ninos-y-ninas-de-entre-6-y-14-anos\/#primaryimage"},"image":{"@id":"https:\/\/www.laguiadepamplona.com\/actualidad\/el-certamen-literario-infantil-del-ayuntamiento-de-pamplona-premiara-los-mejores-cuentos-y-comics-realizados-por-ninos-y-ninas-de-entre-6-y-14-anos\/#primaryimage"},"thumbnailUrl":"https:\/\/www.laguiadepamplona.com\/actualidad\/wp-content\/uploads\/2025\/03\/certamen_web.webp","datePublished":"2025-03-20T17:00:10+00:00","description":"Se establecen varias categor\u00edas, tanto en castellano como en euskera, desde primero de Infantil hasta segundo de Secundaria","breadcrumb":{"@id":"https:\/\/www.laguiadepamplona.com\/actualidad\/el-certamen-literario-infantil-del-ayuntamiento-de-pamplona-premiara-los-mejores-cuentos-y-comics-realizados-por-ninos-y-ninas-de-entre-6-y-14-anos\/#breadcrumb"},"inLanguage":"es","potentialAction":[{"@type":"ReadAction","target":["https:\/\/www.laguiadepamplona.com\/actualidad\/el-certamen-literario-infantil-del-ayuntamiento-de-pamplona-premiara-los-mejores-cuentos-y-comics-realizados-por-ninos-y-ninas-de-entre-6-y-14-anos\/"]}]},{"@type":"ImageObject","inLanguage":"es","@id":"https:\/\/www.laguiadepamplona.com\/actualidad\/el-certamen-literario-infantil-del-ayuntamiento-de-pamplona-premiara-los-mejores-cuentos-y-comics-realizados-por-ninos-y-ninas-de-entre-6-y-14-anos\/#primaryimage","url":"https:\/\/www.laguiadepamplona.com\/actualidad\/wp-content\/uploads\/2025\/03\/certamen_web.webp","contentUrl":"https:\/\/www.laguiadepamplona.com\/actualidad\/wp-content\/uploads\/2025\/03\/certamen_web.webp","width":1000,"height":667,"caption":"certamen literario"},{"@type":"BreadcrumbList","@id":"https:\/\/www.laguiadepamplona.com\/actualidad\/el-certamen-literario-infantil-del-ayuntamiento-de-pamplona-premiara-los-mejores-cuentos-y-comics-realizados-por-ninos-y-ninas-de-entre-6-y-14-anos\/#breadcrumb","itemListElement":[{"@type":"ListItem","position":1,"name":"Portada","item":"https:\/\/www.laguiadepamplona.com\/actualidad\/"},{"@type":"ListItem","position":2,"name":"El Certamen Literario Infantil del Ayuntamiento de Pamplona premiar\u00e1 los mejores cuentos y c\u00f3mics realizados por ni\u00f1os y ni\u00f1as de entre 6 y 14 a\u00f1os"}]},{"@type":"WebSite","@id":"https:\/\/www.laguiadepamplona.com\/actualidad\/#website","url":"https:\/\/www.laguiadepamplona.com\/actualidad\/","name":"La gu\u00eda de Pamplona","description":"Noticias de Pamplona","publisher":{"@id":"https:\/\/www.laguiadepamplona.com\/actualidad\/#organization"},"potentialAction":[{"@type":"SearchAction","target":{"@type":"EntryPoint","urlTemplate":"https:\/\/www.laguiadepamplona.com\/actualidad\/?s={search_term_string}"},"query-input":{"@type":"PropertyValueSpecification","valueRequired":true,"valueName":"search_term_string"}}],"inLanguage":"es"},{"@type":"Organization","@id":"https:\/\/www.laguiadepamplona.com\/actualidad\/#organization","name":"La Gu\u00eda de Pamplona \/ Noticias","url":"https:\/\/www.laguiadepamplona.com\/actualidad\/","logo":{"@type":"ImageObject","inLanguage":"es","@id":"https:\/\/www.laguiadepamplona.com\/actualidad\/#\/schema\/logo\/image\/","url":"https:\/\/www.laguiadepamplona.com\/actualidad\/wp-content\/uploads\/2018\/11\/logo-laguiadepamplona18-web1.png","contentUrl":"https:\/\/www.laguiadepamplona.com\/actualidad\/wp-content\/uploads\/2018\/11\/logo-laguiadepamplona18-web1.png","width":600,"height":196,"caption":"La Gu\u00eda de Pamplona \/ Noticias"},"image":{"@id":"https:\/\/www.laguiadepamplona.com\/actualidad\/#\/schema\/logo\/image\/"},"sameAs":["https:\/\/www.facebook.com\/laguiadepamplonacom-133175176762273\/?ref=hl","https:\/\/x.com\/LaGuiadPamplona","https:\/\/www.instagram.com\/la_guia_de_pamplona\/","https:\/\/www.youtube.com\/user\/laguiadepamplona"]},{"@type":"Person","@id":"https:\/\/www.laguiadepamplona.com\/actualidad\/#\/schema\/person\/efe887376f0213d4657c93adc50b1fdb","name":"La Gu\u00eda de Pamplona","image":{"@type":"ImageObject","inLanguage":"es","@id":"https:\/\/secure.gravatar.com\/avatar\/b6992f131dc8d30ab0dff15446e9d346d9dbd95992de0fef795073f5ea83a81c?s=96&d=mm&r=g","url":"https:\/\/secure.gravatar.com\/avatar\/b6992f131dc8d30ab0dff15446e9d346d9dbd95992de0fef795073f5ea83a81c?s=96&d=mm&r=g","contentUrl":"https:\/\/secure.gravatar.com\/avatar\/b6992f131dc8d30ab0dff15446e9d346d9dbd95992de0fef795073f5ea83a81c?s=96&d=mm&r=g","caption":"La Gu\u00eda de Pamplona"}}]}},"post_mailing_queue_ids":[],"_links":{"self":[{"href":"https:\/\/www.laguiadepamplona.com\/actualidad\/wp-json\/wp\/v2\/posts\/52444","targetHints":{"allow":["GET"]}}],"collection":[{"href":"https:\/\/www.laguiadepamplona.com\/actualidad\/wp-json\/wp\/v2\/posts"}],"about":[{"href":"https:\/\/www.laguiadepamplona.com\/actualidad\/wp-json\/wp\/v2\/types\/post"}],"author":[{"embeddable":true,"href":"https:\/\/www.laguiadepamplona.com\/actualidad\/wp-json\/wp\/v2\/users\/1"}],"replies":[{"embeddable":true,"href":"https:\/\/www.laguiadepamplona.com\/actualidad\/wp-json\/wp\/v2\/comments?post=52444"}],"version-history":[{"count":1,"href":"https:\/\/www.laguiadepamplona.com\/actualidad\/wp-json\/wp\/v2\/posts\/52444\/revisions"}],"predecessor-version":[{"id":52446,"href":"https:\/\/www.laguiadepamplona.com\/actualidad\/wp-json\/wp\/v2\/posts\/52444\/revisions\/52446"}],"wp:featuredmedia":[{"embeddable":true,"href":"https:\/\/www.laguiadepamplona.com\/actualidad\/wp-json\/wp\/v2\/media\/52445"}],"wp:attachment":[{"href":"https:\/\/www.laguiadepamplona.com\/actualidad\/wp-json\/wp\/v2\/media?parent=52444"}],"wp:term":[{"taxonomy":"category","embeddable":true,"href":"https:\/\/www.laguiadepamplona.com\/actualidad\/wp-json\/wp\/v2\/categories?post=52444"},{"taxonomy":"post_tag","embeddable":true,"href":"https:\/\/www.laguiadepamplona.com\/actualidad\/wp-json\/wp\/v2\/tags?post=52444"}],"curies":[{"name":"wp","href":"https:\/\/api.w.org\/{rel}","templated":true}]}}