{"id":52441,"date":"2025-03-20T18:56:59","date_gmt":"2025-03-20T16:56:59","guid":{"rendered":"https:\/\/www.laguiadepamplona.com\/actualidad\/?p=52441"},"modified":"2025-03-20T18:56:59","modified_gmt":"2025-03-20T16:56:59","slug":"el-ayuntamiento-de-pamplona-analizara-el-impacto-socioeconomico-y-medioambiental-de-los-sanfermines-y-la-capacidad-turistica-de-la-ciudad-como-destino","status":"publish","type":"post","link":"https:\/\/www.laguiadepamplona.com\/actualidad\/el-ayuntamiento-de-pamplona-analizara-el-impacto-socioeconomico-y-medioambiental-de-los-sanfermines-y-la-capacidad-turistica-de-la-ciudad-como-destino\/","title":{"rendered":"El Ayuntamiento de Pamplona analizar\u00e1 el impacto socioecon\u00f3mico y medioambiental de los Sanfermines y la capacidad tur\u00edstica de la ciudad como destino"},"content":{"rendered":"<h2>Se realizar\u00e1n tres estudios, incluida una encuesta sobre la percepci\u00f3n de las fiestas, para contar con informaci\u00f3n actualizada y pormenorizada<\/h2>\n<p><!--more--><\/p>\n<p>Los Sanfermines son un elemento fundamental en la oferta tur\u00edstica de la ciudad y para poder gestionarlos de manera eficiente y eficaz, y mantener un proceso de mejora continua, es necesario conocer sus impactos en lo social, lo econ\u00f3mico y lo medioambiental. El Ayuntamiento de Pamplona va a acometer en los pr\u00f3ximos meses tres estudios para contar con informaci\u00f3n actualizada y pormenorizada sobre el impacto de las fiestas y su influencia en el turismo que llega a la ciudad.<\/p>\n<p>Dentro de un mismo contrato, pero en tres lotes diferentes, se han licitado y adjudicado los tres estudios. El primero de ellos medir\u00e1 el impacto socioecon\u00f3mico y medioambiental de las fiestas de San Ferm\u00edn en turistas y visitantes; el segundo consistir\u00e1 en la realizaci\u00f3n de una encuesta a pamplonesas y pamplonesas sobre su percepci\u00f3n y valoraci\u00f3n de las fiestas; y el tercero analizar\u00e1 la capacidad tur\u00edstica de Pamplona como destino. El presupuesto global de estos trabajos asciende a 124.754 euros.<\/p>\n<p>Este contrato se enmarca en el proyecto PSTD Pamplona SF365, que cuenta con financiaci\u00f3n europea a trav\u00e9s del Mecanismo de Recuperaci\u00f3n y Resiliencia-NextGeneration EU, instrumento financiero de la inversi\u00f3n C14.I1 del Plan de Recuperaci\u00f3n, Transformaci\u00f3n y Resiliencia del Gobierno de Espa\u00f1a. En este contexto, Pamplona ha recibido una ayuda de 5.492.500 euros a ejecutar en tres a\u00f1os para el despliegue y desarrollo del Plan de Sostenibilidad Tur\u00edstica en Destino \u2018Pamplona SF365\u2019, que presenta 13 actuaciones vertebradas en cuatro ejes tem\u00e1ticos dedicados a la transici\u00f3n verde y sostenible, la mejora de la eficiencia energ\u00e9tica, la transici\u00f3n digital y la competitividad.<\/p>\n<p>El concejal delegado de Promoci\u00f3n Econ\u00f3mica, Proyecci\u00f3n Europea, Innovaci\u00f3n, Juventud y Cooperaci\u00f3n al Desarrollo, Mikel Armend\u00e1riz Barnechea, y el t\u00e9cnico de la Oficina Estrat\u00e9gica, Xabier Errea Corvillo, han detallado estos tres estudios que se van a realizar en los pr\u00f3ximos meses y su entronque con el proyecto PSTD Pamplona SF365. Dos de los seis objetivos espec\u00edficos del PSTD Pamplona SF365 est\u00e1n orientados a conseguir unos Sanfermines m\u00e1s sostenibles y a mejorar su imagen internacional. Esos objetivos espec\u00edficos pasan por reorientar el producto Sanfermines y su desarrollo hacia valores culturales y sostenibles, y por reposicionar en el mercado la marca Sanfermines y con ello Pamplona. Para realizar estos nuevos trabajos, se tendr\u00e1n en cuenta tambi\u00e9n estudios e informes anteriores vinculados a los Sanfermines.<\/p>\n<p><strong>Impacto socioecon\u00f3mico y medioambiental de los Sanfermines<\/strong><\/p>\n<p>El primer lote propone la elaboraci\u00f3n de un estudio que mida el impacto socioecon\u00f3mico y medioambiental de las fiestas de San Ferm\u00edn, teniendo en cuenta la opini\u00f3n y los datos de turistas, visitantes y tambi\u00e9n de pamploneses y pamplonesas. Para medir el impacto socioecon\u00f3mico, el estudio contar\u00e1 con un m\u00ednimo de 2.000 encuestas personales en puntos estrat\u00e9gicos de la ciudad, adem\u00e1s de entrevistas en profundidad a personal t\u00e9cnico municipal, personas expertas y agentes de diferentes \u00e1mbitos involucrados en la fiesta. Asimismo, se recopilar\u00e1n otros datos econ\u00f3micos de presupuesto del Ayuntamiento de Pamplona, impacto de las ganader\u00edas que visitan Pamplona o se realizar\u00e1 un censo telef\u00f3nico online de ocupaci\u00f3n tur\u00edstica. Este trabajo se desarrollar\u00e1 en tres fases: un mes antes de los Sanfermines, durante las fiestas y un mes despu\u00e9s de los Sanfermines 2025.<\/p>\n<p>Los datos obtenidos en 2025 se comparar\u00e1n con la encuesta de gasto directo en San Ferm\u00edn realizada en 2022. Se llevar\u00e1n a cabo 2.000 entrevistas personales durante las fiestas de este a\u00f1o en 14 puntos centrales de la ciudad y con tres <em>targets<\/em>, ya sean turistas nacionales, turistas internacionales o residentes en Pamplona. Adem\u00e1s del gasto econ\u00f3mico, se preguntar\u00e1 por alojamiento, nivel de satisfacci\u00f3n general, importancia de los Sanfermines para optar por Pamplona o si se ha extendido el viaje a otras zonas de Navarra.<\/p>\n<p>Para el impacto medioambiental, se analizar\u00e1n consumos energ\u00e9ticos y otros recursos, gesti\u00f3n de residuos, consumos de agua, la movilidad o las contaminaciones ac\u00fastica y lum\u00ednica. Se realizar\u00e1n tambi\u00e9n encuestas, entrevistas, grupos de discusi\u00f3n o procesos de investigaci\u00f3n con t\u00e9cnicas cualitativas y cuantitativas. El trabajo de este primer lote lo realizar\u00e1 Ikertalde Grupo Consultor SA, con un presupuesto de 57.472 euros, y deber\u00e1 estar finalizado para el 30 de noviembre de 2025<\/p>\n<p><strong>C\u00f3mo perciben y valoran las fiestas las personas \u2018de casa\u2019<\/strong><\/p>\n<p>Esta misma empresa se encargar\u00e1 del lote 2, que tienen como elemento principal una encuesta de percepci\u00f3n y valoraci\u00f3n ciudadana sobre ese mismo impacto socioecon\u00f3mico y medioambiental de los Sanfermines, y de las fiestas en general, pero desde la perspectiva \u00fanicamente de las personas residentes en la ciudad. El presupuesto de esta encuesta asciende a 34.957 euros y deber\u00e1 estar concluido a finales del mes de julio. Los Sanfermines son el mayor atractivo tur\u00edstico de la ciudad y contribuyen a vertebrar toda la oferta tur\u00edstica anual. Son unas fiestas complejas que involucran aspectos culturales, religiosos y sociales, algunos de ellos sensibles para la poblaci\u00f3n.<\/p>\n<p>La encuesta deber\u00e1 contar con un muestreo m\u00ednimo de 1.300 habitantes de Pamplona mayores de 15 a\u00f1os, que ser\u00e1n entrevistados entre el 1 de junio y el 5 de julio, en modalidad presencial o \u2018cara a cara\u2019 en sus domicilios. La encuesta pretende establecer una fotograf\u00eda real de las fiestas y de la opini\u00f3n de las personas \u2018de casa\u2019 sobre los Sanfermines. La base de las preguntas de la encuesta analiza m\u00faltiples aspectos, que van desde los horarios de la programaci\u00f3n o la hosteler\u00eda, la centralidad o descentralizaci\u00f3n de la fiesta, el impacto en las zonas verdes o el medio ambiente hasta la seguridad, la religiosidad, el asociacionismo, la participaci\u00f3n, la convivencia o la movilidad.<\/p>\n<p>Se quieren conocer cuestiones como por qu\u00e9 se quedan o se van los pamploneses y pamplonesas durante las fiestas, el dinero que se gasta, cu\u00e1ntos d\u00edas se sale en San Ferm\u00edn, la aceptaci\u00f3n o rechazo de encierros y corridas de toros, las ubicaciones de las barracas, las verbenas o las casas regionales, la devoci\u00f3n al santo, la percepci\u00f3n de la fiesta para mujeres, minor\u00edas raciales, personas LGTBI, personas mayores o familias con hijos e hijas, o el grado de satisfacci\u00f3n con los servicios p\u00fablicos, sanitarios o de recogida de residuos. La explotaci\u00f3n de datos y an\u00e1lisis estad\u00edstico de la informaci\u00f3n resultante de las encuestas correr\u00e1 a cargo de la Oficina Estrat\u00e9gica del Ayuntamiento de Pamplona.<\/p>\n<p><strong>Estudio de la capacidad tur\u00edstica de Pamplona<\/strong><\/p>\n<p>El tercer lote del contrato apuesta por el dise\u00f1o y la redacci\u00f3n de un estudio de capacidad tur\u00edstica de Pamplona. Se trata de determinar el umbral m\u00e1ximo de crecimiento tur\u00edstico o nivel m\u00e1ximo de turistificaci\u00f3n para as\u00ed garantizar un desarrollo tur\u00edstico sostenible y eficiente. El estudio proyectar\u00e1 la situaci\u00f3n de Pamplona respecto a diferentes escenarios tur\u00edsticos, tanto en su dimensi\u00f3n de oferta como en demanda, ayudando a identificar situaciones de riesgo y a poder aplicar medidas preventivas a nivel econ\u00f3mico, social, cultural y medioambiental. El trabajo lo llevar\u00e1 a cabo la empresa N2Destination Research and Consultancy in Tourism SL con un presupuesto de 32.370 euros y se desarrollar\u00e1 a lo largo doce meses.<\/p>\n<p>La metodolog\u00eda a aplicar divide el trabajo en cuatro fases. En la primera, se analizar\u00e1 la oferta y la demanda tur\u00edsticas en un periodo de diez a\u00f1os, adem\u00e1s de dimensiones sociales y econ\u00f3micas, recursos, servicios e infraestructuras. En una segunda fase, se desarrollar\u00e1 un diagn\u00f3stico de la situaci\u00f3n actual del destino Pamplona a trav\u00e9s de un panel de indicadores y teniendo en cuenta la encuesta de percepci\u00f3n ciudadana del lote 2. La tercera fase incluir\u00e1 el dise\u00f1o de tres escenarios de crecimiento tur\u00edstico o de nivel de turistificaci\u00f3n, formulados por una serie de indicadores de oferta y demanda. Por \u00faltimo, en la cuarta fase, se realizar\u00e1n una serie de recomendaciones o plan de medidas para evitar el <em>overtourism<\/em> y garantizar un desarrollo tur\u00edsticos sostenible y eficiente.<\/p>\n","protected":false},"excerpt":{"rendered":"<p>Se realizar\u00e1n tres estudios, incluida una encuesta sobre la percepci\u00f3n de las fiestas, para contar con informaci\u00f3n actualizada y pormenorizada<\/p>\n","protected":false},"author":1,"featured_media":52442,"comment_status":"open","ping_status":"closed","sticky":false,"template":"","format":"standard","meta":{"footnotes":""},"categories":[2],"tags":[],"class_list":["post-52441","post","type-post","status-publish","format-standard","has-post-thumbnail","hentry","category-ayuntamiento-pamplona"],"yoast_head":"<!-- This site is optimized with the Yoast SEO plugin v27.3 - https:\/\/yoast.com\/product\/yoast-seo-wordpress\/ -->\n<title>El Ayuntamiento de Pamplona analizar\u00e1 el impacto socioecon\u00f3mico y medioambiental de los Sanfermines y la capacidad tur\u00edstica de la ciudad como destino<\/title>\n<meta name=\"description\" content=\"Se realizar\u00e1n tres estudios, incluida una encuesta sobre la percepci\u00f3n de las fiestas, para contar con informaci\u00f3n actualizada y pormenorizada\" \/>\n<meta name=\"robots\" content=\"index, follow, max-snippet:-1, max-image-preview:large, max-video-preview:-1\" \/>\n<link rel=\"canonical\" href=\"https:\/\/www.laguiadepamplona.com\/actualidad\/el-ayuntamiento-de-pamplona-analizara-el-impacto-socioeconomico-y-medioambiental-de-los-sanfermines-y-la-capacidad-turistica-de-la-ciudad-como-destino\/\" \/>\n<meta property=\"og:locale\" content=\"es_ES\" \/>\n<meta property=\"og:type\" content=\"article\" \/>\n<meta property=\"og:title\" content=\"El Ayuntamiento de Pamplona analizar\u00e1 el impacto socioecon\u00f3mico y medioambiental de los Sanfermines y la capacidad tur\u00edstica de la ciudad como destino\" \/>\n<meta property=\"og:description\" content=\"Se realizar\u00e1n tres estudios, incluida una encuesta sobre la percepci\u00f3n de las fiestas, para contar con informaci\u00f3n actualizada y pormenorizada\" \/>\n<meta property=\"og:url\" content=\"https:\/\/www.laguiadepamplona.com\/actualidad\/el-ayuntamiento-de-pamplona-analizara-el-impacto-socioeconomico-y-medioambiental-de-los-sanfermines-y-la-capacidad-turistica-de-la-ciudad-como-destino\/\" \/>\n<meta property=\"og:site_name\" content=\"La Gu\u00eda de Pamplona\" \/>\n<meta property=\"article:publisher\" content=\"https:\/\/www.facebook.com\/laguiadepamplonacom-133175176762273\/?ref=hl\" \/>\n<meta property=\"article:published_time\" content=\"2025-03-20T16:56:59+00:00\" \/>\n<meta property=\"og:image\" content=\"https:\/\/www.laguiadepamplona.com\/actualidad\/wp-content\/uploads\/2025\/03\/san-fermin-encuesta-web.webp\" \/>\n\t<meta property=\"og:image:width\" content=\"1000\" \/>\n\t<meta property=\"og:image:height\" content=\"667\" \/>\n\t<meta property=\"og:image:type\" content=\"image\/webp\" \/>\n<meta name=\"author\" content=\"La Gu\u00eda de Pamplona\" \/>\n<meta name=\"twitter:card\" content=\"summary_large_image\" \/>\n<meta name=\"twitter:creator\" content=\"@LaGuiadPamplona\" \/>\n<meta name=\"twitter:site\" content=\"@LaGuiadPamplona\" \/>\n<meta name=\"twitter:label1\" content=\"Escrito por\" \/>\n\t<meta name=\"twitter:data1\" content=\"La Gu\u00eda de Pamplona\" \/>\n\t<meta name=\"twitter:label2\" content=\"Tiempo de lectura\" \/>\n\t<meta name=\"twitter:data2\" content=\"6 minutos\" \/>\n<script type=\"application\/ld+json\" class=\"yoast-schema-graph\">{\"@context\":\"https:\\\/\\\/schema.org\",\"@graph\":[{\"@type\":\"Article\",\"@id\":\"https:\\\/\\\/www.laguiadepamplona.com\\\/actualidad\\\/el-ayuntamiento-de-pamplona-analizara-el-impacto-socioeconomico-y-medioambiental-de-los-sanfermines-y-la-capacidad-turistica-de-la-ciudad-como-destino\\\/#article\",\"isPartOf\":{\"@id\":\"https:\\\/\\\/www.laguiadepamplona.com\\\/actualidad\\\/el-ayuntamiento-de-pamplona-analizara-el-impacto-socioeconomico-y-medioambiental-de-los-sanfermines-y-la-capacidad-turistica-de-la-ciudad-como-destino\\\/\"},\"author\":{\"name\":\"La Gu\u00eda de Pamplona\",\"@id\":\"https:\\\/\\\/www.laguiadepamplona.com\\\/actualidad\\\/#\\\/schema\\\/person\\\/efe887376f0213d4657c93adc50b1fdb\"},\"headline\":\"El Ayuntamiento de Pamplona analizar\u00e1 el impacto socioecon\u00f3mico y medioambiental de los Sanfermines y la capacidad tur\u00edstica de la ciudad como destino\",\"datePublished\":\"2025-03-20T16:56:59+00:00\",\"mainEntityOfPage\":{\"@id\":\"https:\\\/\\\/www.laguiadepamplona.com\\\/actualidad\\\/el-ayuntamiento-de-pamplona-analizara-el-impacto-socioeconomico-y-medioambiental-de-los-sanfermines-y-la-capacidad-turistica-de-la-ciudad-como-destino\\\/\"},\"wordCount\":1426,\"commentCount\":0,\"publisher\":{\"@id\":\"https:\\\/\\\/www.laguiadepamplona.com\\\/actualidad\\\/#organization\"},\"image\":{\"@id\":\"https:\\\/\\\/www.laguiadepamplona.com\\\/actualidad\\\/el-ayuntamiento-de-pamplona-analizara-el-impacto-socioeconomico-y-medioambiental-de-los-sanfermines-y-la-capacidad-turistica-de-la-ciudad-como-destino\\\/#primaryimage\"},\"thumbnailUrl\":\"https:\\\/\\\/www.laguiadepamplona.com\\\/actualidad\\\/wp-content\\\/uploads\\\/2025\\\/03\\\/san-fermin-encuesta-web.webp\",\"articleSection\":[\"Ayto Pamplona\"],\"inLanguage\":\"es\",\"potentialAction\":[{\"@type\":\"CommentAction\",\"name\":\"Comment\",\"target\":[\"https:\\\/\\\/www.laguiadepamplona.com\\\/actualidad\\\/el-ayuntamiento-de-pamplona-analizara-el-impacto-socioeconomico-y-medioambiental-de-los-sanfermines-y-la-capacidad-turistica-de-la-ciudad-como-destino\\\/#respond\"]}]},{\"@type\":\"WebPage\",\"@id\":\"https:\\\/\\\/www.laguiadepamplona.com\\\/actualidad\\\/el-ayuntamiento-de-pamplona-analizara-el-impacto-socioeconomico-y-medioambiental-de-los-sanfermines-y-la-capacidad-turistica-de-la-ciudad-como-destino\\\/\",\"url\":\"https:\\\/\\\/www.laguiadepamplona.com\\\/actualidad\\\/el-ayuntamiento-de-pamplona-analizara-el-impacto-socioeconomico-y-medioambiental-de-los-sanfermines-y-la-capacidad-turistica-de-la-ciudad-como-destino\\\/\",\"name\":\"El Ayuntamiento de Pamplona analizar\u00e1 el impacto socioecon\u00f3mico y medioambiental de los Sanfermines y la capacidad tur\u00edstica de la ciudad como destino\",\"isPartOf\":{\"@id\":\"https:\\\/\\\/www.laguiadepamplona.com\\\/actualidad\\\/#website\"},\"primaryImageOfPage\":{\"@id\":\"https:\\\/\\\/www.laguiadepamplona.com\\\/actualidad\\\/el-ayuntamiento-de-pamplona-analizara-el-impacto-socioeconomico-y-medioambiental-de-los-sanfermines-y-la-capacidad-turistica-de-la-ciudad-como-destino\\\/#primaryimage\"},\"image\":{\"@id\":\"https:\\\/\\\/www.laguiadepamplona.com\\\/actualidad\\\/el-ayuntamiento-de-pamplona-analizara-el-impacto-socioeconomico-y-medioambiental-de-los-sanfermines-y-la-capacidad-turistica-de-la-ciudad-como-destino\\\/#primaryimage\"},\"thumbnailUrl\":\"https:\\\/\\\/www.laguiadepamplona.com\\\/actualidad\\\/wp-content\\\/uploads\\\/2025\\\/03\\\/san-fermin-encuesta-web.webp\",\"datePublished\":\"2025-03-20T16:56:59+00:00\",\"description\":\"Se realizar\u00e1n tres estudios, incluida una encuesta sobre la percepci\u00f3n de las fiestas, para contar con informaci\u00f3n actualizada y pormenorizada\",\"breadcrumb\":{\"@id\":\"https:\\\/\\\/www.laguiadepamplona.com\\\/actualidad\\\/el-ayuntamiento-de-pamplona-analizara-el-impacto-socioeconomico-y-medioambiental-de-los-sanfermines-y-la-capacidad-turistica-de-la-ciudad-como-destino\\\/#breadcrumb\"},\"inLanguage\":\"es\",\"potentialAction\":[{\"@type\":\"ReadAction\",\"target\":[\"https:\\\/\\\/www.laguiadepamplona.com\\\/actualidad\\\/el-ayuntamiento-de-pamplona-analizara-el-impacto-socioeconomico-y-medioambiental-de-los-sanfermines-y-la-capacidad-turistica-de-la-ciudad-como-destino\\\/\"]}]},{\"@type\":\"ImageObject\",\"inLanguage\":\"es\",\"@id\":\"https:\\\/\\\/www.laguiadepamplona.com\\\/actualidad\\\/el-ayuntamiento-de-pamplona-analizara-el-impacto-socioeconomico-y-medioambiental-de-los-sanfermines-y-la-capacidad-turistica-de-la-ciudad-como-destino\\\/#primaryimage\",\"url\":\"https:\\\/\\\/www.laguiadepamplona.com\\\/actualidad\\\/wp-content\\\/uploads\\\/2025\\\/03\\\/san-fermin-encuesta-web.webp\",\"contentUrl\":\"https:\\\/\\\/www.laguiadepamplona.com\\\/actualidad\\\/wp-content\\\/uploads\\\/2025\\\/03\\\/san-fermin-encuesta-web.webp\",\"width\":1000,\"height\":667,\"caption\":\"San Ferm\u00edn\"},{\"@type\":\"BreadcrumbList\",\"@id\":\"https:\\\/\\\/www.laguiadepamplona.com\\\/actualidad\\\/el-ayuntamiento-de-pamplona-analizara-el-impacto-socioeconomico-y-medioambiental-de-los-sanfermines-y-la-capacidad-turistica-de-la-ciudad-como-destino\\\/#breadcrumb\",\"itemListElement\":[{\"@type\":\"ListItem\",\"position\":1,\"name\":\"Portada\",\"item\":\"https:\\\/\\\/www.laguiadepamplona.com\\\/actualidad\\\/\"},{\"@type\":\"ListItem\",\"position\":2,\"name\":\"El Ayuntamiento de Pamplona analizar\u00e1 el impacto socioecon\u00f3mico y medioambiental de los Sanfermines y la capacidad tur\u00edstica de la ciudad como destino\"}]},{\"@type\":\"WebSite\",\"@id\":\"https:\\\/\\\/www.laguiadepamplona.com\\\/actualidad\\\/#website\",\"url\":\"https:\\\/\\\/www.laguiadepamplona.com\\\/actualidad\\\/\",\"name\":\"La gu\u00eda de Pamplona\",\"description\":\"Noticias de Pamplona\",\"publisher\":{\"@id\":\"https:\\\/\\\/www.laguiadepamplona.com\\\/actualidad\\\/#organization\"},\"potentialAction\":[{\"@type\":\"SearchAction\",\"target\":{\"@type\":\"EntryPoint\",\"urlTemplate\":\"https:\\\/\\\/www.laguiadepamplona.com\\\/actualidad\\\/?s={search_term_string}\"},\"query-input\":{\"@type\":\"PropertyValueSpecification\",\"valueRequired\":true,\"valueName\":\"search_term_string\"}}],\"inLanguage\":\"es\"},{\"@type\":\"Organization\",\"@id\":\"https:\\\/\\\/www.laguiadepamplona.com\\\/actualidad\\\/#organization\",\"name\":\"La Gu\u00eda de Pamplona \\\/ Noticias\",\"url\":\"https:\\\/\\\/www.laguiadepamplona.com\\\/actualidad\\\/\",\"logo\":{\"@type\":\"ImageObject\",\"inLanguage\":\"es\",\"@id\":\"https:\\\/\\\/www.laguiadepamplona.com\\\/actualidad\\\/#\\\/schema\\\/logo\\\/image\\\/\",\"url\":\"https:\\\/\\\/www.laguiadepamplona.com\\\/actualidad\\\/wp-content\\\/uploads\\\/2018\\\/11\\\/logo-laguiadepamplona18-web1.png\",\"contentUrl\":\"https:\\\/\\\/www.laguiadepamplona.com\\\/actualidad\\\/wp-content\\\/uploads\\\/2018\\\/11\\\/logo-laguiadepamplona18-web1.png\",\"width\":600,\"height\":196,\"caption\":\"La Gu\u00eda de Pamplona \\\/ Noticias\"},\"image\":{\"@id\":\"https:\\\/\\\/www.laguiadepamplona.com\\\/actualidad\\\/#\\\/schema\\\/logo\\\/image\\\/\"},\"sameAs\":[\"https:\\\/\\\/www.facebook.com\\\/laguiadepamplonacom-133175176762273\\\/?ref=hl\",\"https:\\\/\\\/x.com\\\/LaGuiadPamplona\",\"https:\\\/\\\/www.instagram.com\\\/la_guia_de_pamplona\\\/\",\"https:\\\/\\\/www.youtube.com\\\/user\\\/laguiadepamplona\"]},{\"@type\":\"Person\",\"@id\":\"https:\\\/\\\/www.laguiadepamplona.com\\\/actualidad\\\/#\\\/schema\\\/person\\\/efe887376f0213d4657c93adc50b1fdb\",\"name\":\"La Gu\u00eda de Pamplona\",\"image\":{\"@type\":\"ImageObject\",\"inLanguage\":\"es\",\"@id\":\"https:\\\/\\\/secure.gravatar.com\\\/avatar\\\/b6992f131dc8d30ab0dff15446e9d346d9dbd95992de0fef795073f5ea83a81c?s=96&d=mm&r=g\",\"url\":\"https:\\\/\\\/secure.gravatar.com\\\/avatar\\\/b6992f131dc8d30ab0dff15446e9d346d9dbd95992de0fef795073f5ea83a81c?s=96&d=mm&r=g\",\"contentUrl\":\"https:\\\/\\\/secure.gravatar.com\\\/avatar\\\/b6992f131dc8d30ab0dff15446e9d346d9dbd95992de0fef795073f5ea83a81c?s=96&d=mm&r=g\",\"caption\":\"La Gu\u00eda de Pamplona\"}}]}<\/script>\n<!-- \/ Yoast SEO plugin. -->","yoast_head_json":{"title":"El Ayuntamiento de Pamplona analizar\u00e1 el impacto socioecon\u00f3mico y medioambiental de los Sanfermines y la capacidad tur\u00edstica de la ciudad como destino","description":"Se realizar\u00e1n tres estudios, incluida una encuesta sobre la percepci\u00f3n de las fiestas, para contar con informaci\u00f3n actualizada y pormenorizada","robots":{"index":"index","follow":"follow","max-snippet":"max-snippet:-1","max-image-preview":"max-image-preview:large","max-video-preview":"max-video-preview:-1"},"canonical":"https:\/\/www.laguiadepamplona.com\/actualidad\/el-ayuntamiento-de-pamplona-analizara-el-impacto-socioeconomico-y-medioambiental-de-los-sanfermines-y-la-capacidad-turistica-de-la-ciudad-como-destino\/","og_locale":"es_ES","og_type":"article","og_title":"El Ayuntamiento de Pamplona analizar\u00e1 el impacto socioecon\u00f3mico y medioambiental de los Sanfermines y la capacidad tur\u00edstica de la ciudad como destino","og_description":"Se realizar\u00e1n tres estudios, incluida una encuesta sobre la percepci\u00f3n de las fiestas, para contar con informaci\u00f3n actualizada y pormenorizada","og_url":"https:\/\/www.laguiadepamplona.com\/actualidad\/el-ayuntamiento-de-pamplona-analizara-el-impacto-socioeconomico-y-medioambiental-de-los-sanfermines-y-la-capacidad-turistica-de-la-ciudad-como-destino\/","og_site_name":"La Gu\u00eda de Pamplona","article_publisher":"https:\/\/www.facebook.com\/laguiadepamplonacom-133175176762273\/?ref=hl","article_published_time":"2025-03-20T16:56:59+00:00","og_image":[{"width":1000,"height":667,"url":"https:\/\/www.laguiadepamplona.com\/actualidad\/wp-content\/uploads\/2025\/03\/san-fermin-encuesta-web.webp","type":"image\/webp"}],"author":"La Gu\u00eda de Pamplona","twitter_card":"summary_large_image","twitter_creator":"@LaGuiadPamplona","twitter_site":"@LaGuiadPamplona","twitter_misc":{"Escrito por":"La Gu\u00eda de Pamplona","Tiempo de lectura":"6 minutos"},"schema":{"@context":"https:\/\/schema.org","@graph":[{"@type":"Article","@id":"https:\/\/www.laguiadepamplona.com\/actualidad\/el-ayuntamiento-de-pamplona-analizara-el-impacto-socioeconomico-y-medioambiental-de-los-sanfermines-y-la-capacidad-turistica-de-la-ciudad-como-destino\/#article","isPartOf":{"@id":"https:\/\/www.laguiadepamplona.com\/actualidad\/el-ayuntamiento-de-pamplona-analizara-el-impacto-socioeconomico-y-medioambiental-de-los-sanfermines-y-la-capacidad-turistica-de-la-ciudad-como-destino\/"},"author":{"name":"La Gu\u00eda de Pamplona","@id":"https:\/\/www.laguiadepamplona.com\/actualidad\/#\/schema\/person\/efe887376f0213d4657c93adc50b1fdb"},"headline":"El Ayuntamiento de Pamplona analizar\u00e1 el impacto socioecon\u00f3mico y medioambiental de los Sanfermines y la capacidad tur\u00edstica de la ciudad como destino","datePublished":"2025-03-20T16:56:59+00:00","mainEntityOfPage":{"@id":"https:\/\/www.laguiadepamplona.com\/actualidad\/el-ayuntamiento-de-pamplona-analizara-el-impacto-socioeconomico-y-medioambiental-de-los-sanfermines-y-la-capacidad-turistica-de-la-ciudad-como-destino\/"},"wordCount":1426,"commentCount":0,"publisher":{"@id":"https:\/\/www.laguiadepamplona.com\/actualidad\/#organization"},"image":{"@id":"https:\/\/www.laguiadepamplona.com\/actualidad\/el-ayuntamiento-de-pamplona-analizara-el-impacto-socioeconomico-y-medioambiental-de-los-sanfermines-y-la-capacidad-turistica-de-la-ciudad-como-destino\/#primaryimage"},"thumbnailUrl":"https:\/\/www.laguiadepamplona.com\/actualidad\/wp-content\/uploads\/2025\/03\/san-fermin-encuesta-web.webp","articleSection":["Ayto Pamplona"],"inLanguage":"es","potentialAction":[{"@type":"CommentAction","name":"Comment","target":["https:\/\/www.laguiadepamplona.com\/actualidad\/el-ayuntamiento-de-pamplona-analizara-el-impacto-socioeconomico-y-medioambiental-de-los-sanfermines-y-la-capacidad-turistica-de-la-ciudad-como-destino\/#respond"]}]},{"@type":"WebPage","@id":"https:\/\/www.laguiadepamplona.com\/actualidad\/el-ayuntamiento-de-pamplona-analizara-el-impacto-socioeconomico-y-medioambiental-de-los-sanfermines-y-la-capacidad-turistica-de-la-ciudad-como-destino\/","url":"https:\/\/www.laguiadepamplona.com\/actualidad\/el-ayuntamiento-de-pamplona-analizara-el-impacto-socioeconomico-y-medioambiental-de-los-sanfermines-y-la-capacidad-turistica-de-la-ciudad-como-destino\/","name":"El Ayuntamiento de Pamplona analizar\u00e1 el impacto socioecon\u00f3mico y medioambiental de los Sanfermines y la capacidad tur\u00edstica de la ciudad como destino","isPartOf":{"@id":"https:\/\/www.laguiadepamplona.com\/actualidad\/#website"},"primaryImageOfPage":{"@id":"https:\/\/www.laguiadepamplona.com\/actualidad\/el-ayuntamiento-de-pamplona-analizara-el-impacto-socioeconomico-y-medioambiental-de-los-sanfermines-y-la-capacidad-turistica-de-la-ciudad-como-destino\/#primaryimage"},"image":{"@id":"https:\/\/www.laguiadepamplona.com\/actualidad\/el-ayuntamiento-de-pamplona-analizara-el-impacto-socioeconomico-y-medioambiental-de-los-sanfermines-y-la-capacidad-turistica-de-la-ciudad-como-destino\/#primaryimage"},"thumbnailUrl":"https:\/\/www.laguiadepamplona.com\/actualidad\/wp-content\/uploads\/2025\/03\/san-fermin-encuesta-web.webp","datePublished":"2025-03-20T16:56:59+00:00","description":"Se realizar\u00e1n tres estudios, incluida una encuesta sobre la percepci\u00f3n de las fiestas, para contar con informaci\u00f3n actualizada y pormenorizada","breadcrumb":{"@id":"https:\/\/www.laguiadepamplona.com\/actualidad\/el-ayuntamiento-de-pamplona-analizara-el-impacto-socioeconomico-y-medioambiental-de-los-sanfermines-y-la-capacidad-turistica-de-la-ciudad-como-destino\/#breadcrumb"},"inLanguage":"es","potentialAction":[{"@type":"ReadAction","target":["https:\/\/www.laguiadepamplona.com\/actualidad\/el-ayuntamiento-de-pamplona-analizara-el-impacto-socioeconomico-y-medioambiental-de-los-sanfermines-y-la-capacidad-turistica-de-la-ciudad-como-destino\/"]}]},{"@type":"ImageObject","inLanguage":"es","@id":"https:\/\/www.laguiadepamplona.com\/actualidad\/el-ayuntamiento-de-pamplona-analizara-el-impacto-socioeconomico-y-medioambiental-de-los-sanfermines-y-la-capacidad-turistica-de-la-ciudad-como-destino\/#primaryimage","url":"https:\/\/www.laguiadepamplona.com\/actualidad\/wp-content\/uploads\/2025\/03\/san-fermin-encuesta-web.webp","contentUrl":"https:\/\/www.laguiadepamplona.com\/actualidad\/wp-content\/uploads\/2025\/03\/san-fermin-encuesta-web.webp","width":1000,"height":667,"caption":"San Ferm\u00edn"},{"@type":"BreadcrumbList","@id":"https:\/\/www.laguiadepamplona.com\/actualidad\/el-ayuntamiento-de-pamplona-analizara-el-impacto-socioeconomico-y-medioambiental-de-los-sanfermines-y-la-capacidad-turistica-de-la-ciudad-como-destino\/#breadcrumb","itemListElement":[{"@type":"ListItem","position":1,"name":"Portada","item":"https:\/\/www.laguiadepamplona.com\/actualidad\/"},{"@type":"ListItem","position":2,"name":"El Ayuntamiento de Pamplona analizar\u00e1 el impacto socioecon\u00f3mico y medioambiental de los Sanfermines y la capacidad tur\u00edstica de la ciudad como destino"}]},{"@type":"WebSite","@id":"https:\/\/www.laguiadepamplona.com\/actualidad\/#website","url":"https:\/\/www.laguiadepamplona.com\/actualidad\/","name":"La gu\u00eda de Pamplona","description":"Noticias de Pamplona","publisher":{"@id":"https:\/\/www.laguiadepamplona.com\/actualidad\/#organization"},"potentialAction":[{"@type":"SearchAction","target":{"@type":"EntryPoint","urlTemplate":"https:\/\/www.laguiadepamplona.com\/actualidad\/?s={search_term_string}"},"query-input":{"@type":"PropertyValueSpecification","valueRequired":true,"valueName":"search_term_string"}}],"inLanguage":"es"},{"@type":"Organization","@id":"https:\/\/www.laguiadepamplona.com\/actualidad\/#organization","name":"La Gu\u00eda de Pamplona \/ Noticias","url":"https:\/\/www.laguiadepamplona.com\/actualidad\/","logo":{"@type":"ImageObject","inLanguage":"es","@id":"https:\/\/www.laguiadepamplona.com\/actualidad\/#\/schema\/logo\/image\/","url":"https:\/\/www.laguiadepamplona.com\/actualidad\/wp-content\/uploads\/2018\/11\/logo-laguiadepamplona18-web1.png","contentUrl":"https:\/\/www.laguiadepamplona.com\/actualidad\/wp-content\/uploads\/2018\/11\/logo-laguiadepamplona18-web1.png","width":600,"height":196,"caption":"La Gu\u00eda de Pamplona \/ Noticias"},"image":{"@id":"https:\/\/www.laguiadepamplona.com\/actualidad\/#\/schema\/logo\/image\/"},"sameAs":["https:\/\/www.facebook.com\/laguiadepamplonacom-133175176762273\/?ref=hl","https:\/\/x.com\/LaGuiadPamplona","https:\/\/www.instagram.com\/la_guia_de_pamplona\/","https:\/\/www.youtube.com\/user\/laguiadepamplona"]},{"@type":"Person","@id":"https:\/\/www.laguiadepamplona.com\/actualidad\/#\/schema\/person\/efe887376f0213d4657c93adc50b1fdb","name":"La Gu\u00eda de Pamplona","image":{"@type":"ImageObject","inLanguage":"es","@id":"https:\/\/secure.gravatar.com\/avatar\/b6992f131dc8d30ab0dff15446e9d346d9dbd95992de0fef795073f5ea83a81c?s=96&d=mm&r=g","url":"https:\/\/secure.gravatar.com\/avatar\/b6992f131dc8d30ab0dff15446e9d346d9dbd95992de0fef795073f5ea83a81c?s=96&d=mm&r=g","contentUrl":"https:\/\/secure.gravatar.com\/avatar\/b6992f131dc8d30ab0dff15446e9d346d9dbd95992de0fef795073f5ea83a81c?s=96&d=mm&r=g","caption":"La Gu\u00eda de Pamplona"}}]}},"post_mailing_queue_ids":[],"_links":{"self":[{"href":"https:\/\/www.laguiadepamplona.com\/actualidad\/wp-json\/wp\/v2\/posts\/52441","targetHints":{"allow":["GET"]}}],"collection":[{"href":"https:\/\/www.laguiadepamplona.com\/actualidad\/wp-json\/wp\/v2\/posts"}],"about":[{"href":"https:\/\/www.laguiadepamplona.com\/actualidad\/wp-json\/wp\/v2\/types\/post"}],"author":[{"embeddable":true,"href":"https:\/\/www.laguiadepamplona.com\/actualidad\/wp-json\/wp\/v2\/users\/1"}],"replies":[{"embeddable":true,"href":"https:\/\/www.laguiadepamplona.com\/actualidad\/wp-json\/wp\/v2\/comments?post=52441"}],"version-history":[{"count":1,"href":"https:\/\/www.laguiadepamplona.com\/actualidad\/wp-json\/wp\/v2\/posts\/52441\/revisions"}],"predecessor-version":[{"id":52443,"href":"https:\/\/www.laguiadepamplona.com\/actualidad\/wp-json\/wp\/v2\/posts\/52441\/revisions\/52443"}],"wp:featuredmedia":[{"embeddable":true,"href":"https:\/\/www.laguiadepamplona.com\/actualidad\/wp-json\/wp\/v2\/media\/52442"}],"wp:attachment":[{"href":"https:\/\/www.laguiadepamplona.com\/actualidad\/wp-json\/wp\/v2\/media?parent=52441"}],"wp:term":[{"taxonomy":"category","embeddable":true,"href":"https:\/\/www.laguiadepamplona.com\/actualidad\/wp-json\/wp\/v2\/categories?post=52441"},{"taxonomy":"post_tag","embeddable":true,"href":"https:\/\/www.laguiadepamplona.com\/actualidad\/wp-json\/wp\/v2\/tags?post=52441"}],"curies":[{"name":"wp","href":"https:\/\/api.w.org\/{rel}","templated":true}]}}