{"id":52438,"date":"2025-03-19T14:39:45","date_gmt":"2025-03-19T12:39:45","guid":{"rendered":"https:\/\/www.laguiadepamplona.com\/actualidad\/?p=52438"},"modified":"2025-03-19T14:39:45","modified_gmt":"2025-03-19T12:39:45","slug":"pamplona-acude-a-la-feria-de-artes-escenicas-de-donostia-para-conocer-nuevas-propuestas-y-espectaculos-que-puedan-programarse-en-la-ciudad","status":"publish","type":"post","link":"https:\/\/www.laguiadepamplona.com\/actualidad\/pamplona-acude-a-la-feria-de-artes-escenicas-de-donostia-para-conocer-nuevas-propuestas-y-espectaculos-que-puedan-programarse-en-la-ciudad\/","title":{"rendered":"Pamplona acude a la Feria de Artes Esc\u00e9nicas de Donostia para conocer nuevas propuestas y espect\u00e1culos que puedan programarse en la ciudad"},"content":{"rendered":"<h2>La concejala delegada de Cultura, Maider Beloki Unzu, se reunir\u00e1 con promotoras y distribuidoras de proyectos culturales<\/h2>\n<p><!--more--><\/p>\n<p>Con el objetivo de conocer nuevas propuestas art\u00edsticas y entablar contactos con profesionales del sector, el Ayuntamiento de Pamplona ha acudido en el d\u00eda de hoy a la Feria de Artes Esc\u00e9nicas de Donostia \/ San Sebasti\u00e1n, dFeria. Se trata de un evento con m\u00e1s de 30 a\u00f1os de trayectoria, promovido por el Ayuntamiento de San Sebasti\u00e1n y Donostia Kultura, donde se muestra, en cada edici\u00f3n una selecci\u00f3n de espect\u00e1culos de teatro y danza.<\/p>\n<p>A la capital guipuzcoana se ha trasladado la concejala de Cultura, Fiestas, Educaci\u00f3n y Deporte, Maider Beloki Unzu, acompa\u00f1ada por personal t\u00e9cnico. Todos ellos conocer\u00e1n algunas de las \u00faltimas propuestas esc\u00e9nicas que se presentan en la feria, como \u2018Lana\u2019, de Osa y Mujika; \u2018\u00bfQui\u00e9n nos dispar\u00f3?\u2019, de Antz3rkiz &amp; Pabell\u00f3n 6; o tres piezas cortas de danza \u2018Dual\u2019, \u2018Iraun\u2019 y \u2018After the drop\u2019. El encuentro servir\u00e1 tambi\u00e9n para entablar contacto con promotoras y distribuidoras de proyectos culturales. Adem\u00e1s, los representantes municipales participar\u00e1n en el foro de negocios de la feria, para valorar la posibilidad de incluir algunas de las propuestas en la programaci\u00f3n municipal como la ofertada en la red Civivox, en el Festival de las Murallas, en las fiestas de San Ferm\u00edn o en los ciclos de artes esc\u00e9nicas en euskera.<\/p>\n<p>El evento dFeria es una cita clave para el sector a nivel estatal, desde su creaci\u00f3n en 1988. Este a\u00f1o se celebra desde el pasado domingo, d\u00eda 16, hasta este viernes, d\u00eda 20. dFeria est\u00e1 asociada a la Coordinadora de Artes Esc\u00e9nicas del Estado (COFAE), que sirve como plataforma de encuentro entre diferentes agentes del sector, en la que se promueven m\u00faltiples posibilidades de intercambio de experiencias y contrataciones art\u00edsticas.<\/p>\n<p>Cada edici\u00f3n de dFeria gira en torno a un eje tem\u00e1tico que se convierte en elemento vertebrador de la exhibici\u00f3n y de las actividades paralelas. En este caso, el <em>leitmotiv <\/em>es Explotaci\u00f3n. En total participar\u00e1n 34 compa\u00f1\u00edas que representar\u00e1n 33 espect\u00e1culos (en 54 funciones). Por disciplinas, el 41% del programa estar\u00e1 dedicado a la danza, otro 38% al teatro, habr\u00e1 cuatro espect\u00e1culos circenses (12%) y otros tres de disciplinas varias (9%). Alemania, Suiza y Austria son los pa\u00edses invitados.<\/p>\n","protected":false},"excerpt":{"rendered":"<p>La concejala delegada de Cultura, Maider Beloki Unzu, se reunir\u00e1 con promotoras y distribuidoras de proyectos culturales<\/p>\n","protected":false},"author":1,"featured_media":52439,"comment_status":"open","ping_status":"closed","sticky":false,"template":"","format":"standard","meta":{"footnotes":""},"categories":[2],"tags":[],"class_list":["post-52438","post","type-post","status-publish","format-standard","has-post-thumbnail","hentry","category-ayuntamiento-pamplona"],"yoast_head":"<!-- This site is optimized with the Yoast SEO plugin v27.3 - https:\/\/yoast.com\/product\/yoast-seo-wordpress\/ -->\n<title>Pamplona acude a la Feria de Artes Esc\u00e9nicas de Donostia para conocer nuevas propuestas y espect\u00e1culos que puedan programarse en la ciudad<\/title>\n<meta name=\"description\" content=\"La concejala delegada de Cultura, Maider Beloki Unzu, se reunir\u00e1 con promotoras y distribuidoras de proyectos culturales\" \/>\n<meta name=\"robots\" content=\"index, follow, max-snippet:-1, max-image-preview:large, max-video-preview:-1\" \/>\n<link rel=\"canonical\" href=\"https:\/\/www.laguiadepamplona.com\/actualidad\/pamplona-acude-a-la-feria-de-artes-escenicas-de-donostia-para-conocer-nuevas-propuestas-y-espectaculos-que-puedan-programarse-en-la-ciudad\/\" \/>\n<meta property=\"og:locale\" content=\"es_ES\" \/>\n<meta property=\"og:type\" content=\"article\" \/>\n<meta property=\"og:title\" content=\"Pamplona acude a la Feria de Artes Esc\u00e9nicas de Donostia para conocer nuevas propuestas y espect\u00e1culos que puedan programarse en la ciudad\" \/>\n<meta property=\"og:description\" content=\"La concejala delegada de Cultura, Maider Beloki Unzu, se reunir\u00e1 con promotoras y distribuidoras de proyectos culturales\" \/>\n<meta property=\"og:url\" content=\"https:\/\/www.laguiadepamplona.com\/actualidad\/pamplona-acude-a-la-feria-de-artes-escenicas-de-donostia-para-conocer-nuevas-propuestas-y-espectaculos-que-puedan-programarse-en-la-ciudad\/\" \/>\n<meta property=\"og:site_name\" content=\"La Gu\u00eda de Pamplona\" \/>\n<meta property=\"article:publisher\" content=\"https:\/\/www.facebook.com\/laguiadepamplonacom-133175176762273\/?ref=hl\" \/>\n<meta property=\"article:published_time\" content=\"2025-03-19T12:39:45+00:00\" \/>\n<meta property=\"og:image\" content=\"https:\/\/www.laguiadepamplona.com\/actualidad\/wp-content\/uploads\/2025\/03\/Festival-de-las-murallas_web.webp\" \/>\n\t<meta property=\"og:image:width\" content=\"1000\" \/>\n\t<meta property=\"og:image:height\" content=\"667\" \/>\n\t<meta property=\"og:image:type\" content=\"image\/webp\" \/>\n<meta name=\"author\" content=\"La Gu\u00eda de Pamplona\" \/>\n<meta name=\"twitter:card\" content=\"summary_large_image\" \/>\n<meta name=\"twitter:creator\" content=\"@LaGuiadPamplona\" \/>\n<meta name=\"twitter:site\" content=\"@LaGuiadPamplona\" \/>\n<meta name=\"twitter:label1\" content=\"Escrito por\" \/>\n\t<meta name=\"twitter:data1\" content=\"La Gu\u00eda de Pamplona\" \/>\n\t<meta name=\"twitter:label2\" content=\"Tiempo de lectura\" \/>\n\t<meta name=\"twitter:data2\" content=\"2 minutos\" \/>\n<script type=\"application\/ld+json\" class=\"yoast-schema-graph\">{\"@context\":\"https:\\\/\\\/schema.org\",\"@graph\":[{\"@type\":\"Article\",\"@id\":\"https:\\\/\\\/www.laguiadepamplona.com\\\/actualidad\\\/pamplona-acude-a-la-feria-de-artes-escenicas-de-donostia-para-conocer-nuevas-propuestas-y-espectaculos-que-puedan-programarse-en-la-ciudad\\\/#article\",\"isPartOf\":{\"@id\":\"https:\\\/\\\/www.laguiadepamplona.com\\\/actualidad\\\/pamplona-acude-a-la-feria-de-artes-escenicas-de-donostia-para-conocer-nuevas-propuestas-y-espectaculos-que-puedan-programarse-en-la-ciudad\\\/\"},\"author\":{\"name\":\"La Gu\u00eda de Pamplona\",\"@id\":\"https:\\\/\\\/www.laguiadepamplona.com\\\/actualidad\\\/#\\\/schema\\\/person\\\/efe887376f0213d4657c93adc50b1fdb\"},\"headline\":\"Pamplona acude a la Feria de Artes Esc\u00e9nicas de Donostia para conocer nuevas propuestas y espect\u00e1culos que puedan programarse en la ciudad\",\"datePublished\":\"2025-03-19T12:39:45+00:00\",\"mainEntityOfPage\":{\"@id\":\"https:\\\/\\\/www.laguiadepamplona.com\\\/actualidad\\\/pamplona-acude-a-la-feria-de-artes-escenicas-de-donostia-para-conocer-nuevas-propuestas-y-espectaculos-que-puedan-programarse-en-la-ciudad\\\/\"},\"wordCount\":424,\"commentCount\":0,\"publisher\":{\"@id\":\"https:\\\/\\\/www.laguiadepamplona.com\\\/actualidad\\\/#organization\"},\"image\":{\"@id\":\"https:\\\/\\\/www.laguiadepamplona.com\\\/actualidad\\\/pamplona-acude-a-la-feria-de-artes-escenicas-de-donostia-para-conocer-nuevas-propuestas-y-espectaculos-que-puedan-programarse-en-la-ciudad\\\/#primaryimage\"},\"thumbnailUrl\":\"https:\\\/\\\/www.laguiadepamplona.com\\\/actualidad\\\/wp-content\\\/uploads\\\/2025\\\/03\\\/Festival-de-las-murallas_web.webp\",\"articleSection\":[\"Ayto Pamplona\"],\"inLanguage\":\"es\",\"potentialAction\":[{\"@type\":\"CommentAction\",\"name\":\"Comment\",\"target\":[\"https:\\\/\\\/www.laguiadepamplona.com\\\/actualidad\\\/pamplona-acude-a-la-feria-de-artes-escenicas-de-donostia-para-conocer-nuevas-propuestas-y-espectaculos-que-puedan-programarse-en-la-ciudad\\\/#respond\"]}]},{\"@type\":\"WebPage\",\"@id\":\"https:\\\/\\\/www.laguiadepamplona.com\\\/actualidad\\\/pamplona-acude-a-la-feria-de-artes-escenicas-de-donostia-para-conocer-nuevas-propuestas-y-espectaculos-que-puedan-programarse-en-la-ciudad\\\/\",\"url\":\"https:\\\/\\\/www.laguiadepamplona.com\\\/actualidad\\\/pamplona-acude-a-la-feria-de-artes-escenicas-de-donostia-para-conocer-nuevas-propuestas-y-espectaculos-que-puedan-programarse-en-la-ciudad\\\/\",\"name\":\"Pamplona acude a la Feria de Artes Esc\u00e9nicas de Donostia para conocer nuevas propuestas y espect\u00e1culos que puedan programarse en la ciudad\",\"isPartOf\":{\"@id\":\"https:\\\/\\\/www.laguiadepamplona.com\\\/actualidad\\\/#website\"},\"primaryImageOfPage\":{\"@id\":\"https:\\\/\\\/www.laguiadepamplona.com\\\/actualidad\\\/pamplona-acude-a-la-feria-de-artes-escenicas-de-donostia-para-conocer-nuevas-propuestas-y-espectaculos-que-puedan-programarse-en-la-ciudad\\\/#primaryimage\"},\"image\":{\"@id\":\"https:\\\/\\\/www.laguiadepamplona.com\\\/actualidad\\\/pamplona-acude-a-la-feria-de-artes-escenicas-de-donostia-para-conocer-nuevas-propuestas-y-espectaculos-que-puedan-programarse-en-la-ciudad\\\/#primaryimage\"},\"thumbnailUrl\":\"https:\\\/\\\/www.laguiadepamplona.com\\\/actualidad\\\/wp-content\\\/uploads\\\/2025\\\/03\\\/Festival-de-las-murallas_web.webp\",\"datePublished\":\"2025-03-19T12:39:45+00:00\",\"description\":\"La concejala delegada de Cultura, Maider Beloki Unzu, se reunir\u00e1 con promotoras y distribuidoras de proyectos culturales\",\"breadcrumb\":{\"@id\":\"https:\\\/\\\/www.laguiadepamplona.com\\\/actualidad\\\/pamplona-acude-a-la-feria-de-artes-escenicas-de-donostia-para-conocer-nuevas-propuestas-y-espectaculos-que-puedan-programarse-en-la-ciudad\\\/#breadcrumb\"},\"inLanguage\":\"es\",\"potentialAction\":[{\"@type\":\"ReadAction\",\"target\":[\"https:\\\/\\\/www.laguiadepamplona.com\\\/actualidad\\\/pamplona-acude-a-la-feria-de-artes-escenicas-de-donostia-para-conocer-nuevas-propuestas-y-espectaculos-que-puedan-programarse-en-la-ciudad\\\/\"]}]},{\"@type\":\"ImageObject\",\"inLanguage\":\"es\",\"@id\":\"https:\\\/\\\/www.laguiadepamplona.com\\\/actualidad\\\/pamplona-acude-a-la-feria-de-artes-escenicas-de-donostia-para-conocer-nuevas-propuestas-y-espectaculos-que-puedan-programarse-en-la-ciudad\\\/#primaryimage\",\"url\":\"https:\\\/\\\/www.laguiadepamplona.com\\\/actualidad\\\/wp-content\\\/uploads\\\/2025\\\/03\\\/Festival-de-las-murallas_web.webp\",\"contentUrl\":\"https:\\\/\\\/www.laguiadepamplona.com\\\/actualidad\\\/wp-content\\\/uploads\\\/2025\\\/03\\\/Festival-de-las-murallas_web.webp\",\"width\":1000,\"height\":667,\"caption\":\"Festival de las murallas\"},{\"@type\":\"BreadcrumbList\",\"@id\":\"https:\\\/\\\/www.laguiadepamplona.com\\\/actualidad\\\/pamplona-acude-a-la-feria-de-artes-escenicas-de-donostia-para-conocer-nuevas-propuestas-y-espectaculos-que-puedan-programarse-en-la-ciudad\\\/#breadcrumb\",\"itemListElement\":[{\"@type\":\"ListItem\",\"position\":1,\"name\":\"Portada\",\"item\":\"https:\\\/\\\/www.laguiadepamplona.com\\\/actualidad\\\/\"},{\"@type\":\"ListItem\",\"position\":2,\"name\":\"Pamplona acude a la Feria de Artes Esc\u00e9nicas de Donostia para conocer nuevas propuestas y espect\u00e1culos que puedan programarse en la ciudad\"}]},{\"@type\":\"WebSite\",\"@id\":\"https:\\\/\\\/www.laguiadepamplona.com\\\/actualidad\\\/#website\",\"url\":\"https:\\\/\\\/www.laguiadepamplona.com\\\/actualidad\\\/\",\"name\":\"La gu\u00eda de Pamplona\",\"description\":\"Noticias de Pamplona\",\"publisher\":{\"@id\":\"https:\\\/\\\/www.laguiadepamplona.com\\\/actualidad\\\/#organization\"},\"potentialAction\":[{\"@type\":\"SearchAction\",\"target\":{\"@type\":\"EntryPoint\",\"urlTemplate\":\"https:\\\/\\\/www.laguiadepamplona.com\\\/actualidad\\\/?s={search_term_string}\"},\"query-input\":{\"@type\":\"PropertyValueSpecification\",\"valueRequired\":true,\"valueName\":\"search_term_string\"}}],\"inLanguage\":\"es\"},{\"@type\":\"Organization\",\"@id\":\"https:\\\/\\\/www.laguiadepamplona.com\\\/actualidad\\\/#organization\",\"name\":\"La Gu\u00eda de Pamplona \\\/ Noticias\",\"url\":\"https:\\\/\\\/www.laguiadepamplona.com\\\/actualidad\\\/\",\"logo\":{\"@type\":\"ImageObject\",\"inLanguage\":\"es\",\"@id\":\"https:\\\/\\\/www.laguiadepamplona.com\\\/actualidad\\\/#\\\/schema\\\/logo\\\/image\\\/\",\"url\":\"https:\\\/\\\/www.laguiadepamplona.com\\\/actualidad\\\/wp-content\\\/uploads\\\/2018\\\/11\\\/logo-laguiadepamplona18-web1.png\",\"contentUrl\":\"https:\\\/\\\/www.laguiadepamplona.com\\\/actualidad\\\/wp-content\\\/uploads\\\/2018\\\/11\\\/logo-laguiadepamplona18-web1.png\",\"width\":600,\"height\":196,\"caption\":\"La Gu\u00eda de Pamplona \\\/ Noticias\"},\"image\":{\"@id\":\"https:\\\/\\\/www.laguiadepamplona.com\\\/actualidad\\\/#\\\/schema\\\/logo\\\/image\\\/\"},\"sameAs\":[\"https:\\\/\\\/www.facebook.com\\\/laguiadepamplonacom-133175176762273\\\/?ref=hl\",\"https:\\\/\\\/x.com\\\/LaGuiadPamplona\",\"https:\\\/\\\/www.instagram.com\\\/la_guia_de_pamplona\\\/\",\"https:\\\/\\\/www.youtube.com\\\/user\\\/laguiadepamplona\"]},{\"@type\":\"Person\",\"@id\":\"https:\\\/\\\/www.laguiadepamplona.com\\\/actualidad\\\/#\\\/schema\\\/person\\\/efe887376f0213d4657c93adc50b1fdb\",\"name\":\"La Gu\u00eda de Pamplona\",\"image\":{\"@type\":\"ImageObject\",\"inLanguage\":\"es\",\"@id\":\"https:\\\/\\\/secure.gravatar.com\\\/avatar\\\/b6992f131dc8d30ab0dff15446e9d346d9dbd95992de0fef795073f5ea83a81c?s=96&d=mm&r=g\",\"url\":\"https:\\\/\\\/secure.gravatar.com\\\/avatar\\\/b6992f131dc8d30ab0dff15446e9d346d9dbd95992de0fef795073f5ea83a81c?s=96&d=mm&r=g\",\"contentUrl\":\"https:\\\/\\\/secure.gravatar.com\\\/avatar\\\/b6992f131dc8d30ab0dff15446e9d346d9dbd95992de0fef795073f5ea83a81c?s=96&d=mm&r=g\",\"caption\":\"La Gu\u00eda de Pamplona\"}}]}<\/script>\n<!-- \/ Yoast SEO plugin. -->","yoast_head_json":{"title":"Pamplona acude a la Feria de Artes Esc\u00e9nicas de Donostia para conocer nuevas propuestas y espect\u00e1culos que puedan programarse en la ciudad","description":"La concejala delegada de Cultura, Maider Beloki Unzu, se reunir\u00e1 con promotoras y distribuidoras de proyectos culturales","robots":{"index":"index","follow":"follow","max-snippet":"max-snippet:-1","max-image-preview":"max-image-preview:large","max-video-preview":"max-video-preview:-1"},"canonical":"https:\/\/www.laguiadepamplona.com\/actualidad\/pamplona-acude-a-la-feria-de-artes-escenicas-de-donostia-para-conocer-nuevas-propuestas-y-espectaculos-que-puedan-programarse-en-la-ciudad\/","og_locale":"es_ES","og_type":"article","og_title":"Pamplona acude a la Feria de Artes Esc\u00e9nicas de Donostia para conocer nuevas propuestas y espect\u00e1culos que puedan programarse en la ciudad","og_description":"La concejala delegada de Cultura, Maider Beloki Unzu, se reunir\u00e1 con promotoras y distribuidoras de proyectos culturales","og_url":"https:\/\/www.laguiadepamplona.com\/actualidad\/pamplona-acude-a-la-feria-de-artes-escenicas-de-donostia-para-conocer-nuevas-propuestas-y-espectaculos-que-puedan-programarse-en-la-ciudad\/","og_site_name":"La Gu\u00eda de Pamplona","article_publisher":"https:\/\/www.facebook.com\/laguiadepamplonacom-133175176762273\/?ref=hl","article_published_time":"2025-03-19T12:39:45+00:00","og_image":[{"width":1000,"height":667,"url":"https:\/\/www.laguiadepamplona.com\/actualidad\/wp-content\/uploads\/2025\/03\/Festival-de-las-murallas_web.webp","type":"image\/webp"}],"author":"La Gu\u00eda de Pamplona","twitter_card":"summary_large_image","twitter_creator":"@LaGuiadPamplona","twitter_site":"@LaGuiadPamplona","twitter_misc":{"Escrito por":"La Gu\u00eda de Pamplona","Tiempo de lectura":"2 minutos"},"schema":{"@context":"https:\/\/schema.org","@graph":[{"@type":"Article","@id":"https:\/\/www.laguiadepamplona.com\/actualidad\/pamplona-acude-a-la-feria-de-artes-escenicas-de-donostia-para-conocer-nuevas-propuestas-y-espectaculos-que-puedan-programarse-en-la-ciudad\/#article","isPartOf":{"@id":"https:\/\/www.laguiadepamplona.com\/actualidad\/pamplona-acude-a-la-feria-de-artes-escenicas-de-donostia-para-conocer-nuevas-propuestas-y-espectaculos-que-puedan-programarse-en-la-ciudad\/"},"author":{"name":"La Gu\u00eda de Pamplona","@id":"https:\/\/www.laguiadepamplona.com\/actualidad\/#\/schema\/person\/efe887376f0213d4657c93adc50b1fdb"},"headline":"Pamplona acude a la Feria de Artes Esc\u00e9nicas de Donostia para conocer nuevas propuestas y espect\u00e1culos que puedan programarse en la ciudad","datePublished":"2025-03-19T12:39:45+00:00","mainEntityOfPage":{"@id":"https:\/\/www.laguiadepamplona.com\/actualidad\/pamplona-acude-a-la-feria-de-artes-escenicas-de-donostia-para-conocer-nuevas-propuestas-y-espectaculos-que-puedan-programarse-en-la-ciudad\/"},"wordCount":424,"commentCount":0,"publisher":{"@id":"https:\/\/www.laguiadepamplona.com\/actualidad\/#organization"},"image":{"@id":"https:\/\/www.laguiadepamplona.com\/actualidad\/pamplona-acude-a-la-feria-de-artes-escenicas-de-donostia-para-conocer-nuevas-propuestas-y-espectaculos-que-puedan-programarse-en-la-ciudad\/#primaryimage"},"thumbnailUrl":"https:\/\/www.laguiadepamplona.com\/actualidad\/wp-content\/uploads\/2025\/03\/Festival-de-las-murallas_web.webp","articleSection":["Ayto Pamplona"],"inLanguage":"es","potentialAction":[{"@type":"CommentAction","name":"Comment","target":["https:\/\/www.laguiadepamplona.com\/actualidad\/pamplona-acude-a-la-feria-de-artes-escenicas-de-donostia-para-conocer-nuevas-propuestas-y-espectaculos-que-puedan-programarse-en-la-ciudad\/#respond"]}]},{"@type":"WebPage","@id":"https:\/\/www.laguiadepamplona.com\/actualidad\/pamplona-acude-a-la-feria-de-artes-escenicas-de-donostia-para-conocer-nuevas-propuestas-y-espectaculos-que-puedan-programarse-en-la-ciudad\/","url":"https:\/\/www.laguiadepamplona.com\/actualidad\/pamplona-acude-a-la-feria-de-artes-escenicas-de-donostia-para-conocer-nuevas-propuestas-y-espectaculos-que-puedan-programarse-en-la-ciudad\/","name":"Pamplona acude a la Feria de Artes Esc\u00e9nicas de Donostia para conocer nuevas propuestas y espect\u00e1culos que puedan programarse en la ciudad","isPartOf":{"@id":"https:\/\/www.laguiadepamplona.com\/actualidad\/#website"},"primaryImageOfPage":{"@id":"https:\/\/www.laguiadepamplona.com\/actualidad\/pamplona-acude-a-la-feria-de-artes-escenicas-de-donostia-para-conocer-nuevas-propuestas-y-espectaculos-que-puedan-programarse-en-la-ciudad\/#primaryimage"},"image":{"@id":"https:\/\/www.laguiadepamplona.com\/actualidad\/pamplona-acude-a-la-feria-de-artes-escenicas-de-donostia-para-conocer-nuevas-propuestas-y-espectaculos-que-puedan-programarse-en-la-ciudad\/#primaryimage"},"thumbnailUrl":"https:\/\/www.laguiadepamplona.com\/actualidad\/wp-content\/uploads\/2025\/03\/Festival-de-las-murallas_web.webp","datePublished":"2025-03-19T12:39:45+00:00","description":"La concejala delegada de Cultura, Maider Beloki Unzu, se reunir\u00e1 con promotoras y distribuidoras de proyectos culturales","breadcrumb":{"@id":"https:\/\/www.laguiadepamplona.com\/actualidad\/pamplona-acude-a-la-feria-de-artes-escenicas-de-donostia-para-conocer-nuevas-propuestas-y-espectaculos-que-puedan-programarse-en-la-ciudad\/#breadcrumb"},"inLanguage":"es","potentialAction":[{"@type":"ReadAction","target":["https:\/\/www.laguiadepamplona.com\/actualidad\/pamplona-acude-a-la-feria-de-artes-escenicas-de-donostia-para-conocer-nuevas-propuestas-y-espectaculos-que-puedan-programarse-en-la-ciudad\/"]}]},{"@type":"ImageObject","inLanguage":"es","@id":"https:\/\/www.laguiadepamplona.com\/actualidad\/pamplona-acude-a-la-feria-de-artes-escenicas-de-donostia-para-conocer-nuevas-propuestas-y-espectaculos-que-puedan-programarse-en-la-ciudad\/#primaryimage","url":"https:\/\/www.laguiadepamplona.com\/actualidad\/wp-content\/uploads\/2025\/03\/Festival-de-las-murallas_web.webp","contentUrl":"https:\/\/www.laguiadepamplona.com\/actualidad\/wp-content\/uploads\/2025\/03\/Festival-de-las-murallas_web.webp","width":1000,"height":667,"caption":"Festival de las murallas"},{"@type":"BreadcrumbList","@id":"https:\/\/www.laguiadepamplona.com\/actualidad\/pamplona-acude-a-la-feria-de-artes-escenicas-de-donostia-para-conocer-nuevas-propuestas-y-espectaculos-que-puedan-programarse-en-la-ciudad\/#breadcrumb","itemListElement":[{"@type":"ListItem","position":1,"name":"Portada","item":"https:\/\/www.laguiadepamplona.com\/actualidad\/"},{"@type":"ListItem","position":2,"name":"Pamplona acude a la Feria de Artes Esc\u00e9nicas de Donostia para conocer nuevas propuestas y espect\u00e1culos que puedan programarse en la ciudad"}]},{"@type":"WebSite","@id":"https:\/\/www.laguiadepamplona.com\/actualidad\/#website","url":"https:\/\/www.laguiadepamplona.com\/actualidad\/","name":"La gu\u00eda de Pamplona","description":"Noticias de Pamplona","publisher":{"@id":"https:\/\/www.laguiadepamplona.com\/actualidad\/#organization"},"potentialAction":[{"@type":"SearchAction","target":{"@type":"EntryPoint","urlTemplate":"https:\/\/www.laguiadepamplona.com\/actualidad\/?s={search_term_string}"},"query-input":{"@type":"PropertyValueSpecification","valueRequired":true,"valueName":"search_term_string"}}],"inLanguage":"es"},{"@type":"Organization","@id":"https:\/\/www.laguiadepamplona.com\/actualidad\/#organization","name":"La Gu\u00eda de Pamplona \/ Noticias","url":"https:\/\/www.laguiadepamplona.com\/actualidad\/","logo":{"@type":"ImageObject","inLanguage":"es","@id":"https:\/\/www.laguiadepamplona.com\/actualidad\/#\/schema\/logo\/image\/","url":"https:\/\/www.laguiadepamplona.com\/actualidad\/wp-content\/uploads\/2018\/11\/logo-laguiadepamplona18-web1.png","contentUrl":"https:\/\/www.laguiadepamplona.com\/actualidad\/wp-content\/uploads\/2018\/11\/logo-laguiadepamplona18-web1.png","width":600,"height":196,"caption":"La Gu\u00eda de Pamplona \/ Noticias"},"image":{"@id":"https:\/\/www.laguiadepamplona.com\/actualidad\/#\/schema\/logo\/image\/"},"sameAs":["https:\/\/www.facebook.com\/laguiadepamplonacom-133175176762273\/?ref=hl","https:\/\/x.com\/LaGuiadPamplona","https:\/\/www.instagram.com\/la_guia_de_pamplona\/","https:\/\/www.youtube.com\/user\/laguiadepamplona"]},{"@type":"Person","@id":"https:\/\/www.laguiadepamplona.com\/actualidad\/#\/schema\/person\/efe887376f0213d4657c93adc50b1fdb","name":"La Gu\u00eda de Pamplona","image":{"@type":"ImageObject","inLanguage":"es","@id":"https:\/\/secure.gravatar.com\/avatar\/b6992f131dc8d30ab0dff15446e9d346d9dbd95992de0fef795073f5ea83a81c?s=96&d=mm&r=g","url":"https:\/\/secure.gravatar.com\/avatar\/b6992f131dc8d30ab0dff15446e9d346d9dbd95992de0fef795073f5ea83a81c?s=96&d=mm&r=g","contentUrl":"https:\/\/secure.gravatar.com\/avatar\/b6992f131dc8d30ab0dff15446e9d346d9dbd95992de0fef795073f5ea83a81c?s=96&d=mm&r=g","caption":"La Gu\u00eda de Pamplona"}}]}},"post_mailing_queue_ids":[],"_links":{"self":[{"href":"https:\/\/www.laguiadepamplona.com\/actualidad\/wp-json\/wp\/v2\/posts\/52438","targetHints":{"allow":["GET"]}}],"collection":[{"href":"https:\/\/www.laguiadepamplona.com\/actualidad\/wp-json\/wp\/v2\/posts"}],"about":[{"href":"https:\/\/www.laguiadepamplona.com\/actualidad\/wp-json\/wp\/v2\/types\/post"}],"author":[{"embeddable":true,"href":"https:\/\/www.laguiadepamplona.com\/actualidad\/wp-json\/wp\/v2\/users\/1"}],"replies":[{"embeddable":true,"href":"https:\/\/www.laguiadepamplona.com\/actualidad\/wp-json\/wp\/v2\/comments?post=52438"}],"version-history":[{"count":1,"href":"https:\/\/www.laguiadepamplona.com\/actualidad\/wp-json\/wp\/v2\/posts\/52438\/revisions"}],"predecessor-version":[{"id":52440,"href":"https:\/\/www.laguiadepamplona.com\/actualidad\/wp-json\/wp\/v2\/posts\/52438\/revisions\/52440"}],"wp:featuredmedia":[{"embeddable":true,"href":"https:\/\/www.laguiadepamplona.com\/actualidad\/wp-json\/wp\/v2\/media\/52439"}],"wp:attachment":[{"href":"https:\/\/www.laguiadepamplona.com\/actualidad\/wp-json\/wp\/v2\/media?parent=52438"}],"wp:term":[{"taxonomy":"category","embeddable":true,"href":"https:\/\/www.laguiadepamplona.com\/actualidad\/wp-json\/wp\/v2\/categories?post=52438"},{"taxonomy":"post_tag","embeddable":true,"href":"https:\/\/www.laguiadepamplona.com\/actualidad\/wp-json\/wp\/v2\/tags?post=52438"}],"curies":[{"name":"wp","href":"https:\/\/api.w.org\/{rel}","templated":true}]}}