{"id":52435,"date":"2025-03-19T14:38:14","date_gmt":"2025-03-19T12:38:14","guid":{"rendered":"https:\/\/www.laguiadepamplona.com\/actualidad\/?p=52435"},"modified":"2025-03-19T14:38:14","modified_gmt":"2025-03-19T12:38:14","slug":"el-ayuntamiento-de-pamplona-y-el-pacto-por-la-persona-mayor-del-barrio-de-san-juan-suscriben-un-convenio-de-colaboracion-en-el-septimo-aniversario-de-la-asociacion","status":"publish","type":"post","link":"https:\/\/www.laguiadepamplona.com\/actualidad\/el-ayuntamiento-de-pamplona-y-el-pacto-por-la-persona-mayor-del-barrio-de-san-juan-suscriben-un-convenio-de-colaboracion-en-el-septimo-aniversario-de-la-asociacion\/","title":{"rendered":"El Ayuntamiento de Pamplona y el Pacto por la Persona Mayor del barrio de San Juan suscriben un convenio de colaboraci\u00f3n en el s\u00e9ptimo aniversario de la asociaci\u00f3n"},"content":{"rendered":"<h2>Las dos instituciones promueven estrategias de envejecimiento activo y saludable a trav\u00e9s de distintas actividades<\/h2>\n<p><!--more--><\/p>\n<p>El Ayuntamiento de Pamplona y el Pacto por la Persona Mayor del barrio de San Juan han suscrito un convenio de colaboraci\u00f3n para impulsar el bienestar de las personas mayores. Las dos instituciones se comprometen a trabajar de manera coordinada en actividades para personas mayores, identificar necesidades y difundir el Pacto Persona Mayor, sus servicios, fondos y actividades, tanto en la sede como con carteler\u00eda y d\u00edpticos, de forma virtual.<\/p>\n<p>El convenio, que abarca todo el a\u00f1o 2025, est\u00e1 dotado con 7.500 euros, que sirven para sufragar los gastos del alquiler del local y gastos indirectos del Pacto, ubicado en el local de la calle San Alberto Magno 8. Esta sede est\u00e1 abierta al p\u00fablico en horario, de lunes a viernes, de 10:00 a 13:00 horas, y los lunes y mi\u00e9rcoles, tambi\u00e9n de 16:30 a 19:00 horas, para ofrecer informaci\u00f3n especializada y accesible, especialmente para las personas mayores.<\/p>\n<p>La Asociaci\u00f3n Pacto Persona Mayor San Juan \/ Donibaneko Adinekoaren Aldeko Akordioa se cre\u00f3 en marzo de 2018, como herramienta de trabajo entre diversas entidades, servicios p\u00fablicos y privados, con un compromiso participativo para trabajar conjuntamente en estrategias de envejecimiento activo y saludable. Su objetivo general es dise\u00f1ar propuestas para abordar conjuntamente los tres pilares del envejecimiento: salud, participaci\u00f3n y seguridad.<\/p>\n<p>Los objetivos espec\u00edficos del Pacto se distribuyen en diez \u00e1reas estrat\u00e9gicas asimilando as\u00ed la propuesta al modelo de la Estrategia de Envejecimiento Activo y saludable de Navarra (2017-2022), del Gobierno de Navarra, del que tambi\u00e9n recibe apoyo econ\u00f3mico a trav\u00e9s de subvenciones. Estas \u00e1reas son Participaci\u00f3n, Educaci\u00f3n, formaci\u00f3n y aprendizaje, Promoci\u00f3n de estilos de vida saludables, Servicios sociales, de salud y comunitarios, Cuidar y cuidarse, Seguridad econ\u00f3mica, social y laboral, Barrio accesible, seguro y activo, Viviendas seguras, Imagen social positiva e Investigaci\u00f3n, innovaci\u00f3n y desarrollo.<\/p>\n<p>Entre las actividades que realiza, se encuentran la Escuela de Salud, con talleres te\u00f3rico-pr\u00e1cticos, el servicio de voluntariado para acompa\u00f1amiento para paseos, el concurso fotogr\u00e1fico \u201cEnvejecer viviendo\u201d, los Paseos sin prisas, la celebraci\u00f3n del ciclo de cine para mayores, el Mes de la mujer, y nuevos proyectos como el Taller de Teatro para mayores, el Club de Lectura +80 y el Taller de Fotograf\u00eda, entre otros.<\/p>\n<p>&nbsp;<\/p>\n<h3>Pacto por la Persona Mayor del barrio de San Juan &#8211; Donibane<\/h3>\n<ul>\n<li>Entidades que lo integran:\n<ul>\n<li>SCDR Anaitasuna<\/li>\n<li>Agrupaci\u00f3n deportiva San Juan<\/li>\n<li>Asociaci\u00f3n de comerciantes Martin Azpilcueta<\/li>\n<li>Asociaci\u00f3n de Comerciantes de San Juan\/Ermitaga\u00f1a\/Mendebaldea<\/li>\n<li>Biblioteca Yamaguchi<\/li>\n<li>C\u00e1ritas San Juan<\/li>\n<li>Centro de Salud de San Juan<\/li>\n<li>Club de jubilados Oskia<\/li>\n<li>Concejal\u00eda de Barrio San Juan<\/li>\n<li>DYA Navarra<\/li>\n<li>Farmacias del barrio San Juan<\/li>\n<li>Fundaci\u00f3n Caja Navarra<\/li>\n<li>Grupo de Trabajo del Envejecimiento del Colegio de Psicolog\u00eda de Navarra<\/li>\n<li>Polic\u00eda de Barrio de San Juan<\/li>\n<li>San Juan Xar<\/li>\n<li>Solera Asistencial<\/li>\n<li>Unidad de Barrio de San Juan<\/li>\n<li>Programa siempre acompa\u00f1ados<\/li>\n<li>Receta deportivo social<\/li>\n<li>Unidad de Acci\u00f3n comunitaria, mayores<\/li>\n<\/ul>\n<\/li>\n<\/ul>\n","protected":false},"excerpt":{"rendered":"<p>Las dos instituciones promueven estrategias de envejecimiento activo y saludable a trav\u00e9s de distintas actividades<\/p>\n","protected":false},"author":1,"featured_media":52436,"comment_status":"open","ping_status":"closed","sticky":false,"template":"","format":"standard","meta":{"footnotes":""},"categories":[2],"tags":[],"class_list":["post-52435","post","type-post","status-publish","format-standard","has-post-thumbnail","hentry","category-ayuntamiento-pamplona"],"yoast_head":"<!-- This site is optimized with the Yoast SEO plugin v27.3 - https:\/\/yoast.com\/product\/yoast-seo-wordpress\/ -->\n<title>El Ayuntamiento de Pamplona y el Pacto por la Persona Mayor del barrio de San Juan suscriben un convenio de colaboraci\u00f3n en el s\u00e9ptimo aniversario de la asociaci\u00f3n<\/title>\n<meta name=\"description\" content=\"Las dos instituciones promueven estrategias de envejecimiento activo y saludable a trav\u00e9s de distintas actividades\" \/>\n<meta name=\"robots\" content=\"index, follow, max-snippet:-1, max-image-preview:large, max-video-preview:-1\" \/>\n<link rel=\"canonical\" href=\"https:\/\/www.laguiadepamplona.com\/actualidad\/el-ayuntamiento-de-pamplona-y-el-pacto-por-la-persona-mayor-del-barrio-de-san-juan-suscriben-un-convenio-de-colaboracion-en-el-septimo-aniversario-de-la-asociacion\/\" \/>\n<meta property=\"og:locale\" content=\"es_ES\" \/>\n<meta property=\"og:type\" content=\"article\" \/>\n<meta property=\"og:title\" content=\"El Ayuntamiento de Pamplona y el Pacto por la Persona Mayor del barrio de San Juan suscriben un convenio de colaboraci\u00f3n en el s\u00e9ptimo aniversario de la asociaci\u00f3n\" \/>\n<meta property=\"og:description\" content=\"Las dos instituciones promueven estrategias de envejecimiento activo y saludable a trav\u00e9s de distintas actividades\" \/>\n<meta property=\"og:url\" content=\"https:\/\/www.laguiadepamplona.com\/actualidad\/el-ayuntamiento-de-pamplona-y-el-pacto-por-la-persona-mayor-del-barrio-de-san-juan-suscriben-un-convenio-de-colaboracion-en-el-septimo-aniversario-de-la-asociacion\/\" \/>\n<meta property=\"og:site_name\" content=\"La Gu\u00eda de Pamplona\" \/>\n<meta property=\"article:publisher\" content=\"https:\/\/www.facebook.com\/laguiadepamplonacom-133175176762273\/?ref=hl\" \/>\n<meta property=\"article:published_time\" content=\"2025-03-19T12:38:14+00:00\" \/>\n<meta property=\"og:image\" content=\"https:\/\/www.laguiadepamplona.com\/actualidad\/wp-content\/uploads\/2025\/03\/firmapactodelaspersonasmayores1_0.webp\" \/>\n\t<meta property=\"og:image:width\" content=\"1000\" \/>\n\t<meta property=\"og:image:height\" content=\"667\" \/>\n\t<meta property=\"og:image:type\" content=\"image\/webp\" \/>\n<meta name=\"author\" content=\"La Gu\u00eda de Pamplona\" \/>\n<meta name=\"twitter:card\" content=\"summary_large_image\" \/>\n<meta name=\"twitter:creator\" content=\"@LaGuiadPamplona\" \/>\n<meta name=\"twitter:site\" content=\"@LaGuiadPamplona\" \/>\n<meta name=\"twitter:label1\" content=\"Escrito por\" \/>\n\t<meta name=\"twitter:data1\" content=\"La Gu\u00eda de Pamplona\" \/>\n\t<meta name=\"twitter:label2\" content=\"Tiempo de lectura\" \/>\n\t<meta name=\"twitter:data2\" content=\"3 minutos\" \/>\n<script type=\"application\/ld+json\" class=\"yoast-schema-graph\">{\"@context\":\"https:\\\/\\\/schema.org\",\"@graph\":[{\"@type\":\"Article\",\"@id\":\"https:\\\/\\\/www.laguiadepamplona.com\\\/actualidad\\\/el-ayuntamiento-de-pamplona-y-el-pacto-por-la-persona-mayor-del-barrio-de-san-juan-suscriben-un-convenio-de-colaboracion-en-el-septimo-aniversario-de-la-asociacion\\\/#article\",\"isPartOf\":{\"@id\":\"https:\\\/\\\/www.laguiadepamplona.com\\\/actualidad\\\/el-ayuntamiento-de-pamplona-y-el-pacto-por-la-persona-mayor-del-barrio-de-san-juan-suscriben-un-convenio-de-colaboracion-en-el-septimo-aniversario-de-la-asociacion\\\/\"},\"author\":{\"name\":\"La Gu\u00eda de Pamplona\",\"@id\":\"https:\\\/\\\/www.laguiadepamplona.com\\\/actualidad\\\/#\\\/schema\\\/person\\\/efe887376f0213d4657c93adc50b1fdb\"},\"headline\":\"El Ayuntamiento de Pamplona y el Pacto por la Persona Mayor del barrio de San Juan suscriben un convenio de colaboraci\u00f3n en el s\u00e9ptimo aniversario de la asociaci\u00f3n\",\"datePublished\":\"2025-03-19T12:38:14+00:00\",\"mainEntityOfPage\":{\"@id\":\"https:\\\/\\\/www.laguiadepamplona.com\\\/actualidad\\\/el-ayuntamiento-de-pamplona-y-el-pacto-por-la-persona-mayor-del-barrio-de-san-juan-suscriben-un-convenio-de-colaboracion-en-el-septimo-aniversario-de-la-asociacion\\\/\"},\"wordCount\":543,\"commentCount\":0,\"publisher\":{\"@id\":\"https:\\\/\\\/www.laguiadepamplona.com\\\/actualidad\\\/#organization\"},\"image\":{\"@id\":\"https:\\\/\\\/www.laguiadepamplona.com\\\/actualidad\\\/el-ayuntamiento-de-pamplona-y-el-pacto-por-la-persona-mayor-del-barrio-de-san-juan-suscriben-un-convenio-de-colaboracion-en-el-septimo-aniversario-de-la-asociacion\\\/#primaryimage\"},\"thumbnailUrl\":\"https:\\\/\\\/www.laguiadepamplona.com\\\/actualidad\\\/wp-content\\\/uploads\\\/2025\\\/03\\\/firmapactodelaspersonasmayores1_0.webp\",\"articleSection\":[\"Ayto Pamplona\"],\"inLanguage\":\"es\",\"potentialAction\":[{\"@type\":\"CommentAction\",\"name\":\"Comment\",\"target\":[\"https:\\\/\\\/www.laguiadepamplona.com\\\/actualidad\\\/el-ayuntamiento-de-pamplona-y-el-pacto-por-la-persona-mayor-del-barrio-de-san-juan-suscriben-un-convenio-de-colaboracion-en-el-septimo-aniversario-de-la-asociacion\\\/#respond\"]}]},{\"@type\":\"WebPage\",\"@id\":\"https:\\\/\\\/www.laguiadepamplona.com\\\/actualidad\\\/el-ayuntamiento-de-pamplona-y-el-pacto-por-la-persona-mayor-del-barrio-de-san-juan-suscriben-un-convenio-de-colaboracion-en-el-septimo-aniversario-de-la-asociacion\\\/\",\"url\":\"https:\\\/\\\/www.laguiadepamplona.com\\\/actualidad\\\/el-ayuntamiento-de-pamplona-y-el-pacto-por-la-persona-mayor-del-barrio-de-san-juan-suscriben-un-convenio-de-colaboracion-en-el-septimo-aniversario-de-la-asociacion\\\/\",\"name\":\"El Ayuntamiento de Pamplona y el Pacto por la Persona Mayor del barrio de San Juan suscriben un convenio de colaboraci\u00f3n en el s\u00e9ptimo aniversario de la asociaci\u00f3n\",\"isPartOf\":{\"@id\":\"https:\\\/\\\/www.laguiadepamplona.com\\\/actualidad\\\/#website\"},\"primaryImageOfPage\":{\"@id\":\"https:\\\/\\\/www.laguiadepamplona.com\\\/actualidad\\\/el-ayuntamiento-de-pamplona-y-el-pacto-por-la-persona-mayor-del-barrio-de-san-juan-suscriben-un-convenio-de-colaboracion-en-el-septimo-aniversario-de-la-asociacion\\\/#primaryimage\"},\"image\":{\"@id\":\"https:\\\/\\\/www.laguiadepamplona.com\\\/actualidad\\\/el-ayuntamiento-de-pamplona-y-el-pacto-por-la-persona-mayor-del-barrio-de-san-juan-suscriben-un-convenio-de-colaboracion-en-el-septimo-aniversario-de-la-asociacion\\\/#primaryimage\"},\"thumbnailUrl\":\"https:\\\/\\\/www.laguiadepamplona.com\\\/actualidad\\\/wp-content\\\/uploads\\\/2025\\\/03\\\/firmapactodelaspersonasmayores1_0.webp\",\"datePublished\":\"2025-03-19T12:38:14+00:00\",\"description\":\"Las dos instituciones promueven estrategias de envejecimiento activo y saludable a trav\u00e9s de distintas actividades\",\"breadcrumb\":{\"@id\":\"https:\\\/\\\/www.laguiadepamplona.com\\\/actualidad\\\/el-ayuntamiento-de-pamplona-y-el-pacto-por-la-persona-mayor-del-barrio-de-san-juan-suscriben-un-convenio-de-colaboracion-en-el-septimo-aniversario-de-la-asociacion\\\/#breadcrumb\"},\"inLanguage\":\"es\",\"potentialAction\":[{\"@type\":\"ReadAction\",\"target\":[\"https:\\\/\\\/www.laguiadepamplona.com\\\/actualidad\\\/el-ayuntamiento-de-pamplona-y-el-pacto-por-la-persona-mayor-del-barrio-de-san-juan-suscriben-un-convenio-de-colaboracion-en-el-septimo-aniversario-de-la-asociacion\\\/\"]}]},{\"@type\":\"ImageObject\",\"inLanguage\":\"es\",\"@id\":\"https:\\\/\\\/www.laguiadepamplona.com\\\/actualidad\\\/el-ayuntamiento-de-pamplona-y-el-pacto-por-la-persona-mayor-del-barrio-de-san-juan-suscriben-un-convenio-de-colaboracion-en-el-septimo-aniversario-de-la-asociacion\\\/#primaryimage\",\"url\":\"https:\\\/\\\/www.laguiadepamplona.com\\\/actualidad\\\/wp-content\\\/uploads\\\/2025\\\/03\\\/firmapactodelaspersonasmayores1_0.webp\",\"contentUrl\":\"https:\\\/\\\/www.laguiadepamplona.com\\\/actualidad\\\/wp-content\\\/uploads\\\/2025\\\/03\\\/firmapactodelaspersonasmayores1_0.webp\",\"width\":1000,\"height\":667,\"caption\":\"firma pacto de las personas mayores\"},{\"@type\":\"BreadcrumbList\",\"@id\":\"https:\\\/\\\/www.laguiadepamplona.com\\\/actualidad\\\/el-ayuntamiento-de-pamplona-y-el-pacto-por-la-persona-mayor-del-barrio-de-san-juan-suscriben-un-convenio-de-colaboracion-en-el-septimo-aniversario-de-la-asociacion\\\/#breadcrumb\",\"itemListElement\":[{\"@type\":\"ListItem\",\"position\":1,\"name\":\"Portada\",\"item\":\"https:\\\/\\\/www.laguiadepamplona.com\\\/actualidad\\\/\"},{\"@type\":\"ListItem\",\"position\":2,\"name\":\"El Ayuntamiento de Pamplona y el Pacto por la Persona Mayor del barrio de San Juan suscriben un convenio de colaboraci\u00f3n en el s\u00e9ptimo aniversario de la asociaci\u00f3n\"}]},{\"@type\":\"WebSite\",\"@id\":\"https:\\\/\\\/www.laguiadepamplona.com\\\/actualidad\\\/#website\",\"url\":\"https:\\\/\\\/www.laguiadepamplona.com\\\/actualidad\\\/\",\"name\":\"La gu\u00eda de Pamplona\",\"description\":\"Noticias de Pamplona\",\"publisher\":{\"@id\":\"https:\\\/\\\/www.laguiadepamplona.com\\\/actualidad\\\/#organization\"},\"potentialAction\":[{\"@type\":\"SearchAction\",\"target\":{\"@type\":\"EntryPoint\",\"urlTemplate\":\"https:\\\/\\\/www.laguiadepamplona.com\\\/actualidad\\\/?s={search_term_string}\"},\"query-input\":{\"@type\":\"PropertyValueSpecification\",\"valueRequired\":true,\"valueName\":\"search_term_string\"}}],\"inLanguage\":\"es\"},{\"@type\":\"Organization\",\"@id\":\"https:\\\/\\\/www.laguiadepamplona.com\\\/actualidad\\\/#organization\",\"name\":\"La Gu\u00eda de Pamplona \\\/ Noticias\",\"url\":\"https:\\\/\\\/www.laguiadepamplona.com\\\/actualidad\\\/\",\"logo\":{\"@type\":\"ImageObject\",\"inLanguage\":\"es\",\"@id\":\"https:\\\/\\\/www.laguiadepamplona.com\\\/actualidad\\\/#\\\/schema\\\/logo\\\/image\\\/\",\"url\":\"https:\\\/\\\/www.laguiadepamplona.com\\\/actualidad\\\/wp-content\\\/uploads\\\/2018\\\/11\\\/logo-laguiadepamplona18-web1.png\",\"contentUrl\":\"https:\\\/\\\/www.laguiadepamplona.com\\\/actualidad\\\/wp-content\\\/uploads\\\/2018\\\/11\\\/logo-laguiadepamplona18-web1.png\",\"width\":600,\"height\":196,\"caption\":\"La Gu\u00eda de Pamplona \\\/ Noticias\"},\"image\":{\"@id\":\"https:\\\/\\\/www.laguiadepamplona.com\\\/actualidad\\\/#\\\/schema\\\/logo\\\/image\\\/\"},\"sameAs\":[\"https:\\\/\\\/www.facebook.com\\\/laguiadepamplonacom-133175176762273\\\/?ref=hl\",\"https:\\\/\\\/x.com\\\/LaGuiadPamplona\",\"https:\\\/\\\/www.instagram.com\\\/la_guia_de_pamplona\\\/\",\"https:\\\/\\\/www.youtube.com\\\/user\\\/laguiadepamplona\"]},{\"@type\":\"Person\",\"@id\":\"https:\\\/\\\/www.laguiadepamplona.com\\\/actualidad\\\/#\\\/schema\\\/person\\\/efe887376f0213d4657c93adc50b1fdb\",\"name\":\"La Gu\u00eda de Pamplona\",\"image\":{\"@type\":\"ImageObject\",\"inLanguage\":\"es\",\"@id\":\"https:\\\/\\\/secure.gravatar.com\\\/avatar\\\/b6992f131dc8d30ab0dff15446e9d346d9dbd95992de0fef795073f5ea83a81c?s=96&d=mm&r=g\",\"url\":\"https:\\\/\\\/secure.gravatar.com\\\/avatar\\\/b6992f131dc8d30ab0dff15446e9d346d9dbd95992de0fef795073f5ea83a81c?s=96&d=mm&r=g\",\"contentUrl\":\"https:\\\/\\\/secure.gravatar.com\\\/avatar\\\/b6992f131dc8d30ab0dff15446e9d346d9dbd95992de0fef795073f5ea83a81c?s=96&d=mm&r=g\",\"caption\":\"La Gu\u00eda de Pamplona\"}}]}<\/script>\n<!-- \/ Yoast SEO plugin. -->","yoast_head_json":{"title":"El Ayuntamiento de Pamplona y el Pacto por la Persona Mayor del barrio de San Juan suscriben un convenio de colaboraci\u00f3n en el s\u00e9ptimo aniversario de la asociaci\u00f3n","description":"Las dos instituciones promueven estrategias de envejecimiento activo y saludable a trav\u00e9s de distintas actividades","robots":{"index":"index","follow":"follow","max-snippet":"max-snippet:-1","max-image-preview":"max-image-preview:large","max-video-preview":"max-video-preview:-1"},"canonical":"https:\/\/www.laguiadepamplona.com\/actualidad\/el-ayuntamiento-de-pamplona-y-el-pacto-por-la-persona-mayor-del-barrio-de-san-juan-suscriben-un-convenio-de-colaboracion-en-el-septimo-aniversario-de-la-asociacion\/","og_locale":"es_ES","og_type":"article","og_title":"El Ayuntamiento de Pamplona y el Pacto por la Persona Mayor del barrio de San Juan suscriben un convenio de colaboraci\u00f3n en el s\u00e9ptimo aniversario de la asociaci\u00f3n","og_description":"Las dos instituciones promueven estrategias de envejecimiento activo y saludable a trav\u00e9s de distintas actividades","og_url":"https:\/\/www.laguiadepamplona.com\/actualidad\/el-ayuntamiento-de-pamplona-y-el-pacto-por-la-persona-mayor-del-barrio-de-san-juan-suscriben-un-convenio-de-colaboracion-en-el-septimo-aniversario-de-la-asociacion\/","og_site_name":"La Gu\u00eda de Pamplona","article_publisher":"https:\/\/www.facebook.com\/laguiadepamplonacom-133175176762273\/?ref=hl","article_published_time":"2025-03-19T12:38:14+00:00","og_image":[{"width":1000,"height":667,"url":"https:\/\/www.laguiadepamplona.com\/actualidad\/wp-content\/uploads\/2025\/03\/firmapactodelaspersonasmayores1_0.webp","type":"image\/webp"}],"author":"La Gu\u00eda de Pamplona","twitter_card":"summary_large_image","twitter_creator":"@LaGuiadPamplona","twitter_site":"@LaGuiadPamplona","twitter_misc":{"Escrito por":"La Gu\u00eda de Pamplona","Tiempo de lectura":"3 minutos"},"schema":{"@context":"https:\/\/schema.org","@graph":[{"@type":"Article","@id":"https:\/\/www.laguiadepamplona.com\/actualidad\/el-ayuntamiento-de-pamplona-y-el-pacto-por-la-persona-mayor-del-barrio-de-san-juan-suscriben-un-convenio-de-colaboracion-en-el-septimo-aniversario-de-la-asociacion\/#article","isPartOf":{"@id":"https:\/\/www.laguiadepamplona.com\/actualidad\/el-ayuntamiento-de-pamplona-y-el-pacto-por-la-persona-mayor-del-barrio-de-san-juan-suscriben-un-convenio-de-colaboracion-en-el-septimo-aniversario-de-la-asociacion\/"},"author":{"name":"La Gu\u00eda de Pamplona","@id":"https:\/\/www.laguiadepamplona.com\/actualidad\/#\/schema\/person\/efe887376f0213d4657c93adc50b1fdb"},"headline":"El Ayuntamiento de Pamplona y el Pacto por la Persona Mayor del barrio de San Juan suscriben un convenio de colaboraci\u00f3n en el s\u00e9ptimo aniversario de la asociaci\u00f3n","datePublished":"2025-03-19T12:38:14+00:00","mainEntityOfPage":{"@id":"https:\/\/www.laguiadepamplona.com\/actualidad\/el-ayuntamiento-de-pamplona-y-el-pacto-por-la-persona-mayor-del-barrio-de-san-juan-suscriben-un-convenio-de-colaboracion-en-el-septimo-aniversario-de-la-asociacion\/"},"wordCount":543,"commentCount":0,"publisher":{"@id":"https:\/\/www.laguiadepamplona.com\/actualidad\/#organization"},"image":{"@id":"https:\/\/www.laguiadepamplona.com\/actualidad\/el-ayuntamiento-de-pamplona-y-el-pacto-por-la-persona-mayor-del-barrio-de-san-juan-suscriben-un-convenio-de-colaboracion-en-el-septimo-aniversario-de-la-asociacion\/#primaryimage"},"thumbnailUrl":"https:\/\/www.laguiadepamplona.com\/actualidad\/wp-content\/uploads\/2025\/03\/firmapactodelaspersonasmayores1_0.webp","articleSection":["Ayto Pamplona"],"inLanguage":"es","potentialAction":[{"@type":"CommentAction","name":"Comment","target":["https:\/\/www.laguiadepamplona.com\/actualidad\/el-ayuntamiento-de-pamplona-y-el-pacto-por-la-persona-mayor-del-barrio-de-san-juan-suscriben-un-convenio-de-colaboracion-en-el-septimo-aniversario-de-la-asociacion\/#respond"]}]},{"@type":"WebPage","@id":"https:\/\/www.laguiadepamplona.com\/actualidad\/el-ayuntamiento-de-pamplona-y-el-pacto-por-la-persona-mayor-del-barrio-de-san-juan-suscriben-un-convenio-de-colaboracion-en-el-septimo-aniversario-de-la-asociacion\/","url":"https:\/\/www.laguiadepamplona.com\/actualidad\/el-ayuntamiento-de-pamplona-y-el-pacto-por-la-persona-mayor-del-barrio-de-san-juan-suscriben-un-convenio-de-colaboracion-en-el-septimo-aniversario-de-la-asociacion\/","name":"El Ayuntamiento de Pamplona y el Pacto por la Persona Mayor del barrio de San Juan suscriben un convenio de colaboraci\u00f3n en el s\u00e9ptimo aniversario de la asociaci\u00f3n","isPartOf":{"@id":"https:\/\/www.laguiadepamplona.com\/actualidad\/#website"},"primaryImageOfPage":{"@id":"https:\/\/www.laguiadepamplona.com\/actualidad\/el-ayuntamiento-de-pamplona-y-el-pacto-por-la-persona-mayor-del-barrio-de-san-juan-suscriben-un-convenio-de-colaboracion-en-el-septimo-aniversario-de-la-asociacion\/#primaryimage"},"image":{"@id":"https:\/\/www.laguiadepamplona.com\/actualidad\/el-ayuntamiento-de-pamplona-y-el-pacto-por-la-persona-mayor-del-barrio-de-san-juan-suscriben-un-convenio-de-colaboracion-en-el-septimo-aniversario-de-la-asociacion\/#primaryimage"},"thumbnailUrl":"https:\/\/www.laguiadepamplona.com\/actualidad\/wp-content\/uploads\/2025\/03\/firmapactodelaspersonasmayores1_0.webp","datePublished":"2025-03-19T12:38:14+00:00","description":"Las dos instituciones promueven estrategias de envejecimiento activo y saludable a trav\u00e9s de distintas actividades","breadcrumb":{"@id":"https:\/\/www.laguiadepamplona.com\/actualidad\/el-ayuntamiento-de-pamplona-y-el-pacto-por-la-persona-mayor-del-barrio-de-san-juan-suscriben-un-convenio-de-colaboracion-en-el-septimo-aniversario-de-la-asociacion\/#breadcrumb"},"inLanguage":"es","potentialAction":[{"@type":"ReadAction","target":["https:\/\/www.laguiadepamplona.com\/actualidad\/el-ayuntamiento-de-pamplona-y-el-pacto-por-la-persona-mayor-del-barrio-de-san-juan-suscriben-un-convenio-de-colaboracion-en-el-septimo-aniversario-de-la-asociacion\/"]}]},{"@type":"ImageObject","inLanguage":"es","@id":"https:\/\/www.laguiadepamplona.com\/actualidad\/el-ayuntamiento-de-pamplona-y-el-pacto-por-la-persona-mayor-del-barrio-de-san-juan-suscriben-un-convenio-de-colaboracion-en-el-septimo-aniversario-de-la-asociacion\/#primaryimage","url":"https:\/\/www.laguiadepamplona.com\/actualidad\/wp-content\/uploads\/2025\/03\/firmapactodelaspersonasmayores1_0.webp","contentUrl":"https:\/\/www.laguiadepamplona.com\/actualidad\/wp-content\/uploads\/2025\/03\/firmapactodelaspersonasmayores1_0.webp","width":1000,"height":667,"caption":"firma pacto de las personas mayores"},{"@type":"BreadcrumbList","@id":"https:\/\/www.laguiadepamplona.com\/actualidad\/el-ayuntamiento-de-pamplona-y-el-pacto-por-la-persona-mayor-del-barrio-de-san-juan-suscriben-un-convenio-de-colaboracion-en-el-septimo-aniversario-de-la-asociacion\/#breadcrumb","itemListElement":[{"@type":"ListItem","position":1,"name":"Portada","item":"https:\/\/www.laguiadepamplona.com\/actualidad\/"},{"@type":"ListItem","position":2,"name":"El Ayuntamiento de Pamplona y el Pacto por la Persona Mayor del barrio de San Juan suscriben un convenio de colaboraci\u00f3n en el s\u00e9ptimo aniversario de la asociaci\u00f3n"}]},{"@type":"WebSite","@id":"https:\/\/www.laguiadepamplona.com\/actualidad\/#website","url":"https:\/\/www.laguiadepamplona.com\/actualidad\/","name":"La gu\u00eda de Pamplona","description":"Noticias de Pamplona","publisher":{"@id":"https:\/\/www.laguiadepamplona.com\/actualidad\/#organization"},"potentialAction":[{"@type":"SearchAction","target":{"@type":"EntryPoint","urlTemplate":"https:\/\/www.laguiadepamplona.com\/actualidad\/?s={search_term_string}"},"query-input":{"@type":"PropertyValueSpecification","valueRequired":true,"valueName":"search_term_string"}}],"inLanguage":"es"},{"@type":"Organization","@id":"https:\/\/www.laguiadepamplona.com\/actualidad\/#organization","name":"La Gu\u00eda de Pamplona \/ Noticias","url":"https:\/\/www.laguiadepamplona.com\/actualidad\/","logo":{"@type":"ImageObject","inLanguage":"es","@id":"https:\/\/www.laguiadepamplona.com\/actualidad\/#\/schema\/logo\/image\/","url":"https:\/\/www.laguiadepamplona.com\/actualidad\/wp-content\/uploads\/2018\/11\/logo-laguiadepamplona18-web1.png","contentUrl":"https:\/\/www.laguiadepamplona.com\/actualidad\/wp-content\/uploads\/2018\/11\/logo-laguiadepamplona18-web1.png","width":600,"height":196,"caption":"La Gu\u00eda de Pamplona \/ Noticias"},"image":{"@id":"https:\/\/www.laguiadepamplona.com\/actualidad\/#\/schema\/logo\/image\/"},"sameAs":["https:\/\/www.facebook.com\/laguiadepamplonacom-133175176762273\/?ref=hl","https:\/\/x.com\/LaGuiadPamplona","https:\/\/www.instagram.com\/la_guia_de_pamplona\/","https:\/\/www.youtube.com\/user\/laguiadepamplona"]},{"@type":"Person","@id":"https:\/\/www.laguiadepamplona.com\/actualidad\/#\/schema\/person\/efe887376f0213d4657c93adc50b1fdb","name":"La Gu\u00eda de Pamplona","image":{"@type":"ImageObject","inLanguage":"es","@id":"https:\/\/secure.gravatar.com\/avatar\/b6992f131dc8d30ab0dff15446e9d346d9dbd95992de0fef795073f5ea83a81c?s=96&d=mm&r=g","url":"https:\/\/secure.gravatar.com\/avatar\/b6992f131dc8d30ab0dff15446e9d346d9dbd95992de0fef795073f5ea83a81c?s=96&d=mm&r=g","contentUrl":"https:\/\/secure.gravatar.com\/avatar\/b6992f131dc8d30ab0dff15446e9d346d9dbd95992de0fef795073f5ea83a81c?s=96&d=mm&r=g","caption":"La Gu\u00eda de Pamplona"}}]}},"post_mailing_queue_ids":[],"_links":{"self":[{"href":"https:\/\/www.laguiadepamplona.com\/actualidad\/wp-json\/wp\/v2\/posts\/52435","targetHints":{"allow":["GET"]}}],"collection":[{"href":"https:\/\/www.laguiadepamplona.com\/actualidad\/wp-json\/wp\/v2\/posts"}],"about":[{"href":"https:\/\/www.laguiadepamplona.com\/actualidad\/wp-json\/wp\/v2\/types\/post"}],"author":[{"embeddable":true,"href":"https:\/\/www.laguiadepamplona.com\/actualidad\/wp-json\/wp\/v2\/users\/1"}],"replies":[{"embeddable":true,"href":"https:\/\/www.laguiadepamplona.com\/actualidad\/wp-json\/wp\/v2\/comments?post=52435"}],"version-history":[{"count":1,"href":"https:\/\/www.laguiadepamplona.com\/actualidad\/wp-json\/wp\/v2\/posts\/52435\/revisions"}],"predecessor-version":[{"id":52437,"href":"https:\/\/www.laguiadepamplona.com\/actualidad\/wp-json\/wp\/v2\/posts\/52435\/revisions\/52437"}],"wp:featuredmedia":[{"embeddable":true,"href":"https:\/\/www.laguiadepamplona.com\/actualidad\/wp-json\/wp\/v2\/media\/52436"}],"wp:attachment":[{"href":"https:\/\/www.laguiadepamplona.com\/actualidad\/wp-json\/wp\/v2\/media?parent=52435"}],"wp:term":[{"taxonomy":"category","embeddable":true,"href":"https:\/\/www.laguiadepamplona.com\/actualidad\/wp-json\/wp\/v2\/categories?post=52435"},{"taxonomy":"post_tag","embeddable":true,"href":"https:\/\/www.laguiadepamplona.com\/actualidad\/wp-json\/wp\/v2\/tags?post=52435"}],"curies":[{"name":"wp","href":"https:\/\/api.w.org\/{rel}","templated":true}]}}