{"id":52429,"date":"2025-03-19T14:35:01","date_gmt":"2025-03-19T12:35:01","guid":{"rendered":"https:\/\/www.laguiadepamplona.com\/actualidad\/?p=52429"},"modified":"2025-03-19T14:35:01","modified_gmt":"2025-03-19T12:35:01","slug":"cuatro-conferencias-analizan-los-dos-proximos-jueves-de-marzo-la-realidad-del-futbol-femenino-desde-la-perspectiva-de-los-patrocinios-las-instituciones-o-la-comunicacion","status":"publish","type":"post","link":"https:\/\/www.laguiadepamplona.com\/actualidad\/cuatro-conferencias-analizan-los-dos-proximos-jueves-de-marzo-la-realidad-del-futbol-femenino-desde-la-perspectiva-de-los-patrocinios-las-instituciones-o-la-comunicacion\/","title":{"rendered":"Cuatro conferencias analizan los dos pr\u00f3ximos jueves de marzo la realidad del f\u00fatbol femenino desde la perspectiva de los patrocinios, las instituciones o la comunicaci\u00f3n"},"content":{"rendered":"<h2>El ciclo tendr\u00e1 lugar en Civivox Mendillorri y se organiza en colaboraci\u00f3n con el club de f\u00fatbol femenino Mulier FCN<\/h2>\n<p><!--more--><\/p>\n<p>La red Civivox, en colaboraci\u00f3n con el club de f\u00fatbol femenino Mulier FCN, ha organizado para los dos pr\u00f3ximos jueves del mes de marzo un ciclo de conferencias. Ser\u00e1n cuatro sesiones en Civivox Mendillorri en las que se analizar\u00e1n diferentes cuestiones relacionadas con el f\u00fatbol femenino como los patrocinios, la labor de las instituciones, las estructuras deportivas necesarias o la comunicaci\u00f3n. Las charlas tendr\u00e1n la entrada libre, hasta completar el aforo.<\/p>\n<p>Este jueves tendr\u00e1n lugar las dos primeras conferencias. A las 18 horas, se abordar\u00e1 el patrocinio y la colaboraci\u00f3n en el deporte femenino. Se trata de conocer c\u00f3mo enfocan las peque\u00f1as y grandes empresas los posibles patrocinios, las ventajas de vincularse con el deporte femenino y con sus valores o la complejidad de tomar esas decisiones ante la falta de visibilidad que tiene algunos deportes y m\u00e1s en categor\u00edas femeninas. Intervendr\u00e1n la directora de ventas de Replasa, Araceli Sesma, el director de Obra Social de Caja Rural, Javier Mart\u00ednez, y representantes de entidades patrocinadoras de equipos de f\u00fatbol femenino<\/p>\n<p>Tras esa primera sesi\u00f3n, a las 19.15 horas, tendr\u00e1n lugar una segunda charla que analizar\u00e1 el desarrollo del f\u00fatbol femenino desde la perspectiva de las instituciones. Se hablar\u00e1 de c\u00f3mo desde las instituciones p\u00fablicas y privadas se fomenta el crecimiento de la pr\u00e1ctica deportiva en las mujeres con el objetivo de ser profesionales. Se comentar\u00e1n temas como el profesionalismo en el f\u00fatbol femenino (convenio colectivo, Ley de Deporte&#8230;), la estructuraci\u00f3n de las competiciones o el desarrollo de las selecciones nacionales. La charla contar\u00e1 con la presencia del director gerente de INDAF, Jorge Aguirre, y referentes nacionales vinculadas a instituciones futbol\u00edsticas como la Liga F, la RFEF y el CSD.<\/p>\n<p>El jueves 27 de marzo tambi\u00e9n se celebrar\u00e1n dos sesiones consecutivas. A las 18 horas, la conferencia estar\u00e1 dedicada a las estructuras deportivas, con la participaci\u00f3n del seleccionador espa\u00f1ol sub19 femenino, Javier Lerga, el director de la cantera del Athletic Club, Borja Celaya, y otras direcciones deportivas de clubes nacionales. Se hablar\u00e1 sobre c\u00f3mo desde los clubes y entidades deportivas se gestiona la mejora de rendimiento de las futbolistas, las metodolog\u00edas de trabajo tanto en el f\u00fatbol base como en el profesional o la dotaci\u00f3n de recursos para las jugadoras en las estructuras profesionales.<\/p>\n<p>A continuaci\u00f3n, a las 19.15 horas, tendr\u00e1 lugar la \u00faltima conferencia del ciclo centrada en la comunicaci\u00f3n y los medios en el f\u00fatbol femenino. Se analizar\u00e1 la importancia de la comunicaci\u00f3n tanto a nivel interno como a nivel externo y la labor de los servicios de comunicaci\u00f3n de los clubes y de los propios medios, comentando el tratamiento que recibe el f\u00fatbol femenino en la prensa deportiva y en la prensa generalista. Participar\u00e1n el responsable de comunicaci\u00f3n de Mulier FCN, Javier Ugalde, as\u00ed como responsables de comunicaci\u00f3n de estructuras profesionales y periodistas especializados en f\u00fatbol femenino.<\/p>\n","protected":false},"excerpt":{"rendered":"<p>El ciclo tendr\u00e1 lugar en Civivox Mendillorri y se organiza en colaboraci\u00f3n con el club de f\u00fatbol femenino Mulier FCN<\/p>\n","protected":false},"author":1,"featured_media":52430,"comment_status":"open","ping_status":"closed","sticky":false,"template":"","format":"standard","meta":{"footnotes":""},"categories":[2],"tags":[],"class_list":["post-52429","post","type-post","status-publish","format-standard","has-post-thumbnail","hentry","category-ayuntamiento-pamplona"],"yoast_head":"<!-- This site is optimized with the Yoast SEO plugin v27.3 - https:\/\/yoast.com\/product\/yoast-seo-wordpress\/ -->\n<title>Cuatro conferencias analizan los dos pr\u00f3ximos jueves de marzo la realidad del f\u00fatbol femenino desde la perspectiva de los patrocinios, las instituciones o la comunicaci\u00f3n<\/title>\n<meta name=\"description\" content=\"El ciclo tendr\u00e1 lugar en Civivox Mendillorri y se organiza en colaboraci\u00f3n con el club de f\u00fatbol femenino Mulier FCN\" \/>\n<meta name=\"robots\" content=\"index, follow, max-snippet:-1, max-image-preview:large, max-video-preview:-1\" \/>\n<link rel=\"canonical\" href=\"https:\/\/www.laguiadepamplona.com\/actualidad\/cuatro-conferencias-analizan-los-dos-proximos-jueves-de-marzo-la-realidad-del-futbol-femenino-desde-la-perspectiva-de-los-patrocinios-las-instituciones-o-la-comunicacion\/\" \/>\n<meta property=\"og:locale\" content=\"es_ES\" \/>\n<meta property=\"og:type\" content=\"article\" \/>\n<meta property=\"og:title\" content=\"Cuatro conferencias analizan los dos pr\u00f3ximos jueves de marzo la realidad del f\u00fatbol femenino desde la perspectiva de los patrocinios, las instituciones o la comunicaci\u00f3n\" \/>\n<meta property=\"og:description\" content=\"El ciclo tendr\u00e1 lugar en Civivox Mendillorri y se organiza en colaboraci\u00f3n con el club de f\u00fatbol femenino Mulier FCN\" \/>\n<meta property=\"og:url\" content=\"https:\/\/www.laguiadepamplona.com\/actualidad\/cuatro-conferencias-analizan-los-dos-proximos-jueves-de-marzo-la-realidad-del-futbol-femenino-desde-la-perspectiva-de-los-patrocinios-las-instituciones-o-la-comunicacion\/\" \/>\n<meta property=\"og:site_name\" content=\"La Gu\u00eda de Pamplona\" \/>\n<meta property=\"article:publisher\" content=\"https:\/\/www.facebook.com\/laguiadepamplonacom-133175176762273\/?ref=hl\" \/>\n<meta property=\"article:published_time\" content=\"2025-03-19T12:35:01+00:00\" \/>\n<meta property=\"og:image\" content=\"https:\/\/www.laguiadepamplona.com\/actualidad\/wp-content\/uploads\/2025\/03\/Ciclo-Mulier_web.webp\" \/>\n\t<meta property=\"og:image:width\" content=\"870\" \/>\n\t<meta property=\"og:image:height\" content=\"480\" \/>\n\t<meta property=\"og:image:type\" content=\"image\/webp\" \/>\n<meta name=\"author\" content=\"La Gu\u00eda de Pamplona\" \/>\n<meta name=\"twitter:card\" content=\"summary_large_image\" \/>\n<meta name=\"twitter:creator\" content=\"@LaGuiadPamplona\" \/>\n<meta name=\"twitter:site\" content=\"@LaGuiadPamplona\" \/>\n<meta name=\"twitter:label1\" content=\"Escrito por\" \/>\n\t<meta name=\"twitter:data1\" content=\"La Gu\u00eda de Pamplona\" \/>\n\t<meta name=\"twitter:label2\" content=\"Tiempo de lectura\" \/>\n\t<meta name=\"twitter:data2\" content=\"3 minutos\" \/>\n<script type=\"application\/ld+json\" class=\"yoast-schema-graph\">{\"@context\":\"https:\\\/\\\/schema.org\",\"@graph\":[{\"@type\":\"Article\",\"@id\":\"https:\\\/\\\/www.laguiadepamplona.com\\\/actualidad\\\/cuatro-conferencias-analizan-los-dos-proximos-jueves-de-marzo-la-realidad-del-futbol-femenino-desde-la-perspectiva-de-los-patrocinios-las-instituciones-o-la-comunicacion\\\/#article\",\"isPartOf\":{\"@id\":\"https:\\\/\\\/www.laguiadepamplona.com\\\/actualidad\\\/cuatro-conferencias-analizan-los-dos-proximos-jueves-de-marzo-la-realidad-del-futbol-femenino-desde-la-perspectiva-de-los-patrocinios-las-instituciones-o-la-comunicacion\\\/\"},\"author\":{\"name\":\"La Gu\u00eda de Pamplona\",\"@id\":\"https:\\\/\\\/www.laguiadepamplona.com\\\/actualidad\\\/#\\\/schema\\\/person\\\/efe887376f0213d4657c93adc50b1fdb\"},\"headline\":\"Cuatro conferencias analizan los dos pr\u00f3ximos jueves de marzo la realidad del f\u00fatbol femenino desde la perspectiva de los patrocinios, las instituciones o la comunicaci\u00f3n\",\"datePublished\":\"2025-03-19T12:35:01+00:00\",\"mainEntityOfPage\":{\"@id\":\"https:\\\/\\\/www.laguiadepamplona.com\\\/actualidad\\\/cuatro-conferencias-analizan-los-dos-proximos-jueves-de-marzo-la-realidad-del-futbol-femenino-desde-la-perspectiva-de-los-patrocinios-las-instituciones-o-la-comunicacion\\\/\"},\"wordCount\":559,\"commentCount\":0,\"publisher\":{\"@id\":\"https:\\\/\\\/www.laguiadepamplona.com\\\/actualidad\\\/#organization\"},\"image\":{\"@id\":\"https:\\\/\\\/www.laguiadepamplona.com\\\/actualidad\\\/cuatro-conferencias-analizan-los-dos-proximos-jueves-de-marzo-la-realidad-del-futbol-femenino-desde-la-perspectiva-de-los-patrocinios-las-instituciones-o-la-comunicacion\\\/#primaryimage\"},\"thumbnailUrl\":\"https:\\\/\\\/www.laguiadepamplona.com\\\/actualidad\\\/wp-content\\\/uploads\\\/2025\\\/03\\\/Ciclo-Mulier_web.webp\",\"articleSection\":[\"Ayto Pamplona\"],\"inLanguage\":\"es\",\"potentialAction\":[{\"@type\":\"CommentAction\",\"name\":\"Comment\",\"target\":[\"https:\\\/\\\/www.laguiadepamplona.com\\\/actualidad\\\/cuatro-conferencias-analizan-los-dos-proximos-jueves-de-marzo-la-realidad-del-futbol-femenino-desde-la-perspectiva-de-los-patrocinios-las-instituciones-o-la-comunicacion\\\/#respond\"]}]},{\"@type\":\"WebPage\",\"@id\":\"https:\\\/\\\/www.laguiadepamplona.com\\\/actualidad\\\/cuatro-conferencias-analizan-los-dos-proximos-jueves-de-marzo-la-realidad-del-futbol-femenino-desde-la-perspectiva-de-los-patrocinios-las-instituciones-o-la-comunicacion\\\/\",\"url\":\"https:\\\/\\\/www.laguiadepamplona.com\\\/actualidad\\\/cuatro-conferencias-analizan-los-dos-proximos-jueves-de-marzo-la-realidad-del-futbol-femenino-desde-la-perspectiva-de-los-patrocinios-las-instituciones-o-la-comunicacion\\\/\",\"name\":\"Cuatro conferencias analizan los dos pr\u00f3ximos jueves de marzo la realidad del f\u00fatbol femenino desde la perspectiva de los patrocinios, las instituciones o la comunicaci\u00f3n\",\"isPartOf\":{\"@id\":\"https:\\\/\\\/www.laguiadepamplona.com\\\/actualidad\\\/#website\"},\"primaryImageOfPage\":{\"@id\":\"https:\\\/\\\/www.laguiadepamplona.com\\\/actualidad\\\/cuatro-conferencias-analizan-los-dos-proximos-jueves-de-marzo-la-realidad-del-futbol-femenino-desde-la-perspectiva-de-los-patrocinios-las-instituciones-o-la-comunicacion\\\/#primaryimage\"},\"image\":{\"@id\":\"https:\\\/\\\/www.laguiadepamplona.com\\\/actualidad\\\/cuatro-conferencias-analizan-los-dos-proximos-jueves-de-marzo-la-realidad-del-futbol-femenino-desde-la-perspectiva-de-los-patrocinios-las-instituciones-o-la-comunicacion\\\/#primaryimage\"},\"thumbnailUrl\":\"https:\\\/\\\/www.laguiadepamplona.com\\\/actualidad\\\/wp-content\\\/uploads\\\/2025\\\/03\\\/Ciclo-Mulier_web.webp\",\"datePublished\":\"2025-03-19T12:35:01+00:00\",\"description\":\"El ciclo tendr\u00e1 lugar en Civivox Mendillorri y se organiza en colaboraci\u00f3n con el club de f\u00fatbol femenino Mulier FCN\",\"breadcrumb\":{\"@id\":\"https:\\\/\\\/www.laguiadepamplona.com\\\/actualidad\\\/cuatro-conferencias-analizan-los-dos-proximos-jueves-de-marzo-la-realidad-del-futbol-femenino-desde-la-perspectiva-de-los-patrocinios-las-instituciones-o-la-comunicacion\\\/#breadcrumb\"},\"inLanguage\":\"es\",\"potentialAction\":[{\"@type\":\"ReadAction\",\"target\":[\"https:\\\/\\\/www.laguiadepamplona.com\\\/actualidad\\\/cuatro-conferencias-analizan-los-dos-proximos-jueves-de-marzo-la-realidad-del-futbol-femenino-desde-la-perspectiva-de-los-patrocinios-las-instituciones-o-la-comunicacion\\\/\"]}]},{\"@type\":\"ImageObject\",\"inLanguage\":\"es\",\"@id\":\"https:\\\/\\\/www.laguiadepamplona.com\\\/actualidad\\\/cuatro-conferencias-analizan-los-dos-proximos-jueves-de-marzo-la-realidad-del-futbol-femenino-desde-la-perspectiva-de-los-patrocinios-las-instituciones-o-la-comunicacion\\\/#primaryimage\",\"url\":\"https:\\\/\\\/www.laguiadepamplona.com\\\/actualidad\\\/wp-content\\\/uploads\\\/2025\\\/03\\\/Ciclo-Mulier_web.webp\",\"contentUrl\":\"https:\\\/\\\/www.laguiadepamplona.com\\\/actualidad\\\/wp-content\\\/uploads\\\/2025\\\/03\\\/Ciclo-Mulier_web.webp\",\"width\":870,\"height\":480,\"caption\":\"ciclo mulier f\u00fatbol femenino\"},{\"@type\":\"BreadcrumbList\",\"@id\":\"https:\\\/\\\/www.laguiadepamplona.com\\\/actualidad\\\/cuatro-conferencias-analizan-los-dos-proximos-jueves-de-marzo-la-realidad-del-futbol-femenino-desde-la-perspectiva-de-los-patrocinios-las-instituciones-o-la-comunicacion\\\/#breadcrumb\",\"itemListElement\":[{\"@type\":\"ListItem\",\"position\":1,\"name\":\"Portada\",\"item\":\"https:\\\/\\\/www.laguiadepamplona.com\\\/actualidad\\\/\"},{\"@type\":\"ListItem\",\"position\":2,\"name\":\"Cuatro conferencias analizan los dos pr\u00f3ximos jueves de marzo la realidad del f\u00fatbol femenino desde la perspectiva de los patrocinios, las instituciones o la comunicaci\u00f3n\"}]},{\"@type\":\"WebSite\",\"@id\":\"https:\\\/\\\/www.laguiadepamplona.com\\\/actualidad\\\/#website\",\"url\":\"https:\\\/\\\/www.laguiadepamplona.com\\\/actualidad\\\/\",\"name\":\"La gu\u00eda de Pamplona\",\"description\":\"Noticias de Pamplona\",\"publisher\":{\"@id\":\"https:\\\/\\\/www.laguiadepamplona.com\\\/actualidad\\\/#organization\"},\"potentialAction\":[{\"@type\":\"SearchAction\",\"target\":{\"@type\":\"EntryPoint\",\"urlTemplate\":\"https:\\\/\\\/www.laguiadepamplona.com\\\/actualidad\\\/?s={search_term_string}\"},\"query-input\":{\"@type\":\"PropertyValueSpecification\",\"valueRequired\":true,\"valueName\":\"search_term_string\"}}],\"inLanguage\":\"es\"},{\"@type\":\"Organization\",\"@id\":\"https:\\\/\\\/www.laguiadepamplona.com\\\/actualidad\\\/#organization\",\"name\":\"La Gu\u00eda de Pamplona \\\/ Noticias\",\"url\":\"https:\\\/\\\/www.laguiadepamplona.com\\\/actualidad\\\/\",\"logo\":{\"@type\":\"ImageObject\",\"inLanguage\":\"es\",\"@id\":\"https:\\\/\\\/www.laguiadepamplona.com\\\/actualidad\\\/#\\\/schema\\\/logo\\\/image\\\/\",\"url\":\"https:\\\/\\\/www.laguiadepamplona.com\\\/actualidad\\\/wp-content\\\/uploads\\\/2018\\\/11\\\/logo-laguiadepamplona18-web1.png\",\"contentUrl\":\"https:\\\/\\\/www.laguiadepamplona.com\\\/actualidad\\\/wp-content\\\/uploads\\\/2018\\\/11\\\/logo-laguiadepamplona18-web1.png\",\"width\":600,\"height\":196,\"caption\":\"La Gu\u00eda de Pamplona \\\/ Noticias\"},\"image\":{\"@id\":\"https:\\\/\\\/www.laguiadepamplona.com\\\/actualidad\\\/#\\\/schema\\\/logo\\\/image\\\/\"},\"sameAs\":[\"https:\\\/\\\/www.facebook.com\\\/laguiadepamplonacom-133175176762273\\\/?ref=hl\",\"https:\\\/\\\/x.com\\\/LaGuiadPamplona\",\"https:\\\/\\\/www.instagram.com\\\/la_guia_de_pamplona\\\/\",\"https:\\\/\\\/www.youtube.com\\\/user\\\/laguiadepamplona\"]},{\"@type\":\"Person\",\"@id\":\"https:\\\/\\\/www.laguiadepamplona.com\\\/actualidad\\\/#\\\/schema\\\/person\\\/efe887376f0213d4657c93adc50b1fdb\",\"name\":\"La Gu\u00eda de Pamplona\",\"image\":{\"@type\":\"ImageObject\",\"inLanguage\":\"es\",\"@id\":\"https:\\\/\\\/secure.gravatar.com\\\/avatar\\\/b6992f131dc8d30ab0dff15446e9d346d9dbd95992de0fef795073f5ea83a81c?s=96&d=mm&r=g\",\"url\":\"https:\\\/\\\/secure.gravatar.com\\\/avatar\\\/b6992f131dc8d30ab0dff15446e9d346d9dbd95992de0fef795073f5ea83a81c?s=96&d=mm&r=g\",\"contentUrl\":\"https:\\\/\\\/secure.gravatar.com\\\/avatar\\\/b6992f131dc8d30ab0dff15446e9d346d9dbd95992de0fef795073f5ea83a81c?s=96&d=mm&r=g\",\"caption\":\"La Gu\u00eda de Pamplona\"}}]}<\/script>\n<!-- \/ Yoast SEO plugin. -->","yoast_head_json":{"title":"Cuatro conferencias analizan los dos pr\u00f3ximos jueves de marzo la realidad del f\u00fatbol femenino desde la perspectiva de los patrocinios, las instituciones o la comunicaci\u00f3n","description":"El ciclo tendr\u00e1 lugar en Civivox Mendillorri y se organiza en colaboraci\u00f3n con el club de f\u00fatbol femenino Mulier FCN","robots":{"index":"index","follow":"follow","max-snippet":"max-snippet:-1","max-image-preview":"max-image-preview:large","max-video-preview":"max-video-preview:-1"},"canonical":"https:\/\/www.laguiadepamplona.com\/actualidad\/cuatro-conferencias-analizan-los-dos-proximos-jueves-de-marzo-la-realidad-del-futbol-femenino-desde-la-perspectiva-de-los-patrocinios-las-instituciones-o-la-comunicacion\/","og_locale":"es_ES","og_type":"article","og_title":"Cuatro conferencias analizan los dos pr\u00f3ximos jueves de marzo la realidad del f\u00fatbol femenino desde la perspectiva de los patrocinios, las instituciones o la comunicaci\u00f3n","og_description":"El ciclo tendr\u00e1 lugar en Civivox Mendillorri y se organiza en colaboraci\u00f3n con el club de f\u00fatbol femenino Mulier FCN","og_url":"https:\/\/www.laguiadepamplona.com\/actualidad\/cuatro-conferencias-analizan-los-dos-proximos-jueves-de-marzo-la-realidad-del-futbol-femenino-desde-la-perspectiva-de-los-patrocinios-las-instituciones-o-la-comunicacion\/","og_site_name":"La Gu\u00eda de Pamplona","article_publisher":"https:\/\/www.facebook.com\/laguiadepamplonacom-133175176762273\/?ref=hl","article_published_time":"2025-03-19T12:35:01+00:00","og_image":[{"width":870,"height":480,"url":"https:\/\/www.laguiadepamplona.com\/actualidad\/wp-content\/uploads\/2025\/03\/Ciclo-Mulier_web.webp","type":"image\/webp"}],"author":"La Gu\u00eda de Pamplona","twitter_card":"summary_large_image","twitter_creator":"@LaGuiadPamplona","twitter_site":"@LaGuiadPamplona","twitter_misc":{"Escrito por":"La Gu\u00eda de Pamplona","Tiempo de lectura":"3 minutos"},"schema":{"@context":"https:\/\/schema.org","@graph":[{"@type":"Article","@id":"https:\/\/www.laguiadepamplona.com\/actualidad\/cuatro-conferencias-analizan-los-dos-proximos-jueves-de-marzo-la-realidad-del-futbol-femenino-desde-la-perspectiva-de-los-patrocinios-las-instituciones-o-la-comunicacion\/#article","isPartOf":{"@id":"https:\/\/www.laguiadepamplona.com\/actualidad\/cuatro-conferencias-analizan-los-dos-proximos-jueves-de-marzo-la-realidad-del-futbol-femenino-desde-la-perspectiva-de-los-patrocinios-las-instituciones-o-la-comunicacion\/"},"author":{"name":"La Gu\u00eda de Pamplona","@id":"https:\/\/www.laguiadepamplona.com\/actualidad\/#\/schema\/person\/efe887376f0213d4657c93adc50b1fdb"},"headline":"Cuatro conferencias analizan los dos pr\u00f3ximos jueves de marzo la realidad del f\u00fatbol femenino desde la perspectiva de los patrocinios, las instituciones o la comunicaci\u00f3n","datePublished":"2025-03-19T12:35:01+00:00","mainEntityOfPage":{"@id":"https:\/\/www.laguiadepamplona.com\/actualidad\/cuatro-conferencias-analizan-los-dos-proximos-jueves-de-marzo-la-realidad-del-futbol-femenino-desde-la-perspectiva-de-los-patrocinios-las-instituciones-o-la-comunicacion\/"},"wordCount":559,"commentCount":0,"publisher":{"@id":"https:\/\/www.laguiadepamplona.com\/actualidad\/#organization"},"image":{"@id":"https:\/\/www.laguiadepamplona.com\/actualidad\/cuatro-conferencias-analizan-los-dos-proximos-jueves-de-marzo-la-realidad-del-futbol-femenino-desde-la-perspectiva-de-los-patrocinios-las-instituciones-o-la-comunicacion\/#primaryimage"},"thumbnailUrl":"https:\/\/www.laguiadepamplona.com\/actualidad\/wp-content\/uploads\/2025\/03\/Ciclo-Mulier_web.webp","articleSection":["Ayto Pamplona"],"inLanguage":"es","potentialAction":[{"@type":"CommentAction","name":"Comment","target":["https:\/\/www.laguiadepamplona.com\/actualidad\/cuatro-conferencias-analizan-los-dos-proximos-jueves-de-marzo-la-realidad-del-futbol-femenino-desde-la-perspectiva-de-los-patrocinios-las-instituciones-o-la-comunicacion\/#respond"]}]},{"@type":"WebPage","@id":"https:\/\/www.laguiadepamplona.com\/actualidad\/cuatro-conferencias-analizan-los-dos-proximos-jueves-de-marzo-la-realidad-del-futbol-femenino-desde-la-perspectiva-de-los-patrocinios-las-instituciones-o-la-comunicacion\/","url":"https:\/\/www.laguiadepamplona.com\/actualidad\/cuatro-conferencias-analizan-los-dos-proximos-jueves-de-marzo-la-realidad-del-futbol-femenino-desde-la-perspectiva-de-los-patrocinios-las-instituciones-o-la-comunicacion\/","name":"Cuatro conferencias analizan los dos pr\u00f3ximos jueves de marzo la realidad del f\u00fatbol femenino desde la perspectiva de los patrocinios, las instituciones o la comunicaci\u00f3n","isPartOf":{"@id":"https:\/\/www.laguiadepamplona.com\/actualidad\/#website"},"primaryImageOfPage":{"@id":"https:\/\/www.laguiadepamplona.com\/actualidad\/cuatro-conferencias-analizan-los-dos-proximos-jueves-de-marzo-la-realidad-del-futbol-femenino-desde-la-perspectiva-de-los-patrocinios-las-instituciones-o-la-comunicacion\/#primaryimage"},"image":{"@id":"https:\/\/www.laguiadepamplona.com\/actualidad\/cuatro-conferencias-analizan-los-dos-proximos-jueves-de-marzo-la-realidad-del-futbol-femenino-desde-la-perspectiva-de-los-patrocinios-las-instituciones-o-la-comunicacion\/#primaryimage"},"thumbnailUrl":"https:\/\/www.laguiadepamplona.com\/actualidad\/wp-content\/uploads\/2025\/03\/Ciclo-Mulier_web.webp","datePublished":"2025-03-19T12:35:01+00:00","description":"El ciclo tendr\u00e1 lugar en Civivox Mendillorri y se organiza en colaboraci\u00f3n con el club de f\u00fatbol femenino Mulier FCN","breadcrumb":{"@id":"https:\/\/www.laguiadepamplona.com\/actualidad\/cuatro-conferencias-analizan-los-dos-proximos-jueves-de-marzo-la-realidad-del-futbol-femenino-desde-la-perspectiva-de-los-patrocinios-las-instituciones-o-la-comunicacion\/#breadcrumb"},"inLanguage":"es","potentialAction":[{"@type":"ReadAction","target":["https:\/\/www.laguiadepamplona.com\/actualidad\/cuatro-conferencias-analizan-los-dos-proximos-jueves-de-marzo-la-realidad-del-futbol-femenino-desde-la-perspectiva-de-los-patrocinios-las-instituciones-o-la-comunicacion\/"]}]},{"@type":"ImageObject","inLanguage":"es","@id":"https:\/\/www.laguiadepamplona.com\/actualidad\/cuatro-conferencias-analizan-los-dos-proximos-jueves-de-marzo-la-realidad-del-futbol-femenino-desde-la-perspectiva-de-los-patrocinios-las-instituciones-o-la-comunicacion\/#primaryimage","url":"https:\/\/www.laguiadepamplona.com\/actualidad\/wp-content\/uploads\/2025\/03\/Ciclo-Mulier_web.webp","contentUrl":"https:\/\/www.laguiadepamplona.com\/actualidad\/wp-content\/uploads\/2025\/03\/Ciclo-Mulier_web.webp","width":870,"height":480,"caption":"ciclo mulier f\u00fatbol femenino"},{"@type":"BreadcrumbList","@id":"https:\/\/www.laguiadepamplona.com\/actualidad\/cuatro-conferencias-analizan-los-dos-proximos-jueves-de-marzo-la-realidad-del-futbol-femenino-desde-la-perspectiva-de-los-patrocinios-las-instituciones-o-la-comunicacion\/#breadcrumb","itemListElement":[{"@type":"ListItem","position":1,"name":"Portada","item":"https:\/\/www.laguiadepamplona.com\/actualidad\/"},{"@type":"ListItem","position":2,"name":"Cuatro conferencias analizan los dos pr\u00f3ximos jueves de marzo la realidad del f\u00fatbol femenino desde la perspectiva de los patrocinios, las instituciones o la comunicaci\u00f3n"}]},{"@type":"WebSite","@id":"https:\/\/www.laguiadepamplona.com\/actualidad\/#website","url":"https:\/\/www.laguiadepamplona.com\/actualidad\/","name":"La gu\u00eda de Pamplona","description":"Noticias de Pamplona","publisher":{"@id":"https:\/\/www.laguiadepamplona.com\/actualidad\/#organization"},"potentialAction":[{"@type":"SearchAction","target":{"@type":"EntryPoint","urlTemplate":"https:\/\/www.laguiadepamplona.com\/actualidad\/?s={search_term_string}"},"query-input":{"@type":"PropertyValueSpecification","valueRequired":true,"valueName":"search_term_string"}}],"inLanguage":"es"},{"@type":"Organization","@id":"https:\/\/www.laguiadepamplona.com\/actualidad\/#organization","name":"La Gu\u00eda de Pamplona \/ Noticias","url":"https:\/\/www.laguiadepamplona.com\/actualidad\/","logo":{"@type":"ImageObject","inLanguage":"es","@id":"https:\/\/www.laguiadepamplona.com\/actualidad\/#\/schema\/logo\/image\/","url":"https:\/\/www.laguiadepamplona.com\/actualidad\/wp-content\/uploads\/2018\/11\/logo-laguiadepamplona18-web1.png","contentUrl":"https:\/\/www.laguiadepamplona.com\/actualidad\/wp-content\/uploads\/2018\/11\/logo-laguiadepamplona18-web1.png","width":600,"height":196,"caption":"La Gu\u00eda de Pamplona \/ Noticias"},"image":{"@id":"https:\/\/www.laguiadepamplona.com\/actualidad\/#\/schema\/logo\/image\/"},"sameAs":["https:\/\/www.facebook.com\/laguiadepamplonacom-133175176762273\/?ref=hl","https:\/\/x.com\/LaGuiadPamplona","https:\/\/www.instagram.com\/la_guia_de_pamplona\/","https:\/\/www.youtube.com\/user\/laguiadepamplona"]},{"@type":"Person","@id":"https:\/\/www.laguiadepamplona.com\/actualidad\/#\/schema\/person\/efe887376f0213d4657c93adc50b1fdb","name":"La Gu\u00eda de Pamplona","image":{"@type":"ImageObject","inLanguage":"es","@id":"https:\/\/secure.gravatar.com\/avatar\/b6992f131dc8d30ab0dff15446e9d346d9dbd95992de0fef795073f5ea83a81c?s=96&d=mm&r=g","url":"https:\/\/secure.gravatar.com\/avatar\/b6992f131dc8d30ab0dff15446e9d346d9dbd95992de0fef795073f5ea83a81c?s=96&d=mm&r=g","contentUrl":"https:\/\/secure.gravatar.com\/avatar\/b6992f131dc8d30ab0dff15446e9d346d9dbd95992de0fef795073f5ea83a81c?s=96&d=mm&r=g","caption":"La Gu\u00eda de Pamplona"}}]}},"post_mailing_queue_ids":[],"_links":{"self":[{"href":"https:\/\/www.laguiadepamplona.com\/actualidad\/wp-json\/wp\/v2\/posts\/52429","targetHints":{"allow":["GET"]}}],"collection":[{"href":"https:\/\/www.laguiadepamplona.com\/actualidad\/wp-json\/wp\/v2\/posts"}],"about":[{"href":"https:\/\/www.laguiadepamplona.com\/actualidad\/wp-json\/wp\/v2\/types\/post"}],"author":[{"embeddable":true,"href":"https:\/\/www.laguiadepamplona.com\/actualidad\/wp-json\/wp\/v2\/users\/1"}],"replies":[{"embeddable":true,"href":"https:\/\/www.laguiadepamplona.com\/actualidad\/wp-json\/wp\/v2\/comments?post=52429"}],"version-history":[{"count":1,"href":"https:\/\/www.laguiadepamplona.com\/actualidad\/wp-json\/wp\/v2\/posts\/52429\/revisions"}],"predecessor-version":[{"id":52431,"href":"https:\/\/www.laguiadepamplona.com\/actualidad\/wp-json\/wp\/v2\/posts\/52429\/revisions\/52431"}],"wp:featuredmedia":[{"embeddable":true,"href":"https:\/\/www.laguiadepamplona.com\/actualidad\/wp-json\/wp\/v2\/media\/52430"}],"wp:attachment":[{"href":"https:\/\/www.laguiadepamplona.com\/actualidad\/wp-json\/wp\/v2\/media?parent=52429"}],"wp:term":[{"taxonomy":"category","embeddable":true,"href":"https:\/\/www.laguiadepamplona.com\/actualidad\/wp-json\/wp\/v2\/categories?post=52429"},{"taxonomy":"post_tag","embeddable":true,"href":"https:\/\/www.laguiadepamplona.com\/actualidad\/wp-json\/wp\/v2\/tags?post=52429"}],"curies":[{"name":"wp","href":"https:\/\/api.w.org\/{rel}","templated":true}]}}