{"id":52423,"date":"2025-03-19T14:31:57","date_gmt":"2025-03-19T12:31:57","guid":{"rendered":"https:\/\/www.laguiadepamplona.com\/actualidad\/?p=52423"},"modified":"2025-03-19T14:31:57","modified_gmt":"2025-03-19T12:31:57","slug":"el-cpeip-san-francisco-acoge-este-jueves-el-foro-de-barrio-del-casco-antiguo","status":"publish","type":"post","link":"https:\/\/www.laguiadepamplona.com\/actualidad\/el-cpeip-san-francisco-acoge-este-jueves-el-foro-de-barrio-del-casco-antiguo\/","title":{"rendered":"El CPEIP San Francisco acoge este jueves el Foro de Barrio del Casco Antiguo"},"content":{"rendered":"<h2>La ciudadan\u00eda puede presentar propuestas y sugerencias para el pr\u00f3ximo foro, del barrio de Ermitaga\u00f1a-Mendebaldea, que se celebrar\u00e1 el jueves 27<\/h2>\n<p><!--more--><\/p>\n<p>El vecindario del Casco Antiguo celebrar\u00e1 este jueves el Foro de Barrio, un encuentro entre representantes municipales y ciudadan\u00eda para conocer las propuestas y necesidades del barrio. La cita ser\u00e1 a las 18.30 horas, en las instalaciones del CPEIP San Francisco. All\u00ed acudir\u00e1 la concejala de barrio, Zaloa Basabe Guti\u00e9rrez, tambi\u00e9n concejala de Igualdad, Acci\u00f3n Comunitaria, Barrios, Participaci\u00f3n Ciudadana y Euskera; y Aitziber Campion Ganboa, concejala especial de Participaci\u00f3n Ciudadana y Euskera. Acompa\u00f1adas de personal t\u00e9cnico, presentar\u00e1n en este coloquio algunos de los servicios municipales en marcha, como la Red Municipal de Voluntariado Plaza On, la Casa de la Juventud y la Oficina de Mediaci\u00f3n Comunitaria. Tambi\u00e9n se dar\u00e1n a conocer los proyectos comunitarios AZ Sare Komunitarioa. De forma paralela, en el mismo colegio, se celebrar\u00e1 el foro infantil, para que tambi\u00e9n los ni\u00f1os, ni\u00f1as y adolescentes del barrio puedan realizar sus aportaciones. Este foro infantil se celebrar\u00e1 de 17 a 19 horas y las conclusiones se presentar\u00e1n en el foro de personas adultas. Las ni\u00f1as y los ni\u00f1os podr\u00e1n quedarse hasta el final del Foro de personas adultas.<\/p>\n<p>Como en ocasiones anteriores, en el Foro de Barrio se dar\u00e1 respuesta a las consultas recibidas previamente y se tratar\u00e1 de atender tambi\u00e9n las solicitudes de informaci\u00f3n que surjan en el momento. La sesi\u00f3n principal podr\u00e1 seguirse en directo en <a href=\"https:\/\/www.youtube.com\/channel\/UCzDUWuosgg5y3PeE7PT_IWw\" target=\"_blank\" rel=\"noopener\">el canal de YouTube \u2018Participa Pamplona\u2019<\/a>. Adem\u00e1s, los foros de barrio cuentan con accesibilidad auditiva, mediante int\u00e9rprete de lengua de signos, estenotipia (subtitulado) y bucle magn\u00e9tico, de modo que las personas con discapacidad auditiva puedan acudir y participar activamente. La accesibilidad auditiva est\u00e1 garantizada mediante la Asociaci\u00f3n Eunate y la Asociaci\u00f3n Asorna.<\/p>\n<p>Al margen del Foro de Barrio, durante toda esta semana se est\u00e1n organizado actos en torno al Casco Antiguo. As\u00ed, desde este pasado lunes y hasta el s\u00e1bado 22 se podr\u00e1 visitar la exposici\u00f3n permanente de Marca Ciudad \u2018Pamplona=Bagara. Iru\u00f1a=De verdad\u2019 en Plazara!, en la calle Mayor. La muestra recoge tambi\u00e9n ocho paneles con las iniciativas municipales para el 2025. Adem\u00e1s, ayer, se celebr\u00f3 una visita por el barrio, en la que se visit\u00f3 la plaza de Santa Ana, donde est\u00e1n previstas obras de remodelaci\u00f3n, el comedor popular de la red comunitaria AZ, el Club Deportivo del Casco Viejo y el reci\u00e9n inaugurado local Comercio de Pamplona, en la calle Mercaderes. Esta tarde, adem\u00e1s, se organizar\u00e1 una ronda por las calles del Casco Antiguo, de la mano de Jarautan Kantuz, que saldr\u00e1 a las 19.30 horas desde Plazara!<\/p>\n<p><strong>El pr\u00f3ximo jueves, d\u00eda 27, en Ermitaga\u00f1a-Mendebaldea<\/strong><\/p>\n<p>El siguiente Foro de Barrio, que tendr\u00e1 lugar el jueves 27, se celebrar\u00e1 en Ermitaga\u00f1a-Mendebaldea, en la Biblioteca de Navarra. El plazo para presentar aportaciones, consultas y sugerencias est\u00e1 abierto, hasta el pr\u00f3ximo lunes, de forma telem\u00e1tica en la web <a href=\"https:\/\/decide.pamplona.es\/assemblies\/FBMendebaldeaErmitagana\/f\/301\/\" target=\"_blank\" rel=\"noopener\">Decide Pamplona<\/a> o en el correo <a href=\"mailto:foros@pamplona.es\">foros@pamplona.es<\/a>. Para m\u00e1s informaci\u00f3n se puede consultar en el tel\u00e9fono de Zentro Espacio Colaborativo, 948 420 266.<\/p>\n<p>A partir del lunes 24, se podr\u00e1 visitar la exposici\u00f3n itinerante Marca Pamplona \u2018Pamplona=Bagara. Iru\u00f1a=De verdad\u2019, en la Biblioteca de Navarra. Adem\u00e1s, el martes, a las 17.30 horas, se celebrar\u00e1 una visita por el barrio. El paseo comenzar\u00e1 en la campa cedida al colectivo Etxekonak, junto a las instalaciones deportivas de San Juan y los primeros chal\u00e9s de Ermitaga\u00f1a. La visita, abierta al vecindario, permitir\u00e1 conocer el proyecto de alojamientos colaborativos para mayores, la ripa de Ermitaga\u00f1a, donde se explicar\u00e1n las demandas vecinales en torno a esta zona, y los centros comunitarios de la calle Bartolom\u00e9 de Carranza. La visita concluir\u00e1 en el huerto urbano Loraldea.<\/p>\n<p>Las actividades en torno al Foro de Barrio incluyen tambi\u00e9n una actuaci\u00f3n del coro Erymen, el mi\u00e9rcoles, d\u00eda 26, a las 18 horas, en la plaza exterior del Conservatorio, en el paseo Antonio P\u00e9rez Goyena, 1.<\/p>\n<p>El Foro de Barrio como tal se celebrar\u00e1 el jueves, a las 18.30 horas. En \u00e9l se presentar\u00e1 la Comunidad Energ\u00e9tica Ermen. Adem\u00e1s, se hablar\u00e1 del grupo de mayores Mendiga\u00f1a 65 y de Etxekonak. De 17 a 19 horas, tambi\u00e9n en la Biblioteca de Navarra, se celebrar\u00e1 el Foro Txiki, para que los m\u00e1s peque\u00f1os puedan tambi\u00e9n realizar aportaciones para mejorar el barrio.<\/p>\n<p>&nbsp;<\/p>\n<h3><strong>Foro del Casco Antiguo<\/strong><\/h3>\n<ul>\n<li>Del 17 al 22 de marzo:\n<ul>\n<li>Exposici\u00f3n itinerante. Marca Pamplona e iniciativas municipales. En Plazara! (calle Mayor 31)<\/li>\n<\/ul>\n<\/li>\n<li>Mi\u00e9rcoles 19 de marzo:\n<ul>\n<li>Actividad cultural: Jarautan kantuz, a las 19.30 horas, desde Plazara!, por las calles del Casco Viejo<\/li>\n<\/ul>\n<\/li>\n<li>Jueves 20 de marzo:\n<ul>\n<li><strong>Foro de Barrio<\/strong>. A las 18.30 horas. CP San Francisco IP<\/li>\n<li><strong>Foro Txiki<\/strong>. Desde las 17 a las 19 horas. CP San Francisco IP<\/li>\n<\/ul>\n<\/li>\n<\/ul>\n<h3><strong>Barrio de Ermitaga\u00f1a-Mendebaldea<\/strong><\/h3>\n<ul>\n<li>Del 24 al 28 de marzo:\n<ul>\n<li>Exposici\u00f3n itinerante. Marca Pamplona e iniciativas municipales. En la Biblioteca de Navarra<\/li>\n<\/ul>\n<\/li>\n<li>Martes 25 de marzo:\n<ul>\n<li>Paseo por el barrio, a partir de las 17.30 horas. La visita comenzar\u00e1 en la campa cedida al colectivo Etxekonak, junto a las instalaciones deportivas San Juan y los primeros chal\u00e9s de Ermitaga\u00f1a. Se visitar\u00e1, despu\u00e9s, la ripa de Ermitaga\u00f1a, el centro comunitario de la calle Bartolom\u00e9 de Carranza y el huerto urbano Loraldea, donde finalizar\u00e1 el paseo.<\/li>\n<\/ul>\n<\/li>\n<li>Mi\u00e9rcoles 26 de marzo:\n<ul>\n<li>Actividad cultural: Coro Erymen a las 18.00 horas, en la plaza exterior del Conservatorio, en el paseo Antonio P\u00e9rez Goyena, 1.<\/li>\n<\/ul>\n<\/li>\n<li>Jueves 27 de marzo:\n<ul>\n<li><strong>Foro de Barrio<\/strong>. A las 18.30 horas. Biblioteca de Navarra (sala de la primera planta)<\/li>\n<li><strong>Foro Txiki<\/strong>. Desde las 17 a las 19 horas. Biblioteca de Navarra<\/li>\n<\/ul>\n<\/li>\n<\/ul>\n","protected":false},"excerpt":{"rendered":"<p>La ciudadan\u00eda puede presentar propuestas y sugerencias para el pr\u00f3ximo foro, del barrio de Ermitaga\u00f1a-Mendebaldea, que se celebrar\u00e1 el jueves 27<\/p>\n","protected":false},"author":1,"featured_media":52424,"comment_status":"open","ping_status":"closed","sticky":false,"template":"","format":"standard","meta":{"footnotes":""},"categories":[2],"tags":[],"class_list":["post-52423","post","type-post","status-publish","format-standard","has-post-thumbnail","hentry","category-ayuntamiento-pamplona"],"yoast_head":"<!-- This site is optimized with the Yoast SEO plugin v27.3 - https:\/\/yoast.com\/product\/yoast-seo-wordpress\/ -->\n<title>El CPEIP San Francisco acoge este jueves el Foro de Barrio del Casco Antiguo<\/title>\n<meta name=\"description\" content=\"La ciudadan\u00eda puede presentar propuestas y sugerencias para el pr\u00f3ximo foro, del barrio de Ermitaga\u00f1a-Mendebaldea, que se celebrar\u00e1 el jueves 27\" \/>\n<meta name=\"robots\" content=\"index, follow, max-snippet:-1, max-image-preview:large, max-video-preview:-1\" \/>\n<link rel=\"canonical\" href=\"https:\/\/www.laguiadepamplona.com\/actualidad\/el-cpeip-san-francisco-acoge-este-jueves-el-foro-de-barrio-del-casco-antiguo\/\" \/>\n<meta property=\"og:locale\" content=\"es_ES\" \/>\n<meta property=\"og:type\" content=\"article\" \/>\n<meta property=\"og:title\" content=\"El CPEIP San Francisco acoge este jueves el Foro de Barrio del Casco Antiguo\" \/>\n<meta property=\"og:description\" content=\"La ciudadan\u00eda puede presentar propuestas y sugerencias para el pr\u00f3ximo foro, del barrio de Ermitaga\u00f1a-Mendebaldea, que se celebrar\u00e1 el jueves 27\" \/>\n<meta property=\"og:url\" content=\"https:\/\/www.laguiadepamplona.com\/actualidad\/el-cpeip-san-francisco-acoge-este-jueves-el-foro-de-barrio-del-casco-antiguo\/\" \/>\n<meta property=\"og:site_name\" content=\"La Gu\u00eda de Pamplona\" \/>\n<meta property=\"article:publisher\" content=\"https:\/\/www.facebook.com\/laguiadepamplonacom-133175176762273\/?ref=hl\" \/>\n<meta property=\"article:published_time\" content=\"2025-03-19T12:31:57+00:00\" \/>\n<meta property=\"og:image\" content=\"https:\/\/www.laguiadepamplona.com\/actualidad\/wp-content\/uploads\/2025\/03\/paseocascoviejoforodebarrio3.webp\" \/>\n\t<meta property=\"og:image:width\" content=\"1000\" \/>\n\t<meta property=\"og:image:height\" content=\"666\" \/>\n\t<meta property=\"og:image:type\" content=\"image\/webp\" \/>\n<meta name=\"author\" content=\"La Gu\u00eda de Pamplona\" \/>\n<meta name=\"twitter:card\" content=\"summary_large_image\" \/>\n<meta name=\"twitter:creator\" content=\"@LaGuiadPamplona\" \/>\n<meta name=\"twitter:site\" content=\"@LaGuiadPamplona\" \/>\n<meta name=\"twitter:label1\" content=\"Escrito por\" \/>\n\t<meta name=\"twitter:data1\" content=\"La Gu\u00eda de Pamplona\" \/>\n\t<meta name=\"twitter:label2\" content=\"Tiempo de lectura\" \/>\n\t<meta name=\"twitter:data2\" content=\"5 minutos\" \/>\n<script type=\"application\/ld+json\" class=\"yoast-schema-graph\">{\"@context\":\"https:\\\/\\\/schema.org\",\"@graph\":[{\"@type\":\"Article\",\"@id\":\"https:\\\/\\\/www.laguiadepamplona.com\\\/actualidad\\\/el-cpeip-san-francisco-acoge-este-jueves-el-foro-de-barrio-del-casco-antiguo\\\/#article\",\"isPartOf\":{\"@id\":\"https:\\\/\\\/www.laguiadepamplona.com\\\/actualidad\\\/el-cpeip-san-francisco-acoge-este-jueves-el-foro-de-barrio-del-casco-antiguo\\\/\"},\"author\":{\"name\":\"La Gu\u00eda de Pamplona\",\"@id\":\"https:\\\/\\\/www.laguiadepamplona.com\\\/actualidad\\\/#\\\/schema\\\/person\\\/efe887376f0213d4657c93adc50b1fdb\"},\"headline\":\"El CPEIP San Francisco acoge este jueves el Foro de Barrio del Casco Antiguo\",\"datePublished\":\"2025-03-19T12:31:57+00:00\",\"mainEntityOfPage\":{\"@id\":\"https:\\\/\\\/www.laguiadepamplona.com\\\/actualidad\\\/el-cpeip-san-francisco-acoge-este-jueves-el-foro-de-barrio-del-casco-antiguo\\\/\"},\"wordCount\":972,\"commentCount\":0,\"publisher\":{\"@id\":\"https:\\\/\\\/www.laguiadepamplona.com\\\/actualidad\\\/#organization\"},\"image\":{\"@id\":\"https:\\\/\\\/www.laguiadepamplona.com\\\/actualidad\\\/el-cpeip-san-francisco-acoge-este-jueves-el-foro-de-barrio-del-casco-antiguo\\\/#primaryimage\"},\"thumbnailUrl\":\"https:\\\/\\\/www.laguiadepamplona.com\\\/actualidad\\\/wp-content\\\/uploads\\\/2025\\\/03\\\/paseocascoviejoforodebarrio3.webp\",\"articleSection\":[\"Ayto Pamplona\"],\"inLanguage\":\"es\",\"potentialAction\":[{\"@type\":\"CommentAction\",\"name\":\"Comment\",\"target\":[\"https:\\\/\\\/www.laguiadepamplona.com\\\/actualidad\\\/el-cpeip-san-francisco-acoge-este-jueves-el-foro-de-barrio-del-casco-antiguo\\\/#respond\"]}]},{\"@type\":\"WebPage\",\"@id\":\"https:\\\/\\\/www.laguiadepamplona.com\\\/actualidad\\\/el-cpeip-san-francisco-acoge-este-jueves-el-foro-de-barrio-del-casco-antiguo\\\/\",\"url\":\"https:\\\/\\\/www.laguiadepamplona.com\\\/actualidad\\\/el-cpeip-san-francisco-acoge-este-jueves-el-foro-de-barrio-del-casco-antiguo\\\/\",\"name\":\"El CPEIP San Francisco acoge este jueves el Foro de Barrio del Casco Antiguo\",\"isPartOf\":{\"@id\":\"https:\\\/\\\/www.laguiadepamplona.com\\\/actualidad\\\/#website\"},\"primaryImageOfPage\":{\"@id\":\"https:\\\/\\\/www.laguiadepamplona.com\\\/actualidad\\\/el-cpeip-san-francisco-acoge-este-jueves-el-foro-de-barrio-del-casco-antiguo\\\/#primaryimage\"},\"image\":{\"@id\":\"https:\\\/\\\/www.laguiadepamplona.com\\\/actualidad\\\/el-cpeip-san-francisco-acoge-este-jueves-el-foro-de-barrio-del-casco-antiguo\\\/#primaryimage\"},\"thumbnailUrl\":\"https:\\\/\\\/www.laguiadepamplona.com\\\/actualidad\\\/wp-content\\\/uploads\\\/2025\\\/03\\\/paseocascoviejoforodebarrio3.webp\",\"datePublished\":\"2025-03-19T12:31:57+00:00\",\"description\":\"La ciudadan\u00eda puede presentar propuestas y sugerencias para el pr\u00f3ximo foro, del barrio de Ermitaga\u00f1a-Mendebaldea, que se celebrar\u00e1 el jueves 27\",\"breadcrumb\":{\"@id\":\"https:\\\/\\\/www.laguiadepamplona.com\\\/actualidad\\\/el-cpeip-san-francisco-acoge-este-jueves-el-foro-de-barrio-del-casco-antiguo\\\/#breadcrumb\"},\"inLanguage\":\"es\",\"potentialAction\":[{\"@type\":\"ReadAction\",\"target\":[\"https:\\\/\\\/www.laguiadepamplona.com\\\/actualidad\\\/el-cpeip-san-francisco-acoge-este-jueves-el-foro-de-barrio-del-casco-antiguo\\\/\"]}]},{\"@type\":\"ImageObject\",\"inLanguage\":\"es\",\"@id\":\"https:\\\/\\\/www.laguiadepamplona.com\\\/actualidad\\\/el-cpeip-san-francisco-acoge-este-jueves-el-foro-de-barrio-del-casco-antiguo\\\/#primaryimage\",\"url\":\"https:\\\/\\\/www.laguiadepamplona.com\\\/actualidad\\\/wp-content\\\/uploads\\\/2025\\\/03\\\/paseocascoviejoforodebarrio3.webp\",\"contentUrl\":\"https:\\\/\\\/www.laguiadepamplona.com\\\/actualidad\\\/wp-content\\\/uploads\\\/2025\\\/03\\\/paseocascoviejoforodebarrio3.webp\",\"width\":1000,\"height\":666,\"caption\":\"paseo casco viejo foro de barrio\"},{\"@type\":\"BreadcrumbList\",\"@id\":\"https:\\\/\\\/www.laguiadepamplona.com\\\/actualidad\\\/el-cpeip-san-francisco-acoge-este-jueves-el-foro-de-barrio-del-casco-antiguo\\\/#breadcrumb\",\"itemListElement\":[{\"@type\":\"ListItem\",\"position\":1,\"name\":\"Portada\",\"item\":\"https:\\\/\\\/www.laguiadepamplona.com\\\/actualidad\\\/\"},{\"@type\":\"ListItem\",\"position\":2,\"name\":\"El CPEIP San Francisco acoge este jueves el Foro de Barrio del Casco Antiguo\"}]},{\"@type\":\"WebSite\",\"@id\":\"https:\\\/\\\/www.laguiadepamplona.com\\\/actualidad\\\/#website\",\"url\":\"https:\\\/\\\/www.laguiadepamplona.com\\\/actualidad\\\/\",\"name\":\"La gu\u00eda de Pamplona\",\"description\":\"Noticias de Pamplona\",\"publisher\":{\"@id\":\"https:\\\/\\\/www.laguiadepamplona.com\\\/actualidad\\\/#organization\"},\"potentialAction\":[{\"@type\":\"SearchAction\",\"target\":{\"@type\":\"EntryPoint\",\"urlTemplate\":\"https:\\\/\\\/www.laguiadepamplona.com\\\/actualidad\\\/?s={search_term_string}\"},\"query-input\":{\"@type\":\"PropertyValueSpecification\",\"valueRequired\":true,\"valueName\":\"search_term_string\"}}],\"inLanguage\":\"es\"},{\"@type\":\"Organization\",\"@id\":\"https:\\\/\\\/www.laguiadepamplona.com\\\/actualidad\\\/#organization\",\"name\":\"La Gu\u00eda de Pamplona \\\/ Noticias\",\"url\":\"https:\\\/\\\/www.laguiadepamplona.com\\\/actualidad\\\/\",\"logo\":{\"@type\":\"ImageObject\",\"inLanguage\":\"es\",\"@id\":\"https:\\\/\\\/www.laguiadepamplona.com\\\/actualidad\\\/#\\\/schema\\\/logo\\\/image\\\/\",\"url\":\"https:\\\/\\\/www.laguiadepamplona.com\\\/actualidad\\\/wp-content\\\/uploads\\\/2018\\\/11\\\/logo-laguiadepamplona18-web1.png\",\"contentUrl\":\"https:\\\/\\\/www.laguiadepamplona.com\\\/actualidad\\\/wp-content\\\/uploads\\\/2018\\\/11\\\/logo-laguiadepamplona18-web1.png\",\"width\":600,\"height\":196,\"caption\":\"La Gu\u00eda de Pamplona \\\/ Noticias\"},\"image\":{\"@id\":\"https:\\\/\\\/www.laguiadepamplona.com\\\/actualidad\\\/#\\\/schema\\\/logo\\\/image\\\/\"},\"sameAs\":[\"https:\\\/\\\/www.facebook.com\\\/laguiadepamplonacom-133175176762273\\\/?ref=hl\",\"https:\\\/\\\/x.com\\\/LaGuiadPamplona\",\"https:\\\/\\\/www.instagram.com\\\/la_guia_de_pamplona\\\/\",\"https:\\\/\\\/www.youtube.com\\\/user\\\/laguiadepamplona\"]},{\"@type\":\"Person\",\"@id\":\"https:\\\/\\\/www.laguiadepamplona.com\\\/actualidad\\\/#\\\/schema\\\/person\\\/efe887376f0213d4657c93adc50b1fdb\",\"name\":\"La Gu\u00eda de Pamplona\",\"image\":{\"@type\":\"ImageObject\",\"inLanguage\":\"es\",\"@id\":\"https:\\\/\\\/secure.gravatar.com\\\/avatar\\\/b6992f131dc8d30ab0dff15446e9d346d9dbd95992de0fef795073f5ea83a81c?s=96&d=mm&r=g\",\"url\":\"https:\\\/\\\/secure.gravatar.com\\\/avatar\\\/b6992f131dc8d30ab0dff15446e9d346d9dbd95992de0fef795073f5ea83a81c?s=96&d=mm&r=g\",\"contentUrl\":\"https:\\\/\\\/secure.gravatar.com\\\/avatar\\\/b6992f131dc8d30ab0dff15446e9d346d9dbd95992de0fef795073f5ea83a81c?s=96&d=mm&r=g\",\"caption\":\"La Gu\u00eda de Pamplona\"}}]}<\/script>\n<!-- \/ Yoast SEO plugin. -->","yoast_head_json":{"title":"El CPEIP San Francisco acoge este jueves el Foro de Barrio del Casco Antiguo","description":"La ciudadan\u00eda puede presentar propuestas y sugerencias para el pr\u00f3ximo foro, del barrio de Ermitaga\u00f1a-Mendebaldea, que se celebrar\u00e1 el jueves 27","robots":{"index":"index","follow":"follow","max-snippet":"max-snippet:-1","max-image-preview":"max-image-preview:large","max-video-preview":"max-video-preview:-1"},"canonical":"https:\/\/www.laguiadepamplona.com\/actualidad\/el-cpeip-san-francisco-acoge-este-jueves-el-foro-de-barrio-del-casco-antiguo\/","og_locale":"es_ES","og_type":"article","og_title":"El CPEIP San Francisco acoge este jueves el Foro de Barrio del Casco Antiguo","og_description":"La ciudadan\u00eda puede presentar propuestas y sugerencias para el pr\u00f3ximo foro, del barrio de Ermitaga\u00f1a-Mendebaldea, que se celebrar\u00e1 el jueves 27","og_url":"https:\/\/www.laguiadepamplona.com\/actualidad\/el-cpeip-san-francisco-acoge-este-jueves-el-foro-de-barrio-del-casco-antiguo\/","og_site_name":"La Gu\u00eda de Pamplona","article_publisher":"https:\/\/www.facebook.com\/laguiadepamplonacom-133175176762273\/?ref=hl","article_published_time":"2025-03-19T12:31:57+00:00","og_image":[{"width":1000,"height":666,"url":"https:\/\/www.laguiadepamplona.com\/actualidad\/wp-content\/uploads\/2025\/03\/paseocascoviejoforodebarrio3.webp","type":"image\/webp"}],"author":"La Gu\u00eda de Pamplona","twitter_card":"summary_large_image","twitter_creator":"@LaGuiadPamplona","twitter_site":"@LaGuiadPamplona","twitter_misc":{"Escrito por":"La Gu\u00eda de Pamplona","Tiempo de lectura":"5 minutos"},"schema":{"@context":"https:\/\/schema.org","@graph":[{"@type":"Article","@id":"https:\/\/www.laguiadepamplona.com\/actualidad\/el-cpeip-san-francisco-acoge-este-jueves-el-foro-de-barrio-del-casco-antiguo\/#article","isPartOf":{"@id":"https:\/\/www.laguiadepamplona.com\/actualidad\/el-cpeip-san-francisco-acoge-este-jueves-el-foro-de-barrio-del-casco-antiguo\/"},"author":{"name":"La Gu\u00eda de Pamplona","@id":"https:\/\/www.laguiadepamplona.com\/actualidad\/#\/schema\/person\/efe887376f0213d4657c93adc50b1fdb"},"headline":"El CPEIP San Francisco acoge este jueves el Foro de Barrio del Casco Antiguo","datePublished":"2025-03-19T12:31:57+00:00","mainEntityOfPage":{"@id":"https:\/\/www.laguiadepamplona.com\/actualidad\/el-cpeip-san-francisco-acoge-este-jueves-el-foro-de-barrio-del-casco-antiguo\/"},"wordCount":972,"commentCount":0,"publisher":{"@id":"https:\/\/www.laguiadepamplona.com\/actualidad\/#organization"},"image":{"@id":"https:\/\/www.laguiadepamplona.com\/actualidad\/el-cpeip-san-francisco-acoge-este-jueves-el-foro-de-barrio-del-casco-antiguo\/#primaryimage"},"thumbnailUrl":"https:\/\/www.laguiadepamplona.com\/actualidad\/wp-content\/uploads\/2025\/03\/paseocascoviejoforodebarrio3.webp","articleSection":["Ayto Pamplona"],"inLanguage":"es","potentialAction":[{"@type":"CommentAction","name":"Comment","target":["https:\/\/www.laguiadepamplona.com\/actualidad\/el-cpeip-san-francisco-acoge-este-jueves-el-foro-de-barrio-del-casco-antiguo\/#respond"]}]},{"@type":"WebPage","@id":"https:\/\/www.laguiadepamplona.com\/actualidad\/el-cpeip-san-francisco-acoge-este-jueves-el-foro-de-barrio-del-casco-antiguo\/","url":"https:\/\/www.laguiadepamplona.com\/actualidad\/el-cpeip-san-francisco-acoge-este-jueves-el-foro-de-barrio-del-casco-antiguo\/","name":"El CPEIP San Francisco acoge este jueves el Foro de Barrio del Casco Antiguo","isPartOf":{"@id":"https:\/\/www.laguiadepamplona.com\/actualidad\/#website"},"primaryImageOfPage":{"@id":"https:\/\/www.laguiadepamplona.com\/actualidad\/el-cpeip-san-francisco-acoge-este-jueves-el-foro-de-barrio-del-casco-antiguo\/#primaryimage"},"image":{"@id":"https:\/\/www.laguiadepamplona.com\/actualidad\/el-cpeip-san-francisco-acoge-este-jueves-el-foro-de-barrio-del-casco-antiguo\/#primaryimage"},"thumbnailUrl":"https:\/\/www.laguiadepamplona.com\/actualidad\/wp-content\/uploads\/2025\/03\/paseocascoviejoforodebarrio3.webp","datePublished":"2025-03-19T12:31:57+00:00","description":"La ciudadan\u00eda puede presentar propuestas y sugerencias para el pr\u00f3ximo foro, del barrio de Ermitaga\u00f1a-Mendebaldea, que se celebrar\u00e1 el jueves 27","breadcrumb":{"@id":"https:\/\/www.laguiadepamplona.com\/actualidad\/el-cpeip-san-francisco-acoge-este-jueves-el-foro-de-barrio-del-casco-antiguo\/#breadcrumb"},"inLanguage":"es","potentialAction":[{"@type":"ReadAction","target":["https:\/\/www.laguiadepamplona.com\/actualidad\/el-cpeip-san-francisco-acoge-este-jueves-el-foro-de-barrio-del-casco-antiguo\/"]}]},{"@type":"ImageObject","inLanguage":"es","@id":"https:\/\/www.laguiadepamplona.com\/actualidad\/el-cpeip-san-francisco-acoge-este-jueves-el-foro-de-barrio-del-casco-antiguo\/#primaryimage","url":"https:\/\/www.laguiadepamplona.com\/actualidad\/wp-content\/uploads\/2025\/03\/paseocascoviejoforodebarrio3.webp","contentUrl":"https:\/\/www.laguiadepamplona.com\/actualidad\/wp-content\/uploads\/2025\/03\/paseocascoviejoforodebarrio3.webp","width":1000,"height":666,"caption":"paseo casco viejo foro de barrio"},{"@type":"BreadcrumbList","@id":"https:\/\/www.laguiadepamplona.com\/actualidad\/el-cpeip-san-francisco-acoge-este-jueves-el-foro-de-barrio-del-casco-antiguo\/#breadcrumb","itemListElement":[{"@type":"ListItem","position":1,"name":"Portada","item":"https:\/\/www.laguiadepamplona.com\/actualidad\/"},{"@type":"ListItem","position":2,"name":"El CPEIP San Francisco acoge este jueves el Foro de Barrio del Casco Antiguo"}]},{"@type":"WebSite","@id":"https:\/\/www.laguiadepamplona.com\/actualidad\/#website","url":"https:\/\/www.laguiadepamplona.com\/actualidad\/","name":"La gu\u00eda de Pamplona","description":"Noticias de Pamplona","publisher":{"@id":"https:\/\/www.laguiadepamplona.com\/actualidad\/#organization"},"potentialAction":[{"@type":"SearchAction","target":{"@type":"EntryPoint","urlTemplate":"https:\/\/www.laguiadepamplona.com\/actualidad\/?s={search_term_string}"},"query-input":{"@type":"PropertyValueSpecification","valueRequired":true,"valueName":"search_term_string"}}],"inLanguage":"es"},{"@type":"Organization","@id":"https:\/\/www.laguiadepamplona.com\/actualidad\/#organization","name":"La Gu\u00eda de Pamplona \/ Noticias","url":"https:\/\/www.laguiadepamplona.com\/actualidad\/","logo":{"@type":"ImageObject","inLanguage":"es","@id":"https:\/\/www.laguiadepamplona.com\/actualidad\/#\/schema\/logo\/image\/","url":"https:\/\/www.laguiadepamplona.com\/actualidad\/wp-content\/uploads\/2018\/11\/logo-laguiadepamplona18-web1.png","contentUrl":"https:\/\/www.laguiadepamplona.com\/actualidad\/wp-content\/uploads\/2018\/11\/logo-laguiadepamplona18-web1.png","width":600,"height":196,"caption":"La Gu\u00eda de Pamplona \/ Noticias"},"image":{"@id":"https:\/\/www.laguiadepamplona.com\/actualidad\/#\/schema\/logo\/image\/"},"sameAs":["https:\/\/www.facebook.com\/laguiadepamplonacom-133175176762273\/?ref=hl","https:\/\/x.com\/LaGuiadPamplona","https:\/\/www.instagram.com\/la_guia_de_pamplona\/","https:\/\/www.youtube.com\/user\/laguiadepamplona"]},{"@type":"Person","@id":"https:\/\/www.laguiadepamplona.com\/actualidad\/#\/schema\/person\/efe887376f0213d4657c93adc50b1fdb","name":"La Gu\u00eda de Pamplona","image":{"@type":"ImageObject","inLanguage":"es","@id":"https:\/\/secure.gravatar.com\/avatar\/b6992f131dc8d30ab0dff15446e9d346d9dbd95992de0fef795073f5ea83a81c?s=96&d=mm&r=g","url":"https:\/\/secure.gravatar.com\/avatar\/b6992f131dc8d30ab0dff15446e9d346d9dbd95992de0fef795073f5ea83a81c?s=96&d=mm&r=g","contentUrl":"https:\/\/secure.gravatar.com\/avatar\/b6992f131dc8d30ab0dff15446e9d346d9dbd95992de0fef795073f5ea83a81c?s=96&d=mm&r=g","caption":"La Gu\u00eda de Pamplona"}}]}},"post_mailing_queue_ids":[],"_links":{"self":[{"href":"https:\/\/www.laguiadepamplona.com\/actualidad\/wp-json\/wp\/v2\/posts\/52423","targetHints":{"allow":["GET"]}}],"collection":[{"href":"https:\/\/www.laguiadepamplona.com\/actualidad\/wp-json\/wp\/v2\/posts"}],"about":[{"href":"https:\/\/www.laguiadepamplona.com\/actualidad\/wp-json\/wp\/v2\/types\/post"}],"author":[{"embeddable":true,"href":"https:\/\/www.laguiadepamplona.com\/actualidad\/wp-json\/wp\/v2\/users\/1"}],"replies":[{"embeddable":true,"href":"https:\/\/www.laguiadepamplona.com\/actualidad\/wp-json\/wp\/v2\/comments?post=52423"}],"version-history":[{"count":1,"href":"https:\/\/www.laguiadepamplona.com\/actualidad\/wp-json\/wp\/v2\/posts\/52423\/revisions"}],"predecessor-version":[{"id":52425,"href":"https:\/\/www.laguiadepamplona.com\/actualidad\/wp-json\/wp\/v2\/posts\/52423\/revisions\/52425"}],"wp:featuredmedia":[{"embeddable":true,"href":"https:\/\/www.laguiadepamplona.com\/actualidad\/wp-json\/wp\/v2\/media\/52424"}],"wp:attachment":[{"href":"https:\/\/www.laguiadepamplona.com\/actualidad\/wp-json\/wp\/v2\/media?parent=52423"}],"wp:term":[{"taxonomy":"category","embeddable":true,"href":"https:\/\/www.laguiadepamplona.com\/actualidad\/wp-json\/wp\/v2\/categories?post=52423"},{"taxonomy":"post_tag","embeddable":true,"href":"https:\/\/www.laguiadepamplona.com\/actualidad\/wp-json\/wp\/v2\/tags?post=52423"}],"curies":[{"name":"wp","href":"https:\/\/api.w.org\/{rel}","templated":true}]}}