{"id":5242,"date":"2015-03-23T15:26:00","date_gmt":"2015-03-23T13:26:00","guid":{"rendered":"http:\/\/laguiadepamplona.com\/actualidad\/?p=5242"},"modified":"2015-03-23T15:26:00","modified_gmt":"2015-03-23T13:26:00","slug":"la-deforestacion-de-la-selva-indonesia-y-su-impacto-severo-en-el-habitat-del-orangutan-la-propuesta-para-este-martes-del-museo-de-educacion-ambiental","status":"publish","type":"post","link":"https:\/\/www.laguiadepamplona.com\/actualidad\/la-deforestacion-de-la-selva-indonesia-y-su-impacto-severo-en-el-habitat-del-orangutan-la-propuesta-para-este-martes-del-museo-de-educacion-ambiental\/","title":{"rendered":"La deforestaci\u00f3n de la selva indonesia y su impacto severo en el h\u00e1bitat del orangut\u00e1n, la propuesta para este martes del Museo de Educaci\u00f3n Ambiental"},"content":{"rendered":"<h4>El mediometraje documental \u2018Green\u2019 se proyectar\u00e1 en dos sesiones<\/h4>\n<p><a href=\"http:\/\/laguiadepamplona.com\/actualidad\/wp-content\/uploads\/2015\/03\/documental_green.jpg\"><img loading=\"lazy\" decoding=\"async\" class=\"alignleft size-medium wp-image-5243\" src=\"http:\/\/laguiadepamplona.com\/actualidad\/wp-content\/uploads\/2015\/03\/documental_green-212x300.jpg\" alt=\"documental_green\" width=\"212\" height=\"300\" \/><\/a>Este pr\u00f3ximo martes el Museo de Educaci\u00f3n Ambiental del Ayuntamiento de Pamplona proyectar\u00e1 el documental de naturaleza \u2018Green\u2019, una producci\u00f3n franco-indonesia dirigida por el realizador Patrick Rouxel que cuenta la historia de un orangut\u00e1n v\u00edctima de la deforestaci\u00f3n en Indonesia.<\/p>\n<p>Como todos los martes se realizar\u00e1n dos proyecciones que tendr\u00e1n lugar a las 11.30 y a las 18.30 horas y la entrada a ambas sesiones es libre. Los centros escolares pueden solicitar el pase de documentales de naturaleza en la fecha deseada a trav\u00e9s de un cat\u00e1logo de filmes y fichas t\u00e9cnicas que se pueden solicitar en el Museo de Educaci\u00f3n Ambiental (calle Errotazar s\/n, mail museoeducacionambiental@pamplona.es y tel\u00e9fono 948 14 98 04).<\/p>\n<p>Las cintas que se est\u00e1n proyectando desde finales de enero han sido premiadas en alguna de las ediciones del Festival Telenatura y se ofrecen al p\u00fablico como oportunidad para dar a conocer una amplia variedad de temas ambientales con algunos de los grandes problemas a los que se enfrenta el planeta, dentro de la funci\u00f3n de sensibilizaci\u00f3n divulgaci\u00f3n que realiza este centro.<\/p>\n<p>El martes 31 de marzo, poniendo fin a la programaci\u00f3n del mes, el museo tiene prevista la exhibici\u00f3n de \u2018Invasores\u2019, un documental coproducido por TVE y Avatar, dirigido por Luis Miguel Dom\u00ednguez cuyo argumento se centra en un serio problema, no por conocido, menos acuciante: los animales que entran en Espa\u00f1a a trav\u00e9s del comercio de fauna ex\u00f3tica. Es el primer documental espa\u00f1ol que analiza en profundidad este tema y se centra en los ecosistemas nacionales.<\/p>\n<p><strong>\u2018Green\u2019<\/strong><\/p>\n<p>Green\u2019 es un documental sobre la deforestaci\u00f3n del bosque tropical con un protagonista-afectado: el orangut\u00e1n de Indonesa. El mediometraje, filmado y editado \u00fanicamente con sonido ambiental dura 48 minutos y est\u00e1 firmado por el realizador Patrick Rouxel. Rouxel lleva desde 2003 rodando documentales que giran sobre la destrucci\u00f3n de la selva tropical.<\/p>\n<p><strong>El documental comienza con 12 minutos de metraje, de gran preciosismo, sobre la diversidad natural de las selvas a\u00fan intactas. A partir de ah\u00ed se interna en la explotaci\u00f3n de los recursos naturales por parte del hombre y el an\u00e1lisis los resultados que el capitalismo extremo est\u00e1n causando en los recursos del pa\u00eds. En concreto la situaci\u00f3n de los orangutanes en Indonesia es cr\u00edtica ya que su h\u00e1bitat est\u00e1 desapareciendo a gran velocidad, por incendios, tala ilegal y convertido en recursos para la producci\u00f3n y el comercio de aceite de palma.<\/strong><\/p>\n<p>Esta cinta fue galardonada con dos premios en la novena edici\u00f3n del festival Telenatura: el \u2018Ciudad de Pamplona\u2019 a la mejor pel\u00edcula, y el premio \u2018a los Valores conservacionistas\u2019. Hoy es de libre descarga en Internet y, adem\u00e1s de exhibirse en varios canales de televisi\u00f3n, se utiliza como herramienta educativa en escuelas y universidades.<\/p>\n<p><strong>Cine documental y de naturaleza en el museo<\/strong><\/p>\n<p><strong>Todos los martes hasta el 28 de abril<\/strong><\/p>\n<p><strong>Doble sesi\u00f3n: a las 11.30 y a las 18.30 horas. Entrada libre<\/strong><\/p>\n<p><strong>Museo de Educaci\u00f3n Ambiental<\/strong><\/p>\n<p><span style=\"text-decoration: underline;\">PEL\u00cdCULAS MARZO (Telenatura 2010)<\/span><\/p>\n<p><strong>Martes 24 de marzo<\/strong><\/p>\n<ul>\n<li>\u201cGreen\u201d (Francia\/ Indonesia, 48 minutos, s\u00f3lo sonido ambiental)<\/li>\n<li>Direcci\u00f3n: Patrick Rouxel. Premios Telenatura 2010 Ciudad de Pamplona y Valores conservativos<\/li>\n<\/ul>\n<p><strong>Martes 31 de marzo<\/strong><\/p>\n<ul>\n<li>\u201cInvasores\u201d<\/li>\n<li>Direcci\u00f3n: Luis Miguel Dom\u00ednguez (TVE) y Avatar. Castellano. Duraci\u00f3n: 58\u2019. Espa\u00f1a<\/li>\n<\/ul>\n<p>&nbsp;<\/p>\n","protected":false},"excerpt":{"rendered":"<p>El mediometraje documental \u2018Green\u2019 se proyectar\u00e1 en dos sesiones Este pr\u00f3ximo martes el Museo de Educaci\u00f3n Ambiental del Ayuntamiento de Pamplona proyectar\u00e1 el documental de naturaleza \u2018Green\u2019, una producci\u00f3n franco-indonesia&#8230;<\/p>\n","protected":false},"author":1,"featured_media":5243,"comment_status":"closed","ping_status":"open","sticky":false,"template":"","format":"standard","meta":{"footnotes":""},"categories":[2],"tags":[5,6,509,4675,4676,4677,4678,100,8,9,4679],"class_list":["post-5242","post","type-post","status-publish","format-standard","has-post-thumbnail","hentry","category-ayuntamiento-pamplona","tag-actualidad","tag-ayto-pamplona","tag-ayuntamiento-de-pamplona","tag-deforestacion-de-la-selva-indonesia","tag-green","tag-habitat-del-orangutan","tag-impacto-severo","tag-museo-de-educacion-ambiental","tag-noticias","tag-pamplona","tag-patrick-rouxel"],"yoast_head":"<!-- This site is optimized with the Yoast SEO plugin v27.5 - https:\/\/yoast.com\/product\/yoast-seo-wordpress\/ -->\n<title>La deforestaci\u00f3n de la selva indonesia y su impacto severo en el h\u00e1bitat del orangut\u00e1n, la propuesta para este martes del Museo de Educaci\u00f3n Ambiental<\/title>\n<meta name=\"robots\" content=\"index, follow, max-snippet:-1, max-image-preview:large, max-video-preview:-1\" \/>\n<link rel=\"canonical\" href=\"https:\/\/www.laguiadepamplona.com\/actualidad\/la-deforestacion-de-la-selva-indonesia-y-su-impacto-severo-en-el-habitat-del-orangutan-la-propuesta-para-este-martes-del-museo-de-educacion-ambiental\/\" \/>\n<meta property=\"og:locale\" content=\"es_ES\" \/>\n<meta property=\"og:type\" content=\"article\" \/>\n<meta property=\"og:title\" content=\"La deforestaci\u00f3n de la selva indonesia y su impacto severo en el h\u00e1bitat del orangut\u00e1n, la propuesta para este martes del Museo de Educaci\u00f3n Ambiental\" \/>\n<meta property=\"og:description\" content=\"El mediometraje documental \u2018Green\u2019 se proyectar\u00e1 en dos sesiones Este pr\u00f3ximo martes el Museo de Educaci\u00f3n Ambiental del Ayuntamiento de Pamplona proyectar\u00e1 el documental de naturaleza \u2018Green\u2019, una producci\u00f3n franco-indonesia...\" \/>\n<meta property=\"og:url\" content=\"https:\/\/www.laguiadepamplona.com\/actualidad\/la-deforestacion-de-la-selva-indonesia-y-su-impacto-severo-en-el-habitat-del-orangutan-la-propuesta-para-este-martes-del-museo-de-educacion-ambiental\/\" \/>\n<meta property=\"og:site_name\" content=\"La Gu\u00eda de Pamplona\" \/>\n<meta property=\"article:publisher\" content=\"https:\/\/www.facebook.com\/laguiadepamplonacom-133175176762273\/?ref=hl\" \/>\n<meta property=\"article:published_time\" content=\"2015-03-23T13:26:00+00:00\" \/>\n<meta name=\"author\" content=\"La Gu\u00eda de Pamplona\" \/>\n<meta name=\"twitter:card\" content=\"summary_large_image\" \/>\n<meta name=\"twitter:creator\" content=\"@LaGuiadPamplona\" \/>\n<meta name=\"twitter:site\" content=\"@LaGuiadPamplona\" \/>\n<meta name=\"twitter:label1\" content=\"Escrito por\" \/>\n\t<meta name=\"twitter:data1\" content=\"La Gu\u00eda de Pamplona\" \/>\n\t<meta name=\"twitter:label2\" content=\"Tiempo de lectura\" \/>\n\t<meta name=\"twitter:data2\" content=\"3 minutos\" \/>\n<script type=\"application\/ld+json\" class=\"yoast-schema-graph\">{\"@context\":\"https:\\\/\\\/schema.org\",\"@graph\":[{\"@type\":\"Article\",\"@id\":\"https:\\\/\\\/www.laguiadepamplona.com\\\/actualidad\\\/la-deforestacion-de-la-selva-indonesia-y-su-impacto-severo-en-el-habitat-del-orangutan-la-propuesta-para-este-martes-del-museo-de-educacion-ambiental\\\/#article\",\"isPartOf\":{\"@id\":\"https:\\\/\\\/www.laguiadepamplona.com\\\/actualidad\\\/la-deforestacion-de-la-selva-indonesia-y-su-impacto-severo-en-el-habitat-del-orangutan-la-propuesta-para-este-martes-del-museo-de-educacion-ambiental\\\/\"},\"author\":{\"name\":\"La Gu\u00eda de Pamplona\",\"@id\":\"https:\\\/\\\/www.laguiadepamplona.com\\\/actualidad\\\/#\\\/schema\\\/person\\\/efe887376f0213d4657c93adc50b1fdb\"},\"headline\":\"La deforestaci\u00f3n de la selva indonesia y su impacto severo en el h\u00e1bitat del orangut\u00e1n, la propuesta para este martes del Museo de Educaci\u00f3n Ambiental\",\"datePublished\":\"2015-03-23T13:26:00+00:00\",\"mainEntityOfPage\":{\"@id\":\"https:\\\/\\\/www.laguiadepamplona.com\\\/actualidad\\\/la-deforestacion-de-la-selva-indonesia-y-su-impacto-severo-en-el-habitat-del-orangutan-la-propuesta-para-este-martes-del-museo-de-educacion-ambiental\\\/\"},\"wordCount\":598,\"publisher\":{\"@id\":\"https:\\\/\\\/www.laguiadepamplona.com\\\/actualidad\\\/#organization\"},\"image\":{\"@id\":\"https:\\\/\\\/www.laguiadepamplona.com\\\/actualidad\\\/la-deforestacion-de-la-selva-indonesia-y-su-impacto-severo-en-el-habitat-del-orangutan-la-propuesta-para-este-martes-del-museo-de-educacion-ambiental\\\/#primaryimage\"},\"thumbnailUrl\":\"\",\"keywords\":[\"actualidad\",\"ayto pamplona\",\"Ayuntamiento de Pamplona\",\"deforestaci\u00f3n de la selva indonesia\",\"green\",\"h\u00e1bitat del orangut\u00e1n\",\"impacto severo\",\"Museo de Educaci\u00f3n Ambiental\",\"noticias\",\"pamplona\",\"Patrick Rouxel\"],\"articleSection\":[\"Ayto Pamplona\"],\"inLanguage\":\"es\"},{\"@type\":\"WebPage\",\"@id\":\"https:\\\/\\\/www.laguiadepamplona.com\\\/actualidad\\\/la-deforestacion-de-la-selva-indonesia-y-su-impacto-severo-en-el-habitat-del-orangutan-la-propuesta-para-este-martes-del-museo-de-educacion-ambiental\\\/\",\"url\":\"https:\\\/\\\/www.laguiadepamplona.com\\\/actualidad\\\/la-deforestacion-de-la-selva-indonesia-y-su-impacto-severo-en-el-habitat-del-orangutan-la-propuesta-para-este-martes-del-museo-de-educacion-ambiental\\\/\",\"name\":\"La deforestaci\u00f3n de la selva indonesia y su impacto severo en el h\u00e1bitat del orangut\u00e1n, la propuesta para este martes del Museo de Educaci\u00f3n Ambiental\",\"isPartOf\":{\"@id\":\"https:\\\/\\\/www.laguiadepamplona.com\\\/actualidad\\\/#website\"},\"primaryImageOfPage\":{\"@id\":\"https:\\\/\\\/www.laguiadepamplona.com\\\/actualidad\\\/la-deforestacion-de-la-selva-indonesia-y-su-impacto-severo-en-el-habitat-del-orangutan-la-propuesta-para-este-martes-del-museo-de-educacion-ambiental\\\/#primaryimage\"},\"image\":{\"@id\":\"https:\\\/\\\/www.laguiadepamplona.com\\\/actualidad\\\/la-deforestacion-de-la-selva-indonesia-y-su-impacto-severo-en-el-habitat-del-orangutan-la-propuesta-para-este-martes-del-museo-de-educacion-ambiental\\\/#primaryimage\"},\"thumbnailUrl\":\"\",\"datePublished\":\"2015-03-23T13:26:00+00:00\",\"breadcrumb\":{\"@id\":\"https:\\\/\\\/www.laguiadepamplona.com\\\/actualidad\\\/la-deforestacion-de-la-selva-indonesia-y-su-impacto-severo-en-el-habitat-del-orangutan-la-propuesta-para-este-martes-del-museo-de-educacion-ambiental\\\/#breadcrumb\"},\"inLanguage\":\"es\",\"potentialAction\":[{\"@type\":\"ReadAction\",\"target\":[\"https:\\\/\\\/www.laguiadepamplona.com\\\/actualidad\\\/la-deforestacion-de-la-selva-indonesia-y-su-impacto-severo-en-el-habitat-del-orangutan-la-propuesta-para-este-martes-del-museo-de-educacion-ambiental\\\/\"]}]},{\"@type\":\"ImageObject\",\"inLanguage\":\"es\",\"@id\":\"https:\\\/\\\/www.laguiadepamplona.com\\\/actualidad\\\/la-deforestacion-de-la-selva-indonesia-y-su-impacto-severo-en-el-habitat-del-orangutan-la-propuesta-para-este-martes-del-museo-de-educacion-ambiental\\\/#primaryimage\",\"url\":\"\",\"contentUrl\":\"\"},{\"@type\":\"BreadcrumbList\",\"@id\":\"https:\\\/\\\/www.laguiadepamplona.com\\\/actualidad\\\/la-deforestacion-de-la-selva-indonesia-y-su-impacto-severo-en-el-habitat-del-orangutan-la-propuesta-para-este-martes-del-museo-de-educacion-ambiental\\\/#breadcrumb\",\"itemListElement\":[{\"@type\":\"ListItem\",\"position\":1,\"name\":\"Portada\",\"item\":\"https:\\\/\\\/www.laguiadepamplona.com\\\/actualidad\\\/\"},{\"@type\":\"ListItem\",\"position\":2,\"name\":\"La deforestaci\u00f3n de la selva indonesia y su impacto severo en el h\u00e1bitat del orangut\u00e1n, la propuesta para este martes del Museo de Educaci\u00f3n Ambiental\"}]},{\"@type\":\"WebSite\",\"@id\":\"https:\\\/\\\/www.laguiadepamplona.com\\\/actualidad\\\/#website\",\"url\":\"https:\\\/\\\/www.laguiadepamplona.com\\\/actualidad\\\/\",\"name\":\"La gu\u00eda de Pamplona\",\"description\":\"Noticias de Pamplona\",\"publisher\":{\"@id\":\"https:\\\/\\\/www.laguiadepamplona.com\\\/actualidad\\\/#organization\"},\"potentialAction\":[{\"@type\":\"SearchAction\",\"target\":{\"@type\":\"EntryPoint\",\"urlTemplate\":\"https:\\\/\\\/www.laguiadepamplona.com\\\/actualidad\\\/?s={search_term_string}\"},\"query-input\":{\"@type\":\"PropertyValueSpecification\",\"valueRequired\":true,\"valueName\":\"search_term_string\"}}],\"inLanguage\":\"es\"},{\"@type\":\"Organization\",\"@id\":\"https:\\\/\\\/www.laguiadepamplona.com\\\/actualidad\\\/#organization\",\"name\":\"La Gu\u00eda de Pamplona \\\/ Noticias\",\"url\":\"https:\\\/\\\/www.laguiadepamplona.com\\\/actualidad\\\/\",\"logo\":{\"@type\":\"ImageObject\",\"inLanguage\":\"es\",\"@id\":\"https:\\\/\\\/www.laguiadepamplona.com\\\/actualidad\\\/#\\\/schema\\\/logo\\\/image\\\/\",\"url\":\"https:\\\/\\\/www.laguiadepamplona.com\\\/actualidad\\\/wp-content\\\/uploads\\\/2018\\\/11\\\/logo-laguiadepamplona18-web1.png\",\"contentUrl\":\"https:\\\/\\\/www.laguiadepamplona.com\\\/actualidad\\\/wp-content\\\/uploads\\\/2018\\\/11\\\/logo-laguiadepamplona18-web1.png\",\"width\":600,\"height\":196,\"caption\":\"La Gu\u00eda de Pamplona \\\/ Noticias\"},\"image\":{\"@id\":\"https:\\\/\\\/www.laguiadepamplona.com\\\/actualidad\\\/#\\\/schema\\\/logo\\\/image\\\/\"},\"sameAs\":[\"https:\\\/\\\/www.facebook.com\\\/laguiadepamplonacom-133175176762273\\\/?ref=hl\",\"https:\\\/\\\/x.com\\\/LaGuiadPamplona\",\"https:\\\/\\\/www.instagram.com\\\/la_guia_de_pamplona\\\/\",\"https:\\\/\\\/www.youtube.com\\\/user\\\/laguiadepamplona\"]},{\"@type\":\"Person\",\"@id\":\"https:\\\/\\\/www.laguiadepamplona.com\\\/actualidad\\\/#\\\/schema\\\/person\\\/efe887376f0213d4657c93adc50b1fdb\",\"name\":\"La Gu\u00eda de Pamplona\",\"image\":{\"@type\":\"ImageObject\",\"inLanguage\":\"es\",\"@id\":\"https:\\\/\\\/secure.gravatar.com\\\/avatar\\\/b6992f131dc8d30ab0dff15446e9d346d9dbd95992de0fef795073f5ea83a81c?s=96&d=mm&r=g\",\"url\":\"https:\\\/\\\/secure.gravatar.com\\\/avatar\\\/b6992f131dc8d30ab0dff15446e9d346d9dbd95992de0fef795073f5ea83a81c?s=96&d=mm&r=g\",\"contentUrl\":\"https:\\\/\\\/secure.gravatar.com\\\/avatar\\\/b6992f131dc8d30ab0dff15446e9d346d9dbd95992de0fef795073f5ea83a81c?s=96&d=mm&r=g\",\"caption\":\"La Gu\u00eda de Pamplona\"}}]}<\/script>\n<!-- \/ Yoast SEO plugin. -->","yoast_head_json":{"title":"La deforestaci\u00f3n de la selva indonesia y su impacto severo en el h\u00e1bitat del orangut\u00e1n, la propuesta para este martes del Museo de Educaci\u00f3n Ambiental","robots":{"index":"index","follow":"follow","max-snippet":"max-snippet:-1","max-image-preview":"max-image-preview:large","max-video-preview":"max-video-preview:-1"},"canonical":"https:\/\/www.laguiadepamplona.com\/actualidad\/la-deforestacion-de-la-selva-indonesia-y-su-impacto-severo-en-el-habitat-del-orangutan-la-propuesta-para-este-martes-del-museo-de-educacion-ambiental\/","og_locale":"es_ES","og_type":"article","og_title":"La deforestaci\u00f3n de la selva indonesia y su impacto severo en el h\u00e1bitat del orangut\u00e1n, la propuesta para este martes del Museo de Educaci\u00f3n Ambiental","og_description":"El mediometraje documental \u2018Green\u2019 se proyectar\u00e1 en dos sesiones Este pr\u00f3ximo martes el Museo de Educaci\u00f3n Ambiental del Ayuntamiento de Pamplona proyectar\u00e1 el documental de naturaleza \u2018Green\u2019, una producci\u00f3n franco-indonesia...","og_url":"https:\/\/www.laguiadepamplona.com\/actualidad\/la-deforestacion-de-la-selva-indonesia-y-su-impacto-severo-en-el-habitat-del-orangutan-la-propuesta-para-este-martes-del-museo-de-educacion-ambiental\/","og_site_name":"La Gu\u00eda de Pamplona","article_publisher":"https:\/\/www.facebook.com\/laguiadepamplonacom-133175176762273\/?ref=hl","article_published_time":"2015-03-23T13:26:00+00:00","author":"La Gu\u00eda de Pamplona","twitter_card":"summary_large_image","twitter_creator":"@LaGuiadPamplona","twitter_site":"@LaGuiadPamplona","twitter_misc":{"Escrito por":"La Gu\u00eda de Pamplona","Tiempo de lectura":"3 minutos"},"schema":{"@context":"https:\/\/schema.org","@graph":[{"@type":"Article","@id":"https:\/\/www.laguiadepamplona.com\/actualidad\/la-deforestacion-de-la-selva-indonesia-y-su-impacto-severo-en-el-habitat-del-orangutan-la-propuesta-para-este-martes-del-museo-de-educacion-ambiental\/#article","isPartOf":{"@id":"https:\/\/www.laguiadepamplona.com\/actualidad\/la-deforestacion-de-la-selva-indonesia-y-su-impacto-severo-en-el-habitat-del-orangutan-la-propuesta-para-este-martes-del-museo-de-educacion-ambiental\/"},"author":{"name":"La Gu\u00eda de Pamplona","@id":"https:\/\/www.laguiadepamplona.com\/actualidad\/#\/schema\/person\/efe887376f0213d4657c93adc50b1fdb"},"headline":"La deforestaci\u00f3n de la selva indonesia y su impacto severo en el h\u00e1bitat del orangut\u00e1n, la propuesta para este martes del Museo de Educaci\u00f3n Ambiental","datePublished":"2015-03-23T13:26:00+00:00","mainEntityOfPage":{"@id":"https:\/\/www.laguiadepamplona.com\/actualidad\/la-deforestacion-de-la-selva-indonesia-y-su-impacto-severo-en-el-habitat-del-orangutan-la-propuesta-para-este-martes-del-museo-de-educacion-ambiental\/"},"wordCount":598,"publisher":{"@id":"https:\/\/www.laguiadepamplona.com\/actualidad\/#organization"},"image":{"@id":"https:\/\/www.laguiadepamplona.com\/actualidad\/la-deforestacion-de-la-selva-indonesia-y-su-impacto-severo-en-el-habitat-del-orangutan-la-propuesta-para-este-martes-del-museo-de-educacion-ambiental\/#primaryimage"},"thumbnailUrl":"","keywords":["actualidad","ayto pamplona","Ayuntamiento de Pamplona","deforestaci\u00f3n de la selva indonesia","green","h\u00e1bitat del orangut\u00e1n","impacto severo","Museo de Educaci\u00f3n Ambiental","noticias","pamplona","Patrick Rouxel"],"articleSection":["Ayto Pamplona"],"inLanguage":"es"},{"@type":"WebPage","@id":"https:\/\/www.laguiadepamplona.com\/actualidad\/la-deforestacion-de-la-selva-indonesia-y-su-impacto-severo-en-el-habitat-del-orangutan-la-propuesta-para-este-martes-del-museo-de-educacion-ambiental\/","url":"https:\/\/www.laguiadepamplona.com\/actualidad\/la-deforestacion-de-la-selva-indonesia-y-su-impacto-severo-en-el-habitat-del-orangutan-la-propuesta-para-este-martes-del-museo-de-educacion-ambiental\/","name":"La deforestaci\u00f3n de la selva indonesia y su impacto severo en el h\u00e1bitat del orangut\u00e1n, la propuesta para este martes del Museo de Educaci\u00f3n Ambiental","isPartOf":{"@id":"https:\/\/www.laguiadepamplona.com\/actualidad\/#website"},"primaryImageOfPage":{"@id":"https:\/\/www.laguiadepamplona.com\/actualidad\/la-deforestacion-de-la-selva-indonesia-y-su-impacto-severo-en-el-habitat-del-orangutan-la-propuesta-para-este-martes-del-museo-de-educacion-ambiental\/#primaryimage"},"image":{"@id":"https:\/\/www.laguiadepamplona.com\/actualidad\/la-deforestacion-de-la-selva-indonesia-y-su-impacto-severo-en-el-habitat-del-orangutan-la-propuesta-para-este-martes-del-museo-de-educacion-ambiental\/#primaryimage"},"thumbnailUrl":"","datePublished":"2015-03-23T13:26:00+00:00","breadcrumb":{"@id":"https:\/\/www.laguiadepamplona.com\/actualidad\/la-deforestacion-de-la-selva-indonesia-y-su-impacto-severo-en-el-habitat-del-orangutan-la-propuesta-para-este-martes-del-museo-de-educacion-ambiental\/#breadcrumb"},"inLanguage":"es","potentialAction":[{"@type":"ReadAction","target":["https:\/\/www.laguiadepamplona.com\/actualidad\/la-deforestacion-de-la-selva-indonesia-y-su-impacto-severo-en-el-habitat-del-orangutan-la-propuesta-para-este-martes-del-museo-de-educacion-ambiental\/"]}]},{"@type":"ImageObject","inLanguage":"es","@id":"https:\/\/www.laguiadepamplona.com\/actualidad\/la-deforestacion-de-la-selva-indonesia-y-su-impacto-severo-en-el-habitat-del-orangutan-la-propuesta-para-este-martes-del-museo-de-educacion-ambiental\/#primaryimage","url":"","contentUrl":""},{"@type":"BreadcrumbList","@id":"https:\/\/www.laguiadepamplona.com\/actualidad\/la-deforestacion-de-la-selva-indonesia-y-su-impacto-severo-en-el-habitat-del-orangutan-la-propuesta-para-este-martes-del-museo-de-educacion-ambiental\/#breadcrumb","itemListElement":[{"@type":"ListItem","position":1,"name":"Portada","item":"https:\/\/www.laguiadepamplona.com\/actualidad\/"},{"@type":"ListItem","position":2,"name":"La deforestaci\u00f3n de la selva indonesia y su impacto severo en el h\u00e1bitat del orangut\u00e1n, la propuesta para este martes del Museo de Educaci\u00f3n Ambiental"}]},{"@type":"WebSite","@id":"https:\/\/www.laguiadepamplona.com\/actualidad\/#website","url":"https:\/\/www.laguiadepamplona.com\/actualidad\/","name":"La gu\u00eda de Pamplona","description":"Noticias de Pamplona","publisher":{"@id":"https:\/\/www.laguiadepamplona.com\/actualidad\/#organization"},"potentialAction":[{"@type":"SearchAction","target":{"@type":"EntryPoint","urlTemplate":"https:\/\/www.laguiadepamplona.com\/actualidad\/?s={search_term_string}"},"query-input":{"@type":"PropertyValueSpecification","valueRequired":true,"valueName":"search_term_string"}}],"inLanguage":"es"},{"@type":"Organization","@id":"https:\/\/www.laguiadepamplona.com\/actualidad\/#organization","name":"La Gu\u00eda de Pamplona \/ Noticias","url":"https:\/\/www.laguiadepamplona.com\/actualidad\/","logo":{"@type":"ImageObject","inLanguage":"es","@id":"https:\/\/www.laguiadepamplona.com\/actualidad\/#\/schema\/logo\/image\/","url":"https:\/\/www.laguiadepamplona.com\/actualidad\/wp-content\/uploads\/2018\/11\/logo-laguiadepamplona18-web1.png","contentUrl":"https:\/\/www.laguiadepamplona.com\/actualidad\/wp-content\/uploads\/2018\/11\/logo-laguiadepamplona18-web1.png","width":600,"height":196,"caption":"La Gu\u00eda de Pamplona \/ Noticias"},"image":{"@id":"https:\/\/www.laguiadepamplona.com\/actualidad\/#\/schema\/logo\/image\/"},"sameAs":["https:\/\/www.facebook.com\/laguiadepamplonacom-133175176762273\/?ref=hl","https:\/\/x.com\/LaGuiadPamplona","https:\/\/www.instagram.com\/la_guia_de_pamplona\/","https:\/\/www.youtube.com\/user\/laguiadepamplona"]},{"@type":"Person","@id":"https:\/\/www.laguiadepamplona.com\/actualidad\/#\/schema\/person\/efe887376f0213d4657c93adc50b1fdb","name":"La Gu\u00eda de Pamplona","image":{"@type":"ImageObject","inLanguage":"es","@id":"https:\/\/secure.gravatar.com\/avatar\/b6992f131dc8d30ab0dff15446e9d346d9dbd95992de0fef795073f5ea83a81c?s=96&d=mm&r=g","url":"https:\/\/secure.gravatar.com\/avatar\/b6992f131dc8d30ab0dff15446e9d346d9dbd95992de0fef795073f5ea83a81c?s=96&d=mm&r=g","contentUrl":"https:\/\/secure.gravatar.com\/avatar\/b6992f131dc8d30ab0dff15446e9d346d9dbd95992de0fef795073f5ea83a81c?s=96&d=mm&r=g","caption":"La Gu\u00eda de Pamplona"}}]}},"post_mailing_queue_ids":[],"_links":{"self":[{"href":"https:\/\/www.laguiadepamplona.com\/actualidad\/wp-json\/wp\/v2\/posts\/5242","targetHints":{"allow":["GET"]}}],"collection":[{"href":"https:\/\/www.laguiadepamplona.com\/actualidad\/wp-json\/wp\/v2\/posts"}],"about":[{"href":"https:\/\/www.laguiadepamplona.com\/actualidad\/wp-json\/wp\/v2\/types\/post"}],"author":[{"embeddable":true,"href":"https:\/\/www.laguiadepamplona.com\/actualidad\/wp-json\/wp\/v2\/users\/1"}],"replies":[{"embeddable":true,"href":"https:\/\/www.laguiadepamplona.com\/actualidad\/wp-json\/wp\/v2\/comments?post=5242"}],"version-history":[{"count":0,"href":"https:\/\/www.laguiadepamplona.com\/actualidad\/wp-json\/wp\/v2\/posts\/5242\/revisions"}],"wp:featuredmedia":[{"embeddable":true,"href":"https:\/\/www.laguiadepamplona.com\/actualidad\/wp-json\/"}],"wp:attachment":[{"href":"https:\/\/www.laguiadepamplona.com\/actualidad\/wp-json\/wp\/v2\/media?parent=5242"}],"wp:term":[{"taxonomy":"category","embeddable":true,"href":"https:\/\/www.laguiadepamplona.com\/actualidad\/wp-json\/wp\/v2\/categories?post=5242"},{"taxonomy":"post_tag","embeddable":true,"href":"https:\/\/www.laguiadepamplona.com\/actualidad\/wp-json\/wp\/v2\/tags?post=5242"}],"curies":[{"name":"wp","href":"https:\/\/api.w.org\/{rel}","templated":true}]}}