{"id":52417,"date":"2025-03-18T14:46:44","date_gmt":"2025-03-18T12:46:44","guid":{"rendered":"https:\/\/www.laguiadepamplona.com\/actualidad\/?p=52417"},"modified":"2025-03-18T14:46:44","modified_gmt":"2025-03-18T12:46:44","slug":"el-ayuntamiento-de-pamplona-saca-a-subasta-publica-las-tres-parcelas-que-rodean-la-plaza-maravillas-lamberto-en-lezkairu-por-299-millones-de-euros","status":"publish","type":"post","link":"https:\/\/www.laguiadepamplona.com\/actualidad\/el-ayuntamiento-de-pamplona-saca-a-subasta-publica-las-tres-parcelas-que-rodean-la-plaza-maravillas-lamberto-en-lezkairu-por-299-millones-de-euros\/","title":{"rendered":"El Ayuntamiento de Pamplona saca a subasta p\u00fablica las tres parcelas que rodean la plaza Maravillas Lamberto, en Lezkairu, por 29,9 millones de euros"},"content":{"rendered":"<h2>La operaci\u00f3n permitir\u00e1 saldar la deuda de 20 millones que arrastra Gerencia de Urbanismo desde 2009, a la vez que posibilita la promoci\u00f3n de al menos 50 viviendas protegidas entre las m\u00e1s de 300 proyectadas<\/h2>\n<p><!--more--><\/p>\n<p>La Gerencia de Urbanismo del Ayuntamiento de Pamplona, propietaria de las tres parcelas que rodean la plaza Maravillas Lamberto, en el barrio de Lezkairu, las va a sacar a subasta p\u00fablica, por 29,9 millones de euros. El Consejo de Gerencia de Urbanismo debatir\u00e1 en su sesi\u00f3n de ma\u00f1ana esta medida, que supone compensar la operaci\u00f3n contable an\u00f3mala realizada en el a\u00f1o 2009, cuando la Gerencia compr\u00f3 al propio Consistorio dichas parcelas por importe de 20,2 millones de euros. De aquella operaci\u00f3n, a d\u00eda de hoy, la Gerencia arrastra una deuda de m\u00e1s de 14 millones de euros.<\/p>\n<p>La Gerencia de Urbanismo es propietaria del 100% de las parcelas L23-1, L23-2 y L23-3, procedentes de la reparcelaci\u00f3n del \u00e1rea de reparto ARS-3 de Lezkairu. La base de licitaci\u00f3n es de 12.207.608 euros, 13.516.413 euros y 4.259.777 euros, respectivamente. Estas parcelas deber\u00e1n destinarse a la promoci\u00f3n de vivienda de protecci\u00f3n oficial en r\u00e9gimen de compraventa en la primera planta y a vivienda colectiva libre en el resto de las plantas. En total, se prev\u00e9 la promoci\u00f3n de m\u00e1s de 300 viviendas.<\/p>\n<p>Para que las viviendas en la primera planta sean protegidas, las adjudicatarias deber\u00e1n tramitar una modificaci\u00f3n urban\u00edstica que sustituya el uso terciario en planta primera que contempla el planeamiento vigente, de forma que se pueden crear hasta 50 nuevas viviendas. Se deber\u00e1n cambiar las alineaciones de planta primera para que sean similares al resto de plantas de uso residencial. Adem\u00e1s, consolidar\u00e1n el uso terciario de los locales en planta baja, que no podr\u00e1n ser transformados en vivienda.<\/p>\n<p>El Ayuntamiento\u00a0desarroll\u00f3 un proceso participativo para promover un Plan Especial de Actuaci\u00f3n Urbana (PEAU) para regular, entre otros, los usos en las edificaciones, incrementar la edificabilidad para poder promover vivienda protegida para j\u00f3venes, y el uso terciario de los bajos. A consecuencia de las sesiones participativas y las sugerencias recibidas, ha desistido de la tramitaci\u00f3n de ese PEAU y completar\u00e1 la zona siguiendo el Plan Parcial vigente.<\/p>\n","protected":false},"excerpt":{"rendered":"<p>La operaci\u00f3n permitir\u00e1 saldar la deuda de 20 millones que arrastra Gerencia de Urbanismo desde 2009, a la vez que posibilita la promoci\u00f3n de al menos 50 viviendas protegidas entre&#8230;<\/p>\n","protected":false},"author":1,"featured_media":52418,"comment_status":"open","ping_status":"closed","sticky":false,"template":"","format":"standard","meta":{"footnotes":""},"categories":[2],"tags":[],"class_list":["post-52417","post","type-post","status-publish","format-standard","has-post-thumbnail","hentry","category-ayuntamiento-pamplona"],"yoast_head":"<!-- This site is optimized with the Yoast SEO plugin v27.3 - https:\/\/yoast.com\/product\/yoast-seo-wordpress\/ -->\n<title>El Ayuntamiento de Pamplona saca a subasta p\u00fablica las tres parcelas que rodean la plaza Maravillas Lamberto, en Lezkairu, por 29,9 millones de euros<\/title>\n<meta name=\"description\" content=\"La operaci\u00f3n permitir\u00e1 saldar la deuda de 20 millones que arrastra Gerencia de Urbanismo desde 2009, a la vez que posibilita la promoci\u00f3n\" \/>\n<meta name=\"robots\" content=\"index, follow, max-snippet:-1, max-image-preview:large, max-video-preview:-1\" \/>\n<link rel=\"canonical\" href=\"https:\/\/www.laguiadepamplona.com\/actualidad\/el-ayuntamiento-de-pamplona-saca-a-subasta-publica-las-tres-parcelas-que-rodean-la-plaza-maravillas-lamberto-en-lezkairu-por-299-millones-de-euros\/\" \/>\n<meta property=\"og:locale\" content=\"es_ES\" \/>\n<meta property=\"og:type\" content=\"article\" \/>\n<meta property=\"og:title\" content=\"El Ayuntamiento de Pamplona saca a subasta p\u00fablica las tres parcelas que rodean la plaza Maravillas Lamberto, en Lezkairu, por 29,9 millones de euros\" \/>\n<meta property=\"og:description\" content=\"La operaci\u00f3n permitir\u00e1 saldar la deuda de 20 millones que arrastra Gerencia de Urbanismo desde 2009, a la vez que posibilita la promoci\u00f3n\" \/>\n<meta property=\"og:url\" content=\"https:\/\/www.laguiadepamplona.com\/actualidad\/el-ayuntamiento-de-pamplona-saca-a-subasta-publica-las-tres-parcelas-que-rodean-la-plaza-maravillas-lamberto-en-lezkairu-por-299-millones-de-euros\/\" \/>\n<meta property=\"og:site_name\" content=\"La Gu\u00eda de Pamplona\" \/>\n<meta property=\"article:publisher\" content=\"https:\/\/www.facebook.com\/laguiadepamplonacom-133175176762273\/?ref=hl\" \/>\n<meta property=\"article:published_time\" content=\"2025-03-18T12:46:44+00:00\" \/>\n<meta property=\"og:image\" content=\"https:\/\/www.laguiadepamplona.com\/actualidad\/wp-content\/uploads\/2025\/03\/plazamaravillaslambertoweb_0.webp\" \/>\n\t<meta property=\"og:image:width\" content=\"1000\" \/>\n\t<meta property=\"og:image:height\" content=\"667\" \/>\n\t<meta property=\"og:image:type\" content=\"image\/webp\" \/>\n<meta name=\"author\" content=\"La Gu\u00eda de Pamplona\" \/>\n<meta name=\"twitter:card\" content=\"summary_large_image\" \/>\n<meta name=\"twitter:creator\" content=\"@LaGuiadPamplona\" \/>\n<meta name=\"twitter:site\" content=\"@LaGuiadPamplona\" \/>\n<meta name=\"twitter:label1\" content=\"Escrito por\" \/>\n\t<meta name=\"twitter:data1\" content=\"La Gu\u00eda de Pamplona\" \/>\n\t<meta name=\"twitter:label2\" content=\"Tiempo de lectura\" \/>\n\t<meta name=\"twitter:data2\" content=\"2 minutos\" \/>\n<script type=\"application\/ld+json\" class=\"yoast-schema-graph\">{\"@context\":\"https:\\\/\\\/schema.org\",\"@graph\":[{\"@type\":\"Article\",\"@id\":\"https:\\\/\\\/www.laguiadepamplona.com\\\/actualidad\\\/el-ayuntamiento-de-pamplona-saca-a-subasta-publica-las-tres-parcelas-que-rodean-la-plaza-maravillas-lamberto-en-lezkairu-por-299-millones-de-euros\\\/#article\",\"isPartOf\":{\"@id\":\"https:\\\/\\\/www.laguiadepamplona.com\\\/actualidad\\\/el-ayuntamiento-de-pamplona-saca-a-subasta-publica-las-tres-parcelas-que-rodean-la-plaza-maravillas-lamberto-en-lezkairu-por-299-millones-de-euros\\\/\"},\"author\":{\"name\":\"La Gu\u00eda de Pamplona\",\"@id\":\"https:\\\/\\\/www.laguiadepamplona.com\\\/actualidad\\\/#\\\/schema\\\/person\\\/efe887376f0213d4657c93adc50b1fdb\"},\"headline\":\"El Ayuntamiento de Pamplona saca a subasta p\u00fablica las tres parcelas que rodean la plaza Maravillas Lamberto, en Lezkairu, por 29,9 millones de euros\",\"datePublished\":\"2025-03-18T12:46:44+00:00\",\"mainEntityOfPage\":{\"@id\":\"https:\\\/\\\/www.laguiadepamplona.com\\\/actualidad\\\/el-ayuntamiento-de-pamplona-saca-a-subasta-publica-las-tres-parcelas-que-rodean-la-plaza-maravillas-lamberto-en-lezkairu-por-299-millones-de-euros\\\/\"},\"wordCount\":402,\"commentCount\":0,\"publisher\":{\"@id\":\"https:\\\/\\\/www.laguiadepamplona.com\\\/actualidad\\\/#organization\"},\"image\":{\"@id\":\"https:\\\/\\\/www.laguiadepamplona.com\\\/actualidad\\\/el-ayuntamiento-de-pamplona-saca-a-subasta-publica-las-tres-parcelas-que-rodean-la-plaza-maravillas-lamberto-en-lezkairu-por-299-millones-de-euros\\\/#primaryimage\"},\"thumbnailUrl\":\"https:\\\/\\\/www.laguiadepamplona.com\\\/actualidad\\\/wp-content\\\/uploads\\\/2025\\\/03\\\/plazamaravillaslambertoweb_0.webp\",\"articleSection\":[\"Ayto Pamplona\"],\"inLanguage\":\"es\",\"potentialAction\":[{\"@type\":\"CommentAction\",\"name\":\"Comment\",\"target\":[\"https:\\\/\\\/www.laguiadepamplona.com\\\/actualidad\\\/el-ayuntamiento-de-pamplona-saca-a-subasta-publica-las-tres-parcelas-que-rodean-la-plaza-maravillas-lamberto-en-lezkairu-por-299-millones-de-euros\\\/#respond\"]}]},{\"@type\":\"WebPage\",\"@id\":\"https:\\\/\\\/www.laguiadepamplona.com\\\/actualidad\\\/el-ayuntamiento-de-pamplona-saca-a-subasta-publica-las-tres-parcelas-que-rodean-la-plaza-maravillas-lamberto-en-lezkairu-por-299-millones-de-euros\\\/\",\"url\":\"https:\\\/\\\/www.laguiadepamplona.com\\\/actualidad\\\/el-ayuntamiento-de-pamplona-saca-a-subasta-publica-las-tres-parcelas-que-rodean-la-plaza-maravillas-lamberto-en-lezkairu-por-299-millones-de-euros\\\/\",\"name\":\"El Ayuntamiento de Pamplona saca a subasta p\u00fablica las tres parcelas que rodean la plaza Maravillas Lamberto, en Lezkairu, por 29,9 millones de euros\",\"isPartOf\":{\"@id\":\"https:\\\/\\\/www.laguiadepamplona.com\\\/actualidad\\\/#website\"},\"primaryImageOfPage\":{\"@id\":\"https:\\\/\\\/www.laguiadepamplona.com\\\/actualidad\\\/el-ayuntamiento-de-pamplona-saca-a-subasta-publica-las-tres-parcelas-que-rodean-la-plaza-maravillas-lamberto-en-lezkairu-por-299-millones-de-euros\\\/#primaryimage\"},\"image\":{\"@id\":\"https:\\\/\\\/www.laguiadepamplona.com\\\/actualidad\\\/el-ayuntamiento-de-pamplona-saca-a-subasta-publica-las-tres-parcelas-que-rodean-la-plaza-maravillas-lamberto-en-lezkairu-por-299-millones-de-euros\\\/#primaryimage\"},\"thumbnailUrl\":\"https:\\\/\\\/www.laguiadepamplona.com\\\/actualidad\\\/wp-content\\\/uploads\\\/2025\\\/03\\\/plazamaravillaslambertoweb_0.webp\",\"datePublished\":\"2025-03-18T12:46:44+00:00\",\"description\":\"La operaci\u00f3n permitir\u00e1 saldar la deuda de 20 millones que arrastra Gerencia de Urbanismo desde 2009, a la vez que posibilita la promoci\u00f3n\",\"breadcrumb\":{\"@id\":\"https:\\\/\\\/www.laguiadepamplona.com\\\/actualidad\\\/el-ayuntamiento-de-pamplona-saca-a-subasta-publica-las-tres-parcelas-que-rodean-la-plaza-maravillas-lamberto-en-lezkairu-por-299-millones-de-euros\\\/#breadcrumb\"},\"inLanguage\":\"es\",\"potentialAction\":[{\"@type\":\"ReadAction\",\"target\":[\"https:\\\/\\\/www.laguiadepamplona.com\\\/actualidad\\\/el-ayuntamiento-de-pamplona-saca-a-subasta-publica-las-tres-parcelas-que-rodean-la-plaza-maravillas-lamberto-en-lezkairu-por-299-millones-de-euros\\\/\"]}]},{\"@type\":\"ImageObject\",\"inLanguage\":\"es\",\"@id\":\"https:\\\/\\\/www.laguiadepamplona.com\\\/actualidad\\\/el-ayuntamiento-de-pamplona-saca-a-subasta-publica-las-tres-parcelas-que-rodean-la-plaza-maravillas-lamberto-en-lezkairu-por-299-millones-de-euros\\\/#primaryimage\",\"url\":\"https:\\\/\\\/www.laguiadepamplona.com\\\/actualidad\\\/wp-content\\\/uploads\\\/2025\\\/03\\\/plazamaravillaslambertoweb_0.webp\",\"contentUrl\":\"https:\\\/\\\/www.laguiadepamplona.com\\\/actualidad\\\/wp-content\\\/uploads\\\/2025\\\/03\\\/plazamaravillaslambertoweb_0.webp\",\"width\":1000,\"height\":667,\"caption\":\"plaza maravillas lamberto\"},{\"@type\":\"BreadcrumbList\",\"@id\":\"https:\\\/\\\/www.laguiadepamplona.com\\\/actualidad\\\/el-ayuntamiento-de-pamplona-saca-a-subasta-publica-las-tres-parcelas-que-rodean-la-plaza-maravillas-lamberto-en-lezkairu-por-299-millones-de-euros\\\/#breadcrumb\",\"itemListElement\":[{\"@type\":\"ListItem\",\"position\":1,\"name\":\"Portada\",\"item\":\"https:\\\/\\\/www.laguiadepamplona.com\\\/actualidad\\\/\"},{\"@type\":\"ListItem\",\"position\":2,\"name\":\"El Ayuntamiento de Pamplona saca a subasta p\u00fablica las tres parcelas que rodean la plaza Maravillas Lamberto, en Lezkairu, por 29,9 millones de euros\"}]},{\"@type\":\"WebSite\",\"@id\":\"https:\\\/\\\/www.laguiadepamplona.com\\\/actualidad\\\/#website\",\"url\":\"https:\\\/\\\/www.laguiadepamplona.com\\\/actualidad\\\/\",\"name\":\"La gu\u00eda de Pamplona\",\"description\":\"Noticias de Pamplona\",\"publisher\":{\"@id\":\"https:\\\/\\\/www.laguiadepamplona.com\\\/actualidad\\\/#organization\"},\"potentialAction\":[{\"@type\":\"SearchAction\",\"target\":{\"@type\":\"EntryPoint\",\"urlTemplate\":\"https:\\\/\\\/www.laguiadepamplona.com\\\/actualidad\\\/?s={search_term_string}\"},\"query-input\":{\"@type\":\"PropertyValueSpecification\",\"valueRequired\":true,\"valueName\":\"search_term_string\"}}],\"inLanguage\":\"es\"},{\"@type\":\"Organization\",\"@id\":\"https:\\\/\\\/www.laguiadepamplona.com\\\/actualidad\\\/#organization\",\"name\":\"La Gu\u00eda de Pamplona \\\/ Noticias\",\"url\":\"https:\\\/\\\/www.laguiadepamplona.com\\\/actualidad\\\/\",\"logo\":{\"@type\":\"ImageObject\",\"inLanguage\":\"es\",\"@id\":\"https:\\\/\\\/www.laguiadepamplona.com\\\/actualidad\\\/#\\\/schema\\\/logo\\\/image\\\/\",\"url\":\"https:\\\/\\\/www.laguiadepamplona.com\\\/actualidad\\\/wp-content\\\/uploads\\\/2018\\\/11\\\/logo-laguiadepamplona18-web1.png\",\"contentUrl\":\"https:\\\/\\\/www.laguiadepamplona.com\\\/actualidad\\\/wp-content\\\/uploads\\\/2018\\\/11\\\/logo-laguiadepamplona18-web1.png\",\"width\":600,\"height\":196,\"caption\":\"La Gu\u00eda de Pamplona \\\/ Noticias\"},\"image\":{\"@id\":\"https:\\\/\\\/www.laguiadepamplona.com\\\/actualidad\\\/#\\\/schema\\\/logo\\\/image\\\/\"},\"sameAs\":[\"https:\\\/\\\/www.facebook.com\\\/laguiadepamplonacom-133175176762273\\\/?ref=hl\",\"https:\\\/\\\/x.com\\\/LaGuiadPamplona\",\"https:\\\/\\\/www.instagram.com\\\/la_guia_de_pamplona\\\/\",\"https:\\\/\\\/www.youtube.com\\\/user\\\/laguiadepamplona\"]},{\"@type\":\"Person\",\"@id\":\"https:\\\/\\\/www.laguiadepamplona.com\\\/actualidad\\\/#\\\/schema\\\/person\\\/efe887376f0213d4657c93adc50b1fdb\",\"name\":\"La Gu\u00eda de Pamplona\",\"image\":{\"@type\":\"ImageObject\",\"inLanguage\":\"es\",\"@id\":\"https:\\\/\\\/secure.gravatar.com\\\/avatar\\\/b6992f131dc8d30ab0dff15446e9d346d9dbd95992de0fef795073f5ea83a81c?s=96&d=mm&r=g\",\"url\":\"https:\\\/\\\/secure.gravatar.com\\\/avatar\\\/b6992f131dc8d30ab0dff15446e9d346d9dbd95992de0fef795073f5ea83a81c?s=96&d=mm&r=g\",\"contentUrl\":\"https:\\\/\\\/secure.gravatar.com\\\/avatar\\\/b6992f131dc8d30ab0dff15446e9d346d9dbd95992de0fef795073f5ea83a81c?s=96&d=mm&r=g\",\"caption\":\"La Gu\u00eda de Pamplona\"}}]}<\/script>\n<!-- \/ Yoast SEO plugin. -->","yoast_head_json":{"title":"El Ayuntamiento de Pamplona saca a subasta p\u00fablica las tres parcelas que rodean la plaza Maravillas Lamberto, en Lezkairu, por 29,9 millones de euros","description":"La operaci\u00f3n permitir\u00e1 saldar la deuda de 20 millones que arrastra Gerencia de Urbanismo desde 2009, a la vez que posibilita la promoci\u00f3n","robots":{"index":"index","follow":"follow","max-snippet":"max-snippet:-1","max-image-preview":"max-image-preview:large","max-video-preview":"max-video-preview:-1"},"canonical":"https:\/\/www.laguiadepamplona.com\/actualidad\/el-ayuntamiento-de-pamplona-saca-a-subasta-publica-las-tres-parcelas-que-rodean-la-plaza-maravillas-lamberto-en-lezkairu-por-299-millones-de-euros\/","og_locale":"es_ES","og_type":"article","og_title":"El Ayuntamiento de Pamplona saca a subasta p\u00fablica las tres parcelas que rodean la plaza Maravillas Lamberto, en Lezkairu, por 29,9 millones de euros","og_description":"La operaci\u00f3n permitir\u00e1 saldar la deuda de 20 millones que arrastra Gerencia de Urbanismo desde 2009, a la vez que posibilita la promoci\u00f3n","og_url":"https:\/\/www.laguiadepamplona.com\/actualidad\/el-ayuntamiento-de-pamplona-saca-a-subasta-publica-las-tres-parcelas-que-rodean-la-plaza-maravillas-lamberto-en-lezkairu-por-299-millones-de-euros\/","og_site_name":"La Gu\u00eda de Pamplona","article_publisher":"https:\/\/www.facebook.com\/laguiadepamplonacom-133175176762273\/?ref=hl","article_published_time":"2025-03-18T12:46:44+00:00","og_image":[{"width":1000,"height":667,"url":"https:\/\/www.laguiadepamplona.com\/actualidad\/wp-content\/uploads\/2025\/03\/plazamaravillaslambertoweb_0.webp","type":"image\/webp"}],"author":"La Gu\u00eda de Pamplona","twitter_card":"summary_large_image","twitter_creator":"@LaGuiadPamplona","twitter_site":"@LaGuiadPamplona","twitter_misc":{"Escrito por":"La Gu\u00eda de Pamplona","Tiempo de lectura":"2 minutos"},"schema":{"@context":"https:\/\/schema.org","@graph":[{"@type":"Article","@id":"https:\/\/www.laguiadepamplona.com\/actualidad\/el-ayuntamiento-de-pamplona-saca-a-subasta-publica-las-tres-parcelas-que-rodean-la-plaza-maravillas-lamberto-en-lezkairu-por-299-millones-de-euros\/#article","isPartOf":{"@id":"https:\/\/www.laguiadepamplona.com\/actualidad\/el-ayuntamiento-de-pamplona-saca-a-subasta-publica-las-tres-parcelas-que-rodean-la-plaza-maravillas-lamberto-en-lezkairu-por-299-millones-de-euros\/"},"author":{"name":"La Gu\u00eda de Pamplona","@id":"https:\/\/www.laguiadepamplona.com\/actualidad\/#\/schema\/person\/efe887376f0213d4657c93adc50b1fdb"},"headline":"El Ayuntamiento de Pamplona saca a subasta p\u00fablica las tres parcelas que rodean la plaza Maravillas Lamberto, en Lezkairu, por 29,9 millones de euros","datePublished":"2025-03-18T12:46:44+00:00","mainEntityOfPage":{"@id":"https:\/\/www.laguiadepamplona.com\/actualidad\/el-ayuntamiento-de-pamplona-saca-a-subasta-publica-las-tres-parcelas-que-rodean-la-plaza-maravillas-lamberto-en-lezkairu-por-299-millones-de-euros\/"},"wordCount":402,"commentCount":0,"publisher":{"@id":"https:\/\/www.laguiadepamplona.com\/actualidad\/#organization"},"image":{"@id":"https:\/\/www.laguiadepamplona.com\/actualidad\/el-ayuntamiento-de-pamplona-saca-a-subasta-publica-las-tres-parcelas-que-rodean-la-plaza-maravillas-lamberto-en-lezkairu-por-299-millones-de-euros\/#primaryimage"},"thumbnailUrl":"https:\/\/www.laguiadepamplona.com\/actualidad\/wp-content\/uploads\/2025\/03\/plazamaravillaslambertoweb_0.webp","articleSection":["Ayto Pamplona"],"inLanguage":"es","potentialAction":[{"@type":"CommentAction","name":"Comment","target":["https:\/\/www.laguiadepamplona.com\/actualidad\/el-ayuntamiento-de-pamplona-saca-a-subasta-publica-las-tres-parcelas-que-rodean-la-plaza-maravillas-lamberto-en-lezkairu-por-299-millones-de-euros\/#respond"]}]},{"@type":"WebPage","@id":"https:\/\/www.laguiadepamplona.com\/actualidad\/el-ayuntamiento-de-pamplona-saca-a-subasta-publica-las-tres-parcelas-que-rodean-la-plaza-maravillas-lamberto-en-lezkairu-por-299-millones-de-euros\/","url":"https:\/\/www.laguiadepamplona.com\/actualidad\/el-ayuntamiento-de-pamplona-saca-a-subasta-publica-las-tres-parcelas-que-rodean-la-plaza-maravillas-lamberto-en-lezkairu-por-299-millones-de-euros\/","name":"El Ayuntamiento de Pamplona saca a subasta p\u00fablica las tres parcelas que rodean la plaza Maravillas Lamberto, en Lezkairu, por 29,9 millones de euros","isPartOf":{"@id":"https:\/\/www.laguiadepamplona.com\/actualidad\/#website"},"primaryImageOfPage":{"@id":"https:\/\/www.laguiadepamplona.com\/actualidad\/el-ayuntamiento-de-pamplona-saca-a-subasta-publica-las-tres-parcelas-que-rodean-la-plaza-maravillas-lamberto-en-lezkairu-por-299-millones-de-euros\/#primaryimage"},"image":{"@id":"https:\/\/www.laguiadepamplona.com\/actualidad\/el-ayuntamiento-de-pamplona-saca-a-subasta-publica-las-tres-parcelas-que-rodean-la-plaza-maravillas-lamberto-en-lezkairu-por-299-millones-de-euros\/#primaryimage"},"thumbnailUrl":"https:\/\/www.laguiadepamplona.com\/actualidad\/wp-content\/uploads\/2025\/03\/plazamaravillaslambertoweb_0.webp","datePublished":"2025-03-18T12:46:44+00:00","description":"La operaci\u00f3n permitir\u00e1 saldar la deuda de 20 millones que arrastra Gerencia de Urbanismo desde 2009, a la vez que posibilita la promoci\u00f3n","breadcrumb":{"@id":"https:\/\/www.laguiadepamplona.com\/actualidad\/el-ayuntamiento-de-pamplona-saca-a-subasta-publica-las-tres-parcelas-que-rodean-la-plaza-maravillas-lamberto-en-lezkairu-por-299-millones-de-euros\/#breadcrumb"},"inLanguage":"es","potentialAction":[{"@type":"ReadAction","target":["https:\/\/www.laguiadepamplona.com\/actualidad\/el-ayuntamiento-de-pamplona-saca-a-subasta-publica-las-tres-parcelas-que-rodean-la-plaza-maravillas-lamberto-en-lezkairu-por-299-millones-de-euros\/"]}]},{"@type":"ImageObject","inLanguage":"es","@id":"https:\/\/www.laguiadepamplona.com\/actualidad\/el-ayuntamiento-de-pamplona-saca-a-subasta-publica-las-tres-parcelas-que-rodean-la-plaza-maravillas-lamberto-en-lezkairu-por-299-millones-de-euros\/#primaryimage","url":"https:\/\/www.laguiadepamplona.com\/actualidad\/wp-content\/uploads\/2025\/03\/plazamaravillaslambertoweb_0.webp","contentUrl":"https:\/\/www.laguiadepamplona.com\/actualidad\/wp-content\/uploads\/2025\/03\/plazamaravillaslambertoweb_0.webp","width":1000,"height":667,"caption":"plaza maravillas lamberto"},{"@type":"BreadcrumbList","@id":"https:\/\/www.laguiadepamplona.com\/actualidad\/el-ayuntamiento-de-pamplona-saca-a-subasta-publica-las-tres-parcelas-que-rodean-la-plaza-maravillas-lamberto-en-lezkairu-por-299-millones-de-euros\/#breadcrumb","itemListElement":[{"@type":"ListItem","position":1,"name":"Portada","item":"https:\/\/www.laguiadepamplona.com\/actualidad\/"},{"@type":"ListItem","position":2,"name":"El Ayuntamiento de Pamplona saca a subasta p\u00fablica las tres parcelas que rodean la plaza Maravillas Lamberto, en Lezkairu, por 29,9 millones de euros"}]},{"@type":"WebSite","@id":"https:\/\/www.laguiadepamplona.com\/actualidad\/#website","url":"https:\/\/www.laguiadepamplona.com\/actualidad\/","name":"La gu\u00eda de Pamplona","description":"Noticias de Pamplona","publisher":{"@id":"https:\/\/www.laguiadepamplona.com\/actualidad\/#organization"},"potentialAction":[{"@type":"SearchAction","target":{"@type":"EntryPoint","urlTemplate":"https:\/\/www.laguiadepamplona.com\/actualidad\/?s={search_term_string}"},"query-input":{"@type":"PropertyValueSpecification","valueRequired":true,"valueName":"search_term_string"}}],"inLanguage":"es"},{"@type":"Organization","@id":"https:\/\/www.laguiadepamplona.com\/actualidad\/#organization","name":"La Gu\u00eda de Pamplona \/ Noticias","url":"https:\/\/www.laguiadepamplona.com\/actualidad\/","logo":{"@type":"ImageObject","inLanguage":"es","@id":"https:\/\/www.laguiadepamplona.com\/actualidad\/#\/schema\/logo\/image\/","url":"https:\/\/www.laguiadepamplona.com\/actualidad\/wp-content\/uploads\/2018\/11\/logo-laguiadepamplona18-web1.png","contentUrl":"https:\/\/www.laguiadepamplona.com\/actualidad\/wp-content\/uploads\/2018\/11\/logo-laguiadepamplona18-web1.png","width":600,"height":196,"caption":"La Gu\u00eda de Pamplona \/ Noticias"},"image":{"@id":"https:\/\/www.laguiadepamplona.com\/actualidad\/#\/schema\/logo\/image\/"},"sameAs":["https:\/\/www.facebook.com\/laguiadepamplonacom-133175176762273\/?ref=hl","https:\/\/x.com\/LaGuiadPamplona","https:\/\/www.instagram.com\/la_guia_de_pamplona\/","https:\/\/www.youtube.com\/user\/laguiadepamplona"]},{"@type":"Person","@id":"https:\/\/www.laguiadepamplona.com\/actualidad\/#\/schema\/person\/efe887376f0213d4657c93adc50b1fdb","name":"La Gu\u00eda de Pamplona","image":{"@type":"ImageObject","inLanguage":"es","@id":"https:\/\/secure.gravatar.com\/avatar\/b6992f131dc8d30ab0dff15446e9d346d9dbd95992de0fef795073f5ea83a81c?s=96&d=mm&r=g","url":"https:\/\/secure.gravatar.com\/avatar\/b6992f131dc8d30ab0dff15446e9d346d9dbd95992de0fef795073f5ea83a81c?s=96&d=mm&r=g","contentUrl":"https:\/\/secure.gravatar.com\/avatar\/b6992f131dc8d30ab0dff15446e9d346d9dbd95992de0fef795073f5ea83a81c?s=96&d=mm&r=g","caption":"La Gu\u00eda de Pamplona"}}]}},"post_mailing_queue_ids":[],"_links":{"self":[{"href":"https:\/\/www.laguiadepamplona.com\/actualidad\/wp-json\/wp\/v2\/posts\/52417","targetHints":{"allow":["GET"]}}],"collection":[{"href":"https:\/\/www.laguiadepamplona.com\/actualidad\/wp-json\/wp\/v2\/posts"}],"about":[{"href":"https:\/\/www.laguiadepamplona.com\/actualidad\/wp-json\/wp\/v2\/types\/post"}],"author":[{"embeddable":true,"href":"https:\/\/www.laguiadepamplona.com\/actualidad\/wp-json\/wp\/v2\/users\/1"}],"replies":[{"embeddable":true,"href":"https:\/\/www.laguiadepamplona.com\/actualidad\/wp-json\/wp\/v2\/comments?post=52417"}],"version-history":[{"count":1,"href":"https:\/\/www.laguiadepamplona.com\/actualidad\/wp-json\/wp\/v2\/posts\/52417\/revisions"}],"predecessor-version":[{"id":52419,"href":"https:\/\/www.laguiadepamplona.com\/actualidad\/wp-json\/wp\/v2\/posts\/52417\/revisions\/52419"}],"wp:featuredmedia":[{"embeddable":true,"href":"https:\/\/www.laguiadepamplona.com\/actualidad\/wp-json\/wp\/v2\/media\/52418"}],"wp:attachment":[{"href":"https:\/\/www.laguiadepamplona.com\/actualidad\/wp-json\/wp\/v2\/media?parent=52417"}],"wp:term":[{"taxonomy":"category","embeddable":true,"href":"https:\/\/www.laguiadepamplona.com\/actualidad\/wp-json\/wp\/v2\/categories?post=52417"},{"taxonomy":"post_tag","embeddable":true,"href":"https:\/\/www.laguiadepamplona.com\/actualidad\/wp-json\/wp\/v2\/tags?post=52417"}],"curies":[{"name":"wp","href":"https:\/\/api.w.org\/{rel}","templated":true}]}}