{"id":52408,"date":"2025-03-18T14:40:05","date_gmt":"2025-03-18T12:40:05","guid":{"rendered":"https:\/\/www.laguiadepamplona.com\/actualidad\/?p=52408"},"modified":"2025-03-18T14:40:05","modified_gmt":"2025-03-18T12:40:05","slug":"el-colegio-publico-patxi-larrainzar-estrena-mas-de-3-kilometros-de-caminos-escolares-seguros-para-promover-la-salud-y-la-movilidad-sostenible-al-centro","status":"publish","type":"post","link":"https:\/\/www.laguiadepamplona.com\/actualidad\/el-colegio-publico-patxi-larrainzar-estrena-mas-de-3-kilometros-de-caminos-escolares-seguros-para-promover-la-salud-y-la-movilidad-sostenible-al-centro\/","title":{"rendered":"El colegio p\u00fablico Patxi Larrainzar estrena m\u00e1s de 3 kil\u00f3metros de caminos escolares seguros para promover la salud y la movilidad sostenible al centro"},"content":{"rendered":"<h2>Alumnado de 5\u00ba de Primaria del centro recorre una de las cuatro rutas acompa\u00f1ado por la Comisi\u00f3n de Asuntos Ciudadanos<\/h2>\n<p><!--more--><\/p>\n<p>20 minutos o menos. Es lo que tardar\u00e1 el alumnado del C.P. Patxi Larrainzar en llegar a su centro escolar andando, en patinete o en bicicleta. Y por el camino, los menores har\u00e1n ejercicio, conocer\u00e1n su entorno, socializar\u00e1n, aprender\u00e1n circulaci\u00f3n vial y, siempre, lo har\u00e1n de forma segura. Esta ma\u00f1ana la Comisi\u00f3n de Asuntos Ciudadanos del Ayuntamiento de Pamplona ha visitado las obras de se\u00f1alizaci\u00f3n y calmado de tr\u00e1fico realizadas en torno a cuatro Caminos Escolares Seguros que llegan hasta el centro escolar y que, en total, superan 3 kil\u00f3metros de recorridos. Las aulas de 5\u00ba de Primeria del centro les han ense\u00f1ado a concejalas y concejalas sobre el terreno c\u00f3mo funciona el sistema.<\/p>\n<p>Quienes forman parte de la Comisi\u00f3n han conocido este nuevo paso de una iniciativa que se inici\u00f3 en el a\u00f1o 2017, entonces en la ikastola Amaiur y que el a\u00f1o pasado se desarroll\u00f3 en el CPEIP Buztintxuri. La decisi\u00f3n de poner en marcha caminos escolares seguros se realiza en directa relaci\u00f3n con la comunidad educativa que toma la iniciativa. El Consistorio analiza la propuesta y estudia las v\u00edas que mejor se ajusten a las necesidades de cada centro escolar. Deben ser seguras para los viandantes, discurrir por un espacio agradable para caminar y con recorridos lo m\u00e1s directo posible al centro escolar. Luego, el Ayuntamiento ejecuta aquellas obras necesarias y se encarga de la se\u00f1al\u00e9tica y del pintado de las rutas.<\/p>\n<p>Los caminos escolares seguros contribuyen tambi\u00e9n a reducir las emisiones de di\u00f3xido de carbono y eliminando atascos y situaciones de peligro en los accesos a los centros educativos.<\/p>\n<p><strong>Cuatro rutas, cuatro colores<\/strong><\/p>\n<p>En este caso las rutas son cuatro, en base a un proyecto elaborado por al APYMA del centro y han requerido del pintado de 3.304 metros en diversos colores, adem\u00e1s de dibujar molinos,que es el logo del CP Patxi Larrainzar, en los trazados como s\u00edmbolos de continuidad en los recorridos. Tambi\u00e9n ha sido necesaria la colocaci\u00f3n de siete se\u00f1ales verticales en farolas (puntos de encuentro) y el pintado de juegos de 4 rayuelas en blanco y negro, uno en cada cabecera de ruta. En total, en estas labores el Ayuntamiento ha invertido 20.174 euros.<\/p>\n<p>As\u00ed, se han se\u00f1alizado 945 metros en el recorrido azul, que sale desde Buztntxuri y comienza en el punto central de Santa Luc\u00eda 45 (con punto de encuentro en la esquina avenida Gipuzkoa y calle Santa Engracia) y es el m\u00e1s largo de los cuatro dise\u00f1ados. El segundo, la ruta roja, comienza en la parte sur del barrio en el cruce de calle Arbizu con Bernardino Tirapu y se encamina hacia Enamorados; en ella se han pintado 830 metros y su punto de encuentro recoge tambi\u00e9n la tercera ruta, la verde. Esta ruta va desde calle Isaba a hacia Enamorados (690 metros) y es la que han realizado las ni\u00f1as y los ni\u00f1os esta ma\u00f1ana. La cuarta ruta, la naranja, de 839 metros, pretende recoger al alumnado que vive al noroeste del barrio.; comienza en la calle Garde, 7 en el encuentro con Marcelo Celayeta, con punto de encuentro en la plaza Margarita de Navarra.<\/p>\n<p>El inicio de estos tres itinerarios est\u00e1 debidamente marcado con el logotipo del centro escolar, una estrella de cuatro puntas, colocado en alto (en una farola o columna seg\u00fan los casos) y una rayuela en el suelo. Desde ese punto de encuentro, cada d\u00eda se podr\u00e1 iniciar el paseo hasta el centro educativo, por una ruta debidamente se\u00f1alizada, y siempre con un punto intermedio donde se puedan incorporar m\u00e1s personas al recorrido provenientes de otros puntos colindantes.<\/p>\n<p>Adem\u00e1s de la se\u00f1alizaci\u00f3n, se est\u00e1 estudiando actualmente la ejecuci\u00f3n de diversas obras para mejorar la seguridad de los ni\u00f1os y ni\u00f1as en el \u00e1mbito del centro escolar. As\u00ed, por ejemplo, quiere ampliar el tiempo en verde de los sem\u00e1foros para peatones, instalar cojines berlineses en aquellos cruces por donde circula el camino seguro y despejar la zona de los pasos de peatones, eliminando las plazas de aparcamiento junto a los pasos, para mejorar la visibilidad.<\/p>\n","protected":false},"excerpt":{"rendered":"<p>Alumnado de 5\u00ba de Primaria del centro recorre una de las cuatro rutas acompa\u00f1ado por la Comisi\u00f3n de Asuntos Ciudadanos<\/p>\n","protected":false},"author":1,"featured_media":52409,"comment_status":"open","ping_status":"closed","sticky":false,"template":"","format":"standard","meta":{"footnotes":""},"categories":[2],"tags":[],"class_list":["post-52408","post","type-post","status-publish","format-standard","has-post-thumbnail","hentry","category-ayuntamiento-pamplona"],"yoast_head":"<!-- This site is optimized with the Yoast SEO plugin v27.3 - https:\/\/yoast.com\/product\/yoast-seo-wordpress\/ -->\n<title>El colegio p\u00fablico Patxi Larrainzar estrena m\u00e1s de 3 kil\u00f3metros de caminos escolares seguros para promover la salud y la movilidad sostenible al centro<\/title>\n<meta name=\"description\" content=\"Alumnado de 5\u00ba de Primaria del centro recorre una de las cuatro rutas acompa\u00f1ado por la Comisi\u00f3n de Asuntos Ciudadanos\" \/>\n<meta name=\"robots\" content=\"index, follow, max-snippet:-1, max-image-preview:large, max-video-preview:-1\" \/>\n<link rel=\"canonical\" href=\"https:\/\/www.laguiadepamplona.com\/actualidad\/el-colegio-publico-patxi-larrainzar-estrena-mas-de-3-kilometros-de-caminos-escolares-seguros-para-promover-la-salud-y-la-movilidad-sostenible-al-centro\/\" \/>\n<meta property=\"og:locale\" content=\"es_ES\" \/>\n<meta property=\"og:type\" content=\"article\" \/>\n<meta property=\"og:title\" content=\"El colegio p\u00fablico Patxi Larrainzar estrena m\u00e1s de 3 kil\u00f3metros de caminos escolares seguros para promover la salud y la movilidad sostenible al centro\" \/>\n<meta property=\"og:description\" content=\"Alumnado de 5\u00ba de Primaria del centro recorre una de las cuatro rutas acompa\u00f1ado por la Comisi\u00f3n de Asuntos Ciudadanos\" \/>\n<meta property=\"og:url\" content=\"https:\/\/www.laguiadepamplona.com\/actualidad\/el-colegio-publico-patxi-larrainzar-estrena-mas-de-3-kilometros-de-caminos-escolares-seguros-para-promover-la-salud-y-la-movilidad-sostenible-al-centro\/\" \/>\n<meta property=\"og:site_name\" content=\"La Gu\u00eda de Pamplona\" \/>\n<meta property=\"article:publisher\" content=\"https:\/\/www.facebook.com\/laguiadepamplonacom-133175176762273\/?ref=hl\" \/>\n<meta property=\"article:published_time\" content=\"2025-03-18T12:40:05+00:00\" \/>\n<meta property=\"og:image\" content=\"https:\/\/www.laguiadepamplona.com\/actualidad\/wp-content\/uploads\/2025\/03\/visitacomisioncaminoscolegiospatxilarainzar2.webp\" \/>\n\t<meta property=\"og:image:width\" content=\"1000\" \/>\n\t<meta property=\"og:image:height\" content=\"667\" \/>\n\t<meta property=\"og:image:type\" content=\"image\/webp\" \/>\n<meta name=\"author\" content=\"La Gu\u00eda de Pamplona\" \/>\n<meta name=\"twitter:card\" content=\"summary_large_image\" \/>\n<meta name=\"twitter:creator\" content=\"@LaGuiadPamplona\" \/>\n<meta name=\"twitter:site\" content=\"@LaGuiadPamplona\" \/>\n<meta name=\"twitter:label1\" content=\"Escrito por\" \/>\n\t<meta name=\"twitter:data1\" content=\"La Gu\u00eda de Pamplona\" \/>\n\t<meta name=\"twitter:label2\" content=\"Tiempo de lectura\" \/>\n\t<meta name=\"twitter:data2\" content=\"4 minutos\" \/>\n<script type=\"application\/ld+json\" class=\"yoast-schema-graph\">{\"@context\":\"https:\\\/\\\/schema.org\",\"@graph\":[{\"@type\":\"Article\",\"@id\":\"https:\\\/\\\/www.laguiadepamplona.com\\\/actualidad\\\/el-colegio-publico-patxi-larrainzar-estrena-mas-de-3-kilometros-de-caminos-escolares-seguros-para-promover-la-salud-y-la-movilidad-sostenible-al-centro\\\/#article\",\"isPartOf\":{\"@id\":\"https:\\\/\\\/www.laguiadepamplona.com\\\/actualidad\\\/el-colegio-publico-patxi-larrainzar-estrena-mas-de-3-kilometros-de-caminos-escolares-seguros-para-promover-la-salud-y-la-movilidad-sostenible-al-centro\\\/\"},\"author\":{\"name\":\"La Gu\u00eda de Pamplona\",\"@id\":\"https:\\\/\\\/www.laguiadepamplona.com\\\/actualidad\\\/#\\\/schema\\\/person\\\/efe887376f0213d4657c93adc50b1fdb\"},\"headline\":\"El colegio p\u00fablico Patxi Larrainzar estrena m\u00e1s de 3 kil\u00f3metros de caminos escolares seguros para promover la salud y la movilidad sostenible al centro\",\"datePublished\":\"2025-03-18T12:40:05+00:00\",\"mainEntityOfPage\":{\"@id\":\"https:\\\/\\\/www.laguiadepamplona.com\\\/actualidad\\\/el-colegio-publico-patxi-larrainzar-estrena-mas-de-3-kilometros-de-caminos-escolares-seguros-para-promover-la-salud-y-la-movilidad-sostenible-al-centro\\\/\"},\"wordCount\":754,\"commentCount\":0,\"publisher\":{\"@id\":\"https:\\\/\\\/www.laguiadepamplona.com\\\/actualidad\\\/#organization\"},\"image\":{\"@id\":\"https:\\\/\\\/www.laguiadepamplona.com\\\/actualidad\\\/el-colegio-publico-patxi-larrainzar-estrena-mas-de-3-kilometros-de-caminos-escolares-seguros-para-promover-la-salud-y-la-movilidad-sostenible-al-centro\\\/#primaryimage\"},\"thumbnailUrl\":\"https:\\\/\\\/www.laguiadepamplona.com\\\/actualidad\\\/wp-content\\\/uploads\\\/2025\\\/03\\\/visitacomisioncaminoscolegiospatxilarainzar2.webp\",\"articleSection\":[\"Ayto Pamplona\"],\"inLanguage\":\"es\",\"potentialAction\":[{\"@type\":\"CommentAction\",\"name\":\"Comment\",\"target\":[\"https:\\\/\\\/www.laguiadepamplona.com\\\/actualidad\\\/el-colegio-publico-patxi-larrainzar-estrena-mas-de-3-kilometros-de-caminos-escolares-seguros-para-promover-la-salud-y-la-movilidad-sostenible-al-centro\\\/#respond\"]}]},{\"@type\":\"WebPage\",\"@id\":\"https:\\\/\\\/www.laguiadepamplona.com\\\/actualidad\\\/el-colegio-publico-patxi-larrainzar-estrena-mas-de-3-kilometros-de-caminos-escolares-seguros-para-promover-la-salud-y-la-movilidad-sostenible-al-centro\\\/\",\"url\":\"https:\\\/\\\/www.laguiadepamplona.com\\\/actualidad\\\/el-colegio-publico-patxi-larrainzar-estrena-mas-de-3-kilometros-de-caminos-escolares-seguros-para-promover-la-salud-y-la-movilidad-sostenible-al-centro\\\/\",\"name\":\"El colegio p\u00fablico Patxi Larrainzar estrena m\u00e1s de 3 kil\u00f3metros de caminos escolares seguros para promover la salud y la movilidad sostenible al centro\",\"isPartOf\":{\"@id\":\"https:\\\/\\\/www.laguiadepamplona.com\\\/actualidad\\\/#website\"},\"primaryImageOfPage\":{\"@id\":\"https:\\\/\\\/www.laguiadepamplona.com\\\/actualidad\\\/el-colegio-publico-patxi-larrainzar-estrena-mas-de-3-kilometros-de-caminos-escolares-seguros-para-promover-la-salud-y-la-movilidad-sostenible-al-centro\\\/#primaryimage\"},\"image\":{\"@id\":\"https:\\\/\\\/www.laguiadepamplona.com\\\/actualidad\\\/el-colegio-publico-patxi-larrainzar-estrena-mas-de-3-kilometros-de-caminos-escolares-seguros-para-promover-la-salud-y-la-movilidad-sostenible-al-centro\\\/#primaryimage\"},\"thumbnailUrl\":\"https:\\\/\\\/www.laguiadepamplona.com\\\/actualidad\\\/wp-content\\\/uploads\\\/2025\\\/03\\\/visitacomisioncaminoscolegiospatxilarainzar2.webp\",\"datePublished\":\"2025-03-18T12:40:05+00:00\",\"description\":\"Alumnado de 5\u00ba de Primaria del centro recorre una de las cuatro rutas acompa\u00f1ado por la Comisi\u00f3n de Asuntos Ciudadanos\",\"breadcrumb\":{\"@id\":\"https:\\\/\\\/www.laguiadepamplona.com\\\/actualidad\\\/el-colegio-publico-patxi-larrainzar-estrena-mas-de-3-kilometros-de-caminos-escolares-seguros-para-promover-la-salud-y-la-movilidad-sostenible-al-centro\\\/#breadcrumb\"},\"inLanguage\":\"es\",\"potentialAction\":[{\"@type\":\"ReadAction\",\"target\":[\"https:\\\/\\\/www.laguiadepamplona.com\\\/actualidad\\\/el-colegio-publico-patxi-larrainzar-estrena-mas-de-3-kilometros-de-caminos-escolares-seguros-para-promover-la-salud-y-la-movilidad-sostenible-al-centro\\\/\"]}]},{\"@type\":\"ImageObject\",\"inLanguage\":\"es\",\"@id\":\"https:\\\/\\\/www.laguiadepamplona.com\\\/actualidad\\\/el-colegio-publico-patxi-larrainzar-estrena-mas-de-3-kilometros-de-caminos-escolares-seguros-para-promover-la-salud-y-la-movilidad-sostenible-al-centro\\\/#primaryimage\",\"url\":\"https:\\\/\\\/www.laguiadepamplona.com\\\/actualidad\\\/wp-content\\\/uploads\\\/2025\\\/03\\\/visitacomisioncaminoscolegiospatxilarainzar2.webp\",\"contentUrl\":\"https:\\\/\\\/www.laguiadepamplona.com\\\/actualidad\\\/wp-content\\\/uploads\\\/2025\\\/03\\\/visitacomisioncaminoscolegiospatxilarainzar2.webp\",\"width\":1000,\"height\":667,\"caption\":\"visita comisi\u00f3n caminos colegios Patxi Larrainzar\"},{\"@type\":\"BreadcrumbList\",\"@id\":\"https:\\\/\\\/www.laguiadepamplona.com\\\/actualidad\\\/el-colegio-publico-patxi-larrainzar-estrena-mas-de-3-kilometros-de-caminos-escolares-seguros-para-promover-la-salud-y-la-movilidad-sostenible-al-centro\\\/#breadcrumb\",\"itemListElement\":[{\"@type\":\"ListItem\",\"position\":1,\"name\":\"Portada\",\"item\":\"https:\\\/\\\/www.laguiadepamplona.com\\\/actualidad\\\/\"},{\"@type\":\"ListItem\",\"position\":2,\"name\":\"El colegio p\u00fablico Patxi Larrainzar estrena m\u00e1s de 3 kil\u00f3metros de caminos escolares seguros para promover la salud y la movilidad sostenible al centro\"}]},{\"@type\":\"WebSite\",\"@id\":\"https:\\\/\\\/www.laguiadepamplona.com\\\/actualidad\\\/#website\",\"url\":\"https:\\\/\\\/www.laguiadepamplona.com\\\/actualidad\\\/\",\"name\":\"La gu\u00eda de Pamplona\",\"description\":\"Noticias de Pamplona\",\"publisher\":{\"@id\":\"https:\\\/\\\/www.laguiadepamplona.com\\\/actualidad\\\/#organization\"},\"potentialAction\":[{\"@type\":\"SearchAction\",\"target\":{\"@type\":\"EntryPoint\",\"urlTemplate\":\"https:\\\/\\\/www.laguiadepamplona.com\\\/actualidad\\\/?s={search_term_string}\"},\"query-input\":{\"@type\":\"PropertyValueSpecification\",\"valueRequired\":true,\"valueName\":\"search_term_string\"}}],\"inLanguage\":\"es\"},{\"@type\":\"Organization\",\"@id\":\"https:\\\/\\\/www.laguiadepamplona.com\\\/actualidad\\\/#organization\",\"name\":\"La Gu\u00eda de Pamplona \\\/ Noticias\",\"url\":\"https:\\\/\\\/www.laguiadepamplona.com\\\/actualidad\\\/\",\"logo\":{\"@type\":\"ImageObject\",\"inLanguage\":\"es\",\"@id\":\"https:\\\/\\\/www.laguiadepamplona.com\\\/actualidad\\\/#\\\/schema\\\/logo\\\/image\\\/\",\"url\":\"https:\\\/\\\/www.laguiadepamplona.com\\\/actualidad\\\/wp-content\\\/uploads\\\/2018\\\/11\\\/logo-laguiadepamplona18-web1.png\",\"contentUrl\":\"https:\\\/\\\/www.laguiadepamplona.com\\\/actualidad\\\/wp-content\\\/uploads\\\/2018\\\/11\\\/logo-laguiadepamplona18-web1.png\",\"width\":600,\"height\":196,\"caption\":\"La Gu\u00eda de Pamplona \\\/ Noticias\"},\"image\":{\"@id\":\"https:\\\/\\\/www.laguiadepamplona.com\\\/actualidad\\\/#\\\/schema\\\/logo\\\/image\\\/\"},\"sameAs\":[\"https:\\\/\\\/www.facebook.com\\\/laguiadepamplonacom-133175176762273\\\/?ref=hl\",\"https:\\\/\\\/x.com\\\/LaGuiadPamplona\",\"https:\\\/\\\/www.instagram.com\\\/la_guia_de_pamplona\\\/\",\"https:\\\/\\\/www.youtube.com\\\/user\\\/laguiadepamplona\"]},{\"@type\":\"Person\",\"@id\":\"https:\\\/\\\/www.laguiadepamplona.com\\\/actualidad\\\/#\\\/schema\\\/person\\\/efe887376f0213d4657c93adc50b1fdb\",\"name\":\"La Gu\u00eda de Pamplona\",\"image\":{\"@type\":\"ImageObject\",\"inLanguage\":\"es\",\"@id\":\"https:\\\/\\\/secure.gravatar.com\\\/avatar\\\/b6992f131dc8d30ab0dff15446e9d346d9dbd95992de0fef795073f5ea83a81c?s=96&d=mm&r=g\",\"url\":\"https:\\\/\\\/secure.gravatar.com\\\/avatar\\\/b6992f131dc8d30ab0dff15446e9d346d9dbd95992de0fef795073f5ea83a81c?s=96&d=mm&r=g\",\"contentUrl\":\"https:\\\/\\\/secure.gravatar.com\\\/avatar\\\/b6992f131dc8d30ab0dff15446e9d346d9dbd95992de0fef795073f5ea83a81c?s=96&d=mm&r=g\",\"caption\":\"La Gu\u00eda de Pamplona\"}}]}<\/script>\n<!-- \/ Yoast SEO plugin. -->","yoast_head_json":{"title":"El colegio p\u00fablico Patxi Larrainzar estrena m\u00e1s de 3 kil\u00f3metros de caminos escolares seguros para promover la salud y la movilidad sostenible al centro","description":"Alumnado de 5\u00ba de Primaria del centro recorre una de las cuatro rutas acompa\u00f1ado por la Comisi\u00f3n de Asuntos Ciudadanos","robots":{"index":"index","follow":"follow","max-snippet":"max-snippet:-1","max-image-preview":"max-image-preview:large","max-video-preview":"max-video-preview:-1"},"canonical":"https:\/\/www.laguiadepamplona.com\/actualidad\/el-colegio-publico-patxi-larrainzar-estrena-mas-de-3-kilometros-de-caminos-escolares-seguros-para-promover-la-salud-y-la-movilidad-sostenible-al-centro\/","og_locale":"es_ES","og_type":"article","og_title":"El colegio p\u00fablico Patxi Larrainzar estrena m\u00e1s de 3 kil\u00f3metros de caminos escolares seguros para promover la salud y la movilidad sostenible al centro","og_description":"Alumnado de 5\u00ba de Primaria del centro recorre una de las cuatro rutas acompa\u00f1ado por la Comisi\u00f3n de Asuntos Ciudadanos","og_url":"https:\/\/www.laguiadepamplona.com\/actualidad\/el-colegio-publico-patxi-larrainzar-estrena-mas-de-3-kilometros-de-caminos-escolares-seguros-para-promover-la-salud-y-la-movilidad-sostenible-al-centro\/","og_site_name":"La Gu\u00eda de Pamplona","article_publisher":"https:\/\/www.facebook.com\/laguiadepamplonacom-133175176762273\/?ref=hl","article_published_time":"2025-03-18T12:40:05+00:00","og_image":[{"width":1000,"height":667,"url":"https:\/\/www.laguiadepamplona.com\/actualidad\/wp-content\/uploads\/2025\/03\/visitacomisioncaminoscolegiospatxilarainzar2.webp","type":"image\/webp"}],"author":"La Gu\u00eda de Pamplona","twitter_card":"summary_large_image","twitter_creator":"@LaGuiadPamplona","twitter_site":"@LaGuiadPamplona","twitter_misc":{"Escrito por":"La Gu\u00eda de Pamplona","Tiempo de lectura":"4 minutos"},"schema":{"@context":"https:\/\/schema.org","@graph":[{"@type":"Article","@id":"https:\/\/www.laguiadepamplona.com\/actualidad\/el-colegio-publico-patxi-larrainzar-estrena-mas-de-3-kilometros-de-caminos-escolares-seguros-para-promover-la-salud-y-la-movilidad-sostenible-al-centro\/#article","isPartOf":{"@id":"https:\/\/www.laguiadepamplona.com\/actualidad\/el-colegio-publico-patxi-larrainzar-estrena-mas-de-3-kilometros-de-caminos-escolares-seguros-para-promover-la-salud-y-la-movilidad-sostenible-al-centro\/"},"author":{"name":"La Gu\u00eda de Pamplona","@id":"https:\/\/www.laguiadepamplona.com\/actualidad\/#\/schema\/person\/efe887376f0213d4657c93adc50b1fdb"},"headline":"El colegio p\u00fablico Patxi Larrainzar estrena m\u00e1s de 3 kil\u00f3metros de caminos escolares seguros para promover la salud y la movilidad sostenible al centro","datePublished":"2025-03-18T12:40:05+00:00","mainEntityOfPage":{"@id":"https:\/\/www.laguiadepamplona.com\/actualidad\/el-colegio-publico-patxi-larrainzar-estrena-mas-de-3-kilometros-de-caminos-escolares-seguros-para-promover-la-salud-y-la-movilidad-sostenible-al-centro\/"},"wordCount":754,"commentCount":0,"publisher":{"@id":"https:\/\/www.laguiadepamplona.com\/actualidad\/#organization"},"image":{"@id":"https:\/\/www.laguiadepamplona.com\/actualidad\/el-colegio-publico-patxi-larrainzar-estrena-mas-de-3-kilometros-de-caminos-escolares-seguros-para-promover-la-salud-y-la-movilidad-sostenible-al-centro\/#primaryimage"},"thumbnailUrl":"https:\/\/www.laguiadepamplona.com\/actualidad\/wp-content\/uploads\/2025\/03\/visitacomisioncaminoscolegiospatxilarainzar2.webp","articleSection":["Ayto Pamplona"],"inLanguage":"es","potentialAction":[{"@type":"CommentAction","name":"Comment","target":["https:\/\/www.laguiadepamplona.com\/actualidad\/el-colegio-publico-patxi-larrainzar-estrena-mas-de-3-kilometros-de-caminos-escolares-seguros-para-promover-la-salud-y-la-movilidad-sostenible-al-centro\/#respond"]}]},{"@type":"WebPage","@id":"https:\/\/www.laguiadepamplona.com\/actualidad\/el-colegio-publico-patxi-larrainzar-estrena-mas-de-3-kilometros-de-caminos-escolares-seguros-para-promover-la-salud-y-la-movilidad-sostenible-al-centro\/","url":"https:\/\/www.laguiadepamplona.com\/actualidad\/el-colegio-publico-patxi-larrainzar-estrena-mas-de-3-kilometros-de-caminos-escolares-seguros-para-promover-la-salud-y-la-movilidad-sostenible-al-centro\/","name":"El colegio p\u00fablico Patxi Larrainzar estrena m\u00e1s de 3 kil\u00f3metros de caminos escolares seguros para promover la salud y la movilidad sostenible al centro","isPartOf":{"@id":"https:\/\/www.laguiadepamplona.com\/actualidad\/#website"},"primaryImageOfPage":{"@id":"https:\/\/www.laguiadepamplona.com\/actualidad\/el-colegio-publico-patxi-larrainzar-estrena-mas-de-3-kilometros-de-caminos-escolares-seguros-para-promover-la-salud-y-la-movilidad-sostenible-al-centro\/#primaryimage"},"image":{"@id":"https:\/\/www.laguiadepamplona.com\/actualidad\/el-colegio-publico-patxi-larrainzar-estrena-mas-de-3-kilometros-de-caminos-escolares-seguros-para-promover-la-salud-y-la-movilidad-sostenible-al-centro\/#primaryimage"},"thumbnailUrl":"https:\/\/www.laguiadepamplona.com\/actualidad\/wp-content\/uploads\/2025\/03\/visitacomisioncaminoscolegiospatxilarainzar2.webp","datePublished":"2025-03-18T12:40:05+00:00","description":"Alumnado de 5\u00ba de Primaria del centro recorre una de las cuatro rutas acompa\u00f1ado por la Comisi\u00f3n de Asuntos Ciudadanos","breadcrumb":{"@id":"https:\/\/www.laguiadepamplona.com\/actualidad\/el-colegio-publico-patxi-larrainzar-estrena-mas-de-3-kilometros-de-caminos-escolares-seguros-para-promover-la-salud-y-la-movilidad-sostenible-al-centro\/#breadcrumb"},"inLanguage":"es","potentialAction":[{"@type":"ReadAction","target":["https:\/\/www.laguiadepamplona.com\/actualidad\/el-colegio-publico-patxi-larrainzar-estrena-mas-de-3-kilometros-de-caminos-escolares-seguros-para-promover-la-salud-y-la-movilidad-sostenible-al-centro\/"]}]},{"@type":"ImageObject","inLanguage":"es","@id":"https:\/\/www.laguiadepamplona.com\/actualidad\/el-colegio-publico-patxi-larrainzar-estrena-mas-de-3-kilometros-de-caminos-escolares-seguros-para-promover-la-salud-y-la-movilidad-sostenible-al-centro\/#primaryimage","url":"https:\/\/www.laguiadepamplona.com\/actualidad\/wp-content\/uploads\/2025\/03\/visitacomisioncaminoscolegiospatxilarainzar2.webp","contentUrl":"https:\/\/www.laguiadepamplona.com\/actualidad\/wp-content\/uploads\/2025\/03\/visitacomisioncaminoscolegiospatxilarainzar2.webp","width":1000,"height":667,"caption":"visita comisi\u00f3n caminos colegios Patxi Larrainzar"},{"@type":"BreadcrumbList","@id":"https:\/\/www.laguiadepamplona.com\/actualidad\/el-colegio-publico-patxi-larrainzar-estrena-mas-de-3-kilometros-de-caminos-escolares-seguros-para-promover-la-salud-y-la-movilidad-sostenible-al-centro\/#breadcrumb","itemListElement":[{"@type":"ListItem","position":1,"name":"Portada","item":"https:\/\/www.laguiadepamplona.com\/actualidad\/"},{"@type":"ListItem","position":2,"name":"El colegio p\u00fablico Patxi Larrainzar estrena m\u00e1s de 3 kil\u00f3metros de caminos escolares seguros para promover la salud y la movilidad sostenible al centro"}]},{"@type":"WebSite","@id":"https:\/\/www.laguiadepamplona.com\/actualidad\/#website","url":"https:\/\/www.laguiadepamplona.com\/actualidad\/","name":"La gu\u00eda de Pamplona","description":"Noticias de Pamplona","publisher":{"@id":"https:\/\/www.laguiadepamplona.com\/actualidad\/#organization"},"potentialAction":[{"@type":"SearchAction","target":{"@type":"EntryPoint","urlTemplate":"https:\/\/www.laguiadepamplona.com\/actualidad\/?s={search_term_string}"},"query-input":{"@type":"PropertyValueSpecification","valueRequired":true,"valueName":"search_term_string"}}],"inLanguage":"es"},{"@type":"Organization","@id":"https:\/\/www.laguiadepamplona.com\/actualidad\/#organization","name":"La Gu\u00eda de Pamplona \/ Noticias","url":"https:\/\/www.laguiadepamplona.com\/actualidad\/","logo":{"@type":"ImageObject","inLanguage":"es","@id":"https:\/\/www.laguiadepamplona.com\/actualidad\/#\/schema\/logo\/image\/","url":"https:\/\/www.laguiadepamplona.com\/actualidad\/wp-content\/uploads\/2018\/11\/logo-laguiadepamplona18-web1.png","contentUrl":"https:\/\/www.laguiadepamplona.com\/actualidad\/wp-content\/uploads\/2018\/11\/logo-laguiadepamplona18-web1.png","width":600,"height":196,"caption":"La Gu\u00eda de Pamplona \/ Noticias"},"image":{"@id":"https:\/\/www.laguiadepamplona.com\/actualidad\/#\/schema\/logo\/image\/"},"sameAs":["https:\/\/www.facebook.com\/laguiadepamplonacom-133175176762273\/?ref=hl","https:\/\/x.com\/LaGuiadPamplona","https:\/\/www.instagram.com\/la_guia_de_pamplona\/","https:\/\/www.youtube.com\/user\/laguiadepamplona"]},{"@type":"Person","@id":"https:\/\/www.laguiadepamplona.com\/actualidad\/#\/schema\/person\/efe887376f0213d4657c93adc50b1fdb","name":"La Gu\u00eda de Pamplona","image":{"@type":"ImageObject","inLanguage":"es","@id":"https:\/\/secure.gravatar.com\/avatar\/b6992f131dc8d30ab0dff15446e9d346d9dbd95992de0fef795073f5ea83a81c?s=96&d=mm&r=g","url":"https:\/\/secure.gravatar.com\/avatar\/b6992f131dc8d30ab0dff15446e9d346d9dbd95992de0fef795073f5ea83a81c?s=96&d=mm&r=g","contentUrl":"https:\/\/secure.gravatar.com\/avatar\/b6992f131dc8d30ab0dff15446e9d346d9dbd95992de0fef795073f5ea83a81c?s=96&d=mm&r=g","caption":"La Gu\u00eda de Pamplona"}}]}},"post_mailing_queue_ids":[],"_links":{"self":[{"href":"https:\/\/www.laguiadepamplona.com\/actualidad\/wp-json\/wp\/v2\/posts\/52408","targetHints":{"allow":["GET"]}}],"collection":[{"href":"https:\/\/www.laguiadepamplona.com\/actualidad\/wp-json\/wp\/v2\/posts"}],"about":[{"href":"https:\/\/www.laguiadepamplona.com\/actualidad\/wp-json\/wp\/v2\/types\/post"}],"author":[{"embeddable":true,"href":"https:\/\/www.laguiadepamplona.com\/actualidad\/wp-json\/wp\/v2\/users\/1"}],"replies":[{"embeddable":true,"href":"https:\/\/www.laguiadepamplona.com\/actualidad\/wp-json\/wp\/v2\/comments?post=52408"}],"version-history":[{"count":1,"href":"https:\/\/www.laguiadepamplona.com\/actualidad\/wp-json\/wp\/v2\/posts\/52408\/revisions"}],"predecessor-version":[{"id":52410,"href":"https:\/\/www.laguiadepamplona.com\/actualidad\/wp-json\/wp\/v2\/posts\/52408\/revisions\/52410"}],"wp:featuredmedia":[{"embeddable":true,"href":"https:\/\/www.laguiadepamplona.com\/actualidad\/wp-json\/wp\/v2\/media\/52409"}],"wp:attachment":[{"href":"https:\/\/www.laguiadepamplona.com\/actualidad\/wp-json\/wp\/v2\/media?parent=52408"}],"wp:term":[{"taxonomy":"category","embeddable":true,"href":"https:\/\/www.laguiadepamplona.com\/actualidad\/wp-json\/wp\/v2\/categories?post=52408"},{"taxonomy":"post_tag","embeddable":true,"href":"https:\/\/www.laguiadepamplona.com\/actualidad\/wp-json\/wp\/v2\/tags?post=52408"}],"curies":[{"name":"wp","href":"https:\/\/api.w.org\/{rel}","templated":true}]}}