{"id":52403,"date":"2025-03-17T19:19:46","date_gmt":"2025-03-17T17:19:46","guid":{"rendered":"https:\/\/www.laguiadepamplona.com\/actualidad\/?p=52403"},"modified":"2025-03-17T19:19:46","modified_gmt":"2025-03-17T17:19:46","slug":"propuesta-de-actividades-organizadas-por-el-ayuntamiento-de-pamplona-del-18-al-20-de-marzo-con-plazas-libres","status":"publish","type":"post","link":"https:\/\/www.laguiadepamplona.com\/actualidad\/propuesta-de-actividades-organizadas-por-el-ayuntamiento-de-pamplona-del-18-al-20-de-marzo-con-plazas-libres\/","title":{"rendered":"Propuesta de actividades organizadas por el Ayuntamiento de Pamplona del 18 al 20 de marzo con plazas libres"},"content":{"rendered":"<p><!--more--><\/p>\n<p><strong>MARTES 18 DE MARZO<\/strong><\/p>\n<p><a href=\"https:\/\/www.pamplona.es\/actualidad\/eventos\/visita-guiada-en-euskera-memoria-historica-un-paseo-por-nuestro-pasado-pamplona\">Visita guiada en euskera. Memoria hist\u00f3rica. Un paseo por nuestro pasado. Pamplona 1936 \u2013 1939. Punto de encuentro: c\/ Taconera 2, 17 horas. Inscripci\u00f3n gratuita a trav\u00e9s del 010, la red Civivox o<\/a> <a href=\"http:\/\/www.pamplonaescultura.es\">www.pamplonaescultura.es<\/a><\/p>\n<p>Recorrido que se detiene en varios de los rincones de la ciudad, donde tuvieron lugar hechos relacionados con la guerra civil espa\u00f1ola y la represi\u00f3n que le sigui\u00f3. El paseo por Pamplona mostrar\u00e1 c\u00f3mo la ciudadan\u00eda fue consciente de la magnitud de lo que estaba sucediendo desde un principio y c\u00f3mo su conducta la posicion\u00f3 dentro de la categor\u00eda de amigo o enemigo. Paseo guiado por Areta Elkartea.<\/p>\n<p><a href=\"https:\/\/www.pamplona.es\/actualidad\/eventos\/taller-de-mentoria-social-taller-participativo-civivox-condestable\">Taller de mentor\u00eda social. Taller participativo. Civivox San Jorge, 18 horas. Entrada libre, hasta completar el aforo<\/a><\/p>\n<p>Acercamiento a la mentor\u00eda social como herramienta de acompa\u00f1amiento a la juventud migrante sin apoyo familiar en Navarra. Con Unai Esparza Ezkurra, del programa Kideak. Actividad realizada en colaboraci\u00f3n con el departamento de Pol\u00edticas Migratorias del Gobierno de Navarra.<\/p>\n<p><a href=\"https:\/\/www.pamplona.es\/actualidad\/eventos\/cuentacuentos-en-euskera-jangarriak-ote-dira-biblioteca-publica-de-mendillorri\">Cuentacuentos en euskera. \u201cJangarriak ote dira?\u201d. Biblioteca P\u00fablica de Mendillorri, 18.15 horas. Inscripci\u00f3n previa en la biblioteca<\/a><\/p>\n<p>Sesi\u00f3n de cuentacuentos en euskera con Ventura Ruiz. Dirigida a p\u00fablico infantil a partir de 4 a\u00f1os.<\/p>\n<p><a href=\"https:\/\/www.pamplona.es\/actualidad\/eventos\/cafeteando-juegos-de-habilidad-casa-de-la-juventud-0\">Cafeteando. Juegos de habilidad. Casa de la Juventud, 18.30 horas. Entrada libre, hasta completar el aforo<\/a><\/p>\n<p>Nueva tarde en la Casa de la Juventud dedicada a juegos de habilidad con diferentes retos con los que demostrar qu\u00e9 puede hacer cada participante.<\/p>\n<p><a href=\"https:\/\/www.pamplona.es\/actualidad\/eventos\/fisioterapia-y-salud-conferencia-que-debo-saber-sobre-las-lumbalgias-civivox\">Fisioterapia y salud. Conferencia. \u00bfQu\u00e9 debo saber sobre las lumbalgias? Civivox Iturrama, 19 horas. Entrada libre, hasta completar el aforo<\/a><\/p>\n<p>La fisioterapia tiene muchas herramientas para combatir esta patolog\u00eda tan frecuente entre personas de todas las edades. En esta charla descubriremos los aspectos m\u00e1s importantes para su prevenci\u00f3n y tratamiento. Con el fisioterapeuta Jos\u00e9 Manuel Rodr\u00edguez. Ciclo realizado en colaboraci\u00f3n con el Colegio Oficial de Fisioterapeutas de Navarra.<\/p>\n<p>&nbsp;<\/p>\n<p><strong>MI\u00c9RCOLES 19 DE MARZO<\/strong><\/p>\n<p><a href=\"https:\/\/www.pamplona.es\/actualidad\/eventos\/cuentacuentos-la-cesta-de-caperucita-biblioteca-publica-de-san-francisco\">Cuentacuentos. \u2018La cesta de Caperucita\u2019. Biblioteca P\u00fablica de San Francisco, 18.30 horas. Entrada libre, hasta completar el aforo<\/a><\/p>\n<p>\u00a1Caperucita no est\u00e1 bien! Le duele la tripa. Su cesta ya no es lo que era. Sesi\u00f3n sobre el superpoder de la compra. Cuentacuentos para toda la familia de la mano de La Diverxa y CPAEN. Para p\u00fablico infantil a partir de 3 a\u00f1os.<\/p>\n<p><a href=\"http:\/\/www.pamplona.es\/actualidad\/eventos\/cafeteando-chocolate-con-libros-casa-de-la-juventud\">Cafeteando. Chocolate con libros. Casa de la Juventud, 18.30 horas. Entrada libre, hasta completar el aforo<\/a><\/p>\n<p>Programa de la Casa de la Juventud para los primeros y terceros mi\u00e9rcoles de mes. Se trata de quedadas de lecturas compartidas de car\u00e1cter informal, pero no tanto para leer el mismo libro, sino para compartir intereses y hacerse recomendaciones. Sesiones que contar\u00e1n con un chocolate caliente procedente de comercio justo. Programa dirigido a j\u00f3venes entre 14 y 30 a\u00f1os.<\/p>\n<p><a href=\"https:\/\/www.pamplona.es\/actualidad\/eventos\/ver-oir-aplaudir-proyeccion-cinematografica-la-maniobra-de-la-tortuga-de-juan\">Ver, o\u00edr, aplaudir. Proyecci\u00f3n cinematogr\u00e1fica. \u2018La maniobra de la tortuga\u2019, de Juan Miguel del Castillo. Civivox Iturrama, 19 horas. Entrada libre, previa inscripci\u00f3n en el 010, la red Civivox o<\/a> <a href=\"http:\/\/www.pamplonaescultura.es\">www.pamplonaescultura.es<\/a><\/p>\n<p>El inspector Manuel Bianquetti se ve forzado a aceptar un traslado a la comisar\u00eda de C\u00e1diz. Su tranquilidad inicial se ver\u00e1 rota por el hallazgo del cad\u00e1ver de una joven que le recordar\u00e1 un pasado que le atormenta. Pese a la oposici\u00f3n de sus superiores, Bianquetti emprender\u00e1 una cruzada solitaria para atrapar al culpable, siguiendo unas evidencias que podr\u00edan ser fruto de su imaginaci\u00f3n. Su vecina, una fr\u00e1gil enfermera acosada por su expareja, parece ser la \u00fanica persona que est\u00e1 de su lado.<\/p>\n<p><a href=\"https:\/\/www.pamplona.es\/actualidad\/eventos\/irriziklo-teatro-de-pequeno-formato-flop-kultura-con-danel-pascual-y-eneko\">IrriZiklo. Teatro de peque\u00f1o formato. \u201cFlop Kultura\u201d, con Danel Pascual y Eneko Garc\u00eda, de Euskalerria Irratia. Escuela Navarra de Teatro, 19 horas. Entrada: 5 euros, en las taquillas de la ENT o en<\/a> <a href=\"http:\/\/www.laescueladeteatro.com\">www.laescueladeteatro.com<\/a><\/p>\n<p>En el podcast \u2018Flop Kultura\u2019, Eneko y Danel expresan su punto de vista sobre diversos aspectos de la actualidad y de la cultura pop, con mucho humor y agilidad, y subrayan los puntos de inter\u00e9s para la actual audiencia diversa. En lugar de procesar las realidades disidentes como elementos ajenos, en la cultura flop la disidencia se convierte en norma, y las opiniones se vierten desde la misma.<\/p>\n<p>&nbsp;<\/p>\n<p><strong>JUEVES 20 DE MARZO<\/strong><\/p>\n<p><a href=\"https:\/\/www.pamplona.es\/actualidad\/eventos\/conferencias-futbol-femenino-mulier-fcn-civivox-mendillorri\">Mulier FCN. Conferencia. Impulsando el futuro: patrocinio y colaboraci\u00f3n en el deporte. Civivox Mendillorri, 18 horas. Entrada libre, hasta completar el aforo<\/a><\/p>\n<p>\u00bfC\u00f3mo enfocan desde su perspectiva el patrocinio o colaboraci\u00f3n las peque\u00f1as y grandes empresas? Ventajas del patrocinio en el deporte femenino, vinculaci\u00f3n a unos valores, o la complejidad ante la falta de visibilidad ser\u00e1n temas de este encuentro. Con Araceli Sesma, directora de Ventas de Replasa, y Javier Mart\u00ednez, director de Obra Social de Caja Rural de Navarra. En colaboraci\u00f3n con Mulier FCN.<\/p>\n<p><a href=\"https:\/\/www.pamplona.es\/actualidad\/eventos\/cuentacuentos-en-euskera-udaberrian-ipuinak-biblioteca-publica-de-milagrosa\">Cuentacuentos en euskera. \u201cUdaberrian? Ipuinak!\u201d. Biblioteca P\u00fablica de Milagrosa, 18 horas. Inscripci\u00f3n previa en la propia biblioteca, el tel\u00e9fono 948 24 54 60 o en<\/a> <a href=\"mailto:biblimil@navarra.es\">biblimil@navarra.es<\/a><\/p>\n<p>Durante una hora, Maitane Perez contar\u00e1 nuevos y apasionantes cuentos. Est\u00e1 a punto de llegar la primavera, y es una excusa como cualquier otra para adentrarnos en mundos m\u00e1gicos y seguir los pasos de los personajes que en ellos viven. Para p\u00fablico infantil entre 4 y 8 a\u00f1os.<\/p>\n<p><a href=\"https:\/\/www.pamplona.es\/actualidad\/eventos\/oh-diosas-amadas-autoras-frente-sus-iconos-literarios-eugenia-tenenbaum-rosario\">Oh, diosas amadas. Autoras frente a sus iconos literarios. Eugenia Tenenbaum: Rosario Castellanos: la mano que quiebra los relojes. Civivox Condestable, 19 horas. Entrada libre, hasta completar el aforo<\/a><\/p>\n<p>Eugenia Tenenbaum, historiadora del arte, divulgadora y comunicadora, elige a Rosario Castellanos como su diosa amada en la tercera sesi\u00f3n: pionera del feminismo mexicano, novelista, poeta, ensayista, dramaturga, adem\u00e1s de diplom\u00e1tica.<\/p>\n<p><a href=\"https:\/\/www.pamplona.es\/actualidad\/eventos\/ciclo-marzo-poetico-cadaver-exquisito-biblioteca-publica-de-txantrea\">Ciclo Marzo Po\u00e9tico. Cad\u00e1ver exquisito. Biblioteca P\u00fablica de Txantrea, 19 horas. Entrada libre, hasta completar el aforo<\/a><\/p>\n<p>Actividad colaborativa y participativa. Las escaleras que suben a la primera planta de la biblioteca ser\u00e1n decoradas con las poes\u00edas que surgir\u00e1n de esta actividad que partir\u00e1 de palabras y jugar\u00e1 con ellas.<\/p>\n<p><a href=\"https:\/\/www.pamplona.es\/actualidad\/eventos\/conferencias-futbol-femenino-mulier-fcn-civivox-mendillorri\">Mulier FCN. Conferencia. Impulsando el futuro: las instituciones en el f\u00fatbol femenino. Civivox Mendillorri, 19.15 horas. Entrada libre, hasta completar el aforo<\/a><\/p>\n<p>Hablaremos de c\u00f3mo desde las instituciones p\u00fablicas y privadas se fomenta el crecimiento de la pr\u00e1ctica deportiva en las mujeres con el objetivo de ser profesionales. Se abordar\u00e1n temas como el profesionalismo en el f\u00fatbol femenino (convenio colectivo, ley de deporte&#8230;), la estructuraci\u00f3n de las competiciones o el desarrollo de las selecciones nacionales. Con Jorge Aguirre, director gerente de INDAF y otros ponentes. En colaboraci\u00f3n con Mulier FCN.<\/p>\n","protected":false},"excerpt":{"rendered":"","protected":false},"author":1,"featured_media":50736,"comment_status":"open","ping_status":"closed","sticky":false,"template":"","format":"standard","meta":{"footnotes":""},"categories":[2],"tags":[],"class_list":["post-52403","post","type-post","status-publish","format-standard","has-post-thumbnail","hentry","category-ayuntamiento-pamplona"],"yoast_head":"<!-- This site is optimized with the Yoast SEO plugin v27.3 - https:\/\/yoast.com\/product\/yoast-seo-wordpress\/ -->\n<title>Propuesta de actividades organizadas por el Ayuntamiento de Pamplona del 18 al 20 de marzo con plazas libres<\/title>\n<meta name=\"robots\" content=\"index, follow, max-snippet:-1, max-image-preview:large, max-video-preview:-1\" \/>\n<link rel=\"canonical\" href=\"https:\/\/www.laguiadepamplona.com\/actualidad\/propuesta-de-actividades-organizadas-por-el-ayuntamiento-de-pamplona-del-18-al-20-de-marzo-con-plazas-libres\/\" \/>\n<meta property=\"og:locale\" content=\"es_ES\" \/>\n<meta property=\"og:type\" content=\"article\" \/>\n<meta property=\"og:title\" content=\"Propuesta de actividades organizadas por el Ayuntamiento de Pamplona del 18 al 20 de marzo con plazas libres\" \/>\n<meta property=\"og:url\" content=\"https:\/\/www.laguiadepamplona.com\/actualidad\/propuesta-de-actividades-organizadas-por-el-ayuntamiento-de-pamplona-del-18-al-20-de-marzo-con-plazas-libres\/\" \/>\n<meta property=\"og:site_name\" content=\"La Gu\u00eda de Pamplona\" \/>\n<meta property=\"article:publisher\" content=\"https:\/\/www.facebook.com\/laguiadepamplonacom-133175176762273\/?ref=hl\" \/>\n<meta property=\"article:published_time\" content=\"2025-03-17T17:19:46+00:00\" \/>\n<meta property=\"og:image\" content=\"https:\/\/www.laguiadepamplona.com\/actualidad\/wp-content\/uploads\/2024\/09\/Fachada-Ayuntamiento_contacto-Comarca_web2.webp\" \/>\n\t<meta property=\"og:image:width\" content=\"1000\" \/>\n\t<meta property=\"og:image:height\" content=\"646\" \/>\n\t<meta property=\"og:image:type\" content=\"image\/webp\" \/>\n<meta name=\"author\" content=\"La Gu\u00eda de Pamplona\" \/>\n<meta name=\"twitter:card\" content=\"summary_large_image\" \/>\n<meta name=\"twitter:creator\" content=\"@LaGuiadPamplona\" \/>\n<meta name=\"twitter:site\" content=\"@LaGuiadPamplona\" \/>\n<meta name=\"twitter:label1\" content=\"Escrito por\" \/>\n\t<meta name=\"twitter:data1\" content=\"La Gu\u00eda de Pamplona\" \/>\n\t<meta name=\"twitter:label2\" content=\"Tiempo de lectura\" \/>\n\t<meta name=\"twitter:data2\" content=\"5 minutos\" \/>\n<script type=\"application\/ld+json\" class=\"yoast-schema-graph\">{\"@context\":\"https:\\\/\\\/schema.org\",\"@graph\":[{\"@type\":\"Article\",\"@id\":\"https:\\\/\\\/www.laguiadepamplona.com\\\/actualidad\\\/propuesta-de-actividades-organizadas-por-el-ayuntamiento-de-pamplona-del-18-al-20-de-marzo-con-plazas-libres\\\/#article\",\"isPartOf\":{\"@id\":\"https:\\\/\\\/www.laguiadepamplona.com\\\/actualidad\\\/propuesta-de-actividades-organizadas-por-el-ayuntamiento-de-pamplona-del-18-al-20-de-marzo-con-plazas-libres\\\/\"},\"author\":{\"name\":\"La Gu\u00eda de Pamplona\",\"@id\":\"https:\\\/\\\/www.laguiadepamplona.com\\\/actualidad\\\/#\\\/schema\\\/person\\\/efe887376f0213d4657c93adc50b1fdb\"},\"headline\":\"Propuesta de actividades organizadas por el Ayuntamiento de Pamplona del 18 al 20 de marzo con plazas libres\",\"datePublished\":\"2025-03-17T17:19:46+00:00\",\"mainEntityOfPage\":{\"@id\":\"https:\\\/\\\/www.laguiadepamplona.com\\\/actualidad\\\/propuesta-de-actividades-organizadas-por-el-ayuntamiento-de-pamplona-del-18-al-20-de-marzo-con-plazas-libres\\\/\"},\"wordCount\":1097,\"commentCount\":0,\"publisher\":{\"@id\":\"https:\\\/\\\/www.laguiadepamplona.com\\\/actualidad\\\/#organization\"},\"image\":{\"@id\":\"https:\\\/\\\/www.laguiadepamplona.com\\\/actualidad\\\/propuesta-de-actividades-organizadas-por-el-ayuntamiento-de-pamplona-del-18-al-20-de-marzo-con-plazas-libres\\\/#primaryimage\"},\"thumbnailUrl\":\"https:\\\/\\\/www.laguiadepamplona.com\\\/actualidad\\\/wp-content\\\/uploads\\\/2024\\\/09\\\/Fachada-Ayuntamiento_contacto-Comarca_web2.webp\",\"articleSection\":[\"Ayto Pamplona\"],\"inLanguage\":\"es\",\"potentialAction\":[{\"@type\":\"CommentAction\",\"name\":\"Comment\",\"target\":[\"https:\\\/\\\/www.laguiadepamplona.com\\\/actualidad\\\/propuesta-de-actividades-organizadas-por-el-ayuntamiento-de-pamplona-del-18-al-20-de-marzo-con-plazas-libres\\\/#respond\"]}]},{\"@type\":\"WebPage\",\"@id\":\"https:\\\/\\\/www.laguiadepamplona.com\\\/actualidad\\\/propuesta-de-actividades-organizadas-por-el-ayuntamiento-de-pamplona-del-18-al-20-de-marzo-con-plazas-libres\\\/\",\"url\":\"https:\\\/\\\/www.laguiadepamplona.com\\\/actualidad\\\/propuesta-de-actividades-organizadas-por-el-ayuntamiento-de-pamplona-del-18-al-20-de-marzo-con-plazas-libres\\\/\",\"name\":\"Propuesta de actividades organizadas por el Ayuntamiento de Pamplona del 18 al 20 de marzo con plazas libres\",\"isPartOf\":{\"@id\":\"https:\\\/\\\/www.laguiadepamplona.com\\\/actualidad\\\/#website\"},\"primaryImageOfPage\":{\"@id\":\"https:\\\/\\\/www.laguiadepamplona.com\\\/actualidad\\\/propuesta-de-actividades-organizadas-por-el-ayuntamiento-de-pamplona-del-18-al-20-de-marzo-con-plazas-libres\\\/#primaryimage\"},\"image\":{\"@id\":\"https:\\\/\\\/www.laguiadepamplona.com\\\/actualidad\\\/propuesta-de-actividades-organizadas-por-el-ayuntamiento-de-pamplona-del-18-al-20-de-marzo-con-plazas-libres\\\/#primaryimage\"},\"thumbnailUrl\":\"https:\\\/\\\/www.laguiadepamplona.com\\\/actualidad\\\/wp-content\\\/uploads\\\/2024\\\/09\\\/Fachada-Ayuntamiento_contacto-Comarca_web2.webp\",\"datePublished\":\"2025-03-17T17:19:46+00:00\",\"breadcrumb\":{\"@id\":\"https:\\\/\\\/www.laguiadepamplona.com\\\/actualidad\\\/propuesta-de-actividades-organizadas-por-el-ayuntamiento-de-pamplona-del-18-al-20-de-marzo-con-plazas-libres\\\/#breadcrumb\"},\"inLanguage\":\"es\",\"potentialAction\":[{\"@type\":\"ReadAction\",\"target\":[\"https:\\\/\\\/www.laguiadepamplona.com\\\/actualidad\\\/propuesta-de-actividades-organizadas-por-el-ayuntamiento-de-pamplona-del-18-al-20-de-marzo-con-plazas-libres\\\/\"]}]},{\"@type\":\"ImageObject\",\"inLanguage\":\"es\",\"@id\":\"https:\\\/\\\/www.laguiadepamplona.com\\\/actualidad\\\/propuesta-de-actividades-organizadas-por-el-ayuntamiento-de-pamplona-del-18-al-20-de-marzo-con-plazas-libres\\\/#primaryimage\",\"url\":\"https:\\\/\\\/www.laguiadepamplona.com\\\/actualidad\\\/wp-content\\\/uploads\\\/2024\\\/09\\\/Fachada-Ayuntamiento_contacto-Comarca_web2.webp\",\"contentUrl\":\"https:\\\/\\\/www.laguiadepamplona.com\\\/actualidad\\\/wp-content\\\/uploads\\\/2024\\\/09\\\/Fachada-Ayuntamiento_contacto-Comarca_web2.webp\",\"width\":1000,\"height\":646,\"caption\":\"fachada ayuntamiento\"},{\"@type\":\"BreadcrumbList\",\"@id\":\"https:\\\/\\\/www.laguiadepamplona.com\\\/actualidad\\\/propuesta-de-actividades-organizadas-por-el-ayuntamiento-de-pamplona-del-18-al-20-de-marzo-con-plazas-libres\\\/#breadcrumb\",\"itemListElement\":[{\"@type\":\"ListItem\",\"position\":1,\"name\":\"Portada\",\"item\":\"https:\\\/\\\/www.laguiadepamplona.com\\\/actualidad\\\/\"},{\"@type\":\"ListItem\",\"position\":2,\"name\":\"Propuesta de actividades organizadas por el Ayuntamiento de Pamplona del 18 al 20 de marzo con plazas libres\"}]},{\"@type\":\"WebSite\",\"@id\":\"https:\\\/\\\/www.laguiadepamplona.com\\\/actualidad\\\/#website\",\"url\":\"https:\\\/\\\/www.laguiadepamplona.com\\\/actualidad\\\/\",\"name\":\"La gu\u00eda de Pamplona\",\"description\":\"Noticias de Pamplona\",\"publisher\":{\"@id\":\"https:\\\/\\\/www.laguiadepamplona.com\\\/actualidad\\\/#organization\"},\"potentialAction\":[{\"@type\":\"SearchAction\",\"target\":{\"@type\":\"EntryPoint\",\"urlTemplate\":\"https:\\\/\\\/www.laguiadepamplona.com\\\/actualidad\\\/?s={search_term_string}\"},\"query-input\":{\"@type\":\"PropertyValueSpecification\",\"valueRequired\":true,\"valueName\":\"search_term_string\"}}],\"inLanguage\":\"es\"},{\"@type\":\"Organization\",\"@id\":\"https:\\\/\\\/www.laguiadepamplona.com\\\/actualidad\\\/#organization\",\"name\":\"La Gu\u00eda de Pamplona \\\/ Noticias\",\"url\":\"https:\\\/\\\/www.laguiadepamplona.com\\\/actualidad\\\/\",\"logo\":{\"@type\":\"ImageObject\",\"inLanguage\":\"es\",\"@id\":\"https:\\\/\\\/www.laguiadepamplona.com\\\/actualidad\\\/#\\\/schema\\\/logo\\\/image\\\/\",\"url\":\"https:\\\/\\\/www.laguiadepamplona.com\\\/actualidad\\\/wp-content\\\/uploads\\\/2018\\\/11\\\/logo-laguiadepamplona18-web1.png\",\"contentUrl\":\"https:\\\/\\\/www.laguiadepamplona.com\\\/actualidad\\\/wp-content\\\/uploads\\\/2018\\\/11\\\/logo-laguiadepamplona18-web1.png\",\"width\":600,\"height\":196,\"caption\":\"La Gu\u00eda de Pamplona \\\/ Noticias\"},\"image\":{\"@id\":\"https:\\\/\\\/www.laguiadepamplona.com\\\/actualidad\\\/#\\\/schema\\\/logo\\\/image\\\/\"},\"sameAs\":[\"https:\\\/\\\/www.facebook.com\\\/laguiadepamplonacom-133175176762273\\\/?ref=hl\",\"https:\\\/\\\/x.com\\\/LaGuiadPamplona\",\"https:\\\/\\\/www.instagram.com\\\/la_guia_de_pamplona\\\/\",\"https:\\\/\\\/www.youtube.com\\\/user\\\/laguiadepamplona\"]},{\"@type\":\"Person\",\"@id\":\"https:\\\/\\\/www.laguiadepamplona.com\\\/actualidad\\\/#\\\/schema\\\/person\\\/efe887376f0213d4657c93adc50b1fdb\",\"name\":\"La Gu\u00eda de Pamplona\",\"image\":{\"@type\":\"ImageObject\",\"inLanguage\":\"es\",\"@id\":\"https:\\\/\\\/secure.gravatar.com\\\/avatar\\\/b6992f131dc8d30ab0dff15446e9d346d9dbd95992de0fef795073f5ea83a81c?s=96&d=mm&r=g\",\"url\":\"https:\\\/\\\/secure.gravatar.com\\\/avatar\\\/b6992f131dc8d30ab0dff15446e9d346d9dbd95992de0fef795073f5ea83a81c?s=96&d=mm&r=g\",\"contentUrl\":\"https:\\\/\\\/secure.gravatar.com\\\/avatar\\\/b6992f131dc8d30ab0dff15446e9d346d9dbd95992de0fef795073f5ea83a81c?s=96&d=mm&r=g\",\"caption\":\"La Gu\u00eda de Pamplona\"}}]}<\/script>\n<!-- \/ Yoast SEO plugin. -->","yoast_head_json":{"title":"Propuesta de actividades organizadas por el Ayuntamiento de Pamplona del 18 al 20 de marzo con plazas libres","robots":{"index":"index","follow":"follow","max-snippet":"max-snippet:-1","max-image-preview":"max-image-preview:large","max-video-preview":"max-video-preview:-1"},"canonical":"https:\/\/www.laguiadepamplona.com\/actualidad\/propuesta-de-actividades-organizadas-por-el-ayuntamiento-de-pamplona-del-18-al-20-de-marzo-con-plazas-libres\/","og_locale":"es_ES","og_type":"article","og_title":"Propuesta de actividades organizadas por el Ayuntamiento de Pamplona del 18 al 20 de marzo con plazas libres","og_url":"https:\/\/www.laguiadepamplona.com\/actualidad\/propuesta-de-actividades-organizadas-por-el-ayuntamiento-de-pamplona-del-18-al-20-de-marzo-con-plazas-libres\/","og_site_name":"La Gu\u00eda de Pamplona","article_publisher":"https:\/\/www.facebook.com\/laguiadepamplonacom-133175176762273\/?ref=hl","article_published_time":"2025-03-17T17:19:46+00:00","og_image":[{"width":1000,"height":646,"url":"https:\/\/www.laguiadepamplona.com\/actualidad\/wp-content\/uploads\/2024\/09\/Fachada-Ayuntamiento_contacto-Comarca_web2.webp","type":"image\/webp"}],"author":"La Gu\u00eda de Pamplona","twitter_card":"summary_large_image","twitter_creator":"@LaGuiadPamplona","twitter_site":"@LaGuiadPamplona","twitter_misc":{"Escrito por":"La Gu\u00eda de Pamplona","Tiempo de lectura":"5 minutos"},"schema":{"@context":"https:\/\/schema.org","@graph":[{"@type":"Article","@id":"https:\/\/www.laguiadepamplona.com\/actualidad\/propuesta-de-actividades-organizadas-por-el-ayuntamiento-de-pamplona-del-18-al-20-de-marzo-con-plazas-libres\/#article","isPartOf":{"@id":"https:\/\/www.laguiadepamplona.com\/actualidad\/propuesta-de-actividades-organizadas-por-el-ayuntamiento-de-pamplona-del-18-al-20-de-marzo-con-plazas-libres\/"},"author":{"name":"La Gu\u00eda de Pamplona","@id":"https:\/\/www.laguiadepamplona.com\/actualidad\/#\/schema\/person\/efe887376f0213d4657c93adc50b1fdb"},"headline":"Propuesta de actividades organizadas por el Ayuntamiento de Pamplona del 18 al 20 de marzo con plazas libres","datePublished":"2025-03-17T17:19:46+00:00","mainEntityOfPage":{"@id":"https:\/\/www.laguiadepamplona.com\/actualidad\/propuesta-de-actividades-organizadas-por-el-ayuntamiento-de-pamplona-del-18-al-20-de-marzo-con-plazas-libres\/"},"wordCount":1097,"commentCount":0,"publisher":{"@id":"https:\/\/www.laguiadepamplona.com\/actualidad\/#organization"},"image":{"@id":"https:\/\/www.laguiadepamplona.com\/actualidad\/propuesta-de-actividades-organizadas-por-el-ayuntamiento-de-pamplona-del-18-al-20-de-marzo-con-plazas-libres\/#primaryimage"},"thumbnailUrl":"https:\/\/www.laguiadepamplona.com\/actualidad\/wp-content\/uploads\/2024\/09\/Fachada-Ayuntamiento_contacto-Comarca_web2.webp","articleSection":["Ayto Pamplona"],"inLanguage":"es","potentialAction":[{"@type":"CommentAction","name":"Comment","target":["https:\/\/www.laguiadepamplona.com\/actualidad\/propuesta-de-actividades-organizadas-por-el-ayuntamiento-de-pamplona-del-18-al-20-de-marzo-con-plazas-libres\/#respond"]}]},{"@type":"WebPage","@id":"https:\/\/www.laguiadepamplona.com\/actualidad\/propuesta-de-actividades-organizadas-por-el-ayuntamiento-de-pamplona-del-18-al-20-de-marzo-con-plazas-libres\/","url":"https:\/\/www.laguiadepamplona.com\/actualidad\/propuesta-de-actividades-organizadas-por-el-ayuntamiento-de-pamplona-del-18-al-20-de-marzo-con-plazas-libres\/","name":"Propuesta de actividades organizadas por el Ayuntamiento de Pamplona del 18 al 20 de marzo con plazas libres","isPartOf":{"@id":"https:\/\/www.laguiadepamplona.com\/actualidad\/#website"},"primaryImageOfPage":{"@id":"https:\/\/www.laguiadepamplona.com\/actualidad\/propuesta-de-actividades-organizadas-por-el-ayuntamiento-de-pamplona-del-18-al-20-de-marzo-con-plazas-libres\/#primaryimage"},"image":{"@id":"https:\/\/www.laguiadepamplona.com\/actualidad\/propuesta-de-actividades-organizadas-por-el-ayuntamiento-de-pamplona-del-18-al-20-de-marzo-con-plazas-libres\/#primaryimage"},"thumbnailUrl":"https:\/\/www.laguiadepamplona.com\/actualidad\/wp-content\/uploads\/2024\/09\/Fachada-Ayuntamiento_contacto-Comarca_web2.webp","datePublished":"2025-03-17T17:19:46+00:00","breadcrumb":{"@id":"https:\/\/www.laguiadepamplona.com\/actualidad\/propuesta-de-actividades-organizadas-por-el-ayuntamiento-de-pamplona-del-18-al-20-de-marzo-con-plazas-libres\/#breadcrumb"},"inLanguage":"es","potentialAction":[{"@type":"ReadAction","target":["https:\/\/www.laguiadepamplona.com\/actualidad\/propuesta-de-actividades-organizadas-por-el-ayuntamiento-de-pamplona-del-18-al-20-de-marzo-con-plazas-libres\/"]}]},{"@type":"ImageObject","inLanguage":"es","@id":"https:\/\/www.laguiadepamplona.com\/actualidad\/propuesta-de-actividades-organizadas-por-el-ayuntamiento-de-pamplona-del-18-al-20-de-marzo-con-plazas-libres\/#primaryimage","url":"https:\/\/www.laguiadepamplona.com\/actualidad\/wp-content\/uploads\/2024\/09\/Fachada-Ayuntamiento_contacto-Comarca_web2.webp","contentUrl":"https:\/\/www.laguiadepamplona.com\/actualidad\/wp-content\/uploads\/2024\/09\/Fachada-Ayuntamiento_contacto-Comarca_web2.webp","width":1000,"height":646,"caption":"fachada ayuntamiento"},{"@type":"BreadcrumbList","@id":"https:\/\/www.laguiadepamplona.com\/actualidad\/propuesta-de-actividades-organizadas-por-el-ayuntamiento-de-pamplona-del-18-al-20-de-marzo-con-plazas-libres\/#breadcrumb","itemListElement":[{"@type":"ListItem","position":1,"name":"Portada","item":"https:\/\/www.laguiadepamplona.com\/actualidad\/"},{"@type":"ListItem","position":2,"name":"Propuesta de actividades organizadas por el Ayuntamiento de Pamplona del 18 al 20 de marzo con plazas libres"}]},{"@type":"WebSite","@id":"https:\/\/www.laguiadepamplona.com\/actualidad\/#website","url":"https:\/\/www.laguiadepamplona.com\/actualidad\/","name":"La gu\u00eda de Pamplona","description":"Noticias de Pamplona","publisher":{"@id":"https:\/\/www.laguiadepamplona.com\/actualidad\/#organization"},"potentialAction":[{"@type":"SearchAction","target":{"@type":"EntryPoint","urlTemplate":"https:\/\/www.laguiadepamplona.com\/actualidad\/?s={search_term_string}"},"query-input":{"@type":"PropertyValueSpecification","valueRequired":true,"valueName":"search_term_string"}}],"inLanguage":"es"},{"@type":"Organization","@id":"https:\/\/www.laguiadepamplona.com\/actualidad\/#organization","name":"La Gu\u00eda de Pamplona \/ Noticias","url":"https:\/\/www.laguiadepamplona.com\/actualidad\/","logo":{"@type":"ImageObject","inLanguage":"es","@id":"https:\/\/www.laguiadepamplona.com\/actualidad\/#\/schema\/logo\/image\/","url":"https:\/\/www.laguiadepamplona.com\/actualidad\/wp-content\/uploads\/2018\/11\/logo-laguiadepamplona18-web1.png","contentUrl":"https:\/\/www.laguiadepamplona.com\/actualidad\/wp-content\/uploads\/2018\/11\/logo-laguiadepamplona18-web1.png","width":600,"height":196,"caption":"La Gu\u00eda de Pamplona \/ Noticias"},"image":{"@id":"https:\/\/www.laguiadepamplona.com\/actualidad\/#\/schema\/logo\/image\/"},"sameAs":["https:\/\/www.facebook.com\/laguiadepamplonacom-133175176762273\/?ref=hl","https:\/\/x.com\/LaGuiadPamplona","https:\/\/www.instagram.com\/la_guia_de_pamplona\/","https:\/\/www.youtube.com\/user\/laguiadepamplona"]},{"@type":"Person","@id":"https:\/\/www.laguiadepamplona.com\/actualidad\/#\/schema\/person\/efe887376f0213d4657c93adc50b1fdb","name":"La Gu\u00eda de Pamplona","image":{"@type":"ImageObject","inLanguage":"es","@id":"https:\/\/secure.gravatar.com\/avatar\/b6992f131dc8d30ab0dff15446e9d346d9dbd95992de0fef795073f5ea83a81c?s=96&d=mm&r=g","url":"https:\/\/secure.gravatar.com\/avatar\/b6992f131dc8d30ab0dff15446e9d346d9dbd95992de0fef795073f5ea83a81c?s=96&d=mm&r=g","contentUrl":"https:\/\/secure.gravatar.com\/avatar\/b6992f131dc8d30ab0dff15446e9d346d9dbd95992de0fef795073f5ea83a81c?s=96&d=mm&r=g","caption":"La Gu\u00eda de Pamplona"}}]}},"post_mailing_queue_ids":[],"_links":{"self":[{"href":"https:\/\/www.laguiadepamplona.com\/actualidad\/wp-json\/wp\/v2\/posts\/52403","targetHints":{"allow":["GET"]}}],"collection":[{"href":"https:\/\/www.laguiadepamplona.com\/actualidad\/wp-json\/wp\/v2\/posts"}],"about":[{"href":"https:\/\/www.laguiadepamplona.com\/actualidad\/wp-json\/wp\/v2\/types\/post"}],"author":[{"embeddable":true,"href":"https:\/\/www.laguiadepamplona.com\/actualidad\/wp-json\/wp\/v2\/users\/1"}],"replies":[{"embeddable":true,"href":"https:\/\/www.laguiadepamplona.com\/actualidad\/wp-json\/wp\/v2\/comments?post=52403"}],"version-history":[{"count":1,"href":"https:\/\/www.laguiadepamplona.com\/actualidad\/wp-json\/wp\/v2\/posts\/52403\/revisions"}],"predecessor-version":[{"id":52404,"href":"https:\/\/www.laguiadepamplona.com\/actualidad\/wp-json\/wp\/v2\/posts\/52403\/revisions\/52404"}],"wp:featuredmedia":[{"embeddable":true,"href":"https:\/\/www.laguiadepamplona.com\/actualidad\/wp-json\/wp\/v2\/media\/50736"}],"wp:attachment":[{"href":"https:\/\/www.laguiadepamplona.com\/actualidad\/wp-json\/wp\/v2\/media?parent=52403"}],"wp:term":[{"taxonomy":"category","embeddable":true,"href":"https:\/\/www.laguiadepamplona.com\/actualidad\/wp-json\/wp\/v2\/categories?post=52403"},{"taxonomy":"post_tag","embeddable":true,"href":"https:\/\/www.laguiadepamplona.com\/actualidad\/wp-json\/wp\/v2\/tags?post=52403"}],"curies":[{"name":"wp","href":"https:\/\/api.w.org\/{rel}","templated":true}]}}