{"id":52400,"date":"2025-03-17T19:18:45","date_gmt":"2025-03-17T17:18:45","guid":{"rendered":"https:\/\/www.laguiadepamplona.com\/actualidad\/?p=52400"},"modified":"2025-03-17T19:18:45","modified_gmt":"2025-03-17T17:18:45","slug":"el-ayuntamiento-de-pamplona-preve-destinar-652-500-euros-en-el-mantenimiento-de-la-senalizacion-horizontal-y-vertical-de-trafico-en-pamplona-durante-2025-y-2026","status":"publish","type":"post","link":"https:\/\/www.laguiadepamplona.com\/actualidad\/el-ayuntamiento-de-pamplona-preve-destinar-652-500-euros-en-el-mantenimiento-de-la-senalizacion-horizontal-y-vertical-de-trafico-en-pamplona-durante-2025-y-2026\/","title":{"rendered":"El Ayuntamiento de Pamplona prev\u00e9 destinar 652.500 euros en el mantenimiento de la se\u00f1alizaci\u00f3n horizontal y vertical de tr\u00e1fico en Pamplona durante 2025 y 2026"},"content":{"rendered":"<h2>El contrato incluye las se\u00f1ales verticales, sem\u00e1foros, pintado de la v\u00eda y elementos auxiliares como cojines berlineses, bolardos y vallas<\/h2>\n<p><!--more--><\/p>\n<p>El Ayuntamiento de Pamplona tiene previsto invertir un m\u00e1ximo de 652.500 euros en el mantenimiento de la se\u00f1alizaci\u00f3n horizontal y vertical de tr\u00e1fico de Pamplona durante este 2025 y 2026. La Junta de Gobierno Local ha aprobado la licitaci\u00f3n del contrato, que incluye tambi\u00e9n el suministro y la instalaci\u00f3n de la se\u00f1alizaci\u00f3n y los elementos auxiliares, como los sistemas reductores de velocidad (cojines berlineses, bandas,\u2026), separadores de carril, vallas y bolardos, entre otros.<\/p>\n<p>La empresa adjudicataria deber\u00e1 realizar distintos tipos de trabajo. En concreto, se prev\u00e9n unas actuaciones peri\u00f3dicas, que incluyen la limpieza de la se\u00f1alizaci\u00f3n vertical, el restablecimiento de postes de sustentaci\u00f3n y la fijaci\u00f3n de elementos que se hayan aflojado o roto, as\u00ed como la limpieza de espejos de propiedad municipal. El contrato incluye, asimismo, la retirada y sustituci\u00f3n de elementos deteriorados y se\u00f1ales con m\u00e1s de doce a\u00f1os de antig\u00fcedad. La empresa presentar\u00e1 semanalmente un listado de las inspecciones realizadas y la labor que se vaya a ejecutar. Las anomal\u00edas detectadas deber\u00e1n resolverse en un m\u00e1ximo de 7 d\u00edas, salvo que se haya recibido aviso previo. En ese caso, deber\u00e1n resolverse en 24 horas.<\/p>\n<p>Al margen de estas actuaciones peri\u00f3dicas, para las que no ser\u00e1 necesaria realizar una orden previa, la adjudicataria deber\u00e1n afrontar tambi\u00e9n trabajos de car\u00e1cter ordinario, de car\u00e1cter urgente, en horario nocturno y en d\u00edas festivos. Estas dos \u00faltimas opciones ser\u00e1n prioritarias en caso de motivos de seguridad o de afecci\u00f3n al tr\u00e1fico, cuando as\u00ed lo decidan los servicios t\u00e9cnicos municipales.<\/p>\n<p>El Ayuntamiento licita ahora este contrato, despu\u00e9s de que se hayan agotado las pr\u00f3rrogas del anterior, suscrito en 2022. La licitaci\u00f3n actual prev\u00e9 una duraci\u00f3n de a\u00f1o y medio, desde el 1 de julio de este a\u00f1o hasta el 31 de diciembre de 2026. Para ello, se han reservado 217.500 euros para lo que resta de 2025 y 435.000 euros para el pr\u00f3ximo a\u00f1o. Adem\u00e1s, se prev\u00e9n dos pr\u00f3rrogas, para 2027 y 2028. De esta forma el gasto total de todo el contrato, incluidas las pr\u00f3rrogas, ser\u00e1, como m\u00e1ximo 1.522.500 euros.<\/p>\n<p><strong>Contrato mixto, de servicios y de suministro<\/strong><\/p>\n<p>El mantenimiento de la se\u00f1alizaci\u00f3n horizontal y vertical de tr\u00e1fico se engloba en un contrato mixto de servicio, por un lado, y de suministro de elementos y se\u00f1ales. Para poder optar a esta licitaci\u00f3n, se tendr\u00e1 en cuenta la solvencia econ\u00f3mica y financiera, acreditando un volumen de negocio en los ejercicios 2022, 2023 y 2024 igual o superior a 350.000 euros anuales.<\/p>\n<p>En la selecci\u00f3n se valorar\u00e1n criterios no cuantificables mediante f\u00f3rmulas, con hasta 50 puntos. Entre estos criterios se incluye el plan de gesti\u00f3n de contrato, valorado con hasta 35 puntos. En este plan se deber\u00e1 incluir la planificaci\u00f3n de los trabajos (10 puntos), la operativa del contrato (10 puntos) y los recursos aportados (15 puntos). Adem\u00e1s, se deber\u00e1 realizar un estudio de la se\u00f1alizaci\u00f3n vertical y horizontal en la ciudad, que se valorar\u00e1 con 4 puntos m\u00e1ximo. Otros cinco puntos se asignar\u00e1n en funci\u00f3n del plan de aseguramiento de la calidad y los seis restantes se adjudicar\u00e1n de acuerdo con el plan de gesti\u00f3n ambiental.<\/p>\n<p>Los otros 50 puntos se conceder\u00e1n a trav\u00e9s de criterios cuantificables mediante f\u00f3rmulas. As\u00ed, la oferta econ\u00f3mica se llevar\u00e1 un m\u00e1ximo de 40 puntos. Se asignar\u00e1n seis puntos m\u00e1s por la formaci\u00f3n de los empleados y otros cuatro en funci\u00f3n del plan de conciliaci\u00f3n de la vida personal y laboral de la empresa.<\/p>\n","protected":false},"excerpt":{"rendered":"<p>El contrato incluye las se\u00f1ales verticales, sem\u00e1foros, pintado de la v\u00eda y elementos auxiliares como cojines berlineses, bolardos y vallas<\/p>\n","protected":false},"author":1,"featured_media":52401,"comment_status":"open","ping_status":"closed","sticky":false,"template":"","format":"standard","meta":{"footnotes":""},"categories":[2],"tags":[],"class_list":["post-52400","post","type-post","status-publish","format-standard","has-post-thumbnail","hentry","category-ayuntamiento-pamplona"],"yoast_head":"<!-- This site is optimized with the Yoast SEO plugin v27.3 - https:\/\/yoast.com\/product\/yoast-seo-wordpress\/ -->\n<title>El Ayuntamiento de Pamplona prev\u00e9 destinar 652.500 euros en el mantenimiento de la se\u00f1alizaci\u00f3n horizontal y vertical de tr\u00e1fico en Pamplona durante 2025 y 2026<\/title>\n<meta name=\"description\" content=\"El contrato incluye las se\u00f1ales verticales, sem\u00e1foros, pintado de la v\u00eda y elementos auxiliares como cojines berlineses, bolardos y vallas\" \/>\n<meta name=\"robots\" content=\"index, follow, max-snippet:-1, max-image-preview:large, max-video-preview:-1\" \/>\n<link rel=\"canonical\" href=\"https:\/\/www.laguiadepamplona.com\/actualidad\/el-ayuntamiento-de-pamplona-preve-destinar-652-500-euros-en-el-mantenimiento-de-la-senalizacion-horizontal-y-vertical-de-trafico-en-pamplona-durante-2025-y-2026\/\" \/>\n<meta property=\"og:locale\" content=\"es_ES\" \/>\n<meta property=\"og:type\" content=\"article\" \/>\n<meta property=\"og:title\" content=\"El Ayuntamiento de Pamplona prev\u00e9 destinar 652.500 euros en el mantenimiento de la se\u00f1alizaci\u00f3n horizontal y vertical de tr\u00e1fico en Pamplona durante 2025 y 2026\" \/>\n<meta property=\"og:description\" content=\"El contrato incluye las se\u00f1ales verticales, sem\u00e1foros, pintado de la v\u00eda y elementos auxiliares como cojines berlineses, bolardos y vallas\" \/>\n<meta property=\"og:url\" content=\"https:\/\/www.laguiadepamplona.com\/actualidad\/el-ayuntamiento-de-pamplona-preve-destinar-652-500-euros-en-el-mantenimiento-de-la-senalizacion-horizontal-y-vertical-de-trafico-en-pamplona-durante-2025-y-2026\/\" \/>\n<meta property=\"og:site_name\" content=\"La Gu\u00eda de Pamplona\" \/>\n<meta property=\"article:publisher\" content=\"https:\/\/www.facebook.com\/laguiadepamplonacom-133175176762273\/?ref=hl\" \/>\n<meta property=\"article:published_time\" content=\"2025-03-17T17:18:45+00:00\" \/>\n<meta property=\"og:image\" content=\"https:\/\/www.laguiadepamplona.com\/actualidad\/wp-content\/uploads\/2025\/03\/senalizacion_web.webp\" \/>\n\t<meta property=\"og:image:width\" content=\"984\" \/>\n\t<meta property=\"og:image:height\" content=\"656\" \/>\n\t<meta property=\"og:image:type\" content=\"image\/webp\" \/>\n<meta name=\"author\" content=\"La Gu\u00eda de Pamplona\" \/>\n<meta name=\"twitter:card\" content=\"summary_large_image\" \/>\n<meta name=\"twitter:creator\" content=\"@LaGuiadPamplona\" \/>\n<meta name=\"twitter:site\" content=\"@LaGuiadPamplona\" \/>\n<meta name=\"twitter:label1\" content=\"Escrito por\" \/>\n\t<meta name=\"twitter:data1\" content=\"La Gu\u00eda de Pamplona\" \/>\n\t<meta name=\"twitter:label2\" content=\"Tiempo de lectura\" \/>\n\t<meta name=\"twitter:data2\" content=\"3 minutos\" \/>\n<script type=\"application\/ld+json\" class=\"yoast-schema-graph\">{\"@context\":\"https:\\\/\\\/schema.org\",\"@graph\":[{\"@type\":\"Article\",\"@id\":\"https:\\\/\\\/www.laguiadepamplona.com\\\/actualidad\\\/el-ayuntamiento-de-pamplona-preve-destinar-652-500-euros-en-el-mantenimiento-de-la-senalizacion-horizontal-y-vertical-de-trafico-en-pamplona-durante-2025-y-2026\\\/#article\",\"isPartOf\":{\"@id\":\"https:\\\/\\\/www.laguiadepamplona.com\\\/actualidad\\\/el-ayuntamiento-de-pamplona-preve-destinar-652-500-euros-en-el-mantenimiento-de-la-senalizacion-horizontal-y-vertical-de-trafico-en-pamplona-durante-2025-y-2026\\\/\"},\"author\":{\"name\":\"La Gu\u00eda de Pamplona\",\"@id\":\"https:\\\/\\\/www.laguiadepamplona.com\\\/actualidad\\\/#\\\/schema\\\/person\\\/efe887376f0213d4657c93adc50b1fdb\"},\"headline\":\"El Ayuntamiento de Pamplona prev\u00e9 destinar 652.500 euros en el mantenimiento de la se\u00f1alizaci\u00f3n horizontal y vertical de tr\u00e1fico en Pamplona durante 2025 y 2026\",\"datePublished\":\"2025-03-17T17:18:45+00:00\",\"mainEntityOfPage\":{\"@id\":\"https:\\\/\\\/www.laguiadepamplona.com\\\/actualidad\\\/el-ayuntamiento-de-pamplona-preve-destinar-652-500-euros-en-el-mantenimiento-de-la-senalizacion-horizontal-y-vertical-de-trafico-en-pamplona-durante-2025-y-2026\\\/\"},\"wordCount\":663,\"commentCount\":0,\"publisher\":{\"@id\":\"https:\\\/\\\/www.laguiadepamplona.com\\\/actualidad\\\/#organization\"},\"image\":{\"@id\":\"https:\\\/\\\/www.laguiadepamplona.com\\\/actualidad\\\/el-ayuntamiento-de-pamplona-preve-destinar-652-500-euros-en-el-mantenimiento-de-la-senalizacion-horizontal-y-vertical-de-trafico-en-pamplona-durante-2025-y-2026\\\/#primaryimage\"},\"thumbnailUrl\":\"https:\\\/\\\/www.laguiadepamplona.com\\\/actualidad\\\/wp-content\\\/uploads\\\/2025\\\/03\\\/senalizacion_web.webp\",\"articleSection\":[\"Ayto Pamplona\"],\"inLanguage\":\"es\",\"potentialAction\":[{\"@type\":\"CommentAction\",\"name\":\"Comment\",\"target\":[\"https:\\\/\\\/www.laguiadepamplona.com\\\/actualidad\\\/el-ayuntamiento-de-pamplona-preve-destinar-652-500-euros-en-el-mantenimiento-de-la-senalizacion-horizontal-y-vertical-de-trafico-en-pamplona-durante-2025-y-2026\\\/#respond\"]}]},{\"@type\":\"WebPage\",\"@id\":\"https:\\\/\\\/www.laguiadepamplona.com\\\/actualidad\\\/el-ayuntamiento-de-pamplona-preve-destinar-652-500-euros-en-el-mantenimiento-de-la-senalizacion-horizontal-y-vertical-de-trafico-en-pamplona-durante-2025-y-2026\\\/\",\"url\":\"https:\\\/\\\/www.laguiadepamplona.com\\\/actualidad\\\/el-ayuntamiento-de-pamplona-preve-destinar-652-500-euros-en-el-mantenimiento-de-la-senalizacion-horizontal-y-vertical-de-trafico-en-pamplona-durante-2025-y-2026\\\/\",\"name\":\"El Ayuntamiento de Pamplona prev\u00e9 destinar 652.500 euros en el mantenimiento de la se\u00f1alizaci\u00f3n horizontal y vertical de tr\u00e1fico en Pamplona durante 2025 y 2026\",\"isPartOf\":{\"@id\":\"https:\\\/\\\/www.laguiadepamplona.com\\\/actualidad\\\/#website\"},\"primaryImageOfPage\":{\"@id\":\"https:\\\/\\\/www.laguiadepamplona.com\\\/actualidad\\\/el-ayuntamiento-de-pamplona-preve-destinar-652-500-euros-en-el-mantenimiento-de-la-senalizacion-horizontal-y-vertical-de-trafico-en-pamplona-durante-2025-y-2026\\\/#primaryimage\"},\"image\":{\"@id\":\"https:\\\/\\\/www.laguiadepamplona.com\\\/actualidad\\\/el-ayuntamiento-de-pamplona-preve-destinar-652-500-euros-en-el-mantenimiento-de-la-senalizacion-horizontal-y-vertical-de-trafico-en-pamplona-durante-2025-y-2026\\\/#primaryimage\"},\"thumbnailUrl\":\"https:\\\/\\\/www.laguiadepamplona.com\\\/actualidad\\\/wp-content\\\/uploads\\\/2025\\\/03\\\/senalizacion_web.webp\",\"datePublished\":\"2025-03-17T17:18:45+00:00\",\"description\":\"El contrato incluye las se\u00f1ales verticales, sem\u00e1foros, pintado de la v\u00eda y elementos auxiliares como cojines berlineses, bolardos y vallas\",\"breadcrumb\":{\"@id\":\"https:\\\/\\\/www.laguiadepamplona.com\\\/actualidad\\\/el-ayuntamiento-de-pamplona-preve-destinar-652-500-euros-en-el-mantenimiento-de-la-senalizacion-horizontal-y-vertical-de-trafico-en-pamplona-durante-2025-y-2026\\\/#breadcrumb\"},\"inLanguage\":\"es\",\"potentialAction\":[{\"@type\":\"ReadAction\",\"target\":[\"https:\\\/\\\/www.laguiadepamplona.com\\\/actualidad\\\/el-ayuntamiento-de-pamplona-preve-destinar-652-500-euros-en-el-mantenimiento-de-la-senalizacion-horizontal-y-vertical-de-trafico-en-pamplona-durante-2025-y-2026\\\/\"]}]},{\"@type\":\"ImageObject\",\"inLanguage\":\"es\",\"@id\":\"https:\\\/\\\/www.laguiadepamplona.com\\\/actualidad\\\/el-ayuntamiento-de-pamplona-preve-destinar-652-500-euros-en-el-mantenimiento-de-la-senalizacion-horizontal-y-vertical-de-trafico-en-pamplona-durante-2025-y-2026\\\/#primaryimage\",\"url\":\"https:\\\/\\\/www.laguiadepamplona.com\\\/actualidad\\\/wp-content\\\/uploads\\\/2025\\\/03\\\/senalizacion_web.webp\",\"contentUrl\":\"https:\\\/\\\/www.laguiadepamplona.com\\\/actualidad\\\/wp-content\\\/uploads\\\/2025\\\/03\\\/senalizacion_web.webp\",\"width\":984,\"height\":656,\"caption\":\"se\u00f1alizaci\u00f3n\"},{\"@type\":\"BreadcrumbList\",\"@id\":\"https:\\\/\\\/www.laguiadepamplona.com\\\/actualidad\\\/el-ayuntamiento-de-pamplona-preve-destinar-652-500-euros-en-el-mantenimiento-de-la-senalizacion-horizontal-y-vertical-de-trafico-en-pamplona-durante-2025-y-2026\\\/#breadcrumb\",\"itemListElement\":[{\"@type\":\"ListItem\",\"position\":1,\"name\":\"Portada\",\"item\":\"https:\\\/\\\/www.laguiadepamplona.com\\\/actualidad\\\/\"},{\"@type\":\"ListItem\",\"position\":2,\"name\":\"El Ayuntamiento de Pamplona prev\u00e9 destinar 652.500 euros en el mantenimiento de la se\u00f1alizaci\u00f3n horizontal y vertical de tr\u00e1fico en Pamplona durante 2025 y 2026\"}]},{\"@type\":\"WebSite\",\"@id\":\"https:\\\/\\\/www.laguiadepamplona.com\\\/actualidad\\\/#website\",\"url\":\"https:\\\/\\\/www.laguiadepamplona.com\\\/actualidad\\\/\",\"name\":\"La gu\u00eda de Pamplona\",\"description\":\"Noticias de Pamplona\",\"publisher\":{\"@id\":\"https:\\\/\\\/www.laguiadepamplona.com\\\/actualidad\\\/#organization\"},\"potentialAction\":[{\"@type\":\"SearchAction\",\"target\":{\"@type\":\"EntryPoint\",\"urlTemplate\":\"https:\\\/\\\/www.laguiadepamplona.com\\\/actualidad\\\/?s={search_term_string}\"},\"query-input\":{\"@type\":\"PropertyValueSpecification\",\"valueRequired\":true,\"valueName\":\"search_term_string\"}}],\"inLanguage\":\"es\"},{\"@type\":\"Organization\",\"@id\":\"https:\\\/\\\/www.laguiadepamplona.com\\\/actualidad\\\/#organization\",\"name\":\"La Gu\u00eda de Pamplona \\\/ Noticias\",\"url\":\"https:\\\/\\\/www.laguiadepamplona.com\\\/actualidad\\\/\",\"logo\":{\"@type\":\"ImageObject\",\"inLanguage\":\"es\",\"@id\":\"https:\\\/\\\/www.laguiadepamplona.com\\\/actualidad\\\/#\\\/schema\\\/logo\\\/image\\\/\",\"url\":\"https:\\\/\\\/www.laguiadepamplona.com\\\/actualidad\\\/wp-content\\\/uploads\\\/2018\\\/11\\\/logo-laguiadepamplona18-web1.png\",\"contentUrl\":\"https:\\\/\\\/www.laguiadepamplona.com\\\/actualidad\\\/wp-content\\\/uploads\\\/2018\\\/11\\\/logo-laguiadepamplona18-web1.png\",\"width\":600,\"height\":196,\"caption\":\"La Gu\u00eda de Pamplona \\\/ Noticias\"},\"image\":{\"@id\":\"https:\\\/\\\/www.laguiadepamplona.com\\\/actualidad\\\/#\\\/schema\\\/logo\\\/image\\\/\"},\"sameAs\":[\"https:\\\/\\\/www.facebook.com\\\/laguiadepamplonacom-133175176762273\\\/?ref=hl\",\"https:\\\/\\\/x.com\\\/LaGuiadPamplona\",\"https:\\\/\\\/www.instagram.com\\\/la_guia_de_pamplona\\\/\",\"https:\\\/\\\/www.youtube.com\\\/user\\\/laguiadepamplona\"]},{\"@type\":\"Person\",\"@id\":\"https:\\\/\\\/www.laguiadepamplona.com\\\/actualidad\\\/#\\\/schema\\\/person\\\/efe887376f0213d4657c93adc50b1fdb\",\"name\":\"La Gu\u00eda de Pamplona\",\"image\":{\"@type\":\"ImageObject\",\"inLanguage\":\"es\",\"@id\":\"https:\\\/\\\/secure.gravatar.com\\\/avatar\\\/b6992f131dc8d30ab0dff15446e9d346d9dbd95992de0fef795073f5ea83a81c?s=96&d=mm&r=g\",\"url\":\"https:\\\/\\\/secure.gravatar.com\\\/avatar\\\/b6992f131dc8d30ab0dff15446e9d346d9dbd95992de0fef795073f5ea83a81c?s=96&d=mm&r=g\",\"contentUrl\":\"https:\\\/\\\/secure.gravatar.com\\\/avatar\\\/b6992f131dc8d30ab0dff15446e9d346d9dbd95992de0fef795073f5ea83a81c?s=96&d=mm&r=g\",\"caption\":\"La Gu\u00eda de Pamplona\"}}]}<\/script>\n<!-- \/ Yoast SEO plugin. -->","yoast_head_json":{"title":"El Ayuntamiento de Pamplona prev\u00e9 destinar 652.500 euros en el mantenimiento de la se\u00f1alizaci\u00f3n horizontal y vertical de tr\u00e1fico en Pamplona durante 2025 y 2026","description":"El contrato incluye las se\u00f1ales verticales, sem\u00e1foros, pintado de la v\u00eda y elementos auxiliares como cojines berlineses, bolardos y vallas","robots":{"index":"index","follow":"follow","max-snippet":"max-snippet:-1","max-image-preview":"max-image-preview:large","max-video-preview":"max-video-preview:-1"},"canonical":"https:\/\/www.laguiadepamplona.com\/actualidad\/el-ayuntamiento-de-pamplona-preve-destinar-652-500-euros-en-el-mantenimiento-de-la-senalizacion-horizontal-y-vertical-de-trafico-en-pamplona-durante-2025-y-2026\/","og_locale":"es_ES","og_type":"article","og_title":"El Ayuntamiento de Pamplona prev\u00e9 destinar 652.500 euros en el mantenimiento de la se\u00f1alizaci\u00f3n horizontal y vertical de tr\u00e1fico en Pamplona durante 2025 y 2026","og_description":"El contrato incluye las se\u00f1ales verticales, sem\u00e1foros, pintado de la v\u00eda y elementos auxiliares como cojines berlineses, bolardos y vallas","og_url":"https:\/\/www.laguiadepamplona.com\/actualidad\/el-ayuntamiento-de-pamplona-preve-destinar-652-500-euros-en-el-mantenimiento-de-la-senalizacion-horizontal-y-vertical-de-trafico-en-pamplona-durante-2025-y-2026\/","og_site_name":"La Gu\u00eda de Pamplona","article_publisher":"https:\/\/www.facebook.com\/laguiadepamplonacom-133175176762273\/?ref=hl","article_published_time":"2025-03-17T17:18:45+00:00","og_image":[{"width":984,"height":656,"url":"https:\/\/www.laguiadepamplona.com\/actualidad\/wp-content\/uploads\/2025\/03\/senalizacion_web.webp","type":"image\/webp"}],"author":"La Gu\u00eda de Pamplona","twitter_card":"summary_large_image","twitter_creator":"@LaGuiadPamplona","twitter_site":"@LaGuiadPamplona","twitter_misc":{"Escrito por":"La Gu\u00eda de Pamplona","Tiempo de lectura":"3 minutos"},"schema":{"@context":"https:\/\/schema.org","@graph":[{"@type":"Article","@id":"https:\/\/www.laguiadepamplona.com\/actualidad\/el-ayuntamiento-de-pamplona-preve-destinar-652-500-euros-en-el-mantenimiento-de-la-senalizacion-horizontal-y-vertical-de-trafico-en-pamplona-durante-2025-y-2026\/#article","isPartOf":{"@id":"https:\/\/www.laguiadepamplona.com\/actualidad\/el-ayuntamiento-de-pamplona-preve-destinar-652-500-euros-en-el-mantenimiento-de-la-senalizacion-horizontal-y-vertical-de-trafico-en-pamplona-durante-2025-y-2026\/"},"author":{"name":"La Gu\u00eda de Pamplona","@id":"https:\/\/www.laguiadepamplona.com\/actualidad\/#\/schema\/person\/efe887376f0213d4657c93adc50b1fdb"},"headline":"El Ayuntamiento de Pamplona prev\u00e9 destinar 652.500 euros en el mantenimiento de la se\u00f1alizaci\u00f3n horizontal y vertical de tr\u00e1fico en Pamplona durante 2025 y 2026","datePublished":"2025-03-17T17:18:45+00:00","mainEntityOfPage":{"@id":"https:\/\/www.laguiadepamplona.com\/actualidad\/el-ayuntamiento-de-pamplona-preve-destinar-652-500-euros-en-el-mantenimiento-de-la-senalizacion-horizontal-y-vertical-de-trafico-en-pamplona-durante-2025-y-2026\/"},"wordCount":663,"commentCount":0,"publisher":{"@id":"https:\/\/www.laguiadepamplona.com\/actualidad\/#organization"},"image":{"@id":"https:\/\/www.laguiadepamplona.com\/actualidad\/el-ayuntamiento-de-pamplona-preve-destinar-652-500-euros-en-el-mantenimiento-de-la-senalizacion-horizontal-y-vertical-de-trafico-en-pamplona-durante-2025-y-2026\/#primaryimage"},"thumbnailUrl":"https:\/\/www.laguiadepamplona.com\/actualidad\/wp-content\/uploads\/2025\/03\/senalizacion_web.webp","articleSection":["Ayto Pamplona"],"inLanguage":"es","potentialAction":[{"@type":"CommentAction","name":"Comment","target":["https:\/\/www.laguiadepamplona.com\/actualidad\/el-ayuntamiento-de-pamplona-preve-destinar-652-500-euros-en-el-mantenimiento-de-la-senalizacion-horizontal-y-vertical-de-trafico-en-pamplona-durante-2025-y-2026\/#respond"]}]},{"@type":"WebPage","@id":"https:\/\/www.laguiadepamplona.com\/actualidad\/el-ayuntamiento-de-pamplona-preve-destinar-652-500-euros-en-el-mantenimiento-de-la-senalizacion-horizontal-y-vertical-de-trafico-en-pamplona-durante-2025-y-2026\/","url":"https:\/\/www.laguiadepamplona.com\/actualidad\/el-ayuntamiento-de-pamplona-preve-destinar-652-500-euros-en-el-mantenimiento-de-la-senalizacion-horizontal-y-vertical-de-trafico-en-pamplona-durante-2025-y-2026\/","name":"El Ayuntamiento de Pamplona prev\u00e9 destinar 652.500 euros en el mantenimiento de la se\u00f1alizaci\u00f3n horizontal y vertical de tr\u00e1fico en Pamplona durante 2025 y 2026","isPartOf":{"@id":"https:\/\/www.laguiadepamplona.com\/actualidad\/#website"},"primaryImageOfPage":{"@id":"https:\/\/www.laguiadepamplona.com\/actualidad\/el-ayuntamiento-de-pamplona-preve-destinar-652-500-euros-en-el-mantenimiento-de-la-senalizacion-horizontal-y-vertical-de-trafico-en-pamplona-durante-2025-y-2026\/#primaryimage"},"image":{"@id":"https:\/\/www.laguiadepamplona.com\/actualidad\/el-ayuntamiento-de-pamplona-preve-destinar-652-500-euros-en-el-mantenimiento-de-la-senalizacion-horizontal-y-vertical-de-trafico-en-pamplona-durante-2025-y-2026\/#primaryimage"},"thumbnailUrl":"https:\/\/www.laguiadepamplona.com\/actualidad\/wp-content\/uploads\/2025\/03\/senalizacion_web.webp","datePublished":"2025-03-17T17:18:45+00:00","description":"El contrato incluye las se\u00f1ales verticales, sem\u00e1foros, pintado de la v\u00eda y elementos auxiliares como cojines berlineses, bolardos y vallas","breadcrumb":{"@id":"https:\/\/www.laguiadepamplona.com\/actualidad\/el-ayuntamiento-de-pamplona-preve-destinar-652-500-euros-en-el-mantenimiento-de-la-senalizacion-horizontal-y-vertical-de-trafico-en-pamplona-durante-2025-y-2026\/#breadcrumb"},"inLanguage":"es","potentialAction":[{"@type":"ReadAction","target":["https:\/\/www.laguiadepamplona.com\/actualidad\/el-ayuntamiento-de-pamplona-preve-destinar-652-500-euros-en-el-mantenimiento-de-la-senalizacion-horizontal-y-vertical-de-trafico-en-pamplona-durante-2025-y-2026\/"]}]},{"@type":"ImageObject","inLanguage":"es","@id":"https:\/\/www.laguiadepamplona.com\/actualidad\/el-ayuntamiento-de-pamplona-preve-destinar-652-500-euros-en-el-mantenimiento-de-la-senalizacion-horizontal-y-vertical-de-trafico-en-pamplona-durante-2025-y-2026\/#primaryimage","url":"https:\/\/www.laguiadepamplona.com\/actualidad\/wp-content\/uploads\/2025\/03\/senalizacion_web.webp","contentUrl":"https:\/\/www.laguiadepamplona.com\/actualidad\/wp-content\/uploads\/2025\/03\/senalizacion_web.webp","width":984,"height":656,"caption":"se\u00f1alizaci\u00f3n"},{"@type":"BreadcrumbList","@id":"https:\/\/www.laguiadepamplona.com\/actualidad\/el-ayuntamiento-de-pamplona-preve-destinar-652-500-euros-en-el-mantenimiento-de-la-senalizacion-horizontal-y-vertical-de-trafico-en-pamplona-durante-2025-y-2026\/#breadcrumb","itemListElement":[{"@type":"ListItem","position":1,"name":"Portada","item":"https:\/\/www.laguiadepamplona.com\/actualidad\/"},{"@type":"ListItem","position":2,"name":"El Ayuntamiento de Pamplona prev\u00e9 destinar 652.500 euros en el mantenimiento de la se\u00f1alizaci\u00f3n horizontal y vertical de tr\u00e1fico en Pamplona durante 2025 y 2026"}]},{"@type":"WebSite","@id":"https:\/\/www.laguiadepamplona.com\/actualidad\/#website","url":"https:\/\/www.laguiadepamplona.com\/actualidad\/","name":"La gu\u00eda de Pamplona","description":"Noticias de Pamplona","publisher":{"@id":"https:\/\/www.laguiadepamplona.com\/actualidad\/#organization"},"potentialAction":[{"@type":"SearchAction","target":{"@type":"EntryPoint","urlTemplate":"https:\/\/www.laguiadepamplona.com\/actualidad\/?s={search_term_string}"},"query-input":{"@type":"PropertyValueSpecification","valueRequired":true,"valueName":"search_term_string"}}],"inLanguage":"es"},{"@type":"Organization","@id":"https:\/\/www.laguiadepamplona.com\/actualidad\/#organization","name":"La Gu\u00eda de Pamplona \/ Noticias","url":"https:\/\/www.laguiadepamplona.com\/actualidad\/","logo":{"@type":"ImageObject","inLanguage":"es","@id":"https:\/\/www.laguiadepamplona.com\/actualidad\/#\/schema\/logo\/image\/","url":"https:\/\/www.laguiadepamplona.com\/actualidad\/wp-content\/uploads\/2018\/11\/logo-laguiadepamplona18-web1.png","contentUrl":"https:\/\/www.laguiadepamplona.com\/actualidad\/wp-content\/uploads\/2018\/11\/logo-laguiadepamplona18-web1.png","width":600,"height":196,"caption":"La Gu\u00eda de Pamplona \/ Noticias"},"image":{"@id":"https:\/\/www.laguiadepamplona.com\/actualidad\/#\/schema\/logo\/image\/"},"sameAs":["https:\/\/www.facebook.com\/laguiadepamplonacom-133175176762273\/?ref=hl","https:\/\/x.com\/LaGuiadPamplona","https:\/\/www.instagram.com\/la_guia_de_pamplona\/","https:\/\/www.youtube.com\/user\/laguiadepamplona"]},{"@type":"Person","@id":"https:\/\/www.laguiadepamplona.com\/actualidad\/#\/schema\/person\/efe887376f0213d4657c93adc50b1fdb","name":"La Gu\u00eda de Pamplona","image":{"@type":"ImageObject","inLanguage":"es","@id":"https:\/\/secure.gravatar.com\/avatar\/b6992f131dc8d30ab0dff15446e9d346d9dbd95992de0fef795073f5ea83a81c?s=96&d=mm&r=g","url":"https:\/\/secure.gravatar.com\/avatar\/b6992f131dc8d30ab0dff15446e9d346d9dbd95992de0fef795073f5ea83a81c?s=96&d=mm&r=g","contentUrl":"https:\/\/secure.gravatar.com\/avatar\/b6992f131dc8d30ab0dff15446e9d346d9dbd95992de0fef795073f5ea83a81c?s=96&d=mm&r=g","caption":"La Gu\u00eda de Pamplona"}}]}},"post_mailing_queue_ids":[],"_links":{"self":[{"href":"https:\/\/www.laguiadepamplona.com\/actualidad\/wp-json\/wp\/v2\/posts\/52400","targetHints":{"allow":["GET"]}}],"collection":[{"href":"https:\/\/www.laguiadepamplona.com\/actualidad\/wp-json\/wp\/v2\/posts"}],"about":[{"href":"https:\/\/www.laguiadepamplona.com\/actualidad\/wp-json\/wp\/v2\/types\/post"}],"author":[{"embeddable":true,"href":"https:\/\/www.laguiadepamplona.com\/actualidad\/wp-json\/wp\/v2\/users\/1"}],"replies":[{"embeddable":true,"href":"https:\/\/www.laguiadepamplona.com\/actualidad\/wp-json\/wp\/v2\/comments?post=52400"}],"version-history":[{"count":1,"href":"https:\/\/www.laguiadepamplona.com\/actualidad\/wp-json\/wp\/v2\/posts\/52400\/revisions"}],"predecessor-version":[{"id":52402,"href":"https:\/\/www.laguiadepamplona.com\/actualidad\/wp-json\/wp\/v2\/posts\/52400\/revisions\/52402"}],"wp:featuredmedia":[{"embeddable":true,"href":"https:\/\/www.laguiadepamplona.com\/actualidad\/wp-json\/wp\/v2\/media\/52401"}],"wp:attachment":[{"href":"https:\/\/www.laguiadepamplona.com\/actualidad\/wp-json\/wp\/v2\/media?parent=52400"}],"wp:term":[{"taxonomy":"category","embeddable":true,"href":"https:\/\/www.laguiadepamplona.com\/actualidad\/wp-json\/wp\/v2\/categories?post=52400"},{"taxonomy":"post_tag","embeddable":true,"href":"https:\/\/www.laguiadepamplona.com\/actualidad\/wp-json\/wp\/v2\/tags?post=52400"}],"curies":[{"name":"wp","href":"https:\/\/api.w.org\/{rel}","templated":true}]}}