{"id":52398,"date":"2025-03-17T19:17:16","date_gmt":"2025-03-17T17:17:16","guid":{"rendered":"https:\/\/www.laguiadepamplona.com\/actualidad\/?p=52398"},"modified":"2025-03-17T19:17:16","modified_gmt":"2025-03-17T17:17:16","slug":"el-miercoles-23-de-abril-las-librerias-de-la-ciudad-volveran-a-salir-a-la-peatonal-de-carlos-iii-en-una-nueva-edicion-del-dia-del-libro-y-de-la-flor","status":"publish","type":"post","link":"https:\/\/www.laguiadepamplona.com\/actualidad\/el-miercoles-23-de-abril-las-librerias-de-la-ciudad-volveran-a-salir-a-la-peatonal-de-carlos-iii-en-una-nueva-edicion-del-dia-del-libro-y-de-la-flor\/","title":{"rendered":"El mi\u00e9rcoles 23 de abril las librer\u00edas de la ciudad volver\u00e1n a salir a la peatonal de Carlos III en una nueva edici\u00f3n del D\u00eda del Libro y de la Flor"},"content":{"rendered":"<h2>Del 17 al 25 de marzo, las librer\u00edas pueden apuntarse a esta edici\u00f3n, organizada por el Ayuntamiento de Pamplona y la asociaci\u00f3n Diego de Haro<\/h2>\n<p><!--more--><\/p>\n<p>Pamplona celebrar\u00e1 el pr\u00f3ximo 23 de abril el D\u00eda del Libro y de la Flor. Las librer\u00edas de la ciudad volver\u00e1n a salir a la calle con diferentes puestos de venta en la peatonal de Carlos III, en la confluencia con la avenida de Roncesvalles. Organizado por el Ayuntamiento de Pamplona y la Asociaci\u00f3n de Librer\u00edas Diego de Haro, esta jornada dinamiza el centro de la ciudad, acerca la cultura a la ciudadan\u00eda y visibiliza el comercio especializado de proximidad.<\/p>\n<p>Este lunes 17 de marzo se abre el plazo para que las librer\u00edas interesadas en participar presenten su solicitud a trav\u00e9s de un correo electr\u00f3nico que deben remitir a la direcci\u00f3n <a href=\"mailto:asociaciondiegodeharo@gmail.com\">asociaciondiegodeharo@gmail.com<\/a>. Pueden apuntarse aquellos negocios que cuenten con un establecimiento comercial dedicado total o parcialmente a la venta de libros que est\u00e1 ubicado en Pamplona. En el correo electr\u00f3nico se deber\u00e1 indicar el nombre de la librer\u00eda, persona de contacto, direcci\u00f3n postal y tel\u00e9fono. El Ayuntamiento de Pamplona comprobar\u00e1 de oficio los datos mediante la consulta del Impuesto de Actividades Econ\u00f3micas. Las librer\u00edas que participen pagar\u00e1n una cuota de 130 euros.<\/p>\n<p>Las librer\u00edas ofrecer\u00e1n descuentos del 10% tanto en el puesto de venta de Carlos III como en sus establecimientos habituales. Se podr\u00e1 tambi\u00e9n adquirir una flor a un precio simb\u00f3lico y con un fin solidario. El dinero recaudado con las flores se reinvertir\u00e1 en libros que la asociaci\u00f3n Diego de Haro donar\u00e1 a una entidad de car\u00e1cter social. Adem\u00e1s, todas las personas que adquieran un libro participar\u00e1n en el sorteo de 98 ejemplares de la publicaci\u00f3n \u2018Comercio Centenarios de Pamplona\u2019, de Carlos Albillo Torres, editada por el propio Ayuntamiento de Pamplona.<\/p>\n<p>El pasado a\u00f1o participaron en el D\u00eda del Libro y de la Flor 18 librer\u00edas y 6 editoriales de Pamplona. Los puestos de venta habilitados en la peatonal de Carlos III mantendr\u00e1n el mismo horario que en ediciones anteriores y estar\u00e1n abiertos de forma ininterrumpida desde las 10 hasta las 21 horas.<\/p>\n","protected":false},"excerpt":{"rendered":"<p>Del 17 al 25 de marzo, las librer\u00edas pueden apuntarse a esta edici\u00f3n, organizada por el Ayuntamiento de Pamplona y la asociaci\u00f3n Diego de Haro<\/p>\n","protected":false},"author":1,"featured_media":49150,"comment_status":"open","ping_status":"closed","sticky":false,"template":"","format":"standard","meta":{"footnotes":""},"categories":[2],"tags":[],"class_list":["post-52398","post","type-post","status-publish","format-standard","has-post-thumbnail","hentry","category-ayuntamiento-pamplona"],"yoast_head":"<!-- This site is optimized with the Yoast SEO plugin v27.3 - https:\/\/yoast.com\/product\/yoast-seo-wordpress\/ -->\n<title>El mi\u00e9rcoles 23 de abril las librer\u00edas de la ciudad volver\u00e1n a salir a la peatonal de Carlos III en una nueva edici\u00f3n del D\u00eda del Libro y de la Flor<\/title>\n<meta name=\"description\" content=\"Del 17 al 25 de marzo, las librer\u00edas pueden apuntarse a esta edici\u00f3n, organizada por el Ayuntamiento de Pamplona y la asociaci\u00f3n Diego de Haro\" \/>\n<meta name=\"robots\" content=\"index, follow, max-snippet:-1, max-image-preview:large, max-video-preview:-1\" \/>\n<link rel=\"canonical\" href=\"https:\/\/www.laguiadepamplona.com\/actualidad\/el-miercoles-23-de-abril-las-librerias-de-la-ciudad-volveran-a-salir-a-la-peatonal-de-carlos-iii-en-una-nueva-edicion-del-dia-del-libro-y-de-la-flor\/\" \/>\n<meta property=\"og:locale\" content=\"es_ES\" \/>\n<meta property=\"og:type\" content=\"article\" \/>\n<meta property=\"og:title\" content=\"El mi\u00e9rcoles 23 de abril las librer\u00edas de la ciudad volver\u00e1n a salir a la peatonal de Carlos III en una nueva edici\u00f3n del D\u00eda del Libro y de la Flor\" \/>\n<meta property=\"og:description\" content=\"Del 17 al 25 de marzo, las librer\u00edas pueden apuntarse a esta edici\u00f3n, organizada por el Ayuntamiento de Pamplona y la asociaci\u00f3n Diego de Haro\" \/>\n<meta property=\"og:url\" content=\"https:\/\/www.laguiadepamplona.com\/actualidad\/el-miercoles-23-de-abril-las-librerias-de-la-ciudad-volveran-a-salir-a-la-peatonal-de-carlos-iii-en-una-nueva-edicion-del-dia-del-libro-y-de-la-flor\/\" \/>\n<meta property=\"og:site_name\" content=\"La Gu\u00eda de Pamplona\" \/>\n<meta property=\"article:publisher\" content=\"https:\/\/www.facebook.com\/laguiadepamplonacom-133175176762273\/?ref=hl\" \/>\n<meta property=\"article:published_time\" content=\"2025-03-17T17:17:16+00:00\" \/>\n<meta property=\"og:image\" content=\"https:\/\/www.laguiadepamplona.com\/actualidad\/wp-content\/uploads\/2024\/03\/2023_04_23-Feria-Libro_Q5A5626-1.webp\" \/>\n\t<meta property=\"og:image:width\" content=\"1200\" \/>\n\t<meta property=\"og:image:height\" content=\"800\" \/>\n\t<meta property=\"og:image:type\" content=\"image\/webp\" \/>\n<meta name=\"author\" content=\"La Gu\u00eda de Pamplona\" \/>\n<meta name=\"twitter:card\" content=\"summary_large_image\" \/>\n<meta name=\"twitter:creator\" content=\"@LaGuiadPamplona\" \/>\n<meta name=\"twitter:site\" content=\"@LaGuiadPamplona\" \/>\n<meta name=\"twitter:label1\" content=\"Escrito por\" \/>\n\t<meta name=\"twitter:data1\" content=\"La Gu\u00eda de Pamplona\" \/>\n\t<meta name=\"twitter:label2\" content=\"Tiempo de lectura\" \/>\n\t<meta name=\"twitter:data2\" content=\"2 minutos\" \/>\n<script type=\"application\/ld+json\" class=\"yoast-schema-graph\">{\"@context\":\"https:\\\/\\\/schema.org\",\"@graph\":[{\"@type\":\"Article\",\"@id\":\"https:\\\/\\\/www.laguiadepamplona.com\\\/actualidad\\\/el-miercoles-23-de-abril-las-librerias-de-la-ciudad-volveran-a-salir-a-la-peatonal-de-carlos-iii-en-una-nueva-edicion-del-dia-del-libro-y-de-la-flor\\\/#article\",\"isPartOf\":{\"@id\":\"https:\\\/\\\/www.laguiadepamplona.com\\\/actualidad\\\/el-miercoles-23-de-abril-las-librerias-de-la-ciudad-volveran-a-salir-a-la-peatonal-de-carlos-iii-en-una-nueva-edicion-del-dia-del-libro-y-de-la-flor\\\/\"},\"author\":{\"name\":\"La Gu\u00eda de Pamplona\",\"@id\":\"https:\\\/\\\/www.laguiadepamplona.com\\\/actualidad\\\/#\\\/schema\\\/person\\\/efe887376f0213d4657c93adc50b1fdb\"},\"headline\":\"El mi\u00e9rcoles 23 de abril las librer\u00edas de la ciudad volver\u00e1n a salir a la peatonal de Carlos III en una nueva edici\u00f3n del D\u00eda del Libro y de la Flor\",\"datePublished\":\"2025-03-17T17:17:16+00:00\",\"mainEntityOfPage\":{\"@id\":\"https:\\\/\\\/www.laguiadepamplona.com\\\/actualidad\\\/el-miercoles-23-de-abril-las-librerias-de-la-ciudad-volveran-a-salir-a-la-peatonal-de-carlos-iii-en-una-nueva-edicion-del-dia-del-libro-y-de-la-flor\\\/\"},\"wordCount\":411,\"commentCount\":0,\"publisher\":{\"@id\":\"https:\\\/\\\/www.laguiadepamplona.com\\\/actualidad\\\/#organization\"},\"image\":{\"@id\":\"https:\\\/\\\/www.laguiadepamplona.com\\\/actualidad\\\/el-miercoles-23-de-abril-las-librerias-de-la-ciudad-volveran-a-salir-a-la-peatonal-de-carlos-iii-en-una-nueva-edicion-del-dia-del-libro-y-de-la-flor\\\/#primaryimage\"},\"thumbnailUrl\":\"https:\\\/\\\/www.laguiadepamplona.com\\\/actualidad\\\/wp-content\\\/uploads\\\/2024\\\/03\\\/2023_04_23-Feria-Libro_Q5A5626-1.webp\",\"articleSection\":[\"Ayto Pamplona\"],\"inLanguage\":\"es\",\"potentialAction\":[{\"@type\":\"CommentAction\",\"name\":\"Comment\",\"target\":[\"https:\\\/\\\/www.laguiadepamplona.com\\\/actualidad\\\/el-miercoles-23-de-abril-las-librerias-de-la-ciudad-volveran-a-salir-a-la-peatonal-de-carlos-iii-en-una-nueva-edicion-del-dia-del-libro-y-de-la-flor\\\/#respond\"]}]},{\"@type\":\"WebPage\",\"@id\":\"https:\\\/\\\/www.laguiadepamplona.com\\\/actualidad\\\/el-miercoles-23-de-abril-las-librerias-de-la-ciudad-volveran-a-salir-a-la-peatonal-de-carlos-iii-en-una-nueva-edicion-del-dia-del-libro-y-de-la-flor\\\/\",\"url\":\"https:\\\/\\\/www.laguiadepamplona.com\\\/actualidad\\\/el-miercoles-23-de-abril-las-librerias-de-la-ciudad-volveran-a-salir-a-la-peatonal-de-carlos-iii-en-una-nueva-edicion-del-dia-del-libro-y-de-la-flor\\\/\",\"name\":\"El mi\u00e9rcoles 23 de abril las librer\u00edas de la ciudad volver\u00e1n a salir a la peatonal de Carlos III en una nueva edici\u00f3n del D\u00eda del Libro y de la Flor\",\"isPartOf\":{\"@id\":\"https:\\\/\\\/www.laguiadepamplona.com\\\/actualidad\\\/#website\"},\"primaryImageOfPage\":{\"@id\":\"https:\\\/\\\/www.laguiadepamplona.com\\\/actualidad\\\/el-miercoles-23-de-abril-las-librerias-de-la-ciudad-volveran-a-salir-a-la-peatonal-de-carlos-iii-en-una-nueva-edicion-del-dia-del-libro-y-de-la-flor\\\/#primaryimage\"},\"image\":{\"@id\":\"https:\\\/\\\/www.laguiadepamplona.com\\\/actualidad\\\/el-miercoles-23-de-abril-las-librerias-de-la-ciudad-volveran-a-salir-a-la-peatonal-de-carlos-iii-en-una-nueva-edicion-del-dia-del-libro-y-de-la-flor\\\/#primaryimage\"},\"thumbnailUrl\":\"https:\\\/\\\/www.laguiadepamplona.com\\\/actualidad\\\/wp-content\\\/uploads\\\/2024\\\/03\\\/2023_04_23-Feria-Libro_Q5A5626-1.webp\",\"datePublished\":\"2025-03-17T17:17:16+00:00\",\"description\":\"Del 17 al 25 de marzo, las librer\u00edas pueden apuntarse a esta edici\u00f3n, organizada por el Ayuntamiento de Pamplona y la asociaci\u00f3n Diego de Haro\",\"breadcrumb\":{\"@id\":\"https:\\\/\\\/www.laguiadepamplona.com\\\/actualidad\\\/el-miercoles-23-de-abril-las-librerias-de-la-ciudad-volveran-a-salir-a-la-peatonal-de-carlos-iii-en-una-nueva-edicion-del-dia-del-libro-y-de-la-flor\\\/#breadcrumb\"},\"inLanguage\":\"es\",\"potentialAction\":[{\"@type\":\"ReadAction\",\"target\":[\"https:\\\/\\\/www.laguiadepamplona.com\\\/actualidad\\\/el-miercoles-23-de-abril-las-librerias-de-la-ciudad-volveran-a-salir-a-la-peatonal-de-carlos-iii-en-una-nueva-edicion-del-dia-del-libro-y-de-la-flor\\\/\"]}]},{\"@type\":\"ImageObject\",\"inLanguage\":\"es\",\"@id\":\"https:\\\/\\\/www.laguiadepamplona.com\\\/actualidad\\\/el-miercoles-23-de-abril-las-librerias-de-la-ciudad-volveran-a-salir-a-la-peatonal-de-carlos-iii-en-una-nueva-edicion-del-dia-del-libro-y-de-la-flor\\\/#primaryimage\",\"url\":\"https:\\\/\\\/www.laguiadepamplona.com\\\/actualidad\\\/wp-content\\\/uploads\\\/2024\\\/03\\\/2023_04_23-Feria-Libro_Q5A5626-1.webp\",\"contentUrl\":\"https:\\\/\\\/www.laguiadepamplona.com\\\/actualidad\\\/wp-content\\\/uploads\\\/2024\\\/03\\\/2023_04_23-Feria-Libro_Q5A5626-1.webp\",\"width\":1200,\"height\":800,\"caption\":\"feria del libro\"},{\"@type\":\"BreadcrumbList\",\"@id\":\"https:\\\/\\\/www.laguiadepamplona.com\\\/actualidad\\\/el-miercoles-23-de-abril-las-librerias-de-la-ciudad-volveran-a-salir-a-la-peatonal-de-carlos-iii-en-una-nueva-edicion-del-dia-del-libro-y-de-la-flor\\\/#breadcrumb\",\"itemListElement\":[{\"@type\":\"ListItem\",\"position\":1,\"name\":\"Portada\",\"item\":\"https:\\\/\\\/www.laguiadepamplona.com\\\/actualidad\\\/\"},{\"@type\":\"ListItem\",\"position\":2,\"name\":\"El mi\u00e9rcoles 23 de abril las librer\u00edas de la ciudad volver\u00e1n a salir a la peatonal de Carlos III en una nueva edici\u00f3n del D\u00eda del Libro y de la Flor\"}]},{\"@type\":\"WebSite\",\"@id\":\"https:\\\/\\\/www.laguiadepamplona.com\\\/actualidad\\\/#website\",\"url\":\"https:\\\/\\\/www.laguiadepamplona.com\\\/actualidad\\\/\",\"name\":\"La gu\u00eda de Pamplona\",\"description\":\"Noticias de Pamplona\",\"publisher\":{\"@id\":\"https:\\\/\\\/www.laguiadepamplona.com\\\/actualidad\\\/#organization\"},\"potentialAction\":[{\"@type\":\"SearchAction\",\"target\":{\"@type\":\"EntryPoint\",\"urlTemplate\":\"https:\\\/\\\/www.laguiadepamplona.com\\\/actualidad\\\/?s={search_term_string}\"},\"query-input\":{\"@type\":\"PropertyValueSpecification\",\"valueRequired\":true,\"valueName\":\"search_term_string\"}}],\"inLanguage\":\"es\"},{\"@type\":\"Organization\",\"@id\":\"https:\\\/\\\/www.laguiadepamplona.com\\\/actualidad\\\/#organization\",\"name\":\"La Gu\u00eda de Pamplona \\\/ Noticias\",\"url\":\"https:\\\/\\\/www.laguiadepamplona.com\\\/actualidad\\\/\",\"logo\":{\"@type\":\"ImageObject\",\"inLanguage\":\"es\",\"@id\":\"https:\\\/\\\/www.laguiadepamplona.com\\\/actualidad\\\/#\\\/schema\\\/logo\\\/image\\\/\",\"url\":\"https:\\\/\\\/www.laguiadepamplona.com\\\/actualidad\\\/wp-content\\\/uploads\\\/2018\\\/11\\\/logo-laguiadepamplona18-web1.png\",\"contentUrl\":\"https:\\\/\\\/www.laguiadepamplona.com\\\/actualidad\\\/wp-content\\\/uploads\\\/2018\\\/11\\\/logo-laguiadepamplona18-web1.png\",\"width\":600,\"height\":196,\"caption\":\"La Gu\u00eda de Pamplona \\\/ Noticias\"},\"image\":{\"@id\":\"https:\\\/\\\/www.laguiadepamplona.com\\\/actualidad\\\/#\\\/schema\\\/logo\\\/image\\\/\"},\"sameAs\":[\"https:\\\/\\\/www.facebook.com\\\/laguiadepamplonacom-133175176762273\\\/?ref=hl\",\"https:\\\/\\\/x.com\\\/LaGuiadPamplona\",\"https:\\\/\\\/www.instagram.com\\\/la_guia_de_pamplona\\\/\",\"https:\\\/\\\/www.youtube.com\\\/user\\\/laguiadepamplona\"]},{\"@type\":\"Person\",\"@id\":\"https:\\\/\\\/www.laguiadepamplona.com\\\/actualidad\\\/#\\\/schema\\\/person\\\/efe887376f0213d4657c93adc50b1fdb\",\"name\":\"La Gu\u00eda de Pamplona\",\"image\":{\"@type\":\"ImageObject\",\"inLanguage\":\"es\",\"@id\":\"https:\\\/\\\/secure.gravatar.com\\\/avatar\\\/b6992f131dc8d30ab0dff15446e9d346d9dbd95992de0fef795073f5ea83a81c?s=96&d=mm&r=g\",\"url\":\"https:\\\/\\\/secure.gravatar.com\\\/avatar\\\/b6992f131dc8d30ab0dff15446e9d346d9dbd95992de0fef795073f5ea83a81c?s=96&d=mm&r=g\",\"contentUrl\":\"https:\\\/\\\/secure.gravatar.com\\\/avatar\\\/b6992f131dc8d30ab0dff15446e9d346d9dbd95992de0fef795073f5ea83a81c?s=96&d=mm&r=g\",\"caption\":\"La Gu\u00eda de Pamplona\"}}]}<\/script>\n<!-- \/ Yoast SEO plugin. -->","yoast_head_json":{"title":"El mi\u00e9rcoles 23 de abril las librer\u00edas de la ciudad volver\u00e1n a salir a la peatonal de Carlos III en una nueva edici\u00f3n del D\u00eda del Libro y de la Flor","description":"Del 17 al 25 de marzo, las librer\u00edas pueden apuntarse a esta edici\u00f3n, organizada por el Ayuntamiento de Pamplona y la asociaci\u00f3n Diego de Haro","robots":{"index":"index","follow":"follow","max-snippet":"max-snippet:-1","max-image-preview":"max-image-preview:large","max-video-preview":"max-video-preview:-1"},"canonical":"https:\/\/www.laguiadepamplona.com\/actualidad\/el-miercoles-23-de-abril-las-librerias-de-la-ciudad-volveran-a-salir-a-la-peatonal-de-carlos-iii-en-una-nueva-edicion-del-dia-del-libro-y-de-la-flor\/","og_locale":"es_ES","og_type":"article","og_title":"El mi\u00e9rcoles 23 de abril las librer\u00edas de la ciudad volver\u00e1n a salir a la peatonal de Carlos III en una nueva edici\u00f3n del D\u00eda del Libro y de la Flor","og_description":"Del 17 al 25 de marzo, las librer\u00edas pueden apuntarse a esta edici\u00f3n, organizada por el Ayuntamiento de Pamplona y la asociaci\u00f3n Diego de Haro","og_url":"https:\/\/www.laguiadepamplona.com\/actualidad\/el-miercoles-23-de-abril-las-librerias-de-la-ciudad-volveran-a-salir-a-la-peatonal-de-carlos-iii-en-una-nueva-edicion-del-dia-del-libro-y-de-la-flor\/","og_site_name":"La Gu\u00eda de Pamplona","article_publisher":"https:\/\/www.facebook.com\/laguiadepamplonacom-133175176762273\/?ref=hl","article_published_time":"2025-03-17T17:17:16+00:00","og_image":[{"width":1200,"height":800,"url":"https:\/\/www.laguiadepamplona.com\/actualidad\/wp-content\/uploads\/2024\/03\/2023_04_23-Feria-Libro_Q5A5626-1.webp","type":"image\/webp"}],"author":"La Gu\u00eda de Pamplona","twitter_card":"summary_large_image","twitter_creator":"@LaGuiadPamplona","twitter_site":"@LaGuiadPamplona","twitter_misc":{"Escrito por":"La Gu\u00eda de Pamplona","Tiempo de lectura":"2 minutos"},"schema":{"@context":"https:\/\/schema.org","@graph":[{"@type":"Article","@id":"https:\/\/www.laguiadepamplona.com\/actualidad\/el-miercoles-23-de-abril-las-librerias-de-la-ciudad-volveran-a-salir-a-la-peatonal-de-carlos-iii-en-una-nueva-edicion-del-dia-del-libro-y-de-la-flor\/#article","isPartOf":{"@id":"https:\/\/www.laguiadepamplona.com\/actualidad\/el-miercoles-23-de-abril-las-librerias-de-la-ciudad-volveran-a-salir-a-la-peatonal-de-carlos-iii-en-una-nueva-edicion-del-dia-del-libro-y-de-la-flor\/"},"author":{"name":"La Gu\u00eda de Pamplona","@id":"https:\/\/www.laguiadepamplona.com\/actualidad\/#\/schema\/person\/efe887376f0213d4657c93adc50b1fdb"},"headline":"El mi\u00e9rcoles 23 de abril las librer\u00edas de la ciudad volver\u00e1n a salir a la peatonal de Carlos III en una nueva edici\u00f3n del D\u00eda del Libro y de la Flor","datePublished":"2025-03-17T17:17:16+00:00","mainEntityOfPage":{"@id":"https:\/\/www.laguiadepamplona.com\/actualidad\/el-miercoles-23-de-abril-las-librerias-de-la-ciudad-volveran-a-salir-a-la-peatonal-de-carlos-iii-en-una-nueva-edicion-del-dia-del-libro-y-de-la-flor\/"},"wordCount":411,"commentCount":0,"publisher":{"@id":"https:\/\/www.laguiadepamplona.com\/actualidad\/#organization"},"image":{"@id":"https:\/\/www.laguiadepamplona.com\/actualidad\/el-miercoles-23-de-abril-las-librerias-de-la-ciudad-volveran-a-salir-a-la-peatonal-de-carlos-iii-en-una-nueva-edicion-del-dia-del-libro-y-de-la-flor\/#primaryimage"},"thumbnailUrl":"https:\/\/www.laguiadepamplona.com\/actualidad\/wp-content\/uploads\/2024\/03\/2023_04_23-Feria-Libro_Q5A5626-1.webp","articleSection":["Ayto Pamplona"],"inLanguage":"es","potentialAction":[{"@type":"CommentAction","name":"Comment","target":["https:\/\/www.laguiadepamplona.com\/actualidad\/el-miercoles-23-de-abril-las-librerias-de-la-ciudad-volveran-a-salir-a-la-peatonal-de-carlos-iii-en-una-nueva-edicion-del-dia-del-libro-y-de-la-flor\/#respond"]}]},{"@type":"WebPage","@id":"https:\/\/www.laguiadepamplona.com\/actualidad\/el-miercoles-23-de-abril-las-librerias-de-la-ciudad-volveran-a-salir-a-la-peatonal-de-carlos-iii-en-una-nueva-edicion-del-dia-del-libro-y-de-la-flor\/","url":"https:\/\/www.laguiadepamplona.com\/actualidad\/el-miercoles-23-de-abril-las-librerias-de-la-ciudad-volveran-a-salir-a-la-peatonal-de-carlos-iii-en-una-nueva-edicion-del-dia-del-libro-y-de-la-flor\/","name":"El mi\u00e9rcoles 23 de abril las librer\u00edas de la ciudad volver\u00e1n a salir a la peatonal de Carlos III en una nueva edici\u00f3n del D\u00eda del Libro y de la Flor","isPartOf":{"@id":"https:\/\/www.laguiadepamplona.com\/actualidad\/#website"},"primaryImageOfPage":{"@id":"https:\/\/www.laguiadepamplona.com\/actualidad\/el-miercoles-23-de-abril-las-librerias-de-la-ciudad-volveran-a-salir-a-la-peatonal-de-carlos-iii-en-una-nueva-edicion-del-dia-del-libro-y-de-la-flor\/#primaryimage"},"image":{"@id":"https:\/\/www.laguiadepamplona.com\/actualidad\/el-miercoles-23-de-abril-las-librerias-de-la-ciudad-volveran-a-salir-a-la-peatonal-de-carlos-iii-en-una-nueva-edicion-del-dia-del-libro-y-de-la-flor\/#primaryimage"},"thumbnailUrl":"https:\/\/www.laguiadepamplona.com\/actualidad\/wp-content\/uploads\/2024\/03\/2023_04_23-Feria-Libro_Q5A5626-1.webp","datePublished":"2025-03-17T17:17:16+00:00","description":"Del 17 al 25 de marzo, las librer\u00edas pueden apuntarse a esta edici\u00f3n, organizada por el Ayuntamiento de Pamplona y la asociaci\u00f3n Diego de Haro","breadcrumb":{"@id":"https:\/\/www.laguiadepamplona.com\/actualidad\/el-miercoles-23-de-abril-las-librerias-de-la-ciudad-volveran-a-salir-a-la-peatonal-de-carlos-iii-en-una-nueva-edicion-del-dia-del-libro-y-de-la-flor\/#breadcrumb"},"inLanguage":"es","potentialAction":[{"@type":"ReadAction","target":["https:\/\/www.laguiadepamplona.com\/actualidad\/el-miercoles-23-de-abril-las-librerias-de-la-ciudad-volveran-a-salir-a-la-peatonal-de-carlos-iii-en-una-nueva-edicion-del-dia-del-libro-y-de-la-flor\/"]}]},{"@type":"ImageObject","inLanguage":"es","@id":"https:\/\/www.laguiadepamplona.com\/actualidad\/el-miercoles-23-de-abril-las-librerias-de-la-ciudad-volveran-a-salir-a-la-peatonal-de-carlos-iii-en-una-nueva-edicion-del-dia-del-libro-y-de-la-flor\/#primaryimage","url":"https:\/\/www.laguiadepamplona.com\/actualidad\/wp-content\/uploads\/2024\/03\/2023_04_23-Feria-Libro_Q5A5626-1.webp","contentUrl":"https:\/\/www.laguiadepamplona.com\/actualidad\/wp-content\/uploads\/2024\/03\/2023_04_23-Feria-Libro_Q5A5626-1.webp","width":1200,"height":800,"caption":"feria del libro"},{"@type":"BreadcrumbList","@id":"https:\/\/www.laguiadepamplona.com\/actualidad\/el-miercoles-23-de-abril-las-librerias-de-la-ciudad-volveran-a-salir-a-la-peatonal-de-carlos-iii-en-una-nueva-edicion-del-dia-del-libro-y-de-la-flor\/#breadcrumb","itemListElement":[{"@type":"ListItem","position":1,"name":"Portada","item":"https:\/\/www.laguiadepamplona.com\/actualidad\/"},{"@type":"ListItem","position":2,"name":"El mi\u00e9rcoles 23 de abril las librer\u00edas de la ciudad volver\u00e1n a salir a la peatonal de Carlos III en una nueva edici\u00f3n del D\u00eda del Libro y de la Flor"}]},{"@type":"WebSite","@id":"https:\/\/www.laguiadepamplona.com\/actualidad\/#website","url":"https:\/\/www.laguiadepamplona.com\/actualidad\/","name":"La gu\u00eda de Pamplona","description":"Noticias de Pamplona","publisher":{"@id":"https:\/\/www.laguiadepamplona.com\/actualidad\/#organization"},"potentialAction":[{"@type":"SearchAction","target":{"@type":"EntryPoint","urlTemplate":"https:\/\/www.laguiadepamplona.com\/actualidad\/?s={search_term_string}"},"query-input":{"@type":"PropertyValueSpecification","valueRequired":true,"valueName":"search_term_string"}}],"inLanguage":"es"},{"@type":"Organization","@id":"https:\/\/www.laguiadepamplona.com\/actualidad\/#organization","name":"La Gu\u00eda de Pamplona \/ Noticias","url":"https:\/\/www.laguiadepamplona.com\/actualidad\/","logo":{"@type":"ImageObject","inLanguage":"es","@id":"https:\/\/www.laguiadepamplona.com\/actualidad\/#\/schema\/logo\/image\/","url":"https:\/\/www.laguiadepamplona.com\/actualidad\/wp-content\/uploads\/2018\/11\/logo-laguiadepamplona18-web1.png","contentUrl":"https:\/\/www.laguiadepamplona.com\/actualidad\/wp-content\/uploads\/2018\/11\/logo-laguiadepamplona18-web1.png","width":600,"height":196,"caption":"La Gu\u00eda de Pamplona \/ Noticias"},"image":{"@id":"https:\/\/www.laguiadepamplona.com\/actualidad\/#\/schema\/logo\/image\/"},"sameAs":["https:\/\/www.facebook.com\/laguiadepamplonacom-133175176762273\/?ref=hl","https:\/\/x.com\/LaGuiadPamplona","https:\/\/www.instagram.com\/la_guia_de_pamplona\/","https:\/\/www.youtube.com\/user\/laguiadepamplona"]},{"@type":"Person","@id":"https:\/\/www.laguiadepamplona.com\/actualidad\/#\/schema\/person\/efe887376f0213d4657c93adc50b1fdb","name":"La Gu\u00eda de Pamplona","image":{"@type":"ImageObject","inLanguage":"es","@id":"https:\/\/secure.gravatar.com\/avatar\/b6992f131dc8d30ab0dff15446e9d346d9dbd95992de0fef795073f5ea83a81c?s=96&d=mm&r=g","url":"https:\/\/secure.gravatar.com\/avatar\/b6992f131dc8d30ab0dff15446e9d346d9dbd95992de0fef795073f5ea83a81c?s=96&d=mm&r=g","contentUrl":"https:\/\/secure.gravatar.com\/avatar\/b6992f131dc8d30ab0dff15446e9d346d9dbd95992de0fef795073f5ea83a81c?s=96&d=mm&r=g","caption":"La Gu\u00eda de Pamplona"}}]}},"post_mailing_queue_ids":[],"_links":{"self":[{"href":"https:\/\/www.laguiadepamplona.com\/actualidad\/wp-json\/wp\/v2\/posts\/52398","targetHints":{"allow":["GET"]}}],"collection":[{"href":"https:\/\/www.laguiadepamplona.com\/actualidad\/wp-json\/wp\/v2\/posts"}],"about":[{"href":"https:\/\/www.laguiadepamplona.com\/actualidad\/wp-json\/wp\/v2\/types\/post"}],"author":[{"embeddable":true,"href":"https:\/\/www.laguiadepamplona.com\/actualidad\/wp-json\/wp\/v2\/users\/1"}],"replies":[{"embeddable":true,"href":"https:\/\/www.laguiadepamplona.com\/actualidad\/wp-json\/wp\/v2\/comments?post=52398"}],"version-history":[{"count":1,"href":"https:\/\/www.laguiadepamplona.com\/actualidad\/wp-json\/wp\/v2\/posts\/52398\/revisions"}],"predecessor-version":[{"id":52399,"href":"https:\/\/www.laguiadepamplona.com\/actualidad\/wp-json\/wp\/v2\/posts\/52398\/revisions\/52399"}],"wp:featuredmedia":[{"embeddable":true,"href":"https:\/\/www.laguiadepamplona.com\/actualidad\/wp-json\/wp\/v2\/media\/49150"}],"wp:attachment":[{"href":"https:\/\/www.laguiadepamplona.com\/actualidad\/wp-json\/wp\/v2\/media?parent=52398"}],"wp:term":[{"taxonomy":"category","embeddable":true,"href":"https:\/\/www.laguiadepamplona.com\/actualidad\/wp-json\/wp\/v2\/categories?post=52398"},{"taxonomy":"post_tag","embeddable":true,"href":"https:\/\/www.laguiadepamplona.com\/actualidad\/wp-json\/wp\/v2\/tags?post=52398"}],"curies":[{"name":"wp","href":"https:\/\/api.w.org\/{rel}","templated":true}]}}