{"id":5239,"date":"2015-03-23T15:23:43","date_gmt":"2015-03-23T13:23:43","guid":{"rendered":"http:\/\/laguiadepamplona.com\/actualidad\/?p=5239"},"modified":"2015-03-23T15:23:43","modified_gmt":"2015-03-23T13:23:43","slug":"mas-de-60-vehiculos-participaran-en-el-i-rally-circuito-de-navarra-de-tierra-cuya-ceremonia-de-salida-se-celebrara-el-viernes-en-la-plaza-del-castillo-de-pamplona","status":"publish","type":"post","link":"https:\/\/www.laguiadepamplona.com\/actualidad\/mas-de-60-vehiculos-participaran-en-el-i-rally-circuito-de-navarra-de-tierra-cuya-ceremonia-de-salida-se-celebrara-el-viernes-en-la-plaza-del-castillo-de-pamplona\/","title":{"rendered":"M\u00e1s de 60 veh\u00edculos participar\u00e1n en el \u2018I Rally Circuito de Navarra de Tierra\u2019, cuya ceremonia de salida se celebrar\u00e1 el viernes en la Plaza del Castillo de Pamplona"},"content":{"rendered":"<h4>La prueba punt\u00faa para el Campeonato de Espa\u00f1a de Rallyes de Tierra y entre los participantes se encuentra el ganador del Dakar, Nani Roma<\/h4>\n<p><a href=\"http:\/\/laguiadepamplona.com\/actualidad\/wp-content\/uploads\/2015\/03\/I-Rally-Circuito-de-Navarra-de-Tierra.jpg\"><img loading=\"lazy\" decoding=\"async\" class=\"alignleft size-medium wp-image-5240\" src=\"http:\/\/laguiadepamplona.com\/actualidad\/wp-content\/uploads\/2015\/03\/I-Rally-Circuito-de-Navarra-de-Tierra-212x300.jpg\" alt=\"I Rally Circuito de Navarra de Tierra\" width=\"212\" height=\"300\" \/><\/a>M\u00e1s de 60 veh\u00edculos participar\u00e1n en el \u2018I Rally Circuito de Navarra de Tierra\u2019, que se celebrar\u00e1 el pr\u00f3ximo s\u00e1bado 28 de marzo. La Plaza del Castillo acoger\u00e1 la v\u00edspera, el viernes 27 de marzo, una exposici\u00f3n de los coches que participan en la carrera y la ceremonia de salida. La prueba es valedera para el Campeonato de Espa\u00f1a de Rallyes de Tierra y discurrir\u00e1 en diferentes tramos cronometrados en pistas ubicadas en las localidades de Los Arcos, Arr\u00f3niz y Mu\u00e9s. Entre los participantes, destaca la presencia del ganador del rally Dakar, tanto en la categor\u00eda de motos como en la de coches, Nani Roma.<\/p>\n<p>La concejala delegada de Participaci\u00f3n Ciudadana Juventud y Deporte, Mar\u00eda Caballero; el director gerente del Instituto Navarro de Deporte y Juventud, Prudencio Indur\u00e1in; y el director general del Circuito de Navarra, Manel Mu\u00f1oz, han explicado en rueda de prensa los detalles de este rally, que suma una nueva competici\u00f3n a la oferta automovil\u00edstica de la comunidad foral. La ceremonia de salida tendr\u00e1 lugar en torno a las 19.30 horas desde la Plaza del Castillo, un lugar que desde horas antes ya tendr\u00e1 cierto aroma de competici\u00f3n. Sobre las 18 horas, los veh\u00edculos participantes permanecer\u00e1n expuestos en el parque cerrado para que pueda verlos el p\u00fablico asistente. La organizaci\u00f3n del rally ha corrido a cargo de Los Arcos Motorsport, con sede en el Circuito de Navarra de Los Arcos.<\/p>\n<p>De todos modos, el plazo para inscribirse para la prueba termina a las 20 horas de este lunes 23 de marzo, por lo que a 62 participantes se les pueden sumar algunos m\u00e1s hasta llegar a los 70 \u2013 75 veh\u00edculos que prev\u00e9 la organizaci\u00f3n. Este rally navarro es la segunda prueba del Campeonato de Espa\u00f1a, que se estren\u00f3 hace unas semanas en Lorca (Murcia). Es adem\u00e1s la primera vez que un circuito organiza un rally de tierra.<\/p>\n<p><strong>Casi la mitad del recorrido cronometrado<\/strong><\/p>\n<p>Tras la salida del viernes, los veh\u00edculos se dirigir\u00e1n al Circuito de Navarra en Los Arcos, que ser\u00e1 el epicentro de la prueba. El I Rally Circuito de Navarra de Tierra se desarrollar\u00e1 \u00edntegramente, en lo que a competici\u00f3n se refiere, el s\u00e1bado 38 de marzo. Los veh\u00edculos recorrer\u00e1n una distancia de 218,86 kil\u00f3metros, que incluyen tanto el trayecto de Pamplona a Los Arcos como los recorridos de enlace entre los distintos tramos cronometrados. La prueba consta de 7 tramos cronometrados, con casi 100 kil\u00f3metros, concretamente 99,79 kms.<\/p>\n<p>La etapa se divide en cuatro secciones, con dos tramos cronometrados cada una, excepto la \u00faltima, que solo tendr\u00e1 un tramo de competici\u00f3n. Los dos tramos cronometrados de la primera secci\u00f3n tienen 19,93 y 7,43 kil\u00f3metros, los de la segunda secci\u00f3n tiene 12,57 y 19,93 kms., los de la tercera 7,43 y 12,57 y el de la cuarta y \u00faltima, 19,93 kil\u00f3metros. La primera edici\u00f3n de este rally cuenta con un 45,6% de tramos cronometrados respecto a la distancia total de que se recorre.<\/p>\n<p>La salida el s\u00e1bado del primer coche en competici\u00f3n est\u00e1 prevista para las 10.30 horas.\u00a0 A lo largo de la ma\u00f1ana saldr\u00e1n desde el Circuito de Navarra todos los participantes en las diferentes secciones establecidas. El final de la competici\u00f3n se espera en torno a las 18 horas. Una hora despu\u00e9s se publicar\u00e1n los resultados y la clasificaci\u00f3n final. A las 20 horas se entregar\u00e1n los premios a los ganadores en las diferentes categor\u00edas.<\/p>\n<p>Adem\u00e1s de los campeonatos, copas y trofeos establecidos en el Reglamento Deportivo del Campeonato de Espa\u00f1a de Rallyes de Tierra, la competici\u00f3n ser\u00e1 puntuable para el Campeonato de Espa\u00f1a de Rallyes de Tierra para conductores, el Campeonato de Espa\u00f1a de Rallyes de Tierra para marcas, la Copa de Espa\u00f1a de Rallyes de Tierra para conductores, Copa de Espa\u00f1a de Rallyes de Tierra para copilotos, Trofeo de Espa\u00f1a de Rallyes de Tierra para copilotos, Trofeo de Espa\u00f1a de Rallyes de Tierra para conductores de veh\u00edculos de dos ruedas motrices, Trofeo de Espa\u00f1a de Rallyes de Tierra para conductores de veh\u00edculos Grupo N, Trofeo de Espa\u00f1a de Rallyes de Tierra para copilotos de veh\u00edculos Grupo N, Trofeo de Espa\u00f1a de Rallyes de Tierra para conductoras femeninas, Trofeo de Espa\u00f1a de Rallyes de Tierra para copilotos femeninas, Trofeo de Espa\u00f1a de Rallyes de Tierra Junior, Trofeo de Espa\u00f1a de Rallyes de Tierra para veh\u00edculos hist\u00f3ricos, Mitsubishi Evo Cup Tierra 2015, Copa Kobe, Campeonato Regional \u2013 Navarra de Rallyes de Tierra, Copa Kumho y Copa RACVN de tierra 2015.<\/p>\n<p>&nbsp;<\/p>\n","protected":false},"excerpt":{"rendered":"<p>La prueba punt\u00faa para el Campeonato de Espa\u00f1a de Rallyes de Tierra y entre los participantes se encuentra el ganador del Dakar, Nani Roma M\u00e1s de 60 veh\u00edculos participar\u00e1n en&#8230;<\/p>\n","protected":false},"author":1,"featured_media":5240,"comment_status":"closed","ping_status":"open","sticky":false,"template":"","format":"standard","meta":{"footnotes":""},"categories":[2],"tags":[4672,5,6,509,4673,8,9,4674],"class_list":["post-5239","post","type-post","status-publish","format-standard","has-post-thumbnail","hentry","category-ayuntamiento-pamplona","tag-60-vehiculos","tag-actualidad","tag-ayto-pamplona","tag-ayuntamiento-de-pamplona","tag-i-rally-circuito-de-navarra-de-tierra","tag-noticias","tag-pamplona","tag-plaza-del-castillo-de-pamplona"],"yoast_head":"<!-- This site is optimized with the Yoast SEO plugin v27.5 - https:\/\/yoast.com\/product\/yoast-seo-wordpress\/ -->\n<title>M\u00e1s de 60 veh\u00edculos participar\u00e1n en el \u2018I Rally Circuito de Navarra de Tierra\u2019, cuya ceremonia de salida se celebrar\u00e1 el viernes en la Plaza del Castillo de Pamplona<\/title>\n<meta name=\"robots\" content=\"index, follow, max-snippet:-1, max-image-preview:large, max-video-preview:-1\" \/>\n<link rel=\"canonical\" href=\"https:\/\/www.laguiadepamplona.com\/actualidad\/mas-de-60-vehiculos-participaran-en-el-i-rally-circuito-de-navarra-de-tierra-cuya-ceremonia-de-salida-se-celebrara-el-viernes-en-la-plaza-del-castillo-de-pamplona\/\" \/>\n<meta property=\"og:locale\" content=\"es_ES\" \/>\n<meta property=\"og:type\" content=\"article\" \/>\n<meta property=\"og:title\" content=\"M\u00e1s de 60 veh\u00edculos participar\u00e1n en el \u2018I Rally Circuito de Navarra de Tierra\u2019, cuya ceremonia de salida se celebrar\u00e1 el viernes en la Plaza del Castillo de Pamplona\" \/>\n<meta property=\"og:description\" content=\"La prueba punt\u00faa para el Campeonato de Espa\u00f1a de Rallyes de Tierra y entre los participantes se encuentra el ganador del Dakar, Nani Roma M\u00e1s de 60 veh\u00edculos participar\u00e1n en...\" \/>\n<meta property=\"og:url\" content=\"https:\/\/www.laguiadepamplona.com\/actualidad\/mas-de-60-vehiculos-participaran-en-el-i-rally-circuito-de-navarra-de-tierra-cuya-ceremonia-de-salida-se-celebrara-el-viernes-en-la-plaza-del-castillo-de-pamplona\/\" \/>\n<meta property=\"og:site_name\" content=\"La Gu\u00eda de Pamplona\" \/>\n<meta property=\"article:publisher\" content=\"https:\/\/www.facebook.com\/laguiadepamplonacom-133175176762273\/?ref=hl\" \/>\n<meta property=\"article:published_time\" content=\"2015-03-23T13:23:43+00:00\" \/>\n<meta name=\"author\" content=\"La Gu\u00eda de Pamplona\" \/>\n<meta name=\"twitter:card\" content=\"summary_large_image\" \/>\n<meta name=\"twitter:creator\" content=\"@LaGuiadPamplona\" \/>\n<meta name=\"twitter:site\" content=\"@LaGuiadPamplona\" \/>\n<meta name=\"twitter:label1\" content=\"Escrito por\" \/>\n\t<meta name=\"twitter:data1\" content=\"La Gu\u00eda de Pamplona\" \/>\n\t<meta name=\"twitter:label2\" content=\"Tiempo de lectura\" \/>\n\t<meta name=\"twitter:data2\" content=\"4 minutos\" \/>\n<script type=\"application\/ld+json\" class=\"yoast-schema-graph\">{\"@context\":\"https:\\\/\\\/schema.org\",\"@graph\":[{\"@type\":\"Article\",\"@id\":\"https:\\\/\\\/www.laguiadepamplona.com\\\/actualidad\\\/mas-de-60-vehiculos-participaran-en-el-i-rally-circuito-de-navarra-de-tierra-cuya-ceremonia-de-salida-se-celebrara-el-viernes-en-la-plaza-del-castillo-de-pamplona\\\/#article\",\"isPartOf\":{\"@id\":\"https:\\\/\\\/www.laguiadepamplona.com\\\/actualidad\\\/mas-de-60-vehiculos-participaran-en-el-i-rally-circuito-de-navarra-de-tierra-cuya-ceremonia-de-salida-se-celebrara-el-viernes-en-la-plaza-del-castillo-de-pamplona\\\/\"},\"author\":{\"name\":\"La Gu\u00eda de Pamplona\",\"@id\":\"https:\\\/\\\/www.laguiadepamplona.com\\\/actualidad\\\/#\\\/schema\\\/person\\\/efe887376f0213d4657c93adc50b1fdb\"},\"headline\":\"M\u00e1s de 60 veh\u00edculos participar\u00e1n en el \u2018I Rally Circuito de Navarra de Tierra\u2019, cuya ceremonia de salida se celebrar\u00e1 el viernes en la Plaza del Castillo de Pamplona\",\"datePublished\":\"2015-03-23T13:23:43+00:00\",\"mainEntityOfPage\":{\"@id\":\"https:\\\/\\\/www.laguiadepamplona.com\\\/actualidad\\\/mas-de-60-vehiculos-participaran-en-el-i-rally-circuito-de-navarra-de-tierra-cuya-ceremonia-de-salida-se-celebrara-el-viernes-en-la-plaza-del-castillo-de-pamplona\\\/\"},\"wordCount\":837,\"publisher\":{\"@id\":\"https:\\\/\\\/www.laguiadepamplona.com\\\/actualidad\\\/#organization\"},\"image\":{\"@id\":\"https:\\\/\\\/www.laguiadepamplona.com\\\/actualidad\\\/mas-de-60-vehiculos-participaran-en-el-i-rally-circuito-de-navarra-de-tierra-cuya-ceremonia-de-salida-se-celebrara-el-viernes-en-la-plaza-del-castillo-de-pamplona\\\/#primaryimage\"},\"thumbnailUrl\":\"\",\"keywords\":[\"60 veh\u00edculos\",\"actualidad\",\"ayto pamplona\",\"Ayuntamiento de Pamplona\",\"I Rally Circuito de Navarra de Tierra\",\"noticias\",\"pamplona\",\"Plaza del Castillo de Pamplona\"],\"articleSection\":[\"Ayto Pamplona\"],\"inLanguage\":\"es\"},{\"@type\":\"WebPage\",\"@id\":\"https:\\\/\\\/www.laguiadepamplona.com\\\/actualidad\\\/mas-de-60-vehiculos-participaran-en-el-i-rally-circuito-de-navarra-de-tierra-cuya-ceremonia-de-salida-se-celebrara-el-viernes-en-la-plaza-del-castillo-de-pamplona\\\/\",\"url\":\"https:\\\/\\\/www.laguiadepamplona.com\\\/actualidad\\\/mas-de-60-vehiculos-participaran-en-el-i-rally-circuito-de-navarra-de-tierra-cuya-ceremonia-de-salida-se-celebrara-el-viernes-en-la-plaza-del-castillo-de-pamplona\\\/\",\"name\":\"M\u00e1s de 60 veh\u00edculos participar\u00e1n en el \u2018I Rally Circuito de Navarra de Tierra\u2019, cuya ceremonia de salida se celebrar\u00e1 el viernes en la Plaza del Castillo de Pamplona\",\"isPartOf\":{\"@id\":\"https:\\\/\\\/www.laguiadepamplona.com\\\/actualidad\\\/#website\"},\"primaryImageOfPage\":{\"@id\":\"https:\\\/\\\/www.laguiadepamplona.com\\\/actualidad\\\/mas-de-60-vehiculos-participaran-en-el-i-rally-circuito-de-navarra-de-tierra-cuya-ceremonia-de-salida-se-celebrara-el-viernes-en-la-plaza-del-castillo-de-pamplona\\\/#primaryimage\"},\"image\":{\"@id\":\"https:\\\/\\\/www.laguiadepamplona.com\\\/actualidad\\\/mas-de-60-vehiculos-participaran-en-el-i-rally-circuito-de-navarra-de-tierra-cuya-ceremonia-de-salida-se-celebrara-el-viernes-en-la-plaza-del-castillo-de-pamplona\\\/#primaryimage\"},\"thumbnailUrl\":\"\",\"datePublished\":\"2015-03-23T13:23:43+00:00\",\"breadcrumb\":{\"@id\":\"https:\\\/\\\/www.laguiadepamplona.com\\\/actualidad\\\/mas-de-60-vehiculos-participaran-en-el-i-rally-circuito-de-navarra-de-tierra-cuya-ceremonia-de-salida-se-celebrara-el-viernes-en-la-plaza-del-castillo-de-pamplona\\\/#breadcrumb\"},\"inLanguage\":\"es\",\"potentialAction\":[{\"@type\":\"ReadAction\",\"target\":[\"https:\\\/\\\/www.laguiadepamplona.com\\\/actualidad\\\/mas-de-60-vehiculos-participaran-en-el-i-rally-circuito-de-navarra-de-tierra-cuya-ceremonia-de-salida-se-celebrara-el-viernes-en-la-plaza-del-castillo-de-pamplona\\\/\"]}]},{\"@type\":\"ImageObject\",\"inLanguage\":\"es\",\"@id\":\"https:\\\/\\\/www.laguiadepamplona.com\\\/actualidad\\\/mas-de-60-vehiculos-participaran-en-el-i-rally-circuito-de-navarra-de-tierra-cuya-ceremonia-de-salida-se-celebrara-el-viernes-en-la-plaza-del-castillo-de-pamplona\\\/#primaryimage\",\"url\":\"\",\"contentUrl\":\"\"},{\"@type\":\"BreadcrumbList\",\"@id\":\"https:\\\/\\\/www.laguiadepamplona.com\\\/actualidad\\\/mas-de-60-vehiculos-participaran-en-el-i-rally-circuito-de-navarra-de-tierra-cuya-ceremonia-de-salida-se-celebrara-el-viernes-en-la-plaza-del-castillo-de-pamplona\\\/#breadcrumb\",\"itemListElement\":[{\"@type\":\"ListItem\",\"position\":1,\"name\":\"Portada\",\"item\":\"https:\\\/\\\/www.laguiadepamplona.com\\\/actualidad\\\/\"},{\"@type\":\"ListItem\",\"position\":2,\"name\":\"M\u00e1s de 60 veh\u00edculos participar\u00e1n en el \u2018I Rally Circuito de Navarra de Tierra\u2019, cuya ceremonia de salida se celebrar\u00e1 el viernes en la Plaza del Castillo de Pamplona\"}]},{\"@type\":\"WebSite\",\"@id\":\"https:\\\/\\\/www.laguiadepamplona.com\\\/actualidad\\\/#website\",\"url\":\"https:\\\/\\\/www.laguiadepamplona.com\\\/actualidad\\\/\",\"name\":\"La gu\u00eda de Pamplona\",\"description\":\"Noticias de Pamplona\",\"publisher\":{\"@id\":\"https:\\\/\\\/www.laguiadepamplona.com\\\/actualidad\\\/#organization\"},\"potentialAction\":[{\"@type\":\"SearchAction\",\"target\":{\"@type\":\"EntryPoint\",\"urlTemplate\":\"https:\\\/\\\/www.laguiadepamplona.com\\\/actualidad\\\/?s={search_term_string}\"},\"query-input\":{\"@type\":\"PropertyValueSpecification\",\"valueRequired\":true,\"valueName\":\"search_term_string\"}}],\"inLanguage\":\"es\"},{\"@type\":\"Organization\",\"@id\":\"https:\\\/\\\/www.laguiadepamplona.com\\\/actualidad\\\/#organization\",\"name\":\"La Gu\u00eda de Pamplona \\\/ Noticias\",\"url\":\"https:\\\/\\\/www.laguiadepamplona.com\\\/actualidad\\\/\",\"logo\":{\"@type\":\"ImageObject\",\"inLanguage\":\"es\",\"@id\":\"https:\\\/\\\/www.laguiadepamplona.com\\\/actualidad\\\/#\\\/schema\\\/logo\\\/image\\\/\",\"url\":\"https:\\\/\\\/www.laguiadepamplona.com\\\/actualidad\\\/wp-content\\\/uploads\\\/2018\\\/11\\\/logo-laguiadepamplona18-web1.png\",\"contentUrl\":\"https:\\\/\\\/www.laguiadepamplona.com\\\/actualidad\\\/wp-content\\\/uploads\\\/2018\\\/11\\\/logo-laguiadepamplona18-web1.png\",\"width\":600,\"height\":196,\"caption\":\"La Gu\u00eda de Pamplona \\\/ Noticias\"},\"image\":{\"@id\":\"https:\\\/\\\/www.laguiadepamplona.com\\\/actualidad\\\/#\\\/schema\\\/logo\\\/image\\\/\"},\"sameAs\":[\"https:\\\/\\\/www.facebook.com\\\/laguiadepamplonacom-133175176762273\\\/?ref=hl\",\"https:\\\/\\\/x.com\\\/LaGuiadPamplona\",\"https:\\\/\\\/www.instagram.com\\\/la_guia_de_pamplona\\\/\",\"https:\\\/\\\/www.youtube.com\\\/user\\\/laguiadepamplona\"]},{\"@type\":\"Person\",\"@id\":\"https:\\\/\\\/www.laguiadepamplona.com\\\/actualidad\\\/#\\\/schema\\\/person\\\/efe887376f0213d4657c93adc50b1fdb\",\"name\":\"La Gu\u00eda de Pamplona\",\"image\":{\"@type\":\"ImageObject\",\"inLanguage\":\"es\",\"@id\":\"https:\\\/\\\/secure.gravatar.com\\\/avatar\\\/b6992f131dc8d30ab0dff15446e9d346d9dbd95992de0fef795073f5ea83a81c?s=96&d=mm&r=g\",\"url\":\"https:\\\/\\\/secure.gravatar.com\\\/avatar\\\/b6992f131dc8d30ab0dff15446e9d346d9dbd95992de0fef795073f5ea83a81c?s=96&d=mm&r=g\",\"contentUrl\":\"https:\\\/\\\/secure.gravatar.com\\\/avatar\\\/b6992f131dc8d30ab0dff15446e9d346d9dbd95992de0fef795073f5ea83a81c?s=96&d=mm&r=g\",\"caption\":\"La Gu\u00eda de Pamplona\"}}]}<\/script>\n<!-- \/ Yoast SEO plugin. -->","yoast_head_json":{"title":"M\u00e1s de 60 veh\u00edculos participar\u00e1n en el \u2018I Rally Circuito de Navarra de Tierra\u2019, cuya ceremonia de salida se celebrar\u00e1 el viernes en la Plaza del Castillo de Pamplona","robots":{"index":"index","follow":"follow","max-snippet":"max-snippet:-1","max-image-preview":"max-image-preview:large","max-video-preview":"max-video-preview:-1"},"canonical":"https:\/\/www.laguiadepamplona.com\/actualidad\/mas-de-60-vehiculos-participaran-en-el-i-rally-circuito-de-navarra-de-tierra-cuya-ceremonia-de-salida-se-celebrara-el-viernes-en-la-plaza-del-castillo-de-pamplona\/","og_locale":"es_ES","og_type":"article","og_title":"M\u00e1s de 60 veh\u00edculos participar\u00e1n en el \u2018I Rally Circuito de Navarra de Tierra\u2019, cuya ceremonia de salida se celebrar\u00e1 el viernes en la Plaza del Castillo de Pamplona","og_description":"La prueba punt\u00faa para el Campeonato de Espa\u00f1a de Rallyes de Tierra y entre los participantes se encuentra el ganador del Dakar, Nani Roma M\u00e1s de 60 veh\u00edculos participar\u00e1n en...","og_url":"https:\/\/www.laguiadepamplona.com\/actualidad\/mas-de-60-vehiculos-participaran-en-el-i-rally-circuito-de-navarra-de-tierra-cuya-ceremonia-de-salida-se-celebrara-el-viernes-en-la-plaza-del-castillo-de-pamplona\/","og_site_name":"La Gu\u00eda de Pamplona","article_publisher":"https:\/\/www.facebook.com\/laguiadepamplonacom-133175176762273\/?ref=hl","article_published_time":"2015-03-23T13:23:43+00:00","author":"La Gu\u00eda de Pamplona","twitter_card":"summary_large_image","twitter_creator":"@LaGuiadPamplona","twitter_site":"@LaGuiadPamplona","twitter_misc":{"Escrito por":"La Gu\u00eda de Pamplona","Tiempo de lectura":"4 minutos"},"schema":{"@context":"https:\/\/schema.org","@graph":[{"@type":"Article","@id":"https:\/\/www.laguiadepamplona.com\/actualidad\/mas-de-60-vehiculos-participaran-en-el-i-rally-circuito-de-navarra-de-tierra-cuya-ceremonia-de-salida-se-celebrara-el-viernes-en-la-plaza-del-castillo-de-pamplona\/#article","isPartOf":{"@id":"https:\/\/www.laguiadepamplona.com\/actualidad\/mas-de-60-vehiculos-participaran-en-el-i-rally-circuito-de-navarra-de-tierra-cuya-ceremonia-de-salida-se-celebrara-el-viernes-en-la-plaza-del-castillo-de-pamplona\/"},"author":{"name":"La Gu\u00eda de Pamplona","@id":"https:\/\/www.laguiadepamplona.com\/actualidad\/#\/schema\/person\/efe887376f0213d4657c93adc50b1fdb"},"headline":"M\u00e1s de 60 veh\u00edculos participar\u00e1n en el \u2018I Rally Circuito de Navarra de Tierra\u2019, cuya ceremonia de salida se celebrar\u00e1 el viernes en la Plaza del Castillo de Pamplona","datePublished":"2015-03-23T13:23:43+00:00","mainEntityOfPage":{"@id":"https:\/\/www.laguiadepamplona.com\/actualidad\/mas-de-60-vehiculos-participaran-en-el-i-rally-circuito-de-navarra-de-tierra-cuya-ceremonia-de-salida-se-celebrara-el-viernes-en-la-plaza-del-castillo-de-pamplona\/"},"wordCount":837,"publisher":{"@id":"https:\/\/www.laguiadepamplona.com\/actualidad\/#organization"},"image":{"@id":"https:\/\/www.laguiadepamplona.com\/actualidad\/mas-de-60-vehiculos-participaran-en-el-i-rally-circuito-de-navarra-de-tierra-cuya-ceremonia-de-salida-se-celebrara-el-viernes-en-la-plaza-del-castillo-de-pamplona\/#primaryimage"},"thumbnailUrl":"","keywords":["60 veh\u00edculos","actualidad","ayto pamplona","Ayuntamiento de Pamplona","I Rally Circuito de Navarra de Tierra","noticias","pamplona","Plaza del Castillo de Pamplona"],"articleSection":["Ayto Pamplona"],"inLanguage":"es"},{"@type":"WebPage","@id":"https:\/\/www.laguiadepamplona.com\/actualidad\/mas-de-60-vehiculos-participaran-en-el-i-rally-circuito-de-navarra-de-tierra-cuya-ceremonia-de-salida-se-celebrara-el-viernes-en-la-plaza-del-castillo-de-pamplona\/","url":"https:\/\/www.laguiadepamplona.com\/actualidad\/mas-de-60-vehiculos-participaran-en-el-i-rally-circuito-de-navarra-de-tierra-cuya-ceremonia-de-salida-se-celebrara-el-viernes-en-la-plaza-del-castillo-de-pamplona\/","name":"M\u00e1s de 60 veh\u00edculos participar\u00e1n en el \u2018I Rally Circuito de Navarra de Tierra\u2019, cuya ceremonia de salida se celebrar\u00e1 el viernes en la Plaza del Castillo de Pamplona","isPartOf":{"@id":"https:\/\/www.laguiadepamplona.com\/actualidad\/#website"},"primaryImageOfPage":{"@id":"https:\/\/www.laguiadepamplona.com\/actualidad\/mas-de-60-vehiculos-participaran-en-el-i-rally-circuito-de-navarra-de-tierra-cuya-ceremonia-de-salida-se-celebrara-el-viernes-en-la-plaza-del-castillo-de-pamplona\/#primaryimage"},"image":{"@id":"https:\/\/www.laguiadepamplona.com\/actualidad\/mas-de-60-vehiculos-participaran-en-el-i-rally-circuito-de-navarra-de-tierra-cuya-ceremonia-de-salida-se-celebrara-el-viernes-en-la-plaza-del-castillo-de-pamplona\/#primaryimage"},"thumbnailUrl":"","datePublished":"2015-03-23T13:23:43+00:00","breadcrumb":{"@id":"https:\/\/www.laguiadepamplona.com\/actualidad\/mas-de-60-vehiculos-participaran-en-el-i-rally-circuito-de-navarra-de-tierra-cuya-ceremonia-de-salida-se-celebrara-el-viernes-en-la-plaza-del-castillo-de-pamplona\/#breadcrumb"},"inLanguage":"es","potentialAction":[{"@type":"ReadAction","target":["https:\/\/www.laguiadepamplona.com\/actualidad\/mas-de-60-vehiculos-participaran-en-el-i-rally-circuito-de-navarra-de-tierra-cuya-ceremonia-de-salida-se-celebrara-el-viernes-en-la-plaza-del-castillo-de-pamplona\/"]}]},{"@type":"ImageObject","inLanguage":"es","@id":"https:\/\/www.laguiadepamplona.com\/actualidad\/mas-de-60-vehiculos-participaran-en-el-i-rally-circuito-de-navarra-de-tierra-cuya-ceremonia-de-salida-se-celebrara-el-viernes-en-la-plaza-del-castillo-de-pamplona\/#primaryimage","url":"","contentUrl":""},{"@type":"BreadcrumbList","@id":"https:\/\/www.laguiadepamplona.com\/actualidad\/mas-de-60-vehiculos-participaran-en-el-i-rally-circuito-de-navarra-de-tierra-cuya-ceremonia-de-salida-se-celebrara-el-viernes-en-la-plaza-del-castillo-de-pamplona\/#breadcrumb","itemListElement":[{"@type":"ListItem","position":1,"name":"Portada","item":"https:\/\/www.laguiadepamplona.com\/actualidad\/"},{"@type":"ListItem","position":2,"name":"M\u00e1s de 60 veh\u00edculos participar\u00e1n en el \u2018I Rally Circuito de Navarra de Tierra\u2019, cuya ceremonia de salida se celebrar\u00e1 el viernes en la Plaza del Castillo de Pamplona"}]},{"@type":"WebSite","@id":"https:\/\/www.laguiadepamplona.com\/actualidad\/#website","url":"https:\/\/www.laguiadepamplona.com\/actualidad\/","name":"La gu\u00eda de Pamplona","description":"Noticias de Pamplona","publisher":{"@id":"https:\/\/www.laguiadepamplona.com\/actualidad\/#organization"},"potentialAction":[{"@type":"SearchAction","target":{"@type":"EntryPoint","urlTemplate":"https:\/\/www.laguiadepamplona.com\/actualidad\/?s={search_term_string}"},"query-input":{"@type":"PropertyValueSpecification","valueRequired":true,"valueName":"search_term_string"}}],"inLanguage":"es"},{"@type":"Organization","@id":"https:\/\/www.laguiadepamplona.com\/actualidad\/#organization","name":"La Gu\u00eda de Pamplona \/ Noticias","url":"https:\/\/www.laguiadepamplona.com\/actualidad\/","logo":{"@type":"ImageObject","inLanguage":"es","@id":"https:\/\/www.laguiadepamplona.com\/actualidad\/#\/schema\/logo\/image\/","url":"https:\/\/www.laguiadepamplona.com\/actualidad\/wp-content\/uploads\/2018\/11\/logo-laguiadepamplona18-web1.png","contentUrl":"https:\/\/www.laguiadepamplona.com\/actualidad\/wp-content\/uploads\/2018\/11\/logo-laguiadepamplona18-web1.png","width":600,"height":196,"caption":"La Gu\u00eda de Pamplona \/ Noticias"},"image":{"@id":"https:\/\/www.laguiadepamplona.com\/actualidad\/#\/schema\/logo\/image\/"},"sameAs":["https:\/\/www.facebook.com\/laguiadepamplonacom-133175176762273\/?ref=hl","https:\/\/x.com\/LaGuiadPamplona","https:\/\/www.instagram.com\/la_guia_de_pamplona\/","https:\/\/www.youtube.com\/user\/laguiadepamplona"]},{"@type":"Person","@id":"https:\/\/www.laguiadepamplona.com\/actualidad\/#\/schema\/person\/efe887376f0213d4657c93adc50b1fdb","name":"La Gu\u00eda de Pamplona","image":{"@type":"ImageObject","inLanguage":"es","@id":"https:\/\/secure.gravatar.com\/avatar\/b6992f131dc8d30ab0dff15446e9d346d9dbd95992de0fef795073f5ea83a81c?s=96&d=mm&r=g","url":"https:\/\/secure.gravatar.com\/avatar\/b6992f131dc8d30ab0dff15446e9d346d9dbd95992de0fef795073f5ea83a81c?s=96&d=mm&r=g","contentUrl":"https:\/\/secure.gravatar.com\/avatar\/b6992f131dc8d30ab0dff15446e9d346d9dbd95992de0fef795073f5ea83a81c?s=96&d=mm&r=g","caption":"La Gu\u00eda de Pamplona"}}]}},"post_mailing_queue_ids":[],"_links":{"self":[{"href":"https:\/\/www.laguiadepamplona.com\/actualidad\/wp-json\/wp\/v2\/posts\/5239","targetHints":{"allow":["GET"]}}],"collection":[{"href":"https:\/\/www.laguiadepamplona.com\/actualidad\/wp-json\/wp\/v2\/posts"}],"about":[{"href":"https:\/\/www.laguiadepamplona.com\/actualidad\/wp-json\/wp\/v2\/types\/post"}],"author":[{"embeddable":true,"href":"https:\/\/www.laguiadepamplona.com\/actualidad\/wp-json\/wp\/v2\/users\/1"}],"replies":[{"embeddable":true,"href":"https:\/\/www.laguiadepamplona.com\/actualidad\/wp-json\/wp\/v2\/comments?post=5239"}],"version-history":[{"count":0,"href":"https:\/\/www.laguiadepamplona.com\/actualidad\/wp-json\/wp\/v2\/posts\/5239\/revisions"}],"wp:featuredmedia":[{"embeddable":true,"href":"https:\/\/www.laguiadepamplona.com\/actualidad\/wp-json\/"}],"wp:attachment":[{"href":"https:\/\/www.laguiadepamplona.com\/actualidad\/wp-json\/wp\/v2\/media?parent=5239"}],"wp:term":[{"taxonomy":"category","embeddable":true,"href":"https:\/\/www.laguiadepamplona.com\/actualidad\/wp-json\/wp\/v2\/categories?post=5239"},{"taxonomy":"post_tag","embeddable":true,"href":"https:\/\/www.laguiadepamplona.com\/actualidad\/wp-json\/wp\/v2\/tags?post=5239"}],"curies":[{"name":"wp","href":"https:\/\/api.w.org\/{rel}","templated":true}]}}