{"id":52387,"date":"2025-03-17T19:10:47","date_gmt":"2025-03-17T17:10:47","guid":{"rendered":"https:\/\/www.laguiadepamplona.com\/actualidad\/?p=52387"},"modified":"2025-03-17T19:10:47","modified_gmt":"2025-03-17T17:10:47","slug":"la-primera-edicion-del-proyecto-reciclo-que-apoya-a-personas-en-situacion-de-vulnerabilidad-recupero-64-bicicletas-en-desuso-en-2024","status":"publish","type":"post","link":"https:\/\/www.laguiadepamplona.com\/actualidad\/la-primera-edicion-del-proyecto-reciclo-que-apoya-a-personas-en-situacion-de-vulnerabilidad-recupero-64-bicicletas-en-desuso-en-2024\/","title":{"rendered":"La primera edici\u00f3n del proyecto Reciclo, que apoya a personas en situaci\u00f3n de vulnerabilidad, recuper\u00f3 64 bicicletas en desuso en 2024"},"content":{"rendered":"<h2>La segunda edici\u00f3n, que se desarrolla de marzo a septiembre con un coste de 91.850,54 euros, contratar\u00e1 a siete personas desempleadas<\/h2>\n<p><!--more--><\/p>\n<p>El proyecto Reciclo, taller que contrata durante 6 meses a siete personas en desempleo, recuper\u00f3 en 2024 un total de 64 bicicletas. Estas bicicletas, retiradas de la v\u00eda p\u00fablica o procedentes de donaciones, fueron entregadas al Programa de Prevenci\u00f3n en Infancia, Adolescencia y Familia del Ayuntamiento de Pamplona y otros servicios municipales, si bien m\u00e1s de la mitad fueron donadas a las autoridades valencianas para facilitar la movilidad en las calles de las localidades afectadas por la Dana en octubre.<\/p>\n<p>Durante el desarrollo de este taller de reparaci\u00f3n y recuperaci\u00f3n de bicis en desuso y otros elementos de movilidad, como sillas de ruedas o silletas, se asumi\u00f3 tambi\u00e9n el mantenimiento y puesta a punto de bicicletas de diferentes servicios, como Polic\u00eda Municipal o la bici-escuela. La nueva edici\u00f3n del taller, que se desarrollar\u00e1 entre los meses de marzo y septiembre, la ha presentado esta ma\u00f1ana en rueda de prensa el concejal delegado de Acci\u00f3n Social, Txema Maule\u00f3n Echeverr\u00eda.<\/p>\n<p>En el proyecto Reciclo 2025 las bicicletas a reparar proceder\u00e1n principalmente del dep\u00f3sito municipal y de donaciones de particulares, y su destino ser\u00e1 la donaci\u00f3n a servicios y entidades que trabajen con poblaci\u00f3n vulnerable, principalmente poblaci\u00f3n infantil y juvenil y\/o entidades que est\u00e9n dando respuesta a situaciones de emergencia humanitaria. Como actividad a\u00f1adida, se asumir\u00e1 el mantenimiento de las bicis reparadas de la anterior edici\u00f3n a servicios municipales.<\/p>\n<p>Las personas contratadas -un oficial a jornada completa y seis peones al 85% de jornada- adquieren, adem\u00e1s de una actividad laboral, conocimientos t\u00e9cnicos y laborales transversales que facilitan su posterior incorporaci\u00f3n el mercado de trabajo. No necesitan conocimientos previos, ya que se les forma en la actividad a desarrollar y al finalizar el contrato se les facilita un certificado de la actividad realizada para poder acreditar su formaci\u00f3n por la v\u00eda de la experiencia. Junto a la persona responsable del taller, se cuenta con una trabajadora social del programa de Empleo Social Protegido municipal.<\/p>\n<p>De esta manera, se act\u00faa por partida doble con poblaci\u00f3n vulnerable de Pamplona, ofreciendo una oportunidad laboral a 7 personas en situaci\u00f3n de desempleo y vulnerabilidad, y mejorando las condiciones de vida de personas que viven en situaci\u00f3n de vulnerabilidad. Adem\u00e1s de las bicis, de forma complementaria, se incluye la posibilidad de arreglar y recuperar otros elementos como sillas de ruedas, silletas de beb\u00e9s, o cualquier otro elemento de tracci\u00f3n humana que facilite la movilidad de personas en situaci\u00f3n de vulnerabilidad, procedentes de donaciones.<\/p>\n<p><strong>26 personas contratadas en 2024 por Empleo Social<\/strong><\/p>\n<p>El proyecto concurrir\u00e1 a la convocatoria de subvenciones para la contrataci\u00f3n de personas desempleadas del Servicio Navarro de Empleo \u2013 Nafar Lansare para la realizaci\u00f3n de actividades de inter\u00e9s general y social, ya que el programa contrata a 6 participantes y un monitor, pertenecientes a colectivos en desempleo y\/o con especial desventaja en el acceso al mercado laboral, principalmente perceptores de renta garantizada. Los costes de personal del proyecto Reciclo suponen 91.850,54 euros, que pueden optar a una financiaci\u00f3n del 44% del Gobierno de Navarra, 40.260 euros, por lo que el coste para las arcas municipales ser\u00eda de 51.590,54 euros.<\/p>\n<p>En 2024 el Ayuntamiento concurri\u00f3 a esta convocatoria con tres proyectos, adem\u00e1s de aumentar la disponibilidad de plazas en lotros dos proyectos ya en marcha de forma que, de las 15 personas participantes en 2023, estos programas pasaron a tener 26 personas empleadas con contratos municipales en 2024. Los tres proyectos nuevos fueron precisamente la primera edici\u00f3n del proyecto Reciclo (enero\/julio), adem\u00e1s de Tareas de mantenimiento y pintura de mobiliario urbano y desarrollo de actividades agr\u00edcolas auxiliares por parte de personas afectadas por enfermedad mental (mayo\/noviembre), y Realizaci\u00f3n de obras de reforma y rehabilitaci\u00f3n de la Unidad de Barrio de Casco Antiguo y viviendas municipales de emergencia social (septiembre 2024\/ marzo 2025).<\/p>\n<p><strong>Segunda edici\u00f3n<\/strong><\/p>\n<p>El proyecto Reciclo \u201cTaller de reparaci\u00f3n y recuperaci\u00f3n de bicis en desuso y otros elementos de movilidad (sillas de ruedas, silletas)\u201d se encuentra ubicado en Buztintxuri, en un local municipal de 190 metros cuadrados, totalmente equipado para el proyecto en cuanto a herramienta, maquinaria, puestos de trabajo y vestuarios. El local fue acondicionado por los tajos de Obras, Pintura y Soldadura de Empleo Social del Ayuntamiento de Pamplona, y cuenta con tres puestos de arreglo, dotados con la herramienta y utillajes necesarios, para que las personas participantes realicen el trabajo en equipos de dos personas en cada puesto.<\/p>\n<p>Para el desarrollo del proyecto, se utiliza material de despiece de otras bicis, si bien en ocasiones es necesario adquirir herramientas o recambios; este a\u00f1o se prev\u00e9 un gasto de 1.500 euros: 500 euros para herramienta y utillaje, y 1.000 euros para recambios y piezas.<\/p>\n<p>El proyecto se basa en los ejes de la Agenda 2030 de desarrollo sostenible, fundamentado en el equilibrio entre el crecimiento econ\u00f3mico, los recursos naturales y la sociedad, interviniendo en doble sentido sobre poblaci\u00f3n vulnerable como agente de ejecuci\u00f3n y beneficiaria del proyecto y que fomenta la reutilizaci\u00f3n y uso de un medio de transporte sostenible, no contaminante.<\/p>\n<p>El programa recibe bicicletas del dep\u00f3sito municipal, retiradas en distintas zonas de la ciudad, que no han sido reclamadas, aunque tambi\u00e9n est\u00e1 abierto a recibir donaciones de otros servicios municipales, o de particulares y empresas. Las personas interesadas en realizar donaciones pueden ponerse en contacto con el proyecto a trav\u00e9s del 948420789 o enviando un correo electr\u00f3nico a <a href=\"mailto:empleosocial@pamplona.es\">empleosocial@pamplona.es<\/a>.<\/p>\n<p>&nbsp;<\/p>\n<h3>Siete contratos de empleo social<\/h3>\n<ul>\n<li>Para la ejecuci\u00f3n del proyecto se contratan estos perfiles entre personas desempleadas inscritas en el Servicio Navarro de Empleo \u2013 Nafar Lansare:\n<ul>\n<li>1 t\u00e9cnico-mec\u00e1nico reparador de bicicletas (nivel D)<\/li>\n<li>6 peones\/as de arreglo de bicicletas (nivel E)<\/li>\n<\/ul>\n<\/li>\n<\/ul>\n<p>&nbsp;<\/p>\n<h3>Primera edici\u00f3n Reciclo (2024)<\/h3>\n<ul>\n<li>Se recibieron 68 bicicletas, que fueron reparadas y puestas en funcionamiento. Las que se encontraban en peor estado o no pod\u00edan ser reparadas, se utilizaron para despiece, manteniendo los recambios para reparaci\u00f3n:\n<ul>\n<li>42 bicicletas procedentes del dep\u00f3sito municipal, retiradas de la v\u00eda p\u00fablica y no reclamadas por la propiedad.<\/li>\n<li>12 bicicletas donadas por Traperos de Ema\u00fas al principio del proyecto, para poder ponerlo en marcha<\/li>\n<li>10 bicicletas procedentes de donaciones de particulares.<\/li>\n<li>4 bicicletas municipales almacenadas del antiguo servicio de bicicletas de alquiler<\/li>\n<\/ul>\n<\/li>\n<li>Se entregaron 64 bicicletas:\n<ul>\n<li>12 bicicletas fueron donadas al Programa de Prevenci\u00f3n en Infancia, Adolescencia y Familia del Ayuntamiento de Pamplona, para ofrecer a chicos y chicas a partir de 9 a\u00f1os paseos por la ciudad, nociones de conducci\u00f3n responsable y talleres, dentro de sus actividades de educaci\u00f3n en el tiempo libre a ni\u00f1as, ni\u00f1os y adolescentes de Pamplona<\/li>\n<li>44 bicicletas fueron donadas a las autoridades valencianas para facilitar la movilidad en las calles de las localidades afectadas por la Dana<\/li>\n<li>8 bicicletas fueron donadas a diferentes servicios municipales, para desplazamientos en el \u00e1mbito laboral (unidades de barrio, cementerio, escuela taller, etc\u00e9tera)<\/li>\n<\/ul>\n<\/li>\n<li>Mantenimiento y puesta a punto de bicicletas de servicios municipales:\n<ul>\n<li>Polic\u00eda Municipal: se arreglaron y pusieron a punto las diez bicicletas del servicio de polic\u00eda en bicicleta<\/li>\n<li>Bici-escuela: se realiz\u00f3 el arreglo y puesta a punto de las 12 bicicletas que se utilizan para esta actividad. Algunas de ellas que estaban en mal estado o que, por su dise\u00f1o, no facilitan el proceso de aprendizaje, se reemplazaron por otras m\u00e1s adecuadas; las retiradas de este servicio pasaron a reparaci\u00f3n para ser donadas.<\/li>\n<\/ul>\n<\/li>\n<\/ul>\n","protected":false},"excerpt":{"rendered":"<p>La segunda edici\u00f3n, que se desarrolla de marzo a septiembre con un coste de 91.850,54 euros, contratar\u00e1 a siete personas desempleadas<\/p>\n","protected":false},"author":1,"featured_media":52388,"comment_status":"open","ping_status":"closed","sticky":false,"template":"","format":"standard","meta":{"footnotes":""},"categories":[2],"tags":[],"class_list":["post-52387","post","type-post","status-publish","format-standard","has-post-thumbnail","hentry","category-ayuntamiento-pamplona"],"yoast_head":"<!-- This site is optimized with the Yoast SEO plugin v27.3 - https:\/\/yoast.com\/product\/yoast-seo-wordpress\/ -->\n<title>La primera edici\u00f3n del proyecto Reciclo, que apoya a personas en situaci\u00f3n de vulnerabilidad, recuper\u00f3 64 bicicletas en desuso en 2024<\/title>\n<meta name=\"description\" content=\"La segunda edici\u00f3n, que se desarrolla de marzo a septiembre con un coste de 91.850,54 euros, contratar\u00e1 a siete personas desempleadas\" \/>\n<meta name=\"robots\" content=\"index, follow, max-snippet:-1, max-image-preview:large, max-video-preview:-1\" \/>\n<link rel=\"canonical\" href=\"https:\/\/www.laguiadepamplona.com\/actualidad\/la-primera-edicion-del-proyecto-reciclo-que-apoya-a-personas-en-situacion-de-vulnerabilidad-recupero-64-bicicletas-en-desuso-en-2024\/\" \/>\n<meta property=\"og:locale\" content=\"es_ES\" \/>\n<meta property=\"og:type\" content=\"article\" \/>\n<meta property=\"og:title\" content=\"La primera edici\u00f3n del proyecto Reciclo, que apoya a personas en situaci\u00f3n de vulnerabilidad, recuper\u00f3 64 bicicletas en desuso en 2024\" \/>\n<meta property=\"og:description\" content=\"La segunda edici\u00f3n, que se desarrolla de marzo a septiembre con un coste de 91.850,54 euros, contratar\u00e1 a siete personas desempleadas\" \/>\n<meta property=\"og:url\" content=\"https:\/\/www.laguiadepamplona.com\/actualidad\/la-primera-edicion-del-proyecto-reciclo-que-apoya-a-personas-en-situacion-de-vulnerabilidad-recupero-64-bicicletas-en-desuso-en-2024\/\" \/>\n<meta property=\"og:site_name\" content=\"La Gu\u00eda de Pamplona\" \/>\n<meta property=\"article:publisher\" content=\"https:\/\/www.facebook.com\/laguiadepamplonacom-133175176762273\/?ref=hl\" \/>\n<meta property=\"article:published_time\" content=\"2025-03-17T17:10:47+00:00\" \/>\n<meta property=\"og:image\" content=\"https:\/\/www.laguiadepamplona.com\/actualidad\/wp-content\/uploads\/2025\/03\/reciclo_web.webp\" \/>\n\t<meta property=\"og:image:width\" content=\"1000\" \/>\n\t<meta property=\"og:image:height\" content=\"666\" \/>\n\t<meta property=\"og:image:type\" content=\"image\/webp\" \/>\n<meta name=\"author\" content=\"La Gu\u00eda de Pamplona\" \/>\n<meta name=\"twitter:card\" content=\"summary_large_image\" \/>\n<meta name=\"twitter:creator\" content=\"@LaGuiadPamplona\" \/>\n<meta name=\"twitter:site\" content=\"@LaGuiadPamplona\" \/>\n<meta name=\"twitter:label1\" content=\"Escrito por\" \/>\n\t<meta name=\"twitter:data1\" content=\"La Gu\u00eda de Pamplona\" \/>\n\t<meta name=\"twitter:label2\" content=\"Tiempo de lectura\" \/>\n\t<meta name=\"twitter:data2\" content=\"6 minutos\" \/>\n<script type=\"application\/ld+json\" class=\"yoast-schema-graph\">{\"@context\":\"https:\\\/\\\/schema.org\",\"@graph\":[{\"@type\":\"Article\",\"@id\":\"https:\\\/\\\/www.laguiadepamplona.com\\\/actualidad\\\/la-primera-edicion-del-proyecto-reciclo-que-apoya-a-personas-en-situacion-de-vulnerabilidad-recupero-64-bicicletas-en-desuso-en-2024\\\/#article\",\"isPartOf\":{\"@id\":\"https:\\\/\\\/www.laguiadepamplona.com\\\/actualidad\\\/la-primera-edicion-del-proyecto-reciclo-que-apoya-a-personas-en-situacion-de-vulnerabilidad-recupero-64-bicicletas-en-desuso-en-2024\\\/\"},\"author\":{\"name\":\"La Gu\u00eda de Pamplona\",\"@id\":\"https:\\\/\\\/www.laguiadepamplona.com\\\/actualidad\\\/#\\\/schema\\\/person\\\/efe887376f0213d4657c93adc50b1fdb\"},\"headline\":\"La primera edici\u00f3n del proyecto Reciclo, que apoya a personas en situaci\u00f3n de vulnerabilidad, recuper\u00f3 64 bicicletas en desuso en 2024\",\"datePublished\":\"2025-03-17T17:10:47+00:00\",\"mainEntityOfPage\":{\"@id\":\"https:\\\/\\\/www.laguiadepamplona.com\\\/actualidad\\\/la-primera-edicion-del-proyecto-reciclo-que-apoya-a-personas-en-situacion-de-vulnerabilidad-recupero-64-bicicletas-en-desuso-en-2024\\\/\"},\"wordCount\":1287,\"commentCount\":0,\"publisher\":{\"@id\":\"https:\\\/\\\/www.laguiadepamplona.com\\\/actualidad\\\/#organization\"},\"image\":{\"@id\":\"https:\\\/\\\/www.laguiadepamplona.com\\\/actualidad\\\/la-primera-edicion-del-proyecto-reciclo-que-apoya-a-personas-en-situacion-de-vulnerabilidad-recupero-64-bicicletas-en-desuso-en-2024\\\/#primaryimage\"},\"thumbnailUrl\":\"https:\\\/\\\/www.laguiadepamplona.com\\\/actualidad\\\/wp-content\\\/uploads\\\/2025\\\/03\\\/reciclo_web.webp\",\"articleSection\":[\"Ayto Pamplona\"],\"inLanguage\":\"es\",\"potentialAction\":[{\"@type\":\"CommentAction\",\"name\":\"Comment\",\"target\":[\"https:\\\/\\\/www.laguiadepamplona.com\\\/actualidad\\\/la-primera-edicion-del-proyecto-reciclo-que-apoya-a-personas-en-situacion-de-vulnerabilidad-recupero-64-bicicletas-en-desuso-en-2024\\\/#respond\"]}]},{\"@type\":\"WebPage\",\"@id\":\"https:\\\/\\\/www.laguiadepamplona.com\\\/actualidad\\\/la-primera-edicion-del-proyecto-reciclo-que-apoya-a-personas-en-situacion-de-vulnerabilidad-recupero-64-bicicletas-en-desuso-en-2024\\\/\",\"url\":\"https:\\\/\\\/www.laguiadepamplona.com\\\/actualidad\\\/la-primera-edicion-del-proyecto-reciclo-que-apoya-a-personas-en-situacion-de-vulnerabilidad-recupero-64-bicicletas-en-desuso-en-2024\\\/\",\"name\":\"La primera edici\u00f3n del proyecto Reciclo, que apoya a personas en situaci\u00f3n de vulnerabilidad, recuper\u00f3 64 bicicletas en desuso en 2024\",\"isPartOf\":{\"@id\":\"https:\\\/\\\/www.laguiadepamplona.com\\\/actualidad\\\/#website\"},\"primaryImageOfPage\":{\"@id\":\"https:\\\/\\\/www.laguiadepamplona.com\\\/actualidad\\\/la-primera-edicion-del-proyecto-reciclo-que-apoya-a-personas-en-situacion-de-vulnerabilidad-recupero-64-bicicletas-en-desuso-en-2024\\\/#primaryimage\"},\"image\":{\"@id\":\"https:\\\/\\\/www.laguiadepamplona.com\\\/actualidad\\\/la-primera-edicion-del-proyecto-reciclo-que-apoya-a-personas-en-situacion-de-vulnerabilidad-recupero-64-bicicletas-en-desuso-en-2024\\\/#primaryimage\"},\"thumbnailUrl\":\"https:\\\/\\\/www.laguiadepamplona.com\\\/actualidad\\\/wp-content\\\/uploads\\\/2025\\\/03\\\/reciclo_web.webp\",\"datePublished\":\"2025-03-17T17:10:47+00:00\",\"description\":\"La segunda edici\u00f3n, que se desarrolla de marzo a septiembre con un coste de 91.850,54 euros, contratar\u00e1 a siete personas desempleadas\",\"breadcrumb\":{\"@id\":\"https:\\\/\\\/www.laguiadepamplona.com\\\/actualidad\\\/la-primera-edicion-del-proyecto-reciclo-que-apoya-a-personas-en-situacion-de-vulnerabilidad-recupero-64-bicicletas-en-desuso-en-2024\\\/#breadcrumb\"},\"inLanguage\":\"es\",\"potentialAction\":[{\"@type\":\"ReadAction\",\"target\":[\"https:\\\/\\\/www.laguiadepamplona.com\\\/actualidad\\\/la-primera-edicion-del-proyecto-reciclo-que-apoya-a-personas-en-situacion-de-vulnerabilidad-recupero-64-bicicletas-en-desuso-en-2024\\\/\"]}]},{\"@type\":\"ImageObject\",\"inLanguage\":\"es\",\"@id\":\"https:\\\/\\\/www.laguiadepamplona.com\\\/actualidad\\\/la-primera-edicion-del-proyecto-reciclo-que-apoya-a-personas-en-situacion-de-vulnerabilidad-recupero-64-bicicletas-en-desuso-en-2024\\\/#primaryimage\",\"url\":\"https:\\\/\\\/www.laguiadepamplona.com\\\/actualidad\\\/wp-content\\\/uploads\\\/2025\\\/03\\\/reciclo_web.webp\",\"contentUrl\":\"https:\\\/\\\/www.laguiadepamplona.com\\\/actualidad\\\/wp-content\\\/uploads\\\/2025\\\/03\\\/reciclo_web.webp\",\"width\":1000,\"height\":666,\"caption\":\"reciclo\"},{\"@type\":\"BreadcrumbList\",\"@id\":\"https:\\\/\\\/www.laguiadepamplona.com\\\/actualidad\\\/la-primera-edicion-del-proyecto-reciclo-que-apoya-a-personas-en-situacion-de-vulnerabilidad-recupero-64-bicicletas-en-desuso-en-2024\\\/#breadcrumb\",\"itemListElement\":[{\"@type\":\"ListItem\",\"position\":1,\"name\":\"Portada\",\"item\":\"https:\\\/\\\/www.laguiadepamplona.com\\\/actualidad\\\/\"},{\"@type\":\"ListItem\",\"position\":2,\"name\":\"La primera edici\u00f3n del proyecto Reciclo, que apoya a personas en situaci\u00f3n de vulnerabilidad, recuper\u00f3 64 bicicletas en desuso en 2024\"}]},{\"@type\":\"WebSite\",\"@id\":\"https:\\\/\\\/www.laguiadepamplona.com\\\/actualidad\\\/#website\",\"url\":\"https:\\\/\\\/www.laguiadepamplona.com\\\/actualidad\\\/\",\"name\":\"La gu\u00eda de Pamplona\",\"description\":\"Noticias de Pamplona\",\"publisher\":{\"@id\":\"https:\\\/\\\/www.laguiadepamplona.com\\\/actualidad\\\/#organization\"},\"potentialAction\":[{\"@type\":\"SearchAction\",\"target\":{\"@type\":\"EntryPoint\",\"urlTemplate\":\"https:\\\/\\\/www.laguiadepamplona.com\\\/actualidad\\\/?s={search_term_string}\"},\"query-input\":{\"@type\":\"PropertyValueSpecification\",\"valueRequired\":true,\"valueName\":\"search_term_string\"}}],\"inLanguage\":\"es\"},{\"@type\":\"Organization\",\"@id\":\"https:\\\/\\\/www.laguiadepamplona.com\\\/actualidad\\\/#organization\",\"name\":\"La Gu\u00eda de Pamplona \\\/ Noticias\",\"url\":\"https:\\\/\\\/www.laguiadepamplona.com\\\/actualidad\\\/\",\"logo\":{\"@type\":\"ImageObject\",\"inLanguage\":\"es\",\"@id\":\"https:\\\/\\\/www.laguiadepamplona.com\\\/actualidad\\\/#\\\/schema\\\/logo\\\/image\\\/\",\"url\":\"https:\\\/\\\/www.laguiadepamplona.com\\\/actualidad\\\/wp-content\\\/uploads\\\/2018\\\/11\\\/logo-laguiadepamplona18-web1.png\",\"contentUrl\":\"https:\\\/\\\/www.laguiadepamplona.com\\\/actualidad\\\/wp-content\\\/uploads\\\/2018\\\/11\\\/logo-laguiadepamplona18-web1.png\",\"width\":600,\"height\":196,\"caption\":\"La Gu\u00eda de Pamplona \\\/ Noticias\"},\"image\":{\"@id\":\"https:\\\/\\\/www.laguiadepamplona.com\\\/actualidad\\\/#\\\/schema\\\/logo\\\/image\\\/\"},\"sameAs\":[\"https:\\\/\\\/www.facebook.com\\\/laguiadepamplonacom-133175176762273\\\/?ref=hl\",\"https:\\\/\\\/x.com\\\/LaGuiadPamplona\",\"https:\\\/\\\/www.instagram.com\\\/la_guia_de_pamplona\\\/\",\"https:\\\/\\\/www.youtube.com\\\/user\\\/laguiadepamplona\"]},{\"@type\":\"Person\",\"@id\":\"https:\\\/\\\/www.laguiadepamplona.com\\\/actualidad\\\/#\\\/schema\\\/person\\\/efe887376f0213d4657c93adc50b1fdb\",\"name\":\"La Gu\u00eda de Pamplona\",\"image\":{\"@type\":\"ImageObject\",\"inLanguage\":\"es\",\"@id\":\"https:\\\/\\\/secure.gravatar.com\\\/avatar\\\/b6992f131dc8d30ab0dff15446e9d346d9dbd95992de0fef795073f5ea83a81c?s=96&d=mm&r=g\",\"url\":\"https:\\\/\\\/secure.gravatar.com\\\/avatar\\\/b6992f131dc8d30ab0dff15446e9d346d9dbd95992de0fef795073f5ea83a81c?s=96&d=mm&r=g\",\"contentUrl\":\"https:\\\/\\\/secure.gravatar.com\\\/avatar\\\/b6992f131dc8d30ab0dff15446e9d346d9dbd95992de0fef795073f5ea83a81c?s=96&d=mm&r=g\",\"caption\":\"La Gu\u00eda de Pamplona\"}}]}<\/script>\n<!-- \/ Yoast SEO plugin. -->","yoast_head_json":{"title":"La primera edici\u00f3n del proyecto Reciclo, que apoya a personas en situaci\u00f3n de vulnerabilidad, recuper\u00f3 64 bicicletas en desuso en 2024","description":"La segunda edici\u00f3n, que se desarrolla de marzo a septiembre con un coste de 91.850,54 euros, contratar\u00e1 a siete personas desempleadas","robots":{"index":"index","follow":"follow","max-snippet":"max-snippet:-1","max-image-preview":"max-image-preview:large","max-video-preview":"max-video-preview:-1"},"canonical":"https:\/\/www.laguiadepamplona.com\/actualidad\/la-primera-edicion-del-proyecto-reciclo-que-apoya-a-personas-en-situacion-de-vulnerabilidad-recupero-64-bicicletas-en-desuso-en-2024\/","og_locale":"es_ES","og_type":"article","og_title":"La primera edici\u00f3n del proyecto Reciclo, que apoya a personas en situaci\u00f3n de vulnerabilidad, recuper\u00f3 64 bicicletas en desuso en 2024","og_description":"La segunda edici\u00f3n, que se desarrolla de marzo a septiembre con un coste de 91.850,54 euros, contratar\u00e1 a siete personas desempleadas","og_url":"https:\/\/www.laguiadepamplona.com\/actualidad\/la-primera-edicion-del-proyecto-reciclo-que-apoya-a-personas-en-situacion-de-vulnerabilidad-recupero-64-bicicletas-en-desuso-en-2024\/","og_site_name":"La Gu\u00eda de Pamplona","article_publisher":"https:\/\/www.facebook.com\/laguiadepamplonacom-133175176762273\/?ref=hl","article_published_time":"2025-03-17T17:10:47+00:00","og_image":[{"width":1000,"height":666,"url":"https:\/\/www.laguiadepamplona.com\/actualidad\/wp-content\/uploads\/2025\/03\/reciclo_web.webp","type":"image\/webp"}],"author":"La Gu\u00eda de Pamplona","twitter_card":"summary_large_image","twitter_creator":"@LaGuiadPamplona","twitter_site":"@LaGuiadPamplona","twitter_misc":{"Escrito por":"La Gu\u00eda de Pamplona","Tiempo de lectura":"6 minutos"},"schema":{"@context":"https:\/\/schema.org","@graph":[{"@type":"Article","@id":"https:\/\/www.laguiadepamplona.com\/actualidad\/la-primera-edicion-del-proyecto-reciclo-que-apoya-a-personas-en-situacion-de-vulnerabilidad-recupero-64-bicicletas-en-desuso-en-2024\/#article","isPartOf":{"@id":"https:\/\/www.laguiadepamplona.com\/actualidad\/la-primera-edicion-del-proyecto-reciclo-que-apoya-a-personas-en-situacion-de-vulnerabilidad-recupero-64-bicicletas-en-desuso-en-2024\/"},"author":{"name":"La Gu\u00eda de Pamplona","@id":"https:\/\/www.laguiadepamplona.com\/actualidad\/#\/schema\/person\/efe887376f0213d4657c93adc50b1fdb"},"headline":"La primera edici\u00f3n del proyecto Reciclo, que apoya a personas en situaci\u00f3n de vulnerabilidad, recuper\u00f3 64 bicicletas en desuso en 2024","datePublished":"2025-03-17T17:10:47+00:00","mainEntityOfPage":{"@id":"https:\/\/www.laguiadepamplona.com\/actualidad\/la-primera-edicion-del-proyecto-reciclo-que-apoya-a-personas-en-situacion-de-vulnerabilidad-recupero-64-bicicletas-en-desuso-en-2024\/"},"wordCount":1287,"commentCount":0,"publisher":{"@id":"https:\/\/www.laguiadepamplona.com\/actualidad\/#organization"},"image":{"@id":"https:\/\/www.laguiadepamplona.com\/actualidad\/la-primera-edicion-del-proyecto-reciclo-que-apoya-a-personas-en-situacion-de-vulnerabilidad-recupero-64-bicicletas-en-desuso-en-2024\/#primaryimage"},"thumbnailUrl":"https:\/\/www.laguiadepamplona.com\/actualidad\/wp-content\/uploads\/2025\/03\/reciclo_web.webp","articleSection":["Ayto Pamplona"],"inLanguage":"es","potentialAction":[{"@type":"CommentAction","name":"Comment","target":["https:\/\/www.laguiadepamplona.com\/actualidad\/la-primera-edicion-del-proyecto-reciclo-que-apoya-a-personas-en-situacion-de-vulnerabilidad-recupero-64-bicicletas-en-desuso-en-2024\/#respond"]}]},{"@type":"WebPage","@id":"https:\/\/www.laguiadepamplona.com\/actualidad\/la-primera-edicion-del-proyecto-reciclo-que-apoya-a-personas-en-situacion-de-vulnerabilidad-recupero-64-bicicletas-en-desuso-en-2024\/","url":"https:\/\/www.laguiadepamplona.com\/actualidad\/la-primera-edicion-del-proyecto-reciclo-que-apoya-a-personas-en-situacion-de-vulnerabilidad-recupero-64-bicicletas-en-desuso-en-2024\/","name":"La primera edici\u00f3n del proyecto Reciclo, que apoya a personas en situaci\u00f3n de vulnerabilidad, recuper\u00f3 64 bicicletas en desuso en 2024","isPartOf":{"@id":"https:\/\/www.laguiadepamplona.com\/actualidad\/#website"},"primaryImageOfPage":{"@id":"https:\/\/www.laguiadepamplona.com\/actualidad\/la-primera-edicion-del-proyecto-reciclo-que-apoya-a-personas-en-situacion-de-vulnerabilidad-recupero-64-bicicletas-en-desuso-en-2024\/#primaryimage"},"image":{"@id":"https:\/\/www.laguiadepamplona.com\/actualidad\/la-primera-edicion-del-proyecto-reciclo-que-apoya-a-personas-en-situacion-de-vulnerabilidad-recupero-64-bicicletas-en-desuso-en-2024\/#primaryimage"},"thumbnailUrl":"https:\/\/www.laguiadepamplona.com\/actualidad\/wp-content\/uploads\/2025\/03\/reciclo_web.webp","datePublished":"2025-03-17T17:10:47+00:00","description":"La segunda edici\u00f3n, que se desarrolla de marzo a septiembre con un coste de 91.850,54 euros, contratar\u00e1 a siete personas desempleadas","breadcrumb":{"@id":"https:\/\/www.laguiadepamplona.com\/actualidad\/la-primera-edicion-del-proyecto-reciclo-que-apoya-a-personas-en-situacion-de-vulnerabilidad-recupero-64-bicicletas-en-desuso-en-2024\/#breadcrumb"},"inLanguage":"es","potentialAction":[{"@type":"ReadAction","target":["https:\/\/www.laguiadepamplona.com\/actualidad\/la-primera-edicion-del-proyecto-reciclo-que-apoya-a-personas-en-situacion-de-vulnerabilidad-recupero-64-bicicletas-en-desuso-en-2024\/"]}]},{"@type":"ImageObject","inLanguage":"es","@id":"https:\/\/www.laguiadepamplona.com\/actualidad\/la-primera-edicion-del-proyecto-reciclo-que-apoya-a-personas-en-situacion-de-vulnerabilidad-recupero-64-bicicletas-en-desuso-en-2024\/#primaryimage","url":"https:\/\/www.laguiadepamplona.com\/actualidad\/wp-content\/uploads\/2025\/03\/reciclo_web.webp","contentUrl":"https:\/\/www.laguiadepamplona.com\/actualidad\/wp-content\/uploads\/2025\/03\/reciclo_web.webp","width":1000,"height":666,"caption":"reciclo"},{"@type":"BreadcrumbList","@id":"https:\/\/www.laguiadepamplona.com\/actualidad\/la-primera-edicion-del-proyecto-reciclo-que-apoya-a-personas-en-situacion-de-vulnerabilidad-recupero-64-bicicletas-en-desuso-en-2024\/#breadcrumb","itemListElement":[{"@type":"ListItem","position":1,"name":"Portada","item":"https:\/\/www.laguiadepamplona.com\/actualidad\/"},{"@type":"ListItem","position":2,"name":"La primera edici\u00f3n del proyecto Reciclo, que apoya a personas en situaci\u00f3n de vulnerabilidad, recuper\u00f3 64 bicicletas en desuso en 2024"}]},{"@type":"WebSite","@id":"https:\/\/www.laguiadepamplona.com\/actualidad\/#website","url":"https:\/\/www.laguiadepamplona.com\/actualidad\/","name":"La gu\u00eda de Pamplona","description":"Noticias de Pamplona","publisher":{"@id":"https:\/\/www.laguiadepamplona.com\/actualidad\/#organization"},"potentialAction":[{"@type":"SearchAction","target":{"@type":"EntryPoint","urlTemplate":"https:\/\/www.laguiadepamplona.com\/actualidad\/?s={search_term_string}"},"query-input":{"@type":"PropertyValueSpecification","valueRequired":true,"valueName":"search_term_string"}}],"inLanguage":"es"},{"@type":"Organization","@id":"https:\/\/www.laguiadepamplona.com\/actualidad\/#organization","name":"La Gu\u00eda de Pamplona \/ Noticias","url":"https:\/\/www.laguiadepamplona.com\/actualidad\/","logo":{"@type":"ImageObject","inLanguage":"es","@id":"https:\/\/www.laguiadepamplona.com\/actualidad\/#\/schema\/logo\/image\/","url":"https:\/\/www.laguiadepamplona.com\/actualidad\/wp-content\/uploads\/2018\/11\/logo-laguiadepamplona18-web1.png","contentUrl":"https:\/\/www.laguiadepamplona.com\/actualidad\/wp-content\/uploads\/2018\/11\/logo-laguiadepamplona18-web1.png","width":600,"height":196,"caption":"La Gu\u00eda de Pamplona \/ Noticias"},"image":{"@id":"https:\/\/www.laguiadepamplona.com\/actualidad\/#\/schema\/logo\/image\/"},"sameAs":["https:\/\/www.facebook.com\/laguiadepamplonacom-133175176762273\/?ref=hl","https:\/\/x.com\/LaGuiadPamplona","https:\/\/www.instagram.com\/la_guia_de_pamplona\/","https:\/\/www.youtube.com\/user\/laguiadepamplona"]},{"@type":"Person","@id":"https:\/\/www.laguiadepamplona.com\/actualidad\/#\/schema\/person\/efe887376f0213d4657c93adc50b1fdb","name":"La Gu\u00eda de Pamplona","image":{"@type":"ImageObject","inLanguage":"es","@id":"https:\/\/secure.gravatar.com\/avatar\/b6992f131dc8d30ab0dff15446e9d346d9dbd95992de0fef795073f5ea83a81c?s=96&d=mm&r=g","url":"https:\/\/secure.gravatar.com\/avatar\/b6992f131dc8d30ab0dff15446e9d346d9dbd95992de0fef795073f5ea83a81c?s=96&d=mm&r=g","contentUrl":"https:\/\/secure.gravatar.com\/avatar\/b6992f131dc8d30ab0dff15446e9d346d9dbd95992de0fef795073f5ea83a81c?s=96&d=mm&r=g","caption":"La Gu\u00eda de Pamplona"}}]}},"post_mailing_queue_ids":[],"_links":{"self":[{"href":"https:\/\/www.laguiadepamplona.com\/actualidad\/wp-json\/wp\/v2\/posts\/52387","targetHints":{"allow":["GET"]}}],"collection":[{"href":"https:\/\/www.laguiadepamplona.com\/actualidad\/wp-json\/wp\/v2\/posts"}],"about":[{"href":"https:\/\/www.laguiadepamplona.com\/actualidad\/wp-json\/wp\/v2\/types\/post"}],"author":[{"embeddable":true,"href":"https:\/\/www.laguiadepamplona.com\/actualidad\/wp-json\/wp\/v2\/users\/1"}],"replies":[{"embeddable":true,"href":"https:\/\/www.laguiadepamplona.com\/actualidad\/wp-json\/wp\/v2\/comments?post=52387"}],"version-history":[{"count":1,"href":"https:\/\/www.laguiadepamplona.com\/actualidad\/wp-json\/wp\/v2\/posts\/52387\/revisions"}],"predecessor-version":[{"id":52389,"href":"https:\/\/www.laguiadepamplona.com\/actualidad\/wp-json\/wp\/v2\/posts\/52387\/revisions\/52389"}],"wp:featuredmedia":[{"embeddable":true,"href":"https:\/\/www.laguiadepamplona.com\/actualidad\/wp-json\/wp\/v2\/media\/52388"}],"wp:attachment":[{"href":"https:\/\/www.laguiadepamplona.com\/actualidad\/wp-json\/wp\/v2\/media?parent=52387"}],"wp:term":[{"taxonomy":"category","embeddable":true,"href":"https:\/\/www.laguiadepamplona.com\/actualidad\/wp-json\/wp\/v2\/categories?post=52387"},{"taxonomy":"post_tag","embeddable":true,"href":"https:\/\/www.laguiadepamplona.com\/actualidad\/wp-json\/wp\/v2\/tags?post=52387"}],"curies":[{"name":"wp","href":"https:\/\/api.w.org\/{rel}","templated":true}]}}