{"id":52382,"date":"2025-03-14T13:59:22","date_gmt":"2025-03-14T11:59:22","guid":{"rendered":"https:\/\/www.laguiadepamplona.com\/actualidad\/?p=52382"},"modified":"2025-03-14T13:59:22","modified_gmt":"2025-03-14T11:59:22","slug":"el-alcalde-de-pamplona-recibe-a-la-pena-los-de-bronce-que-este-ano-celebra-su-75-aniversario","status":"publish","type":"post","link":"https:\/\/www.laguiadepamplona.com\/actualidad\/el-alcalde-de-pamplona-recibe-a-la-pena-los-de-bronce-que-este-ano-celebra-su-75-aniversario\/","title":{"rendered":"El alcalde de Pamplona recibe a la pe\u00f1a Los de Bronce, que este a\u00f1o celebra su 75 aniversario"},"content":{"rendered":"<p><!--more--><\/p>\n<p>El alcalde de Pamplona, Joseba Asiron Saez, ha recibido en su despacho de la Casa Consistorial a una representaci\u00f3n de la pe\u00f1a Los de Bronce, con motivo de la celebraci\u00f3n de su 75 aniversario. Al encuentro han acudido el presidente de la pe\u00f1a, Jon Peralta; y los socios Rafa Aguilera, \u00c1ngel Etxeberria, Mikel Gracia y Joxiko Garc\u00eda.<\/p>\n<p>Estos dos \u00faltimos socios, adem\u00e1s, est\u00e1n elaborando un libro sobre la historia de la pe\u00f1a, que se publicar\u00e1 pr\u00f3ximamente. En \u00e9l recogen fotograf\u00edas y an\u00e9cdotas de estos 75 a\u00f1os de vida. \u00c9sta es una de las actividades organizadas en torno al aniversario, pero no es la \u00fanica. En este sentido, han trasladado al alcalde el programa para este a\u00f1o, que incluye varias charlas, una exposici\u00f3n en el atrio del Parlamento de Navarra y varias celebraciones, como el D\u00eda de Los de Bronce, el pr\u00f3ximo 24 de mayo o el D\u00eda del Veterano, el 7 de junio. Todo como antesala a las fiestas de San Ferm\u00edn en la que, este a\u00f1o, la pe\u00f1a contar\u00e1 con un himno renovado.<\/p>\n<p>El nuevo himno podr\u00e1 escucharse por primera vez ma\u00f1ana s\u00e1bado, d\u00eda 15, en los locales de la pe\u00f1a, en la calle Jarauta. Esta versi\u00f3n es obra de \u00d3scar Salvoch Mu\u00f1oz, m\u00fasico y socio de la pe\u00f1a, que ha realizado los arreglos al himno original, que Juli\u00e1n Arteaga y Rafael Rodr\u00edguez Tirado compusieron en 1950. Esa primera versi\u00f3n fue completada a\u00f1os despu\u00e9s por Joaqu\u00edn Zabalza y Enrique Los Arcos, componentes del m\u00edtico grupo Los Iru\u00f1ako.<\/p>\n<p>La versi\u00f3n realizada para este 75 aniversario ha sido interpretada por la banda municipal La Pamplonesa, bajo la batuta de Vicent Egea, acompa\u00f1ada por el Orfe\u00f3n Pamplon\u00e9s, que dirige Igor Ijurra.<\/p>\n","protected":false},"excerpt":{"rendered":"","protected":false},"author":1,"featured_media":52383,"comment_status":"open","ping_status":"closed","sticky":false,"template":"","format":"standard","meta":{"footnotes":""},"categories":[2],"tags":[],"class_list":["post-52382","post","type-post","status-publish","format-standard","has-post-thumbnail","hentry","category-ayuntamiento-pamplona"],"yoast_head":"<!-- This site is optimized with the Yoast SEO plugin v27.5 - https:\/\/yoast.com\/product\/yoast-seo-wordpress\/ -->\n<title>El alcalde de Pamplona recibe a la pe\u00f1a Los de Bronce, que este a\u00f1o celebra su 75 aniversario<\/title>\n<meta name=\"description\" content=\"El alcalde de Pamplona, Joseba Asiron Saez, ha recibido en su despacho de la Casa Consistorial a una representaci\u00f3n de la pe\u00f1a Los de Bronce\" \/>\n<meta name=\"robots\" content=\"index, follow, max-snippet:-1, max-image-preview:large, max-video-preview:-1\" \/>\n<link rel=\"canonical\" href=\"https:\/\/www.laguiadepamplona.com\/actualidad\/el-alcalde-de-pamplona-recibe-a-la-pena-los-de-bronce-que-este-ano-celebra-su-75-aniversario\/\" \/>\n<meta property=\"og:locale\" content=\"es_ES\" \/>\n<meta property=\"og:type\" content=\"article\" \/>\n<meta property=\"og:title\" content=\"El alcalde de Pamplona recibe a la pe\u00f1a Los de Bronce, que este a\u00f1o celebra su 75 aniversario\" \/>\n<meta property=\"og:description\" content=\"El alcalde de Pamplona, Joseba Asiron Saez, ha recibido en su despacho de la Casa Consistorial a una representaci\u00f3n de la pe\u00f1a Los de Bronce\" \/>\n<meta property=\"og:url\" content=\"https:\/\/www.laguiadepamplona.com\/actualidad\/el-alcalde-de-pamplona-recibe-a-la-pena-los-de-bronce-que-este-ano-celebra-su-75-aniversario\/\" \/>\n<meta property=\"og:site_name\" content=\"La Gu\u00eda de Pamplona\" \/>\n<meta property=\"article:publisher\" content=\"https:\/\/www.facebook.com\/laguiadepamplonacom-133175176762273\/?ref=hl\" \/>\n<meta property=\"article:published_time\" content=\"2025-03-14T11:59:22+00:00\" \/>\n<meta property=\"og:image\" content=\"https:\/\/www.laguiadepamplona.com\/actualidad\/wp-content\/uploads\/2025\/03\/3penadelosdebroncecnb0574.webp\" \/>\n\t<meta property=\"og:image:width\" content=\"1000\" \/>\n\t<meta property=\"og:image:height\" content=\"667\" \/>\n\t<meta property=\"og:image:type\" content=\"image\/webp\" \/>\n<meta name=\"author\" content=\"La Gu\u00eda de Pamplona\" \/>\n<meta name=\"twitter:card\" content=\"summary_large_image\" \/>\n<meta name=\"twitter:creator\" content=\"@LaGuiadPamplona\" \/>\n<meta name=\"twitter:site\" content=\"@LaGuiadPamplona\" \/>\n<meta name=\"twitter:label1\" content=\"Escrito por\" \/>\n\t<meta name=\"twitter:data1\" content=\"La Gu\u00eda de Pamplona\" \/>\n\t<meta name=\"twitter:label2\" content=\"Tiempo de lectura\" \/>\n\t<meta name=\"twitter:data2\" content=\"2 minutos\" \/>\n<script type=\"application\/ld+json\" class=\"yoast-schema-graph\">{\"@context\":\"https:\\\/\\\/schema.org\",\"@graph\":[{\"@type\":\"Article\",\"@id\":\"https:\\\/\\\/www.laguiadepamplona.com\\\/actualidad\\\/el-alcalde-de-pamplona-recibe-a-la-pena-los-de-bronce-que-este-ano-celebra-su-75-aniversario\\\/#article\",\"isPartOf\":{\"@id\":\"https:\\\/\\\/www.laguiadepamplona.com\\\/actualidad\\\/el-alcalde-de-pamplona-recibe-a-la-pena-los-de-bronce-que-este-ano-celebra-su-75-aniversario\\\/\"},\"author\":{\"name\":\"La Gu\u00eda de Pamplona\",\"@id\":\"https:\\\/\\\/www.laguiadepamplona.com\\\/actualidad\\\/#\\\/schema\\\/person\\\/efe887376f0213d4657c93adc50b1fdb\"},\"headline\":\"El alcalde de Pamplona recibe a la pe\u00f1a Los de Bronce, que este a\u00f1o celebra su 75 aniversario\",\"datePublished\":\"2025-03-14T11:59:22+00:00\",\"mainEntityOfPage\":{\"@id\":\"https:\\\/\\\/www.laguiadepamplona.com\\\/actualidad\\\/el-alcalde-de-pamplona-recibe-a-la-pena-los-de-bronce-que-este-ano-celebra-su-75-aniversario\\\/\"},\"wordCount\":331,\"commentCount\":0,\"publisher\":{\"@id\":\"https:\\\/\\\/www.laguiadepamplona.com\\\/actualidad\\\/#organization\"},\"image\":{\"@id\":\"https:\\\/\\\/www.laguiadepamplona.com\\\/actualidad\\\/el-alcalde-de-pamplona-recibe-a-la-pena-los-de-bronce-que-este-ano-celebra-su-75-aniversario\\\/#primaryimage\"},\"thumbnailUrl\":\"https:\\\/\\\/www.laguiadepamplona.com\\\/actualidad\\\/wp-content\\\/uploads\\\/2025\\\/03\\\/3penadelosdebroncecnb0574.webp\",\"articleSection\":[\"Ayto Pamplona\"],\"inLanguage\":\"es\",\"potentialAction\":[{\"@type\":\"CommentAction\",\"name\":\"Comment\",\"target\":[\"https:\\\/\\\/www.laguiadepamplona.com\\\/actualidad\\\/el-alcalde-de-pamplona-recibe-a-la-pena-los-de-bronce-que-este-ano-celebra-su-75-aniversario\\\/#respond\"]}]},{\"@type\":\"WebPage\",\"@id\":\"https:\\\/\\\/www.laguiadepamplona.com\\\/actualidad\\\/el-alcalde-de-pamplona-recibe-a-la-pena-los-de-bronce-que-este-ano-celebra-su-75-aniversario\\\/\",\"url\":\"https:\\\/\\\/www.laguiadepamplona.com\\\/actualidad\\\/el-alcalde-de-pamplona-recibe-a-la-pena-los-de-bronce-que-este-ano-celebra-su-75-aniversario\\\/\",\"name\":\"El alcalde de Pamplona recibe a la pe\u00f1a Los de Bronce, que este a\u00f1o celebra su 75 aniversario\",\"isPartOf\":{\"@id\":\"https:\\\/\\\/www.laguiadepamplona.com\\\/actualidad\\\/#website\"},\"primaryImageOfPage\":{\"@id\":\"https:\\\/\\\/www.laguiadepamplona.com\\\/actualidad\\\/el-alcalde-de-pamplona-recibe-a-la-pena-los-de-bronce-que-este-ano-celebra-su-75-aniversario\\\/#primaryimage\"},\"image\":{\"@id\":\"https:\\\/\\\/www.laguiadepamplona.com\\\/actualidad\\\/el-alcalde-de-pamplona-recibe-a-la-pena-los-de-bronce-que-este-ano-celebra-su-75-aniversario\\\/#primaryimage\"},\"thumbnailUrl\":\"https:\\\/\\\/www.laguiadepamplona.com\\\/actualidad\\\/wp-content\\\/uploads\\\/2025\\\/03\\\/3penadelosdebroncecnb0574.webp\",\"datePublished\":\"2025-03-14T11:59:22+00:00\",\"description\":\"El alcalde de Pamplona, Joseba Asiron Saez, ha recibido en su despacho de la Casa Consistorial a una representaci\u00f3n de la pe\u00f1a Los de Bronce\",\"breadcrumb\":{\"@id\":\"https:\\\/\\\/www.laguiadepamplona.com\\\/actualidad\\\/el-alcalde-de-pamplona-recibe-a-la-pena-los-de-bronce-que-este-ano-celebra-su-75-aniversario\\\/#breadcrumb\"},\"inLanguage\":\"es\",\"potentialAction\":[{\"@type\":\"ReadAction\",\"target\":[\"https:\\\/\\\/www.laguiadepamplona.com\\\/actualidad\\\/el-alcalde-de-pamplona-recibe-a-la-pena-los-de-bronce-que-este-ano-celebra-su-75-aniversario\\\/\"]}]},{\"@type\":\"ImageObject\",\"inLanguage\":\"es\",\"@id\":\"https:\\\/\\\/www.laguiadepamplona.com\\\/actualidad\\\/el-alcalde-de-pamplona-recibe-a-la-pena-los-de-bronce-que-este-ano-celebra-su-75-aniversario\\\/#primaryimage\",\"url\":\"https:\\\/\\\/www.laguiadepamplona.com\\\/actualidad\\\/wp-content\\\/uploads\\\/2025\\\/03\\\/3penadelosdebroncecnb0574.webp\",\"contentUrl\":\"https:\\\/\\\/www.laguiadepamplona.com\\\/actualidad\\\/wp-content\\\/uploads\\\/2025\\\/03\\\/3penadelosdebroncecnb0574.webp\",\"width\":1000,\"height\":667,\"caption\":\"reuni\u00f3n pe\u00f1a los del bronce\"},{\"@type\":\"BreadcrumbList\",\"@id\":\"https:\\\/\\\/www.laguiadepamplona.com\\\/actualidad\\\/el-alcalde-de-pamplona-recibe-a-la-pena-los-de-bronce-que-este-ano-celebra-su-75-aniversario\\\/#breadcrumb\",\"itemListElement\":[{\"@type\":\"ListItem\",\"position\":1,\"name\":\"Portada\",\"item\":\"https:\\\/\\\/www.laguiadepamplona.com\\\/actualidad\\\/\"},{\"@type\":\"ListItem\",\"position\":2,\"name\":\"El alcalde de Pamplona recibe a la pe\u00f1a Los de Bronce, que este a\u00f1o celebra su 75 aniversario\"}]},{\"@type\":\"WebSite\",\"@id\":\"https:\\\/\\\/www.laguiadepamplona.com\\\/actualidad\\\/#website\",\"url\":\"https:\\\/\\\/www.laguiadepamplona.com\\\/actualidad\\\/\",\"name\":\"La gu\u00eda de Pamplona\",\"description\":\"Noticias de Pamplona\",\"publisher\":{\"@id\":\"https:\\\/\\\/www.laguiadepamplona.com\\\/actualidad\\\/#organization\"},\"potentialAction\":[{\"@type\":\"SearchAction\",\"target\":{\"@type\":\"EntryPoint\",\"urlTemplate\":\"https:\\\/\\\/www.laguiadepamplona.com\\\/actualidad\\\/?s={search_term_string}\"},\"query-input\":{\"@type\":\"PropertyValueSpecification\",\"valueRequired\":true,\"valueName\":\"search_term_string\"}}],\"inLanguage\":\"es\"},{\"@type\":\"Organization\",\"@id\":\"https:\\\/\\\/www.laguiadepamplona.com\\\/actualidad\\\/#organization\",\"name\":\"La Gu\u00eda de Pamplona \\\/ Noticias\",\"url\":\"https:\\\/\\\/www.laguiadepamplona.com\\\/actualidad\\\/\",\"logo\":{\"@type\":\"ImageObject\",\"inLanguage\":\"es\",\"@id\":\"https:\\\/\\\/www.laguiadepamplona.com\\\/actualidad\\\/#\\\/schema\\\/logo\\\/image\\\/\",\"url\":\"https:\\\/\\\/www.laguiadepamplona.com\\\/actualidad\\\/wp-content\\\/uploads\\\/2018\\\/11\\\/logo-laguiadepamplona18-web1.png\",\"contentUrl\":\"https:\\\/\\\/www.laguiadepamplona.com\\\/actualidad\\\/wp-content\\\/uploads\\\/2018\\\/11\\\/logo-laguiadepamplona18-web1.png\",\"width\":600,\"height\":196,\"caption\":\"La Gu\u00eda de Pamplona \\\/ Noticias\"},\"image\":{\"@id\":\"https:\\\/\\\/www.laguiadepamplona.com\\\/actualidad\\\/#\\\/schema\\\/logo\\\/image\\\/\"},\"sameAs\":[\"https:\\\/\\\/www.facebook.com\\\/laguiadepamplonacom-133175176762273\\\/?ref=hl\",\"https:\\\/\\\/x.com\\\/LaGuiadPamplona\",\"https:\\\/\\\/www.instagram.com\\\/la_guia_de_pamplona\\\/\",\"https:\\\/\\\/www.youtube.com\\\/user\\\/laguiadepamplona\"]},{\"@type\":\"Person\",\"@id\":\"https:\\\/\\\/www.laguiadepamplona.com\\\/actualidad\\\/#\\\/schema\\\/person\\\/efe887376f0213d4657c93adc50b1fdb\",\"name\":\"La Gu\u00eda de Pamplona\",\"image\":{\"@type\":\"ImageObject\",\"inLanguage\":\"es\",\"@id\":\"https:\\\/\\\/secure.gravatar.com\\\/avatar\\\/b6992f131dc8d30ab0dff15446e9d346d9dbd95992de0fef795073f5ea83a81c?s=96&d=mm&r=g\",\"url\":\"https:\\\/\\\/secure.gravatar.com\\\/avatar\\\/b6992f131dc8d30ab0dff15446e9d346d9dbd95992de0fef795073f5ea83a81c?s=96&d=mm&r=g\",\"contentUrl\":\"https:\\\/\\\/secure.gravatar.com\\\/avatar\\\/b6992f131dc8d30ab0dff15446e9d346d9dbd95992de0fef795073f5ea83a81c?s=96&d=mm&r=g\",\"caption\":\"La Gu\u00eda de Pamplona\"}}]}<\/script>\n<!-- \/ Yoast SEO plugin. -->","yoast_head_json":{"title":"El alcalde de Pamplona recibe a la pe\u00f1a Los de Bronce, que este a\u00f1o celebra su 75 aniversario","description":"El alcalde de Pamplona, Joseba Asiron Saez, ha recibido en su despacho de la Casa Consistorial a una representaci\u00f3n de la pe\u00f1a Los de Bronce","robots":{"index":"index","follow":"follow","max-snippet":"max-snippet:-1","max-image-preview":"max-image-preview:large","max-video-preview":"max-video-preview:-1"},"canonical":"https:\/\/www.laguiadepamplona.com\/actualidad\/el-alcalde-de-pamplona-recibe-a-la-pena-los-de-bronce-que-este-ano-celebra-su-75-aniversario\/","og_locale":"es_ES","og_type":"article","og_title":"El alcalde de Pamplona recibe a la pe\u00f1a Los de Bronce, que este a\u00f1o celebra su 75 aniversario","og_description":"El alcalde de Pamplona, Joseba Asiron Saez, ha recibido en su despacho de la Casa Consistorial a una representaci\u00f3n de la pe\u00f1a Los de Bronce","og_url":"https:\/\/www.laguiadepamplona.com\/actualidad\/el-alcalde-de-pamplona-recibe-a-la-pena-los-de-bronce-que-este-ano-celebra-su-75-aniversario\/","og_site_name":"La Gu\u00eda de Pamplona","article_publisher":"https:\/\/www.facebook.com\/laguiadepamplonacom-133175176762273\/?ref=hl","article_published_time":"2025-03-14T11:59:22+00:00","og_image":[{"width":1000,"height":667,"url":"https:\/\/www.laguiadepamplona.com\/actualidad\/wp-content\/uploads\/2025\/03\/3penadelosdebroncecnb0574.webp","type":"image\/webp"}],"author":"La Gu\u00eda de Pamplona","twitter_card":"summary_large_image","twitter_creator":"@LaGuiadPamplona","twitter_site":"@LaGuiadPamplona","twitter_misc":{"Escrito por":"La Gu\u00eda de Pamplona","Tiempo de lectura":"2 minutos"},"schema":{"@context":"https:\/\/schema.org","@graph":[{"@type":"Article","@id":"https:\/\/www.laguiadepamplona.com\/actualidad\/el-alcalde-de-pamplona-recibe-a-la-pena-los-de-bronce-que-este-ano-celebra-su-75-aniversario\/#article","isPartOf":{"@id":"https:\/\/www.laguiadepamplona.com\/actualidad\/el-alcalde-de-pamplona-recibe-a-la-pena-los-de-bronce-que-este-ano-celebra-su-75-aniversario\/"},"author":{"name":"La Gu\u00eda de Pamplona","@id":"https:\/\/www.laguiadepamplona.com\/actualidad\/#\/schema\/person\/efe887376f0213d4657c93adc50b1fdb"},"headline":"El alcalde de Pamplona recibe a la pe\u00f1a Los de Bronce, que este a\u00f1o celebra su 75 aniversario","datePublished":"2025-03-14T11:59:22+00:00","mainEntityOfPage":{"@id":"https:\/\/www.laguiadepamplona.com\/actualidad\/el-alcalde-de-pamplona-recibe-a-la-pena-los-de-bronce-que-este-ano-celebra-su-75-aniversario\/"},"wordCount":331,"commentCount":0,"publisher":{"@id":"https:\/\/www.laguiadepamplona.com\/actualidad\/#organization"},"image":{"@id":"https:\/\/www.laguiadepamplona.com\/actualidad\/el-alcalde-de-pamplona-recibe-a-la-pena-los-de-bronce-que-este-ano-celebra-su-75-aniversario\/#primaryimage"},"thumbnailUrl":"https:\/\/www.laguiadepamplona.com\/actualidad\/wp-content\/uploads\/2025\/03\/3penadelosdebroncecnb0574.webp","articleSection":["Ayto Pamplona"],"inLanguage":"es","potentialAction":[{"@type":"CommentAction","name":"Comment","target":["https:\/\/www.laguiadepamplona.com\/actualidad\/el-alcalde-de-pamplona-recibe-a-la-pena-los-de-bronce-que-este-ano-celebra-su-75-aniversario\/#respond"]}]},{"@type":"WebPage","@id":"https:\/\/www.laguiadepamplona.com\/actualidad\/el-alcalde-de-pamplona-recibe-a-la-pena-los-de-bronce-que-este-ano-celebra-su-75-aniversario\/","url":"https:\/\/www.laguiadepamplona.com\/actualidad\/el-alcalde-de-pamplona-recibe-a-la-pena-los-de-bronce-que-este-ano-celebra-su-75-aniversario\/","name":"El alcalde de Pamplona recibe a la pe\u00f1a Los de Bronce, que este a\u00f1o celebra su 75 aniversario","isPartOf":{"@id":"https:\/\/www.laguiadepamplona.com\/actualidad\/#website"},"primaryImageOfPage":{"@id":"https:\/\/www.laguiadepamplona.com\/actualidad\/el-alcalde-de-pamplona-recibe-a-la-pena-los-de-bronce-que-este-ano-celebra-su-75-aniversario\/#primaryimage"},"image":{"@id":"https:\/\/www.laguiadepamplona.com\/actualidad\/el-alcalde-de-pamplona-recibe-a-la-pena-los-de-bronce-que-este-ano-celebra-su-75-aniversario\/#primaryimage"},"thumbnailUrl":"https:\/\/www.laguiadepamplona.com\/actualidad\/wp-content\/uploads\/2025\/03\/3penadelosdebroncecnb0574.webp","datePublished":"2025-03-14T11:59:22+00:00","description":"El alcalde de Pamplona, Joseba Asiron Saez, ha recibido en su despacho de la Casa Consistorial a una representaci\u00f3n de la pe\u00f1a Los de Bronce","breadcrumb":{"@id":"https:\/\/www.laguiadepamplona.com\/actualidad\/el-alcalde-de-pamplona-recibe-a-la-pena-los-de-bronce-que-este-ano-celebra-su-75-aniversario\/#breadcrumb"},"inLanguage":"es","potentialAction":[{"@type":"ReadAction","target":["https:\/\/www.laguiadepamplona.com\/actualidad\/el-alcalde-de-pamplona-recibe-a-la-pena-los-de-bronce-que-este-ano-celebra-su-75-aniversario\/"]}]},{"@type":"ImageObject","inLanguage":"es","@id":"https:\/\/www.laguiadepamplona.com\/actualidad\/el-alcalde-de-pamplona-recibe-a-la-pena-los-de-bronce-que-este-ano-celebra-su-75-aniversario\/#primaryimage","url":"https:\/\/www.laguiadepamplona.com\/actualidad\/wp-content\/uploads\/2025\/03\/3penadelosdebroncecnb0574.webp","contentUrl":"https:\/\/www.laguiadepamplona.com\/actualidad\/wp-content\/uploads\/2025\/03\/3penadelosdebroncecnb0574.webp","width":1000,"height":667,"caption":"reuni\u00f3n pe\u00f1a los del bronce"},{"@type":"BreadcrumbList","@id":"https:\/\/www.laguiadepamplona.com\/actualidad\/el-alcalde-de-pamplona-recibe-a-la-pena-los-de-bronce-que-este-ano-celebra-su-75-aniversario\/#breadcrumb","itemListElement":[{"@type":"ListItem","position":1,"name":"Portada","item":"https:\/\/www.laguiadepamplona.com\/actualidad\/"},{"@type":"ListItem","position":2,"name":"El alcalde de Pamplona recibe a la pe\u00f1a Los de Bronce, que este a\u00f1o celebra su 75 aniversario"}]},{"@type":"WebSite","@id":"https:\/\/www.laguiadepamplona.com\/actualidad\/#website","url":"https:\/\/www.laguiadepamplona.com\/actualidad\/","name":"La gu\u00eda de Pamplona","description":"Noticias de Pamplona","publisher":{"@id":"https:\/\/www.laguiadepamplona.com\/actualidad\/#organization"},"potentialAction":[{"@type":"SearchAction","target":{"@type":"EntryPoint","urlTemplate":"https:\/\/www.laguiadepamplona.com\/actualidad\/?s={search_term_string}"},"query-input":{"@type":"PropertyValueSpecification","valueRequired":true,"valueName":"search_term_string"}}],"inLanguage":"es"},{"@type":"Organization","@id":"https:\/\/www.laguiadepamplona.com\/actualidad\/#organization","name":"La Gu\u00eda de Pamplona \/ Noticias","url":"https:\/\/www.laguiadepamplona.com\/actualidad\/","logo":{"@type":"ImageObject","inLanguage":"es","@id":"https:\/\/www.laguiadepamplona.com\/actualidad\/#\/schema\/logo\/image\/","url":"https:\/\/www.laguiadepamplona.com\/actualidad\/wp-content\/uploads\/2018\/11\/logo-laguiadepamplona18-web1.png","contentUrl":"https:\/\/www.laguiadepamplona.com\/actualidad\/wp-content\/uploads\/2018\/11\/logo-laguiadepamplona18-web1.png","width":600,"height":196,"caption":"La Gu\u00eda de Pamplona \/ Noticias"},"image":{"@id":"https:\/\/www.laguiadepamplona.com\/actualidad\/#\/schema\/logo\/image\/"},"sameAs":["https:\/\/www.facebook.com\/laguiadepamplonacom-133175176762273\/?ref=hl","https:\/\/x.com\/LaGuiadPamplona","https:\/\/www.instagram.com\/la_guia_de_pamplona\/","https:\/\/www.youtube.com\/user\/laguiadepamplona"]},{"@type":"Person","@id":"https:\/\/www.laguiadepamplona.com\/actualidad\/#\/schema\/person\/efe887376f0213d4657c93adc50b1fdb","name":"La Gu\u00eda de Pamplona","image":{"@type":"ImageObject","inLanguage":"es","@id":"https:\/\/secure.gravatar.com\/avatar\/b6992f131dc8d30ab0dff15446e9d346d9dbd95992de0fef795073f5ea83a81c?s=96&d=mm&r=g","url":"https:\/\/secure.gravatar.com\/avatar\/b6992f131dc8d30ab0dff15446e9d346d9dbd95992de0fef795073f5ea83a81c?s=96&d=mm&r=g","contentUrl":"https:\/\/secure.gravatar.com\/avatar\/b6992f131dc8d30ab0dff15446e9d346d9dbd95992de0fef795073f5ea83a81c?s=96&d=mm&r=g","caption":"La Gu\u00eda de Pamplona"}}]}},"post_mailing_queue_ids":[],"_links":{"self":[{"href":"https:\/\/www.laguiadepamplona.com\/actualidad\/wp-json\/wp\/v2\/posts\/52382","targetHints":{"allow":["GET"]}}],"collection":[{"href":"https:\/\/www.laguiadepamplona.com\/actualidad\/wp-json\/wp\/v2\/posts"}],"about":[{"href":"https:\/\/www.laguiadepamplona.com\/actualidad\/wp-json\/wp\/v2\/types\/post"}],"author":[{"embeddable":true,"href":"https:\/\/www.laguiadepamplona.com\/actualidad\/wp-json\/wp\/v2\/users\/1"}],"replies":[{"embeddable":true,"href":"https:\/\/www.laguiadepamplona.com\/actualidad\/wp-json\/wp\/v2\/comments?post=52382"}],"version-history":[{"count":1,"href":"https:\/\/www.laguiadepamplona.com\/actualidad\/wp-json\/wp\/v2\/posts\/52382\/revisions"}],"predecessor-version":[{"id":52384,"href":"https:\/\/www.laguiadepamplona.com\/actualidad\/wp-json\/wp\/v2\/posts\/52382\/revisions\/52384"}],"wp:featuredmedia":[{"embeddable":true,"href":"https:\/\/www.laguiadepamplona.com\/actualidad\/wp-json\/wp\/v2\/media\/52383"}],"wp:attachment":[{"href":"https:\/\/www.laguiadepamplona.com\/actualidad\/wp-json\/wp\/v2\/media?parent=52382"}],"wp:term":[{"taxonomy":"category","embeddable":true,"href":"https:\/\/www.laguiadepamplona.com\/actualidad\/wp-json\/wp\/v2\/categories?post=52382"},{"taxonomy":"post_tag","embeddable":true,"href":"https:\/\/www.laguiadepamplona.com\/actualidad\/wp-json\/wp\/v2\/tags?post=52382"}],"curies":[{"name":"wp","href":"https:\/\/api.w.org\/{rel}","templated":true}]}}