{"id":5237,"date":"2015-03-23T15:21:21","date_gmt":"2015-03-23T13:21:21","guid":{"rendered":"http:\/\/laguiadepamplona.com\/actualidad\/?p=5237"},"modified":"2015-03-23T15:21:21","modified_gmt":"2015-03-23T13:21:21","slug":"la-situacion-actual-tanto-del-panorama-musical-espanol-como-del-aprendizaje-de-la-musica-en-espana-algunas-de-las-cuestiones-a-tratar-manana-en-musync","status":"publish","type":"post","link":"https:\/\/www.laguiadepamplona.com\/actualidad\/la-situacion-actual-tanto-del-panorama-musical-espanol-como-del-aprendizaje-de-la-musica-en-espana-algunas-de-las-cuestiones-a-tratar-manana-en-musync\/","title":{"rendered":"La situaci\u00f3n actual, tanto del panorama musical espa\u00f1ol, como del aprendizaje de la m\u00fasica en Espa\u00f1a, algunas de las cuestiones a tratar ma\u00f1ana en \u00a1Musync!"},"content":{"rendered":"<h4>La pen\u00faltima sesi\u00f3n del ciclo del Ayuntamiento y el Conservatorio Superior tendr\u00e1 lugar a las 19.30 horas en Civivox Condestable, con entrada libre<\/h4>\n<p><a href=\"http:\/\/laguiadepamplona.com\/actualidad\/wp-content\/uploads\/2014\/09\/palacio-condestable-civivox.jpg\"><img loading=\"lazy\" decoding=\"async\" class=\"alignleft size-medium wp-image-3085\" src=\"http:\/\/laguiadepamplona.com\/actualidad\/wp-content\/uploads\/2014\/09\/palacio-condestable-civivox-300x225.jpg\" alt=\"palacio condestable-civivox\" width=\"300\" height=\"225\" \/><\/a>Tras el concierto did\u00e1ctico de esta tarde en el Condestable (19.30 horas), ma\u00f1ana contin\u00faa en esa misma ubicaci\u00f3n el ciclo \u2018\u00a1Musync!\u2019, un conjunto de actividades que pretende acercar y difundir ideas, estrategias y recursos que proceden del Conservatorio Superior de Navarra a las necesidades culturales de la ciudad.<\/p>\n<p>La siguiente sesi\u00f3n es una mesa redonda que tendr\u00e1 lugar a las 19.30 horas, en el Sal\u00f3n de actos, con entrada libre. All\u00ed ser\u00e1 posible el encuentro con el music\u00f3logo y fil\u00f3sofo Ram\u00f3n Andr\u00e9s en una mesa en la que tambi\u00e9n intervendr\u00e1n Berta Moreno, directora del \u00c1rea de Musicolog\u00eda y Sergio Barcellona, docente de Musicolog\u00eda, ambos del Conservatorio Superior de Navarra y Xabier Armend\u00e1riz, critico musical.<\/p>\n<p>La sesi\u00f3n tiene como objetivo ser una puesta en com\u00fan sobre la realidad musical actual y sus perspectivas y la importancia de la m\u00fasica en la construcci\u00f3n de las culturas que hist\u00f3ricamente han conformado las distintas sociedades. Asimismo se repasar\u00e1n asuntos como la relaci\u00f3n entre la m\u00fasica y la filosof\u00eda o la importancia de los distintos niveles de ense\u00f1anza musical en la formaci\u00f3n de los ciudadanos. Ser\u00e1 un buen momento tambi\u00e9n para hacer una panor\u00e1mica cr\u00edtica sobre el tratamiento del aprendizaje de la m\u00fasica en Espa\u00f1a.<\/p>\n<p>El ciclo \u00a1Musync! est\u00e1 organizado por el Ayuntamiento de Pamplona en la Red Civivox, coordinado por el Departamento de Musicolog\u00eda del Conservatorio Superior de Navarra. La \u00faltima sesi\u00f3n del ciclo tendr\u00e1 lugar el lunes 30 de marzo y en ella, con apoyo audiovisual, el cr\u00edtico musical Xabier Armend\u00e1riz har\u00e1 una semblanza de Glenn Gould, un controvertido pianista del siglo XX que <strong>ech\u00f3 por tierra las convenciones est\u00e9ticas y esc\u00e9nicas sobre c\u00f3mo <\/strong>debe comportarse en concierto un int\u00e9rprete de piano. Armend\u00e1riz es pianista, critico musical de Diario de Navarra, y alumno del ultimo curso de Musicolog\u00eda del Conservatorio Superior de Navarra.<\/p>\n<p><strong>\u2018\u00a1Musync!\u2019. Pr\u00f3ximas actividades<\/strong><\/p>\n<p><strong>Lugar: <\/strong>Civivox Condestable<\/p>\n<p><strong>Hora: <\/strong>19.30 horas<\/p>\n<p><strong>Lunes 23 de marzo<\/strong><\/p>\n<ul>\n<li>Concierto did\u00e1ctico<\/li>\n<li>Sala Medieval. Previa retirada de invitaciones desde una hora antes<\/li>\n<li>M\u00fasica y melancol\u00eda<\/li>\n<li>Participantes: Ram\u00f3n Andr\u00e9s, music\u00f3logo y fil\u00f3sofo, con la formaci\u00f3n musical Secretum<\/li>\n<\/ul>\n<p><strong>Martes 24 de marzo<\/strong><\/p>\n<ul>\n<li>Mesa Redonda<\/li>\n<li>Sal\u00f3n de actos. Entrada libre<\/li>\n<li>Encuentro con Ram\u00f3n Andr\u00e9s<\/li>\n<li>Participantes: Ram\u00f3n Andr\u00e9s, music\u00f3logo y fil\u00f3sofo; Berta Moreno, directora del \u00c1rea de Musicolog\u00eda y Sergio Barcellona, docente de Musicolog\u00eda, ambos del Conservatorio Superior de Navarra y Xabier Armend\u00e1riz, critico musical<\/li>\n<\/ul>\n<p><strong>Lunes 30 de marzo<\/strong><\/p>\n<ul>\n<li>Conferencia con apoyo audiovisual<\/li>\n<li>Sal\u00f3n de actos. Entrada libre<\/li>\n<li>Glenn Gould (1932- 1982, virtuoso del piano)<\/li>\n<li>Ponente: Xabier Armend\u00e1riz, pianista, critico musical de Diario de Navarra, y alumno del ultimo curso de Musicolog\u00eda del Conservatorio Superior de Navarra<\/li>\n<\/ul>\n<p>&nbsp;<\/p>\n","protected":false},"excerpt":{"rendered":"<p>La pen\u00faltima sesi\u00f3n del ciclo del Ayuntamiento y el Conservatorio Superior tendr\u00e1 lugar a las 19.30 horas en Civivox Condestable, con entrada libre Tras el concierto did\u00e1ctico de esta tarde&#8230;<\/p>\n","protected":false},"author":1,"featured_media":3085,"comment_status":"closed","ping_status":"open","sticky":false,"template":"","format":"standard","meta":{"footnotes":""},"categories":[2],"tags":[5,6,509,4670,678,8,9,4671],"class_list":["post-5237","post","type-post","status-publish","format-standard","has-post-thumbnail","hentry","category-ayuntamiento-pamplona","tag-actualidad","tag-ayto-pamplona","tag-ayuntamiento-de-pamplona","tag-musica-en-espana","tag-musync","tag-noticias","tag-pamplona","tag-panorama-musical-espanol"],"yoast_head":"<!-- This site is optimized with the Yoast SEO plugin v27.5 - https:\/\/yoast.com\/product\/yoast-seo-wordpress\/ -->\n<title>La situaci\u00f3n actual, tanto del panorama musical espa\u00f1ol, como del aprendizaje de la m\u00fasica en Espa\u00f1a, algunas de las cuestiones a tratar ma\u00f1ana en \u00a1Musync!<\/title>\n<meta name=\"robots\" content=\"index, follow, max-snippet:-1, max-image-preview:large, max-video-preview:-1\" \/>\n<link rel=\"canonical\" href=\"https:\/\/www.laguiadepamplona.com\/actualidad\/la-situacion-actual-tanto-del-panorama-musical-espanol-como-del-aprendizaje-de-la-musica-en-espana-algunas-de-las-cuestiones-a-tratar-manana-en-musync\/\" \/>\n<meta property=\"og:locale\" content=\"es_ES\" \/>\n<meta property=\"og:type\" content=\"article\" \/>\n<meta property=\"og:title\" content=\"La situaci\u00f3n actual, tanto del panorama musical espa\u00f1ol, como del aprendizaje de la m\u00fasica en Espa\u00f1a, algunas de las cuestiones a tratar ma\u00f1ana en \u00a1Musync!\" \/>\n<meta property=\"og:description\" content=\"La pen\u00faltima sesi\u00f3n del ciclo del Ayuntamiento y el Conservatorio Superior tendr\u00e1 lugar a las 19.30 horas en Civivox Condestable, con entrada libre Tras el concierto did\u00e1ctico de esta tarde...\" \/>\n<meta property=\"og:url\" content=\"https:\/\/www.laguiadepamplona.com\/actualidad\/la-situacion-actual-tanto-del-panorama-musical-espanol-como-del-aprendizaje-de-la-musica-en-espana-algunas-de-las-cuestiones-a-tratar-manana-en-musync\/\" \/>\n<meta property=\"og:site_name\" content=\"La Gu\u00eda de Pamplona\" \/>\n<meta property=\"article:publisher\" content=\"https:\/\/www.facebook.com\/laguiadepamplonacom-133175176762273\/?ref=hl\" \/>\n<meta property=\"article:published_time\" content=\"2015-03-23T13:21:21+00:00\" \/>\n<meta name=\"author\" content=\"La Gu\u00eda de Pamplona\" \/>\n<meta name=\"twitter:card\" content=\"summary_large_image\" \/>\n<meta name=\"twitter:creator\" content=\"@LaGuiadPamplona\" \/>\n<meta name=\"twitter:site\" content=\"@LaGuiadPamplona\" \/>\n<meta name=\"twitter:label1\" content=\"Escrito por\" \/>\n\t<meta name=\"twitter:data1\" content=\"La Gu\u00eda de Pamplona\" \/>\n\t<meta name=\"twitter:label2\" content=\"Tiempo de lectura\" \/>\n\t<meta name=\"twitter:data2\" content=\"3 minutos\" \/>\n<script type=\"application\/ld+json\" class=\"yoast-schema-graph\">{\"@context\":\"https:\\\/\\\/schema.org\",\"@graph\":[{\"@type\":\"Article\",\"@id\":\"https:\\\/\\\/www.laguiadepamplona.com\\\/actualidad\\\/la-situacion-actual-tanto-del-panorama-musical-espanol-como-del-aprendizaje-de-la-musica-en-espana-algunas-de-las-cuestiones-a-tratar-manana-en-musync\\\/#article\",\"isPartOf\":{\"@id\":\"https:\\\/\\\/www.laguiadepamplona.com\\\/actualidad\\\/la-situacion-actual-tanto-del-panorama-musical-espanol-como-del-aprendizaje-de-la-musica-en-espana-algunas-de-las-cuestiones-a-tratar-manana-en-musync\\\/\"},\"author\":{\"name\":\"La Gu\u00eda de Pamplona\",\"@id\":\"https:\\\/\\\/www.laguiadepamplona.com\\\/actualidad\\\/#\\\/schema\\\/person\\\/efe887376f0213d4657c93adc50b1fdb\"},\"headline\":\"La situaci\u00f3n actual, tanto del panorama musical espa\u00f1ol, como del aprendizaje de la m\u00fasica en Espa\u00f1a, algunas de las cuestiones a tratar ma\u00f1ana en \u00a1Musync!\",\"datePublished\":\"2015-03-23T13:21:21+00:00\",\"mainEntityOfPage\":{\"@id\":\"https:\\\/\\\/www.laguiadepamplona.com\\\/actualidad\\\/la-situacion-actual-tanto-del-panorama-musical-espanol-como-del-aprendizaje-de-la-musica-en-espana-algunas-de-las-cuestiones-a-tratar-manana-en-musync\\\/\"},\"wordCount\":536,\"publisher\":{\"@id\":\"https:\\\/\\\/www.laguiadepamplona.com\\\/actualidad\\\/#organization\"},\"image\":{\"@id\":\"https:\\\/\\\/www.laguiadepamplona.com\\\/actualidad\\\/la-situacion-actual-tanto-del-panorama-musical-espanol-como-del-aprendizaje-de-la-musica-en-espana-algunas-de-las-cuestiones-a-tratar-manana-en-musync\\\/#primaryimage\"},\"thumbnailUrl\":\"\",\"keywords\":[\"actualidad\",\"ayto pamplona\",\"Ayuntamiento de Pamplona\",\"m\u00fasica en Espa\u00f1a\",\"MuSync\",\"noticias\",\"pamplona\",\"panorama musical espa\u00f1ol\"],\"articleSection\":[\"Ayto Pamplona\"],\"inLanguage\":\"es\"},{\"@type\":\"WebPage\",\"@id\":\"https:\\\/\\\/www.laguiadepamplona.com\\\/actualidad\\\/la-situacion-actual-tanto-del-panorama-musical-espanol-como-del-aprendizaje-de-la-musica-en-espana-algunas-de-las-cuestiones-a-tratar-manana-en-musync\\\/\",\"url\":\"https:\\\/\\\/www.laguiadepamplona.com\\\/actualidad\\\/la-situacion-actual-tanto-del-panorama-musical-espanol-como-del-aprendizaje-de-la-musica-en-espana-algunas-de-las-cuestiones-a-tratar-manana-en-musync\\\/\",\"name\":\"La situaci\u00f3n actual, tanto del panorama musical espa\u00f1ol, como del aprendizaje de la m\u00fasica en Espa\u00f1a, algunas de las cuestiones a tratar ma\u00f1ana en \u00a1Musync!\",\"isPartOf\":{\"@id\":\"https:\\\/\\\/www.laguiadepamplona.com\\\/actualidad\\\/#website\"},\"primaryImageOfPage\":{\"@id\":\"https:\\\/\\\/www.laguiadepamplona.com\\\/actualidad\\\/la-situacion-actual-tanto-del-panorama-musical-espanol-como-del-aprendizaje-de-la-musica-en-espana-algunas-de-las-cuestiones-a-tratar-manana-en-musync\\\/#primaryimage\"},\"image\":{\"@id\":\"https:\\\/\\\/www.laguiadepamplona.com\\\/actualidad\\\/la-situacion-actual-tanto-del-panorama-musical-espanol-como-del-aprendizaje-de-la-musica-en-espana-algunas-de-las-cuestiones-a-tratar-manana-en-musync\\\/#primaryimage\"},\"thumbnailUrl\":\"\",\"datePublished\":\"2015-03-23T13:21:21+00:00\",\"breadcrumb\":{\"@id\":\"https:\\\/\\\/www.laguiadepamplona.com\\\/actualidad\\\/la-situacion-actual-tanto-del-panorama-musical-espanol-como-del-aprendizaje-de-la-musica-en-espana-algunas-de-las-cuestiones-a-tratar-manana-en-musync\\\/#breadcrumb\"},\"inLanguage\":\"es\",\"potentialAction\":[{\"@type\":\"ReadAction\",\"target\":[\"https:\\\/\\\/www.laguiadepamplona.com\\\/actualidad\\\/la-situacion-actual-tanto-del-panorama-musical-espanol-como-del-aprendizaje-de-la-musica-en-espana-algunas-de-las-cuestiones-a-tratar-manana-en-musync\\\/\"]}]},{\"@type\":\"ImageObject\",\"inLanguage\":\"es\",\"@id\":\"https:\\\/\\\/www.laguiadepamplona.com\\\/actualidad\\\/la-situacion-actual-tanto-del-panorama-musical-espanol-como-del-aprendizaje-de-la-musica-en-espana-algunas-de-las-cuestiones-a-tratar-manana-en-musync\\\/#primaryimage\",\"url\":\"\",\"contentUrl\":\"\"},{\"@type\":\"BreadcrumbList\",\"@id\":\"https:\\\/\\\/www.laguiadepamplona.com\\\/actualidad\\\/la-situacion-actual-tanto-del-panorama-musical-espanol-como-del-aprendizaje-de-la-musica-en-espana-algunas-de-las-cuestiones-a-tratar-manana-en-musync\\\/#breadcrumb\",\"itemListElement\":[{\"@type\":\"ListItem\",\"position\":1,\"name\":\"Portada\",\"item\":\"https:\\\/\\\/www.laguiadepamplona.com\\\/actualidad\\\/\"},{\"@type\":\"ListItem\",\"position\":2,\"name\":\"La situaci\u00f3n actual, tanto del panorama musical espa\u00f1ol, como del aprendizaje de la m\u00fasica en Espa\u00f1a, algunas de las cuestiones a tratar ma\u00f1ana en \u00a1Musync!\"}]},{\"@type\":\"WebSite\",\"@id\":\"https:\\\/\\\/www.laguiadepamplona.com\\\/actualidad\\\/#website\",\"url\":\"https:\\\/\\\/www.laguiadepamplona.com\\\/actualidad\\\/\",\"name\":\"La gu\u00eda de Pamplona\",\"description\":\"Noticias de Pamplona\",\"publisher\":{\"@id\":\"https:\\\/\\\/www.laguiadepamplona.com\\\/actualidad\\\/#organization\"},\"potentialAction\":[{\"@type\":\"SearchAction\",\"target\":{\"@type\":\"EntryPoint\",\"urlTemplate\":\"https:\\\/\\\/www.laguiadepamplona.com\\\/actualidad\\\/?s={search_term_string}\"},\"query-input\":{\"@type\":\"PropertyValueSpecification\",\"valueRequired\":true,\"valueName\":\"search_term_string\"}}],\"inLanguage\":\"es\"},{\"@type\":\"Organization\",\"@id\":\"https:\\\/\\\/www.laguiadepamplona.com\\\/actualidad\\\/#organization\",\"name\":\"La Gu\u00eda de Pamplona \\\/ Noticias\",\"url\":\"https:\\\/\\\/www.laguiadepamplona.com\\\/actualidad\\\/\",\"logo\":{\"@type\":\"ImageObject\",\"inLanguage\":\"es\",\"@id\":\"https:\\\/\\\/www.laguiadepamplona.com\\\/actualidad\\\/#\\\/schema\\\/logo\\\/image\\\/\",\"url\":\"https:\\\/\\\/www.laguiadepamplona.com\\\/actualidad\\\/wp-content\\\/uploads\\\/2018\\\/11\\\/logo-laguiadepamplona18-web1.png\",\"contentUrl\":\"https:\\\/\\\/www.laguiadepamplona.com\\\/actualidad\\\/wp-content\\\/uploads\\\/2018\\\/11\\\/logo-laguiadepamplona18-web1.png\",\"width\":600,\"height\":196,\"caption\":\"La Gu\u00eda de Pamplona \\\/ Noticias\"},\"image\":{\"@id\":\"https:\\\/\\\/www.laguiadepamplona.com\\\/actualidad\\\/#\\\/schema\\\/logo\\\/image\\\/\"},\"sameAs\":[\"https:\\\/\\\/www.facebook.com\\\/laguiadepamplonacom-133175176762273\\\/?ref=hl\",\"https:\\\/\\\/x.com\\\/LaGuiadPamplona\",\"https:\\\/\\\/www.instagram.com\\\/la_guia_de_pamplona\\\/\",\"https:\\\/\\\/www.youtube.com\\\/user\\\/laguiadepamplona\"]},{\"@type\":\"Person\",\"@id\":\"https:\\\/\\\/www.laguiadepamplona.com\\\/actualidad\\\/#\\\/schema\\\/person\\\/efe887376f0213d4657c93adc50b1fdb\",\"name\":\"La Gu\u00eda de Pamplona\",\"image\":{\"@type\":\"ImageObject\",\"inLanguage\":\"es\",\"@id\":\"https:\\\/\\\/secure.gravatar.com\\\/avatar\\\/b6992f131dc8d30ab0dff15446e9d346d9dbd95992de0fef795073f5ea83a81c?s=96&d=mm&r=g\",\"url\":\"https:\\\/\\\/secure.gravatar.com\\\/avatar\\\/b6992f131dc8d30ab0dff15446e9d346d9dbd95992de0fef795073f5ea83a81c?s=96&d=mm&r=g\",\"contentUrl\":\"https:\\\/\\\/secure.gravatar.com\\\/avatar\\\/b6992f131dc8d30ab0dff15446e9d346d9dbd95992de0fef795073f5ea83a81c?s=96&d=mm&r=g\",\"caption\":\"La Gu\u00eda de Pamplona\"}}]}<\/script>\n<!-- \/ Yoast SEO plugin. -->","yoast_head_json":{"title":"La situaci\u00f3n actual, tanto del panorama musical espa\u00f1ol, como del aprendizaje de la m\u00fasica en Espa\u00f1a, algunas de las cuestiones a tratar ma\u00f1ana en \u00a1Musync!","robots":{"index":"index","follow":"follow","max-snippet":"max-snippet:-1","max-image-preview":"max-image-preview:large","max-video-preview":"max-video-preview:-1"},"canonical":"https:\/\/www.laguiadepamplona.com\/actualidad\/la-situacion-actual-tanto-del-panorama-musical-espanol-como-del-aprendizaje-de-la-musica-en-espana-algunas-de-las-cuestiones-a-tratar-manana-en-musync\/","og_locale":"es_ES","og_type":"article","og_title":"La situaci\u00f3n actual, tanto del panorama musical espa\u00f1ol, como del aprendizaje de la m\u00fasica en Espa\u00f1a, algunas de las cuestiones a tratar ma\u00f1ana en \u00a1Musync!","og_description":"La pen\u00faltima sesi\u00f3n del ciclo del Ayuntamiento y el Conservatorio Superior tendr\u00e1 lugar a las 19.30 horas en Civivox Condestable, con entrada libre Tras el concierto did\u00e1ctico de esta tarde...","og_url":"https:\/\/www.laguiadepamplona.com\/actualidad\/la-situacion-actual-tanto-del-panorama-musical-espanol-como-del-aprendizaje-de-la-musica-en-espana-algunas-de-las-cuestiones-a-tratar-manana-en-musync\/","og_site_name":"La Gu\u00eda de Pamplona","article_publisher":"https:\/\/www.facebook.com\/laguiadepamplonacom-133175176762273\/?ref=hl","article_published_time":"2015-03-23T13:21:21+00:00","author":"La Gu\u00eda de Pamplona","twitter_card":"summary_large_image","twitter_creator":"@LaGuiadPamplona","twitter_site":"@LaGuiadPamplona","twitter_misc":{"Escrito por":"La Gu\u00eda de Pamplona","Tiempo de lectura":"3 minutos"},"schema":{"@context":"https:\/\/schema.org","@graph":[{"@type":"Article","@id":"https:\/\/www.laguiadepamplona.com\/actualidad\/la-situacion-actual-tanto-del-panorama-musical-espanol-como-del-aprendizaje-de-la-musica-en-espana-algunas-de-las-cuestiones-a-tratar-manana-en-musync\/#article","isPartOf":{"@id":"https:\/\/www.laguiadepamplona.com\/actualidad\/la-situacion-actual-tanto-del-panorama-musical-espanol-como-del-aprendizaje-de-la-musica-en-espana-algunas-de-las-cuestiones-a-tratar-manana-en-musync\/"},"author":{"name":"La Gu\u00eda de Pamplona","@id":"https:\/\/www.laguiadepamplona.com\/actualidad\/#\/schema\/person\/efe887376f0213d4657c93adc50b1fdb"},"headline":"La situaci\u00f3n actual, tanto del panorama musical espa\u00f1ol, como del aprendizaje de la m\u00fasica en Espa\u00f1a, algunas de las cuestiones a tratar ma\u00f1ana en \u00a1Musync!","datePublished":"2015-03-23T13:21:21+00:00","mainEntityOfPage":{"@id":"https:\/\/www.laguiadepamplona.com\/actualidad\/la-situacion-actual-tanto-del-panorama-musical-espanol-como-del-aprendizaje-de-la-musica-en-espana-algunas-de-las-cuestiones-a-tratar-manana-en-musync\/"},"wordCount":536,"publisher":{"@id":"https:\/\/www.laguiadepamplona.com\/actualidad\/#organization"},"image":{"@id":"https:\/\/www.laguiadepamplona.com\/actualidad\/la-situacion-actual-tanto-del-panorama-musical-espanol-como-del-aprendizaje-de-la-musica-en-espana-algunas-de-las-cuestiones-a-tratar-manana-en-musync\/#primaryimage"},"thumbnailUrl":"","keywords":["actualidad","ayto pamplona","Ayuntamiento de Pamplona","m\u00fasica en Espa\u00f1a","MuSync","noticias","pamplona","panorama musical espa\u00f1ol"],"articleSection":["Ayto Pamplona"],"inLanguage":"es"},{"@type":"WebPage","@id":"https:\/\/www.laguiadepamplona.com\/actualidad\/la-situacion-actual-tanto-del-panorama-musical-espanol-como-del-aprendizaje-de-la-musica-en-espana-algunas-de-las-cuestiones-a-tratar-manana-en-musync\/","url":"https:\/\/www.laguiadepamplona.com\/actualidad\/la-situacion-actual-tanto-del-panorama-musical-espanol-como-del-aprendizaje-de-la-musica-en-espana-algunas-de-las-cuestiones-a-tratar-manana-en-musync\/","name":"La situaci\u00f3n actual, tanto del panorama musical espa\u00f1ol, como del aprendizaje de la m\u00fasica en Espa\u00f1a, algunas de las cuestiones a tratar ma\u00f1ana en \u00a1Musync!","isPartOf":{"@id":"https:\/\/www.laguiadepamplona.com\/actualidad\/#website"},"primaryImageOfPage":{"@id":"https:\/\/www.laguiadepamplona.com\/actualidad\/la-situacion-actual-tanto-del-panorama-musical-espanol-como-del-aprendizaje-de-la-musica-en-espana-algunas-de-las-cuestiones-a-tratar-manana-en-musync\/#primaryimage"},"image":{"@id":"https:\/\/www.laguiadepamplona.com\/actualidad\/la-situacion-actual-tanto-del-panorama-musical-espanol-como-del-aprendizaje-de-la-musica-en-espana-algunas-de-las-cuestiones-a-tratar-manana-en-musync\/#primaryimage"},"thumbnailUrl":"","datePublished":"2015-03-23T13:21:21+00:00","breadcrumb":{"@id":"https:\/\/www.laguiadepamplona.com\/actualidad\/la-situacion-actual-tanto-del-panorama-musical-espanol-como-del-aprendizaje-de-la-musica-en-espana-algunas-de-las-cuestiones-a-tratar-manana-en-musync\/#breadcrumb"},"inLanguage":"es","potentialAction":[{"@type":"ReadAction","target":["https:\/\/www.laguiadepamplona.com\/actualidad\/la-situacion-actual-tanto-del-panorama-musical-espanol-como-del-aprendizaje-de-la-musica-en-espana-algunas-de-las-cuestiones-a-tratar-manana-en-musync\/"]}]},{"@type":"ImageObject","inLanguage":"es","@id":"https:\/\/www.laguiadepamplona.com\/actualidad\/la-situacion-actual-tanto-del-panorama-musical-espanol-como-del-aprendizaje-de-la-musica-en-espana-algunas-de-las-cuestiones-a-tratar-manana-en-musync\/#primaryimage","url":"","contentUrl":""},{"@type":"BreadcrumbList","@id":"https:\/\/www.laguiadepamplona.com\/actualidad\/la-situacion-actual-tanto-del-panorama-musical-espanol-como-del-aprendizaje-de-la-musica-en-espana-algunas-de-las-cuestiones-a-tratar-manana-en-musync\/#breadcrumb","itemListElement":[{"@type":"ListItem","position":1,"name":"Portada","item":"https:\/\/www.laguiadepamplona.com\/actualidad\/"},{"@type":"ListItem","position":2,"name":"La situaci\u00f3n actual, tanto del panorama musical espa\u00f1ol, como del aprendizaje de la m\u00fasica en Espa\u00f1a, algunas de las cuestiones a tratar ma\u00f1ana en \u00a1Musync!"}]},{"@type":"WebSite","@id":"https:\/\/www.laguiadepamplona.com\/actualidad\/#website","url":"https:\/\/www.laguiadepamplona.com\/actualidad\/","name":"La gu\u00eda de Pamplona","description":"Noticias de Pamplona","publisher":{"@id":"https:\/\/www.laguiadepamplona.com\/actualidad\/#organization"},"potentialAction":[{"@type":"SearchAction","target":{"@type":"EntryPoint","urlTemplate":"https:\/\/www.laguiadepamplona.com\/actualidad\/?s={search_term_string}"},"query-input":{"@type":"PropertyValueSpecification","valueRequired":true,"valueName":"search_term_string"}}],"inLanguage":"es"},{"@type":"Organization","@id":"https:\/\/www.laguiadepamplona.com\/actualidad\/#organization","name":"La Gu\u00eda de Pamplona \/ Noticias","url":"https:\/\/www.laguiadepamplona.com\/actualidad\/","logo":{"@type":"ImageObject","inLanguage":"es","@id":"https:\/\/www.laguiadepamplona.com\/actualidad\/#\/schema\/logo\/image\/","url":"https:\/\/www.laguiadepamplona.com\/actualidad\/wp-content\/uploads\/2018\/11\/logo-laguiadepamplona18-web1.png","contentUrl":"https:\/\/www.laguiadepamplona.com\/actualidad\/wp-content\/uploads\/2018\/11\/logo-laguiadepamplona18-web1.png","width":600,"height":196,"caption":"La Gu\u00eda de Pamplona \/ Noticias"},"image":{"@id":"https:\/\/www.laguiadepamplona.com\/actualidad\/#\/schema\/logo\/image\/"},"sameAs":["https:\/\/www.facebook.com\/laguiadepamplonacom-133175176762273\/?ref=hl","https:\/\/x.com\/LaGuiadPamplona","https:\/\/www.instagram.com\/la_guia_de_pamplona\/","https:\/\/www.youtube.com\/user\/laguiadepamplona"]},{"@type":"Person","@id":"https:\/\/www.laguiadepamplona.com\/actualidad\/#\/schema\/person\/efe887376f0213d4657c93adc50b1fdb","name":"La Gu\u00eda de Pamplona","image":{"@type":"ImageObject","inLanguage":"es","@id":"https:\/\/secure.gravatar.com\/avatar\/b6992f131dc8d30ab0dff15446e9d346d9dbd95992de0fef795073f5ea83a81c?s=96&d=mm&r=g","url":"https:\/\/secure.gravatar.com\/avatar\/b6992f131dc8d30ab0dff15446e9d346d9dbd95992de0fef795073f5ea83a81c?s=96&d=mm&r=g","contentUrl":"https:\/\/secure.gravatar.com\/avatar\/b6992f131dc8d30ab0dff15446e9d346d9dbd95992de0fef795073f5ea83a81c?s=96&d=mm&r=g","caption":"La Gu\u00eda de Pamplona"}}]}},"post_mailing_queue_ids":[],"_links":{"self":[{"href":"https:\/\/www.laguiadepamplona.com\/actualidad\/wp-json\/wp\/v2\/posts\/5237","targetHints":{"allow":["GET"]}}],"collection":[{"href":"https:\/\/www.laguiadepamplona.com\/actualidad\/wp-json\/wp\/v2\/posts"}],"about":[{"href":"https:\/\/www.laguiadepamplona.com\/actualidad\/wp-json\/wp\/v2\/types\/post"}],"author":[{"embeddable":true,"href":"https:\/\/www.laguiadepamplona.com\/actualidad\/wp-json\/wp\/v2\/users\/1"}],"replies":[{"embeddable":true,"href":"https:\/\/www.laguiadepamplona.com\/actualidad\/wp-json\/wp\/v2\/comments?post=5237"}],"version-history":[{"count":0,"href":"https:\/\/www.laguiadepamplona.com\/actualidad\/wp-json\/wp\/v2\/posts\/5237\/revisions"}],"wp:featuredmedia":[{"embeddable":true,"href":"https:\/\/www.laguiadepamplona.com\/actualidad\/wp-json\/"}],"wp:attachment":[{"href":"https:\/\/www.laguiadepamplona.com\/actualidad\/wp-json\/wp\/v2\/media?parent=5237"}],"wp:term":[{"taxonomy":"category","embeddable":true,"href":"https:\/\/www.laguiadepamplona.com\/actualidad\/wp-json\/wp\/v2\/categories?post=5237"},{"taxonomy":"post_tag","embeddable":true,"href":"https:\/\/www.laguiadepamplona.com\/actualidad\/wp-json\/wp\/v2\/tags?post=5237"}],"curies":[{"name":"wp","href":"https:\/\/api.w.org\/{rel}","templated":true}]}}