{"id":52365,"date":"2025-03-11T17:55:08","date_gmt":"2025-03-11T15:55:08","guid":{"rendered":"https:\/\/www.laguiadepamplona.com\/actualidad\/?p=52365"},"modified":"2025-03-11T17:55:08","modified_gmt":"2025-03-11T15:55:08","slug":"renovada-la-entrada-lateral-al-edificio-de-monasterio-de-irache-acceso-principal-a-la-sede-de-policia-municipal-para-adaptarla-a-las-necesidades-de-accesibilidad","status":"publish","type":"post","link":"https:\/\/www.laguiadepamplona.com\/actualidad\/renovada-la-entrada-lateral-al-edificio-de-monasterio-de-irache-acceso-principal-a-la-sede-de-policia-municipal-para-adaptarla-a-las-necesidades-de-accesibilidad\/","title":{"rendered":"Renovada la entrada lateral al edificio de Monasterio de Irache, acceso principal a la sede de Polic\u00eda Municipal, para adaptarla a las necesidades de accesibilidad"},"content":{"rendered":"<h2>La Comisi\u00f3n de Presidencia visita esta intervenci\u00f3n y las obras de redistribuci\u00f3n y ubicaci\u00f3n de puntos de recarga el\u00e9ctrica en el garaje<\/h2>\n<p><!--more--><\/p>\n<p>Han terminado ya las obras de reforma del acceso lateral al edificio de la calle Monasterio de Irache,2. El de la calle Cuesta de la Reina s\/n es realmente el acceso directo a las dependencias de Polic\u00eda Municipal, que ahora luce renovado y ha sido adaptado con criterios de accesibilidad universal. Esta ma\u00f1ana han visitado las obras quienes forman parte de la Comisi\u00f3n municipal de Presidencia. Luego el grupo se ha acercado al garaje que comparten Polic\u00eda Municipal y el \u00c1rea de Conservaci\u00f3n Urbana, un espacio de 4.660 m<sup>2<\/sup> en el que se ha hecho un cambio de instalaciones de tensi\u00f3n, adem\u00e1s de colocar 15 cargadores el\u00e9ctricos con destino a los coches y motos del cuerpo de polic\u00eda local, conectados con la nueva ISF de la cubierta. Se ha aprovechado la intervenci\u00f3n para hacer una redistribuci\u00f3n de dependencias del garaje, que est\u00e1 conectado con la entrada.<\/p>\n<p>La intervenci\u00f3n en la puerta de acceso, que comenz\u00f3 en octubre, es un proyecto municipal que la ha ejecutado Erki Construcci\u00f3n Sostenible SL. con un coste de 68.552 euros. Las obras en el garaje, que est\u00e1n en proceso, tienen un presupuesto de 231.632,64 euros y han sido dise\u00f1adas TEIDE Ingenieros en lo relativo a instalaci\u00f3n el\u00e9ctrica y Gonzalo Tabar Huarte, en relaci\u00f3n a las estaciones de recarga de veh\u00edculos el\u00e9ctricos.<\/p>\n<p>Este edificio dotacional p\u00fablico data de 1966 y, adem\u00e1s de requerir una intervenci\u00f3n para el cumplimiento de la actual normativa de accesibilidad o sobre sistemas de baja tensi\u00f3n, tiene algunos elementos que presentan rasgos de obsolescencia y sus espacios necesitan reordenarse peri\u00f3dicamente en funci\u00f3n de las necesidades de los servicios que alberga.<\/p>\n<p><strong>Una puerta principal<\/strong><\/p>\n<p>El acceso de la calle Cuesta de la Reina s\/n es el que deben usar quienes quieren poner una denuncia o requerir un servicio directamente vinculado a Polic\u00eda. Esta semana quedar\u00e1 abierta al p\u00fablico, lo que har\u00e1 que la accesibilidad se cumpla las 24 horas del d\u00eda. Hasta ahora en turno de tarde y noche no se garantizaba el acceso accesible al edificio desde la entrada de Irache, 2 (dependencias administrativas del \u00c1rea de Seguridad y Convivencia Ciudadana), ya que esta puerta estaba cerrada al p\u00fablico.<\/p>\n<p>Ahora ya es accesible, adem\u00e1s de tener una mayor luminosidad por la instalaci\u00f3n de dos puertas acristaladas, una de ellas corredera y autom\u00e1tica. La intervenci\u00f3n ha modificado la cota y medidas de la meseta de acceso, que ha sido ampliada, y se ha rectificado la pendiente y trazado de la rampa que desciende hasta vest\u00edbulo, en cota inferior a la calle. Para mejorar la rampa se han tenido que demoler los elementos que creaban esquinas en el espacio. En esa misma intervenci\u00f3n se ha modificado la disposici\u00f3n del grupo de escalones, ahora reducido a cinco.<\/p>\n<p>Uno de los elementos caracter\u00edsticos de ese acceso era la presencia de una gran jardinera \u201cde obra\u201d. En la intervenci\u00f3n se han modificado cotas, paramentos y revestimientos de este elemento del vest\u00edbulo que se ha mantenido y que pr\u00f3ximamente estar\u00e1 plantado. La actuaci\u00f3n ha renovado, adem\u00e1s, los materiales existentes en la zona de acceso; hasta el espacio de los ascensores y el control de accesos, y se ha sustituido el suelo antiguo por baldosa de piedra natural. Tambi\u00e9n se ha cambiado la cer\u00e1mica y el felpudo interior, y se ha renovado parcialmente puerta del control de acceso y se ha instalado un \u201cpunto de llamada\u201d a una altura accesible. Finalmente se han renovado revestimientos y pintado parcialmente el distribuidor, y se ha modificado la disposici\u00f3n el falso techo de la primera zona del acceso, que es la de mayor altura libre disponible, realizando \u201cfosas\u201d para iluminaci\u00f3n indirecta e incorporando nuevas luminarias.<\/p>\n<p><strong>30 bocas de carga el\u00e9ctricas en el garaje<\/strong><\/p>\n<p>Paralelamente Polic\u00eda Municipal est\u00e1 realizando obras en el garaje (planta Semi\u2013S\u00f3tano) que comparte su parque m\u00f3vil con el del \u00c1rea de Conservaci\u00f3n Urbana y el taller de reparaci\u00f3n de veh\u00edculos municipales. Este espacio est\u00e1 situado entre las calles Dr. L\u00f3pez Sanz, Cuesta de la Reina (antigua Larraina), Monasterio de Irache y Traves\u00eda Monasterio de Irache.<\/p>\n<p>All\u00ed se han acometido dos actuaciones en la instalaci\u00f3n el\u00e9ctrica de los garajes: el suministro, configuraci\u00f3n y puesta en marcha de las estaciones de recarga de veh\u00edculos el\u00e9ctricos y la instalaci\u00f3n el\u00e9ctrica para alimentar esos puntos de recarga, as\u00ed como la reforma necesaria para la legalizaci\u00f3n de toda la instalaci\u00f3n de baja tensi\u00f3n a los cambios normativos, entre ellos a la actualizaci\u00f3n del Reglamento Electrot\u00e9cnico para Baja Tensi\u00f3n. La intervenci\u00f3n ha servido, adem\u00e1s, para adecuar el espacio a la flota el\u00e9ctrica, ya que dentro del garaje se han colocado 15 cargadores (30 bocas), uno de ellos de carga r\u00e1pida consigue reponer entre el 80 y el 85% de la energ\u00eda el\u00e9ctrica necesaria para el veh\u00edculo en 20 minutos. Estos cargadores se nutren, prioritariamente, de la energ\u00eda 100% limpia que se obtiene de la instalaci\u00f3n solar de la cubierta del edificio. Estas obras han seguido los criterios de sostenibilidad establecidos en la Agenda 2030.<\/p>\n<p>Adem\u00e1s, en la obra se ha retranqueado la valla que separaba los veh\u00edculos de Polic\u00eda Municipal de los Conservaci\u00f3n Urbana, d\u00e1ndole m\u00e1s espacio a la parte del garaje destinada a polic\u00eda y se est\u00e1n construyendo dos almacenes. Finalmente, en las obras de redistribuci\u00f3n de espacios se ha cambiado la ubicaci\u00f3n de la unidad de motos.<\/p>\n","protected":false},"excerpt":{"rendered":"<p>La Comisi\u00f3n de Presidencia visita esta intervenci\u00f3n y las obras de redistribuci\u00f3n y ubicaci\u00f3n de puntos de recarga el\u00e9ctrica en el garaje<\/p>\n","protected":false},"author":1,"featured_media":52366,"comment_status":"open","ping_status":"closed","sticky":false,"template":"","format":"standard","meta":{"footnotes":""},"categories":[2],"tags":[],"class_list":["post-52365","post","type-post","status-publish","format-standard","has-post-thumbnail","hentry","category-ayuntamiento-pamplona"],"yoast_head":"<!-- This site is optimized with the Yoast SEO plugin v27.3 - https:\/\/yoast.com\/product\/yoast-seo-wordpress\/ -->\n<title>Renovada la entrada lateral al edificio de Monasterio de Irache, acceso principal a la sede de Polic\u00eda Municipal, para adaptarla a las necesidades de accesibilidad<\/title>\n<meta name=\"description\" content=\"La Comisi\u00f3n de Presidencia visita esta intervenci\u00f3n y las obras de redistribuci\u00f3n y ubicaci\u00f3n de puntos de recarga el\u00e9ctrica en el garaje\" \/>\n<meta name=\"robots\" content=\"index, follow, max-snippet:-1, max-image-preview:large, max-video-preview:-1\" \/>\n<link rel=\"canonical\" href=\"https:\/\/www.laguiadepamplona.com\/actualidad\/renovada-la-entrada-lateral-al-edificio-de-monasterio-de-irache-acceso-principal-a-la-sede-de-policia-municipal-para-adaptarla-a-las-necesidades-de-accesibilidad\/\" \/>\n<meta property=\"og:locale\" content=\"es_ES\" \/>\n<meta property=\"og:type\" content=\"article\" \/>\n<meta property=\"og:title\" content=\"Renovada la entrada lateral al edificio de Monasterio de Irache, acceso principal a la sede de Polic\u00eda Municipal, para adaptarla a las necesidades de accesibilidad\" \/>\n<meta property=\"og:description\" content=\"La Comisi\u00f3n de Presidencia visita esta intervenci\u00f3n y las obras de redistribuci\u00f3n y ubicaci\u00f3n de puntos de recarga el\u00e9ctrica en el garaje\" \/>\n<meta property=\"og:url\" content=\"https:\/\/www.laguiadepamplona.com\/actualidad\/renovada-la-entrada-lateral-al-edificio-de-monasterio-de-irache-acceso-principal-a-la-sede-de-policia-municipal-para-adaptarla-a-las-necesidades-de-accesibilidad\/\" \/>\n<meta property=\"og:site_name\" content=\"La Gu\u00eda de Pamplona\" \/>\n<meta property=\"article:publisher\" content=\"https:\/\/www.facebook.com\/laguiadepamplonacom-133175176762273\/?ref=hl\" \/>\n<meta property=\"article:published_time\" content=\"2025-03-11T15:55:08+00:00\" \/>\n<meta property=\"og:image\" content=\"https:\/\/www.laguiadepamplona.com\/actualidad\/wp-content\/uploads\/2025\/03\/visitaobrasaccesibilidadpoliciamunicipal1_0.webp\" \/>\n\t<meta property=\"og:image:width\" content=\"1000\" \/>\n\t<meta property=\"og:image:height\" content=\"666\" \/>\n\t<meta property=\"og:image:type\" content=\"image\/webp\" \/>\n<meta name=\"author\" content=\"La Gu\u00eda de Pamplona\" \/>\n<meta name=\"twitter:card\" content=\"summary_large_image\" \/>\n<meta name=\"twitter:creator\" content=\"@LaGuiadPamplona\" \/>\n<meta name=\"twitter:site\" content=\"@LaGuiadPamplona\" \/>\n<meta name=\"twitter:label1\" content=\"Escrito por\" \/>\n\t<meta name=\"twitter:data1\" content=\"La Gu\u00eda de Pamplona\" \/>\n\t<meta name=\"twitter:label2\" content=\"Tiempo de lectura\" \/>\n\t<meta name=\"twitter:data2\" content=\"5 minutos\" \/>\n<script type=\"application\/ld+json\" class=\"yoast-schema-graph\">{\"@context\":\"https:\\\/\\\/schema.org\",\"@graph\":[{\"@type\":\"Article\",\"@id\":\"https:\\\/\\\/www.laguiadepamplona.com\\\/actualidad\\\/renovada-la-entrada-lateral-al-edificio-de-monasterio-de-irache-acceso-principal-a-la-sede-de-policia-municipal-para-adaptarla-a-las-necesidades-de-accesibilidad\\\/#article\",\"isPartOf\":{\"@id\":\"https:\\\/\\\/www.laguiadepamplona.com\\\/actualidad\\\/renovada-la-entrada-lateral-al-edificio-de-monasterio-de-irache-acceso-principal-a-la-sede-de-policia-municipal-para-adaptarla-a-las-necesidades-de-accesibilidad\\\/\"},\"author\":{\"name\":\"La Gu\u00eda de Pamplona\",\"@id\":\"https:\\\/\\\/www.laguiadepamplona.com\\\/actualidad\\\/#\\\/schema\\\/person\\\/efe887376f0213d4657c93adc50b1fdb\"},\"headline\":\"Renovada la entrada lateral al edificio de Monasterio de Irache, acceso principal a la sede de Polic\u00eda Municipal, para adaptarla a las necesidades de accesibilidad\",\"datePublished\":\"2025-03-11T15:55:08+00:00\",\"mainEntityOfPage\":{\"@id\":\"https:\\\/\\\/www.laguiadepamplona.com\\\/actualidad\\\/renovada-la-entrada-lateral-al-edificio-de-monasterio-de-irache-acceso-principal-a-la-sede-de-policia-municipal-para-adaptarla-a-las-necesidades-de-accesibilidad\\\/\"},\"wordCount\":1003,\"commentCount\":0,\"publisher\":{\"@id\":\"https:\\\/\\\/www.laguiadepamplona.com\\\/actualidad\\\/#organization\"},\"image\":{\"@id\":\"https:\\\/\\\/www.laguiadepamplona.com\\\/actualidad\\\/renovada-la-entrada-lateral-al-edificio-de-monasterio-de-irache-acceso-principal-a-la-sede-de-policia-municipal-para-adaptarla-a-las-necesidades-de-accesibilidad\\\/#primaryimage\"},\"thumbnailUrl\":\"https:\\\/\\\/www.laguiadepamplona.com\\\/actualidad\\\/wp-content\\\/uploads\\\/2025\\\/03\\\/visitaobrasaccesibilidadpoliciamunicipal1_0.webp\",\"articleSection\":[\"Ayto Pamplona\"],\"inLanguage\":\"es\",\"potentialAction\":[{\"@type\":\"CommentAction\",\"name\":\"Comment\",\"target\":[\"https:\\\/\\\/www.laguiadepamplona.com\\\/actualidad\\\/renovada-la-entrada-lateral-al-edificio-de-monasterio-de-irache-acceso-principal-a-la-sede-de-policia-municipal-para-adaptarla-a-las-necesidades-de-accesibilidad\\\/#respond\"]}]},{\"@type\":\"WebPage\",\"@id\":\"https:\\\/\\\/www.laguiadepamplona.com\\\/actualidad\\\/renovada-la-entrada-lateral-al-edificio-de-monasterio-de-irache-acceso-principal-a-la-sede-de-policia-municipal-para-adaptarla-a-las-necesidades-de-accesibilidad\\\/\",\"url\":\"https:\\\/\\\/www.laguiadepamplona.com\\\/actualidad\\\/renovada-la-entrada-lateral-al-edificio-de-monasterio-de-irache-acceso-principal-a-la-sede-de-policia-municipal-para-adaptarla-a-las-necesidades-de-accesibilidad\\\/\",\"name\":\"Renovada la entrada lateral al edificio de Monasterio de Irache, acceso principal a la sede de Polic\u00eda Municipal, para adaptarla a las necesidades de accesibilidad\",\"isPartOf\":{\"@id\":\"https:\\\/\\\/www.laguiadepamplona.com\\\/actualidad\\\/#website\"},\"primaryImageOfPage\":{\"@id\":\"https:\\\/\\\/www.laguiadepamplona.com\\\/actualidad\\\/renovada-la-entrada-lateral-al-edificio-de-monasterio-de-irache-acceso-principal-a-la-sede-de-policia-municipal-para-adaptarla-a-las-necesidades-de-accesibilidad\\\/#primaryimage\"},\"image\":{\"@id\":\"https:\\\/\\\/www.laguiadepamplona.com\\\/actualidad\\\/renovada-la-entrada-lateral-al-edificio-de-monasterio-de-irache-acceso-principal-a-la-sede-de-policia-municipal-para-adaptarla-a-las-necesidades-de-accesibilidad\\\/#primaryimage\"},\"thumbnailUrl\":\"https:\\\/\\\/www.laguiadepamplona.com\\\/actualidad\\\/wp-content\\\/uploads\\\/2025\\\/03\\\/visitaobrasaccesibilidadpoliciamunicipal1_0.webp\",\"datePublished\":\"2025-03-11T15:55:08+00:00\",\"description\":\"La Comisi\u00f3n de Presidencia visita esta intervenci\u00f3n y las obras de redistribuci\u00f3n y ubicaci\u00f3n de puntos de recarga el\u00e9ctrica en el garaje\",\"breadcrumb\":{\"@id\":\"https:\\\/\\\/www.laguiadepamplona.com\\\/actualidad\\\/renovada-la-entrada-lateral-al-edificio-de-monasterio-de-irache-acceso-principal-a-la-sede-de-policia-municipal-para-adaptarla-a-las-necesidades-de-accesibilidad\\\/#breadcrumb\"},\"inLanguage\":\"es\",\"potentialAction\":[{\"@type\":\"ReadAction\",\"target\":[\"https:\\\/\\\/www.laguiadepamplona.com\\\/actualidad\\\/renovada-la-entrada-lateral-al-edificio-de-monasterio-de-irache-acceso-principal-a-la-sede-de-policia-municipal-para-adaptarla-a-las-necesidades-de-accesibilidad\\\/\"]}]},{\"@type\":\"ImageObject\",\"inLanguage\":\"es\",\"@id\":\"https:\\\/\\\/www.laguiadepamplona.com\\\/actualidad\\\/renovada-la-entrada-lateral-al-edificio-de-monasterio-de-irache-acceso-principal-a-la-sede-de-policia-municipal-para-adaptarla-a-las-necesidades-de-accesibilidad\\\/#primaryimage\",\"url\":\"https:\\\/\\\/www.laguiadepamplona.com\\\/actualidad\\\/wp-content\\\/uploads\\\/2025\\\/03\\\/visitaobrasaccesibilidadpoliciamunicipal1_0.webp\",\"contentUrl\":\"https:\\\/\\\/www.laguiadepamplona.com\\\/actualidad\\\/wp-content\\\/uploads\\\/2025\\\/03\\\/visitaobrasaccesibilidadpoliciamunicipal1_0.webp\",\"width\":1000,\"height\":666,\"caption\":\"visita obras accesibilidad polic\u00eda municipal\"},{\"@type\":\"BreadcrumbList\",\"@id\":\"https:\\\/\\\/www.laguiadepamplona.com\\\/actualidad\\\/renovada-la-entrada-lateral-al-edificio-de-monasterio-de-irache-acceso-principal-a-la-sede-de-policia-municipal-para-adaptarla-a-las-necesidades-de-accesibilidad\\\/#breadcrumb\",\"itemListElement\":[{\"@type\":\"ListItem\",\"position\":1,\"name\":\"Portada\",\"item\":\"https:\\\/\\\/www.laguiadepamplona.com\\\/actualidad\\\/\"},{\"@type\":\"ListItem\",\"position\":2,\"name\":\"Renovada la entrada lateral al edificio de Monasterio de Irache, acceso principal a la sede de Polic\u00eda Municipal, para adaptarla a las necesidades de accesibilidad\"}]},{\"@type\":\"WebSite\",\"@id\":\"https:\\\/\\\/www.laguiadepamplona.com\\\/actualidad\\\/#website\",\"url\":\"https:\\\/\\\/www.laguiadepamplona.com\\\/actualidad\\\/\",\"name\":\"La gu\u00eda de Pamplona\",\"description\":\"Noticias de Pamplona\",\"publisher\":{\"@id\":\"https:\\\/\\\/www.laguiadepamplona.com\\\/actualidad\\\/#organization\"},\"potentialAction\":[{\"@type\":\"SearchAction\",\"target\":{\"@type\":\"EntryPoint\",\"urlTemplate\":\"https:\\\/\\\/www.laguiadepamplona.com\\\/actualidad\\\/?s={search_term_string}\"},\"query-input\":{\"@type\":\"PropertyValueSpecification\",\"valueRequired\":true,\"valueName\":\"search_term_string\"}}],\"inLanguage\":\"es\"},{\"@type\":\"Organization\",\"@id\":\"https:\\\/\\\/www.laguiadepamplona.com\\\/actualidad\\\/#organization\",\"name\":\"La Gu\u00eda de Pamplona \\\/ Noticias\",\"url\":\"https:\\\/\\\/www.laguiadepamplona.com\\\/actualidad\\\/\",\"logo\":{\"@type\":\"ImageObject\",\"inLanguage\":\"es\",\"@id\":\"https:\\\/\\\/www.laguiadepamplona.com\\\/actualidad\\\/#\\\/schema\\\/logo\\\/image\\\/\",\"url\":\"https:\\\/\\\/www.laguiadepamplona.com\\\/actualidad\\\/wp-content\\\/uploads\\\/2018\\\/11\\\/logo-laguiadepamplona18-web1.png\",\"contentUrl\":\"https:\\\/\\\/www.laguiadepamplona.com\\\/actualidad\\\/wp-content\\\/uploads\\\/2018\\\/11\\\/logo-laguiadepamplona18-web1.png\",\"width\":600,\"height\":196,\"caption\":\"La Gu\u00eda de Pamplona \\\/ Noticias\"},\"image\":{\"@id\":\"https:\\\/\\\/www.laguiadepamplona.com\\\/actualidad\\\/#\\\/schema\\\/logo\\\/image\\\/\"},\"sameAs\":[\"https:\\\/\\\/www.facebook.com\\\/laguiadepamplonacom-133175176762273\\\/?ref=hl\",\"https:\\\/\\\/x.com\\\/LaGuiadPamplona\",\"https:\\\/\\\/www.instagram.com\\\/la_guia_de_pamplona\\\/\",\"https:\\\/\\\/www.youtube.com\\\/user\\\/laguiadepamplona\"]},{\"@type\":\"Person\",\"@id\":\"https:\\\/\\\/www.laguiadepamplona.com\\\/actualidad\\\/#\\\/schema\\\/person\\\/efe887376f0213d4657c93adc50b1fdb\",\"name\":\"La Gu\u00eda de Pamplona\",\"image\":{\"@type\":\"ImageObject\",\"inLanguage\":\"es\",\"@id\":\"https:\\\/\\\/secure.gravatar.com\\\/avatar\\\/b6992f131dc8d30ab0dff15446e9d346d9dbd95992de0fef795073f5ea83a81c?s=96&d=mm&r=g\",\"url\":\"https:\\\/\\\/secure.gravatar.com\\\/avatar\\\/b6992f131dc8d30ab0dff15446e9d346d9dbd95992de0fef795073f5ea83a81c?s=96&d=mm&r=g\",\"contentUrl\":\"https:\\\/\\\/secure.gravatar.com\\\/avatar\\\/b6992f131dc8d30ab0dff15446e9d346d9dbd95992de0fef795073f5ea83a81c?s=96&d=mm&r=g\",\"caption\":\"La Gu\u00eda de Pamplona\"}}]}<\/script>\n<!-- \/ Yoast SEO plugin. -->","yoast_head_json":{"title":"Renovada la entrada lateral al edificio de Monasterio de Irache, acceso principal a la sede de Polic\u00eda Municipal, para adaptarla a las necesidades de accesibilidad","description":"La Comisi\u00f3n de Presidencia visita esta intervenci\u00f3n y las obras de redistribuci\u00f3n y ubicaci\u00f3n de puntos de recarga el\u00e9ctrica en el garaje","robots":{"index":"index","follow":"follow","max-snippet":"max-snippet:-1","max-image-preview":"max-image-preview:large","max-video-preview":"max-video-preview:-1"},"canonical":"https:\/\/www.laguiadepamplona.com\/actualidad\/renovada-la-entrada-lateral-al-edificio-de-monasterio-de-irache-acceso-principal-a-la-sede-de-policia-municipal-para-adaptarla-a-las-necesidades-de-accesibilidad\/","og_locale":"es_ES","og_type":"article","og_title":"Renovada la entrada lateral al edificio de Monasterio de Irache, acceso principal a la sede de Polic\u00eda Municipal, para adaptarla a las necesidades de accesibilidad","og_description":"La Comisi\u00f3n de Presidencia visita esta intervenci\u00f3n y las obras de redistribuci\u00f3n y ubicaci\u00f3n de puntos de recarga el\u00e9ctrica en el garaje","og_url":"https:\/\/www.laguiadepamplona.com\/actualidad\/renovada-la-entrada-lateral-al-edificio-de-monasterio-de-irache-acceso-principal-a-la-sede-de-policia-municipal-para-adaptarla-a-las-necesidades-de-accesibilidad\/","og_site_name":"La Gu\u00eda de Pamplona","article_publisher":"https:\/\/www.facebook.com\/laguiadepamplonacom-133175176762273\/?ref=hl","article_published_time":"2025-03-11T15:55:08+00:00","og_image":[{"width":1000,"height":666,"url":"https:\/\/www.laguiadepamplona.com\/actualidad\/wp-content\/uploads\/2025\/03\/visitaobrasaccesibilidadpoliciamunicipal1_0.webp","type":"image\/webp"}],"author":"La Gu\u00eda de Pamplona","twitter_card":"summary_large_image","twitter_creator":"@LaGuiadPamplona","twitter_site":"@LaGuiadPamplona","twitter_misc":{"Escrito por":"La Gu\u00eda de Pamplona","Tiempo de lectura":"5 minutos"},"schema":{"@context":"https:\/\/schema.org","@graph":[{"@type":"Article","@id":"https:\/\/www.laguiadepamplona.com\/actualidad\/renovada-la-entrada-lateral-al-edificio-de-monasterio-de-irache-acceso-principal-a-la-sede-de-policia-municipal-para-adaptarla-a-las-necesidades-de-accesibilidad\/#article","isPartOf":{"@id":"https:\/\/www.laguiadepamplona.com\/actualidad\/renovada-la-entrada-lateral-al-edificio-de-monasterio-de-irache-acceso-principal-a-la-sede-de-policia-municipal-para-adaptarla-a-las-necesidades-de-accesibilidad\/"},"author":{"name":"La Gu\u00eda de Pamplona","@id":"https:\/\/www.laguiadepamplona.com\/actualidad\/#\/schema\/person\/efe887376f0213d4657c93adc50b1fdb"},"headline":"Renovada la entrada lateral al edificio de Monasterio de Irache, acceso principal a la sede de Polic\u00eda Municipal, para adaptarla a las necesidades de accesibilidad","datePublished":"2025-03-11T15:55:08+00:00","mainEntityOfPage":{"@id":"https:\/\/www.laguiadepamplona.com\/actualidad\/renovada-la-entrada-lateral-al-edificio-de-monasterio-de-irache-acceso-principal-a-la-sede-de-policia-municipal-para-adaptarla-a-las-necesidades-de-accesibilidad\/"},"wordCount":1003,"commentCount":0,"publisher":{"@id":"https:\/\/www.laguiadepamplona.com\/actualidad\/#organization"},"image":{"@id":"https:\/\/www.laguiadepamplona.com\/actualidad\/renovada-la-entrada-lateral-al-edificio-de-monasterio-de-irache-acceso-principal-a-la-sede-de-policia-municipal-para-adaptarla-a-las-necesidades-de-accesibilidad\/#primaryimage"},"thumbnailUrl":"https:\/\/www.laguiadepamplona.com\/actualidad\/wp-content\/uploads\/2025\/03\/visitaobrasaccesibilidadpoliciamunicipal1_0.webp","articleSection":["Ayto Pamplona"],"inLanguage":"es","potentialAction":[{"@type":"CommentAction","name":"Comment","target":["https:\/\/www.laguiadepamplona.com\/actualidad\/renovada-la-entrada-lateral-al-edificio-de-monasterio-de-irache-acceso-principal-a-la-sede-de-policia-municipal-para-adaptarla-a-las-necesidades-de-accesibilidad\/#respond"]}]},{"@type":"WebPage","@id":"https:\/\/www.laguiadepamplona.com\/actualidad\/renovada-la-entrada-lateral-al-edificio-de-monasterio-de-irache-acceso-principal-a-la-sede-de-policia-municipal-para-adaptarla-a-las-necesidades-de-accesibilidad\/","url":"https:\/\/www.laguiadepamplona.com\/actualidad\/renovada-la-entrada-lateral-al-edificio-de-monasterio-de-irache-acceso-principal-a-la-sede-de-policia-municipal-para-adaptarla-a-las-necesidades-de-accesibilidad\/","name":"Renovada la entrada lateral al edificio de Monasterio de Irache, acceso principal a la sede de Polic\u00eda Municipal, para adaptarla a las necesidades de accesibilidad","isPartOf":{"@id":"https:\/\/www.laguiadepamplona.com\/actualidad\/#website"},"primaryImageOfPage":{"@id":"https:\/\/www.laguiadepamplona.com\/actualidad\/renovada-la-entrada-lateral-al-edificio-de-monasterio-de-irache-acceso-principal-a-la-sede-de-policia-municipal-para-adaptarla-a-las-necesidades-de-accesibilidad\/#primaryimage"},"image":{"@id":"https:\/\/www.laguiadepamplona.com\/actualidad\/renovada-la-entrada-lateral-al-edificio-de-monasterio-de-irache-acceso-principal-a-la-sede-de-policia-municipal-para-adaptarla-a-las-necesidades-de-accesibilidad\/#primaryimage"},"thumbnailUrl":"https:\/\/www.laguiadepamplona.com\/actualidad\/wp-content\/uploads\/2025\/03\/visitaobrasaccesibilidadpoliciamunicipal1_0.webp","datePublished":"2025-03-11T15:55:08+00:00","description":"La Comisi\u00f3n de Presidencia visita esta intervenci\u00f3n y las obras de redistribuci\u00f3n y ubicaci\u00f3n de puntos de recarga el\u00e9ctrica en el garaje","breadcrumb":{"@id":"https:\/\/www.laguiadepamplona.com\/actualidad\/renovada-la-entrada-lateral-al-edificio-de-monasterio-de-irache-acceso-principal-a-la-sede-de-policia-municipal-para-adaptarla-a-las-necesidades-de-accesibilidad\/#breadcrumb"},"inLanguage":"es","potentialAction":[{"@type":"ReadAction","target":["https:\/\/www.laguiadepamplona.com\/actualidad\/renovada-la-entrada-lateral-al-edificio-de-monasterio-de-irache-acceso-principal-a-la-sede-de-policia-municipal-para-adaptarla-a-las-necesidades-de-accesibilidad\/"]}]},{"@type":"ImageObject","inLanguage":"es","@id":"https:\/\/www.laguiadepamplona.com\/actualidad\/renovada-la-entrada-lateral-al-edificio-de-monasterio-de-irache-acceso-principal-a-la-sede-de-policia-municipal-para-adaptarla-a-las-necesidades-de-accesibilidad\/#primaryimage","url":"https:\/\/www.laguiadepamplona.com\/actualidad\/wp-content\/uploads\/2025\/03\/visitaobrasaccesibilidadpoliciamunicipal1_0.webp","contentUrl":"https:\/\/www.laguiadepamplona.com\/actualidad\/wp-content\/uploads\/2025\/03\/visitaobrasaccesibilidadpoliciamunicipal1_0.webp","width":1000,"height":666,"caption":"visita obras accesibilidad polic\u00eda municipal"},{"@type":"BreadcrumbList","@id":"https:\/\/www.laguiadepamplona.com\/actualidad\/renovada-la-entrada-lateral-al-edificio-de-monasterio-de-irache-acceso-principal-a-la-sede-de-policia-municipal-para-adaptarla-a-las-necesidades-de-accesibilidad\/#breadcrumb","itemListElement":[{"@type":"ListItem","position":1,"name":"Portada","item":"https:\/\/www.laguiadepamplona.com\/actualidad\/"},{"@type":"ListItem","position":2,"name":"Renovada la entrada lateral al edificio de Monasterio de Irache, acceso principal a la sede de Polic\u00eda Municipal, para adaptarla a las necesidades de accesibilidad"}]},{"@type":"WebSite","@id":"https:\/\/www.laguiadepamplona.com\/actualidad\/#website","url":"https:\/\/www.laguiadepamplona.com\/actualidad\/","name":"La gu\u00eda de Pamplona","description":"Noticias de Pamplona","publisher":{"@id":"https:\/\/www.laguiadepamplona.com\/actualidad\/#organization"},"potentialAction":[{"@type":"SearchAction","target":{"@type":"EntryPoint","urlTemplate":"https:\/\/www.laguiadepamplona.com\/actualidad\/?s={search_term_string}"},"query-input":{"@type":"PropertyValueSpecification","valueRequired":true,"valueName":"search_term_string"}}],"inLanguage":"es"},{"@type":"Organization","@id":"https:\/\/www.laguiadepamplona.com\/actualidad\/#organization","name":"La Gu\u00eda de Pamplona \/ Noticias","url":"https:\/\/www.laguiadepamplona.com\/actualidad\/","logo":{"@type":"ImageObject","inLanguage":"es","@id":"https:\/\/www.laguiadepamplona.com\/actualidad\/#\/schema\/logo\/image\/","url":"https:\/\/www.laguiadepamplona.com\/actualidad\/wp-content\/uploads\/2018\/11\/logo-laguiadepamplona18-web1.png","contentUrl":"https:\/\/www.laguiadepamplona.com\/actualidad\/wp-content\/uploads\/2018\/11\/logo-laguiadepamplona18-web1.png","width":600,"height":196,"caption":"La Gu\u00eda de Pamplona \/ Noticias"},"image":{"@id":"https:\/\/www.laguiadepamplona.com\/actualidad\/#\/schema\/logo\/image\/"},"sameAs":["https:\/\/www.facebook.com\/laguiadepamplonacom-133175176762273\/?ref=hl","https:\/\/x.com\/LaGuiadPamplona","https:\/\/www.instagram.com\/la_guia_de_pamplona\/","https:\/\/www.youtube.com\/user\/laguiadepamplona"]},{"@type":"Person","@id":"https:\/\/www.laguiadepamplona.com\/actualidad\/#\/schema\/person\/efe887376f0213d4657c93adc50b1fdb","name":"La Gu\u00eda de Pamplona","image":{"@type":"ImageObject","inLanguage":"es","@id":"https:\/\/secure.gravatar.com\/avatar\/b6992f131dc8d30ab0dff15446e9d346d9dbd95992de0fef795073f5ea83a81c?s=96&d=mm&r=g","url":"https:\/\/secure.gravatar.com\/avatar\/b6992f131dc8d30ab0dff15446e9d346d9dbd95992de0fef795073f5ea83a81c?s=96&d=mm&r=g","contentUrl":"https:\/\/secure.gravatar.com\/avatar\/b6992f131dc8d30ab0dff15446e9d346d9dbd95992de0fef795073f5ea83a81c?s=96&d=mm&r=g","caption":"La Gu\u00eda de Pamplona"}}]}},"post_mailing_queue_ids":[],"_links":{"self":[{"href":"https:\/\/www.laguiadepamplona.com\/actualidad\/wp-json\/wp\/v2\/posts\/52365","targetHints":{"allow":["GET"]}}],"collection":[{"href":"https:\/\/www.laguiadepamplona.com\/actualidad\/wp-json\/wp\/v2\/posts"}],"about":[{"href":"https:\/\/www.laguiadepamplona.com\/actualidad\/wp-json\/wp\/v2\/types\/post"}],"author":[{"embeddable":true,"href":"https:\/\/www.laguiadepamplona.com\/actualidad\/wp-json\/wp\/v2\/users\/1"}],"replies":[{"embeddable":true,"href":"https:\/\/www.laguiadepamplona.com\/actualidad\/wp-json\/wp\/v2\/comments?post=52365"}],"version-history":[{"count":1,"href":"https:\/\/www.laguiadepamplona.com\/actualidad\/wp-json\/wp\/v2\/posts\/52365\/revisions"}],"predecessor-version":[{"id":52367,"href":"https:\/\/www.laguiadepamplona.com\/actualidad\/wp-json\/wp\/v2\/posts\/52365\/revisions\/52367"}],"wp:featuredmedia":[{"embeddable":true,"href":"https:\/\/www.laguiadepamplona.com\/actualidad\/wp-json\/wp\/v2\/media\/52366"}],"wp:attachment":[{"href":"https:\/\/www.laguiadepamplona.com\/actualidad\/wp-json\/wp\/v2\/media?parent=52365"}],"wp:term":[{"taxonomy":"category","embeddable":true,"href":"https:\/\/www.laguiadepamplona.com\/actualidad\/wp-json\/wp\/v2\/categories?post=52365"},{"taxonomy":"post_tag","embeddable":true,"href":"https:\/\/www.laguiadepamplona.com\/actualidad\/wp-json\/wp\/v2\/tags?post=52365"}],"curies":[{"name":"wp","href":"https:\/\/api.w.org\/{rel}","templated":true}]}}