{"id":52348,"date":"2025-03-10T14:25:19","date_gmt":"2025-03-10T12:25:19","guid":{"rendered":"https:\/\/www.laguiadepamplona.com\/actualidad\/?p=52348"},"modified":"2025-03-10T14:25:19","modified_gmt":"2025-03-10T12:25:19","slug":"propuesta-de-actividades-organizadas-por-el-ayuntamiento-de-pamplona-del-11-al-13-de-marzo-con-plazas-libres","status":"publish","type":"post","link":"https:\/\/www.laguiadepamplona.com\/actualidad\/propuesta-de-actividades-organizadas-por-el-ayuntamiento-de-pamplona-del-11-al-13-de-marzo-con-plazas-libres\/","title":{"rendered":"Propuesta de actividades organizadas por el Ayuntamiento de Pamplona del 11 al 13 de marzo con plazas libres"},"content":{"rendered":"<p><!--more--><\/p>\n<p><strong>MARTES 11 DE MARZO<\/strong><\/p>\n<p><a href=\"https:\/\/www.pamplona.es\/actualidad\/eventos\/mercadillo-de-intercambio-sin-dinero-museo-de-educacion-ambiental-7\">Mercadillo de intercambio sin dinero. Museo de Educaci\u00f3n Ambiental, de 10 a 13 horas y de 18 a 20 horas. Libre participaci\u00f3n<\/a><\/p>\n<p>Se ofrece una alternativa a la compra, impulsando la reutilizaci\u00f3n. As\u00ed, se contribuye al cuidado del entorno, ya que se ahorra en materia prima y energ\u00eda. Se puede encontrar desde ropa, calzado, abalorios, libros, juguetes, etc. Las personas participantes traer\u00e1n objetos en buen estado que ya no utilicen y que puedan ser de inter\u00e9s para otras personas. Podr\u00e1n intercambiar hasta un m\u00e1ximo de seis objetos por semana por otros objetos de valor similar.<\/p>\n<p><a href=\"https:\/\/www.pamplona.es\/actualidad\/eventos\/club-de-lectura-inclusiva-civivox-milagrosa\">Animaci\u00f3n a la lectura. Club de lectura inclusiva. Civivox Milagrosa, 12 horas. Entrada libre, previa inscripci\u00f3n en el 010, la red Civivox o<\/a> <a href=\"http:\/\/www.pamplonaescultura.es\">www.pamplonaescultura.es<\/a><\/p>\n<p>Club de lectura inclusiva de car\u00e1cter quincenal para p\u00fablico adulto en general y personas con discapacidad intelectual o s\u00edndrome de Down. Dinamizado por profesionales de la Asociaci\u00f3n S\u00edndrome de Down de Navarra.<\/p>\n<p><a href=\"https:\/\/www.pamplona.es\/actualidad\/eventos\/heroinas-de-cine-proyeccion-cinematografica-las-buenas-companias-de-silvia-munt\">Hero\u00ednas del cine. Proyecci\u00f3n cinematogr\u00e1fica. \u2018Las buenas compa\u00f1\u00edas\u2019, de Silvia Munt. Civivox San Jorge, 18 horas. Entrada libre, previa inscripci\u00f3n en el 010, la red Civivox o<\/a> <a href=\"http:\/\/www.pamplonaescultura.es\">www.pamplonaescultura.es<\/a><\/p>\n<p>Verano de 1976. Bea tiene 16 a\u00f1os y se suma a los aires de cambio que recorren el pa\u00eds; colabora con un grupo de mujeres para visibilizar la causa feminista y lograr la aprobaci\u00f3n del derecho al aborto. La rebeld\u00eda que siente en la sangre se mezclar\u00e1 con un sentimiento inesperado que trastocar\u00e1 su mundo interior. A lo largo de estos meses, Bea entablar\u00e1 una amistad muy especial con Miren, una chica algo mayor que ella y de buena familia. Su compromiso pol\u00edtico y su relaci\u00f3n con Miren convertir\u00e1n ese verano en una etapa que marcar\u00e1 un antes y un despu\u00e9s en su vida.<\/p>\n<p><a href=\"https:\/\/www.pamplona.es\/actualidad\/eventos\/cafeteando-juegos-de-mesa-casa-de-la-juventud-2\">Cafeteando. Juegos de mesa. Casa de la Juventud, 18.30 horas. Entrada libre, hasta completar el aforo<\/a><\/p>\n<p>Nueva tarde en la Casa de la Juventud dedicada a los juegos de mesa con diferentes propuestas para echar unas partidas y estar en buena compa\u00f1\u00eda.<\/p>\n<p><a href=\"https:\/\/www.pamplona.es\/actualidad\/eventos\/xxvii-quincena-de-teatro-universitario-teatro-otono-del-3006-con-mutis-por-el\">XXVII Quincena de Teatro Universitario. Teatro. \u2018Oto\u00f1o del 3006\u2019, con Mutis por el Foro. Civivox Mendillorri, 19 horas. Entrada: 1 euro, previa inscripci\u00f3n en el 010, la red Civivox<\/a> o <a href=\"http:\/\/www.pamplonaescultura.es\">www.pamplonaescultura.es<\/a><\/p>\n<p>Ambientada en un futuro distante, en el a\u00f1o 3006, la obra presenta una visi\u00f3n cr\u00edtica y humor\u00edstica de la humanidad y sus posibles derivas en un mundo h\u00edper tecnol\u00f3gico y deshumanizado\u2026 Ciclo en colaboraci\u00f3n con Campus Creativo Museo Universidad de Navarra.<\/p>\n<p><strong>\u00a0<\/strong><\/p>\n<p><strong>MI\u00c9RCOLES 12 DE MARZO<\/strong><\/p>\n<p><a href=\"https:\/\/www.pamplona.es\/actualidad\/eventos\/mercadillo-de-intercambio-sin-dinero-museo-de-educacion-ambiental-7\">Mercadillo de intercambio sin dinero. Museo de Educaci\u00f3n Ambiental, de 10 a 13 horas y de 18 a 20 horas. Libre participaci\u00f3n<\/a><\/p>\n<p>Se ofrece una alternativa a la compra, impulsando la reutilizaci\u00f3n. As\u00ed, se contribuye al cuidado del entorno, ya que se ahorra en materia prima y energ\u00eda. Se puede encontrar desde ropa, calzado, abalorios, libros, juguetes, etc. Las personas participantes traer\u00e1n objetos en buen estado que ya no utilicen y que puedan ser de inter\u00e9s para otras personas. Podr\u00e1n intercambiar hasta un m\u00e1ximo de seis objetos por semana por otros objetos de valor similar.<\/p>\n<p><a href=\"https:\/\/www.pamplona.es\/actualidad\/eventos\/femkultur-25-taller-de-danza-cuerpo-traves-cuerpo-alrededor-manipulacion\">Femkultur 25. Taller de danza. \u2018Cuerpo a trav\u00e9s, cuerpo alrededor. Manipulaci\u00f3n, articulaciones e impro\u2019, con Eva Guerrero. Civivox Condestable, 18 horas. Entrada libre, con inscripci\u00f3n previa en el 010, la red Civivox o<\/a> <a href=\"http:\/\/www.pamplonaescultura.es\">www.pamplonaescultura.es<\/a><\/p>\n<p>Eva Guerrero nos compartir\u00e1 su visi\u00f3n del movimiento y sus herramientas de trabajo y creaci\u00f3n: manipulaci\u00f3n, trabajo de percepci\u00f3n, movimiento sin a\u00f1adidos, l\u00edmites articulares, improvisaci\u00f3n&#8230; No se requiere experiencia previa para participar en el taller<\/p>\n<p><a href=\"https:\/\/www.pamplona.es\/actualidad\/eventos\/club-transversal-tertulia-biblioteca-publica-de-san-francisco\">Club Transversal. Tertulia. Biblioteca P\u00fablica de San Francisco, 18 horas. Entrada libre, hasta completar el aforo<\/a><\/p>\n<p>Tertulia que apuesta por una filosof\u00eda abierta, solidaria, con sentido del humor y que promueve el pensamiento libre y disidente. La primera sesi\u00f3n se celebrar\u00e1 bajo el t\u00edtulo \u2018El af\u00e1n de superioridad de la especie humana que describi\u00f3 aquel psicoanalista C. G. Jung\u2019.<\/p>\n<p><a href=\"https:\/\/www.pamplona.es\/actualidad\/eventos\/xxvii-quincena-de-teatro-universitario-teatro-la-dama-de-alba-con-mutis-por-el\">XXVII Quincena de Teatro Universitario. Teatro. \u2018La dama de alba\u2019, con Mutis por el Foro. Civivox Iturrama, 19 horas. Entrada: 1 euro, previa inscripci\u00f3n en el 010, la red Civivox o<\/a> <a href=\"http:\/\/www.pamplonaescultura.es\">www.pamplonaescultura.es<\/a><\/p>\n<p>La dama del alba explora el significado de la muerte como parte de la vida, la redenci\u00f3n, y la necesidad de aceptar el pasado para poder seguir adelante. Una obra cargada de simbolismo, poes\u00eda y sensibilidad. Obra basada en una obra de Alejandro Casona. Ciclo en colaboraci\u00f3n con Campus Creativo Museo Universidad de Navarra.<\/p>\n<p><a href=\"https:\/\/www.pamplona.es\/actualidad\/eventos\/irriziklo-teatro-de-pequeno-formato-promesa-berdina-egin-diegu-lagun-guztiei-con\">IrriZiklo. Teatro de peque\u00f1o formato. \u201cPromesa berdina egin diegu lagun guztiei\u201d, con Infinito Taldea. Escuela Navarra de Teatro, 19 horas. Entrada: 5 euros, en las taquillas de la ENT o en<\/a> <a href=\"http:\/\/www.laescueladeteatro.com\">www.laescueladeteatro.com<\/a><\/p>\n<p>En esta actuaci\u00f3n que mezcla poes\u00eda, performance y humor, las actrices jugar\u00e1n a ser un grupo de amigas ficticio, con la colaboraci\u00f3n del p\u00fablico. En plena la euforia aparecer\u00e1n la amistad rom\u00e1ntica y la apolog\u00eda del grupo. En los intervalos dejados por el ruido, en cambio, las contradicciones, las preguntas y las p\u00e9rdidas. Y meter\u00e1n la pata, hasta el fondo y otra vez. Convencidas de que la amistad es la alquimia que hilvana las comunidades, llevar\u00e1n hasta el final una celebraci\u00f3n llena de sorpresas. Esa es la menor promesa que pueden hacer a una amiga.<\/p>\n<p>&nbsp;<\/p>\n<p><strong>JUEVES 13 DE MARZO<\/strong><\/p>\n<p><a href=\"https:\/\/www.pamplona.es\/actualidad\/eventos\/mercadillo-de-intercambio-sin-dinero-museo-de-educacion-ambiental-7\">Mercadillo de intercambio sin dinero. Museo de Educaci\u00f3n Ambiental, de 10 a 13 horas y de 18 a 20 horas. Libre participaci\u00f3n<\/a><\/p>\n<p>Se ofrece una alternativa a la compra, impulsando la reutilizaci\u00f3n. As\u00ed, se contribuye al cuidado del entorno, ya que se ahorra en materia prima y energ\u00eda. Se puede encontrar desde ropa, calzado, abalorios, libros, juguetes, etc. Las personas participantes traer\u00e1n objetos en buen estado que ya no utilicen y que puedan ser de inter\u00e9s para otras personas. Podr\u00e1n intercambiar hasta un m\u00e1ximo de seis objetos por semana por otros objetos de valor similar.<\/p>\n<p><a href=\"https:\/\/www.pamplona.es\/actualidad\/eventos\/club-de-lectura-facil-confabuladas-civivox-iturrama\">Club de lectura f\u00e1cil. Confabuladas. Civivox Iturrama, 11 horas. Entrada libre, previa inscripci\u00f3n en el 010, la red Civivox o<\/a> <a href=\"http:\/\/www.pamplonaescultura.es\">www.pamplonaescultura.es<\/a><\/p>\n<p>El club de lectura f\u00e1cil es un club integrador, de car\u00e1cter mensual, en el que participan personas con diversas capacidades y se utiliza material adaptado a la lectura f\u00e1cil. Con Beatriz Cantero. Ciclo en colaboraci\u00f3n con Las Gafas de Escribir y ANFAS.<\/p>\n<p><a href=\"https:\/\/www.pamplona.es\/actualidad\/eventos\/cuentacuentos-tres-biblioteca-publica-de-milagrosa\">Cuentacuentos. \u00a1Tres! Biblioteca P\u00fablica de Milagrosa, 18 horas. Inscripci\u00f3n previa en la propia biblioteca, en el 948 24 54 60 o<\/a> <a href=\"mailto:biblimil@navarra.es\">biblimil@navarra.es<\/a><\/p>\n<p>Loli Franc\u00e9s deleitar\u00e1 a ni\u00f1os y ni\u00f1as con nuevos cuentos y personajes. Un pobre le\u00f1ador perder\u00e1 su hacha de hierro, buscar\u00e1n un nombre para Orti, dos ping\u00fcinos se topar\u00e1n con un huevo que incubar, una cuadrilla de ni\u00f1os ver\u00e1 que son diferentes, pero tienen mucho en com\u00fan\u2026 Dirigido a p\u00fablico infantil mayor de 4 a\u00f1os.<\/p>\n<p><a href=\"https:\/\/www.pamplona.es\/actualidad\/eventos\/cafeteando-juegos-de-habilidad-casa-de-la-juventud-0\">Cafeteando. Juegos de habilidad. Casa de la Juventud, 18.30 horas. Entrada libre, hasta completar el aforo<\/a><\/p>\n<p>Nueva tarde en la Casa de la Juventud para pasar un buen rato en grupo. El jueves estar\u00e1 dedicado a los juegos de habilidad con diferentes retos y propuestas.<\/p>\n<p><a href=\"https:\/\/www.pamplona.es\/actualidad\/eventos\/xxvii-quincena-de-teatro-universitario-teatro-uno-dos-tres-con-atrezzo-civivox\">XXVII Quincena de Teatro Universitario. Teatro. \u2018Uno, dos, tres\u2019, con Atrezzo. Civivox San Jorge, 19 horas. Entrada: 1 euro, previa inscripci\u00f3n en el 010, la red Civivox o<\/a> <a href=\"http:\/\/www.pamplonaescultura.es\">www.pamplonaescultura.es<\/a><\/p>\n<p>MacNamara, jefe de Coca-Cola en Berl\u00edn, cree tener todo bajo control. Pero cuando su jefa le deja a cargo a Scarlett, una hija adolescente con el coraz\u00f3n revolucionado, el caos familiar y diplom\u00e1tico no tardar\u00e1 en estallar. Basada en la obra de Ferenc Molnar.Ciclo en colaboraci\u00f3n con Campus Creativo Museo Universidad de Navarra.<\/p>\n<p><a href=\"https:\/\/www.pamplona.es\/actualidad\/eventos\/presentacion-de-libro-pitx-de-nadia-fabo-biblioteca-publica-de-txantrea\">Presentaci\u00f3n de libro. \u2018Pitx\u2019, de Nadia Fabo. Biblioteca P\u00fablica de Txantrea, 19 horas. Entrada libre, hasta completar el aforo<\/a><\/p>\n<p>Presentaci\u00f3n del poemario \u2018Pitx\u2019 de Nerea Magnesio, alias de Nadia Fabo, ganadora del XVIII Premio Internacional de Poes\u00eda Ciudad de Pamplona, organizado por el Ayuntamiento de Pamplona en colaboraci\u00f3n con Ateneo Navarro. El jurado reconoci\u00f3 su originalidad expresiva, sentido del riesgo y una mezcla justa y efectiva de lenguaje coloquial y l\u00edrico. La acompa\u00f1a Ventura Ruiz Gonz\u00e1lez, de Zerokotan.<\/p>\n","protected":false},"excerpt":{"rendered":"","protected":false},"author":1,"featured_media":50736,"comment_status":"open","ping_status":"closed","sticky":false,"template":"","format":"standard","meta":{"footnotes":""},"categories":[2],"tags":[],"class_list":["post-52348","post","type-post","status-publish","format-standard","has-post-thumbnail","hentry","category-ayuntamiento-pamplona"],"yoast_head":"<!-- This site is optimized with the Yoast SEO plugin v27.3 - https:\/\/yoast.com\/product\/yoast-seo-wordpress\/ -->\n<title>Propuesta de actividades organizadas por el Ayuntamiento de Pamplona del 11 al 13 de marzo con plazas libres<\/title>\n<meta name=\"robots\" content=\"index, follow, max-snippet:-1, max-image-preview:large, max-video-preview:-1\" \/>\n<link rel=\"canonical\" href=\"https:\/\/www.laguiadepamplona.com\/actualidad\/propuesta-de-actividades-organizadas-por-el-ayuntamiento-de-pamplona-del-11-al-13-de-marzo-con-plazas-libres\/\" \/>\n<meta property=\"og:locale\" content=\"es_ES\" \/>\n<meta property=\"og:type\" content=\"article\" \/>\n<meta property=\"og:title\" content=\"Propuesta de actividades organizadas por el Ayuntamiento de Pamplona del 11 al 13 de marzo con plazas libres\" \/>\n<meta property=\"og:url\" content=\"https:\/\/www.laguiadepamplona.com\/actualidad\/propuesta-de-actividades-organizadas-por-el-ayuntamiento-de-pamplona-del-11-al-13-de-marzo-con-plazas-libres\/\" \/>\n<meta property=\"og:site_name\" content=\"La Gu\u00eda de Pamplona\" \/>\n<meta property=\"article:publisher\" content=\"https:\/\/www.facebook.com\/laguiadepamplonacom-133175176762273\/?ref=hl\" \/>\n<meta property=\"article:published_time\" content=\"2025-03-10T12:25:19+00:00\" \/>\n<meta property=\"og:image\" content=\"https:\/\/www.laguiadepamplona.com\/actualidad\/wp-content\/uploads\/2024\/09\/Fachada-Ayuntamiento_contacto-Comarca_web2.webp\" \/>\n\t<meta property=\"og:image:width\" content=\"1000\" \/>\n\t<meta property=\"og:image:height\" content=\"646\" \/>\n\t<meta property=\"og:image:type\" content=\"image\/webp\" \/>\n<meta name=\"author\" content=\"La Gu\u00eda de Pamplona\" \/>\n<meta name=\"twitter:card\" content=\"summary_large_image\" \/>\n<meta name=\"twitter:creator\" content=\"@LaGuiadPamplona\" \/>\n<meta name=\"twitter:site\" content=\"@LaGuiadPamplona\" \/>\n<meta name=\"twitter:label1\" content=\"Escrito por\" \/>\n\t<meta name=\"twitter:data1\" content=\"La Gu\u00eda de Pamplona\" \/>\n\t<meta name=\"twitter:label2\" content=\"Tiempo de lectura\" \/>\n\t<meta name=\"twitter:data2\" content=\"6 minutos\" \/>\n<script type=\"application\/ld+json\" class=\"yoast-schema-graph\">{\"@context\":\"https:\\\/\\\/schema.org\",\"@graph\":[{\"@type\":\"Article\",\"@id\":\"https:\\\/\\\/www.laguiadepamplona.com\\\/actualidad\\\/propuesta-de-actividades-organizadas-por-el-ayuntamiento-de-pamplona-del-11-al-13-de-marzo-con-plazas-libres\\\/#article\",\"isPartOf\":{\"@id\":\"https:\\\/\\\/www.laguiadepamplona.com\\\/actualidad\\\/propuesta-de-actividades-organizadas-por-el-ayuntamiento-de-pamplona-del-11-al-13-de-marzo-con-plazas-libres\\\/\"},\"author\":{\"name\":\"La Gu\u00eda de Pamplona\",\"@id\":\"https:\\\/\\\/www.laguiadepamplona.com\\\/actualidad\\\/#\\\/schema\\\/person\\\/efe887376f0213d4657c93adc50b1fdb\"},\"headline\":\"Propuesta de actividades organizadas por el Ayuntamiento de Pamplona del 11 al 13 de marzo con plazas libres\",\"datePublished\":\"2025-03-10T12:25:19+00:00\",\"mainEntityOfPage\":{\"@id\":\"https:\\\/\\\/www.laguiadepamplona.com\\\/actualidad\\\/propuesta-de-actividades-organizadas-por-el-ayuntamiento-de-pamplona-del-11-al-13-de-marzo-con-plazas-libres\\\/\"},\"wordCount\":1391,\"commentCount\":0,\"publisher\":{\"@id\":\"https:\\\/\\\/www.laguiadepamplona.com\\\/actualidad\\\/#organization\"},\"image\":{\"@id\":\"https:\\\/\\\/www.laguiadepamplona.com\\\/actualidad\\\/propuesta-de-actividades-organizadas-por-el-ayuntamiento-de-pamplona-del-11-al-13-de-marzo-con-plazas-libres\\\/#primaryimage\"},\"thumbnailUrl\":\"https:\\\/\\\/www.laguiadepamplona.com\\\/actualidad\\\/wp-content\\\/uploads\\\/2024\\\/09\\\/Fachada-Ayuntamiento_contacto-Comarca_web2.webp\",\"articleSection\":[\"Ayto Pamplona\"],\"inLanguage\":\"es\",\"potentialAction\":[{\"@type\":\"CommentAction\",\"name\":\"Comment\",\"target\":[\"https:\\\/\\\/www.laguiadepamplona.com\\\/actualidad\\\/propuesta-de-actividades-organizadas-por-el-ayuntamiento-de-pamplona-del-11-al-13-de-marzo-con-plazas-libres\\\/#respond\"]}]},{\"@type\":\"WebPage\",\"@id\":\"https:\\\/\\\/www.laguiadepamplona.com\\\/actualidad\\\/propuesta-de-actividades-organizadas-por-el-ayuntamiento-de-pamplona-del-11-al-13-de-marzo-con-plazas-libres\\\/\",\"url\":\"https:\\\/\\\/www.laguiadepamplona.com\\\/actualidad\\\/propuesta-de-actividades-organizadas-por-el-ayuntamiento-de-pamplona-del-11-al-13-de-marzo-con-plazas-libres\\\/\",\"name\":\"Propuesta de actividades organizadas por el Ayuntamiento de Pamplona del 11 al 13 de marzo con plazas libres\",\"isPartOf\":{\"@id\":\"https:\\\/\\\/www.laguiadepamplona.com\\\/actualidad\\\/#website\"},\"primaryImageOfPage\":{\"@id\":\"https:\\\/\\\/www.laguiadepamplona.com\\\/actualidad\\\/propuesta-de-actividades-organizadas-por-el-ayuntamiento-de-pamplona-del-11-al-13-de-marzo-con-plazas-libres\\\/#primaryimage\"},\"image\":{\"@id\":\"https:\\\/\\\/www.laguiadepamplona.com\\\/actualidad\\\/propuesta-de-actividades-organizadas-por-el-ayuntamiento-de-pamplona-del-11-al-13-de-marzo-con-plazas-libres\\\/#primaryimage\"},\"thumbnailUrl\":\"https:\\\/\\\/www.laguiadepamplona.com\\\/actualidad\\\/wp-content\\\/uploads\\\/2024\\\/09\\\/Fachada-Ayuntamiento_contacto-Comarca_web2.webp\",\"datePublished\":\"2025-03-10T12:25:19+00:00\",\"breadcrumb\":{\"@id\":\"https:\\\/\\\/www.laguiadepamplona.com\\\/actualidad\\\/propuesta-de-actividades-organizadas-por-el-ayuntamiento-de-pamplona-del-11-al-13-de-marzo-con-plazas-libres\\\/#breadcrumb\"},\"inLanguage\":\"es\",\"potentialAction\":[{\"@type\":\"ReadAction\",\"target\":[\"https:\\\/\\\/www.laguiadepamplona.com\\\/actualidad\\\/propuesta-de-actividades-organizadas-por-el-ayuntamiento-de-pamplona-del-11-al-13-de-marzo-con-plazas-libres\\\/\"]}]},{\"@type\":\"ImageObject\",\"inLanguage\":\"es\",\"@id\":\"https:\\\/\\\/www.laguiadepamplona.com\\\/actualidad\\\/propuesta-de-actividades-organizadas-por-el-ayuntamiento-de-pamplona-del-11-al-13-de-marzo-con-plazas-libres\\\/#primaryimage\",\"url\":\"https:\\\/\\\/www.laguiadepamplona.com\\\/actualidad\\\/wp-content\\\/uploads\\\/2024\\\/09\\\/Fachada-Ayuntamiento_contacto-Comarca_web2.webp\",\"contentUrl\":\"https:\\\/\\\/www.laguiadepamplona.com\\\/actualidad\\\/wp-content\\\/uploads\\\/2024\\\/09\\\/Fachada-Ayuntamiento_contacto-Comarca_web2.webp\",\"width\":1000,\"height\":646,\"caption\":\"fachada ayuntamiento\"},{\"@type\":\"BreadcrumbList\",\"@id\":\"https:\\\/\\\/www.laguiadepamplona.com\\\/actualidad\\\/propuesta-de-actividades-organizadas-por-el-ayuntamiento-de-pamplona-del-11-al-13-de-marzo-con-plazas-libres\\\/#breadcrumb\",\"itemListElement\":[{\"@type\":\"ListItem\",\"position\":1,\"name\":\"Portada\",\"item\":\"https:\\\/\\\/www.laguiadepamplona.com\\\/actualidad\\\/\"},{\"@type\":\"ListItem\",\"position\":2,\"name\":\"Propuesta de actividades organizadas por el Ayuntamiento de Pamplona del 11 al 13 de marzo con plazas libres\"}]},{\"@type\":\"WebSite\",\"@id\":\"https:\\\/\\\/www.laguiadepamplona.com\\\/actualidad\\\/#website\",\"url\":\"https:\\\/\\\/www.laguiadepamplona.com\\\/actualidad\\\/\",\"name\":\"La gu\u00eda de Pamplona\",\"description\":\"Noticias de Pamplona\",\"publisher\":{\"@id\":\"https:\\\/\\\/www.laguiadepamplona.com\\\/actualidad\\\/#organization\"},\"potentialAction\":[{\"@type\":\"SearchAction\",\"target\":{\"@type\":\"EntryPoint\",\"urlTemplate\":\"https:\\\/\\\/www.laguiadepamplona.com\\\/actualidad\\\/?s={search_term_string}\"},\"query-input\":{\"@type\":\"PropertyValueSpecification\",\"valueRequired\":true,\"valueName\":\"search_term_string\"}}],\"inLanguage\":\"es\"},{\"@type\":\"Organization\",\"@id\":\"https:\\\/\\\/www.laguiadepamplona.com\\\/actualidad\\\/#organization\",\"name\":\"La Gu\u00eda de Pamplona \\\/ Noticias\",\"url\":\"https:\\\/\\\/www.laguiadepamplona.com\\\/actualidad\\\/\",\"logo\":{\"@type\":\"ImageObject\",\"inLanguage\":\"es\",\"@id\":\"https:\\\/\\\/www.laguiadepamplona.com\\\/actualidad\\\/#\\\/schema\\\/logo\\\/image\\\/\",\"url\":\"https:\\\/\\\/www.laguiadepamplona.com\\\/actualidad\\\/wp-content\\\/uploads\\\/2018\\\/11\\\/logo-laguiadepamplona18-web1.png\",\"contentUrl\":\"https:\\\/\\\/www.laguiadepamplona.com\\\/actualidad\\\/wp-content\\\/uploads\\\/2018\\\/11\\\/logo-laguiadepamplona18-web1.png\",\"width\":600,\"height\":196,\"caption\":\"La Gu\u00eda de Pamplona \\\/ Noticias\"},\"image\":{\"@id\":\"https:\\\/\\\/www.laguiadepamplona.com\\\/actualidad\\\/#\\\/schema\\\/logo\\\/image\\\/\"},\"sameAs\":[\"https:\\\/\\\/www.facebook.com\\\/laguiadepamplonacom-133175176762273\\\/?ref=hl\",\"https:\\\/\\\/x.com\\\/LaGuiadPamplona\",\"https:\\\/\\\/www.instagram.com\\\/la_guia_de_pamplona\\\/\",\"https:\\\/\\\/www.youtube.com\\\/user\\\/laguiadepamplona\"]},{\"@type\":\"Person\",\"@id\":\"https:\\\/\\\/www.laguiadepamplona.com\\\/actualidad\\\/#\\\/schema\\\/person\\\/efe887376f0213d4657c93adc50b1fdb\",\"name\":\"La Gu\u00eda de Pamplona\",\"image\":{\"@type\":\"ImageObject\",\"inLanguage\":\"es\",\"@id\":\"https:\\\/\\\/secure.gravatar.com\\\/avatar\\\/b6992f131dc8d30ab0dff15446e9d346d9dbd95992de0fef795073f5ea83a81c?s=96&d=mm&r=g\",\"url\":\"https:\\\/\\\/secure.gravatar.com\\\/avatar\\\/b6992f131dc8d30ab0dff15446e9d346d9dbd95992de0fef795073f5ea83a81c?s=96&d=mm&r=g\",\"contentUrl\":\"https:\\\/\\\/secure.gravatar.com\\\/avatar\\\/b6992f131dc8d30ab0dff15446e9d346d9dbd95992de0fef795073f5ea83a81c?s=96&d=mm&r=g\",\"caption\":\"La Gu\u00eda de Pamplona\"}}]}<\/script>\n<!-- \/ Yoast SEO plugin. -->","yoast_head_json":{"title":"Propuesta de actividades organizadas por el Ayuntamiento de Pamplona del 11 al 13 de marzo con plazas libres","robots":{"index":"index","follow":"follow","max-snippet":"max-snippet:-1","max-image-preview":"max-image-preview:large","max-video-preview":"max-video-preview:-1"},"canonical":"https:\/\/www.laguiadepamplona.com\/actualidad\/propuesta-de-actividades-organizadas-por-el-ayuntamiento-de-pamplona-del-11-al-13-de-marzo-con-plazas-libres\/","og_locale":"es_ES","og_type":"article","og_title":"Propuesta de actividades organizadas por el Ayuntamiento de Pamplona del 11 al 13 de marzo con plazas libres","og_url":"https:\/\/www.laguiadepamplona.com\/actualidad\/propuesta-de-actividades-organizadas-por-el-ayuntamiento-de-pamplona-del-11-al-13-de-marzo-con-plazas-libres\/","og_site_name":"La Gu\u00eda de Pamplona","article_publisher":"https:\/\/www.facebook.com\/laguiadepamplonacom-133175176762273\/?ref=hl","article_published_time":"2025-03-10T12:25:19+00:00","og_image":[{"width":1000,"height":646,"url":"https:\/\/www.laguiadepamplona.com\/actualidad\/wp-content\/uploads\/2024\/09\/Fachada-Ayuntamiento_contacto-Comarca_web2.webp","type":"image\/webp"}],"author":"La Gu\u00eda de Pamplona","twitter_card":"summary_large_image","twitter_creator":"@LaGuiadPamplona","twitter_site":"@LaGuiadPamplona","twitter_misc":{"Escrito por":"La Gu\u00eda de Pamplona","Tiempo de lectura":"6 minutos"},"schema":{"@context":"https:\/\/schema.org","@graph":[{"@type":"Article","@id":"https:\/\/www.laguiadepamplona.com\/actualidad\/propuesta-de-actividades-organizadas-por-el-ayuntamiento-de-pamplona-del-11-al-13-de-marzo-con-plazas-libres\/#article","isPartOf":{"@id":"https:\/\/www.laguiadepamplona.com\/actualidad\/propuesta-de-actividades-organizadas-por-el-ayuntamiento-de-pamplona-del-11-al-13-de-marzo-con-plazas-libres\/"},"author":{"name":"La Gu\u00eda de Pamplona","@id":"https:\/\/www.laguiadepamplona.com\/actualidad\/#\/schema\/person\/efe887376f0213d4657c93adc50b1fdb"},"headline":"Propuesta de actividades organizadas por el Ayuntamiento de Pamplona del 11 al 13 de marzo con plazas libres","datePublished":"2025-03-10T12:25:19+00:00","mainEntityOfPage":{"@id":"https:\/\/www.laguiadepamplona.com\/actualidad\/propuesta-de-actividades-organizadas-por-el-ayuntamiento-de-pamplona-del-11-al-13-de-marzo-con-plazas-libres\/"},"wordCount":1391,"commentCount":0,"publisher":{"@id":"https:\/\/www.laguiadepamplona.com\/actualidad\/#organization"},"image":{"@id":"https:\/\/www.laguiadepamplona.com\/actualidad\/propuesta-de-actividades-organizadas-por-el-ayuntamiento-de-pamplona-del-11-al-13-de-marzo-con-plazas-libres\/#primaryimage"},"thumbnailUrl":"https:\/\/www.laguiadepamplona.com\/actualidad\/wp-content\/uploads\/2024\/09\/Fachada-Ayuntamiento_contacto-Comarca_web2.webp","articleSection":["Ayto Pamplona"],"inLanguage":"es","potentialAction":[{"@type":"CommentAction","name":"Comment","target":["https:\/\/www.laguiadepamplona.com\/actualidad\/propuesta-de-actividades-organizadas-por-el-ayuntamiento-de-pamplona-del-11-al-13-de-marzo-con-plazas-libres\/#respond"]}]},{"@type":"WebPage","@id":"https:\/\/www.laguiadepamplona.com\/actualidad\/propuesta-de-actividades-organizadas-por-el-ayuntamiento-de-pamplona-del-11-al-13-de-marzo-con-plazas-libres\/","url":"https:\/\/www.laguiadepamplona.com\/actualidad\/propuesta-de-actividades-organizadas-por-el-ayuntamiento-de-pamplona-del-11-al-13-de-marzo-con-plazas-libres\/","name":"Propuesta de actividades organizadas por el Ayuntamiento de Pamplona del 11 al 13 de marzo con plazas libres","isPartOf":{"@id":"https:\/\/www.laguiadepamplona.com\/actualidad\/#website"},"primaryImageOfPage":{"@id":"https:\/\/www.laguiadepamplona.com\/actualidad\/propuesta-de-actividades-organizadas-por-el-ayuntamiento-de-pamplona-del-11-al-13-de-marzo-con-plazas-libres\/#primaryimage"},"image":{"@id":"https:\/\/www.laguiadepamplona.com\/actualidad\/propuesta-de-actividades-organizadas-por-el-ayuntamiento-de-pamplona-del-11-al-13-de-marzo-con-plazas-libres\/#primaryimage"},"thumbnailUrl":"https:\/\/www.laguiadepamplona.com\/actualidad\/wp-content\/uploads\/2024\/09\/Fachada-Ayuntamiento_contacto-Comarca_web2.webp","datePublished":"2025-03-10T12:25:19+00:00","breadcrumb":{"@id":"https:\/\/www.laguiadepamplona.com\/actualidad\/propuesta-de-actividades-organizadas-por-el-ayuntamiento-de-pamplona-del-11-al-13-de-marzo-con-plazas-libres\/#breadcrumb"},"inLanguage":"es","potentialAction":[{"@type":"ReadAction","target":["https:\/\/www.laguiadepamplona.com\/actualidad\/propuesta-de-actividades-organizadas-por-el-ayuntamiento-de-pamplona-del-11-al-13-de-marzo-con-plazas-libres\/"]}]},{"@type":"ImageObject","inLanguage":"es","@id":"https:\/\/www.laguiadepamplona.com\/actualidad\/propuesta-de-actividades-organizadas-por-el-ayuntamiento-de-pamplona-del-11-al-13-de-marzo-con-plazas-libres\/#primaryimage","url":"https:\/\/www.laguiadepamplona.com\/actualidad\/wp-content\/uploads\/2024\/09\/Fachada-Ayuntamiento_contacto-Comarca_web2.webp","contentUrl":"https:\/\/www.laguiadepamplona.com\/actualidad\/wp-content\/uploads\/2024\/09\/Fachada-Ayuntamiento_contacto-Comarca_web2.webp","width":1000,"height":646,"caption":"fachada ayuntamiento"},{"@type":"BreadcrumbList","@id":"https:\/\/www.laguiadepamplona.com\/actualidad\/propuesta-de-actividades-organizadas-por-el-ayuntamiento-de-pamplona-del-11-al-13-de-marzo-con-plazas-libres\/#breadcrumb","itemListElement":[{"@type":"ListItem","position":1,"name":"Portada","item":"https:\/\/www.laguiadepamplona.com\/actualidad\/"},{"@type":"ListItem","position":2,"name":"Propuesta de actividades organizadas por el Ayuntamiento de Pamplona del 11 al 13 de marzo con plazas libres"}]},{"@type":"WebSite","@id":"https:\/\/www.laguiadepamplona.com\/actualidad\/#website","url":"https:\/\/www.laguiadepamplona.com\/actualidad\/","name":"La gu\u00eda de Pamplona","description":"Noticias de Pamplona","publisher":{"@id":"https:\/\/www.laguiadepamplona.com\/actualidad\/#organization"},"potentialAction":[{"@type":"SearchAction","target":{"@type":"EntryPoint","urlTemplate":"https:\/\/www.laguiadepamplona.com\/actualidad\/?s={search_term_string}"},"query-input":{"@type":"PropertyValueSpecification","valueRequired":true,"valueName":"search_term_string"}}],"inLanguage":"es"},{"@type":"Organization","@id":"https:\/\/www.laguiadepamplona.com\/actualidad\/#organization","name":"La Gu\u00eda de Pamplona \/ Noticias","url":"https:\/\/www.laguiadepamplona.com\/actualidad\/","logo":{"@type":"ImageObject","inLanguage":"es","@id":"https:\/\/www.laguiadepamplona.com\/actualidad\/#\/schema\/logo\/image\/","url":"https:\/\/www.laguiadepamplona.com\/actualidad\/wp-content\/uploads\/2018\/11\/logo-laguiadepamplona18-web1.png","contentUrl":"https:\/\/www.laguiadepamplona.com\/actualidad\/wp-content\/uploads\/2018\/11\/logo-laguiadepamplona18-web1.png","width":600,"height":196,"caption":"La Gu\u00eda de Pamplona \/ Noticias"},"image":{"@id":"https:\/\/www.laguiadepamplona.com\/actualidad\/#\/schema\/logo\/image\/"},"sameAs":["https:\/\/www.facebook.com\/laguiadepamplonacom-133175176762273\/?ref=hl","https:\/\/x.com\/LaGuiadPamplona","https:\/\/www.instagram.com\/la_guia_de_pamplona\/","https:\/\/www.youtube.com\/user\/laguiadepamplona"]},{"@type":"Person","@id":"https:\/\/www.laguiadepamplona.com\/actualidad\/#\/schema\/person\/efe887376f0213d4657c93adc50b1fdb","name":"La Gu\u00eda de Pamplona","image":{"@type":"ImageObject","inLanguage":"es","@id":"https:\/\/secure.gravatar.com\/avatar\/b6992f131dc8d30ab0dff15446e9d346d9dbd95992de0fef795073f5ea83a81c?s=96&d=mm&r=g","url":"https:\/\/secure.gravatar.com\/avatar\/b6992f131dc8d30ab0dff15446e9d346d9dbd95992de0fef795073f5ea83a81c?s=96&d=mm&r=g","contentUrl":"https:\/\/secure.gravatar.com\/avatar\/b6992f131dc8d30ab0dff15446e9d346d9dbd95992de0fef795073f5ea83a81c?s=96&d=mm&r=g","caption":"La Gu\u00eda de Pamplona"}}]}},"post_mailing_queue_ids":[],"_links":{"self":[{"href":"https:\/\/www.laguiadepamplona.com\/actualidad\/wp-json\/wp\/v2\/posts\/52348","targetHints":{"allow":["GET"]}}],"collection":[{"href":"https:\/\/www.laguiadepamplona.com\/actualidad\/wp-json\/wp\/v2\/posts"}],"about":[{"href":"https:\/\/www.laguiadepamplona.com\/actualidad\/wp-json\/wp\/v2\/types\/post"}],"author":[{"embeddable":true,"href":"https:\/\/www.laguiadepamplona.com\/actualidad\/wp-json\/wp\/v2\/users\/1"}],"replies":[{"embeddable":true,"href":"https:\/\/www.laguiadepamplona.com\/actualidad\/wp-json\/wp\/v2\/comments?post=52348"}],"version-history":[{"count":1,"href":"https:\/\/www.laguiadepamplona.com\/actualidad\/wp-json\/wp\/v2\/posts\/52348\/revisions"}],"predecessor-version":[{"id":52349,"href":"https:\/\/www.laguiadepamplona.com\/actualidad\/wp-json\/wp\/v2\/posts\/52348\/revisions\/52349"}],"wp:featuredmedia":[{"embeddable":true,"href":"https:\/\/www.laguiadepamplona.com\/actualidad\/wp-json\/wp\/v2\/media\/50736"}],"wp:attachment":[{"href":"https:\/\/www.laguiadepamplona.com\/actualidad\/wp-json\/wp\/v2\/media?parent=52348"}],"wp:term":[{"taxonomy":"category","embeddable":true,"href":"https:\/\/www.laguiadepamplona.com\/actualidad\/wp-json\/wp\/v2\/categories?post=52348"},{"taxonomy":"post_tag","embeddable":true,"href":"https:\/\/www.laguiadepamplona.com\/actualidad\/wp-json\/wp\/v2\/tags?post=52348"}],"curies":[{"name":"wp","href":"https:\/\/api.w.org\/{rel}","templated":true}]}}