{"id":52345,"date":"2025-03-10T14:24:48","date_gmt":"2025-03-10T12:24:48","guid":{"rendered":"https:\/\/www.laguiadepamplona.com\/actualidad\/?p=52345"},"modified":"2025-03-10T14:24:48","modified_gmt":"2025-03-10T12:24:48","slug":"el-antiguo-edificio-de-telefonica-en-la-avenida-de-bayona-se-transformara-en-un-edificio-residencial-reservando-las-dos-primeras-plantas-para-el-nuevo-civivox-de-san-juan","status":"publish","type":"post","link":"https:\/\/www.laguiadepamplona.com\/actualidad\/el-antiguo-edificio-de-telefonica-en-la-avenida-de-bayona-se-transformara-en-un-edificio-residencial-reservando-las-dos-primeras-plantas-para-el-nuevo-civivox-de-san-juan\/","title":{"rendered":"El antiguo edificio de Telef\u00f3nica en la avenida de Bayona se transformar\u00e1 en un edificio residencial reservando las dos primeras plantas para el nuevo Civivox de San Juan"},"content":{"rendered":"<h2>El Ayuntamiento y la empresa propietaria han suscrito un convenio para desarrollar el proyecto, que prev\u00e9 unas 50 viviendas, con un m\u00ednimo de una decena protegidas<\/h2>\n<p><!--more--><\/p>\n<p>El barrio de San Juan contar\u00e1 con un Civivox en la avenida de Bayona, en el antiguo edificio de Telef\u00f3nica. El Ayuntamiento de Pamplona y la empresa propietaria del inmueble han suscrito un convenio para desarrollar el proyecto basado en la transformaci\u00f3n de un derecho para la construcci\u00f3n de un edificio de vivienda libre (recogido actualmente en el Plan Municipal de Pamplona) en un edificio que incluir\u00e1 1.000 metros cuadrados para usos culturales (las dos primeras plantas) y, al menos, una decena de viviendas protegidas.<\/p>\n<p>Para ello el convenio plantea una modificaci\u00f3n del Plan Municipal mediante un Plan Especial de Actuaci\u00f3n Urbana en la parcela en el n\u00famero 38 de la Avenida Bayona. A trav\u00e9s de esta modificaci\u00f3n se autorizar\u00eda aumentar la edificabilidad de solar, para levantar un edificio que podr\u00eda alcanzar, como m\u00e1ximo, planta baja y 13 alturas, adem\u00e1s de tres o cuatro plantas de s\u00f3tano. Lo que se busca es garantizar que este nuevo inmueble no supere las alturas m\u00e1ximas del resto del barrio.<\/p>\n<p>El convenio prev\u00e9 la cesi\u00f3n al menos de la planta baja y la primera planta al Ayuntamiento, para albergar el Civivox para un barrio que en la actualidad carece de este tipo de dotaci\u00f3n. Se consigue as\u00ed un objetivo que hasta el momento parec\u00eda dif\u00edcil de alcanzar ya que San Juan, al tratarse de un barrio ya consolidado y colmatado, no dispon\u00eda de parcelas libres dotacionales donde ubicar un Civivox. En total, se prev\u00e9 obtener un espacio de alrededor de 1.000 m2 para actividades de car\u00e1cter social y cultural en una zona c\u00e9ntrica del barrio, en el cruce entre la avenida de Bayona y Mart\u00edn Azpilcueta<\/p>\n<p>Esta dotaci\u00f3n se incorporar\u00e1 a la red Civivox de la ciudad y podr\u00e1 disfrutar de la programaci\u00f3n que organiza el Ayuntamiento para este tipo de espacios. Sumado a la biblioteca municipal en Yamaguchi, a espacios comunitarios como San Juan Xar o el edificio Oskia y al Civican, completar\u00e1n una oferta de actividad social y cultural de calidad para este barrio. El Ayuntamiento considera, por todo ello, de inter\u00e9s p\u00fablico para la ciudad esta actuaci\u00f3n. Se tratar\u00eda, por tanto, de promover una iniciativa en la que coexistan usos p\u00fablicos y privados, de la mano del Civivox y de viviendas.<\/p>\n<p>Las cifras se concretar\u00e1n en el PEAU, estimando que el aumento de la edificabilidad podr\u00eda alcanzar hasta 50 viviendas, de las que al menos una decena estar\u00e1n sometidas a alg\u00fan tipo de protecci\u00f3n. El convenio contempla tambi\u00e9n la reurbanizaci\u00f3n del entorno, en concreto, el tramo de la traves\u00eda Monasterio de Belate, anexa al edificio.<\/p>\n<p><strong>Proyecto en dos meses y sin implicaciones econ\u00f3micas<\/strong><\/p>\n<p>Por medio de este convenio, la empresa propietaria del inmueble, Gaiaz 38 Taldea S.L., a trav\u00e9s de Abaigar Promoci\u00f3n y Construcci\u00f3n S.L.U, se compromete a presentar al Ayuntamiento de Pamplona un Plan Especial de Actuaci\u00f3n Urbana para la parcela en el plazo de dos meses desde la firma del convenio. El PEAU incluir\u00e1 un proceso de participaci\u00f3n, una memoria de viabilidad y sostenibilidad econ\u00f3mica, un estudio de la movilidad generada, informe de g\u00e9nero, un estudio de accesibilidad urban\u00edstica y la documentaci\u00f3n necesaria para tramitar, de forma simult\u00e1nea, la Evaluaci\u00f3n Ambiental Estrat\u00e9gica, si fuera necesario. Una vez finalizado el proceso participativo correspondiente, la empresa dispondr\u00e1 de tres meses para presentar al Ayuntamiento el documento definitivo del PEAU para su aprobaci\u00f3n inicial.<\/p>\n<p>Por su parte, el Consistorio se compromete a impulsar y tramitar el PEAU que se presente. Por tanto, no se desprende ninguna obligaci\u00f3n econ\u00f3mica, m\u00e1s all\u00e1 de la tramitaci\u00f3n del PEAU. Para la correcta ejecuci\u00f3n del convenio, se crear\u00e1 una comisi\u00f3n de seguimiento, integrada por un representante municipal y otro de la empresa propietaria o quien \u00e9sta designe.<\/p>\n<p>Seg\u00fan el censo de poblaci\u00f3n, en el barrio de San Juan habitan 19.474 personas, de las 211.652 del conjunto de Pamplona, lo que supone el 9,2% de la poblaci\u00f3n. De todas ellas, 8.732 son hombres y 10.742, mujeres. El grueso de la poblaci\u00f3n tiene m\u00e1s de 50 a\u00f1os. De hecho, San Juan ha sido el barrio pionero en la puesta en marcha del denominado Pacto de las Personas Mayores, una iniciativa que pretende aunar a todos los sectores del barrio para asegurar la atenci\u00f3n de las personas mayores en servicios de salud, sociales y comunitarios.<\/p>\n","protected":false},"excerpt":{"rendered":"<p>El Ayuntamiento y la empresa propietaria han suscrito un convenio para desarrollar el proyecto, que prev\u00e9 unas 50 viviendas, con un m\u00ednimo de una decena protegidas<\/p>\n","protected":false},"author":1,"featured_media":52346,"comment_status":"open","ping_status":"closed","sticky":false,"template":"","format":"standard","meta":{"footnotes":""},"categories":[2],"tags":[],"class_list":["post-52345","post","type-post","status-publish","format-standard","has-post-thumbnail","hentry","category-ayuntamiento-pamplona"],"yoast_head":"<!-- This site is optimized with the Yoast SEO plugin v27.3 - https:\/\/yoast.com\/product\/yoast-seo-wordpress\/ -->\n<title>El antiguo edificio de Telef\u00f3nica en la avenida de Bayona se transformar\u00e1 en un edificio residencial reservando las dos primeras plantas para el nuevo Civivox de San Juan<\/title>\n<meta name=\"description\" content=\"El Ayuntamiento y la empresa propietaria han suscrito un convenio para desarrollar el proyecto, que prev\u00e9 unas 50 viviendas, con un m\u00ednimo de una decena protegidas\" \/>\n<meta name=\"robots\" content=\"index, follow, max-snippet:-1, max-image-preview:large, max-video-preview:-1\" \/>\n<link rel=\"canonical\" href=\"https:\/\/www.laguiadepamplona.com\/actualidad\/el-antiguo-edificio-de-telefonica-en-la-avenida-de-bayona-se-transformara-en-un-edificio-residencial-reservando-las-dos-primeras-plantas-para-el-nuevo-civivox-de-san-juan\/\" \/>\n<meta property=\"og:locale\" content=\"es_ES\" \/>\n<meta property=\"og:type\" content=\"article\" \/>\n<meta property=\"og:title\" content=\"El antiguo edificio de Telef\u00f3nica en la avenida de Bayona se transformar\u00e1 en un edificio residencial reservando las dos primeras plantas para el nuevo Civivox de San Juan\" \/>\n<meta property=\"og:description\" content=\"El Ayuntamiento y la empresa propietaria han suscrito un convenio para desarrollar el proyecto, que prev\u00e9 unas 50 viviendas, con un m\u00ednimo de una decena protegidas\" \/>\n<meta property=\"og:url\" content=\"https:\/\/www.laguiadepamplona.com\/actualidad\/el-antiguo-edificio-de-telefonica-en-la-avenida-de-bayona-se-transformara-en-un-edificio-residencial-reservando-las-dos-primeras-plantas-para-el-nuevo-civivox-de-san-juan\/\" \/>\n<meta property=\"og:site_name\" content=\"La Gu\u00eda de Pamplona\" \/>\n<meta property=\"article:publisher\" content=\"https:\/\/www.facebook.com\/laguiadepamplonacom-133175176762273\/?ref=hl\" \/>\n<meta property=\"article:published_time\" content=\"2025-03-10T12:24:48+00:00\" \/>\n<meta property=\"og:image\" content=\"https:\/\/www.laguiadepamplona.com\/actualidad\/wp-content\/uploads\/2025\/03\/civivox_san_juan_web.webp\" \/>\n\t<meta property=\"og:image:width\" content=\"1000\" \/>\n\t<meta property=\"og:image:height\" content=\"603\" \/>\n\t<meta property=\"og:image:type\" content=\"image\/webp\" \/>\n<meta name=\"author\" content=\"La Gu\u00eda de Pamplona\" \/>\n<meta name=\"twitter:card\" content=\"summary_large_image\" \/>\n<meta name=\"twitter:creator\" content=\"@LaGuiadPamplona\" \/>\n<meta name=\"twitter:site\" content=\"@LaGuiadPamplona\" \/>\n<meta name=\"twitter:label1\" content=\"Escrito por\" \/>\n\t<meta name=\"twitter:data1\" content=\"La Gu\u00eda de Pamplona\" \/>\n\t<meta name=\"twitter:label2\" content=\"Tiempo de lectura\" \/>\n\t<meta name=\"twitter:data2\" content=\"4 minutos\" \/>\n<script type=\"application\/ld+json\" class=\"yoast-schema-graph\">{\"@context\":\"https:\\\/\\\/schema.org\",\"@graph\":[{\"@type\":\"Article\",\"@id\":\"https:\\\/\\\/www.laguiadepamplona.com\\\/actualidad\\\/el-antiguo-edificio-de-telefonica-en-la-avenida-de-bayona-se-transformara-en-un-edificio-residencial-reservando-las-dos-primeras-plantas-para-el-nuevo-civivox-de-san-juan\\\/#article\",\"isPartOf\":{\"@id\":\"https:\\\/\\\/www.laguiadepamplona.com\\\/actualidad\\\/el-antiguo-edificio-de-telefonica-en-la-avenida-de-bayona-se-transformara-en-un-edificio-residencial-reservando-las-dos-primeras-plantas-para-el-nuevo-civivox-de-san-juan\\\/\"},\"author\":{\"name\":\"La Gu\u00eda de Pamplona\",\"@id\":\"https:\\\/\\\/www.laguiadepamplona.com\\\/actualidad\\\/#\\\/schema\\\/person\\\/efe887376f0213d4657c93adc50b1fdb\"},\"headline\":\"El antiguo edificio de Telef\u00f3nica en la avenida de Bayona se transformar\u00e1 en un edificio residencial reservando las dos primeras plantas para el nuevo Civivox de San Juan\",\"datePublished\":\"2025-03-10T12:24:48+00:00\",\"mainEntityOfPage\":{\"@id\":\"https:\\\/\\\/www.laguiadepamplona.com\\\/actualidad\\\/el-antiguo-edificio-de-telefonica-en-la-avenida-de-bayona-se-transformara-en-un-edificio-residencial-reservando-las-dos-primeras-plantas-para-el-nuevo-civivox-de-san-juan\\\/\"},\"wordCount\":816,\"commentCount\":0,\"publisher\":{\"@id\":\"https:\\\/\\\/www.laguiadepamplona.com\\\/actualidad\\\/#organization\"},\"image\":{\"@id\":\"https:\\\/\\\/www.laguiadepamplona.com\\\/actualidad\\\/el-antiguo-edificio-de-telefonica-en-la-avenida-de-bayona-se-transformara-en-un-edificio-residencial-reservando-las-dos-primeras-plantas-para-el-nuevo-civivox-de-san-juan\\\/#primaryimage\"},\"thumbnailUrl\":\"https:\\\/\\\/www.laguiadepamplona.com\\\/actualidad\\\/wp-content\\\/uploads\\\/2025\\\/03\\\/civivox_san_juan_web.webp\",\"articleSection\":[\"Ayto Pamplona\"],\"inLanguage\":\"es\",\"potentialAction\":[{\"@type\":\"CommentAction\",\"name\":\"Comment\",\"target\":[\"https:\\\/\\\/www.laguiadepamplona.com\\\/actualidad\\\/el-antiguo-edificio-de-telefonica-en-la-avenida-de-bayona-se-transformara-en-un-edificio-residencial-reservando-las-dos-primeras-plantas-para-el-nuevo-civivox-de-san-juan\\\/#respond\"]}]},{\"@type\":\"WebPage\",\"@id\":\"https:\\\/\\\/www.laguiadepamplona.com\\\/actualidad\\\/el-antiguo-edificio-de-telefonica-en-la-avenida-de-bayona-se-transformara-en-un-edificio-residencial-reservando-las-dos-primeras-plantas-para-el-nuevo-civivox-de-san-juan\\\/\",\"url\":\"https:\\\/\\\/www.laguiadepamplona.com\\\/actualidad\\\/el-antiguo-edificio-de-telefonica-en-la-avenida-de-bayona-se-transformara-en-un-edificio-residencial-reservando-las-dos-primeras-plantas-para-el-nuevo-civivox-de-san-juan\\\/\",\"name\":\"El antiguo edificio de Telef\u00f3nica en la avenida de Bayona se transformar\u00e1 en un edificio residencial reservando las dos primeras plantas para el nuevo Civivox de San Juan\",\"isPartOf\":{\"@id\":\"https:\\\/\\\/www.laguiadepamplona.com\\\/actualidad\\\/#website\"},\"primaryImageOfPage\":{\"@id\":\"https:\\\/\\\/www.laguiadepamplona.com\\\/actualidad\\\/el-antiguo-edificio-de-telefonica-en-la-avenida-de-bayona-se-transformara-en-un-edificio-residencial-reservando-las-dos-primeras-plantas-para-el-nuevo-civivox-de-san-juan\\\/#primaryimage\"},\"image\":{\"@id\":\"https:\\\/\\\/www.laguiadepamplona.com\\\/actualidad\\\/el-antiguo-edificio-de-telefonica-en-la-avenida-de-bayona-se-transformara-en-un-edificio-residencial-reservando-las-dos-primeras-plantas-para-el-nuevo-civivox-de-san-juan\\\/#primaryimage\"},\"thumbnailUrl\":\"https:\\\/\\\/www.laguiadepamplona.com\\\/actualidad\\\/wp-content\\\/uploads\\\/2025\\\/03\\\/civivox_san_juan_web.webp\",\"datePublished\":\"2025-03-10T12:24:48+00:00\",\"description\":\"El Ayuntamiento y la empresa propietaria han suscrito un convenio para desarrollar el proyecto, que prev\u00e9 unas 50 viviendas, con un m\u00ednimo de una decena protegidas\",\"breadcrumb\":{\"@id\":\"https:\\\/\\\/www.laguiadepamplona.com\\\/actualidad\\\/el-antiguo-edificio-de-telefonica-en-la-avenida-de-bayona-se-transformara-en-un-edificio-residencial-reservando-las-dos-primeras-plantas-para-el-nuevo-civivox-de-san-juan\\\/#breadcrumb\"},\"inLanguage\":\"es\",\"potentialAction\":[{\"@type\":\"ReadAction\",\"target\":[\"https:\\\/\\\/www.laguiadepamplona.com\\\/actualidad\\\/el-antiguo-edificio-de-telefonica-en-la-avenida-de-bayona-se-transformara-en-un-edificio-residencial-reservando-las-dos-primeras-plantas-para-el-nuevo-civivox-de-san-juan\\\/\"]}]},{\"@type\":\"ImageObject\",\"inLanguage\":\"es\",\"@id\":\"https:\\\/\\\/www.laguiadepamplona.com\\\/actualidad\\\/el-antiguo-edificio-de-telefonica-en-la-avenida-de-bayona-se-transformara-en-un-edificio-residencial-reservando-las-dos-primeras-plantas-para-el-nuevo-civivox-de-san-juan\\\/#primaryimage\",\"url\":\"https:\\\/\\\/www.laguiadepamplona.com\\\/actualidad\\\/wp-content\\\/uploads\\\/2025\\\/03\\\/civivox_san_juan_web.webp\",\"contentUrl\":\"https:\\\/\\\/www.laguiadepamplona.com\\\/actualidad\\\/wp-content\\\/uploads\\\/2025\\\/03\\\/civivox_san_juan_web.webp\",\"width\":1000,\"height\":603,\"caption\":\"civivox san juan\"},{\"@type\":\"BreadcrumbList\",\"@id\":\"https:\\\/\\\/www.laguiadepamplona.com\\\/actualidad\\\/el-antiguo-edificio-de-telefonica-en-la-avenida-de-bayona-se-transformara-en-un-edificio-residencial-reservando-las-dos-primeras-plantas-para-el-nuevo-civivox-de-san-juan\\\/#breadcrumb\",\"itemListElement\":[{\"@type\":\"ListItem\",\"position\":1,\"name\":\"Portada\",\"item\":\"https:\\\/\\\/www.laguiadepamplona.com\\\/actualidad\\\/\"},{\"@type\":\"ListItem\",\"position\":2,\"name\":\"El antiguo edificio de Telef\u00f3nica en la avenida de Bayona se transformar\u00e1 en un edificio residencial reservando las dos primeras plantas para el nuevo Civivox de San Juan\"}]},{\"@type\":\"WebSite\",\"@id\":\"https:\\\/\\\/www.laguiadepamplona.com\\\/actualidad\\\/#website\",\"url\":\"https:\\\/\\\/www.laguiadepamplona.com\\\/actualidad\\\/\",\"name\":\"La gu\u00eda de Pamplona\",\"description\":\"Noticias de Pamplona\",\"publisher\":{\"@id\":\"https:\\\/\\\/www.laguiadepamplona.com\\\/actualidad\\\/#organization\"},\"potentialAction\":[{\"@type\":\"SearchAction\",\"target\":{\"@type\":\"EntryPoint\",\"urlTemplate\":\"https:\\\/\\\/www.laguiadepamplona.com\\\/actualidad\\\/?s={search_term_string}\"},\"query-input\":{\"@type\":\"PropertyValueSpecification\",\"valueRequired\":true,\"valueName\":\"search_term_string\"}}],\"inLanguage\":\"es\"},{\"@type\":\"Organization\",\"@id\":\"https:\\\/\\\/www.laguiadepamplona.com\\\/actualidad\\\/#organization\",\"name\":\"La Gu\u00eda de Pamplona \\\/ Noticias\",\"url\":\"https:\\\/\\\/www.laguiadepamplona.com\\\/actualidad\\\/\",\"logo\":{\"@type\":\"ImageObject\",\"inLanguage\":\"es\",\"@id\":\"https:\\\/\\\/www.laguiadepamplona.com\\\/actualidad\\\/#\\\/schema\\\/logo\\\/image\\\/\",\"url\":\"https:\\\/\\\/www.laguiadepamplona.com\\\/actualidad\\\/wp-content\\\/uploads\\\/2018\\\/11\\\/logo-laguiadepamplona18-web1.png\",\"contentUrl\":\"https:\\\/\\\/www.laguiadepamplona.com\\\/actualidad\\\/wp-content\\\/uploads\\\/2018\\\/11\\\/logo-laguiadepamplona18-web1.png\",\"width\":600,\"height\":196,\"caption\":\"La Gu\u00eda de Pamplona \\\/ Noticias\"},\"image\":{\"@id\":\"https:\\\/\\\/www.laguiadepamplona.com\\\/actualidad\\\/#\\\/schema\\\/logo\\\/image\\\/\"},\"sameAs\":[\"https:\\\/\\\/www.facebook.com\\\/laguiadepamplonacom-133175176762273\\\/?ref=hl\",\"https:\\\/\\\/x.com\\\/LaGuiadPamplona\",\"https:\\\/\\\/www.instagram.com\\\/la_guia_de_pamplona\\\/\",\"https:\\\/\\\/www.youtube.com\\\/user\\\/laguiadepamplona\"]},{\"@type\":\"Person\",\"@id\":\"https:\\\/\\\/www.laguiadepamplona.com\\\/actualidad\\\/#\\\/schema\\\/person\\\/efe887376f0213d4657c93adc50b1fdb\",\"name\":\"La Gu\u00eda de Pamplona\",\"image\":{\"@type\":\"ImageObject\",\"inLanguage\":\"es\",\"@id\":\"https:\\\/\\\/secure.gravatar.com\\\/avatar\\\/b6992f131dc8d30ab0dff15446e9d346d9dbd95992de0fef795073f5ea83a81c?s=96&d=mm&r=g\",\"url\":\"https:\\\/\\\/secure.gravatar.com\\\/avatar\\\/b6992f131dc8d30ab0dff15446e9d346d9dbd95992de0fef795073f5ea83a81c?s=96&d=mm&r=g\",\"contentUrl\":\"https:\\\/\\\/secure.gravatar.com\\\/avatar\\\/b6992f131dc8d30ab0dff15446e9d346d9dbd95992de0fef795073f5ea83a81c?s=96&d=mm&r=g\",\"caption\":\"La Gu\u00eda de Pamplona\"}}]}<\/script>\n<!-- \/ Yoast SEO plugin. -->","yoast_head_json":{"title":"El antiguo edificio de Telef\u00f3nica en la avenida de Bayona se transformar\u00e1 en un edificio residencial reservando las dos primeras plantas para el nuevo Civivox de San Juan","description":"El Ayuntamiento y la empresa propietaria han suscrito un convenio para desarrollar el proyecto, que prev\u00e9 unas 50 viviendas, con un m\u00ednimo de una decena protegidas","robots":{"index":"index","follow":"follow","max-snippet":"max-snippet:-1","max-image-preview":"max-image-preview:large","max-video-preview":"max-video-preview:-1"},"canonical":"https:\/\/www.laguiadepamplona.com\/actualidad\/el-antiguo-edificio-de-telefonica-en-la-avenida-de-bayona-se-transformara-en-un-edificio-residencial-reservando-las-dos-primeras-plantas-para-el-nuevo-civivox-de-san-juan\/","og_locale":"es_ES","og_type":"article","og_title":"El antiguo edificio de Telef\u00f3nica en la avenida de Bayona se transformar\u00e1 en un edificio residencial reservando las dos primeras plantas para el nuevo Civivox de San Juan","og_description":"El Ayuntamiento y la empresa propietaria han suscrito un convenio para desarrollar el proyecto, que prev\u00e9 unas 50 viviendas, con un m\u00ednimo de una decena protegidas","og_url":"https:\/\/www.laguiadepamplona.com\/actualidad\/el-antiguo-edificio-de-telefonica-en-la-avenida-de-bayona-se-transformara-en-un-edificio-residencial-reservando-las-dos-primeras-plantas-para-el-nuevo-civivox-de-san-juan\/","og_site_name":"La Gu\u00eda de Pamplona","article_publisher":"https:\/\/www.facebook.com\/laguiadepamplonacom-133175176762273\/?ref=hl","article_published_time":"2025-03-10T12:24:48+00:00","og_image":[{"width":1000,"height":603,"url":"https:\/\/www.laguiadepamplona.com\/actualidad\/wp-content\/uploads\/2025\/03\/civivox_san_juan_web.webp","type":"image\/webp"}],"author":"La Gu\u00eda de Pamplona","twitter_card":"summary_large_image","twitter_creator":"@LaGuiadPamplona","twitter_site":"@LaGuiadPamplona","twitter_misc":{"Escrito por":"La Gu\u00eda de Pamplona","Tiempo de lectura":"4 minutos"},"schema":{"@context":"https:\/\/schema.org","@graph":[{"@type":"Article","@id":"https:\/\/www.laguiadepamplona.com\/actualidad\/el-antiguo-edificio-de-telefonica-en-la-avenida-de-bayona-se-transformara-en-un-edificio-residencial-reservando-las-dos-primeras-plantas-para-el-nuevo-civivox-de-san-juan\/#article","isPartOf":{"@id":"https:\/\/www.laguiadepamplona.com\/actualidad\/el-antiguo-edificio-de-telefonica-en-la-avenida-de-bayona-se-transformara-en-un-edificio-residencial-reservando-las-dos-primeras-plantas-para-el-nuevo-civivox-de-san-juan\/"},"author":{"name":"La Gu\u00eda de Pamplona","@id":"https:\/\/www.laguiadepamplona.com\/actualidad\/#\/schema\/person\/efe887376f0213d4657c93adc50b1fdb"},"headline":"El antiguo edificio de Telef\u00f3nica en la avenida de Bayona se transformar\u00e1 en un edificio residencial reservando las dos primeras plantas para el nuevo Civivox de San Juan","datePublished":"2025-03-10T12:24:48+00:00","mainEntityOfPage":{"@id":"https:\/\/www.laguiadepamplona.com\/actualidad\/el-antiguo-edificio-de-telefonica-en-la-avenida-de-bayona-se-transformara-en-un-edificio-residencial-reservando-las-dos-primeras-plantas-para-el-nuevo-civivox-de-san-juan\/"},"wordCount":816,"commentCount":0,"publisher":{"@id":"https:\/\/www.laguiadepamplona.com\/actualidad\/#organization"},"image":{"@id":"https:\/\/www.laguiadepamplona.com\/actualidad\/el-antiguo-edificio-de-telefonica-en-la-avenida-de-bayona-se-transformara-en-un-edificio-residencial-reservando-las-dos-primeras-plantas-para-el-nuevo-civivox-de-san-juan\/#primaryimage"},"thumbnailUrl":"https:\/\/www.laguiadepamplona.com\/actualidad\/wp-content\/uploads\/2025\/03\/civivox_san_juan_web.webp","articleSection":["Ayto Pamplona"],"inLanguage":"es","potentialAction":[{"@type":"CommentAction","name":"Comment","target":["https:\/\/www.laguiadepamplona.com\/actualidad\/el-antiguo-edificio-de-telefonica-en-la-avenida-de-bayona-se-transformara-en-un-edificio-residencial-reservando-las-dos-primeras-plantas-para-el-nuevo-civivox-de-san-juan\/#respond"]}]},{"@type":"WebPage","@id":"https:\/\/www.laguiadepamplona.com\/actualidad\/el-antiguo-edificio-de-telefonica-en-la-avenida-de-bayona-se-transformara-en-un-edificio-residencial-reservando-las-dos-primeras-plantas-para-el-nuevo-civivox-de-san-juan\/","url":"https:\/\/www.laguiadepamplona.com\/actualidad\/el-antiguo-edificio-de-telefonica-en-la-avenida-de-bayona-se-transformara-en-un-edificio-residencial-reservando-las-dos-primeras-plantas-para-el-nuevo-civivox-de-san-juan\/","name":"El antiguo edificio de Telef\u00f3nica en la avenida de Bayona se transformar\u00e1 en un edificio residencial reservando las dos primeras plantas para el nuevo Civivox de San Juan","isPartOf":{"@id":"https:\/\/www.laguiadepamplona.com\/actualidad\/#website"},"primaryImageOfPage":{"@id":"https:\/\/www.laguiadepamplona.com\/actualidad\/el-antiguo-edificio-de-telefonica-en-la-avenida-de-bayona-se-transformara-en-un-edificio-residencial-reservando-las-dos-primeras-plantas-para-el-nuevo-civivox-de-san-juan\/#primaryimage"},"image":{"@id":"https:\/\/www.laguiadepamplona.com\/actualidad\/el-antiguo-edificio-de-telefonica-en-la-avenida-de-bayona-se-transformara-en-un-edificio-residencial-reservando-las-dos-primeras-plantas-para-el-nuevo-civivox-de-san-juan\/#primaryimage"},"thumbnailUrl":"https:\/\/www.laguiadepamplona.com\/actualidad\/wp-content\/uploads\/2025\/03\/civivox_san_juan_web.webp","datePublished":"2025-03-10T12:24:48+00:00","description":"El Ayuntamiento y la empresa propietaria han suscrito un convenio para desarrollar el proyecto, que prev\u00e9 unas 50 viviendas, con un m\u00ednimo de una decena protegidas","breadcrumb":{"@id":"https:\/\/www.laguiadepamplona.com\/actualidad\/el-antiguo-edificio-de-telefonica-en-la-avenida-de-bayona-se-transformara-en-un-edificio-residencial-reservando-las-dos-primeras-plantas-para-el-nuevo-civivox-de-san-juan\/#breadcrumb"},"inLanguage":"es","potentialAction":[{"@type":"ReadAction","target":["https:\/\/www.laguiadepamplona.com\/actualidad\/el-antiguo-edificio-de-telefonica-en-la-avenida-de-bayona-se-transformara-en-un-edificio-residencial-reservando-las-dos-primeras-plantas-para-el-nuevo-civivox-de-san-juan\/"]}]},{"@type":"ImageObject","inLanguage":"es","@id":"https:\/\/www.laguiadepamplona.com\/actualidad\/el-antiguo-edificio-de-telefonica-en-la-avenida-de-bayona-se-transformara-en-un-edificio-residencial-reservando-las-dos-primeras-plantas-para-el-nuevo-civivox-de-san-juan\/#primaryimage","url":"https:\/\/www.laguiadepamplona.com\/actualidad\/wp-content\/uploads\/2025\/03\/civivox_san_juan_web.webp","contentUrl":"https:\/\/www.laguiadepamplona.com\/actualidad\/wp-content\/uploads\/2025\/03\/civivox_san_juan_web.webp","width":1000,"height":603,"caption":"civivox san juan"},{"@type":"BreadcrumbList","@id":"https:\/\/www.laguiadepamplona.com\/actualidad\/el-antiguo-edificio-de-telefonica-en-la-avenida-de-bayona-se-transformara-en-un-edificio-residencial-reservando-las-dos-primeras-plantas-para-el-nuevo-civivox-de-san-juan\/#breadcrumb","itemListElement":[{"@type":"ListItem","position":1,"name":"Portada","item":"https:\/\/www.laguiadepamplona.com\/actualidad\/"},{"@type":"ListItem","position":2,"name":"El antiguo edificio de Telef\u00f3nica en la avenida de Bayona se transformar\u00e1 en un edificio residencial reservando las dos primeras plantas para el nuevo Civivox de San Juan"}]},{"@type":"WebSite","@id":"https:\/\/www.laguiadepamplona.com\/actualidad\/#website","url":"https:\/\/www.laguiadepamplona.com\/actualidad\/","name":"La gu\u00eda de Pamplona","description":"Noticias de Pamplona","publisher":{"@id":"https:\/\/www.laguiadepamplona.com\/actualidad\/#organization"},"potentialAction":[{"@type":"SearchAction","target":{"@type":"EntryPoint","urlTemplate":"https:\/\/www.laguiadepamplona.com\/actualidad\/?s={search_term_string}"},"query-input":{"@type":"PropertyValueSpecification","valueRequired":true,"valueName":"search_term_string"}}],"inLanguage":"es"},{"@type":"Organization","@id":"https:\/\/www.laguiadepamplona.com\/actualidad\/#organization","name":"La Gu\u00eda de Pamplona \/ Noticias","url":"https:\/\/www.laguiadepamplona.com\/actualidad\/","logo":{"@type":"ImageObject","inLanguage":"es","@id":"https:\/\/www.laguiadepamplona.com\/actualidad\/#\/schema\/logo\/image\/","url":"https:\/\/www.laguiadepamplona.com\/actualidad\/wp-content\/uploads\/2018\/11\/logo-laguiadepamplona18-web1.png","contentUrl":"https:\/\/www.laguiadepamplona.com\/actualidad\/wp-content\/uploads\/2018\/11\/logo-laguiadepamplona18-web1.png","width":600,"height":196,"caption":"La Gu\u00eda de Pamplona \/ Noticias"},"image":{"@id":"https:\/\/www.laguiadepamplona.com\/actualidad\/#\/schema\/logo\/image\/"},"sameAs":["https:\/\/www.facebook.com\/laguiadepamplonacom-133175176762273\/?ref=hl","https:\/\/x.com\/LaGuiadPamplona","https:\/\/www.instagram.com\/la_guia_de_pamplona\/","https:\/\/www.youtube.com\/user\/laguiadepamplona"]},{"@type":"Person","@id":"https:\/\/www.laguiadepamplona.com\/actualidad\/#\/schema\/person\/efe887376f0213d4657c93adc50b1fdb","name":"La Gu\u00eda de Pamplona","image":{"@type":"ImageObject","inLanguage":"es","@id":"https:\/\/secure.gravatar.com\/avatar\/b6992f131dc8d30ab0dff15446e9d346d9dbd95992de0fef795073f5ea83a81c?s=96&d=mm&r=g","url":"https:\/\/secure.gravatar.com\/avatar\/b6992f131dc8d30ab0dff15446e9d346d9dbd95992de0fef795073f5ea83a81c?s=96&d=mm&r=g","contentUrl":"https:\/\/secure.gravatar.com\/avatar\/b6992f131dc8d30ab0dff15446e9d346d9dbd95992de0fef795073f5ea83a81c?s=96&d=mm&r=g","caption":"La Gu\u00eda de Pamplona"}}]}},"post_mailing_queue_ids":[],"_links":{"self":[{"href":"https:\/\/www.laguiadepamplona.com\/actualidad\/wp-json\/wp\/v2\/posts\/52345","targetHints":{"allow":["GET"]}}],"collection":[{"href":"https:\/\/www.laguiadepamplona.com\/actualidad\/wp-json\/wp\/v2\/posts"}],"about":[{"href":"https:\/\/www.laguiadepamplona.com\/actualidad\/wp-json\/wp\/v2\/types\/post"}],"author":[{"embeddable":true,"href":"https:\/\/www.laguiadepamplona.com\/actualidad\/wp-json\/wp\/v2\/users\/1"}],"replies":[{"embeddable":true,"href":"https:\/\/www.laguiadepamplona.com\/actualidad\/wp-json\/wp\/v2\/comments?post=52345"}],"version-history":[{"count":1,"href":"https:\/\/www.laguiadepamplona.com\/actualidad\/wp-json\/wp\/v2\/posts\/52345\/revisions"}],"predecessor-version":[{"id":52347,"href":"https:\/\/www.laguiadepamplona.com\/actualidad\/wp-json\/wp\/v2\/posts\/52345\/revisions\/52347"}],"wp:featuredmedia":[{"embeddable":true,"href":"https:\/\/www.laguiadepamplona.com\/actualidad\/wp-json\/wp\/v2\/media\/52346"}],"wp:attachment":[{"href":"https:\/\/www.laguiadepamplona.com\/actualidad\/wp-json\/wp\/v2\/media?parent=52345"}],"wp:term":[{"taxonomy":"category","embeddable":true,"href":"https:\/\/www.laguiadepamplona.com\/actualidad\/wp-json\/wp\/v2\/categories?post=52345"},{"taxonomy":"post_tag","embeddable":true,"href":"https:\/\/www.laguiadepamplona.com\/actualidad\/wp-json\/wp\/v2\/tags?post=52345"}],"curies":[{"name":"wp","href":"https:\/\/api.w.org\/{rel}","templated":true}]}}