{"id":52336,"date":"2025-03-07T19:17:13","date_gmt":"2025-03-07T17:17:13","guid":{"rendered":"https:\/\/www.laguiadepamplona.com\/actualidad\/?p=52336"},"modified":"2025-03-07T19:17:13","modified_gmt":"2025-03-07T17:17:13","slug":"el-mercado-del-ensanche-abre-una-nueva-aula-multiusos-para-celebrar-eventos-y-actividades-para-poner-en-valor-el-producto-local","status":"publish","type":"post","link":"https:\/\/www.laguiadepamplona.com\/actualidad\/el-mercado-del-ensanche-abre-una-nueva-aula-multiusos-para-celebrar-eventos-y-actividades-para-poner-en-valor-el-producto-local\/","title":{"rendered":"El Mercado del Ensanche abre una nueva aula multiusos para celebrar eventos y actividades para poner en valor el producto local"},"content":{"rendered":"<h2>El espacio quiere dinamizar el barrio y tejer relaciones con el entorno a trav\u00e9s de la realizaci\u00f3n de eventos y actividades gastron\u00f3micas<\/h2>\n<p><!--more--><\/p>\n<p>El Mercado del Ensanche ha abierto hoy un nuevo espacio para poner en valor el producto local. Se trata del aula multiusos, un \u00e1rea de 70 metros cuadrados totalmente equipado para celebrar eventos y actividades gastron\u00f3micas que promocionen el producto de mercado, el producto local. Cuenta con mobiliario de cocina y de reuniones, as\u00ed como equipamiento audiovisual que concierten el aula en un plat\u00f3 de televisi\u00f3n con c\u00e1maras de grabaci\u00f3n profesionales para su emisi\u00f3n en streaming a trav\u00e9s de los canales digitales del mercado municipal.<\/p>\n<p>El concejal delegado de Promoci\u00f3n Econ\u00f3mica y presidente de la sociedad p\u00fablica municipal Comiru\u00f1a, Mikel Armend\u00e1riz, ha inaugurado este mediod\u00eda el aula multiusos, junto a representantes municipales, entidades y asociaciones de comerciantes, agentes del sector agrario y gastron\u00f3mico, y comerciantes que ejercen diariamente su actividad en los tres mercados municipales de Pamplona. Entre otros, han participado en el evento el gerente de Comiru\u00f1a, Jos\u00e9 Mar\u00eda Elgorriaga; el coordinador del Mercado del Ensanche, Diego Cantero; y la presidenta de la Asociaci\u00f3n de comerciantes del Mercado del Ensanche, Mari Mar Beroiz.<\/p>\n<p>La nueva aula multiusos se enmarca dentro de los proyectos del Ayuntamiento de Pamplona de apoyo a mercados y zonas urbanas comerciales para el fortalecimiento de la actividad comercial, y cuenta con financiaci\u00f3n de Fondos Next Generation UE. La inversi\u00f3n realizada asciende a 65.703 euros.<\/p>\n<p><strong>Un espacio para la gastronom\u00eda<\/strong><\/p>\n<p>La nueva aula multiusos se encuentra en el interior del Mercado del Ensanche, en el acceso m\u00e1s pr\u00f3ximo a la entrada de la calle Amaya con Tafalla. En sus 70 metros cuadrados, cuenta con mostrador, mesas y sillas para reuniones; mobiliario de cocina que incluye frigor\u00edfico, lavavajillas, placa de inducci\u00f3n, plancha profesional, fregadero, horno de convecci\u00f3n, encimera porcel\u00e1mica, muebles bajos de almacenaje y menaje industrial. El equipamiento audiovisual incluye pantalla led de 65 pulgadas, pantalla de visionado de 65 pulgadas, microfon\u00eda inal\u00e1mbrica, c\u00e1maras de grabaci\u00f3n cenital y frontal y sistema de audio y v\u00eddeo.<\/p>\n<p>Se trata de un espacio dise\u00f1ado para organizar multitud de eventos, desde reuniones, charlas y presentaciones hasta actividades gastron\u00f3micas, ya que en la propia aula se ha montado un espacio de cocina que servir\u00e1 para hacer formaci\u00f3n y eventos gastron\u00f3micos en general, como aperitivos, c\u00f3cteles, catas y degustaciones. Inicialmente no se podr\u00e1 elaborar ni cocinar producto, hasta que se apruebe la licencia correspondiente.<\/p>\n<p><strong>Uso y reserva del espacio<\/strong><\/p>\n<p>Los comerciantes del Mercado del Ensanche podr\u00e1n disponer de este espacio en horarios de almuerzo y comida y utilizarlo para actividades de promoci\u00f3n de sus productos y servicios. Pero no ser\u00e1n los \u00fanicos usuarios, ya que el espacio est\u00e1 abierto al conjunto de la ciudadan\u00eda, siempre con el objetivo de la promoci\u00f3n local y gastron\u00f3mica.<\/p>\n<p>La sociedad municipal Comiru\u00f1a ha establecido los criterios de autorizaci\u00f3n de uso del aula multiusos as\u00ed como sus horarios. El aula inicialmente podr\u00e1 utilizarse de lunes a jueves y s\u00e1bados de 7 a 15 horas, y los viernes de 7 a 20 horas. Los domingos y festivos permanecer\u00e1 cerrada. Las personas y entidades interesadas en su uso, deber\u00e1n solicitarla con una antelaci\u00f3n m\u00ednima de 15 d\u00edas y m\u00e1xima de 6 meses en Comiru\u00f1a, mediante correo electr\u00f3nico (<a href=\"mailto:comiruna@comiruna.com\">comiruna@comiruna.com<\/a>) o en su oficina f\u00edsica en el propio Mercado del Ensanche. En la solicitud se deber\u00e1 expresar los datos del solicitante, el motivo de la solicitud y la programaci\u00f3n prevista. El orden de reserva para el uso del aula ser\u00e1 por estricto orden de llegada de las solicitudes.<\/p>\n<p>El aforo m\u00e1ximo del aula es de 50 personas. Las tarifas por el uso del aula ser\u00e1n establecidas por el consejo de administraci\u00f3n de la sociedad p\u00fablica municipal.<\/p>\n","protected":false},"excerpt":{"rendered":"<p>El espacio quiere dinamizar el barrio y tejer relaciones con el entorno a trav\u00e9s de la realizaci\u00f3n de eventos y actividades gastron\u00f3micas<\/p>\n","protected":false},"author":1,"featured_media":52337,"comment_status":"open","ping_status":"closed","sticky":false,"template":"","format":"standard","meta":{"footnotes":""},"categories":[2],"tags":[],"class_list":["post-52336","post","type-post","status-publish","format-standard","has-post-thumbnail","hentry","category-ayuntamiento-pamplona"],"yoast_head":"<!-- This site is optimized with the Yoast SEO plugin v27.3 - https:\/\/yoast.com\/product\/yoast-seo-wordpress\/ -->\n<title>El Mercado del Ensanche abre una nueva aula multiusos para celebrar eventos y actividades para poner en valor el producto local<\/title>\n<meta name=\"description\" content=\"El espacio quiere dinamizar el barrio y tejer relaciones con el entorno a trav\u00e9s de la realizaci\u00f3n de eventos y actividades gastron\u00f3micas\" \/>\n<meta name=\"robots\" content=\"index, follow, max-snippet:-1, max-image-preview:large, max-video-preview:-1\" \/>\n<link rel=\"canonical\" href=\"https:\/\/www.laguiadepamplona.com\/actualidad\/el-mercado-del-ensanche-abre-una-nueva-aula-multiusos-para-celebrar-eventos-y-actividades-para-poner-en-valor-el-producto-local\/\" \/>\n<meta property=\"og:locale\" content=\"es_ES\" \/>\n<meta property=\"og:type\" content=\"article\" \/>\n<meta property=\"og:title\" content=\"El Mercado del Ensanche abre una nueva aula multiusos para celebrar eventos y actividades para poner en valor el producto local\" \/>\n<meta property=\"og:description\" content=\"El espacio quiere dinamizar el barrio y tejer relaciones con el entorno a trav\u00e9s de la realizaci\u00f3n de eventos y actividades gastron\u00f3micas\" \/>\n<meta property=\"og:url\" content=\"https:\/\/www.laguiadepamplona.com\/actualidad\/el-mercado-del-ensanche-abre-una-nueva-aula-multiusos-para-celebrar-eventos-y-actividades-para-poner-en-valor-el-producto-local\/\" \/>\n<meta property=\"og:site_name\" content=\"La Gu\u00eda de Pamplona\" \/>\n<meta property=\"article:publisher\" content=\"https:\/\/www.facebook.com\/laguiadepamplonacom-133175176762273\/?ref=hl\" \/>\n<meta property=\"article:published_time\" content=\"2025-03-07T17:17:13+00:00\" \/>\n<meta property=\"og:image\" content=\"https:\/\/www.laguiadepamplona.com\/actualidad\/wp-content\/uploads\/2025\/03\/inauguracionaulamultiusosmercadodsc9073_0.webp\" \/>\n\t<meta property=\"og:image:width\" content=\"1000\" \/>\n\t<meta property=\"og:image:height\" content=\"666\" \/>\n\t<meta property=\"og:image:type\" content=\"image\/webp\" \/>\n<meta name=\"author\" content=\"La Gu\u00eda de Pamplona\" \/>\n<meta name=\"twitter:card\" content=\"summary_large_image\" \/>\n<meta name=\"twitter:creator\" content=\"@LaGuiadPamplona\" \/>\n<meta name=\"twitter:site\" content=\"@LaGuiadPamplona\" \/>\n<meta name=\"twitter:label1\" content=\"Escrito por\" \/>\n\t<meta name=\"twitter:data1\" content=\"La Gu\u00eda de Pamplona\" \/>\n\t<meta name=\"twitter:label2\" content=\"Tiempo de lectura\" \/>\n\t<meta name=\"twitter:data2\" content=\"4 minutos\" \/>\n<script type=\"application\/ld+json\" class=\"yoast-schema-graph\">{\"@context\":\"https:\\\/\\\/schema.org\",\"@graph\":[{\"@type\":\"Article\",\"@id\":\"https:\\\/\\\/www.laguiadepamplona.com\\\/actualidad\\\/el-mercado-del-ensanche-abre-una-nueva-aula-multiusos-para-celebrar-eventos-y-actividades-para-poner-en-valor-el-producto-local\\\/#article\",\"isPartOf\":{\"@id\":\"https:\\\/\\\/www.laguiadepamplona.com\\\/actualidad\\\/el-mercado-del-ensanche-abre-una-nueva-aula-multiusos-para-celebrar-eventos-y-actividades-para-poner-en-valor-el-producto-local\\\/\"},\"author\":{\"name\":\"La Gu\u00eda de Pamplona\",\"@id\":\"https:\\\/\\\/www.laguiadepamplona.com\\\/actualidad\\\/#\\\/schema\\\/person\\\/efe887376f0213d4657c93adc50b1fdb\"},\"headline\":\"El Mercado del Ensanche abre una nueva aula multiusos para celebrar eventos y actividades para poner en valor el producto local\",\"datePublished\":\"2025-03-07T17:17:13+00:00\",\"mainEntityOfPage\":{\"@id\":\"https:\\\/\\\/www.laguiadepamplona.com\\\/actualidad\\\/el-mercado-del-ensanche-abre-una-nueva-aula-multiusos-para-celebrar-eventos-y-actividades-para-poner-en-valor-el-producto-local\\\/\"},\"wordCount\":687,\"commentCount\":0,\"publisher\":{\"@id\":\"https:\\\/\\\/www.laguiadepamplona.com\\\/actualidad\\\/#organization\"},\"image\":{\"@id\":\"https:\\\/\\\/www.laguiadepamplona.com\\\/actualidad\\\/el-mercado-del-ensanche-abre-una-nueva-aula-multiusos-para-celebrar-eventos-y-actividades-para-poner-en-valor-el-producto-local\\\/#primaryimage\"},\"thumbnailUrl\":\"https:\\\/\\\/www.laguiadepamplona.com\\\/actualidad\\\/wp-content\\\/uploads\\\/2025\\\/03\\\/inauguracionaulamultiusosmercadodsc9073_0.webp\",\"articleSection\":[\"Ayto Pamplona\"],\"inLanguage\":\"es\",\"potentialAction\":[{\"@type\":\"CommentAction\",\"name\":\"Comment\",\"target\":[\"https:\\\/\\\/www.laguiadepamplona.com\\\/actualidad\\\/el-mercado-del-ensanche-abre-una-nueva-aula-multiusos-para-celebrar-eventos-y-actividades-para-poner-en-valor-el-producto-local\\\/#respond\"]}]},{\"@type\":\"WebPage\",\"@id\":\"https:\\\/\\\/www.laguiadepamplona.com\\\/actualidad\\\/el-mercado-del-ensanche-abre-una-nueva-aula-multiusos-para-celebrar-eventos-y-actividades-para-poner-en-valor-el-producto-local\\\/\",\"url\":\"https:\\\/\\\/www.laguiadepamplona.com\\\/actualidad\\\/el-mercado-del-ensanche-abre-una-nueva-aula-multiusos-para-celebrar-eventos-y-actividades-para-poner-en-valor-el-producto-local\\\/\",\"name\":\"El Mercado del Ensanche abre una nueva aula multiusos para celebrar eventos y actividades para poner en valor el producto local\",\"isPartOf\":{\"@id\":\"https:\\\/\\\/www.laguiadepamplona.com\\\/actualidad\\\/#website\"},\"primaryImageOfPage\":{\"@id\":\"https:\\\/\\\/www.laguiadepamplona.com\\\/actualidad\\\/el-mercado-del-ensanche-abre-una-nueva-aula-multiusos-para-celebrar-eventos-y-actividades-para-poner-en-valor-el-producto-local\\\/#primaryimage\"},\"image\":{\"@id\":\"https:\\\/\\\/www.laguiadepamplona.com\\\/actualidad\\\/el-mercado-del-ensanche-abre-una-nueva-aula-multiusos-para-celebrar-eventos-y-actividades-para-poner-en-valor-el-producto-local\\\/#primaryimage\"},\"thumbnailUrl\":\"https:\\\/\\\/www.laguiadepamplona.com\\\/actualidad\\\/wp-content\\\/uploads\\\/2025\\\/03\\\/inauguracionaulamultiusosmercadodsc9073_0.webp\",\"datePublished\":\"2025-03-07T17:17:13+00:00\",\"description\":\"El espacio quiere dinamizar el barrio y tejer relaciones con el entorno a trav\u00e9s de la realizaci\u00f3n de eventos y actividades gastron\u00f3micas\",\"breadcrumb\":{\"@id\":\"https:\\\/\\\/www.laguiadepamplona.com\\\/actualidad\\\/el-mercado-del-ensanche-abre-una-nueva-aula-multiusos-para-celebrar-eventos-y-actividades-para-poner-en-valor-el-producto-local\\\/#breadcrumb\"},\"inLanguage\":\"es\",\"potentialAction\":[{\"@type\":\"ReadAction\",\"target\":[\"https:\\\/\\\/www.laguiadepamplona.com\\\/actualidad\\\/el-mercado-del-ensanche-abre-una-nueva-aula-multiusos-para-celebrar-eventos-y-actividades-para-poner-en-valor-el-producto-local\\\/\"]}]},{\"@type\":\"ImageObject\",\"inLanguage\":\"es\",\"@id\":\"https:\\\/\\\/www.laguiadepamplona.com\\\/actualidad\\\/el-mercado-del-ensanche-abre-una-nueva-aula-multiusos-para-celebrar-eventos-y-actividades-para-poner-en-valor-el-producto-local\\\/#primaryimage\",\"url\":\"https:\\\/\\\/www.laguiadepamplona.com\\\/actualidad\\\/wp-content\\\/uploads\\\/2025\\\/03\\\/inauguracionaulamultiusosmercadodsc9073_0.webp\",\"contentUrl\":\"https:\\\/\\\/www.laguiadepamplona.com\\\/actualidad\\\/wp-content\\\/uploads\\\/2025\\\/03\\\/inauguracionaulamultiusosmercadodsc9073_0.webp\",\"width\":1000,\"height\":666,\"caption\":\"inauguraci\u00f3n aula multiusos mercado\"},{\"@type\":\"BreadcrumbList\",\"@id\":\"https:\\\/\\\/www.laguiadepamplona.com\\\/actualidad\\\/el-mercado-del-ensanche-abre-una-nueva-aula-multiusos-para-celebrar-eventos-y-actividades-para-poner-en-valor-el-producto-local\\\/#breadcrumb\",\"itemListElement\":[{\"@type\":\"ListItem\",\"position\":1,\"name\":\"Portada\",\"item\":\"https:\\\/\\\/www.laguiadepamplona.com\\\/actualidad\\\/\"},{\"@type\":\"ListItem\",\"position\":2,\"name\":\"El Mercado del Ensanche abre una nueva aula multiusos para celebrar eventos y actividades para poner en valor el producto local\"}]},{\"@type\":\"WebSite\",\"@id\":\"https:\\\/\\\/www.laguiadepamplona.com\\\/actualidad\\\/#website\",\"url\":\"https:\\\/\\\/www.laguiadepamplona.com\\\/actualidad\\\/\",\"name\":\"La gu\u00eda de Pamplona\",\"description\":\"Noticias de Pamplona\",\"publisher\":{\"@id\":\"https:\\\/\\\/www.laguiadepamplona.com\\\/actualidad\\\/#organization\"},\"potentialAction\":[{\"@type\":\"SearchAction\",\"target\":{\"@type\":\"EntryPoint\",\"urlTemplate\":\"https:\\\/\\\/www.laguiadepamplona.com\\\/actualidad\\\/?s={search_term_string}\"},\"query-input\":{\"@type\":\"PropertyValueSpecification\",\"valueRequired\":true,\"valueName\":\"search_term_string\"}}],\"inLanguage\":\"es\"},{\"@type\":\"Organization\",\"@id\":\"https:\\\/\\\/www.laguiadepamplona.com\\\/actualidad\\\/#organization\",\"name\":\"La Gu\u00eda de Pamplona \\\/ Noticias\",\"url\":\"https:\\\/\\\/www.laguiadepamplona.com\\\/actualidad\\\/\",\"logo\":{\"@type\":\"ImageObject\",\"inLanguage\":\"es\",\"@id\":\"https:\\\/\\\/www.laguiadepamplona.com\\\/actualidad\\\/#\\\/schema\\\/logo\\\/image\\\/\",\"url\":\"https:\\\/\\\/www.laguiadepamplona.com\\\/actualidad\\\/wp-content\\\/uploads\\\/2018\\\/11\\\/logo-laguiadepamplona18-web1.png\",\"contentUrl\":\"https:\\\/\\\/www.laguiadepamplona.com\\\/actualidad\\\/wp-content\\\/uploads\\\/2018\\\/11\\\/logo-laguiadepamplona18-web1.png\",\"width\":600,\"height\":196,\"caption\":\"La Gu\u00eda de Pamplona \\\/ Noticias\"},\"image\":{\"@id\":\"https:\\\/\\\/www.laguiadepamplona.com\\\/actualidad\\\/#\\\/schema\\\/logo\\\/image\\\/\"},\"sameAs\":[\"https:\\\/\\\/www.facebook.com\\\/laguiadepamplonacom-133175176762273\\\/?ref=hl\",\"https:\\\/\\\/x.com\\\/LaGuiadPamplona\",\"https:\\\/\\\/www.instagram.com\\\/la_guia_de_pamplona\\\/\",\"https:\\\/\\\/www.youtube.com\\\/user\\\/laguiadepamplona\"]},{\"@type\":\"Person\",\"@id\":\"https:\\\/\\\/www.laguiadepamplona.com\\\/actualidad\\\/#\\\/schema\\\/person\\\/efe887376f0213d4657c93adc50b1fdb\",\"name\":\"La Gu\u00eda de Pamplona\",\"image\":{\"@type\":\"ImageObject\",\"inLanguage\":\"es\",\"@id\":\"https:\\\/\\\/secure.gravatar.com\\\/avatar\\\/b6992f131dc8d30ab0dff15446e9d346d9dbd95992de0fef795073f5ea83a81c?s=96&d=mm&r=g\",\"url\":\"https:\\\/\\\/secure.gravatar.com\\\/avatar\\\/b6992f131dc8d30ab0dff15446e9d346d9dbd95992de0fef795073f5ea83a81c?s=96&d=mm&r=g\",\"contentUrl\":\"https:\\\/\\\/secure.gravatar.com\\\/avatar\\\/b6992f131dc8d30ab0dff15446e9d346d9dbd95992de0fef795073f5ea83a81c?s=96&d=mm&r=g\",\"caption\":\"La Gu\u00eda de Pamplona\"}}]}<\/script>\n<!-- \/ Yoast SEO plugin. -->","yoast_head_json":{"title":"El Mercado del Ensanche abre una nueva aula multiusos para celebrar eventos y actividades para poner en valor el producto local","description":"El espacio quiere dinamizar el barrio y tejer relaciones con el entorno a trav\u00e9s de la realizaci\u00f3n de eventos y actividades gastron\u00f3micas","robots":{"index":"index","follow":"follow","max-snippet":"max-snippet:-1","max-image-preview":"max-image-preview:large","max-video-preview":"max-video-preview:-1"},"canonical":"https:\/\/www.laguiadepamplona.com\/actualidad\/el-mercado-del-ensanche-abre-una-nueva-aula-multiusos-para-celebrar-eventos-y-actividades-para-poner-en-valor-el-producto-local\/","og_locale":"es_ES","og_type":"article","og_title":"El Mercado del Ensanche abre una nueva aula multiusos para celebrar eventos y actividades para poner en valor el producto local","og_description":"El espacio quiere dinamizar el barrio y tejer relaciones con el entorno a trav\u00e9s de la realizaci\u00f3n de eventos y actividades gastron\u00f3micas","og_url":"https:\/\/www.laguiadepamplona.com\/actualidad\/el-mercado-del-ensanche-abre-una-nueva-aula-multiusos-para-celebrar-eventos-y-actividades-para-poner-en-valor-el-producto-local\/","og_site_name":"La Gu\u00eda de Pamplona","article_publisher":"https:\/\/www.facebook.com\/laguiadepamplonacom-133175176762273\/?ref=hl","article_published_time":"2025-03-07T17:17:13+00:00","og_image":[{"width":1000,"height":666,"url":"https:\/\/www.laguiadepamplona.com\/actualidad\/wp-content\/uploads\/2025\/03\/inauguracionaulamultiusosmercadodsc9073_0.webp","type":"image\/webp"}],"author":"La Gu\u00eda de Pamplona","twitter_card":"summary_large_image","twitter_creator":"@LaGuiadPamplona","twitter_site":"@LaGuiadPamplona","twitter_misc":{"Escrito por":"La Gu\u00eda de Pamplona","Tiempo de lectura":"4 minutos"},"schema":{"@context":"https:\/\/schema.org","@graph":[{"@type":"Article","@id":"https:\/\/www.laguiadepamplona.com\/actualidad\/el-mercado-del-ensanche-abre-una-nueva-aula-multiusos-para-celebrar-eventos-y-actividades-para-poner-en-valor-el-producto-local\/#article","isPartOf":{"@id":"https:\/\/www.laguiadepamplona.com\/actualidad\/el-mercado-del-ensanche-abre-una-nueva-aula-multiusos-para-celebrar-eventos-y-actividades-para-poner-en-valor-el-producto-local\/"},"author":{"name":"La Gu\u00eda de Pamplona","@id":"https:\/\/www.laguiadepamplona.com\/actualidad\/#\/schema\/person\/efe887376f0213d4657c93adc50b1fdb"},"headline":"El Mercado del Ensanche abre una nueva aula multiusos para celebrar eventos y actividades para poner en valor el producto local","datePublished":"2025-03-07T17:17:13+00:00","mainEntityOfPage":{"@id":"https:\/\/www.laguiadepamplona.com\/actualidad\/el-mercado-del-ensanche-abre-una-nueva-aula-multiusos-para-celebrar-eventos-y-actividades-para-poner-en-valor-el-producto-local\/"},"wordCount":687,"commentCount":0,"publisher":{"@id":"https:\/\/www.laguiadepamplona.com\/actualidad\/#organization"},"image":{"@id":"https:\/\/www.laguiadepamplona.com\/actualidad\/el-mercado-del-ensanche-abre-una-nueva-aula-multiusos-para-celebrar-eventos-y-actividades-para-poner-en-valor-el-producto-local\/#primaryimage"},"thumbnailUrl":"https:\/\/www.laguiadepamplona.com\/actualidad\/wp-content\/uploads\/2025\/03\/inauguracionaulamultiusosmercadodsc9073_0.webp","articleSection":["Ayto Pamplona"],"inLanguage":"es","potentialAction":[{"@type":"CommentAction","name":"Comment","target":["https:\/\/www.laguiadepamplona.com\/actualidad\/el-mercado-del-ensanche-abre-una-nueva-aula-multiusos-para-celebrar-eventos-y-actividades-para-poner-en-valor-el-producto-local\/#respond"]}]},{"@type":"WebPage","@id":"https:\/\/www.laguiadepamplona.com\/actualidad\/el-mercado-del-ensanche-abre-una-nueva-aula-multiusos-para-celebrar-eventos-y-actividades-para-poner-en-valor-el-producto-local\/","url":"https:\/\/www.laguiadepamplona.com\/actualidad\/el-mercado-del-ensanche-abre-una-nueva-aula-multiusos-para-celebrar-eventos-y-actividades-para-poner-en-valor-el-producto-local\/","name":"El Mercado del Ensanche abre una nueva aula multiusos para celebrar eventos y actividades para poner en valor el producto local","isPartOf":{"@id":"https:\/\/www.laguiadepamplona.com\/actualidad\/#website"},"primaryImageOfPage":{"@id":"https:\/\/www.laguiadepamplona.com\/actualidad\/el-mercado-del-ensanche-abre-una-nueva-aula-multiusos-para-celebrar-eventos-y-actividades-para-poner-en-valor-el-producto-local\/#primaryimage"},"image":{"@id":"https:\/\/www.laguiadepamplona.com\/actualidad\/el-mercado-del-ensanche-abre-una-nueva-aula-multiusos-para-celebrar-eventos-y-actividades-para-poner-en-valor-el-producto-local\/#primaryimage"},"thumbnailUrl":"https:\/\/www.laguiadepamplona.com\/actualidad\/wp-content\/uploads\/2025\/03\/inauguracionaulamultiusosmercadodsc9073_0.webp","datePublished":"2025-03-07T17:17:13+00:00","description":"El espacio quiere dinamizar el barrio y tejer relaciones con el entorno a trav\u00e9s de la realizaci\u00f3n de eventos y actividades gastron\u00f3micas","breadcrumb":{"@id":"https:\/\/www.laguiadepamplona.com\/actualidad\/el-mercado-del-ensanche-abre-una-nueva-aula-multiusos-para-celebrar-eventos-y-actividades-para-poner-en-valor-el-producto-local\/#breadcrumb"},"inLanguage":"es","potentialAction":[{"@type":"ReadAction","target":["https:\/\/www.laguiadepamplona.com\/actualidad\/el-mercado-del-ensanche-abre-una-nueva-aula-multiusos-para-celebrar-eventos-y-actividades-para-poner-en-valor-el-producto-local\/"]}]},{"@type":"ImageObject","inLanguage":"es","@id":"https:\/\/www.laguiadepamplona.com\/actualidad\/el-mercado-del-ensanche-abre-una-nueva-aula-multiusos-para-celebrar-eventos-y-actividades-para-poner-en-valor-el-producto-local\/#primaryimage","url":"https:\/\/www.laguiadepamplona.com\/actualidad\/wp-content\/uploads\/2025\/03\/inauguracionaulamultiusosmercadodsc9073_0.webp","contentUrl":"https:\/\/www.laguiadepamplona.com\/actualidad\/wp-content\/uploads\/2025\/03\/inauguracionaulamultiusosmercadodsc9073_0.webp","width":1000,"height":666,"caption":"inauguraci\u00f3n aula multiusos mercado"},{"@type":"BreadcrumbList","@id":"https:\/\/www.laguiadepamplona.com\/actualidad\/el-mercado-del-ensanche-abre-una-nueva-aula-multiusos-para-celebrar-eventos-y-actividades-para-poner-en-valor-el-producto-local\/#breadcrumb","itemListElement":[{"@type":"ListItem","position":1,"name":"Portada","item":"https:\/\/www.laguiadepamplona.com\/actualidad\/"},{"@type":"ListItem","position":2,"name":"El Mercado del Ensanche abre una nueva aula multiusos para celebrar eventos y actividades para poner en valor el producto local"}]},{"@type":"WebSite","@id":"https:\/\/www.laguiadepamplona.com\/actualidad\/#website","url":"https:\/\/www.laguiadepamplona.com\/actualidad\/","name":"La gu\u00eda de Pamplona","description":"Noticias de Pamplona","publisher":{"@id":"https:\/\/www.laguiadepamplona.com\/actualidad\/#organization"},"potentialAction":[{"@type":"SearchAction","target":{"@type":"EntryPoint","urlTemplate":"https:\/\/www.laguiadepamplona.com\/actualidad\/?s={search_term_string}"},"query-input":{"@type":"PropertyValueSpecification","valueRequired":true,"valueName":"search_term_string"}}],"inLanguage":"es"},{"@type":"Organization","@id":"https:\/\/www.laguiadepamplona.com\/actualidad\/#organization","name":"La Gu\u00eda de Pamplona \/ Noticias","url":"https:\/\/www.laguiadepamplona.com\/actualidad\/","logo":{"@type":"ImageObject","inLanguage":"es","@id":"https:\/\/www.laguiadepamplona.com\/actualidad\/#\/schema\/logo\/image\/","url":"https:\/\/www.laguiadepamplona.com\/actualidad\/wp-content\/uploads\/2018\/11\/logo-laguiadepamplona18-web1.png","contentUrl":"https:\/\/www.laguiadepamplona.com\/actualidad\/wp-content\/uploads\/2018\/11\/logo-laguiadepamplona18-web1.png","width":600,"height":196,"caption":"La Gu\u00eda de Pamplona \/ Noticias"},"image":{"@id":"https:\/\/www.laguiadepamplona.com\/actualidad\/#\/schema\/logo\/image\/"},"sameAs":["https:\/\/www.facebook.com\/laguiadepamplonacom-133175176762273\/?ref=hl","https:\/\/x.com\/LaGuiadPamplona","https:\/\/www.instagram.com\/la_guia_de_pamplona\/","https:\/\/www.youtube.com\/user\/laguiadepamplona"]},{"@type":"Person","@id":"https:\/\/www.laguiadepamplona.com\/actualidad\/#\/schema\/person\/efe887376f0213d4657c93adc50b1fdb","name":"La Gu\u00eda de Pamplona","image":{"@type":"ImageObject","inLanguage":"es","@id":"https:\/\/secure.gravatar.com\/avatar\/b6992f131dc8d30ab0dff15446e9d346d9dbd95992de0fef795073f5ea83a81c?s=96&d=mm&r=g","url":"https:\/\/secure.gravatar.com\/avatar\/b6992f131dc8d30ab0dff15446e9d346d9dbd95992de0fef795073f5ea83a81c?s=96&d=mm&r=g","contentUrl":"https:\/\/secure.gravatar.com\/avatar\/b6992f131dc8d30ab0dff15446e9d346d9dbd95992de0fef795073f5ea83a81c?s=96&d=mm&r=g","caption":"La Gu\u00eda de Pamplona"}}]}},"post_mailing_queue_ids":[],"_links":{"self":[{"href":"https:\/\/www.laguiadepamplona.com\/actualidad\/wp-json\/wp\/v2\/posts\/52336","targetHints":{"allow":["GET"]}}],"collection":[{"href":"https:\/\/www.laguiadepamplona.com\/actualidad\/wp-json\/wp\/v2\/posts"}],"about":[{"href":"https:\/\/www.laguiadepamplona.com\/actualidad\/wp-json\/wp\/v2\/types\/post"}],"author":[{"embeddable":true,"href":"https:\/\/www.laguiadepamplona.com\/actualidad\/wp-json\/wp\/v2\/users\/1"}],"replies":[{"embeddable":true,"href":"https:\/\/www.laguiadepamplona.com\/actualidad\/wp-json\/wp\/v2\/comments?post=52336"}],"version-history":[{"count":1,"href":"https:\/\/www.laguiadepamplona.com\/actualidad\/wp-json\/wp\/v2\/posts\/52336\/revisions"}],"predecessor-version":[{"id":52338,"href":"https:\/\/www.laguiadepamplona.com\/actualidad\/wp-json\/wp\/v2\/posts\/52336\/revisions\/52338"}],"wp:featuredmedia":[{"embeddable":true,"href":"https:\/\/www.laguiadepamplona.com\/actualidad\/wp-json\/wp\/v2\/media\/52337"}],"wp:attachment":[{"href":"https:\/\/www.laguiadepamplona.com\/actualidad\/wp-json\/wp\/v2\/media?parent=52336"}],"wp:term":[{"taxonomy":"category","embeddable":true,"href":"https:\/\/www.laguiadepamplona.com\/actualidad\/wp-json\/wp\/v2\/categories?post=52336"},{"taxonomy":"post_tag","embeddable":true,"href":"https:\/\/www.laguiadepamplona.com\/actualidad\/wp-json\/wp\/v2\/tags?post=52336"}],"curies":[{"name":"wp","href":"https:\/\/api.w.org\/{rel}","templated":true}]}}