{"id":52333,"date":"2025-03-07T19:15:07","date_gmt":"2025-03-07T17:15:07","guid":{"rendered":"https:\/\/www.laguiadepamplona.com\/actualidad\/?p=52333"},"modified":"2025-03-07T19:15:07","modified_gmt":"2025-03-07T17:15:07","slug":"la-junta-de-escuelas-infantiles-aprueba-incrementar-la-oferta-de-euskera-en-102-plazas-en-el-plazo-de-tres-anos","status":"publish","type":"post","link":"https:\/\/www.laguiadepamplona.com\/actualidad\/la-junta-de-escuelas-infantiles-aprueba-incrementar-la-oferta-de-euskera-en-102-plazas-en-el-plazo-de-tres-anos\/","title":{"rendered":"La Junta de Escuelas Infantiles aprueba incrementar la oferta de euskera en 102 plazas en el plazo de tres a\u00f1os"},"content":{"rendered":"<h2>Mendebaldea, Printzearen Harresi y la futura escuela de San Juan acoger\u00e1n estas plazas, en modelo mixto y con implantaci\u00f3n escalonada, para garantizar que los menores puedan completar el ciclo en la lengua en que lo iniciaron<\/h2>\n<p><!--more--><\/p>\n<p>La Junta de Gobierno de Escuelas Infantiles Municipales de Pamplona ha aprobado esta ma\u00f1ana una propuesta para incrementar la oferta total de plazas en euskera en los pr\u00f3ximos tres a\u00f1os. As\u00ed, para el curso 2027 \u2013 2028, habr\u00e1 102 nuevas plazas en este idioma repartidas en las escuelas infantiles de Mendebaldea, Printzearen Harresi y en el futuro centro que se construir\u00e1 en el solar de la antigua c\u00e1rcel, en San Juan. Las tres escuelas tendr\u00e1n modelo mixto (euskera-castellano) y la implantaci\u00f3n de las nuevas plazas se har\u00e1 de forma escalonada garantizando que los menores que ya est\u00e1n en ellas completen su ciclo en el modelo y el centro elegidos. Con los cambios aprobados hoy por mayor\u00eda, la oferta de plazas en euskera en las Escuelas Infantiles pasar\u00e1 del 24% actual al 31%.<\/p>\n<p>En cuanto al proceso de implementaci\u00f3n, para el pr\u00f3ximo curso 2025 \u2013 2026, se habilitar\u00e1n 59 nuevas plazas en euskera en dos escuelas. La Escuela Infantil Mendebaldea, ahora con modelo en castellano, se convertir\u00e1 en mixta, con plazas tambi\u00e9n en euskera. Se ofertar\u00e1n un total de 43 plazas en euskera y otros tantas en castellano. Las otras 16 nuevas plazas en euskera se generar\u00e1n en la Escuela Infantil Printzearen Harresi. Este curso se ofertaban tres aulas en castellano con actividades en ingl\u00e9s y dos en euskera con actividades en ingl\u00e9s que pasar\u00e1n en 2025-2026 a ser tres en euskera y dos en castellano, ambas con actividades en ingl\u00e9s. El resto de las plazas, 43 de las 102 previstas, se implementar\u00e1 ya en el curso 2027 \u2013 2028 en la escuela infantil que se prev\u00e9 construir en el solar de la antigua c\u00e1rcel. Ser\u00e1 la decimotercera escuela infantil municipal que habr\u00e1 en la ciudad, con una oferta de 86 plazas para menores de 0 a 3 a\u00f1os, la mitad en castellano y la mitad en euskera.<\/p>\n<p>En este curso 2024 \u2013 2025, Escuelas Infantiles ha ofertado 259 plazas en euskera (129 de ellas con actividades en ingl\u00e9s) y 810 plazas en castellano (442 de ellas, con actividades en ingl\u00e9s). En total, 1.065 plazas en las doce escuelas infantiles de la ciudad, con un porcentaje de un 24% de plazas en euskera. Para el curso 2027 \u2013 2028, el n\u00famero de plazas habr\u00e1 aumentado a 1.147, por la nueva escuela en San Juan, y el porcentaje de euskera se situar\u00e1 en un 31%.<\/p>\n","protected":false},"excerpt":{"rendered":"<p>Mendebaldea, Printzearen Harresi y la futura escuela de San Juan acoger\u00e1n estas plazas, en modelo mixto y con implantaci\u00f3n escalonada, para garantizar que los menores puedan completar el ciclo en&#8230;<\/p>\n","protected":false},"author":1,"featured_media":52334,"comment_status":"open","ping_status":"closed","sticky":false,"template":"","format":"standard","meta":{"footnotes":""},"categories":[2],"tags":[],"class_list":["post-52333","post","type-post","status-publish","format-standard","has-post-thumbnail","hentry","category-ayuntamiento-pamplona"],"yoast_head":"<!-- This site is optimized with the Yoast SEO plugin v27.3 - https:\/\/yoast.com\/product\/yoast-seo-wordpress\/ -->\n<title>La Junta de Escuelas Infantiles aprueba incrementar la oferta de euskera en 102 plazas en el plazo de tres a\u00f1os<\/title>\n<meta name=\"description\" content=\"Mendebaldea, Printzearen Harresi y la futura escuela de San Juan acoger\u00e1n estas plazas, en modelo mixto y con implantaci\u00f3n escalonada,\" \/>\n<meta name=\"robots\" content=\"index, follow, max-snippet:-1, max-image-preview:large, max-video-preview:-1\" \/>\n<link rel=\"canonical\" href=\"https:\/\/www.laguiadepamplona.com\/actualidad\/la-junta-de-escuelas-infantiles-aprueba-incrementar-la-oferta-de-euskera-en-102-plazas-en-el-plazo-de-tres-anos\/\" \/>\n<meta property=\"og:locale\" content=\"es_ES\" \/>\n<meta property=\"og:type\" content=\"article\" \/>\n<meta property=\"og:title\" content=\"La Junta de Escuelas Infantiles aprueba incrementar la oferta de euskera en 102 plazas en el plazo de tres a\u00f1os\" \/>\n<meta property=\"og:description\" content=\"Mendebaldea, Printzearen Harresi y la futura escuela de San Juan acoger\u00e1n estas plazas, en modelo mixto y con implantaci\u00f3n escalonada,\" \/>\n<meta property=\"og:url\" content=\"https:\/\/www.laguiadepamplona.com\/actualidad\/la-junta-de-escuelas-infantiles-aprueba-incrementar-la-oferta-de-euskera-en-102-plazas-en-el-plazo-de-tres-anos\/\" \/>\n<meta property=\"og:site_name\" content=\"La Gu\u00eda de Pamplona\" \/>\n<meta property=\"article:publisher\" content=\"https:\/\/www.facebook.com\/laguiadepamplonacom-133175176762273\/?ref=hl\" \/>\n<meta property=\"article:published_time\" content=\"2025-03-07T17:15:07+00:00\" \/>\n<meta property=\"og:image\" content=\"https:\/\/www.laguiadepamplona.com\/actualidad\/wp-content\/uploads\/2025\/03\/eeii_web.webp\" \/>\n\t<meta property=\"og:image:width\" content=\"1000\" \/>\n\t<meta property=\"og:image:height\" content=\"667\" \/>\n\t<meta property=\"og:image:type\" content=\"image\/webp\" \/>\n<meta name=\"author\" content=\"La Gu\u00eda de Pamplona\" \/>\n<meta name=\"twitter:card\" content=\"summary_large_image\" \/>\n<meta name=\"twitter:creator\" content=\"@LaGuiadPamplona\" \/>\n<meta name=\"twitter:site\" content=\"@LaGuiadPamplona\" \/>\n<meta name=\"twitter:label1\" content=\"Escrito por\" \/>\n\t<meta name=\"twitter:data1\" content=\"La Gu\u00eda de Pamplona\" \/>\n\t<meta name=\"twitter:label2\" content=\"Tiempo de lectura\" \/>\n\t<meta name=\"twitter:data2\" content=\"2 minutos\" \/>\n<script type=\"application\/ld+json\" class=\"yoast-schema-graph\">{\"@context\":\"https:\\\/\\\/schema.org\",\"@graph\":[{\"@type\":\"Article\",\"@id\":\"https:\\\/\\\/www.laguiadepamplona.com\\\/actualidad\\\/la-junta-de-escuelas-infantiles-aprueba-incrementar-la-oferta-de-euskera-en-102-plazas-en-el-plazo-de-tres-anos\\\/#article\",\"isPartOf\":{\"@id\":\"https:\\\/\\\/www.laguiadepamplona.com\\\/actualidad\\\/la-junta-de-escuelas-infantiles-aprueba-incrementar-la-oferta-de-euskera-en-102-plazas-en-el-plazo-de-tres-anos\\\/\"},\"author\":{\"name\":\"La Gu\u00eda de Pamplona\",\"@id\":\"https:\\\/\\\/www.laguiadepamplona.com\\\/actualidad\\\/#\\\/schema\\\/person\\\/efe887376f0213d4657c93adc50b1fdb\"},\"headline\":\"La Junta de Escuelas Infantiles aprueba incrementar la oferta de euskera en 102 plazas en el plazo de tres a\u00f1os\",\"datePublished\":\"2025-03-07T17:15:07+00:00\",\"mainEntityOfPage\":{\"@id\":\"https:\\\/\\\/www.laguiadepamplona.com\\\/actualidad\\\/la-junta-de-escuelas-infantiles-aprueba-incrementar-la-oferta-de-euskera-en-102-plazas-en-el-plazo-de-tres-anos\\\/\"},\"wordCount\":440,\"commentCount\":0,\"publisher\":{\"@id\":\"https:\\\/\\\/www.laguiadepamplona.com\\\/actualidad\\\/#organization\"},\"image\":{\"@id\":\"https:\\\/\\\/www.laguiadepamplona.com\\\/actualidad\\\/la-junta-de-escuelas-infantiles-aprueba-incrementar-la-oferta-de-euskera-en-102-plazas-en-el-plazo-de-tres-anos\\\/#primaryimage\"},\"thumbnailUrl\":\"https:\\\/\\\/www.laguiadepamplona.com\\\/actualidad\\\/wp-content\\\/uploads\\\/2025\\\/03\\\/eeii_web.webp\",\"articleSection\":[\"Ayto Pamplona\"],\"inLanguage\":\"es\",\"potentialAction\":[{\"@type\":\"CommentAction\",\"name\":\"Comment\",\"target\":[\"https:\\\/\\\/www.laguiadepamplona.com\\\/actualidad\\\/la-junta-de-escuelas-infantiles-aprueba-incrementar-la-oferta-de-euskera-en-102-plazas-en-el-plazo-de-tres-anos\\\/#respond\"]}]},{\"@type\":\"WebPage\",\"@id\":\"https:\\\/\\\/www.laguiadepamplona.com\\\/actualidad\\\/la-junta-de-escuelas-infantiles-aprueba-incrementar-la-oferta-de-euskera-en-102-plazas-en-el-plazo-de-tres-anos\\\/\",\"url\":\"https:\\\/\\\/www.laguiadepamplona.com\\\/actualidad\\\/la-junta-de-escuelas-infantiles-aprueba-incrementar-la-oferta-de-euskera-en-102-plazas-en-el-plazo-de-tres-anos\\\/\",\"name\":\"La Junta de Escuelas Infantiles aprueba incrementar la oferta de euskera en 102 plazas en el plazo de tres a\u00f1os\",\"isPartOf\":{\"@id\":\"https:\\\/\\\/www.laguiadepamplona.com\\\/actualidad\\\/#website\"},\"primaryImageOfPage\":{\"@id\":\"https:\\\/\\\/www.laguiadepamplona.com\\\/actualidad\\\/la-junta-de-escuelas-infantiles-aprueba-incrementar-la-oferta-de-euskera-en-102-plazas-en-el-plazo-de-tres-anos\\\/#primaryimage\"},\"image\":{\"@id\":\"https:\\\/\\\/www.laguiadepamplona.com\\\/actualidad\\\/la-junta-de-escuelas-infantiles-aprueba-incrementar-la-oferta-de-euskera-en-102-plazas-en-el-plazo-de-tres-anos\\\/#primaryimage\"},\"thumbnailUrl\":\"https:\\\/\\\/www.laguiadepamplona.com\\\/actualidad\\\/wp-content\\\/uploads\\\/2025\\\/03\\\/eeii_web.webp\",\"datePublished\":\"2025-03-07T17:15:07+00:00\",\"description\":\"Mendebaldea, Printzearen Harresi y la futura escuela de San Juan acoger\u00e1n estas plazas, en modelo mixto y con implantaci\u00f3n escalonada,\",\"breadcrumb\":{\"@id\":\"https:\\\/\\\/www.laguiadepamplona.com\\\/actualidad\\\/la-junta-de-escuelas-infantiles-aprueba-incrementar-la-oferta-de-euskera-en-102-plazas-en-el-plazo-de-tres-anos\\\/#breadcrumb\"},\"inLanguage\":\"es\",\"potentialAction\":[{\"@type\":\"ReadAction\",\"target\":[\"https:\\\/\\\/www.laguiadepamplona.com\\\/actualidad\\\/la-junta-de-escuelas-infantiles-aprueba-incrementar-la-oferta-de-euskera-en-102-plazas-en-el-plazo-de-tres-anos\\\/\"]}]},{\"@type\":\"ImageObject\",\"inLanguage\":\"es\",\"@id\":\"https:\\\/\\\/www.laguiadepamplona.com\\\/actualidad\\\/la-junta-de-escuelas-infantiles-aprueba-incrementar-la-oferta-de-euskera-en-102-plazas-en-el-plazo-de-tres-anos\\\/#primaryimage\",\"url\":\"https:\\\/\\\/www.laguiadepamplona.com\\\/actualidad\\\/wp-content\\\/uploads\\\/2025\\\/03\\\/eeii_web.webp\",\"contentUrl\":\"https:\\\/\\\/www.laguiadepamplona.com\\\/actualidad\\\/wp-content\\\/uploads\\\/2025\\\/03\\\/eeii_web.webp\",\"width\":1000,\"height\":667,\"caption\":\"escuelas infantiles\"},{\"@type\":\"BreadcrumbList\",\"@id\":\"https:\\\/\\\/www.laguiadepamplona.com\\\/actualidad\\\/la-junta-de-escuelas-infantiles-aprueba-incrementar-la-oferta-de-euskera-en-102-plazas-en-el-plazo-de-tres-anos\\\/#breadcrumb\",\"itemListElement\":[{\"@type\":\"ListItem\",\"position\":1,\"name\":\"Portada\",\"item\":\"https:\\\/\\\/www.laguiadepamplona.com\\\/actualidad\\\/\"},{\"@type\":\"ListItem\",\"position\":2,\"name\":\"La Junta de Escuelas Infantiles aprueba incrementar la oferta de euskera en 102 plazas en el plazo de tres a\u00f1os\"}]},{\"@type\":\"WebSite\",\"@id\":\"https:\\\/\\\/www.laguiadepamplona.com\\\/actualidad\\\/#website\",\"url\":\"https:\\\/\\\/www.laguiadepamplona.com\\\/actualidad\\\/\",\"name\":\"La gu\u00eda de Pamplona\",\"description\":\"Noticias de Pamplona\",\"publisher\":{\"@id\":\"https:\\\/\\\/www.laguiadepamplona.com\\\/actualidad\\\/#organization\"},\"potentialAction\":[{\"@type\":\"SearchAction\",\"target\":{\"@type\":\"EntryPoint\",\"urlTemplate\":\"https:\\\/\\\/www.laguiadepamplona.com\\\/actualidad\\\/?s={search_term_string}\"},\"query-input\":{\"@type\":\"PropertyValueSpecification\",\"valueRequired\":true,\"valueName\":\"search_term_string\"}}],\"inLanguage\":\"es\"},{\"@type\":\"Organization\",\"@id\":\"https:\\\/\\\/www.laguiadepamplona.com\\\/actualidad\\\/#organization\",\"name\":\"La Gu\u00eda de Pamplona \\\/ Noticias\",\"url\":\"https:\\\/\\\/www.laguiadepamplona.com\\\/actualidad\\\/\",\"logo\":{\"@type\":\"ImageObject\",\"inLanguage\":\"es\",\"@id\":\"https:\\\/\\\/www.laguiadepamplona.com\\\/actualidad\\\/#\\\/schema\\\/logo\\\/image\\\/\",\"url\":\"https:\\\/\\\/www.laguiadepamplona.com\\\/actualidad\\\/wp-content\\\/uploads\\\/2018\\\/11\\\/logo-laguiadepamplona18-web1.png\",\"contentUrl\":\"https:\\\/\\\/www.laguiadepamplona.com\\\/actualidad\\\/wp-content\\\/uploads\\\/2018\\\/11\\\/logo-laguiadepamplona18-web1.png\",\"width\":600,\"height\":196,\"caption\":\"La Gu\u00eda de Pamplona \\\/ Noticias\"},\"image\":{\"@id\":\"https:\\\/\\\/www.laguiadepamplona.com\\\/actualidad\\\/#\\\/schema\\\/logo\\\/image\\\/\"},\"sameAs\":[\"https:\\\/\\\/www.facebook.com\\\/laguiadepamplonacom-133175176762273\\\/?ref=hl\",\"https:\\\/\\\/x.com\\\/LaGuiadPamplona\",\"https:\\\/\\\/www.instagram.com\\\/la_guia_de_pamplona\\\/\",\"https:\\\/\\\/www.youtube.com\\\/user\\\/laguiadepamplona\"]},{\"@type\":\"Person\",\"@id\":\"https:\\\/\\\/www.laguiadepamplona.com\\\/actualidad\\\/#\\\/schema\\\/person\\\/efe887376f0213d4657c93adc50b1fdb\",\"name\":\"La Gu\u00eda de Pamplona\",\"image\":{\"@type\":\"ImageObject\",\"inLanguage\":\"es\",\"@id\":\"https:\\\/\\\/secure.gravatar.com\\\/avatar\\\/b6992f131dc8d30ab0dff15446e9d346d9dbd95992de0fef795073f5ea83a81c?s=96&d=mm&r=g\",\"url\":\"https:\\\/\\\/secure.gravatar.com\\\/avatar\\\/b6992f131dc8d30ab0dff15446e9d346d9dbd95992de0fef795073f5ea83a81c?s=96&d=mm&r=g\",\"contentUrl\":\"https:\\\/\\\/secure.gravatar.com\\\/avatar\\\/b6992f131dc8d30ab0dff15446e9d346d9dbd95992de0fef795073f5ea83a81c?s=96&d=mm&r=g\",\"caption\":\"La Gu\u00eda de Pamplona\"}}]}<\/script>\n<!-- \/ Yoast SEO plugin. -->","yoast_head_json":{"title":"La Junta de Escuelas Infantiles aprueba incrementar la oferta de euskera en 102 plazas en el plazo de tres a\u00f1os","description":"Mendebaldea, Printzearen Harresi y la futura escuela de San Juan acoger\u00e1n estas plazas, en modelo mixto y con implantaci\u00f3n escalonada,","robots":{"index":"index","follow":"follow","max-snippet":"max-snippet:-1","max-image-preview":"max-image-preview:large","max-video-preview":"max-video-preview:-1"},"canonical":"https:\/\/www.laguiadepamplona.com\/actualidad\/la-junta-de-escuelas-infantiles-aprueba-incrementar-la-oferta-de-euskera-en-102-plazas-en-el-plazo-de-tres-anos\/","og_locale":"es_ES","og_type":"article","og_title":"La Junta de Escuelas Infantiles aprueba incrementar la oferta de euskera en 102 plazas en el plazo de tres a\u00f1os","og_description":"Mendebaldea, Printzearen Harresi y la futura escuela de San Juan acoger\u00e1n estas plazas, en modelo mixto y con implantaci\u00f3n escalonada,","og_url":"https:\/\/www.laguiadepamplona.com\/actualidad\/la-junta-de-escuelas-infantiles-aprueba-incrementar-la-oferta-de-euskera-en-102-plazas-en-el-plazo-de-tres-anos\/","og_site_name":"La Gu\u00eda de Pamplona","article_publisher":"https:\/\/www.facebook.com\/laguiadepamplonacom-133175176762273\/?ref=hl","article_published_time":"2025-03-07T17:15:07+00:00","og_image":[{"width":1000,"height":667,"url":"https:\/\/www.laguiadepamplona.com\/actualidad\/wp-content\/uploads\/2025\/03\/eeii_web.webp","type":"image\/webp"}],"author":"La Gu\u00eda de Pamplona","twitter_card":"summary_large_image","twitter_creator":"@LaGuiadPamplona","twitter_site":"@LaGuiadPamplona","twitter_misc":{"Escrito por":"La Gu\u00eda de Pamplona","Tiempo de lectura":"2 minutos"},"schema":{"@context":"https:\/\/schema.org","@graph":[{"@type":"Article","@id":"https:\/\/www.laguiadepamplona.com\/actualidad\/la-junta-de-escuelas-infantiles-aprueba-incrementar-la-oferta-de-euskera-en-102-plazas-en-el-plazo-de-tres-anos\/#article","isPartOf":{"@id":"https:\/\/www.laguiadepamplona.com\/actualidad\/la-junta-de-escuelas-infantiles-aprueba-incrementar-la-oferta-de-euskera-en-102-plazas-en-el-plazo-de-tres-anos\/"},"author":{"name":"La Gu\u00eda de Pamplona","@id":"https:\/\/www.laguiadepamplona.com\/actualidad\/#\/schema\/person\/efe887376f0213d4657c93adc50b1fdb"},"headline":"La Junta de Escuelas Infantiles aprueba incrementar la oferta de euskera en 102 plazas en el plazo de tres a\u00f1os","datePublished":"2025-03-07T17:15:07+00:00","mainEntityOfPage":{"@id":"https:\/\/www.laguiadepamplona.com\/actualidad\/la-junta-de-escuelas-infantiles-aprueba-incrementar-la-oferta-de-euskera-en-102-plazas-en-el-plazo-de-tres-anos\/"},"wordCount":440,"commentCount":0,"publisher":{"@id":"https:\/\/www.laguiadepamplona.com\/actualidad\/#organization"},"image":{"@id":"https:\/\/www.laguiadepamplona.com\/actualidad\/la-junta-de-escuelas-infantiles-aprueba-incrementar-la-oferta-de-euskera-en-102-plazas-en-el-plazo-de-tres-anos\/#primaryimage"},"thumbnailUrl":"https:\/\/www.laguiadepamplona.com\/actualidad\/wp-content\/uploads\/2025\/03\/eeii_web.webp","articleSection":["Ayto Pamplona"],"inLanguage":"es","potentialAction":[{"@type":"CommentAction","name":"Comment","target":["https:\/\/www.laguiadepamplona.com\/actualidad\/la-junta-de-escuelas-infantiles-aprueba-incrementar-la-oferta-de-euskera-en-102-plazas-en-el-plazo-de-tres-anos\/#respond"]}]},{"@type":"WebPage","@id":"https:\/\/www.laguiadepamplona.com\/actualidad\/la-junta-de-escuelas-infantiles-aprueba-incrementar-la-oferta-de-euskera-en-102-plazas-en-el-plazo-de-tres-anos\/","url":"https:\/\/www.laguiadepamplona.com\/actualidad\/la-junta-de-escuelas-infantiles-aprueba-incrementar-la-oferta-de-euskera-en-102-plazas-en-el-plazo-de-tres-anos\/","name":"La Junta de Escuelas Infantiles aprueba incrementar la oferta de euskera en 102 plazas en el plazo de tres a\u00f1os","isPartOf":{"@id":"https:\/\/www.laguiadepamplona.com\/actualidad\/#website"},"primaryImageOfPage":{"@id":"https:\/\/www.laguiadepamplona.com\/actualidad\/la-junta-de-escuelas-infantiles-aprueba-incrementar-la-oferta-de-euskera-en-102-plazas-en-el-plazo-de-tres-anos\/#primaryimage"},"image":{"@id":"https:\/\/www.laguiadepamplona.com\/actualidad\/la-junta-de-escuelas-infantiles-aprueba-incrementar-la-oferta-de-euskera-en-102-plazas-en-el-plazo-de-tres-anos\/#primaryimage"},"thumbnailUrl":"https:\/\/www.laguiadepamplona.com\/actualidad\/wp-content\/uploads\/2025\/03\/eeii_web.webp","datePublished":"2025-03-07T17:15:07+00:00","description":"Mendebaldea, Printzearen Harresi y la futura escuela de San Juan acoger\u00e1n estas plazas, en modelo mixto y con implantaci\u00f3n escalonada,","breadcrumb":{"@id":"https:\/\/www.laguiadepamplona.com\/actualidad\/la-junta-de-escuelas-infantiles-aprueba-incrementar-la-oferta-de-euskera-en-102-plazas-en-el-plazo-de-tres-anos\/#breadcrumb"},"inLanguage":"es","potentialAction":[{"@type":"ReadAction","target":["https:\/\/www.laguiadepamplona.com\/actualidad\/la-junta-de-escuelas-infantiles-aprueba-incrementar-la-oferta-de-euskera-en-102-plazas-en-el-plazo-de-tres-anos\/"]}]},{"@type":"ImageObject","inLanguage":"es","@id":"https:\/\/www.laguiadepamplona.com\/actualidad\/la-junta-de-escuelas-infantiles-aprueba-incrementar-la-oferta-de-euskera-en-102-plazas-en-el-plazo-de-tres-anos\/#primaryimage","url":"https:\/\/www.laguiadepamplona.com\/actualidad\/wp-content\/uploads\/2025\/03\/eeii_web.webp","contentUrl":"https:\/\/www.laguiadepamplona.com\/actualidad\/wp-content\/uploads\/2025\/03\/eeii_web.webp","width":1000,"height":667,"caption":"escuelas infantiles"},{"@type":"BreadcrumbList","@id":"https:\/\/www.laguiadepamplona.com\/actualidad\/la-junta-de-escuelas-infantiles-aprueba-incrementar-la-oferta-de-euskera-en-102-plazas-en-el-plazo-de-tres-anos\/#breadcrumb","itemListElement":[{"@type":"ListItem","position":1,"name":"Portada","item":"https:\/\/www.laguiadepamplona.com\/actualidad\/"},{"@type":"ListItem","position":2,"name":"La Junta de Escuelas Infantiles aprueba incrementar la oferta de euskera en 102 plazas en el plazo de tres a\u00f1os"}]},{"@type":"WebSite","@id":"https:\/\/www.laguiadepamplona.com\/actualidad\/#website","url":"https:\/\/www.laguiadepamplona.com\/actualidad\/","name":"La gu\u00eda de Pamplona","description":"Noticias de Pamplona","publisher":{"@id":"https:\/\/www.laguiadepamplona.com\/actualidad\/#organization"},"potentialAction":[{"@type":"SearchAction","target":{"@type":"EntryPoint","urlTemplate":"https:\/\/www.laguiadepamplona.com\/actualidad\/?s={search_term_string}"},"query-input":{"@type":"PropertyValueSpecification","valueRequired":true,"valueName":"search_term_string"}}],"inLanguage":"es"},{"@type":"Organization","@id":"https:\/\/www.laguiadepamplona.com\/actualidad\/#organization","name":"La Gu\u00eda de Pamplona \/ Noticias","url":"https:\/\/www.laguiadepamplona.com\/actualidad\/","logo":{"@type":"ImageObject","inLanguage":"es","@id":"https:\/\/www.laguiadepamplona.com\/actualidad\/#\/schema\/logo\/image\/","url":"https:\/\/www.laguiadepamplona.com\/actualidad\/wp-content\/uploads\/2018\/11\/logo-laguiadepamplona18-web1.png","contentUrl":"https:\/\/www.laguiadepamplona.com\/actualidad\/wp-content\/uploads\/2018\/11\/logo-laguiadepamplona18-web1.png","width":600,"height":196,"caption":"La Gu\u00eda de Pamplona \/ Noticias"},"image":{"@id":"https:\/\/www.laguiadepamplona.com\/actualidad\/#\/schema\/logo\/image\/"},"sameAs":["https:\/\/www.facebook.com\/laguiadepamplonacom-133175176762273\/?ref=hl","https:\/\/x.com\/LaGuiadPamplona","https:\/\/www.instagram.com\/la_guia_de_pamplona\/","https:\/\/www.youtube.com\/user\/laguiadepamplona"]},{"@type":"Person","@id":"https:\/\/www.laguiadepamplona.com\/actualidad\/#\/schema\/person\/efe887376f0213d4657c93adc50b1fdb","name":"La Gu\u00eda de Pamplona","image":{"@type":"ImageObject","inLanguage":"es","@id":"https:\/\/secure.gravatar.com\/avatar\/b6992f131dc8d30ab0dff15446e9d346d9dbd95992de0fef795073f5ea83a81c?s=96&d=mm&r=g","url":"https:\/\/secure.gravatar.com\/avatar\/b6992f131dc8d30ab0dff15446e9d346d9dbd95992de0fef795073f5ea83a81c?s=96&d=mm&r=g","contentUrl":"https:\/\/secure.gravatar.com\/avatar\/b6992f131dc8d30ab0dff15446e9d346d9dbd95992de0fef795073f5ea83a81c?s=96&d=mm&r=g","caption":"La Gu\u00eda de Pamplona"}}]}},"post_mailing_queue_ids":[],"_links":{"self":[{"href":"https:\/\/www.laguiadepamplona.com\/actualidad\/wp-json\/wp\/v2\/posts\/52333","targetHints":{"allow":["GET"]}}],"collection":[{"href":"https:\/\/www.laguiadepamplona.com\/actualidad\/wp-json\/wp\/v2\/posts"}],"about":[{"href":"https:\/\/www.laguiadepamplona.com\/actualidad\/wp-json\/wp\/v2\/types\/post"}],"author":[{"embeddable":true,"href":"https:\/\/www.laguiadepamplona.com\/actualidad\/wp-json\/wp\/v2\/users\/1"}],"replies":[{"embeddable":true,"href":"https:\/\/www.laguiadepamplona.com\/actualidad\/wp-json\/wp\/v2\/comments?post=52333"}],"version-history":[{"count":1,"href":"https:\/\/www.laguiadepamplona.com\/actualidad\/wp-json\/wp\/v2\/posts\/52333\/revisions"}],"predecessor-version":[{"id":52335,"href":"https:\/\/www.laguiadepamplona.com\/actualidad\/wp-json\/wp\/v2\/posts\/52333\/revisions\/52335"}],"wp:featuredmedia":[{"embeddable":true,"href":"https:\/\/www.laguiadepamplona.com\/actualidad\/wp-json\/wp\/v2\/media\/52334"}],"wp:attachment":[{"href":"https:\/\/www.laguiadepamplona.com\/actualidad\/wp-json\/wp\/v2\/media?parent=52333"}],"wp:term":[{"taxonomy":"category","embeddable":true,"href":"https:\/\/www.laguiadepamplona.com\/actualidad\/wp-json\/wp\/v2\/categories?post=52333"},{"taxonomy":"post_tag","embeddable":true,"href":"https:\/\/www.laguiadepamplona.com\/actualidad\/wp-json\/wp\/v2\/tags?post=52333"}],"curies":[{"name":"wp","href":"https:\/\/api.w.org\/{rel}","templated":true}]}}